{"id":79784,"date":"2016-06-17T00:21:28","date_gmt":"2016-06-16T22:21:28","guid":{"rendered":"http:\/\/eldigitaldeasturias.com\/magazine365\/?p=79784"},"modified":"2016-06-17T00:21:28","modified_gmt":"2016-06-16T22:21:28","slug":"la-xunta-destinara-unos-320-000-euros-a-mejorar-las-dotaciones-del-centro-de-acogida-al-peregrino","status":"publish","type":"post","link":"https:\/\/eldigitaldeasturias.com\/magazine365\/la-xunta-destinara-unos-320-000-euros-a-mejorar-las-dotaciones-del-centro-de-acogida-al-peregrino\/","title":{"rendered":"La Xunta destinar\u00e1 unos 320.000 euros a mejorar las dotaciones del Centro de Acogida al Peregrino"},"content":{"rendered":"<p><img fetchpriority=\"high\" decoding=\"async\" class=\"alignleft size-medium wp-image-79785\" src=\"https:\/\/eldigitaldeasturias.com\/magazine365\/wp-content\/uploads\/2016\/06\/fotonoticia_20160616190151_800-360x240.jpg\" alt=\"fotonoticia_20160616190151_800\" width=\"360\" height=\"240\" srcset=\"https:\/\/eldigitaldeasturias.com\/magazine365\/wp-content\/uploads\/2016\/06\/fotonoticia_20160616190151_800-360x240.jpg 360w, https:\/\/eldigitaldeasturias.com\/magazine365\/wp-content\/uploads\/2016\/06\/fotonoticia_20160616190151_800-650x433.jpg 650w, https:\/\/eldigitaldeasturias.com\/magazine365\/wp-content\/uploads\/2016\/06\/fotonoticia_20160616190151_800-768x512.jpg 768w, https:\/\/eldigitaldeasturias.com\/magazine365\/wp-content\/uploads\/2016\/06\/fotonoticia_20160616190151_800-150x100.jpg 150w, https:\/\/eldigitaldeasturias.com\/magazine365\/wp-content\/uploads\/2016\/06\/fotonoticia_20160616190151_800-450x300.jpg 450w, https:\/\/eldigitaldeasturias.com\/magazine365\/wp-content\/uploads\/2016\/06\/fotonoticia_20160616190151_800-101x66.jpg 101w, https:\/\/eldigitaldeasturias.com\/magazine365\/wp-content\/uploads\/2016\/06\/fotonoticia_20160616190151_800.jpg 800w\" sizes=\"(max-width: 360px) 100vw, 360px\" \/>El presidente de la Xunta, Alberto N\u00fa\u00f1ez Feji\u00f3o, ha informado de que el Gobierno gallego destinar\u00e1 unos 320.000 euros a la Fundaci\u00f3n Catedral de Santiago para la ejecuci\u00f3n de una obra de rehabilitaci\u00f3n de espacios en la primera planta del Centro Internacional de Acogida al Peregrino, ubicado en la calle Carretas de Santiago.<\/p>\n<p>En la rueda de prensa posterior a la reuni\u00f3n semanal de su Ejecutivo, Feij\u00f3o ha explicado que el objetivo es dotar al centro de una \u00abzona administrativa\u00bb de apoyo a la biblioteca, de un espacio de atenci\u00f3n a las asociaciones de Amigos del Camino y de un \u00e1rea que permitir\u00e1 el funcionamiento de la C\u00e1tedra que la Universidade de Santiago (USC) y otras entidades proyectan alrededor del Camino y la peregrinaci\u00f3n.<\/p>\n<p>Para todo ello, el Consello ha aprobado este jueves el convenio, a trav\u00e9s del cual Turismo de Galicia subvencionar\u00e1 el 100% de los trabajos que se vayan a realizar y cuya vigencia se extiende hasta noviembre de este a\u00f1o, fecha en la que se prev\u00e9 que las obras est\u00e9n ejecutadas.<\/p>\n<p>Esta inversi\u00f3n, tal y como ha recordado Feij\u00f3o, se suma a la 1,5 millones de euros que la Administraci\u00f3n auton\u00f3mica destin\u00f3 a las obras de rehabilitaci\u00f3n de este inmueble para su puesta en marcha a finales de octubre de 2015 en el edificio del antiguo asilo de ancianos de la calle Carretas.<\/p>\n<p>El objetivo de las actuaciones es concentrar en este edificio, a pocos metros de la Praza do Obradoiro, meta del Camino, todos los servicios de atenci\u00f3n al peregrino.<\/p>\n","protected":false},"excerpt":{"rendered":"<p>El presidente de la Xunta, Alberto N\u00fa\u00f1ez Feji\u00f3o, ha informado de que el Gobierno gallego destinar\u00e1 unos 320.000 euros a la Fundaci\u00f3n Catedral de Santiago para la ejecuci\u00f3n de una obra de rehabilitaci\u00f3n de espacios en la primera planta del Centro Internacional de Acogida al Peregrino, ubicado en la calle Carretas de Santiago. En la<\/p>\n","protected":false},"author":1,"featured_media":79785,"comment_status":"open","ping_status":"closed","sticky":false,"template":"","format":"standard","meta":{"footnotes":""},"categories":[224],"tags":[],"class_list":{"0":"post-79784","1":"post","2":"type-post","3":"status-publish","4":"format-standard","5":"has-post-thumbnail","7":"category-noticias-actualidad"},"aioseo_notices":[],"aioseo_head":"\n\t\t<!-- All in One SEO Pro 4.9.6.1 - aioseo.com -->\n\t<meta name=\"description\" content=\"El presidente de la Xunta, Alberto N\u00fa\u00f1ez Feji\u00f3o, ha informado de que el Gobierno gallego destinar\u00e1 unos 320.000 euros a la Fundaci\u00f3n Catedral de Santiago para la ejecuci\u00f3n de una obra de rehabilitaci\u00f3n de espacios en la primera planta del Centro Internacional de Acogida al Peregrino, ubicado en la calle Carretas de Santiago. En la\" \/>\n\t<meta name=\"robots\" content=\"max-image-preview:large\" \/>\n\t<meta name=\"author\" content=\"admin\"\/>\n\t<meta name=\"google-site-verification\" content=\"UA-38556648-1\" \/>\n\t<meta name=\"keywords\" content=\"noticias y actualidad\" \/>\n\t<link rel=\"canonical\" href=\"https:\/\/eldigitaldeasturias.com\/magazine365\/la-xunta-destinara-unos-320-000-euros-a-mejorar-las-dotaciones-del-centro-de-acogida-al-peregrino\/\" \/>\n\t<meta name=\"generator\" content=\"All in One SEO Pro (AIOSEO) 4.9.6.1\" \/>\n\t\t<meta property=\"og:locale\" content=\"es_ES\" \/>\n\t\t<meta property=\"og:site_name\" content=\"El Digital de Asturias \u2013 Revista de ocio, turismo y estilo de vida\" \/>\n\t\t<meta property=\"og:type\" content=\"article\" \/>\n\t\t<meta property=\"og:title\" content=\"La Xunta destinar\u00e1 unos 320.000 euros a mejorar las dotaciones del Centro de Acogida al Peregrino | El Digital de Asturias\" \/>\n\t\t<meta property=\"og:description\" content=\"El presidente de la Xunta, Alberto N\u00fa\u00f1ez Feji\u00f3o, ha informado de que el Gobierno gallego destinar\u00e1 unos 320.000 euros a la Fundaci\u00f3n Catedral de Santiago para la ejecuci\u00f3n de una obra de rehabilitaci\u00f3n de espacios en la primera planta del Centro Internacional de Acogida al Peregrino, ubicado en la calle Carretas de Santiago. En la\" \/>\n\t\t<meta property=\"og:url\" content=\"https:\/\/eldigitaldeasturias.com\/magazine365\/la-xunta-destinara-unos-320-000-euros-a-mejorar-las-dotaciones-del-centro-de-acogida-al-peregrino\/\" \/>\n\t\t<meta property=\"og:image\" content=\"https:\/\/eldigitaldeasturias.com\/magazine365\/wp-content\/uploads\/2016\/06\/fotonoticia_20160616190151_800.jpg\" \/>\n\t\t<meta property=\"og:image:secure_url\" content=\"https:\/\/eldigitaldeasturias.com\/magazine365\/wp-content\/uploads\/2016\/06\/fotonoticia_20160616190151_800.jpg\" \/>\n\t\t<meta property=\"og:image:width\" content=\"800\" \/>\n\t\t<meta property=\"og:image:height\" content=\"533\" \/>\n\t\t<meta property=\"article:published_time\" content=\"2016-06-16T22:21:28+00:00\" \/>\n\t\t<meta property=\"article:modified_time\" content=\"2016-06-16T22:21:28+00:00\" \/>\n\t\t<meta name=\"twitter:card\" content=\"summary_large_image\" \/>\n\t\t<meta name=\"twitter:title\" content=\"La Xunta destinar\u00e1 unos 320.000 euros a mejorar las dotaciones del Centro de Acogida al Peregrino | El Digital de Asturias\" \/>\n\t\t<meta name=\"twitter:description\" content=\"El presidente de la Xunta, Alberto N\u00fa\u00f1ez Feji\u00f3o, ha informado de que el Gobierno gallego destinar\u00e1 unos 320.000 euros a la Fundaci\u00f3n Catedral de Santiago para la ejecuci\u00f3n de una obra de rehabilitaci\u00f3n de espacios en la primera planta del Centro Internacional de Acogida al Peregrino, ubicado en la calle Carretas de Santiago. En la\" \/>\n\t\t<meta name=\"twitter:image\" content=\"https:\/\/eldigitaldeasturias.com\/magazine365\/wp-content\/uploads\/2016\/06\/fotonoticia_20160616190151_800.jpg\" \/>\n\t\t<script type=\"application\/ld+json\" class=\"aioseo-schema\">\n\t\t\t{\"@context\":\"https:\\\/\\\/schema.org\",\"@graph\":[{\"@type\":\"Article\",\"@id\":\"https:\\\/\\\/eldigitaldeasturias.com\\\/magazine365\\\/la-xunta-destinara-unos-320-000-euros-a-mejorar-las-dotaciones-del-centro-de-acogida-al-peregrino\\\/#article\",\"name\":\"La Xunta destinar\\u00e1 unos 320.000 euros a mejorar las dotaciones del Centro de Acogida al Peregrino | El Digital de Asturias\",\"headline\":\"La Xunta destinar\\u00e1 unos 320.000 euros a mejorar las dotaciones del Centro de Acogida al Peregrino\",\"author\":{\"@id\":\"https:\\\/\\\/eldigitaldeasturias.com\\\/magazine365\\\/author\\\/admin\\\/#author\"},\"publisher\":{\"@id\":\"https:\\\/\\\/eldigitaldeasturias.com\\\/magazine365\\\/#organization\"},\"image\":{\"@type\":\"ImageObject\",\"url\":\"https:\\\/\\\/eldigitaldeasturias.com\\\/magazine365\\\/wp-content\\\/uploads\\\/2016\\\/06\\\/fotonoticia_20160616190151_800.jpg\",\"width\":800,\"height\":533},\"datePublished\":\"2016-06-17T00:21:28+02:00\",\"dateModified\":\"2016-06-17T00:21:28+02:00\",\"inLanguage\":\"es-ES\",\"mainEntityOfPage\":{\"@id\":\"https:\\\/\\\/eldigitaldeasturias.com\\\/magazine365\\\/la-xunta-destinara-unos-320-000-euros-a-mejorar-las-dotaciones-del-centro-de-acogida-al-peregrino\\\/#webpage\"},\"isPartOf\":{\"@id\":\"https:\\\/\\\/eldigitaldeasturias.com\\\/magazine365\\\/la-xunta-destinara-unos-320-000-euros-a-mejorar-las-dotaciones-del-centro-de-acogida-al-peregrino\\\/#webpage\"},\"articleSection\":\"Noticias y Actualidad\"},{\"@type\":\"BreadcrumbList\",\"@id\":\"https:\\\/\\\/eldigitaldeasturias.com\\\/magazine365\\\/la-xunta-destinara-unos-320-000-euros-a-mejorar-las-dotaciones-del-centro-de-acogida-al-peregrino\\\/#breadcrumblist\",\"itemListElement\":[{\"@type\":\"ListItem\",\"@id\":\"https:\\\/\\\/eldigitaldeasturias.com\\\/magazine365#listItem\",\"position\":1,\"name\":\"Home\",\"item\":\"https:\\\/\\\/eldigitaldeasturias.com\\\/magazine365\",\"nextItem\":{\"@type\":\"ListItem\",\"@id\":\"https:\\\/\\\/eldigitaldeasturias.com\\\/magazine365\\\/category\\\/noticias-actualidad\\\/#listItem\",\"name\":\"Noticias y Actualidad\"}},{\"@type\":\"ListItem\",\"@id\":\"https:\\\/\\\/eldigitaldeasturias.com\\\/magazine365\\\/category\\\/noticias-actualidad\\\/#listItem\",\"position\":2,\"name\":\"Noticias y Actualidad\",\"item\":\"https:\\\/\\\/eldigitaldeasturias.com\\\/magazine365\\\/category\\\/noticias-actualidad\\\/\",\"nextItem\":{\"@type\":\"ListItem\",\"@id\":\"https:\\\/\\\/eldigitaldeasturias.com\\\/magazine365\\\/la-xunta-destinara-unos-320-000-euros-a-mejorar-las-dotaciones-del-centro-de-acogida-al-peregrino\\\/#listItem\",\"name\":\"La Xunta destinar\\u00e1 unos 320.000 euros a mejorar las dotaciones del Centro de Acogida al Peregrino\"},\"previousItem\":{\"@type\":\"ListItem\",\"@id\":\"https:\\\/\\\/eldigitaldeasturias.com\\\/magazine365#listItem\",\"name\":\"Home\"}},{\"@type\":\"ListItem\",\"@id\":\"https:\\\/\\\/eldigitaldeasturias.com\\\/magazine365\\\/la-xunta-destinara-unos-320-000-euros-a-mejorar-las-dotaciones-del-centro-de-acogida-al-peregrino\\\/#listItem\",\"position\":3,\"name\":\"La Xunta destinar\\u00e1 unos 320.000 euros a mejorar las dotaciones del Centro de Acogida al Peregrino\",\"previousItem\":{\"@type\":\"ListItem\",\"@id\":\"https:\\\/\\\/eldigitaldeasturias.com\\\/magazine365\\\/category\\\/noticias-actualidad\\\/#listItem\",\"name\":\"Noticias y Actualidad\"}}]},{\"@type\":\"Organization\",\"@id\":\"https:\\\/\\\/eldigitaldeasturias.com\\\/magazine365\\\/#organization\",\"name\":\"El digital de Asturias\",\"description\":\"Revista de ocio, turismo y estilo de vida\",\"url\":\"https:\\\/\\\/eldigitaldeasturias.com\\\/magazine365\\\/\",\"logo\":{\"@type\":\"ImageObject\",\"url\":\"https:\\\/\\\/www.eldigitaldeasturias.com\\\/noticias\\\/wp-content\\\/uploads\\\/2020\\\/12\\\/EDA.jpg\",\"@id\":\"https:\\\/\\\/eldigitaldeasturias.com\\\/magazine365\\\/la-xunta-destinara-unos-320-000-euros-a-mejorar-las-dotaciones-del-centro-de-acogida-al-peregrino\\\/#organizationLogo\"},\"image\":{\"@id\":\"https:\\\/\\\/eldigitaldeasturias.com\\\/magazine365\\\/la-xunta-destinara-unos-320-000-euros-a-mejorar-las-dotaciones-del-centro-de-acogida-al-peregrino\\\/#organizationLogo\"}},{\"@type\":\"Person\",\"@id\":\"https:\\\/\\\/eldigitaldeasturias.com\\\/magazine365\\\/author\\\/admin\\\/#author\",\"url\":\"https:\\\/\\\/eldigitaldeasturias.com\\\/magazine365\\\/author\\\/admin\\\/\",\"name\":\"admin\",\"image\":{\"@type\":\"ImageObject\",\"@id\":\"https:\\\/\\\/eldigitaldeasturias.com\\\/magazine365\\\/la-xunta-destinara-unos-320-000-euros-a-mejorar-las-dotaciones-del-centro-de-acogida-al-peregrino\\\/#authorImage\",\"url\":\"https:\\\/\\\/eldigitaldeasturias.com\\\/magazine365\\\/wp-content\\\/litespeed\\\/avatar\\\/e571bcf59a0edd6fa6838245a470f2fe.jpg?ver=1776969259\",\"width\":96,\"height\":96,\"caption\":\"admin\"}},{\"@type\":\"WebPage\",\"@id\":\"https:\\\/\\\/eldigitaldeasturias.com\\\/magazine365\\\/la-xunta-destinara-unos-320-000-euros-a-mejorar-las-dotaciones-del-centro-de-acogida-al-peregrino\\\/#webpage\",\"url\":\"https:\\\/\\\/eldigitaldeasturias.com\\\/magazine365\\\/la-xunta-destinara-unos-320-000-euros-a-mejorar-las-dotaciones-del-centro-de-acogida-al-peregrino\\\/\",\"name\":\"La Xunta destinar\\u00e1 unos 320.000 euros a mejorar las dotaciones del Centro de Acogida al Peregrino | El Digital de Asturias\",\"description\":\"El presidente de la Xunta, Alberto N\\u00fa\\u00f1ez Feji\\u00f3o, ha informado de que el Gobierno gallego destinar\\u00e1 unos 320.000 euros a la Fundaci\\u00f3n Catedral de Santiago para la ejecuci\\u00f3n de una obra de rehabilitaci\\u00f3n de espacios en la primera planta del Centro Internacional de Acogida al Peregrino, ubicado en la calle Carretas de Santiago. En la\",\"inLanguage\":\"es-ES\",\"isPartOf\":{\"@id\":\"https:\\\/\\\/eldigitaldeasturias.com\\\/magazine365\\\/#website\"},\"breadcrumb\":{\"@id\":\"https:\\\/\\\/eldigitaldeasturias.com\\\/magazine365\\\/la-xunta-destinara-unos-320-000-euros-a-mejorar-las-dotaciones-del-centro-de-acogida-al-peregrino\\\/#breadcrumblist\"},\"author\":{\"@id\":\"https:\\\/\\\/eldigitaldeasturias.com\\\/magazine365\\\/author\\\/admin\\\/#author\"},\"creator\":{\"@id\":\"https:\\\/\\\/eldigitaldeasturias.com\\\/magazine365\\\/author\\\/admin\\\/#author\"},\"image\":{\"@type\":\"ImageObject\",\"url\":\"https:\\\/\\\/eldigitaldeasturias.com\\\/magazine365\\\/wp-content\\\/uploads\\\/2016\\\/06\\\/fotonoticia_20160616190151_800.jpg\",\"@id\":\"https:\\\/\\\/eldigitaldeasturias.com\\\/magazine365\\\/la-xunta-destinara-unos-320-000-euros-a-mejorar-las-dotaciones-del-centro-de-acogida-al-peregrino\\\/#mainImage\",\"width\":800,\"height\":533},\"primaryImageOfPage\":{\"@id\":\"https:\\\/\\\/eldigitaldeasturias.com\\\/magazine365\\\/la-xunta-destinara-unos-320-000-euros-a-mejorar-las-dotaciones-del-centro-de-acogida-al-peregrino\\\/#mainImage\"},\"datePublished\":\"2016-06-17T00:21:28+02:00\",\"dateModified\":\"2016-06-17T00:21:28+02:00\"},{\"@type\":\"WebSite\",\"@id\":\"https:\\\/\\\/eldigitaldeasturias.com\\\/magazine365\\\/#website\",\"url\":\"https:\\\/\\\/eldigitaldeasturias.com\\\/magazine365\\\/\",\"name\":\"El Digital de Asturias\",\"description\":\"Revista de ocio, turismo y estilo de vida\",\"inLanguage\":\"es-ES\",\"publisher\":{\"@id\":\"https:\\\/\\\/eldigitaldeasturias.com\\\/magazine365\\\/#organization\"}}]}\n\t\t<\/script>\n\t\t<!-- All in One SEO Pro -->\r\n\t\t<title>La Xunta destinar\u00e1 unos 320.000 euros a mejorar las dotaciones del Centro de Acogida al Peregrino | El Digital de Asturias<\/title>\n\n","aioseo_head_json":{"title":"La Xunta destinar\u00e1 unos 320.000 euros a mejorar las dotaciones del Centro de Acogida al Peregrino | El Digital de Asturias","description":"El presidente de la Xunta, Alberto N\u00fa\u00f1ez Feji\u00f3o, ha informado de que el Gobierno gallego destinar\u00e1 unos 320.000 euros a la Fundaci\u00f3n Catedral de Santiago para la ejecuci\u00f3n de una obra de rehabilitaci\u00f3n de espacios en la primera planta del Centro Internacional de Acogida al Peregrino, ubicado en la calle Carretas de Santiago. En la","canonical_url":"https:\/\/eldigitaldeasturias.com\/magazine365\/la-xunta-destinara-unos-320-000-euros-a-mejorar-las-dotaciones-del-centro-de-acogida-al-peregrino\/","robots":"max-image-preview:large","keywords":"noticias y actualidad","webmasterTools":{"google-site-verification":"UA-38556648-1","miscellaneous":""},"schema":{"@context":"https:\/\/schema.org","@graph":[{"@type":"Article","@id":"https:\/\/eldigitaldeasturias.com\/magazine365\/la-xunta-destinara-unos-320-000-euros-a-mejorar-las-dotaciones-del-centro-de-acogida-al-peregrino\/#article","name":"La Xunta destinar\u00e1 unos 320.000 euros a mejorar las dotaciones del Centro de Acogida al Peregrino | El Digital de Asturias","headline":"La Xunta destinar\u00e1 unos 320.000 euros a mejorar las dotaciones del Centro de Acogida al Peregrino","author":{"@id":"https:\/\/eldigitaldeasturias.com\/magazine365\/author\/admin\/#author"},"publisher":{"@id":"https:\/\/eldigitaldeasturias.com\/magazine365\/#organization"},"image":{"@type":"ImageObject","url":"https:\/\/eldigitaldeasturias.com\/magazine365\/wp-content\/uploads\/2016\/06\/fotonoticia_20160616190151_800.jpg","width":800,"height":533},"datePublished":"2016-06-17T00:21:28+02:00","dateModified":"2016-06-17T00:21:28+02:00","inLanguage":"es-ES","mainEntityOfPage":{"@id":"https:\/\/eldigitaldeasturias.com\/magazine365\/la-xunta-destinara-unos-320-000-euros-a-mejorar-las-dotaciones-del-centro-de-acogida-al-peregrino\/#webpage"},"isPartOf":{"@id":"https:\/\/eldigitaldeasturias.com\/magazine365\/la-xunta-destinara-unos-320-000-euros-a-mejorar-las-dotaciones-del-centro-de-acogida-al-peregrino\/#webpage"},"articleSection":"Noticias y Actualidad"},{"@type":"BreadcrumbList","@id":"https:\/\/eldigitaldeasturias.com\/magazine365\/la-xunta-destinara-unos-320-000-euros-a-mejorar-las-dotaciones-del-centro-de-acogida-al-peregrino\/#breadcrumblist","itemListElement":[{"@type":"ListItem","@id":"https:\/\/eldigitaldeasturias.com\/magazine365#listItem","position":1,"name":"Home","item":"https:\/\/eldigitaldeasturias.com\/magazine365","nextItem":{"@type":"ListItem","@id":"https:\/\/eldigitaldeasturias.com\/magazine365\/category\/noticias-actualidad\/#listItem","name":"Noticias y Actualidad"}},{"@type":"ListItem","@id":"https:\/\/eldigitaldeasturias.com\/magazine365\/category\/noticias-actualidad\/#listItem","position":2,"name":"Noticias y Actualidad","item":"https:\/\/eldigitaldeasturias.com\/magazine365\/category\/noticias-actualidad\/","nextItem":{"@type":"ListItem","@id":"https:\/\/eldigitaldeasturias.com\/magazine365\/la-xunta-destinara-unos-320-000-euros-a-mejorar-las-dotaciones-del-centro-de-acogida-al-peregrino\/#listItem","name":"La Xunta destinar\u00e1 unos 320.000 euros a mejorar las dotaciones del Centro de Acogida al Peregrino"},"previousItem":{"@type":"ListItem","@id":"https:\/\/eldigitaldeasturias.com\/magazine365#listItem","name":"Home"}},{"@type":"ListItem","@id":"https:\/\/eldigitaldeasturias.com\/magazine365\/la-xunta-destinara-unos-320-000-euros-a-mejorar-las-dotaciones-del-centro-de-acogida-al-peregrino\/#listItem","position":3,"name":"La Xunta destinar\u00e1 unos 320.000 euros a mejorar las dotaciones del Centro de Acogida al Peregrino","previousItem":{"@type":"ListItem","@id":"https:\/\/eldigitaldeasturias.com\/magazine365\/category\/noticias-actualidad\/#listItem","name":"Noticias y Actualidad"}}]},{"@type":"Organization","@id":"https:\/\/eldigitaldeasturias.com\/magazine365\/#organization","name":"El digital de Asturias","description":"Revista de ocio, turismo y estilo de vida","url":"https:\/\/eldigitaldeasturias.com\/magazine365\/","logo":{"@type":"ImageObject","url":"https:\/\/www.eldigitaldeasturias.com\/noticias\/wp-content\/uploads\/2020\/12\/EDA.jpg","@id":"https:\/\/eldigitaldeasturias.com\/magazine365\/la-xunta-destinara-unos-320-000-euros-a-mejorar-las-dotaciones-del-centro-de-acogida-al-peregrino\/#organizationLogo"},"image":{"@id":"https:\/\/eldigitaldeasturias.com\/magazine365\/la-xunta-destinara-unos-320-000-euros-a-mejorar-las-dotaciones-del-centro-de-acogida-al-peregrino\/#organizationLogo"}},{"@type":"Person","@id":"https:\/\/eldigitaldeasturias.com\/magazine365\/author\/admin\/#author","url":"https:\/\/eldigitaldeasturias.com\/magazine365\/author\/admin\/","name":"admin","image":{"@type":"ImageObject","@id":"https:\/\/eldigitaldeasturias.com\/magazine365\/la-xunta-destinara-unos-320-000-euros-a-mejorar-las-dotaciones-del-centro-de-acogida-al-peregrino\/#authorImage","url":"https:\/\/eldigitaldeasturias.com\/magazine365\/wp-content\/litespeed\/avatar\/e571bcf59a0edd6fa6838245a470f2fe.jpg?ver=1776969259","width":96,"height":96,"caption":"admin"}},{"@type":"WebPage","@id":"https:\/\/eldigitaldeasturias.com\/magazine365\/la-xunta-destinara-unos-320-000-euros-a-mejorar-las-dotaciones-del-centro-de-acogida-al-peregrino\/#webpage","url":"https:\/\/eldigitaldeasturias.com\/magazine365\/la-xunta-destinara-unos-320-000-euros-a-mejorar-las-dotaciones-del-centro-de-acogida-al-peregrino\/","name":"La Xunta destinar\u00e1 unos 320.000 euros a mejorar las dotaciones del Centro de Acogida al Peregrino | El Digital de Asturias","description":"El presidente de la Xunta, Alberto N\u00fa\u00f1ez Feji\u00f3o, ha informado de que el Gobierno gallego destinar\u00e1 unos 320.000 euros a la Fundaci\u00f3n Catedral de Santiago para la ejecuci\u00f3n de una obra de rehabilitaci\u00f3n de espacios en la primera planta del Centro Internacional de Acogida al Peregrino, ubicado en la calle Carretas de Santiago. En la","inLanguage":"es-ES","isPartOf":{"@id":"https:\/\/eldigitaldeasturias.com\/magazine365\/#website"},"breadcrumb":{"@id":"https:\/\/eldigitaldeasturias.com\/magazine365\/la-xunta-destinara-unos-320-000-euros-a-mejorar-las-dotaciones-del-centro-de-acogida-al-peregrino\/#breadcrumblist"},"author":{"@id":"https:\/\/eldigitaldeasturias.com\/magazine365\/author\/admin\/#author"},"creator":{"@id":"https:\/\/eldigitaldeasturias.com\/magazine365\/author\/admin\/#author"},"image":{"@type":"ImageObject","url":"https:\/\/eldigitaldeasturias.com\/magazine365\/wp-content\/uploads\/2016\/06\/fotonoticia_20160616190151_800.jpg","@id":"https:\/\/eldigitaldeasturias.com\/magazine365\/la-xunta-destinara-unos-320-000-euros-a-mejorar-las-dotaciones-del-centro-de-acogida-al-peregrino\/#mainImage","width":800,"height":533},"primaryImageOfPage":{"@id":"https:\/\/eldigitaldeasturias.com\/magazine365\/la-xunta-destinara-unos-320-000-euros-a-mejorar-las-dotaciones-del-centro-de-acogida-al-peregrino\/#mainImage"},"datePublished":"2016-06-17T00:21:28+02:00","dateModified":"2016-06-17T00:21:28+02:00"},{"@type":"WebSite","@id":"https:\/\/eldigitaldeasturias.com\/magazine365\/#website","url":"https:\/\/eldigitaldeasturias.com\/magazine365\/","name":"El Digital de Asturias","description":"Revista de ocio, turismo y estilo de vida","inLanguage":"es-ES","publisher":{"@id":"https:\/\/eldigitaldeasturias.com\/magazine365\/#organization"}}]},"og:locale":"es_ES","og:site_name":"El Digital de Asturias \u2013 Revista de ocio, turismo y estilo de vida","og:type":"article","og:title":"La Xunta destinar\u00e1 unos 320.000 euros a mejorar las dotaciones del Centro de Acogida al Peregrino | El Digital de Asturias","og:description":"El presidente de la Xunta, Alberto N\u00fa\u00f1ez Feji\u00f3o, ha informado de que el Gobierno gallego destinar\u00e1 unos 320.000 euros a la Fundaci\u00f3n Catedral de Santiago para la ejecuci\u00f3n de una obra de rehabilitaci\u00f3n de espacios en la primera planta del Centro Internacional de Acogida al Peregrino, ubicado en la calle Carretas de Santiago. En la","og:url":"https:\/\/eldigitaldeasturias.com\/magazine365\/la-xunta-destinara-unos-320-000-euros-a-mejorar-las-dotaciones-del-centro-de-acogida-al-peregrino\/","og:image":"https:\/\/eldigitaldeasturias.com\/magazine365\/wp-content\/uploads\/2016\/06\/fotonoticia_20160616190151_800.jpg","og:image:secure_url":"https:\/\/eldigitaldeasturias.com\/magazine365\/wp-content\/uploads\/2016\/06\/fotonoticia_20160616190151_800.jpg","og:image:width":800,"og:image:height":533,"article:published_time":"2016-06-16T22:21:28+00:00","article:modified_time":"2016-06-16T22:21:28+00:00","twitter:card":"summary_large_image","twitter:title":"La Xunta destinar\u00e1 unos 320.000 euros a mejorar las dotaciones del Centro de Acogida al Peregrino | El Digital de Asturias","twitter:description":"El presidente de la Xunta, Alberto N\u00fa\u00f1ez Feji\u00f3o, ha informado de que el Gobierno gallego destinar\u00e1 unos 320.000 euros a la Fundaci\u00f3n Catedral de Santiago para la ejecuci\u00f3n de una obra de rehabilitaci\u00f3n de espacios en la primera planta del Centro Internacional de Acogida al Peregrino, ubicado en la calle Carretas de Santiago. En la","twitter:image":"https:\/\/eldigitaldeasturias.com\/magazine365\/wp-content\/uploads\/2016\/06\/fotonoticia_20160616190151_800.jpg"},"aioseo_meta_data":{"post_id":"79784","title":null,"description":null,"keywords":null,"keyphrases":null,"primary_term":null,"canonical_url":null,"og_title":null,"og_description":null,"og_object_type":"default","og_image_type":"default","og_image_url":null,"og_image_width":null,"og_image_height":null,"og_image_custom_url":null,"og_image_custom_fields":null,"og_video":null,"og_custom_url":null,"og_article_section":null,"og_article_tags":null,"twitter_use_og":false,"twitter_card":"default","twitter_image_type":"default","twitter_image_url":null,"twitter_image_custom_url":null,"twitter_image_custom_fields":null,"twitter_title":null,"twitter_description":null,"schema":{"blockGraphs":[],"customGraphs":[],"default":{"data":{"Article":[],"Course":[],"Dataset":[],"FAQPage":[],"Movie":[],"Person":[],"Product":[],"ProductReview":[],"Car":[],"Recipe":[],"Service":[],"SoftwareApplication":[],"WebPage":[]},"graphName":"","isEnabled":true},"graphs":[],"defaultGraph":"","defaultPostTypeGraph":""},"schema_type":null,"schema_type_options":null,"pillar_content":false,"robots_default":true,"robots_noindex":false,"robots_noarchive":false,"robots_nosnippet":false,"robots_nofollow":false,"robots_noimageindex":false,"robots_noodp":false,"robots_notranslate":false,"robots_max_snippet":null,"robots_max_videopreview":null,"robots_max_imagepreview":"large","priority":null,"frequency":null,"location":null,"local_seo":null,"seo_analyzer_scan_date":"2025-09-27 19:33:54","breadcrumb_settings":null,"limit_modified_date":false,"open_ai":null,"ai":null,"created":"2021-03-08 17:43:48","updated":"2025-09-27 19:33:54"},"aioseo_breadcrumb":"<div class=\"aioseo-breadcrumbs\"><span class=\"aioseo-breadcrumb\">\n\t<a href=\"https:\/\/eldigitaldeasturias.com\/magazine365\" title=\"Home\">Home<\/a>\n<\/span><span class=\"aioseo-breadcrumb-separator\">\u2013<\/span><span class=\"aioseo-breadcrumb\">\n\t<a href=\"https:\/\/eldigitaldeasturias.com\/magazine365\/category\/noticias-actualidad\/\" title=\"Noticias y Actualidad\">Noticias y Actualidad<\/a>\n<\/span><span class=\"aioseo-breadcrumb-separator\">\u2013<\/span><span class=\"aioseo-breadcrumb\">\n\t<a href=\"https:\/\/eldigitaldeasturias.com\/magazine365\/la-xunta-destinara-unos-320-000-euros-a-mejorar-las-dotaciones-del-centro-de-acogida-al-peregrino\/\" title=\"La Xunta destinar\u00e1 unos 320.000 euros a mejorar las dotaciones del Centro de Acogida al Peregrino\">La Xunta destinar\u00e1 unos 320.000 euros a mejorar las dotaciones del Centro de Acogida al Peregrino<\/a>\n<\/span><\/div>","aioseo_breadcrumb_json":[{"label":"Home","link":"https:\/\/eldigitaldeasturias.com\/magazine365"},{"label":"Noticias y Actualidad","link":"https:\/\/eldigitaldeasturias.com\/magazine365\/category\/noticias-actualidad\/"},{"label":"La Xunta destinar\u00e1 unos 320.000 euros a mejorar las dotaciones del Centro de Acogida al Peregrino","link":"https:\/\/eldigitaldeasturias.com\/magazine365\/la-xunta-destinara-unos-320-000-euros-a-mejorar-las-dotaciones-del-centro-de-acogida-al-peregrino\/"}],"_links":{"self":[{"href":"https:\/\/eldigitaldeasturias.com\/magazine365\/wp-json\/wp\/v2\/posts\/79784","targetHints":{"allow":["GET"]}}],"collection":[{"href":"https:\/\/eldigitaldeasturias.com\/magazine365\/wp-json\/wp\/v2\/posts"}],"about":[{"href":"https:\/\/eldigitaldeasturias.com\/magazine365\/wp-json\/wp\/v2\/types\/post"}],"author":[{"embeddable":true,"href":"https:\/\/eldigitaldeasturias.com\/magazine365\/wp-json\/wp\/v2\/users\/1"}],"replies":[{"embeddable":true,"href":"https:\/\/eldigitaldeasturias.com\/magazine365\/wp-json\/wp\/v2\/comments?post=79784"}],"version-history":[{"count":0,"href":"https:\/\/eldigitaldeasturias.com\/magazine365\/wp-json\/wp\/v2\/posts\/79784\/revisions"}],"wp:featuredmedia":[{"embeddable":true,"href":"https:\/\/eldigitaldeasturias.com\/magazine365\/wp-json\/wp\/v2\/media\/79785"}],"wp:attachment":[{"href":"https:\/\/eldigitaldeasturias.com\/magazine365\/wp-json\/wp\/v2\/media?parent=79784"}],"wp:term":[{"taxonomy":"category","embeddable":true,"href":"https:\/\/eldigitaldeasturias.com\/magazine365\/wp-json\/wp\/v2\/categories?post=79784"},{"taxonomy":"post_tag","embeddable":true,"href":"https:\/\/eldigitaldeasturias.com\/magazine365\/wp-json\/wp\/v2\/tags?post=79784"}],"curies":[{"name":"wp","href":"https:\/\/api.w.org\/{rel}","templated":true}]}}