{"id":79781,"date":"2016-06-17T00:20:42","date_gmt":"2016-06-16T22:20:42","guid":{"rendered":"http:\/\/eldigitaldeasturias.com\/magazine365\/?p=79781"},"modified":"2016-06-17T00:20:42","modified_gmt":"2016-06-16T22:20:42","slug":"caballeando-2016-devolvera-a-cordoba-la-importancia-de-su-pasado-ecuestre","status":"publish","type":"post","link":"https:\/\/eldigitaldeasturias.com\/magazine365\/caballeando-2016-devolvera-a-cordoba-la-importancia-de-su-pasado-ecuestre\/","title":{"rendered":"&#8216;Caballeando 2016&#8217; devolver\u00e1 a C\u00f3rdoba la importancia de su pasado ecuestre"},"content":{"rendered":"<p><img fetchpriority=\"high\" decoding=\"async\" class=\"alignleft size-medium wp-image-79782\" src=\"https:\/\/eldigitaldeasturias.com\/magazine365\/wp-content\/uploads\/2016\/06\/fotonoticia_20160616190043_800-360x270.jpg\" alt=\"fotonoticia_20160616190043_800\" width=\"360\" height=\"270\" srcset=\"https:\/\/eldigitaldeasturias.com\/magazine365\/wp-content\/uploads\/2016\/06\/fotonoticia_20160616190043_800-360x270.jpg 360w, https:\/\/eldigitaldeasturias.com\/magazine365\/wp-content\/uploads\/2016\/06\/fotonoticia_20160616190043_800-650x488.jpg 650w, https:\/\/eldigitaldeasturias.com\/magazine365\/wp-content\/uploads\/2016\/06\/fotonoticia_20160616190043_800-768x576.jpg 768w, https:\/\/eldigitaldeasturias.com\/magazine365\/wp-content\/uploads\/2016\/06\/fotonoticia_20160616190043_800-150x113.jpg 150w, https:\/\/eldigitaldeasturias.com\/magazine365\/wp-content\/uploads\/2016\/06\/fotonoticia_20160616190043_800-450x338.jpg 450w, https:\/\/eldigitaldeasturias.com\/magazine365\/wp-content\/uploads\/2016\/06\/fotonoticia_20160616190043_800-90x67.jpg 90w, https:\/\/eldigitaldeasturias.com\/magazine365\/wp-content\/uploads\/2016\/06\/fotonoticia_20160616190043_800-164x124.jpg 164w, https:\/\/eldigitaldeasturias.com\/magazine365\/wp-content\/uploads\/2016\/06\/fotonoticia_20160616190043_800-100x75.jpg 100w, https:\/\/eldigitaldeasturias.com\/magazine365\/wp-content\/uploads\/2016\/06\/fotonoticia_20160616190043_800.jpg 800w\" sizes=\"(max-width: 360px) 100vw, 360px\" \/>La iniciativa &#8216;Caballeando 2016&#8217;, organizada por la Asociaci\u00f3n Andaluza de Doma de Campo, que se celebrar\u00e1 en octubre como pre\u00e1mbulo al II Sal\u00f3n Internacional del Caballo &amp; Campo, pretende devolver la importancia y la relevancia que el mundo del caballo ha tenido durante siglos en C\u00f3rdoba y convertirla en Capital Cultural del Caballo en Espa\u00f1a.<\/p>\n<p>La presentaci\u00f3n del evento ha contado con la participaci\u00f3n del primer teniente de alcalde del Ayuntamiento de C\u00f3rdoba y concejal de Turismo, Pedro Garc\u00eda, la vicepresidenta del Patronato Provincial de Turismo de la Diputaci\u00f3n de C\u00f3rdoba, Carmen Mar\u00eda G\u00f3mez, el delegado territorial de Cultura, Turismo y Deporte de la Junta de Andaluc\u00eda en C\u00f3rdoba, Francisco Alcalde, el secretario de la Asociaci\u00f3n Andaluza de Doma de Campo, Jos\u00e9 Antonio Zapata, y el presidente de la Asociaci\u00f3n Andaluza de Doma de Campo, Joaqu\u00edn Zurita.<\/p>\n<p>En una nota, la organizaci\u00f3n del evento ha indicado que as\u00ed se trata de promocionar y fomentar la cultura del caballo mediante la puesta en escena de una serie de actividades relacionadas con el mundo ecuestre en diferentes ubicaciones de la ciudad. La actividad nace con la intenci\u00f3n de que los cordobeses conozcan la cultura del caballo y tomen conciencia de que est\u00e1n en una ciudad que durante siglos ha marcado el paso en todo lo relacionado con la cultura ecuestre en Europa Occidental.<\/p>\n<p>El primer teniente de alcalde del Ayuntamiento de C\u00f3rdoba y concejal de Turismo, Pedro Garc\u00eda, ha querido agradecer el trabajo de la Asociaci\u00f3n Andaluza de Doma de Campo, un colectivo capaz de \u00abcrear ideas y profundizar con un evento como &#8216;Caballeando'\u00bb.<\/p>\n<p>Asimismo, Garc\u00eda ha asegurado que \u00abeste evento es un nuevo reto para la ciudad, para que se consolide muchos a\u00f1os, ya que esta iniciativa toca todos los puntos que tienen que ver con la cultura desde el punto de vista del eje del caballo; una iniciativa que fomenta el turismo cultural que queremos poner en valor como el m\u00e1s importante a desarrollar en nuestra ciudad, ya que est\u00e1 muy ligado a la econom\u00eda\u00bb.<\/p>\n<p>La vicepresidenta del Patronato Provincial de Turismo de la Diputaci\u00f3n de C\u00f3rdoba, Carmen Mar\u00eda G\u00f3mez, ha afirmado que \u00abla presencia del caballo ha sido amplia desde hace siglos en nuestra ciudad y en los diferentes \u00e1mbitos por lo que se pretende es crear conciencia de la importancia que tiene el caballo para nuestra historia, difundir la idea de que tenemos una provincia y unas comarcas de referencia y que es necesario visitarlas a caballo, con v\u00edas pecuarias, que nos adentran en municipios con un alto nivel patrimonial\u00bb.<\/p>\n<p>Por su parte, el delegado territorial de Cultura, Turismo y Deporte de la Junta de Andaluc\u00eda en C\u00f3rdoba, Francisco Alcalde, ha resaltado la importancia del caballo para Espa\u00f1a y para C\u00f3rdoba, \u00abdesde la cultura Celta, se asent\u00f3 en la provincia otorgando una riqueza que ha ido evolucionando en el tiempo; en C\u00f3rdoba tenemos el crisol de las caballerizas de Felipe II, un imperio donde no se pon\u00eda el sol y que sin embargo la cultura ecuestre se irradi\u00f3 a todo el mundo; un maridaje que forma el caballo con la cultura que debemos de seguir potenciando\u00bb.<\/p>\n<p>Por otro lado, el secretario de la Asociaci\u00f3n Andaluza de Doma de Campo, Jos\u00e9 Antonio Zapata, ha destacado que \u00abcon la puesta en marcha de esta iniciativa, que cuenta con la colaboraci\u00f3n de las administraciones p\u00fablicas, se pretende promocionar el turismo en la capital y en la provincia\u00bb.<\/p>\n<p>Por este motivo \u00abse vestir\u00e1n y engalanar\u00e1n algunas plazas y lugares con escenificaciones relacionadas con el mundo del caballo; de lo que se trata es de destacar los lugares que han tenido una especial relaci\u00f3n con el caballo as\u00ed como los lugares m\u00e1s emblem\u00e1ticos y personajes m\u00e1s ilustres del caballo en el mundo\u00bb, ha indicado Zapata.<\/p>\n<p>Al margen, el presidente de la Asociaci\u00f3n Andaluza de Doma de Campo, Joaqu\u00edn Zurita, ha destacado que \u00aben el Sal\u00f3n Internacional del Caballo de C\u00f3rdoba se celebrar\u00e1n por primera vez en Espa\u00f1a &#8211;de manera simult\u00e1nea&#8211; el Campeonato de Espa\u00f1a de Doma Vaquera absoluto, el de menores y el Campeonato de Andaluc\u00eda de Alta Escuela. Un Sal\u00f3n que estar\u00e1 dedicado a Huelva y como pa\u00eds invitado, estar\u00e1 Colombia\u00bb.<\/p>\n<h2 class=\"ladillo\">NUMEROSAS ACTUACIONES<\/h2>\n<p>De esto modo se van a llevar a cabo numerosas actuaciones como la que tendr\u00e1 lugar en la Plaza de las Tendillas bajo el t\u00edtulo &#8216;C\u00f3rdoba con C de caballo&#8217;, una exposici\u00f3n que representar\u00e1 la historia del caballo destacando los hitos m\u00e1s importantes del equino en nuestra ciudad.<\/p>\n<p>En la Plaza de la Corredera, otra titulada &#8216;En aires de Alta Escuela&#8217;, se colocar\u00e1n unas lonas dedicadas a la Alta Escuela con fotograf\u00edas y grabados relacionados con esta disciplina ecuestre as\u00ed como con las grandes instituciones mundiales de la Alta Escuela y los principales jinetes de la historia.<\/p>\n<p>Por otra parte, la Plaza del Potro acoger\u00e1 una representaci\u00f3n con el nombre &#8216;C\u00f3rdoba, ciudad madre de los mejores caballos del mundo&#8217;, convirti\u00e9ndose en la plaza de Cervantes y El Quijote. As\u00ed, se instalar\u00e1 un panel informativo sobre la presencia de esta plaza en el Quijote, donde se hac\u00edan las transacciones de caballos.<\/p>\n<p>En la antig\u00fcedad, la Puerta del Puente se erigi\u00f3 para la entrada triunfal de Felipe II en C\u00f3rdoba, cuando se convocaron cortes coincidiendo este hecho hist\u00f3rico con la inauguraci\u00f3n de las Caballerizas Reales, por lo que se va a desarrollar una representaci\u00f3n de este hecho hist\u00f3rico mediante una banderola con el \u00fanico retrato ecuestre que tiene Felipe II, que fue el que pint\u00f3 Rubens.<\/p>\n<p>La Calle Cruz Conde acoger\u00e1 una actuaci\u00f3n bajo el t\u00edtulo &#8216;Pegasus&#8217;, en la que se simbolizar\u00e1 a trav\u00e9s de vinilos los nombres de los grandes caballos de la historia como son AlborakAla, de Mahoma; Rocinante, de El Quijote; Buc\u00e9falo, de Alejandro Magno; Marengo, de Napole\u00f3n; Incitatus, de Cal\u00edgula; Genitor, de julio Cesar; Strategos, de Anibal, entre otros.<\/p>\n<p>El Bulevar de Gran Capit\u00e1n ser\u00e1 el escenario la representaci\u00f3n &#8216;El Olimpo de la Doma Vaquera&#8217;, el mundo del caballo representado con esculturas ef\u00edmeras en gran tama\u00f1o. Adem\u00e1s, se llevar\u00e1 a cabo la exposici\u00f3n &#8216;Titanes de la Doma Vaquera&#8217;, en la que los protagonistas ser\u00e1n todos los campeones de Espa\u00f1a de Doma Vaquera.<\/p>\n<p>En diversas plazas del casco hist\u00f3rico se colocar\u00e1n banderolas y piezas de arte ef\u00edmero, una actuaci\u00f3n titulada &#8216;A caballo por el mundo&#8217; donde se representar\u00e1n las disciplinas ecuestres m\u00e1s relacionadas con la doma vaquera tales como son la &#8216;Charrer\u00eda Mexicana&#8217;, la &#8216;Gaucher\u00eda&#8217; de Argentina, &#8216;el Caballo de Paso Fino colombiano&#8217;, la &#8216;Monta Western&#8217; de Norte Am\u00e9rica o la &#8216;Camarga&#8217; de Francia.<\/p>\n<h2 class=\"ladillo\">ACTIVIDADES PARA NI\u00d1OS<\/h2>\n<p>Para los m\u00e1s peque\u00f1os se llevar\u00e1 a cabo diversas actividades como la que tendr\u00e1 lugar en los Jardines de la Victoria, donde los ni\u00f1os y las escuelas de equitaci\u00f3n de C\u00f3rdoba podr\u00e1n realizar sus actividades, ya que se colocar\u00e1 una peque\u00f1a pista para que los m\u00e1s peque\u00f1os tomen su primer contacto con el caballo.<\/p>\n<p>Adem\u00e1s, se llevar\u00e1n a cabo talleres de hipoterapia y oficios relacionados con el caballo tales como son la guarnicioner\u00eda o el herraje. Por otra parte, con material reciclado se construir\u00e1 un &#8216;Caballo de Troya&#8217;, teniendo en cuenta que los Jardines de la Victoria acogieron durante muchos a\u00f1os la feria de ganado de la ciudad.<\/p>\n<p>Del mismo modo, la programaci\u00f3n acoger\u00e1 una marcha ecuestre por la sierra de C\u00f3rdoba, con el objetivo de que los aficionados al caballo tengan un encuentro con su entorno medioambiental m\u00e1s pr\u00f3ximo; ciclos de pel\u00edculas y documentales; exposiciones de fotograf\u00eda ecuestre, recitales flamencos o ciclo de conferencias.<\/p>\n<p>Adem\u00e1s, la gastronom\u00eda tambi\u00e9n jugar\u00e1 un papel privilegiado en &#8216;Caballeando 2016&#8217;, ya que se elaborar\u00e1 un recetario con recetas inspiradas en el mundo del caballo y una Ruta de la tapa con los platos se\u00f1alados en el recetario<\/p>\n","protected":false},"excerpt":{"rendered":"<p>La iniciativa &#8216;Caballeando 2016&#8217;, organizada por la Asociaci\u00f3n Andaluza de Doma de Campo, que se celebrar\u00e1 en octubre como pre\u00e1mbulo al II Sal\u00f3n Internacional del Caballo &amp; Campo, pretende devolver la importancia y la relevancia que el mundo del caballo ha tenido durante siglos en C\u00f3rdoba y convertirla en Capital Cultural del Caballo en Espa\u00f1a.<\/p>\n","protected":false},"author":1,"featured_media":79782,"comment_status":"open","ping_status":"closed","sticky":false,"template":"","format":"standard","meta":{"footnotes":""},"categories":[224],"tags":[],"class_list":{"0":"post-79781","1":"post","2":"type-post","3":"status-publish","4":"format-standard","5":"has-post-thumbnail","7":"category-noticias-actualidad"},"aioseo_notices":[],"aioseo_head":"\n\t\t<!-- All in One SEO Pro 4.9.6.1 - aioseo.com -->\n\t<meta name=\"description\" content=\"La iniciativa &#039;Caballeando 2016&#039;, organizada por la Asociaci\u00f3n Andaluza de Doma de Campo, que se celebrar\u00e1 en octubre como pre\u00e1mbulo al II Sal\u00f3n Internacional del Caballo &amp; Campo, pretende devolver la importancia y la relevancia que el mundo del caballo ha tenido durante siglos en C\u00f3rdoba y convertirla en Capital Cultural del Caballo en Espa\u00f1a.\" \/>\n\t<meta name=\"robots\" content=\"max-image-preview:large\" \/>\n\t<meta name=\"author\" content=\"admin\"\/>\n\t<meta name=\"google-site-verification\" content=\"UA-38556648-1\" \/>\n\t<meta name=\"keywords\" content=\"noticias y actualidad\" \/>\n\t<link rel=\"canonical\" href=\"https:\/\/eldigitaldeasturias.com\/magazine365\/caballeando-2016-devolvera-a-cordoba-la-importancia-de-su-pasado-ecuestre\/\" \/>\n\t<meta name=\"generator\" content=\"All in One SEO Pro (AIOSEO) 4.9.6.1\" \/>\n\t\t<meta property=\"og:locale\" content=\"es_ES\" \/>\n\t\t<meta property=\"og:site_name\" content=\"El Digital de Asturias \u2013 Revista de ocio, turismo y estilo de vida\" \/>\n\t\t<meta property=\"og:type\" content=\"article\" \/>\n\t\t<meta property=\"og:title\" content=\"\u2018Caballeando 2016\u2019 devolver\u00e1 a C\u00f3rdoba la importancia de su pasado ecuestre | El Digital de Asturias\" \/>\n\t\t<meta property=\"og:description\" content=\"La iniciativa &#039;Caballeando 2016&#039;, organizada por la Asociaci\u00f3n Andaluza de Doma de Campo, que se celebrar\u00e1 en octubre como pre\u00e1mbulo al II Sal\u00f3n Internacional del Caballo &amp; Campo, pretende devolver la importancia y la relevancia que el mundo del caballo ha tenido durante siglos en C\u00f3rdoba y convertirla en Capital Cultural del Caballo en Espa\u00f1a.\" \/>\n\t\t<meta property=\"og:url\" content=\"https:\/\/eldigitaldeasturias.com\/magazine365\/caballeando-2016-devolvera-a-cordoba-la-importancia-de-su-pasado-ecuestre\/\" \/>\n\t\t<meta property=\"og:image\" content=\"https:\/\/eldigitaldeasturias.com\/magazine365\/wp-content\/uploads\/2016\/06\/fotonoticia_20160616190043_800.jpg\" \/>\n\t\t<meta property=\"og:image:secure_url\" content=\"https:\/\/eldigitaldeasturias.com\/magazine365\/wp-content\/uploads\/2016\/06\/fotonoticia_20160616190043_800.jpg\" \/>\n\t\t<meta property=\"og:image:width\" content=\"800\" \/>\n\t\t<meta property=\"og:image:height\" content=\"600\" \/>\n\t\t<meta property=\"article:published_time\" content=\"2016-06-16T22:20:42+00:00\" \/>\n\t\t<meta property=\"article:modified_time\" content=\"2016-06-16T22:20:42+00:00\" \/>\n\t\t<meta name=\"twitter:card\" content=\"summary_large_image\" \/>\n\t\t<meta name=\"twitter:title\" content=\"\u2018Caballeando 2016\u2019 devolver\u00e1 a C\u00f3rdoba la importancia de su pasado ecuestre | El Digital de Asturias\" \/>\n\t\t<meta name=\"twitter:description\" content=\"La iniciativa &#039;Caballeando 2016&#039;, organizada por la Asociaci\u00f3n Andaluza de Doma de Campo, que se celebrar\u00e1 en octubre como pre\u00e1mbulo al II Sal\u00f3n Internacional del Caballo &amp; Campo, pretende devolver la importancia y la relevancia que el mundo del caballo ha tenido durante siglos en C\u00f3rdoba y convertirla en Capital Cultural del Caballo en Espa\u00f1a.\" \/>\n\t\t<meta name=\"twitter:image\" content=\"https:\/\/eldigitaldeasturias.com\/magazine365\/wp-content\/uploads\/2016\/06\/fotonoticia_20160616190043_800.jpg\" \/>\n\t\t<script type=\"application\/ld+json\" class=\"aioseo-schema\">\n\t\t\t{\"@context\":\"https:\\\/\\\/schema.org\",\"@graph\":[{\"@type\":\"Article\",\"@id\":\"https:\\\/\\\/eldigitaldeasturias.com\\\/magazine365\\\/caballeando-2016-devolvera-a-cordoba-la-importancia-de-su-pasado-ecuestre\\\/#article\",\"name\":\"\\u2018Caballeando 2016\\u2019 devolver\\u00e1 a C\\u00f3rdoba la importancia de su pasado ecuestre | El Digital de Asturias\",\"headline\":\"&#8216;Caballeando 2016&#8217; devolver\\u00e1 a C\\u00f3rdoba la importancia de su pasado ecuestre\",\"author\":{\"@id\":\"https:\\\/\\\/eldigitaldeasturias.com\\\/magazine365\\\/author\\\/admin\\\/#author\"},\"publisher\":{\"@id\":\"https:\\\/\\\/eldigitaldeasturias.com\\\/magazine365\\\/#organization\"},\"image\":{\"@type\":\"ImageObject\",\"url\":\"https:\\\/\\\/eldigitaldeasturias.com\\\/magazine365\\\/wp-content\\\/uploads\\\/2016\\\/06\\\/fotonoticia_20160616190043_800.jpg\",\"width\":800,\"height\":600},\"datePublished\":\"2016-06-17T00:20:42+02:00\",\"dateModified\":\"2016-06-17T00:20:42+02:00\",\"inLanguage\":\"es-ES\",\"mainEntityOfPage\":{\"@id\":\"https:\\\/\\\/eldigitaldeasturias.com\\\/magazine365\\\/caballeando-2016-devolvera-a-cordoba-la-importancia-de-su-pasado-ecuestre\\\/#webpage\"},\"isPartOf\":{\"@id\":\"https:\\\/\\\/eldigitaldeasturias.com\\\/magazine365\\\/caballeando-2016-devolvera-a-cordoba-la-importancia-de-su-pasado-ecuestre\\\/#webpage\"},\"articleSection\":\"Noticias y Actualidad\"},{\"@type\":\"BreadcrumbList\",\"@id\":\"https:\\\/\\\/eldigitaldeasturias.com\\\/magazine365\\\/caballeando-2016-devolvera-a-cordoba-la-importancia-de-su-pasado-ecuestre\\\/#breadcrumblist\",\"itemListElement\":[{\"@type\":\"ListItem\",\"@id\":\"https:\\\/\\\/eldigitaldeasturias.com\\\/magazine365#listItem\",\"position\":1,\"name\":\"Home\",\"item\":\"https:\\\/\\\/eldigitaldeasturias.com\\\/magazine365\",\"nextItem\":{\"@type\":\"ListItem\",\"@id\":\"https:\\\/\\\/eldigitaldeasturias.com\\\/magazine365\\\/category\\\/noticias-actualidad\\\/#listItem\",\"name\":\"Noticias y Actualidad\"}},{\"@type\":\"ListItem\",\"@id\":\"https:\\\/\\\/eldigitaldeasturias.com\\\/magazine365\\\/category\\\/noticias-actualidad\\\/#listItem\",\"position\":2,\"name\":\"Noticias y Actualidad\",\"item\":\"https:\\\/\\\/eldigitaldeasturias.com\\\/magazine365\\\/category\\\/noticias-actualidad\\\/\",\"nextItem\":{\"@type\":\"ListItem\",\"@id\":\"https:\\\/\\\/eldigitaldeasturias.com\\\/magazine365\\\/caballeando-2016-devolvera-a-cordoba-la-importancia-de-su-pasado-ecuestre\\\/#listItem\",\"name\":\"&#8216;Caballeando 2016&#8217; devolver\\u00e1 a C\\u00f3rdoba la importancia de su pasado ecuestre\"},\"previousItem\":{\"@type\":\"ListItem\",\"@id\":\"https:\\\/\\\/eldigitaldeasturias.com\\\/magazine365#listItem\",\"name\":\"Home\"}},{\"@type\":\"ListItem\",\"@id\":\"https:\\\/\\\/eldigitaldeasturias.com\\\/magazine365\\\/caballeando-2016-devolvera-a-cordoba-la-importancia-de-su-pasado-ecuestre\\\/#listItem\",\"position\":3,\"name\":\"&#8216;Caballeando 2016&#8217; devolver\\u00e1 a C\\u00f3rdoba la importancia de su pasado ecuestre\",\"previousItem\":{\"@type\":\"ListItem\",\"@id\":\"https:\\\/\\\/eldigitaldeasturias.com\\\/magazine365\\\/category\\\/noticias-actualidad\\\/#listItem\",\"name\":\"Noticias y Actualidad\"}}]},{\"@type\":\"Organization\",\"@id\":\"https:\\\/\\\/eldigitaldeasturias.com\\\/magazine365\\\/#organization\",\"name\":\"El digital de Asturias\",\"description\":\"Revista de ocio, turismo y estilo de vida\",\"url\":\"https:\\\/\\\/eldigitaldeasturias.com\\\/magazine365\\\/\",\"logo\":{\"@type\":\"ImageObject\",\"url\":\"https:\\\/\\\/www.eldigitaldeasturias.com\\\/noticias\\\/wp-content\\\/uploads\\\/2020\\\/12\\\/EDA.jpg\",\"@id\":\"https:\\\/\\\/eldigitaldeasturias.com\\\/magazine365\\\/caballeando-2016-devolvera-a-cordoba-la-importancia-de-su-pasado-ecuestre\\\/#organizationLogo\"},\"image\":{\"@id\":\"https:\\\/\\\/eldigitaldeasturias.com\\\/magazine365\\\/caballeando-2016-devolvera-a-cordoba-la-importancia-de-su-pasado-ecuestre\\\/#organizationLogo\"}},{\"@type\":\"Person\",\"@id\":\"https:\\\/\\\/eldigitaldeasturias.com\\\/magazine365\\\/author\\\/admin\\\/#author\",\"url\":\"https:\\\/\\\/eldigitaldeasturias.com\\\/magazine365\\\/author\\\/admin\\\/\",\"name\":\"admin\",\"image\":{\"@type\":\"ImageObject\",\"@id\":\"https:\\\/\\\/eldigitaldeasturias.com\\\/magazine365\\\/caballeando-2016-devolvera-a-cordoba-la-importancia-de-su-pasado-ecuestre\\\/#authorImage\",\"url\":\"https:\\\/\\\/eldigitaldeasturias.com\\\/magazine365\\\/wp-content\\\/litespeed\\\/avatar\\\/e571bcf59a0edd6fa6838245a470f2fe.jpg?ver=1776969259\",\"width\":96,\"height\":96,\"caption\":\"admin\"}},{\"@type\":\"WebPage\",\"@id\":\"https:\\\/\\\/eldigitaldeasturias.com\\\/magazine365\\\/caballeando-2016-devolvera-a-cordoba-la-importancia-de-su-pasado-ecuestre\\\/#webpage\",\"url\":\"https:\\\/\\\/eldigitaldeasturias.com\\\/magazine365\\\/caballeando-2016-devolvera-a-cordoba-la-importancia-de-su-pasado-ecuestre\\\/\",\"name\":\"\\u2018Caballeando 2016\\u2019 devolver\\u00e1 a C\\u00f3rdoba la importancia de su pasado ecuestre | El Digital de Asturias\",\"description\":\"La iniciativa 'Caballeando 2016', organizada por la Asociaci\\u00f3n Andaluza de Doma de Campo, que se celebrar\\u00e1 en octubre como pre\\u00e1mbulo al II Sal\\u00f3n Internacional del Caballo & Campo, pretende devolver la importancia y la relevancia que el mundo del caballo ha tenido durante siglos en C\\u00f3rdoba y convertirla en Capital Cultural del Caballo en Espa\\u00f1a.\",\"inLanguage\":\"es-ES\",\"isPartOf\":{\"@id\":\"https:\\\/\\\/eldigitaldeasturias.com\\\/magazine365\\\/#website\"},\"breadcrumb\":{\"@id\":\"https:\\\/\\\/eldigitaldeasturias.com\\\/magazine365\\\/caballeando-2016-devolvera-a-cordoba-la-importancia-de-su-pasado-ecuestre\\\/#breadcrumblist\"},\"author\":{\"@id\":\"https:\\\/\\\/eldigitaldeasturias.com\\\/magazine365\\\/author\\\/admin\\\/#author\"},\"creator\":{\"@id\":\"https:\\\/\\\/eldigitaldeasturias.com\\\/magazine365\\\/author\\\/admin\\\/#author\"},\"image\":{\"@type\":\"ImageObject\",\"url\":\"https:\\\/\\\/eldigitaldeasturias.com\\\/magazine365\\\/wp-content\\\/uploads\\\/2016\\\/06\\\/fotonoticia_20160616190043_800.jpg\",\"@id\":\"https:\\\/\\\/eldigitaldeasturias.com\\\/magazine365\\\/caballeando-2016-devolvera-a-cordoba-la-importancia-de-su-pasado-ecuestre\\\/#mainImage\",\"width\":800,\"height\":600},\"primaryImageOfPage\":{\"@id\":\"https:\\\/\\\/eldigitaldeasturias.com\\\/magazine365\\\/caballeando-2016-devolvera-a-cordoba-la-importancia-de-su-pasado-ecuestre\\\/#mainImage\"},\"datePublished\":\"2016-06-17T00:20:42+02:00\",\"dateModified\":\"2016-06-17T00:20:42+02:00\"},{\"@type\":\"WebSite\",\"@id\":\"https:\\\/\\\/eldigitaldeasturias.com\\\/magazine365\\\/#website\",\"url\":\"https:\\\/\\\/eldigitaldeasturias.com\\\/magazine365\\\/\",\"name\":\"El Digital de Asturias\",\"description\":\"Revista de ocio, turismo y estilo de vida\",\"inLanguage\":\"es-ES\",\"publisher\":{\"@id\":\"https:\\\/\\\/eldigitaldeasturias.com\\\/magazine365\\\/#organization\"}}]}\n\t\t<\/script>\n\t\t<!-- All in One SEO Pro -->\r\n\t\t<title>\u2018Caballeando 2016\u2019 devolver\u00e1 a C\u00f3rdoba la importancia de su pasado ecuestre | El Digital de Asturias<\/title>\n\n","aioseo_head_json":{"title":"\u2018Caballeando 2016\u2019 devolver\u00e1 a C\u00f3rdoba la importancia de su pasado ecuestre | El Digital de Asturias","description":"La iniciativa 'Caballeando 2016', organizada por la Asociaci\u00f3n Andaluza de Doma de Campo, que se celebrar\u00e1 en octubre como pre\u00e1mbulo al II Sal\u00f3n Internacional del Caballo & Campo, pretende devolver la importancia y la relevancia que el mundo del caballo ha tenido durante siglos en C\u00f3rdoba y convertirla en Capital Cultural del Caballo en Espa\u00f1a.","canonical_url":"https:\/\/eldigitaldeasturias.com\/magazine365\/caballeando-2016-devolvera-a-cordoba-la-importancia-de-su-pasado-ecuestre\/","robots":"max-image-preview:large","keywords":"noticias y actualidad","webmasterTools":{"google-site-verification":"UA-38556648-1","miscellaneous":""},"schema":{"@context":"https:\/\/schema.org","@graph":[{"@type":"Article","@id":"https:\/\/eldigitaldeasturias.com\/magazine365\/caballeando-2016-devolvera-a-cordoba-la-importancia-de-su-pasado-ecuestre\/#article","name":"\u2018Caballeando 2016\u2019 devolver\u00e1 a C\u00f3rdoba la importancia de su pasado ecuestre | El Digital de Asturias","headline":"&#8216;Caballeando 2016&#8217; devolver\u00e1 a C\u00f3rdoba la importancia de su pasado ecuestre","author":{"@id":"https:\/\/eldigitaldeasturias.com\/magazine365\/author\/admin\/#author"},"publisher":{"@id":"https:\/\/eldigitaldeasturias.com\/magazine365\/#organization"},"image":{"@type":"ImageObject","url":"https:\/\/eldigitaldeasturias.com\/magazine365\/wp-content\/uploads\/2016\/06\/fotonoticia_20160616190043_800.jpg","width":800,"height":600},"datePublished":"2016-06-17T00:20:42+02:00","dateModified":"2016-06-17T00:20:42+02:00","inLanguage":"es-ES","mainEntityOfPage":{"@id":"https:\/\/eldigitaldeasturias.com\/magazine365\/caballeando-2016-devolvera-a-cordoba-la-importancia-de-su-pasado-ecuestre\/#webpage"},"isPartOf":{"@id":"https:\/\/eldigitaldeasturias.com\/magazine365\/caballeando-2016-devolvera-a-cordoba-la-importancia-de-su-pasado-ecuestre\/#webpage"},"articleSection":"Noticias y Actualidad"},{"@type":"BreadcrumbList","@id":"https:\/\/eldigitaldeasturias.com\/magazine365\/caballeando-2016-devolvera-a-cordoba-la-importancia-de-su-pasado-ecuestre\/#breadcrumblist","itemListElement":[{"@type":"ListItem","@id":"https:\/\/eldigitaldeasturias.com\/magazine365#listItem","position":1,"name":"Home","item":"https:\/\/eldigitaldeasturias.com\/magazine365","nextItem":{"@type":"ListItem","@id":"https:\/\/eldigitaldeasturias.com\/magazine365\/category\/noticias-actualidad\/#listItem","name":"Noticias y Actualidad"}},{"@type":"ListItem","@id":"https:\/\/eldigitaldeasturias.com\/magazine365\/category\/noticias-actualidad\/#listItem","position":2,"name":"Noticias y Actualidad","item":"https:\/\/eldigitaldeasturias.com\/magazine365\/category\/noticias-actualidad\/","nextItem":{"@type":"ListItem","@id":"https:\/\/eldigitaldeasturias.com\/magazine365\/caballeando-2016-devolvera-a-cordoba-la-importancia-de-su-pasado-ecuestre\/#listItem","name":"&#8216;Caballeando 2016&#8217; devolver\u00e1 a C\u00f3rdoba la importancia de su pasado ecuestre"},"previousItem":{"@type":"ListItem","@id":"https:\/\/eldigitaldeasturias.com\/magazine365#listItem","name":"Home"}},{"@type":"ListItem","@id":"https:\/\/eldigitaldeasturias.com\/magazine365\/caballeando-2016-devolvera-a-cordoba-la-importancia-de-su-pasado-ecuestre\/#listItem","position":3,"name":"&#8216;Caballeando 2016&#8217; devolver\u00e1 a C\u00f3rdoba la importancia de su pasado ecuestre","previousItem":{"@type":"ListItem","@id":"https:\/\/eldigitaldeasturias.com\/magazine365\/category\/noticias-actualidad\/#listItem","name":"Noticias y Actualidad"}}]},{"@type":"Organization","@id":"https:\/\/eldigitaldeasturias.com\/magazine365\/#organization","name":"El digital de Asturias","description":"Revista de ocio, turismo y estilo de vida","url":"https:\/\/eldigitaldeasturias.com\/magazine365\/","logo":{"@type":"ImageObject","url":"https:\/\/www.eldigitaldeasturias.com\/noticias\/wp-content\/uploads\/2020\/12\/EDA.jpg","@id":"https:\/\/eldigitaldeasturias.com\/magazine365\/caballeando-2016-devolvera-a-cordoba-la-importancia-de-su-pasado-ecuestre\/#organizationLogo"},"image":{"@id":"https:\/\/eldigitaldeasturias.com\/magazine365\/caballeando-2016-devolvera-a-cordoba-la-importancia-de-su-pasado-ecuestre\/#organizationLogo"}},{"@type":"Person","@id":"https:\/\/eldigitaldeasturias.com\/magazine365\/author\/admin\/#author","url":"https:\/\/eldigitaldeasturias.com\/magazine365\/author\/admin\/","name":"admin","image":{"@type":"ImageObject","@id":"https:\/\/eldigitaldeasturias.com\/magazine365\/caballeando-2016-devolvera-a-cordoba-la-importancia-de-su-pasado-ecuestre\/#authorImage","url":"https:\/\/eldigitaldeasturias.com\/magazine365\/wp-content\/litespeed\/avatar\/e571bcf59a0edd6fa6838245a470f2fe.jpg?ver=1776969259","width":96,"height":96,"caption":"admin"}},{"@type":"WebPage","@id":"https:\/\/eldigitaldeasturias.com\/magazine365\/caballeando-2016-devolvera-a-cordoba-la-importancia-de-su-pasado-ecuestre\/#webpage","url":"https:\/\/eldigitaldeasturias.com\/magazine365\/caballeando-2016-devolvera-a-cordoba-la-importancia-de-su-pasado-ecuestre\/","name":"\u2018Caballeando 2016\u2019 devolver\u00e1 a C\u00f3rdoba la importancia de su pasado ecuestre | El Digital de Asturias","description":"La iniciativa 'Caballeando 2016', organizada por la Asociaci\u00f3n Andaluza de Doma de Campo, que se celebrar\u00e1 en octubre como pre\u00e1mbulo al II Sal\u00f3n Internacional del Caballo & Campo, pretende devolver la importancia y la relevancia que el mundo del caballo ha tenido durante siglos en C\u00f3rdoba y convertirla en Capital Cultural del Caballo en Espa\u00f1a.","inLanguage":"es-ES","isPartOf":{"@id":"https:\/\/eldigitaldeasturias.com\/magazine365\/#website"},"breadcrumb":{"@id":"https:\/\/eldigitaldeasturias.com\/magazine365\/caballeando-2016-devolvera-a-cordoba-la-importancia-de-su-pasado-ecuestre\/#breadcrumblist"},"author":{"@id":"https:\/\/eldigitaldeasturias.com\/magazine365\/author\/admin\/#author"},"creator":{"@id":"https:\/\/eldigitaldeasturias.com\/magazine365\/author\/admin\/#author"},"image":{"@type":"ImageObject","url":"https:\/\/eldigitaldeasturias.com\/magazine365\/wp-content\/uploads\/2016\/06\/fotonoticia_20160616190043_800.jpg","@id":"https:\/\/eldigitaldeasturias.com\/magazine365\/caballeando-2016-devolvera-a-cordoba-la-importancia-de-su-pasado-ecuestre\/#mainImage","width":800,"height":600},"primaryImageOfPage":{"@id":"https:\/\/eldigitaldeasturias.com\/magazine365\/caballeando-2016-devolvera-a-cordoba-la-importancia-de-su-pasado-ecuestre\/#mainImage"},"datePublished":"2016-06-17T00:20:42+02:00","dateModified":"2016-06-17T00:20:42+02:00"},{"@type":"WebSite","@id":"https:\/\/eldigitaldeasturias.com\/magazine365\/#website","url":"https:\/\/eldigitaldeasturias.com\/magazine365\/","name":"El Digital de Asturias","description":"Revista de ocio, turismo y estilo de vida","inLanguage":"es-ES","publisher":{"@id":"https:\/\/eldigitaldeasturias.com\/magazine365\/#organization"}}]},"og:locale":"es_ES","og:site_name":"El Digital de Asturias \u2013 Revista de ocio, turismo y estilo de vida","og:type":"article","og:title":"\u2018Caballeando 2016\u2019 devolver\u00e1 a C\u00f3rdoba la importancia de su pasado ecuestre | El Digital de Asturias","og:description":"La iniciativa 'Caballeando 2016', organizada por la Asociaci\u00f3n Andaluza de Doma de Campo, que se celebrar\u00e1 en octubre como pre\u00e1mbulo al II Sal\u00f3n Internacional del Caballo &amp; Campo, pretende devolver la importancia y la relevancia que el mundo del caballo ha tenido durante siglos en C\u00f3rdoba y convertirla en Capital Cultural del Caballo en Espa\u00f1a.","og:url":"https:\/\/eldigitaldeasturias.com\/magazine365\/caballeando-2016-devolvera-a-cordoba-la-importancia-de-su-pasado-ecuestre\/","og:image":"https:\/\/eldigitaldeasturias.com\/magazine365\/wp-content\/uploads\/2016\/06\/fotonoticia_20160616190043_800.jpg","og:image:secure_url":"https:\/\/eldigitaldeasturias.com\/magazine365\/wp-content\/uploads\/2016\/06\/fotonoticia_20160616190043_800.jpg","og:image:width":800,"og:image:height":600,"article:published_time":"2016-06-16T22:20:42+00:00","article:modified_time":"2016-06-16T22:20:42+00:00","twitter:card":"summary_large_image","twitter:title":"\u2018Caballeando 2016\u2019 devolver\u00e1 a C\u00f3rdoba la importancia de su pasado ecuestre | El Digital de Asturias","twitter:description":"La iniciativa 'Caballeando 2016', organizada por la Asociaci\u00f3n Andaluza de Doma de Campo, que se celebrar\u00e1 en octubre como pre\u00e1mbulo al II Sal\u00f3n Internacional del Caballo &amp; Campo, pretende devolver la importancia y la relevancia que el mundo del caballo ha tenido durante siglos en C\u00f3rdoba y convertirla en Capital Cultural del Caballo en Espa\u00f1a.","twitter:image":"https:\/\/eldigitaldeasturias.com\/magazine365\/wp-content\/uploads\/2016\/06\/fotonoticia_20160616190043_800.jpg"},"aioseo_meta_data":{"post_id":"79781","title":null,"description":null,"keywords":null,"keyphrases":null,"primary_term":null,"canonical_url":null,"og_title":null,"og_description":null,"og_object_type":"default","og_image_type":"default","og_image_url":null,"og_image_width":null,"og_image_height":null,"og_image_custom_url":null,"og_image_custom_fields":null,"og_video":null,"og_custom_url":null,"og_article_section":null,"og_article_tags":null,"twitter_use_og":false,"twitter_card":"default","twitter_image_type":"default","twitter_image_url":null,"twitter_image_custom_url":null,"twitter_image_custom_fields":null,"twitter_title":null,"twitter_description":null,"schema":{"blockGraphs":[],"customGraphs":[],"default":{"data":{"Article":[],"Course":[],"Dataset":[],"FAQPage":[],"Movie":[],"Person":[],"Product":[],"ProductReview":[],"Car":[],"Recipe":[],"Service":[],"SoftwareApplication":[],"WebPage":[]},"graphName":"","isEnabled":true},"graphs":[],"defaultGraph":"","defaultPostTypeGraph":""},"schema_type":null,"schema_type_options":null,"pillar_content":false,"robots_default":true,"robots_noindex":false,"robots_noarchive":false,"robots_nosnippet":false,"robots_nofollow":false,"robots_noimageindex":false,"robots_noodp":false,"robots_notranslate":false,"robots_max_snippet":null,"robots_max_videopreview":null,"robots_max_imagepreview":"large","priority":null,"frequency":null,"location":null,"local_seo":null,"seo_analyzer_scan_date":"2025-09-27 19:32:50","breadcrumb_settings":null,"limit_modified_date":false,"open_ai":null,"ai":null,"created":"2021-03-08 17:43:48","updated":"2025-09-27 19:32:50"},"aioseo_breadcrumb":"<div class=\"aioseo-breadcrumbs\"><span class=\"aioseo-breadcrumb\">\n\t<a href=\"https:\/\/eldigitaldeasturias.com\/magazine365\" title=\"Home\">Home<\/a>\n<\/span><span class=\"aioseo-breadcrumb-separator\">\u2013<\/span><span class=\"aioseo-breadcrumb\">\n\t<a href=\"https:\/\/eldigitaldeasturias.com\/magazine365\/category\/noticias-actualidad\/\" title=\"Noticias y Actualidad\">Noticias y Actualidad<\/a>\n<\/span><span class=\"aioseo-breadcrumb-separator\">\u2013<\/span><span class=\"aioseo-breadcrumb\">\n\t<a href=\"https:\/\/eldigitaldeasturias.com\/magazine365\/caballeando-2016-devolvera-a-cordoba-la-importancia-de-su-pasado-ecuestre\/\" title=\"\u2018Caballeando 2016\u2019 devolver\u00e1 a C\u00f3rdoba la importancia de su pasado ecuestre\">\u2018Caballeando 2016\u2019 devolver\u00e1 a C\u00f3rdoba la importancia de su pasado ecuestre<\/a>\n<\/span><\/div>","aioseo_breadcrumb_json":[{"label":"Home","link":"https:\/\/eldigitaldeasturias.com\/magazine365"},{"label":"Noticias y Actualidad","link":"https:\/\/eldigitaldeasturias.com\/magazine365\/category\/noticias-actualidad\/"},{"label":"&#8216;Caballeando 2016&#8217; devolver\u00e1 a C\u00f3rdoba la importancia de su pasado ecuestre","link":"https:\/\/eldigitaldeasturias.com\/magazine365\/caballeando-2016-devolvera-a-cordoba-la-importancia-de-su-pasado-ecuestre\/"}],"_links":{"self":[{"href":"https:\/\/eldigitaldeasturias.com\/magazine365\/wp-json\/wp\/v2\/posts\/79781","targetHints":{"allow":["GET"]}}],"collection":[{"href":"https:\/\/eldigitaldeasturias.com\/magazine365\/wp-json\/wp\/v2\/posts"}],"about":[{"href":"https:\/\/eldigitaldeasturias.com\/magazine365\/wp-json\/wp\/v2\/types\/post"}],"author":[{"embeddable":true,"href":"https:\/\/eldigitaldeasturias.com\/magazine365\/wp-json\/wp\/v2\/users\/1"}],"replies":[{"embeddable":true,"href":"https:\/\/eldigitaldeasturias.com\/magazine365\/wp-json\/wp\/v2\/comments?post=79781"}],"version-history":[{"count":0,"href":"https:\/\/eldigitaldeasturias.com\/magazine365\/wp-json\/wp\/v2\/posts\/79781\/revisions"}],"wp:featuredmedia":[{"embeddable":true,"href":"https:\/\/eldigitaldeasturias.com\/magazine365\/wp-json\/wp\/v2\/media\/79782"}],"wp:attachment":[{"href":"https:\/\/eldigitaldeasturias.com\/magazine365\/wp-json\/wp\/v2\/media?parent=79781"}],"wp:term":[{"taxonomy":"category","embeddable":true,"href":"https:\/\/eldigitaldeasturias.com\/magazine365\/wp-json\/wp\/v2\/categories?post=79781"},{"taxonomy":"post_tag","embeddable":true,"href":"https:\/\/eldigitaldeasturias.com\/magazine365\/wp-json\/wp\/v2\/tags?post=79781"}],"curies":[{"name":"wp","href":"https:\/\/api.w.org\/{rel}","templated":true}]}}