{"id":79765,"date":"2016-06-16T20:19:07","date_gmt":"2016-06-16T18:19:07","guid":{"rendered":"http:\/\/eldigitaldeasturias.com\/magazine365\/?p=79765"},"modified":"2016-06-17T12:01:24","modified_gmt":"2016-06-17T10:01:24","slug":"alaska-airlines-refuerza-su-equipo-con-tres-nuevos-directores-generales","status":"publish","type":"post","link":"https:\/\/eldigitaldeasturias.com\/magazine365\/alaska-airlines-refuerza-su-equipo-con-tres-nuevos-directores-generales\/","title":{"rendered":"Alaska Airlines refuerza su equipo con tres nuevos directores generales"},"content":{"rendered":"<p><img fetchpriority=\"high\" decoding=\"async\" class=\"alignleft size-medium wp-image-79846\" src=\"https:\/\/eldigitaldeasturias.com\/magazine365\/wp-content\/uploads\/2016\/06\/fotonoticia_20160616183739_800-360x240-1-360x240.jpg\" alt=\"fotonoticia_20160616183739_800-360x240\" width=\"360\" height=\"240\" srcset=\"https:\/\/eldigitaldeasturias.com\/magazine365\/wp-content\/uploads\/2016\/06\/fotonoticia_20160616183739_800-360x240-1.jpg 360w, https:\/\/eldigitaldeasturias.com\/magazine365\/wp-content\/uploads\/2016\/06\/fotonoticia_20160616183739_800-360x240-1-150x100.jpg 150w, https:\/\/eldigitaldeasturias.com\/magazine365\/wp-content\/uploads\/2016\/06\/fotonoticia_20160616183739_800-360x240-1-101x66.jpg 101w\" sizes=\"(max-width: 360px) 100vw, 360px\" \/>Alaska Airlines ha reforzado su equipo directivo con tres nuevos directores generales en Relaciones Laborales, al frente del \u00e1rea de comercio electr\u00f3nico y de la gesti\u00f3n de la cadena de suministros de la compa\u00f1\u00eda a\u00e9rea.<\/p>\n<p>Se trata de Molly Gabel nombrada nueva directora general asociada al consejo general de trabajo y empleo. Se uni\u00f3 a la compa\u00f1\u00eda como abogada en 2013, centr\u00e1ndose en relaciones laborales, negociaci\u00f3n colectiva, quejas y cumplimiento de las leyes laborales.<\/p>\n<p>Otro de los nombrados ha sido Troy Kaser que conducir\u00e1 la organizaci\u00f3n de comercio electr\u00f3nico de la compa\u00f1\u00eda como director general de comercio electr\u00f3nico. Lleva en la aerol\u00ednea desde 2013 como director general de aplicaciones.<\/p>\n<p>El nuevo director general de gesti\u00f3n de la cadena de suministro ser\u00e1 Justin Neff, que entr\u00f3 en Alaska en 2014 procedente de Black &amp; Veatch, una empresa l\u00edder mundial en ingenier\u00eda, consultor\u00eda y construcci\u00f3n.<\/p>\n","protected":false},"excerpt":{"rendered":"<p>Alaska Airlines ha reforzado su equipo directivo con tres nuevos directores generales en Relaciones Laborales, al frente del \u00e1rea de comercio electr\u00f3nico y de la gesti\u00f3n de la cadena de suministros de la compa\u00f1\u00eda a\u00e9rea. Se trata de Molly Gabel nombrada nueva directora general asociada al consejo general de trabajo y empleo. Se uni\u00f3 a<\/p>\n","protected":false},"author":1,"featured_media":79846,"comment_status":"open","ping_status":"closed","sticky":false,"template":"","format":"standard","meta":{"footnotes":""},"categories":[224],"tags":[],"class_list":{"0":"post-79765","1":"post","2":"type-post","3":"status-publish","4":"format-standard","5":"has-post-thumbnail","7":"category-noticias-actualidad"},"aioseo_notices":[],"aioseo_head":"\n\t\t<!-- All in One SEO Pro 4.9.6.1 - aioseo.com -->\n\t<meta name=\"description\" content=\"Alaska Airlines ha reforzado su equipo directivo con tres nuevos directores generales en Relaciones Laborales, al frente del \u00e1rea de comercio electr\u00f3nico y de la gesti\u00f3n de la cadena de suministros de la compa\u00f1\u00eda a\u00e9rea. Se trata de Molly Gabel nombrada nueva directora general asociada al consejo general de trabajo y empleo. Se uni\u00f3 a\" \/>\n\t<meta name=\"robots\" content=\"max-image-preview:large\" \/>\n\t<meta name=\"author\" content=\"admin\"\/>\n\t<meta name=\"google-site-verification\" content=\"UA-38556648-1\" \/>\n\t<meta name=\"keywords\" content=\"noticias y actualidad\" \/>\n\t<link rel=\"canonical\" href=\"https:\/\/eldigitaldeasturias.com\/magazine365\/alaska-airlines-refuerza-su-equipo-con-tres-nuevos-directores-generales\/\" \/>\n\t<meta name=\"generator\" content=\"All in One SEO Pro (AIOSEO) 4.9.6.1\" \/>\n\t\t<meta property=\"og:locale\" content=\"es_ES\" \/>\n\t\t<meta property=\"og:site_name\" content=\"El Digital de Asturias \u2013 Revista de ocio, turismo y estilo de vida\" \/>\n\t\t<meta property=\"og:type\" content=\"article\" \/>\n\t\t<meta property=\"og:title\" content=\"Alaska Airlines refuerza su equipo con tres nuevos directores generales | El Digital de Asturias\" \/>\n\t\t<meta property=\"og:description\" content=\"Alaska Airlines ha reforzado su equipo directivo con tres nuevos directores generales en Relaciones Laborales, al frente del \u00e1rea de comercio electr\u00f3nico y de la gesti\u00f3n de la cadena de suministros de la compa\u00f1\u00eda a\u00e9rea. Se trata de Molly Gabel nombrada nueva directora general asociada al consejo general de trabajo y empleo. Se uni\u00f3 a\" \/>\n\t\t<meta property=\"og:url\" content=\"https:\/\/eldigitaldeasturias.com\/magazine365\/alaska-airlines-refuerza-su-equipo-con-tres-nuevos-directores-generales\/\" \/>\n\t\t<meta property=\"og:image\" content=\"https:\/\/eldigitaldeasturias.com\/magazine365\/wp-content\/uploads\/2016\/06\/fotonoticia_20160616183739_800-360x240-1.jpg\" \/>\n\t\t<meta property=\"og:image:secure_url\" content=\"https:\/\/eldigitaldeasturias.com\/magazine365\/wp-content\/uploads\/2016\/06\/fotonoticia_20160616183739_800-360x240-1.jpg\" \/>\n\t\t<meta property=\"og:image:width\" content=\"360\" \/>\n\t\t<meta property=\"og:image:height\" content=\"240\" \/>\n\t\t<meta property=\"article:published_time\" content=\"2016-06-16T18:19:07+00:00\" \/>\n\t\t<meta property=\"article:modified_time\" content=\"2016-06-17T10:01:24+00:00\" \/>\n\t\t<meta name=\"twitter:card\" content=\"summary_large_image\" \/>\n\t\t<meta name=\"twitter:title\" content=\"Alaska Airlines refuerza su equipo con tres nuevos directores generales | El Digital de Asturias\" \/>\n\t\t<meta name=\"twitter:description\" content=\"Alaska Airlines ha reforzado su equipo directivo con tres nuevos directores generales en Relaciones Laborales, al frente del \u00e1rea de comercio electr\u00f3nico y de la gesti\u00f3n de la cadena de suministros de la compa\u00f1\u00eda a\u00e9rea. Se trata de Molly Gabel nombrada nueva directora general asociada al consejo general de trabajo y empleo. Se uni\u00f3 a\" \/>\n\t\t<meta name=\"twitter:image\" content=\"https:\/\/eldigitaldeasturias.com\/magazine365\/wp-content\/uploads\/2016\/06\/fotonoticia_20160616183739_800-360x240-1.jpg\" \/>\n\t\t<script type=\"application\/ld+json\" class=\"aioseo-schema\">\n\t\t\t{\"@context\":\"https:\\\/\\\/schema.org\",\"@graph\":[{\"@type\":\"Article\",\"@id\":\"https:\\\/\\\/eldigitaldeasturias.com\\\/magazine365\\\/alaska-airlines-refuerza-su-equipo-con-tres-nuevos-directores-generales\\\/#article\",\"name\":\"Alaska Airlines refuerza su equipo con tres nuevos directores generales | El Digital de Asturias\",\"headline\":\"Alaska Airlines refuerza su equipo con tres nuevos directores generales\",\"author\":{\"@id\":\"https:\\\/\\\/eldigitaldeasturias.com\\\/magazine365\\\/author\\\/admin\\\/#author\"},\"publisher\":{\"@id\":\"https:\\\/\\\/eldigitaldeasturias.com\\\/magazine365\\\/#organization\"},\"image\":{\"@type\":\"ImageObject\",\"url\":\"https:\\\/\\\/eldigitaldeasturias.com\\\/magazine365\\\/wp-content\\\/uploads\\\/2016\\\/06\\\/fotonoticia_20160616183739_800-360x240-1.jpg\",\"width\":360,\"height\":240},\"datePublished\":\"2016-06-16T20:19:07+02:00\",\"dateModified\":\"2016-06-17T12:01:24+02:00\",\"inLanguage\":\"es-ES\",\"mainEntityOfPage\":{\"@id\":\"https:\\\/\\\/eldigitaldeasturias.com\\\/magazine365\\\/alaska-airlines-refuerza-su-equipo-con-tres-nuevos-directores-generales\\\/#webpage\"},\"isPartOf\":{\"@id\":\"https:\\\/\\\/eldigitaldeasturias.com\\\/magazine365\\\/alaska-airlines-refuerza-su-equipo-con-tres-nuevos-directores-generales\\\/#webpage\"},\"articleSection\":\"Noticias y Actualidad\"},{\"@type\":\"BreadcrumbList\",\"@id\":\"https:\\\/\\\/eldigitaldeasturias.com\\\/magazine365\\\/alaska-airlines-refuerza-su-equipo-con-tres-nuevos-directores-generales\\\/#breadcrumblist\",\"itemListElement\":[{\"@type\":\"ListItem\",\"@id\":\"https:\\\/\\\/eldigitaldeasturias.com\\\/magazine365#listItem\",\"position\":1,\"name\":\"Home\",\"item\":\"https:\\\/\\\/eldigitaldeasturias.com\\\/magazine365\",\"nextItem\":{\"@type\":\"ListItem\",\"@id\":\"https:\\\/\\\/eldigitaldeasturias.com\\\/magazine365\\\/category\\\/noticias-actualidad\\\/#listItem\",\"name\":\"Noticias y Actualidad\"}},{\"@type\":\"ListItem\",\"@id\":\"https:\\\/\\\/eldigitaldeasturias.com\\\/magazine365\\\/category\\\/noticias-actualidad\\\/#listItem\",\"position\":2,\"name\":\"Noticias y Actualidad\",\"item\":\"https:\\\/\\\/eldigitaldeasturias.com\\\/magazine365\\\/category\\\/noticias-actualidad\\\/\",\"nextItem\":{\"@type\":\"ListItem\",\"@id\":\"https:\\\/\\\/eldigitaldeasturias.com\\\/magazine365\\\/alaska-airlines-refuerza-su-equipo-con-tres-nuevos-directores-generales\\\/#listItem\",\"name\":\"Alaska Airlines refuerza su equipo con tres nuevos directores generales\"},\"previousItem\":{\"@type\":\"ListItem\",\"@id\":\"https:\\\/\\\/eldigitaldeasturias.com\\\/magazine365#listItem\",\"name\":\"Home\"}},{\"@type\":\"ListItem\",\"@id\":\"https:\\\/\\\/eldigitaldeasturias.com\\\/magazine365\\\/alaska-airlines-refuerza-su-equipo-con-tres-nuevos-directores-generales\\\/#listItem\",\"position\":3,\"name\":\"Alaska Airlines refuerza su equipo con tres nuevos directores generales\",\"previousItem\":{\"@type\":\"ListItem\",\"@id\":\"https:\\\/\\\/eldigitaldeasturias.com\\\/magazine365\\\/category\\\/noticias-actualidad\\\/#listItem\",\"name\":\"Noticias y Actualidad\"}}]},{\"@type\":\"Organization\",\"@id\":\"https:\\\/\\\/eldigitaldeasturias.com\\\/magazine365\\\/#organization\",\"name\":\"El digital de Asturias\",\"description\":\"Revista de ocio, turismo y estilo de vida\",\"url\":\"https:\\\/\\\/eldigitaldeasturias.com\\\/magazine365\\\/\",\"logo\":{\"@type\":\"ImageObject\",\"url\":\"https:\\\/\\\/www.eldigitaldeasturias.com\\\/noticias\\\/wp-content\\\/uploads\\\/2020\\\/12\\\/EDA.jpg\",\"@id\":\"https:\\\/\\\/eldigitaldeasturias.com\\\/magazine365\\\/alaska-airlines-refuerza-su-equipo-con-tres-nuevos-directores-generales\\\/#organizationLogo\"},\"image\":{\"@id\":\"https:\\\/\\\/eldigitaldeasturias.com\\\/magazine365\\\/alaska-airlines-refuerza-su-equipo-con-tres-nuevos-directores-generales\\\/#organizationLogo\"}},{\"@type\":\"Person\",\"@id\":\"https:\\\/\\\/eldigitaldeasturias.com\\\/magazine365\\\/author\\\/admin\\\/#author\",\"url\":\"https:\\\/\\\/eldigitaldeasturias.com\\\/magazine365\\\/author\\\/admin\\\/\",\"name\":\"admin\",\"image\":{\"@type\":\"ImageObject\",\"@id\":\"https:\\\/\\\/eldigitaldeasturias.com\\\/magazine365\\\/alaska-airlines-refuerza-su-equipo-con-tres-nuevos-directores-generales\\\/#authorImage\",\"url\":\"https:\\\/\\\/eldigitaldeasturias.com\\\/magazine365\\\/wp-content\\\/litespeed\\\/avatar\\\/e571bcf59a0edd6fa6838245a470f2fe.jpg?ver=1776969259\",\"width\":96,\"height\":96,\"caption\":\"admin\"}},{\"@type\":\"WebPage\",\"@id\":\"https:\\\/\\\/eldigitaldeasturias.com\\\/magazine365\\\/alaska-airlines-refuerza-su-equipo-con-tres-nuevos-directores-generales\\\/#webpage\",\"url\":\"https:\\\/\\\/eldigitaldeasturias.com\\\/magazine365\\\/alaska-airlines-refuerza-su-equipo-con-tres-nuevos-directores-generales\\\/\",\"name\":\"Alaska Airlines refuerza su equipo con tres nuevos directores generales | El Digital de Asturias\",\"description\":\"Alaska Airlines ha reforzado su equipo directivo con tres nuevos directores generales en Relaciones Laborales, al frente del \\u00e1rea de comercio electr\\u00f3nico y de la gesti\\u00f3n de la cadena de suministros de la compa\\u00f1\\u00eda a\\u00e9rea. Se trata de Molly Gabel nombrada nueva directora general asociada al consejo general de trabajo y empleo. Se uni\\u00f3 a\",\"inLanguage\":\"es-ES\",\"isPartOf\":{\"@id\":\"https:\\\/\\\/eldigitaldeasturias.com\\\/magazine365\\\/#website\"},\"breadcrumb\":{\"@id\":\"https:\\\/\\\/eldigitaldeasturias.com\\\/magazine365\\\/alaska-airlines-refuerza-su-equipo-con-tres-nuevos-directores-generales\\\/#breadcrumblist\"},\"author\":{\"@id\":\"https:\\\/\\\/eldigitaldeasturias.com\\\/magazine365\\\/author\\\/admin\\\/#author\"},\"creator\":{\"@id\":\"https:\\\/\\\/eldigitaldeasturias.com\\\/magazine365\\\/author\\\/admin\\\/#author\"},\"image\":{\"@type\":\"ImageObject\",\"url\":\"https:\\\/\\\/eldigitaldeasturias.com\\\/magazine365\\\/wp-content\\\/uploads\\\/2016\\\/06\\\/fotonoticia_20160616183739_800-360x240-1.jpg\",\"@id\":\"https:\\\/\\\/eldigitaldeasturias.com\\\/magazine365\\\/alaska-airlines-refuerza-su-equipo-con-tres-nuevos-directores-generales\\\/#mainImage\",\"width\":360,\"height\":240},\"primaryImageOfPage\":{\"@id\":\"https:\\\/\\\/eldigitaldeasturias.com\\\/magazine365\\\/alaska-airlines-refuerza-su-equipo-con-tres-nuevos-directores-generales\\\/#mainImage\"},\"datePublished\":\"2016-06-16T20:19:07+02:00\",\"dateModified\":\"2016-06-17T12:01:24+02:00\"},{\"@type\":\"WebSite\",\"@id\":\"https:\\\/\\\/eldigitaldeasturias.com\\\/magazine365\\\/#website\",\"url\":\"https:\\\/\\\/eldigitaldeasturias.com\\\/magazine365\\\/\",\"name\":\"El Digital de Asturias\",\"description\":\"Revista de ocio, turismo y estilo de vida\",\"inLanguage\":\"es-ES\",\"publisher\":{\"@id\":\"https:\\\/\\\/eldigitaldeasturias.com\\\/magazine365\\\/#organization\"}}]}\n\t\t<\/script>\n\t\t<!-- All in One SEO Pro -->\r\n\t\t<title>Alaska Airlines refuerza su equipo con tres nuevos directores generales | El Digital de Asturias<\/title>\n\n","aioseo_head_json":{"title":"Alaska Airlines refuerza su equipo con tres nuevos directores generales | El Digital de Asturias","description":"Alaska Airlines ha reforzado su equipo directivo con tres nuevos directores generales en Relaciones Laborales, al frente del \u00e1rea de comercio electr\u00f3nico y de la gesti\u00f3n de la cadena de suministros de la compa\u00f1\u00eda a\u00e9rea. Se trata de Molly Gabel nombrada nueva directora general asociada al consejo general de trabajo y empleo. Se uni\u00f3 a","canonical_url":"https:\/\/eldigitaldeasturias.com\/magazine365\/alaska-airlines-refuerza-su-equipo-con-tres-nuevos-directores-generales\/","robots":"max-image-preview:large","keywords":"noticias y actualidad","webmasterTools":{"google-site-verification":"UA-38556648-1","miscellaneous":""},"schema":{"@context":"https:\/\/schema.org","@graph":[{"@type":"Article","@id":"https:\/\/eldigitaldeasturias.com\/magazine365\/alaska-airlines-refuerza-su-equipo-con-tres-nuevos-directores-generales\/#article","name":"Alaska Airlines refuerza su equipo con tres nuevos directores generales | El Digital de Asturias","headline":"Alaska Airlines refuerza su equipo con tres nuevos directores generales","author":{"@id":"https:\/\/eldigitaldeasturias.com\/magazine365\/author\/admin\/#author"},"publisher":{"@id":"https:\/\/eldigitaldeasturias.com\/magazine365\/#organization"},"image":{"@type":"ImageObject","url":"https:\/\/eldigitaldeasturias.com\/magazine365\/wp-content\/uploads\/2016\/06\/fotonoticia_20160616183739_800-360x240-1.jpg","width":360,"height":240},"datePublished":"2016-06-16T20:19:07+02:00","dateModified":"2016-06-17T12:01:24+02:00","inLanguage":"es-ES","mainEntityOfPage":{"@id":"https:\/\/eldigitaldeasturias.com\/magazine365\/alaska-airlines-refuerza-su-equipo-con-tres-nuevos-directores-generales\/#webpage"},"isPartOf":{"@id":"https:\/\/eldigitaldeasturias.com\/magazine365\/alaska-airlines-refuerza-su-equipo-con-tres-nuevos-directores-generales\/#webpage"},"articleSection":"Noticias y Actualidad"},{"@type":"BreadcrumbList","@id":"https:\/\/eldigitaldeasturias.com\/magazine365\/alaska-airlines-refuerza-su-equipo-con-tres-nuevos-directores-generales\/#breadcrumblist","itemListElement":[{"@type":"ListItem","@id":"https:\/\/eldigitaldeasturias.com\/magazine365#listItem","position":1,"name":"Home","item":"https:\/\/eldigitaldeasturias.com\/magazine365","nextItem":{"@type":"ListItem","@id":"https:\/\/eldigitaldeasturias.com\/magazine365\/category\/noticias-actualidad\/#listItem","name":"Noticias y Actualidad"}},{"@type":"ListItem","@id":"https:\/\/eldigitaldeasturias.com\/magazine365\/category\/noticias-actualidad\/#listItem","position":2,"name":"Noticias y Actualidad","item":"https:\/\/eldigitaldeasturias.com\/magazine365\/category\/noticias-actualidad\/","nextItem":{"@type":"ListItem","@id":"https:\/\/eldigitaldeasturias.com\/magazine365\/alaska-airlines-refuerza-su-equipo-con-tres-nuevos-directores-generales\/#listItem","name":"Alaska Airlines refuerza su equipo con tres nuevos directores generales"},"previousItem":{"@type":"ListItem","@id":"https:\/\/eldigitaldeasturias.com\/magazine365#listItem","name":"Home"}},{"@type":"ListItem","@id":"https:\/\/eldigitaldeasturias.com\/magazine365\/alaska-airlines-refuerza-su-equipo-con-tres-nuevos-directores-generales\/#listItem","position":3,"name":"Alaska Airlines refuerza su equipo con tres nuevos directores generales","previousItem":{"@type":"ListItem","@id":"https:\/\/eldigitaldeasturias.com\/magazine365\/category\/noticias-actualidad\/#listItem","name":"Noticias y Actualidad"}}]},{"@type":"Organization","@id":"https:\/\/eldigitaldeasturias.com\/magazine365\/#organization","name":"El digital de Asturias","description":"Revista de ocio, turismo y estilo de vida","url":"https:\/\/eldigitaldeasturias.com\/magazine365\/","logo":{"@type":"ImageObject","url":"https:\/\/www.eldigitaldeasturias.com\/noticias\/wp-content\/uploads\/2020\/12\/EDA.jpg","@id":"https:\/\/eldigitaldeasturias.com\/magazine365\/alaska-airlines-refuerza-su-equipo-con-tres-nuevos-directores-generales\/#organizationLogo"},"image":{"@id":"https:\/\/eldigitaldeasturias.com\/magazine365\/alaska-airlines-refuerza-su-equipo-con-tres-nuevos-directores-generales\/#organizationLogo"}},{"@type":"Person","@id":"https:\/\/eldigitaldeasturias.com\/magazine365\/author\/admin\/#author","url":"https:\/\/eldigitaldeasturias.com\/magazine365\/author\/admin\/","name":"admin","image":{"@type":"ImageObject","@id":"https:\/\/eldigitaldeasturias.com\/magazine365\/alaska-airlines-refuerza-su-equipo-con-tres-nuevos-directores-generales\/#authorImage","url":"https:\/\/eldigitaldeasturias.com\/magazine365\/wp-content\/litespeed\/avatar\/e571bcf59a0edd6fa6838245a470f2fe.jpg?ver=1776969259","width":96,"height":96,"caption":"admin"}},{"@type":"WebPage","@id":"https:\/\/eldigitaldeasturias.com\/magazine365\/alaska-airlines-refuerza-su-equipo-con-tres-nuevos-directores-generales\/#webpage","url":"https:\/\/eldigitaldeasturias.com\/magazine365\/alaska-airlines-refuerza-su-equipo-con-tres-nuevos-directores-generales\/","name":"Alaska Airlines refuerza su equipo con tres nuevos directores generales | El Digital de Asturias","description":"Alaska Airlines ha reforzado su equipo directivo con tres nuevos directores generales en Relaciones Laborales, al frente del \u00e1rea de comercio electr\u00f3nico y de la gesti\u00f3n de la cadena de suministros de la compa\u00f1\u00eda a\u00e9rea. Se trata de Molly Gabel nombrada nueva directora general asociada al consejo general de trabajo y empleo. Se uni\u00f3 a","inLanguage":"es-ES","isPartOf":{"@id":"https:\/\/eldigitaldeasturias.com\/magazine365\/#website"},"breadcrumb":{"@id":"https:\/\/eldigitaldeasturias.com\/magazine365\/alaska-airlines-refuerza-su-equipo-con-tres-nuevos-directores-generales\/#breadcrumblist"},"author":{"@id":"https:\/\/eldigitaldeasturias.com\/magazine365\/author\/admin\/#author"},"creator":{"@id":"https:\/\/eldigitaldeasturias.com\/magazine365\/author\/admin\/#author"},"image":{"@type":"ImageObject","url":"https:\/\/eldigitaldeasturias.com\/magazine365\/wp-content\/uploads\/2016\/06\/fotonoticia_20160616183739_800-360x240-1.jpg","@id":"https:\/\/eldigitaldeasturias.com\/magazine365\/alaska-airlines-refuerza-su-equipo-con-tres-nuevos-directores-generales\/#mainImage","width":360,"height":240},"primaryImageOfPage":{"@id":"https:\/\/eldigitaldeasturias.com\/magazine365\/alaska-airlines-refuerza-su-equipo-con-tres-nuevos-directores-generales\/#mainImage"},"datePublished":"2016-06-16T20:19:07+02:00","dateModified":"2016-06-17T12:01:24+02:00"},{"@type":"WebSite","@id":"https:\/\/eldigitaldeasturias.com\/magazine365\/#website","url":"https:\/\/eldigitaldeasturias.com\/magazine365\/","name":"El Digital de Asturias","description":"Revista de ocio, turismo y estilo de vida","inLanguage":"es-ES","publisher":{"@id":"https:\/\/eldigitaldeasturias.com\/magazine365\/#organization"}}]},"og:locale":"es_ES","og:site_name":"El Digital de Asturias \u2013 Revista de ocio, turismo y estilo de vida","og:type":"article","og:title":"Alaska Airlines refuerza su equipo con tres nuevos directores generales | El Digital de Asturias","og:description":"Alaska Airlines ha reforzado su equipo directivo con tres nuevos directores generales en Relaciones Laborales, al frente del \u00e1rea de comercio electr\u00f3nico y de la gesti\u00f3n de la cadena de suministros de la compa\u00f1\u00eda a\u00e9rea. Se trata de Molly Gabel nombrada nueva directora general asociada al consejo general de trabajo y empleo. Se uni\u00f3 a","og:url":"https:\/\/eldigitaldeasturias.com\/magazine365\/alaska-airlines-refuerza-su-equipo-con-tres-nuevos-directores-generales\/","og:image":"https:\/\/eldigitaldeasturias.com\/magazine365\/wp-content\/uploads\/2016\/06\/fotonoticia_20160616183739_800-360x240-1.jpg","og:image:secure_url":"https:\/\/eldigitaldeasturias.com\/magazine365\/wp-content\/uploads\/2016\/06\/fotonoticia_20160616183739_800-360x240-1.jpg","og:image:width":360,"og:image:height":240,"article:published_time":"2016-06-16T18:19:07+00:00","article:modified_time":"2016-06-17T10:01:24+00:00","twitter:card":"summary_large_image","twitter:title":"Alaska Airlines refuerza su equipo con tres nuevos directores generales | El Digital de Asturias","twitter:description":"Alaska Airlines ha reforzado su equipo directivo con tres nuevos directores generales en Relaciones Laborales, al frente del \u00e1rea de comercio electr\u00f3nico y de la gesti\u00f3n de la cadena de suministros de la compa\u00f1\u00eda a\u00e9rea. Se trata de Molly Gabel nombrada nueva directora general asociada al consejo general de trabajo y empleo. Se uni\u00f3 a","twitter:image":"https:\/\/eldigitaldeasturias.com\/magazine365\/wp-content\/uploads\/2016\/06\/fotonoticia_20160616183739_800-360x240-1.jpg"},"aioseo_meta_data":{"post_id":"79765","title":null,"description":null,"keywords":null,"keyphrases":null,"primary_term":null,"canonical_url":null,"og_title":null,"og_description":null,"og_object_type":"default","og_image_type":"default","og_image_url":null,"og_image_width":null,"og_image_height":null,"og_image_custom_url":null,"og_image_custom_fields":null,"og_video":null,"og_custom_url":null,"og_article_section":null,"og_article_tags":null,"twitter_use_og":false,"twitter_card":"default","twitter_image_type":"default","twitter_image_url":null,"twitter_image_custom_url":null,"twitter_image_custom_fields":null,"twitter_title":null,"twitter_description":null,"schema":{"blockGraphs":[],"customGraphs":[],"default":{"data":{"Article":[],"Course":[],"Dataset":[],"FAQPage":[],"Movie":[],"Person":[],"Product":[],"ProductReview":[],"Car":[],"Recipe":[],"Service":[],"SoftwareApplication":[],"WebPage":[]},"graphName":"","isEnabled":true},"graphs":[],"defaultGraph":"","defaultPostTypeGraph":""},"schema_type":null,"schema_type_options":null,"pillar_content":false,"robots_default":true,"robots_noindex":false,"robots_noarchive":false,"robots_nosnippet":false,"robots_nofollow":false,"robots_noimageindex":false,"robots_noodp":false,"robots_notranslate":false,"robots_max_snippet":null,"robots_max_videopreview":null,"robots_max_imagepreview":"large","priority":null,"frequency":null,"location":null,"local_seo":null,"seo_analyzer_scan_date":"2025-09-27 19:30:34","breadcrumb_settings":null,"limit_modified_date":false,"open_ai":null,"ai":null,"created":"2021-03-08 17:43:48","updated":"2025-09-27 19:30:34"},"aioseo_breadcrumb":"<div class=\"aioseo-breadcrumbs\"><span class=\"aioseo-breadcrumb\">\n\t<a href=\"https:\/\/eldigitaldeasturias.com\/magazine365\" title=\"Home\">Home<\/a>\n<\/span><span class=\"aioseo-breadcrumb-separator\">\u2013<\/span><span class=\"aioseo-breadcrumb\">\n\t<a href=\"https:\/\/eldigitaldeasturias.com\/magazine365\/category\/noticias-actualidad\/\" title=\"Noticias y Actualidad\">Noticias y Actualidad<\/a>\n<\/span><span class=\"aioseo-breadcrumb-separator\">\u2013<\/span><span class=\"aioseo-breadcrumb\">\n\t<a href=\"https:\/\/eldigitaldeasturias.com\/magazine365\/alaska-airlines-refuerza-su-equipo-con-tres-nuevos-directores-generales\/\" title=\"Alaska Airlines refuerza su equipo con tres nuevos directores generales\">Alaska Airlines refuerza su equipo con tres nuevos directores generales<\/a>\n<\/span><\/div>","aioseo_breadcrumb_json":[{"label":"Home","link":"https:\/\/eldigitaldeasturias.com\/magazine365"},{"label":"Noticias y Actualidad","link":"https:\/\/eldigitaldeasturias.com\/magazine365\/category\/noticias-actualidad\/"},{"label":"Alaska Airlines refuerza su equipo con tres nuevos directores generales","link":"https:\/\/eldigitaldeasturias.com\/magazine365\/alaska-airlines-refuerza-su-equipo-con-tres-nuevos-directores-generales\/"}],"_links":{"self":[{"href":"https:\/\/eldigitaldeasturias.com\/magazine365\/wp-json\/wp\/v2\/posts\/79765","targetHints":{"allow":["GET"]}}],"collection":[{"href":"https:\/\/eldigitaldeasturias.com\/magazine365\/wp-json\/wp\/v2\/posts"}],"about":[{"href":"https:\/\/eldigitaldeasturias.com\/magazine365\/wp-json\/wp\/v2\/types\/post"}],"author":[{"embeddable":true,"href":"https:\/\/eldigitaldeasturias.com\/magazine365\/wp-json\/wp\/v2\/users\/1"}],"replies":[{"embeddable":true,"href":"https:\/\/eldigitaldeasturias.com\/magazine365\/wp-json\/wp\/v2\/comments?post=79765"}],"version-history":[{"count":0,"href":"https:\/\/eldigitaldeasturias.com\/magazine365\/wp-json\/wp\/v2\/posts\/79765\/revisions"}],"wp:featuredmedia":[{"embeddable":true,"href":"https:\/\/eldigitaldeasturias.com\/magazine365\/wp-json\/wp\/v2\/media\/79846"}],"wp:attachment":[{"href":"https:\/\/eldigitaldeasturias.com\/magazine365\/wp-json\/wp\/v2\/media?parent=79765"}],"wp:term":[{"taxonomy":"category","embeddable":true,"href":"https:\/\/eldigitaldeasturias.com\/magazine365\/wp-json\/wp\/v2\/categories?post=79765"},{"taxonomy":"post_tag","embeddable":true,"href":"https:\/\/eldigitaldeasturias.com\/magazine365\/wp-json\/wp\/v2\/tags?post=79765"}],"curies":[{"name":"wp","href":"https:\/\/api.w.org\/{rel}","templated":true}]}}