{"id":79758,"date":"2016-06-16T19:45:24","date_gmt":"2016-06-16T17:45:24","guid":{"rendered":"http:\/\/eldigitaldeasturias.com\/magazine365\/?p=79758"},"modified":"2016-06-16T19:45:24","modified_gmt":"2016-06-16T17:45:24","slug":"puig-acusa-a-fomento-de-poner-todos-los-recursos-a-favor-del-puerto-de-barcelona-y-en-contra-del-de-valencia","status":"publish","type":"post","link":"https:\/\/eldigitaldeasturias.com\/magazine365\/puig-acusa-a-fomento-de-poner-todos-los-recursos-a-favor-del-puerto-de-barcelona-y-en-contra-del-de-valencia\/","title":{"rendered":"Puig acusa a Fomento de \u00abponer todos los recursos a favor del puerto de Barcelona y en contra del de Valencia\u00bb"},"content":{"rendered":"<p><img fetchpriority=\"high\" decoding=\"async\" class=\"alignleft size-medium wp-image-79759\" src=\"https:\/\/eldigitaldeasturias.com\/magazine365\/wp-content\/uploads\/2016\/06\/fotonoticia_20160616182211_800-360x240.jpg\" alt=\"fotonoticia_20160616182211_800\" width=\"360\" height=\"240\" srcset=\"https:\/\/eldigitaldeasturias.com\/magazine365\/wp-content\/uploads\/2016\/06\/fotonoticia_20160616182211_800-360x240.jpg 360w, https:\/\/eldigitaldeasturias.com\/magazine365\/wp-content\/uploads\/2016\/06\/fotonoticia_20160616182211_800-650x433.jpg 650w, https:\/\/eldigitaldeasturias.com\/magazine365\/wp-content\/uploads\/2016\/06\/fotonoticia_20160616182211_800-768x512.jpg 768w, https:\/\/eldigitaldeasturias.com\/magazine365\/wp-content\/uploads\/2016\/06\/fotonoticia_20160616182211_800-150x100.jpg 150w, https:\/\/eldigitaldeasturias.com\/magazine365\/wp-content\/uploads\/2016\/06\/fotonoticia_20160616182211_800-450x300.jpg 450w, https:\/\/eldigitaldeasturias.com\/magazine365\/wp-content\/uploads\/2016\/06\/fotonoticia_20160616182211_800-101x66.jpg 101w, https:\/\/eldigitaldeasturias.com\/magazine365\/wp-content\/uploads\/2016\/06\/fotonoticia_20160616182211_800.jpg 800w\" sizes=\"(max-width: 360px) 100vw, 360px\" \/>El presidente de la Generalitat, Ximo Puig, ha acusado este jueves al Ministerio de Fomento de \u00abponer todos los recursos a favor del puerto de Barcelona y en contra del de Valencia\u00bb. \u00abNo s\u00e9 qu\u00e9 le hemos hecho a la ministra\u00bb, ha manifestado el jefe del Consell.<\/p>\n<p>Puig, en declaraciones a los medios de comunicaci\u00f3n en los pasillos de las Corts, ha criticado el \u00abincendio pol\u00edtico\u00bb que, a su juicio, \u00abest\u00e1 provocando Rajoy permanentemente\u00bb. En este sentido, ha manifestado que \u00abla entrada en campa\u00f1a\u00bb del presidente del Gobierno en funciones y del PP ha hecho \u00abponer todos los recursos a favor del puerto de Barcelona y en contra del de Valencia\u00bb.<\/p>\n<p>Asimismo, ha criticado la \u00abactitud\u00bb del Ejecutivo de Rajoy con Parc Sagunt, que es \u00abuna de las \u00e1reas log\u00edsticas m\u00e1s importantes de este pa\u00eds, que pod\u00eda tener una repercusi\u00f3n enorme en puestos de trabajo\u00bb. \u00abCon una cierta actitud de desprecio pol\u00edtico y de incompetencia se est\u00e1 paralizando\u00bb, ha denunciado.<\/p>\n<p>Por su parte, la presidenta del PPCV y s\u00edndica del grupo popular, Isabel Bonig ha destacado que hay un \u00abcompromiso\u00bb del Gobierno central de \u00abaportar la financiaci\u00f3n necesaria\u00bb para el tema de Parc Sagunt, y ha manifestado que \u00abse resolver\u00e1 pronto la cuesti\u00f3n administrativa\u00bb que existe.<\/p>\n<p>\u00abEl PP va a defender la Comunitat Valenciana y los intereses de los valencianos en todos los lugares y frente al Gobierno de Madrid, gobierne quien gobierne\u00bb, ha dicho Bonig a los medios de comunicaci\u00f3n, y ha a\u00f1adido que \u00abno abandona Parc Sagunt\u00bb, pero \u00abno se ha podido aprobar un pr\u00e9stamo por una cuesti\u00f3n administrativa\u00bb.<\/p>\n<p>Del mismo modo, la dirigente &#8216;popular&#8217; ha explicado que los accesos ferroviarios al puerto de Barcelona \u00abson consecuencia de un convenio que se firm\u00f3, donde una parte de la aportaci\u00f3n la hace Fomento y otra el puerto de Barcelona, con 75 millones, exactamente lo mismo que en el caso de los accesos ferroviarios de la Autoridad Portuaria de Valencia (APV), en el caso del puerto de Sagunto\u00bb.<\/p>\n<p>Bonig ha explicado que \u00abel proyecto para la conexi\u00f3n del puerto de Sagunto con el Corredor Mediterr\u00e1neo, de unos 20 millones, se aprob\u00f3 por el Ministerio de Fomento, se tramit\u00f3 la declaraci\u00f3n de impacto ambiental que es favorable y se est\u00e1 a la espera de la firma de un convenio, donde la mitad la aportar\u00e1 el Ministerio de Fomento y la otra la APV, con fondos portuarios que se crearon en julio de 2015\u00bb.<\/p>\n<p>Asimismo, ha destacado que la l\u00ednea Sagunto-Teruel-Zaragoza es \u00abun proyecto que present\u00f3 el anterior gobierno del PP y el Ministerio lo va a llevar a cabo\u00bb. \u00abLos accesos est\u00e1n previstos y simplemente hay que terminar de firmar el convenio\u00bb, ha aclarado.<\/p>\n<p>\u00abMenos llorar y m\u00e1s trabajar\u00bb, ha dicho Bonig a Puig, y ha pedido que \u00e9l o su consellera de Obras P\u00fablicas, Mar\u00eda Jos\u00e9 Salvador, \u00abcojan un AVE, vayan a Madrid y agilicen esto, porque las cuestiones administrativas cuestan\u00bb.<\/p>\n","protected":false},"excerpt":{"rendered":"<p>El presidente de la Generalitat, Ximo Puig, ha acusado este jueves al Ministerio de Fomento de \u00abponer todos los recursos a favor del puerto de Barcelona y en contra del de Valencia\u00bb. \u00abNo s\u00e9 qu\u00e9 le hemos hecho a la ministra\u00bb, ha manifestado el jefe del Consell. Puig, en declaraciones a los medios de comunicaci\u00f3n<\/p>\n","protected":false},"author":1,"featured_media":79759,"comment_status":"open","ping_status":"closed","sticky":false,"template":"","format":"standard","meta":{"footnotes":""},"categories":[224],"tags":[],"class_list":{"0":"post-79758","1":"post","2":"type-post","3":"status-publish","4":"format-standard","5":"has-post-thumbnail","7":"category-noticias-actualidad"},"aioseo_notices":[],"aioseo_head":"\n\t\t<!-- All in One SEO Pro 4.9.6.1 - aioseo.com -->\n\t<meta name=\"description\" content=\"El presidente de la Generalitat, Ximo Puig, ha acusado este jueves al Ministerio de Fomento de &quot;poner todos los recursos a favor del puerto de Barcelona y en contra del de Valencia&quot;. &quot;No s\u00e9 qu\u00e9 le hemos hecho a la ministra&quot;, ha manifestado el jefe del Consell. Puig, en declaraciones a los medios de comunicaci\u00f3n\" \/>\n\t<meta name=\"robots\" content=\"max-image-preview:large\" \/>\n\t<meta name=\"author\" content=\"admin\"\/>\n\t<meta name=\"google-site-verification\" content=\"UA-38556648-1\" \/>\n\t<meta name=\"keywords\" content=\"noticias y actualidad\" \/>\n\t<link rel=\"canonical\" href=\"https:\/\/eldigitaldeasturias.com\/magazine365\/puig-acusa-a-fomento-de-poner-todos-los-recursos-a-favor-del-puerto-de-barcelona-y-en-contra-del-de-valencia\/\" \/>\n\t<meta name=\"generator\" content=\"All in One SEO Pro (AIOSEO) 4.9.6.1\" \/>\n\t\t<meta property=\"og:locale\" content=\"es_ES\" \/>\n\t\t<meta property=\"og:site_name\" content=\"El Digital de Asturias \u2013 Revista de ocio, turismo y estilo de vida\" \/>\n\t\t<meta property=\"og:type\" content=\"article\" \/>\n\t\t<meta property=\"og:title\" content=\"Puig acusa a Fomento de \u00abponer todos los recursos a favor del puerto de Barcelona y en contra del de Valencia\u00bb | El Digital de Asturias\" \/>\n\t\t<meta property=\"og:description\" content=\"El presidente de la Generalitat, Ximo Puig, ha acusado este jueves al Ministerio de Fomento de &quot;poner todos los recursos a favor del puerto de Barcelona y en contra del de Valencia&quot;. &quot;No s\u00e9 qu\u00e9 le hemos hecho a la ministra&quot;, ha manifestado el jefe del Consell. Puig, en declaraciones a los medios de comunicaci\u00f3n\" \/>\n\t\t<meta property=\"og:url\" content=\"https:\/\/eldigitaldeasturias.com\/magazine365\/puig-acusa-a-fomento-de-poner-todos-los-recursos-a-favor-del-puerto-de-barcelona-y-en-contra-del-de-valencia\/\" \/>\n\t\t<meta property=\"og:image\" content=\"https:\/\/eldigitaldeasturias.com\/magazine365\/wp-content\/uploads\/2016\/06\/fotonoticia_20160616182211_800.jpg\" \/>\n\t\t<meta property=\"og:image:secure_url\" content=\"https:\/\/eldigitaldeasturias.com\/magazine365\/wp-content\/uploads\/2016\/06\/fotonoticia_20160616182211_800.jpg\" \/>\n\t\t<meta property=\"og:image:width\" content=\"800\" \/>\n\t\t<meta property=\"og:image:height\" content=\"533\" \/>\n\t\t<meta property=\"article:published_time\" content=\"2016-06-16T17:45:24+00:00\" \/>\n\t\t<meta property=\"article:modified_time\" content=\"2016-06-16T17:45:24+00:00\" \/>\n\t\t<meta name=\"twitter:card\" content=\"summary_large_image\" \/>\n\t\t<meta name=\"twitter:title\" content=\"Puig acusa a Fomento de \u00abponer todos los recursos a favor del puerto de Barcelona y en contra del de Valencia\u00bb | El Digital de Asturias\" \/>\n\t\t<meta name=\"twitter:description\" content=\"El presidente de la Generalitat, Ximo Puig, ha acusado este jueves al Ministerio de Fomento de &quot;poner todos los recursos a favor del puerto de Barcelona y en contra del de Valencia&quot;. &quot;No s\u00e9 qu\u00e9 le hemos hecho a la ministra&quot;, ha manifestado el jefe del Consell. Puig, en declaraciones a los medios de comunicaci\u00f3n\" \/>\n\t\t<meta name=\"twitter:image\" content=\"https:\/\/eldigitaldeasturias.com\/magazine365\/wp-content\/uploads\/2016\/06\/fotonoticia_20160616182211_800.jpg\" \/>\n\t\t<script type=\"application\/ld+json\" class=\"aioseo-schema\">\n\t\t\t{\"@context\":\"https:\\\/\\\/schema.org\",\"@graph\":[{\"@type\":\"Article\",\"@id\":\"https:\\\/\\\/eldigitaldeasturias.com\\\/magazine365\\\/puig-acusa-a-fomento-de-poner-todos-los-recursos-a-favor-del-puerto-de-barcelona-y-en-contra-del-de-valencia\\\/#article\",\"name\":\"Puig acusa a Fomento de \\u00abponer todos los recursos a favor del puerto de Barcelona y en contra del de Valencia\\u00bb | El Digital de Asturias\",\"headline\":\"Puig acusa a Fomento de \\u00abponer todos los recursos a favor del puerto de Barcelona y en contra del de Valencia\\u00bb\",\"author\":{\"@id\":\"https:\\\/\\\/eldigitaldeasturias.com\\\/magazine365\\\/author\\\/admin\\\/#author\"},\"publisher\":{\"@id\":\"https:\\\/\\\/eldigitaldeasturias.com\\\/magazine365\\\/#organization\"},\"image\":{\"@type\":\"ImageObject\",\"url\":\"https:\\\/\\\/eldigitaldeasturias.com\\\/magazine365\\\/wp-content\\\/uploads\\\/2016\\\/06\\\/fotonoticia_20160616182211_800.jpg\",\"width\":800,\"height\":533},\"datePublished\":\"2016-06-16T19:45:24+02:00\",\"dateModified\":\"2016-06-16T19:45:24+02:00\",\"inLanguage\":\"es-ES\",\"mainEntityOfPage\":{\"@id\":\"https:\\\/\\\/eldigitaldeasturias.com\\\/magazine365\\\/puig-acusa-a-fomento-de-poner-todos-los-recursos-a-favor-del-puerto-de-barcelona-y-en-contra-del-de-valencia\\\/#webpage\"},\"isPartOf\":{\"@id\":\"https:\\\/\\\/eldigitaldeasturias.com\\\/magazine365\\\/puig-acusa-a-fomento-de-poner-todos-los-recursos-a-favor-del-puerto-de-barcelona-y-en-contra-del-de-valencia\\\/#webpage\"},\"articleSection\":\"Noticias y Actualidad\"},{\"@type\":\"BreadcrumbList\",\"@id\":\"https:\\\/\\\/eldigitaldeasturias.com\\\/magazine365\\\/puig-acusa-a-fomento-de-poner-todos-los-recursos-a-favor-del-puerto-de-barcelona-y-en-contra-del-de-valencia\\\/#breadcrumblist\",\"itemListElement\":[{\"@type\":\"ListItem\",\"@id\":\"https:\\\/\\\/eldigitaldeasturias.com\\\/magazine365#listItem\",\"position\":1,\"name\":\"Home\",\"item\":\"https:\\\/\\\/eldigitaldeasturias.com\\\/magazine365\",\"nextItem\":{\"@type\":\"ListItem\",\"@id\":\"https:\\\/\\\/eldigitaldeasturias.com\\\/magazine365\\\/category\\\/noticias-actualidad\\\/#listItem\",\"name\":\"Noticias y Actualidad\"}},{\"@type\":\"ListItem\",\"@id\":\"https:\\\/\\\/eldigitaldeasturias.com\\\/magazine365\\\/category\\\/noticias-actualidad\\\/#listItem\",\"position\":2,\"name\":\"Noticias y Actualidad\",\"item\":\"https:\\\/\\\/eldigitaldeasturias.com\\\/magazine365\\\/category\\\/noticias-actualidad\\\/\",\"nextItem\":{\"@type\":\"ListItem\",\"@id\":\"https:\\\/\\\/eldigitaldeasturias.com\\\/magazine365\\\/puig-acusa-a-fomento-de-poner-todos-los-recursos-a-favor-del-puerto-de-barcelona-y-en-contra-del-de-valencia\\\/#listItem\",\"name\":\"Puig acusa a Fomento de \\u00abponer todos los recursos a favor del puerto de Barcelona y en contra del de Valencia\\u00bb\"},\"previousItem\":{\"@type\":\"ListItem\",\"@id\":\"https:\\\/\\\/eldigitaldeasturias.com\\\/magazine365#listItem\",\"name\":\"Home\"}},{\"@type\":\"ListItem\",\"@id\":\"https:\\\/\\\/eldigitaldeasturias.com\\\/magazine365\\\/puig-acusa-a-fomento-de-poner-todos-los-recursos-a-favor-del-puerto-de-barcelona-y-en-contra-del-de-valencia\\\/#listItem\",\"position\":3,\"name\":\"Puig acusa a Fomento de \\u00abponer todos los recursos a favor del puerto de Barcelona y en contra del de Valencia\\u00bb\",\"previousItem\":{\"@type\":\"ListItem\",\"@id\":\"https:\\\/\\\/eldigitaldeasturias.com\\\/magazine365\\\/category\\\/noticias-actualidad\\\/#listItem\",\"name\":\"Noticias y Actualidad\"}}]},{\"@type\":\"Organization\",\"@id\":\"https:\\\/\\\/eldigitaldeasturias.com\\\/magazine365\\\/#organization\",\"name\":\"El digital de Asturias\",\"description\":\"Revista de ocio, turismo y estilo de vida\",\"url\":\"https:\\\/\\\/eldigitaldeasturias.com\\\/magazine365\\\/\",\"logo\":{\"@type\":\"ImageObject\",\"url\":\"https:\\\/\\\/www.eldigitaldeasturias.com\\\/noticias\\\/wp-content\\\/uploads\\\/2020\\\/12\\\/EDA.jpg\",\"@id\":\"https:\\\/\\\/eldigitaldeasturias.com\\\/magazine365\\\/puig-acusa-a-fomento-de-poner-todos-los-recursos-a-favor-del-puerto-de-barcelona-y-en-contra-del-de-valencia\\\/#organizationLogo\"},\"image\":{\"@id\":\"https:\\\/\\\/eldigitaldeasturias.com\\\/magazine365\\\/puig-acusa-a-fomento-de-poner-todos-los-recursos-a-favor-del-puerto-de-barcelona-y-en-contra-del-de-valencia\\\/#organizationLogo\"}},{\"@type\":\"Person\",\"@id\":\"https:\\\/\\\/eldigitaldeasturias.com\\\/magazine365\\\/author\\\/admin\\\/#author\",\"url\":\"https:\\\/\\\/eldigitaldeasturias.com\\\/magazine365\\\/author\\\/admin\\\/\",\"name\":\"admin\",\"image\":{\"@type\":\"ImageObject\",\"@id\":\"https:\\\/\\\/eldigitaldeasturias.com\\\/magazine365\\\/puig-acusa-a-fomento-de-poner-todos-los-recursos-a-favor-del-puerto-de-barcelona-y-en-contra-del-de-valencia\\\/#authorImage\",\"url\":\"https:\\\/\\\/eldigitaldeasturias.com\\\/magazine365\\\/wp-content\\\/litespeed\\\/avatar\\\/e571bcf59a0edd6fa6838245a470f2fe.jpg?ver=1776969259\",\"width\":96,\"height\":96,\"caption\":\"admin\"}},{\"@type\":\"WebPage\",\"@id\":\"https:\\\/\\\/eldigitaldeasturias.com\\\/magazine365\\\/puig-acusa-a-fomento-de-poner-todos-los-recursos-a-favor-del-puerto-de-barcelona-y-en-contra-del-de-valencia\\\/#webpage\",\"url\":\"https:\\\/\\\/eldigitaldeasturias.com\\\/magazine365\\\/puig-acusa-a-fomento-de-poner-todos-los-recursos-a-favor-del-puerto-de-barcelona-y-en-contra-del-de-valencia\\\/\",\"name\":\"Puig acusa a Fomento de \\u00abponer todos los recursos a favor del puerto de Barcelona y en contra del de Valencia\\u00bb | El Digital de Asturias\",\"description\":\"El presidente de la Generalitat, Ximo Puig, ha acusado este jueves al Ministerio de Fomento de \\\"poner todos los recursos a favor del puerto de Barcelona y en contra del de Valencia\\\". \\\"No s\\u00e9 qu\\u00e9 le hemos hecho a la ministra\\\", ha manifestado el jefe del Consell. Puig, en declaraciones a los medios de comunicaci\\u00f3n\",\"inLanguage\":\"es-ES\",\"isPartOf\":{\"@id\":\"https:\\\/\\\/eldigitaldeasturias.com\\\/magazine365\\\/#website\"},\"breadcrumb\":{\"@id\":\"https:\\\/\\\/eldigitaldeasturias.com\\\/magazine365\\\/puig-acusa-a-fomento-de-poner-todos-los-recursos-a-favor-del-puerto-de-barcelona-y-en-contra-del-de-valencia\\\/#breadcrumblist\"},\"author\":{\"@id\":\"https:\\\/\\\/eldigitaldeasturias.com\\\/magazine365\\\/author\\\/admin\\\/#author\"},\"creator\":{\"@id\":\"https:\\\/\\\/eldigitaldeasturias.com\\\/magazine365\\\/author\\\/admin\\\/#author\"},\"image\":{\"@type\":\"ImageObject\",\"url\":\"https:\\\/\\\/eldigitaldeasturias.com\\\/magazine365\\\/wp-content\\\/uploads\\\/2016\\\/06\\\/fotonoticia_20160616182211_800.jpg\",\"@id\":\"https:\\\/\\\/eldigitaldeasturias.com\\\/magazine365\\\/puig-acusa-a-fomento-de-poner-todos-los-recursos-a-favor-del-puerto-de-barcelona-y-en-contra-del-de-valencia\\\/#mainImage\",\"width\":800,\"height\":533},\"primaryImageOfPage\":{\"@id\":\"https:\\\/\\\/eldigitaldeasturias.com\\\/magazine365\\\/puig-acusa-a-fomento-de-poner-todos-los-recursos-a-favor-del-puerto-de-barcelona-y-en-contra-del-de-valencia\\\/#mainImage\"},\"datePublished\":\"2016-06-16T19:45:24+02:00\",\"dateModified\":\"2016-06-16T19:45:24+02:00\"},{\"@type\":\"WebSite\",\"@id\":\"https:\\\/\\\/eldigitaldeasturias.com\\\/magazine365\\\/#website\",\"url\":\"https:\\\/\\\/eldigitaldeasturias.com\\\/magazine365\\\/\",\"name\":\"El Digital de Asturias\",\"description\":\"Revista de ocio, turismo y estilo de vida\",\"inLanguage\":\"es-ES\",\"publisher\":{\"@id\":\"https:\\\/\\\/eldigitaldeasturias.com\\\/magazine365\\\/#organization\"}}]}\n\t\t<\/script>\n\t\t<!-- All in One SEO Pro -->\r\n\t\t<title>Puig acusa a Fomento de \u00abponer todos los recursos a favor del puerto de Barcelona y en contra del de Valencia\u00bb | El Digital de Asturias<\/title>\n\n","aioseo_head_json":{"title":"Puig acusa a Fomento de \u00abponer todos los recursos a favor del puerto de Barcelona y en contra del de Valencia\u00bb | El Digital de Asturias","description":"El presidente de la Generalitat, Ximo Puig, ha acusado este jueves al Ministerio de Fomento de \"poner todos los recursos a favor del puerto de Barcelona y en contra del de Valencia\". \"No s\u00e9 qu\u00e9 le hemos hecho a la ministra\", ha manifestado el jefe del Consell. Puig, en declaraciones a los medios de comunicaci\u00f3n","canonical_url":"https:\/\/eldigitaldeasturias.com\/magazine365\/puig-acusa-a-fomento-de-poner-todos-los-recursos-a-favor-del-puerto-de-barcelona-y-en-contra-del-de-valencia\/","robots":"max-image-preview:large","keywords":"noticias y actualidad","webmasterTools":{"google-site-verification":"UA-38556648-1","miscellaneous":""},"schema":{"@context":"https:\/\/schema.org","@graph":[{"@type":"Article","@id":"https:\/\/eldigitaldeasturias.com\/magazine365\/puig-acusa-a-fomento-de-poner-todos-los-recursos-a-favor-del-puerto-de-barcelona-y-en-contra-del-de-valencia\/#article","name":"Puig acusa a Fomento de \u00abponer todos los recursos a favor del puerto de Barcelona y en contra del de Valencia\u00bb | El Digital de Asturias","headline":"Puig acusa a Fomento de \u00abponer todos los recursos a favor del puerto de Barcelona y en contra del de Valencia\u00bb","author":{"@id":"https:\/\/eldigitaldeasturias.com\/magazine365\/author\/admin\/#author"},"publisher":{"@id":"https:\/\/eldigitaldeasturias.com\/magazine365\/#organization"},"image":{"@type":"ImageObject","url":"https:\/\/eldigitaldeasturias.com\/magazine365\/wp-content\/uploads\/2016\/06\/fotonoticia_20160616182211_800.jpg","width":800,"height":533},"datePublished":"2016-06-16T19:45:24+02:00","dateModified":"2016-06-16T19:45:24+02:00","inLanguage":"es-ES","mainEntityOfPage":{"@id":"https:\/\/eldigitaldeasturias.com\/magazine365\/puig-acusa-a-fomento-de-poner-todos-los-recursos-a-favor-del-puerto-de-barcelona-y-en-contra-del-de-valencia\/#webpage"},"isPartOf":{"@id":"https:\/\/eldigitaldeasturias.com\/magazine365\/puig-acusa-a-fomento-de-poner-todos-los-recursos-a-favor-del-puerto-de-barcelona-y-en-contra-del-de-valencia\/#webpage"},"articleSection":"Noticias y Actualidad"},{"@type":"BreadcrumbList","@id":"https:\/\/eldigitaldeasturias.com\/magazine365\/puig-acusa-a-fomento-de-poner-todos-los-recursos-a-favor-del-puerto-de-barcelona-y-en-contra-del-de-valencia\/#breadcrumblist","itemListElement":[{"@type":"ListItem","@id":"https:\/\/eldigitaldeasturias.com\/magazine365#listItem","position":1,"name":"Home","item":"https:\/\/eldigitaldeasturias.com\/magazine365","nextItem":{"@type":"ListItem","@id":"https:\/\/eldigitaldeasturias.com\/magazine365\/category\/noticias-actualidad\/#listItem","name":"Noticias y Actualidad"}},{"@type":"ListItem","@id":"https:\/\/eldigitaldeasturias.com\/magazine365\/category\/noticias-actualidad\/#listItem","position":2,"name":"Noticias y Actualidad","item":"https:\/\/eldigitaldeasturias.com\/magazine365\/category\/noticias-actualidad\/","nextItem":{"@type":"ListItem","@id":"https:\/\/eldigitaldeasturias.com\/magazine365\/puig-acusa-a-fomento-de-poner-todos-los-recursos-a-favor-del-puerto-de-barcelona-y-en-contra-del-de-valencia\/#listItem","name":"Puig acusa a Fomento de \u00abponer todos los recursos a favor del puerto de Barcelona y en contra del de Valencia\u00bb"},"previousItem":{"@type":"ListItem","@id":"https:\/\/eldigitaldeasturias.com\/magazine365#listItem","name":"Home"}},{"@type":"ListItem","@id":"https:\/\/eldigitaldeasturias.com\/magazine365\/puig-acusa-a-fomento-de-poner-todos-los-recursos-a-favor-del-puerto-de-barcelona-y-en-contra-del-de-valencia\/#listItem","position":3,"name":"Puig acusa a Fomento de \u00abponer todos los recursos a favor del puerto de Barcelona y en contra del de Valencia\u00bb","previousItem":{"@type":"ListItem","@id":"https:\/\/eldigitaldeasturias.com\/magazine365\/category\/noticias-actualidad\/#listItem","name":"Noticias y Actualidad"}}]},{"@type":"Organization","@id":"https:\/\/eldigitaldeasturias.com\/magazine365\/#organization","name":"El digital de Asturias","description":"Revista de ocio, turismo y estilo de vida","url":"https:\/\/eldigitaldeasturias.com\/magazine365\/","logo":{"@type":"ImageObject","url":"https:\/\/www.eldigitaldeasturias.com\/noticias\/wp-content\/uploads\/2020\/12\/EDA.jpg","@id":"https:\/\/eldigitaldeasturias.com\/magazine365\/puig-acusa-a-fomento-de-poner-todos-los-recursos-a-favor-del-puerto-de-barcelona-y-en-contra-del-de-valencia\/#organizationLogo"},"image":{"@id":"https:\/\/eldigitaldeasturias.com\/magazine365\/puig-acusa-a-fomento-de-poner-todos-los-recursos-a-favor-del-puerto-de-barcelona-y-en-contra-del-de-valencia\/#organizationLogo"}},{"@type":"Person","@id":"https:\/\/eldigitaldeasturias.com\/magazine365\/author\/admin\/#author","url":"https:\/\/eldigitaldeasturias.com\/magazine365\/author\/admin\/","name":"admin","image":{"@type":"ImageObject","@id":"https:\/\/eldigitaldeasturias.com\/magazine365\/puig-acusa-a-fomento-de-poner-todos-los-recursos-a-favor-del-puerto-de-barcelona-y-en-contra-del-de-valencia\/#authorImage","url":"https:\/\/eldigitaldeasturias.com\/magazine365\/wp-content\/litespeed\/avatar\/e571bcf59a0edd6fa6838245a470f2fe.jpg?ver=1776969259","width":96,"height":96,"caption":"admin"}},{"@type":"WebPage","@id":"https:\/\/eldigitaldeasturias.com\/magazine365\/puig-acusa-a-fomento-de-poner-todos-los-recursos-a-favor-del-puerto-de-barcelona-y-en-contra-del-de-valencia\/#webpage","url":"https:\/\/eldigitaldeasturias.com\/magazine365\/puig-acusa-a-fomento-de-poner-todos-los-recursos-a-favor-del-puerto-de-barcelona-y-en-contra-del-de-valencia\/","name":"Puig acusa a Fomento de \u00abponer todos los recursos a favor del puerto de Barcelona y en contra del de Valencia\u00bb | El Digital de Asturias","description":"El presidente de la Generalitat, Ximo Puig, ha acusado este jueves al Ministerio de Fomento de \"poner todos los recursos a favor del puerto de Barcelona y en contra del de Valencia\". \"No s\u00e9 qu\u00e9 le hemos hecho a la ministra\", ha manifestado el jefe del Consell. Puig, en declaraciones a los medios de comunicaci\u00f3n","inLanguage":"es-ES","isPartOf":{"@id":"https:\/\/eldigitaldeasturias.com\/magazine365\/#website"},"breadcrumb":{"@id":"https:\/\/eldigitaldeasturias.com\/magazine365\/puig-acusa-a-fomento-de-poner-todos-los-recursos-a-favor-del-puerto-de-barcelona-y-en-contra-del-de-valencia\/#breadcrumblist"},"author":{"@id":"https:\/\/eldigitaldeasturias.com\/magazine365\/author\/admin\/#author"},"creator":{"@id":"https:\/\/eldigitaldeasturias.com\/magazine365\/author\/admin\/#author"},"image":{"@type":"ImageObject","url":"https:\/\/eldigitaldeasturias.com\/magazine365\/wp-content\/uploads\/2016\/06\/fotonoticia_20160616182211_800.jpg","@id":"https:\/\/eldigitaldeasturias.com\/magazine365\/puig-acusa-a-fomento-de-poner-todos-los-recursos-a-favor-del-puerto-de-barcelona-y-en-contra-del-de-valencia\/#mainImage","width":800,"height":533},"primaryImageOfPage":{"@id":"https:\/\/eldigitaldeasturias.com\/magazine365\/puig-acusa-a-fomento-de-poner-todos-los-recursos-a-favor-del-puerto-de-barcelona-y-en-contra-del-de-valencia\/#mainImage"},"datePublished":"2016-06-16T19:45:24+02:00","dateModified":"2016-06-16T19:45:24+02:00"},{"@type":"WebSite","@id":"https:\/\/eldigitaldeasturias.com\/magazine365\/#website","url":"https:\/\/eldigitaldeasturias.com\/magazine365\/","name":"El Digital de Asturias","description":"Revista de ocio, turismo y estilo de vida","inLanguage":"es-ES","publisher":{"@id":"https:\/\/eldigitaldeasturias.com\/magazine365\/#organization"}}]},"og:locale":"es_ES","og:site_name":"El Digital de Asturias \u2013 Revista de ocio, turismo y estilo de vida","og:type":"article","og:title":"Puig acusa a Fomento de \u00abponer todos los recursos a favor del puerto de Barcelona y en contra del de Valencia\u00bb | El Digital de Asturias","og:description":"El presidente de la Generalitat, Ximo Puig, ha acusado este jueves al Ministerio de Fomento de &quot;poner todos los recursos a favor del puerto de Barcelona y en contra del de Valencia&quot;. &quot;No s\u00e9 qu\u00e9 le hemos hecho a la ministra&quot;, ha manifestado el jefe del Consell. Puig, en declaraciones a los medios de comunicaci\u00f3n","og:url":"https:\/\/eldigitaldeasturias.com\/magazine365\/puig-acusa-a-fomento-de-poner-todos-los-recursos-a-favor-del-puerto-de-barcelona-y-en-contra-del-de-valencia\/","og:image":"https:\/\/eldigitaldeasturias.com\/magazine365\/wp-content\/uploads\/2016\/06\/fotonoticia_20160616182211_800.jpg","og:image:secure_url":"https:\/\/eldigitaldeasturias.com\/magazine365\/wp-content\/uploads\/2016\/06\/fotonoticia_20160616182211_800.jpg","og:image:width":800,"og:image:height":533,"article:published_time":"2016-06-16T17:45:24+00:00","article:modified_time":"2016-06-16T17:45:24+00:00","twitter:card":"summary_large_image","twitter:title":"Puig acusa a Fomento de \u00abponer todos los recursos a favor del puerto de Barcelona y en contra del de Valencia\u00bb | El Digital de Asturias","twitter:description":"El presidente de la Generalitat, Ximo Puig, ha acusado este jueves al Ministerio de Fomento de &quot;poner todos los recursos a favor del puerto de Barcelona y en contra del de Valencia&quot;. &quot;No s\u00e9 qu\u00e9 le hemos hecho a la ministra&quot;, ha manifestado el jefe del Consell. Puig, en declaraciones a los medios de comunicaci\u00f3n","twitter:image":"https:\/\/eldigitaldeasturias.com\/magazine365\/wp-content\/uploads\/2016\/06\/fotonoticia_20160616182211_800.jpg"},"aioseo_meta_data":{"post_id":"79758","title":null,"description":null,"keywords":null,"keyphrases":null,"primary_term":null,"canonical_url":null,"og_title":null,"og_description":null,"og_object_type":"default","og_image_type":"default","og_image_url":null,"og_image_width":null,"og_image_height":null,"og_image_custom_url":null,"og_image_custom_fields":null,"og_video":null,"og_custom_url":null,"og_article_section":null,"og_article_tags":null,"twitter_use_og":false,"twitter_card":"default","twitter_image_type":"default","twitter_image_url":null,"twitter_image_custom_url":null,"twitter_image_custom_fields":null,"twitter_title":null,"twitter_description":null,"schema":{"blockGraphs":[],"customGraphs":[],"default":{"data":{"Article":[],"Course":[],"Dataset":[],"FAQPage":[],"Movie":[],"Person":[],"Product":[],"ProductReview":[],"Car":[],"Recipe":[],"Service":[],"SoftwareApplication":[],"WebPage":[]},"graphName":"","isEnabled":true},"graphs":[],"defaultGraph":"","defaultPostTypeGraph":""},"schema_type":null,"schema_type_options":null,"pillar_content":false,"robots_default":true,"robots_noindex":false,"robots_noarchive":false,"robots_nosnippet":false,"robots_nofollow":false,"robots_noimageindex":false,"robots_noodp":false,"robots_notranslate":false,"robots_max_snippet":null,"robots_max_videopreview":null,"robots_max_imagepreview":"large","priority":null,"frequency":null,"location":null,"local_seo":null,"seo_analyzer_scan_date":"2025-09-27 19:30:31","breadcrumb_settings":null,"limit_modified_date":false,"open_ai":null,"ai":null,"created":"2021-03-08 17:43:48","updated":"2025-09-27 19:30:31"},"aioseo_breadcrumb":"<div class=\"aioseo-breadcrumbs\"><span class=\"aioseo-breadcrumb\">\n\t<a href=\"https:\/\/eldigitaldeasturias.com\/magazine365\" title=\"Home\">Home<\/a>\n<\/span><span class=\"aioseo-breadcrumb-separator\">\u2013<\/span><span class=\"aioseo-breadcrumb\">\n\t<a href=\"https:\/\/eldigitaldeasturias.com\/magazine365\/category\/noticias-actualidad\/\" title=\"Noticias y Actualidad\">Noticias y Actualidad<\/a>\n<\/span><span class=\"aioseo-breadcrumb-separator\">\u2013<\/span><span class=\"aioseo-breadcrumb\">\n\t<a href=\"https:\/\/eldigitaldeasturias.com\/magazine365\/puig-acusa-a-fomento-de-poner-todos-los-recursos-a-favor-del-puerto-de-barcelona-y-en-contra-del-de-valencia\/\" title=\"Puig acusa a Fomento de \u00abponer todos los recursos a favor del puerto de Barcelona y en contra del de Valencia\u00bb\">Puig acusa a Fomento de \u00abponer todos los recursos a favor del puerto de Barcelona y en contra del de Valencia\u00bb<\/a>\n<\/span><\/div>","aioseo_breadcrumb_json":[{"label":"Home","link":"https:\/\/eldigitaldeasturias.com\/magazine365"},{"label":"Noticias y Actualidad","link":"https:\/\/eldigitaldeasturias.com\/magazine365\/category\/noticias-actualidad\/"},{"label":"Puig acusa a Fomento de \u00abponer todos los recursos a favor del puerto de Barcelona y en contra del de Valencia\u00bb","link":"https:\/\/eldigitaldeasturias.com\/magazine365\/puig-acusa-a-fomento-de-poner-todos-los-recursos-a-favor-del-puerto-de-barcelona-y-en-contra-del-de-valencia\/"}],"_links":{"self":[{"href":"https:\/\/eldigitaldeasturias.com\/magazine365\/wp-json\/wp\/v2\/posts\/79758","targetHints":{"allow":["GET"]}}],"collection":[{"href":"https:\/\/eldigitaldeasturias.com\/magazine365\/wp-json\/wp\/v2\/posts"}],"about":[{"href":"https:\/\/eldigitaldeasturias.com\/magazine365\/wp-json\/wp\/v2\/types\/post"}],"author":[{"embeddable":true,"href":"https:\/\/eldigitaldeasturias.com\/magazine365\/wp-json\/wp\/v2\/users\/1"}],"replies":[{"embeddable":true,"href":"https:\/\/eldigitaldeasturias.com\/magazine365\/wp-json\/wp\/v2\/comments?post=79758"}],"version-history":[{"count":0,"href":"https:\/\/eldigitaldeasturias.com\/magazine365\/wp-json\/wp\/v2\/posts\/79758\/revisions"}],"wp:featuredmedia":[{"embeddable":true,"href":"https:\/\/eldigitaldeasturias.com\/magazine365\/wp-json\/wp\/v2\/media\/79759"}],"wp:attachment":[{"href":"https:\/\/eldigitaldeasturias.com\/magazine365\/wp-json\/wp\/v2\/media?parent=79758"}],"wp:term":[{"taxonomy":"category","embeddable":true,"href":"https:\/\/eldigitaldeasturias.com\/magazine365\/wp-json\/wp\/v2\/categories?post=79758"},{"taxonomy":"post_tag","embeddable":true,"href":"https:\/\/eldigitaldeasturias.com\/magazine365\/wp-json\/wp\/v2\/tags?post=79758"}],"curies":[{"name":"wp","href":"https:\/\/api.w.org\/{rel}","templated":true}]}}