{"id":79751,"date":"2016-06-16T19:33:28","date_gmt":"2016-06-16T17:33:28","guid":{"rendered":"http:\/\/eldigitaldeasturias.com\/magazine365\/?p=79751"},"modified":"2016-06-16T19:33:28","modified_gmt":"2016-06-16T17:33:28","slug":"el-tribunal-supremo-establece-que-la-paga-de-vacaciones-debe-incluir-todos-los-conceptos-ordinarios","status":"publish","type":"post","link":"https:\/\/eldigitaldeasturias.com\/magazine365\/el-tribunal-supremo-establece-que-la-paga-de-vacaciones-debe-incluir-todos-los-conceptos-ordinarios\/","title":{"rendered":"El Tribunal Supremo establece que la paga de vacaciones debe incluir todos los conceptos ordinarios"},"content":{"rendered":"<p><img fetchpriority=\"high\" decoding=\"async\" class=\"alignleft size-medium wp-image-79752\" src=\"https:\/\/eldigitaldeasturias.com\/magazine365\/wp-content\/uploads\/2016\/06\/fotonoticia_20160616175341_800-1-360x203.jpg\" alt=\"fotonoticia_20160616175341_800\" width=\"360\" height=\"203\" srcset=\"https:\/\/eldigitaldeasturias.com\/magazine365\/wp-content\/uploads\/2016\/06\/fotonoticia_20160616175341_800-1-360x203.jpg 360w, https:\/\/eldigitaldeasturias.com\/magazine365\/wp-content\/uploads\/2016\/06\/fotonoticia_20160616175341_800-1-650x366.jpg 650w, https:\/\/eldigitaldeasturias.com\/magazine365\/wp-content\/uploads\/2016\/06\/fotonoticia_20160616175341_800-1-768x432.jpg 768w, https:\/\/eldigitaldeasturias.com\/magazine365\/wp-content\/uploads\/2016\/06\/fotonoticia_20160616175341_800-1-150x84.jpg 150w, https:\/\/eldigitaldeasturias.com\/magazine365\/wp-content\/uploads\/2016\/06\/fotonoticia_20160616175341_800-1-450x253.jpg 450w, https:\/\/eldigitaldeasturias.com\/magazine365\/wp-content\/uploads\/2016\/06\/fotonoticia_20160616175341_800-1-499x280.jpg 499w, https:\/\/eldigitaldeasturias.com\/magazine365\/wp-content\/uploads\/2016\/06\/fotonoticia_20160616175341_800-1-510x289.jpg 510w, https:\/\/eldigitaldeasturias.com\/magazine365\/wp-content\/uploads\/2016\/06\/fotonoticia_20160616175341_800-1.jpg 800w\" sizes=\"(max-width: 360px) 100vw, 360px\" \/>El Tribunal Supremo ha determinado que la retribuci\u00f3n correspondiente al periodo de vacaciones anuales del trabajador debe incluir todos los conceptos retributivos ordinarios, de manera que s\u00f3lo cabe excluir de la misma los conceptos extraordinarios o que supongan un doble pago.<\/p>\n<p>As\u00ed lo ha establecido el Pleno de la Sala de lo Social del Tribunal Supremo en dos sentencias sobre este tema y en la que rectifica la doctrina anterior a la vista de la doctrina del Tribunal de Justicia de la Uni\u00f3n Europea (TJUE).<\/p>\n<p>En la primera de las sentencias, el Tribunal Supremo estima parcialmente el recurso de casaci\u00f3n interpuesto por Telef\u00f3nica M\u00f3viles Espa\u00f1a contra una sentencia de la Audiencia Nacional que, a instancias de CC.OO., UGT y CGT, establec\u00eda que el sueldo de los trabajadores aplicable a las vacaciones anuales deb\u00eda incluir la remuneraci\u00f3n normal o media anual de varios conceptos, entre ellos los correspondientes a las denominadas disponibilidades y las comisiones por ventas e incentivos comerciales, horas de disponibilidad y plus de disponibilidad.<\/p>\n<p>Telef\u00f3nica M\u00f3viles recurri\u00f3 este fallo ante el Supremo y ahora el Alto Tribunal ha ratificado en parte la sentencia de la Audiencia Nacional, ordenando que en la retribuci\u00f3n del periodo de vacaciones anuales se incluyan todos los conceptos ordinarios.<\/p>\n<p>Ahora bien, el Supremo, en contra de lo dictado por la Audiencia, s\u00ed da la raz\u00f3n a la empresa en que el concepto de &#8216;bonus&#8217; debe quedarse fuera de la paga de vacaciones al considerarlo un concepto extraordinario. El fallo cuenta con dos votos particulares concurrentes con la sentencia, pero que discrepan sobre los fundamentos expuestos en la decisi\u00f3n mayoritaria.<\/p>\n<h2 class=\"ladillo\">SECTOR DEL CONTACT CENTER<\/h2>\n<p>En la segunda sentencia sobre la retribuci\u00f3n aplicable al periodo de vacaciones dictada por el Supremo, el Alto Tribunal desestima el recurso de casaci\u00f3n interpuesto por la Asociaci\u00f3n de Contact Center Espa\u00f1ola (ACE) contra una sentencia anterior de la Audiencia Nacional que le ordenaba incluir en la paga de vacaciones conceptos como las comisiones y\/o incentivos a la producci\u00f3n variables.<\/p>\n<p>El Tribunal Supremo avala el fallo de la Audiencia y establece que estos conceptos deben incluirse al ser percibidos con cierta habitualidad por los trabajadores de dicho sector.<\/p>\n<p>Seg\u00fan el Alto Tribunal, la retribuci\u00f3n normal o media que ha de ser abonada a los trabajadores durante su periodo de descanso anual y que debe fijar la negociaci\u00f3n colectiva en cada caso \u00abha de atender a la finalidad de descanso efectivo que tienen las vacaciones retribuidas y no puede disuadir o desincentivar su disfrute\u00bb.<\/p>\n<p>\u00abMientras duren las vacaciones anuales debe mantenerse la retribuci\u00f3n del trabajador, que debe continuar percibiendo la retribuci\u00f3n ordinaria\u00bb, subraya el Supremo.<\/p>\n","protected":false},"excerpt":{"rendered":"<p>El Tribunal Supremo ha determinado que la retribuci\u00f3n correspondiente al periodo de vacaciones anuales del trabajador debe incluir todos los conceptos retributivos ordinarios, de manera que s\u00f3lo cabe excluir de la misma los conceptos extraordinarios o que supongan un doble pago. As\u00ed lo ha establecido el Pleno de la Sala de lo Social del Tribunal<\/p>\n","protected":false},"author":1,"featured_media":79752,"comment_status":"open","ping_status":"closed","sticky":false,"template":"","format":"standard","meta":{"footnotes":""},"categories":[224],"tags":[],"class_list":{"0":"post-79751","1":"post","2":"type-post","3":"status-publish","4":"format-standard","5":"has-post-thumbnail","7":"category-noticias-actualidad"},"aioseo_notices":[],"aioseo_head":"\n\t\t<!-- All in One SEO Pro 4.9.6.1 - aioseo.com -->\n\t<meta name=\"description\" content=\"El Tribunal Supremo ha determinado que la retribuci\u00f3n correspondiente al periodo de vacaciones anuales del trabajador debe incluir todos los conceptos retributivos ordinarios, de manera que s\u00f3lo cabe excluir de la misma los conceptos extraordinarios o que supongan un doble pago. As\u00ed lo ha establecido el Pleno de la Sala de lo Social del Tribunal\" \/>\n\t<meta name=\"robots\" content=\"max-image-preview:large\" \/>\n\t<meta name=\"author\" content=\"admin\"\/>\n\t<meta name=\"google-site-verification\" content=\"UA-38556648-1\" \/>\n\t<meta name=\"keywords\" content=\"noticias y actualidad\" \/>\n\t<link rel=\"canonical\" href=\"https:\/\/eldigitaldeasturias.com\/magazine365\/el-tribunal-supremo-establece-que-la-paga-de-vacaciones-debe-incluir-todos-los-conceptos-ordinarios\/\" \/>\n\t<meta name=\"generator\" content=\"All in One SEO Pro (AIOSEO) 4.9.6.1\" \/>\n\t\t<meta property=\"og:locale\" content=\"es_ES\" \/>\n\t\t<meta property=\"og:site_name\" content=\"El Digital de Asturias \u2013 Revista de ocio, turismo y estilo de vida\" \/>\n\t\t<meta property=\"og:type\" content=\"article\" \/>\n\t\t<meta property=\"og:title\" content=\"El Tribunal Supremo establece que la paga de vacaciones debe incluir todos los conceptos ordinarios | El Digital de Asturias\" \/>\n\t\t<meta property=\"og:description\" content=\"El Tribunal Supremo ha determinado que la retribuci\u00f3n correspondiente al periodo de vacaciones anuales del trabajador debe incluir todos los conceptos retributivos ordinarios, de manera que s\u00f3lo cabe excluir de la misma los conceptos extraordinarios o que supongan un doble pago. As\u00ed lo ha establecido el Pleno de la Sala de lo Social del Tribunal\" \/>\n\t\t<meta property=\"og:url\" content=\"https:\/\/eldigitaldeasturias.com\/magazine365\/el-tribunal-supremo-establece-que-la-paga-de-vacaciones-debe-incluir-todos-los-conceptos-ordinarios\/\" \/>\n\t\t<meta property=\"og:image\" content=\"https:\/\/eldigitaldeasturias.com\/magazine365\/wp-content\/uploads\/2016\/06\/fotonoticia_20160616175341_800-1.jpg\" \/>\n\t\t<meta property=\"og:image:secure_url\" content=\"https:\/\/eldigitaldeasturias.com\/magazine365\/wp-content\/uploads\/2016\/06\/fotonoticia_20160616175341_800-1.jpg\" \/>\n\t\t<meta property=\"og:image:width\" content=\"800\" \/>\n\t\t<meta property=\"og:image:height\" content=\"450\" \/>\n\t\t<meta property=\"article:published_time\" content=\"2016-06-16T17:33:28+00:00\" \/>\n\t\t<meta property=\"article:modified_time\" content=\"2016-06-16T17:33:28+00:00\" \/>\n\t\t<meta name=\"twitter:card\" content=\"summary_large_image\" \/>\n\t\t<meta name=\"twitter:title\" content=\"El Tribunal Supremo establece que la paga de vacaciones debe incluir todos los conceptos ordinarios | El Digital de Asturias\" \/>\n\t\t<meta name=\"twitter:description\" content=\"El Tribunal Supremo ha determinado que la retribuci\u00f3n correspondiente al periodo de vacaciones anuales del trabajador debe incluir todos los conceptos retributivos ordinarios, de manera que s\u00f3lo cabe excluir de la misma los conceptos extraordinarios o que supongan un doble pago. As\u00ed lo ha establecido el Pleno de la Sala de lo Social del Tribunal\" \/>\n\t\t<meta name=\"twitter:image\" content=\"https:\/\/eldigitaldeasturias.com\/magazine365\/wp-content\/uploads\/2016\/06\/fotonoticia_20160616175341_800-1.jpg\" \/>\n\t\t<script type=\"application\/ld+json\" class=\"aioseo-schema\">\n\t\t\t{\"@context\":\"https:\\\/\\\/schema.org\",\"@graph\":[{\"@type\":\"Article\",\"@id\":\"https:\\\/\\\/eldigitaldeasturias.com\\\/magazine365\\\/el-tribunal-supremo-establece-que-la-paga-de-vacaciones-debe-incluir-todos-los-conceptos-ordinarios\\\/#article\",\"name\":\"El Tribunal Supremo establece que la paga de vacaciones debe incluir todos los conceptos ordinarios | El Digital de Asturias\",\"headline\":\"El Tribunal Supremo establece que la paga de vacaciones debe incluir todos los conceptos ordinarios\",\"author\":{\"@id\":\"https:\\\/\\\/eldigitaldeasturias.com\\\/magazine365\\\/author\\\/admin\\\/#author\"},\"publisher\":{\"@id\":\"https:\\\/\\\/eldigitaldeasturias.com\\\/magazine365\\\/#organization\"},\"image\":{\"@type\":\"ImageObject\",\"url\":\"https:\\\/\\\/eldigitaldeasturias.com\\\/magazine365\\\/wp-content\\\/uploads\\\/2016\\\/06\\\/fotonoticia_20160616175341_800-1.jpg\",\"width\":800,\"height\":450},\"datePublished\":\"2016-06-16T19:33:28+02:00\",\"dateModified\":\"2016-06-16T19:33:28+02:00\",\"inLanguage\":\"es-ES\",\"mainEntityOfPage\":{\"@id\":\"https:\\\/\\\/eldigitaldeasturias.com\\\/magazine365\\\/el-tribunal-supremo-establece-que-la-paga-de-vacaciones-debe-incluir-todos-los-conceptos-ordinarios\\\/#webpage\"},\"isPartOf\":{\"@id\":\"https:\\\/\\\/eldigitaldeasturias.com\\\/magazine365\\\/el-tribunal-supremo-establece-que-la-paga-de-vacaciones-debe-incluir-todos-los-conceptos-ordinarios\\\/#webpage\"},\"articleSection\":\"Noticias y Actualidad\"},{\"@type\":\"BreadcrumbList\",\"@id\":\"https:\\\/\\\/eldigitaldeasturias.com\\\/magazine365\\\/el-tribunal-supremo-establece-que-la-paga-de-vacaciones-debe-incluir-todos-los-conceptos-ordinarios\\\/#breadcrumblist\",\"itemListElement\":[{\"@type\":\"ListItem\",\"@id\":\"https:\\\/\\\/eldigitaldeasturias.com\\\/magazine365#listItem\",\"position\":1,\"name\":\"Home\",\"item\":\"https:\\\/\\\/eldigitaldeasturias.com\\\/magazine365\",\"nextItem\":{\"@type\":\"ListItem\",\"@id\":\"https:\\\/\\\/eldigitaldeasturias.com\\\/magazine365\\\/category\\\/noticias-actualidad\\\/#listItem\",\"name\":\"Noticias y Actualidad\"}},{\"@type\":\"ListItem\",\"@id\":\"https:\\\/\\\/eldigitaldeasturias.com\\\/magazine365\\\/category\\\/noticias-actualidad\\\/#listItem\",\"position\":2,\"name\":\"Noticias y Actualidad\",\"item\":\"https:\\\/\\\/eldigitaldeasturias.com\\\/magazine365\\\/category\\\/noticias-actualidad\\\/\",\"nextItem\":{\"@type\":\"ListItem\",\"@id\":\"https:\\\/\\\/eldigitaldeasturias.com\\\/magazine365\\\/el-tribunal-supremo-establece-que-la-paga-de-vacaciones-debe-incluir-todos-los-conceptos-ordinarios\\\/#listItem\",\"name\":\"El Tribunal Supremo establece que la paga de vacaciones debe incluir todos los conceptos ordinarios\"},\"previousItem\":{\"@type\":\"ListItem\",\"@id\":\"https:\\\/\\\/eldigitaldeasturias.com\\\/magazine365#listItem\",\"name\":\"Home\"}},{\"@type\":\"ListItem\",\"@id\":\"https:\\\/\\\/eldigitaldeasturias.com\\\/magazine365\\\/el-tribunal-supremo-establece-que-la-paga-de-vacaciones-debe-incluir-todos-los-conceptos-ordinarios\\\/#listItem\",\"position\":3,\"name\":\"El Tribunal Supremo establece que la paga de vacaciones debe incluir todos los conceptos ordinarios\",\"previousItem\":{\"@type\":\"ListItem\",\"@id\":\"https:\\\/\\\/eldigitaldeasturias.com\\\/magazine365\\\/category\\\/noticias-actualidad\\\/#listItem\",\"name\":\"Noticias y Actualidad\"}}]},{\"@type\":\"Organization\",\"@id\":\"https:\\\/\\\/eldigitaldeasturias.com\\\/magazine365\\\/#organization\",\"name\":\"El digital de Asturias\",\"description\":\"Revista de ocio, turismo y estilo de vida\",\"url\":\"https:\\\/\\\/eldigitaldeasturias.com\\\/magazine365\\\/\",\"logo\":{\"@type\":\"ImageObject\",\"url\":\"https:\\\/\\\/www.eldigitaldeasturias.com\\\/noticias\\\/wp-content\\\/uploads\\\/2020\\\/12\\\/EDA.jpg\",\"@id\":\"https:\\\/\\\/eldigitaldeasturias.com\\\/magazine365\\\/el-tribunal-supremo-establece-que-la-paga-de-vacaciones-debe-incluir-todos-los-conceptos-ordinarios\\\/#organizationLogo\"},\"image\":{\"@id\":\"https:\\\/\\\/eldigitaldeasturias.com\\\/magazine365\\\/el-tribunal-supremo-establece-que-la-paga-de-vacaciones-debe-incluir-todos-los-conceptos-ordinarios\\\/#organizationLogo\"}},{\"@type\":\"Person\",\"@id\":\"https:\\\/\\\/eldigitaldeasturias.com\\\/magazine365\\\/author\\\/admin\\\/#author\",\"url\":\"https:\\\/\\\/eldigitaldeasturias.com\\\/magazine365\\\/author\\\/admin\\\/\",\"name\":\"admin\",\"image\":{\"@type\":\"ImageObject\",\"@id\":\"https:\\\/\\\/eldigitaldeasturias.com\\\/magazine365\\\/el-tribunal-supremo-establece-que-la-paga-de-vacaciones-debe-incluir-todos-los-conceptos-ordinarios\\\/#authorImage\",\"url\":\"https:\\\/\\\/eldigitaldeasturias.com\\\/magazine365\\\/wp-content\\\/litespeed\\\/avatar\\\/e571bcf59a0edd6fa6838245a470f2fe.jpg?ver=1776969259\",\"width\":96,\"height\":96,\"caption\":\"admin\"}},{\"@type\":\"WebPage\",\"@id\":\"https:\\\/\\\/eldigitaldeasturias.com\\\/magazine365\\\/el-tribunal-supremo-establece-que-la-paga-de-vacaciones-debe-incluir-todos-los-conceptos-ordinarios\\\/#webpage\",\"url\":\"https:\\\/\\\/eldigitaldeasturias.com\\\/magazine365\\\/el-tribunal-supremo-establece-que-la-paga-de-vacaciones-debe-incluir-todos-los-conceptos-ordinarios\\\/\",\"name\":\"El Tribunal Supremo establece que la paga de vacaciones debe incluir todos los conceptos ordinarios | El Digital de Asturias\",\"description\":\"El Tribunal Supremo ha determinado que la retribuci\\u00f3n correspondiente al periodo de vacaciones anuales del trabajador debe incluir todos los conceptos retributivos ordinarios, de manera que s\\u00f3lo cabe excluir de la misma los conceptos extraordinarios o que supongan un doble pago. As\\u00ed lo ha establecido el Pleno de la Sala de lo Social del Tribunal\",\"inLanguage\":\"es-ES\",\"isPartOf\":{\"@id\":\"https:\\\/\\\/eldigitaldeasturias.com\\\/magazine365\\\/#website\"},\"breadcrumb\":{\"@id\":\"https:\\\/\\\/eldigitaldeasturias.com\\\/magazine365\\\/el-tribunal-supremo-establece-que-la-paga-de-vacaciones-debe-incluir-todos-los-conceptos-ordinarios\\\/#breadcrumblist\"},\"author\":{\"@id\":\"https:\\\/\\\/eldigitaldeasturias.com\\\/magazine365\\\/author\\\/admin\\\/#author\"},\"creator\":{\"@id\":\"https:\\\/\\\/eldigitaldeasturias.com\\\/magazine365\\\/author\\\/admin\\\/#author\"},\"image\":{\"@type\":\"ImageObject\",\"url\":\"https:\\\/\\\/eldigitaldeasturias.com\\\/magazine365\\\/wp-content\\\/uploads\\\/2016\\\/06\\\/fotonoticia_20160616175341_800-1.jpg\",\"@id\":\"https:\\\/\\\/eldigitaldeasturias.com\\\/magazine365\\\/el-tribunal-supremo-establece-que-la-paga-de-vacaciones-debe-incluir-todos-los-conceptos-ordinarios\\\/#mainImage\",\"width\":800,\"height\":450},\"primaryImageOfPage\":{\"@id\":\"https:\\\/\\\/eldigitaldeasturias.com\\\/magazine365\\\/el-tribunal-supremo-establece-que-la-paga-de-vacaciones-debe-incluir-todos-los-conceptos-ordinarios\\\/#mainImage\"},\"datePublished\":\"2016-06-16T19:33:28+02:00\",\"dateModified\":\"2016-06-16T19:33:28+02:00\"},{\"@type\":\"WebSite\",\"@id\":\"https:\\\/\\\/eldigitaldeasturias.com\\\/magazine365\\\/#website\",\"url\":\"https:\\\/\\\/eldigitaldeasturias.com\\\/magazine365\\\/\",\"name\":\"El Digital de Asturias\",\"description\":\"Revista de ocio, turismo y estilo de vida\",\"inLanguage\":\"es-ES\",\"publisher\":{\"@id\":\"https:\\\/\\\/eldigitaldeasturias.com\\\/magazine365\\\/#organization\"}}]}\n\t\t<\/script>\n\t\t<!-- All in One SEO Pro -->\r\n\t\t<title>El Tribunal Supremo establece que la paga de vacaciones debe incluir todos los conceptos ordinarios | El Digital de Asturias<\/title>\n\n","aioseo_head_json":{"title":"El Tribunal Supremo establece que la paga de vacaciones debe incluir todos los conceptos ordinarios | El Digital de Asturias","description":"El Tribunal Supremo ha determinado que la retribuci\u00f3n correspondiente al periodo de vacaciones anuales del trabajador debe incluir todos los conceptos retributivos ordinarios, de manera que s\u00f3lo cabe excluir de la misma los conceptos extraordinarios o que supongan un doble pago. As\u00ed lo ha establecido el Pleno de la Sala de lo Social del Tribunal","canonical_url":"https:\/\/eldigitaldeasturias.com\/magazine365\/el-tribunal-supremo-establece-que-la-paga-de-vacaciones-debe-incluir-todos-los-conceptos-ordinarios\/","robots":"max-image-preview:large","keywords":"noticias y actualidad","webmasterTools":{"google-site-verification":"UA-38556648-1","miscellaneous":""},"schema":{"@context":"https:\/\/schema.org","@graph":[{"@type":"Article","@id":"https:\/\/eldigitaldeasturias.com\/magazine365\/el-tribunal-supremo-establece-que-la-paga-de-vacaciones-debe-incluir-todos-los-conceptos-ordinarios\/#article","name":"El Tribunal Supremo establece que la paga de vacaciones debe incluir todos los conceptos ordinarios | El Digital de Asturias","headline":"El Tribunal Supremo establece que la paga de vacaciones debe incluir todos los conceptos ordinarios","author":{"@id":"https:\/\/eldigitaldeasturias.com\/magazine365\/author\/admin\/#author"},"publisher":{"@id":"https:\/\/eldigitaldeasturias.com\/magazine365\/#organization"},"image":{"@type":"ImageObject","url":"https:\/\/eldigitaldeasturias.com\/magazine365\/wp-content\/uploads\/2016\/06\/fotonoticia_20160616175341_800-1.jpg","width":800,"height":450},"datePublished":"2016-06-16T19:33:28+02:00","dateModified":"2016-06-16T19:33:28+02:00","inLanguage":"es-ES","mainEntityOfPage":{"@id":"https:\/\/eldigitaldeasturias.com\/magazine365\/el-tribunal-supremo-establece-que-la-paga-de-vacaciones-debe-incluir-todos-los-conceptos-ordinarios\/#webpage"},"isPartOf":{"@id":"https:\/\/eldigitaldeasturias.com\/magazine365\/el-tribunal-supremo-establece-que-la-paga-de-vacaciones-debe-incluir-todos-los-conceptos-ordinarios\/#webpage"},"articleSection":"Noticias y Actualidad"},{"@type":"BreadcrumbList","@id":"https:\/\/eldigitaldeasturias.com\/magazine365\/el-tribunal-supremo-establece-que-la-paga-de-vacaciones-debe-incluir-todos-los-conceptos-ordinarios\/#breadcrumblist","itemListElement":[{"@type":"ListItem","@id":"https:\/\/eldigitaldeasturias.com\/magazine365#listItem","position":1,"name":"Home","item":"https:\/\/eldigitaldeasturias.com\/magazine365","nextItem":{"@type":"ListItem","@id":"https:\/\/eldigitaldeasturias.com\/magazine365\/category\/noticias-actualidad\/#listItem","name":"Noticias y Actualidad"}},{"@type":"ListItem","@id":"https:\/\/eldigitaldeasturias.com\/magazine365\/category\/noticias-actualidad\/#listItem","position":2,"name":"Noticias y Actualidad","item":"https:\/\/eldigitaldeasturias.com\/magazine365\/category\/noticias-actualidad\/","nextItem":{"@type":"ListItem","@id":"https:\/\/eldigitaldeasturias.com\/magazine365\/el-tribunal-supremo-establece-que-la-paga-de-vacaciones-debe-incluir-todos-los-conceptos-ordinarios\/#listItem","name":"El Tribunal Supremo establece que la paga de vacaciones debe incluir todos los conceptos ordinarios"},"previousItem":{"@type":"ListItem","@id":"https:\/\/eldigitaldeasturias.com\/magazine365#listItem","name":"Home"}},{"@type":"ListItem","@id":"https:\/\/eldigitaldeasturias.com\/magazine365\/el-tribunal-supremo-establece-que-la-paga-de-vacaciones-debe-incluir-todos-los-conceptos-ordinarios\/#listItem","position":3,"name":"El Tribunal Supremo establece que la paga de vacaciones debe incluir todos los conceptos ordinarios","previousItem":{"@type":"ListItem","@id":"https:\/\/eldigitaldeasturias.com\/magazine365\/category\/noticias-actualidad\/#listItem","name":"Noticias y Actualidad"}}]},{"@type":"Organization","@id":"https:\/\/eldigitaldeasturias.com\/magazine365\/#organization","name":"El digital de Asturias","description":"Revista de ocio, turismo y estilo de vida","url":"https:\/\/eldigitaldeasturias.com\/magazine365\/","logo":{"@type":"ImageObject","url":"https:\/\/www.eldigitaldeasturias.com\/noticias\/wp-content\/uploads\/2020\/12\/EDA.jpg","@id":"https:\/\/eldigitaldeasturias.com\/magazine365\/el-tribunal-supremo-establece-que-la-paga-de-vacaciones-debe-incluir-todos-los-conceptos-ordinarios\/#organizationLogo"},"image":{"@id":"https:\/\/eldigitaldeasturias.com\/magazine365\/el-tribunal-supremo-establece-que-la-paga-de-vacaciones-debe-incluir-todos-los-conceptos-ordinarios\/#organizationLogo"}},{"@type":"Person","@id":"https:\/\/eldigitaldeasturias.com\/magazine365\/author\/admin\/#author","url":"https:\/\/eldigitaldeasturias.com\/magazine365\/author\/admin\/","name":"admin","image":{"@type":"ImageObject","@id":"https:\/\/eldigitaldeasturias.com\/magazine365\/el-tribunal-supremo-establece-que-la-paga-de-vacaciones-debe-incluir-todos-los-conceptos-ordinarios\/#authorImage","url":"https:\/\/eldigitaldeasturias.com\/magazine365\/wp-content\/litespeed\/avatar\/e571bcf59a0edd6fa6838245a470f2fe.jpg?ver=1776969259","width":96,"height":96,"caption":"admin"}},{"@type":"WebPage","@id":"https:\/\/eldigitaldeasturias.com\/magazine365\/el-tribunal-supremo-establece-que-la-paga-de-vacaciones-debe-incluir-todos-los-conceptos-ordinarios\/#webpage","url":"https:\/\/eldigitaldeasturias.com\/magazine365\/el-tribunal-supremo-establece-que-la-paga-de-vacaciones-debe-incluir-todos-los-conceptos-ordinarios\/","name":"El Tribunal Supremo establece que la paga de vacaciones debe incluir todos los conceptos ordinarios | El Digital de Asturias","description":"El Tribunal Supremo ha determinado que la retribuci\u00f3n correspondiente al periodo de vacaciones anuales del trabajador debe incluir todos los conceptos retributivos ordinarios, de manera que s\u00f3lo cabe excluir de la misma los conceptos extraordinarios o que supongan un doble pago. As\u00ed lo ha establecido el Pleno de la Sala de lo Social del Tribunal","inLanguage":"es-ES","isPartOf":{"@id":"https:\/\/eldigitaldeasturias.com\/magazine365\/#website"},"breadcrumb":{"@id":"https:\/\/eldigitaldeasturias.com\/magazine365\/el-tribunal-supremo-establece-que-la-paga-de-vacaciones-debe-incluir-todos-los-conceptos-ordinarios\/#breadcrumblist"},"author":{"@id":"https:\/\/eldigitaldeasturias.com\/magazine365\/author\/admin\/#author"},"creator":{"@id":"https:\/\/eldigitaldeasturias.com\/magazine365\/author\/admin\/#author"},"image":{"@type":"ImageObject","url":"https:\/\/eldigitaldeasturias.com\/magazine365\/wp-content\/uploads\/2016\/06\/fotonoticia_20160616175341_800-1.jpg","@id":"https:\/\/eldigitaldeasturias.com\/magazine365\/el-tribunal-supremo-establece-que-la-paga-de-vacaciones-debe-incluir-todos-los-conceptos-ordinarios\/#mainImage","width":800,"height":450},"primaryImageOfPage":{"@id":"https:\/\/eldigitaldeasturias.com\/magazine365\/el-tribunal-supremo-establece-que-la-paga-de-vacaciones-debe-incluir-todos-los-conceptos-ordinarios\/#mainImage"},"datePublished":"2016-06-16T19:33:28+02:00","dateModified":"2016-06-16T19:33:28+02:00"},{"@type":"WebSite","@id":"https:\/\/eldigitaldeasturias.com\/magazine365\/#website","url":"https:\/\/eldigitaldeasturias.com\/magazine365\/","name":"El Digital de Asturias","description":"Revista de ocio, turismo y estilo de vida","inLanguage":"es-ES","publisher":{"@id":"https:\/\/eldigitaldeasturias.com\/magazine365\/#organization"}}]},"og:locale":"es_ES","og:site_name":"El Digital de Asturias \u2013 Revista de ocio, turismo y estilo de vida","og:type":"article","og:title":"El Tribunal Supremo establece que la paga de vacaciones debe incluir todos los conceptos ordinarios | El Digital de Asturias","og:description":"El Tribunal Supremo ha determinado que la retribuci\u00f3n correspondiente al periodo de vacaciones anuales del trabajador debe incluir todos los conceptos retributivos ordinarios, de manera que s\u00f3lo cabe excluir de la misma los conceptos extraordinarios o que supongan un doble pago. As\u00ed lo ha establecido el Pleno de la Sala de lo Social del Tribunal","og:url":"https:\/\/eldigitaldeasturias.com\/magazine365\/el-tribunal-supremo-establece-que-la-paga-de-vacaciones-debe-incluir-todos-los-conceptos-ordinarios\/","og:image":"https:\/\/eldigitaldeasturias.com\/magazine365\/wp-content\/uploads\/2016\/06\/fotonoticia_20160616175341_800-1.jpg","og:image:secure_url":"https:\/\/eldigitaldeasturias.com\/magazine365\/wp-content\/uploads\/2016\/06\/fotonoticia_20160616175341_800-1.jpg","og:image:width":800,"og:image:height":450,"article:published_time":"2016-06-16T17:33:28+00:00","article:modified_time":"2016-06-16T17:33:28+00:00","twitter:card":"summary_large_image","twitter:title":"El Tribunal Supremo establece que la paga de vacaciones debe incluir todos los conceptos ordinarios | El Digital de Asturias","twitter:description":"El Tribunal Supremo ha determinado que la retribuci\u00f3n correspondiente al periodo de vacaciones anuales del trabajador debe incluir todos los conceptos retributivos ordinarios, de manera que s\u00f3lo cabe excluir de la misma los conceptos extraordinarios o que supongan un doble pago. As\u00ed lo ha establecido el Pleno de la Sala de lo Social del Tribunal","twitter:image":"https:\/\/eldigitaldeasturias.com\/magazine365\/wp-content\/uploads\/2016\/06\/fotonoticia_20160616175341_800-1.jpg"},"aioseo_meta_data":{"post_id":"79751","title":null,"description":null,"keywords":null,"keyphrases":null,"primary_term":null,"canonical_url":null,"og_title":null,"og_description":null,"og_object_type":"default","og_image_type":"default","og_image_url":null,"og_image_width":null,"og_image_height":null,"og_image_custom_url":null,"og_image_custom_fields":null,"og_video":null,"og_custom_url":null,"og_article_section":null,"og_article_tags":null,"twitter_use_og":false,"twitter_card":"default","twitter_image_type":"default","twitter_image_url":null,"twitter_image_custom_url":null,"twitter_image_custom_fields":null,"twitter_title":null,"twitter_description":null,"schema":{"blockGraphs":[],"customGraphs":[],"default":{"data":{"Article":[],"Course":[],"Dataset":[],"FAQPage":[],"Movie":[],"Person":[],"Product":[],"ProductReview":[],"Car":[],"Recipe":[],"Service":[],"SoftwareApplication":[],"WebPage":[]},"graphName":"","isEnabled":true},"graphs":[],"defaultGraph":"","defaultPostTypeGraph":""},"schema_type":null,"schema_type_options":null,"pillar_content":false,"robots_default":true,"robots_noindex":false,"robots_noarchive":false,"robots_nosnippet":false,"robots_nofollow":false,"robots_noimageindex":false,"robots_noodp":false,"robots_notranslate":false,"robots_max_snippet":null,"robots_max_videopreview":null,"robots_max_imagepreview":"large","priority":null,"frequency":null,"location":null,"local_seo":null,"seo_analyzer_scan_date":"2025-09-27 19:30:28","breadcrumb_settings":null,"limit_modified_date":false,"open_ai":null,"ai":null,"created":"2021-03-08 17:43:48","updated":"2025-09-27 19:30:28"},"aioseo_breadcrumb":"<div class=\"aioseo-breadcrumbs\"><span class=\"aioseo-breadcrumb\">\n\t<a href=\"https:\/\/eldigitaldeasturias.com\/magazine365\" title=\"Home\">Home<\/a>\n<\/span><span class=\"aioseo-breadcrumb-separator\">\u2013<\/span><span class=\"aioseo-breadcrumb\">\n\t<a href=\"https:\/\/eldigitaldeasturias.com\/magazine365\/category\/noticias-actualidad\/\" title=\"Noticias y Actualidad\">Noticias y Actualidad<\/a>\n<\/span><span class=\"aioseo-breadcrumb-separator\">\u2013<\/span><span class=\"aioseo-breadcrumb\">\n\t<a href=\"https:\/\/eldigitaldeasturias.com\/magazine365\/el-tribunal-supremo-establece-que-la-paga-de-vacaciones-debe-incluir-todos-los-conceptos-ordinarios\/\" title=\"El Tribunal Supremo establece que la paga de vacaciones debe incluir todos los conceptos ordinarios\">El Tribunal Supremo establece que la paga de vacaciones debe incluir todos los conceptos ordinarios<\/a>\n<\/span><\/div>","aioseo_breadcrumb_json":[{"label":"Home","link":"https:\/\/eldigitaldeasturias.com\/magazine365"},{"label":"Noticias y Actualidad","link":"https:\/\/eldigitaldeasturias.com\/magazine365\/category\/noticias-actualidad\/"},{"label":"El Tribunal Supremo establece que la paga de vacaciones debe incluir todos los conceptos ordinarios","link":"https:\/\/eldigitaldeasturias.com\/magazine365\/el-tribunal-supremo-establece-que-la-paga-de-vacaciones-debe-incluir-todos-los-conceptos-ordinarios\/"}],"_links":{"self":[{"href":"https:\/\/eldigitaldeasturias.com\/magazine365\/wp-json\/wp\/v2\/posts\/79751","targetHints":{"allow":["GET"]}}],"collection":[{"href":"https:\/\/eldigitaldeasturias.com\/magazine365\/wp-json\/wp\/v2\/posts"}],"about":[{"href":"https:\/\/eldigitaldeasturias.com\/magazine365\/wp-json\/wp\/v2\/types\/post"}],"author":[{"embeddable":true,"href":"https:\/\/eldigitaldeasturias.com\/magazine365\/wp-json\/wp\/v2\/users\/1"}],"replies":[{"embeddable":true,"href":"https:\/\/eldigitaldeasturias.com\/magazine365\/wp-json\/wp\/v2\/comments?post=79751"}],"version-history":[{"count":0,"href":"https:\/\/eldigitaldeasturias.com\/magazine365\/wp-json\/wp\/v2\/posts\/79751\/revisions"}],"wp:featuredmedia":[{"embeddable":true,"href":"https:\/\/eldigitaldeasturias.com\/magazine365\/wp-json\/wp\/v2\/media\/79752"}],"wp:attachment":[{"href":"https:\/\/eldigitaldeasturias.com\/magazine365\/wp-json\/wp\/v2\/media?parent=79751"}],"wp:term":[{"taxonomy":"category","embeddable":true,"href":"https:\/\/eldigitaldeasturias.com\/magazine365\/wp-json\/wp\/v2\/categories?post=79751"},{"taxonomy":"post_tag","embeddable":true,"href":"https:\/\/eldigitaldeasturias.com\/magazine365\/wp-json\/wp\/v2\/tags?post=79751"}],"curies":[{"name":"wp","href":"https:\/\/api.w.org\/{rel}","templated":true}]}}