{"id":79734,"date":"2016-06-16T19:25:27","date_gmt":"2016-06-16T17:25:27","guid":{"rendered":"http:\/\/eldigitaldeasturias.com\/magazine365\/?p=79734"},"modified":"2016-06-16T19:25:27","modified_gmt":"2016-06-16T17:25:27","slug":"reto-francioni-asume-la-presidencia-del-consejo-de-administracion-de-swiss","status":"publish","type":"post","link":"https:\/\/eldigitaldeasturias.com\/magazine365\/reto-francioni-asume-la-presidencia-del-consejo-de-administracion-de-swiss\/","title":{"rendered":"Reto Francioni asume la presidencia del consejo de administraci\u00f3n de SWISS"},"content":{"rendered":"<p><img fetchpriority=\"high\" decoding=\"async\" class=\"alignleft size-medium wp-image-79735\" src=\"https:\/\/eldigitaldeasturias.com\/magazine365\/wp-content\/uploads\/2016\/06\/fotonoticia_20160616173821_800-360x240.jpg\" alt=\"fotonoticia_20160616173821_800\" width=\"360\" height=\"240\" srcset=\"https:\/\/eldigitaldeasturias.com\/magazine365\/wp-content\/uploads\/2016\/06\/fotonoticia_20160616173821_800-360x240.jpg 360w, https:\/\/eldigitaldeasturias.com\/magazine365\/wp-content\/uploads\/2016\/06\/fotonoticia_20160616173821_800-650x433.jpg 650w, https:\/\/eldigitaldeasturias.com\/magazine365\/wp-content\/uploads\/2016\/06\/fotonoticia_20160616173821_800-768x512.jpg 768w, https:\/\/eldigitaldeasturias.com\/magazine365\/wp-content\/uploads\/2016\/06\/fotonoticia_20160616173821_800-150x100.jpg 150w, https:\/\/eldigitaldeasturias.com\/magazine365\/wp-content\/uploads\/2016\/06\/fotonoticia_20160616173821_800-450x300.jpg 450w, https:\/\/eldigitaldeasturias.com\/magazine365\/wp-content\/uploads\/2016\/06\/fotonoticia_20160616173821_800-101x66.jpg 101w, https:\/\/eldigitaldeasturias.com\/magazine365\/wp-content\/uploads\/2016\/06\/fotonoticia_20160616173821_800.jpg 800w\" sizes=\"(max-width: 360px) 100vw, 360px\" \/>Reto Francioni ha asumido la pesidencia del consejo de administraci\u00f3n de Swiss International Air Lines (SWISS), sustituyendo a Bruno Gehrig, inform\u00f3 la erol\u00ednea del grupo alem\u00e1n Lufthansa.<\/p>\n<p>El consejo de administraci\u00f3n de la compa\u00f1\u00eda helv\u00e9tica ha sido reconstruido tras la asamblea general. El expresidente y Christoph Franz salen del organismo, que dar\u00e1 la bienvenida tambi\u00e9n a Doris Russi Schurter.<\/p>\n<p>Bruno Gehrig se marcha tras haber sido presidente durante casi seis a\u00f1os. Por ello ahora la presidencia recaer\u00e1 en Reto Francioni, quien era consejero delegado de Deutsche B\u00f6rse desde 2005 hasta mayo del a\u00f1o pasado.<\/p>\n<p>El consejero delegado de Deutsche Lufthansa, Carsten Spohr, se ha mostrado satisfecho con el nuevo presidente por ser un \u00abeminente especialista\u00bb en Econom\u00eda y Finanzas y una personalidad muy reconocida y respetada en Suiza y Alemania.<\/p>\n","protected":false},"excerpt":{"rendered":"<p>Reto Francioni ha asumido la pesidencia del consejo de administraci\u00f3n de Swiss International Air Lines (SWISS), sustituyendo a Bruno Gehrig, inform\u00f3 la erol\u00ednea del grupo alem\u00e1n Lufthansa. El consejo de administraci\u00f3n de la compa\u00f1\u00eda helv\u00e9tica ha sido reconstruido tras la asamblea general. El expresidente y Christoph Franz salen del organismo, que dar\u00e1 la bienvenida tambi\u00e9n<\/p>\n","protected":false},"author":1,"featured_media":79735,"comment_status":"open","ping_status":"closed","sticky":false,"template":"","format":"standard","meta":{"footnotes":""},"categories":[224],"tags":[],"class_list":{"0":"post-79734","1":"post","2":"type-post","3":"status-publish","4":"format-standard","5":"has-post-thumbnail","7":"category-noticias-actualidad"},"aioseo_notices":[],"aioseo_head":"\n\t\t<!-- All in One SEO Pro 4.9.6.1 - aioseo.com -->\n\t<meta name=\"description\" content=\"Reto Francioni ha asumido la pesidencia del consejo de administraci\u00f3n de Swiss International Air Lines (SWISS), sustituyendo a Bruno Gehrig, inform\u00f3 la erol\u00ednea del grupo alem\u00e1n Lufthansa. El consejo de administraci\u00f3n de la compa\u00f1\u00eda helv\u00e9tica ha sido reconstruido tras la asamblea general. El expresidente y Christoph Franz salen del organismo, que dar\u00e1 la bienvenida tambi\u00e9n\" \/>\n\t<meta name=\"robots\" content=\"max-image-preview:large\" \/>\n\t<meta name=\"author\" content=\"admin\"\/>\n\t<meta name=\"google-site-verification\" content=\"UA-38556648-1\" \/>\n\t<meta name=\"keywords\" content=\"noticias y actualidad\" \/>\n\t<link rel=\"canonical\" href=\"https:\/\/eldigitaldeasturias.com\/magazine365\/reto-francioni-asume-la-presidencia-del-consejo-de-administracion-de-swiss\/\" \/>\n\t<meta name=\"generator\" content=\"All in One SEO Pro (AIOSEO) 4.9.6.1\" \/>\n\t\t<meta property=\"og:locale\" content=\"es_ES\" \/>\n\t\t<meta property=\"og:site_name\" content=\"El Digital de Asturias \u2013 Revista de ocio, turismo y estilo de vida\" \/>\n\t\t<meta property=\"og:type\" content=\"article\" \/>\n\t\t<meta property=\"og:title\" content=\"Reto Francioni asume la presidencia del consejo de administraci\u00f3n de SWISS | El Digital de Asturias\" \/>\n\t\t<meta property=\"og:description\" content=\"Reto Francioni ha asumido la pesidencia del consejo de administraci\u00f3n de Swiss International Air Lines (SWISS), sustituyendo a Bruno Gehrig, inform\u00f3 la erol\u00ednea del grupo alem\u00e1n Lufthansa. El consejo de administraci\u00f3n de la compa\u00f1\u00eda helv\u00e9tica ha sido reconstruido tras la asamblea general. El expresidente y Christoph Franz salen del organismo, que dar\u00e1 la bienvenida tambi\u00e9n\" \/>\n\t\t<meta property=\"og:url\" content=\"https:\/\/eldigitaldeasturias.com\/magazine365\/reto-francioni-asume-la-presidencia-del-consejo-de-administracion-de-swiss\/\" \/>\n\t\t<meta property=\"og:image\" content=\"https:\/\/eldigitaldeasturias.com\/magazine365\/wp-content\/uploads\/2016\/06\/fotonoticia_20160616173821_800.jpg\" \/>\n\t\t<meta property=\"og:image:secure_url\" content=\"https:\/\/eldigitaldeasturias.com\/magazine365\/wp-content\/uploads\/2016\/06\/fotonoticia_20160616173821_800.jpg\" \/>\n\t\t<meta property=\"og:image:width\" content=\"800\" \/>\n\t\t<meta property=\"og:image:height\" content=\"533\" \/>\n\t\t<meta property=\"article:published_time\" content=\"2016-06-16T17:25:27+00:00\" \/>\n\t\t<meta property=\"article:modified_time\" content=\"2016-06-16T17:25:27+00:00\" \/>\n\t\t<meta name=\"twitter:card\" content=\"summary_large_image\" \/>\n\t\t<meta name=\"twitter:title\" content=\"Reto Francioni asume la presidencia del consejo de administraci\u00f3n de SWISS | El Digital de Asturias\" \/>\n\t\t<meta name=\"twitter:description\" content=\"Reto Francioni ha asumido la pesidencia del consejo de administraci\u00f3n de Swiss International Air Lines (SWISS), sustituyendo a Bruno Gehrig, inform\u00f3 la erol\u00ednea del grupo alem\u00e1n Lufthansa. El consejo de administraci\u00f3n de la compa\u00f1\u00eda helv\u00e9tica ha sido reconstruido tras la asamblea general. El expresidente y Christoph Franz salen del organismo, que dar\u00e1 la bienvenida tambi\u00e9n\" \/>\n\t\t<meta name=\"twitter:image\" content=\"https:\/\/eldigitaldeasturias.com\/magazine365\/wp-content\/uploads\/2016\/06\/fotonoticia_20160616173821_800.jpg\" \/>\n\t\t<script type=\"application\/ld+json\" class=\"aioseo-schema\">\n\t\t\t{\"@context\":\"https:\\\/\\\/schema.org\",\"@graph\":[{\"@type\":\"Article\",\"@id\":\"https:\\\/\\\/eldigitaldeasturias.com\\\/magazine365\\\/reto-francioni-asume-la-presidencia-del-consejo-de-administracion-de-swiss\\\/#article\",\"name\":\"Reto Francioni asume la presidencia del consejo de administraci\\u00f3n de SWISS | El Digital de Asturias\",\"headline\":\"Reto Francioni asume la presidencia del consejo de administraci\\u00f3n de SWISS\",\"author\":{\"@id\":\"https:\\\/\\\/eldigitaldeasturias.com\\\/magazine365\\\/author\\\/admin\\\/#author\"},\"publisher\":{\"@id\":\"https:\\\/\\\/eldigitaldeasturias.com\\\/magazine365\\\/#organization\"},\"image\":{\"@type\":\"ImageObject\",\"url\":\"https:\\\/\\\/eldigitaldeasturias.com\\\/magazine365\\\/wp-content\\\/uploads\\\/2016\\\/06\\\/fotonoticia_20160616173821_800.jpg\",\"width\":800,\"height\":533},\"datePublished\":\"2016-06-16T19:25:27+02:00\",\"dateModified\":\"2016-06-16T19:25:27+02:00\",\"inLanguage\":\"es-ES\",\"mainEntityOfPage\":{\"@id\":\"https:\\\/\\\/eldigitaldeasturias.com\\\/magazine365\\\/reto-francioni-asume-la-presidencia-del-consejo-de-administracion-de-swiss\\\/#webpage\"},\"isPartOf\":{\"@id\":\"https:\\\/\\\/eldigitaldeasturias.com\\\/magazine365\\\/reto-francioni-asume-la-presidencia-del-consejo-de-administracion-de-swiss\\\/#webpage\"},\"articleSection\":\"Noticias y Actualidad\"},{\"@type\":\"BreadcrumbList\",\"@id\":\"https:\\\/\\\/eldigitaldeasturias.com\\\/magazine365\\\/reto-francioni-asume-la-presidencia-del-consejo-de-administracion-de-swiss\\\/#breadcrumblist\",\"itemListElement\":[{\"@type\":\"ListItem\",\"@id\":\"https:\\\/\\\/eldigitaldeasturias.com\\\/magazine365#listItem\",\"position\":1,\"name\":\"Home\",\"item\":\"https:\\\/\\\/eldigitaldeasturias.com\\\/magazine365\",\"nextItem\":{\"@type\":\"ListItem\",\"@id\":\"https:\\\/\\\/eldigitaldeasturias.com\\\/magazine365\\\/category\\\/noticias-actualidad\\\/#listItem\",\"name\":\"Noticias y Actualidad\"}},{\"@type\":\"ListItem\",\"@id\":\"https:\\\/\\\/eldigitaldeasturias.com\\\/magazine365\\\/category\\\/noticias-actualidad\\\/#listItem\",\"position\":2,\"name\":\"Noticias y Actualidad\",\"item\":\"https:\\\/\\\/eldigitaldeasturias.com\\\/magazine365\\\/category\\\/noticias-actualidad\\\/\",\"nextItem\":{\"@type\":\"ListItem\",\"@id\":\"https:\\\/\\\/eldigitaldeasturias.com\\\/magazine365\\\/reto-francioni-asume-la-presidencia-del-consejo-de-administracion-de-swiss\\\/#listItem\",\"name\":\"Reto Francioni asume la presidencia del consejo de administraci\\u00f3n de SWISS\"},\"previousItem\":{\"@type\":\"ListItem\",\"@id\":\"https:\\\/\\\/eldigitaldeasturias.com\\\/magazine365#listItem\",\"name\":\"Home\"}},{\"@type\":\"ListItem\",\"@id\":\"https:\\\/\\\/eldigitaldeasturias.com\\\/magazine365\\\/reto-francioni-asume-la-presidencia-del-consejo-de-administracion-de-swiss\\\/#listItem\",\"position\":3,\"name\":\"Reto Francioni asume la presidencia del consejo de administraci\\u00f3n de SWISS\",\"previousItem\":{\"@type\":\"ListItem\",\"@id\":\"https:\\\/\\\/eldigitaldeasturias.com\\\/magazine365\\\/category\\\/noticias-actualidad\\\/#listItem\",\"name\":\"Noticias y Actualidad\"}}]},{\"@type\":\"Organization\",\"@id\":\"https:\\\/\\\/eldigitaldeasturias.com\\\/magazine365\\\/#organization\",\"name\":\"El digital de Asturias\",\"description\":\"Revista de ocio, turismo y estilo de vida\",\"url\":\"https:\\\/\\\/eldigitaldeasturias.com\\\/magazine365\\\/\",\"logo\":{\"@type\":\"ImageObject\",\"url\":\"https:\\\/\\\/www.eldigitaldeasturias.com\\\/noticias\\\/wp-content\\\/uploads\\\/2020\\\/12\\\/EDA.jpg\",\"@id\":\"https:\\\/\\\/eldigitaldeasturias.com\\\/magazine365\\\/reto-francioni-asume-la-presidencia-del-consejo-de-administracion-de-swiss\\\/#organizationLogo\"},\"image\":{\"@id\":\"https:\\\/\\\/eldigitaldeasturias.com\\\/magazine365\\\/reto-francioni-asume-la-presidencia-del-consejo-de-administracion-de-swiss\\\/#organizationLogo\"}},{\"@type\":\"Person\",\"@id\":\"https:\\\/\\\/eldigitaldeasturias.com\\\/magazine365\\\/author\\\/admin\\\/#author\",\"url\":\"https:\\\/\\\/eldigitaldeasturias.com\\\/magazine365\\\/author\\\/admin\\\/\",\"name\":\"admin\",\"image\":{\"@type\":\"ImageObject\",\"@id\":\"https:\\\/\\\/eldigitaldeasturias.com\\\/magazine365\\\/reto-francioni-asume-la-presidencia-del-consejo-de-administracion-de-swiss\\\/#authorImage\",\"url\":\"https:\\\/\\\/eldigitaldeasturias.com\\\/magazine365\\\/wp-content\\\/litespeed\\\/avatar\\\/e571bcf59a0edd6fa6838245a470f2fe.jpg?ver=1776969259\",\"width\":96,\"height\":96,\"caption\":\"admin\"}},{\"@type\":\"WebPage\",\"@id\":\"https:\\\/\\\/eldigitaldeasturias.com\\\/magazine365\\\/reto-francioni-asume-la-presidencia-del-consejo-de-administracion-de-swiss\\\/#webpage\",\"url\":\"https:\\\/\\\/eldigitaldeasturias.com\\\/magazine365\\\/reto-francioni-asume-la-presidencia-del-consejo-de-administracion-de-swiss\\\/\",\"name\":\"Reto Francioni asume la presidencia del consejo de administraci\\u00f3n de SWISS | El Digital de Asturias\",\"description\":\"Reto Francioni ha asumido la pesidencia del consejo de administraci\\u00f3n de Swiss International Air Lines (SWISS), sustituyendo a Bruno Gehrig, inform\\u00f3 la erol\\u00ednea del grupo alem\\u00e1n Lufthansa. El consejo de administraci\\u00f3n de la compa\\u00f1\\u00eda helv\\u00e9tica ha sido reconstruido tras la asamblea general. El expresidente y Christoph Franz salen del organismo, que dar\\u00e1 la bienvenida tambi\\u00e9n\",\"inLanguage\":\"es-ES\",\"isPartOf\":{\"@id\":\"https:\\\/\\\/eldigitaldeasturias.com\\\/magazine365\\\/#website\"},\"breadcrumb\":{\"@id\":\"https:\\\/\\\/eldigitaldeasturias.com\\\/magazine365\\\/reto-francioni-asume-la-presidencia-del-consejo-de-administracion-de-swiss\\\/#breadcrumblist\"},\"author\":{\"@id\":\"https:\\\/\\\/eldigitaldeasturias.com\\\/magazine365\\\/author\\\/admin\\\/#author\"},\"creator\":{\"@id\":\"https:\\\/\\\/eldigitaldeasturias.com\\\/magazine365\\\/author\\\/admin\\\/#author\"},\"image\":{\"@type\":\"ImageObject\",\"url\":\"https:\\\/\\\/eldigitaldeasturias.com\\\/magazine365\\\/wp-content\\\/uploads\\\/2016\\\/06\\\/fotonoticia_20160616173821_800.jpg\",\"@id\":\"https:\\\/\\\/eldigitaldeasturias.com\\\/magazine365\\\/reto-francioni-asume-la-presidencia-del-consejo-de-administracion-de-swiss\\\/#mainImage\",\"width\":800,\"height\":533},\"primaryImageOfPage\":{\"@id\":\"https:\\\/\\\/eldigitaldeasturias.com\\\/magazine365\\\/reto-francioni-asume-la-presidencia-del-consejo-de-administracion-de-swiss\\\/#mainImage\"},\"datePublished\":\"2016-06-16T19:25:27+02:00\",\"dateModified\":\"2016-06-16T19:25:27+02:00\"},{\"@type\":\"WebSite\",\"@id\":\"https:\\\/\\\/eldigitaldeasturias.com\\\/magazine365\\\/#website\",\"url\":\"https:\\\/\\\/eldigitaldeasturias.com\\\/magazine365\\\/\",\"name\":\"El Digital de Asturias\",\"description\":\"Revista de ocio, turismo y estilo de vida\",\"inLanguage\":\"es-ES\",\"publisher\":{\"@id\":\"https:\\\/\\\/eldigitaldeasturias.com\\\/magazine365\\\/#organization\"}}]}\n\t\t<\/script>\n\t\t<!-- All in One SEO Pro -->\r\n\t\t<title>Reto Francioni asume la presidencia del consejo de administraci\u00f3n de SWISS | El Digital de Asturias<\/title>\n\n","aioseo_head_json":{"title":"Reto Francioni asume la presidencia del consejo de administraci\u00f3n de SWISS | El Digital de Asturias","description":"Reto Francioni ha asumido la pesidencia del consejo de administraci\u00f3n de Swiss International Air Lines (SWISS), sustituyendo a Bruno Gehrig, inform\u00f3 la erol\u00ednea del grupo alem\u00e1n Lufthansa. El consejo de administraci\u00f3n de la compa\u00f1\u00eda helv\u00e9tica ha sido reconstruido tras la asamblea general. El expresidente y Christoph Franz salen del organismo, que dar\u00e1 la bienvenida tambi\u00e9n","canonical_url":"https:\/\/eldigitaldeasturias.com\/magazine365\/reto-francioni-asume-la-presidencia-del-consejo-de-administracion-de-swiss\/","robots":"max-image-preview:large","keywords":"noticias y actualidad","webmasterTools":{"google-site-verification":"UA-38556648-1","miscellaneous":""},"schema":{"@context":"https:\/\/schema.org","@graph":[{"@type":"Article","@id":"https:\/\/eldigitaldeasturias.com\/magazine365\/reto-francioni-asume-la-presidencia-del-consejo-de-administracion-de-swiss\/#article","name":"Reto Francioni asume la presidencia del consejo de administraci\u00f3n de SWISS | El Digital de Asturias","headline":"Reto Francioni asume la presidencia del consejo de administraci\u00f3n de SWISS","author":{"@id":"https:\/\/eldigitaldeasturias.com\/magazine365\/author\/admin\/#author"},"publisher":{"@id":"https:\/\/eldigitaldeasturias.com\/magazine365\/#organization"},"image":{"@type":"ImageObject","url":"https:\/\/eldigitaldeasturias.com\/magazine365\/wp-content\/uploads\/2016\/06\/fotonoticia_20160616173821_800.jpg","width":800,"height":533},"datePublished":"2016-06-16T19:25:27+02:00","dateModified":"2016-06-16T19:25:27+02:00","inLanguage":"es-ES","mainEntityOfPage":{"@id":"https:\/\/eldigitaldeasturias.com\/magazine365\/reto-francioni-asume-la-presidencia-del-consejo-de-administracion-de-swiss\/#webpage"},"isPartOf":{"@id":"https:\/\/eldigitaldeasturias.com\/magazine365\/reto-francioni-asume-la-presidencia-del-consejo-de-administracion-de-swiss\/#webpage"},"articleSection":"Noticias y Actualidad"},{"@type":"BreadcrumbList","@id":"https:\/\/eldigitaldeasturias.com\/magazine365\/reto-francioni-asume-la-presidencia-del-consejo-de-administracion-de-swiss\/#breadcrumblist","itemListElement":[{"@type":"ListItem","@id":"https:\/\/eldigitaldeasturias.com\/magazine365#listItem","position":1,"name":"Home","item":"https:\/\/eldigitaldeasturias.com\/magazine365","nextItem":{"@type":"ListItem","@id":"https:\/\/eldigitaldeasturias.com\/magazine365\/category\/noticias-actualidad\/#listItem","name":"Noticias y Actualidad"}},{"@type":"ListItem","@id":"https:\/\/eldigitaldeasturias.com\/magazine365\/category\/noticias-actualidad\/#listItem","position":2,"name":"Noticias y Actualidad","item":"https:\/\/eldigitaldeasturias.com\/magazine365\/category\/noticias-actualidad\/","nextItem":{"@type":"ListItem","@id":"https:\/\/eldigitaldeasturias.com\/magazine365\/reto-francioni-asume-la-presidencia-del-consejo-de-administracion-de-swiss\/#listItem","name":"Reto Francioni asume la presidencia del consejo de administraci\u00f3n de SWISS"},"previousItem":{"@type":"ListItem","@id":"https:\/\/eldigitaldeasturias.com\/magazine365#listItem","name":"Home"}},{"@type":"ListItem","@id":"https:\/\/eldigitaldeasturias.com\/magazine365\/reto-francioni-asume-la-presidencia-del-consejo-de-administracion-de-swiss\/#listItem","position":3,"name":"Reto Francioni asume la presidencia del consejo de administraci\u00f3n de SWISS","previousItem":{"@type":"ListItem","@id":"https:\/\/eldigitaldeasturias.com\/magazine365\/category\/noticias-actualidad\/#listItem","name":"Noticias y Actualidad"}}]},{"@type":"Organization","@id":"https:\/\/eldigitaldeasturias.com\/magazine365\/#organization","name":"El digital de Asturias","description":"Revista de ocio, turismo y estilo de vida","url":"https:\/\/eldigitaldeasturias.com\/magazine365\/","logo":{"@type":"ImageObject","url":"https:\/\/www.eldigitaldeasturias.com\/noticias\/wp-content\/uploads\/2020\/12\/EDA.jpg","@id":"https:\/\/eldigitaldeasturias.com\/magazine365\/reto-francioni-asume-la-presidencia-del-consejo-de-administracion-de-swiss\/#organizationLogo"},"image":{"@id":"https:\/\/eldigitaldeasturias.com\/magazine365\/reto-francioni-asume-la-presidencia-del-consejo-de-administracion-de-swiss\/#organizationLogo"}},{"@type":"Person","@id":"https:\/\/eldigitaldeasturias.com\/magazine365\/author\/admin\/#author","url":"https:\/\/eldigitaldeasturias.com\/magazine365\/author\/admin\/","name":"admin","image":{"@type":"ImageObject","@id":"https:\/\/eldigitaldeasturias.com\/magazine365\/reto-francioni-asume-la-presidencia-del-consejo-de-administracion-de-swiss\/#authorImage","url":"https:\/\/eldigitaldeasturias.com\/magazine365\/wp-content\/litespeed\/avatar\/e571bcf59a0edd6fa6838245a470f2fe.jpg?ver=1776969259","width":96,"height":96,"caption":"admin"}},{"@type":"WebPage","@id":"https:\/\/eldigitaldeasturias.com\/magazine365\/reto-francioni-asume-la-presidencia-del-consejo-de-administracion-de-swiss\/#webpage","url":"https:\/\/eldigitaldeasturias.com\/magazine365\/reto-francioni-asume-la-presidencia-del-consejo-de-administracion-de-swiss\/","name":"Reto Francioni asume la presidencia del consejo de administraci\u00f3n de SWISS | El Digital de Asturias","description":"Reto Francioni ha asumido la pesidencia del consejo de administraci\u00f3n de Swiss International Air Lines (SWISS), sustituyendo a Bruno Gehrig, inform\u00f3 la erol\u00ednea del grupo alem\u00e1n Lufthansa. El consejo de administraci\u00f3n de la compa\u00f1\u00eda helv\u00e9tica ha sido reconstruido tras la asamblea general. El expresidente y Christoph Franz salen del organismo, que dar\u00e1 la bienvenida tambi\u00e9n","inLanguage":"es-ES","isPartOf":{"@id":"https:\/\/eldigitaldeasturias.com\/magazine365\/#website"},"breadcrumb":{"@id":"https:\/\/eldigitaldeasturias.com\/magazine365\/reto-francioni-asume-la-presidencia-del-consejo-de-administracion-de-swiss\/#breadcrumblist"},"author":{"@id":"https:\/\/eldigitaldeasturias.com\/magazine365\/author\/admin\/#author"},"creator":{"@id":"https:\/\/eldigitaldeasturias.com\/magazine365\/author\/admin\/#author"},"image":{"@type":"ImageObject","url":"https:\/\/eldigitaldeasturias.com\/magazine365\/wp-content\/uploads\/2016\/06\/fotonoticia_20160616173821_800.jpg","@id":"https:\/\/eldigitaldeasturias.com\/magazine365\/reto-francioni-asume-la-presidencia-del-consejo-de-administracion-de-swiss\/#mainImage","width":800,"height":533},"primaryImageOfPage":{"@id":"https:\/\/eldigitaldeasturias.com\/magazine365\/reto-francioni-asume-la-presidencia-del-consejo-de-administracion-de-swiss\/#mainImage"},"datePublished":"2016-06-16T19:25:27+02:00","dateModified":"2016-06-16T19:25:27+02:00"},{"@type":"WebSite","@id":"https:\/\/eldigitaldeasturias.com\/magazine365\/#website","url":"https:\/\/eldigitaldeasturias.com\/magazine365\/","name":"El Digital de Asturias","description":"Revista de ocio, turismo y estilo de vida","inLanguage":"es-ES","publisher":{"@id":"https:\/\/eldigitaldeasturias.com\/magazine365\/#organization"}}]},"og:locale":"es_ES","og:site_name":"El Digital de Asturias \u2013 Revista de ocio, turismo y estilo de vida","og:type":"article","og:title":"Reto Francioni asume la presidencia del consejo de administraci\u00f3n de SWISS | El Digital de Asturias","og:description":"Reto Francioni ha asumido la pesidencia del consejo de administraci\u00f3n de Swiss International Air Lines (SWISS), sustituyendo a Bruno Gehrig, inform\u00f3 la erol\u00ednea del grupo alem\u00e1n Lufthansa. El consejo de administraci\u00f3n de la compa\u00f1\u00eda helv\u00e9tica ha sido reconstruido tras la asamblea general. El expresidente y Christoph Franz salen del organismo, que dar\u00e1 la bienvenida tambi\u00e9n","og:url":"https:\/\/eldigitaldeasturias.com\/magazine365\/reto-francioni-asume-la-presidencia-del-consejo-de-administracion-de-swiss\/","og:image":"https:\/\/eldigitaldeasturias.com\/magazine365\/wp-content\/uploads\/2016\/06\/fotonoticia_20160616173821_800.jpg","og:image:secure_url":"https:\/\/eldigitaldeasturias.com\/magazine365\/wp-content\/uploads\/2016\/06\/fotonoticia_20160616173821_800.jpg","og:image:width":800,"og:image:height":533,"article:published_time":"2016-06-16T17:25:27+00:00","article:modified_time":"2016-06-16T17:25:27+00:00","twitter:card":"summary_large_image","twitter:title":"Reto Francioni asume la presidencia del consejo de administraci\u00f3n de SWISS | El Digital de Asturias","twitter:description":"Reto Francioni ha asumido la pesidencia del consejo de administraci\u00f3n de Swiss International Air Lines (SWISS), sustituyendo a Bruno Gehrig, inform\u00f3 la erol\u00ednea del grupo alem\u00e1n Lufthansa. El consejo de administraci\u00f3n de la compa\u00f1\u00eda helv\u00e9tica ha sido reconstruido tras la asamblea general. El expresidente y Christoph Franz salen del organismo, que dar\u00e1 la bienvenida tambi\u00e9n","twitter:image":"https:\/\/eldigitaldeasturias.com\/magazine365\/wp-content\/uploads\/2016\/06\/fotonoticia_20160616173821_800.jpg"},"aioseo_meta_data":{"post_id":"79734","title":null,"description":null,"keywords":null,"keyphrases":null,"primary_term":null,"canonical_url":null,"og_title":null,"og_description":null,"og_object_type":"default","og_image_type":"default","og_image_url":null,"og_image_width":null,"og_image_height":null,"og_image_custom_url":null,"og_image_custom_fields":null,"og_video":null,"og_custom_url":null,"og_article_section":null,"og_article_tags":null,"twitter_use_og":false,"twitter_card":"default","twitter_image_type":"default","twitter_image_url":null,"twitter_image_custom_url":null,"twitter_image_custom_fields":null,"twitter_title":null,"twitter_description":null,"schema":{"blockGraphs":[],"customGraphs":[],"default":{"data":{"Article":[],"Course":[],"Dataset":[],"FAQPage":[],"Movie":[],"Person":[],"Product":[],"ProductReview":[],"Car":[],"Recipe":[],"Service":[],"SoftwareApplication":[],"WebPage":[]},"graphName":"","isEnabled":true},"graphs":[],"defaultGraph":"","defaultPostTypeGraph":""},"schema_type":null,"schema_type_options":null,"pillar_content":false,"robots_default":true,"robots_noindex":false,"robots_noarchive":false,"robots_nosnippet":false,"robots_nofollow":false,"robots_noimageindex":false,"robots_noodp":false,"robots_notranslate":false,"robots_max_snippet":null,"robots_max_videopreview":null,"robots_max_imagepreview":"large","priority":null,"frequency":null,"location":null,"local_seo":null,"seo_analyzer_scan_date":"2025-09-27 19:27:56","breadcrumb_settings":null,"limit_modified_date":false,"open_ai":null,"ai":null,"created":"2021-03-08 17:43:48","updated":"2025-09-27 19:27:56"},"aioseo_breadcrumb":"<div class=\"aioseo-breadcrumbs\"><span class=\"aioseo-breadcrumb\">\n\t<a href=\"https:\/\/eldigitaldeasturias.com\/magazine365\" title=\"Home\">Home<\/a>\n<\/span><span class=\"aioseo-breadcrumb-separator\">\u2013<\/span><span class=\"aioseo-breadcrumb\">\n\t<a href=\"https:\/\/eldigitaldeasturias.com\/magazine365\/category\/noticias-actualidad\/\" title=\"Noticias y Actualidad\">Noticias y Actualidad<\/a>\n<\/span><span class=\"aioseo-breadcrumb-separator\">\u2013<\/span><span class=\"aioseo-breadcrumb\">\n\t<a href=\"https:\/\/eldigitaldeasturias.com\/magazine365\/reto-francioni-asume-la-presidencia-del-consejo-de-administracion-de-swiss\/\" title=\"Reto Francioni asume la presidencia del consejo de administraci\u00f3n de SWISS\">Reto Francioni asume la presidencia del consejo de administraci\u00f3n de SWISS<\/a>\n<\/span><\/div>","aioseo_breadcrumb_json":[{"label":"Home","link":"https:\/\/eldigitaldeasturias.com\/magazine365"},{"label":"Noticias y Actualidad","link":"https:\/\/eldigitaldeasturias.com\/magazine365\/category\/noticias-actualidad\/"},{"label":"Reto Francioni asume la presidencia del consejo de administraci\u00f3n de SWISS","link":"https:\/\/eldigitaldeasturias.com\/magazine365\/reto-francioni-asume-la-presidencia-del-consejo-de-administracion-de-swiss\/"}],"_links":{"self":[{"href":"https:\/\/eldigitaldeasturias.com\/magazine365\/wp-json\/wp\/v2\/posts\/79734","targetHints":{"allow":["GET"]}}],"collection":[{"href":"https:\/\/eldigitaldeasturias.com\/magazine365\/wp-json\/wp\/v2\/posts"}],"about":[{"href":"https:\/\/eldigitaldeasturias.com\/magazine365\/wp-json\/wp\/v2\/types\/post"}],"author":[{"embeddable":true,"href":"https:\/\/eldigitaldeasturias.com\/magazine365\/wp-json\/wp\/v2\/users\/1"}],"replies":[{"embeddable":true,"href":"https:\/\/eldigitaldeasturias.com\/magazine365\/wp-json\/wp\/v2\/comments?post=79734"}],"version-history":[{"count":0,"href":"https:\/\/eldigitaldeasturias.com\/magazine365\/wp-json\/wp\/v2\/posts\/79734\/revisions"}],"wp:featuredmedia":[{"embeddable":true,"href":"https:\/\/eldigitaldeasturias.com\/magazine365\/wp-json\/wp\/v2\/media\/79735"}],"wp:attachment":[{"href":"https:\/\/eldigitaldeasturias.com\/magazine365\/wp-json\/wp\/v2\/media?parent=79734"}],"wp:term":[{"taxonomy":"category","embeddable":true,"href":"https:\/\/eldigitaldeasturias.com\/magazine365\/wp-json\/wp\/v2\/categories?post=79734"},{"taxonomy":"post_tag","embeddable":true,"href":"https:\/\/eldigitaldeasturias.com\/magazine365\/wp-json\/wp\/v2\/tags?post=79734"}],"curies":[{"name":"wp","href":"https:\/\/api.w.org\/{rel}","templated":true}]}}