{"id":79731,"date":"2016-06-16T19:24:19","date_gmt":"2016-06-16T17:24:19","guid":{"rendered":"http:\/\/eldigitaldeasturias.com\/magazine365\/?p=79731"},"modified":"2016-06-16T19:24:19","modified_gmt":"2016-06-16T17:24:19","slug":"las-edades-del-hombre-de-toro-superan-los-20-000-visitantes","status":"publish","type":"post","link":"https:\/\/eldigitaldeasturias.com\/magazine365\/las-edades-del-hombre-de-toro-superan-los-20-000-visitantes\/","title":{"rendered":"Las Edades del Hombre de Toro superan los 20.000 visitantes"},"content":{"rendered":"<p><img fetchpriority=\"high\" decoding=\"async\" class=\"alignleft size-medium wp-image-79732\" src=\"https:\/\/eldigitaldeasturias.com\/magazine365\/wp-content\/uploads\/2016\/06\/fotonoticia_20160616173227_800-360x258.jpg\" alt=\"fotonoticia_20160616173227_800\" width=\"360\" height=\"258\" srcset=\"https:\/\/eldigitaldeasturias.com\/magazine365\/wp-content\/uploads\/2016\/06\/fotonoticia_20160616173227_800-360x258.jpg 360w, https:\/\/eldigitaldeasturias.com\/magazine365\/wp-content\/uploads\/2016\/06\/fotonoticia_20160616173227_800-650x466.jpg 650w, https:\/\/eldigitaldeasturias.com\/magazine365\/wp-content\/uploads\/2016\/06\/fotonoticia_20160616173227_800-768x551.jpg 768w, https:\/\/eldigitaldeasturias.com\/magazine365\/wp-content\/uploads\/2016\/06\/fotonoticia_20160616173227_800-150x108.jpg 150w, https:\/\/eldigitaldeasturias.com\/magazine365\/wp-content\/uploads\/2016\/06\/fotonoticia_20160616173227_800-450x323.jpg 450w, https:\/\/eldigitaldeasturias.com\/magazine365\/wp-content\/uploads\/2016\/06\/fotonoticia_20160616173227_800.jpg 800w\" sizes=\"(max-width: 360px) 100vw, 360px\" \/>El alcalde de Toro (Zamora), Tom\u00e1s del Bien, ha anunciado este jueves que ya se han superado las 20.000 visitas a la exposici\u00f3n Las Edades Hombre que se celebran en esta villa zamorana.<\/p>\n<p>Del Bien ha indicado que se han cubierto con creces las expectativas hasta el momento, aunque ha indicado que ser\u00e1 a partir del mes de agosto cuando llegue \u00ablo fuerte\u00bb, seg\u00fan la referencia de otras ediciones.<\/p>\n<p>De los visitantes recibidos hasta el momento, m\u00e1s de la mitad son de Madrid, y a partir de ah\u00ed le siguen del resto de Castilla y Le\u00f3n, Pa\u00eds Vasco, Andaluc\u00eda o Galicia, aunque tambi\u00e9n ha hablado del \u00abbuen ritmo\u00bb del turismo internacional.<\/p>\n<p>Estas declaraciones coinciden con la presentaci\u00f3n del folleto de la programaci\u00f3n cultural que complementa &#8216;Aqva&#8217; y del que se han editado 60.000 ejemplares.<\/p>\n<p>En total, desde ahora y hasta noviembre, est\u00e1 cerrada una treintena de actuaciones en Toro que tendr\u00e1 como broche de oro un concierto clausura a cargo de la Banda de M\u00fasica Lira de Toro, donde se estrenar\u00e1 una obra compuesta para la ocasi\u00f3n por David Rivas Dom\u00ednguez.<\/p>\n","protected":false},"excerpt":{"rendered":"<p>El alcalde de Toro (Zamora), Tom\u00e1s del Bien, ha anunciado este jueves que ya se han superado las 20.000 visitas a la exposici\u00f3n Las Edades Hombre que se celebran en esta villa zamorana. Del Bien ha indicado que se han cubierto con creces las expectativas hasta el momento, aunque ha indicado que ser\u00e1 a partir<\/p>\n","protected":false},"author":1,"featured_media":79732,"comment_status":"open","ping_status":"closed","sticky":false,"template":"","format":"standard","meta":{"footnotes":""},"categories":[224],"tags":[],"class_list":{"0":"post-79731","1":"post","2":"type-post","3":"status-publish","4":"format-standard","5":"has-post-thumbnail","7":"category-noticias-actualidad"},"aioseo_notices":[],"aioseo_head":"\n\t\t<!-- All in One SEO Pro 4.9.6.1 - aioseo.com -->\n\t<meta name=\"description\" content=\"El alcalde de Toro (Zamora), Tom\u00e1s del Bien, ha anunciado este jueves que ya se han superado las 20.000 visitas a la exposici\u00f3n Las Edades Hombre que se celebran en esta villa zamorana. Del Bien ha indicado que se han cubierto con creces las expectativas hasta el momento, aunque ha indicado que ser\u00e1 a partir\" \/>\n\t<meta name=\"robots\" content=\"max-image-preview:large\" \/>\n\t<meta name=\"author\" content=\"admin\"\/>\n\t<meta name=\"google-site-verification\" content=\"UA-38556648-1\" \/>\n\t<meta name=\"keywords\" content=\"noticias y actualidad\" \/>\n\t<link rel=\"canonical\" href=\"https:\/\/eldigitaldeasturias.com\/magazine365\/las-edades-del-hombre-de-toro-superan-los-20-000-visitantes\/\" \/>\n\t<meta name=\"generator\" content=\"All in One SEO Pro (AIOSEO) 4.9.6.1\" \/>\n\t\t<meta property=\"og:locale\" content=\"es_ES\" \/>\n\t\t<meta property=\"og:site_name\" content=\"El Digital de Asturias \u2013 Revista de ocio, turismo y estilo de vida\" \/>\n\t\t<meta property=\"og:type\" content=\"article\" \/>\n\t\t<meta property=\"og:title\" content=\"Las Edades del Hombre de Toro superan los 20.000 visitantes | El Digital de Asturias\" \/>\n\t\t<meta property=\"og:description\" content=\"El alcalde de Toro (Zamora), Tom\u00e1s del Bien, ha anunciado este jueves que ya se han superado las 20.000 visitas a la exposici\u00f3n Las Edades Hombre que se celebran en esta villa zamorana. Del Bien ha indicado que se han cubierto con creces las expectativas hasta el momento, aunque ha indicado que ser\u00e1 a partir\" \/>\n\t\t<meta property=\"og:url\" content=\"https:\/\/eldigitaldeasturias.com\/magazine365\/las-edades-del-hombre-de-toro-superan-los-20-000-visitantes\/\" \/>\n\t\t<meta property=\"og:image\" content=\"https:\/\/eldigitaldeasturias.com\/magazine365\/wp-content\/uploads\/2016\/06\/fotonoticia_20160616173227_800.jpg\" \/>\n\t\t<meta property=\"og:image:secure_url\" content=\"https:\/\/eldigitaldeasturias.com\/magazine365\/wp-content\/uploads\/2016\/06\/fotonoticia_20160616173227_800.jpg\" \/>\n\t\t<meta property=\"og:image:width\" content=\"800\" \/>\n\t\t<meta property=\"og:image:height\" content=\"574\" \/>\n\t\t<meta property=\"article:published_time\" content=\"2016-06-16T17:24:19+00:00\" \/>\n\t\t<meta property=\"article:modified_time\" content=\"2016-06-16T17:24:19+00:00\" \/>\n\t\t<meta name=\"twitter:card\" content=\"summary_large_image\" \/>\n\t\t<meta name=\"twitter:title\" content=\"Las Edades del Hombre de Toro superan los 20.000 visitantes | El Digital de Asturias\" \/>\n\t\t<meta name=\"twitter:description\" content=\"El alcalde de Toro (Zamora), Tom\u00e1s del Bien, ha anunciado este jueves que ya se han superado las 20.000 visitas a la exposici\u00f3n Las Edades Hombre que se celebran en esta villa zamorana. Del Bien ha indicado que se han cubierto con creces las expectativas hasta el momento, aunque ha indicado que ser\u00e1 a partir\" \/>\n\t\t<meta name=\"twitter:image\" content=\"https:\/\/eldigitaldeasturias.com\/magazine365\/wp-content\/uploads\/2016\/06\/fotonoticia_20160616173227_800.jpg\" \/>\n\t\t<script type=\"application\/ld+json\" class=\"aioseo-schema\">\n\t\t\t{\"@context\":\"https:\\\/\\\/schema.org\",\"@graph\":[{\"@type\":\"Article\",\"@id\":\"https:\\\/\\\/eldigitaldeasturias.com\\\/magazine365\\\/las-edades-del-hombre-de-toro-superan-los-20-000-visitantes\\\/#article\",\"name\":\"Las Edades del Hombre de Toro superan los 20.000 visitantes | El Digital de Asturias\",\"headline\":\"Las Edades del Hombre de Toro superan los 20.000 visitantes\",\"author\":{\"@id\":\"https:\\\/\\\/eldigitaldeasturias.com\\\/magazine365\\\/author\\\/admin\\\/#author\"},\"publisher\":{\"@id\":\"https:\\\/\\\/eldigitaldeasturias.com\\\/magazine365\\\/#organization\"},\"image\":{\"@type\":\"ImageObject\",\"url\":\"https:\\\/\\\/eldigitaldeasturias.com\\\/magazine365\\\/wp-content\\\/uploads\\\/2016\\\/06\\\/fotonoticia_20160616173227_800.jpg\",\"width\":800,\"height\":574},\"datePublished\":\"2016-06-16T19:24:19+02:00\",\"dateModified\":\"2016-06-16T19:24:19+02:00\",\"inLanguage\":\"es-ES\",\"mainEntityOfPage\":{\"@id\":\"https:\\\/\\\/eldigitaldeasturias.com\\\/magazine365\\\/las-edades-del-hombre-de-toro-superan-los-20-000-visitantes\\\/#webpage\"},\"isPartOf\":{\"@id\":\"https:\\\/\\\/eldigitaldeasturias.com\\\/magazine365\\\/las-edades-del-hombre-de-toro-superan-los-20-000-visitantes\\\/#webpage\"},\"articleSection\":\"Noticias y Actualidad\"},{\"@type\":\"BreadcrumbList\",\"@id\":\"https:\\\/\\\/eldigitaldeasturias.com\\\/magazine365\\\/las-edades-del-hombre-de-toro-superan-los-20-000-visitantes\\\/#breadcrumblist\",\"itemListElement\":[{\"@type\":\"ListItem\",\"@id\":\"https:\\\/\\\/eldigitaldeasturias.com\\\/magazine365#listItem\",\"position\":1,\"name\":\"Home\",\"item\":\"https:\\\/\\\/eldigitaldeasturias.com\\\/magazine365\",\"nextItem\":{\"@type\":\"ListItem\",\"@id\":\"https:\\\/\\\/eldigitaldeasturias.com\\\/magazine365\\\/category\\\/noticias-actualidad\\\/#listItem\",\"name\":\"Noticias y Actualidad\"}},{\"@type\":\"ListItem\",\"@id\":\"https:\\\/\\\/eldigitaldeasturias.com\\\/magazine365\\\/category\\\/noticias-actualidad\\\/#listItem\",\"position\":2,\"name\":\"Noticias y Actualidad\",\"item\":\"https:\\\/\\\/eldigitaldeasturias.com\\\/magazine365\\\/category\\\/noticias-actualidad\\\/\",\"nextItem\":{\"@type\":\"ListItem\",\"@id\":\"https:\\\/\\\/eldigitaldeasturias.com\\\/magazine365\\\/las-edades-del-hombre-de-toro-superan-los-20-000-visitantes\\\/#listItem\",\"name\":\"Las Edades del Hombre de Toro superan los 20.000 visitantes\"},\"previousItem\":{\"@type\":\"ListItem\",\"@id\":\"https:\\\/\\\/eldigitaldeasturias.com\\\/magazine365#listItem\",\"name\":\"Home\"}},{\"@type\":\"ListItem\",\"@id\":\"https:\\\/\\\/eldigitaldeasturias.com\\\/magazine365\\\/las-edades-del-hombre-de-toro-superan-los-20-000-visitantes\\\/#listItem\",\"position\":3,\"name\":\"Las Edades del Hombre de Toro superan los 20.000 visitantes\",\"previousItem\":{\"@type\":\"ListItem\",\"@id\":\"https:\\\/\\\/eldigitaldeasturias.com\\\/magazine365\\\/category\\\/noticias-actualidad\\\/#listItem\",\"name\":\"Noticias y Actualidad\"}}]},{\"@type\":\"Organization\",\"@id\":\"https:\\\/\\\/eldigitaldeasturias.com\\\/magazine365\\\/#organization\",\"name\":\"El digital de Asturias\",\"description\":\"Revista de ocio, turismo y estilo de vida\",\"url\":\"https:\\\/\\\/eldigitaldeasturias.com\\\/magazine365\\\/\",\"logo\":{\"@type\":\"ImageObject\",\"url\":\"https:\\\/\\\/www.eldigitaldeasturias.com\\\/noticias\\\/wp-content\\\/uploads\\\/2020\\\/12\\\/EDA.jpg\",\"@id\":\"https:\\\/\\\/eldigitaldeasturias.com\\\/magazine365\\\/las-edades-del-hombre-de-toro-superan-los-20-000-visitantes\\\/#organizationLogo\"},\"image\":{\"@id\":\"https:\\\/\\\/eldigitaldeasturias.com\\\/magazine365\\\/las-edades-del-hombre-de-toro-superan-los-20-000-visitantes\\\/#organizationLogo\"}},{\"@type\":\"Person\",\"@id\":\"https:\\\/\\\/eldigitaldeasturias.com\\\/magazine365\\\/author\\\/admin\\\/#author\",\"url\":\"https:\\\/\\\/eldigitaldeasturias.com\\\/magazine365\\\/author\\\/admin\\\/\",\"name\":\"admin\",\"image\":{\"@type\":\"ImageObject\",\"@id\":\"https:\\\/\\\/eldigitaldeasturias.com\\\/magazine365\\\/las-edades-del-hombre-de-toro-superan-los-20-000-visitantes\\\/#authorImage\",\"url\":\"https:\\\/\\\/eldigitaldeasturias.com\\\/magazine365\\\/wp-content\\\/litespeed\\\/avatar\\\/e571bcf59a0edd6fa6838245a470f2fe.jpg?ver=1776969259\",\"width\":96,\"height\":96,\"caption\":\"admin\"}},{\"@type\":\"WebPage\",\"@id\":\"https:\\\/\\\/eldigitaldeasturias.com\\\/magazine365\\\/las-edades-del-hombre-de-toro-superan-los-20-000-visitantes\\\/#webpage\",\"url\":\"https:\\\/\\\/eldigitaldeasturias.com\\\/magazine365\\\/las-edades-del-hombre-de-toro-superan-los-20-000-visitantes\\\/\",\"name\":\"Las Edades del Hombre de Toro superan los 20.000 visitantes | El Digital de Asturias\",\"description\":\"El alcalde de Toro (Zamora), Tom\\u00e1s del Bien, ha anunciado este jueves que ya se han superado las 20.000 visitas a la exposici\\u00f3n Las Edades Hombre que se celebran en esta villa zamorana. Del Bien ha indicado que se han cubierto con creces las expectativas hasta el momento, aunque ha indicado que ser\\u00e1 a partir\",\"inLanguage\":\"es-ES\",\"isPartOf\":{\"@id\":\"https:\\\/\\\/eldigitaldeasturias.com\\\/magazine365\\\/#website\"},\"breadcrumb\":{\"@id\":\"https:\\\/\\\/eldigitaldeasturias.com\\\/magazine365\\\/las-edades-del-hombre-de-toro-superan-los-20-000-visitantes\\\/#breadcrumblist\"},\"author\":{\"@id\":\"https:\\\/\\\/eldigitaldeasturias.com\\\/magazine365\\\/author\\\/admin\\\/#author\"},\"creator\":{\"@id\":\"https:\\\/\\\/eldigitaldeasturias.com\\\/magazine365\\\/author\\\/admin\\\/#author\"},\"image\":{\"@type\":\"ImageObject\",\"url\":\"https:\\\/\\\/eldigitaldeasturias.com\\\/magazine365\\\/wp-content\\\/uploads\\\/2016\\\/06\\\/fotonoticia_20160616173227_800.jpg\",\"@id\":\"https:\\\/\\\/eldigitaldeasturias.com\\\/magazine365\\\/las-edades-del-hombre-de-toro-superan-los-20-000-visitantes\\\/#mainImage\",\"width\":800,\"height\":574},\"primaryImageOfPage\":{\"@id\":\"https:\\\/\\\/eldigitaldeasturias.com\\\/magazine365\\\/las-edades-del-hombre-de-toro-superan-los-20-000-visitantes\\\/#mainImage\"},\"datePublished\":\"2016-06-16T19:24:19+02:00\",\"dateModified\":\"2016-06-16T19:24:19+02:00\"},{\"@type\":\"WebSite\",\"@id\":\"https:\\\/\\\/eldigitaldeasturias.com\\\/magazine365\\\/#website\",\"url\":\"https:\\\/\\\/eldigitaldeasturias.com\\\/magazine365\\\/\",\"name\":\"El Digital de Asturias\",\"description\":\"Revista de ocio, turismo y estilo de vida\",\"inLanguage\":\"es-ES\",\"publisher\":{\"@id\":\"https:\\\/\\\/eldigitaldeasturias.com\\\/magazine365\\\/#organization\"}}]}\n\t\t<\/script>\n\t\t<!-- All in One SEO Pro -->\r\n\t\t<title>Las Edades del Hombre de Toro superan los 20.000 visitantes | El Digital de Asturias<\/title>\n\n","aioseo_head_json":{"title":"Las Edades del Hombre de Toro superan los 20.000 visitantes | El Digital de Asturias","description":"El alcalde de Toro (Zamora), Tom\u00e1s del Bien, ha anunciado este jueves que ya se han superado las 20.000 visitas a la exposici\u00f3n Las Edades Hombre que se celebran en esta villa zamorana. Del Bien ha indicado que se han cubierto con creces las expectativas hasta el momento, aunque ha indicado que ser\u00e1 a partir","canonical_url":"https:\/\/eldigitaldeasturias.com\/magazine365\/las-edades-del-hombre-de-toro-superan-los-20-000-visitantes\/","robots":"max-image-preview:large","keywords":"noticias y actualidad","webmasterTools":{"google-site-verification":"UA-38556648-1","miscellaneous":""},"schema":{"@context":"https:\/\/schema.org","@graph":[{"@type":"Article","@id":"https:\/\/eldigitaldeasturias.com\/magazine365\/las-edades-del-hombre-de-toro-superan-los-20-000-visitantes\/#article","name":"Las Edades del Hombre de Toro superan los 20.000 visitantes | El Digital de Asturias","headline":"Las Edades del Hombre de Toro superan los 20.000 visitantes","author":{"@id":"https:\/\/eldigitaldeasturias.com\/magazine365\/author\/admin\/#author"},"publisher":{"@id":"https:\/\/eldigitaldeasturias.com\/magazine365\/#organization"},"image":{"@type":"ImageObject","url":"https:\/\/eldigitaldeasturias.com\/magazine365\/wp-content\/uploads\/2016\/06\/fotonoticia_20160616173227_800.jpg","width":800,"height":574},"datePublished":"2016-06-16T19:24:19+02:00","dateModified":"2016-06-16T19:24:19+02:00","inLanguage":"es-ES","mainEntityOfPage":{"@id":"https:\/\/eldigitaldeasturias.com\/magazine365\/las-edades-del-hombre-de-toro-superan-los-20-000-visitantes\/#webpage"},"isPartOf":{"@id":"https:\/\/eldigitaldeasturias.com\/magazine365\/las-edades-del-hombre-de-toro-superan-los-20-000-visitantes\/#webpage"},"articleSection":"Noticias y Actualidad"},{"@type":"BreadcrumbList","@id":"https:\/\/eldigitaldeasturias.com\/magazine365\/las-edades-del-hombre-de-toro-superan-los-20-000-visitantes\/#breadcrumblist","itemListElement":[{"@type":"ListItem","@id":"https:\/\/eldigitaldeasturias.com\/magazine365#listItem","position":1,"name":"Home","item":"https:\/\/eldigitaldeasturias.com\/magazine365","nextItem":{"@type":"ListItem","@id":"https:\/\/eldigitaldeasturias.com\/magazine365\/category\/noticias-actualidad\/#listItem","name":"Noticias y Actualidad"}},{"@type":"ListItem","@id":"https:\/\/eldigitaldeasturias.com\/magazine365\/category\/noticias-actualidad\/#listItem","position":2,"name":"Noticias y Actualidad","item":"https:\/\/eldigitaldeasturias.com\/magazine365\/category\/noticias-actualidad\/","nextItem":{"@type":"ListItem","@id":"https:\/\/eldigitaldeasturias.com\/magazine365\/las-edades-del-hombre-de-toro-superan-los-20-000-visitantes\/#listItem","name":"Las Edades del Hombre de Toro superan los 20.000 visitantes"},"previousItem":{"@type":"ListItem","@id":"https:\/\/eldigitaldeasturias.com\/magazine365#listItem","name":"Home"}},{"@type":"ListItem","@id":"https:\/\/eldigitaldeasturias.com\/magazine365\/las-edades-del-hombre-de-toro-superan-los-20-000-visitantes\/#listItem","position":3,"name":"Las Edades del Hombre de Toro superan los 20.000 visitantes","previousItem":{"@type":"ListItem","@id":"https:\/\/eldigitaldeasturias.com\/magazine365\/category\/noticias-actualidad\/#listItem","name":"Noticias y Actualidad"}}]},{"@type":"Organization","@id":"https:\/\/eldigitaldeasturias.com\/magazine365\/#organization","name":"El digital de Asturias","description":"Revista de ocio, turismo y estilo de vida","url":"https:\/\/eldigitaldeasturias.com\/magazine365\/","logo":{"@type":"ImageObject","url":"https:\/\/www.eldigitaldeasturias.com\/noticias\/wp-content\/uploads\/2020\/12\/EDA.jpg","@id":"https:\/\/eldigitaldeasturias.com\/magazine365\/las-edades-del-hombre-de-toro-superan-los-20-000-visitantes\/#organizationLogo"},"image":{"@id":"https:\/\/eldigitaldeasturias.com\/magazine365\/las-edades-del-hombre-de-toro-superan-los-20-000-visitantes\/#organizationLogo"}},{"@type":"Person","@id":"https:\/\/eldigitaldeasturias.com\/magazine365\/author\/admin\/#author","url":"https:\/\/eldigitaldeasturias.com\/magazine365\/author\/admin\/","name":"admin","image":{"@type":"ImageObject","@id":"https:\/\/eldigitaldeasturias.com\/magazine365\/las-edades-del-hombre-de-toro-superan-los-20-000-visitantes\/#authorImage","url":"https:\/\/eldigitaldeasturias.com\/magazine365\/wp-content\/litespeed\/avatar\/e571bcf59a0edd6fa6838245a470f2fe.jpg?ver=1776969259","width":96,"height":96,"caption":"admin"}},{"@type":"WebPage","@id":"https:\/\/eldigitaldeasturias.com\/magazine365\/las-edades-del-hombre-de-toro-superan-los-20-000-visitantes\/#webpage","url":"https:\/\/eldigitaldeasturias.com\/magazine365\/las-edades-del-hombre-de-toro-superan-los-20-000-visitantes\/","name":"Las Edades del Hombre de Toro superan los 20.000 visitantes | El Digital de Asturias","description":"El alcalde de Toro (Zamora), Tom\u00e1s del Bien, ha anunciado este jueves que ya se han superado las 20.000 visitas a la exposici\u00f3n Las Edades Hombre que se celebran en esta villa zamorana. Del Bien ha indicado que se han cubierto con creces las expectativas hasta el momento, aunque ha indicado que ser\u00e1 a partir","inLanguage":"es-ES","isPartOf":{"@id":"https:\/\/eldigitaldeasturias.com\/magazine365\/#website"},"breadcrumb":{"@id":"https:\/\/eldigitaldeasturias.com\/magazine365\/las-edades-del-hombre-de-toro-superan-los-20-000-visitantes\/#breadcrumblist"},"author":{"@id":"https:\/\/eldigitaldeasturias.com\/magazine365\/author\/admin\/#author"},"creator":{"@id":"https:\/\/eldigitaldeasturias.com\/magazine365\/author\/admin\/#author"},"image":{"@type":"ImageObject","url":"https:\/\/eldigitaldeasturias.com\/magazine365\/wp-content\/uploads\/2016\/06\/fotonoticia_20160616173227_800.jpg","@id":"https:\/\/eldigitaldeasturias.com\/magazine365\/las-edades-del-hombre-de-toro-superan-los-20-000-visitantes\/#mainImage","width":800,"height":574},"primaryImageOfPage":{"@id":"https:\/\/eldigitaldeasturias.com\/magazine365\/las-edades-del-hombre-de-toro-superan-los-20-000-visitantes\/#mainImage"},"datePublished":"2016-06-16T19:24:19+02:00","dateModified":"2016-06-16T19:24:19+02:00"},{"@type":"WebSite","@id":"https:\/\/eldigitaldeasturias.com\/magazine365\/#website","url":"https:\/\/eldigitaldeasturias.com\/magazine365\/","name":"El Digital de Asturias","description":"Revista de ocio, turismo y estilo de vida","inLanguage":"es-ES","publisher":{"@id":"https:\/\/eldigitaldeasturias.com\/magazine365\/#organization"}}]},"og:locale":"es_ES","og:site_name":"El Digital de Asturias \u2013 Revista de ocio, turismo y estilo de vida","og:type":"article","og:title":"Las Edades del Hombre de Toro superan los 20.000 visitantes | El Digital de Asturias","og:description":"El alcalde de Toro (Zamora), Tom\u00e1s del Bien, ha anunciado este jueves que ya se han superado las 20.000 visitas a la exposici\u00f3n Las Edades Hombre que se celebran en esta villa zamorana. Del Bien ha indicado que se han cubierto con creces las expectativas hasta el momento, aunque ha indicado que ser\u00e1 a partir","og:url":"https:\/\/eldigitaldeasturias.com\/magazine365\/las-edades-del-hombre-de-toro-superan-los-20-000-visitantes\/","og:image":"https:\/\/eldigitaldeasturias.com\/magazine365\/wp-content\/uploads\/2016\/06\/fotonoticia_20160616173227_800.jpg","og:image:secure_url":"https:\/\/eldigitaldeasturias.com\/magazine365\/wp-content\/uploads\/2016\/06\/fotonoticia_20160616173227_800.jpg","og:image:width":800,"og:image:height":574,"article:published_time":"2016-06-16T17:24:19+00:00","article:modified_time":"2016-06-16T17:24:19+00:00","twitter:card":"summary_large_image","twitter:title":"Las Edades del Hombre de Toro superan los 20.000 visitantes | El Digital de Asturias","twitter:description":"El alcalde de Toro (Zamora), Tom\u00e1s del Bien, ha anunciado este jueves que ya se han superado las 20.000 visitas a la exposici\u00f3n Las Edades Hombre que se celebran en esta villa zamorana. Del Bien ha indicado que se han cubierto con creces las expectativas hasta el momento, aunque ha indicado que ser\u00e1 a partir","twitter:image":"https:\/\/eldigitaldeasturias.com\/magazine365\/wp-content\/uploads\/2016\/06\/fotonoticia_20160616173227_800.jpg"},"aioseo_meta_data":{"post_id":"79731","title":null,"description":null,"keywords":null,"keyphrases":null,"primary_term":null,"canonical_url":null,"og_title":null,"og_description":null,"og_object_type":"default","og_image_type":"default","og_image_url":null,"og_image_width":null,"og_image_height":null,"og_image_custom_url":null,"og_image_custom_fields":null,"og_video":null,"og_custom_url":null,"og_article_section":null,"og_article_tags":null,"twitter_use_og":false,"twitter_card":"default","twitter_image_type":"default","twitter_image_url":null,"twitter_image_custom_url":null,"twitter_image_custom_fields":null,"twitter_title":null,"twitter_description":null,"schema":{"blockGraphs":[],"customGraphs":[],"default":{"data":{"Article":[],"Course":[],"Dataset":[],"FAQPage":[],"Movie":[],"Person":[],"Product":[],"ProductReview":[],"Car":[],"Recipe":[],"Service":[],"SoftwareApplication":[],"WebPage":[]},"graphName":"","isEnabled":true},"graphs":[],"defaultGraph":"","defaultPostTypeGraph":""},"schema_type":null,"schema_type_options":null,"pillar_content":false,"robots_default":true,"robots_noindex":false,"robots_noarchive":false,"robots_nosnippet":false,"robots_nofollow":false,"robots_noimageindex":false,"robots_noodp":false,"robots_notranslate":false,"robots_max_snippet":null,"robots_max_videopreview":null,"robots_max_imagepreview":"large","priority":null,"frequency":null,"location":null,"local_seo":null,"seo_analyzer_scan_date":"2025-09-27 19:26:07","breadcrumb_settings":null,"limit_modified_date":false,"open_ai":null,"ai":null,"created":"2021-03-08 17:43:48","updated":"2025-09-27 19:26:07"},"aioseo_breadcrumb":"<div class=\"aioseo-breadcrumbs\"><span class=\"aioseo-breadcrumb\">\n\t<a href=\"https:\/\/eldigitaldeasturias.com\/magazine365\" title=\"Home\">Home<\/a>\n<\/span><span class=\"aioseo-breadcrumb-separator\">\u2013<\/span><span class=\"aioseo-breadcrumb\">\n\t<a href=\"https:\/\/eldigitaldeasturias.com\/magazine365\/category\/noticias-actualidad\/\" title=\"Noticias y Actualidad\">Noticias y Actualidad<\/a>\n<\/span><span class=\"aioseo-breadcrumb-separator\">\u2013<\/span><span class=\"aioseo-breadcrumb\">\n\t<a href=\"https:\/\/eldigitaldeasturias.com\/magazine365\/las-edades-del-hombre-de-toro-superan-los-20-000-visitantes\/\" title=\"Las Edades del Hombre de Toro superan los 20.000 visitantes\">Las Edades del Hombre de Toro superan los 20.000 visitantes<\/a>\n<\/span><\/div>","aioseo_breadcrumb_json":[{"label":"Home","link":"https:\/\/eldigitaldeasturias.com\/magazine365"},{"label":"Noticias y Actualidad","link":"https:\/\/eldigitaldeasturias.com\/magazine365\/category\/noticias-actualidad\/"},{"label":"Las Edades del Hombre de Toro superan los 20.000 visitantes","link":"https:\/\/eldigitaldeasturias.com\/magazine365\/las-edades-del-hombre-de-toro-superan-los-20-000-visitantes\/"}],"_links":{"self":[{"href":"https:\/\/eldigitaldeasturias.com\/magazine365\/wp-json\/wp\/v2\/posts\/79731","targetHints":{"allow":["GET"]}}],"collection":[{"href":"https:\/\/eldigitaldeasturias.com\/magazine365\/wp-json\/wp\/v2\/posts"}],"about":[{"href":"https:\/\/eldigitaldeasturias.com\/magazine365\/wp-json\/wp\/v2\/types\/post"}],"author":[{"embeddable":true,"href":"https:\/\/eldigitaldeasturias.com\/magazine365\/wp-json\/wp\/v2\/users\/1"}],"replies":[{"embeddable":true,"href":"https:\/\/eldigitaldeasturias.com\/magazine365\/wp-json\/wp\/v2\/comments?post=79731"}],"version-history":[{"count":0,"href":"https:\/\/eldigitaldeasturias.com\/magazine365\/wp-json\/wp\/v2\/posts\/79731\/revisions"}],"wp:featuredmedia":[{"embeddable":true,"href":"https:\/\/eldigitaldeasturias.com\/magazine365\/wp-json\/wp\/v2\/media\/79732"}],"wp:attachment":[{"href":"https:\/\/eldigitaldeasturias.com\/magazine365\/wp-json\/wp\/v2\/media?parent=79731"}],"wp:term":[{"taxonomy":"category","embeddable":true,"href":"https:\/\/eldigitaldeasturias.com\/magazine365\/wp-json\/wp\/v2\/categories?post=79731"},{"taxonomy":"post_tag","embeddable":true,"href":"https:\/\/eldigitaldeasturias.com\/magazine365\/wp-json\/wp\/v2\/tags?post=79731"}],"curies":[{"name":"wp","href":"https:\/\/api.w.org\/{rel}","templated":true}]}}