{"id":79727,"date":"2016-06-16T19:16:38","date_gmt":"2016-06-16T17:16:38","guid":{"rendered":"http:\/\/eldigitaldeasturias.com\/magazine365\/?p=79727"},"modified":"2016-06-16T19:16:38","modified_gmt":"2016-06-16T17:16:38","slug":"una-pasarela-instalada-para-la-vuelta-espana-impide-a-marbella-obtener-una-bandera-azul","status":"publish","type":"post","link":"https:\/\/eldigitaldeasturias.com\/magazine365\/una-pasarela-instalada-para-la-vuelta-espana-impide-a-marbella-obtener-una-bandera-azul\/","title":{"rendered":"Una pasarela instalada para la Vuelta Espa\u00f1a impide a Marbella obtener una bandera azul"},"content":{"rendered":"<p><img fetchpriority=\"high\" decoding=\"async\" class=\"alignleft size-medium wp-image-79728\" src=\"https:\/\/eldigitaldeasturias.com\/magazine365\/wp-content\/uploads\/2016\/06\/fotonoticia_20160616172938_800-360x240.jpg\" alt=\"fotonoticia_20160616172938_800\" width=\"360\" height=\"240\" srcset=\"https:\/\/eldigitaldeasturias.com\/magazine365\/wp-content\/uploads\/2016\/06\/fotonoticia_20160616172938_800-360x240.jpg 360w, https:\/\/eldigitaldeasturias.com\/magazine365\/wp-content\/uploads\/2016\/06\/fotonoticia_20160616172938_800-650x433.jpg 650w, https:\/\/eldigitaldeasturias.com\/magazine365\/wp-content\/uploads\/2016\/06\/fotonoticia_20160616172938_800-768x512.jpg 768w, https:\/\/eldigitaldeasturias.com\/magazine365\/wp-content\/uploads\/2016\/06\/fotonoticia_20160616172938_800-150x100.jpg 150w, https:\/\/eldigitaldeasturias.com\/magazine365\/wp-content\/uploads\/2016\/06\/fotonoticia_20160616172938_800-450x300.jpg 450w, https:\/\/eldigitaldeasturias.com\/magazine365\/wp-content\/uploads\/2016\/06\/fotonoticia_20160616172938_800-101x66.jpg 101w, https:\/\/eldigitaldeasturias.com\/magazine365\/wp-content\/uploads\/2016\/06\/fotonoticia_20160616172938_800.jpg 800w\" sizes=\"(max-width: 360px) 100vw, 360px\" \/>Una pasarela instalada en la playa de R\u00edo Verde para que los ciclistas de la pasada edici\u00f3n de la Vuelta a Espa\u00f1a pudieran competir en la primera etapa del campeonato ha impedido al Ayuntamiento de Marbella obtener una bandera azul, seg\u00fan ha indicado este jueves el concejal de Sostenibilidad, Miguel D\u00edaz.<\/p>\n<p>La p\u00e9rdida de la insignia se debe a que la pasarela, construida en madera, se encuentra en una situaci\u00f3n de \u00abalegalidad\u00bb, seg\u00fan ha indicado el concejal, que ha comparecido en rueda de prensa junto al regidor, Jos\u00e9 Bernal.<\/p>\n<p>D\u00edaz ha lamentado la paradoja de que la playa pierda la bandera azul a pesar de que ese tramo de costa \u00abno pierde, sino gana todav\u00eda m\u00e1s\u00bb con la infraestructura.<\/p>\n<p>\u00abSe trata de una pasarela que permite la conectividad. La playa sigue manteniendo los servicios de socorrismo y el mismo estandard de calidad para mantener la bandera azul. S\u00f3lo que hay una instalaci\u00f3n que hace una tarea de conectar el Paseo Mar\u00edtimo \u00ab, ha indicado.<\/p>\n<p>D\u00edaz ha asegurado que el Consistorio trabaja para \u00abrevertir la situaci\u00f3n para ajustar a la legalidad el retranqueo de la pasarela\u00bb y recuperar la insignia para el pr\u00f3ximo verano.<\/p>\n<p>Antes de contar con la pasarela, la playa de R\u00edo Verde ten\u00eda la bandera azul. La infraestructura fue construida en dominio mar\u00edtimo terrestre, en la que no se pueden instalar construcciones.<\/p>\n<p>La pasarela se hizo para un acto \u00abexcepcional\u00bb, ha indicado D\u00edaz, en alusi\u00f3n a la ronda espa\u00f1ola. Sin embargo, los auditores que otorgan la bandera azul se ci\u00f1en a unos criterios objetivos que han impedido a la playa contar con la distinci\u00f3n, ha explicado el edil.<\/p>\n<p>\u00abNo se ha perdido calidad ni en el agua ni en los servicios que se prestan, ni en los dispositivos de seguridad o salvamento, ni mucho menos\u00bb, ha se\u00f1alado D\u00edaz, que ha destacado que la construcci\u00f3n de la pasarela fue iniciativa del anterior equipo de gobierno, del PP, tras una petici\u00f3n al Gobierno central.<\/p>\n<p>Marbella ha logrado este verano cinco banderas azules para las playas de Artola, Guadalmina, El Cable, El Faro y Casablanca, y otra para el Puerto Deportivo Virgen del Carmen, en el centro de Marbella.<\/p>\n<p>El municipio malague\u00f1o se coloca as\u00ed por delante de localidades lim\u00edtrofes como Estepona, Mijas o Fuengirola, ha subrayado D\u00edaz, y se posiciona a la cabeza de la clasificaci\u00f3n de Andaluc\u00eda junto al municipio gaditano de Rota, que tambi\u00e9n logra seis estandartes.<\/p>\n","protected":false},"excerpt":{"rendered":"<p>Una pasarela instalada en la playa de R\u00edo Verde para que los ciclistas de la pasada edici\u00f3n de la Vuelta a Espa\u00f1a pudieran competir en la primera etapa del campeonato ha impedido al Ayuntamiento de Marbella obtener una bandera azul, seg\u00fan ha indicado este jueves el concejal de Sostenibilidad, Miguel D\u00edaz. La p\u00e9rdida de la<\/p>\n","protected":false},"author":1,"featured_media":79728,"comment_status":"open","ping_status":"closed","sticky":false,"template":"","format":"standard","meta":{"footnotes":""},"categories":[224],"tags":[],"class_list":{"0":"post-79727","1":"post","2":"type-post","3":"status-publish","4":"format-standard","5":"has-post-thumbnail","7":"category-noticias-actualidad"},"aioseo_notices":[],"aioseo_head":"\n\t\t<!-- All in One SEO Pro 4.9.6.1 - aioseo.com -->\n\t<meta name=\"description\" content=\"Una pasarela instalada en la playa de R\u00edo Verde para que los ciclistas de la pasada edici\u00f3n de la Vuelta a Espa\u00f1a pudieran competir en la primera etapa del campeonato ha impedido al Ayuntamiento de Marbella obtener una bandera azul, seg\u00fan ha indicado este jueves el concejal de Sostenibilidad, Miguel D\u00edaz. La p\u00e9rdida de la\" \/>\n\t<meta name=\"robots\" content=\"max-image-preview:large\" \/>\n\t<meta name=\"author\" content=\"admin\"\/>\n\t<meta name=\"google-site-verification\" content=\"UA-38556648-1\" \/>\n\t<meta name=\"keywords\" content=\"noticias y actualidad\" \/>\n\t<link rel=\"canonical\" href=\"https:\/\/eldigitaldeasturias.com\/magazine365\/una-pasarela-instalada-para-la-vuelta-espana-impide-a-marbella-obtener-una-bandera-azul\/\" \/>\n\t<meta name=\"generator\" content=\"All in One SEO Pro (AIOSEO) 4.9.6.1\" \/>\n\t\t<meta property=\"og:locale\" content=\"es_ES\" \/>\n\t\t<meta property=\"og:site_name\" content=\"El Digital de Asturias \u2013 Revista de ocio, turismo y estilo de vida\" \/>\n\t\t<meta property=\"og:type\" content=\"article\" \/>\n\t\t<meta property=\"og:title\" content=\"Una pasarela instalada para la Vuelta Espa\u00f1a impide a Marbella obtener una bandera azul | El Digital de Asturias\" \/>\n\t\t<meta property=\"og:description\" content=\"Una pasarela instalada en la playa de R\u00edo Verde para que los ciclistas de la pasada edici\u00f3n de la Vuelta a Espa\u00f1a pudieran competir en la primera etapa del campeonato ha impedido al Ayuntamiento de Marbella obtener una bandera azul, seg\u00fan ha indicado este jueves el concejal de Sostenibilidad, Miguel D\u00edaz. La p\u00e9rdida de la\" \/>\n\t\t<meta property=\"og:url\" content=\"https:\/\/eldigitaldeasturias.com\/magazine365\/una-pasarela-instalada-para-la-vuelta-espana-impide-a-marbella-obtener-una-bandera-azul\/\" \/>\n\t\t<meta property=\"og:image\" content=\"https:\/\/eldigitaldeasturias.com\/magazine365\/wp-content\/uploads\/2016\/06\/fotonoticia_20160616172938_800.jpg\" \/>\n\t\t<meta property=\"og:image:secure_url\" content=\"https:\/\/eldigitaldeasturias.com\/magazine365\/wp-content\/uploads\/2016\/06\/fotonoticia_20160616172938_800.jpg\" \/>\n\t\t<meta property=\"og:image:width\" content=\"800\" \/>\n\t\t<meta property=\"og:image:height\" content=\"533\" \/>\n\t\t<meta property=\"article:published_time\" content=\"2016-06-16T17:16:38+00:00\" \/>\n\t\t<meta property=\"article:modified_time\" content=\"2016-06-16T17:16:38+00:00\" \/>\n\t\t<meta name=\"twitter:card\" content=\"summary_large_image\" \/>\n\t\t<meta name=\"twitter:title\" content=\"Una pasarela instalada para la Vuelta Espa\u00f1a impide a Marbella obtener una bandera azul | El Digital de Asturias\" \/>\n\t\t<meta name=\"twitter:description\" content=\"Una pasarela instalada en la playa de R\u00edo Verde para que los ciclistas de la pasada edici\u00f3n de la Vuelta a Espa\u00f1a pudieran competir en la primera etapa del campeonato ha impedido al Ayuntamiento de Marbella obtener una bandera azul, seg\u00fan ha indicado este jueves el concejal de Sostenibilidad, Miguel D\u00edaz. La p\u00e9rdida de la\" \/>\n\t\t<meta name=\"twitter:image\" content=\"https:\/\/eldigitaldeasturias.com\/magazine365\/wp-content\/uploads\/2016\/06\/fotonoticia_20160616172938_800.jpg\" \/>\n\t\t<script type=\"application\/ld+json\" class=\"aioseo-schema\">\n\t\t\t{\"@context\":\"https:\\\/\\\/schema.org\",\"@graph\":[{\"@type\":\"Article\",\"@id\":\"https:\\\/\\\/eldigitaldeasturias.com\\\/magazine365\\\/una-pasarela-instalada-para-la-vuelta-espana-impide-a-marbella-obtener-una-bandera-azul\\\/#article\",\"name\":\"Una pasarela instalada para la Vuelta Espa\\u00f1a impide a Marbella obtener una bandera azul | El Digital de Asturias\",\"headline\":\"Una pasarela instalada para la Vuelta Espa\\u00f1a impide a Marbella obtener una bandera azul\",\"author\":{\"@id\":\"https:\\\/\\\/eldigitaldeasturias.com\\\/magazine365\\\/author\\\/admin\\\/#author\"},\"publisher\":{\"@id\":\"https:\\\/\\\/eldigitaldeasturias.com\\\/magazine365\\\/#organization\"},\"image\":{\"@type\":\"ImageObject\",\"url\":\"https:\\\/\\\/eldigitaldeasturias.com\\\/magazine365\\\/wp-content\\\/uploads\\\/2016\\\/06\\\/fotonoticia_20160616172938_800.jpg\",\"width\":800,\"height\":533},\"datePublished\":\"2016-06-16T19:16:38+02:00\",\"dateModified\":\"2016-06-16T19:16:38+02:00\",\"inLanguage\":\"es-ES\",\"mainEntityOfPage\":{\"@id\":\"https:\\\/\\\/eldigitaldeasturias.com\\\/magazine365\\\/una-pasarela-instalada-para-la-vuelta-espana-impide-a-marbella-obtener-una-bandera-azul\\\/#webpage\"},\"isPartOf\":{\"@id\":\"https:\\\/\\\/eldigitaldeasturias.com\\\/magazine365\\\/una-pasarela-instalada-para-la-vuelta-espana-impide-a-marbella-obtener-una-bandera-azul\\\/#webpage\"},\"articleSection\":\"Noticias y Actualidad\"},{\"@type\":\"BreadcrumbList\",\"@id\":\"https:\\\/\\\/eldigitaldeasturias.com\\\/magazine365\\\/una-pasarela-instalada-para-la-vuelta-espana-impide-a-marbella-obtener-una-bandera-azul\\\/#breadcrumblist\",\"itemListElement\":[{\"@type\":\"ListItem\",\"@id\":\"https:\\\/\\\/eldigitaldeasturias.com\\\/magazine365#listItem\",\"position\":1,\"name\":\"Home\",\"item\":\"https:\\\/\\\/eldigitaldeasturias.com\\\/magazine365\",\"nextItem\":{\"@type\":\"ListItem\",\"@id\":\"https:\\\/\\\/eldigitaldeasturias.com\\\/magazine365\\\/category\\\/noticias-actualidad\\\/#listItem\",\"name\":\"Noticias y Actualidad\"}},{\"@type\":\"ListItem\",\"@id\":\"https:\\\/\\\/eldigitaldeasturias.com\\\/magazine365\\\/category\\\/noticias-actualidad\\\/#listItem\",\"position\":2,\"name\":\"Noticias y Actualidad\",\"item\":\"https:\\\/\\\/eldigitaldeasturias.com\\\/magazine365\\\/category\\\/noticias-actualidad\\\/\",\"nextItem\":{\"@type\":\"ListItem\",\"@id\":\"https:\\\/\\\/eldigitaldeasturias.com\\\/magazine365\\\/una-pasarela-instalada-para-la-vuelta-espana-impide-a-marbella-obtener-una-bandera-azul\\\/#listItem\",\"name\":\"Una pasarela instalada para la Vuelta Espa\\u00f1a impide a Marbella obtener una bandera azul\"},\"previousItem\":{\"@type\":\"ListItem\",\"@id\":\"https:\\\/\\\/eldigitaldeasturias.com\\\/magazine365#listItem\",\"name\":\"Home\"}},{\"@type\":\"ListItem\",\"@id\":\"https:\\\/\\\/eldigitaldeasturias.com\\\/magazine365\\\/una-pasarela-instalada-para-la-vuelta-espana-impide-a-marbella-obtener-una-bandera-azul\\\/#listItem\",\"position\":3,\"name\":\"Una pasarela instalada para la Vuelta Espa\\u00f1a impide a Marbella obtener una bandera azul\",\"previousItem\":{\"@type\":\"ListItem\",\"@id\":\"https:\\\/\\\/eldigitaldeasturias.com\\\/magazine365\\\/category\\\/noticias-actualidad\\\/#listItem\",\"name\":\"Noticias y Actualidad\"}}]},{\"@type\":\"Organization\",\"@id\":\"https:\\\/\\\/eldigitaldeasturias.com\\\/magazine365\\\/#organization\",\"name\":\"El digital de Asturias\",\"description\":\"Revista de ocio, turismo y estilo de vida\",\"url\":\"https:\\\/\\\/eldigitaldeasturias.com\\\/magazine365\\\/\",\"logo\":{\"@type\":\"ImageObject\",\"url\":\"https:\\\/\\\/www.eldigitaldeasturias.com\\\/noticias\\\/wp-content\\\/uploads\\\/2020\\\/12\\\/EDA.jpg\",\"@id\":\"https:\\\/\\\/eldigitaldeasturias.com\\\/magazine365\\\/una-pasarela-instalada-para-la-vuelta-espana-impide-a-marbella-obtener-una-bandera-azul\\\/#organizationLogo\"},\"image\":{\"@id\":\"https:\\\/\\\/eldigitaldeasturias.com\\\/magazine365\\\/una-pasarela-instalada-para-la-vuelta-espana-impide-a-marbella-obtener-una-bandera-azul\\\/#organizationLogo\"}},{\"@type\":\"Person\",\"@id\":\"https:\\\/\\\/eldigitaldeasturias.com\\\/magazine365\\\/author\\\/admin\\\/#author\",\"url\":\"https:\\\/\\\/eldigitaldeasturias.com\\\/magazine365\\\/author\\\/admin\\\/\",\"name\":\"admin\",\"image\":{\"@type\":\"ImageObject\",\"@id\":\"https:\\\/\\\/eldigitaldeasturias.com\\\/magazine365\\\/una-pasarela-instalada-para-la-vuelta-espana-impide-a-marbella-obtener-una-bandera-azul\\\/#authorImage\",\"url\":\"https:\\\/\\\/eldigitaldeasturias.com\\\/magazine365\\\/wp-content\\\/litespeed\\\/avatar\\\/e571bcf59a0edd6fa6838245a470f2fe.jpg?ver=1776969259\",\"width\":96,\"height\":96,\"caption\":\"admin\"}},{\"@type\":\"WebPage\",\"@id\":\"https:\\\/\\\/eldigitaldeasturias.com\\\/magazine365\\\/una-pasarela-instalada-para-la-vuelta-espana-impide-a-marbella-obtener-una-bandera-azul\\\/#webpage\",\"url\":\"https:\\\/\\\/eldigitaldeasturias.com\\\/magazine365\\\/una-pasarela-instalada-para-la-vuelta-espana-impide-a-marbella-obtener-una-bandera-azul\\\/\",\"name\":\"Una pasarela instalada para la Vuelta Espa\\u00f1a impide a Marbella obtener una bandera azul | El Digital de Asturias\",\"description\":\"Una pasarela instalada en la playa de R\\u00edo Verde para que los ciclistas de la pasada edici\\u00f3n de la Vuelta a Espa\\u00f1a pudieran competir en la primera etapa del campeonato ha impedido al Ayuntamiento de Marbella obtener una bandera azul, seg\\u00fan ha indicado este jueves el concejal de Sostenibilidad, Miguel D\\u00edaz. La p\\u00e9rdida de la\",\"inLanguage\":\"es-ES\",\"isPartOf\":{\"@id\":\"https:\\\/\\\/eldigitaldeasturias.com\\\/magazine365\\\/#website\"},\"breadcrumb\":{\"@id\":\"https:\\\/\\\/eldigitaldeasturias.com\\\/magazine365\\\/una-pasarela-instalada-para-la-vuelta-espana-impide-a-marbella-obtener-una-bandera-azul\\\/#breadcrumblist\"},\"author\":{\"@id\":\"https:\\\/\\\/eldigitaldeasturias.com\\\/magazine365\\\/author\\\/admin\\\/#author\"},\"creator\":{\"@id\":\"https:\\\/\\\/eldigitaldeasturias.com\\\/magazine365\\\/author\\\/admin\\\/#author\"},\"image\":{\"@type\":\"ImageObject\",\"url\":\"https:\\\/\\\/eldigitaldeasturias.com\\\/magazine365\\\/wp-content\\\/uploads\\\/2016\\\/06\\\/fotonoticia_20160616172938_800.jpg\",\"@id\":\"https:\\\/\\\/eldigitaldeasturias.com\\\/magazine365\\\/una-pasarela-instalada-para-la-vuelta-espana-impide-a-marbella-obtener-una-bandera-azul\\\/#mainImage\",\"width\":800,\"height\":533},\"primaryImageOfPage\":{\"@id\":\"https:\\\/\\\/eldigitaldeasturias.com\\\/magazine365\\\/una-pasarela-instalada-para-la-vuelta-espana-impide-a-marbella-obtener-una-bandera-azul\\\/#mainImage\"},\"datePublished\":\"2016-06-16T19:16:38+02:00\",\"dateModified\":\"2016-06-16T19:16:38+02:00\"},{\"@type\":\"WebSite\",\"@id\":\"https:\\\/\\\/eldigitaldeasturias.com\\\/magazine365\\\/#website\",\"url\":\"https:\\\/\\\/eldigitaldeasturias.com\\\/magazine365\\\/\",\"name\":\"El Digital de Asturias\",\"description\":\"Revista de ocio, turismo y estilo de vida\",\"inLanguage\":\"es-ES\",\"publisher\":{\"@id\":\"https:\\\/\\\/eldigitaldeasturias.com\\\/magazine365\\\/#organization\"}}]}\n\t\t<\/script>\n\t\t<!-- All in One SEO Pro -->\r\n\t\t<title>Una pasarela instalada para la Vuelta Espa\u00f1a impide a Marbella obtener una bandera azul | El Digital de Asturias<\/title>\n\n","aioseo_head_json":{"title":"Una pasarela instalada para la Vuelta Espa\u00f1a impide a Marbella obtener una bandera azul | El Digital de Asturias","description":"Una pasarela instalada en la playa de R\u00edo Verde para que los ciclistas de la pasada edici\u00f3n de la Vuelta a Espa\u00f1a pudieran competir en la primera etapa del campeonato ha impedido al Ayuntamiento de Marbella obtener una bandera azul, seg\u00fan ha indicado este jueves el concejal de Sostenibilidad, Miguel D\u00edaz. La p\u00e9rdida de la","canonical_url":"https:\/\/eldigitaldeasturias.com\/magazine365\/una-pasarela-instalada-para-la-vuelta-espana-impide-a-marbella-obtener-una-bandera-azul\/","robots":"max-image-preview:large","keywords":"noticias y actualidad","webmasterTools":{"google-site-verification":"UA-38556648-1","miscellaneous":""},"schema":{"@context":"https:\/\/schema.org","@graph":[{"@type":"Article","@id":"https:\/\/eldigitaldeasturias.com\/magazine365\/una-pasarela-instalada-para-la-vuelta-espana-impide-a-marbella-obtener-una-bandera-azul\/#article","name":"Una pasarela instalada para la Vuelta Espa\u00f1a impide a Marbella obtener una bandera azul | El Digital de Asturias","headline":"Una pasarela instalada para la Vuelta Espa\u00f1a impide a Marbella obtener una bandera azul","author":{"@id":"https:\/\/eldigitaldeasturias.com\/magazine365\/author\/admin\/#author"},"publisher":{"@id":"https:\/\/eldigitaldeasturias.com\/magazine365\/#organization"},"image":{"@type":"ImageObject","url":"https:\/\/eldigitaldeasturias.com\/magazine365\/wp-content\/uploads\/2016\/06\/fotonoticia_20160616172938_800.jpg","width":800,"height":533},"datePublished":"2016-06-16T19:16:38+02:00","dateModified":"2016-06-16T19:16:38+02:00","inLanguage":"es-ES","mainEntityOfPage":{"@id":"https:\/\/eldigitaldeasturias.com\/magazine365\/una-pasarela-instalada-para-la-vuelta-espana-impide-a-marbella-obtener-una-bandera-azul\/#webpage"},"isPartOf":{"@id":"https:\/\/eldigitaldeasturias.com\/magazine365\/una-pasarela-instalada-para-la-vuelta-espana-impide-a-marbella-obtener-una-bandera-azul\/#webpage"},"articleSection":"Noticias y Actualidad"},{"@type":"BreadcrumbList","@id":"https:\/\/eldigitaldeasturias.com\/magazine365\/una-pasarela-instalada-para-la-vuelta-espana-impide-a-marbella-obtener-una-bandera-azul\/#breadcrumblist","itemListElement":[{"@type":"ListItem","@id":"https:\/\/eldigitaldeasturias.com\/magazine365#listItem","position":1,"name":"Home","item":"https:\/\/eldigitaldeasturias.com\/magazine365","nextItem":{"@type":"ListItem","@id":"https:\/\/eldigitaldeasturias.com\/magazine365\/category\/noticias-actualidad\/#listItem","name":"Noticias y Actualidad"}},{"@type":"ListItem","@id":"https:\/\/eldigitaldeasturias.com\/magazine365\/category\/noticias-actualidad\/#listItem","position":2,"name":"Noticias y Actualidad","item":"https:\/\/eldigitaldeasturias.com\/magazine365\/category\/noticias-actualidad\/","nextItem":{"@type":"ListItem","@id":"https:\/\/eldigitaldeasturias.com\/magazine365\/una-pasarela-instalada-para-la-vuelta-espana-impide-a-marbella-obtener-una-bandera-azul\/#listItem","name":"Una pasarela instalada para la Vuelta Espa\u00f1a impide a Marbella obtener una bandera azul"},"previousItem":{"@type":"ListItem","@id":"https:\/\/eldigitaldeasturias.com\/magazine365#listItem","name":"Home"}},{"@type":"ListItem","@id":"https:\/\/eldigitaldeasturias.com\/magazine365\/una-pasarela-instalada-para-la-vuelta-espana-impide-a-marbella-obtener-una-bandera-azul\/#listItem","position":3,"name":"Una pasarela instalada para la Vuelta Espa\u00f1a impide a Marbella obtener una bandera azul","previousItem":{"@type":"ListItem","@id":"https:\/\/eldigitaldeasturias.com\/magazine365\/category\/noticias-actualidad\/#listItem","name":"Noticias y Actualidad"}}]},{"@type":"Organization","@id":"https:\/\/eldigitaldeasturias.com\/magazine365\/#organization","name":"El digital de Asturias","description":"Revista de ocio, turismo y estilo de vida","url":"https:\/\/eldigitaldeasturias.com\/magazine365\/","logo":{"@type":"ImageObject","url":"https:\/\/www.eldigitaldeasturias.com\/noticias\/wp-content\/uploads\/2020\/12\/EDA.jpg","@id":"https:\/\/eldigitaldeasturias.com\/magazine365\/una-pasarela-instalada-para-la-vuelta-espana-impide-a-marbella-obtener-una-bandera-azul\/#organizationLogo"},"image":{"@id":"https:\/\/eldigitaldeasturias.com\/magazine365\/una-pasarela-instalada-para-la-vuelta-espana-impide-a-marbella-obtener-una-bandera-azul\/#organizationLogo"}},{"@type":"Person","@id":"https:\/\/eldigitaldeasturias.com\/magazine365\/author\/admin\/#author","url":"https:\/\/eldigitaldeasturias.com\/magazine365\/author\/admin\/","name":"admin","image":{"@type":"ImageObject","@id":"https:\/\/eldigitaldeasturias.com\/magazine365\/una-pasarela-instalada-para-la-vuelta-espana-impide-a-marbella-obtener-una-bandera-azul\/#authorImage","url":"https:\/\/eldigitaldeasturias.com\/magazine365\/wp-content\/litespeed\/avatar\/e571bcf59a0edd6fa6838245a470f2fe.jpg?ver=1776969259","width":96,"height":96,"caption":"admin"}},{"@type":"WebPage","@id":"https:\/\/eldigitaldeasturias.com\/magazine365\/una-pasarela-instalada-para-la-vuelta-espana-impide-a-marbella-obtener-una-bandera-azul\/#webpage","url":"https:\/\/eldigitaldeasturias.com\/magazine365\/una-pasarela-instalada-para-la-vuelta-espana-impide-a-marbella-obtener-una-bandera-azul\/","name":"Una pasarela instalada para la Vuelta Espa\u00f1a impide a Marbella obtener una bandera azul | El Digital de Asturias","description":"Una pasarela instalada en la playa de R\u00edo Verde para que los ciclistas de la pasada edici\u00f3n de la Vuelta a Espa\u00f1a pudieran competir en la primera etapa del campeonato ha impedido al Ayuntamiento de Marbella obtener una bandera azul, seg\u00fan ha indicado este jueves el concejal de Sostenibilidad, Miguel D\u00edaz. La p\u00e9rdida de la","inLanguage":"es-ES","isPartOf":{"@id":"https:\/\/eldigitaldeasturias.com\/magazine365\/#website"},"breadcrumb":{"@id":"https:\/\/eldigitaldeasturias.com\/magazine365\/una-pasarela-instalada-para-la-vuelta-espana-impide-a-marbella-obtener-una-bandera-azul\/#breadcrumblist"},"author":{"@id":"https:\/\/eldigitaldeasturias.com\/magazine365\/author\/admin\/#author"},"creator":{"@id":"https:\/\/eldigitaldeasturias.com\/magazine365\/author\/admin\/#author"},"image":{"@type":"ImageObject","url":"https:\/\/eldigitaldeasturias.com\/magazine365\/wp-content\/uploads\/2016\/06\/fotonoticia_20160616172938_800.jpg","@id":"https:\/\/eldigitaldeasturias.com\/magazine365\/una-pasarela-instalada-para-la-vuelta-espana-impide-a-marbella-obtener-una-bandera-azul\/#mainImage","width":800,"height":533},"primaryImageOfPage":{"@id":"https:\/\/eldigitaldeasturias.com\/magazine365\/una-pasarela-instalada-para-la-vuelta-espana-impide-a-marbella-obtener-una-bandera-azul\/#mainImage"},"datePublished":"2016-06-16T19:16:38+02:00","dateModified":"2016-06-16T19:16:38+02:00"},{"@type":"WebSite","@id":"https:\/\/eldigitaldeasturias.com\/magazine365\/#website","url":"https:\/\/eldigitaldeasturias.com\/magazine365\/","name":"El Digital de Asturias","description":"Revista de ocio, turismo y estilo de vida","inLanguage":"es-ES","publisher":{"@id":"https:\/\/eldigitaldeasturias.com\/magazine365\/#organization"}}]},"og:locale":"es_ES","og:site_name":"El Digital de Asturias \u2013 Revista de ocio, turismo y estilo de vida","og:type":"article","og:title":"Una pasarela instalada para la Vuelta Espa\u00f1a impide a Marbella obtener una bandera azul | El Digital de Asturias","og:description":"Una pasarela instalada en la playa de R\u00edo Verde para que los ciclistas de la pasada edici\u00f3n de la Vuelta a Espa\u00f1a pudieran competir en la primera etapa del campeonato ha impedido al Ayuntamiento de Marbella obtener una bandera azul, seg\u00fan ha indicado este jueves el concejal de Sostenibilidad, Miguel D\u00edaz. La p\u00e9rdida de la","og:url":"https:\/\/eldigitaldeasturias.com\/magazine365\/una-pasarela-instalada-para-la-vuelta-espana-impide-a-marbella-obtener-una-bandera-azul\/","og:image":"https:\/\/eldigitaldeasturias.com\/magazine365\/wp-content\/uploads\/2016\/06\/fotonoticia_20160616172938_800.jpg","og:image:secure_url":"https:\/\/eldigitaldeasturias.com\/magazine365\/wp-content\/uploads\/2016\/06\/fotonoticia_20160616172938_800.jpg","og:image:width":800,"og:image:height":533,"article:published_time":"2016-06-16T17:16:38+00:00","article:modified_time":"2016-06-16T17:16:38+00:00","twitter:card":"summary_large_image","twitter:title":"Una pasarela instalada para la Vuelta Espa\u00f1a impide a Marbella obtener una bandera azul | El Digital de Asturias","twitter:description":"Una pasarela instalada en la playa de R\u00edo Verde para que los ciclistas de la pasada edici\u00f3n de la Vuelta a Espa\u00f1a pudieran competir en la primera etapa del campeonato ha impedido al Ayuntamiento de Marbella obtener una bandera azul, seg\u00fan ha indicado este jueves el concejal de Sostenibilidad, Miguel D\u00edaz. La p\u00e9rdida de la","twitter:image":"https:\/\/eldigitaldeasturias.com\/magazine365\/wp-content\/uploads\/2016\/06\/fotonoticia_20160616172938_800.jpg"},"aioseo_meta_data":{"post_id":"79727","title":null,"description":null,"keywords":null,"keyphrases":null,"primary_term":null,"canonical_url":null,"og_title":null,"og_description":null,"og_object_type":"default","og_image_type":"default","og_image_url":null,"og_image_width":null,"og_image_height":null,"og_image_custom_url":null,"og_image_custom_fields":null,"og_video":null,"og_custom_url":null,"og_article_section":null,"og_article_tags":null,"twitter_use_og":false,"twitter_card":"default","twitter_image_type":"default","twitter_image_url":null,"twitter_image_custom_url":null,"twitter_image_custom_fields":null,"twitter_title":null,"twitter_description":null,"schema":{"blockGraphs":[],"customGraphs":[],"default":{"data":{"Article":[],"Course":[],"Dataset":[],"FAQPage":[],"Movie":[],"Person":[],"Product":[],"ProductReview":[],"Car":[],"Recipe":[],"Service":[],"SoftwareApplication":[],"WebPage":[]},"graphName":"","isEnabled":true},"graphs":[],"defaultGraph":"","defaultPostTypeGraph":""},"schema_type":null,"schema_type_options":null,"pillar_content":false,"robots_default":true,"robots_noindex":false,"robots_noarchive":false,"robots_nosnippet":false,"robots_nofollow":false,"robots_noimageindex":false,"robots_noodp":false,"robots_notranslate":false,"robots_max_snippet":null,"robots_max_videopreview":null,"robots_max_imagepreview":"large","priority":null,"frequency":null,"location":null,"local_seo":null,"seo_analyzer_scan_date":"2025-09-27 19:26:06","breadcrumb_settings":null,"limit_modified_date":false,"open_ai":null,"ai":null,"created":"2021-03-08 17:43:48","updated":"2025-09-27 19:26:06"},"aioseo_breadcrumb":"<div class=\"aioseo-breadcrumbs\"><span class=\"aioseo-breadcrumb\">\n\t<a href=\"https:\/\/eldigitaldeasturias.com\/magazine365\" title=\"Home\">Home<\/a>\n<\/span><span class=\"aioseo-breadcrumb-separator\">\u2013<\/span><span class=\"aioseo-breadcrumb\">\n\t<a href=\"https:\/\/eldigitaldeasturias.com\/magazine365\/category\/noticias-actualidad\/\" title=\"Noticias y Actualidad\">Noticias y Actualidad<\/a>\n<\/span><span class=\"aioseo-breadcrumb-separator\">\u2013<\/span><span class=\"aioseo-breadcrumb\">\n\t<a href=\"https:\/\/eldigitaldeasturias.com\/magazine365\/una-pasarela-instalada-para-la-vuelta-espana-impide-a-marbella-obtener-una-bandera-azul\/\" title=\"Una pasarela instalada para la Vuelta Espa\u00f1a impide a Marbella obtener una bandera azul\">Una pasarela instalada para la Vuelta Espa\u00f1a impide a Marbella obtener una bandera azul<\/a>\n<\/span><\/div>","aioseo_breadcrumb_json":[{"label":"Home","link":"https:\/\/eldigitaldeasturias.com\/magazine365"},{"label":"Noticias y Actualidad","link":"https:\/\/eldigitaldeasturias.com\/magazine365\/category\/noticias-actualidad\/"},{"label":"Una pasarela instalada para la Vuelta Espa\u00f1a impide a Marbella obtener una bandera azul","link":"https:\/\/eldigitaldeasturias.com\/magazine365\/una-pasarela-instalada-para-la-vuelta-espana-impide-a-marbella-obtener-una-bandera-azul\/"}],"_links":{"self":[{"href":"https:\/\/eldigitaldeasturias.com\/magazine365\/wp-json\/wp\/v2\/posts\/79727","targetHints":{"allow":["GET"]}}],"collection":[{"href":"https:\/\/eldigitaldeasturias.com\/magazine365\/wp-json\/wp\/v2\/posts"}],"about":[{"href":"https:\/\/eldigitaldeasturias.com\/magazine365\/wp-json\/wp\/v2\/types\/post"}],"author":[{"embeddable":true,"href":"https:\/\/eldigitaldeasturias.com\/magazine365\/wp-json\/wp\/v2\/users\/1"}],"replies":[{"embeddable":true,"href":"https:\/\/eldigitaldeasturias.com\/magazine365\/wp-json\/wp\/v2\/comments?post=79727"}],"version-history":[{"count":0,"href":"https:\/\/eldigitaldeasturias.com\/magazine365\/wp-json\/wp\/v2\/posts\/79727\/revisions"}],"wp:featuredmedia":[{"embeddable":true,"href":"https:\/\/eldigitaldeasturias.com\/magazine365\/wp-json\/wp\/v2\/media\/79728"}],"wp:attachment":[{"href":"https:\/\/eldigitaldeasturias.com\/magazine365\/wp-json\/wp\/v2\/media?parent=79727"}],"wp:term":[{"taxonomy":"category","embeddable":true,"href":"https:\/\/eldigitaldeasturias.com\/magazine365\/wp-json\/wp\/v2\/categories?post=79727"},{"taxonomy":"post_tag","embeddable":true,"href":"https:\/\/eldigitaldeasturias.com\/magazine365\/wp-json\/wp\/v2\/tags?post=79727"}],"curies":[{"name":"wp","href":"https:\/\/api.w.org\/{rel}","templated":true}]}}