{"id":79721,"date":"2016-06-16T19:06:46","date_gmt":"2016-06-16T17:06:46","guid":{"rendered":"http:\/\/eldigitaldeasturias.com\/magazine365\/?p=79721"},"modified":"2016-06-16T19:06:46","modified_gmt":"2016-06-16T17:06:46","slug":"empresarios-turisticos-reclaman-la-llegada-del-ave-a-granada-y-la-restitucion-del-trafico-ferroviario","status":"publish","type":"post","link":"https:\/\/eldigitaldeasturias.com\/magazine365\/empresarios-turisticos-reclaman-la-llegada-del-ave-a-granada-y-la-restitucion-del-trafico-ferroviario\/","title":{"rendered":"Empresarios tur\u00edsticos reclaman la llegada del AVE a Granada y la restituci\u00f3n del tr\u00e1fico ferroviario"},"content":{"rendered":"<p><img fetchpriority=\"high\" decoding=\"async\" class=\"alignleft size-medium wp-image-79722\" src=\"https:\/\/eldigitaldeasturias.com\/magazine365\/wp-content\/uploads\/2016\/06\/fotonoticia_20160616172713_800-360x242.jpg\" alt=\"fotonoticia_20160616172713_800\" width=\"360\" height=\"242\" srcset=\"https:\/\/eldigitaldeasturias.com\/magazine365\/wp-content\/uploads\/2016\/06\/fotonoticia_20160616172713_800-360x242.jpg 360w, https:\/\/eldigitaldeasturias.com\/magazine365\/wp-content\/uploads\/2016\/06\/fotonoticia_20160616172713_800-650x437.jpg 650w, https:\/\/eldigitaldeasturias.com\/magazine365\/wp-content\/uploads\/2016\/06\/fotonoticia_20160616172713_800-768x516.jpg 768w, https:\/\/eldigitaldeasturias.com\/magazine365\/wp-content\/uploads\/2016\/06\/fotonoticia_20160616172713_800-150x101.jpg 150w, https:\/\/eldigitaldeasturias.com\/magazine365\/wp-content\/uploads\/2016\/06\/fotonoticia_20160616172713_800-450x303.jpg 450w, https:\/\/eldigitaldeasturias.com\/magazine365\/wp-content\/uploads\/2016\/06\/fotonoticia_20160616172713_800.jpg 800w\" sizes=\"(max-width: 360px) 100vw, 360px\" \/>La Federaci\u00f3n Provincial de Empresas de Hosteler\u00eda y Turismo de Granada ha reclamado este jueves la restituci\u00f3n \u00aburgente\u00bb del tr\u00e1fico ferroviario y la llegada \u00abinmediata\u00bb del AVE, al considerar \u00abtrascendentales\u00bb ambas cuestiones para el sector y para la econom\u00eda de la provincia.<\/p>\n<p>Los empresarios tur\u00edsticos sostienen que Granada, \u00abuna de las ciudades m\u00e1s visitadas de uno de los pa\u00edses tur\u00edsticos m\u00e1s importantes del mundo\u00bb, sufre una \u00abcarencia de infraestructuras lamentable\u00bb, sin que sus representantes institucionales a todos los niveles \u00absean capaces de ofrecer una respuesta\u00bb.<\/p>\n<p>Advierten de que el \u00abretraso hist\u00f3rico que vienen sufriendo las infraestructuras en Granada tiene importantes consecuencias negativas\u00bb para su desarrollo, mientras que \u00abimportantes eventos y propuestas de comercializaci\u00f3n tur\u00edstica aguardan ansiosos una respuesta\u00bb.<\/p>\n<p>\u00abSin infraestructuras es imposible competir\u00bb, alegan desde la Federaci\u00f3n que trabaja en tres l\u00edneas estrat\u00e9gicas para el reposicionamiento del destino y la marca Granada: la consolidaci\u00f3n del turismo cultural y de congresos, el aumento de la pernoctaci\u00f3n de domingo a jueves y la ruptura de la estacionalidad.<\/p>\n<p>Los empresarios piden que \u00absi efectivamente el AVE es una prioridad\u00bb, se haga \u00ablo posible entre todos\u00bb para conseguirlo \u00absin olvidar una soluci\u00f3n integral para el ferrocarril en la provincia\u00bb.<\/p>\n","protected":false},"excerpt":{"rendered":"<p>La Federaci\u00f3n Provincial de Empresas de Hosteler\u00eda y Turismo de Granada ha reclamado este jueves la restituci\u00f3n \u00aburgente\u00bb del tr\u00e1fico ferroviario y la llegada \u00abinmediata\u00bb del AVE, al considerar \u00abtrascendentales\u00bb ambas cuestiones para el sector y para la econom\u00eda de la provincia. Los empresarios tur\u00edsticos sostienen que Granada, \u00abuna de las ciudades m\u00e1s visitadas de<\/p>\n","protected":false},"author":1,"featured_media":79722,"comment_status":"open","ping_status":"closed","sticky":false,"template":"","format":"standard","meta":{"footnotes":""},"categories":[224],"tags":[],"class_list":{"0":"post-79721","1":"post","2":"type-post","3":"status-publish","4":"format-standard","5":"has-post-thumbnail","7":"category-noticias-actualidad"},"aioseo_notices":[],"aioseo_head":"\n\t\t<!-- All in One SEO Pro 4.9.6.1 - aioseo.com -->\n\t<meta name=\"description\" content=\"La Federaci\u00f3n Provincial de Empresas de Hosteler\u00eda y Turismo de Granada ha reclamado este jueves la restituci\u00f3n &quot;urgente&quot; del tr\u00e1fico ferroviario y la llegada &quot;inmediata&quot; del AVE, al considerar &quot;trascendentales&quot; ambas cuestiones para el sector y para la econom\u00eda de la provincia. Los empresarios tur\u00edsticos sostienen que Granada, &quot;una de las ciudades m\u00e1s visitadas de\" \/>\n\t<meta name=\"robots\" content=\"max-image-preview:large\" \/>\n\t<meta name=\"author\" content=\"admin\"\/>\n\t<meta name=\"google-site-verification\" content=\"UA-38556648-1\" \/>\n\t<meta name=\"keywords\" content=\"noticias y actualidad\" \/>\n\t<link rel=\"canonical\" href=\"https:\/\/eldigitaldeasturias.com\/magazine365\/empresarios-turisticos-reclaman-la-llegada-del-ave-a-granada-y-la-restitucion-del-trafico-ferroviario\/\" \/>\n\t<meta name=\"generator\" content=\"All in One SEO Pro (AIOSEO) 4.9.6.1\" \/>\n\t\t<meta property=\"og:locale\" content=\"es_ES\" \/>\n\t\t<meta property=\"og:site_name\" content=\"El Digital de Asturias \u2013 Revista de ocio, turismo y estilo de vida\" \/>\n\t\t<meta property=\"og:type\" content=\"article\" \/>\n\t\t<meta property=\"og:title\" content=\"Empresarios tur\u00edsticos reclaman la llegada del AVE a Granada y la restituci\u00f3n del tr\u00e1fico ferroviario | El Digital de Asturias\" \/>\n\t\t<meta property=\"og:description\" content=\"La Federaci\u00f3n Provincial de Empresas de Hosteler\u00eda y Turismo de Granada ha reclamado este jueves la restituci\u00f3n &quot;urgente&quot; del tr\u00e1fico ferroviario y la llegada &quot;inmediata&quot; del AVE, al considerar &quot;trascendentales&quot; ambas cuestiones para el sector y para la econom\u00eda de la provincia. Los empresarios tur\u00edsticos sostienen que Granada, &quot;una de las ciudades m\u00e1s visitadas de\" \/>\n\t\t<meta property=\"og:url\" content=\"https:\/\/eldigitaldeasturias.com\/magazine365\/empresarios-turisticos-reclaman-la-llegada-del-ave-a-granada-y-la-restitucion-del-trafico-ferroviario\/\" \/>\n\t\t<meta property=\"og:image\" content=\"https:\/\/eldigitaldeasturias.com\/magazine365\/wp-content\/uploads\/2016\/06\/fotonoticia_20160616172713_800.jpg\" \/>\n\t\t<meta property=\"og:image:secure_url\" content=\"https:\/\/eldigitaldeasturias.com\/magazine365\/wp-content\/uploads\/2016\/06\/fotonoticia_20160616172713_800.jpg\" \/>\n\t\t<meta property=\"og:image:width\" content=\"800\" \/>\n\t\t<meta property=\"og:image:height\" content=\"538\" \/>\n\t\t<meta property=\"article:published_time\" content=\"2016-06-16T17:06:46+00:00\" \/>\n\t\t<meta property=\"article:modified_time\" content=\"2016-06-16T17:06:46+00:00\" \/>\n\t\t<meta name=\"twitter:card\" content=\"summary_large_image\" \/>\n\t\t<meta name=\"twitter:title\" content=\"Empresarios tur\u00edsticos reclaman la llegada del AVE a Granada y la restituci\u00f3n del tr\u00e1fico ferroviario | El Digital de Asturias\" \/>\n\t\t<meta name=\"twitter:description\" content=\"La Federaci\u00f3n Provincial de Empresas de Hosteler\u00eda y Turismo de Granada ha reclamado este jueves la restituci\u00f3n &quot;urgente&quot; del tr\u00e1fico ferroviario y la llegada &quot;inmediata&quot; del AVE, al considerar &quot;trascendentales&quot; ambas cuestiones para el sector y para la econom\u00eda de la provincia. Los empresarios tur\u00edsticos sostienen que Granada, &quot;una de las ciudades m\u00e1s visitadas de\" \/>\n\t\t<meta name=\"twitter:image\" content=\"https:\/\/eldigitaldeasturias.com\/magazine365\/wp-content\/uploads\/2016\/06\/fotonoticia_20160616172713_800.jpg\" \/>\n\t\t<script type=\"application\/ld+json\" class=\"aioseo-schema\">\n\t\t\t{\"@context\":\"https:\\\/\\\/schema.org\",\"@graph\":[{\"@type\":\"Article\",\"@id\":\"https:\\\/\\\/eldigitaldeasturias.com\\\/magazine365\\\/empresarios-turisticos-reclaman-la-llegada-del-ave-a-granada-y-la-restitucion-del-trafico-ferroviario\\\/#article\",\"name\":\"Empresarios tur\\u00edsticos reclaman la llegada del AVE a Granada y la restituci\\u00f3n del tr\\u00e1fico ferroviario | El Digital de Asturias\",\"headline\":\"Empresarios tur\\u00edsticos reclaman la llegada del AVE a Granada y la restituci\\u00f3n del tr\\u00e1fico ferroviario\",\"author\":{\"@id\":\"https:\\\/\\\/eldigitaldeasturias.com\\\/magazine365\\\/author\\\/admin\\\/#author\"},\"publisher\":{\"@id\":\"https:\\\/\\\/eldigitaldeasturias.com\\\/magazine365\\\/#organization\"},\"image\":{\"@type\":\"ImageObject\",\"url\":\"https:\\\/\\\/eldigitaldeasturias.com\\\/magazine365\\\/wp-content\\\/uploads\\\/2016\\\/06\\\/fotonoticia_20160616172713_800.jpg\",\"width\":800,\"height\":538},\"datePublished\":\"2016-06-16T19:06:46+02:00\",\"dateModified\":\"2016-06-16T19:06:46+02:00\",\"inLanguage\":\"es-ES\",\"mainEntityOfPage\":{\"@id\":\"https:\\\/\\\/eldigitaldeasturias.com\\\/magazine365\\\/empresarios-turisticos-reclaman-la-llegada-del-ave-a-granada-y-la-restitucion-del-trafico-ferroviario\\\/#webpage\"},\"isPartOf\":{\"@id\":\"https:\\\/\\\/eldigitaldeasturias.com\\\/magazine365\\\/empresarios-turisticos-reclaman-la-llegada-del-ave-a-granada-y-la-restitucion-del-trafico-ferroviario\\\/#webpage\"},\"articleSection\":\"Noticias y Actualidad\"},{\"@type\":\"BreadcrumbList\",\"@id\":\"https:\\\/\\\/eldigitaldeasturias.com\\\/magazine365\\\/empresarios-turisticos-reclaman-la-llegada-del-ave-a-granada-y-la-restitucion-del-trafico-ferroviario\\\/#breadcrumblist\",\"itemListElement\":[{\"@type\":\"ListItem\",\"@id\":\"https:\\\/\\\/eldigitaldeasturias.com\\\/magazine365#listItem\",\"position\":1,\"name\":\"Home\",\"item\":\"https:\\\/\\\/eldigitaldeasturias.com\\\/magazine365\",\"nextItem\":{\"@type\":\"ListItem\",\"@id\":\"https:\\\/\\\/eldigitaldeasturias.com\\\/magazine365\\\/category\\\/noticias-actualidad\\\/#listItem\",\"name\":\"Noticias y Actualidad\"}},{\"@type\":\"ListItem\",\"@id\":\"https:\\\/\\\/eldigitaldeasturias.com\\\/magazine365\\\/category\\\/noticias-actualidad\\\/#listItem\",\"position\":2,\"name\":\"Noticias y Actualidad\",\"item\":\"https:\\\/\\\/eldigitaldeasturias.com\\\/magazine365\\\/category\\\/noticias-actualidad\\\/\",\"nextItem\":{\"@type\":\"ListItem\",\"@id\":\"https:\\\/\\\/eldigitaldeasturias.com\\\/magazine365\\\/empresarios-turisticos-reclaman-la-llegada-del-ave-a-granada-y-la-restitucion-del-trafico-ferroviario\\\/#listItem\",\"name\":\"Empresarios tur\\u00edsticos reclaman la llegada del AVE a Granada y la restituci\\u00f3n del tr\\u00e1fico ferroviario\"},\"previousItem\":{\"@type\":\"ListItem\",\"@id\":\"https:\\\/\\\/eldigitaldeasturias.com\\\/magazine365#listItem\",\"name\":\"Home\"}},{\"@type\":\"ListItem\",\"@id\":\"https:\\\/\\\/eldigitaldeasturias.com\\\/magazine365\\\/empresarios-turisticos-reclaman-la-llegada-del-ave-a-granada-y-la-restitucion-del-trafico-ferroviario\\\/#listItem\",\"position\":3,\"name\":\"Empresarios tur\\u00edsticos reclaman la llegada del AVE a Granada y la restituci\\u00f3n del tr\\u00e1fico ferroviario\",\"previousItem\":{\"@type\":\"ListItem\",\"@id\":\"https:\\\/\\\/eldigitaldeasturias.com\\\/magazine365\\\/category\\\/noticias-actualidad\\\/#listItem\",\"name\":\"Noticias y Actualidad\"}}]},{\"@type\":\"Organization\",\"@id\":\"https:\\\/\\\/eldigitaldeasturias.com\\\/magazine365\\\/#organization\",\"name\":\"El digital de Asturias\",\"description\":\"Revista de ocio, turismo y estilo de vida\",\"url\":\"https:\\\/\\\/eldigitaldeasturias.com\\\/magazine365\\\/\",\"logo\":{\"@type\":\"ImageObject\",\"url\":\"https:\\\/\\\/www.eldigitaldeasturias.com\\\/noticias\\\/wp-content\\\/uploads\\\/2020\\\/12\\\/EDA.jpg\",\"@id\":\"https:\\\/\\\/eldigitaldeasturias.com\\\/magazine365\\\/empresarios-turisticos-reclaman-la-llegada-del-ave-a-granada-y-la-restitucion-del-trafico-ferroviario\\\/#organizationLogo\"},\"image\":{\"@id\":\"https:\\\/\\\/eldigitaldeasturias.com\\\/magazine365\\\/empresarios-turisticos-reclaman-la-llegada-del-ave-a-granada-y-la-restitucion-del-trafico-ferroviario\\\/#organizationLogo\"}},{\"@type\":\"Person\",\"@id\":\"https:\\\/\\\/eldigitaldeasturias.com\\\/magazine365\\\/author\\\/admin\\\/#author\",\"url\":\"https:\\\/\\\/eldigitaldeasturias.com\\\/magazine365\\\/author\\\/admin\\\/\",\"name\":\"admin\",\"image\":{\"@type\":\"ImageObject\",\"@id\":\"https:\\\/\\\/eldigitaldeasturias.com\\\/magazine365\\\/empresarios-turisticos-reclaman-la-llegada-del-ave-a-granada-y-la-restitucion-del-trafico-ferroviario\\\/#authorImage\",\"url\":\"https:\\\/\\\/eldigitaldeasturias.com\\\/magazine365\\\/wp-content\\\/litespeed\\\/avatar\\\/e571bcf59a0edd6fa6838245a470f2fe.jpg?ver=1776969259\",\"width\":96,\"height\":96,\"caption\":\"admin\"}},{\"@type\":\"WebPage\",\"@id\":\"https:\\\/\\\/eldigitaldeasturias.com\\\/magazine365\\\/empresarios-turisticos-reclaman-la-llegada-del-ave-a-granada-y-la-restitucion-del-trafico-ferroviario\\\/#webpage\",\"url\":\"https:\\\/\\\/eldigitaldeasturias.com\\\/magazine365\\\/empresarios-turisticos-reclaman-la-llegada-del-ave-a-granada-y-la-restitucion-del-trafico-ferroviario\\\/\",\"name\":\"Empresarios tur\\u00edsticos reclaman la llegada del AVE a Granada y la restituci\\u00f3n del tr\\u00e1fico ferroviario | El Digital de Asturias\",\"description\":\"La Federaci\\u00f3n Provincial de Empresas de Hosteler\\u00eda y Turismo de Granada ha reclamado este jueves la restituci\\u00f3n \\\"urgente\\\" del tr\\u00e1fico ferroviario y la llegada \\\"inmediata\\\" del AVE, al considerar \\\"trascendentales\\\" ambas cuestiones para el sector y para la econom\\u00eda de la provincia. Los empresarios tur\\u00edsticos sostienen que Granada, \\\"una de las ciudades m\\u00e1s visitadas de\",\"inLanguage\":\"es-ES\",\"isPartOf\":{\"@id\":\"https:\\\/\\\/eldigitaldeasturias.com\\\/magazine365\\\/#website\"},\"breadcrumb\":{\"@id\":\"https:\\\/\\\/eldigitaldeasturias.com\\\/magazine365\\\/empresarios-turisticos-reclaman-la-llegada-del-ave-a-granada-y-la-restitucion-del-trafico-ferroviario\\\/#breadcrumblist\"},\"author\":{\"@id\":\"https:\\\/\\\/eldigitaldeasturias.com\\\/magazine365\\\/author\\\/admin\\\/#author\"},\"creator\":{\"@id\":\"https:\\\/\\\/eldigitaldeasturias.com\\\/magazine365\\\/author\\\/admin\\\/#author\"},\"image\":{\"@type\":\"ImageObject\",\"url\":\"https:\\\/\\\/eldigitaldeasturias.com\\\/magazine365\\\/wp-content\\\/uploads\\\/2016\\\/06\\\/fotonoticia_20160616172713_800.jpg\",\"@id\":\"https:\\\/\\\/eldigitaldeasturias.com\\\/magazine365\\\/empresarios-turisticos-reclaman-la-llegada-del-ave-a-granada-y-la-restitucion-del-trafico-ferroviario\\\/#mainImage\",\"width\":800,\"height\":538},\"primaryImageOfPage\":{\"@id\":\"https:\\\/\\\/eldigitaldeasturias.com\\\/magazine365\\\/empresarios-turisticos-reclaman-la-llegada-del-ave-a-granada-y-la-restitucion-del-trafico-ferroviario\\\/#mainImage\"},\"datePublished\":\"2016-06-16T19:06:46+02:00\",\"dateModified\":\"2016-06-16T19:06:46+02:00\"},{\"@type\":\"WebSite\",\"@id\":\"https:\\\/\\\/eldigitaldeasturias.com\\\/magazine365\\\/#website\",\"url\":\"https:\\\/\\\/eldigitaldeasturias.com\\\/magazine365\\\/\",\"name\":\"El Digital de Asturias\",\"description\":\"Revista de ocio, turismo y estilo de vida\",\"inLanguage\":\"es-ES\",\"publisher\":{\"@id\":\"https:\\\/\\\/eldigitaldeasturias.com\\\/magazine365\\\/#organization\"}}]}\n\t\t<\/script>\n\t\t<!-- All in One SEO Pro -->\r\n\t\t<title>Empresarios tur\u00edsticos reclaman la llegada del AVE a Granada y la restituci\u00f3n del tr\u00e1fico ferroviario | El Digital de Asturias<\/title>\n\n","aioseo_head_json":{"title":"Empresarios tur\u00edsticos reclaman la llegada del AVE a Granada y la restituci\u00f3n del tr\u00e1fico ferroviario | El Digital de Asturias","description":"La Federaci\u00f3n Provincial de Empresas de Hosteler\u00eda y Turismo de Granada ha reclamado este jueves la restituci\u00f3n \"urgente\" del tr\u00e1fico ferroviario y la llegada \"inmediata\" del AVE, al considerar \"trascendentales\" ambas cuestiones para el sector y para la econom\u00eda de la provincia. Los empresarios tur\u00edsticos sostienen que Granada, \"una de las ciudades m\u00e1s visitadas de","canonical_url":"https:\/\/eldigitaldeasturias.com\/magazine365\/empresarios-turisticos-reclaman-la-llegada-del-ave-a-granada-y-la-restitucion-del-trafico-ferroviario\/","robots":"max-image-preview:large","keywords":"noticias y actualidad","webmasterTools":{"google-site-verification":"UA-38556648-1","miscellaneous":""},"schema":{"@context":"https:\/\/schema.org","@graph":[{"@type":"Article","@id":"https:\/\/eldigitaldeasturias.com\/magazine365\/empresarios-turisticos-reclaman-la-llegada-del-ave-a-granada-y-la-restitucion-del-trafico-ferroviario\/#article","name":"Empresarios tur\u00edsticos reclaman la llegada del AVE a Granada y la restituci\u00f3n del tr\u00e1fico ferroviario | El Digital de Asturias","headline":"Empresarios tur\u00edsticos reclaman la llegada del AVE a Granada y la restituci\u00f3n del tr\u00e1fico ferroviario","author":{"@id":"https:\/\/eldigitaldeasturias.com\/magazine365\/author\/admin\/#author"},"publisher":{"@id":"https:\/\/eldigitaldeasturias.com\/magazine365\/#organization"},"image":{"@type":"ImageObject","url":"https:\/\/eldigitaldeasturias.com\/magazine365\/wp-content\/uploads\/2016\/06\/fotonoticia_20160616172713_800.jpg","width":800,"height":538},"datePublished":"2016-06-16T19:06:46+02:00","dateModified":"2016-06-16T19:06:46+02:00","inLanguage":"es-ES","mainEntityOfPage":{"@id":"https:\/\/eldigitaldeasturias.com\/magazine365\/empresarios-turisticos-reclaman-la-llegada-del-ave-a-granada-y-la-restitucion-del-trafico-ferroviario\/#webpage"},"isPartOf":{"@id":"https:\/\/eldigitaldeasturias.com\/magazine365\/empresarios-turisticos-reclaman-la-llegada-del-ave-a-granada-y-la-restitucion-del-trafico-ferroviario\/#webpage"},"articleSection":"Noticias y Actualidad"},{"@type":"BreadcrumbList","@id":"https:\/\/eldigitaldeasturias.com\/magazine365\/empresarios-turisticos-reclaman-la-llegada-del-ave-a-granada-y-la-restitucion-del-trafico-ferroviario\/#breadcrumblist","itemListElement":[{"@type":"ListItem","@id":"https:\/\/eldigitaldeasturias.com\/magazine365#listItem","position":1,"name":"Home","item":"https:\/\/eldigitaldeasturias.com\/magazine365","nextItem":{"@type":"ListItem","@id":"https:\/\/eldigitaldeasturias.com\/magazine365\/category\/noticias-actualidad\/#listItem","name":"Noticias y Actualidad"}},{"@type":"ListItem","@id":"https:\/\/eldigitaldeasturias.com\/magazine365\/category\/noticias-actualidad\/#listItem","position":2,"name":"Noticias y Actualidad","item":"https:\/\/eldigitaldeasturias.com\/magazine365\/category\/noticias-actualidad\/","nextItem":{"@type":"ListItem","@id":"https:\/\/eldigitaldeasturias.com\/magazine365\/empresarios-turisticos-reclaman-la-llegada-del-ave-a-granada-y-la-restitucion-del-trafico-ferroviario\/#listItem","name":"Empresarios tur\u00edsticos reclaman la llegada del AVE a Granada y la restituci\u00f3n del tr\u00e1fico ferroviario"},"previousItem":{"@type":"ListItem","@id":"https:\/\/eldigitaldeasturias.com\/magazine365#listItem","name":"Home"}},{"@type":"ListItem","@id":"https:\/\/eldigitaldeasturias.com\/magazine365\/empresarios-turisticos-reclaman-la-llegada-del-ave-a-granada-y-la-restitucion-del-trafico-ferroviario\/#listItem","position":3,"name":"Empresarios tur\u00edsticos reclaman la llegada del AVE a Granada y la restituci\u00f3n del tr\u00e1fico ferroviario","previousItem":{"@type":"ListItem","@id":"https:\/\/eldigitaldeasturias.com\/magazine365\/category\/noticias-actualidad\/#listItem","name":"Noticias y Actualidad"}}]},{"@type":"Organization","@id":"https:\/\/eldigitaldeasturias.com\/magazine365\/#organization","name":"El digital de Asturias","description":"Revista de ocio, turismo y estilo de vida","url":"https:\/\/eldigitaldeasturias.com\/magazine365\/","logo":{"@type":"ImageObject","url":"https:\/\/www.eldigitaldeasturias.com\/noticias\/wp-content\/uploads\/2020\/12\/EDA.jpg","@id":"https:\/\/eldigitaldeasturias.com\/magazine365\/empresarios-turisticos-reclaman-la-llegada-del-ave-a-granada-y-la-restitucion-del-trafico-ferroviario\/#organizationLogo"},"image":{"@id":"https:\/\/eldigitaldeasturias.com\/magazine365\/empresarios-turisticos-reclaman-la-llegada-del-ave-a-granada-y-la-restitucion-del-trafico-ferroviario\/#organizationLogo"}},{"@type":"Person","@id":"https:\/\/eldigitaldeasturias.com\/magazine365\/author\/admin\/#author","url":"https:\/\/eldigitaldeasturias.com\/magazine365\/author\/admin\/","name":"admin","image":{"@type":"ImageObject","@id":"https:\/\/eldigitaldeasturias.com\/magazine365\/empresarios-turisticos-reclaman-la-llegada-del-ave-a-granada-y-la-restitucion-del-trafico-ferroviario\/#authorImage","url":"https:\/\/eldigitaldeasturias.com\/magazine365\/wp-content\/litespeed\/avatar\/e571bcf59a0edd6fa6838245a470f2fe.jpg?ver=1776969259","width":96,"height":96,"caption":"admin"}},{"@type":"WebPage","@id":"https:\/\/eldigitaldeasturias.com\/magazine365\/empresarios-turisticos-reclaman-la-llegada-del-ave-a-granada-y-la-restitucion-del-trafico-ferroviario\/#webpage","url":"https:\/\/eldigitaldeasturias.com\/magazine365\/empresarios-turisticos-reclaman-la-llegada-del-ave-a-granada-y-la-restitucion-del-trafico-ferroviario\/","name":"Empresarios tur\u00edsticos reclaman la llegada del AVE a Granada y la restituci\u00f3n del tr\u00e1fico ferroviario | El Digital de Asturias","description":"La Federaci\u00f3n Provincial de Empresas de Hosteler\u00eda y Turismo de Granada ha reclamado este jueves la restituci\u00f3n \"urgente\" del tr\u00e1fico ferroviario y la llegada \"inmediata\" del AVE, al considerar \"trascendentales\" ambas cuestiones para el sector y para la econom\u00eda de la provincia. Los empresarios tur\u00edsticos sostienen que Granada, \"una de las ciudades m\u00e1s visitadas de","inLanguage":"es-ES","isPartOf":{"@id":"https:\/\/eldigitaldeasturias.com\/magazine365\/#website"},"breadcrumb":{"@id":"https:\/\/eldigitaldeasturias.com\/magazine365\/empresarios-turisticos-reclaman-la-llegada-del-ave-a-granada-y-la-restitucion-del-trafico-ferroviario\/#breadcrumblist"},"author":{"@id":"https:\/\/eldigitaldeasturias.com\/magazine365\/author\/admin\/#author"},"creator":{"@id":"https:\/\/eldigitaldeasturias.com\/magazine365\/author\/admin\/#author"},"image":{"@type":"ImageObject","url":"https:\/\/eldigitaldeasturias.com\/magazine365\/wp-content\/uploads\/2016\/06\/fotonoticia_20160616172713_800.jpg","@id":"https:\/\/eldigitaldeasturias.com\/magazine365\/empresarios-turisticos-reclaman-la-llegada-del-ave-a-granada-y-la-restitucion-del-trafico-ferroviario\/#mainImage","width":800,"height":538},"primaryImageOfPage":{"@id":"https:\/\/eldigitaldeasturias.com\/magazine365\/empresarios-turisticos-reclaman-la-llegada-del-ave-a-granada-y-la-restitucion-del-trafico-ferroviario\/#mainImage"},"datePublished":"2016-06-16T19:06:46+02:00","dateModified":"2016-06-16T19:06:46+02:00"},{"@type":"WebSite","@id":"https:\/\/eldigitaldeasturias.com\/magazine365\/#website","url":"https:\/\/eldigitaldeasturias.com\/magazine365\/","name":"El Digital de Asturias","description":"Revista de ocio, turismo y estilo de vida","inLanguage":"es-ES","publisher":{"@id":"https:\/\/eldigitaldeasturias.com\/magazine365\/#organization"}}]},"og:locale":"es_ES","og:site_name":"El Digital de Asturias \u2013 Revista de ocio, turismo y estilo de vida","og:type":"article","og:title":"Empresarios tur\u00edsticos reclaman la llegada del AVE a Granada y la restituci\u00f3n del tr\u00e1fico ferroviario | El Digital de Asturias","og:description":"La Federaci\u00f3n Provincial de Empresas de Hosteler\u00eda y Turismo de Granada ha reclamado este jueves la restituci\u00f3n &quot;urgente&quot; del tr\u00e1fico ferroviario y la llegada &quot;inmediata&quot; del AVE, al considerar &quot;trascendentales&quot; ambas cuestiones para el sector y para la econom\u00eda de la provincia. Los empresarios tur\u00edsticos sostienen que Granada, &quot;una de las ciudades m\u00e1s visitadas de","og:url":"https:\/\/eldigitaldeasturias.com\/magazine365\/empresarios-turisticos-reclaman-la-llegada-del-ave-a-granada-y-la-restitucion-del-trafico-ferroviario\/","og:image":"https:\/\/eldigitaldeasturias.com\/magazine365\/wp-content\/uploads\/2016\/06\/fotonoticia_20160616172713_800.jpg","og:image:secure_url":"https:\/\/eldigitaldeasturias.com\/magazine365\/wp-content\/uploads\/2016\/06\/fotonoticia_20160616172713_800.jpg","og:image:width":800,"og:image:height":538,"article:published_time":"2016-06-16T17:06:46+00:00","article:modified_time":"2016-06-16T17:06:46+00:00","twitter:card":"summary_large_image","twitter:title":"Empresarios tur\u00edsticos reclaman la llegada del AVE a Granada y la restituci\u00f3n del tr\u00e1fico ferroviario | El Digital de Asturias","twitter:description":"La Federaci\u00f3n Provincial de Empresas de Hosteler\u00eda y Turismo de Granada ha reclamado este jueves la restituci\u00f3n &quot;urgente&quot; del tr\u00e1fico ferroviario y la llegada &quot;inmediata&quot; del AVE, al considerar &quot;trascendentales&quot; ambas cuestiones para el sector y para la econom\u00eda de la provincia. Los empresarios tur\u00edsticos sostienen que Granada, &quot;una de las ciudades m\u00e1s visitadas de","twitter:image":"https:\/\/eldigitaldeasturias.com\/magazine365\/wp-content\/uploads\/2016\/06\/fotonoticia_20160616172713_800.jpg"},"aioseo_meta_data":{"post_id":"79721","title":null,"description":null,"keywords":null,"keyphrases":null,"primary_term":null,"canonical_url":null,"og_title":null,"og_description":null,"og_object_type":"default","og_image_type":"default","og_image_url":null,"og_image_width":null,"og_image_height":null,"og_image_custom_url":null,"og_image_custom_fields":null,"og_video":null,"og_custom_url":null,"og_article_section":null,"og_article_tags":null,"twitter_use_og":false,"twitter_card":"default","twitter_image_type":"default","twitter_image_url":null,"twitter_image_custom_url":null,"twitter_image_custom_fields":null,"twitter_title":null,"twitter_description":null,"schema":{"blockGraphs":[],"customGraphs":[],"default":{"data":{"Article":[],"Course":[],"Dataset":[],"FAQPage":[],"Movie":[],"Person":[],"Product":[],"ProductReview":[],"Car":[],"Recipe":[],"Service":[],"SoftwareApplication":[],"WebPage":[]},"graphName":"","isEnabled":true},"graphs":[],"defaultGraph":"","defaultPostTypeGraph":""},"schema_type":null,"schema_type_options":null,"pillar_content":false,"robots_default":true,"robots_noindex":false,"robots_noarchive":false,"robots_nosnippet":false,"robots_nofollow":false,"robots_noimageindex":false,"robots_noodp":false,"robots_notranslate":false,"robots_max_snippet":null,"robots_max_videopreview":null,"robots_max_imagepreview":"large","priority":null,"frequency":null,"location":null,"local_seo":null,"seo_analyzer_scan_date":"2025-09-27 19:26:03","breadcrumb_settings":null,"limit_modified_date":false,"open_ai":null,"ai":null,"created":"2021-03-08 17:43:48","updated":"2025-09-27 19:26:03"},"aioseo_breadcrumb":"<div class=\"aioseo-breadcrumbs\"><span class=\"aioseo-breadcrumb\">\n\t<a href=\"https:\/\/eldigitaldeasturias.com\/magazine365\" title=\"Home\">Home<\/a>\n<\/span><span class=\"aioseo-breadcrumb-separator\">\u2013<\/span><span class=\"aioseo-breadcrumb\">\n\t<a href=\"https:\/\/eldigitaldeasturias.com\/magazine365\/category\/noticias-actualidad\/\" title=\"Noticias y Actualidad\">Noticias y Actualidad<\/a>\n<\/span><span class=\"aioseo-breadcrumb-separator\">\u2013<\/span><span class=\"aioseo-breadcrumb\">\n\t<a href=\"https:\/\/eldigitaldeasturias.com\/magazine365\/empresarios-turisticos-reclaman-la-llegada-del-ave-a-granada-y-la-restitucion-del-trafico-ferroviario\/\" title=\"Empresarios tur\u00edsticos reclaman la llegada del AVE a Granada y la restituci\u00f3n del tr\u00e1fico ferroviario\">Empresarios tur\u00edsticos reclaman la llegada del AVE a Granada y la restituci\u00f3n del tr\u00e1fico ferroviario<\/a>\n<\/span><\/div>","aioseo_breadcrumb_json":[{"label":"Home","link":"https:\/\/eldigitaldeasturias.com\/magazine365"},{"label":"Noticias y Actualidad","link":"https:\/\/eldigitaldeasturias.com\/magazine365\/category\/noticias-actualidad\/"},{"label":"Empresarios tur\u00edsticos reclaman la llegada del AVE a Granada y la restituci\u00f3n del tr\u00e1fico ferroviario","link":"https:\/\/eldigitaldeasturias.com\/magazine365\/empresarios-turisticos-reclaman-la-llegada-del-ave-a-granada-y-la-restitucion-del-trafico-ferroviario\/"}],"_links":{"self":[{"href":"https:\/\/eldigitaldeasturias.com\/magazine365\/wp-json\/wp\/v2\/posts\/79721","targetHints":{"allow":["GET"]}}],"collection":[{"href":"https:\/\/eldigitaldeasturias.com\/magazine365\/wp-json\/wp\/v2\/posts"}],"about":[{"href":"https:\/\/eldigitaldeasturias.com\/magazine365\/wp-json\/wp\/v2\/types\/post"}],"author":[{"embeddable":true,"href":"https:\/\/eldigitaldeasturias.com\/magazine365\/wp-json\/wp\/v2\/users\/1"}],"replies":[{"embeddable":true,"href":"https:\/\/eldigitaldeasturias.com\/magazine365\/wp-json\/wp\/v2\/comments?post=79721"}],"version-history":[{"count":0,"href":"https:\/\/eldigitaldeasturias.com\/magazine365\/wp-json\/wp\/v2\/posts\/79721\/revisions"}],"wp:featuredmedia":[{"embeddable":true,"href":"https:\/\/eldigitaldeasturias.com\/magazine365\/wp-json\/wp\/v2\/media\/79722"}],"wp:attachment":[{"href":"https:\/\/eldigitaldeasturias.com\/magazine365\/wp-json\/wp\/v2\/media?parent=79721"}],"wp:term":[{"taxonomy":"category","embeddable":true,"href":"https:\/\/eldigitaldeasturias.com\/magazine365\/wp-json\/wp\/v2\/categories?post=79721"},{"taxonomy":"post_tag","embeddable":true,"href":"https:\/\/eldigitaldeasturias.com\/magazine365\/wp-json\/wp\/v2\/tags?post=79721"}],"curies":[{"name":"wp","href":"https:\/\/api.w.org\/{rel}","templated":true}]}}