{"id":79718,"date":"2016-06-16T18:47:03","date_gmt":"2016-06-16T16:47:03","guid":{"rendered":"http:\/\/eldigitaldeasturias.com\/magazine365\/?p=79718"},"modified":"2016-06-16T18:47:03","modified_gmt":"2016-06-16T16:47:03","slug":"el-litoral-de-benalmadena-recupera-cuatro-banderas-azules","status":"publish","type":"post","link":"https:\/\/eldigitaldeasturias.com\/magazine365\/el-litoral-de-benalmadena-recupera-cuatro-banderas-azules\/","title":{"rendered":"El litoral de Benalm\u00e1dena recupera cuatro &#8216;banderas azules&#8217;"},"content":{"rendered":"<p><img fetchpriority=\"high\" decoding=\"async\" class=\"alignleft size-medium wp-image-79719\" src=\"https:\/\/eldigitaldeasturias.com\/magazine365\/wp-content\/uploads\/2016\/06\/fotonoticia_20160616172427_800-360x203.jpg\" alt=\"fotonoticia_20160616172427_800\" width=\"360\" height=\"203\" srcset=\"https:\/\/eldigitaldeasturias.com\/magazine365\/wp-content\/uploads\/2016\/06\/fotonoticia_20160616172427_800-360x203.jpg 360w, https:\/\/eldigitaldeasturias.com\/magazine365\/wp-content\/uploads\/2016\/06\/fotonoticia_20160616172427_800-650x366.jpg 650w, https:\/\/eldigitaldeasturias.com\/magazine365\/wp-content\/uploads\/2016\/06\/fotonoticia_20160616172427_800-768x432.jpg 768w, https:\/\/eldigitaldeasturias.com\/magazine365\/wp-content\/uploads\/2016\/06\/fotonoticia_20160616172427_800-150x84.jpg 150w, https:\/\/eldigitaldeasturias.com\/magazine365\/wp-content\/uploads\/2016\/06\/fotonoticia_20160616172427_800-450x253.jpg 450w, https:\/\/eldigitaldeasturias.com\/magazine365\/wp-content\/uploads\/2016\/06\/fotonoticia_20160616172427_800-499x280.jpg 499w, https:\/\/eldigitaldeasturias.com\/magazine365\/wp-content\/uploads\/2016\/06\/fotonoticia_20160616172427_800-510x289.jpg 510w, https:\/\/eldigitaldeasturias.com\/magazine365\/wp-content\/uploads\/2016\/06\/fotonoticia_20160616172427_800.jpg 800w\" sizes=\"(max-width: 360px) 100vw, 360px\" \/>El alcalde de Benalm\u00e1dena (M\u00e1laga), V\u00edctor Navas, y la concejala de Playas, Encarnaci\u00f3n Cortes, han procedido este jueves a la izada de las cuatro &#8216;banderas azules&#8217; que esta temporada lucir\u00e1 el litoral benalmadense.<\/p>\n<p>Una distinci\u00f3n internacional que avala tanto la calidad medioambiental de las playas como la eficiencia de sus servicios y su accesibilidad para personas con problemas de movilidad.<\/p>\n<p>\u00abEn el primer a\u00f1o de gesti\u00f3n hemos logrado recuperar este distintivo, que no luc\u00eda en nuestras playas desde 2012, y constituye el s\u00edmbolo indiscutible de la excelencia y la calidad tur\u00edstica\u00bb, ha se\u00f1alado el alcalde, V\u00edctor Navas.<\/p>\n<p>El regidor ha felicitado a la edil de Playas, Encarnaci\u00f3n Cortes, por su esfuerzo, con el que \u00abha logrado recuperar cuatro &#8216;banderas azules&#8217; en el primer a\u00f1o del mandato, lo que favorece nuestra calidad como destino tur\u00edstico, el aut\u00e9ntico aval para la creaci\u00f3n de empleo y riqueza\u00bb.<\/p>\n<p>Cortes ha expresado su satisfacci\u00f3n por el regreso de las &#8216;banderas azules&#8217; al litoral benalmadense: \u00abrecuperarlas fue nuestro objetivo prioritario al llegar a la Concejal\u00eda de Playas, y seguiremos trabajando en la mejora continua de servicios e infraestructuras para sumar nuevas en los pr\u00f3ximos a\u00f1os y conservar las logradas\u00bb.<\/p>\n<p>Torrevig\u00eda, Torrebermeja-Santa Ana y Fuente de la Salud son las tres playas que lucir\u00e1n esta temporada las &#8216;banderas azules&#8217;, adem\u00e1s del puerto deportivo.<\/p>\n<p>Por otra parte, Benalm\u00e1dena tambi\u00e9n acoge dos de las cinco embarcaciones privadas que han logrado en toda Espa\u00f1a el prestigioso distintivo: Costa del Sol Crucero y Star Fish.<\/p>\n","protected":false},"excerpt":{"rendered":"<p>El alcalde de Benalm\u00e1dena (M\u00e1laga), V\u00edctor Navas, y la concejala de Playas, Encarnaci\u00f3n Cortes, han procedido este jueves a la izada de las cuatro &#8216;banderas azules&#8217; que esta temporada lucir\u00e1 el litoral benalmadense. Una distinci\u00f3n internacional que avala tanto la calidad medioambiental de las playas como la eficiencia de sus servicios y su accesibilidad para<\/p>\n","protected":false},"author":1,"featured_media":79719,"comment_status":"open","ping_status":"closed","sticky":false,"template":"","format":"standard","meta":{"footnotes":""},"categories":[224],"tags":[],"class_list":{"0":"post-79718","1":"post","2":"type-post","3":"status-publish","4":"format-standard","5":"has-post-thumbnail","7":"category-noticias-actualidad"},"aioseo_notices":[],"aioseo_head":"\n\t\t<!-- All in One SEO Pro 4.9.6.1 - aioseo.com -->\n\t<meta name=\"description\" content=\"El alcalde de Benalm\u00e1dena (M\u00e1laga), V\u00edctor Navas, y la concejala de Playas, Encarnaci\u00f3n Cortes, han procedido este jueves a la izada de las cuatro &#039;banderas azules&#039; que esta temporada lucir\u00e1 el litoral benalmadense. Una distinci\u00f3n internacional que avala tanto la calidad medioambiental de las playas como la eficiencia de sus servicios y su accesibilidad para\" \/>\n\t<meta name=\"robots\" content=\"max-image-preview:large\" \/>\n\t<meta name=\"author\" content=\"admin\"\/>\n\t<meta name=\"google-site-verification\" content=\"UA-38556648-1\" \/>\n\t<meta name=\"keywords\" content=\"noticias y actualidad\" \/>\n\t<link rel=\"canonical\" href=\"https:\/\/eldigitaldeasturias.com\/magazine365\/el-litoral-de-benalmadena-recupera-cuatro-banderas-azules\/\" \/>\n\t<meta name=\"generator\" content=\"All in One SEO Pro (AIOSEO) 4.9.6.1\" \/>\n\t\t<meta property=\"og:locale\" content=\"es_ES\" \/>\n\t\t<meta property=\"og:site_name\" content=\"El Digital de Asturias \u2013 Revista de ocio, turismo y estilo de vida\" \/>\n\t\t<meta property=\"og:type\" content=\"article\" \/>\n\t\t<meta property=\"og:title\" content=\"El litoral de Benalm\u00e1dena recupera cuatro \u2018banderas azules\u2019 | El Digital de Asturias\" \/>\n\t\t<meta property=\"og:description\" content=\"El alcalde de Benalm\u00e1dena (M\u00e1laga), V\u00edctor Navas, y la concejala de Playas, Encarnaci\u00f3n Cortes, han procedido este jueves a la izada de las cuatro &#039;banderas azules&#039; que esta temporada lucir\u00e1 el litoral benalmadense. Una distinci\u00f3n internacional que avala tanto la calidad medioambiental de las playas como la eficiencia de sus servicios y su accesibilidad para\" \/>\n\t\t<meta property=\"og:url\" content=\"https:\/\/eldigitaldeasturias.com\/magazine365\/el-litoral-de-benalmadena-recupera-cuatro-banderas-azules\/\" \/>\n\t\t<meta property=\"og:image\" content=\"https:\/\/eldigitaldeasturias.com\/magazine365\/wp-content\/uploads\/2016\/06\/fotonoticia_20160616172427_800.jpg\" \/>\n\t\t<meta property=\"og:image:secure_url\" content=\"https:\/\/eldigitaldeasturias.com\/magazine365\/wp-content\/uploads\/2016\/06\/fotonoticia_20160616172427_800.jpg\" \/>\n\t\t<meta property=\"og:image:width\" content=\"800\" \/>\n\t\t<meta property=\"og:image:height\" content=\"450\" \/>\n\t\t<meta property=\"article:published_time\" content=\"2016-06-16T16:47:03+00:00\" \/>\n\t\t<meta property=\"article:modified_time\" content=\"2016-06-16T16:47:03+00:00\" \/>\n\t\t<meta name=\"twitter:card\" content=\"summary_large_image\" \/>\n\t\t<meta name=\"twitter:title\" content=\"El litoral de Benalm\u00e1dena recupera cuatro \u2018banderas azules\u2019 | El Digital de Asturias\" \/>\n\t\t<meta name=\"twitter:description\" content=\"El alcalde de Benalm\u00e1dena (M\u00e1laga), V\u00edctor Navas, y la concejala de Playas, Encarnaci\u00f3n Cortes, han procedido este jueves a la izada de las cuatro &#039;banderas azules&#039; que esta temporada lucir\u00e1 el litoral benalmadense. Una distinci\u00f3n internacional que avala tanto la calidad medioambiental de las playas como la eficiencia de sus servicios y su accesibilidad para\" \/>\n\t\t<meta name=\"twitter:image\" content=\"https:\/\/eldigitaldeasturias.com\/magazine365\/wp-content\/uploads\/2016\/06\/fotonoticia_20160616172427_800.jpg\" \/>\n\t\t<script type=\"application\/ld+json\" class=\"aioseo-schema\">\n\t\t\t{\"@context\":\"https:\\\/\\\/schema.org\",\"@graph\":[{\"@type\":\"Article\",\"@id\":\"https:\\\/\\\/eldigitaldeasturias.com\\\/magazine365\\\/el-litoral-de-benalmadena-recupera-cuatro-banderas-azules\\\/#article\",\"name\":\"El litoral de Benalm\\u00e1dena recupera cuatro \\u2018banderas azules\\u2019 | El Digital de Asturias\",\"headline\":\"El litoral de Benalm\\u00e1dena recupera cuatro &#8216;banderas azules&#8217;\",\"author\":{\"@id\":\"https:\\\/\\\/eldigitaldeasturias.com\\\/magazine365\\\/author\\\/admin\\\/#author\"},\"publisher\":{\"@id\":\"https:\\\/\\\/eldigitaldeasturias.com\\\/magazine365\\\/#organization\"},\"image\":{\"@type\":\"ImageObject\",\"url\":\"https:\\\/\\\/eldigitaldeasturias.com\\\/magazine365\\\/wp-content\\\/uploads\\\/2016\\\/06\\\/fotonoticia_20160616172427_800.jpg\",\"width\":800,\"height\":450},\"datePublished\":\"2016-06-16T18:47:03+02:00\",\"dateModified\":\"2016-06-16T18:47:03+02:00\",\"inLanguage\":\"es-ES\",\"mainEntityOfPage\":{\"@id\":\"https:\\\/\\\/eldigitaldeasturias.com\\\/magazine365\\\/el-litoral-de-benalmadena-recupera-cuatro-banderas-azules\\\/#webpage\"},\"isPartOf\":{\"@id\":\"https:\\\/\\\/eldigitaldeasturias.com\\\/magazine365\\\/el-litoral-de-benalmadena-recupera-cuatro-banderas-azules\\\/#webpage\"},\"articleSection\":\"Noticias y Actualidad\"},{\"@type\":\"BreadcrumbList\",\"@id\":\"https:\\\/\\\/eldigitaldeasturias.com\\\/magazine365\\\/el-litoral-de-benalmadena-recupera-cuatro-banderas-azules\\\/#breadcrumblist\",\"itemListElement\":[{\"@type\":\"ListItem\",\"@id\":\"https:\\\/\\\/eldigitaldeasturias.com\\\/magazine365#listItem\",\"position\":1,\"name\":\"Home\",\"item\":\"https:\\\/\\\/eldigitaldeasturias.com\\\/magazine365\",\"nextItem\":{\"@type\":\"ListItem\",\"@id\":\"https:\\\/\\\/eldigitaldeasturias.com\\\/magazine365\\\/category\\\/noticias-actualidad\\\/#listItem\",\"name\":\"Noticias y Actualidad\"}},{\"@type\":\"ListItem\",\"@id\":\"https:\\\/\\\/eldigitaldeasturias.com\\\/magazine365\\\/category\\\/noticias-actualidad\\\/#listItem\",\"position\":2,\"name\":\"Noticias y Actualidad\",\"item\":\"https:\\\/\\\/eldigitaldeasturias.com\\\/magazine365\\\/category\\\/noticias-actualidad\\\/\",\"nextItem\":{\"@type\":\"ListItem\",\"@id\":\"https:\\\/\\\/eldigitaldeasturias.com\\\/magazine365\\\/el-litoral-de-benalmadena-recupera-cuatro-banderas-azules\\\/#listItem\",\"name\":\"El litoral de Benalm\\u00e1dena recupera cuatro &#8216;banderas azules&#8217;\"},\"previousItem\":{\"@type\":\"ListItem\",\"@id\":\"https:\\\/\\\/eldigitaldeasturias.com\\\/magazine365#listItem\",\"name\":\"Home\"}},{\"@type\":\"ListItem\",\"@id\":\"https:\\\/\\\/eldigitaldeasturias.com\\\/magazine365\\\/el-litoral-de-benalmadena-recupera-cuatro-banderas-azules\\\/#listItem\",\"position\":3,\"name\":\"El litoral de Benalm\\u00e1dena recupera cuatro &#8216;banderas azules&#8217;\",\"previousItem\":{\"@type\":\"ListItem\",\"@id\":\"https:\\\/\\\/eldigitaldeasturias.com\\\/magazine365\\\/category\\\/noticias-actualidad\\\/#listItem\",\"name\":\"Noticias y Actualidad\"}}]},{\"@type\":\"Organization\",\"@id\":\"https:\\\/\\\/eldigitaldeasturias.com\\\/magazine365\\\/#organization\",\"name\":\"El digital de Asturias\",\"description\":\"Revista de ocio, turismo y estilo de vida\",\"url\":\"https:\\\/\\\/eldigitaldeasturias.com\\\/magazine365\\\/\",\"logo\":{\"@type\":\"ImageObject\",\"url\":\"https:\\\/\\\/www.eldigitaldeasturias.com\\\/noticias\\\/wp-content\\\/uploads\\\/2020\\\/12\\\/EDA.jpg\",\"@id\":\"https:\\\/\\\/eldigitaldeasturias.com\\\/magazine365\\\/el-litoral-de-benalmadena-recupera-cuatro-banderas-azules\\\/#organizationLogo\"},\"image\":{\"@id\":\"https:\\\/\\\/eldigitaldeasturias.com\\\/magazine365\\\/el-litoral-de-benalmadena-recupera-cuatro-banderas-azules\\\/#organizationLogo\"}},{\"@type\":\"Person\",\"@id\":\"https:\\\/\\\/eldigitaldeasturias.com\\\/magazine365\\\/author\\\/admin\\\/#author\",\"url\":\"https:\\\/\\\/eldigitaldeasturias.com\\\/magazine365\\\/author\\\/admin\\\/\",\"name\":\"admin\",\"image\":{\"@type\":\"ImageObject\",\"@id\":\"https:\\\/\\\/eldigitaldeasturias.com\\\/magazine365\\\/el-litoral-de-benalmadena-recupera-cuatro-banderas-azules\\\/#authorImage\",\"url\":\"https:\\\/\\\/eldigitaldeasturias.com\\\/magazine365\\\/wp-content\\\/litespeed\\\/avatar\\\/e571bcf59a0edd6fa6838245a470f2fe.jpg?ver=1776969259\",\"width\":96,\"height\":96,\"caption\":\"admin\"}},{\"@type\":\"WebPage\",\"@id\":\"https:\\\/\\\/eldigitaldeasturias.com\\\/magazine365\\\/el-litoral-de-benalmadena-recupera-cuatro-banderas-azules\\\/#webpage\",\"url\":\"https:\\\/\\\/eldigitaldeasturias.com\\\/magazine365\\\/el-litoral-de-benalmadena-recupera-cuatro-banderas-azules\\\/\",\"name\":\"El litoral de Benalm\\u00e1dena recupera cuatro \\u2018banderas azules\\u2019 | El Digital de Asturias\",\"description\":\"El alcalde de Benalm\\u00e1dena (M\\u00e1laga), V\\u00edctor Navas, y la concejala de Playas, Encarnaci\\u00f3n Cortes, han procedido este jueves a la izada de las cuatro 'banderas azules' que esta temporada lucir\\u00e1 el litoral benalmadense. Una distinci\\u00f3n internacional que avala tanto la calidad medioambiental de las playas como la eficiencia de sus servicios y su accesibilidad para\",\"inLanguage\":\"es-ES\",\"isPartOf\":{\"@id\":\"https:\\\/\\\/eldigitaldeasturias.com\\\/magazine365\\\/#website\"},\"breadcrumb\":{\"@id\":\"https:\\\/\\\/eldigitaldeasturias.com\\\/magazine365\\\/el-litoral-de-benalmadena-recupera-cuatro-banderas-azules\\\/#breadcrumblist\"},\"author\":{\"@id\":\"https:\\\/\\\/eldigitaldeasturias.com\\\/magazine365\\\/author\\\/admin\\\/#author\"},\"creator\":{\"@id\":\"https:\\\/\\\/eldigitaldeasturias.com\\\/magazine365\\\/author\\\/admin\\\/#author\"},\"image\":{\"@type\":\"ImageObject\",\"url\":\"https:\\\/\\\/eldigitaldeasturias.com\\\/magazine365\\\/wp-content\\\/uploads\\\/2016\\\/06\\\/fotonoticia_20160616172427_800.jpg\",\"@id\":\"https:\\\/\\\/eldigitaldeasturias.com\\\/magazine365\\\/el-litoral-de-benalmadena-recupera-cuatro-banderas-azules\\\/#mainImage\",\"width\":800,\"height\":450},\"primaryImageOfPage\":{\"@id\":\"https:\\\/\\\/eldigitaldeasturias.com\\\/magazine365\\\/el-litoral-de-benalmadena-recupera-cuatro-banderas-azules\\\/#mainImage\"},\"datePublished\":\"2016-06-16T18:47:03+02:00\",\"dateModified\":\"2016-06-16T18:47:03+02:00\"},{\"@type\":\"WebSite\",\"@id\":\"https:\\\/\\\/eldigitaldeasturias.com\\\/magazine365\\\/#website\",\"url\":\"https:\\\/\\\/eldigitaldeasturias.com\\\/magazine365\\\/\",\"name\":\"El Digital de Asturias\",\"description\":\"Revista de ocio, turismo y estilo de vida\",\"inLanguage\":\"es-ES\",\"publisher\":{\"@id\":\"https:\\\/\\\/eldigitaldeasturias.com\\\/magazine365\\\/#organization\"}}]}\n\t\t<\/script>\n\t\t<!-- All in One SEO Pro -->\r\n\t\t<title>El litoral de Benalm\u00e1dena recupera cuatro \u2018banderas azules\u2019 | El Digital de Asturias<\/title>\n\n","aioseo_head_json":{"title":"El litoral de Benalm\u00e1dena recupera cuatro \u2018banderas azules\u2019 | El Digital de Asturias","description":"El alcalde de Benalm\u00e1dena (M\u00e1laga), V\u00edctor Navas, y la concejala de Playas, Encarnaci\u00f3n Cortes, han procedido este jueves a la izada de las cuatro 'banderas azules' que esta temporada lucir\u00e1 el litoral benalmadense. Una distinci\u00f3n internacional que avala tanto la calidad medioambiental de las playas como la eficiencia de sus servicios y su accesibilidad para","canonical_url":"https:\/\/eldigitaldeasturias.com\/magazine365\/el-litoral-de-benalmadena-recupera-cuatro-banderas-azules\/","robots":"max-image-preview:large","keywords":"noticias y actualidad","webmasterTools":{"google-site-verification":"UA-38556648-1","miscellaneous":""},"schema":{"@context":"https:\/\/schema.org","@graph":[{"@type":"Article","@id":"https:\/\/eldigitaldeasturias.com\/magazine365\/el-litoral-de-benalmadena-recupera-cuatro-banderas-azules\/#article","name":"El litoral de Benalm\u00e1dena recupera cuatro \u2018banderas azules\u2019 | El Digital de Asturias","headline":"El litoral de Benalm\u00e1dena recupera cuatro &#8216;banderas azules&#8217;","author":{"@id":"https:\/\/eldigitaldeasturias.com\/magazine365\/author\/admin\/#author"},"publisher":{"@id":"https:\/\/eldigitaldeasturias.com\/magazine365\/#organization"},"image":{"@type":"ImageObject","url":"https:\/\/eldigitaldeasturias.com\/magazine365\/wp-content\/uploads\/2016\/06\/fotonoticia_20160616172427_800.jpg","width":800,"height":450},"datePublished":"2016-06-16T18:47:03+02:00","dateModified":"2016-06-16T18:47:03+02:00","inLanguage":"es-ES","mainEntityOfPage":{"@id":"https:\/\/eldigitaldeasturias.com\/magazine365\/el-litoral-de-benalmadena-recupera-cuatro-banderas-azules\/#webpage"},"isPartOf":{"@id":"https:\/\/eldigitaldeasturias.com\/magazine365\/el-litoral-de-benalmadena-recupera-cuatro-banderas-azules\/#webpage"},"articleSection":"Noticias y Actualidad"},{"@type":"BreadcrumbList","@id":"https:\/\/eldigitaldeasturias.com\/magazine365\/el-litoral-de-benalmadena-recupera-cuatro-banderas-azules\/#breadcrumblist","itemListElement":[{"@type":"ListItem","@id":"https:\/\/eldigitaldeasturias.com\/magazine365#listItem","position":1,"name":"Home","item":"https:\/\/eldigitaldeasturias.com\/magazine365","nextItem":{"@type":"ListItem","@id":"https:\/\/eldigitaldeasturias.com\/magazine365\/category\/noticias-actualidad\/#listItem","name":"Noticias y Actualidad"}},{"@type":"ListItem","@id":"https:\/\/eldigitaldeasturias.com\/magazine365\/category\/noticias-actualidad\/#listItem","position":2,"name":"Noticias y Actualidad","item":"https:\/\/eldigitaldeasturias.com\/magazine365\/category\/noticias-actualidad\/","nextItem":{"@type":"ListItem","@id":"https:\/\/eldigitaldeasturias.com\/magazine365\/el-litoral-de-benalmadena-recupera-cuatro-banderas-azules\/#listItem","name":"El litoral de Benalm\u00e1dena recupera cuatro &#8216;banderas azules&#8217;"},"previousItem":{"@type":"ListItem","@id":"https:\/\/eldigitaldeasturias.com\/magazine365#listItem","name":"Home"}},{"@type":"ListItem","@id":"https:\/\/eldigitaldeasturias.com\/magazine365\/el-litoral-de-benalmadena-recupera-cuatro-banderas-azules\/#listItem","position":3,"name":"El litoral de Benalm\u00e1dena recupera cuatro &#8216;banderas azules&#8217;","previousItem":{"@type":"ListItem","@id":"https:\/\/eldigitaldeasturias.com\/magazine365\/category\/noticias-actualidad\/#listItem","name":"Noticias y Actualidad"}}]},{"@type":"Organization","@id":"https:\/\/eldigitaldeasturias.com\/magazine365\/#organization","name":"El digital de Asturias","description":"Revista de ocio, turismo y estilo de vida","url":"https:\/\/eldigitaldeasturias.com\/magazine365\/","logo":{"@type":"ImageObject","url":"https:\/\/www.eldigitaldeasturias.com\/noticias\/wp-content\/uploads\/2020\/12\/EDA.jpg","@id":"https:\/\/eldigitaldeasturias.com\/magazine365\/el-litoral-de-benalmadena-recupera-cuatro-banderas-azules\/#organizationLogo"},"image":{"@id":"https:\/\/eldigitaldeasturias.com\/magazine365\/el-litoral-de-benalmadena-recupera-cuatro-banderas-azules\/#organizationLogo"}},{"@type":"Person","@id":"https:\/\/eldigitaldeasturias.com\/magazine365\/author\/admin\/#author","url":"https:\/\/eldigitaldeasturias.com\/magazine365\/author\/admin\/","name":"admin","image":{"@type":"ImageObject","@id":"https:\/\/eldigitaldeasturias.com\/magazine365\/el-litoral-de-benalmadena-recupera-cuatro-banderas-azules\/#authorImage","url":"https:\/\/eldigitaldeasturias.com\/magazine365\/wp-content\/litespeed\/avatar\/e571bcf59a0edd6fa6838245a470f2fe.jpg?ver=1776969259","width":96,"height":96,"caption":"admin"}},{"@type":"WebPage","@id":"https:\/\/eldigitaldeasturias.com\/magazine365\/el-litoral-de-benalmadena-recupera-cuatro-banderas-azules\/#webpage","url":"https:\/\/eldigitaldeasturias.com\/magazine365\/el-litoral-de-benalmadena-recupera-cuatro-banderas-azules\/","name":"El litoral de Benalm\u00e1dena recupera cuatro \u2018banderas azules\u2019 | El Digital de Asturias","description":"El alcalde de Benalm\u00e1dena (M\u00e1laga), V\u00edctor Navas, y la concejala de Playas, Encarnaci\u00f3n Cortes, han procedido este jueves a la izada de las cuatro 'banderas azules' que esta temporada lucir\u00e1 el litoral benalmadense. Una distinci\u00f3n internacional que avala tanto la calidad medioambiental de las playas como la eficiencia de sus servicios y su accesibilidad para","inLanguage":"es-ES","isPartOf":{"@id":"https:\/\/eldigitaldeasturias.com\/magazine365\/#website"},"breadcrumb":{"@id":"https:\/\/eldigitaldeasturias.com\/magazine365\/el-litoral-de-benalmadena-recupera-cuatro-banderas-azules\/#breadcrumblist"},"author":{"@id":"https:\/\/eldigitaldeasturias.com\/magazine365\/author\/admin\/#author"},"creator":{"@id":"https:\/\/eldigitaldeasturias.com\/magazine365\/author\/admin\/#author"},"image":{"@type":"ImageObject","url":"https:\/\/eldigitaldeasturias.com\/magazine365\/wp-content\/uploads\/2016\/06\/fotonoticia_20160616172427_800.jpg","@id":"https:\/\/eldigitaldeasturias.com\/magazine365\/el-litoral-de-benalmadena-recupera-cuatro-banderas-azules\/#mainImage","width":800,"height":450},"primaryImageOfPage":{"@id":"https:\/\/eldigitaldeasturias.com\/magazine365\/el-litoral-de-benalmadena-recupera-cuatro-banderas-azules\/#mainImage"},"datePublished":"2016-06-16T18:47:03+02:00","dateModified":"2016-06-16T18:47:03+02:00"},{"@type":"WebSite","@id":"https:\/\/eldigitaldeasturias.com\/magazine365\/#website","url":"https:\/\/eldigitaldeasturias.com\/magazine365\/","name":"El Digital de Asturias","description":"Revista de ocio, turismo y estilo de vida","inLanguage":"es-ES","publisher":{"@id":"https:\/\/eldigitaldeasturias.com\/magazine365\/#organization"}}]},"og:locale":"es_ES","og:site_name":"El Digital de Asturias \u2013 Revista de ocio, turismo y estilo de vida","og:type":"article","og:title":"El litoral de Benalm\u00e1dena recupera cuatro \u2018banderas azules\u2019 | El Digital de Asturias","og:description":"El alcalde de Benalm\u00e1dena (M\u00e1laga), V\u00edctor Navas, y la concejala de Playas, Encarnaci\u00f3n Cortes, han procedido este jueves a la izada de las cuatro 'banderas azules' que esta temporada lucir\u00e1 el litoral benalmadense. Una distinci\u00f3n internacional que avala tanto la calidad medioambiental de las playas como la eficiencia de sus servicios y su accesibilidad para","og:url":"https:\/\/eldigitaldeasturias.com\/magazine365\/el-litoral-de-benalmadena-recupera-cuatro-banderas-azules\/","og:image":"https:\/\/eldigitaldeasturias.com\/magazine365\/wp-content\/uploads\/2016\/06\/fotonoticia_20160616172427_800.jpg","og:image:secure_url":"https:\/\/eldigitaldeasturias.com\/magazine365\/wp-content\/uploads\/2016\/06\/fotonoticia_20160616172427_800.jpg","og:image:width":800,"og:image:height":450,"article:published_time":"2016-06-16T16:47:03+00:00","article:modified_time":"2016-06-16T16:47:03+00:00","twitter:card":"summary_large_image","twitter:title":"El litoral de Benalm\u00e1dena recupera cuatro \u2018banderas azules\u2019 | El Digital de Asturias","twitter:description":"El alcalde de Benalm\u00e1dena (M\u00e1laga), V\u00edctor Navas, y la concejala de Playas, Encarnaci\u00f3n Cortes, han procedido este jueves a la izada de las cuatro 'banderas azules' que esta temporada lucir\u00e1 el litoral benalmadense. Una distinci\u00f3n internacional que avala tanto la calidad medioambiental de las playas como la eficiencia de sus servicios y su accesibilidad para","twitter:image":"https:\/\/eldigitaldeasturias.com\/magazine365\/wp-content\/uploads\/2016\/06\/fotonoticia_20160616172427_800.jpg"},"aioseo_meta_data":{"post_id":"79718","title":null,"description":null,"keywords":null,"keyphrases":null,"primary_term":null,"canonical_url":null,"og_title":null,"og_description":null,"og_object_type":"default","og_image_type":"default","og_image_url":null,"og_image_width":null,"og_image_height":null,"og_image_custom_url":null,"og_image_custom_fields":null,"og_video":null,"og_custom_url":null,"og_article_section":null,"og_article_tags":null,"twitter_use_og":false,"twitter_card":"default","twitter_image_type":"default","twitter_image_url":null,"twitter_image_custom_url":null,"twitter_image_custom_fields":null,"twitter_title":null,"twitter_description":null,"schema":{"blockGraphs":[],"customGraphs":[],"default":{"data":{"Article":[],"Course":[],"Dataset":[],"FAQPage":[],"Movie":[],"Person":[],"Product":[],"ProductReview":[],"Car":[],"Recipe":[],"Service":[],"SoftwareApplication":[],"WebPage":[]},"graphName":"","isEnabled":true},"graphs":[],"defaultGraph":"","defaultPostTypeGraph":""},"schema_type":null,"schema_type_options":null,"pillar_content":false,"robots_default":true,"robots_noindex":false,"robots_noarchive":false,"robots_nosnippet":false,"robots_nofollow":false,"robots_noimageindex":false,"robots_noodp":false,"robots_notranslate":false,"robots_max_snippet":null,"robots_max_videopreview":null,"robots_max_imagepreview":"large","priority":null,"frequency":null,"location":null,"local_seo":null,"seo_analyzer_scan_date":"2025-09-27 19:26:01","breadcrumb_settings":null,"limit_modified_date":false,"open_ai":null,"ai":null,"created":"2021-03-08 17:43:48","updated":"2025-09-27 19:26:01"},"aioseo_breadcrumb":"<div class=\"aioseo-breadcrumbs\"><span class=\"aioseo-breadcrumb\">\n\t<a href=\"https:\/\/eldigitaldeasturias.com\/magazine365\" title=\"Home\">Home<\/a>\n<\/span><span class=\"aioseo-breadcrumb-separator\">\u2013<\/span><span class=\"aioseo-breadcrumb\">\n\t<a href=\"https:\/\/eldigitaldeasturias.com\/magazine365\/category\/noticias-actualidad\/\" title=\"Noticias y Actualidad\">Noticias y Actualidad<\/a>\n<\/span><span class=\"aioseo-breadcrumb-separator\">\u2013<\/span><span class=\"aioseo-breadcrumb\">\n\t<a href=\"https:\/\/eldigitaldeasturias.com\/magazine365\/el-litoral-de-benalmadena-recupera-cuatro-banderas-azules\/\" title=\"El litoral de Benalm\u00e1dena recupera cuatro \u2018banderas azules\u2019\">El litoral de Benalm\u00e1dena recupera cuatro \u2018banderas azules\u2019<\/a>\n<\/span><\/div>","aioseo_breadcrumb_json":[{"label":"Home","link":"https:\/\/eldigitaldeasturias.com\/magazine365"},{"label":"Noticias y Actualidad","link":"https:\/\/eldigitaldeasturias.com\/magazine365\/category\/noticias-actualidad\/"},{"label":"El litoral de Benalm\u00e1dena recupera cuatro &#8216;banderas azules&#8217;","link":"https:\/\/eldigitaldeasturias.com\/magazine365\/el-litoral-de-benalmadena-recupera-cuatro-banderas-azules\/"}],"_links":{"self":[{"href":"https:\/\/eldigitaldeasturias.com\/magazine365\/wp-json\/wp\/v2\/posts\/79718","targetHints":{"allow":["GET"]}}],"collection":[{"href":"https:\/\/eldigitaldeasturias.com\/magazine365\/wp-json\/wp\/v2\/posts"}],"about":[{"href":"https:\/\/eldigitaldeasturias.com\/magazine365\/wp-json\/wp\/v2\/types\/post"}],"author":[{"embeddable":true,"href":"https:\/\/eldigitaldeasturias.com\/magazine365\/wp-json\/wp\/v2\/users\/1"}],"replies":[{"embeddable":true,"href":"https:\/\/eldigitaldeasturias.com\/magazine365\/wp-json\/wp\/v2\/comments?post=79718"}],"version-history":[{"count":0,"href":"https:\/\/eldigitaldeasturias.com\/magazine365\/wp-json\/wp\/v2\/posts\/79718\/revisions"}],"wp:featuredmedia":[{"embeddable":true,"href":"https:\/\/eldigitaldeasturias.com\/magazine365\/wp-json\/wp\/v2\/media\/79719"}],"wp:attachment":[{"href":"https:\/\/eldigitaldeasturias.com\/magazine365\/wp-json\/wp\/v2\/media?parent=79718"}],"wp:term":[{"taxonomy":"category","embeddable":true,"href":"https:\/\/eldigitaldeasturias.com\/magazine365\/wp-json\/wp\/v2\/categories?post=79718"},{"taxonomy":"post_tag","embeddable":true,"href":"https:\/\/eldigitaldeasturias.com\/magazine365\/wp-json\/wp\/v2\/tags?post=79718"}],"curies":[{"name":"wp","href":"https:\/\/api.w.org\/{rel}","templated":true}]}}