{"id":79715,"date":"2016-06-16T18:44:18","date_gmt":"2016-06-16T16:44:18","guid":{"rendered":"http:\/\/eldigitaldeasturias.com\/magazine365\/?p=79715"},"modified":"2016-06-16T18:44:18","modified_gmt":"2016-06-16T16:44:18","slug":"geologos-espanoles-y-portugueses-piden-financiacion-publica-para-dinamizar-el-turismo-de-costa-quebrada","status":"publish","type":"post","link":"https:\/\/eldigitaldeasturias.com\/magazine365\/geologos-espanoles-y-portugueses-piden-financiacion-publica-para-dinamizar-el-turismo-de-costa-quebrada\/","title":{"rendered":"Ge\u00f3logos espa\u00f1oles y portugueses piden financiaci\u00f3n p\u00fablica para dinamizar el turismo de Costa Quebrada"},"content":{"rendered":"<p><img fetchpriority=\"high\" decoding=\"async\" class=\"alignleft size-medium wp-image-79716\" src=\"https:\/\/eldigitaldeasturias.com\/magazine365\/wp-content\/uploads\/2016\/06\/fotonoticia_20160616172143_800-360x240.jpg\" alt=\"fotonoticia_20160616172143_800\" width=\"360\" height=\"240\" srcset=\"https:\/\/eldigitaldeasturias.com\/magazine365\/wp-content\/uploads\/2016\/06\/fotonoticia_20160616172143_800-360x240.jpg 360w, https:\/\/eldigitaldeasturias.com\/magazine365\/wp-content\/uploads\/2016\/06\/fotonoticia_20160616172143_800-650x434.jpg 650w, https:\/\/eldigitaldeasturias.com\/magazine365\/wp-content\/uploads\/2016\/06\/fotonoticia_20160616172143_800-768x513.jpg 768w, https:\/\/eldigitaldeasturias.com\/magazine365\/wp-content\/uploads\/2016\/06\/fotonoticia_20160616172143_800-150x100.jpg 150w, https:\/\/eldigitaldeasturias.com\/magazine365\/wp-content\/uploads\/2016\/06\/fotonoticia_20160616172143_800-450x300.jpg 450w, https:\/\/eldigitaldeasturias.com\/magazine365\/wp-content\/uploads\/2016\/06\/fotonoticia_20160616172143_800-101x66.jpg 101w, https:\/\/eldigitaldeasturias.com\/magazine365\/wp-content\/uploads\/2016\/06\/fotonoticia_20160616172143_800.jpg 800w\" sizes=\"(max-width: 360px) 100vw, 360px\" \/>Ge\u00f3logos de Espa\u00f1a y Portugal se han mostrado partidarios de la financiaci\u00f3n p\u00fablica para dinamizar el turismo de Costa Quebrada, seg\u00fan han puesto de manifiesto durante su participaci\u00f3n en un curso de verano de la Universidad de Cantabria (UC), en el que han propuesto una agenda de visitas guiadas y actividades que fomenten la econom\u00eda de la zona.<\/p>\n<p>En concreto, Asier Hilario y Carlos Neto, responsables de los Geoparques de la Costa Vasca y del portugu\u00e9s Naturtejo, respectivamente, han coincidido en la necesidad de que los ayuntamientos donde se integra este espacio se impliquen en el desarrollo del Parque Geol\u00f3gico c\u00e1ntabro mediante la financiaci\u00f3n de actividades y propuestas que ayuden a su dinamizaci\u00f3n y, por extensi\u00f3n, \u00abal desarrollo econ\u00f3mico y tur\u00edstico\u00bb de los municipios por donde se extiende.<\/p>\n<p>Para ello, Neto enumer\u00f3 algunas de las propuestas y actividades que \u00abcon enorme \u00e9xito\u00bb se est\u00e1n realizando en su territorio y que comprenden visitas guiadas, una red de senderos, ferias de productos alimentarios, participaci\u00f3n en ferias tur\u00edsticas, la creaci\u00f3n de herramientas did\u00e1cticas para escolares, la promoci\u00f3n de hoteles y casas rurales o experiencias vinculadas al estilo de vida de los habitantes del lugar. \u00abVienen muchos chinos y americanos a los que hacer pan o sacar corcho de los alcornocales les parece una aventura \u00fanica\u00bb, coment\u00f3.<\/p>\n<p>Ambos expertos participaron en una mesa redonda dentro del monogr\u00e1fico &#8216;Patrimonio Geol\u00f3gico, recurso para un desarrollo sostenible&#8217; que se est\u00e1 celebrando en la sede de Santa Cruz de Bezana-Pi\u00e9lagos dentro de la actividad acad\u00e9mica estival de la UC.<\/p>\n<p>Para Hilario es \u00abfundamental\u00bb aprovechar los recursos geol\u00f3gicos para conseguir un territorio \u00abtur\u00edsticamente interesante\u00bb que \u00abfomente una buena actividad econ\u00f3mica\u00bb.<\/p>\n<p>En este sentido, propuso, \u00abm\u00e1s all\u00e1 de las visitas escolares, que soy consciente de que se hacen en Costa Quebrada\u00bb, rutas guiadas para adultos. \u00abSe trata de dar la oportunidad a la gente de que disfrute de ese paisaje de manera diferente, darles las claves para que puedan entenderlo en toda su extensi\u00f3n y sorprenderles, por ejemplo, con una buena historia sobre los acantilados\u00bb.<\/p>\n<p>No obstante, el experto del Geoparque de la Costa Vasca apost\u00f3 por una \u00aboferta municipal\u00bb para garantizar la cobertura de este tipo de actividades. \u00abUnas coberturas\u00bb, dijo, \u00abque pueden no tener coste porque si se llenan de gente el beneficio vuelve al Ayuntamiento\u00bb.<\/p>\n<p>Del mismo modo, abog\u00f3 por implicar a los vecinos y a los empresarios de la zona con el desarrollo local a trav\u00e9s de diferentes propuestas. As\u00ed, puso como ejemplo \u00abla posibilidad de vincular a la imagen de Costa Quebrada productos que pudieran manufacturarse en esta zona\u00bb o la realizaci\u00f3n de \u00abcursos de formaci\u00f3n\u00bb para que los vecinos pudieran tener acceso a un trabajo como, por ejemplo, de \u00abgu\u00eda local\u00bb. En definitiva, concluy\u00f3 Hilario, \u00abse trata de identificar tu territorio, de potenciar ese paisaje que conforma tu signo de identidad\u00bb.<\/p>\n<h2 class=\"ladillo\">GU\u00cdA DID\u00c1CTICA<\/h2>\n<p>Por otra parte, Jos\u00e9 Ram\u00f3n D\u00edaz de Ter\u00e1n Mira present\u00f3 dentro del curso el libro &#8216;El litoral entre Santander y Liencres. El Parque Geol\u00f3gico de Costa Quebrada&#8217; (Estvdio), una gu\u00eda elaborada por \u00e9l mismo junto con Viola Bruschi, Antonio Cendrero Uceda, Enrique Franc\u00e9s Arriola y Emilio Flor P\u00e9rez.<\/p>\n<p>La publicaci\u00f3n, que nace con el objetivo de acercar la riqueza geol\u00f3gica del lugar al p\u00fablico en general y a los escolares de Primaria y Secundaria en particular, est\u00e1 compuesta por diferentes aplicaciones did\u00e1cticas sobre el medio natural de este lugar costero.<\/p>\n<p>As\u00ed, la obra se\u00f1ala las \u00e1reas del entorno costero entre Santander y Liencres, \u00abcuyo inter\u00e9s cient\u00edfico, educativo o cultural las hace especialmente valiosas\u00bb, se\u00f1al\u00f3 Jos\u00e9 Ram\u00f3n D\u00edaz de Ter\u00e1n Mira. Asimismo, quiere servir de \u00abconciencia\u00bb sobre la \u00abnecesidad\u00bb de conservar y proteger este patrimonio y \u00abser un instrumento pedag\u00f3gico y divulgativo\u00bb dirigido a los aficionados a la naturaleza.<\/p>\n<p>Con todo, &#8216;El litoral entre Santander y Liencres. El Parque Geol\u00f3gico de Costa Quebrada&#8217; contribuye al desarrollo \u00abde un nuevo turismo encaminado al disfrute de los elementos del paisaje, facilitando la observaci\u00f3n y comprensi\u00f3n de los procesos y recursos naturales existentes en este litoral\u00bb, apunt\u00f3.<\/p>\n","protected":false},"excerpt":{"rendered":"<p>Ge\u00f3logos de Espa\u00f1a y Portugal se han mostrado partidarios de la financiaci\u00f3n p\u00fablica para dinamizar el turismo de Costa Quebrada, seg\u00fan han puesto de manifiesto durante su participaci\u00f3n en un curso de verano de la Universidad de Cantabria (UC), en el que han propuesto una agenda de visitas guiadas y actividades que fomenten la econom\u00eda<\/p>\n","protected":false},"author":1,"featured_media":79716,"comment_status":"open","ping_status":"closed","sticky":false,"template":"","format":"standard","meta":{"footnotes":""},"categories":[224],"tags":[],"class_list":{"0":"post-79715","1":"post","2":"type-post","3":"status-publish","4":"format-standard","5":"has-post-thumbnail","7":"category-noticias-actualidad"},"aioseo_notices":[],"aioseo_head":"\n\t\t<!-- All in One SEO Pro 4.9.6.1 - aioseo.com -->\n\t<meta name=\"description\" content=\"Ge\u00f3logos de Espa\u00f1a y Portugal se han mostrado partidarios de la financiaci\u00f3n p\u00fablica para dinamizar el turismo de Costa Quebrada, seg\u00fan han puesto de manifiesto durante su participaci\u00f3n en un curso de verano de la Universidad de Cantabria (UC), en el que han propuesto una agenda de visitas guiadas y actividades que fomenten la econom\u00eda\" \/>\n\t<meta name=\"robots\" content=\"max-image-preview:large\" \/>\n\t<meta name=\"author\" content=\"admin\"\/>\n\t<meta name=\"google-site-verification\" content=\"UA-38556648-1\" \/>\n\t<meta name=\"keywords\" content=\"noticias y actualidad\" \/>\n\t<link rel=\"canonical\" href=\"https:\/\/eldigitaldeasturias.com\/magazine365\/geologos-espanoles-y-portugueses-piden-financiacion-publica-para-dinamizar-el-turismo-de-costa-quebrada\/\" \/>\n\t<meta name=\"generator\" content=\"All in One SEO Pro (AIOSEO) 4.9.6.1\" \/>\n\t\t<meta property=\"og:locale\" content=\"es_ES\" \/>\n\t\t<meta property=\"og:site_name\" content=\"El Digital de Asturias \u2013 Revista de ocio, turismo y estilo de vida\" \/>\n\t\t<meta property=\"og:type\" content=\"article\" \/>\n\t\t<meta property=\"og:title\" content=\"Ge\u00f3logos espa\u00f1oles y portugueses piden financiaci\u00f3n p\u00fablica para dinamizar el turismo de Costa Quebrada | El Digital de Asturias\" \/>\n\t\t<meta property=\"og:description\" content=\"Ge\u00f3logos de Espa\u00f1a y Portugal se han mostrado partidarios de la financiaci\u00f3n p\u00fablica para dinamizar el turismo de Costa Quebrada, seg\u00fan han puesto de manifiesto durante su participaci\u00f3n en un curso de verano de la Universidad de Cantabria (UC), en el que han propuesto una agenda de visitas guiadas y actividades que fomenten la econom\u00eda\" \/>\n\t\t<meta property=\"og:url\" content=\"https:\/\/eldigitaldeasturias.com\/magazine365\/geologos-espanoles-y-portugueses-piden-financiacion-publica-para-dinamizar-el-turismo-de-costa-quebrada\/\" \/>\n\t\t<meta property=\"og:image\" content=\"https:\/\/eldigitaldeasturias.com\/magazine365\/wp-content\/uploads\/2016\/06\/fotonoticia_20160616172143_800.jpg\" \/>\n\t\t<meta property=\"og:image:secure_url\" content=\"https:\/\/eldigitaldeasturias.com\/magazine365\/wp-content\/uploads\/2016\/06\/fotonoticia_20160616172143_800.jpg\" \/>\n\t\t<meta property=\"og:image:width\" content=\"800\" \/>\n\t\t<meta property=\"og:image:height\" content=\"534\" \/>\n\t\t<meta property=\"article:published_time\" content=\"2016-06-16T16:44:18+00:00\" \/>\n\t\t<meta property=\"article:modified_time\" content=\"2016-06-16T16:44:18+00:00\" \/>\n\t\t<meta name=\"twitter:card\" content=\"summary_large_image\" \/>\n\t\t<meta name=\"twitter:title\" content=\"Ge\u00f3logos espa\u00f1oles y portugueses piden financiaci\u00f3n p\u00fablica para dinamizar el turismo de Costa Quebrada | El Digital de Asturias\" \/>\n\t\t<meta name=\"twitter:description\" content=\"Ge\u00f3logos de Espa\u00f1a y Portugal se han mostrado partidarios de la financiaci\u00f3n p\u00fablica para dinamizar el turismo de Costa Quebrada, seg\u00fan han puesto de manifiesto durante su participaci\u00f3n en un curso de verano de la Universidad de Cantabria (UC), en el que han propuesto una agenda de visitas guiadas y actividades que fomenten la econom\u00eda\" \/>\n\t\t<meta name=\"twitter:image\" content=\"https:\/\/eldigitaldeasturias.com\/magazine365\/wp-content\/uploads\/2016\/06\/fotonoticia_20160616172143_800.jpg\" \/>\n\t\t<script type=\"application\/ld+json\" class=\"aioseo-schema\">\n\t\t\t{\"@context\":\"https:\\\/\\\/schema.org\",\"@graph\":[{\"@type\":\"Article\",\"@id\":\"https:\\\/\\\/eldigitaldeasturias.com\\\/magazine365\\\/geologos-espanoles-y-portugueses-piden-financiacion-publica-para-dinamizar-el-turismo-de-costa-quebrada\\\/#article\",\"name\":\"Ge\\u00f3logos espa\\u00f1oles y portugueses piden financiaci\\u00f3n p\\u00fablica para dinamizar el turismo de Costa Quebrada | El Digital de Asturias\",\"headline\":\"Ge\\u00f3logos espa\\u00f1oles y portugueses piden financiaci\\u00f3n p\\u00fablica para dinamizar el turismo de Costa Quebrada\",\"author\":{\"@id\":\"https:\\\/\\\/eldigitaldeasturias.com\\\/magazine365\\\/author\\\/admin\\\/#author\"},\"publisher\":{\"@id\":\"https:\\\/\\\/eldigitaldeasturias.com\\\/magazine365\\\/#organization\"},\"image\":{\"@type\":\"ImageObject\",\"url\":\"https:\\\/\\\/eldigitaldeasturias.com\\\/magazine365\\\/wp-content\\\/uploads\\\/2016\\\/06\\\/fotonoticia_20160616172143_800.jpg\",\"width\":800,\"height\":534},\"datePublished\":\"2016-06-16T18:44:18+02:00\",\"dateModified\":\"2016-06-16T18:44:18+02:00\",\"inLanguage\":\"es-ES\",\"mainEntityOfPage\":{\"@id\":\"https:\\\/\\\/eldigitaldeasturias.com\\\/magazine365\\\/geologos-espanoles-y-portugueses-piden-financiacion-publica-para-dinamizar-el-turismo-de-costa-quebrada\\\/#webpage\"},\"isPartOf\":{\"@id\":\"https:\\\/\\\/eldigitaldeasturias.com\\\/magazine365\\\/geologos-espanoles-y-portugueses-piden-financiacion-publica-para-dinamizar-el-turismo-de-costa-quebrada\\\/#webpage\"},\"articleSection\":\"Noticias y Actualidad\"},{\"@type\":\"BreadcrumbList\",\"@id\":\"https:\\\/\\\/eldigitaldeasturias.com\\\/magazine365\\\/geologos-espanoles-y-portugueses-piden-financiacion-publica-para-dinamizar-el-turismo-de-costa-quebrada\\\/#breadcrumblist\",\"itemListElement\":[{\"@type\":\"ListItem\",\"@id\":\"https:\\\/\\\/eldigitaldeasturias.com\\\/magazine365#listItem\",\"position\":1,\"name\":\"Home\",\"item\":\"https:\\\/\\\/eldigitaldeasturias.com\\\/magazine365\",\"nextItem\":{\"@type\":\"ListItem\",\"@id\":\"https:\\\/\\\/eldigitaldeasturias.com\\\/magazine365\\\/category\\\/noticias-actualidad\\\/#listItem\",\"name\":\"Noticias y Actualidad\"}},{\"@type\":\"ListItem\",\"@id\":\"https:\\\/\\\/eldigitaldeasturias.com\\\/magazine365\\\/category\\\/noticias-actualidad\\\/#listItem\",\"position\":2,\"name\":\"Noticias y Actualidad\",\"item\":\"https:\\\/\\\/eldigitaldeasturias.com\\\/magazine365\\\/category\\\/noticias-actualidad\\\/\",\"nextItem\":{\"@type\":\"ListItem\",\"@id\":\"https:\\\/\\\/eldigitaldeasturias.com\\\/magazine365\\\/geologos-espanoles-y-portugueses-piden-financiacion-publica-para-dinamizar-el-turismo-de-costa-quebrada\\\/#listItem\",\"name\":\"Ge\\u00f3logos espa\\u00f1oles y portugueses piden financiaci\\u00f3n p\\u00fablica para dinamizar el turismo de Costa Quebrada\"},\"previousItem\":{\"@type\":\"ListItem\",\"@id\":\"https:\\\/\\\/eldigitaldeasturias.com\\\/magazine365#listItem\",\"name\":\"Home\"}},{\"@type\":\"ListItem\",\"@id\":\"https:\\\/\\\/eldigitaldeasturias.com\\\/magazine365\\\/geologos-espanoles-y-portugueses-piden-financiacion-publica-para-dinamizar-el-turismo-de-costa-quebrada\\\/#listItem\",\"position\":3,\"name\":\"Ge\\u00f3logos espa\\u00f1oles y portugueses piden financiaci\\u00f3n p\\u00fablica para dinamizar el turismo de Costa Quebrada\",\"previousItem\":{\"@type\":\"ListItem\",\"@id\":\"https:\\\/\\\/eldigitaldeasturias.com\\\/magazine365\\\/category\\\/noticias-actualidad\\\/#listItem\",\"name\":\"Noticias y Actualidad\"}}]},{\"@type\":\"Organization\",\"@id\":\"https:\\\/\\\/eldigitaldeasturias.com\\\/magazine365\\\/#organization\",\"name\":\"El digital de Asturias\",\"description\":\"Revista de ocio, turismo y estilo de vida\",\"url\":\"https:\\\/\\\/eldigitaldeasturias.com\\\/magazine365\\\/\",\"logo\":{\"@type\":\"ImageObject\",\"url\":\"https:\\\/\\\/www.eldigitaldeasturias.com\\\/noticias\\\/wp-content\\\/uploads\\\/2020\\\/12\\\/EDA.jpg\",\"@id\":\"https:\\\/\\\/eldigitaldeasturias.com\\\/magazine365\\\/geologos-espanoles-y-portugueses-piden-financiacion-publica-para-dinamizar-el-turismo-de-costa-quebrada\\\/#organizationLogo\"},\"image\":{\"@id\":\"https:\\\/\\\/eldigitaldeasturias.com\\\/magazine365\\\/geologos-espanoles-y-portugueses-piden-financiacion-publica-para-dinamizar-el-turismo-de-costa-quebrada\\\/#organizationLogo\"}},{\"@type\":\"Person\",\"@id\":\"https:\\\/\\\/eldigitaldeasturias.com\\\/magazine365\\\/author\\\/admin\\\/#author\",\"url\":\"https:\\\/\\\/eldigitaldeasturias.com\\\/magazine365\\\/author\\\/admin\\\/\",\"name\":\"admin\",\"image\":{\"@type\":\"ImageObject\",\"@id\":\"https:\\\/\\\/eldigitaldeasturias.com\\\/magazine365\\\/geologos-espanoles-y-portugueses-piden-financiacion-publica-para-dinamizar-el-turismo-de-costa-quebrada\\\/#authorImage\",\"url\":\"https:\\\/\\\/eldigitaldeasturias.com\\\/magazine365\\\/wp-content\\\/litespeed\\\/avatar\\\/e571bcf59a0edd6fa6838245a470f2fe.jpg?ver=1776969259\",\"width\":96,\"height\":96,\"caption\":\"admin\"}},{\"@type\":\"WebPage\",\"@id\":\"https:\\\/\\\/eldigitaldeasturias.com\\\/magazine365\\\/geologos-espanoles-y-portugueses-piden-financiacion-publica-para-dinamizar-el-turismo-de-costa-quebrada\\\/#webpage\",\"url\":\"https:\\\/\\\/eldigitaldeasturias.com\\\/magazine365\\\/geologos-espanoles-y-portugueses-piden-financiacion-publica-para-dinamizar-el-turismo-de-costa-quebrada\\\/\",\"name\":\"Ge\\u00f3logos espa\\u00f1oles y portugueses piden financiaci\\u00f3n p\\u00fablica para dinamizar el turismo de Costa Quebrada | El Digital de Asturias\",\"description\":\"Ge\\u00f3logos de Espa\\u00f1a y Portugal se han mostrado partidarios de la financiaci\\u00f3n p\\u00fablica para dinamizar el turismo de Costa Quebrada, seg\\u00fan han puesto de manifiesto durante su participaci\\u00f3n en un curso de verano de la Universidad de Cantabria (UC), en el que han propuesto una agenda de visitas guiadas y actividades que fomenten la econom\\u00eda\",\"inLanguage\":\"es-ES\",\"isPartOf\":{\"@id\":\"https:\\\/\\\/eldigitaldeasturias.com\\\/magazine365\\\/#website\"},\"breadcrumb\":{\"@id\":\"https:\\\/\\\/eldigitaldeasturias.com\\\/magazine365\\\/geologos-espanoles-y-portugueses-piden-financiacion-publica-para-dinamizar-el-turismo-de-costa-quebrada\\\/#breadcrumblist\"},\"author\":{\"@id\":\"https:\\\/\\\/eldigitaldeasturias.com\\\/magazine365\\\/author\\\/admin\\\/#author\"},\"creator\":{\"@id\":\"https:\\\/\\\/eldigitaldeasturias.com\\\/magazine365\\\/author\\\/admin\\\/#author\"},\"image\":{\"@type\":\"ImageObject\",\"url\":\"https:\\\/\\\/eldigitaldeasturias.com\\\/magazine365\\\/wp-content\\\/uploads\\\/2016\\\/06\\\/fotonoticia_20160616172143_800.jpg\",\"@id\":\"https:\\\/\\\/eldigitaldeasturias.com\\\/magazine365\\\/geologos-espanoles-y-portugueses-piden-financiacion-publica-para-dinamizar-el-turismo-de-costa-quebrada\\\/#mainImage\",\"width\":800,\"height\":534},\"primaryImageOfPage\":{\"@id\":\"https:\\\/\\\/eldigitaldeasturias.com\\\/magazine365\\\/geologos-espanoles-y-portugueses-piden-financiacion-publica-para-dinamizar-el-turismo-de-costa-quebrada\\\/#mainImage\"},\"datePublished\":\"2016-06-16T18:44:18+02:00\",\"dateModified\":\"2016-06-16T18:44:18+02:00\"},{\"@type\":\"WebSite\",\"@id\":\"https:\\\/\\\/eldigitaldeasturias.com\\\/magazine365\\\/#website\",\"url\":\"https:\\\/\\\/eldigitaldeasturias.com\\\/magazine365\\\/\",\"name\":\"El Digital de Asturias\",\"description\":\"Revista de ocio, turismo y estilo de vida\",\"inLanguage\":\"es-ES\",\"publisher\":{\"@id\":\"https:\\\/\\\/eldigitaldeasturias.com\\\/magazine365\\\/#organization\"}}]}\n\t\t<\/script>\n\t\t<!-- All in One SEO Pro -->\r\n\t\t<title>Ge\u00f3logos espa\u00f1oles y portugueses piden financiaci\u00f3n p\u00fablica para dinamizar el turismo de Costa Quebrada | El Digital de Asturias<\/title>\n\n","aioseo_head_json":{"title":"Ge\u00f3logos espa\u00f1oles y portugueses piden financiaci\u00f3n p\u00fablica para dinamizar el turismo de Costa Quebrada | El Digital de Asturias","description":"Ge\u00f3logos de Espa\u00f1a y Portugal se han mostrado partidarios de la financiaci\u00f3n p\u00fablica para dinamizar el turismo de Costa Quebrada, seg\u00fan han puesto de manifiesto durante su participaci\u00f3n en un curso de verano de la Universidad de Cantabria (UC), en el que han propuesto una agenda de visitas guiadas y actividades que fomenten la econom\u00eda","canonical_url":"https:\/\/eldigitaldeasturias.com\/magazine365\/geologos-espanoles-y-portugueses-piden-financiacion-publica-para-dinamizar-el-turismo-de-costa-quebrada\/","robots":"max-image-preview:large","keywords":"noticias y actualidad","webmasterTools":{"google-site-verification":"UA-38556648-1","miscellaneous":""},"schema":{"@context":"https:\/\/schema.org","@graph":[{"@type":"Article","@id":"https:\/\/eldigitaldeasturias.com\/magazine365\/geologos-espanoles-y-portugueses-piden-financiacion-publica-para-dinamizar-el-turismo-de-costa-quebrada\/#article","name":"Ge\u00f3logos espa\u00f1oles y portugueses piden financiaci\u00f3n p\u00fablica para dinamizar el turismo de Costa Quebrada | El Digital de Asturias","headline":"Ge\u00f3logos espa\u00f1oles y portugueses piden financiaci\u00f3n p\u00fablica para dinamizar el turismo de Costa Quebrada","author":{"@id":"https:\/\/eldigitaldeasturias.com\/magazine365\/author\/admin\/#author"},"publisher":{"@id":"https:\/\/eldigitaldeasturias.com\/magazine365\/#organization"},"image":{"@type":"ImageObject","url":"https:\/\/eldigitaldeasturias.com\/magazine365\/wp-content\/uploads\/2016\/06\/fotonoticia_20160616172143_800.jpg","width":800,"height":534},"datePublished":"2016-06-16T18:44:18+02:00","dateModified":"2016-06-16T18:44:18+02:00","inLanguage":"es-ES","mainEntityOfPage":{"@id":"https:\/\/eldigitaldeasturias.com\/magazine365\/geologos-espanoles-y-portugueses-piden-financiacion-publica-para-dinamizar-el-turismo-de-costa-quebrada\/#webpage"},"isPartOf":{"@id":"https:\/\/eldigitaldeasturias.com\/magazine365\/geologos-espanoles-y-portugueses-piden-financiacion-publica-para-dinamizar-el-turismo-de-costa-quebrada\/#webpage"},"articleSection":"Noticias y Actualidad"},{"@type":"BreadcrumbList","@id":"https:\/\/eldigitaldeasturias.com\/magazine365\/geologos-espanoles-y-portugueses-piden-financiacion-publica-para-dinamizar-el-turismo-de-costa-quebrada\/#breadcrumblist","itemListElement":[{"@type":"ListItem","@id":"https:\/\/eldigitaldeasturias.com\/magazine365#listItem","position":1,"name":"Home","item":"https:\/\/eldigitaldeasturias.com\/magazine365","nextItem":{"@type":"ListItem","@id":"https:\/\/eldigitaldeasturias.com\/magazine365\/category\/noticias-actualidad\/#listItem","name":"Noticias y Actualidad"}},{"@type":"ListItem","@id":"https:\/\/eldigitaldeasturias.com\/magazine365\/category\/noticias-actualidad\/#listItem","position":2,"name":"Noticias y Actualidad","item":"https:\/\/eldigitaldeasturias.com\/magazine365\/category\/noticias-actualidad\/","nextItem":{"@type":"ListItem","@id":"https:\/\/eldigitaldeasturias.com\/magazine365\/geologos-espanoles-y-portugueses-piden-financiacion-publica-para-dinamizar-el-turismo-de-costa-quebrada\/#listItem","name":"Ge\u00f3logos espa\u00f1oles y portugueses piden financiaci\u00f3n p\u00fablica para dinamizar el turismo de Costa Quebrada"},"previousItem":{"@type":"ListItem","@id":"https:\/\/eldigitaldeasturias.com\/magazine365#listItem","name":"Home"}},{"@type":"ListItem","@id":"https:\/\/eldigitaldeasturias.com\/magazine365\/geologos-espanoles-y-portugueses-piden-financiacion-publica-para-dinamizar-el-turismo-de-costa-quebrada\/#listItem","position":3,"name":"Ge\u00f3logos espa\u00f1oles y portugueses piden financiaci\u00f3n p\u00fablica para dinamizar el turismo de Costa Quebrada","previousItem":{"@type":"ListItem","@id":"https:\/\/eldigitaldeasturias.com\/magazine365\/category\/noticias-actualidad\/#listItem","name":"Noticias y Actualidad"}}]},{"@type":"Organization","@id":"https:\/\/eldigitaldeasturias.com\/magazine365\/#organization","name":"El digital de Asturias","description":"Revista de ocio, turismo y estilo de vida","url":"https:\/\/eldigitaldeasturias.com\/magazine365\/","logo":{"@type":"ImageObject","url":"https:\/\/www.eldigitaldeasturias.com\/noticias\/wp-content\/uploads\/2020\/12\/EDA.jpg","@id":"https:\/\/eldigitaldeasturias.com\/magazine365\/geologos-espanoles-y-portugueses-piden-financiacion-publica-para-dinamizar-el-turismo-de-costa-quebrada\/#organizationLogo"},"image":{"@id":"https:\/\/eldigitaldeasturias.com\/magazine365\/geologos-espanoles-y-portugueses-piden-financiacion-publica-para-dinamizar-el-turismo-de-costa-quebrada\/#organizationLogo"}},{"@type":"Person","@id":"https:\/\/eldigitaldeasturias.com\/magazine365\/author\/admin\/#author","url":"https:\/\/eldigitaldeasturias.com\/magazine365\/author\/admin\/","name":"admin","image":{"@type":"ImageObject","@id":"https:\/\/eldigitaldeasturias.com\/magazine365\/geologos-espanoles-y-portugueses-piden-financiacion-publica-para-dinamizar-el-turismo-de-costa-quebrada\/#authorImage","url":"https:\/\/eldigitaldeasturias.com\/magazine365\/wp-content\/litespeed\/avatar\/e571bcf59a0edd6fa6838245a470f2fe.jpg?ver=1776969259","width":96,"height":96,"caption":"admin"}},{"@type":"WebPage","@id":"https:\/\/eldigitaldeasturias.com\/magazine365\/geologos-espanoles-y-portugueses-piden-financiacion-publica-para-dinamizar-el-turismo-de-costa-quebrada\/#webpage","url":"https:\/\/eldigitaldeasturias.com\/magazine365\/geologos-espanoles-y-portugueses-piden-financiacion-publica-para-dinamizar-el-turismo-de-costa-quebrada\/","name":"Ge\u00f3logos espa\u00f1oles y portugueses piden financiaci\u00f3n p\u00fablica para dinamizar el turismo de Costa Quebrada | El Digital de Asturias","description":"Ge\u00f3logos de Espa\u00f1a y Portugal se han mostrado partidarios de la financiaci\u00f3n p\u00fablica para dinamizar el turismo de Costa Quebrada, seg\u00fan han puesto de manifiesto durante su participaci\u00f3n en un curso de verano de la Universidad de Cantabria (UC), en el que han propuesto una agenda de visitas guiadas y actividades que fomenten la econom\u00eda","inLanguage":"es-ES","isPartOf":{"@id":"https:\/\/eldigitaldeasturias.com\/magazine365\/#website"},"breadcrumb":{"@id":"https:\/\/eldigitaldeasturias.com\/magazine365\/geologos-espanoles-y-portugueses-piden-financiacion-publica-para-dinamizar-el-turismo-de-costa-quebrada\/#breadcrumblist"},"author":{"@id":"https:\/\/eldigitaldeasturias.com\/magazine365\/author\/admin\/#author"},"creator":{"@id":"https:\/\/eldigitaldeasturias.com\/magazine365\/author\/admin\/#author"},"image":{"@type":"ImageObject","url":"https:\/\/eldigitaldeasturias.com\/magazine365\/wp-content\/uploads\/2016\/06\/fotonoticia_20160616172143_800.jpg","@id":"https:\/\/eldigitaldeasturias.com\/magazine365\/geologos-espanoles-y-portugueses-piden-financiacion-publica-para-dinamizar-el-turismo-de-costa-quebrada\/#mainImage","width":800,"height":534},"primaryImageOfPage":{"@id":"https:\/\/eldigitaldeasturias.com\/magazine365\/geologos-espanoles-y-portugueses-piden-financiacion-publica-para-dinamizar-el-turismo-de-costa-quebrada\/#mainImage"},"datePublished":"2016-06-16T18:44:18+02:00","dateModified":"2016-06-16T18:44:18+02:00"},{"@type":"WebSite","@id":"https:\/\/eldigitaldeasturias.com\/magazine365\/#website","url":"https:\/\/eldigitaldeasturias.com\/magazine365\/","name":"El Digital de Asturias","description":"Revista de ocio, turismo y estilo de vida","inLanguage":"es-ES","publisher":{"@id":"https:\/\/eldigitaldeasturias.com\/magazine365\/#organization"}}]},"og:locale":"es_ES","og:site_name":"El Digital de Asturias \u2013 Revista de ocio, turismo y estilo de vida","og:type":"article","og:title":"Ge\u00f3logos espa\u00f1oles y portugueses piden financiaci\u00f3n p\u00fablica para dinamizar el turismo de Costa Quebrada | El Digital de Asturias","og:description":"Ge\u00f3logos de Espa\u00f1a y Portugal se han mostrado partidarios de la financiaci\u00f3n p\u00fablica para dinamizar el turismo de Costa Quebrada, seg\u00fan han puesto de manifiesto durante su participaci\u00f3n en un curso de verano de la Universidad de Cantabria (UC), en el que han propuesto una agenda de visitas guiadas y actividades que fomenten la econom\u00eda","og:url":"https:\/\/eldigitaldeasturias.com\/magazine365\/geologos-espanoles-y-portugueses-piden-financiacion-publica-para-dinamizar-el-turismo-de-costa-quebrada\/","og:image":"https:\/\/eldigitaldeasturias.com\/magazine365\/wp-content\/uploads\/2016\/06\/fotonoticia_20160616172143_800.jpg","og:image:secure_url":"https:\/\/eldigitaldeasturias.com\/magazine365\/wp-content\/uploads\/2016\/06\/fotonoticia_20160616172143_800.jpg","og:image:width":800,"og:image:height":534,"article:published_time":"2016-06-16T16:44:18+00:00","article:modified_time":"2016-06-16T16:44:18+00:00","twitter:card":"summary_large_image","twitter:title":"Ge\u00f3logos espa\u00f1oles y portugueses piden financiaci\u00f3n p\u00fablica para dinamizar el turismo de Costa Quebrada | El Digital de Asturias","twitter:description":"Ge\u00f3logos de Espa\u00f1a y Portugal se han mostrado partidarios de la financiaci\u00f3n p\u00fablica para dinamizar el turismo de Costa Quebrada, seg\u00fan han puesto de manifiesto durante su participaci\u00f3n en un curso de verano de la Universidad de Cantabria (UC), en el que han propuesto una agenda de visitas guiadas y actividades que fomenten la econom\u00eda","twitter:image":"https:\/\/eldigitaldeasturias.com\/magazine365\/wp-content\/uploads\/2016\/06\/fotonoticia_20160616172143_800.jpg"},"aioseo_meta_data":{"post_id":"79715","title":null,"description":null,"keywords":null,"keyphrases":null,"primary_term":null,"canonical_url":null,"og_title":null,"og_description":null,"og_object_type":"default","og_image_type":"default","og_image_url":null,"og_image_width":null,"og_image_height":null,"og_image_custom_url":null,"og_image_custom_fields":null,"og_video":null,"og_custom_url":null,"og_article_section":null,"og_article_tags":null,"twitter_use_og":false,"twitter_card":"default","twitter_image_type":"default","twitter_image_url":null,"twitter_image_custom_url":null,"twitter_image_custom_fields":null,"twitter_title":null,"twitter_description":null,"schema":{"blockGraphs":[],"customGraphs":[],"default":{"data":{"Article":[],"Course":[],"Dataset":[],"FAQPage":[],"Movie":[],"Person":[],"Product":[],"ProductReview":[],"Car":[],"Recipe":[],"Service":[],"SoftwareApplication":[],"WebPage":[]},"graphName":"","isEnabled":true},"graphs":[],"defaultGraph":"","defaultPostTypeGraph":""},"schema_type":null,"schema_type_options":null,"pillar_content":false,"robots_default":true,"robots_noindex":false,"robots_noarchive":false,"robots_nosnippet":false,"robots_nofollow":false,"robots_noimageindex":false,"robots_noodp":false,"robots_notranslate":false,"robots_max_snippet":null,"robots_max_videopreview":null,"robots_max_imagepreview":"large","priority":null,"frequency":null,"location":null,"local_seo":null,"seo_analyzer_scan_date":"2025-09-27 19:23:16","breadcrumb_settings":null,"limit_modified_date":false,"open_ai":null,"ai":null,"created":"2021-03-08 17:45:23","updated":"2025-09-27 19:23:16"},"aioseo_breadcrumb":"<div class=\"aioseo-breadcrumbs\"><span class=\"aioseo-breadcrumb\">\n\t<a href=\"https:\/\/eldigitaldeasturias.com\/magazine365\" title=\"Home\">Home<\/a>\n<\/span><span class=\"aioseo-breadcrumb-separator\">\u2013<\/span><span class=\"aioseo-breadcrumb\">\n\t<a href=\"https:\/\/eldigitaldeasturias.com\/magazine365\/category\/noticias-actualidad\/\" title=\"Noticias y Actualidad\">Noticias y Actualidad<\/a>\n<\/span><span class=\"aioseo-breadcrumb-separator\">\u2013<\/span><span class=\"aioseo-breadcrumb\">\n\t<a href=\"https:\/\/eldigitaldeasturias.com\/magazine365\/geologos-espanoles-y-portugueses-piden-financiacion-publica-para-dinamizar-el-turismo-de-costa-quebrada\/\" title=\"Ge\u00f3logos espa\u00f1oles y portugueses piden financiaci\u00f3n p\u00fablica para dinamizar el turismo de Costa Quebrada\">Ge\u00f3logos espa\u00f1oles y portugueses piden financiaci\u00f3n p\u00fablica para dinamizar el turismo de Costa Quebrada<\/a>\n<\/span><\/div>","aioseo_breadcrumb_json":[{"label":"Home","link":"https:\/\/eldigitaldeasturias.com\/magazine365"},{"label":"Noticias y Actualidad","link":"https:\/\/eldigitaldeasturias.com\/magazine365\/category\/noticias-actualidad\/"},{"label":"Ge\u00f3logos espa\u00f1oles y portugueses piden financiaci\u00f3n p\u00fablica para dinamizar el turismo de Costa Quebrada","link":"https:\/\/eldigitaldeasturias.com\/magazine365\/geologos-espanoles-y-portugueses-piden-financiacion-publica-para-dinamizar-el-turismo-de-costa-quebrada\/"}],"_links":{"self":[{"href":"https:\/\/eldigitaldeasturias.com\/magazine365\/wp-json\/wp\/v2\/posts\/79715","targetHints":{"allow":["GET"]}}],"collection":[{"href":"https:\/\/eldigitaldeasturias.com\/magazine365\/wp-json\/wp\/v2\/posts"}],"about":[{"href":"https:\/\/eldigitaldeasturias.com\/magazine365\/wp-json\/wp\/v2\/types\/post"}],"author":[{"embeddable":true,"href":"https:\/\/eldigitaldeasturias.com\/magazine365\/wp-json\/wp\/v2\/users\/1"}],"replies":[{"embeddable":true,"href":"https:\/\/eldigitaldeasturias.com\/magazine365\/wp-json\/wp\/v2\/comments?post=79715"}],"version-history":[{"count":0,"href":"https:\/\/eldigitaldeasturias.com\/magazine365\/wp-json\/wp\/v2\/posts\/79715\/revisions"}],"wp:featuredmedia":[{"embeddable":true,"href":"https:\/\/eldigitaldeasturias.com\/magazine365\/wp-json\/wp\/v2\/media\/79716"}],"wp:attachment":[{"href":"https:\/\/eldigitaldeasturias.com\/magazine365\/wp-json\/wp\/v2\/media?parent=79715"}],"wp:term":[{"taxonomy":"category","embeddable":true,"href":"https:\/\/eldigitaldeasturias.com\/magazine365\/wp-json\/wp\/v2\/categories?post=79715"},{"taxonomy":"post_tag","embeddable":true,"href":"https:\/\/eldigitaldeasturias.com\/magazine365\/wp-json\/wp\/v2\/tags?post=79715"}],"curies":[{"name":"wp","href":"https:\/\/api.w.org\/{rel}","templated":true}]}}