{"id":79703,"date":"2016-06-16T18:14:37","date_gmt":"2016-06-16T16:14:37","guid":{"rendered":"http:\/\/eldigitaldeasturias.com\/magazine365\/?p=79703"},"modified":"2016-06-16T18:14:37","modified_gmt":"2016-06-16T16:14:37","slug":"iberia-express-celebra-con-sus-pasajeros-el-dia-mundial-de-la-tapa-a-mas-de-3-000-pies-de-altura","status":"publish","type":"post","link":"https:\/\/eldigitaldeasturias.com\/magazine365\/iberia-express-celebra-con-sus-pasajeros-el-dia-mundial-de-la-tapa-a-mas-de-3-000-pies-de-altura\/","title":{"rendered":"Iberia Express celebra con sus pasajeros el D\u00eda Mundial de la Tapa a m\u00e1s de 3.000 pies de altura"},"content":{"rendered":"<p><img fetchpriority=\"high\" decoding=\"async\" class=\"alignleft size-medium wp-image-79704\" src=\"https:\/\/eldigitaldeasturias.com\/magazine365\/wp-content\/uploads\/2016\/06\/fotonoticia_20160616164319_800-360x203.jpg\" alt=\"fotonoticia_20160616164319_800\" width=\"360\" height=\"203\" srcset=\"https:\/\/eldigitaldeasturias.com\/magazine365\/wp-content\/uploads\/2016\/06\/fotonoticia_20160616164319_800-360x203.jpg 360w, https:\/\/eldigitaldeasturias.com\/magazine365\/wp-content\/uploads\/2016\/06\/fotonoticia_20160616164319_800-650x366.jpg 650w, https:\/\/eldigitaldeasturias.com\/magazine365\/wp-content\/uploads\/2016\/06\/fotonoticia_20160616164319_800-768x432.jpg 768w, https:\/\/eldigitaldeasturias.com\/magazine365\/wp-content\/uploads\/2016\/06\/fotonoticia_20160616164319_800-150x84.jpg 150w, https:\/\/eldigitaldeasturias.com\/magazine365\/wp-content\/uploads\/2016\/06\/fotonoticia_20160616164319_800-450x253.jpg 450w, https:\/\/eldigitaldeasturias.com\/magazine365\/wp-content\/uploads\/2016\/06\/fotonoticia_20160616164319_800-499x280.jpg 499w, https:\/\/eldigitaldeasturias.com\/magazine365\/wp-content\/uploads\/2016\/06\/fotonoticia_20160616164319_800-510x289.jpg 510w, https:\/\/eldigitaldeasturias.com\/magazine365\/wp-content\/uploads\/2016\/06\/fotonoticia_20160616164319_800.jpg 800w\" sizes=\"(max-width: 360px) 100vw, 360px\" \/>Iberia Express ha celebrado este jueves el D\u00eda Mundial de la Tapa a m\u00e1s de 3.000 pies de altura sorprendiendo a sus pasajeros con una original degustaci\u00f3n de tapas creadas especialmente para la ocasi\u00f3n por el chef Luis Bonastre.<\/p>\n<p>Con esta acci\u00f3n la aerol\u00ednea rinde homenaje a uno de los s\u00edmbolos m\u00e1s representativos de la gastronom\u00eda espa\u00f1ola, sum\u00e1ndose a la celebraci\u00f3n que desde hace cinco a\u00f1os realiza Saborea Espa\u00f1a en torno a esta especialidad gastron\u00f3mica, y que por primera vez se celebra en Espa\u00f1a y en 29 pa\u00edses de forma simult\u00e1nea en una misma fecha.<\/p>\n<p>En concreto, los pasajeros de la ruta Madrid-Rennes, una de las novedades de la compa\u00f1\u00eda en la temporada de verano 2016, han podido degustar un tr\u00edo de tapas creadas especialmente para esta celebraci\u00f3n inspiradas en la cocina mediterr\u00e1nea.<\/p>\n<p>Su creador explic\u00f3 que las tapas forman parte de la gastronom\u00eda y la vida espa\u00f1ola. \u00abNo hay nada que nos guste m\u00e1s que compartir una delicia gastron\u00f3mica en compa\u00f1\u00eda de amigos y familiares\u00bb, asegur\u00f3 el cocinero.<\/p>\n<p>\u00abLa tapa es una comida f\u00e1cil, divertida, al alcance de todos y cuyo l\u00edmite es la imaginaci\u00f3n\u00bb, asegur\u00f3 en declaraciones a Europa Press.<\/p>\n<h2 class=\"ladillo\">COCINA EN MINIATURA<\/h2>\n<p>El chef, quien distribuy\u00f3 sus tapas a bordo para satisfacci\u00f3n de todos los pasajeros, explic\u00f3 que \u00abla tapa es una cocina en miniatura que desde Espa\u00f1a se debe exportar al igual que hacen otros pa\u00edses con sus productos\u00bb.<\/p>\n<p>La responsable de ventas de Iberia Express, Paloma Utrera, mostr\u00f3 su satisfacci\u00f3n ante la buena acogida de esta iniciativa a la que la compa\u00f1\u00eda a\u00e9rea ha querido sumarse para poner en valor un concepto \u00abgenuinamente espa\u00f1ol\u00bb c\u00f3mo es la tapa, \u00abuno de los pr\u00edncipes atractivos del pa\u00eds\u00bb.<\/p>\n<p>\u00abLa gastronom\u00eda sumada al car\u00e1cter socializador de ir de tapas tiene como resultado un concepto \u00fanico que se merece un homenaje y qu\u00e9 mejor que celebrarlo en nuestras rutas a Francia\u00bb, afirm\u00f3 Utrera.<\/p>\n<h2 class=\"ladillo\">ACCIONES DE APOYO A LA TAPA<\/h2>\n<p>Adem\u00e1s de la degustaci\u00f3n en vuelo se est\u00e1n realizando otras acciones a bordo para apoyar esta iniciativa como la emisi\u00f3n del video promocional del D\u00eda Mundial de la Tapa en el sistema de entretenimiento a bordo de la compa\u00f1\u00eda.<\/p>\n<p>En esta plataforma, de acceso gratuito a trav\u00e9s de cualquier dispositivo electr\u00f3nico, los pasajeros cuenta con una amplia oferta de contenidos multimedia.<\/p>\n<p>Para Iberia Express la gastronom\u00eda es un elemento muy importante y muy valorado por sus pasajeros. \u00abPor ello nos hemos querido unir a este d\u00eda de la tapa en una iniciativa que consideramos fant\u00e1stica c\u00f3mo apoyo a la gastronom\u00eda espa\u00f1ola\u00bb, concluy\u00f3 Utrera.<\/p>\n","protected":false},"excerpt":{"rendered":"<p>Iberia Express ha celebrado este jueves el D\u00eda Mundial de la Tapa a m\u00e1s de 3.000 pies de altura sorprendiendo a sus pasajeros con una original degustaci\u00f3n de tapas creadas especialmente para la ocasi\u00f3n por el chef Luis Bonastre. Con esta acci\u00f3n la aerol\u00ednea rinde homenaje a uno de los s\u00edmbolos m\u00e1s representativos de la<\/p>\n","protected":false},"author":1,"featured_media":79704,"comment_status":"open","ping_status":"closed","sticky":false,"template":"","format":"standard","meta":{"footnotes":""},"categories":[224],"tags":[],"class_list":{"0":"post-79703","1":"post","2":"type-post","3":"status-publish","4":"format-standard","5":"has-post-thumbnail","7":"category-noticias-actualidad"},"aioseo_notices":[],"aioseo_head":"\n\t\t<!-- All in One SEO Pro 4.9.6.1 - aioseo.com -->\n\t<meta name=\"description\" content=\"Iberia Express ha celebrado este jueves el D\u00eda Mundial de la Tapa a m\u00e1s de 3.000 pies de altura sorprendiendo a sus pasajeros con una original degustaci\u00f3n de tapas creadas especialmente para la ocasi\u00f3n por el chef Luis Bonastre. Con esta acci\u00f3n la aerol\u00ednea rinde homenaje a uno de los s\u00edmbolos m\u00e1s representativos de la\" \/>\n\t<meta name=\"robots\" content=\"max-image-preview:large\" \/>\n\t<meta name=\"author\" content=\"admin\"\/>\n\t<meta name=\"google-site-verification\" content=\"UA-38556648-1\" \/>\n\t<meta name=\"keywords\" content=\"noticias y actualidad\" \/>\n\t<link rel=\"canonical\" href=\"https:\/\/eldigitaldeasturias.com\/magazine365\/iberia-express-celebra-con-sus-pasajeros-el-dia-mundial-de-la-tapa-a-mas-de-3-000-pies-de-altura\/\" \/>\n\t<meta name=\"generator\" content=\"All in One SEO Pro (AIOSEO) 4.9.6.1\" \/>\n\t\t<meta property=\"og:locale\" content=\"es_ES\" \/>\n\t\t<meta property=\"og:site_name\" content=\"El Digital de Asturias \u2013 Revista de ocio, turismo y estilo de vida\" \/>\n\t\t<meta property=\"og:type\" content=\"article\" \/>\n\t\t<meta property=\"og:title\" content=\"Iberia Express celebra con sus pasajeros el D\u00eda Mundial de la Tapa a m\u00e1s de 3.000 pies de altura | El Digital de Asturias\" \/>\n\t\t<meta property=\"og:description\" content=\"Iberia Express ha celebrado este jueves el D\u00eda Mundial de la Tapa a m\u00e1s de 3.000 pies de altura sorprendiendo a sus pasajeros con una original degustaci\u00f3n de tapas creadas especialmente para la ocasi\u00f3n por el chef Luis Bonastre. Con esta acci\u00f3n la aerol\u00ednea rinde homenaje a uno de los s\u00edmbolos m\u00e1s representativos de la\" \/>\n\t\t<meta property=\"og:url\" content=\"https:\/\/eldigitaldeasturias.com\/magazine365\/iberia-express-celebra-con-sus-pasajeros-el-dia-mundial-de-la-tapa-a-mas-de-3-000-pies-de-altura\/\" \/>\n\t\t<meta property=\"og:image\" content=\"https:\/\/eldigitaldeasturias.com\/magazine365\/wp-content\/uploads\/2016\/06\/fotonoticia_20160616164319_800.jpg\" \/>\n\t\t<meta property=\"og:image:secure_url\" content=\"https:\/\/eldigitaldeasturias.com\/magazine365\/wp-content\/uploads\/2016\/06\/fotonoticia_20160616164319_800.jpg\" \/>\n\t\t<meta property=\"og:image:width\" content=\"800\" \/>\n\t\t<meta property=\"og:image:height\" content=\"450\" \/>\n\t\t<meta property=\"article:published_time\" content=\"2016-06-16T16:14:37+00:00\" \/>\n\t\t<meta property=\"article:modified_time\" content=\"2016-06-16T16:14:37+00:00\" \/>\n\t\t<meta name=\"twitter:card\" content=\"summary_large_image\" \/>\n\t\t<meta name=\"twitter:title\" content=\"Iberia Express celebra con sus pasajeros el D\u00eda Mundial de la Tapa a m\u00e1s de 3.000 pies de altura | El Digital de Asturias\" \/>\n\t\t<meta name=\"twitter:description\" content=\"Iberia Express ha celebrado este jueves el D\u00eda Mundial de la Tapa a m\u00e1s de 3.000 pies de altura sorprendiendo a sus pasajeros con una original degustaci\u00f3n de tapas creadas especialmente para la ocasi\u00f3n por el chef Luis Bonastre. Con esta acci\u00f3n la aerol\u00ednea rinde homenaje a uno de los s\u00edmbolos m\u00e1s representativos de la\" \/>\n\t\t<meta name=\"twitter:image\" content=\"https:\/\/eldigitaldeasturias.com\/magazine365\/wp-content\/uploads\/2016\/06\/fotonoticia_20160616164319_800.jpg\" \/>\n\t\t<script type=\"application\/ld+json\" class=\"aioseo-schema\">\n\t\t\t{\"@context\":\"https:\\\/\\\/schema.org\",\"@graph\":[{\"@type\":\"Article\",\"@id\":\"https:\\\/\\\/eldigitaldeasturias.com\\\/magazine365\\\/iberia-express-celebra-con-sus-pasajeros-el-dia-mundial-de-la-tapa-a-mas-de-3-000-pies-de-altura\\\/#article\",\"name\":\"Iberia Express celebra con sus pasajeros el D\\u00eda Mundial de la Tapa a m\\u00e1s de 3.000 pies de altura | El Digital de Asturias\",\"headline\":\"Iberia Express celebra con sus pasajeros el D\\u00eda Mundial de la Tapa a m\\u00e1s de 3.000 pies de altura\",\"author\":{\"@id\":\"https:\\\/\\\/eldigitaldeasturias.com\\\/magazine365\\\/author\\\/admin\\\/#author\"},\"publisher\":{\"@id\":\"https:\\\/\\\/eldigitaldeasturias.com\\\/magazine365\\\/#organization\"},\"image\":{\"@type\":\"ImageObject\",\"url\":\"https:\\\/\\\/eldigitaldeasturias.com\\\/magazine365\\\/wp-content\\\/uploads\\\/2016\\\/06\\\/fotonoticia_20160616164319_800.jpg\",\"width\":800,\"height\":450},\"datePublished\":\"2016-06-16T18:14:37+02:00\",\"dateModified\":\"2016-06-16T18:14:37+02:00\",\"inLanguage\":\"es-ES\",\"mainEntityOfPage\":{\"@id\":\"https:\\\/\\\/eldigitaldeasturias.com\\\/magazine365\\\/iberia-express-celebra-con-sus-pasajeros-el-dia-mundial-de-la-tapa-a-mas-de-3-000-pies-de-altura\\\/#webpage\"},\"isPartOf\":{\"@id\":\"https:\\\/\\\/eldigitaldeasturias.com\\\/magazine365\\\/iberia-express-celebra-con-sus-pasajeros-el-dia-mundial-de-la-tapa-a-mas-de-3-000-pies-de-altura\\\/#webpage\"},\"articleSection\":\"Noticias y Actualidad\"},{\"@type\":\"BreadcrumbList\",\"@id\":\"https:\\\/\\\/eldigitaldeasturias.com\\\/magazine365\\\/iberia-express-celebra-con-sus-pasajeros-el-dia-mundial-de-la-tapa-a-mas-de-3-000-pies-de-altura\\\/#breadcrumblist\",\"itemListElement\":[{\"@type\":\"ListItem\",\"@id\":\"https:\\\/\\\/eldigitaldeasturias.com\\\/magazine365#listItem\",\"position\":1,\"name\":\"Home\",\"item\":\"https:\\\/\\\/eldigitaldeasturias.com\\\/magazine365\",\"nextItem\":{\"@type\":\"ListItem\",\"@id\":\"https:\\\/\\\/eldigitaldeasturias.com\\\/magazine365\\\/category\\\/noticias-actualidad\\\/#listItem\",\"name\":\"Noticias y Actualidad\"}},{\"@type\":\"ListItem\",\"@id\":\"https:\\\/\\\/eldigitaldeasturias.com\\\/magazine365\\\/category\\\/noticias-actualidad\\\/#listItem\",\"position\":2,\"name\":\"Noticias y Actualidad\",\"item\":\"https:\\\/\\\/eldigitaldeasturias.com\\\/magazine365\\\/category\\\/noticias-actualidad\\\/\",\"nextItem\":{\"@type\":\"ListItem\",\"@id\":\"https:\\\/\\\/eldigitaldeasturias.com\\\/magazine365\\\/iberia-express-celebra-con-sus-pasajeros-el-dia-mundial-de-la-tapa-a-mas-de-3-000-pies-de-altura\\\/#listItem\",\"name\":\"Iberia Express celebra con sus pasajeros el D\\u00eda Mundial de la Tapa a m\\u00e1s de 3.000 pies de altura\"},\"previousItem\":{\"@type\":\"ListItem\",\"@id\":\"https:\\\/\\\/eldigitaldeasturias.com\\\/magazine365#listItem\",\"name\":\"Home\"}},{\"@type\":\"ListItem\",\"@id\":\"https:\\\/\\\/eldigitaldeasturias.com\\\/magazine365\\\/iberia-express-celebra-con-sus-pasajeros-el-dia-mundial-de-la-tapa-a-mas-de-3-000-pies-de-altura\\\/#listItem\",\"position\":3,\"name\":\"Iberia Express celebra con sus pasajeros el D\\u00eda Mundial de la Tapa a m\\u00e1s de 3.000 pies de altura\",\"previousItem\":{\"@type\":\"ListItem\",\"@id\":\"https:\\\/\\\/eldigitaldeasturias.com\\\/magazine365\\\/category\\\/noticias-actualidad\\\/#listItem\",\"name\":\"Noticias y Actualidad\"}}]},{\"@type\":\"Organization\",\"@id\":\"https:\\\/\\\/eldigitaldeasturias.com\\\/magazine365\\\/#organization\",\"name\":\"El digital de Asturias\",\"description\":\"Revista de ocio, turismo y estilo de vida\",\"url\":\"https:\\\/\\\/eldigitaldeasturias.com\\\/magazine365\\\/\",\"logo\":{\"@type\":\"ImageObject\",\"url\":\"https:\\\/\\\/www.eldigitaldeasturias.com\\\/noticias\\\/wp-content\\\/uploads\\\/2020\\\/12\\\/EDA.jpg\",\"@id\":\"https:\\\/\\\/eldigitaldeasturias.com\\\/magazine365\\\/iberia-express-celebra-con-sus-pasajeros-el-dia-mundial-de-la-tapa-a-mas-de-3-000-pies-de-altura\\\/#organizationLogo\"},\"image\":{\"@id\":\"https:\\\/\\\/eldigitaldeasturias.com\\\/magazine365\\\/iberia-express-celebra-con-sus-pasajeros-el-dia-mundial-de-la-tapa-a-mas-de-3-000-pies-de-altura\\\/#organizationLogo\"}},{\"@type\":\"Person\",\"@id\":\"https:\\\/\\\/eldigitaldeasturias.com\\\/magazine365\\\/author\\\/admin\\\/#author\",\"url\":\"https:\\\/\\\/eldigitaldeasturias.com\\\/magazine365\\\/author\\\/admin\\\/\",\"name\":\"admin\",\"image\":{\"@type\":\"ImageObject\",\"@id\":\"https:\\\/\\\/eldigitaldeasturias.com\\\/magazine365\\\/iberia-express-celebra-con-sus-pasajeros-el-dia-mundial-de-la-tapa-a-mas-de-3-000-pies-de-altura\\\/#authorImage\",\"url\":\"https:\\\/\\\/eldigitaldeasturias.com\\\/magazine365\\\/wp-content\\\/litespeed\\\/avatar\\\/e571bcf59a0edd6fa6838245a470f2fe.jpg?ver=1776969259\",\"width\":96,\"height\":96,\"caption\":\"admin\"}},{\"@type\":\"WebPage\",\"@id\":\"https:\\\/\\\/eldigitaldeasturias.com\\\/magazine365\\\/iberia-express-celebra-con-sus-pasajeros-el-dia-mundial-de-la-tapa-a-mas-de-3-000-pies-de-altura\\\/#webpage\",\"url\":\"https:\\\/\\\/eldigitaldeasturias.com\\\/magazine365\\\/iberia-express-celebra-con-sus-pasajeros-el-dia-mundial-de-la-tapa-a-mas-de-3-000-pies-de-altura\\\/\",\"name\":\"Iberia Express celebra con sus pasajeros el D\\u00eda Mundial de la Tapa a m\\u00e1s de 3.000 pies de altura | El Digital de Asturias\",\"description\":\"Iberia Express ha celebrado este jueves el D\\u00eda Mundial de la Tapa a m\\u00e1s de 3.000 pies de altura sorprendiendo a sus pasajeros con una original degustaci\\u00f3n de tapas creadas especialmente para la ocasi\\u00f3n por el chef Luis Bonastre. Con esta acci\\u00f3n la aerol\\u00ednea rinde homenaje a uno de los s\\u00edmbolos m\\u00e1s representativos de la\",\"inLanguage\":\"es-ES\",\"isPartOf\":{\"@id\":\"https:\\\/\\\/eldigitaldeasturias.com\\\/magazine365\\\/#website\"},\"breadcrumb\":{\"@id\":\"https:\\\/\\\/eldigitaldeasturias.com\\\/magazine365\\\/iberia-express-celebra-con-sus-pasajeros-el-dia-mundial-de-la-tapa-a-mas-de-3-000-pies-de-altura\\\/#breadcrumblist\"},\"author\":{\"@id\":\"https:\\\/\\\/eldigitaldeasturias.com\\\/magazine365\\\/author\\\/admin\\\/#author\"},\"creator\":{\"@id\":\"https:\\\/\\\/eldigitaldeasturias.com\\\/magazine365\\\/author\\\/admin\\\/#author\"},\"image\":{\"@type\":\"ImageObject\",\"url\":\"https:\\\/\\\/eldigitaldeasturias.com\\\/magazine365\\\/wp-content\\\/uploads\\\/2016\\\/06\\\/fotonoticia_20160616164319_800.jpg\",\"@id\":\"https:\\\/\\\/eldigitaldeasturias.com\\\/magazine365\\\/iberia-express-celebra-con-sus-pasajeros-el-dia-mundial-de-la-tapa-a-mas-de-3-000-pies-de-altura\\\/#mainImage\",\"width\":800,\"height\":450},\"primaryImageOfPage\":{\"@id\":\"https:\\\/\\\/eldigitaldeasturias.com\\\/magazine365\\\/iberia-express-celebra-con-sus-pasajeros-el-dia-mundial-de-la-tapa-a-mas-de-3-000-pies-de-altura\\\/#mainImage\"},\"datePublished\":\"2016-06-16T18:14:37+02:00\",\"dateModified\":\"2016-06-16T18:14:37+02:00\"},{\"@type\":\"WebSite\",\"@id\":\"https:\\\/\\\/eldigitaldeasturias.com\\\/magazine365\\\/#website\",\"url\":\"https:\\\/\\\/eldigitaldeasturias.com\\\/magazine365\\\/\",\"name\":\"El Digital de Asturias\",\"description\":\"Revista de ocio, turismo y estilo de vida\",\"inLanguage\":\"es-ES\",\"publisher\":{\"@id\":\"https:\\\/\\\/eldigitaldeasturias.com\\\/magazine365\\\/#organization\"}}]}\n\t\t<\/script>\n\t\t<!-- All in One SEO Pro -->\r\n\t\t<title>Iberia Express celebra con sus pasajeros el D\u00eda Mundial de la Tapa a m\u00e1s de 3.000 pies de altura | El Digital de Asturias<\/title>\n\n","aioseo_head_json":{"title":"Iberia Express celebra con sus pasajeros el D\u00eda Mundial de la Tapa a m\u00e1s de 3.000 pies de altura | El Digital de Asturias","description":"Iberia Express ha celebrado este jueves el D\u00eda Mundial de la Tapa a m\u00e1s de 3.000 pies de altura sorprendiendo a sus pasajeros con una original degustaci\u00f3n de tapas creadas especialmente para la ocasi\u00f3n por el chef Luis Bonastre. Con esta acci\u00f3n la aerol\u00ednea rinde homenaje a uno de los s\u00edmbolos m\u00e1s representativos de la","canonical_url":"https:\/\/eldigitaldeasturias.com\/magazine365\/iberia-express-celebra-con-sus-pasajeros-el-dia-mundial-de-la-tapa-a-mas-de-3-000-pies-de-altura\/","robots":"max-image-preview:large","keywords":"noticias y actualidad","webmasterTools":{"google-site-verification":"UA-38556648-1","miscellaneous":""},"schema":{"@context":"https:\/\/schema.org","@graph":[{"@type":"Article","@id":"https:\/\/eldigitaldeasturias.com\/magazine365\/iberia-express-celebra-con-sus-pasajeros-el-dia-mundial-de-la-tapa-a-mas-de-3-000-pies-de-altura\/#article","name":"Iberia Express celebra con sus pasajeros el D\u00eda Mundial de la Tapa a m\u00e1s de 3.000 pies de altura | El Digital de Asturias","headline":"Iberia Express celebra con sus pasajeros el D\u00eda Mundial de la Tapa a m\u00e1s de 3.000 pies de altura","author":{"@id":"https:\/\/eldigitaldeasturias.com\/magazine365\/author\/admin\/#author"},"publisher":{"@id":"https:\/\/eldigitaldeasturias.com\/magazine365\/#organization"},"image":{"@type":"ImageObject","url":"https:\/\/eldigitaldeasturias.com\/magazine365\/wp-content\/uploads\/2016\/06\/fotonoticia_20160616164319_800.jpg","width":800,"height":450},"datePublished":"2016-06-16T18:14:37+02:00","dateModified":"2016-06-16T18:14:37+02:00","inLanguage":"es-ES","mainEntityOfPage":{"@id":"https:\/\/eldigitaldeasturias.com\/magazine365\/iberia-express-celebra-con-sus-pasajeros-el-dia-mundial-de-la-tapa-a-mas-de-3-000-pies-de-altura\/#webpage"},"isPartOf":{"@id":"https:\/\/eldigitaldeasturias.com\/magazine365\/iberia-express-celebra-con-sus-pasajeros-el-dia-mundial-de-la-tapa-a-mas-de-3-000-pies-de-altura\/#webpage"},"articleSection":"Noticias y Actualidad"},{"@type":"BreadcrumbList","@id":"https:\/\/eldigitaldeasturias.com\/magazine365\/iberia-express-celebra-con-sus-pasajeros-el-dia-mundial-de-la-tapa-a-mas-de-3-000-pies-de-altura\/#breadcrumblist","itemListElement":[{"@type":"ListItem","@id":"https:\/\/eldigitaldeasturias.com\/magazine365#listItem","position":1,"name":"Home","item":"https:\/\/eldigitaldeasturias.com\/magazine365","nextItem":{"@type":"ListItem","@id":"https:\/\/eldigitaldeasturias.com\/magazine365\/category\/noticias-actualidad\/#listItem","name":"Noticias y Actualidad"}},{"@type":"ListItem","@id":"https:\/\/eldigitaldeasturias.com\/magazine365\/category\/noticias-actualidad\/#listItem","position":2,"name":"Noticias y Actualidad","item":"https:\/\/eldigitaldeasturias.com\/magazine365\/category\/noticias-actualidad\/","nextItem":{"@type":"ListItem","@id":"https:\/\/eldigitaldeasturias.com\/magazine365\/iberia-express-celebra-con-sus-pasajeros-el-dia-mundial-de-la-tapa-a-mas-de-3-000-pies-de-altura\/#listItem","name":"Iberia Express celebra con sus pasajeros el D\u00eda Mundial de la Tapa a m\u00e1s de 3.000 pies de altura"},"previousItem":{"@type":"ListItem","@id":"https:\/\/eldigitaldeasturias.com\/magazine365#listItem","name":"Home"}},{"@type":"ListItem","@id":"https:\/\/eldigitaldeasturias.com\/magazine365\/iberia-express-celebra-con-sus-pasajeros-el-dia-mundial-de-la-tapa-a-mas-de-3-000-pies-de-altura\/#listItem","position":3,"name":"Iberia Express celebra con sus pasajeros el D\u00eda Mundial de la Tapa a m\u00e1s de 3.000 pies de altura","previousItem":{"@type":"ListItem","@id":"https:\/\/eldigitaldeasturias.com\/magazine365\/category\/noticias-actualidad\/#listItem","name":"Noticias y Actualidad"}}]},{"@type":"Organization","@id":"https:\/\/eldigitaldeasturias.com\/magazine365\/#organization","name":"El digital de Asturias","description":"Revista de ocio, turismo y estilo de vida","url":"https:\/\/eldigitaldeasturias.com\/magazine365\/","logo":{"@type":"ImageObject","url":"https:\/\/www.eldigitaldeasturias.com\/noticias\/wp-content\/uploads\/2020\/12\/EDA.jpg","@id":"https:\/\/eldigitaldeasturias.com\/magazine365\/iberia-express-celebra-con-sus-pasajeros-el-dia-mundial-de-la-tapa-a-mas-de-3-000-pies-de-altura\/#organizationLogo"},"image":{"@id":"https:\/\/eldigitaldeasturias.com\/magazine365\/iberia-express-celebra-con-sus-pasajeros-el-dia-mundial-de-la-tapa-a-mas-de-3-000-pies-de-altura\/#organizationLogo"}},{"@type":"Person","@id":"https:\/\/eldigitaldeasturias.com\/magazine365\/author\/admin\/#author","url":"https:\/\/eldigitaldeasturias.com\/magazine365\/author\/admin\/","name":"admin","image":{"@type":"ImageObject","@id":"https:\/\/eldigitaldeasturias.com\/magazine365\/iberia-express-celebra-con-sus-pasajeros-el-dia-mundial-de-la-tapa-a-mas-de-3-000-pies-de-altura\/#authorImage","url":"https:\/\/eldigitaldeasturias.com\/magazine365\/wp-content\/litespeed\/avatar\/e571bcf59a0edd6fa6838245a470f2fe.jpg?ver=1776969259","width":96,"height":96,"caption":"admin"}},{"@type":"WebPage","@id":"https:\/\/eldigitaldeasturias.com\/magazine365\/iberia-express-celebra-con-sus-pasajeros-el-dia-mundial-de-la-tapa-a-mas-de-3-000-pies-de-altura\/#webpage","url":"https:\/\/eldigitaldeasturias.com\/magazine365\/iberia-express-celebra-con-sus-pasajeros-el-dia-mundial-de-la-tapa-a-mas-de-3-000-pies-de-altura\/","name":"Iberia Express celebra con sus pasajeros el D\u00eda Mundial de la Tapa a m\u00e1s de 3.000 pies de altura | El Digital de Asturias","description":"Iberia Express ha celebrado este jueves el D\u00eda Mundial de la Tapa a m\u00e1s de 3.000 pies de altura sorprendiendo a sus pasajeros con una original degustaci\u00f3n de tapas creadas especialmente para la ocasi\u00f3n por el chef Luis Bonastre. Con esta acci\u00f3n la aerol\u00ednea rinde homenaje a uno de los s\u00edmbolos m\u00e1s representativos de la","inLanguage":"es-ES","isPartOf":{"@id":"https:\/\/eldigitaldeasturias.com\/magazine365\/#website"},"breadcrumb":{"@id":"https:\/\/eldigitaldeasturias.com\/magazine365\/iberia-express-celebra-con-sus-pasajeros-el-dia-mundial-de-la-tapa-a-mas-de-3-000-pies-de-altura\/#breadcrumblist"},"author":{"@id":"https:\/\/eldigitaldeasturias.com\/magazine365\/author\/admin\/#author"},"creator":{"@id":"https:\/\/eldigitaldeasturias.com\/magazine365\/author\/admin\/#author"},"image":{"@type":"ImageObject","url":"https:\/\/eldigitaldeasturias.com\/magazine365\/wp-content\/uploads\/2016\/06\/fotonoticia_20160616164319_800.jpg","@id":"https:\/\/eldigitaldeasturias.com\/magazine365\/iberia-express-celebra-con-sus-pasajeros-el-dia-mundial-de-la-tapa-a-mas-de-3-000-pies-de-altura\/#mainImage","width":800,"height":450},"primaryImageOfPage":{"@id":"https:\/\/eldigitaldeasturias.com\/magazine365\/iberia-express-celebra-con-sus-pasajeros-el-dia-mundial-de-la-tapa-a-mas-de-3-000-pies-de-altura\/#mainImage"},"datePublished":"2016-06-16T18:14:37+02:00","dateModified":"2016-06-16T18:14:37+02:00"},{"@type":"WebSite","@id":"https:\/\/eldigitaldeasturias.com\/magazine365\/#website","url":"https:\/\/eldigitaldeasturias.com\/magazine365\/","name":"El Digital de Asturias","description":"Revista de ocio, turismo y estilo de vida","inLanguage":"es-ES","publisher":{"@id":"https:\/\/eldigitaldeasturias.com\/magazine365\/#organization"}}]},"og:locale":"es_ES","og:site_name":"El Digital de Asturias \u2013 Revista de ocio, turismo y estilo de vida","og:type":"article","og:title":"Iberia Express celebra con sus pasajeros el D\u00eda Mundial de la Tapa a m\u00e1s de 3.000 pies de altura | El Digital de Asturias","og:description":"Iberia Express ha celebrado este jueves el D\u00eda Mundial de la Tapa a m\u00e1s de 3.000 pies de altura sorprendiendo a sus pasajeros con una original degustaci\u00f3n de tapas creadas especialmente para la ocasi\u00f3n por el chef Luis Bonastre. Con esta acci\u00f3n la aerol\u00ednea rinde homenaje a uno de los s\u00edmbolos m\u00e1s representativos de la","og:url":"https:\/\/eldigitaldeasturias.com\/magazine365\/iberia-express-celebra-con-sus-pasajeros-el-dia-mundial-de-la-tapa-a-mas-de-3-000-pies-de-altura\/","og:image":"https:\/\/eldigitaldeasturias.com\/magazine365\/wp-content\/uploads\/2016\/06\/fotonoticia_20160616164319_800.jpg","og:image:secure_url":"https:\/\/eldigitaldeasturias.com\/magazine365\/wp-content\/uploads\/2016\/06\/fotonoticia_20160616164319_800.jpg","og:image:width":800,"og:image:height":450,"article:published_time":"2016-06-16T16:14:37+00:00","article:modified_time":"2016-06-16T16:14:37+00:00","twitter:card":"summary_large_image","twitter:title":"Iberia Express celebra con sus pasajeros el D\u00eda Mundial de la Tapa a m\u00e1s de 3.000 pies de altura | El Digital de Asturias","twitter:description":"Iberia Express ha celebrado este jueves el D\u00eda Mundial de la Tapa a m\u00e1s de 3.000 pies de altura sorprendiendo a sus pasajeros con una original degustaci\u00f3n de tapas creadas especialmente para la ocasi\u00f3n por el chef Luis Bonastre. Con esta acci\u00f3n la aerol\u00ednea rinde homenaje a uno de los s\u00edmbolos m\u00e1s representativos de la","twitter:image":"https:\/\/eldigitaldeasturias.com\/magazine365\/wp-content\/uploads\/2016\/06\/fotonoticia_20160616164319_800.jpg"},"aioseo_meta_data":{"post_id":"79703","title":null,"description":null,"keywords":null,"keyphrases":null,"primary_term":null,"canonical_url":null,"og_title":null,"og_description":null,"og_object_type":"default","og_image_type":"default","og_image_url":null,"og_image_width":null,"og_image_height":null,"og_image_custom_url":null,"og_image_custom_fields":null,"og_video":null,"og_custom_url":null,"og_article_section":null,"og_article_tags":null,"twitter_use_og":false,"twitter_card":"default","twitter_image_type":"default","twitter_image_url":null,"twitter_image_custom_url":null,"twitter_image_custom_fields":null,"twitter_title":null,"twitter_description":null,"schema":{"blockGraphs":[],"customGraphs":[],"default":{"data":{"Article":[],"Course":[],"Dataset":[],"FAQPage":[],"Movie":[],"Person":[],"Product":[],"ProductReview":[],"Car":[],"Recipe":[],"Service":[],"SoftwareApplication":[],"WebPage":[]},"graphName":"","isEnabled":true},"graphs":[],"defaultGraph":"","defaultPostTypeGraph":""},"schema_type":null,"schema_type_options":null,"pillar_content":false,"robots_default":true,"robots_noindex":false,"robots_noarchive":false,"robots_nosnippet":false,"robots_nofollow":false,"robots_noimageindex":false,"robots_noodp":false,"robots_notranslate":false,"robots_max_snippet":null,"robots_max_videopreview":null,"robots_max_imagepreview":"large","priority":null,"frequency":null,"location":null,"local_seo":null,"seo_analyzer_scan_date":"2025-09-27 19:23:13","breadcrumb_settings":null,"limit_modified_date":false,"open_ai":null,"ai":null,"created":"2021-03-08 17:45:23","updated":"2025-09-27 19:23:13"},"aioseo_breadcrumb":"<div class=\"aioseo-breadcrumbs\"><span class=\"aioseo-breadcrumb\">\n\t<a href=\"https:\/\/eldigitaldeasturias.com\/magazine365\" title=\"Home\">Home<\/a>\n<\/span><span class=\"aioseo-breadcrumb-separator\">\u2013<\/span><span class=\"aioseo-breadcrumb\">\n\t<a href=\"https:\/\/eldigitaldeasturias.com\/magazine365\/category\/noticias-actualidad\/\" title=\"Noticias y Actualidad\">Noticias y Actualidad<\/a>\n<\/span><span class=\"aioseo-breadcrumb-separator\">\u2013<\/span><span class=\"aioseo-breadcrumb\">\n\t<a href=\"https:\/\/eldigitaldeasturias.com\/magazine365\/iberia-express-celebra-con-sus-pasajeros-el-dia-mundial-de-la-tapa-a-mas-de-3-000-pies-de-altura\/\" title=\"Iberia Express celebra con sus pasajeros el D\u00eda Mundial de la Tapa a m\u00e1s de 3.000 pies de altura\">Iberia Express celebra con sus pasajeros el D\u00eda Mundial de la Tapa a m\u00e1s de 3.000 pies de altura<\/a>\n<\/span><\/div>","aioseo_breadcrumb_json":[{"label":"Home","link":"https:\/\/eldigitaldeasturias.com\/magazine365"},{"label":"Noticias y Actualidad","link":"https:\/\/eldigitaldeasturias.com\/magazine365\/category\/noticias-actualidad\/"},{"label":"Iberia Express celebra con sus pasajeros el D\u00eda Mundial de la Tapa a m\u00e1s de 3.000 pies de altura","link":"https:\/\/eldigitaldeasturias.com\/magazine365\/iberia-express-celebra-con-sus-pasajeros-el-dia-mundial-de-la-tapa-a-mas-de-3-000-pies-de-altura\/"}],"_links":{"self":[{"href":"https:\/\/eldigitaldeasturias.com\/magazine365\/wp-json\/wp\/v2\/posts\/79703","targetHints":{"allow":["GET"]}}],"collection":[{"href":"https:\/\/eldigitaldeasturias.com\/magazine365\/wp-json\/wp\/v2\/posts"}],"about":[{"href":"https:\/\/eldigitaldeasturias.com\/magazine365\/wp-json\/wp\/v2\/types\/post"}],"author":[{"embeddable":true,"href":"https:\/\/eldigitaldeasturias.com\/magazine365\/wp-json\/wp\/v2\/users\/1"}],"replies":[{"embeddable":true,"href":"https:\/\/eldigitaldeasturias.com\/magazine365\/wp-json\/wp\/v2\/comments?post=79703"}],"version-history":[{"count":0,"href":"https:\/\/eldigitaldeasturias.com\/magazine365\/wp-json\/wp\/v2\/posts\/79703\/revisions"}],"wp:featuredmedia":[{"embeddable":true,"href":"https:\/\/eldigitaldeasturias.com\/magazine365\/wp-json\/wp\/v2\/media\/79704"}],"wp:attachment":[{"href":"https:\/\/eldigitaldeasturias.com\/magazine365\/wp-json\/wp\/v2\/media?parent=79703"}],"wp:term":[{"taxonomy":"category","embeddable":true,"href":"https:\/\/eldigitaldeasturias.com\/magazine365\/wp-json\/wp\/v2\/categories?post=79703"},{"taxonomy":"post_tag","embeddable":true,"href":"https:\/\/eldigitaldeasturias.com\/magazine365\/wp-json\/wp\/v2\/tags?post=79703"}],"curies":[{"name":"wp","href":"https:\/\/api.w.org\/{rel}","templated":true}]}}