{"id":79698,"date":"2016-06-16T17:27:35","date_gmt":"2016-06-16T15:27:35","guid":{"rendered":"http:\/\/eldigitaldeasturias.com\/magazine365\/?p=79698"},"modified":"2016-06-16T17:27:45","modified_gmt":"2016-06-16T15:27:45","slug":"cyl-celebra-el-dia-mundial-de-la-tapa-vinculandola-con-la-conmemoracion-de-la-muerte-de-cervantes","status":"publish","type":"post","link":"https:\/\/eldigitaldeasturias.com\/magazine365\/cyl-celebra-el-dia-mundial-de-la-tapa-vinculandola-con-la-conmemoracion-de-la-muerte-de-cervantes\/","title":{"rendered":"CyL celebra el D\u00eda Mundial de la Tapa vincul\u00e1ndola con la conmemoraci\u00f3n de la muerte de Cervantes"},"content":{"rendered":"<p><img fetchpriority=\"high\" decoding=\"async\" class=\"alignleft size-medium wp-image-79699\" src=\"https:\/\/eldigitaldeasturias.com\/magazine365\/wp-content\/uploads\/2016\/06\/fotonoticia_20160616155134_800-360x239.jpg\" alt=\"fotonoticia_20160616155134_800\" width=\"360\" height=\"239\" srcset=\"https:\/\/eldigitaldeasturias.com\/magazine365\/wp-content\/uploads\/2016\/06\/fotonoticia_20160616155134_800-360x239.jpg 360w, https:\/\/eldigitaldeasturias.com\/magazine365\/wp-content\/uploads\/2016\/06\/fotonoticia_20160616155134_800-650x432.jpg 650w, https:\/\/eldigitaldeasturias.com\/magazine365\/wp-content\/uploads\/2016\/06\/fotonoticia_20160616155134_800-768x511.jpg 768w, https:\/\/eldigitaldeasturias.com\/magazine365\/wp-content\/uploads\/2016\/06\/fotonoticia_20160616155134_800-150x100.jpg 150w, https:\/\/eldigitaldeasturias.com\/magazine365\/wp-content\/uploads\/2016\/06\/fotonoticia_20160616155134_800-450x299.jpg 450w, https:\/\/eldigitaldeasturias.com\/magazine365\/wp-content\/uploads\/2016\/06\/fotonoticia_20160616155134_800-121x79.jpg 121w, https:\/\/eldigitaldeasturias.com\/magazine365\/wp-content\/uploads\/2016\/06\/fotonoticia_20160616155134_800-101x66.jpg 101w, https:\/\/eldigitaldeasturias.com\/magazine365\/wp-content\/uploads\/2016\/06\/fotonoticia_20160616155134_800.jpg 800w\" sizes=\"(max-width: 360px) 100vw, 360px\" \/>La Junta de Castilla y Le\u00f3n se suma a las celebraciones del &#8216;D\u00eda Mundial de la Tapa&#8217; que se conmemora este jueves 16 de junio en todo el mundo, con una propuesta de promoci\u00f3n de la gastronom\u00eda vinculada al IV Centenario de la muerte de Cervantes, conmemoraci\u00f3n cultural de la que forma parte la Comunidad.<\/p>\n<p>En concreto, Castilla y Le\u00f3n apuesta por la sinergia entre gastronom\u00eda y eventos culturales, con el objetivo de \u00abrentabilizar\u00bb tur\u00edsticamente su programa de conmemoraciones. La acci\u00f3n gastron\u00f3mica es una propuesta de la Academia Castellana y Leonesa de Gastronom\u00eda y Alimentaci\u00f3n, con la colaboraci\u00f3n de la Consejer\u00eda de Cultura y Turismo, que se inicia hoy y se prolongar\u00e1 durante todo el a\u00f1o 2016.<\/p>\n<p>La Consejer\u00eda de Cultura y Turismo participa de los actos del &#8216;D\u00eda Mundial de la Tapa&#8217;, que se celebra en 29 pa\u00edses de todo el mundo, con el objetivo de promocionar la riqueza gastron\u00f3mica de nuestro pa\u00eds a nivel mundial.<\/p>\n<p>La propuesta gastron\u00f3mica &#8216;Tapas Cervantinas en Castilla y Le\u00f3n&#8217; surge de la Academia Castellana y Leonesa de Gastronom\u00eda y Alimentaci\u00f3n y cuenta con la colaboraci\u00f3n de la Consejer\u00eda de Cultura y Turismo. En la presentaci\u00f3n del evento, que ha contado con la presencia del director general de Turismo, Javier Ram\u00edrez, y del acad\u00e9mico de la Academia de Gastronom\u00eda Santiago de Castro, adem\u00e1s de nueve cocineros representantes de las provincias de Castilla y Le\u00f3n, se ha puesto en valor la importancia de la cocina en las obras literarias de Miguel de Cervantes, que tuvo una destacada vinculaci\u00f3n con Castilla y Le\u00f3n.<\/p>\n<p>Con la uni\u00f3n de la gastronom\u00eda y los eventos culturales se quiere poner en valor la parte m\u00e1s tur\u00edstica de la conmemoraci\u00f3n, buscando una mayor rentabilidad econ\u00f3mica, as\u00ed como una dinamizaci\u00f3n del sector empresarial. Ambos son objetivos prioritarios que identifica el Plan Estrat\u00e9gico de Turismo de Castilla y Le\u00f3n, como medidas de apoyo al turismo gastron\u00f3mico, y que son pilares fundamentales del desarrollo de la nueva Mesa de la Gastronom\u00eda, que ya se ha formalizado y se va a constituir pr\u00f3ximamente, como herramienta de asesoramiento y apoyo al sector.<\/p>\n<h2 class=\"ladillo\">JORNADAS &#8216;TAPAS CERVANTINAS EN CASTILLA Y LE\u00d3N&#8217;<\/h2>\n<p>Desde la Academia Castellana y Leonesa de Gastronom\u00eda y Alimentaci\u00f3n se ha trabajado en la identificaci\u00f3n de la cocina en la \u00e9poca de Miguel de Cervantes, as\u00ed como en el asesoramiento de los empresarios hosteleros para poder materializarlo en una cocina en miniatura.<\/p>\n<p>Una vez desarrollado este trabajo previo, con la colaboraci\u00f3n de la Junta, se inician ahora las Jornadas &#8216;Tapas Cervantinas&#8217;, que se prolongar\u00e1n durante todo el a\u00f1o 2016. El objetivo es que, tras la presentaci\u00f3n realizada hoy con la presencia de nueve cocineros representantes de las nueve provincias de la Comunidad, todos aquellos hosteleros interesados en adherirse a la actividad puedan hacerlo a trav\u00e9s de la p\u00e1gina web de turismo <a href=\"http:\/\/www.turismocastillayleon.com\/\" target=\"_blank\">www.turismocastillayleon.com<\/a> , donde tendr\u00e1n que rellenar un formulario online con los datos del restaurante, localizaci\u00f3n y datos de la tapa a elaborar entre las propuestas.<\/p>\n<p>Todos los restaurantes de Castilla y Le\u00f3n que se adhieran a la promoci\u00f3n se incorporar\u00e1n a un mapa regional online de ubicaci\u00f3n de los mismos y pasar\u00e1n a formar parte de la promoci\u00f3n que se va a realizar a trav\u00e9s de los diferentes canales promocionales de la Consejer\u00eda, con una destacada promoci\u00f3n online en la b\u00fasqueda de nuevos p\u00fablicos. Adem\u00e1s, aquellos restaurantes participantes tendr\u00e1n en sus establecimientos un distintivo que les acredite oficialmente como &#8216;Tapa Cervantina. Establecimiento Participante&#8217;.<\/p>\n<p>En la presentaci\u00f3n de la acci\u00f3n gastron\u00f3mica se han elaborado tapas tan sugerentes como &#8216;Manjar blanco en bu\u00f1uelos&#8217;, &#8216;Cavial de M\u00fajol&#8217;, &#8216;Salpic\u00f3n&#8217;, &#8216;Lentejas&#8217;, &#8216;Duelos y Quebrantos&#8217;, &#8216;Hojuelas con requesones&#8217;, &#8216;Tasajo&#8217; o &#8216;Palominos&#8217;, adaptadas a una cocina innovadora y en un formato de cocina en miniatura. Adem\u00e1s, la presentaci\u00f3n ha contado con la colaboraci\u00f3n de las cinco Rutas del Vino de Castilla y Le\u00f3n, que han maridado las tapas elaboradas con vinos de las Denominaciones de Origen Arlanza, Bierzo, Cigales, Ribera del Duero y Rueda.<\/p>\n","protected":false},"excerpt":{"rendered":"<p>La Junta de Castilla y Le\u00f3n se suma a las celebraciones del &#8216;D\u00eda Mundial de la Tapa&#8217; que se conmemora este jueves 16 de junio en todo el mundo, con una propuesta de promoci\u00f3n de la gastronom\u00eda vinculada al IV Centenario de la muerte de Cervantes, conmemoraci\u00f3n cultural de la que forma parte la Comunidad.<\/p>\n","protected":false},"author":1,"featured_media":79699,"comment_status":"open","ping_status":"closed","sticky":false,"template":"","format":"standard","meta":{"footnotes":""},"categories":[224],"tags":[],"class_list":{"0":"post-79698","1":"post","2":"type-post","3":"status-publish","4":"format-standard","5":"has-post-thumbnail","7":"category-noticias-actualidad"},"aioseo_notices":[],"aioseo_head":"\n\t\t<!-- All in One SEO Pro 4.9.6.1 - aioseo.com -->\n\t<meta name=\"description\" content=\"La Junta de Castilla y Le\u00f3n se suma a las celebraciones del &#039;D\u00eda Mundial de la Tapa&#039; que se conmemora este jueves 16 de junio en todo el mundo, con una propuesta de promoci\u00f3n de la gastronom\u00eda vinculada al IV Centenario de la muerte de Cervantes, conmemoraci\u00f3n cultural de la que forma parte la Comunidad.\" \/>\n\t<meta name=\"robots\" content=\"max-image-preview:large\" \/>\n\t<meta name=\"author\" content=\"admin\"\/>\n\t<meta name=\"google-site-verification\" content=\"UA-38556648-1\" \/>\n\t<meta name=\"keywords\" content=\"noticias y actualidad\" \/>\n\t<link rel=\"canonical\" href=\"https:\/\/eldigitaldeasturias.com\/magazine365\/cyl-celebra-el-dia-mundial-de-la-tapa-vinculandola-con-la-conmemoracion-de-la-muerte-de-cervantes\/\" \/>\n\t<meta name=\"generator\" content=\"All in One SEO Pro (AIOSEO) 4.9.6.1\" \/>\n\t\t<meta property=\"og:locale\" content=\"es_ES\" \/>\n\t\t<meta property=\"og:site_name\" content=\"El Digital de Asturias \u2013 Revista de ocio, turismo y estilo de vida\" \/>\n\t\t<meta property=\"og:type\" content=\"article\" \/>\n\t\t<meta property=\"og:title\" content=\"CyL celebra el D\u00eda Mundial de la Tapa vincul\u00e1ndola con la conmemoraci\u00f3n de la muerte de Cervantes | El Digital de Asturias\" \/>\n\t\t<meta property=\"og:description\" content=\"La Junta de Castilla y Le\u00f3n se suma a las celebraciones del &#039;D\u00eda Mundial de la Tapa&#039; que se conmemora este jueves 16 de junio en todo el mundo, con una propuesta de promoci\u00f3n de la gastronom\u00eda vinculada al IV Centenario de la muerte de Cervantes, conmemoraci\u00f3n cultural de la que forma parte la Comunidad.\" \/>\n\t\t<meta property=\"og:url\" content=\"https:\/\/eldigitaldeasturias.com\/magazine365\/cyl-celebra-el-dia-mundial-de-la-tapa-vinculandola-con-la-conmemoracion-de-la-muerte-de-cervantes\/\" \/>\n\t\t<meta property=\"og:image\" content=\"https:\/\/eldigitaldeasturias.com\/magazine365\/wp-content\/uploads\/2016\/06\/fotonoticia_20160616155134_800.jpg\" \/>\n\t\t<meta property=\"og:image:secure_url\" content=\"https:\/\/eldigitaldeasturias.com\/magazine365\/wp-content\/uploads\/2016\/06\/fotonoticia_20160616155134_800.jpg\" \/>\n\t\t<meta property=\"og:image:width\" content=\"800\" \/>\n\t\t<meta property=\"og:image:height\" content=\"532\" \/>\n\t\t<meta property=\"article:published_time\" content=\"2016-06-16T15:27:35+00:00\" \/>\n\t\t<meta property=\"article:modified_time\" content=\"2016-06-16T15:27:45+00:00\" \/>\n\t\t<meta name=\"twitter:card\" content=\"summary_large_image\" \/>\n\t\t<meta name=\"twitter:title\" content=\"CyL celebra el D\u00eda Mundial de la Tapa vincul\u00e1ndola con la conmemoraci\u00f3n de la muerte de Cervantes | El Digital de Asturias\" \/>\n\t\t<meta name=\"twitter:description\" content=\"La Junta de Castilla y Le\u00f3n se suma a las celebraciones del &#039;D\u00eda Mundial de la Tapa&#039; que se conmemora este jueves 16 de junio en todo el mundo, con una propuesta de promoci\u00f3n de la gastronom\u00eda vinculada al IV Centenario de la muerte de Cervantes, conmemoraci\u00f3n cultural de la que forma parte la Comunidad.\" \/>\n\t\t<meta name=\"twitter:image\" content=\"https:\/\/eldigitaldeasturias.com\/magazine365\/wp-content\/uploads\/2016\/06\/fotonoticia_20160616155134_800.jpg\" \/>\n\t\t<script type=\"application\/ld+json\" class=\"aioseo-schema\">\n\t\t\t{\"@context\":\"https:\\\/\\\/schema.org\",\"@graph\":[{\"@type\":\"Article\",\"@id\":\"https:\\\/\\\/eldigitaldeasturias.com\\\/magazine365\\\/cyl-celebra-el-dia-mundial-de-la-tapa-vinculandola-con-la-conmemoracion-de-la-muerte-de-cervantes\\\/#article\",\"name\":\"CyL celebra el D\\u00eda Mundial de la Tapa vincul\\u00e1ndola con la conmemoraci\\u00f3n de la muerte de Cervantes | El Digital de Asturias\",\"headline\":\"CyL celebra el D\\u00eda Mundial de la Tapa vincul\\u00e1ndola con la conmemoraci\\u00f3n de la muerte de Cervantes\",\"author\":{\"@id\":\"https:\\\/\\\/eldigitaldeasturias.com\\\/magazine365\\\/author\\\/admin\\\/#author\"},\"publisher\":{\"@id\":\"https:\\\/\\\/eldigitaldeasturias.com\\\/magazine365\\\/#organization\"},\"image\":{\"@type\":\"ImageObject\",\"url\":\"https:\\\/\\\/eldigitaldeasturias.com\\\/magazine365\\\/wp-content\\\/uploads\\\/2016\\\/06\\\/fotonoticia_20160616155134_800.jpg\",\"width\":800,\"height\":532},\"datePublished\":\"2016-06-16T17:27:35+02:00\",\"dateModified\":\"2016-06-16T17:27:45+02:00\",\"inLanguage\":\"es-ES\",\"mainEntityOfPage\":{\"@id\":\"https:\\\/\\\/eldigitaldeasturias.com\\\/magazine365\\\/cyl-celebra-el-dia-mundial-de-la-tapa-vinculandola-con-la-conmemoracion-de-la-muerte-de-cervantes\\\/#webpage\"},\"isPartOf\":{\"@id\":\"https:\\\/\\\/eldigitaldeasturias.com\\\/magazine365\\\/cyl-celebra-el-dia-mundial-de-la-tapa-vinculandola-con-la-conmemoracion-de-la-muerte-de-cervantes\\\/#webpage\"},\"articleSection\":\"Noticias y Actualidad\"},{\"@type\":\"BreadcrumbList\",\"@id\":\"https:\\\/\\\/eldigitaldeasturias.com\\\/magazine365\\\/cyl-celebra-el-dia-mundial-de-la-tapa-vinculandola-con-la-conmemoracion-de-la-muerte-de-cervantes\\\/#breadcrumblist\",\"itemListElement\":[{\"@type\":\"ListItem\",\"@id\":\"https:\\\/\\\/eldigitaldeasturias.com\\\/magazine365#listItem\",\"position\":1,\"name\":\"Home\",\"item\":\"https:\\\/\\\/eldigitaldeasturias.com\\\/magazine365\",\"nextItem\":{\"@type\":\"ListItem\",\"@id\":\"https:\\\/\\\/eldigitaldeasturias.com\\\/magazine365\\\/category\\\/noticias-actualidad\\\/#listItem\",\"name\":\"Noticias y Actualidad\"}},{\"@type\":\"ListItem\",\"@id\":\"https:\\\/\\\/eldigitaldeasturias.com\\\/magazine365\\\/category\\\/noticias-actualidad\\\/#listItem\",\"position\":2,\"name\":\"Noticias y Actualidad\",\"item\":\"https:\\\/\\\/eldigitaldeasturias.com\\\/magazine365\\\/category\\\/noticias-actualidad\\\/\",\"nextItem\":{\"@type\":\"ListItem\",\"@id\":\"https:\\\/\\\/eldigitaldeasturias.com\\\/magazine365\\\/cyl-celebra-el-dia-mundial-de-la-tapa-vinculandola-con-la-conmemoracion-de-la-muerte-de-cervantes\\\/#listItem\",\"name\":\"CyL celebra el D\\u00eda Mundial de la Tapa vincul\\u00e1ndola con la conmemoraci\\u00f3n de la muerte de Cervantes\"},\"previousItem\":{\"@type\":\"ListItem\",\"@id\":\"https:\\\/\\\/eldigitaldeasturias.com\\\/magazine365#listItem\",\"name\":\"Home\"}},{\"@type\":\"ListItem\",\"@id\":\"https:\\\/\\\/eldigitaldeasturias.com\\\/magazine365\\\/cyl-celebra-el-dia-mundial-de-la-tapa-vinculandola-con-la-conmemoracion-de-la-muerte-de-cervantes\\\/#listItem\",\"position\":3,\"name\":\"CyL celebra el D\\u00eda Mundial de la Tapa vincul\\u00e1ndola con la conmemoraci\\u00f3n de la muerte de Cervantes\",\"previousItem\":{\"@type\":\"ListItem\",\"@id\":\"https:\\\/\\\/eldigitaldeasturias.com\\\/magazine365\\\/category\\\/noticias-actualidad\\\/#listItem\",\"name\":\"Noticias y Actualidad\"}}]},{\"@type\":\"Organization\",\"@id\":\"https:\\\/\\\/eldigitaldeasturias.com\\\/magazine365\\\/#organization\",\"name\":\"El digital de Asturias\",\"description\":\"Revista de ocio, turismo y estilo de vida\",\"url\":\"https:\\\/\\\/eldigitaldeasturias.com\\\/magazine365\\\/\",\"logo\":{\"@type\":\"ImageObject\",\"url\":\"https:\\\/\\\/www.eldigitaldeasturias.com\\\/noticias\\\/wp-content\\\/uploads\\\/2020\\\/12\\\/EDA.jpg\",\"@id\":\"https:\\\/\\\/eldigitaldeasturias.com\\\/magazine365\\\/cyl-celebra-el-dia-mundial-de-la-tapa-vinculandola-con-la-conmemoracion-de-la-muerte-de-cervantes\\\/#organizationLogo\"},\"image\":{\"@id\":\"https:\\\/\\\/eldigitaldeasturias.com\\\/magazine365\\\/cyl-celebra-el-dia-mundial-de-la-tapa-vinculandola-con-la-conmemoracion-de-la-muerte-de-cervantes\\\/#organizationLogo\"}},{\"@type\":\"Person\",\"@id\":\"https:\\\/\\\/eldigitaldeasturias.com\\\/magazine365\\\/author\\\/admin\\\/#author\",\"url\":\"https:\\\/\\\/eldigitaldeasturias.com\\\/magazine365\\\/author\\\/admin\\\/\",\"name\":\"admin\",\"image\":{\"@type\":\"ImageObject\",\"@id\":\"https:\\\/\\\/eldigitaldeasturias.com\\\/magazine365\\\/cyl-celebra-el-dia-mundial-de-la-tapa-vinculandola-con-la-conmemoracion-de-la-muerte-de-cervantes\\\/#authorImage\",\"url\":\"https:\\\/\\\/eldigitaldeasturias.com\\\/magazine365\\\/wp-content\\\/litespeed\\\/avatar\\\/e571bcf59a0edd6fa6838245a470f2fe.jpg?ver=1776969259\",\"width\":96,\"height\":96,\"caption\":\"admin\"}},{\"@type\":\"WebPage\",\"@id\":\"https:\\\/\\\/eldigitaldeasturias.com\\\/magazine365\\\/cyl-celebra-el-dia-mundial-de-la-tapa-vinculandola-con-la-conmemoracion-de-la-muerte-de-cervantes\\\/#webpage\",\"url\":\"https:\\\/\\\/eldigitaldeasturias.com\\\/magazine365\\\/cyl-celebra-el-dia-mundial-de-la-tapa-vinculandola-con-la-conmemoracion-de-la-muerte-de-cervantes\\\/\",\"name\":\"CyL celebra el D\\u00eda Mundial de la Tapa vincul\\u00e1ndola con la conmemoraci\\u00f3n de la muerte de Cervantes | El Digital de Asturias\",\"description\":\"La Junta de Castilla y Le\\u00f3n se suma a las celebraciones del 'D\\u00eda Mundial de la Tapa' que se conmemora este jueves 16 de junio en todo el mundo, con una propuesta de promoci\\u00f3n de la gastronom\\u00eda vinculada al IV Centenario de la muerte de Cervantes, conmemoraci\\u00f3n cultural de la que forma parte la Comunidad.\",\"inLanguage\":\"es-ES\",\"isPartOf\":{\"@id\":\"https:\\\/\\\/eldigitaldeasturias.com\\\/magazine365\\\/#website\"},\"breadcrumb\":{\"@id\":\"https:\\\/\\\/eldigitaldeasturias.com\\\/magazine365\\\/cyl-celebra-el-dia-mundial-de-la-tapa-vinculandola-con-la-conmemoracion-de-la-muerte-de-cervantes\\\/#breadcrumblist\"},\"author\":{\"@id\":\"https:\\\/\\\/eldigitaldeasturias.com\\\/magazine365\\\/author\\\/admin\\\/#author\"},\"creator\":{\"@id\":\"https:\\\/\\\/eldigitaldeasturias.com\\\/magazine365\\\/author\\\/admin\\\/#author\"},\"image\":{\"@type\":\"ImageObject\",\"url\":\"https:\\\/\\\/eldigitaldeasturias.com\\\/magazine365\\\/wp-content\\\/uploads\\\/2016\\\/06\\\/fotonoticia_20160616155134_800.jpg\",\"@id\":\"https:\\\/\\\/eldigitaldeasturias.com\\\/magazine365\\\/cyl-celebra-el-dia-mundial-de-la-tapa-vinculandola-con-la-conmemoracion-de-la-muerte-de-cervantes\\\/#mainImage\",\"width\":800,\"height\":532},\"primaryImageOfPage\":{\"@id\":\"https:\\\/\\\/eldigitaldeasturias.com\\\/magazine365\\\/cyl-celebra-el-dia-mundial-de-la-tapa-vinculandola-con-la-conmemoracion-de-la-muerte-de-cervantes\\\/#mainImage\"},\"datePublished\":\"2016-06-16T17:27:35+02:00\",\"dateModified\":\"2016-06-16T17:27:45+02:00\"},{\"@type\":\"WebSite\",\"@id\":\"https:\\\/\\\/eldigitaldeasturias.com\\\/magazine365\\\/#website\",\"url\":\"https:\\\/\\\/eldigitaldeasturias.com\\\/magazine365\\\/\",\"name\":\"El Digital de Asturias\",\"description\":\"Revista de ocio, turismo y estilo de vida\",\"inLanguage\":\"es-ES\",\"publisher\":{\"@id\":\"https:\\\/\\\/eldigitaldeasturias.com\\\/magazine365\\\/#organization\"}}]}\n\t\t<\/script>\n\t\t<!-- All in One SEO Pro -->\r\n\t\t<title>CyL celebra el D\u00eda Mundial de la Tapa vincul\u00e1ndola con la conmemoraci\u00f3n de la muerte de Cervantes | El Digital de Asturias<\/title>\n\n","aioseo_head_json":{"title":"CyL celebra el D\u00eda Mundial de la Tapa vincul\u00e1ndola con la conmemoraci\u00f3n de la muerte de Cervantes | El Digital de Asturias","description":"La Junta de Castilla y Le\u00f3n se suma a las celebraciones del 'D\u00eda Mundial de la Tapa' que se conmemora este jueves 16 de junio en todo el mundo, con una propuesta de promoci\u00f3n de la gastronom\u00eda vinculada al IV Centenario de la muerte de Cervantes, conmemoraci\u00f3n cultural de la que forma parte la Comunidad.","canonical_url":"https:\/\/eldigitaldeasturias.com\/magazine365\/cyl-celebra-el-dia-mundial-de-la-tapa-vinculandola-con-la-conmemoracion-de-la-muerte-de-cervantes\/","robots":"max-image-preview:large","keywords":"noticias y actualidad","webmasterTools":{"google-site-verification":"UA-38556648-1","miscellaneous":""},"schema":{"@context":"https:\/\/schema.org","@graph":[{"@type":"Article","@id":"https:\/\/eldigitaldeasturias.com\/magazine365\/cyl-celebra-el-dia-mundial-de-la-tapa-vinculandola-con-la-conmemoracion-de-la-muerte-de-cervantes\/#article","name":"CyL celebra el D\u00eda Mundial de la Tapa vincul\u00e1ndola con la conmemoraci\u00f3n de la muerte de Cervantes | El Digital de Asturias","headline":"CyL celebra el D\u00eda Mundial de la Tapa vincul\u00e1ndola con la conmemoraci\u00f3n de la muerte de Cervantes","author":{"@id":"https:\/\/eldigitaldeasturias.com\/magazine365\/author\/admin\/#author"},"publisher":{"@id":"https:\/\/eldigitaldeasturias.com\/magazine365\/#organization"},"image":{"@type":"ImageObject","url":"https:\/\/eldigitaldeasturias.com\/magazine365\/wp-content\/uploads\/2016\/06\/fotonoticia_20160616155134_800.jpg","width":800,"height":532},"datePublished":"2016-06-16T17:27:35+02:00","dateModified":"2016-06-16T17:27:45+02:00","inLanguage":"es-ES","mainEntityOfPage":{"@id":"https:\/\/eldigitaldeasturias.com\/magazine365\/cyl-celebra-el-dia-mundial-de-la-tapa-vinculandola-con-la-conmemoracion-de-la-muerte-de-cervantes\/#webpage"},"isPartOf":{"@id":"https:\/\/eldigitaldeasturias.com\/magazine365\/cyl-celebra-el-dia-mundial-de-la-tapa-vinculandola-con-la-conmemoracion-de-la-muerte-de-cervantes\/#webpage"},"articleSection":"Noticias y Actualidad"},{"@type":"BreadcrumbList","@id":"https:\/\/eldigitaldeasturias.com\/magazine365\/cyl-celebra-el-dia-mundial-de-la-tapa-vinculandola-con-la-conmemoracion-de-la-muerte-de-cervantes\/#breadcrumblist","itemListElement":[{"@type":"ListItem","@id":"https:\/\/eldigitaldeasturias.com\/magazine365#listItem","position":1,"name":"Home","item":"https:\/\/eldigitaldeasturias.com\/magazine365","nextItem":{"@type":"ListItem","@id":"https:\/\/eldigitaldeasturias.com\/magazine365\/category\/noticias-actualidad\/#listItem","name":"Noticias y Actualidad"}},{"@type":"ListItem","@id":"https:\/\/eldigitaldeasturias.com\/magazine365\/category\/noticias-actualidad\/#listItem","position":2,"name":"Noticias y Actualidad","item":"https:\/\/eldigitaldeasturias.com\/magazine365\/category\/noticias-actualidad\/","nextItem":{"@type":"ListItem","@id":"https:\/\/eldigitaldeasturias.com\/magazine365\/cyl-celebra-el-dia-mundial-de-la-tapa-vinculandola-con-la-conmemoracion-de-la-muerte-de-cervantes\/#listItem","name":"CyL celebra el D\u00eda Mundial de la Tapa vincul\u00e1ndola con la conmemoraci\u00f3n de la muerte de Cervantes"},"previousItem":{"@type":"ListItem","@id":"https:\/\/eldigitaldeasturias.com\/magazine365#listItem","name":"Home"}},{"@type":"ListItem","@id":"https:\/\/eldigitaldeasturias.com\/magazine365\/cyl-celebra-el-dia-mundial-de-la-tapa-vinculandola-con-la-conmemoracion-de-la-muerte-de-cervantes\/#listItem","position":3,"name":"CyL celebra el D\u00eda Mundial de la Tapa vincul\u00e1ndola con la conmemoraci\u00f3n de la muerte de Cervantes","previousItem":{"@type":"ListItem","@id":"https:\/\/eldigitaldeasturias.com\/magazine365\/category\/noticias-actualidad\/#listItem","name":"Noticias y Actualidad"}}]},{"@type":"Organization","@id":"https:\/\/eldigitaldeasturias.com\/magazine365\/#organization","name":"El digital de Asturias","description":"Revista de ocio, turismo y estilo de vida","url":"https:\/\/eldigitaldeasturias.com\/magazine365\/","logo":{"@type":"ImageObject","url":"https:\/\/www.eldigitaldeasturias.com\/noticias\/wp-content\/uploads\/2020\/12\/EDA.jpg","@id":"https:\/\/eldigitaldeasturias.com\/magazine365\/cyl-celebra-el-dia-mundial-de-la-tapa-vinculandola-con-la-conmemoracion-de-la-muerte-de-cervantes\/#organizationLogo"},"image":{"@id":"https:\/\/eldigitaldeasturias.com\/magazine365\/cyl-celebra-el-dia-mundial-de-la-tapa-vinculandola-con-la-conmemoracion-de-la-muerte-de-cervantes\/#organizationLogo"}},{"@type":"Person","@id":"https:\/\/eldigitaldeasturias.com\/magazine365\/author\/admin\/#author","url":"https:\/\/eldigitaldeasturias.com\/magazine365\/author\/admin\/","name":"admin","image":{"@type":"ImageObject","@id":"https:\/\/eldigitaldeasturias.com\/magazine365\/cyl-celebra-el-dia-mundial-de-la-tapa-vinculandola-con-la-conmemoracion-de-la-muerte-de-cervantes\/#authorImage","url":"https:\/\/eldigitaldeasturias.com\/magazine365\/wp-content\/litespeed\/avatar\/e571bcf59a0edd6fa6838245a470f2fe.jpg?ver=1776969259","width":96,"height":96,"caption":"admin"}},{"@type":"WebPage","@id":"https:\/\/eldigitaldeasturias.com\/magazine365\/cyl-celebra-el-dia-mundial-de-la-tapa-vinculandola-con-la-conmemoracion-de-la-muerte-de-cervantes\/#webpage","url":"https:\/\/eldigitaldeasturias.com\/magazine365\/cyl-celebra-el-dia-mundial-de-la-tapa-vinculandola-con-la-conmemoracion-de-la-muerte-de-cervantes\/","name":"CyL celebra el D\u00eda Mundial de la Tapa vincul\u00e1ndola con la conmemoraci\u00f3n de la muerte de Cervantes | El Digital de Asturias","description":"La Junta de Castilla y Le\u00f3n se suma a las celebraciones del 'D\u00eda Mundial de la Tapa' que se conmemora este jueves 16 de junio en todo el mundo, con una propuesta de promoci\u00f3n de la gastronom\u00eda vinculada al IV Centenario de la muerte de Cervantes, conmemoraci\u00f3n cultural de la que forma parte la Comunidad.","inLanguage":"es-ES","isPartOf":{"@id":"https:\/\/eldigitaldeasturias.com\/magazine365\/#website"},"breadcrumb":{"@id":"https:\/\/eldigitaldeasturias.com\/magazine365\/cyl-celebra-el-dia-mundial-de-la-tapa-vinculandola-con-la-conmemoracion-de-la-muerte-de-cervantes\/#breadcrumblist"},"author":{"@id":"https:\/\/eldigitaldeasturias.com\/magazine365\/author\/admin\/#author"},"creator":{"@id":"https:\/\/eldigitaldeasturias.com\/magazine365\/author\/admin\/#author"},"image":{"@type":"ImageObject","url":"https:\/\/eldigitaldeasturias.com\/magazine365\/wp-content\/uploads\/2016\/06\/fotonoticia_20160616155134_800.jpg","@id":"https:\/\/eldigitaldeasturias.com\/magazine365\/cyl-celebra-el-dia-mundial-de-la-tapa-vinculandola-con-la-conmemoracion-de-la-muerte-de-cervantes\/#mainImage","width":800,"height":532},"primaryImageOfPage":{"@id":"https:\/\/eldigitaldeasturias.com\/magazine365\/cyl-celebra-el-dia-mundial-de-la-tapa-vinculandola-con-la-conmemoracion-de-la-muerte-de-cervantes\/#mainImage"},"datePublished":"2016-06-16T17:27:35+02:00","dateModified":"2016-06-16T17:27:45+02:00"},{"@type":"WebSite","@id":"https:\/\/eldigitaldeasturias.com\/magazine365\/#website","url":"https:\/\/eldigitaldeasturias.com\/magazine365\/","name":"El Digital de Asturias","description":"Revista de ocio, turismo y estilo de vida","inLanguage":"es-ES","publisher":{"@id":"https:\/\/eldigitaldeasturias.com\/magazine365\/#organization"}}]},"og:locale":"es_ES","og:site_name":"El Digital de Asturias \u2013 Revista de ocio, turismo y estilo de vida","og:type":"article","og:title":"CyL celebra el D\u00eda Mundial de la Tapa vincul\u00e1ndola con la conmemoraci\u00f3n de la muerte de Cervantes | El Digital de Asturias","og:description":"La Junta de Castilla y Le\u00f3n se suma a las celebraciones del 'D\u00eda Mundial de la Tapa' que se conmemora este jueves 16 de junio en todo el mundo, con una propuesta de promoci\u00f3n de la gastronom\u00eda vinculada al IV Centenario de la muerte de Cervantes, conmemoraci\u00f3n cultural de la que forma parte la Comunidad.","og:url":"https:\/\/eldigitaldeasturias.com\/magazine365\/cyl-celebra-el-dia-mundial-de-la-tapa-vinculandola-con-la-conmemoracion-de-la-muerte-de-cervantes\/","og:image":"https:\/\/eldigitaldeasturias.com\/magazine365\/wp-content\/uploads\/2016\/06\/fotonoticia_20160616155134_800.jpg","og:image:secure_url":"https:\/\/eldigitaldeasturias.com\/magazine365\/wp-content\/uploads\/2016\/06\/fotonoticia_20160616155134_800.jpg","og:image:width":800,"og:image:height":532,"article:published_time":"2016-06-16T15:27:35+00:00","article:modified_time":"2016-06-16T15:27:45+00:00","twitter:card":"summary_large_image","twitter:title":"CyL celebra el D\u00eda Mundial de la Tapa vincul\u00e1ndola con la conmemoraci\u00f3n de la muerte de Cervantes | El Digital de Asturias","twitter:description":"La Junta de Castilla y Le\u00f3n se suma a las celebraciones del 'D\u00eda Mundial de la Tapa' que se conmemora este jueves 16 de junio en todo el mundo, con una propuesta de promoci\u00f3n de la gastronom\u00eda vinculada al IV Centenario de la muerte de Cervantes, conmemoraci\u00f3n cultural de la que forma parte la Comunidad.","twitter:image":"https:\/\/eldigitaldeasturias.com\/magazine365\/wp-content\/uploads\/2016\/06\/fotonoticia_20160616155134_800.jpg"},"aioseo_meta_data":{"post_id":"79698","title":null,"description":null,"keywords":null,"keyphrases":null,"primary_term":null,"canonical_url":null,"og_title":null,"og_description":null,"og_object_type":"default","og_image_type":"default","og_image_url":null,"og_image_width":null,"og_image_height":null,"og_image_custom_url":null,"og_image_custom_fields":null,"og_video":null,"og_custom_url":null,"og_article_section":null,"og_article_tags":null,"twitter_use_og":false,"twitter_card":"default","twitter_image_type":"default","twitter_image_url":null,"twitter_image_custom_url":null,"twitter_image_custom_fields":null,"twitter_title":null,"twitter_description":null,"schema":{"blockGraphs":[],"customGraphs":[],"default":{"data":{"Article":[],"Course":[],"Dataset":[],"FAQPage":[],"Movie":[],"Person":[],"Product":[],"ProductReview":[],"Car":[],"Recipe":[],"Service":[],"SoftwareApplication":[],"WebPage":[]},"graphName":"","isEnabled":true},"graphs":[],"defaultGraph":"","defaultPostTypeGraph":""},"schema_type":null,"schema_type_options":null,"pillar_content":false,"robots_default":true,"robots_noindex":false,"robots_noarchive":false,"robots_nosnippet":false,"robots_nofollow":false,"robots_noimageindex":false,"robots_noodp":false,"robots_notranslate":false,"robots_max_snippet":null,"robots_max_videopreview":null,"robots_max_imagepreview":"large","priority":null,"frequency":null,"location":null,"local_seo":null,"seo_analyzer_scan_date":"2025-09-27 19:23:12","breadcrumb_settings":null,"limit_modified_date":false,"open_ai":null,"ai":null,"created":"2021-03-08 17:45:23","updated":"2025-09-27 19:23:12"},"aioseo_breadcrumb":"<div class=\"aioseo-breadcrumbs\"><span class=\"aioseo-breadcrumb\">\n\t<a href=\"https:\/\/eldigitaldeasturias.com\/magazine365\" title=\"Home\">Home<\/a>\n<\/span><span class=\"aioseo-breadcrumb-separator\">\u2013<\/span><span class=\"aioseo-breadcrumb\">\n\t<a href=\"https:\/\/eldigitaldeasturias.com\/magazine365\/category\/noticias-actualidad\/\" title=\"Noticias y Actualidad\">Noticias y Actualidad<\/a>\n<\/span><span class=\"aioseo-breadcrumb-separator\">\u2013<\/span><span class=\"aioseo-breadcrumb\">\n\t<a href=\"https:\/\/eldigitaldeasturias.com\/magazine365\/cyl-celebra-el-dia-mundial-de-la-tapa-vinculandola-con-la-conmemoracion-de-la-muerte-de-cervantes\/\" title=\"CyL celebra el D\u00eda Mundial de la Tapa vincul\u00e1ndola con la conmemoraci\u00f3n de la muerte de Cervantes\">CyL celebra el D\u00eda Mundial de la Tapa vincul\u00e1ndola con la conmemoraci\u00f3n de la muerte de Cervantes<\/a>\n<\/span><\/div>","aioseo_breadcrumb_json":[{"label":"Home","link":"https:\/\/eldigitaldeasturias.com\/magazine365"},{"label":"Noticias y Actualidad","link":"https:\/\/eldigitaldeasturias.com\/magazine365\/category\/noticias-actualidad\/"},{"label":"CyL celebra el D\u00eda Mundial de la Tapa vincul\u00e1ndola con la conmemoraci\u00f3n de la muerte de Cervantes","link":"https:\/\/eldigitaldeasturias.com\/magazine365\/cyl-celebra-el-dia-mundial-de-la-tapa-vinculandola-con-la-conmemoracion-de-la-muerte-de-cervantes\/"}],"_links":{"self":[{"href":"https:\/\/eldigitaldeasturias.com\/magazine365\/wp-json\/wp\/v2\/posts\/79698","targetHints":{"allow":["GET"]}}],"collection":[{"href":"https:\/\/eldigitaldeasturias.com\/magazine365\/wp-json\/wp\/v2\/posts"}],"about":[{"href":"https:\/\/eldigitaldeasturias.com\/magazine365\/wp-json\/wp\/v2\/types\/post"}],"author":[{"embeddable":true,"href":"https:\/\/eldigitaldeasturias.com\/magazine365\/wp-json\/wp\/v2\/users\/1"}],"replies":[{"embeddable":true,"href":"https:\/\/eldigitaldeasturias.com\/magazine365\/wp-json\/wp\/v2\/comments?post=79698"}],"version-history":[{"count":0,"href":"https:\/\/eldigitaldeasturias.com\/magazine365\/wp-json\/wp\/v2\/posts\/79698\/revisions"}],"wp:featuredmedia":[{"embeddable":true,"href":"https:\/\/eldigitaldeasturias.com\/magazine365\/wp-json\/wp\/v2\/media\/79699"}],"wp:attachment":[{"href":"https:\/\/eldigitaldeasturias.com\/magazine365\/wp-json\/wp\/v2\/media?parent=79698"}],"wp:term":[{"taxonomy":"category","embeddable":true,"href":"https:\/\/eldigitaldeasturias.com\/magazine365\/wp-json\/wp\/v2\/categories?post=79698"},{"taxonomy":"post_tag","embeddable":true,"href":"https:\/\/eldigitaldeasturias.com\/magazine365\/wp-json\/wp\/v2\/tags?post=79698"}],"curies":[{"name":"wp","href":"https:\/\/api.w.org\/{rel}","templated":true}]}}