{"id":79693,"date":"2016-06-16T17:25:49","date_gmt":"2016-06-16T15:25:49","guid":{"rendered":"http:\/\/eldigitaldeasturias.com\/magazine365\/?p=79693"},"modified":"2016-06-16T17:26:07","modified_gmt":"2016-06-16T15:26:07","slug":"mendez-de-vigo-defiende-que-la-tapa-constituye-uno-de-los-signos-distintivos-de-la-marca-espana","status":"publish","type":"post","link":"https:\/\/eldigitaldeasturias.com\/magazine365\/mendez-de-vigo-defiende-que-la-tapa-constituye-uno-de-los-signos-distintivos-de-la-marca-espana\/","title":{"rendered":"M\u00e9ndez de Vigo defiende que la tapa es uno de los signos distintivos de la Marca Espa\u00f1a"},"content":{"rendered":"<p><img fetchpriority=\"high\" decoding=\"async\" class=\"alignleft size-medium wp-image-79694\" src=\"https:\/\/eldigitaldeasturias.com\/magazine365\/wp-content\/uploads\/2016\/06\/fotonoticia_20160616155017_800-225x300.jpg\" alt=\"fotonoticia_20160616155017_800\" width=\"225\" height=\"300\" srcset=\"https:\/\/eldigitaldeasturias.com\/magazine365\/wp-content\/uploads\/2016\/06\/fotonoticia_20160616155017_800-225x300.jpg 225w, https:\/\/eldigitaldeasturias.com\/magazine365\/wp-content\/uploads\/2016\/06\/fotonoticia_20160616155017_800-480x640.jpg 480w, https:\/\/eldigitaldeasturias.com\/magazine365\/wp-content\/uploads\/2016\/06\/fotonoticia_20160616155017_800-768x1024.jpg 768w, https:\/\/eldigitaldeasturias.com\/magazine365\/wp-content\/uploads\/2016\/06\/fotonoticia_20160616155017_800-150x200.jpg 150w, https:\/\/eldigitaldeasturias.com\/magazine365\/wp-content\/uploads\/2016\/06\/fotonoticia_20160616155017_800-450x600.jpg 450w, https:\/\/eldigitaldeasturias.com\/magazine365\/wp-content\/uploads\/2016\/06\/fotonoticia_20160616155017_800.jpg 800w\" sizes=\"(max-width: 225px) 100vw, 225px\" \/>El ministro de Educaci\u00f3n, Cultura y Deporte en funciones, I\u00f1igo M\u00e9ndez de Vigo, ha defendido este jueves 16 de junio que la tapa constituye \u00abuno de los signos distintivos de la Marca Espa\u00f1a\u00bb y ha a\u00f1adido que si algo une a los espa\u00f1oles son \u00abla tortilla de patatas, las croquetas, la ensaladilla rusa, las patatas bravas\u00bb.<\/p>\n<p>As\u00ed lo ha puesto de manifiesto el titular de la cartera de Cultura en declaraciones a los periodistas, realizadas en el Mercado de Vallehermoso de Madrid, con motivo de la celebraci\u00f3n del D\u00eda Mundial de la Tapa. M\u00e9ndez de Vigo ha estado acompa\u00f1ado por el presidente de la Real Academia de Gastronom\u00eda, Rafael Ans\u00f3n.<\/p>\n<p>Para el ministro, admirador de las tapas de tortilla de patatas y de ensaladilla rusa, la tapa es algo \u00abmuy singular\u00bb de Espa\u00f1a, que empez\u00f3 hace tiempo y es conocido \u00aben todas las partes del mundo\u00bb. \u00abHa dado incluso lugar a un verbo, que es &#8216;tapear'\u00bb, ha explicado, para despu\u00e9s agregar que es un acto que permite compartir, y \u00abmientras uno se alimenta, estar hablando de la comida\u00bb.<\/p>\n<p>En este sentido, M\u00e9ndez de Vigo ha asegurado que \u00abtodos los espa\u00f1oles\u00bb est\u00e1n de acuerdo con \u00abla idea de preservar la tapa para ponerla en valor\u00bb. Por este motivo, su departamento ha decidido iniciar los tr\u00e1mites para declarar las tapas Patrimonio Cultural Inmaterial, y posteriormente solicitar a la UNESCO su inclusi\u00f3n dentro del Patrimonio de la Humanidad.<\/p>\n<p>\u00abDe las muchas cosas buenas que tiene Espa\u00f1a la etapa es una de ellas. Es algo que provoca la convivialidad, provoca el comer de una determinada manera, provoca el compartir, el hacerlo tambi\u00e9n de una manera sana y por ello constituye uno de los signos distintivos de la Marca Espa\u00f1a\u00bb, ha defendido.<\/p>\n<p>Durante su visita al Mercado de Vallehermoso, espacio que forma parte de &#8216;La ruta de la tapa&#8217;, el ministro en funciones ha visitado varios puestos. El primero de ellos ha sido la jamoner\u00eda de C\u00e9sar Romero, donde M\u00e9ndez de Vigo ha degustado jam\u00f3n de bellota ib\u00e9rico de Guijuelo \u00abfrancamente bueno\u00bb. Tambi\u00e9n le han llamado la atenci\u00f3n los vinos del establecimiento.<\/p>\n<p>El ministro tambi\u00e9n ha probado un queso italiano, que le han ofrecido en un puesto especializado en pasta fresca artesana; y varios quesos asturianos junto a un &#8216;cul\u00edn&#8217; de sidra en la primera tienda que el Foro Asturias Sostenible abri\u00f3 en Madrid hace apenas dos meses, porque la capital es un \u00abreferente\u00bb y un \u00abescaparate al p\u00fablico\u00bb, seg\u00fan le ha explicado el gerente a M\u00e9ndez de Vigo.<\/p>\n<p>El titular de la cartera de Educaci\u00f3n, Cultura y Deporte se ha detenido en la Queser\u00eda Calaveruela, de Fuente Obejuna (C\u00f3rdoba), donde ha probado distintas variedades de quesos, para finalmente comprar varias porciones del queso Tormentoso Azul de Oveja Calaveruela. M\u00e9ndez de Vigo tambi\u00e9n ha hecho parada en una fruter\u00eda, donde le han llamado la atenci\u00f3n las cerezas y los melocotones, y en una cervecer\u00eda, donde ha tomado la t\u00edpica ca\u00f1a de cerveza.<\/p>\n","protected":false},"excerpt":{"rendered":"<p>El ministro de Educaci\u00f3n, Cultura y Deporte en funciones, I\u00f1igo M\u00e9ndez de Vigo, ha defendido este jueves 16 de junio que la tapa constituye \u00abuno de los signos distintivos de la Marca Espa\u00f1a\u00bb y ha a\u00f1adido que si algo une a los espa\u00f1oles son \u00abla tortilla de patatas, las croquetas, la ensaladilla rusa, las patatas<\/p>\n","protected":false},"author":1,"featured_media":79694,"comment_status":"open","ping_status":"closed","sticky":false,"template":"","format":"standard","meta":{"footnotes":""},"categories":[224],"tags":[],"class_list":{"0":"post-79693","1":"post","2":"type-post","3":"status-publish","4":"format-standard","5":"has-post-thumbnail","7":"category-noticias-actualidad"},"aioseo_notices":[],"aioseo_head":"\n\t\t<!-- All in One SEO Pro 4.9.6.1 - aioseo.com -->\n\t<meta name=\"description\" content=\"El ministro de Educaci\u00f3n, Cultura y Deporte en funciones, I\u00f1igo M\u00e9ndez de Vigo, ha defendido este jueves 16 de junio que la tapa constituye &quot;uno de los signos distintivos de la Marca Espa\u00f1a&quot; y ha a\u00f1adido que si algo une a los espa\u00f1oles son &quot;la tortilla de patatas, las croquetas, la ensaladilla rusa, las patatas\" \/>\n\t<meta name=\"robots\" content=\"max-image-preview:large\" \/>\n\t<meta name=\"author\" content=\"admin\"\/>\n\t<meta name=\"google-site-verification\" content=\"UA-38556648-1\" \/>\n\t<meta name=\"keywords\" content=\"noticias y actualidad\" \/>\n\t<link rel=\"canonical\" href=\"https:\/\/eldigitaldeasturias.com\/magazine365\/mendez-de-vigo-defiende-que-la-tapa-constituye-uno-de-los-signos-distintivos-de-la-marca-espana\/\" \/>\n\t<meta name=\"generator\" content=\"All in One SEO Pro (AIOSEO) 4.9.6.1\" \/>\n\t\t<meta property=\"og:locale\" content=\"es_ES\" \/>\n\t\t<meta property=\"og:site_name\" content=\"El Digital de Asturias \u2013 Revista de ocio, turismo y estilo de vida\" \/>\n\t\t<meta property=\"og:type\" content=\"article\" \/>\n\t\t<meta property=\"og:title\" content=\"M\u00e9ndez de Vigo defiende que la tapa es uno de los signos distintivos de la Marca Espa\u00f1a | El Digital de Asturias\" \/>\n\t\t<meta property=\"og:description\" content=\"El ministro de Educaci\u00f3n, Cultura y Deporte en funciones, I\u00f1igo M\u00e9ndez de Vigo, ha defendido este jueves 16 de junio que la tapa constituye &quot;uno de los signos distintivos de la Marca Espa\u00f1a&quot; y ha a\u00f1adido que si algo une a los espa\u00f1oles son &quot;la tortilla de patatas, las croquetas, la ensaladilla rusa, las patatas\" \/>\n\t\t<meta property=\"og:url\" content=\"https:\/\/eldigitaldeasturias.com\/magazine365\/mendez-de-vigo-defiende-que-la-tapa-constituye-uno-de-los-signos-distintivos-de-la-marca-espana\/\" \/>\n\t\t<meta property=\"og:image\" content=\"https:\/\/eldigitaldeasturias.com\/magazine365\/wp-content\/uploads\/2016\/06\/fotonoticia_20160616155017_800.jpg\" \/>\n\t\t<meta property=\"og:image:secure_url\" content=\"https:\/\/eldigitaldeasturias.com\/magazine365\/wp-content\/uploads\/2016\/06\/fotonoticia_20160616155017_800.jpg\" \/>\n\t\t<meta property=\"og:image:width\" content=\"800\" \/>\n\t\t<meta property=\"og:image:height\" content=\"1067\" \/>\n\t\t<meta property=\"article:published_time\" content=\"2016-06-16T15:25:49+00:00\" \/>\n\t\t<meta property=\"article:modified_time\" content=\"2016-06-16T15:26:07+00:00\" \/>\n\t\t<meta name=\"twitter:card\" content=\"summary_large_image\" \/>\n\t\t<meta name=\"twitter:title\" content=\"M\u00e9ndez de Vigo defiende que la tapa es uno de los signos distintivos de la Marca Espa\u00f1a | El Digital de Asturias\" \/>\n\t\t<meta name=\"twitter:description\" content=\"El ministro de Educaci\u00f3n, Cultura y Deporte en funciones, I\u00f1igo M\u00e9ndez de Vigo, ha defendido este jueves 16 de junio que la tapa constituye &quot;uno de los signos distintivos de la Marca Espa\u00f1a&quot; y ha a\u00f1adido que si algo une a los espa\u00f1oles son &quot;la tortilla de patatas, las croquetas, la ensaladilla rusa, las patatas\" \/>\n\t\t<meta name=\"twitter:image\" content=\"https:\/\/eldigitaldeasturias.com\/magazine365\/wp-content\/uploads\/2016\/06\/fotonoticia_20160616155017_800.jpg\" \/>\n\t\t<script type=\"application\/ld+json\" class=\"aioseo-schema\">\n\t\t\t{\"@context\":\"https:\\\/\\\/schema.org\",\"@graph\":[{\"@type\":\"Article\",\"@id\":\"https:\\\/\\\/eldigitaldeasturias.com\\\/magazine365\\\/mendez-de-vigo-defiende-que-la-tapa-constituye-uno-de-los-signos-distintivos-de-la-marca-espana\\\/#article\",\"name\":\"M\\u00e9ndez de Vigo defiende que la tapa es uno de los signos distintivos de la Marca Espa\\u00f1a | El Digital de Asturias\",\"headline\":\"M\\u00e9ndez de Vigo defiende que la tapa es uno de los signos distintivos de la Marca Espa\\u00f1a\",\"author\":{\"@id\":\"https:\\\/\\\/eldigitaldeasturias.com\\\/magazine365\\\/author\\\/admin\\\/#author\"},\"publisher\":{\"@id\":\"https:\\\/\\\/eldigitaldeasturias.com\\\/magazine365\\\/#organization\"},\"image\":{\"@type\":\"ImageObject\",\"url\":\"https:\\\/\\\/eldigitaldeasturias.com\\\/magazine365\\\/wp-content\\\/uploads\\\/2016\\\/06\\\/fotonoticia_20160616155017_800.jpg\",\"width\":800,\"height\":1067},\"datePublished\":\"2016-06-16T17:25:49+02:00\",\"dateModified\":\"2016-06-16T17:26:07+02:00\",\"inLanguage\":\"es-ES\",\"mainEntityOfPage\":{\"@id\":\"https:\\\/\\\/eldigitaldeasturias.com\\\/magazine365\\\/mendez-de-vigo-defiende-que-la-tapa-constituye-uno-de-los-signos-distintivos-de-la-marca-espana\\\/#webpage\"},\"isPartOf\":{\"@id\":\"https:\\\/\\\/eldigitaldeasturias.com\\\/magazine365\\\/mendez-de-vigo-defiende-que-la-tapa-constituye-uno-de-los-signos-distintivos-de-la-marca-espana\\\/#webpage\"},\"articleSection\":\"Noticias y Actualidad\"},{\"@type\":\"BreadcrumbList\",\"@id\":\"https:\\\/\\\/eldigitaldeasturias.com\\\/magazine365\\\/mendez-de-vigo-defiende-que-la-tapa-constituye-uno-de-los-signos-distintivos-de-la-marca-espana\\\/#breadcrumblist\",\"itemListElement\":[{\"@type\":\"ListItem\",\"@id\":\"https:\\\/\\\/eldigitaldeasturias.com\\\/magazine365#listItem\",\"position\":1,\"name\":\"Home\",\"item\":\"https:\\\/\\\/eldigitaldeasturias.com\\\/magazine365\",\"nextItem\":{\"@type\":\"ListItem\",\"@id\":\"https:\\\/\\\/eldigitaldeasturias.com\\\/magazine365\\\/category\\\/noticias-actualidad\\\/#listItem\",\"name\":\"Noticias y Actualidad\"}},{\"@type\":\"ListItem\",\"@id\":\"https:\\\/\\\/eldigitaldeasturias.com\\\/magazine365\\\/category\\\/noticias-actualidad\\\/#listItem\",\"position\":2,\"name\":\"Noticias y Actualidad\",\"item\":\"https:\\\/\\\/eldigitaldeasturias.com\\\/magazine365\\\/category\\\/noticias-actualidad\\\/\",\"nextItem\":{\"@type\":\"ListItem\",\"@id\":\"https:\\\/\\\/eldigitaldeasturias.com\\\/magazine365\\\/mendez-de-vigo-defiende-que-la-tapa-constituye-uno-de-los-signos-distintivos-de-la-marca-espana\\\/#listItem\",\"name\":\"M\\u00e9ndez de Vigo defiende que la tapa es uno de los signos distintivos de la Marca Espa\\u00f1a\"},\"previousItem\":{\"@type\":\"ListItem\",\"@id\":\"https:\\\/\\\/eldigitaldeasturias.com\\\/magazine365#listItem\",\"name\":\"Home\"}},{\"@type\":\"ListItem\",\"@id\":\"https:\\\/\\\/eldigitaldeasturias.com\\\/magazine365\\\/mendez-de-vigo-defiende-que-la-tapa-constituye-uno-de-los-signos-distintivos-de-la-marca-espana\\\/#listItem\",\"position\":3,\"name\":\"M\\u00e9ndez de Vigo defiende que la tapa es uno de los signos distintivos de la Marca Espa\\u00f1a\",\"previousItem\":{\"@type\":\"ListItem\",\"@id\":\"https:\\\/\\\/eldigitaldeasturias.com\\\/magazine365\\\/category\\\/noticias-actualidad\\\/#listItem\",\"name\":\"Noticias y Actualidad\"}}]},{\"@type\":\"Organization\",\"@id\":\"https:\\\/\\\/eldigitaldeasturias.com\\\/magazine365\\\/#organization\",\"name\":\"El digital de Asturias\",\"description\":\"Revista de ocio, turismo y estilo de vida\",\"url\":\"https:\\\/\\\/eldigitaldeasturias.com\\\/magazine365\\\/\",\"logo\":{\"@type\":\"ImageObject\",\"url\":\"https:\\\/\\\/www.eldigitaldeasturias.com\\\/noticias\\\/wp-content\\\/uploads\\\/2020\\\/12\\\/EDA.jpg\",\"@id\":\"https:\\\/\\\/eldigitaldeasturias.com\\\/magazine365\\\/mendez-de-vigo-defiende-que-la-tapa-constituye-uno-de-los-signos-distintivos-de-la-marca-espana\\\/#organizationLogo\"},\"image\":{\"@id\":\"https:\\\/\\\/eldigitaldeasturias.com\\\/magazine365\\\/mendez-de-vigo-defiende-que-la-tapa-constituye-uno-de-los-signos-distintivos-de-la-marca-espana\\\/#organizationLogo\"}},{\"@type\":\"Person\",\"@id\":\"https:\\\/\\\/eldigitaldeasturias.com\\\/magazine365\\\/author\\\/admin\\\/#author\",\"url\":\"https:\\\/\\\/eldigitaldeasturias.com\\\/magazine365\\\/author\\\/admin\\\/\",\"name\":\"admin\",\"image\":{\"@type\":\"ImageObject\",\"@id\":\"https:\\\/\\\/eldigitaldeasturias.com\\\/magazine365\\\/mendez-de-vigo-defiende-que-la-tapa-constituye-uno-de-los-signos-distintivos-de-la-marca-espana\\\/#authorImage\",\"url\":\"https:\\\/\\\/eldigitaldeasturias.com\\\/magazine365\\\/wp-content\\\/litespeed\\\/avatar\\\/e571bcf59a0edd6fa6838245a470f2fe.jpg?ver=1776969259\",\"width\":96,\"height\":96,\"caption\":\"admin\"}},{\"@type\":\"WebPage\",\"@id\":\"https:\\\/\\\/eldigitaldeasturias.com\\\/magazine365\\\/mendez-de-vigo-defiende-que-la-tapa-constituye-uno-de-los-signos-distintivos-de-la-marca-espana\\\/#webpage\",\"url\":\"https:\\\/\\\/eldigitaldeasturias.com\\\/magazine365\\\/mendez-de-vigo-defiende-que-la-tapa-constituye-uno-de-los-signos-distintivos-de-la-marca-espana\\\/\",\"name\":\"M\\u00e9ndez de Vigo defiende que la tapa es uno de los signos distintivos de la Marca Espa\\u00f1a | El Digital de Asturias\",\"description\":\"El ministro de Educaci\\u00f3n, Cultura y Deporte en funciones, I\\u00f1igo M\\u00e9ndez de Vigo, ha defendido este jueves 16 de junio que la tapa constituye \\\"uno de los signos distintivos de la Marca Espa\\u00f1a\\\" y ha a\\u00f1adido que si algo une a los espa\\u00f1oles son \\\"la tortilla de patatas, las croquetas, la ensaladilla rusa, las patatas\",\"inLanguage\":\"es-ES\",\"isPartOf\":{\"@id\":\"https:\\\/\\\/eldigitaldeasturias.com\\\/magazine365\\\/#website\"},\"breadcrumb\":{\"@id\":\"https:\\\/\\\/eldigitaldeasturias.com\\\/magazine365\\\/mendez-de-vigo-defiende-que-la-tapa-constituye-uno-de-los-signos-distintivos-de-la-marca-espana\\\/#breadcrumblist\"},\"author\":{\"@id\":\"https:\\\/\\\/eldigitaldeasturias.com\\\/magazine365\\\/author\\\/admin\\\/#author\"},\"creator\":{\"@id\":\"https:\\\/\\\/eldigitaldeasturias.com\\\/magazine365\\\/author\\\/admin\\\/#author\"},\"image\":{\"@type\":\"ImageObject\",\"url\":\"https:\\\/\\\/eldigitaldeasturias.com\\\/magazine365\\\/wp-content\\\/uploads\\\/2016\\\/06\\\/fotonoticia_20160616155017_800.jpg\",\"@id\":\"https:\\\/\\\/eldigitaldeasturias.com\\\/magazine365\\\/mendez-de-vigo-defiende-que-la-tapa-constituye-uno-de-los-signos-distintivos-de-la-marca-espana\\\/#mainImage\",\"width\":800,\"height\":1067},\"primaryImageOfPage\":{\"@id\":\"https:\\\/\\\/eldigitaldeasturias.com\\\/magazine365\\\/mendez-de-vigo-defiende-que-la-tapa-constituye-uno-de-los-signos-distintivos-de-la-marca-espana\\\/#mainImage\"},\"datePublished\":\"2016-06-16T17:25:49+02:00\",\"dateModified\":\"2016-06-16T17:26:07+02:00\"},{\"@type\":\"WebSite\",\"@id\":\"https:\\\/\\\/eldigitaldeasturias.com\\\/magazine365\\\/#website\",\"url\":\"https:\\\/\\\/eldigitaldeasturias.com\\\/magazine365\\\/\",\"name\":\"El Digital de Asturias\",\"description\":\"Revista de ocio, turismo y estilo de vida\",\"inLanguage\":\"es-ES\",\"publisher\":{\"@id\":\"https:\\\/\\\/eldigitaldeasturias.com\\\/magazine365\\\/#organization\"}}]}\n\t\t<\/script>\n\t\t<!-- All in One SEO Pro -->\r\n\t\t<title>M\u00e9ndez de Vigo defiende que la tapa es uno de los signos distintivos de la Marca Espa\u00f1a | El Digital de Asturias<\/title>\n\n","aioseo_head_json":{"title":"M\u00e9ndez de Vigo defiende que la tapa es uno de los signos distintivos de la Marca Espa\u00f1a | El Digital de Asturias","description":"El ministro de Educaci\u00f3n, Cultura y Deporte en funciones, I\u00f1igo M\u00e9ndez de Vigo, ha defendido este jueves 16 de junio que la tapa constituye \"uno de los signos distintivos de la Marca Espa\u00f1a\" y ha a\u00f1adido que si algo une a los espa\u00f1oles son \"la tortilla de patatas, las croquetas, la ensaladilla rusa, las patatas","canonical_url":"https:\/\/eldigitaldeasturias.com\/magazine365\/mendez-de-vigo-defiende-que-la-tapa-constituye-uno-de-los-signos-distintivos-de-la-marca-espana\/","robots":"max-image-preview:large","keywords":"noticias y actualidad","webmasterTools":{"google-site-verification":"UA-38556648-1","miscellaneous":""},"schema":{"@context":"https:\/\/schema.org","@graph":[{"@type":"Article","@id":"https:\/\/eldigitaldeasturias.com\/magazine365\/mendez-de-vigo-defiende-que-la-tapa-constituye-uno-de-los-signos-distintivos-de-la-marca-espana\/#article","name":"M\u00e9ndez de Vigo defiende que la tapa es uno de los signos distintivos de la Marca Espa\u00f1a | El Digital de Asturias","headline":"M\u00e9ndez de Vigo defiende que la tapa es uno de los signos distintivos de la Marca Espa\u00f1a","author":{"@id":"https:\/\/eldigitaldeasturias.com\/magazine365\/author\/admin\/#author"},"publisher":{"@id":"https:\/\/eldigitaldeasturias.com\/magazine365\/#organization"},"image":{"@type":"ImageObject","url":"https:\/\/eldigitaldeasturias.com\/magazine365\/wp-content\/uploads\/2016\/06\/fotonoticia_20160616155017_800.jpg","width":800,"height":1067},"datePublished":"2016-06-16T17:25:49+02:00","dateModified":"2016-06-16T17:26:07+02:00","inLanguage":"es-ES","mainEntityOfPage":{"@id":"https:\/\/eldigitaldeasturias.com\/magazine365\/mendez-de-vigo-defiende-que-la-tapa-constituye-uno-de-los-signos-distintivos-de-la-marca-espana\/#webpage"},"isPartOf":{"@id":"https:\/\/eldigitaldeasturias.com\/magazine365\/mendez-de-vigo-defiende-que-la-tapa-constituye-uno-de-los-signos-distintivos-de-la-marca-espana\/#webpage"},"articleSection":"Noticias y Actualidad"},{"@type":"BreadcrumbList","@id":"https:\/\/eldigitaldeasturias.com\/magazine365\/mendez-de-vigo-defiende-que-la-tapa-constituye-uno-de-los-signos-distintivos-de-la-marca-espana\/#breadcrumblist","itemListElement":[{"@type":"ListItem","@id":"https:\/\/eldigitaldeasturias.com\/magazine365#listItem","position":1,"name":"Home","item":"https:\/\/eldigitaldeasturias.com\/magazine365","nextItem":{"@type":"ListItem","@id":"https:\/\/eldigitaldeasturias.com\/magazine365\/category\/noticias-actualidad\/#listItem","name":"Noticias y Actualidad"}},{"@type":"ListItem","@id":"https:\/\/eldigitaldeasturias.com\/magazine365\/category\/noticias-actualidad\/#listItem","position":2,"name":"Noticias y Actualidad","item":"https:\/\/eldigitaldeasturias.com\/magazine365\/category\/noticias-actualidad\/","nextItem":{"@type":"ListItem","@id":"https:\/\/eldigitaldeasturias.com\/magazine365\/mendez-de-vigo-defiende-que-la-tapa-constituye-uno-de-los-signos-distintivos-de-la-marca-espana\/#listItem","name":"M\u00e9ndez de Vigo defiende que la tapa es uno de los signos distintivos de la Marca Espa\u00f1a"},"previousItem":{"@type":"ListItem","@id":"https:\/\/eldigitaldeasturias.com\/magazine365#listItem","name":"Home"}},{"@type":"ListItem","@id":"https:\/\/eldigitaldeasturias.com\/magazine365\/mendez-de-vigo-defiende-que-la-tapa-constituye-uno-de-los-signos-distintivos-de-la-marca-espana\/#listItem","position":3,"name":"M\u00e9ndez de Vigo defiende que la tapa es uno de los signos distintivos de la Marca Espa\u00f1a","previousItem":{"@type":"ListItem","@id":"https:\/\/eldigitaldeasturias.com\/magazine365\/category\/noticias-actualidad\/#listItem","name":"Noticias y Actualidad"}}]},{"@type":"Organization","@id":"https:\/\/eldigitaldeasturias.com\/magazine365\/#organization","name":"El digital de Asturias","description":"Revista de ocio, turismo y estilo de vida","url":"https:\/\/eldigitaldeasturias.com\/magazine365\/","logo":{"@type":"ImageObject","url":"https:\/\/www.eldigitaldeasturias.com\/noticias\/wp-content\/uploads\/2020\/12\/EDA.jpg","@id":"https:\/\/eldigitaldeasturias.com\/magazine365\/mendez-de-vigo-defiende-que-la-tapa-constituye-uno-de-los-signos-distintivos-de-la-marca-espana\/#organizationLogo"},"image":{"@id":"https:\/\/eldigitaldeasturias.com\/magazine365\/mendez-de-vigo-defiende-que-la-tapa-constituye-uno-de-los-signos-distintivos-de-la-marca-espana\/#organizationLogo"}},{"@type":"Person","@id":"https:\/\/eldigitaldeasturias.com\/magazine365\/author\/admin\/#author","url":"https:\/\/eldigitaldeasturias.com\/magazine365\/author\/admin\/","name":"admin","image":{"@type":"ImageObject","@id":"https:\/\/eldigitaldeasturias.com\/magazine365\/mendez-de-vigo-defiende-que-la-tapa-constituye-uno-de-los-signos-distintivos-de-la-marca-espana\/#authorImage","url":"https:\/\/eldigitaldeasturias.com\/magazine365\/wp-content\/litespeed\/avatar\/e571bcf59a0edd6fa6838245a470f2fe.jpg?ver=1776969259","width":96,"height":96,"caption":"admin"}},{"@type":"WebPage","@id":"https:\/\/eldigitaldeasturias.com\/magazine365\/mendez-de-vigo-defiende-que-la-tapa-constituye-uno-de-los-signos-distintivos-de-la-marca-espana\/#webpage","url":"https:\/\/eldigitaldeasturias.com\/magazine365\/mendez-de-vigo-defiende-que-la-tapa-constituye-uno-de-los-signos-distintivos-de-la-marca-espana\/","name":"M\u00e9ndez de Vigo defiende que la tapa es uno de los signos distintivos de la Marca Espa\u00f1a | El Digital de Asturias","description":"El ministro de Educaci\u00f3n, Cultura y Deporte en funciones, I\u00f1igo M\u00e9ndez de Vigo, ha defendido este jueves 16 de junio que la tapa constituye \"uno de los signos distintivos de la Marca Espa\u00f1a\" y ha a\u00f1adido que si algo une a los espa\u00f1oles son \"la tortilla de patatas, las croquetas, la ensaladilla rusa, las patatas","inLanguage":"es-ES","isPartOf":{"@id":"https:\/\/eldigitaldeasturias.com\/magazine365\/#website"},"breadcrumb":{"@id":"https:\/\/eldigitaldeasturias.com\/magazine365\/mendez-de-vigo-defiende-que-la-tapa-constituye-uno-de-los-signos-distintivos-de-la-marca-espana\/#breadcrumblist"},"author":{"@id":"https:\/\/eldigitaldeasturias.com\/magazine365\/author\/admin\/#author"},"creator":{"@id":"https:\/\/eldigitaldeasturias.com\/magazine365\/author\/admin\/#author"},"image":{"@type":"ImageObject","url":"https:\/\/eldigitaldeasturias.com\/magazine365\/wp-content\/uploads\/2016\/06\/fotonoticia_20160616155017_800.jpg","@id":"https:\/\/eldigitaldeasturias.com\/magazine365\/mendez-de-vigo-defiende-que-la-tapa-constituye-uno-de-los-signos-distintivos-de-la-marca-espana\/#mainImage","width":800,"height":1067},"primaryImageOfPage":{"@id":"https:\/\/eldigitaldeasturias.com\/magazine365\/mendez-de-vigo-defiende-que-la-tapa-constituye-uno-de-los-signos-distintivos-de-la-marca-espana\/#mainImage"},"datePublished":"2016-06-16T17:25:49+02:00","dateModified":"2016-06-16T17:26:07+02:00"},{"@type":"WebSite","@id":"https:\/\/eldigitaldeasturias.com\/magazine365\/#website","url":"https:\/\/eldigitaldeasturias.com\/magazine365\/","name":"El Digital de Asturias","description":"Revista de ocio, turismo y estilo de vida","inLanguage":"es-ES","publisher":{"@id":"https:\/\/eldigitaldeasturias.com\/magazine365\/#organization"}}]},"og:locale":"es_ES","og:site_name":"El Digital de Asturias \u2013 Revista de ocio, turismo y estilo de vida","og:type":"article","og:title":"M\u00e9ndez de Vigo defiende que la tapa es uno de los signos distintivos de la Marca Espa\u00f1a | El Digital de Asturias","og:description":"El ministro de Educaci\u00f3n, Cultura y Deporte en funciones, I\u00f1igo M\u00e9ndez de Vigo, ha defendido este jueves 16 de junio que la tapa constituye &quot;uno de los signos distintivos de la Marca Espa\u00f1a&quot; y ha a\u00f1adido que si algo une a los espa\u00f1oles son &quot;la tortilla de patatas, las croquetas, la ensaladilla rusa, las patatas","og:url":"https:\/\/eldigitaldeasturias.com\/magazine365\/mendez-de-vigo-defiende-que-la-tapa-constituye-uno-de-los-signos-distintivos-de-la-marca-espana\/","og:image":"https:\/\/eldigitaldeasturias.com\/magazine365\/wp-content\/uploads\/2016\/06\/fotonoticia_20160616155017_800.jpg","og:image:secure_url":"https:\/\/eldigitaldeasturias.com\/magazine365\/wp-content\/uploads\/2016\/06\/fotonoticia_20160616155017_800.jpg","og:image:width":800,"og:image:height":1067,"article:published_time":"2016-06-16T15:25:49+00:00","article:modified_time":"2016-06-16T15:26:07+00:00","twitter:card":"summary_large_image","twitter:title":"M\u00e9ndez de Vigo defiende que la tapa es uno de los signos distintivos de la Marca Espa\u00f1a | El Digital de Asturias","twitter:description":"El ministro de Educaci\u00f3n, Cultura y Deporte en funciones, I\u00f1igo M\u00e9ndez de Vigo, ha defendido este jueves 16 de junio que la tapa constituye &quot;uno de los signos distintivos de la Marca Espa\u00f1a&quot; y ha a\u00f1adido que si algo une a los espa\u00f1oles son &quot;la tortilla de patatas, las croquetas, la ensaladilla rusa, las patatas","twitter:image":"https:\/\/eldigitaldeasturias.com\/magazine365\/wp-content\/uploads\/2016\/06\/fotonoticia_20160616155017_800.jpg"},"aioseo_meta_data":{"post_id":"79693","title":null,"description":null,"keywords":null,"keyphrases":null,"primary_term":null,"canonical_url":null,"og_title":null,"og_description":null,"og_object_type":"default","og_image_type":"default","og_image_url":null,"og_image_width":null,"og_image_height":null,"og_image_custom_url":null,"og_image_custom_fields":null,"og_video":null,"og_custom_url":null,"og_article_section":null,"og_article_tags":null,"twitter_use_og":false,"twitter_card":"default","twitter_image_type":"default","twitter_image_url":null,"twitter_image_custom_url":null,"twitter_image_custom_fields":null,"twitter_title":null,"twitter_description":null,"schema":{"blockGraphs":[],"customGraphs":[],"default":{"data":{"Article":[],"Course":[],"Dataset":[],"FAQPage":[],"Movie":[],"Person":[],"Product":[],"ProductReview":[],"Car":[],"Recipe":[],"Service":[],"SoftwareApplication":[],"WebPage":[]},"graphName":"","isEnabled":true},"graphs":[],"defaultGraph":"","defaultPostTypeGraph":""},"schema_type":null,"schema_type_options":null,"pillar_content":false,"robots_default":true,"robots_noindex":false,"robots_noarchive":false,"robots_nosnippet":false,"robots_nofollow":false,"robots_noimageindex":false,"robots_noodp":false,"robots_notranslate":false,"robots_max_snippet":null,"robots_max_videopreview":null,"robots_max_imagepreview":"large","priority":null,"frequency":null,"location":null,"local_seo":null,"seo_analyzer_scan_date":"2025-09-27 19:22:03","breadcrumb_settings":null,"limit_modified_date":false,"open_ai":null,"ai":null,"created":"2021-03-08 17:45:23","updated":"2025-09-27 19:22:03"},"aioseo_breadcrumb":"<div class=\"aioseo-breadcrumbs\"><span class=\"aioseo-breadcrumb\">\n\t<a href=\"https:\/\/eldigitaldeasturias.com\/magazine365\" title=\"Home\">Home<\/a>\n<\/span><span class=\"aioseo-breadcrumb-separator\">\u2013<\/span><span class=\"aioseo-breadcrumb\">\n\t<a href=\"https:\/\/eldigitaldeasturias.com\/magazine365\/category\/noticias-actualidad\/\" title=\"Noticias y Actualidad\">Noticias y Actualidad<\/a>\n<\/span><span class=\"aioseo-breadcrumb-separator\">\u2013<\/span><span class=\"aioseo-breadcrumb\">\n\t<a href=\"https:\/\/eldigitaldeasturias.com\/magazine365\/mendez-de-vigo-defiende-que-la-tapa-constituye-uno-de-los-signos-distintivos-de-la-marca-espana\/\" title=\"M\u00e9ndez de Vigo defiende que la tapa es uno de los signos distintivos de la Marca Espa\u00f1a\">M\u00e9ndez de Vigo defiende que la tapa es uno de los signos distintivos de la Marca Espa\u00f1a<\/a>\n<\/span><\/div>","aioseo_breadcrumb_json":[{"label":"Home","link":"https:\/\/eldigitaldeasturias.com\/magazine365"},{"label":"Noticias y Actualidad","link":"https:\/\/eldigitaldeasturias.com\/magazine365\/category\/noticias-actualidad\/"},{"label":"M\u00e9ndez de Vigo defiende que la tapa es uno de los signos distintivos de la Marca Espa\u00f1a","link":"https:\/\/eldigitaldeasturias.com\/magazine365\/mendez-de-vigo-defiende-que-la-tapa-constituye-uno-de-los-signos-distintivos-de-la-marca-espana\/"}],"_links":{"self":[{"href":"https:\/\/eldigitaldeasturias.com\/magazine365\/wp-json\/wp\/v2\/posts\/79693","targetHints":{"allow":["GET"]}}],"collection":[{"href":"https:\/\/eldigitaldeasturias.com\/magazine365\/wp-json\/wp\/v2\/posts"}],"about":[{"href":"https:\/\/eldigitaldeasturias.com\/magazine365\/wp-json\/wp\/v2\/types\/post"}],"author":[{"embeddable":true,"href":"https:\/\/eldigitaldeasturias.com\/magazine365\/wp-json\/wp\/v2\/users\/1"}],"replies":[{"embeddable":true,"href":"https:\/\/eldigitaldeasturias.com\/magazine365\/wp-json\/wp\/v2\/comments?post=79693"}],"version-history":[{"count":0,"href":"https:\/\/eldigitaldeasturias.com\/magazine365\/wp-json\/wp\/v2\/posts\/79693\/revisions"}],"wp:featuredmedia":[{"embeddable":true,"href":"https:\/\/eldigitaldeasturias.com\/magazine365\/wp-json\/wp\/v2\/media\/79694"}],"wp:attachment":[{"href":"https:\/\/eldigitaldeasturias.com\/magazine365\/wp-json\/wp\/v2\/media?parent=79693"}],"wp:term":[{"taxonomy":"category","embeddable":true,"href":"https:\/\/eldigitaldeasturias.com\/magazine365\/wp-json\/wp\/v2\/categories?post=79693"},{"taxonomy":"post_tag","embeddable":true,"href":"https:\/\/eldigitaldeasturias.com\/magazine365\/wp-json\/wp\/v2\/tags?post=79693"}],"curies":[{"name":"wp","href":"https:\/\/api.w.org\/{rel}","templated":true}]}}