{"id":79686,"date":"2016-06-16T17:22:50","date_gmt":"2016-06-16T15:22:50","guid":{"rendered":"http:\/\/eldigitaldeasturias.com\/magazine365\/?p=79686"},"modified":"2016-06-16T17:22:50","modified_gmt":"2016-06-16T15:22:50","slug":"bruselas-autoriza-a-la-mayor-parte-de-la-flota-de-iran-air-a-volver-a-operar-en-la-ue","status":"publish","type":"post","link":"https:\/\/eldigitaldeasturias.com\/magazine365\/bruselas-autoriza-a-la-mayor-parte-de-la-flota-de-iran-air-a-volver-a-operar-en-la-ue\/","title":{"rendered":"Bruselas autoriza a la mayor parte de la flota de Iran Air a volver a operar en la UE"},"content":{"rendered":"<p><img fetchpriority=\"high\" decoding=\"async\" class=\"alignleft size-medium wp-image-79687\" src=\"https:\/\/eldigitaldeasturias.com\/magazine365\/wp-content\/uploads\/2016\/06\/fotonoticia_20160616154808_800-360x259.jpg\" alt=\"fotonoticia_20160616154808_800\" width=\"360\" height=\"259\" srcset=\"https:\/\/eldigitaldeasturias.com\/magazine365\/wp-content\/uploads\/2016\/06\/fotonoticia_20160616154808_800-360x259.jpg 360w, https:\/\/eldigitaldeasturias.com\/magazine365\/wp-content\/uploads\/2016\/06\/fotonoticia_20160616154808_800-650x468.jpg 650w, https:\/\/eldigitaldeasturias.com\/magazine365\/wp-content\/uploads\/2016\/06\/fotonoticia_20160616154808_800-768x553.jpg 768w, https:\/\/eldigitaldeasturias.com\/magazine365\/wp-content\/uploads\/2016\/06\/fotonoticia_20160616154808_800-150x108.jpg 150w, https:\/\/eldigitaldeasturias.com\/magazine365\/wp-content\/uploads\/2016\/06\/fotonoticia_20160616154808_800-450x324.jpg 450w, https:\/\/eldigitaldeasturias.com\/magazine365\/wp-content\/uploads\/2016\/06\/fotonoticia_20160616154808_800.jpg 800w\" sizes=\"(max-width: 360px) 100vw, 360px\" \/>La Comisi\u00f3n Europea ha autorizado a la mayor parte de la flota de Iran Air a reanudar sus operaciones en la Uni\u00f3n Europea tras certificar a partir de una evaluaci\u00f3n t\u00e9cnica positiva que cumple con los est\u00e1ndares de seguridad internacionales en el marco de su \u00faltima revisi\u00f3n de la &#8216;lista negra&#8217; de aerol\u00edneas vetadas en la UE o sujetas a restricciones.<\/p>\n<p>\u00abTras mi visita a Ir\u00e1n en abril, se ha realizado una evaluaci\u00f3n t\u00e9cnica positiva en mayo. En base a esto, estoy contenta de anunciar que ahora podemos tambi\u00e9n autorizar a la mayor parte de los aviones de Iran Air a volver a volar en los cielos europeos\u00bb, ha anunciado la comisaria de Transporte, Violeta Bulc.<\/p>\n<p>Dos tipos de avi\u00f3n que opera Iran Air contin\u00faan prohibidos en la UE. Se trata de los Fokker 100 y los Boeing 747, han precisado a Europa Press fuentes comunitarias.<\/p>\n<p>La Comisi\u00f3n Europea tambi\u00e9n sacar\u00e1 de la &#8216;lista negra&#8217; a todas las aerol\u00edneas de Zambia \u00abtras siete a\u00f1os de trabajo y una amplia asistencia t\u00e9cnica europea\u00bb, a la de Air Madagascar y a las tres aerol\u00edneas certificadas en Indonesia Citilink, Lion Air y Batik Air tras certificar que cumple los est\u00e1ndares de seguridad internacionales.<\/p>\n<p>\u00abLa seguridad a\u00e9rea es mi primera prioridad y la actualizaci\u00f3n de hoy ilustra nuestros esfuerzos continuos para ofrecer el mayor nivel de seguridad a\u00e9rea a los ciudadanos europeos\u00bb, ha subrayado la comisaria.<\/p>\n<p>Un total de 216 aerol\u00edneas siguen prohibidas en la UE, incluidas 214 certificadas en 19 pa\u00edses por falta de control de la seguridad por parte de las autoridades de aviaci\u00f3n nacionales. Se trata de todas las aerol\u00edneas de Afganist\u00e1n, Angola (salvo una que opera bajo restricciones), Ben\u00edn, Rep\u00fablica Democr\u00e1tica del Congo, Yibuti, Guinea Ecuatorial, Eritrea, Gab\u00f3n (salvo dos con condiciones), Indonesia (salvo siete), Kazajist\u00e1n (salvo Air Astana), las de Kirguizist\u00e1n, Liberia, Libia, Mozambique, Nepal, Santo Tom\u00e9 y Pr\u00edncipe, Sierra Leona y Sud\u00e1n.<\/p>\n<p>Tambi\u00e9n est\u00e1n prohibidas por motivos de seguridad las aerol\u00edneas de Iraqi Airways y Blue Wing Airlines, de Surinam.<\/p>\n<p>Por su parte, otras seis aerol\u00edneas operan pero con restricciones a la UE y s\u00f3lo pueden volver con ciertos tipos de aviones. Se trata de las aerol\u00edneas de Gab\u00f3n Afrijet y SN2AG, la surcoreana Air Koryo, la angole\u00f1a TAAG, Air Service, certificada en las islas Comoras e Iran Air.<\/p>\n","protected":false},"excerpt":{"rendered":"<p>La Comisi\u00f3n Europea ha autorizado a la mayor parte de la flota de Iran Air a reanudar sus operaciones en la Uni\u00f3n Europea tras certificar a partir de una evaluaci\u00f3n t\u00e9cnica positiva que cumple con los est\u00e1ndares de seguridad internacionales en el marco de su \u00faltima revisi\u00f3n de la &#8216;lista negra&#8217; de aerol\u00edneas vetadas en<\/p>\n","protected":false},"author":1,"featured_media":79687,"comment_status":"open","ping_status":"closed","sticky":false,"template":"","format":"standard","meta":{"footnotes":""},"categories":[224],"tags":[],"class_list":{"0":"post-79686","1":"post","2":"type-post","3":"status-publish","4":"format-standard","5":"has-post-thumbnail","7":"category-noticias-actualidad"},"aioseo_notices":[],"aioseo_head":"\n\t\t<!-- All in One SEO Pro 4.9.6.1 - aioseo.com -->\n\t<meta name=\"description\" content=\"La Comisi\u00f3n Europea ha autorizado a la mayor parte de la flota de Iran Air a reanudar sus operaciones en la Uni\u00f3n Europea tras certificar a partir de una evaluaci\u00f3n t\u00e9cnica positiva que cumple con los est\u00e1ndares de seguridad internacionales en el marco de su \u00faltima revisi\u00f3n de la &#039;lista negra&#039; de aerol\u00edneas vetadas en\" \/>\n\t<meta name=\"robots\" content=\"max-image-preview:large\" \/>\n\t<meta name=\"author\" content=\"admin\"\/>\n\t<meta name=\"google-site-verification\" content=\"UA-38556648-1\" \/>\n\t<meta name=\"keywords\" content=\"noticias y actualidad\" \/>\n\t<link rel=\"canonical\" href=\"https:\/\/eldigitaldeasturias.com\/magazine365\/bruselas-autoriza-a-la-mayor-parte-de-la-flota-de-iran-air-a-volver-a-operar-en-la-ue\/\" \/>\n\t<meta name=\"generator\" content=\"All in One SEO Pro (AIOSEO) 4.9.6.1\" \/>\n\t\t<meta property=\"og:locale\" content=\"es_ES\" \/>\n\t\t<meta property=\"og:site_name\" content=\"El Digital de Asturias \u2013 Revista de ocio, turismo y estilo de vida\" \/>\n\t\t<meta property=\"og:type\" content=\"article\" \/>\n\t\t<meta property=\"og:title\" content=\"Bruselas autoriza a la mayor parte de la flota de Iran Air a volver a operar en la UE | El Digital de Asturias\" \/>\n\t\t<meta property=\"og:description\" content=\"La Comisi\u00f3n Europea ha autorizado a la mayor parte de la flota de Iran Air a reanudar sus operaciones en la Uni\u00f3n Europea tras certificar a partir de una evaluaci\u00f3n t\u00e9cnica positiva que cumple con los est\u00e1ndares de seguridad internacionales en el marco de su \u00faltima revisi\u00f3n de la &#039;lista negra&#039; de aerol\u00edneas vetadas en\" \/>\n\t\t<meta property=\"og:url\" content=\"https:\/\/eldigitaldeasturias.com\/magazine365\/bruselas-autoriza-a-la-mayor-parte-de-la-flota-de-iran-air-a-volver-a-operar-en-la-ue\/\" \/>\n\t\t<meta property=\"og:image\" content=\"https:\/\/eldigitaldeasturias.com\/magazine365\/wp-content\/uploads\/2016\/06\/fotonoticia_20160616154808_800.jpg\" \/>\n\t\t<meta property=\"og:image:secure_url\" content=\"https:\/\/eldigitaldeasturias.com\/magazine365\/wp-content\/uploads\/2016\/06\/fotonoticia_20160616154808_800.jpg\" \/>\n\t\t<meta property=\"og:image:width\" content=\"800\" \/>\n\t\t<meta property=\"og:image:height\" content=\"576\" \/>\n\t\t<meta property=\"article:published_time\" content=\"2016-06-16T15:22:50+00:00\" \/>\n\t\t<meta property=\"article:modified_time\" content=\"2016-06-16T15:22:50+00:00\" \/>\n\t\t<meta name=\"twitter:card\" content=\"summary_large_image\" \/>\n\t\t<meta name=\"twitter:title\" content=\"Bruselas autoriza a la mayor parte de la flota de Iran Air a volver a operar en la UE | El Digital de Asturias\" \/>\n\t\t<meta name=\"twitter:description\" content=\"La Comisi\u00f3n Europea ha autorizado a la mayor parte de la flota de Iran Air a reanudar sus operaciones en la Uni\u00f3n Europea tras certificar a partir de una evaluaci\u00f3n t\u00e9cnica positiva que cumple con los est\u00e1ndares de seguridad internacionales en el marco de su \u00faltima revisi\u00f3n de la &#039;lista negra&#039; de aerol\u00edneas vetadas en\" \/>\n\t\t<meta name=\"twitter:image\" content=\"https:\/\/eldigitaldeasturias.com\/magazine365\/wp-content\/uploads\/2016\/06\/fotonoticia_20160616154808_800.jpg\" \/>\n\t\t<script type=\"application\/ld+json\" class=\"aioseo-schema\">\n\t\t\t{\"@context\":\"https:\\\/\\\/schema.org\",\"@graph\":[{\"@type\":\"Article\",\"@id\":\"https:\\\/\\\/eldigitaldeasturias.com\\\/magazine365\\\/bruselas-autoriza-a-la-mayor-parte-de-la-flota-de-iran-air-a-volver-a-operar-en-la-ue\\\/#article\",\"name\":\"Bruselas autoriza a la mayor parte de la flota de Iran Air a volver a operar en la UE | El Digital de Asturias\",\"headline\":\"Bruselas autoriza a la mayor parte de la flota de Iran Air a volver a operar en la UE\",\"author\":{\"@id\":\"https:\\\/\\\/eldigitaldeasturias.com\\\/magazine365\\\/author\\\/admin\\\/#author\"},\"publisher\":{\"@id\":\"https:\\\/\\\/eldigitaldeasturias.com\\\/magazine365\\\/#organization\"},\"image\":{\"@type\":\"ImageObject\",\"url\":\"https:\\\/\\\/eldigitaldeasturias.com\\\/magazine365\\\/wp-content\\\/uploads\\\/2016\\\/06\\\/fotonoticia_20160616154808_800.jpg\",\"width\":800,\"height\":576},\"datePublished\":\"2016-06-16T17:22:50+02:00\",\"dateModified\":\"2016-06-16T17:22:50+02:00\",\"inLanguage\":\"es-ES\",\"mainEntityOfPage\":{\"@id\":\"https:\\\/\\\/eldigitaldeasturias.com\\\/magazine365\\\/bruselas-autoriza-a-la-mayor-parte-de-la-flota-de-iran-air-a-volver-a-operar-en-la-ue\\\/#webpage\"},\"isPartOf\":{\"@id\":\"https:\\\/\\\/eldigitaldeasturias.com\\\/magazine365\\\/bruselas-autoriza-a-la-mayor-parte-de-la-flota-de-iran-air-a-volver-a-operar-en-la-ue\\\/#webpage\"},\"articleSection\":\"Noticias y Actualidad\"},{\"@type\":\"BreadcrumbList\",\"@id\":\"https:\\\/\\\/eldigitaldeasturias.com\\\/magazine365\\\/bruselas-autoriza-a-la-mayor-parte-de-la-flota-de-iran-air-a-volver-a-operar-en-la-ue\\\/#breadcrumblist\",\"itemListElement\":[{\"@type\":\"ListItem\",\"@id\":\"https:\\\/\\\/eldigitaldeasturias.com\\\/magazine365#listItem\",\"position\":1,\"name\":\"Home\",\"item\":\"https:\\\/\\\/eldigitaldeasturias.com\\\/magazine365\",\"nextItem\":{\"@type\":\"ListItem\",\"@id\":\"https:\\\/\\\/eldigitaldeasturias.com\\\/magazine365\\\/category\\\/noticias-actualidad\\\/#listItem\",\"name\":\"Noticias y Actualidad\"}},{\"@type\":\"ListItem\",\"@id\":\"https:\\\/\\\/eldigitaldeasturias.com\\\/magazine365\\\/category\\\/noticias-actualidad\\\/#listItem\",\"position\":2,\"name\":\"Noticias y Actualidad\",\"item\":\"https:\\\/\\\/eldigitaldeasturias.com\\\/magazine365\\\/category\\\/noticias-actualidad\\\/\",\"nextItem\":{\"@type\":\"ListItem\",\"@id\":\"https:\\\/\\\/eldigitaldeasturias.com\\\/magazine365\\\/bruselas-autoriza-a-la-mayor-parte-de-la-flota-de-iran-air-a-volver-a-operar-en-la-ue\\\/#listItem\",\"name\":\"Bruselas autoriza a la mayor parte de la flota de Iran Air a volver a operar en la UE\"},\"previousItem\":{\"@type\":\"ListItem\",\"@id\":\"https:\\\/\\\/eldigitaldeasturias.com\\\/magazine365#listItem\",\"name\":\"Home\"}},{\"@type\":\"ListItem\",\"@id\":\"https:\\\/\\\/eldigitaldeasturias.com\\\/magazine365\\\/bruselas-autoriza-a-la-mayor-parte-de-la-flota-de-iran-air-a-volver-a-operar-en-la-ue\\\/#listItem\",\"position\":3,\"name\":\"Bruselas autoriza a la mayor parte de la flota de Iran Air a volver a operar en la UE\",\"previousItem\":{\"@type\":\"ListItem\",\"@id\":\"https:\\\/\\\/eldigitaldeasturias.com\\\/magazine365\\\/category\\\/noticias-actualidad\\\/#listItem\",\"name\":\"Noticias y Actualidad\"}}]},{\"@type\":\"Organization\",\"@id\":\"https:\\\/\\\/eldigitaldeasturias.com\\\/magazine365\\\/#organization\",\"name\":\"El digital de Asturias\",\"description\":\"Revista de ocio, turismo y estilo de vida\",\"url\":\"https:\\\/\\\/eldigitaldeasturias.com\\\/magazine365\\\/\",\"logo\":{\"@type\":\"ImageObject\",\"url\":\"https:\\\/\\\/www.eldigitaldeasturias.com\\\/noticias\\\/wp-content\\\/uploads\\\/2020\\\/12\\\/EDA.jpg\",\"@id\":\"https:\\\/\\\/eldigitaldeasturias.com\\\/magazine365\\\/bruselas-autoriza-a-la-mayor-parte-de-la-flota-de-iran-air-a-volver-a-operar-en-la-ue\\\/#organizationLogo\"},\"image\":{\"@id\":\"https:\\\/\\\/eldigitaldeasturias.com\\\/magazine365\\\/bruselas-autoriza-a-la-mayor-parte-de-la-flota-de-iran-air-a-volver-a-operar-en-la-ue\\\/#organizationLogo\"}},{\"@type\":\"Person\",\"@id\":\"https:\\\/\\\/eldigitaldeasturias.com\\\/magazine365\\\/author\\\/admin\\\/#author\",\"url\":\"https:\\\/\\\/eldigitaldeasturias.com\\\/magazine365\\\/author\\\/admin\\\/\",\"name\":\"admin\",\"image\":{\"@type\":\"ImageObject\",\"@id\":\"https:\\\/\\\/eldigitaldeasturias.com\\\/magazine365\\\/bruselas-autoriza-a-la-mayor-parte-de-la-flota-de-iran-air-a-volver-a-operar-en-la-ue\\\/#authorImage\",\"url\":\"https:\\\/\\\/eldigitaldeasturias.com\\\/magazine365\\\/wp-content\\\/litespeed\\\/avatar\\\/e571bcf59a0edd6fa6838245a470f2fe.jpg?ver=1776969259\",\"width\":96,\"height\":96,\"caption\":\"admin\"}},{\"@type\":\"WebPage\",\"@id\":\"https:\\\/\\\/eldigitaldeasturias.com\\\/magazine365\\\/bruselas-autoriza-a-la-mayor-parte-de-la-flota-de-iran-air-a-volver-a-operar-en-la-ue\\\/#webpage\",\"url\":\"https:\\\/\\\/eldigitaldeasturias.com\\\/magazine365\\\/bruselas-autoriza-a-la-mayor-parte-de-la-flota-de-iran-air-a-volver-a-operar-en-la-ue\\\/\",\"name\":\"Bruselas autoriza a la mayor parte de la flota de Iran Air a volver a operar en la UE | El Digital de Asturias\",\"description\":\"La Comisi\\u00f3n Europea ha autorizado a la mayor parte de la flota de Iran Air a reanudar sus operaciones en la Uni\\u00f3n Europea tras certificar a partir de una evaluaci\\u00f3n t\\u00e9cnica positiva que cumple con los est\\u00e1ndares de seguridad internacionales en el marco de su \\u00faltima revisi\\u00f3n de la 'lista negra' de aerol\\u00edneas vetadas en\",\"inLanguage\":\"es-ES\",\"isPartOf\":{\"@id\":\"https:\\\/\\\/eldigitaldeasturias.com\\\/magazine365\\\/#website\"},\"breadcrumb\":{\"@id\":\"https:\\\/\\\/eldigitaldeasturias.com\\\/magazine365\\\/bruselas-autoriza-a-la-mayor-parte-de-la-flota-de-iran-air-a-volver-a-operar-en-la-ue\\\/#breadcrumblist\"},\"author\":{\"@id\":\"https:\\\/\\\/eldigitaldeasturias.com\\\/magazine365\\\/author\\\/admin\\\/#author\"},\"creator\":{\"@id\":\"https:\\\/\\\/eldigitaldeasturias.com\\\/magazine365\\\/author\\\/admin\\\/#author\"},\"image\":{\"@type\":\"ImageObject\",\"url\":\"https:\\\/\\\/eldigitaldeasturias.com\\\/magazine365\\\/wp-content\\\/uploads\\\/2016\\\/06\\\/fotonoticia_20160616154808_800.jpg\",\"@id\":\"https:\\\/\\\/eldigitaldeasturias.com\\\/magazine365\\\/bruselas-autoriza-a-la-mayor-parte-de-la-flota-de-iran-air-a-volver-a-operar-en-la-ue\\\/#mainImage\",\"width\":800,\"height\":576},\"primaryImageOfPage\":{\"@id\":\"https:\\\/\\\/eldigitaldeasturias.com\\\/magazine365\\\/bruselas-autoriza-a-la-mayor-parte-de-la-flota-de-iran-air-a-volver-a-operar-en-la-ue\\\/#mainImage\"},\"datePublished\":\"2016-06-16T17:22:50+02:00\",\"dateModified\":\"2016-06-16T17:22:50+02:00\"},{\"@type\":\"WebSite\",\"@id\":\"https:\\\/\\\/eldigitaldeasturias.com\\\/magazine365\\\/#website\",\"url\":\"https:\\\/\\\/eldigitaldeasturias.com\\\/magazine365\\\/\",\"name\":\"El Digital de Asturias\",\"description\":\"Revista de ocio, turismo y estilo de vida\",\"inLanguage\":\"es-ES\",\"publisher\":{\"@id\":\"https:\\\/\\\/eldigitaldeasturias.com\\\/magazine365\\\/#organization\"}}]}\n\t\t<\/script>\n\t\t<!-- All in One SEO Pro -->\r\n\t\t<title>Bruselas autoriza a la mayor parte de la flota de Iran Air a volver a operar en la UE | El Digital de Asturias<\/title>\n\n","aioseo_head_json":{"title":"Bruselas autoriza a la mayor parte de la flota de Iran Air a volver a operar en la UE | El Digital de Asturias","description":"La Comisi\u00f3n Europea ha autorizado a la mayor parte de la flota de Iran Air a reanudar sus operaciones en la Uni\u00f3n Europea tras certificar a partir de una evaluaci\u00f3n t\u00e9cnica positiva que cumple con los est\u00e1ndares de seguridad internacionales en el marco de su \u00faltima revisi\u00f3n de la 'lista negra' de aerol\u00edneas vetadas en","canonical_url":"https:\/\/eldigitaldeasturias.com\/magazine365\/bruselas-autoriza-a-la-mayor-parte-de-la-flota-de-iran-air-a-volver-a-operar-en-la-ue\/","robots":"max-image-preview:large","keywords":"noticias y actualidad","webmasterTools":{"google-site-verification":"UA-38556648-1","miscellaneous":""},"schema":{"@context":"https:\/\/schema.org","@graph":[{"@type":"Article","@id":"https:\/\/eldigitaldeasturias.com\/magazine365\/bruselas-autoriza-a-la-mayor-parte-de-la-flota-de-iran-air-a-volver-a-operar-en-la-ue\/#article","name":"Bruselas autoriza a la mayor parte de la flota de Iran Air a volver a operar en la UE | El Digital de Asturias","headline":"Bruselas autoriza a la mayor parte de la flota de Iran Air a volver a operar en la UE","author":{"@id":"https:\/\/eldigitaldeasturias.com\/magazine365\/author\/admin\/#author"},"publisher":{"@id":"https:\/\/eldigitaldeasturias.com\/magazine365\/#organization"},"image":{"@type":"ImageObject","url":"https:\/\/eldigitaldeasturias.com\/magazine365\/wp-content\/uploads\/2016\/06\/fotonoticia_20160616154808_800.jpg","width":800,"height":576},"datePublished":"2016-06-16T17:22:50+02:00","dateModified":"2016-06-16T17:22:50+02:00","inLanguage":"es-ES","mainEntityOfPage":{"@id":"https:\/\/eldigitaldeasturias.com\/magazine365\/bruselas-autoriza-a-la-mayor-parte-de-la-flota-de-iran-air-a-volver-a-operar-en-la-ue\/#webpage"},"isPartOf":{"@id":"https:\/\/eldigitaldeasturias.com\/magazine365\/bruselas-autoriza-a-la-mayor-parte-de-la-flota-de-iran-air-a-volver-a-operar-en-la-ue\/#webpage"},"articleSection":"Noticias y Actualidad"},{"@type":"BreadcrumbList","@id":"https:\/\/eldigitaldeasturias.com\/magazine365\/bruselas-autoriza-a-la-mayor-parte-de-la-flota-de-iran-air-a-volver-a-operar-en-la-ue\/#breadcrumblist","itemListElement":[{"@type":"ListItem","@id":"https:\/\/eldigitaldeasturias.com\/magazine365#listItem","position":1,"name":"Home","item":"https:\/\/eldigitaldeasturias.com\/magazine365","nextItem":{"@type":"ListItem","@id":"https:\/\/eldigitaldeasturias.com\/magazine365\/category\/noticias-actualidad\/#listItem","name":"Noticias y Actualidad"}},{"@type":"ListItem","@id":"https:\/\/eldigitaldeasturias.com\/magazine365\/category\/noticias-actualidad\/#listItem","position":2,"name":"Noticias y Actualidad","item":"https:\/\/eldigitaldeasturias.com\/magazine365\/category\/noticias-actualidad\/","nextItem":{"@type":"ListItem","@id":"https:\/\/eldigitaldeasturias.com\/magazine365\/bruselas-autoriza-a-la-mayor-parte-de-la-flota-de-iran-air-a-volver-a-operar-en-la-ue\/#listItem","name":"Bruselas autoriza a la mayor parte de la flota de Iran Air a volver a operar en la UE"},"previousItem":{"@type":"ListItem","@id":"https:\/\/eldigitaldeasturias.com\/magazine365#listItem","name":"Home"}},{"@type":"ListItem","@id":"https:\/\/eldigitaldeasturias.com\/magazine365\/bruselas-autoriza-a-la-mayor-parte-de-la-flota-de-iran-air-a-volver-a-operar-en-la-ue\/#listItem","position":3,"name":"Bruselas autoriza a la mayor parte de la flota de Iran Air a volver a operar en la UE","previousItem":{"@type":"ListItem","@id":"https:\/\/eldigitaldeasturias.com\/magazine365\/category\/noticias-actualidad\/#listItem","name":"Noticias y Actualidad"}}]},{"@type":"Organization","@id":"https:\/\/eldigitaldeasturias.com\/magazine365\/#organization","name":"El digital de Asturias","description":"Revista de ocio, turismo y estilo de vida","url":"https:\/\/eldigitaldeasturias.com\/magazine365\/","logo":{"@type":"ImageObject","url":"https:\/\/www.eldigitaldeasturias.com\/noticias\/wp-content\/uploads\/2020\/12\/EDA.jpg","@id":"https:\/\/eldigitaldeasturias.com\/magazine365\/bruselas-autoriza-a-la-mayor-parte-de-la-flota-de-iran-air-a-volver-a-operar-en-la-ue\/#organizationLogo"},"image":{"@id":"https:\/\/eldigitaldeasturias.com\/magazine365\/bruselas-autoriza-a-la-mayor-parte-de-la-flota-de-iran-air-a-volver-a-operar-en-la-ue\/#organizationLogo"}},{"@type":"Person","@id":"https:\/\/eldigitaldeasturias.com\/magazine365\/author\/admin\/#author","url":"https:\/\/eldigitaldeasturias.com\/magazine365\/author\/admin\/","name":"admin","image":{"@type":"ImageObject","@id":"https:\/\/eldigitaldeasturias.com\/magazine365\/bruselas-autoriza-a-la-mayor-parte-de-la-flota-de-iran-air-a-volver-a-operar-en-la-ue\/#authorImage","url":"https:\/\/eldigitaldeasturias.com\/magazine365\/wp-content\/litespeed\/avatar\/e571bcf59a0edd6fa6838245a470f2fe.jpg?ver=1776969259","width":96,"height":96,"caption":"admin"}},{"@type":"WebPage","@id":"https:\/\/eldigitaldeasturias.com\/magazine365\/bruselas-autoriza-a-la-mayor-parte-de-la-flota-de-iran-air-a-volver-a-operar-en-la-ue\/#webpage","url":"https:\/\/eldigitaldeasturias.com\/magazine365\/bruselas-autoriza-a-la-mayor-parte-de-la-flota-de-iran-air-a-volver-a-operar-en-la-ue\/","name":"Bruselas autoriza a la mayor parte de la flota de Iran Air a volver a operar en la UE | El Digital de Asturias","description":"La Comisi\u00f3n Europea ha autorizado a la mayor parte de la flota de Iran Air a reanudar sus operaciones en la Uni\u00f3n Europea tras certificar a partir de una evaluaci\u00f3n t\u00e9cnica positiva que cumple con los est\u00e1ndares de seguridad internacionales en el marco de su \u00faltima revisi\u00f3n de la 'lista negra' de aerol\u00edneas vetadas en","inLanguage":"es-ES","isPartOf":{"@id":"https:\/\/eldigitaldeasturias.com\/magazine365\/#website"},"breadcrumb":{"@id":"https:\/\/eldigitaldeasturias.com\/magazine365\/bruselas-autoriza-a-la-mayor-parte-de-la-flota-de-iran-air-a-volver-a-operar-en-la-ue\/#breadcrumblist"},"author":{"@id":"https:\/\/eldigitaldeasturias.com\/magazine365\/author\/admin\/#author"},"creator":{"@id":"https:\/\/eldigitaldeasturias.com\/magazine365\/author\/admin\/#author"},"image":{"@type":"ImageObject","url":"https:\/\/eldigitaldeasturias.com\/magazine365\/wp-content\/uploads\/2016\/06\/fotonoticia_20160616154808_800.jpg","@id":"https:\/\/eldigitaldeasturias.com\/magazine365\/bruselas-autoriza-a-la-mayor-parte-de-la-flota-de-iran-air-a-volver-a-operar-en-la-ue\/#mainImage","width":800,"height":576},"primaryImageOfPage":{"@id":"https:\/\/eldigitaldeasturias.com\/magazine365\/bruselas-autoriza-a-la-mayor-parte-de-la-flota-de-iran-air-a-volver-a-operar-en-la-ue\/#mainImage"},"datePublished":"2016-06-16T17:22:50+02:00","dateModified":"2016-06-16T17:22:50+02:00"},{"@type":"WebSite","@id":"https:\/\/eldigitaldeasturias.com\/magazine365\/#website","url":"https:\/\/eldigitaldeasturias.com\/magazine365\/","name":"El Digital de Asturias","description":"Revista de ocio, turismo y estilo de vida","inLanguage":"es-ES","publisher":{"@id":"https:\/\/eldigitaldeasturias.com\/magazine365\/#organization"}}]},"og:locale":"es_ES","og:site_name":"El Digital de Asturias \u2013 Revista de ocio, turismo y estilo de vida","og:type":"article","og:title":"Bruselas autoriza a la mayor parte de la flota de Iran Air a volver a operar en la UE | El Digital de Asturias","og:description":"La Comisi\u00f3n Europea ha autorizado a la mayor parte de la flota de Iran Air a reanudar sus operaciones en la Uni\u00f3n Europea tras certificar a partir de una evaluaci\u00f3n t\u00e9cnica positiva que cumple con los est\u00e1ndares de seguridad internacionales en el marco de su \u00faltima revisi\u00f3n de la 'lista negra' de aerol\u00edneas vetadas en","og:url":"https:\/\/eldigitaldeasturias.com\/magazine365\/bruselas-autoriza-a-la-mayor-parte-de-la-flota-de-iran-air-a-volver-a-operar-en-la-ue\/","og:image":"https:\/\/eldigitaldeasturias.com\/magazine365\/wp-content\/uploads\/2016\/06\/fotonoticia_20160616154808_800.jpg","og:image:secure_url":"https:\/\/eldigitaldeasturias.com\/magazine365\/wp-content\/uploads\/2016\/06\/fotonoticia_20160616154808_800.jpg","og:image:width":800,"og:image:height":576,"article:published_time":"2016-06-16T15:22:50+00:00","article:modified_time":"2016-06-16T15:22:50+00:00","twitter:card":"summary_large_image","twitter:title":"Bruselas autoriza a la mayor parte de la flota de Iran Air a volver a operar en la UE | El Digital de Asturias","twitter:description":"La Comisi\u00f3n Europea ha autorizado a la mayor parte de la flota de Iran Air a reanudar sus operaciones en la Uni\u00f3n Europea tras certificar a partir de una evaluaci\u00f3n t\u00e9cnica positiva que cumple con los est\u00e1ndares de seguridad internacionales en el marco de su \u00faltima revisi\u00f3n de la 'lista negra' de aerol\u00edneas vetadas en","twitter:image":"https:\/\/eldigitaldeasturias.com\/magazine365\/wp-content\/uploads\/2016\/06\/fotonoticia_20160616154808_800.jpg"},"aioseo_meta_data":{"post_id":"79686","title":null,"description":null,"keywords":null,"keyphrases":null,"primary_term":null,"canonical_url":null,"og_title":null,"og_description":null,"og_object_type":"default","og_image_type":"default","og_image_url":null,"og_image_width":null,"og_image_height":null,"og_image_custom_url":null,"og_image_custom_fields":null,"og_video":null,"og_custom_url":null,"og_article_section":null,"og_article_tags":null,"twitter_use_og":false,"twitter_card":"default","twitter_image_type":"default","twitter_image_url":null,"twitter_image_custom_url":null,"twitter_image_custom_fields":null,"twitter_title":null,"twitter_description":null,"schema":{"blockGraphs":[],"customGraphs":[],"default":{"data":{"Article":[],"Course":[],"Dataset":[],"FAQPage":[],"Movie":[],"Person":[],"Product":[],"ProductReview":[],"Car":[],"Recipe":[],"Service":[],"SoftwareApplication":[],"WebPage":[]},"graphName":"","isEnabled":true},"graphs":[],"defaultGraph":"","defaultPostTypeGraph":""},"schema_type":null,"schema_type_options":null,"pillar_content":false,"robots_default":true,"robots_noindex":false,"robots_noarchive":false,"robots_nosnippet":false,"robots_nofollow":false,"robots_noimageindex":false,"robots_noodp":false,"robots_notranslate":false,"robots_max_snippet":null,"robots_max_videopreview":null,"robots_max_imagepreview":"large","priority":null,"frequency":null,"location":null,"local_seo":null,"seo_analyzer_scan_date":"2025-09-27 19:22:01","breadcrumb_settings":null,"limit_modified_date":false,"open_ai":null,"ai":null,"created":"2021-03-08 17:45:23","updated":"2025-09-27 19:22:01"},"aioseo_breadcrumb":"<div class=\"aioseo-breadcrumbs\"><span class=\"aioseo-breadcrumb\">\n\t<a href=\"https:\/\/eldigitaldeasturias.com\/magazine365\" title=\"Home\">Home<\/a>\n<\/span><span class=\"aioseo-breadcrumb-separator\">\u2013<\/span><span class=\"aioseo-breadcrumb\">\n\t<a href=\"https:\/\/eldigitaldeasturias.com\/magazine365\/category\/noticias-actualidad\/\" title=\"Noticias y Actualidad\">Noticias y Actualidad<\/a>\n<\/span><span class=\"aioseo-breadcrumb-separator\">\u2013<\/span><span class=\"aioseo-breadcrumb\">\n\t<a href=\"https:\/\/eldigitaldeasturias.com\/magazine365\/bruselas-autoriza-a-la-mayor-parte-de-la-flota-de-iran-air-a-volver-a-operar-en-la-ue\/\" title=\"Bruselas autoriza a la mayor parte de la flota de Iran Air a volver a operar en la UE\">Bruselas autoriza a la mayor parte de la flota de Iran Air a volver a operar en la UE<\/a>\n<\/span><\/div>","aioseo_breadcrumb_json":[{"label":"Home","link":"https:\/\/eldigitaldeasturias.com\/magazine365"},{"label":"Noticias y Actualidad","link":"https:\/\/eldigitaldeasturias.com\/magazine365\/category\/noticias-actualidad\/"},{"label":"Bruselas autoriza a la mayor parte de la flota de Iran Air a volver a operar en la UE","link":"https:\/\/eldigitaldeasturias.com\/magazine365\/bruselas-autoriza-a-la-mayor-parte-de-la-flota-de-iran-air-a-volver-a-operar-en-la-ue\/"}],"_links":{"self":[{"href":"https:\/\/eldigitaldeasturias.com\/magazine365\/wp-json\/wp\/v2\/posts\/79686","targetHints":{"allow":["GET"]}}],"collection":[{"href":"https:\/\/eldigitaldeasturias.com\/magazine365\/wp-json\/wp\/v2\/posts"}],"about":[{"href":"https:\/\/eldigitaldeasturias.com\/magazine365\/wp-json\/wp\/v2\/types\/post"}],"author":[{"embeddable":true,"href":"https:\/\/eldigitaldeasturias.com\/magazine365\/wp-json\/wp\/v2\/users\/1"}],"replies":[{"embeddable":true,"href":"https:\/\/eldigitaldeasturias.com\/magazine365\/wp-json\/wp\/v2\/comments?post=79686"}],"version-history":[{"count":0,"href":"https:\/\/eldigitaldeasturias.com\/magazine365\/wp-json\/wp\/v2\/posts\/79686\/revisions"}],"wp:featuredmedia":[{"embeddable":true,"href":"https:\/\/eldigitaldeasturias.com\/magazine365\/wp-json\/wp\/v2\/media\/79687"}],"wp:attachment":[{"href":"https:\/\/eldigitaldeasturias.com\/magazine365\/wp-json\/wp\/v2\/media?parent=79686"}],"wp:term":[{"taxonomy":"category","embeddable":true,"href":"https:\/\/eldigitaldeasturias.com\/magazine365\/wp-json\/wp\/v2\/categories?post=79686"},{"taxonomy":"post_tag","embeddable":true,"href":"https:\/\/eldigitaldeasturias.com\/magazine365\/wp-json\/wp\/v2\/tags?post=79686"}],"curies":[{"name":"wp","href":"https:\/\/api.w.org\/{rel}","templated":true}]}}