{"id":79680,"date":"2016-06-16T17:20:15","date_gmt":"2016-06-16T15:20:15","guid":{"rendered":"http:\/\/eldigitaldeasturias.com\/magazine365\/?p=79680"},"modified":"2016-06-16T18:37:02","modified_gmt":"2016-06-16T16:37:02","slug":"recuperada-una-de-las-cajas-negras-del-avion-de-egyptair","status":"publish","type":"post","link":"https:\/\/eldigitaldeasturias.com\/magazine365\/recuperada-una-de-las-cajas-negras-del-avion-de-egyptair\/","title":{"rendered":"Recuperada una de las cajas negras del avi\u00f3n de EgyptAir"},"content":{"rendered":"<p><img fetchpriority=\"high\" decoding=\"async\" class=\"alignleft size-medium wp-image-77926\" src=\"https:\/\/eldigitaldeasturias.com\/magazine365\/wp-content\/uploads\/2016\/06\/m365-360x198.jpg\" alt=\"m365\" width=\"360\" height=\"198\" srcset=\"https:\/\/eldigitaldeasturias.com\/magazine365\/wp-content\/uploads\/2016\/06\/m365-360x198.jpg 360w, https:\/\/eldigitaldeasturias.com\/magazine365\/wp-content\/uploads\/2016\/06\/m365-650x357.jpg 650w, https:\/\/eldigitaldeasturias.com\/magazine365\/wp-content\/uploads\/2016\/06\/m365-150x82.jpg 150w, https:\/\/eldigitaldeasturias.com\/magazine365\/wp-content\/uploads\/2016\/06\/m365-450x247.jpg 450w, https:\/\/eldigitaldeasturias.com\/magazine365\/wp-content\/uploads\/2016\/06\/m365.jpg 655w\" sizes=\"(max-width: 360px) 100vw, 360px\" \/><\/p>\n<p>La caja negra en la que qued\u00f3 grabado el sonido en la cabina de pilotos del avi\u00f3n de EgyptAir que se precipit\u00f3 al Mediterr\u00e1neo el pasado 19 de mayo ha sido recuperada, seg\u00fan ha informado el comit\u00e9 de investigaci\u00f3n egipcio.<\/p>\n<p>El artilugio ha sido encontrado por los equipos de b\u00fasqueda, que han tenido que recuperarlo en varias etapas ya que estaba da\u00f1ado. Seg\u00fan los investigadores, el barco especializado de la empresa Deep Ocean Search, con sede en Mauricio, ha sido capaz de recuperar la unidad de memoria de la caja negra.<\/p>\n<p>\u00abEl equipo del barco fue capaz de salvar la parte que contiene la unidad de memoria, que es considerada la parte m\u00e1s importante del artilugio de grabaci\u00f3n\u00bb, ha precisado el comunicado de la comisi\u00f3n de investigaci\u00f3n.<\/p>\n<p>El fiscal general de Egipto ha sido informado y ha ordenado que la caja negra sea entregada a la comisi\u00f3n de investigaci\u00f3n egipcia para su an\u00e1lisis.<\/p>\n<p>El artefacto est\u00e1 siendo trasladado actualmente del barco, el &#8216;John Lethbridge, a la ciudad de Alejandr\u00eda, donde representantes de la Fiscal\u00eda y los investigadores est\u00e1n esperando para recibirlo.<\/p>\n<p>El vuelo MS804 cay\u00f3 al mar cuando volaba desde Par\u00eds a El Cairo con 66 personas a bordo, sin que hasta el momento se conozcan las causas del siniestro.<\/p>\n","protected":false},"excerpt":{"rendered":"<p>La caja negra en la que qued\u00f3 grabado el sonido en la cabina de pilotos del avi\u00f3n de EgyptAir que se precipit\u00f3 al Mediterr\u00e1neo el pasado 19 de mayo ha sido recuperada, seg\u00fan ha informado el comit\u00e9 de investigaci\u00f3n egipcio. El artilugio ha sido encontrado por los equipos de b\u00fasqueda, que han tenido que recuperarlo<\/p>\n","protected":false},"author":1,"featured_media":77926,"comment_status":"open","ping_status":"closed","sticky":false,"template":"","format":"standard","meta":{"footnotes":""},"categories":[224],"tags":[],"class_list":{"0":"post-79680","1":"post","2":"type-post","3":"status-publish","4":"format-standard","5":"has-post-thumbnail","7":"category-noticias-actualidad"},"aioseo_notices":[],"aioseo_head":"\n\t\t<!-- All in One SEO Pro 4.9.6.1 - aioseo.com -->\n\t<meta name=\"description\" content=\"La caja negra en la que qued\u00f3 grabado el sonido en la cabina de pilotos del avi\u00f3n de EgyptAir que se precipit\u00f3 al Mediterr\u00e1neo el pasado 19 de mayo ha sido recuperada, seg\u00fan ha informado el comit\u00e9 de investigaci\u00f3n egipcio. El artilugio ha sido encontrado por los equipos de b\u00fasqueda, que han tenido que recuperarlo\" \/>\n\t<meta name=\"robots\" content=\"max-image-preview:large\" \/>\n\t<meta name=\"author\" content=\"admin\"\/>\n\t<meta name=\"google-site-verification\" content=\"UA-38556648-1\" \/>\n\t<meta name=\"keywords\" content=\"noticias y actualidad\" \/>\n\t<link rel=\"canonical\" href=\"https:\/\/eldigitaldeasturias.com\/magazine365\/recuperada-una-de-las-cajas-negras-del-avion-de-egyptair\/\" \/>\n\t<meta name=\"generator\" content=\"All in One SEO Pro (AIOSEO) 4.9.6.1\" \/>\n\t\t<meta property=\"og:locale\" content=\"es_ES\" \/>\n\t\t<meta property=\"og:site_name\" content=\"El Digital de Asturias \u2013 Revista de ocio, turismo y estilo de vida\" \/>\n\t\t<meta property=\"og:type\" content=\"article\" \/>\n\t\t<meta property=\"og:title\" content=\"Recuperada una de las cajas negras del avi\u00f3n de EgyptAir | El Digital de Asturias\" \/>\n\t\t<meta property=\"og:description\" content=\"La caja negra en la que qued\u00f3 grabado el sonido en la cabina de pilotos del avi\u00f3n de EgyptAir que se precipit\u00f3 al Mediterr\u00e1neo el pasado 19 de mayo ha sido recuperada, seg\u00fan ha informado el comit\u00e9 de investigaci\u00f3n egipcio. El artilugio ha sido encontrado por los equipos de b\u00fasqueda, que han tenido que recuperarlo\" \/>\n\t\t<meta property=\"og:url\" content=\"https:\/\/eldigitaldeasturias.com\/magazine365\/recuperada-una-de-las-cajas-negras-del-avion-de-egyptair\/\" \/>\n\t\t<meta property=\"og:image\" content=\"https:\/\/eldigitaldeasturias.com\/magazine365\/wp-content\/uploads\/2016\/06\/m365.jpg\" \/>\n\t\t<meta property=\"og:image:secure_url\" content=\"https:\/\/eldigitaldeasturias.com\/magazine365\/wp-content\/uploads\/2016\/06\/m365.jpg\" \/>\n\t\t<meta property=\"og:image:width\" content=\"655\" \/>\n\t\t<meta property=\"og:image:height\" content=\"360\" \/>\n\t\t<meta property=\"article:published_time\" content=\"2016-06-16T15:20:15+00:00\" \/>\n\t\t<meta property=\"article:modified_time\" content=\"2016-06-16T16:37:02+00:00\" \/>\n\t\t<meta name=\"twitter:card\" content=\"summary_large_image\" \/>\n\t\t<meta name=\"twitter:title\" content=\"Recuperada una de las cajas negras del avi\u00f3n de EgyptAir | El Digital de Asturias\" \/>\n\t\t<meta name=\"twitter:description\" content=\"La caja negra en la que qued\u00f3 grabado el sonido en la cabina de pilotos del avi\u00f3n de EgyptAir que se precipit\u00f3 al Mediterr\u00e1neo el pasado 19 de mayo ha sido recuperada, seg\u00fan ha informado el comit\u00e9 de investigaci\u00f3n egipcio. El artilugio ha sido encontrado por los equipos de b\u00fasqueda, que han tenido que recuperarlo\" \/>\n\t\t<meta name=\"twitter:image\" content=\"https:\/\/eldigitaldeasturias.com\/magazine365\/wp-content\/uploads\/2016\/06\/m365.jpg\" \/>\n\t\t<script type=\"application\/ld+json\" class=\"aioseo-schema\">\n\t\t\t{\"@context\":\"https:\\\/\\\/schema.org\",\"@graph\":[{\"@type\":\"Article\",\"@id\":\"https:\\\/\\\/eldigitaldeasturias.com\\\/magazine365\\\/recuperada-una-de-las-cajas-negras-del-avion-de-egyptair\\\/#article\",\"name\":\"Recuperada una de las cajas negras del avi\\u00f3n de EgyptAir | El Digital de Asturias\",\"headline\":\"Recuperada una de las cajas negras del avi\\u00f3n de EgyptAir\",\"author\":{\"@id\":\"https:\\\/\\\/eldigitaldeasturias.com\\\/magazine365\\\/author\\\/admin\\\/#author\"},\"publisher\":{\"@id\":\"https:\\\/\\\/eldigitaldeasturias.com\\\/magazine365\\\/#organization\"},\"image\":{\"@type\":\"ImageObject\",\"url\":\"https:\\\/\\\/eldigitaldeasturias.com\\\/magazine365\\\/wp-content\\\/uploads\\\/2016\\\/06\\\/m365.jpg\",\"width\":655,\"height\":360},\"datePublished\":\"2016-06-16T17:20:15+02:00\",\"dateModified\":\"2016-06-16T18:37:02+02:00\",\"inLanguage\":\"es-ES\",\"mainEntityOfPage\":{\"@id\":\"https:\\\/\\\/eldigitaldeasturias.com\\\/magazine365\\\/recuperada-una-de-las-cajas-negras-del-avion-de-egyptair\\\/#webpage\"},\"isPartOf\":{\"@id\":\"https:\\\/\\\/eldigitaldeasturias.com\\\/magazine365\\\/recuperada-una-de-las-cajas-negras-del-avion-de-egyptair\\\/#webpage\"},\"articleSection\":\"Noticias y Actualidad\"},{\"@type\":\"BreadcrumbList\",\"@id\":\"https:\\\/\\\/eldigitaldeasturias.com\\\/magazine365\\\/recuperada-una-de-las-cajas-negras-del-avion-de-egyptair\\\/#breadcrumblist\",\"itemListElement\":[{\"@type\":\"ListItem\",\"@id\":\"https:\\\/\\\/eldigitaldeasturias.com\\\/magazine365#listItem\",\"position\":1,\"name\":\"Home\",\"item\":\"https:\\\/\\\/eldigitaldeasturias.com\\\/magazine365\",\"nextItem\":{\"@type\":\"ListItem\",\"@id\":\"https:\\\/\\\/eldigitaldeasturias.com\\\/magazine365\\\/category\\\/noticias-actualidad\\\/#listItem\",\"name\":\"Noticias y Actualidad\"}},{\"@type\":\"ListItem\",\"@id\":\"https:\\\/\\\/eldigitaldeasturias.com\\\/magazine365\\\/category\\\/noticias-actualidad\\\/#listItem\",\"position\":2,\"name\":\"Noticias y Actualidad\",\"item\":\"https:\\\/\\\/eldigitaldeasturias.com\\\/magazine365\\\/category\\\/noticias-actualidad\\\/\",\"nextItem\":{\"@type\":\"ListItem\",\"@id\":\"https:\\\/\\\/eldigitaldeasturias.com\\\/magazine365\\\/recuperada-una-de-las-cajas-negras-del-avion-de-egyptair\\\/#listItem\",\"name\":\"Recuperada una de las cajas negras del avi\\u00f3n de EgyptAir\"},\"previousItem\":{\"@type\":\"ListItem\",\"@id\":\"https:\\\/\\\/eldigitaldeasturias.com\\\/magazine365#listItem\",\"name\":\"Home\"}},{\"@type\":\"ListItem\",\"@id\":\"https:\\\/\\\/eldigitaldeasturias.com\\\/magazine365\\\/recuperada-una-de-las-cajas-negras-del-avion-de-egyptair\\\/#listItem\",\"position\":3,\"name\":\"Recuperada una de las cajas negras del avi\\u00f3n de EgyptAir\",\"previousItem\":{\"@type\":\"ListItem\",\"@id\":\"https:\\\/\\\/eldigitaldeasturias.com\\\/magazine365\\\/category\\\/noticias-actualidad\\\/#listItem\",\"name\":\"Noticias y Actualidad\"}}]},{\"@type\":\"Organization\",\"@id\":\"https:\\\/\\\/eldigitaldeasturias.com\\\/magazine365\\\/#organization\",\"name\":\"El digital de Asturias\",\"description\":\"Revista de ocio, turismo y estilo de vida\",\"url\":\"https:\\\/\\\/eldigitaldeasturias.com\\\/magazine365\\\/\",\"logo\":{\"@type\":\"ImageObject\",\"url\":\"https:\\\/\\\/www.eldigitaldeasturias.com\\\/noticias\\\/wp-content\\\/uploads\\\/2020\\\/12\\\/EDA.jpg\",\"@id\":\"https:\\\/\\\/eldigitaldeasturias.com\\\/magazine365\\\/recuperada-una-de-las-cajas-negras-del-avion-de-egyptair\\\/#organizationLogo\"},\"image\":{\"@id\":\"https:\\\/\\\/eldigitaldeasturias.com\\\/magazine365\\\/recuperada-una-de-las-cajas-negras-del-avion-de-egyptair\\\/#organizationLogo\"}},{\"@type\":\"Person\",\"@id\":\"https:\\\/\\\/eldigitaldeasturias.com\\\/magazine365\\\/author\\\/admin\\\/#author\",\"url\":\"https:\\\/\\\/eldigitaldeasturias.com\\\/magazine365\\\/author\\\/admin\\\/\",\"name\":\"admin\",\"image\":{\"@type\":\"ImageObject\",\"@id\":\"https:\\\/\\\/eldigitaldeasturias.com\\\/magazine365\\\/recuperada-una-de-las-cajas-negras-del-avion-de-egyptair\\\/#authorImage\",\"url\":\"https:\\\/\\\/eldigitaldeasturias.com\\\/magazine365\\\/wp-content\\\/litespeed\\\/avatar\\\/e571bcf59a0edd6fa6838245a470f2fe.jpg?ver=1776969259\",\"width\":96,\"height\":96,\"caption\":\"admin\"}},{\"@type\":\"WebPage\",\"@id\":\"https:\\\/\\\/eldigitaldeasturias.com\\\/magazine365\\\/recuperada-una-de-las-cajas-negras-del-avion-de-egyptair\\\/#webpage\",\"url\":\"https:\\\/\\\/eldigitaldeasturias.com\\\/magazine365\\\/recuperada-una-de-las-cajas-negras-del-avion-de-egyptair\\\/\",\"name\":\"Recuperada una de las cajas negras del avi\\u00f3n de EgyptAir | El Digital de Asturias\",\"description\":\"La caja negra en la que qued\\u00f3 grabado el sonido en la cabina de pilotos del avi\\u00f3n de EgyptAir que se precipit\\u00f3 al Mediterr\\u00e1neo el pasado 19 de mayo ha sido recuperada, seg\\u00fan ha informado el comit\\u00e9 de investigaci\\u00f3n egipcio. El artilugio ha sido encontrado por los equipos de b\\u00fasqueda, que han tenido que recuperarlo\",\"inLanguage\":\"es-ES\",\"isPartOf\":{\"@id\":\"https:\\\/\\\/eldigitaldeasturias.com\\\/magazine365\\\/#website\"},\"breadcrumb\":{\"@id\":\"https:\\\/\\\/eldigitaldeasturias.com\\\/magazine365\\\/recuperada-una-de-las-cajas-negras-del-avion-de-egyptair\\\/#breadcrumblist\"},\"author\":{\"@id\":\"https:\\\/\\\/eldigitaldeasturias.com\\\/magazine365\\\/author\\\/admin\\\/#author\"},\"creator\":{\"@id\":\"https:\\\/\\\/eldigitaldeasturias.com\\\/magazine365\\\/author\\\/admin\\\/#author\"},\"image\":{\"@type\":\"ImageObject\",\"url\":\"https:\\\/\\\/eldigitaldeasturias.com\\\/magazine365\\\/wp-content\\\/uploads\\\/2016\\\/06\\\/m365.jpg\",\"@id\":\"https:\\\/\\\/eldigitaldeasturias.com\\\/magazine365\\\/recuperada-una-de-las-cajas-negras-del-avion-de-egyptair\\\/#mainImage\",\"width\":655,\"height\":360},\"primaryImageOfPage\":{\"@id\":\"https:\\\/\\\/eldigitaldeasturias.com\\\/magazine365\\\/recuperada-una-de-las-cajas-negras-del-avion-de-egyptair\\\/#mainImage\"},\"datePublished\":\"2016-06-16T17:20:15+02:00\",\"dateModified\":\"2016-06-16T18:37:02+02:00\"},{\"@type\":\"WebSite\",\"@id\":\"https:\\\/\\\/eldigitaldeasturias.com\\\/magazine365\\\/#website\",\"url\":\"https:\\\/\\\/eldigitaldeasturias.com\\\/magazine365\\\/\",\"name\":\"El Digital de Asturias\",\"description\":\"Revista de ocio, turismo y estilo de vida\",\"inLanguage\":\"es-ES\",\"publisher\":{\"@id\":\"https:\\\/\\\/eldigitaldeasturias.com\\\/magazine365\\\/#organization\"}}]}\n\t\t<\/script>\n\t\t<!-- All in One SEO Pro -->\r\n\t\t<title>Recuperada una de las cajas negras del avi\u00f3n de EgyptAir | El Digital de Asturias<\/title>\n\n","aioseo_head_json":{"title":"Recuperada una de las cajas negras del avi\u00f3n de EgyptAir | El Digital de Asturias","description":"La caja negra en la que qued\u00f3 grabado el sonido en la cabina de pilotos del avi\u00f3n de EgyptAir que se precipit\u00f3 al Mediterr\u00e1neo el pasado 19 de mayo ha sido recuperada, seg\u00fan ha informado el comit\u00e9 de investigaci\u00f3n egipcio. El artilugio ha sido encontrado por los equipos de b\u00fasqueda, que han tenido que recuperarlo","canonical_url":"https:\/\/eldigitaldeasturias.com\/magazine365\/recuperada-una-de-las-cajas-negras-del-avion-de-egyptair\/","robots":"max-image-preview:large","keywords":"noticias y actualidad","webmasterTools":{"google-site-verification":"UA-38556648-1","miscellaneous":""},"schema":{"@context":"https:\/\/schema.org","@graph":[{"@type":"Article","@id":"https:\/\/eldigitaldeasturias.com\/magazine365\/recuperada-una-de-las-cajas-negras-del-avion-de-egyptair\/#article","name":"Recuperada una de las cajas negras del avi\u00f3n de EgyptAir | El Digital de Asturias","headline":"Recuperada una de las cajas negras del avi\u00f3n de EgyptAir","author":{"@id":"https:\/\/eldigitaldeasturias.com\/magazine365\/author\/admin\/#author"},"publisher":{"@id":"https:\/\/eldigitaldeasturias.com\/magazine365\/#organization"},"image":{"@type":"ImageObject","url":"https:\/\/eldigitaldeasturias.com\/magazine365\/wp-content\/uploads\/2016\/06\/m365.jpg","width":655,"height":360},"datePublished":"2016-06-16T17:20:15+02:00","dateModified":"2016-06-16T18:37:02+02:00","inLanguage":"es-ES","mainEntityOfPage":{"@id":"https:\/\/eldigitaldeasturias.com\/magazine365\/recuperada-una-de-las-cajas-negras-del-avion-de-egyptair\/#webpage"},"isPartOf":{"@id":"https:\/\/eldigitaldeasturias.com\/magazine365\/recuperada-una-de-las-cajas-negras-del-avion-de-egyptair\/#webpage"},"articleSection":"Noticias y Actualidad"},{"@type":"BreadcrumbList","@id":"https:\/\/eldigitaldeasturias.com\/magazine365\/recuperada-una-de-las-cajas-negras-del-avion-de-egyptair\/#breadcrumblist","itemListElement":[{"@type":"ListItem","@id":"https:\/\/eldigitaldeasturias.com\/magazine365#listItem","position":1,"name":"Home","item":"https:\/\/eldigitaldeasturias.com\/magazine365","nextItem":{"@type":"ListItem","@id":"https:\/\/eldigitaldeasturias.com\/magazine365\/category\/noticias-actualidad\/#listItem","name":"Noticias y Actualidad"}},{"@type":"ListItem","@id":"https:\/\/eldigitaldeasturias.com\/magazine365\/category\/noticias-actualidad\/#listItem","position":2,"name":"Noticias y Actualidad","item":"https:\/\/eldigitaldeasturias.com\/magazine365\/category\/noticias-actualidad\/","nextItem":{"@type":"ListItem","@id":"https:\/\/eldigitaldeasturias.com\/magazine365\/recuperada-una-de-las-cajas-negras-del-avion-de-egyptair\/#listItem","name":"Recuperada una de las cajas negras del avi\u00f3n de EgyptAir"},"previousItem":{"@type":"ListItem","@id":"https:\/\/eldigitaldeasturias.com\/magazine365#listItem","name":"Home"}},{"@type":"ListItem","@id":"https:\/\/eldigitaldeasturias.com\/magazine365\/recuperada-una-de-las-cajas-negras-del-avion-de-egyptair\/#listItem","position":3,"name":"Recuperada una de las cajas negras del avi\u00f3n de EgyptAir","previousItem":{"@type":"ListItem","@id":"https:\/\/eldigitaldeasturias.com\/magazine365\/category\/noticias-actualidad\/#listItem","name":"Noticias y Actualidad"}}]},{"@type":"Organization","@id":"https:\/\/eldigitaldeasturias.com\/magazine365\/#organization","name":"El digital de Asturias","description":"Revista de ocio, turismo y estilo de vida","url":"https:\/\/eldigitaldeasturias.com\/magazine365\/","logo":{"@type":"ImageObject","url":"https:\/\/www.eldigitaldeasturias.com\/noticias\/wp-content\/uploads\/2020\/12\/EDA.jpg","@id":"https:\/\/eldigitaldeasturias.com\/magazine365\/recuperada-una-de-las-cajas-negras-del-avion-de-egyptair\/#organizationLogo"},"image":{"@id":"https:\/\/eldigitaldeasturias.com\/magazine365\/recuperada-una-de-las-cajas-negras-del-avion-de-egyptair\/#organizationLogo"}},{"@type":"Person","@id":"https:\/\/eldigitaldeasturias.com\/magazine365\/author\/admin\/#author","url":"https:\/\/eldigitaldeasturias.com\/magazine365\/author\/admin\/","name":"admin","image":{"@type":"ImageObject","@id":"https:\/\/eldigitaldeasturias.com\/magazine365\/recuperada-una-de-las-cajas-negras-del-avion-de-egyptair\/#authorImage","url":"https:\/\/eldigitaldeasturias.com\/magazine365\/wp-content\/litespeed\/avatar\/e571bcf59a0edd6fa6838245a470f2fe.jpg?ver=1776969259","width":96,"height":96,"caption":"admin"}},{"@type":"WebPage","@id":"https:\/\/eldigitaldeasturias.com\/magazine365\/recuperada-una-de-las-cajas-negras-del-avion-de-egyptair\/#webpage","url":"https:\/\/eldigitaldeasturias.com\/magazine365\/recuperada-una-de-las-cajas-negras-del-avion-de-egyptair\/","name":"Recuperada una de las cajas negras del avi\u00f3n de EgyptAir | El Digital de Asturias","description":"La caja negra en la que qued\u00f3 grabado el sonido en la cabina de pilotos del avi\u00f3n de EgyptAir que se precipit\u00f3 al Mediterr\u00e1neo el pasado 19 de mayo ha sido recuperada, seg\u00fan ha informado el comit\u00e9 de investigaci\u00f3n egipcio. El artilugio ha sido encontrado por los equipos de b\u00fasqueda, que han tenido que recuperarlo","inLanguage":"es-ES","isPartOf":{"@id":"https:\/\/eldigitaldeasturias.com\/magazine365\/#website"},"breadcrumb":{"@id":"https:\/\/eldigitaldeasturias.com\/magazine365\/recuperada-una-de-las-cajas-negras-del-avion-de-egyptair\/#breadcrumblist"},"author":{"@id":"https:\/\/eldigitaldeasturias.com\/magazine365\/author\/admin\/#author"},"creator":{"@id":"https:\/\/eldigitaldeasturias.com\/magazine365\/author\/admin\/#author"},"image":{"@type":"ImageObject","url":"https:\/\/eldigitaldeasturias.com\/magazine365\/wp-content\/uploads\/2016\/06\/m365.jpg","@id":"https:\/\/eldigitaldeasturias.com\/magazine365\/recuperada-una-de-las-cajas-negras-del-avion-de-egyptair\/#mainImage","width":655,"height":360},"primaryImageOfPage":{"@id":"https:\/\/eldigitaldeasturias.com\/magazine365\/recuperada-una-de-las-cajas-negras-del-avion-de-egyptair\/#mainImage"},"datePublished":"2016-06-16T17:20:15+02:00","dateModified":"2016-06-16T18:37:02+02:00"},{"@type":"WebSite","@id":"https:\/\/eldigitaldeasturias.com\/magazine365\/#website","url":"https:\/\/eldigitaldeasturias.com\/magazine365\/","name":"El Digital de Asturias","description":"Revista de ocio, turismo y estilo de vida","inLanguage":"es-ES","publisher":{"@id":"https:\/\/eldigitaldeasturias.com\/magazine365\/#organization"}}]},"og:locale":"es_ES","og:site_name":"El Digital de Asturias \u2013 Revista de ocio, turismo y estilo de vida","og:type":"article","og:title":"Recuperada una de las cajas negras del avi\u00f3n de EgyptAir | El Digital de Asturias","og:description":"La caja negra en la que qued\u00f3 grabado el sonido en la cabina de pilotos del avi\u00f3n de EgyptAir que se precipit\u00f3 al Mediterr\u00e1neo el pasado 19 de mayo ha sido recuperada, seg\u00fan ha informado el comit\u00e9 de investigaci\u00f3n egipcio. El artilugio ha sido encontrado por los equipos de b\u00fasqueda, que han tenido que recuperarlo","og:url":"https:\/\/eldigitaldeasturias.com\/magazine365\/recuperada-una-de-las-cajas-negras-del-avion-de-egyptair\/","og:image":"https:\/\/eldigitaldeasturias.com\/magazine365\/wp-content\/uploads\/2016\/06\/m365.jpg","og:image:secure_url":"https:\/\/eldigitaldeasturias.com\/magazine365\/wp-content\/uploads\/2016\/06\/m365.jpg","og:image:width":655,"og:image:height":360,"article:published_time":"2016-06-16T15:20:15+00:00","article:modified_time":"2016-06-16T16:37:02+00:00","twitter:card":"summary_large_image","twitter:title":"Recuperada una de las cajas negras del avi\u00f3n de EgyptAir | El Digital de Asturias","twitter:description":"La caja negra en la que qued\u00f3 grabado el sonido en la cabina de pilotos del avi\u00f3n de EgyptAir que se precipit\u00f3 al Mediterr\u00e1neo el pasado 19 de mayo ha sido recuperada, seg\u00fan ha informado el comit\u00e9 de investigaci\u00f3n egipcio. El artilugio ha sido encontrado por los equipos de b\u00fasqueda, que han tenido que recuperarlo","twitter:image":"https:\/\/eldigitaldeasturias.com\/magazine365\/wp-content\/uploads\/2016\/06\/m365.jpg"},"aioseo_meta_data":{"post_id":"79680","title":null,"description":null,"keywords":null,"keyphrases":null,"primary_term":null,"canonical_url":null,"og_title":null,"og_description":null,"og_object_type":"default","og_image_type":"default","og_image_url":null,"og_image_width":null,"og_image_height":null,"og_image_custom_url":null,"og_image_custom_fields":null,"og_video":null,"og_custom_url":null,"og_article_section":null,"og_article_tags":null,"twitter_use_og":false,"twitter_card":"default","twitter_image_type":"default","twitter_image_url":null,"twitter_image_custom_url":null,"twitter_image_custom_fields":null,"twitter_title":null,"twitter_description":null,"schema":{"blockGraphs":[],"customGraphs":[],"default":{"data":{"Article":[],"Course":[],"Dataset":[],"FAQPage":[],"Movie":[],"Person":[],"Product":[],"ProductReview":[],"Car":[],"Recipe":[],"Service":[],"SoftwareApplication":[],"WebPage":[]},"graphName":"","isEnabled":true},"graphs":[],"defaultGraph":"","defaultPostTypeGraph":""},"schema_type":null,"schema_type_options":null,"pillar_content":false,"robots_default":true,"robots_noindex":false,"robots_noarchive":false,"robots_nosnippet":false,"robots_nofollow":false,"robots_noimageindex":false,"robots_noodp":false,"robots_notranslate":false,"robots_max_snippet":null,"robots_max_videopreview":null,"robots_max_imagepreview":"large","priority":null,"frequency":null,"location":null,"local_seo":null,"seo_analyzer_scan_date":"2025-09-27 19:21:58","breadcrumb_settings":null,"limit_modified_date":false,"open_ai":null,"ai":null,"created":"2021-03-08 17:45:23","updated":"2025-09-27 19:21:58"},"aioseo_breadcrumb":"<div class=\"aioseo-breadcrumbs\"><span class=\"aioseo-breadcrumb\">\n\t<a href=\"https:\/\/eldigitaldeasturias.com\/magazine365\" title=\"Home\">Home<\/a>\n<\/span><span class=\"aioseo-breadcrumb-separator\">\u2013<\/span><span class=\"aioseo-breadcrumb\">\n\t<a href=\"https:\/\/eldigitaldeasturias.com\/magazine365\/category\/noticias-actualidad\/\" title=\"Noticias y Actualidad\">Noticias y Actualidad<\/a>\n<\/span><span class=\"aioseo-breadcrumb-separator\">\u2013<\/span><span class=\"aioseo-breadcrumb\">\n\t<a href=\"https:\/\/eldigitaldeasturias.com\/magazine365\/recuperada-una-de-las-cajas-negras-del-avion-de-egyptair\/\" title=\"Recuperada una de las cajas negras del avi\u00f3n de EgyptAir\">Recuperada una de las cajas negras del avi\u00f3n de EgyptAir<\/a>\n<\/span><\/div>","aioseo_breadcrumb_json":[{"label":"Home","link":"https:\/\/eldigitaldeasturias.com\/magazine365"},{"label":"Noticias y Actualidad","link":"https:\/\/eldigitaldeasturias.com\/magazine365\/category\/noticias-actualidad\/"},{"label":"Recuperada una de las cajas negras del avi\u00f3n de EgyptAir","link":"https:\/\/eldigitaldeasturias.com\/magazine365\/recuperada-una-de-las-cajas-negras-del-avion-de-egyptair\/"}],"_links":{"self":[{"href":"https:\/\/eldigitaldeasturias.com\/magazine365\/wp-json\/wp\/v2\/posts\/79680","targetHints":{"allow":["GET"]}}],"collection":[{"href":"https:\/\/eldigitaldeasturias.com\/magazine365\/wp-json\/wp\/v2\/posts"}],"about":[{"href":"https:\/\/eldigitaldeasturias.com\/magazine365\/wp-json\/wp\/v2\/types\/post"}],"author":[{"embeddable":true,"href":"https:\/\/eldigitaldeasturias.com\/magazine365\/wp-json\/wp\/v2\/users\/1"}],"replies":[{"embeddable":true,"href":"https:\/\/eldigitaldeasturias.com\/magazine365\/wp-json\/wp\/v2\/comments?post=79680"}],"version-history":[{"count":0,"href":"https:\/\/eldigitaldeasturias.com\/magazine365\/wp-json\/wp\/v2\/posts\/79680\/revisions"}],"wp:featuredmedia":[{"embeddable":true,"href":"https:\/\/eldigitaldeasturias.com\/magazine365\/wp-json\/wp\/v2\/media\/77926"}],"wp:attachment":[{"href":"https:\/\/eldigitaldeasturias.com\/magazine365\/wp-json\/wp\/v2\/media?parent=79680"}],"wp:term":[{"taxonomy":"category","embeddable":true,"href":"https:\/\/eldigitaldeasturias.com\/magazine365\/wp-json\/wp\/v2\/categories?post=79680"},{"taxonomy":"post_tag","embeddable":true,"href":"https:\/\/eldigitaldeasturias.com\/magazine365\/wp-json\/wp\/v2\/tags?post=79680"}],"curies":[{"name":"wp","href":"https:\/\/api.w.org\/{rel}","templated":true}]}}