{"id":79661,"date":"2016-06-16T16:42:24","date_gmt":"2016-06-16T14:42:24","guid":{"rendered":"http:\/\/eldigitaldeasturias.com\/magazine365\/?p=79661"},"modified":"2016-06-16T16:42:24","modified_gmt":"2016-06-16T14:42:24","slug":"el-sector-hostelero-confia-en-una-pronta-recuperacion-de-los-clientes-de-la-saca-de-las-yeguas","status":"publish","type":"post","link":"https:\/\/eldigitaldeasturias.com\/magazine365\/el-sector-hostelero-confia-en-una-pronta-recuperacion-de-los-clientes-de-la-saca-de-las-yeguas\/","title":{"rendered":"El sector hostelero conf\u00eda en una pronta recuperaci\u00f3n de los clientes de la Saca de las Yeguas"},"content":{"rendered":"<p><img fetchpriority=\"high\" decoding=\"async\" class=\"alignleft size-medium wp-image-79662\" src=\"https:\/\/eldigitaldeasturias.com\/magazine365\/wp-content\/uploads\/2016\/06\/fotonoticia_20160616152046_800-360x203.jpg\" alt=\"fotonoticia_20160616152046_800\" width=\"360\" height=\"203\" srcset=\"https:\/\/eldigitaldeasturias.com\/magazine365\/wp-content\/uploads\/2016\/06\/fotonoticia_20160616152046_800-360x203.jpg 360w, https:\/\/eldigitaldeasturias.com\/magazine365\/wp-content\/uploads\/2016\/06\/fotonoticia_20160616152046_800-650x366.jpg 650w, https:\/\/eldigitaldeasturias.com\/magazine365\/wp-content\/uploads\/2016\/06\/fotonoticia_20160616152046_800-768x432.jpg 768w, https:\/\/eldigitaldeasturias.com\/magazine365\/wp-content\/uploads\/2016\/06\/fotonoticia_20160616152046_800-150x84.jpg 150w, https:\/\/eldigitaldeasturias.com\/magazine365\/wp-content\/uploads\/2016\/06\/fotonoticia_20160616152046_800-450x253.jpg 450w, https:\/\/eldigitaldeasturias.com\/magazine365\/wp-content\/uploads\/2016\/06\/fotonoticia_20160616152046_800-499x280.jpg 499w, https:\/\/eldigitaldeasturias.com\/magazine365\/wp-content\/uploads\/2016\/06\/fotonoticia_20160616152046_800-510x289.jpg 510w, https:\/\/eldigitaldeasturias.com\/magazine365\/wp-content\/uploads\/2016\/06\/fotonoticia_20160616152046_800.jpg 800w\" sizes=\"(max-width: 360px) 100vw, 360px\" \/>Lo representantes del sector de la hosteler\u00eda onubense han confiado este jueves en recuperar en pocos d\u00edas las cancelaciones que hab\u00edan sufrido previamente al desconvocarse la Saca de las Yeguas, lo que hab\u00eda generado incertidumbre en el sector.<\/p>\n<p>En declaraciones a Europa Press, el secretario provincial de la Asociaci\u00f3n de Hoteles y de la Asociaci\u00f3n de la Hosteler\u00eda de Huelva, Rafael Barba, ha asegurado que seg\u00fan los primeros sondeos ha habido un primer crecimiento en las contrataciones al conocerse la noticia, especialmente por parte del \u00abentorno de influencia de Huelva y Sevilla\u00bb y, aunque todav\u00eda no se han recuperado todas las cancelaciones perdidas, conf\u00eda en que se normalicen a principios de la pr\u00f3xima semana.<\/p>\n<p>Seg\u00fan Barba, la recuperaci\u00f3n \u00abno ha sido muy significativa\u00bb ya que la noticia de que finalmente se va a celebrar la Saca de las Yeguas ha sido \u00abmuy reciente\u00bb, pero ha estimado que las cifras volver\u00e1n a ser buenas ya que el mercado \u00abes muy r\u00e1pido\u00bb para las cancelaciones pero va \u00abm\u00e1s lento\u00bb a la hora de la contrataci\u00f3n.<\/p>\n<p>As\u00ed, desde el sector han augurado que se podr\u00e1n mantener las primeras estimaciones que eran de entre 3.000 y 4.000 personas para pernoctaciones de no m\u00e1s de dos o tres d\u00edas.<\/p>\n<p>Barba ha se\u00f1alado que para la hosteler\u00eda es \u00abuna noticia estupenda\u00bb que se pueda seguir adelante con esta tradici\u00f3n ya que es algo muy esperado en la zona y de lo que se va a beneficiar el sector.<\/p>\n","protected":false},"excerpt":{"rendered":"<p>Lo representantes del sector de la hosteler\u00eda onubense han confiado este jueves en recuperar en pocos d\u00edas las cancelaciones que hab\u00edan sufrido previamente al desconvocarse la Saca de las Yeguas, lo que hab\u00eda generado incertidumbre en el sector. En declaraciones a Europa Press, el secretario provincial de la Asociaci\u00f3n de Hoteles y de la Asociaci\u00f3n<\/p>\n","protected":false},"author":1,"featured_media":79662,"comment_status":"open","ping_status":"closed","sticky":false,"template":"","format":"standard","meta":{"footnotes":""},"categories":[224],"tags":[],"class_list":{"0":"post-79661","1":"post","2":"type-post","3":"status-publish","4":"format-standard","5":"has-post-thumbnail","7":"category-noticias-actualidad"},"aioseo_notices":[],"aioseo_head":"\n\t\t<!-- All in One SEO Pro 4.9.6.1 - aioseo.com -->\n\t<meta name=\"description\" content=\"Lo representantes del sector de la hosteler\u00eda onubense han confiado este jueves en recuperar en pocos d\u00edas las cancelaciones que hab\u00edan sufrido previamente al desconvocarse la Saca de las Yeguas, lo que hab\u00eda generado incertidumbre en el sector. En declaraciones a Europa Press, el secretario provincial de la Asociaci\u00f3n de Hoteles y de la Asociaci\u00f3n\" \/>\n\t<meta name=\"robots\" content=\"max-image-preview:large\" \/>\n\t<meta name=\"author\" content=\"admin\"\/>\n\t<meta name=\"google-site-verification\" content=\"UA-38556648-1\" \/>\n\t<meta name=\"keywords\" content=\"noticias y actualidad\" \/>\n\t<link rel=\"canonical\" href=\"https:\/\/eldigitaldeasturias.com\/magazine365\/el-sector-hostelero-confia-en-una-pronta-recuperacion-de-los-clientes-de-la-saca-de-las-yeguas\/\" \/>\n\t<meta name=\"generator\" content=\"All in One SEO Pro (AIOSEO) 4.9.6.1\" \/>\n\t\t<meta property=\"og:locale\" content=\"es_ES\" \/>\n\t\t<meta property=\"og:site_name\" content=\"El Digital de Asturias \u2013 Revista de ocio, turismo y estilo de vida\" \/>\n\t\t<meta property=\"og:type\" content=\"article\" \/>\n\t\t<meta property=\"og:title\" content=\"El sector hostelero conf\u00eda en una pronta recuperaci\u00f3n de los clientes de la Saca de las Yeguas | El Digital de Asturias\" \/>\n\t\t<meta property=\"og:description\" content=\"Lo representantes del sector de la hosteler\u00eda onubense han confiado este jueves en recuperar en pocos d\u00edas las cancelaciones que hab\u00edan sufrido previamente al desconvocarse la Saca de las Yeguas, lo que hab\u00eda generado incertidumbre en el sector. En declaraciones a Europa Press, el secretario provincial de la Asociaci\u00f3n de Hoteles y de la Asociaci\u00f3n\" \/>\n\t\t<meta property=\"og:url\" content=\"https:\/\/eldigitaldeasturias.com\/magazine365\/el-sector-hostelero-confia-en-una-pronta-recuperacion-de-los-clientes-de-la-saca-de-las-yeguas\/\" \/>\n\t\t<meta property=\"og:image\" content=\"https:\/\/eldigitaldeasturias.com\/magazine365\/wp-content\/uploads\/2016\/06\/fotonoticia_20160616152046_800.jpg\" \/>\n\t\t<meta property=\"og:image:secure_url\" content=\"https:\/\/eldigitaldeasturias.com\/magazine365\/wp-content\/uploads\/2016\/06\/fotonoticia_20160616152046_800.jpg\" \/>\n\t\t<meta property=\"og:image:width\" content=\"800\" \/>\n\t\t<meta property=\"og:image:height\" content=\"450\" \/>\n\t\t<meta property=\"article:published_time\" content=\"2016-06-16T14:42:24+00:00\" \/>\n\t\t<meta property=\"article:modified_time\" content=\"2016-06-16T14:42:24+00:00\" \/>\n\t\t<meta name=\"twitter:card\" content=\"summary_large_image\" \/>\n\t\t<meta name=\"twitter:title\" content=\"El sector hostelero conf\u00eda en una pronta recuperaci\u00f3n de los clientes de la Saca de las Yeguas | El Digital de Asturias\" \/>\n\t\t<meta name=\"twitter:description\" content=\"Lo representantes del sector de la hosteler\u00eda onubense han confiado este jueves en recuperar en pocos d\u00edas las cancelaciones que hab\u00edan sufrido previamente al desconvocarse la Saca de las Yeguas, lo que hab\u00eda generado incertidumbre en el sector. En declaraciones a Europa Press, el secretario provincial de la Asociaci\u00f3n de Hoteles y de la Asociaci\u00f3n\" \/>\n\t\t<meta name=\"twitter:image\" content=\"https:\/\/eldigitaldeasturias.com\/magazine365\/wp-content\/uploads\/2016\/06\/fotonoticia_20160616152046_800.jpg\" \/>\n\t\t<script type=\"application\/ld+json\" class=\"aioseo-schema\">\n\t\t\t{\"@context\":\"https:\\\/\\\/schema.org\",\"@graph\":[{\"@type\":\"Article\",\"@id\":\"https:\\\/\\\/eldigitaldeasturias.com\\\/magazine365\\\/el-sector-hostelero-confia-en-una-pronta-recuperacion-de-los-clientes-de-la-saca-de-las-yeguas\\\/#article\",\"name\":\"El sector hostelero conf\\u00eda en una pronta recuperaci\\u00f3n de los clientes de la Saca de las Yeguas | El Digital de Asturias\",\"headline\":\"El sector hostelero conf\\u00eda en una pronta recuperaci\\u00f3n de los clientes de la Saca de las Yeguas\",\"author\":{\"@id\":\"https:\\\/\\\/eldigitaldeasturias.com\\\/magazine365\\\/author\\\/admin\\\/#author\"},\"publisher\":{\"@id\":\"https:\\\/\\\/eldigitaldeasturias.com\\\/magazine365\\\/#organization\"},\"image\":{\"@type\":\"ImageObject\",\"url\":\"https:\\\/\\\/eldigitaldeasturias.com\\\/magazine365\\\/wp-content\\\/uploads\\\/2016\\\/06\\\/fotonoticia_20160616152046_800.jpg\",\"width\":800,\"height\":450},\"datePublished\":\"2016-06-16T16:42:24+02:00\",\"dateModified\":\"2016-06-16T16:42:24+02:00\",\"inLanguage\":\"es-ES\",\"mainEntityOfPage\":{\"@id\":\"https:\\\/\\\/eldigitaldeasturias.com\\\/magazine365\\\/el-sector-hostelero-confia-en-una-pronta-recuperacion-de-los-clientes-de-la-saca-de-las-yeguas\\\/#webpage\"},\"isPartOf\":{\"@id\":\"https:\\\/\\\/eldigitaldeasturias.com\\\/magazine365\\\/el-sector-hostelero-confia-en-una-pronta-recuperacion-de-los-clientes-de-la-saca-de-las-yeguas\\\/#webpage\"},\"articleSection\":\"Noticias y Actualidad\"},{\"@type\":\"BreadcrumbList\",\"@id\":\"https:\\\/\\\/eldigitaldeasturias.com\\\/magazine365\\\/el-sector-hostelero-confia-en-una-pronta-recuperacion-de-los-clientes-de-la-saca-de-las-yeguas\\\/#breadcrumblist\",\"itemListElement\":[{\"@type\":\"ListItem\",\"@id\":\"https:\\\/\\\/eldigitaldeasturias.com\\\/magazine365#listItem\",\"position\":1,\"name\":\"Home\",\"item\":\"https:\\\/\\\/eldigitaldeasturias.com\\\/magazine365\",\"nextItem\":{\"@type\":\"ListItem\",\"@id\":\"https:\\\/\\\/eldigitaldeasturias.com\\\/magazine365\\\/category\\\/noticias-actualidad\\\/#listItem\",\"name\":\"Noticias y Actualidad\"}},{\"@type\":\"ListItem\",\"@id\":\"https:\\\/\\\/eldigitaldeasturias.com\\\/magazine365\\\/category\\\/noticias-actualidad\\\/#listItem\",\"position\":2,\"name\":\"Noticias y Actualidad\",\"item\":\"https:\\\/\\\/eldigitaldeasturias.com\\\/magazine365\\\/category\\\/noticias-actualidad\\\/\",\"nextItem\":{\"@type\":\"ListItem\",\"@id\":\"https:\\\/\\\/eldigitaldeasturias.com\\\/magazine365\\\/el-sector-hostelero-confia-en-una-pronta-recuperacion-de-los-clientes-de-la-saca-de-las-yeguas\\\/#listItem\",\"name\":\"El sector hostelero conf\\u00eda en una pronta recuperaci\\u00f3n de los clientes de la Saca de las Yeguas\"},\"previousItem\":{\"@type\":\"ListItem\",\"@id\":\"https:\\\/\\\/eldigitaldeasturias.com\\\/magazine365#listItem\",\"name\":\"Home\"}},{\"@type\":\"ListItem\",\"@id\":\"https:\\\/\\\/eldigitaldeasturias.com\\\/magazine365\\\/el-sector-hostelero-confia-en-una-pronta-recuperacion-de-los-clientes-de-la-saca-de-las-yeguas\\\/#listItem\",\"position\":3,\"name\":\"El sector hostelero conf\\u00eda en una pronta recuperaci\\u00f3n de los clientes de la Saca de las Yeguas\",\"previousItem\":{\"@type\":\"ListItem\",\"@id\":\"https:\\\/\\\/eldigitaldeasturias.com\\\/magazine365\\\/category\\\/noticias-actualidad\\\/#listItem\",\"name\":\"Noticias y Actualidad\"}}]},{\"@type\":\"Organization\",\"@id\":\"https:\\\/\\\/eldigitaldeasturias.com\\\/magazine365\\\/#organization\",\"name\":\"El digital de Asturias\",\"description\":\"Revista de ocio, turismo y estilo de vida\",\"url\":\"https:\\\/\\\/eldigitaldeasturias.com\\\/magazine365\\\/\",\"logo\":{\"@type\":\"ImageObject\",\"url\":\"https:\\\/\\\/www.eldigitaldeasturias.com\\\/noticias\\\/wp-content\\\/uploads\\\/2020\\\/12\\\/EDA.jpg\",\"@id\":\"https:\\\/\\\/eldigitaldeasturias.com\\\/magazine365\\\/el-sector-hostelero-confia-en-una-pronta-recuperacion-de-los-clientes-de-la-saca-de-las-yeguas\\\/#organizationLogo\"},\"image\":{\"@id\":\"https:\\\/\\\/eldigitaldeasturias.com\\\/magazine365\\\/el-sector-hostelero-confia-en-una-pronta-recuperacion-de-los-clientes-de-la-saca-de-las-yeguas\\\/#organizationLogo\"}},{\"@type\":\"Person\",\"@id\":\"https:\\\/\\\/eldigitaldeasturias.com\\\/magazine365\\\/author\\\/admin\\\/#author\",\"url\":\"https:\\\/\\\/eldigitaldeasturias.com\\\/magazine365\\\/author\\\/admin\\\/\",\"name\":\"admin\",\"image\":{\"@type\":\"ImageObject\",\"@id\":\"https:\\\/\\\/eldigitaldeasturias.com\\\/magazine365\\\/el-sector-hostelero-confia-en-una-pronta-recuperacion-de-los-clientes-de-la-saca-de-las-yeguas\\\/#authorImage\",\"url\":\"https:\\\/\\\/eldigitaldeasturias.com\\\/magazine365\\\/wp-content\\\/litespeed\\\/avatar\\\/e571bcf59a0edd6fa6838245a470f2fe.jpg?ver=1776969259\",\"width\":96,\"height\":96,\"caption\":\"admin\"}},{\"@type\":\"WebPage\",\"@id\":\"https:\\\/\\\/eldigitaldeasturias.com\\\/magazine365\\\/el-sector-hostelero-confia-en-una-pronta-recuperacion-de-los-clientes-de-la-saca-de-las-yeguas\\\/#webpage\",\"url\":\"https:\\\/\\\/eldigitaldeasturias.com\\\/magazine365\\\/el-sector-hostelero-confia-en-una-pronta-recuperacion-de-los-clientes-de-la-saca-de-las-yeguas\\\/\",\"name\":\"El sector hostelero conf\\u00eda en una pronta recuperaci\\u00f3n de los clientes de la Saca de las Yeguas | El Digital de Asturias\",\"description\":\"Lo representantes del sector de la hosteler\\u00eda onubense han confiado este jueves en recuperar en pocos d\\u00edas las cancelaciones que hab\\u00edan sufrido previamente al desconvocarse la Saca de las Yeguas, lo que hab\\u00eda generado incertidumbre en el sector. En declaraciones a Europa Press, el secretario provincial de la Asociaci\\u00f3n de Hoteles y de la Asociaci\\u00f3n\",\"inLanguage\":\"es-ES\",\"isPartOf\":{\"@id\":\"https:\\\/\\\/eldigitaldeasturias.com\\\/magazine365\\\/#website\"},\"breadcrumb\":{\"@id\":\"https:\\\/\\\/eldigitaldeasturias.com\\\/magazine365\\\/el-sector-hostelero-confia-en-una-pronta-recuperacion-de-los-clientes-de-la-saca-de-las-yeguas\\\/#breadcrumblist\"},\"author\":{\"@id\":\"https:\\\/\\\/eldigitaldeasturias.com\\\/magazine365\\\/author\\\/admin\\\/#author\"},\"creator\":{\"@id\":\"https:\\\/\\\/eldigitaldeasturias.com\\\/magazine365\\\/author\\\/admin\\\/#author\"},\"image\":{\"@type\":\"ImageObject\",\"url\":\"https:\\\/\\\/eldigitaldeasturias.com\\\/magazine365\\\/wp-content\\\/uploads\\\/2016\\\/06\\\/fotonoticia_20160616152046_800.jpg\",\"@id\":\"https:\\\/\\\/eldigitaldeasturias.com\\\/magazine365\\\/el-sector-hostelero-confia-en-una-pronta-recuperacion-de-los-clientes-de-la-saca-de-las-yeguas\\\/#mainImage\",\"width\":800,\"height\":450},\"primaryImageOfPage\":{\"@id\":\"https:\\\/\\\/eldigitaldeasturias.com\\\/magazine365\\\/el-sector-hostelero-confia-en-una-pronta-recuperacion-de-los-clientes-de-la-saca-de-las-yeguas\\\/#mainImage\"},\"datePublished\":\"2016-06-16T16:42:24+02:00\",\"dateModified\":\"2016-06-16T16:42:24+02:00\"},{\"@type\":\"WebSite\",\"@id\":\"https:\\\/\\\/eldigitaldeasturias.com\\\/magazine365\\\/#website\",\"url\":\"https:\\\/\\\/eldigitaldeasturias.com\\\/magazine365\\\/\",\"name\":\"El Digital de Asturias\",\"description\":\"Revista de ocio, turismo y estilo de vida\",\"inLanguage\":\"es-ES\",\"publisher\":{\"@id\":\"https:\\\/\\\/eldigitaldeasturias.com\\\/magazine365\\\/#organization\"}}]}\n\t\t<\/script>\n\t\t<!-- All in One SEO Pro -->\r\n\t\t<title>El sector hostelero conf\u00eda en una pronta recuperaci\u00f3n de los clientes de la Saca de las Yeguas | El Digital de Asturias<\/title>\n\n","aioseo_head_json":{"title":"El sector hostelero conf\u00eda en una pronta recuperaci\u00f3n de los clientes de la Saca de las Yeguas | El Digital de Asturias","description":"Lo representantes del sector de la hosteler\u00eda onubense han confiado este jueves en recuperar en pocos d\u00edas las cancelaciones que hab\u00edan sufrido previamente al desconvocarse la Saca de las Yeguas, lo que hab\u00eda generado incertidumbre en el sector. En declaraciones a Europa Press, el secretario provincial de la Asociaci\u00f3n de Hoteles y de la Asociaci\u00f3n","canonical_url":"https:\/\/eldigitaldeasturias.com\/magazine365\/el-sector-hostelero-confia-en-una-pronta-recuperacion-de-los-clientes-de-la-saca-de-las-yeguas\/","robots":"max-image-preview:large","keywords":"noticias y actualidad","webmasterTools":{"google-site-verification":"UA-38556648-1","miscellaneous":""},"schema":{"@context":"https:\/\/schema.org","@graph":[{"@type":"Article","@id":"https:\/\/eldigitaldeasturias.com\/magazine365\/el-sector-hostelero-confia-en-una-pronta-recuperacion-de-los-clientes-de-la-saca-de-las-yeguas\/#article","name":"El sector hostelero conf\u00eda en una pronta recuperaci\u00f3n de los clientes de la Saca de las Yeguas | El Digital de Asturias","headline":"El sector hostelero conf\u00eda en una pronta recuperaci\u00f3n de los clientes de la Saca de las Yeguas","author":{"@id":"https:\/\/eldigitaldeasturias.com\/magazine365\/author\/admin\/#author"},"publisher":{"@id":"https:\/\/eldigitaldeasturias.com\/magazine365\/#organization"},"image":{"@type":"ImageObject","url":"https:\/\/eldigitaldeasturias.com\/magazine365\/wp-content\/uploads\/2016\/06\/fotonoticia_20160616152046_800.jpg","width":800,"height":450},"datePublished":"2016-06-16T16:42:24+02:00","dateModified":"2016-06-16T16:42:24+02:00","inLanguage":"es-ES","mainEntityOfPage":{"@id":"https:\/\/eldigitaldeasturias.com\/magazine365\/el-sector-hostelero-confia-en-una-pronta-recuperacion-de-los-clientes-de-la-saca-de-las-yeguas\/#webpage"},"isPartOf":{"@id":"https:\/\/eldigitaldeasturias.com\/magazine365\/el-sector-hostelero-confia-en-una-pronta-recuperacion-de-los-clientes-de-la-saca-de-las-yeguas\/#webpage"},"articleSection":"Noticias y Actualidad"},{"@type":"BreadcrumbList","@id":"https:\/\/eldigitaldeasturias.com\/magazine365\/el-sector-hostelero-confia-en-una-pronta-recuperacion-de-los-clientes-de-la-saca-de-las-yeguas\/#breadcrumblist","itemListElement":[{"@type":"ListItem","@id":"https:\/\/eldigitaldeasturias.com\/magazine365#listItem","position":1,"name":"Home","item":"https:\/\/eldigitaldeasturias.com\/magazine365","nextItem":{"@type":"ListItem","@id":"https:\/\/eldigitaldeasturias.com\/magazine365\/category\/noticias-actualidad\/#listItem","name":"Noticias y Actualidad"}},{"@type":"ListItem","@id":"https:\/\/eldigitaldeasturias.com\/magazine365\/category\/noticias-actualidad\/#listItem","position":2,"name":"Noticias y Actualidad","item":"https:\/\/eldigitaldeasturias.com\/magazine365\/category\/noticias-actualidad\/","nextItem":{"@type":"ListItem","@id":"https:\/\/eldigitaldeasturias.com\/magazine365\/el-sector-hostelero-confia-en-una-pronta-recuperacion-de-los-clientes-de-la-saca-de-las-yeguas\/#listItem","name":"El sector hostelero conf\u00eda en una pronta recuperaci\u00f3n de los clientes de la Saca de las Yeguas"},"previousItem":{"@type":"ListItem","@id":"https:\/\/eldigitaldeasturias.com\/magazine365#listItem","name":"Home"}},{"@type":"ListItem","@id":"https:\/\/eldigitaldeasturias.com\/magazine365\/el-sector-hostelero-confia-en-una-pronta-recuperacion-de-los-clientes-de-la-saca-de-las-yeguas\/#listItem","position":3,"name":"El sector hostelero conf\u00eda en una pronta recuperaci\u00f3n de los clientes de la Saca de las Yeguas","previousItem":{"@type":"ListItem","@id":"https:\/\/eldigitaldeasturias.com\/magazine365\/category\/noticias-actualidad\/#listItem","name":"Noticias y Actualidad"}}]},{"@type":"Organization","@id":"https:\/\/eldigitaldeasturias.com\/magazine365\/#organization","name":"El digital de Asturias","description":"Revista de ocio, turismo y estilo de vida","url":"https:\/\/eldigitaldeasturias.com\/magazine365\/","logo":{"@type":"ImageObject","url":"https:\/\/www.eldigitaldeasturias.com\/noticias\/wp-content\/uploads\/2020\/12\/EDA.jpg","@id":"https:\/\/eldigitaldeasturias.com\/magazine365\/el-sector-hostelero-confia-en-una-pronta-recuperacion-de-los-clientes-de-la-saca-de-las-yeguas\/#organizationLogo"},"image":{"@id":"https:\/\/eldigitaldeasturias.com\/magazine365\/el-sector-hostelero-confia-en-una-pronta-recuperacion-de-los-clientes-de-la-saca-de-las-yeguas\/#organizationLogo"}},{"@type":"Person","@id":"https:\/\/eldigitaldeasturias.com\/magazine365\/author\/admin\/#author","url":"https:\/\/eldigitaldeasturias.com\/magazine365\/author\/admin\/","name":"admin","image":{"@type":"ImageObject","@id":"https:\/\/eldigitaldeasturias.com\/magazine365\/el-sector-hostelero-confia-en-una-pronta-recuperacion-de-los-clientes-de-la-saca-de-las-yeguas\/#authorImage","url":"https:\/\/eldigitaldeasturias.com\/magazine365\/wp-content\/litespeed\/avatar\/e571bcf59a0edd6fa6838245a470f2fe.jpg?ver=1776969259","width":96,"height":96,"caption":"admin"}},{"@type":"WebPage","@id":"https:\/\/eldigitaldeasturias.com\/magazine365\/el-sector-hostelero-confia-en-una-pronta-recuperacion-de-los-clientes-de-la-saca-de-las-yeguas\/#webpage","url":"https:\/\/eldigitaldeasturias.com\/magazine365\/el-sector-hostelero-confia-en-una-pronta-recuperacion-de-los-clientes-de-la-saca-de-las-yeguas\/","name":"El sector hostelero conf\u00eda en una pronta recuperaci\u00f3n de los clientes de la Saca de las Yeguas | El Digital de Asturias","description":"Lo representantes del sector de la hosteler\u00eda onubense han confiado este jueves en recuperar en pocos d\u00edas las cancelaciones que hab\u00edan sufrido previamente al desconvocarse la Saca de las Yeguas, lo que hab\u00eda generado incertidumbre en el sector. En declaraciones a Europa Press, el secretario provincial de la Asociaci\u00f3n de Hoteles y de la Asociaci\u00f3n","inLanguage":"es-ES","isPartOf":{"@id":"https:\/\/eldigitaldeasturias.com\/magazine365\/#website"},"breadcrumb":{"@id":"https:\/\/eldigitaldeasturias.com\/magazine365\/el-sector-hostelero-confia-en-una-pronta-recuperacion-de-los-clientes-de-la-saca-de-las-yeguas\/#breadcrumblist"},"author":{"@id":"https:\/\/eldigitaldeasturias.com\/magazine365\/author\/admin\/#author"},"creator":{"@id":"https:\/\/eldigitaldeasturias.com\/magazine365\/author\/admin\/#author"},"image":{"@type":"ImageObject","url":"https:\/\/eldigitaldeasturias.com\/magazine365\/wp-content\/uploads\/2016\/06\/fotonoticia_20160616152046_800.jpg","@id":"https:\/\/eldigitaldeasturias.com\/magazine365\/el-sector-hostelero-confia-en-una-pronta-recuperacion-de-los-clientes-de-la-saca-de-las-yeguas\/#mainImage","width":800,"height":450},"primaryImageOfPage":{"@id":"https:\/\/eldigitaldeasturias.com\/magazine365\/el-sector-hostelero-confia-en-una-pronta-recuperacion-de-los-clientes-de-la-saca-de-las-yeguas\/#mainImage"},"datePublished":"2016-06-16T16:42:24+02:00","dateModified":"2016-06-16T16:42:24+02:00"},{"@type":"WebSite","@id":"https:\/\/eldigitaldeasturias.com\/magazine365\/#website","url":"https:\/\/eldigitaldeasturias.com\/magazine365\/","name":"El Digital de Asturias","description":"Revista de ocio, turismo y estilo de vida","inLanguage":"es-ES","publisher":{"@id":"https:\/\/eldigitaldeasturias.com\/magazine365\/#organization"}}]},"og:locale":"es_ES","og:site_name":"El Digital de Asturias \u2013 Revista de ocio, turismo y estilo de vida","og:type":"article","og:title":"El sector hostelero conf\u00eda en una pronta recuperaci\u00f3n de los clientes de la Saca de las Yeguas | El Digital de Asturias","og:description":"Lo representantes del sector de la hosteler\u00eda onubense han confiado este jueves en recuperar en pocos d\u00edas las cancelaciones que hab\u00edan sufrido previamente al desconvocarse la Saca de las Yeguas, lo que hab\u00eda generado incertidumbre en el sector. En declaraciones a Europa Press, el secretario provincial de la Asociaci\u00f3n de Hoteles y de la Asociaci\u00f3n","og:url":"https:\/\/eldigitaldeasturias.com\/magazine365\/el-sector-hostelero-confia-en-una-pronta-recuperacion-de-los-clientes-de-la-saca-de-las-yeguas\/","og:image":"https:\/\/eldigitaldeasturias.com\/magazine365\/wp-content\/uploads\/2016\/06\/fotonoticia_20160616152046_800.jpg","og:image:secure_url":"https:\/\/eldigitaldeasturias.com\/magazine365\/wp-content\/uploads\/2016\/06\/fotonoticia_20160616152046_800.jpg","og:image:width":800,"og:image:height":450,"article:published_time":"2016-06-16T14:42:24+00:00","article:modified_time":"2016-06-16T14:42:24+00:00","twitter:card":"summary_large_image","twitter:title":"El sector hostelero conf\u00eda en una pronta recuperaci\u00f3n de los clientes de la Saca de las Yeguas | El Digital de Asturias","twitter:description":"Lo representantes del sector de la hosteler\u00eda onubense han confiado este jueves en recuperar en pocos d\u00edas las cancelaciones que hab\u00edan sufrido previamente al desconvocarse la Saca de las Yeguas, lo que hab\u00eda generado incertidumbre en el sector. En declaraciones a Europa Press, el secretario provincial de la Asociaci\u00f3n de Hoteles y de la Asociaci\u00f3n","twitter:image":"https:\/\/eldigitaldeasturias.com\/magazine365\/wp-content\/uploads\/2016\/06\/fotonoticia_20160616152046_800.jpg"},"aioseo_meta_data":{"post_id":"79661","title":null,"description":null,"keywords":null,"keyphrases":null,"primary_term":null,"canonical_url":null,"og_title":null,"og_description":null,"og_object_type":"default","og_image_type":"default","og_image_url":null,"og_image_width":null,"og_image_height":null,"og_image_custom_url":null,"og_image_custom_fields":null,"og_video":null,"og_custom_url":null,"og_article_section":null,"og_article_tags":null,"twitter_use_og":false,"twitter_card":"default","twitter_image_type":"default","twitter_image_url":null,"twitter_image_custom_url":null,"twitter_image_custom_fields":null,"twitter_title":null,"twitter_description":null,"schema":{"blockGraphs":[],"customGraphs":[],"default":{"data":{"Article":[],"Course":[],"Dataset":[],"FAQPage":[],"Movie":[],"Person":[],"Product":[],"ProductReview":[],"Car":[],"Recipe":[],"Service":[],"SoftwareApplication":[],"WebPage":[]},"graphName":"","isEnabled":true},"graphs":[],"defaultGraph":"","defaultPostTypeGraph":""},"schema_type":null,"schema_type_options":null,"pillar_content":false,"robots_default":true,"robots_noindex":false,"robots_noarchive":false,"robots_nosnippet":false,"robots_nofollow":false,"robots_noimageindex":false,"robots_noodp":false,"robots_notranslate":false,"robots_max_snippet":null,"robots_max_videopreview":null,"robots_max_imagepreview":"large","priority":null,"frequency":null,"location":null,"local_seo":null,"seo_analyzer_scan_date":"2025-09-27 19:20:43","breadcrumb_settings":null,"limit_modified_date":false,"open_ai":null,"ai":null,"created":"2021-03-08 17:45:23","updated":"2025-09-27 19:20:43"},"aioseo_breadcrumb":"<div class=\"aioseo-breadcrumbs\"><span class=\"aioseo-breadcrumb\">\n\t<a href=\"https:\/\/eldigitaldeasturias.com\/magazine365\" title=\"Home\">Home<\/a>\n<\/span><span class=\"aioseo-breadcrumb-separator\">\u2013<\/span><span class=\"aioseo-breadcrumb\">\n\t<a href=\"https:\/\/eldigitaldeasturias.com\/magazine365\/category\/noticias-actualidad\/\" title=\"Noticias y Actualidad\">Noticias y Actualidad<\/a>\n<\/span><span class=\"aioseo-breadcrumb-separator\">\u2013<\/span><span class=\"aioseo-breadcrumb\">\n\t<a href=\"https:\/\/eldigitaldeasturias.com\/magazine365\/el-sector-hostelero-confia-en-una-pronta-recuperacion-de-los-clientes-de-la-saca-de-las-yeguas\/\" title=\"El sector hostelero conf\u00eda en una pronta recuperaci\u00f3n de los clientes de la Saca de las Yeguas\">El sector hostelero conf\u00eda en una pronta recuperaci\u00f3n de los clientes de la Saca de las Yeguas<\/a>\n<\/span><\/div>","aioseo_breadcrumb_json":[{"label":"Home","link":"https:\/\/eldigitaldeasturias.com\/magazine365"},{"label":"Noticias y Actualidad","link":"https:\/\/eldigitaldeasturias.com\/magazine365\/category\/noticias-actualidad\/"},{"label":"El sector hostelero conf\u00eda en una pronta recuperaci\u00f3n de los clientes de la Saca de las Yeguas","link":"https:\/\/eldigitaldeasturias.com\/magazine365\/el-sector-hostelero-confia-en-una-pronta-recuperacion-de-los-clientes-de-la-saca-de-las-yeguas\/"}],"_links":{"self":[{"href":"https:\/\/eldigitaldeasturias.com\/magazine365\/wp-json\/wp\/v2\/posts\/79661","targetHints":{"allow":["GET"]}}],"collection":[{"href":"https:\/\/eldigitaldeasturias.com\/magazine365\/wp-json\/wp\/v2\/posts"}],"about":[{"href":"https:\/\/eldigitaldeasturias.com\/magazine365\/wp-json\/wp\/v2\/types\/post"}],"author":[{"embeddable":true,"href":"https:\/\/eldigitaldeasturias.com\/magazine365\/wp-json\/wp\/v2\/users\/1"}],"replies":[{"embeddable":true,"href":"https:\/\/eldigitaldeasturias.com\/magazine365\/wp-json\/wp\/v2\/comments?post=79661"}],"version-history":[{"count":0,"href":"https:\/\/eldigitaldeasturias.com\/magazine365\/wp-json\/wp\/v2\/posts\/79661\/revisions"}],"wp:featuredmedia":[{"embeddable":true,"href":"https:\/\/eldigitaldeasturias.com\/magazine365\/wp-json\/wp\/v2\/media\/79662"}],"wp:attachment":[{"href":"https:\/\/eldigitaldeasturias.com\/magazine365\/wp-json\/wp\/v2\/media?parent=79661"}],"wp:term":[{"taxonomy":"category","embeddable":true,"href":"https:\/\/eldigitaldeasturias.com\/magazine365\/wp-json\/wp\/v2\/categories?post=79661"},{"taxonomy":"post_tag","embeddable":true,"href":"https:\/\/eldigitaldeasturias.com\/magazine365\/wp-json\/wp\/v2\/tags?post=79661"}],"curies":[{"name":"wp","href":"https:\/\/api.w.org\/{rel}","templated":true}]}}