{"id":79654,"date":"2016-06-16T16:40:17","date_gmt":"2016-06-16T14:40:17","guid":{"rendered":"http:\/\/eldigitaldeasturias.com\/magazine365\/?p=79654"},"modified":"2016-06-16T16:40:17","modified_gmt":"2016-06-16T14:40:17","slug":"marbella-acoge-la-proxima-semana-la-primera-boda-como-destino-nupcial","status":"publish","type":"post","link":"https:\/\/eldigitaldeasturias.com\/magazine365\/marbella-acoge-la-proxima-semana-la-primera-boda-como-destino-nupcial\/","title":{"rendered":"Marbella acoge la pr\u00f3xima semana la primera boda como destino nupcial"},"content":{"rendered":"<p><img fetchpriority=\"high\" decoding=\"async\" class=\"alignleft size-medium wp-image-79655\" src=\"https:\/\/eldigitaldeasturias.com\/magazine365\/wp-content\/uploads\/2016\/06\/fotonoticia_20160616151607_800-360x243.jpg\" alt=\"fotonoticia_20160616151607_800\" width=\"360\" height=\"243\" srcset=\"https:\/\/eldigitaldeasturias.com\/magazine365\/wp-content\/uploads\/2016\/06\/fotonoticia_20160616151607_800-360x243.jpg 360w, https:\/\/eldigitaldeasturias.com\/magazine365\/wp-content\/uploads\/2016\/06\/fotonoticia_20160616151607_800-650x439.jpg 650w, https:\/\/eldigitaldeasturias.com\/magazine365\/wp-content\/uploads\/2016\/06\/fotonoticia_20160616151607_800-768x518.jpg 768w, https:\/\/eldigitaldeasturias.com\/magazine365\/wp-content\/uploads\/2016\/06\/fotonoticia_20160616151607_800-150x101.jpg 150w, https:\/\/eldigitaldeasturias.com\/magazine365\/wp-content\/uploads\/2016\/06\/fotonoticia_20160616151607_800-450x304.jpg 450w, https:\/\/eldigitaldeasturias.com\/magazine365\/wp-content\/uploads\/2016\/06\/fotonoticia_20160616151607_800.jpg 800w\" sizes=\"(max-width: 360px) 100vw, 360px\" \/>La oficina de bodas que ha creado la Delegaci\u00f3n de Turismo de Marbella (M\u00e1laga), el Wedding Office, para posicionar al municipio dentro de este segmento organizar\u00e1 la pr\u00f3xima semana su primer enlace matrimonial, seg\u00fan ha indicado este jueves el responsable del ramo, Miguel Luna.<\/p>\n<p>El evento se celebrar\u00e1 en una playa pr\u00f3xima a Puerto Ban\u00fas y los c\u00f3nyuges, que proceden del extranjero, recibir\u00e1n una placa conmemorativa por ser la primera pareja que contrae matrimonio a trav\u00e9s de los servicios municipales, ha se\u00f1alado Luna, que ha comparecido en rueda de prensa.<\/p>\n<p>La intermediaci\u00f3n del Consistorio ha servido para que los novios lograsen las licencias pertinentes, como la autorizaci\u00f3n de la Junta de Andaluc\u00eda, permisos tributarios o los relacionados con el orden p\u00fablico, para celebrar la boda en la playa, a la que est\u00e1n invitadas unas 200 personas que permanecer\u00e1n en el municipio unos cuatro d\u00edas.<\/p>\n<p>La organizaci\u00f3n del enlace facilitar\u00e1 fotograf\u00edas del evento por ser la primera que se tramita a trav\u00e9s del Ayuntamiento. La boda es la una de las \u00abcinco o seis\u00bb peticiones que ha recibido la delegaci\u00f3n desde que inaugur\u00f3 el servicio, todas ellas procedentes del resto de Europa, aunque la Delegaci\u00f3n trata de promocionar el servicio en EEUU, ya que, ha indicado Luna, los invitados, al proceder de m\u00e1s lejos, deber\u00e1n pernoctar m\u00e1s noches en el municipio .<\/p>\n<p>Luna ha indicado que cada enlace matrimonial puede suponer la llegada de unos 400 invitados al municipio, muchos de ellos con un alto o medio poder adquisitivo.<\/p>\n<p>\u00abDecir &#8216;me caso en Marbella&#8217; tiene su connotaci\u00f3n\u00bb, ha se\u00f1alado, al tiempo que ha a\u00f1adido que la Delegaci\u00f3n de Turismo promocionar\u00e1 parte de sus servicios en la pr\u00f3xima feria en la que participe, entre los que ha se\u00f1alado el Wedding Office o el Marbella Film Office, a trav\u00e9s del cual el Consistorio fomenta el rodaje de pel\u00edculas o anuncios en el municipio.<\/p>\n<p>Por otra parte, Luna ha anunciado que las Oficinas de Turismo del municipio estar\u00e1n abiertas todos los fines de semana y festivos a partir de este s\u00e1bado y durante los pr\u00f3ximos seis meses. El horario es de 10.00 a 22.00 horas, mientras que los d\u00edas laborales es de 09.30 a 22.00 horas.<\/p>\n<p>La ampliaci\u00f3n del servicio se realiza tras la contrataci\u00f3n de diez empleados procedentes de un plan de empleo municipal, algunos de los cuales dominan tres y cuatro idiomas.<\/p>\n","protected":false},"excerpt":{"rendered":"<p>La oficina de bodas que ha creado la Delegaci\u00f3n de Turismo de Marbella (M\u00e1laga), el Wedding Office, para posicionar al municipio dentro de este segmento organizar\u00e1 la pr\u00f3xima semana su primer enlace matrimonial, seg\u00fan ha indicado este jueves el responsable del ramo, Miguel Luna. El evento se celebrar\u00e1 en una playa pr\u00f3xima a Puerto Ban\u00fas<\/p>\n","protected":false},"author":1,"featured_media":79655,"comment_status":"open","ping_status":"closed","sticky":false,"template":"","format":"standard","meta":{"footnotes":""},"categories":[224],"tags":[],"class_list":{"0":"post-79654","1":"post","2":"type-post","3":"status-publish","4":"format-standard","5":"has-post-thumbnail","7":"category-noticias-actualidad"},"aioseo_notices":[],"aioseo_head":"\n\t\t<!-- All in One SEO Pro 4.9.6.1 - aioseo.com -->\n\t<meta name=\"description\" content=\"La oficina de bodas que ha creado la Delegaci\u00f3n de Turismo de Marbella (M\u00e1laga), el Wedding Office, para posicionar al municipio dentro de este segmento organizar\u00e1 la pr\u00f3xima semana su primer enlace matrimonial, seg\u00fan ha indicado este jueves el responsable del ramo, Miguel Luna. El evento se celebrar\u00e1 en una playa pr\u00f3xima a Puerto Ban\u00fas\" \/>\n\t<meta name=\"robots\" content=\"max-image-preview:large\" \/>\n\t<meta name=\"author\" content=\"admin\"\/>\n\t<meta name=\"google-site-verification\" content=\"UA-38556648-1\" \/>\n\t<meta name=\"keywords\" content=\"noticias y actualidad\" \/>\n\t<link rel=\"canonical\" href=\"https:\/\/eldigitaldeasturias.com\/magazine365\/marbella-acoge-la-proxima-semana-la-primera-boda-como-destino-nupcial\/\" \/>\n\t<meta name=\"generator\" content=\"All in One SEO Pro (AIOSEO) 4.9.6.1\" \/>\n\t\t<meta property=\"og:locale\" content=\"es_ES\" \/>\n\t\t<meta property=\"og:site_name\" content=\"El Digital de Asturias \u2013 Revista de ocio, turismo y estilo de vida\" \/>\n\t\t<meta property=\"og:type\" content=\"article\" \/>\n\t\t<meta property=\"og:title\" content=\"Marbella acoge la pr\u00f3xima semana la primera boda como destino nupcial | El Digital de Asturias\" \/>\n\t\t<meta property=\"og:description\" content=\"La oficina de bodas que ha creado la Delegaci\u00f3n de Turismo de Marbella (M\u00e1laga), el Wedding Office, para posicionar al municipio dentro de este segmento organizar\u00e1 la pr\u00f3xima semana su primer enlace matrimonial, seg\u00fan ha indicado este jueves el responsable del ramo, Miguel Luna. El evento se celebrar\u00e1 en una playa pr\u00f3xima a Puerto Ban\u00fas\" \/>\n\t\t<meta property=\"og:url\" content=\"https:\/\/eldigitaldeasturias.com\/magazine365\/marbella-acoge-la-proxima-semana-la-primera-boda-como-destino-nupcial\/\" \/>\n\t\t<meta property=\"og:image\" content=\"https:\/\/eldigitaldeasturias.com\/magazine365\/wp-content\/uploads\/2016\/06\/fotonoticia_20160616151607_800.jpg\" \/>\n\t\t<meta property=\"og:image:secure_url\" content=\"https:\/\/eldigitaldeasturias.com\/magazine365\/wp-content\/uploads\/2016\/06\/fotonoticia_20160616151607_800.jpg\" \/>\n\t\t<meta property=\"og:image:width\" content=\"800\" \/>\n\t\t<meta property=\"og:image:height\" content=\"540\" \/>\n\t\t<meta property=\"article:published_time\" content=\"2016-06-16T14:40:17+00:00\" \/>\n\t\t<meta property=\"article:modified_time\" content=\"2016-06-16T14:40:17+00:00\" \/>\n\t\t<meta name=\"twitter:card\" content=\"summary_large_image\" \/>\n\t\t<meta name=\"twitter:title\" content=\"Marbella acoge la pr\u00f3xima semana la primera boda como destino nupcial | El Digital de Asturias\" \/>\n\t\t<meta name=\"twitter:description\" content=\"La oficina de bodas que ha creado la Delegaci\u00f3n de Turismo de Marbella (M\u00e1laga), el Wedding Office, para posicionar al municipio dentro de este segmento organizar\u00e1 la pr\u00f3xima semana su primer enlace matrimonial, seg\u00fan ha indicado este jueves el responsable del ramo, Miguel Luna. El evento se celebrar\u00e1 en una playa pr\u00f3xima a Puerto Ban\u00fas\" \/>\n\t\t<meta name=\"twitter:image\" content=\"https:\/\/eldigitaldeasturias.com\/magazine365\/wp-content\/uploads\/2016\/06\/fotonoticia_20160616151607_800.jpg\" \/>\n\t\t<script type=\"application\/ld+json\" class=\"aioseo-schema\">\n\t\t\t{\"@context\":\"https:\\\/\\\/schema.org\",\"@graph\":[{\"@type\":\"Article\",\"@id\":\"https:\\\/\\\/eldigitaldeasturias.com\\\/magazine365\\\/marbella-acoge-la-proxima-semana-la-primera-boda-como-destino-nupcial\\\/#article\",\"name\":\"Marbella acoge la pr\\u00f3xima semana la primera boda como destino nupcial | El Digital de Asturias\",\"headline\":\"Marbella acoge la pr\\u00f3xima semana la primera boda como destino nupcial\",\"author\":{\"@id\":\"https:\\\/\\\/eldigitaldeasturias.com\\\/magazine365\\\/author\\\/admin\\\/#author\"},\"publisher\":{\"@id\":\"https:\\\/\\\/eldigitaldeasturias.com\\\/magazine365\\\/#organization\"},\"image\":{\"@type\":\"ImageObject\",\"url\":\"https:\\\/\\\/eldigitaldeasturias.com\\\/magazine365\\\/wp-content\\\/uploads\\\/2016\\\/06\\\/fotonoticia_20160616151607_800.jpg\",\"width\":800,\"height\":540},\"datePublished\":\"2016-06-16T16:40:17+02:00\",\"dateModified\":\"2016-06-16T16:40:17+02:00\",\"inLanguage\":\"es-ES\",\"mainEntityOfPage\":{\"@id\":\"https:\\\/\\\/eldigitaldeasturias.com\\\/magazine365\\\/marbella-acoge-la-proxima-semana-la-primera-boda-como-destino-nupcial\\\/#webpage\"},\"isPartOf\":{\"@id\":\"https:\\\/\\\/eldigitaldeasturias.com\\\/magazine365\\\/marbella-acoge-la-proxima-semana-la-primera-boda-como-destino-nupcial\\\/#webpage\"},\"articleSection\":\"Noticias y Actualidad\"},{\"@type\":\"BreadcrumbList\",\"@id\":\"https:\\\/\\\/eldigitaldeasturias.com\\\/magazine365\\\/marbella-acoge-la-proxima-semana-la-primera-boda-como-destino-nupcial\\\/#breadcrumblist\",\"itemListElement\":[{\"@type\":\"ListItem\",\"@id\":\"https:\\\/\\\/eldigitaldeasturias.com\\\/magazine365#listItem\",\"position\":1,\"name\":\"Home\",\"item\":\"https:\\\/\\\/eldigitaldeasturias.com\\\/magazine365\",\"nextItem\":{\"@type\":\"ListItem\",\"@id\":\"https:\\\/\\\/eldigitaldeasturias.com\\\/magazine365\\\/category\\\/noticias-actualidad\\\/#listItem\",\"name\":\"Noticias y Actualidad\"}},{\"@type\":\"ListItem\",\"@id\":\"https:\\\/\\\/eldigitaldeasturias.com\\\/magazine365\\\/category\\\/noticias-actualidad\\\/#listItem\",\"position\":2,\"name\":\"Noticias y Actualidad\",\"item\":\"https:\\\/\\\/eldigitaldeasturias.com\\\/magazine365\\\/category\\\/noticias-actualidad\\\/\",\"nextItem\":{\"@type\":\"ListItem\",\"@id\":\"https:\\\/\\\/eldigitaldeasturias.com\\\/magazine365\\\/marbella-acoge-la-proxima-semana-la-primera-boda-como-destino-nupcial\\\/#listItem\",\"name\":\"Marbella acoge la pr\\u00f3xima semana la primera boda como destino nupcial\"},\"previousItem\":{\"@type\":\"ListItem\",\"@id\":\"https:\\\/\\\/eldigitaldeasturias.com\\\/magazine365#listItem\",\"name\":\"Home\"}},{\"@type\":\"ListItem\",\"@id\":\"https:\\\/\\\/eldigitaldeasturias.com\\\/magazine365\\\/marbella-acoge-la-proxima-semana-la-primera-boda-como-destino-nupcial\\\/#listItem\",\"position\":3,\"name\":\"Marbella acoge la pr\\u00f3xima semana la primera boda como destino nupcial\",\"previousItem\":{\"@type\":\"ListItem\",\"@id\":\"https:\\\/\\\/eldigitaldeasturias.com\\\/magazine365\\\/category\\\/noticias-actualidad\\\/#listItem\",\"name\":\"Noticias y Actualidad\"}}]},{\"@type\":\"Organization\",\"@id\":\"https:\\\/\\\/eldigitaldeasturias.com\\\/magazine365\\\/#organization\",\"name\":\"El digital de Asturias\",\"description\":\"Revista de ocio, turismo y estilo de vida\",\"url\":\"https:\\\/\\\/eldigitaldeasturias.com\\\/magazine365\\\/\",\"logo\":{\"@type\":\"ImageObject\",\"url\":\"https:\\\/\\\/www.eldigitaldeasturias.com\\\/noticias\\\/wp-content\\\/uploads\\\/2020\\\/12\\\/EDA.jpg\",\"@id\":\"https:\\\/\\\/eldigitaldeasturias.com\\\/magazine365\\\/marbella-acoge-la-proxima-semana-la-primera-boda-como-destino-nupcial\\\/#organizationLogo\"},\"image\":{\"@id\":\"https:\\\/\\\/eldigitaldeasturias.com\\\/magazine365\\\/marbella-acoge-la-proxima-semana-la-primera-boda-como-destino-nupcial\\\/#organizationLogo\"}},{\"@type\":\"Person\",\"@id\":\"https:\\\/\\\/eldigitaldeasturias.com\\\/magazine365\\\/author\\\/admin\\\/#author\",\"url\":\"https:\\\/\\\/eldigitaldeasturias.com\\\/magazine365\\\/author\\\/admin\\\/\",\"name\":\"admin\",\"image\":{\"@type\":\"ImageObject\",\"@id\":\"https:\\\/\\\/eldigitaldeasturias.com\\\/magazine365\\\/marbella-acoge-la-proxima-semana-la-primera-boda-como-destino-nupcial\\\/#authorImage\",\"url\":\"https:\\\/\\\/eldigitaldeasturias.com\\\/magazine365\\\/wp-content\\\/litespeed\\\/avatar\\\/e571bcf59a0edd6fa6838245a470f2fe.jpg?ver=1776969259\",\"width\":96,\"height\":96,\"caption\":\"admin\"}},{\"@type\":\"WebPage\",\"@id\":\"https:\\\/\\\/eldigitaldeasturias.com\\\/magazine365\\\/marbella-acoge-la-proxima-semana-la-primera-boda-como-destino-nupcial\\\/#webpage\",\"url\":\"https:\\\/\\\/eldigitaldeasturias.com\\\/magazine365\\\/marbella-acoge-la-proxima-semana-la-primera-boda-como-destino-nupcial\\\/\",\"name\":\"Marbella acoge la pr\\u00f3xima semana la primera boda como destino nupcial | El Digital de Asturias\",\"description\":\"La oficina de bodas que ha creado la Delegaci\\u00f3n de Turismo de Marbella (M\\u00e1laga), el Wedding Office, para posicionar al municipio dentro de este segmento organizar\\u00e1 la pr\\u00f3xima semana su primer enlace matrimonial, seg\\u00fan ha indicado este jueves el responsable del ramo, Miguel Luna. El evento se celebrar\\u00e1 en una playa pr\\u00f3xima a Puerto Ban\\u00fas\",\"inLanguage\":\"es-ES\",\"isPartOf\":{\"@id\":\"https:\\\/\\\/eldigitaldeasturias.com\\\/magazine365\\\/#website\"},\"breadcrumb\":{\"@id\":\"https:\\\/\\\/eldigitaldeasturias.com\\\/magazine365\\\/marbella-acoge-la-proxima-semana-la-primera-boda-como-destino-nupcial\\\/#breadcrumblist\"},\"author\":{\"@id\":\"https:\\\/\\\/eldigitaldeasturias.com\\\/magazine365\\\/author\\\/admin\\\/#author\"},\"creator\":{\"@id\":\"https:\\\/\\\/eldigitaldeasturias.com\\\/magazine365\\\/author\\\/admin\\\/#author\"},\"image\":{\"@type\":\"ImageObject\",\"url\":\"https:\\\/\\\/eldigitaldeasturias.com\\\/magazine365\\\/wp-content\\\/uploads\\\/2016\\\/06\\\/fotonoticia_20160616151607_800.jpg\",\"@id\":\"https:\\\/\\\/eldigitaldeasturias.com\\\/magazine365\\\/marbella-acoge-la-proxima-semana-la-primera-boda-como-destino-nupcial\\\/#mainImage\",\"width\":800,\"height\":540},\"primaryImageOfPage\":{\"@id\":\"https:\\\/\\\/eldigitaldeasturias.com\\\/magazine365\\\/marbella-acoge-la-proxima-semana-la-primera-boda-como-destino-nupcial\\\/#mainImage\"},\"datePublished\":\"2016-06-16T16:40:17+02:00\",\"dateModified\":\"2016-06-16T16:40:17+02:00\"},{\"@type\":\"WebSite\",\"@id\":\"https:\\\/\\\/eldigitaldeasturias.com\\\/magazine365\\\/#website\",\"url\":\"https:\\\/\\\/eldigitaldeasturias.com\\\/magazine365\\\/\",\"name\":\"El Digital de Asturias\",\"description\":\"Revista de ocio, turismo y estilo de vida\",\"inLanguage\":\"es-ES\",\"publisher\":{\"@id\":\"https:\\\/\\\/eldigitaldeasturias.com\\\/magazine365\\\/#organization\"}}]}\n\t\t<\/script>\n\t\t<!-- All in One SEO Pro -->\r\n\t\t<title>Marbella acoge la pr\u00f3xima semana la primera boda como destino nupcial | El Digital de Asturias<\/title>\n\n","aioseo_head_json":{"title":"Marbella acoge la pr\u00f3xima semana la primera boda como destino nupcial | El Digital de Asturias","description":"La oficina de bodas que ha creado la Delegaci\u00f3n de Turismo de Marbella (M\u00e1laga), el Wedding Office, para posicionar al municipio dentro de este segmento organizar\u00e1 la pr\u00f3xima semana su primer enlace matrimonial, seg\u00fan ha indicado este jueves el responsable del ramo, Miguel Luna. El evento se celebrar\u00e1 en una playa pr\u00f3xima a Puerto Ban\u00fas","canonical_url":"https:\/\/eldigitaldeasturias.com\/magazine365\/marbella-acoge-la-proxima-semana-la-primera-boda-como-destino-nupcial\/","robots":"max-image-preview:large","keywords":"noticias y actualidad","webmasterTools":{"google-site-verification":"UA-38556648-1","miscellaneous":""},"schema":{"@context":"https:\/\/schema.org","@graph":[{"@type":"Article","@id":"https:\/\/eldigitaldeasturias.com\/magazine365\/marbella-acoge-la-proxima-semana-la-primera-boda-como-destino-nupcial\/#article","name":"Marbella acoge la pr\u00f3xima semana la primera boda como destino nupcial | El Digital de Asturias","headline":"Marbella acoge la pr\u00f3xima semana la primera boda como destino nupcial","author":{"@id":"https:\/\/eldigitaldeasturias.com\/magazine365\/author\/admin\/#author"},"publisher":{"@id":"https:\/\/eldigitaldeasturias.com\/magazine365\/#organization"},"image":{"@type":"ImageObject","url":"https:\/\/eldigitaldeasturias.com\/magazine365\/wp-content\/uploads\/2016\/06\/fotonoticia_20160616151607_800.jpg","width":800,"height":540},"datePublished":"2016-06-16T16:40:17+02:00","dateModified":"2016-06-16T16:40:17+02:00","inLanguage":"es-ES","mainEntityOfPage":{"@id":"https:\/\/eldigitaldeasturias.com\/magazine365\/marbella-acoge-la-proxima-semana-la-primera-boda-como-destino-nupcial\/#webpage"},"isPartOf":{"@id":"https:\/\/eldigitaldeasturias.com\/magazine365\/marbella-acoge-la-proxima-semana-la-primera-boda-como-destino-nupcial\/#webpage"},"articleSection":"Noticias y Actualidad"},{"@type":"BreadcrumbList","@id":"https:\/\/eldigitaldeasturias.com\/magazine365\/marbella-acoge-la-proxima-semana-la-primera-boda-como-destino-nupcial\/#breadcrumblist","itemListElement":[{"@type":"ListItem","@id":"https:\/\/eldigitaldeasturias.com\/magazine365#listItem","position":1,"name":"Home","item":"https:\/\/eldigitaldeasturias.com\/magazine365","nextItem":{"@type":"ListItem","@id":"https:\/\/eldigitaldeasturias.com\/magazine365\/category\/noticias-actualidad\/#listItem","name":"Noticias y Actualidad"}},{"@type":"ListItem","@id":"https:\/\/eldigitaldeasturias.com\/magazine365\/category\/noticias-actualidad\/#listItem","position":2,"name":"Noticias y Actualidad","item":"https:\/\/eldigitaldeasturias.com\/magazine365\/category\/noticias-actualidad\/","nextItem":{"@type":"ListItem","@id":"https:\/\/eldigitaldeasturias.com\/magazine365\/marbella-acoge-la-proxima-semana-la-primera-boda-como-destino-nupcial\/#listItem","name":"Marbella acoge la pr\u00f3xima semana la primera boda como destino nupcial"},"previousItem":{"@type":"ListItem","@id":"https:\/\/eldigitaldeasturias.com\/magazine365#listItem","name":"Home"}},{"@type":"ListItem","@id":"https:\/\/eldigitaldeasturias.com\/magazine365\/marbella-acoge-la-proxima-semana-la-primera-boda-como-destino-nupcial\/#listItem","position":3,"name":"Marbella acoge la pr\u00f3xima semana la primera boda como destino nupcial","previousItem":{"@type":"ListItem","@id":"https:\/\/eldigitaldeasturias.com\/magazine365\/category\/noticias-actualidad\/#listItem","name":"Noticias y Actualidad"}}]},{"@type":"Organization","@id":"https:\/\/eldigitaldeasturias.com\/magazine365\/#organization","name":"El digital de Asturias","description":"Revista de ocio, turismo y estilo de vida","url":"https:\/\/eldigitaldeasturias.com\/magazine365\/","logo":{"@type":"ImageObject","url":"https:\/\/www.eldigitaldeasturias.com\/noticias\/wp-content\/uploads\/2020\/12\/EDA.jpg","@id":"https:\/\/eldigitaldeasturias.com\/magazine365\/marbella-acoge-la-proxima-semana-la-primera-boda-como-destino-nupcial\/#organizationLogo"},"image":{"@id":"https:\/\/eldigitaldeasturias.com\/magazine365\/marbella-acoge-la-proxima-semana-la-primera-boda-como-destino-nupcial\/#organizationLogo"}},{"@type":"Person","@id":"https:\/\/eldigitaldeasturias.com\/magazine365\/author\/admin\/#author","url":"https:\/\/eldigitaldeasturias.com\/magazine365\/author\/admin\/","name":"admin","image":{"@type":"ImageObject","@id":"https:\/\/eldigitaldeasturias.com\/magazine365\/marbella-acoge-la-proxima-semana-la-primera-boda-como-destino-nupcial\/#authorImage","url":"https:\/\/eldigitaldeasturias.com\/magazine365\/wp-content\/litespeed\/avatar\/e571bcf59a0edd6fa6838245a470f2fe.jpg?ver=1776969259","width":96,"height":96,"caption":"admin"}},{"@type":"WebPage","@id":"https:\/\/eldigitaldeasturias.com\/magazine365\/marbella-acoge-la-proxima-semana-la-primera-boda-como-destino-nupcial\/#webpage","url":"https:\/\/eldigitaldeasturias.com\/magazine365\/marbella-acoge-la-proxima-semana-la-primera-boda-como-destino-nupcial\/","name":"Marbella acoge la pr\u00f3xima semana la primera boda como destino nupcial | El Digital de Asturias","description":"La oficina de bodas que ha creado la Delegaci\u00f3n de Turismo de Marbella (M\u00e1laga), el Wedding Office, para posicionar al municipio dentro de este segmento organizar\u00e1 la pr\u00f3xima semana su primer enlace matrimonial, seg\u00fan ha indicado este jueves el responsable del ramo, Miguel Luna. El evento se celebrar\u00e1 en una playa pr\u00f3xima a Puerto Ban\u00fas","inLanguage":"es-ES","isPartOf":{"@id":"https:\/\/eldigitaldeasturias.com\/magazine365\/#website"},"breadcrumb":{"@id":"https:\/\/eldigitaldeasturias.com\/magazine365\/marbella-acoge-la-proxima-semana-la-primera-boda-como-destino-nupcial\/#breadcrumblist"},"author":{"@id":"https:\/\/eldigitaldeasturias.com\/magazine365\/author\/admin\/#author"},"creator":{"@id":"https:\/\/eldigitaldeasturias.com\/magazine365\/author\/admin\/#author"},"image":{"@type":"ImageObject","url":"https:\/\/eldigitaldeasturias.com\/magazine365\/wp-content\/uploads\/2016\/06\/fotonoticia_20160616151607_800.jpg","@id":"https:\/\/eldigitaldeasturias.com\/magazine365\/marbella-acoge-la-proxima-semana-la-primera-boda-como-destino-nupcial\/#mainImage","width":800,"height":540},"primaryImageOfPage":{"@id":"https:\/\/eldigitaldeasturias.com\/magazine365\/marbella-acoge-la-proxima-semana-la-primera-boda-como-destino-nupcial\/#mainImage"},"datePublished":"2016-06-16T16:40:17+02:00","dateModified":"2016-06-16T16:40:17+02:00"},{"@type":"WebSite","@id":"https:\/\/eldigitaldeasturias.com\/magazine365\/#website","url":"https:\/\/eldigitaldeasturias.com\/magazine365\/","name":"El Digital de Asturias","description":"Revista de ocio, turismo y estilo de vida","inLanguage":"es-ES","publisher":{"@id":"https:\/\/eldigitaldeasturias.com\/magazine365\/#organization"}}]},"og:locale":"es_ES","og:site_name":"El Digital de Asturias \u2013 Revista de ocio, turismo y estilo de vida","og:type":"article","og:title":"Marbella acoge la pr\u00f3xima semana la primera boda como destino nupcial | El Digital de Asturias","og:description":"La oficina de bodas que ha creado la Delegaci\u00f3n de Turismo de Marbella (M\u00e1laga), el Wedding Office, para posicionar al municipio dentro de este segmento organizar\u00e1 la pr\u00f3xima semana su primer enlace matrimonial, seg\u00fan ha indicado este jueves el responsable del ramo, Miguel Luna. El evento se celebrar\u00e1 en una playa pr\u00f3xima a Puerto Ban\u00fas","og:url":"https:\/\/eldigitaldeasturias.com\/magazine365\/marbella-acoge-la-proxima-semana-la-primera-boda-como-destino-nupcial\/","og:image":"https:\/\/eldigitaldeasturias.com\/magazine365\/wp-content\/uploads\/2016\/06\/fotonoticia_20160616151607_800.jpg","og:image:secure_url":"https:\/\/eldigitaldeasturias.com\/magazine365\/wp-content\/uploads\/2016\/06\/fotonoticia_20160616151607_800.jpg","og:image:width":800,"og:image:height":540,"article:published_time":"2016-06-16T14:40:17+00:00","article:modified_time":"2016-06-16T14:40:17+00:00","twitter:card":"summary_large_image","twitter:title":"Marbella acoge la pr\u00f3xima semana la primera boda como destino nupcial | El Digital de Asturias","twitter:description":"La oficina de bodas que ha creado la Delegaci\u00f3n de Turismo de Marbella (M\u00e1laga), el Wedding Office, para posicionar al municipio dentro de este segmento organizar\u00e1 la pr\u00f3xima semana su primer enlace matrimonial, seg\u00fan ha indicado este jueves el responsable del ramo, Miguel Luna. El evento se celebrar\u00e1 en una playa pr\u00f3xima a Puerto Ban\u00fas","twitter:image":"https:\/\/eldigitaldeasturias.com\/magazine365\/wp-content\/uploads\/2016\/06\/fotonoticia_20160616151607_800.jpg"},"aioseo_meta_data":{"post_id":"79654","title":null,"description":null,"keywords":null,"keyphrases":null,"primary_term":null,"canonical_url":null,"og_title":null,"og_description":null,"og_object_type":"default","og_image_type":"default","og_image_url":null,"og_image_width":null,"og_image_height":null,"og_image_custom_url":null,"og_image_custom_fields":null,"og_video":null,"og_custom_url":null,"og_article_section":null,"og_article_tags":null,"twitter_use_og":false,"twitter_card":"default","twitter_image_type":"default","twitter_image_url":null,"twitter_image_custom_url":null,"twitter_image_custom_fields":null,"twitter_title":null,"twitter_description":null,"schema":{"blockGraphs":[],"customGraphs":[],"default":{"data":{"Article":[],"Course":[],"Dataset":[],"FAQPage":[],"Movie":[],"Person":[],"Product":[],"ProductReview":[],"Car":[],"Recipe":[],"Service":[],"SoftwareApplication":[],"WebPage":[]},"graphName":"","isEnabled":true},"graphs":[],"defaultGraph":"","defaultPostTypeGraph":""},"schema_type":null,"schema_type_options":null,"pillar_content":false,"robots_default":true,"robots_noindex":false,"robots_noarchive":false,"robots_nosnippet":false,"robots_nofollow":false,"robots_noimageindex":false,"robots_noodp":false,"robots_notranslate":false,"robots_max_snippet":null,"robots_max_videopreview":null,"robots_max_imagepreview":"large","priority":null,"frequency":null,"location":null,"local_seo":null,"seo_analyzer_scan_date":"2025-09-27 19:19:12","breadcrumb_settings":null,"limit_modified_date":false,"open_ai":null,"ai":null,"created":"2021-03-08 17:45:23","updated":"2025-09-27 19:19:12"},"aioseo_breadcrumb":"<div class=\"aioseo-breadcrumbs\"><span class=\"aioseo-breadcrumb\">\n\t<a href=\"https:\/\/eldigitaldeasturias.com\/magazine365\" title=\"Home\">Home<\/a>\n<\/span><span class=\"aioseo-breadcrumb-separator\">\u2013<\/span><span class=\"aioseo-breadcrumb\">\n\t<a href=\"https:\/\/eldigitaldeasturias.com\/magazine365\/category\/noticias-actualidad\/\" title=\"Noticias y Actualidad\">Noticias y Actualidad<\/a>\n<\/span><span class=\"aioseo-breadcrumb-separator\">\u2013<\/span><span class=\"aioseo-breadcrumb\">\n\t<a href=\"https:\/\/eldigitaldeasturias.com\/magazine365\/marbella-acoge-la-proxima-semana-la-primera-boda-como-destino-nupcial\/\" title=\"Marbella acoge la pr\u00f3xima semana la primera boda como destino nupcial\">Marbella acoge la pr\u00f3xima semana la primera boda como destino nupcial<\/a>\n<\/span><\/div>","aioseo_breadcrumb_json":[{"label":"Home","link":"https:\/\/eldigitaldeasturias.com\/magazine365"},{"label":"Noticias y Actualidad","link":"https:\/\/eldigitaldeasturias.com\/magazine365\/category\/noticias-actualidad\/"},{"label":"Marbella acoge la pr\u00f3xima semana la primera boda como destino nupcial","link":"https:\/\/eldigitaldeasturias.com\/magazine365\/marbella-acoge-la-proxima-semana-la-primera-boda-como-destino-nupcial\/"}],"_links":{"self":[{"href":"https:\/\/eldigitaldeasturias.com\/magazine365\/wp-json\/wp\/v2\/posts\/79654","targetHints":{"allow":["GET"]}}],"collection":[{"href":"https:\/\/eldigitaldeasturias.com\/magazine365\/wp-json\/wp\/v2\/posts"}],"about":[{"href":"https:\/\/eldigitaldeasturias.com\/magazine365\/wp-json\/wp\/v2\/types\/post"}],"author":[{"embeddable":true,"href":"https:\/\/eldigitaldeasturias.com\/magazine365\/wp-json\/wp\/v2\/users\/1"}],"replies":[{"embeddable":true,"href":"https:\/\/eldigitaldeasturias.com\/magazine365\/wp-json\/wp\/v2\/comments?post=79654"}],"version-history":[{"count":0,"href":"https:\/\/eldigitaldeasturias.com\/magazine365\/wp-json\/wp\/v2\/posts\/79654\/revisions"}],"wp:featuredmedia":[{"embeddable":true,"href":"https:\/\/eldigitaldeasturias.com\/magazine365\/wp-json\/wp\/v2\/media\/79655"}],"wp:attachment":[{"href":"https:\/\/eldigitaldeasturias.com\/magazine365\/wp-json\/wp\/v2\/media?parent=79654"}],"wp:term":[{"taxonomy":"category","embeddable":true,"href":"https:\/\/eldigitaldeasturias.com\/magazine365\/wp-json\/wp\/v2\/categories?post=79654"},{"taxonomy":"post_tag","embeddable":true,"href":"https:\/\/eldigitaldeasturias.com\/magazine365\/wp-json\/wp\/v2\/tags?post=79654"}],"curies":[{"name":"wp","href":"https:\/\/api.w.org\/{rel}","templated":true}]}}