{"id":79645,"date":"2016-06-16T16:22:59","date_gmt":"2016-06-16T14:22:59","guid":{"rendered":"http:\/\/eldigitaldeasturias.com\/magazine365\/?p=79645"},"modified":"2016-06-16T16:22:59","modified_gmt":"2016-06-16T14:22:59","slug":"barcelona-acogera-por-primera-vez-el-congreso-mundial-de-naturopatia","status":"publish","type":"post","link":"https:\/\/eldigitaldeasturias.com\/magazine365\/barcelona-acogera-por-primera-vez-el-congreso-mundial-de-naturopatia\/","title":{"rendered":"Barcelona acoger\u00e1 por primera vez el congreso mundial de Naturopat\u00eda"},"content":{"rendered":"<p><img fetchpriority=\"high\" decoding=\"async\" class=\"alignleft size-medium wp-image-174\" src=\"https:\/\/eldigitaldeasturias.com\/magazine365\/wp-content\/uploads\/2013\/12\/CON_EL_GOURMET_BUS_P_35991381-360x234.jpg\" alt=\"Ich hab Dich zum Fressen gern: Mit dem Gourmetbus durch Barcelona\" width=\"360\" height=\"234\" srcset=\"https:\/\/eldigitaldeasturias.com\/magazine365\/wp-content\/uploads\/2013\/12\/CON_EL_GOURMET_BUS_P_35991381-360x234.jpg 360w, https:\/\/eldigitaldeasturias.com\/magazine365\/wp-content\/uploads\/2013\/12\/CON_EL_GOURMET_BUS_P_35991381-650x423.jpg 650w, https:\/\/eldigitaldeasturias.com\/magazine365\/wp-content\/uploads\/2013\/12\/CON_EL_GOURMET_BUS_P_35991381-768x499.jpg 768w, https:\/\/eldigitaldeasturias.com\/magazine365\/wp-content\/uploads\/2013\/12\/CON_EL_GOURMET_BUS_P_35991381-1536x999.jpg 1536w, https:\/\/eldigitaldeasturias.com\/magazine365\/wp-content\/uploads\/2013\/12\/CON_EL_GOURMET_BUS_P_35991381-2048x1332.jpg 2048w, https:\/\/eldigitaldeasturias.com\/magazine365\/wp-content\/uploads\/2013\/12\/CON_EL_GOURMET_BUS_P_35991381-150x98.jpg 150w, https:\/\/eldigitaldeasturias.com\/magazine365\/wp-content\/uploads\/2013\/12\/CON_EL_GOURMET_BUS_P_35991381-450x293.jpg 450w, https:\/\/eldigitaldeasturias.com\/magazine365\/wp-content\/uploads\/2013\/12\/CON_EL_GOURMET_BUS_P_35991381-1200x780.jpg 1200w\" sizes=\"(max-width: 360px) 100vw, 360px\" \/>Barcelona acoger\u00e1 por primera vez del 1 al 3 de julio el congreso mundial de Naturopat\u00eda, que contar\u00e1 con m\u00e1s de 500 profesionales expertos en medicina naturop\u00e1tica.<\/p>\n<p>Se trata de la tercera edici\u00f3n de este certamen &#8211;las dos anteriores han sido en Par\u00eds&#8211;, que se celebrar\u00e1 en el hotel Catalonia Barcelona Plaza de la capital catalana, donde realizar\u00e1n conferencias 40 ponentes internacionales, ha informado este jueves la agencia Turisme de Barcelona en un comunicado.<\/p>\n<p>Bajo el lema &#8216;Atenci\u00f3n global al paciente: la prevenci\u00f3n de la cronicidad a trav\u00e9s de la naturopat\u00eda&#8217;, el objetivo del congreso es crear un foro para el intercambio de conocimiento de profesionales de la salud involucrados en la medicina natural.<\/p>\n<p>Entre los conferenciantes destacan el director del International College of Humand Nutrition and Functional Medecine en Espa\u00f1a y Estados Unidos; un portavoz de la Asociaci\u00f3n Brit\u00e1nica de Naturopat\u00eda, Roger Newman, y el director de la cl\u00ednica de salud hol\u00edstica Portland (EE. UU.).<\/p>\n<p>Turisme de Barcelona tiene como objetivo promocionar la ciudad como sede de reuniones a trav\u00e9s del Barcelona Convention Bureau creado en 1983.<\/p>\n","protected":false},"excerpt":{"rendered":"<p>Barcelona acoger\u00e1 por primera vez del 1 al 3 de julio el congreso mundial de Naturopat\u00eda, que contar\u00e1 con m\u00e1s de 500 profesionales expertos en medicina naturop\u00e1tica. Se trata de la tercera edici\u00f3n de este certamen &#8211;las dos anteriores han sido en Par\u00eds&#8211;, que se celebrar\u00e1 en el hotel Catalonia Barcelona Plaza de la capital<\/p>\n","protected":false},"author":1,"featured_media":174,"comment_status":"open","ping_status":"closed","sticky":false,"template":"","format":"standard","meta":{"footnotes":""},"categories":[224],"tags":[],"class_list":{"0":"post-79645","1":"post","2":"type-post","3":"status-publish","4":"format-standard","5":"has-post-thumbnail","7":"category-noticias-actualidad"},"aioseo_notices":[],"aioseo_head":"\n\t\t<!-- All in One SEO Pro 4.9.6.1 - aioseo.com -->\n\t<meta name=\"description\" content=\"Barcelona acoger\u00e1 por primera vez del 1 al 3 de julio el congreso mundial de Naturopat\u00eda, que contar\u00e1 con m\u00e1s de 500 profesionales expertos en medicina naturop\u00e1tica. Se trata de la tercera edici\u00f3n de este certamen --las dos anteriores han sido en Par\u00eds--, que se celebrar\u00e1 en el hotel Catalonia Barcelona Plaza de la capital\" \/>\n\t<meta name=\"robots\" content=\"max-image-preview:large\" \/>\n\t<meta name=\"author\" content=\"admin\"\/>\n\t<meta name=\"google-site-verification\" content=\"UA-38556648-1\" \/>\n\t<meta name=\"keywords\" content=\"noticias y actualidad\" \/>\n\t<link rel=\"canonical\" href=\"https:\/\/eldigitaldeasturias.com\/magazine365\/barcelona-acogera-por-primera-vez-el-congreso-mundial-de-naturopatia\/\" \/>\n\t<meta name=\"generator\" content=\"All in One SEO Pro (AIOSEO) 4.9.6.1\" \/>\n\t\t<meta property=\"og:locale\" content=\"es_ES\" \/>\n\t\t<meta property=\"og:site_name\" content=\"El Digital de Asturias \u2013 Revista de ocio, turismo y estilo de vida\" \/>\n\t\t<meta property=\"og:type\" content=\"article\" \/>\n\t\t<meta property=\"og:title\" content=\"Barcelona acoger\u00e1 por primera vez el congreso mundial de Naturopat\u00eda | El Digital de Asturias\" \/>\n\t\t<meta property=\"og:description\" content=\"Barcelona acoger\u00e1 por primera vez del 1 al 3 de julio el congreso mundial de Naturopat\u00eda, que contar\u00e1 con m\u00e1s de 500 profesionales expertos en medicina naturop\u00e1tica. Se trata de la tercera edici\u00f3n de este certamen --las dos anteriores han sido en Par\u00eds--, que se celebrar\u00e1 en el hotel Catalonia Barcelona Plaza de la capital\" \/>\n\t\t<meta property=\"og:url\" content=\"https:\/\/eldigitaldeasturias.com\/magazine365\/barcelona-acogera-por-primera-vez-el-congreso-mundial-de-naturopatia\/\" \/>\n\t\t<meta property=\"og:image\" content=\"https:\/\/eldigitaldeasturias.com\/magazine365\/wp-content\/uploads\/2013\/12\/CON_EL_GOURMET_BUS_P_35991381-scaled.jpg\" \/>\n\t\t<meta property=\"og:image:secure_url\" content=\"https:\/\/eldigitaldeasturias.com\/magazine365\/wp-content\/uploads\/2013\/12\/CON_EL_GOURMET_BUS_P_35991381-scaled.jpg\" \/>\n\t\t<meta property=\"og:image:width\" content=\"2560\" \/>\n\t\t<meta property=\"og:image:height\" content=\"1665\" \/>\n\t\t<meta property=\"article:published_time\" content=\"2016-06-16T14:22:59+00:00\" \/>\n\t\t<meta property=\"article:modified_time\" content=\"2016-06-16T14:22:59+00:00\" \/>\n\t\t<meta name=\"twitter:card\" content=\"summary_large_image\" \/>\n\t\t<meta name=\"twitter:title\" content=\"Barcelona acoger\u00e1 por primera vez el congreso mundial de Naturopat\u00eda | El Digital de Asturias\" \/>\n\t\t<meta name=\"twitter:description\" content=\"Barcelona acoger\u00e1 por primera vez del 1 al 3 de julio el congreso mundial de Naturopat\u00eda, que contar\u00e1 con m\u00e1s de 500 profesionales expertos en medicina naturop\u00e1tica. Se trata de la tercera edici\u00f3n de este certamen --las dos anteriores han sido en Par\u00eds--, que se celebrar\u00e1 en el hotel Catalonia Barcelona Plaza de la capital\" \/>\n\t\t<meta name=\"twitter:image\" content=\"https:\/\/eldigitaldeasturias.com\/magazine365\/wp-content\/uploads\/2013\/12\/CON_EL_GOURMET_BUS_P_35991381-scaled.jpg\" \/>\n\t\t<script type=\"application\/ld+json\" class=\"aioseo-schema\">\n\t\t\t{\"@context\":\"https:\\\/\\\/schema.org\",\"@graph\":[{\"@type\":\"Article\",\"@id\":\"https:\\\/\\\/eldigitaldeasturias.com\\\/magazine365\\\/barcelona-acogera-por-primera-vez-el-congreso-mundial-de-naturopatia\\\/#article\",\"name\":\"Barcelona acoger\\u00e1 por primera vez el congreso mundial de Naturopat\\u00eda | El Digital de Asturias\",\"headline\":\"Barcelona acoger\\u00e1 por primera vez el congreso mundial de Naturopat\\u00eda\",\"author\":{\"@id\":\"https:\\\/\\\/eldigitaldeasturias.com\\\/magazine365\\\/author\\\/admin\\\/#author\"},\"publisher\":{\"@id\":\"https:\\\/\\\/eldigitaldeasturias.com\\\/magazine365\\\/#organization\"},\"image\":{\"@type\":\"ImageObject\",\"url\":\"https:\\\/\\\/eldigitaldeasturias.com\\\/magazine365\\\/wp-content\\\/uploads\\\/2013\\\/12\\\/CON_EL_GOURMET_BUS_P_35991381-scaled.jpg\",\"width\":2560,\"height\":1665},\"datePublished\":\"2016-06-16T16:22:59+02:00\",\"dateModified\":\"2016-06-16T16:22:59+02:00\",\"inLanguage\":\"es-ES\",\"mainEntityOfPage\":{\"@id\":\"https:\\\/\\\/eldigitaldeasturias.com\\\/magazine365\\\/barcelona-acogera-por-primera-vez-el-congreso-mundial-de-naturopatia\\\/#webpage\"},\"isPartOf\":{\"@id\":\"https:\\\/\\\/eldigitaldeasturias.com\\\/magazine365\\\/barcelona-acogera-por-primera-vez-el-congreso-mundial-de-naturopatia\\\/#webpage\"},\"articleSection\":\"Noticias y Actualidad\"},{\"@type\":\"BreadcrumbList\",\"@id\":\"https:\\\/\\\/eldigitaldeasturias.com\\\/magazine365\\\/barcelona-acogera-por-primera-vez-el-congreso-mundial-de-naturopatia\\\/#breadcrumblist\",\"itemListElement\":[{\"@type\":\"ListItem\",\"@id\":\"https:\\\/\\\/eldigitaldeasturias.com\\\/magazine365#listItem\",\"position\":1,\"name\":\"Home\",\"item\":\"https:\\\/\\\/eldigitaldeasturias.com\\\/magazine365\",\"nextItem\":{\"@type\":\"ListItem\",\"@id\":\"https:\\\/\\\/eldigitaldeasturias.com\\\/magazine365\\\/category\\\/noticias-actualidad\\\/#listItem\",\"name\":\"Noticias y Actualidad\"}},{\"@type\":\"ListItem\",\"@id\":\"https:\\\/\\\/eldigitaldeasturias.com\\\/magazine365\\\/category\\\/noticias-actualidad\\\/#listItem\",\"position\":2,\"name\":\"Noticias y Actualidad\",\"item\":\"https:\\\/\\\/eldigitaldeasturias.com\\\/magazine365\\\/category\\\/noticias-actualidad\\\/\",\"nextItem\":{\"@type\":\"ListItem\",\"@id\":\"https:\\\/\\\/eldigitaldeasturias.com\\\/magazine365\\\/barcelona-acogera-por-primera-vez-el-congreso-mundial-de-naturopatia\\\/#listItem\",\"name\":\"Barcelona acoger\\u00e1 por primera vez el congreso mundial de Naturopat\\u00eda\"},\"previousItem\":{\"@type\":\"ListItem\",\"@id\":\"https:\\\/\\\/eldigitaldeasturias.com\\\/magazine365#listItem\",\"name\":\"Home\"}},{\"@type\":\"ListItem\",\"@id\":\"https:\\\/\\\/eldigitaldeasturias.com\\\/magazine365\\\/barcelona-acogera-por-primera-vez-el-congreso-mundial-de-naturopatia\\\/#listItem\",\"position\":3,\"name\":\"Barcelona acoger\\u00e1 por primera vez el congreso mundial de Naturopat\\u00eda\",\"previousItem\":{\"@type\":\"ListItem\",\"@id\":\"https:\\\/\\\/eldigitaldeasturias.com\\\/magazine365\\\/category\\\/noticias-actualidad\\\/#listItem\",\"name\":\"Noticias y Actualidad\"}}]},{\"@type\":\"Organization\",\"@id\":\"https:\\\/\\\/eldigitaldeasturias.com\\\/magazine365\\\/#organization\",\"name\":\"El digital de Asturias\",\"description\":\"Revista de ocio, turismo y estilo de vida\",\"url\":\"https:\\\/\\\/eldigitaldeasturias.com\\\/magazine365\\\/\",\"logo\":{\"@type\":\"ImageObject\",\"url\":\"https:\\\/\\\/www.eldigitaldeasturias.com\\\/noticias\\\/wp-content\\\/uploads\\\/2020\\\/12\\\/EDA.jpg\",\"@id\":\"https:\\\/\\\/eldigitaldeasturias.com\\\/magazine365\\\/barcelona-acogera-por-primera-vez-el-congreso-mundial-de-naturopatia\\\/#organizationLogo\"},\"image\":{\"@id\":\"https:\\\/\\\/eldigitaldeasturias.com\\\/magazine365\\\/barcelona-acogera-por-primera-vez-el-congreso-mundial-de-naturopatia\\\/#organizationLogo\"}},{\"@type\":\"Person\",\"@id\":\"https:\\\/\\\/eldigitaldeasturias.com\\\/magazine365\\\/author\\\/admin\\\/#author\",\"url\":\"https:\\\/\\\/eldigitaldeasturias.com\\\/magazine365\\\/author\\\/admin\\\/\",\"name\":\"admin\",\"image\":{\"@type\":\"ImageObject\",\"@id\":\"https:\\\/\\\/eldigitaldeasturias.com\\\/magazine365\\\/barcelona-acogera-por-primera-vez-el-congreso-mundial-de-naturopatia\\\/#authorImage\",\"url\":\"https:\\\/\\\/eldigitaldeasturias.com\\\/magazine365\\\/wp-content\\\/litespeed\\\/avatar\\\/e571bcf59a0edd6fa6838245a470f2fe.jpg?ver=1776969259\",\"width\":96,\"height\":96,\"caption\":\"admin\"}},{\"@type\":\"WebPage\",\"@id\":\"https:\\\/\\\/eldigitaldeasturias.com\\\/magazine365\\\/barcelona-acogera-por-primera-vez-el-congreso-mundial-de-naturopatia\\\/#webpage\",\"url\":\"https:\\\/\\\/eldigitaldeasturias.com\\\/magazine365\\\/barcelona-acogera-por-primera-vez-el-congreso-mundial-de-naturopatia\\\/\",\"name\":\"Barcelona acoger\\u00e1 por primera vez el congreso mundial de Naturopat\\u00eda | El Digital de Asturias\",\"description\":\"Barcelona acoger\\u00e1 por primera vez del 1 al 3 de julio el congreso mundial de Naturopat\\u00eda, que contar\\u00e1 con m\\u00e1s de 500 profesionales expertos en medicina naturop\\u00e1tica. Se trata de la tercera edici\\u00f3n de este certamen --las dos anteriores han sido en Par\\u00eds--, que se celebrar\\u00e1 en el hotel Catalonia Barcelona Plaza de la capital\",\"inLanguage\":\"es-ES\",\"isPartOf\":{\"@id\":\"https:\\\/\\\/eldigitaldeasturias.com\\\/magazine365\\\/#website\"},\"breadcrumb\":{\"@id\":\"https:\\\/\\\/eldigitaldeasturias.com\\\/magazine365\\\/barcelona-acogera-por-primera-vez-el-congreso-mundial-de-naturopatia\\\/#breadcrumblist\"},\"author\":{\"@id\":\"https:\\\/\\\/eldigitaldeasturias.com\\\/magazine365\\\/author\\\/admin\\\/#author\"},\"creator\":{\"@id\":\"https:\\\/\\\/eldigitaldeasturias.com\\\/magazine365\\\/author\\\/admin\\\/#author\"},\"image\":{\"@type\":\"ImageObject\",\"url\":\"https:\\\/\\\/eldigitaldeasturias.com\\\/magazine365\\\/wp-content\\\/uploads\\\/2013\\\/12\\\/CON_EL_GOURMET_BUS_P_35991381-scaled.jpg\",\"@id\":\"https:\\\/\\\/eldigitaldeasturias.com\\\/magazine365\\\/barcelona-acogera-por-primera-vez-el-congreso-mundial-de-naturopatia\\\/#mainImage\",\"width\":2560,\"height\":1665},\"primaryImageOfPage\":{\"@id\":\"https:\\\/\\\/eldigitaldeasturias.com\\\/magazine365\\\/barcelona-acogera-por-primera-vez-el-congreso-mundial-de-naturopatia\\\/#mainImage\"},\"datePublished\":\"2016-06-16T16:22:59+02:00\",\"dateModified\":\"2016-06-16T16:22:59+02:00\"},{\"@type\":\"WebSite\",\"@id\":\"https:\\\/\\\/eldigitaldeasturias.com\\\/magazine365\\\/#website\",\"url\":\"https:\\\/\\\/eldigitaldeasturias.com\\\/magazine365\\\/\",\"name\":\"El Digital de Asturias\",\"description\":\"Revista de ocio, turismo y estilo de vida\",\"inLanguage\":\"es-ES\",\"publisher\":{\"@id\":\"https:\\\/\\\/eldigitaldeasturias.com\\\/magazine365\\\/#organization\"}}]}\n\t\t<\/script>\n\t\t<!-- All in One SEO Pro -->\r\n\t\t<title>Barcelona acoger\u00e1 por primera vez el congreso mundial de Naturopat\u00eda | El Digital de Asturias<\/title>\n\n","aioseo_head_json":{"title":"Barcelona acoger\u00e1 por primera vez el congreso mundial de Naturopat\u00eda | El Digital de Asturias","description":"Barcelona acoger\u00e1 por primera vez del 1 al 3 de julio el congreso mundial de Naturopat\u00eda, que contar\u00e1 con m\u00e1s de 500 profesionales expertos en medicina naturop\u00e1tica. Se trata de la tercera edici\u00f3n de este certamen --las dos anteriores han sido en Par\u00eds--, que se celebrar\u00e1 en el hotel Catalonia Barcelona Plaza de la capital","canonical_url":"https:\/\/eldigitaldeasturias.com\/magazine365\/barcelona-acogera-por-primera-vez-el-congreso-mundial-de-naturopatia\/","robots":"max-image-preview:large","keywords":"noticias y actualidad","webmasterTools":{"google-site-verification":"UA-38556648-1","miscellaneous":""},"schema":{"@context":"https:\/\/schema.org","@graph":[{"@type":"Article","@id":"https:\/\/eldigitaldeasturias.com\/magazine365\/barcelona-acogera-por-primera-vez-el-congreso-mundial-de-naturopatia\/#article","name":"Barcelona acoger\u00e1 por primera vez el congreso mundial de Naturopat\u00eda | El Digital de Asturias","headline":"Barcelona acoger\u00e1 por primera vez el congreso mundial de Naturopat\u00eda","author":{"@id":"https:\/\/eldigitaldeasturias.com\/magazine365\/author\/admin\/#author"},"publisher":{"@id":"https:\/\/eldigitaldeasturias.com\/magazine365\/#organization"},"image":{"@type":"ImageObject","url":"https:\/\/eldigitaldeasturias.com\/magazine365\/wp-content\/uploads\/2013\/12\/CON_EL_GOURMET_BUS_P_35991381-scaled.jpg","width":2560,"height":1665},"datePublished":"2016-06-16T16:22:59+02:00","dateModified":"2016-06-16T16:22:59+02:00","inLanguage":"es-ES","mainEntityOfPage":{"@id":"https:\/\/eldigitaldeasturias.com\/magazine365\/barcelona-acogera-por-primera-vez-el-congreso-mundial-de-naturopatia\/#webpage"},"isPartOf":{"@id":"https:\/\/eldigitaldeasturias.com\/magazine365\/barcelona-acogera-por-primera-vez-el-congreso-mundial-de-naturopatia\/#webpage"},"articleSection":"Noticias y Actualidad"},{"@type":"BreadcrumbList","@id":"https:\/\/eldigitaldeasturias.com\/magazine365\/barcelona-acogera-por-primera-vez-el-congreso-mundial-de-naturopatia\/#breadcrumblist","itemListElement":[{"@type":"ListItem","@id":"https:\/\/eldigitaldeasturias.com\/magazine365#listItem","position":1,"name":"Home","item":"https:\/\/eldigitaldeasturias.com\/magazine365","nextItem":{"@type":"ListItem","@id":"https:\/\/eldigitaldeasturias.com\/magazine365\/category\/noticias-actualidad\/#listItem","name":"Noticias y Actualidad"}},{"@type":"ListItem","@id":"https:\/\/eldigitaldeasturias.com\/magazine365\/category\/noticias-actualidad\/#listItem","position":2,"name":"Noticias y Actualidad","item":"https:\/\/eldigitaldeasturias.com\/magazine365\/category\/noticias-actualidad\/","nextItem":{"@type":"ListItem","@id":"https:\/\/eldigitaldeasturias.com\/magazine365\/barcelona-acogera-por-primera-vez-el-congreso-mundial-de-naturopatia\/#listItem","name":"Barcelona acoger\u00e1 por primera vez el congreso mundial de Naturopat\u00eda"},"previousItem":{"@type":"ListItem","@id":"https:\/\/eldigitaldeasturias.com\/magazine365#listItem","name":"Home"}},{"@type":"ListItem","@id":"https:\/\/eldigitaldeasturias.com\/magazine365\/barcelona-acogera-por-primera-vez-el-congreso-mundial-de-naturopatia\/#listItem","position":3,"name":"Barcelona acoger\u00e1 por primera vez el congreso mundial de Naturopat\u00eda","previousItem":{"@type":"ListItem","@id":"https:\/\/eldigitaldeasturias.com\/magazine365\/category\/noticias-actualidad\/#listItem","name":"Noticias y Actualidad"}}]},{"@type":"Organization","@id":"https:\/\/eldigitaldeasturias.com\/magazine365\/#organization","name":"El digital de Asturias","description":"Revista de ocio, turismo y estilo de vida","url":"https:\/\/eldigitaldeasturias.com\/magazine365\/","logo":{"@type":"ImageObject","url":"https:\/\/www.eldigitaldeasturias.com\/noticias\/wp-content\/uploads\/2020\/12\/EDA.jpg","@id":"https:\/\/eldigitaldeasturias.com\/magazine365\/barcelona-acogera-por-primera-vez-el-congreso-mundial-de-naturopatia\/#organizationLogo"},"image":{"@id":"https:\/\/eldigitaldeasturias.com\/magazine365\/barcelona-acogera-por-primera-vez-el-congreso-mundial-de-naturopatia\/#organizationLogo"}},{"@type":"Person","@id":"https:\/\/eldigitaldeasturias.com\/magazine365\/author\/admin\/#author","url":"https:\/\/eldigitaldeasturias.com\/magazine365\/author\/admin\/","name":"admin","image":{"@type":"ImageObject","@id":"https:\/\/eldigitaldeasturias.com\/magazine365\/barcelona-acogera-por-primera-vez-el-congreso-mundial-de-naturopatia\/#authorImage","url":"https:\/\/eldigitaldeasturias.com\/magazine365\/wp-content\/litespeed\/avatar\/e571bcf59a0edd6fa6838245a470f2fe.jpg?ver=1776969259","width":96,"height":96,"caption":"admin"}},{"@type":"WebPage","@id":"https:\/\/eldigitaldeasturias.com\/magazine365\/barcelona-acogera-por-primera-vez-el-congreso-mundial-de-naturopatia\/#webpage","url":"https:\/\/eldigitaldeasturias.com\/magazine365\/barcelona-acogera-por-primera-vez-el-congreso-mundial-de-naturopatia\/","name":"Barcelona acoger\u00e1 por primera vez el congreso mundial de Naturopat\u00eda | El Digital de Asturias","description":"Barcelona acoger\u00e1 por primera vez del 1 al 3 de julio el congreso mundial de Naturopat\u00eda, que contar\u00e1 con m\u00e1s de 500 profesionales expertos en medicina naturop\u00e1tica. Se trata de la tercera edici\u00f3n de este certamen --las dos anteriores han sido en Par\u00eds--, que se celebrar\u00e1 en el hotel Catalonia Barcelona Plaza de la capital","inLanguage":"es-ES","isPartOf":{"@id":"https:\/\/eldigitaldeasturias.com\/magazine365\/#website"},"breadcrumb":{"@id":"https:\/\/eldigitaldeasturias.com\/magazine365\/barcelona-acogera-por-primera-vez-el-congreso-mundial-de-naturopatia\/#breadcrumblist"},"author":{"@id":"https:\/\/eldigitaldeasturias.com\/magazine365\/author\/admin\/#author"},"creator":{"@id":"https:\/\/eldigitaldeasturias.com\/magazine365\/author\/admin\/#author"},"image":{"@type":"ImageObject","url":"https:\/\/eldigitaldeasturias.com\/magazine365\/wp-content\/uploads\/2013\/12\/CON_EL_GOURMET_BUS_P_35991381-scaled.jpg","@id":"https:\/\/eldigitaldeasturias.com\/magazine365\/barcelona-acogera-por-primera-vez-el-congreso-mundial-de-naturopatia\/#mainImage","width":2560,"height":1665},"primaryImageOfPage":{"@id":"https:\/\/eldigitaldeasturias.com\/magazine365\/barcelona-acogera-por-primera-vez-el-congreso-mundial-de-naturopatia\/#mainImage"},"datePublished":"2016-06-16T16:22:59+02:00","dateModified":"2016-06-16T16:22:59+02:00"},{"@type":"WebSite","@id":"https:\/\/eldigitaldeasturias.com\/magazine365\/#website","url":"https:\/\/eldigitaldeasturias.com\/magazine365\/","name":"El Digital de Asturias","description":"Revista de ocio, turismo y estilo de vida","inLanguage":"es-ES","publisher":{"@id":"https:\/\/eldigitaldeasturias.com\/magazine365\/#organization"}}]},"og:locale":"es_ES","og:site_name":"El Digital de Asturias \u2013 Revista de ocio, turismo y estilo de vida","og:type":"article","og:title":"Barcelona acoger\u00e1 por primera vez el congreso mundial de Naturopat\u00eda | El Digital de Asturias","og:description":"Barcelona acoger\u00e1 por primera vez del 1 al 3 de julio el congreso mundial de Naturopat\u00eda, que contar\u00e1 con m\u00e1s de 500 profesionales expertos en medicina naturop\u00e1tica. Se trata de la tercera edici\u00f3n de este certamen --las dos anteriores han sido en Par\u00eds--, que se celebrar\u00e1 en el hotel Catalonia Barcelona Plaza de la capital","og:url":"https:\/\/eldigitaldeasturias.com\/magazine365\/barcelona-acogera-por-primera-vez-el-congreso-mundial-de-naturopatia\/","og:image":"https:\/\/eldigitaldeasturias.com\/magazine365\/wp-content\/uploads\/2013\/12\/CON_EL_GOURMET_BUS_P_35991381-scaled.jpg","og:image:secure_url":"https:\/\/eldigitaldeasturias.com\/magazine365\/wp-content\/uploads\/2013\/12\/CON_EL_GOURMET_BUS_P_35991381-scaled.jpg","og:image:width":2560,"og:image:height":1665,"article:published_time":"2016-06-16T14:22:59+00:00","article:modified_time":"2016-06-16T14:22:59+00:00","twitter:card":"summary_large_image","twitter:title":"Barcelona acoger\u00e1 por primera vez el congreso mundial de Naturopat\u00eda | El Digital de Asturias","twitter:description":"Barcelona acoger\u00e1 por primera vez del 1 al 3 de julio el congreso mundial de Naturopat\u00eda, que contar\u00e1 con m\u00e1s de 500 profesionales expertos en medicina naturop\u00e1tica. Se trata de la tercera edici\u00f3n de este certamen --las dos anteriores han sido en Par\u00eds--, que se celebrar\u00e1 en el hotel Catalonia Barcelona Plaza de la capital","twitter:image":"https:\/\/eldigitaldeasturias.com\/magazine365\/wp-content\/uploads\/2013\/12\/CON_EL_GOURMET_BUS_P_35991381-scaled.jpg"},"aioseo_meta_data":{"post_id":"79645","title":null,"description":null,"keywords":null,"keyphrases":null,"primary_term":null,"canonical_url":null,"og_title":null,"og_description":null,"og_object_type":"default","og_image_type":"default","og_image_url":null,"og_image_width":null,"og_image_height":null,"og_image_custom_url":null,"og_image_custom_fields":null,"og_video":null,"og_custom_url":null,"og_article_section":null,"og_article_tags":null,"twitter_use_og":false,"twitter_card":"default","twitter_image_type":"default","twitter_image_url":null,"twitter_image_custom_url":null,"twitter_image_custom_fields":null,"twitter_title":null,"twitter_description":null,"schema":{"blockGraphs":[],"customGraphs":[],"default":{"data":{"Article":[],"Course":[],"Dataset":[],"FAQPage":[],"Movie":[],"Person":[],"Product":[],"ProductReview":[],"Car":[],"Recipe":[],"Service":[],"SoftwareApplication":[],"WebPage":[]},"graphName":"","isEnabled":true},"graphs":[],"defaultGraph":"","defaultPostTypeGraph":""},"schema_type":null,"schema_type_options":null,"pillar_content":false,"robots_default":true,"robots_noindex":false,"robots_noarchive":false,"robots_nosnippet":false,"robots_nofollow":false,"robots_noimageindex":false,"robots_noodp":false,"robots_notranslate":false,"robots_max_snippet":null,"robots_max_videopreview":null,"robots_max_imagepreview":"large","priority":null,"frequency":null,"location":null,"local_seo":null,"seo_analyzer_scan_date":"2025-09-27 19:19:09","breadcrumb_settings":null,"limit_modified_date":false,"open_ai":null,"ai":null,"created":"2021-03-08 17:45:23","updated":"2025-09-27 19:19:09"},"aioseo_breadcrumb":"<div class=\"aioseo-breadcrumbs\"><span class=\"aioseo-breadcrumb\">\n\t<a href=\"https:\/\/eldigitaldeasturias.com\/magazine365\" title=\"Home\">Home<\/a>\n<\/span><span class=\"aioseo-breadcrumb-separator\">\u2013<\/span><span class=\"aioseo-breadcrumb\">\n\t<a href=\"https:\/\/eldigitaldeasturias.com\/magazine365\/category\/noticias-actualidad\/\" title=\"Noticias y Actualidad\">Noticias y Actualidad<\/a>\n<\/span><span class=\"aioseo-breadcrumb-separator\">\u2013<\/span><span class=\"aioseo-breadcrumb\">\n\t<a href=\"https:\/\/eldigitaldeasturias.com\/magazine365\/barcelona-acogera-por-primera-vez-el-congreso-mundial-de-naturopatia\/\" title=\"Barcelona acoger\u00e1 por primera vez el congreso mundial de Naturopat\u00eda\">Barcelona acoger\u00e1 por primera vez el congreso mundial de Naturopat\u00eda<\/a>\n<\/span><\/div>","aioseo_breadcrumb_json":[{"label":"Home","link":"https:\/\/eldigitaldeasturias.com\/magazine365"},{"label":"Noticias y Actualidad","link":"https:\/\/eldigitaldeasturias.com\/magazine365\/category\/noticias-actualidad\/"},{"label":"Barcelona acoger\u00e1 por primera vez el congreso mundial de Naturopat\u00eda","link":"https:\/\/eldigitaldeasturias.com\/magazine365\/barcelona-acogera-por-primera-vez-el-congreso-mundial-de-naturopatia\/"}],"_links":{"self":[{"href":"https:\/\/eldigitaldeasturias.com\/magazine365\/wp-json\/wp\/v2\/posts\/79645","targetHints":{"allow":["GET"]}}],"collection":[{"href":"https:\/\/eldigitaldeasturias.com\/magazine365\/wp-json\/wp\/v2\/posts"}],"about":[{"href":"https:\/\/eldigitaldeasturias.com\/magazine365\/wp-json\/wp\/v2\/types\/post"}],"author":[{"embeddable":true,"href":"https:\/\/eldigitaldeasturias.com\/magazine365\/wp-json\/wp\/v2\/users\/1"}],"replies":[{"embeddable":true,"href":"https:\/\/eldigitaldeasturias.com\/magazine365\/wp-json\/wp\/v2\/comments?post=79645"}],"version-history":[{"count":0,"href":"https:\/\/eldigitaldeasturias.com\/magazine365\/wp-json\/wp\/v2\/posts\/79645\/revisions"}],"wp:featuredmedia":[{"embeddable":true,"href":"https:\/\/eldigitaldeasturias.com\/magazine365\/wp-json\/wp\/v2\/media\/174"}],"wp:attachment":[{"href":"https:\/\/eldigitaldeasturias.com\/magazine365\/wp-json\/wp\/v2\/media?parent=79645"}],"wp:term":[{"taxonomy":"category","embeddable":true,"href":"https:\/\/eldigitaldeasturias.com\/magazine365\/wp-json\/wp\/v2\/categories?post=79645"},{"taxonomy":"post_tag","embeddable":true,"href":"https:\/\/eldigitaldeasturias.com\/magazine365\/wp-json\/wp\/v2\/tags?post=79645"}],"curies":[{"name":"wp","href":"https:\/\/api.w.org\/{rel}","templated":true}]}}