{"id":79638,"date":"2016-06-16T16:19:28","date_gmt":"2016-06-16T14:19:28","guid":{"rendered":"http:\/\/eldigitaldeasturias.com\/magazine365\/?p=79638"},"modified":"2016-06-16T16:19:28","modified_gmt":"2016-06-16T14:19:28","slug":"el-54-de-los-pasajeros-aereos-en-espana-ha-reclamado-compensacion-este-ano-por-incidencias","status":"publish","type":"post","link":"https:\/\/eldigitaldeasturias.com\/magazine365\/el-54-de-los-pasajeros-aereos-en-espana-ha-reclamado-compensacion-este-ano-por-incidencias\/","title":{"rendered":"El 5,4% de los pasajeros a\u00e9reos en Espa\u00f1a ha reclamado compensaci\u00f3n este a\u00f1o por incidencias"},"content":{"rendered":"<p><img fetchpriority=\"high\" decoding=\"async\" class=\"alignleft size-medium wp-image-79639\" src=\"https:\/\/eldigitaldeasturias.com\/magazine365\/wp-content\/uploads\/2016\/06\/fotonoticia_20160616140550_800-300x300.jpg\" alt=\"fotonoticia_20160616140550_800\" width=\"300\" height=\"300\" srcset=\"https:\/\/eldigitaldeasturias.com\/magazine365\/wp-content\/uploads\/2016\/06\/fotonoticia_20160616140550_800-300x300.jpg 300w, https:\/\/eldigitaldeasturias.com\/magazine365\/wp-content\/uploads\/2016\/06\/fotonoticia_20160616140550_800-640x640.jpg 640w, https:\/\/eldigitaldeasturias.com\/magazine365\/wp-content\/uploads\/2016\/06\/fotonoticia_20160616140550_800-768x768.jpg 768w, https:\/\/eldigitaldeasturias.com\/magazine365\/wp-content\/uploads\/2016\/06\/fotonoticia_20160616140550_800-150x150.jpg 150w, https:\/\/eldigitaldeasturias.com\/magazine365\/wp-content\/uploads\/2016\/06\/fotonoticia_20160616140550_800-450x450.jpg 450w, https:\/\/eldigitaldeasturias.com\/magazine365\/wp-content\/uploads\/2016\/06\/fotonoticia_20160616140550_800-50x50.jpg 50w, https:\/\/eldigitaldeasturias.com\/magazine365\/wp-content\/uploads\/2016\/06\/fotonoticia_20160616140550_800-301x300.jpg 301w, https:\/\/eldigitaldeasturias.com\/magazine365\/wp-content\/uploads\/2016\/06\/fotonoticia_20160616140550_800-135x135.jpg 135w, https:\/\/eldigitaldeasturias.com\/magazine365\/wp-content\/uploads\/2016\/06\/fotonoticia_20160616140550_800-100x100.jpg 100w, https:\/\/eldigitaldeasturias.com\/magazine365\/wp-content\/uploads\/2016\/06\/fotonoticia_20160616140550_800.jpg 800w\" sizes=\"(max-width: 300px) 100vw, 300px\" \/>Solo el 5,4% de m\u00e1s de 500.000 viajeros de avi\u00f3n en Espa\u00f1a ha reclamado una compensaci\u00f3n por haber sufrido retrasos, cancelaciones u &#8216;overbooking&#8217; desde principios de a\u00f1o, por lo que se podr\u00edan exigir a las aerol\u00edneas hasta un total de 296,7 millones de euros, inform\u00f3 la empresa gestora de este tipo de incidentes Gate28, que forma parte de la compa\u00f1\u00eda de gesti\u00f3n de siniestros Van Ameyde.<\/p>\n<p>De enero a junio, En Espa\u00f1a se han producido 7.586 incidencias de las diferentes conexiones, de las que 4.121 han sido susceptibles de ser reclamadas por parte de los pasajeros &#8212; 1.787 cancelaciones y 2.115 que llegaron con retraso al aeropuerto&#8211;. Solo en mayo se acumularon un total de 1.275 incidencias, de las que fueron reclamables 693, lo que supondr\u00edan 49,9 millones de euros en compensaciones.<\/p>\n<p>En su presentaci\u00f3n en Madrid, Gate28 ha previsto que entre los meses de julio y septiembre unos 480.000 viajeros en Espa\u00f1a, debido a la afluencia de vuelos charter, tengan alg\u00fan tipo de problema, y ha estimado que estos podr\u00eda n reclamar m\u00e1s de 216,5 millones de euros.<\/p>\n<p>\u00abNos propusimos ayudar a los pasajeros en Espa\u00f1a a reclamar los m\u00e1s de 500 millones de euros que las aerol\u00edneas les deben cada a\u00f1o y hacerlo sin que suponga ning\u00fan riesgo econ\u00f3mico al pasajero\u00bb, ha afirmado el director general de Gate28 para la regi\u00f3n del suroeste de Europa, Frank Verschuur.<\/p>\n<h2 class=\"ladillo\">97% DE \u00c9XITO<\/h2>\n<p>Verschuur ha explicado que gracias al apoyo de la compa\u00f1\u00eda EUClaim, que cuenta con una base de datos de millones de vuelos e informaci\u00f3n meteorol\u00f3gica, los pasajeros sabr\u00e1n de forma gratuita si tienen derecho a reclamar y qu\u00e9 indemnizaci\u00f3n podr\u00edan conseguir, ahorr\u00e1ndose as\u00ed los gastos de gesti\u00f3n establecidos en otras compa\u00f1\u00edas. Asimismo, ha a\u00f1adido que esta colaboraci\u00f3n que la compa\u00f1\u00eda gane en el 97% de los casos.<\/p>\n<p>Esto es posible gracias a la red de abogados repartidos entre los diferentes pa\u00edses europeos con la que cuenta esta entidad, adem\u00e1s buscan que la compensaci\u00f3n sea siempre econ\u00f3mica.<\/p>\n<p>Esta compa\u00f1\u00eda asume los gastos legales, que incluyen los asociados a la demanda y, si ganan el caso, la comisi\u00f3n es siempre del 12% del total que obtenga el cliente. Adem\u00e1s el director general de Gate28 para la regi\u00f3n del suroeste de Europa ha puntualizado que dentro de los retrasos o cancelaciones entrar\u00edan las huelgas de personal de cada aerol\u00ednea , pero no las huelgas realizadas desde aerocontrol y que tambi\u00e9n est\u00e1n trabajando con la posibilidad de reclamar la p\u00e9rdida de equipaje.<\/p>\n<p>Tambi\u00e9n, ha especificado que el reglamento europeo se aplica a todos los vuelos que salida o llegada dentro de Europa si la compa\u00f1\u00eda est\u00e1 registrada dentro de la Uni\u00f3n Europea. Gate28 expandir\u00e1 este verano su negocio a Francia, Italia y Polonia, que se sumar\u00edan a las sucursales abiertas recientemente en Espa\u00f1a, Portugal, Dinamarca, Noruega y Suecia.<\/p>\n<h2 class=\"ladillo\">HASTA 600 EUROS<\/h2>\n<p>De acuerdo con la legislaci\u00f3n europea, los trayectos de menos de 1.500 kil\u00f3metros cancelados o que acumulen m\u00e1s de tres horas de retraso tienen derecho a una compensaci\u00f3n de hasta 250 euros por persona, en los recorridos de entre 1.500 y 3.500 kil\u00f3metros la indemnizaci\u00f3n podr\u00eda ascender a los 400 euros y si el viaje supera lo 3.500 kil\u00f3metros, de hasta 600 euros.<\/p>\n<p>Entre las posibilidades de indemnizaci\u00f3n se encuentran la compensaci\u00f3n por las molestias ocasionadas, retrasos superiores a tres horas, cancelaciones, p\u00e9rdida de conexiones entre vuelos, o denegaci\u00f3n de embarque y el usuario tiene hasta diez a\u00f1os para presentar dicha reclamaci\u00f3n. El director general de Gate28 para la regi\u00f3n del suroeste de Europa ha apuntado que es indiferente si el pasajero llega a coger el vuelo original o no.<\/p>\n","protected":false},"excerpt":{"rendered":"<p>Solo el 5,4% de m\u00e1s de 500.000 viajeros de avi\u00f3n en Espa\u00f1a ha reclamado una compensaci\u00f3n por haber sufrido retrasos, cancelaciones u &#8216;overbooking&#8217; desde principios de a\u00f1o, por lo que se podr\u00edan exigir a las aerol\u00edneas hasta un total de 296,7 millones de euros, inform\u00f3 la empresa gestora de este tipo de incidentes Gate28, que<\/p>\n","protected":false},"author":1,"featured_media":79639,"comment_status":"open","ping_status":"closed","sticky":false,"template":"","format":"standard","meta":{"footnotes":""},"categories":[224],"tags":[],"class_list":{"0":"post-79638","1":"post","2":"type-post","3":"status-publish","4":"format-standard","5":"has-post-thumbnail","7":"category-noticias-actualidad"},"aioseo_notices":[],"aioseo_head":"\n\t\t<!-- All in One SEO Pro 4.9.6.1 - aioseo.com -->\n\t<meta name=\"description\" content=\"Solo el 5,4% de m\u00e1s de 500.000 viajeros de avi\u00f3n en Espa\u00f1a ha reclamado una compensaci\u00f3n por haber sufrido retrasos, cancelaciones u &#039;overbooking&#039; desde principios de a\u00f1o, por lo que se podr\u00edan exigir a las aerol\u00edneas hasta un total de 296,7 millones de euros, inform\u00f3 la empresa gestora de este tipo de incidentes Gate28, que\" \/>\n\t<meta name=\"robots\" content=\"max-image-preview:large\" \/>\n\t<meta name=\"author\" content=\"admin\"\/>\n\t<meta name=\"google-site-verification\" content=\"UA-38556648-1\" \/>\n\t<meta name=\"keywords\" content=\"noticias y actualidad\" \/>\n\t<link rel=\"canonical\" href=\"https:\/\/eldigitaldeasturias.com\/magazine365\/el-54-de-los-pasajeros-aereos-en-espana-ha-reclamado-compensacion-este-ano-por-incidencias\/\" \/>\n\t<meta name=\"generator\" content=\"All in One SEO Pro (AIOSEO) 4.9.6.1\" \/>\n\t\t<meta property=\"og:locale\" content=\"es_ES\" \/>\n\t\t<meta property=\"og:site_name\" content=\"El Digital de Asturias \u2013 Revista de ocio, turismo y estilo de vida\" \/>\n\t\t<meta property=\"og:type\" content=\"article\" \/>\n\t\t<meta property=\"og:title\" content=\"El 5,4% de los pasajeros a\u00e9reos en Espa\u00f1a ha reclamado compensaci\u00f3n este a\u00f1o por incidencias | El Digital de Asturias\" \/>\n\t\t<meta property=\"og:description\" content=\"Solo el 5,4% de m\u00e1s de 500.000 viajeros de avi\u00f3n en Espa\u00f1a ha reclamado una compensaci\u00f3n por haber sufrido retrasos, cancelaciones u &#039;overbooking&#039; desde principios de a\u00f1o, por lo que se podr\u00edan exigir a las aerol\u00edneas hasta un total de 296,7 millones de euros, inform\u00f3 la empresa gestora de este tipo de incidentes Gate28, que\" \/>\n\t\t<meta property=\"og:url\" content=\"https:\/\/eldigitaldeasturias.com\/magazine365\/el-54-de-los-pasajeros-aereos-en-espana-ha-reclamado-compensacion-este-ano-por-incidencias\/\" \/>\n\t\t<meta property=\"og:image\" content=\"https:\/\/eldigitaldeasturias.com\/magazine365\/wp-content\/uploads\/2016\/06\/fotonoticia_20160616140550_800.jpg\" \/>\n\t\t<meta property=\"og:image:secure_url\" content=\"https:\/\/eldigitaldeasturias.com\/magazine365\/wp-content\/uploads\/2016\/06\/fotonoticia_20160616140550_800.jpg\" \/>\n\t\t<meta property=\"og:image:width\" content=\"800\" \/>\n\t\t<meta property=\"og:image:height\" content=\"800\" \/>\n\t\t<meta property=\"article:published_time\" content=\"2016-06-16T14:19:28+00:00\" \/>\n\t\t<meta property=\"article:modified_time\" content=\"2016-06-16T14:19:28+00:00\" \/>\n\t\t<meta name=\"twitter:card\" content=\"summary_large_image\" \/>\n\t\t<meta name=\"twitter:title\" content=\"El 5,4% de los pasajeros a\u00e9reos en Espa\u00f1a ha reclamado compensaci\u00f3n este a\u00f1o por incidencias | El Digital de Asturias\" \/>\n\t\t<meta name=\"twitter:description\" content=\"Solo el 5,4% de m\u00e1s de 500.000 viajeros de avi\u00f3n en Espa\u00f1a ha reclamado una compensaci\u00f3n por haber sufrido retrasos, cancelaciones u &#039;overbooking&#039; desde principios de a\u00f1o, por lo que se podr\u00edan exigir a las aerol\u00edneas hasta un total de 296,7 millones de euros, inform\u00f3 la empresa gestora de este tipo de incidentes Gate28, que\" \/>\n\t\t<meta name=\"twitter:image\" content=\"https:\/\/eldigitaldeasturias.com\/magazine365\/wp-content\/uploads\/2016\/06\/fotonoticia_20160616140550_800.jpg\" \/>\n\t\t<script type=\"application\/ld+json\" class=\"aioseo-schema\">\n\t\t\t{\"@context\":\"https:\\\/\\\/schema.org\",\"@graph\":[{\"@type\":\"Article\",\"@id\":\"https:\\\/\\\/eldigitaldeasturias.com\\\/magazine365\\\/el-54-de-los-pasajeros-aereos-en-espana-ha-reclamado-compensacion-este-ano-por-incidencias\\\/#article\",\"name\":\"El 5,4% de los pasajeros a\\u00e9reos en Espa\\u00f1a ha reclamado compensaci\\u00f3n este a\\u00f1o por incidencias | El Digital de Asturias\",\"headline\":\"El 5,4% de los pasajeros a\\u00e9reos en Espa\\u00f1a ha reclamado compensaci\\u00f3n este a\\u00f1o por incidencias\",\"author\":{\"@id\":\"https:\\\/\\\/eldigitaldeasturias.com\\\/magazine365\\\/author\\\/admin\\\/#author\"},\"publisher\":{\"@id\":\"https:\\\/\\\/eldigitaldeasturias.com\\\/magazine365\\\/#organization\"},\"image\":{\"@type\":\"ImageObject\",\"url\":\"https:\\\/\\\/eldigitaldeasturias.com\\\/magazine365\\\/wp-content\\\/uploads\\\/2016\\\/06\\\/fotonoticia_20160616140550_800.jpg\",\"width\":800,\"height\":800},\"datePublished\":\"2016-06-16T16:19:28+02:00\",\"dateModified\":\"2016-06-16T16:19:28+02:00\",\"inLanguage\":\"es-ES\",\"mainEntityOfPage\":{\"@id\":\"https:\\\/\\\/eldigitaldeasturias.com\\\/magazine365\\\/el-54-de-los-pasajeros-aereos-en-espana-ha-reclamado-compensacion-este-ano-por-incidencias\\\/#webpage\"},\"isPartOf\":{\"@id\":\"https:\\\/\\\/eldigitaldeasturias.com\\\/magazine365\\\/el-54-de-los-pasajeros-aereos-en-espana-ha-reclamado-compensacion-este-ano-por-incidencias\\\/#webpage\"},\"articleSection\":\"Noticias y Actualidad\"},{\"@type\":\"BreadcrumbList\",\"@id\":\"https:\\\/\\\/eldigitaldeasturias.com\\\/magazine365\\\/el-54-de-los-pasajeros-aereos-en-espana-ha-reclamado-compensacion-este-ano-por-incidencias\\\/#breadcrumblist\",\"itemListElement\":[{\"@type\":\"ListItem\",\"@id\":\"https:\\\/\\\/eldigitaldeasturias.com\\\/magazine365#listItem\",\"position\":1,\"name\":\"Home\",\"item\":\"https:\\\/\\\/eldigitaldeasturias.com\\\/magazine365\",\"nextItem\":{\"@type\":\"ListItem\",\"@id\":\"https:\\\/\\\/eldigitaldeasturias.com\\\/magazine365\\\/category\\\/noticias-actualidad\\\/#listItem\",\"name\":\"Noticias y Actualidad\"}},{\"@type\":\"ListItem\",\"@id\":\"https:\\\/\\\/eldigitaldeasturias.com\\\/magazine365\\\/category\\\/noticias-actualidad\\\/#listItem\",\"position\":2,\"name\":\"Noticias y Actualidad\",\"item\":\"https:\\\/\\\/eldigitaldeasturias.com\\\/magazine365\\\/category\\\/noticias-actualidad\\\/\",\"nextItem\":{\"@type\":\"ListItem\",\"@id\":\"https:\\\/\\\/eldigitaldeasturias.com\\\/magazine365\\\/el-54-de-los-pasajeros-aereos-en-espana-ha-reclamado-compensacion-este-ano-por-incidencias\\\/#listItem\",\"name\":\"El 5,4% de los pasajeros a\\u00e9reos en Espa\\u00f1a ha reclamado compensaci\\u00f3n este a\\u00f1o por incidencias\"},\"previousItem\":{\"@type\":\"ListItem\",\"@id\":\"https:\\\/\\\/eldigitaldeasturias.com\\\/magazine365#listItem\",\"name\":\"Home\"}},{\"@type\":\"ListItem\",\"@id\":\"https:\\\/\\\/eldigitaldeasturias.com\\\/magazine365\\\/el-54-de-los-pasajeros-aereos-en-espana-ha-reclamado-compensacion-este-ano-por-incidencias\\\/#listItem\",\"position\":3,\"name\":\"El 5,4% de los pasajeros a\\u00e9reos en Espa\\u00f1a ha reclamado compensaci\\u00f3n este a\\u00f1o por incidencias\",\"previousItem\":{\"@type\":\"ListItem\",\"@id\":\"https:\\\/\\\/eldigitaldeasturias.com\\\/magazine365\\\/category\\\/noticias-actualidad\\\/#listItem\",\"name\":\"Noticias y Actualidad\"}}]},{\"@type\":\"Organization\",\"@id\":\"https:\\\/\\\/eldigitaldeasturias.com\\\/magazine365\\\/#organization\",\"name\":\"El digital de Asturias\",\"description\":\"Revista de ocio, turismo y estilo de vida\",\"url\":\"https:\\\/\\\/eldigitaldeasturias.com\\\/magazine365\\\/\",\"logo\":{\"@type\":\"ImageObject\",\"url\":\"https:\\\/\\\/www.eldigitaldeasturias.com\\\/noticias\\\/wp-content\\\/uploads\\\/2020\\\/12\\\/EDA.jpg\",\"@id\":\"https:\\\/\\\/eldigitaldeasturias.com\\\/magazine365\\\/el-54-de-los-pasajeros-aereos-en-espana-ha-reclamado-compensacion-este-ano-por-incidencias\\\/#organizationLogo\"},\"image\":{\"@id\":\"https:\\\/\\\/eldigitaldeasturias.com\\\/magazine365\\\/el-54-de-los-pasajeros-aereos-en-espana-ha-reclamado-compensacion-este-ano-por-incidencias\\\/#organizationLogo\"}},{\"@type\":\"Person\",\"@id\":\"https:\\\/\\\/eldigitaldeasturias.com\\\/magazine365\\\/author\\\/admin\\\/#author\",\"url\":\"https:\\\/\\\/eldigitaldeasturias.com\\\/magazine365\\\/author\\\/admin\\\/\",\"name\":\"admin\",\"image\":{\"@type\":\"ImageObject\",\"@id\":\"https:\\\/\\\/eldigitaldeasturias.com\\\/magazine365\\\/el-54-de-los-pasajeros-aereos-en-espana-ha-reclamado-compensacion-este-ano-por-incidencias\\\/#authorImage\",\"url\":\"https:\\\/\\\/eldigitaldeasturias.com\\\/magazine365\\\/wp-content\\\/litespeed\\\/avatar\\\/e571bcf59a0edd6fa6838245a470f2fe.jpg?ver=1776969259\",\"width\":96,\"height\":96,\"caption\":\"admin\"}},{\"@type\":\"WebPage\",\"@id\":\"https:\\\/\\\/eldigitaldeasturias.com\\\/magazine365\\\/el-54-de-los-pasajeros-aereos-en-espana-ha-reclamado-compensacion-este-ano-por-incidencias\\\/#webpage\",\"url\":\"https:\\\/\\\/eldigitaldeasturias.com\\\/magazine365\\\/el-54-de-los-pasajeros-aereos-en-espana-ha-reclamado-compensacion-este-ano-por-incidencias\\\/\",\"name\":\"El 5,4% de los pasajeros a\\u00e9reos en Espa\\u00f1a ha reclamado compensaci\\u00f3n este a\\u00f1o por incidencias | El Digital de Asturias\",\"description\":\"Solo el 5,4% de m\\u00e1s de 500.000 viajeros de avi\\u00f3n en Espa\\u00f1a ha reclamado una compensaci\\u00f3n por haber sufrido retrasos, cancelaciones u 'overbooking' desde principios de a\\u00f1o, por lo que se podr\\u00edan exigir a las aerol\\u00edneas hasta un total de 296,7 millones de euros, inform\\u00f3 la empresa gestora de este tipo de incidentes Gate28, que\",\"inLanguage\":\"es-ES\",\"isPartOf\":{\"@id\":\"https:\\\/\\\/eldigitaldeasturias.com\\\/magazine365\\\/#website\"},\"breadcrumb\":{\"@id\":\"https:\\\/\\\/eldigitaldeasturias.com\\\/magazine365\\\/el-54-de-los-pasajeros-aereos-en-espana-ha-reclamado-compensacion-este-ano-por-incidencias\\\/#breadcrumblist\"},\"author\":{\"@id\":\"https:\\\/\\\/eldigitaldeasturias.com\\\/magazine365\\\/author\\\/admin\\\/#author\"},\"creator\":{\"@id\":\"https:\\\/\\\/eldigitaldeasturias.com\\\/magazine365\\\/author\\\/admin\\\/#author\"},\"image\":{\"@type\":\"ImageObject\",\"url\":\"https:\\\/\\\/eldigitaldeasturias.com\\\/magazine365\\\/wp-content\\\/uploads\\\/2016\\\/06\\\/fotonoticia_20160616140550_800.jpg\",\"@id\":\"https:\\\/\\\/eldigitaldeasturias.com\\\/magazine365\\\/el-54-de-los-pasajeros-aereos-en-espana-ha-reclamado-compensacion-este-ano-por-incidencias\\\/#mainImage\",\"width\":800,\"height\":800},\"primaryImageOfPage\":{\"@id\":\"https:\\\/\\\/eldigitaldeasturias.com\\\/magazine365\\\/el-54-de-los-pasajeros-aereos-en-espana-ha-reclamado-compensacion-este-ano-por-incidencias\\\/#mainImage\"},\"datePublished\":\"2016-06-16T16:19:28+02:00\",\"dateModified\":\"2016-06-16T16:19:28+02:00\"},{\"@type\":\"WebSite\",\"@id\":\"https:\\\/\\\/eldigitaldeasturias.com\\\/magazine365\\\/#website\",\"url\":\"https:\\\/\\\/eldigitaldeasturias.com\\\/magazine365\\\/\",\"name\":\"El Digital de Asturias\",\"description\":\"Revista de ocio, turismo y estilo de vida\",\"inLanguage\":\"es-ES\",\"publisher\":{\"@id\":\"https:\\\/\\\/eldigitaldeasturias.com\\\/magazine365\\\/#organization\"}}]}\n\t\t<\/script>\n\t\t<!-- All in One SEO Pro -->\r\n\t\t<title>El 5,4% de los pasajeros a\u00e9reos en Espa\u00f1a ha reclamado compensaci\u00f3n este a\u00f1o por incidencias | El Digital de Asturias<\/title>\n\n","aioseo_head_json":{"title":"El 5,4% de los pasajeros a\u00e9reos en Espa\u00f1a ha reclamado compensaci\u00f3n este a\u00f1o por incidencias | El Digital de Asturias","description":"Solo el 5,4% de m\u00e1s de 500.000 viajeros de avi\u00f3n en Espa\u00f1a ha reclamado una compensaci\u00f3n por haber sufrido retrasos, cancelaciones u 'overbooking' desde principios de a\u00f1o, por lo que se podr\u00edan exigir a las aerol\u00edneas hasta un total de 296,7 millones de euros, inform\u00f3 la empresa gestora de este tipo de incidentes Gate28, que","canonical_url":"https:\/\/eldigitaldeasturias.com\/magazine365\/el-54-de-los-pasajeros-aereos-en-espana-ha-reclamado-compensacion-este-ano-por-incidencias\/","robots":"max-image-preview:large","keywords":"noticias y actualidad","webmasterTools":{"google-site-verification":"UA-38556648-1","miscellaneous":""},"schema":{"@context":"https:\/\/schema.org","@graph":[{"@type":"Article","@id":"https:\/\/eldigitaldeasturias.com\/magazine365\/el-54-de-los-pasajeros-aereos-en-espana-ha-reclamado-compensacion-este-ano-por-incidencias\/#article","name":"El 5,4% de los pasajeros a\u00e9reos en Espa\u00f1a ha reclamado compensaci\u00f3n este a\u00f1o por incidencias | El Digital de Asturias","headline":"El 5,4% de los pasajeros a\u00e9reos en Espa\u00f1a ha reclamado compensaci\u00f3n este a\u00f1o por incidencias","author":{"@id":"https:\/\/eldigitaldeasturias.com\/magazine365\/author\/admin\/#author"},"publisher":{"@id":"https:\/\/eldigitaldeasturias.com\/magazine365\/#organization"},"image":{"@type":"ImageObject","url":"https:\/\/eldigitaldeasturias.com\/magazine365\/wp-content\/uploads\/2016\/06\/fotonoticia_20160616140550_800.jpg","width":800,"height":800},"datePublished":"2016-06-16T16:19:28+02:00","dateModified":"2016-06-16T16:19:28+02:00","inLanguage":"es-ES","mainEntityOfPage":{"@id":"https:\/\/eldigitaldeasturias.com\/magazine365\/el-54-de-los-pasajeros-aereos-en-espana-ha-reclamado-compensacion-este-ano-por-incidencias\/#webpage"},"isPartOf":{"@id":"https:\/\/eldigitaldeasturias.com\/magazine365\/el-54-de-los-pasajeros-aereos-en-espana-ha-reclamado-compensacion-este-ano-por-incidencias\/#webpage"},"articleSection":"Noticias y Actualidad"},{"@type":"BreadcrumbList","@id":"https:\/\/eldigitaldeasturias.com\/magazine365\/el-54-de-los-pasajeros-aereos-en-espana-ha-reclamado-compensacion-este-ano-por-incidencias\/#breadcrumblist","itemListElement":[{"@type":"ListItem","@id":"https:\/\/eldigitaldeasturias.com\/magazine365#listItem","position":1,"name":"Home","item":"https:\/\/eldigitaldeasturias.com\/magazine365","nextItem":{"@type":"ListItem","@id":"https:\/\/eldigitaldeasturias.com\/magazine365\/category\/noticias-actualidad\/#listItem","name":"Noticias y Actualidad"}},{"@type":"ListItem","@id":"https:\/\/eldigitaldeasturias.com\/magazine365\/category\/noticias-actualidad\/#listItem","position":2,"name":"Noticias y Actualidad","item":"https:\/\/eldigitaldeasturias.com\/magazine365\/category\/noticias-actualidad\/","nextItem":{"@type":"ListItem","@id":"https:\/\/eldigitaldeasturias.com\/magazine365\/el-54-de-los-pasajeros-aereos-en-espana-ha-reclamado-compensacion-este-ano-por-incidencias\/#listItem","name":"El 5,4% de los pasajeros a\u00e9reos en Espa\u00f1a ha reclamado compensaci\u00f3n este a\u00f1o por incidencias"},"previousItem":{"@type":"ListItem","@id":"https:\/\/eldigitaldeasturias.com\/magazine365#listItem","name":"Home"}},{"@type":"ListItem","@id":"https:\/\/eldigitaldeasturias.com\/magazine365\/el-54-de-los-pasajeros-aereos-en-espana-ha-reclamado-compensacion-este-ano-por-incidencias\/#listItem","position":3,"name":"El 5,4% de los pasajeros a\u00e9reos en Espa\u00f1a ha reclamado compensaci\u00f3n este a\u00f1o por incidencias","previousItem":{"@type":"ListItem","@id":"https:\/\/eldigitaldeasturias.com\/magazine365\/category\/noticias-actualidad\/#listItem","name":"Noticias y Actualidad"}}]},{"@type":"Organization","@id":"https:\/\/eldigitaldeasturias.com\/magazine365\/#organization","name":"El digital de Asturias","description":"Revista de ocio, turismo y estilo de vida","url":"https:\/\/eldigitaldeasturias.com\/magazine365\/","logo":{"@type":"ImageObject","url":"https:\/\/www.eldigitaldeasturias.com\/noticias\/wp-content\/uploads\/2020\/12\/EDA.jpg","@id":"https:\/\/eldigitaldeasturias.com\/magazine365\/el-54-de-los-pasajeros-aereos-en-espana-ha-reclamado-compensacion-este-ano-por-incidencias\/#organizationLogo"},"image":{"@id":"https:\/\/eldigitaldeasturias.com\/magazine365\/el-54-de-los-pasajeros-aereos-en-espana-ha-reclamado-compensacion-este-ano-por-incidencias\/#organizationLogo"}},{"@type":"Person","@id":"https:\/\/eldigitaldeasturias.com\/magazine365\/author\/admin\/#author","url":"https:\/\/eldigitaldeasturias.com\/magazine365\/author\/admin\/","name":"admin","image":{"@type":"ImageObject","@id":"https:\/\/eldigitaldeasturias.com\/magazine365\/el-54-de-los-pasajeros-aereos-en-espana-ha-reclamado-compensacion-este-ano-por-incidencias\/#authorImage","url":"https:\/\/eldigitaldeasturias.com\/magazine365\/wp-content\/litespeed\/avatar\/e571bcf59a0edd6fa6838245a470f2fe.jpg?ver=1776969259","width":96,"height":96,"caption":"admin"}},{"@type":"WebPage","@id":"https:\/\/eldigitaldeasturias.com\/magazine365\/el-54-de-los-pasajeros-aereos-en-espana-ha-reclamado-compensacion-este-ano-por-incidencias\/#webpage","url":"https:\/\/eldigitaldeasturias.com\/magazine365\/el-54-de-los-pasajeros-aereos-en-espana-ha-reclamado-compensacion-este-ano-por-incidencias\/","name":"El 5,4% de los pasajeros a\u00e9reos en Espa\u00f1a ha reclamado compensaci\u00f3n este a\u00f1o por incidencias | El Digital de Asturias","description":"Solo el 5,4% de m\u00e1s de 500.000 viajeros de avi\u00f3n en Espa\u00f1a ha reclamado una compensaci\u00f3n por haber sufrido retrasos, cancelaciones u 'overbooking' desde principios de a\u00f1o, por lo que se podr\u00edan exigir a las aerol\u00edneas hasta un total de 296,7 millones de euros, inform\u00f3 la empresa gestora de este tipo de incidentes Gate28, que","inLanguage":"es-ES","isPartOf":{"@id":"https:\/\/eldigitaldeasturias.com\/magazine365\/#website"},"breadcrumb":{"@id":"https:\/\/eldigitaldeasturias.com\/magazine365\/el-54-de-los-pasajeros-aereos-en-espana-ha-reclamado-compensacion-este-ano-por-incidencias\/#breadcrumblist"},"author":{"@id":"https:\/\/eldigitaldeasturias.com\/magazine365\/author\/admin\/#author"},"creator":{"@id":"https:\/\/eldigitaldeasturias.com\/magazine365\/author\/admin\/#author"},"image":{"@type":"ImageObject","url":"https:\/\/eldigitaldeasturias.com\/magazine365\/wp-content\/uploads\/2016\/06\/fotonoticia_20160616140550_800.jpg","@id":"https:\/\/eldigitaldeasturias.com\/magazine365\/el-54-de-los-pasajeros-aereos-en-espana-ha-reclamado-compensacion-este-ano-por-incidencias\/#mainImage","width":800,"height":800},"primaryImageOfPage":{"@id":"https:\/\/eldigitaldeasturias.com\/magazine365\/el-54-de-los-pasajeros-aereos-en-espana-ha-reclamado-compensacion-este-ano-por-incidencias\/#mainImage"},"datePublished":"2016-06-16T16:19:28+02:00","dateModified":"2016-06-16T16:19:28+02:00"},{"@type":"WebSite","@id":"https:\/\/eldigitaldeasturias.com\/magazine365\/#website","url":"https:\/\/eldigitaldeasturias.com\/magazine365\/","name":"El Digital de Asturias","description":"Revista de ocio, turismo y estilo de vida","inLanguage":"es-ES","publisher":{"@id":"https:\/\/eldigitaldeasturias.com\/magazine365\/#organization"}}]},"og:locale":"es_ES","og:site_name":"El Digital de Asturias \u2013 Revista de ocio, turismo y estilo de vida","og:type":"article","og:title":"El 5,4% de los pasajeros a\u00e9reos en Espa\u00f1a ha reclamado compensaci\u00f3n este a\u00f1o por incidencias | El Digital de Asturias","og:description":"Solo el 5,4% de m\u00e1s de 500.000 viajeros de avi\u00f3n en Espa\u00f1a ha reclamado una compensaci\u00f3n por haber sufrido retrasos, cancelaciones u 'overbooking' desde principios de a\u00f1o, por lo que se podr\u00edan exigir a las aerol\u00edneas hasta un total de 296,7 millones de euros, inform\u00f3 la empresa gestora de este tipo de incidentes Gate28, que","og:url":"https:\/\/eldigitaldeasturias.com\/magazine365\/el-54-de-los-pasajeros-aereos-en-espana-ha-reclamado-compensacion-este-ano-por-incidencias\/","og:image":"https:\/\/eldigitaldeasturias.com\/magazine365\/wp-content\/uploads\/2016\/06\/fotonoticia_20160616140550_800.jpg","og:image:secure_url":"https:\/\/eldigitaldeasturias.com\/magazine365\/wp-content\/uploads\/2016\/06\/fotonoticia_20160616140550_800.jpg","og:image:width":800,"og:image:height":800,"article:published_time":"2016-06-16T14:19:28+00:00","article:modified_time":"2016-06-16T14:19:28+00:00","twitter:card":"summary_large_image","twitter:title":"El 5,4% de los pasajeros a\u00e9reos en Espa\u00f1a ha reclamado compensaci\u00f3n este a\u00f1o por incidencias | El Digital de Asturias","twitter:description":"Solo el 5,4% de m\u00e1s de 500.000 viajeros de avi\u00f3n en Espa\u00f1a ha reclamado una compensaci\u00f3n por haber sufrido retrasos, cancelaciones u 'overbooking' desde principios de a\u00f1o, por lo que se podr\u00edan exigir a las aerol\u00edneas hasta un total de 296,7 millones de euros, inform\u00f3 la empresa gestora de este tipo de incidentes Gate28, que","twitter:image":"https:\/\/eldigitaldeasturias.com\/magazine365\/wp-content\/uploads\/2016\/06\/fotonoticia_20160616140550_800.jpg"},"aioseo_meta_data":{"post_id":"79638","title":null,"description":null,"keywords":null,"keyphrases":null,"primary_term":null,"canonical_url":null,"og_title":null,"og_description":null,"og_object_type":"default","og_image_type":"default","og_image_url":null,"og_image_width":null,"og_image_height":null,"og_image_custom_url":null,"og_image_custom_fields":null,"og_video":null,"og_custom_url":null,"og_article_section":null,"og_article_tags":null,"twitter_use_og":false,"twitter_card":"default","twitter_image_type":"default","twitter_image_url":null,"twitter_image_custom_url":null,"twitter_image_custom_fields":null,"twitter_title":null,"twitter_description":null,"schema":{"blockGraphs":[],"customGraphs":[],"default":{"data":{"Article":[],"Course":[],"Dataset":[],"FAQPage":[],"Movie":[],"Person":[],"Product":[],"ProductReview":[],"Car":[],"Recipe":[],"Service":[],"SoftwareApplication":[],"WebPage":[]},"graphName":"","isEnabled":true},"graphs":[],"defaultGraph":"","defaultPostTypeGraph":""},"schema_type":null,"schema_type_options":null,"pillar_content":false,"robots_default":true,"robots_noindex":false,"robots_noarchive":false,"robots_nosnippet":false,"robots_nofollow":false,"robots_noimageindex":false,"robots_noodp":false,"robots_notranslate":false,"robots_max_snippet":null,"robots_max_videopreview":null,"robots_max_imagepreview":"large","priority":null,"frequency":null,"location":null,"local_seo":null,"seo_analyzer_scan_date":"2025-09-27 19:16:58","breadcrumb_settings":null,"limit_modified_date":false,"open_ai":null,"ai":null,"created":"2021-03-08 17:45:23","updated":"2025-09-27 19:16:58"},"aioseo_breadcrumb":"<div class=\"aioseo-breadcrumbs\"><span class=\"aioseo-breadcrumb\">\n\t<a href=\"https:\/\/eldigitaldeasturias.com\/magazine365\" title=\"Home\">Home<\/a>\n<\/span><span class=\"aioseo-breadcrumb-separator\">\u2013<\/span><span class=\"aioseo-breadcrumb\">\n\t<a href=\"https:\/\/eldigitaldeasturias.com\/magazine365\/category\/noticias-actualidad\/\" title=\"Noticias y Actualidad\">Noticias y Actualidad<\/a>\n<\/span><span class=\"aioseo-breadcrumb-separator\">\u2013<\/span><span class=\"aioseo-breadcrumb\">\n\t<a href=\"https:\/\/eldigitaldeasturias.com\/magazine365\/el-54-de-los-pasajeros-aereos-en-espana-ha-reclamado-compensacion-este-ano-por-incidencias\/\" title=\"El 5,4% de los pasajeros a\u00e9reos en Espa\u00f1a ha reclamado compensaci\u00f3n este a\u00f1o por incidencias\">El 5,4% de los pasajeros a\u00e9reos en Espa\u00f1a ha reclamado compensaci\u00f3n este a\u00f1o por incidencias<\/a>\n<\/span><\/div>","aioseo_breadcrumb_json":[{"label":"Home","link":"https:\/\/eldigitaldeasturias.com\/magazine365"},{"label":"Noticias y Actualidad","link":"https:\/\/eldigitaldeasturias.com\/magazine365\/category\/noticias-actualidad\/"},{"label":"El 5,4% de los pasajeros a\u00e9reos en Espa\u00f1a ha reclamado compensaci\u00f3n este a\u00f1o por incidencias","link":"https:\/\/eldigitaldeasturias.com\/magazine365\/el-54-de-los-pasajeros-aereos-en-espana-ha-reclamado-compensacion-este-ano-por-incidencias\/"}],"_links":{"self":[{"href":"https:\/\/eldigitaldeasturias.com\/magazine365\/wp-json\/wp\/v2\/posts\/79638","targetHints":{"allow":["GET"]}}],"collection":[{"href":"https:\/\/eldigitaldeasturias.com\/magazine365\/wp-json\/wp\/v2\/posts"}],"about":[{"href":"https:\/\/eldigitaldeasturias.com\/magazine365\/wp-json\/wp\/v2\/types\/post"}],"author":[{"embeddable":true,"href":"https:\/\/eldigitaldeasturias.com\/magazine365\/wp-json\/wp\/v2\/users\/1"}],"replies":[{"embeddable":true,"href":"https:\/\/eldigitaldeasturias.com\/magazine365\/wp-json\/wp\/v2\/comments?post=79638"}],"version-history":[{"count":0,"href":"https:\/\/eldigitaldeasturias.com\/magazine365\/wp-json\/wp\/v2\/posts\/79638\/revisions"}],"wp:featuredmedia":[{"embeddable":true,"href":"https:\/\/eldigitaldeasturias.com\/magazine365\/wp-json\/wp\/v2\/media\/79639"}],"wp:attachment":[{"href":"https:\/\/eldigitaldeasturias.com\/magazine365\/wp-json\/wp\/v2\/media?parent=79638"}],"wp:term":[{"taxonomy":"category","embeddable":true,"href":"https:\/\/eldigitaldeasturias.com\/magazine365\/wp-json\/wp\/v2\/categories?post=79638"},{"taxonomy":"post_tag","embeddable":true,"href":"https:\/\/eldigitaldeasturias.com\/magazine365\/wp-json\/wp\/v2\/tags?post=79638"}],"curies":[{"name":"wp","href":"https:\/\/api.w.org\/{rel}","templated":true}]}}