{"id":79635,"date":"2016-06-16T16:17:52","date_gmt":"2016-06-16T14:17:52","guid":{"rendered":"http:\/\/eldigitaldeasturias.com\/magazine365\/?p=79635"},"modified":"2016-06-16T16:17:52","modified_gmt":"2016-06-16T14:17:52","slug":"iag-cree-que-la-salida-de-reino-unido-de-la-ue-no-tendria-un-impacto-material-a-largo-plazo","status":"publish","type":"post","link":"https:\/\/eldigitaldeasturias.com\/magazine365\/iag-cree-que-la-salida-de-reino-unido-de-la-ue-no-tendria-un-impacto-material-a-largo-plazo\/","title":{"rendered":"IAG cree que la salida de Reino Unido de la UE no tendr\u00eda un impacto material a largo plazo"},"content":{"rendered":"<p><img fetchpriority=\"high\" decoding=\"async\" class=\"alignleft size-medium wp-image-79636\" src=\"https:\/\/eldigitaldeasturias.com\/magazine365\/wp-content\/uploads\/2016\/06\/fotonoticia_20160616134818_800-360x237.jpg\" alt=\"fotonoticia_20160616134818_800\" width=\"360\" height=\"237\" srcset=\"https:\/\/eldigitaldeasturias.com\/magazine365\/wp-content\/uploads\/2016\/06\/fotonoticia_20160616134818_800-360x237.jpg 360w, https:\/\/eldigitaldeasturias.com\/magazine365\/wp-content\/uploads\/2016\/06\/fotonoticia_20160616134818_800-650x427.jpg 650w, https:\/\/eldigitaldeasturias.com\/magazine365\/wp-content\/uploads\/2016\/06\/fotonoticia_20160616134818_800-768x505.jpg 768w, https:\/\/eldigitaldeasturias.com\/magazine365\/wp-content\/uploads\/2016\/06\/fotonoticia_20160616134818_800-150x99.jpg 150w, https:\/\/eldigitaldeasturias.com\/magazine365\/wp-content\/uploads\/2016\/06\/fotonoticia_20160616134818_800-450x296.jpg 450w, https:\/\/eldigitaldeasturias.com\/magazine365\/wp-content\/uploads\/2016\/06\/fotonoticia_20160616134818_800-121x79.jpg 121w, https:\/\/eldigitaldeasturias.com\/magazine365\/wp-content\/uploads\/2016\/06\/fotonoticia_20160616134818_800-101x66.jpg 101w, https:\/\/eldigitaldeasturias.com\/magazine365\/wp-content\/uploads\/2016\/06\/fotonoticia_20160616134818_800.jpg 800w\" sizes=\"(max-width: 360px) 100vw, 360px\" \/>IAG, el &#8216;holding&#8217; que agrupa a Iberia, British Airways (BA), Vueling y Aer Lingus, cree que en caso de que Reino Unido decida abandonar la Uni\u00f3n Europea, a una semana del refer\u00e9ndum del pr\u00f3ximo 23 de junio, su salida \u00abno tendr\u00eda un impacto material en el largo plazo\u00bb en su negocio.<\/p>\n<p>As\u00ed lo ha manifestado el consejero delegado del grupo a\u00e9reo, el irland\u00e9s Willie Walsh, durante su intervenci\u00f3n en la junta de accionistas celebrada este jueves en Madrid, a la que han concurrido m\u00e1s del 68% de los accionistas entre asistentes y representados.<\/p>\n<p>\u00abComo empresa responsable, hemos realizado una evaluaci\u00f3n de los riesgos y, en ese momento, concluimos que en caso de que Reino Unido decida abandonar la Uni\u00f3n Europea, su salida no tendr\u00eda un impacto material en el largo plazo en nuestro negocio\u00bb, asegur\u00f3 Walsh.<\/p>\n<p>Walsh explic\u00f3 que IAG ha asumido \u00abuna posici\u00f3n empresarial y no pol\u00edtica\u00bb sobre el refer\u00e9ndum en el que los brit\u00e1nicos votar\u00e1n sobre la permanencia o no de Reino Unido en la UE, proceso conocido como &#8216;Brexit&#8217;.<\/p>\n<p>\u00abPensamos que se trata de una decisi\u00f3n que debe tomar el electorado brit\u00e1nico, por lo que no recomendaremos a la gente c\u00f3mo debe votar\u00bb, afirm\u00f3 tajante.<\/p>\n<p>Ante la preocupaci\u00f3n manifestada por uno de los accionistas asistentes a la junta, que pidi\u00f3 medidas de contingencia ante una eventual salida de Reino Unido de la UE, el presidente de IAG, Antonio V\u00e1zquez, coincidi\u00f3 con el primer ejecutivo y asegur\u00f3 que de la evaluaci\u00f3n de los riesgos efectuada se concluye que \u00abno tendr\u00eda ning\u00fan impacto a largo plazo\u00bb.<\/p>\n<p>V\u00e1zquez a\u00f1adi\u00f3 que la compa\u00f1\u00eda es por definici\u00f3n \u00abeuropea\u00bb y que los consumidores europeos, incluidos los de Reino Unido, se han beneficiado del libre comercio del espacio a\u00e9reo com\u00fan europeo. \u00abNuestra obligaci\u00f3n es llevar a cabo un an\u00e1lisis detallado y, en este momento, no hay impacto en el largo plazo\u00bb, concluy\u00f3.<\/p>\n","protected":false},"excerpt":{"rendered":"<p>IAG, el &#8216;holding&#8217; que agrupa a Iberia, British Airways (BA), Vueling y Aer Lingus, cree que en caso de que Reino Unido decida abandonar la Uni\u00f3n Europea, a una semana del refer\u00e9ndum del pr\u00f3ximo 23 de junio, su salida \u00abno tendr\u00eda un impacto material en el largo plazo\u00bb en su negocio. As\u00ed lo ha manifestado<\/p>\n","protected":false},"author":1,"featured_media":79636,"comment_status":"open","ping_status":"closed","sticky":false,"template":"","format":"standard","meta":{"footnotes":""},"categories":[224],"tags":[],"class_list":{"0":"post-79635","1":"post","2":"type-post","3":"status-publish","4":"format-standard","5":"has-post-thumbnail","7":"category-noticias-actualidad"},"aioseo_notices":[],"aioseo_head":"\n\t\t<!-- All in One SEO Pro 4.9.6.1 - aioseo.com -->\n\t<meta name=\"description\" content=\"IAG, el &#039;holding&#039; que agrupa a Iberia, British Airways (BA), Vueling y Aer Lingus, cree que en caso de que Reino Unido decida abandonar la Uni\u00f3n Europea, a una semana del refer\u00e9ndum del pr\u00f3ximo 23 de junio, su salida &quot;no tendr\u00eda un impacto material en el largo plazo&quot; en su negocio. As\u00ed lo ha manifestado\" \/>\n\t<meta name=\"robots\" content=\"max-image-preview:large\" \/>\n\t<meta name=\"author\" content=\"admin\"\/>\n\t<meta name=\"google-site-verification\" content=\"UA-38556648-1\" \/>\n\t<meta name=\"keywords\" content=\"noticias y actualidad\" \/>\n\t<link rel=\"canonical\" href=\"https:\/\/eldigitaldeasturias.com\/magazine365\/iag-cree-que-la-salida-de-reino-unido-de-la-ue-no-tendria-un-impacto-material-a-largo-plazo\/\" \/>\n\t<meta name=\"generator\" content=\"All in One SEO Pro (AIOSEO) 4.9.6.1\" \/>\n\t\t<meta property=\"og:locale\" content=\"es_ES\" \/>\n\t\t<meta property=\"og:site_name\" content=\"El Digital de Asturias \u2013 Revista de ocio, turismo y estilo de vida\" \/>\n\t\t<meta property=\"og:type\" content=\"article\" \/>\n\t\t<meta property=\"og:title\" content=\"IAG cree que la salida de Reino Unido de la UE no tendr\u00eda un impacto material a largo plazo | El Digital de Asturias\" \/>\n\t\t<meta property=\"og:description\" content=\"IAG, el &#039;holding&#039; que agrupa a Iberia, British Airways (BA), Vueling y Aer Lingus, cree que en caso de que Reino Unido decida abandonar la Uni\u00f3n Europea, a una semana del refer\u00e9ndum del pr\u00f3ximo 23 de junio, su salida &quot;no tendr\u00eda un impacto material en el largo plazo&quot; en su negocio. As\u00ed lo ha manifestado\" \/>\n\t\t<meta property=\"og:url\" content=\"https:\/\/eldigitaldeasturias.com\/magazine365\/iag-cree-que-la-salida-de-reino-unido-de-la-ue-no-tendria-un-impacto-material-a-largo-plazo\/\" \/>\n\t\t<meta property=\"og:image\" content=\"https:\/\/eldigitaldeasturias.com\/magazine365\/wp-content\/uploads\/2016\/06\/fotonoticia_20160616134818_800.jpg\" \/>\n\t\t<meta property=\"og:image:secure_url\" content=\"https:\/\/eldigitaldeasturias.com\/magazine365\/wp-content\/uploads\/2016\/06\/fotonoticia_20160616134818_800.jpg\" \/>\n\t\t<meta property=\"og:image:width\" content=\"800\" \/>\n\t\t<meta property=\"og:image:height\" content=\"526\" \/>\n\t\t<meta property=\"article:published_time\" content=\"2016-06-16T14:17:52+00:00\" \/>\n\t\t<meta property=\"article:modified_time\" content=\"2016-06-16T14:17:52+00:00\" \/>\n\t\t<meta name=\"twitter:card\" content=\"summary_large_image\" \/>\n\t\t<meta name=\"twitter:title\" content=\"IAG cree que la salida de Reino Unido de la UE no tendr\u00eda un impacto material a largo plazo | El Digital de Asturias\" \/>\n\t\t<meta name=\"twitter:description\" content=\"IAG, el &#039;holding&#039; que agrupa a Iberia, British Airways (BA), Vueling y Aer Lingus, cree que en caso de que Reino Unido decida abandonar la Uni\u00f3n Europea, a una semana del refer\u00e9ndum del pr\u00f3ximo 23 de junio, su salida &quot;no tendr\u00eda un impacto material en el largo plazo&quot; en su negocio. As\u00ed lo ha manifestado\" \/>\n\t\t<meta name=\"twitter:image\" content=\"https:\/\/eldigitaldeasturias.com\/magazine365\/wp-content\/uploads\/2016\/06\/fotonoticia_20160616134818_800.jpg\" \/>\n\t\t<script type=\"application\/ld+json\" class=\"aioseo-schema\">\n\t\t\t{\"@context\":\"https:\\\/\\\/schema.org\",\"@graph\":[{\"@type\":\"Article\",\"@id\":\"https:\\\/\\\/eldigitaldeasturias.com\\\/magazine365\\\/iag-cree-que-la-salida-de-reino-unido-de-la-ue-no-tendria-un-impacto-material-a-largo-plazo\\\/#article\",\"name\":\"IAG cree que la salida de Reino Unido de la UE no tendr\\u00eda un impacto material a largo plazo | El Digital de Asturias\",\"headline\":\"IAG cree que la salida de Reino Unido de la UE no tendr\\u00eda un impacto material a largo plazo\",\"author\":{\"@id\":\"https:\\\/\\\/eldigitaldeasturias.com\\\/magazine365\\\/author\\\/admin\\\/#author\"},\"publisher\":{\"@id\":\"https:\\\/\\\/eldigitaldeasturias.com\\\/magazine365\\\/#organization\"},\"image\":{\"@type\":\"ImageObject\",\"url\":\"https:\\\/\\\/eldigitaldeasturias.com\\\/magazine365\\\/wp-content\\\/uploads\\\/2016\\\/06\\\/fotonoticia_20160616134818_800.jpg\",\"width\":800,\"height\":526},\"datePublished\":\"2016-06-16T16:17:52+02:00\",\"dateModified\":\"2016-06-16T16:17:52+02:00\",\"inLanguage\":\"es-ES\",\"mainEntityOfPage\":{\"@id\":\"https:\\\/\\\/eldigitaldeasturias.com\\\/magazine365\\\/iag-cree-que-la-salida-de-reino-unido-de-la-ue-no-tendria-un-impacto-material-a-largo-plazo\\\/#webpage\"},\"isPartOf\":{\"@id\":\"https:\\\/\\\/eldigitaldeasturias.com\\\/magazine365\\\/iag-cree-que-la-salida-de-reino-unido-de-la-ue-no-tendria-un-impacto-material-a-largo-plazo\\\/#webpage\"},\"articleSection\":\"Noticias y Actualidad\"},{\"@type\":\"BreadcrumbList\",\"@id\":\"https:\\\/\\\/eldigitaldeasturias.com\\\/magazine365\\\/iag-cree-que-la-salida-de-reino-unido-de-la-ue-no-tendria-un-impacto-material-a-largo-plazo\\\/#breadcrumblist\",\"itemListElement\":[{\"@type\":\"ListItem\",\"@id\":\"https:\\\/\\\/eldigitaldeasturias.com\\\/magazine365#listItem\",\"position\":1,\"name\":\"Home\",\"item\":\"https:\\\/\\\/eldigitaldeasturias.com\\\/magazine365\",\"nextItem\":{\"@type\":\"ListItem\",\"@id\":\"https:\\\/\\\/eldigitaldeasturias.com\\\/magazine365\\\/category\\\/noticias-actualidad\\\/#listItem\",\"name\":\"Noticias y Actualidad\"}},{\"@type\":\"ListItem\",\"@id\":\"https:\\\/\\\/eldigitaldeasturias.com\\\/magazine365\\\/category\\\/noticias-actualidad\\\/#listItem\",\"position\":2,\"name\":\"Noticias y Actualidad\",\"item\":\"https:\\\/\\\/eldigitaldeasturias.com\\\/magazine365\\\/category\\\/noticias-actualidad\\\/\",\"nextItem\":{\"@type\":\"ListItem\",\"@id\":\"https:\\\/\\\/eldigitaldeasturias.com\\\/magazine365\\\/iag-cree-que-la-salida-de-reino-unido-de-la-ue-no-tendria-un-impacto-material-a-largo-plazo\\\/#listItem\",\"name\":\"IAG cree que la salida de Reino Unido de la UE no tendr\\u00eda un impacto material a largo plazo\"},\"previousItem\":{\"@type\":\"ListItem\",\"@id\":\"https:\\\/\\\/eldigitaldeasturias.com\\\/magazine365#listItem\",\"name\":\"Home\"}},{\"@type\":\"ListItem\",\"@id\":\"https:\\\/\\\/eldigitaldeasturias.com\\\/magazine365\\\/iag-cree-que-la-salida-de-reino-unido-de-la-ue-no-tendria-un-impacto-material-a-largo-plazo\\\/#listItem\",\"position\":3,\"name\":\"IAG cree que la salida de Reino Unido de la UE no tendr\\u00eda un impacto material a largo plazo\",\"previousItem\":{\"@type\":\"ListItem\",\"@id\":\"https:\\\/\\\/eldigitaldeasturias.com\\\/magazine365\\\/category\\\/noticias-actualidad\\\/#listItem\",\"name\":\"Noticias y Actualidad\"}}]},{\"@type\":\"Organization\",\"@id\":\"https:\\\/\\\/eldigitaldeasturias.com\\\/magazine365\\\/#organization\",\"name\":\"El digital de Asturias\",\"description\":\"Revista de ocio, turismo y estilo de vida\",\"url\":\"https:\\\/\\\/eldigitaldeasturias.com\\\/magazine365\\\/\",\"logo\":{\"@type\":\"ImageObject\",\"url\":\"https:\\\/\\\/www.eldigitaldeasturias.com\\\/noticias\\\/wp-content\\\/uploads\\\/2020\\\/12\\\/EDA.jpg\",\"@id\":\"https:\\\/\\\/eldigitaldeasturias.com\\\/magazine365\\\/iag-cree-que-la-salida-de-reino-unido-de-la-ue-no-tendria-un-impacto-material-a-largo-plazo\\\/#organizationLogo\"},\"image\":{\"@id\":\"https:\\\/\\\/eldigitaldeasturias.com\\\/magazine365\\\/iag-cree-que-la-salida-de-reino-unido-de-la-ue-no-tendria-un-impacto-material-a-largo-plazo\\\/#organizationLogo\"}},{\"@type\":\"Person\",\"@id\":\"https:\\\/\\\/eldigitaldeasturias.com\\\/magazine365\\\/author\\\/admin\\\/#author\",\"url\":\"https:\\\/\\\/eldigitaldeasturias.com\\\/magazine365\\\/author\\\/admin\\\/\",\"name\":\"admin\",\"image\":{\"@type\":\"ImageObject\",\"@id\":\"https:\\\/\\\/eldigitaldeasturias.com\\\/magazine365\\\/iag-cree-que-la-salida-de-reino-unido-de-la-ue-no-tendria-un-impacto-material-a-largo-plazo\\\/#authorImage\",\"url\":\"https:\\\/\\\/eldigitaldeasturias.com\\\/magazine365\\\/wp-content\\\/litespeed\\\/avatar\\\/e571bcf59a0edd6fa6838245a470f2fe.jpg?ver=1776969259\",\"width\":96,\"height\":96,\"caption\":\"admin\"}},{\"@type\":\"WebPage\",\"@id\":\"https:\\\/\\\/eldigitaldeasturias.com\\\/magazine365\\\/iag-cree-que-la-salida-de-reino-unido-de-la-ue-no-tendria-un-impacto-material-a-largo-plazo\\\/#webpage\",\"url\":\"https:\\\/\\\/eldigitaldeasturias.com\\\/magazine365\\\/iag-cree-que-la-salida-de-reino-unido-de-la-ue-no-tendria-un-impacto-material-a-largo-plazo\\\/\",\"name\":\"IAG cree que la salida de Reino Unido de la UE no tendr\\u00eda un impacto material a largo plazo | El Digital de Asturias\",\"description\":\"IAG, el 'holding' que agrupa a Iberia, British Airways (BA), Vueling y Aer Lingus, cree que en caso de que Reino Unido decida abandonar la Uni\\u00f3n Europea, a una semana del refer\\u00e9ndum del pr\\u00f3ximo 23 de junio, su salida \\\"no tendr\\u00eda un impacto material en el largo plazo\\\" en su negocio. As\\u00ed lo ha manifestado\",\"inLanguage\":\"es-ES\",\"isPartOf\":{\"@id\":\"https:\\\/\\\/eldigitaldeasturias.com\\\/magazine365\\\/#website\"},\"breadcrumb\":{\"@id\":\"https:\\\/\\\/eldigitaldeasturias.com\\\/magazine365\\\/iag-cree-que-la-salida-de-reino-unido-de-la-ue-no-tendria-un-impacto-material-a-largo-plazo\\\/#breadcrumblist\"},\"author\":{\"@id\":\"https:\\\/\\\/eldigitaldeasturias.com\\\/magazine365\\\/author\\\/admin\\\/#author\"},\"creator\":{\"@id\":\"https:\\\/\\\/eldigitaldeasturias.com\\\/magazine365\\\/author\\\/admin\\\/#author\"},\"image\":{\"@type\":\"ImageObject\",\"url\":\"https:\\\/\\\/eldigitaldeasturias.com\\\/magazine365\\\/wp-content\\\/uploads\\\/2016\\\/06\\\/fotonoticia_20160616134818_800.jpg\",\"@id\":\"https:\\\/\\\/eldigitaldeasturias.com\\\/magazine365\\\/iag-cree-que-la-salida-de-reino-unido-de-la-ue-no-tendria-un-impacto-material-a-largo-plazo\\\/#mainImage\",\"width\":800,\"height\":526},\"primaryImageOfPage\":{\"@id\":\"https:\\\/\\\/eldigitaldeasturias.com\\\/magazine365\\\/iag-cree-que-la-salida-de-reino-unido-de-la-ue-no-tendria-un-impacto-material-a-largo-plazo\\\/#mainImage\"},\"datePublished\":\"2016-06-16T16:17:52+02:00\",\"dateModified\":\"2016-06-16T16:17:52+02:00\"},{\"@type\":\"WebSite\",\"@id\":\"https:\\\/\\\/eldigitaldeasturias.com\\\/magazine365\\\/#website\",\"url\":\"https:\\\/\\\/eldigitaldeasturias.com\\\/magazine365\\\/\",\"name\":\"El Digital de Asturias\",\"description\":\"Revista de ocio, turismo y estilo de vida\",\"inLanguage\":\"es-ES\",\"publisher\":{\"@id\":\"https:\\\/\\\/eldigitaldeasturias.com\\\/magazine365\\\/#organization\"}}]}\n\t\t<\/script>\n\t\t<!-- All in One SEO Pro -->\r\n\t\t<title>IAG cree que la salida de Reino Unido de la UE no tendr\u00eda un impacto material a largo plazo | El Digital de Asturias<\/title>\n\n","aioseo_head_json":{"title":"IAG cree que la salida de Reino Unido de la UE no tendr\u00eda un impacto material a largo plazo | El Digital de Asturias","description":"IAG, el 'holding' que agrupa a Iberia, British Airways (BA), Vueling y Aer Lingus, cree que en caso de que Reino Unido decida abandonar la Uni\u00f3n Europea, a una semana del refer\u00e9ndum del pr\u00f3ximo 23 de junio, su salida \"no tendr\u00eda un impacto material en el largo plazo\" en su negocio. As\u00ed lo ha manifestado","canonical_url":"https:\/\/eldigitaldeasturias.com\/magazine365\/iag-cree-que-la-salida-de-reino-unido-de-la-ue-no-tendria-un-impacto-material-a-largo-plazo\/","robots":"max-image-preview:large","keywords":"noticias y actualidad","webmasterTools":{"google-site-verification":"UA-38556648-1","miscellaneous":""},"schema":{"@context":"https:\/\/schema.org","@graph":[{"@type":"Article","@id":"https:\/\/eldigitaldeasturias.com\/magazine365\/iag-cree-que-la-salida-de-reino-unido-de-la-ue-no-tendria-un-impacto-material-a-largo-plazo\/#article","name":"IAG cree que la salida de Reino Unido de la UE no tendr\u00eda un impacto material a largo plazo | El Digital de Asturias","headline":"IAG cree que la salida de Reino Unido de la UE no tendr\u00eda un impacto material a largo plazo","author":{"@id":"https:\/\/eldigitaldeasturias.com\/magazine365\/author\/admin\/#author"},"publisher":{"@id":"https:\/\/eldigitaldeasturias.com\/magazine365\/#organization"},"image":{"@type":"ImageObject","url":"https:\/\/eldigitaldeasturias.com\/magazine365\/wp-content\/uploads\/2016\/06\/fotonoticia_20160616134818_800.jpg","width":800,"height":526},"datePublished":"2016-06-16T16:17:52+02:00","dateModified":"2016-06-16T16:17:52+02:00","inLanguage":"es-ES","mainEntityOfPage":{"@id":"https:\/\/eldigitaldeasturias.com\/magazine365\/iag-cree-que-la-salida-de-reino-unido-de-la-ue-no-tendria-un-impacto-material-a-largo-plazo\/#webpage"},"isPartOf":{"@id":"https:\/\/eldigitaldeasturias.com\/magazine365\/iag-cree-que-la-salida-de-reino-unido-de-la-ue-no-tendria-un-impacto-material-a-largo-plazo\/#webpage"},"articleSection":"Noticias y Actualidad"},{"@type":"BreadcrumbList","@id":"https:\/\/eldigitaldeasturias.com\/magazine365\/iag-cree-que-la-salida-de-reino-unido-de-la-ue-no-tendria-un-impacto-material-a-largo-plazo\/#breadcrumblist","itemListElement":[{"@type":"ListItem","@id":"https:\/\/eldigitaldeasturias.com\/magazine365#listItem","position":1,"name":"Home","item":"https:\/\/eldigitaldeasturias.com\/magazine365","nextItem":{"@type":"ListItem","@id":"https:\/\/eldigitaldeasturias.com\/magazine365\/category\/noticias-actualidad\/#listItem","name":"Noticias y Actualidad"}},{"@type":"ListItem","@id":"https:\/\/eldigitaldeasturias.com\/magazine365\/category\/noticias-actualidad\/#listItem","position":2,"name":"Noticias y Actualidad","item":"https:\/\/eldigitaldeasturias.com\/magazine365\/category\/noticias-actualidad\/","nextItem":{"@type":"ListItem","@id":"https:\/\/eldigitaldeasturias.com\/magazine365\/iag-cree-que-la-salida-de-reino-unido-de-la-ue-no-tendria-un-impacto-material-a-largo-plazo\/#listItem","name":"IAG cree que la salida de Reino Unido de la UE no tendr\u00eda un impacto material a largo plazo"},"previousItem":{"@type":"ListItem","@id":"https:\/\/eldigitaldeasturias.com\/magazine365#listItem","name":"Home"}},{"@type":"ListItem","@id":"https:\/\/eldigitaldeasturias.com\/magazine365\/iag-cree-que-la-salida-de-reino-unido-de-la-ue-no-tendria-un-impacto-material-a-largo-plazo\/#listItem","position":3,"name":"IAG cree que la salida de Reino Unido de la UE no tendr\u00eda un impacto material a largo plazo","previousItem":{"@type":"ListItem","@id":"https:\/\/eldigitaldeasturias.com\/magazine365\/category\/noticias-actualidad\/#listItem","name":"Noticias y Actualidad"}}]},{"@type":"Organization","@id":"https:\/\/eldigitaldeasturias.com\/magazine365\/#organization","name":"El digital de Asturias","description":"Revista de ocio, turismo y estilo de vida","url":"https:\/\/eldigitaldeasturias.com\/magazine365\/","logo":{"@type":"ImageObject","url":"https:\/\/www.eldigitaldeasturias.com\/noticias\/wp-content\/uploads\/2020\/12\/EDA.jpg","@id":"https:\/\/eldigitaldeasturias.com\/magazine365\/iag-cree-que-la-salida-de-reino-unido-de-la-ue-no-tendria-un-impacto-material-a-largo-plazo\/#organizationLogo"},"image":{"@id":"https:\/\/eldigitaldeasturias.com\/magazine365\/iag-cree-que-la-salida-de-reino-unido-de-la-ue-no-tendria-un-impacto-material-a-largo-plazo\/#organizationLogo"}},{"@type":"Person","@id":"https:\/\/eldigitaldeasturias.com\/magazine365\/author\/admin\/#author","url":"https:\/\/eldigitaldeasturias.com\/magazine365\/author\/admin\/","name":"admin","image":{"@type":"ImageObject","@id":"https:\/\/eldigitaldeasturias.com\/magazine365\/iag-cree-que-la-salida-de-reino-unido-de-la-ue-no-tendria-un-impacto-material-a-largo-plazo\/#authorImage","url":"https:\/\/eldigitaldeasturias.com\/magazine365\/wp-content\/litespeed\/avatar\/e571bcf59a0edd6fa6838245a470f2fe.jpg?ver=1776969259","width":96,"height":96,"caption":"admin"}},{"@type":"WebPage","@id":"https:\/\/eldigitaldeasturias.com\/magazine365\/iag-cree-que-la-salida-de-reino-unido-de-la-ue-no-tendria-un-impacto-material-a-largo-plazo\/#webpage","url":"https:\/\/eldigitaldeasturias.com\/magazine365\/iag-cree-que-la-salida-de-reino-unido-de-la-ue-no-tendria-un-impacto-material-a-largo-plazo\/","name":"IAG cree que la salida de Reino Unido de la UE no tendr\u00eda un impacto material a largo plazo | El Digital de Asturias","description":"IAG, el 'holding' que agrupa a Iberia, British Airways (BA), Vueling y Aer Lingus, cree que en caso de que Reino Unido decida abandonar la Uni\u00f3n Europea, a una semana del refer\u00e9ndum del pr\u00f3ximo 23 de junio, su salida \"no tendr\u00eda un impacto material en el largo plazo\" en su negocio. As\u00ed lo ha manifestado","inLanguage":"es-ES","isPartOf":{"@id":"https:\/\/eldigitaldeasturias.com\/magazine365\/#website"},"breadcrumb":{"@id":"https:\/\/eldigitaldeasturias.com\/magazine365\/iag-cree-que-la-salida-de-reino-unido-de-la-ue-no-tendria-un-impacto-material-a-largo-plazo\/#breadcrumblist"},"author":{"@id":"https:\/\/eldigitaldeasturias.com\/magazine365\/author\/admin\/#author"},"creator":{"@id":"https:\/\/eldigitaldeasturias.com\/magazine365\/author\/admin\/#author"},"image":{"@type":"ImageObject","url":"https:\/\/eldigitaldeasturias.com\/magazine365\/wp-content\/uploads\/2016\/06\/fotonoticia_20160616134818_800.jpg","@id":"https:\/\/eldigitaldeasturias.com\/magazine365\/iag-cree-que-la-salida-de-reino-unido-de-la-ue-no-tendria-un-impacto-material-a-largo-plazo\/#mainImage","width":800,"height":526},"primaryImageOfPage":{"@id":"https:\/\/eldigitaldeasturias.com\/magazine365\/iag-cree-que-la-salida-de-reino-unido-de-la-ue-no-tendria-un-impacto-material-a-largo-plazo\/#mainImage"},"datePublished":"2016-06-16T16:17:52+02:00","dateModified":"2016-06-16T16:17:52+02:00"},{"@type":"WebSite","@id":"https:\/\/eldigitaldeasturias.com\/magazine365\/#website","url":"https:\/\/eldigitaldeasturias.com\/magazine365\/","name":"El Digital de Asturias","description":"Revista de ocio, turismo y estilo de vida","inLanguage":"es-ES","publisher":{"@id":"https:\/\/eldigitaldeasturias.com\/magazine365\/#organization"}}]},"og:locale":"es_ES","og:site_name":"El Digital de Asturias \u2013 Revista de ocio, turismo y estilo de vida","og:type":"article","og:title":"IAG cree que la salida de Reino Unido de la UE no tendr\u00eda un impacto material a largo plazo | El Digital de Asturias","og:description":"IAG, el 'holding' que agrupa a Iberia, British Airways (BA), Vueling y Aer Lingus, cree que en caso de que Reino Unido decida abandonar la Uni\u00f3n Europea, a una semana del refer\u00e9ndum del pr\u00f3ximo 23 de junio, su salida &quot;no tendr\u00eda un impacto material en el largo plazo&quot; en su negocio. As\u00ed lo ha manifestado","og:url":"https:\/\/eldigitaldeasturias.com\/magazine365\/iag-cree-que-la-salida-de-reino-unido-de-la-ue-no-tendria-un-impacto-material-a-largo-plazo\/","og:image":"https:\/\/eldigitaldeasturias.com\/magazine365\/wp-content\/uploads\/2016\/06\/fotonoticia_20160616134818_800.jpg","og:image:secure_url":"https:\/\/eldigitaldeasturias.com\/magazine365\/wp-content\/uploads\/2016\/06\/fotonoticia_20160616134818_800.jpg","og:image:width":800,"og:image:height":526,"article:published_time":"2016-06-16T14:17:52+00:00","article:modified_time":"2016-06-16T14:17:52+00:00","twitter:card":"summary_large_image","twitter:title":"IAG cree que la salida de Reino Unido de la UE no tendr\u00eda un impacto material a largo plazo | El Digital de Asturias","twitter:description":"IAG, el 'holding' que agrupa a Iberia, British Airways (BA), Vueling y Aer Lingus, cree que en caso de que Reino Unido decida abandonar la Uni\u00f3n Europea, a una semana del refer\u00e9ndum del pr\u00f3ximo 23 de junio, su salida &quot;no tendr\u00eda un impacto material en el largo plazo&quot; en su negocio. As\u00ed lo ha manifestado","twitter:image":"https:\/\/eldigitaldeasturias.com\/magazine365\/wp-content\/uploads\/2016\/06\/fotonoticia_20160616134818_800.jpg"},"aioseo_meta_data":{"post_id":"79635","title":null,"description":null,"keywords":null,"keyphrases":null,"primary_term":null,"canonical_url":null,"og_title":null,"og_description":null,"og_object_type":"default","og_image_type":"default","og_image_url":null,"og_image_width":null,"og_image_height":null,"og_image_custom_url":null,"og_image_custom_fields":null,"og_video":null,"og_custom_url":null,"og_article_section":null,"og_article_tags":null,"twitter_use_og":false,"twitter_card":"default","twitter_image_type":"default","twitter_image_url":null,"twitter_image_custom_url":null,"twitter_image_custom_fields":null,"twitter_title":null,"twitter_description":null,"schema":{"blockGraphs":[],"customGraphs":[],"default":{"data":{"Article":[],"Course":[],"Dataset":[],"FAQPage":[],"Movie":[],"Person":[],"Product":[],"ProductReview":[],"Car":[],"Recipe":[],"Service":[],"SoftwareApplication":[],"WebPage":[]},"graphName":"","isEnabled":true},"graphs":[],"defaultGraph":"","defaultPostTypeGraph":""},"schema_type":null,"schema_type_options":null,"pillar_content":false,"robots_default":true,"robots_noindex":false,"robots_noarchive":false,"robots_nosnippet":false,"robots_nofollow":false,"robots_noimageindex":false,"robots_noodp":false,"robots_notranslate":false,"robots_max_snippet":null,"robots_max_videopreview":null,"robots_max_imagepreview":"large","priority":null,"frequency":null,"location":null,"local_seo":null,"seo_analyzer_scan_date":"2025-09-27 19:16:57","breadcrumb_settings":null,"limit_modified_date":false,"open_ai":null,"ai":null,"created":"2021-03-08 17:45:23","updated":"2025-09-27 19:16:57"},"aioseo_breadcrumb":"<div class=\"aioseo-breadcrumbs\"><span class=\"aioseo-breadcrumb\">\n\t<a href=\"https:\/\/eldigitaldeasturias.com\/magazine365\" title=\"Home\">Home<\/a>\n<\/span><span class=\"aioseo-breadcrumb-separator\">\u2013<\/span><span class=\"aioseo-breadcrumb\">\n\t<a href=\"https:\/\/eldigitaldeasturias.com\/magazine365\/category\/noticias-actualidad\/\" title=\"Noticias y Actualidad\">Noticias y Actualidad<\/a>\n<\/span><span class=\"aioseo-breadcrumb-separator\">\u2013<\/span><span class=\"aioseo-breadcrumb\">\n\t<a href=\"https:\/\/eldigitaldeasturias.com\/magazine365\/iag-cree-que-la-salida-de-reino-unido-de-la-ue-no-tendria-un-impacto-material-a-largo-plazo\/\" title=\"IAG cree que la salida de Reino Unido de la UE no tendr\u00eda un impacto material a largo plazo\">IAG cree que la salida de Reino Unido de la UE no tendr\u00eda un impacto material a largo plazo<\/a>\n<\/span><\/div>","aioseo_breadcrumb_json":[{"label":"Home","link":"https:\/\/eldigitaldeasturias.com\/magazine365"},{"label":"Noticias y Actualidad","link":"https:\/\/eldigitaldeasturias.com\/magazine365\/category\/noticias-actualidad\/"},{"label":"IAG cree que la salida de Reino Unido de la UE no tendr\u00eda un impacto material a largo plazo","link":"https:\/\/eldigitaldeasturias.com\/magazine365\/iag-cree-que-la-salida-de-reino-unido-de-la-ue-no-tendria-un-impacto-material-a-largo-plazo\/"}],"_links":{"self":[{"href":"https:\/\/eldigitaldeasturias.com\/magazine365\/wp-json\/wp\/v2\/posts\/79635","targetHints":{"allow":["GET"]}}],"collection":[{"href":"https:\/\/eldigitaldeasturias.com\/magazine365\/wp-json\/wp\/v2\/posts"}],"about":[{"href":"https:\/\/eldigitaldeasturias.com\/magazine365\/wp-json\/wp\/v2\/types\/post"}],"author":[{"embeddable":true,"href":"https:\/\/eldigitaldeasturias.com\/magazine365\/wp-json\/wp\/v2\/users\/1"}],"replies":[{"embeddable":true,"href":"https:\/\/eldigitaldeasturias.com\/magazine365\/wp-json\/wp\/v2\/comments?post=79635"}],"version-history":[{"count":0,"href":"https:\/\/eldigitaldeasturias.com\/magazine365\/wp-json\/wp\/v2\/posts\/79635\/revisions"}],"wp:featuredmedia":[{"embeddable":true,"href":"https:\/\/eldigitaldeasturias.com\/magazine365\/wp-json\/wp\/v2\/media\/79636"}],"wp:attachment":[{"href":"https:\/\/eldigitaldeasturias.com\/magazine365\/wp-json\/wp\/v2\/media?parent=79635"}],"wp:term":[{"taxonomy":"category","embeddable":true,"href":"https:\/\/eldigitaldeasturias.com\/magazine365\/wp-json\/wp\/v2\/categories?post=79635"},{"taxonomy":"post_tag","embeddable":true,"href":"https:\/\/eldigitaldeasturias.com\/magazine365\/wp-json\/wp\/v2\/tags?post=79635"}],"curies":[{"name":"wp","href":"https:\/\/api.w.org\/{rel}","templated":true}]}}