{"id":79621,"date":"2016-06-16T13:28:58","date_gmt":"2016-06-16T11:28:58","guid":{"rendered":"http:\/\/eldigitaldeasturias.com\/magazine365\/?p=79621"},"modified":"2016-06-16T13:28:58","modified_gmt":"2016-06-16T11:28:58","slug":"ana-beriain-reelegida-presidenta-de-la-federacion-espanola-de-empresarios-de-campings","status":"publish","type":"post","link":"https:\/\/eldigitaldeasturias.com\/magazine365\/ana-beriain-reelegida-presidenta-de-la-federacion-espanola-de-empresarios-de-campings\/","title":{"rendered":"Ana Beriain, reelegida presidenta de la Federaci\u00f3n Espa\u00f1ola de Empresarios de Campings"},"content":{"rendered":"<p><img fetchpriority=\"high\" decoding=\"async\" class=\"alignleft size-medium wp-image-79622\" src=\"https:\/\/eldigitaldeasturias.com\/magazine365\/wp-content\/uploads\/2016\/06\/fotonoticia_20160616112933_800-360x270.jpg\" alt=\"fotonoticia_20160616112933_800\" width=\"360\" height=\"270\" srcset=\"https:\/\/eldigitaldeasturias.com\/magazine365\/wp-content\/uploads\/2016\/06\/fotonoticia_20160616112933_800-360x270.jpg 360w, https:\/\/eldigitaldeasturias.com\/magazine365\/wp-content\/uploads\/2016\/06\/fotonoticia_20160616112933_800-650x488.jpg 650w, https:\/\/eldigitaldeasturias.com\/magazine365\/wp-content\/uploads\/2016\/06\/fotonoticia_20160616112933_800-768x576.jpg 768w, https:\/\/eldigitaldeasturias.com\/magazine365\/wp-content\/uploads\/2016\/06\/fotonoticia_20160616112933_800-150x113.jpg 150w, https:\/\/eldigitaldeasturias.com\/magazine365\/wp-content\/uploads\/2016\/06\/fotonoticia_20160616112933_800-450x338.jpg 450w, https:\/\/eldigitaldeasturias.com\/magazine365\/wp-content\/uploads\/2016\/06\/fotonoticia_20160616112933_800-90x67.jpg 90w, https:\/\/eldigitaldeasturias.com\/magazine365\/wp-content\/uploads\/2016\/06\/fotonoticia_20160616112933_800-164x124.jpg 164w, https:\/\/eldigitaldeasturias.com\/magazine365\/wp-content\/uploads\/2016\/06\/fotonoticia_20160616112933_800-100x75.jpg 100w, https:\/\/eldigitaldeasturias.com\/magazine365\/wp-content\/uploads\/2016\/06\/fotonoticia_20160616112933_800.jpg 800w\" sizes=\"(max-width: 360px) 100vw, 360px\" \/>Ana Beriain ha sido reelegida por segunda vez consecutiva y, por amplia mayor\u00eda, como presidenta de la Federaci\u00f3n Espa\u00f1ola de Empresarios de Campings (FEEC), durante la asamblea general extraordinaria celebrada ayer en Madrid, seg\u00fan inform\u00f3 la asociaci\u00f3n.<\/p>\n<p>Beriain (Bilbao, 1966) cuenta con una amplia experiencia en la gesti\u00f3n empresarial y es desde hace 18 a\u00f1os la presidenta de la Asociaci\u00f3n de Campings de Navarra, vocal desde 2003 de la C\u00e1mara de Comercio de Navarra y presidenta, tambi\u00e9n desde 2003, de la Asociaci\u00f3n de Empresarios de Hosteler\u00eda de Navarra.<\/p>\n<p>Adem\u00e1s, durante los \u00faltimos cuatro a\u00f1os, ha sido la cabeza visible del sector del camping nacional ante la Administraci\u00f3n, instituciones y asociaciones.<\/p>\n<p>Durante los primeros cuatro a\u00f1os de su mandato (2012-2016), Beriain lider\u00f3 la patronal durante la recuperaci\u00f3n del sector tras m\u00e1s de ocho a\u00f1os de profunda crisis con la integraci\u00f3n, por ejemplo, de la FEEC en la Confederaci\u00f3n Espa\u00f1ola de Hoteles y Alojamientos Tur\u00edsticos (CEHAT), potenciando las relaciones institucionales con Turespa\u00f1a y distintas Secretar\u00edas de Estado.<\/p>\n<p>Asimismo, se cre\u00f3 bajo su mandato la tarjeta Camping Key Europe y se contribuy\u00f3 a consolidar la imagen del sector con la instauraci\u00f3n del D\u00eda Nacional del Camping, entre otros muchos logros.<\/p>\n<p>A nivel personal, Beriain se cri\u00f3 y form\u00f3 profesionalmente en el camping familiar El Molino en Mendigorr\u00eda (Navarra). Tras el fallecimiento de su padre, asumi\u00f3 la direcci\u00f3n y desde entonces ha introducido continuas mejoras en el establecimiento hasta convertirlo en uno de los campings navarros m\u00e1s internacionales.<\/p>\n<h2 class=\"ladillo\">LOS NUEVOS RETOS<\/h2>\n<p>Tras su reelecci\u00f3n, Beriain y su Comit\u00e9 Ejecutivo, integrado por representantes de las distintas Asociaciones nacionales, se han marcado como objetivos fundamentales consolidar la recuperaci\u00f3n definitiva del sector, establecer relaciones con otros sectores empresariales afines, promocionar la marca \u00abcamping\u00bb a trav\u00e9s de Internet y las redes sociales e introducir energ\u00edas alternativas en el sector.<\/p>\n<p>Tambi\u00e9n se va a trabajar especialmente en potenciar las relaciones con las distintas Administraciones nacionales y locales y, sobre todo, dar a conocer al mercado tur\u00edstico nacional e internacional las m\u00faltiples ventajas de un sector que ya es la 2\u00aa oferta alojativa vacacional por detr\u00e1s \u00fanicamente de los hoteles.<\/p>\n<p>\u00abLlevamos dos a\u00f1os posicionando el sector donde se merece. Cada vez son m\u00e1s las familias espa\u00f1olas que descubren las ventajas de pasar las vacaciones en un camping pero todav\u00eda queda mucho trabajo por hacer\u00bb, ha afirmado Beriain.<\/p>\n","protected":false},"excerpt":{"rendered":"<p>Ana Beriain ha sido reelegida por segunda vez consecutiva y, por amplia mayor\u00eda, como presidenta de la Federaci\u00f3n Espa\u00f1ola de Empresarios de Campings (FEEC), durante la asamblea general extraordinaria celebrada ayer en Madrid, seg\u00fan inform\u00f3 la asociaci\u00f3n. Beriain (Bilbao, 1966) cuenta con una amplia experiencia en la gesti\u00f3n empresarial y es desde hace 18 a\u00f1os<\/p>\n","protected":false},"author":1,"featured_media":79622,"comment_status":"open","ping_status":"closed","sticky":false,"template":"","format":"standard","meta":{"footnotes":""},"categories":[224],"tags":[],"class_list":{"0":"post-79621","1":"post","2":"type-post","3":"status-publish","4":"format-standard","5":"has-post-thumbnail","7":"category-noticias-actualidad"},"aioseo_notices":[],"aioseo_head":"\n\t\t<!-- All in One SEO Pro 4.9.6.1 - aioseo.com -->\n\t<meta name=\"description\" content=\"Ana Beriain ha sido reelegida por segunda vez consecutiva y, por amplia mayor\u00eda, como presidenta de la Federaci\u00f3n Espa\u00f1ola de Empresarios de Campings (FEEC), durante la asamblea general extraordinaria celebrada ayer en Madrid, seg\u00fan inform\u00f3 la asociaci\u00f3n. Beriain (Bilbao, 1966) cuenta con una amplia experiencia en la gesti\u00f3n empresarial y es desde hace 18 a\u00f1os\" \/>\n\t<meta name=\"robots\" content=\"max-image-preview:large\" \/>\n\t<meta name=\"author\" content=\"admin\"\/>\n\t<meta name=\"google-site-verification\" content=\"UA-38556648-1\" \/>\n\t<meta name=\"keywords\" content=\"noticias y actualidad\" \/>\n\t<link rel=\"canonical\" href=\"https:\/\/eldigitaldeasturias.com\/magazine365\/ana-beriain-reelegida-presidenta-de-la-federacion-espanola-de-empresarios-de-campings\/\" \/>\n\t<meta name=\"generator\" content=\"All in One SEO Pro (AIOSEO) 4.9.6.1\" \/>\n\t\t<meta property=\"og:locale\" content=\"es_ES\" \/>\n\t\t<meta property=\"og:site_name\" content=\"El Digital de Asturias \u2013 Revista de ocio, turismo y estilo de vida\" \/>\n\t\t<meta property=\"og:type\" content=\"article\" \/>\n\t\t<meta property=\"og:title\" content=\"Ana Beriain, reelegida presidenta de la Federaci\u00f3n Espa\u00f1ola de Empresarios de Campings | El Digital de Asturias\" \/>\n\t\t<meta property=\"og:description\" content=\"Ana Beriain ha sido reelegida por segunda vez consecutiva y, por amplia mayor\u00eda, como presidenta de la Federaci\u00f3n Espa\u00f1ola de Empresarios de Campings (FEEC), durante la asamblea general extraordinaria celebrada ayer en Madrid, seg\u00fan inform\u00f3 la asociaci\u00f3n. Beriain (Bilbao, 1966) cuenta con una amplia experiencia en la gesti\u00f3n empresarial y es desde hace 18 a\u00f1os\" \/>\n\t\t<meta property=\"og:url\" content=\"https:\/\/eldigitaldeasturias.com\/magazine365\/ana-beriain-reelegida-presidenta-de-la-federacion-espanola-de-empresarios-de-campings\/\" \/>\n\t\t<meta property=\"og:image\" content=\"https:\/\/eldigitaldeasturias.com\/magazine365\/wp-content\/uploads\/2016\/06\/fotonoticia_20160616112933_800.jpg\" \/>\n\t\t<meta property=\"og:image:secure_url\" content=\"https:\/\/eldigitaldeasturias.com\/magazine365\/wp-content\/uploads\/2016\/06\/fotonoticia_20160616112933_800.jpg\" \/>\n\t\t<meta property=\"og:image:width\" content=\"800\" \/>\n\t\t<meta property=\"og:image:height\" content=\"600\" \/>\n\t\t<meta property=\"article:published_time\" content=\"2016-06-16T11:28:58+00:00\" \/>\n\t\t<meta property=\"article:modified_time\" content=\"2016-06-16T11:28:58+00:00\" \/>\n\t\t<meta name=\"twitter:card\" content=\"summary_large_image\" \/>\n\t\t<meta name=\"twitter:title\" content=\"Ana Beriain, reelegida presidenta de la Federaci\u00f3n Espa\u00f1ola de Empresarios de Campings | El Digital de Asturias\" \/>\n\t\t<meta name=\"twitter:description\" content=\"Ana Beriain ha sido reelegida por segunda vez consecutiva y, por amplia mayor\u00eda, como presidenta de la Federaci\u00f3n Espa\u00f1ola de Empresarios de Campings (FEEC), durante la asamblea general extraordinaria celebrada ayer en Madrid, seg\u00fan inform\u00f3 la asociaci\u00f3n. Beriain (Bilbao, 1966) cuenta con una amplia experiencia en la gesti\u00f3n empresarial y es desde hace 18 a\u00f1os\" \/>\n\t\t<meta name=\"twitter:image\" content=\"https:\/\/eldigitaldeasturias.com\/magazine365\/wp-content\/uploads\/2016\/06\/fotonoticia_20160616112933_800.jpg\" \/>\n\t\t<script type=\"application\/ld+json\" class=\"aioseo-schema\">\n\t\t\t{\"@context\":\"https:\\\/\\\/schema.org\",\"@graph\":[{\"@type\":\"Article\",\"@id\":\"https:\\\/\\\/eldigitaldeasturias.com\\\/magazine365\\\/ana-beriain-reelegida-presidenta-de-la-federacion-espanola-de-empresarios-de-campings\\\/#article\",\"name\":\"Ana Beriain, reelegida presidenta de la Federaci\\u00f3n Espa\\u00f1ola de Empresarios de Campings | El Digital de Asturias\",\"headline\":\"Ana Beriain, reelegida presidenta de la Federaci\\u00f3n Espa\\u00f1ola de Empresarios de Campings\",\"author\":{\"@id\":\"https:\\\/\\\/eldigitaldeasturias.com\\\/magazine365\\\/author\\\/admin\\\/#author\"},\"publisher\":{\"@id\":\"https:\\\/\\\/eldigitaldeasturias.com\\\/magazine365\\\/#organization\"},\"image\":{\"@type\":\"ImageObject\",\"url\":\"https:\\\/\\\/eldigitaldeasturias.com\\\/magazine365\\\/wp-content\\\/uploads\\\/2016\\\/06\\\/fotonoticia_20160616112933_800.jpg\",\"width\":800,\"height\":600},\"datePublished\":\"2016-06-16T13:28:58+02:00\",\"dateModified\":\"2016-06-16T13:28:58+02:00\",\"inLanguage\":\"es-ES\",\"mainEntityOfPage\":{\"@id\":\"https:\\\/\\\/eldigitaldeasturias.com\\\/magazine365\\\/ana-beriain-reelegida-presidenta-de-la-federacion-espanola-de-empresarios-de-campings\\\/#webpage\"},\"isPartOf\":{\"@id\":\"https:\\\/\\\/eldigitaldeasturias.com\\\/magazine365\\\/ana-beriain-reelegida-presidenta-de-la-federacion-espanola-de-empresarios-de-campings\\\/#webpage\"},\"articleSection\":\"Noticias y Actualidad\"},{\"@type\":\"BreadcrumbList\",\"@id\":\"https:\\\/\\\/eldigitaldeasturias.com\\\/magazine365\\\/ana-beriain-reelegida-presidenta-de-la-federacion-espanola-de-empresarios-de-campings\\\/#breadcrumblist\",\"itemListElement\":[{\"@type\":\"ListItem\",\"@id\":\"https:\\\/\\\/eldigitaldeasturias.com\\\/magazine365#listItem\",\"position\":1,\"name\":\"Home\",\"item\":\"https:\\\/\\\/eldigitaldeasturias.com\\\/magazine365\",\"nextItem\":{\"@type\":\"ListItem\",\"@id\":\"https:\\\/\\\/eldigitaldeasturias.com\\\/magazine365\\\/category\\\/noticias-actualidad\\\/#listItem\",\"name\":\"Noticias y Actualidad\"}},{\"@type\":\"ListItem\",\"@id\":\"https:\\\/\\\/eldigitaldeasturias.com\\\/magazine365\\\/category\\\/noticias-actualidad\\\/#listItem\",\"position\":2,\"name\":\"Noticias y Actualidad\",\"item\":\"https:\\\/\\\/eldigitaldeasturias.com\\\/magazine365\\\/category\\\/noticias-actualidad\\\/\",\"nextItem\":{\"@type\":\"ListItem\",\"@id\":\"https:\\\/\\\/eldigitaldeasturias.com\\\/magazine365\\\/ana-beriain-reelegida-presidenta-de-la-federacion-espanola-de-empresarios-de-campings\\\/#listItem\",\"name\":\"Ana Beriain, reelegida presidenta de la Federaci\\u00f3n Espa\\u00f1ola de Empresarios de Campings\"},\"previousItem\":{\"@type\":\"ListItem\",\"@id\":\"https:\\\/\\\/eldigitaldeasturias.com\\\/magazine365#listItem\",\"name\":\"Home\"}},{\"@type\":\"ListItem\",\"@id\":\"https:\\\/\\\/eldigitaldeasturias.com\\\/magazine365\\\/ana-beriain-reelegida-presidenta-de-la-federacion-espanola-de-empresarios-de-campings\\\/#listItem\",\"position\":3,\"name\":\"Ana Beriain, reelegida presidenta de la Federaci\\u00f3n Espa\\u00f1ola de Empresarios de Campings\",\"previousItem\":{\"@type\":\"ListItem\",\"@id\":\"https:\\\/\\\/eldigitaldeasturias.com\\\/magazine365\\\/category\\\/noticias-actualidad\\\/#listItem\",\"name\":\"Noticias y Actualidad\"}}]},{\"@type\":\"Organization\",\"@id\":\"https:\\\/\\\/eldigitaldeasturias.com\\\/magazine365\\\/#organization\",\"name\":\"El digital de Asturias\",\"description\":\"Revista de ocio, turismo y estilo de vida\",\"url\":\"https:\\\/\\\/eldigitaldeasturias.com\\\/magazine365\\\/\",\"logo\":{\"@type\":\"ImageObject\",\"url\":\"https:\\\/\\\/www.eldigitaldeasturias.com\\\/noticias\\\/wp-content\\\/uploads\\\/2020\\\/12\\\/EDA.jpg\",\"@id\":\"https:\\\/\\\/eldigitaldeasturias.com\\\/magazine365\\\/ana-beriain-reelegida-presidenta-de-la-federacion-espanola-de-empresarios-de-campings\\\/#organizationLogo\"},\"image\":{\"@id\":\"https:\\\/\\\/eldigitaldeasturias.com\\\/magazine365\\\/ana-beriain-reelegida-presidenta-de-la-federacion-espanola-de-empresarios-de-campings\\\/#organizationLogo\"}},{\"@type\":\"Person\",\"@id\":\"https:\\\/\\\/eldigitaldeasturias.com\\\/magazine365\\\/author\\\/admin\\\/#author\",\"url\":\"https:\\\/\\\/eldigitaldeasturias.com\\\/magazine365\\\/author\\\/admin\\\/\",\"name\":\"admin\",\"image\":{\"@type\":\"ImageObject\",\"@id\":\"https:\\\/\\\/eldigitaldeasturias.com\\\/magazine365\\\/ana-beriain-reelegida-presidenta-de-la-federacion-espanola-de-empresarios-de-campings\\\/#authorImage\",\"url\":\"https:\\\/\\\/eldigitaldeasturias.com\\\/magazine365\\\/wp-content\\\/litespeed\\\/avatar\\\/e571bcf59a0edd6fa6838245a470f2fe.jpg?ver=1776969259\",\"width\":96,\"height\":96,\"caption\":\"admin\"}},{\"@type\":\"WebPage\",\"@id\":\"https:\\\/\\\/eldigitaldeasturias.com\\\/magazine365\\\/ana-beriain-reelegida-presidenta-de-la-federacion-espanola-de-empresarios-de-campings\\\/#webpage\",\"url\":\"https:\\\/\\\/eldigitaldeasturias.com\\\/magazine365\\\/ana-beriain-reelegida-presidenta-de-la-federacion-espanola-de-empresarios-de-campings\\\/\",\"name\":\"Ana Beriain, reelegida presidenta de la Federaci\\u00f3n Espa\\u00f1ola de Empresarios de Campings | El Digital de Asturias\",\"description\":\"Ana Beriain ha sido reelegida por segunda vez consecutiva y, por amplia mayor\\u00eda, como presidenta de la Federaci\\u00f3n Espa\\u00f1ola de Empresarios de Campings (FEEC), durante la asamblea general extraordinaria celebrada ayer en Madrid, seg\\u00fan inform\\u00f3 la asociaci\\u00f3n. Beriain (Bilbao, 1966) cuenta con una amplia experiencia en la gesti\\u00f3n empresarial y es desde hace 18 a\\u00f1os\",\"inLanguage\":\"es-ES\",\"isPartOf\":{\"@id\":\"https:\\\/\\\/eldigitaldeasturias.com\\\/magazine365\\\/#website\"},\"breadcrumb\":{\"@id\":\"https:\\\/\\\/eldigitaldeasturias.com\\\/magazine365\\\/ana-beriain-reelegida-presidenta-de-la-federacion-espanola-de-empresarios-de-campings\\\/#breadcrumblist\"},\"author\":{\"@id\":\"https:\\\/\\\/eldigitaldeasturias.com\\\/magazine365\\\/author\\\/admin\\\/#author\"},\"creator\":{\"@id\":\"https:\\\/\\\/eldigitaldeasturias.com\\\/magazine365\\\/author\\\/admin\\\/#author\"},\"image\":{\"@type\":\"ImageObject\",\"url\":\"https:\\\/\\\/eldigitaldeasturias.com\\\/magazine365\\\/wp-content\\\/uploads\\\/2016\\\/06\\\/fotonoticia_20160616112933_800.jpg\",\"@id\":\"https:\\\/\\\/eldigitaldeasturias.com\\\/magazine365\\\/ana-beriain-reelegida-presidenta-de-la-federacion-espanola-de-empresarios-de-campings\\\/#mainImage\",\"width\":800,\"height\":600},\"primaryImageOfPage\":{\"@id\":\"https:\\\/\\\/eldigitaldeasturias.com\\\/magazine365\\\/ana-beriain-reelegida-presidenta-de-la-federacion-espanola-de-empresarios-de-campings\\\/#mainImage\"},\"datePublished\":\"2016-06-16T13:28:58+02:00\",\"dateModified\":\"2016-06-16T13:28:58+02:00\"},{\"@type\":\"WebSite\",\"@id\":\"https:\\\/\\\/eldigitaldeasturias.com\\\/magazine365\\\/#website\",\"url\":\"https:\\\/\\\/eldigitaldeasturias.com\\\/magazine365\\\/\",\"name\":\"El Digital de Asturias\",\"description\":\"Revista de ocio, turismo y estilo de vida\",\"inLanguage\":\"es-ES\",\"publisher\":{\"@id\":\"https:\\\/\\\/eldigitaldeasturias.com\\\/magazine365\\\/#organization\"}}]}\n\t\t<\/script>\n\t\t<!-- All in One SEO Pro -->\r\n\t\t<title>Ana Beriain, reelegida presidenta de la Federaci\u00f3n Espa\u00f1ola de Empresarios de Campings | El Digital de Asturias<\/title>\n\n","aioseo_head_json":{"title":"Ana Beriain, reelegida presidenta de la Federaci\u00f3n Espa\u00f1ola de Empresarios de Campings | El Digital de Asturias","description":"Ana Beriain ha sido reelegida por segunda vez consecutiva y, por amplia mayor\u00eda, como presidenta de la Federaci\u00f3n Espa\u00f1ola de Empresarios de Campings (FEEC), durante la asamblea general extraordinaria celebrada ayer en Madrid, seg\u00fan inform\u00f3 la asociaci\u00f3n. Beriain (Bilbao, 1966) cuenta con una amplia experiencia en la gesti\u00f3n empresarial y es desde hace 18 a\u00f1os","canonical_url":"https:\/\/eldigitaldeasturias.com\/magazine365\/ana-beriain-reelegida-presidenta-de-la-federacion-espanola-de-empresarios-de-campings\/","robots":"max-image-preview:large","keywords":"noticias y actualidad","webmasterTools":{"google-site-verification":"UA-38556648-1","miscellaneous":""},"schema":{"@context":"https:\/\/schema.org","@graph":[{"@type":"Article","@id":"https:\/\/eldigitaldeasturias.com\/magazine365\/ana-beriain-reelegida-presidenta-de-la-federacion-espanola-de-empresarios-de-campings\/#article","name":"Ana Beriain, reelegida presidenta de la Federaci\u00f3n Espa\u00f1ola de Empresarios de Campings | El Digital de Asturias","headline":"Ana Beriain, reelegida presidenta de la Federaci\u00f3n Espa\u00f1ola de Empresarios de Campings","author":{"@id":"https:\/\/eldigitaldeasturias.com\/magazine365\/author\/admin\/#author"},"publisher":{"@id":"https:\/\/eldigitaldeasturias.com\/magazine365\/#organization"},"image":{"@type":"ImageObject","url":"https:\/\/eldigitaldeasturias.com\/magazine365\/wp-content\/uploads\/2016\/06\/fotonoticia_20160616112933_800.jpg","width":800,"height":600},"datePublished":"2016-06-16T13:28:58+02:00","dateModified":"2016-06-16T13:28:58+02:00","inLanguage":"es-ES","mainEntityOfPage":{"@id":"https:\/\/eldigitaldeasturias.com\/magazine365\/ana-beriain-reelegida-presidenta-de-la-federacion-espanola-de-empresarios-de-campings\/#webpage"},"isPartOf":{"@id":"https:\/\/eldigitaldeasturias.com\/magazine365\/ana-beriain-reelegida-presidenta-de-la-federacion-espanola-de-empresarios-de-campings\/#webpage"},"articleSection":"Noticias y Actualidad"},{"@type":"BreadcrumbList","@id":"https:\/\/eldigitaldeasturias.com\/magazine365\/ana-beriain-reelegida-presidenta-de-la-federacion-espanola-de-empresarios-de-campings\/#breadcrumblist","itemListElement":[{"@type":"ListItem","@id":"https:\/\/eldigitaldeasturias.com\/magazine365#listItem","position":1,"name":"Home","item":"https:\/\/eldigitaldeasturias.com\/magazine365","nextItem":{"@type":"ListItem","@id":"https:\/\/eldigitaldeasturias.com\/magazine365\/category\/noticias-actualidad\/#listItem","name":"Noticias y Actualidad"}},{"@type":"ListItem","@id":"https:\/\/eldigitaldeasturias.com\/magazine365\/category\/noticias-actualidad\/#listItem","position":2,"name":"Noticias y Actualidad","item":"https:\/\/eldigitaldeasturias.com\/magazine365\/category\/noticias-actualidad\/","nextItem":{"@type":"ListItem","@id":"https:\/\/eldigitaldeasturias.com\/magazine365\/ana-beriain-reelegida-presidenta-de-la-federacion-espanola-de-empresarios-de-campings\/#listItem","name":"Ana Beriain, reelegida presidenta de la Federaci\u00f3n Espa\u00f1ola de Empresarios de Campings"},"previousItem":{"@type":"ListItem","@id":"https:\/\/eldigitaldeasturias.com\/magazine365#listItem","name":"Home"}},{"@type":"ListItem","@id":"https:\/\/eldigitaldeasturias.com\/magazine365\/ana-beriain-reelegida-presidenta-de-la-federacion-espanola-de-empresarios-de-campings\/#listItem","position":3,"name":"Ana Beriain, reelegida presidenta de la Federaci\u00f3n Espa\u00f1ola de Empresarios de Campings","previousItem":{"@type":"ListItem","@id":"https:\/\/eldigitaldeasturias.com\/magazine365\/category\/noticias-actualidad\/#listItem","name":"Noticias y Actualidad"}}]},{"@type":"Organization","@id":"https:\/\/eldigitaldeasturias.com\/magazine365\/#organization","name":"El digital de Asturias","description":"Revista de ocio, turismo y estilo de vida","url":"https:\/\/eldigitaldeasturias.com\/magazine365\/","logo":{"@type":"ImageObject","url":"https:\/\/www.eldigitaldeasturias.com\/noticias\/wp-content\/uploads\/2020\/12\/EDA.jpg","@id":"https:\/\/eldigitaldeasturias.com\/magazine365\/ana-beriain-reelegida-presidenta-de-la-federacion-espanola-de-empresarios-de-campings\/#organizationLogo"},"image":{"@id":"https:\/\/eldigitaldeasturias.com\/magazine365\/ana-beriain-reelegida-presidenta-de-la-federacion-espanola-de-empresarios-de-campings\/#organizationLogo"}},{"@type":"Person","@id":"https:\/\/eldigitaldeasturias.com\/magazine365\/author\/admin\/#author","url":"https:\/\/eldigitaldeasturias.com\/magazine365\/author\/admin\/","name":"admin","image":{"@type":"ImageObject","@id":"https:\/\/eldigitaldeasturias.com\/magazine365\/ana-beriain-reelegida-presidenta-de-la-federacion-espanola-de-empresarios-de-campings\/#authorImage","url":"https:\/\/eldigitaldeasturias.com\/magazine365\/wp-content\/litespeed\/avatar\/e571bcf59a0edd6fa6838245a470f2fe.jpg?ver=1776969259","width":96,"height":96,"caption":"admin"}},{"@type":"WebPage","@id":"https:\/\/eldigitaldeasturias.com\/magazine365\/ana-beriain-reelegida-presidenta-de-la-federacion-espanola-de-empresarios-de-campings\/#webpage","url":"https:\/\/eldigitaldeasturias.com\/magazine365\/ana-beriain-reelegida-presidenta-de-la-federacion-espanola-de-empresarios-de-campings\/","name":"Ana Beriain, reelegida presidenta de la Federaci\u00f3n Espa\u00f1ola de Empresarios de Campings | El Digital de Asturias","description":"Ana Beriain ha sido reelegida por segunda vez consecutiva y, por amplia mayor\u00eda, como presidenta de la Federaci\u00f3n Espa\u00f1ola de Empresarios de Campings (FEEC), durante la asamblea general extraordinaria celebrada ayer en Madrid, seg\u00fan inform\u00f3 la asociaci\u00f3n. Beriain (Bilbao, 1966) cuenta con una amplia experiencia en la gesti\u00f3n empresarial y es desde hace 18 a\u00f1os","inLanguage":"es-ES","isPartOf":{"@id":"https:\/\/eldigitaldeasturias.com\/magazine365\/#website"},"breadcrumb":{"@id":"https:\/\/eldigitaldeasturias.com\/magazine365\/ana-beriain-reelegida-presidenta-de-la-federacion-espanola-de-empresarios-de-campings\/#breadcrumblist"},"author":{"@id":"https:\/\/eldigitaldeasturias.com\/magazine365\/author\/admin\/#author"},"creator":{"@id":"https:\/\/eldigitaldeasturias.com\/magazine365\/author\/admin\/#author"},"image":{"@type":"ImageObject","url":"https:\/\/eldigitaldeasturias.com\/magazine365\/wp-content\/uploads\/2016\/06\/fotonoticia_20160616112933_800.jpg","@id":"https:\/\/eldigitaldeasturias.com\/magazine365\/ana-beriain-reelegida-presidenta-de-la-federacion-espanola-de-empresarios-de-campings\/#mainImage","width":800,"height":600},"primaryImageOfPage":{"@id":"https:\/\/eldigitaldeasturias.com\/magazine365\/ana-beriain-reelegida-presidenta-de-la-federacion-espanola-de-empresarios-de-campings\/#mainImage"},"datePublished":"2016-06-16T13:28:58+02:00","dateModified":"2016-06-16T13:28:58+02:00"},{"@type":"WebSite","@id":"https:\/\/eldigitaldeasturias.com\/magazine365\/#website","url":"https:\/\/eldigitaldeasturias.com\/magazine365\/","name":"El Digital de Asturias","description":"Revista de ocio, turismo y estilo de vida","inLanguage":"es-ES","publisher":{"@id":"https:\/\/eldigitaldeasturias.com\/magazine365\/#organization"}}]},"og:locale":"es_ES","og:site_name":"El Digital de Asturias \u2013 Revista de ocio, turismo y estilo de vida","og:type":"article","og:title":"Ana Beriain, reelegida presidenta de la Federaci\u00f3n Espa\u00f1ola de Empresarios de Campings | El Digital de Asturias","og:description":"Ana Beriain ha sido reelegida por segunda vez consecutiva y, por amplia mayor\u00eda, como presidenta de la Federaci\u00f3n Espa\u00f1ola de Empresarios de Campings (FEEC), durante la asamblea general extraordinaria celebrada ayer en Madrid, seg\u00fan inform\u00f3 la asociaci\u00f3n. Beriain (Bilbao, 1966) cuenta con una amplia experiencia en la gesti\u00f3n empresarial y es desde hace 18 a\u00f1os","og:url":"https:\/\/eldigitaldeasturias.com\/magazine365\/ana-beriain-reelegida-presidenta-de-la-federacion-espanola-de-empresarios-de-campings\/","og:image":"https:\/\/eldigitaldeasturias.com\/magazine365\/wp-content\/uploads\/2016\/06\/fotonoticia_20160616112933_800.jpg","og:image:secure_url":"https:\/\/eldigitaldeasturias.com\/magazine365\/wp-content\/uploads\/2016\/06\/fotonoticia_20160616112933_800.jpg","og:image:width":800,"og:image:height":600,"article:published_time":"2016-06-16T11:28:58+00:00","article:modified_time":"2016-06-16T11:28:58+00:00","twitter:card":"summary_large_image","twitter:title":"Ana Beriain, reelegida presidenta de la Federaci\u00f3n Espa\u00f1ola de Empresarios de Campings | El Digital de Asturias","twitter:description":"Ana Beriain ha sido reelegida por segunda vez consecutiva y, por amplia mayor\u00eda, como presidenta de la Federaci\u00f3n Espa\u00f1ola de Empresarios de Campings (FEEC), durante la asamblea general extraordinaria celebrada ayer en Madrid, seg\u00fan inform\u00f3 la asociaci\u00f3n. Beriain (Bilbao, 1966) cuenta con una amplia experiencia en la gesti\u00f3n empresarial y es desde hace 18 a\u00f1os","twitter:image":"https:\/\/eldigitaldeasturias.com\/magazine365\/wp-content\/uploads\/2016\/06\/fotonoticia_20160616112933_800.jpg"},"aioseo_meta_data":{"post_id":"79621","title":null,"description":null,"keywords":null,"keyphrases":null,"primary_term":null,"canonical_url":null,"og_title":null,"og_description":null,"og_object_type":"default","og_image_type":"default","og_image_url":null,"og_image_width":null,"og_image_height":null,"og_image_custom_url":null,"og_image_custom_fields":null,"og_video":null,"og_custom_url":null,"og_article_section":null,"og_article_tags":null,"twitter_use_og":false,"twitter_card":"default","twitter_image_type":"default","twitter_image_url":null,"twitter_image_custom_url":null,"twitter_image_custom_fields":null,"twitter_title":null,"twitter_description":null,"schema":{"blockGraphs":[],"customGraphs":[],"default":{"data":{"Article":[],"Course":[],"Dataset":[],"FAQPage":[],"Movie":[],"Person":[],"Product":[],"ProductReview":[],"Car":[],"Recipe":[],"Service":[],"SoftwareApplication":[],"WebPage":[]},"graphName":"","isEnabled":true},"graphs":[],"defaultGraph":"","defaultPostTypeGraph":""},"schema_type":null,"schema_type_options":null,"pillar_content":false,"robots_default":true,"robots_noindex":false,"robots_noarchive":false,"robots_nosnippet":false,"robots_nofollow":false,"robots_noimageindex":false,"robots_noodp":false,"robots_notranslate":false,"robots_max_snippet":null,"robots_max_videopreview":null,"robots_max_imagepreview":"large","priority":null,"frequency":null,"location":null,"local_seo":null,"seo_analyzer_scan_date":"2025-09-27 19:15:16","breadcrumb_settings":null,"limit_modified_date":false,"open_ai":null,"ai":null,"created":"2021-03-08 17:47:25","updated":"2025-09-27 19:15:16"},"aioseo_breadcrumb":"<div class=\"aioseo-breadcrumbs\"><span class=\"aioseo-breadcrumb\">\n\t<a href=\"https:\/\/eldigitaldeasturias.com\/magazine365\" title=\"Home\">Home<\/a>\n<\/span><span class=\"aioseo-breadcrumb-separator\">\u2013<\/span><span class=\"aioseo-breadcrumb\">\n\t<a href=\"https:\/\/eldigitaldeasturias.com\/magazine365\/category\/noticias-actualidad\/\" title=\"Noticias y Actualidad\">Noticias y Actualidad<\/a>\n<\/span><span class=\"aioseo-breadcrumb-separator\">\u2013<\/span><span class=\"aioseo-breadcrumb\">\n\t<a href=\"https:\/\/eldigitaldeasturias.com\/magazine365\/ana-beriain-reelegida-presidenta-de-la-federacion-espanola-de-empresarios-de-campings\/\" title=\"Ana Beriain, reelegida presidenta de la Federaci\u00f3n Espa\u00f1ola de Empresarios de Campings\">Ana Beriain, reelegida presidenta de la Federaci\u00f3n Espa\u00f1ola de Empresarios de Campings<\/a>\n<\/span><\/div>","aioseo_breadcrumb_json":[{"label":"Home","link":"https:\/\/eldigitaldeasturias.com\/magazine365"},{"label":"Noticias y Actualidad","link":"https:\/\/eldigitaldeasturias.com\/magazine365\/category\/noticias-actualidad\/"},{"label":"Ana Beriain, reelegida presidenta de la Federaci\u00f3n Espa\u00f1ola de Empresarios de Campings","link":"https:\/\/eldigitaldeasturias.com\/magazine365\/ana-beriain-reelegida-presidenta-de-la-federacion-espanola-de-empresarios-de-campings\/"}],"_links":{"self":[{"href":"https:\/\/eldigitaldeasturias.com\/magazine365\/wp-json\/wp\/v2\/posts\/79621","targetHints":{"allow":["GET"]}}],"collection":[{"href":"https:\/\/eldigitaldeasturias.com\/magazine365\/wp-json\/wp\/v2\/posts"}],"about":[{"href":"https:\/\/eldigitaldeasturias.com\/magazine365\/wp-json\/wp\/v2\/types\/post"}],"author":[{"embeddable":true,"href":"https:\/\/eldigitaldeasturias.com\/magazine365\/wp-json\/wp\/v2\/users\/1"}],"replies":[{"embeddable":true,"href":"https:\/\/eldigitaldeasturias.com\/magazine365\/wp-json\/wp\/v2\/comments?post=79621"}],"version-history":[{"count":0,"href":"https:\/\/eldigitaldeasturias.com\/magazine365\/wp-json\/wp\/v2\/posts\/79621\/revisions"}],"wp:featuredmedia":[{"embeddable":true,"href":"https:\/\/eldigitaldeasturias.com\/magazine365\/wp-json\/wp\/v2\/media\/79622"}],"wp:attachment":[{"href":"https:\/\/eldigitaldeasturias.com\/magazine365\/wp-json\/wp\/v2\/media?parent=79621"}],"wp:term":[{"taxonomy":"category","embeddable":true,"href":"https:\/\/eldigitaldeasturias.com\/magazine365\/wp-json\/wp\/v2\/categories?post=79621"},{"taxonomy":"post_tag","embeddable":true,"href":"https:\/\/eldigitaldeasturias.com\/magazine365\/wp-json\/wp\/v2\/tags?post=79621"}],"curies":[{"name":"wp","href":"https:\/\/api.w.org\/{rel}","templated":true}]}}