{"id":79613,"date":"2016-06-16T13:25:19","date_gmt":"2016-06-16T11:25:19","guid":{"rendered":"http:\/\/eldigitaldeasturias.com\/magazine365\/?p=79613"},"modified":"2016-06-16T13:25:59","modified_gmt":"2016-06-16T11:25:59","slug":"las-piscinas-termales-de-atarfe-retoman-la-actividad-el-18-de-junio","status":"publish","type":"post","link":"https:\/\/eldigitaldeasturias.com\/magazine365\/las-piscinas-termales-de-atarfe-retoman-la-actividad-el-18-de-junio\/","title":{"rendered":"Las piscinas termales de Atarfe retoman la actividad el 18 de junio"},"content":{"rendered":"<p><img fetchpriority=\"high\" decoding=\"async\" class=\"alignleft size-medium wp-image-77926\" src=\"https:\/\/eldigitaldeasturias.com\/magazine365\/wp-content\/uploads\/2016\/06\/m365-360x198.jpg\" alt=\"m365\" width=\"360\" height=\"198\" srcset=\"https:\/\/eldigitaldeasturias.com\/magazine365\/wp-content\/uploads\/2016\/06\/m365-360x198.jpg 360w, https:\/\/eldigitaldeasturias.com\/magazine365\/wp-content\/uploads\/2016\/06\/m365-650x357.jpg 650w, https:\/\/eldigitaldeasturias.com\/magazine365\/wp-content\/uploads\/2016\/06\/m365-150x82.jpg 150w, https:\/\/eldigitaldeasturias.com\/magazine365\/wp-content\/uploads\/2016\/06\/m365-450x247.jpg 450w, https:\/\/eldigitaldeasturias.com\/magazine365\/wp-content\/uploads\/2016\/06\/m365.jpg 655w\" sizes=\"(max-width: 360px) 100vw, 360px\" \/>El complejo termal Ba\u00f1os de Sierra Elvira en Atarfe (Granada) inicia la temporada este s\u00e1bado, 18 de junio, con la apertura de sus instalaciones al p\u00fablico hasta el 4 de septiembre. El uso de estas aguas viene de antiguo, contando con la declaraci\u00f3n de \u00abUtilidad P\u00fablica\u00bb desde 1868.<\/p>\n<p>Las cuatro piscinas exteriores de este espacio l\u00fadico y termal son renovadas a diario para garantizar su calidad, lo que supone un caudal de agua superior al mill\u00f3n y medio de litros por jornada, seg\u00fan informa en un comunicado la Asociaci\u00f3n de Termalismo de Andaluc\u00eda.<\/p>\n<p>Las aguas mineromedicinales, que surgen a una temperatura de 32\u00ba cent\u00edgrados, son sulfatadas mixtas con una ligera alcalinidad y radiactividad, lo que las hace id\u00f3neas para tratar afecciones cut\u00e1neas, \u00f3seas y de tipo nervioso. Alrededor de 15.000 visitantes se benefician de sus propiedades anualmente. Esta temporada, como novedad, se ofrece una promoci\u00f3n especial de dos por uno en el precio de las entradas durante el fin de semana de la apertura (18 y 19 de junio).<\/p>\n<p>Cada jornada, entre las diez de la ma\u00f1ana y las ocho de la tarde, se ofertan al p\u00fablico actividades de ocio, entre ellas cursos de gimnasia en el agua y propuestas de animaci\u00f3n para los m\u00e1s peque\u00f1os. Uno de los atractivos m\u00e1s demandado por la clientela son los \u00abchorros hidrotermales\u00bb, que cuentan con un caudal de 200 litros por segundo, proporcionando un efecto terap\u00e9utico al ag\u00fcista gracias a las propiedades del litio radiactivo.<\/p>\n<p>Los Ba\u00f1os de Sierra Elvira se surten del acu\u00edfero del mismo nombre, con una extensi\u00f3n de nueve kil\u00f3metros. La presencia de una falla en la zona, llena de cavidades y grutas, pone en contacto las aguas de dos acu\u00edferos, el de Sierra Elvira y el de la Vega de Granada, lo que favorece el ascenso del agua caliente desde las profundidades de la tierra. Desde hace muchos a\u00f1os era una creencia popular que en la zona hab\u00eda un volc\u00e1n, debido a la aparici\u00f3n de columnas de humo causadas por el agua termal.<\/p>\n<p>El manantial donde se ubican los ba\u00f1os de Atarfe ya era conocido en la \u00e9poca preromana y de \u00e9l se beneficiaron los habitantes de la ciudad de Il\u00edberis, tal y como queda atestiguado por los restos arqueol\u00f3gicos de la zona. La explotaci\u00f3n de las aguas termales continu\u00f3 durante la \u00e9poca musulmana y tras la Reconquista.<\/p>\n<p>Hoy en d\u00eda a\u00fan se puede acceder a la gruta termal del antiguo balneario, impulsado en 1900 por el Conde de la Conquista, qui\u00e9n construy\u00f3 un complejo termal que funcion\u00f3 con gran \u00e9xito hasta los a\u00f1os treinta del siglo pasado. Hacia 1960 se construy\u00f3 en ese mismo emplazamiento el conjunto actual de piscinas termales, que abren cada a\u00f1o durante la temporada estival.<\/p>\n","protected":false},"excerpt":{"rendered":"<p>El complejo termal Ba\u00f1os de Sierra Elvira en Atarfe (Granada) inicia la temporada este s\u00e1bado, 18 de junio, con la apertura de sus instalaciones al p\u00fablico hasta el 4 de septiembre. El uso de estas aguas viene de antiguo, contando con la declaraci\u00f3n de \u00abUtilidad P\u00fablica\u00bb desde 1868. Las cuatro piscinas exteriores de este espacio<\/p>\n","protected":false},"author":1,"featured_media":77926,"comment_status":"open","ping_status":"closed","sticky":false,"template":"","format":"standard","meta":{"footnotes":""},"categories":[224],"tags":[],"class_list":{"0":"post-79613","1":"post","2":"type-post","3":"status-publish","4":"format-standard","5":"has-post-thumbnail","7":"category-noticias-actualidad"},"aioseo_notices":[],"aioseo_head":"\n\t\t<!-- All in One SEO Pro 4.9.6.1 - aioseo.com -->\n\t<meta name=\"description\" content=\"El complejo termal Ba\u00f1os de Sierra Elvira en Atarfe (Granada) inicia la temporada este s\u00e1bado, 18 de junio, con la apertura de sus instalaciones al p\u00fablico hasta el 4 de septiembre. El uso de estas aguas viene de antiguo, contando con la declaraci\u00f3n de &quot;Utilidad P\u00fablica&quot; desde 1868. Las cuatro piscinas exteriores de este espacio\" \/>\n\t<meta name=\"robots\" content=\"max-image-preview:large\" \/>\n\t<meta name=\"author\" content=\"admin\"\/>\n\t<meta name=\"google-site-verification\" content=\"UA-38556648-1\" \/>\n\t<meta name=\"keywords\" content=\"noticias y actualidad\" \/>\n\t<link rel=\"canonical\" href=\"https:\/\/eldigitaldeasturias.com\/magazine365\/las-piscinas-termales-de-atarfe-retoman-la-actividad-el-18-de-junio\/\" \/>\n\t<meta name=\"generator\" content=\"All in One SEO Pro (AIOSEO) 4.9.6.1\" \/>\n\t\t<meta property=\"og:locale\" content=\"es_ES\" \/>\n\t\t<meta property=\"og:site_name\" content=\"El Digital de Asturias \u2013 Revista de ocio, turismo y estilo de vida\" \/>\n\t\t<meta property=\"og:type\" content=\"article\" \/>\n\t\t<meta property=\"og:title\" content=\"Las piscinas termales de Atarfe retoman la actividad el 18 de junio | El Digital de Asturias\" \/>\n\t\t<meta property=\"og:description\" content=\"El complejo termal Ba\u00f1os de Sierra Elvira en Atarfe (Granada) inicia la temporada este s\u00e1bado, 18 de junio, con la apertura de sus instalaciones al p\u00fablico hasta el 4 de septiembre. El uso de estas aguas viene de antiguo, contando con la declaraci\u00f3n de &quot;Utilidad P\u00fablica&quot; desde 1868. Las cuatro piscinas exteriores de este espacio\" \/>\n\t\t<meta property=\"og:url\" content=\"https:\/\/eldigitaldeasturias.com\/magazine365\/las-piscinas-termales-de-atarfe-retoman-la-actividad-el-18-de-junio\/\" \/>\n\t\t<meta property=\"og:image\" content=\"https:\/\/eldigitaldeasturias.com\/magazine365\/wp-content\/uploads\/2016\/06\/m365.jpg\" \/>\n\t\t<meta property=\"og:image:secure_url\" content=\"https:\/\/eldigitaldeasturias.com\/magazine365\/wp-content\/uploads\/2016\/06\/m365.jpg\" \/>\n\t\t<meta property=\"og:image:width\" content=\"655\" \/>\n\t\t<meta property=\"og:image:height\" content=\"360\" \/>\n\t\t<meta property=\"article:published_time\" content=\"2016-06-16T11:25:19+00:00\" \/>\n\t\t<meta property=\"article:modified_time\" content=\"2016-06-16T11:25:59+00:00\" \/>\n\t\t<meta name=\"twitter:card\" content=\"summary_large_image\" \/>\n\t\t<meta name=\"twitter:title\" content=\"Las piscinas termales de Atarfe retoman la actividad el 18 de junio | El Digital de Asturias\" \/>\n\t\t<meta name=\"twitter:description\" content=\"El complejo termal Ba\u00f1os de Sierra Elvira en Atarfe (Granada) inicia la temporada este s\u00e1bado, 18 de junio, con la apertura de sus instalaciones al p\u00fablico hasta el 4 de septiembre. El uso de estas aguas viene de antiguo, contando con la declaraci\u00f3n de &quot;Utilidad P\u00fablica&quot; desde 1868. Las cuatro piscinas exteriores de este espacio\" \/>\n\t\t<meta name=\"twitter:image\" content=\"https:\/\/eldigitaldeasturias.com\/magazine365\/wp-content\/uploads\/2016\/06\/m365.jpg\" \/>\n\t\t<script type=\"application\/ld+json\" class=\"aioseo-schema\">\n\t\t\t{\"@context\":\"https:\\\/\\\/schema.org\",\"@graph\":[{\"@type\":\"Article\",\"@id\":\"https:\\\/\\\/eldigitaldeasturias.com\\\/magazine365\\\/las-piscinas-termales-de-atarfe-retoman-la-actividad-el-18-de-junio\\\/#article\",\"name\":\"Las piscinas termales de Atarfe retoman la actividad el 18 de junio | El Digital de Asturias\",\"headline\":\"Las piscinas termales de Atarfe retoman la actividad el 18 de junio\",\"author\":{\"@id\":\"https:\\\/\\\/eldigitaldeasturias.com\\\/magazine365\\\/author\\\/admin\\\/#author\"},\"publisher\":{\"@id\":\"https:\\\/\\\/eldigitaldeasturias.com\\\/magazine365\\\/#organization\"},\"image\":{\"@type\":\"ImageObject\",\"url\":\"https:\\\/\\\/eldigitaldeasturias.com\\\/magazine365\\\/wp-content\\\/uploads\\\/2016\\\/06\\\/m365.jpg\",\"width\":655,\"height\":360},\"datePublished\":\"2016-06-16T13:25:19+02:00\",\"dateModified\":\"2016-06-16T13:25:59+02:00\",\"inLanguage\":\"es-ES\",\"mainEntityOfPage\":{\"@id\":\"https:\\\/\\\/eldigitaldeasturias.com\\\/magazine365\\\/las-piscinas-termales-de-atarfe-retoman-la-actividad-el-18-de-junio\\\/#webpage\"},\"isPartOf\":{\"@id\":\"https:\\\/\\\/eldigitaldeasturias.com\\\/magazine365\\\/las-piscinas-termales-de-atarfe-retoman-la-actividad-el-18-de-junio\\\/#webpage\"},\"articleSection\":\"Noticias y Actualidad\"},{\"@type\":\"BreadcrumbList\",\"@id\":\"https:\\\/\\\/eldigitaldeasturias.com\\\/magazine365\\\/las-piscinas-termales-de-atarfe-retoman-la-actividad-el-18-de-junio\\\/#breadcrumblist\",\"itemListElement\":[{\"@type\":\"ListItem\",\"@id\":\"https:\\\/\\\/eldigitaldeasturias.com\\\/magazine365#listItem\",\"position\":1,\"name\":\"Home\",\"item\":\"https:\\\/\\\/eldigitaldeasturias.com\\\/magazine365\",\"nextItem\":{\"@type\":\"ListItem\",\"@id\":\"https:\\\/\\\/eldigitaldeasturias.com\\\/magazine365\\\/category\\\/noticias-actualidad\\\/#listItem\",\"name\":\"Noticias y Actualidad\"}},{\"@type\":\"ListItem\",\"@id\":\"https:\\\/\\\/eldigitaldeasturias.com\\\/magazine365\\\/category\\\/noticias-actualidad\\\/#listItem\",\"position\":2,\"name\":\"Noticias y Actualidad\",\"item\":\"https:\\\/\\\/eldigitaldeasturias.com\\\/magazine365\\\/category\\\/noticias-actualidad\\\/\",\"nextItem\":{\"@type\":\"ListItem\",\"@id\":\"https:\\\/\\\/eldigitaldeasturias.com\\\/magazine365\\\/las-piscinas-termales-de-atarfe-retoman-la-actividad-el-18-de-junio\\\/#listItem\",\"name\":\"Las piscinas termales de Atarfe retoman la actividad el 18 de junio\"},\"previousItem\":{\"@type\":\"ListItem\",\"@id\":\"https:\\\/\\\/eldigitaldeasturias.com\\\/magazine365#listItem\",\"name\":\"Home\"}},{\"@type\":\"ListItem\",\"@id\":\"https:\\\/\\\/eldigitaldeasturias.com\\\/magazine365\\\/las-piscinas-termales-de-atarfe-retoman-la-actividad-el-18-de-junio\\\/#listItem\",\"position\":3,\"name\":\"Las piscinas termales de Atarfe retoman la actividad el 18 de junio\",\"previousItem\":{\"@type\":\"ListItem\",\"@id\":\"https:\\\/\\\/eldigitaldeasturias.com\\\/magazine365\\\/category\\\/noticias-actualidad\\\/#listItem\",\"name\":\"Noticias y Actualidad\"}}]},{\"@type\":\"Organization\",\"@id\":\"https:\\\/\\\/eldigitaldeasturias.com\\\/magazine365\\\/#organization\",\"name\":\"El digital de Asturias\",\"description\":\"Revista de ocio, turismo y estilo de vida\",\"url\":\"https:\\\/\\\/eldigitaldeasturias.com\\\/magazine365\\\/\",\"logo\":{\"@type\":\"ImageObject\",\"url\":\"https:\\\/\\\/www.eldigitaldeasturias.com\\\/noticias\\\/wp-content\\\/uploads\\\/2020\\\/12\\\/EDA.jpg\",\"@id\":\"https:\\\/\\\/eldigitaldeasturias.com\\\/magazine365\\\/las-piscinas-termales-de-atarfe-retoman-la-actividad-el-18-de-junio\\\/#organizationLogo\"},\"image\":{\"@id\":\"https:\\\/\\\/eldigitaldeasturias.com\\\/magazine365\\\/las-piscinas-termales-de-atarfe-retoman-la-actividad-el-18-de-junio\\\/#organizationLogo\"}},{\"@type\":\"Person\",\"@id\":\"https:\\\/\\\/eldigitaldeasturias.com\\\/magazine365\\\/author\\\/admin\\\/#author\",\"url\":\"https:\\\/\\\/eldigitaldeasturias.com\\\/magazine365\\\/author\\\/admin\\\/\",\"name\":\"admin\",\"image\":{\"@type\":\"ImageObject\",\"@id\":\"https:\\\/\\\/eldigitaldeasturias.com\\\/magazine365\\\/las-piscinas-termales-de-atarfe-retoman-la-actividad-el-18-de-junio\\\/#authorImage\",\"url\":\"https:\\\/\\\/eldigitaldeasturias.com\\\/magazine365\\\/wp-content\\\/litespeed\\\/avatar\\\/e571bcf59a0edd6fa6838245a470f2fe.jpg?ver=1776969259\",\"width\":96,\"height\":96,\"caption\":\"admin\"}},{\"@type\":\"WebPage\",\"@id\":\"https:\\\/\\\/eldigitaldeasturias.com\\\/magazine365\\\/las-piscinas-termales-de-atarfe-retoman-la-actividad-el-18-de-junio\\\/#webpage\",\"url\":\"https:\\\/\\\/eldigitaldeasturias.com\\\/magazine365\\\/las-piscinas-termales-de-atarfe-retoman-la-actividad-el-18-de-junio\\\/\",\"name\":\"Las piscinas termales de Atarfe retoman la actividad el 18 de junio | El Digital de Asturias\",\"description\":\"El complejo termal Ba\\u00f1os de Sierra Elvira en Atarfe (Granada) inicia la temporada este s\\u00e1bado, 18 de junio, con la apertura de sus instalaciones al p\\u00fablico hasta el 4 de septiembre. El uso de estas aguas viene de antiguo, contando con la declaraci\\u00f3n de \\\"Utilidad P\\u00fablica\\\" desde 1868. Las cuatro piscinas exteriores de este espacio\",\"inLanguage\":\"es-ES\",\"isPartOf\":{\"@id\":\"https:\\\/\\\/eldigitaldeasturias.com\\\/magazine365\\\/#website\"},\"breadcrumb\":{\"@id\":\"https:\\\/\\\/eldigitaldeasturias.com\\\/magazine365\\\/las-piscinas-termales-de-atarfe-retoman-la-actividad-el-18-de-junio\\\/#breadcrumblist\"},\"author\":{\"@id\":\"https:\\\/\\\/eldigitaldeasturias.com\\\/magazine365\\\/author\\\/admin\\\/#author\"},\"creator\":{\"@id\":\"https:\\\/\\\/eldigitaldeasturias.com\\\/magazine365\\\/author\\\/admin\\\/#author\"},\"image\":{\"@type\":\"ImageObject\",\"url\":\"https:\\\/\\\/eldigitaldeasturias.com\\\/magazine365\\\/wp-content\\\/uploads\\\/2016\\\/06\\\/m365.jpg\",\"@id\":\"https:\\\/\\\/eldigitaldeasturias.com\\\/magazine365\\\/las-piscinas-termales-de-atarfe-retoman-la-actividad-el-18-de-junio\\\/#mainImage\",\"width\":655,\"height\":360},\"primaryImageOfPage\":{\"@id\":\"https:\\\/\\\/eldigitaldeasturias.com\\\/magazine365\\\/las-piscinas-termales-de-atarfe-retoman-la-actividad-el-18-de-junio\\\/#mainImage\"},\"datePublished\":\"2016-06-16T13:25:19+02:00\",\"dateModified\":\"2016-06-16T13:25:59+02:00\"},{\"@type\":\"WebSite\",\"@id\":\"https:\\\/\\\/eldigitaldeasturias.com\\\/magazine365\\\/#website\",\"url\":\"https:\\\/\\\/eldigitaldeasturias.com\\\/magazine365\\\/\",\"name\":\"El Digital de Asturias\",\"description\":\"Revista de ocio, turismo y estilo de vida\",\"inLanguage\":\"es-ES\",\"publisher\":{\"@id\":\"https:\\\/\\\/eldigitaldeasturias.com\\\/magazine365\\\/#organization\"}}]}\n\t\t<\/script>\n\t\t<!-- All in One SEO Pro -->\r\n\t\t<title>Las piscinas termales de Atarfe retoman la actividad el 18 de junio | El Digital de Asturias<\/title>\n\n","aioseo_head_json":{"title":"Las piscinas termales de Atarfe retoman la actividad el 18 de junio | El Digital de Asturias","description":"El complejo termal Ba\u00f1os de Sierra Elvira en Atarfe (Granada) inicia la temporada este s\u00e1bado, 18 de junio, con la apertura de sus instalaciones al p\u00fablico hasta el 4 de septiembre. El uso de estas aguas viene de antiguo, contando con la declaraci\u00f3n de \"Utilidad P\u00fablica\" desde 1868. Las cuatro piscinas exteriores de este espacio","canonical_url":"https:\/\/eldigitaldeasturias.com\/magazine365\/las-piscinas-termales-de-atarfe-retoman-la-actividad-el-18-de-junio\/","robots":"max-image-preview:large","keywords":"noticias y actualidad","webmasterTools":{"google-site-verification":"UA-38556648-1","miscellaneous":""},"schema":{"@context":"https:\/\/schema.org","@graph":[{"@type":"Article","@id":"https:\/\/eldigitaldeasturias.com\/magazine365\/las-piscinas-termales-de-atarfe-retoman-la-actividad-el-18-de-junio\/#article","name":"Las piscinas termales de Atarfe retoman la actividad el 18 de junio | El Digital de Asturias","headline":"Las piscinas termales de Atarfe retoman la actividad el 18 de junio","author":{"@id":"https:\/\/eldigitaldeasturias.com\/magazine365\/author\/admin\/#author"},"publisher":{"@id":"https:\/\/eldigitaldeasturias.com\/magazine365\/#organization"},"image":{"@type":"ImageObject","url":"https:\/\/eldigitaldeasturias.com\/magazine365\/wp-content\/uploads\/2016\/06\/m365.jpg","width":655,"height":360},"datePublished":"2016-06-16T13:25:19+02:00","dateModified":"2016-06-16T13:25:59+02:00","inLanguage":"es-ES","mainEntityOfPage":{"@id":"https:\/\/eldigitaldeasturias.com\/magazine365\/las-piscinas-termales-de-atarfe-retoman-la-actividad-el-18-de-junio\/#webpage"},"isPartOf":{"@id":"https:\/\/eldigitaldeasturias.com\/magazine365\/las-piscinas-termales-de-atarfe-retoman-la-actividad-el-18-de-junio\/#webpage"},"articleSection":"Noticias y Actualidad"},{"@type":"BreadcrumbList","@id":"https:\/\/eldigitaldeasturias.com\/magazine365\/las-piscinas-termales-de-atarfe-retoman-la-actividad-el-18-de-junio\/#breadcrumblist","itemListElement":[{"@type":"ListItem","@id":"https:\/\/eldigitaldeasturias.com\/magazine365#listItem","position":1,"name":"Home","item":"https:\/\/eldigitaldeasturias.com\/magazine365","nextItem":{"@type":"ListItem","@id":"https:\/\/eldigitaldeasturias.com\/magazine365\/category\/noticias-actualidad\/#listItem","name":"Noticias y Actualidad"}},{"@type":"ListItem","@id":"https:\/\/eldigitaldeasturias.com\/magazine365\/category\/noticias-actualidad\/#listItem","position":2,"name":"Noticias y Actualidad","item":"https:\/\/eldigitaldeasturias.com\/magazine365\/category\/noticias-actualidad\/","nextItem":{"@type":"ListItem","@id":"https:\/\/eldigitaldeasturias.com\/magazine365\/las-piscinas-termales-de-atarfe-retoman-la-actividad-el-18-de-junio\/#listItem","name":"Las piscinas termales de Atarfe retoman la actividad el 18 de junio"},"previousItem":{"@type":"ListItem","@id":"https:\/\/eldigitaldeasturias.com\/magazine365#listItem","name":"Home"}},{"@type":"ListItem","@id":"https:\/\/eldigitaldeasturias.com\/magazine365\/las-piscinas-termales-de-atarfe-retoman-la-actividad-el-18-de-junio\/#listItem","position":3,"name":"Las piscinas termales de Atarfe retoman la actividad el 18 de junio","previousItem":{"@type":"ListItem","@id":"https:\/\/eldigitaldeasturias.com\/magazine365\/category\/noticias-actualidad\/#listItem","name":"Noticias y Actualidad"}}]},{"@type":"Organization","@id":"https:\/\/eldigitaldeasturias.com\/magazine365\/#organization","name":"El digital de Asturias","description":"Revista de ocio, turismo y estilo de vida","url":"https:\/\/eldigitaldeasturias.com\/magazine365\/","logo":{"@type":"ImageObject","url":"https:\/\/www.eldigitaldeasturias.com\/noticias\/wp-content\/uploads\/2020\/12\/EDA.jpg","@id":"https:\/\/eldigitaldeasturias.com\/magazine365\/las-piscinas-termales-de-atarfe-retoman-la-actividad-el-18-de-junio\/#organizationLogo"},"image":{"@id":"https:\/\/eldigitaldeasturias.com\/magazine365\/las-piscinas-termales-de-atarfe-retoman-la-actividad-el-18-de-junio\/#organizationLogo"}},{"@type":"Person","@id":"https:\/\/eldigitaldeasturias.com\/magazine365\/author\/admin\/#author","url":"https:\/\/eldigitaldeasturias.com\/magazine365\/author\/admin\/","name":"admin","image":{"@type":"ImageObject","@id":"https:\/\/eldigitaldeasturias.com\/magazine365\/las-piscinas-termales-de-atarfe-retoman-la-actividad-el-18-de-junio\/#authorImage","url":"https:\/\/eldigitaldeasturias.com\/magazine365\/wp-content\/litespeed\/avatar\/e571bcf59a0edd6fa6838245a470f2fe.jpg?ver=1776969259","width":96,"height":96,"caption":"admin"}},{"@type":"WebPage","@id":"https:\/\/eldigitaldeasturias.com\/magazine365\/las-piscinas-termales-de-atarfe-retoman-la-actividad-el-18-de-junio\/#webpage","url":"https:\/\/eldigitaldeasturias.com\/magazine365\/las-piscinas-termales-de-atarfe-retoman-la-actividad-el-18-de-junio\/","name":"Las piscinas termales de Atarfe retoman la actividad el 18 de junio | El Digital de Asturias","description":"El complejo termal Ba\u00f1os de Sierra Elvira en Atarfe (Granada) inicia la temporada este s\u00e1bado, 18 de junio, con la apertura de sus instalaciones al p\u00fablico hasta el 4 de septiembre. El uso de estas aguas viene de antiguo, contando con la declaraci\u00f3n de \"Utilidad P\u00fablica\" desde 1868. Las cuatro piscinas exteriores de este espacio","inLanguage":"es-ES","isPartOf":{"@id":"https:\/\/eldigitaldeasturias.com\/magazine365\/#website"},"breadcrumb":{"@id":"https:\/\/eldigitaldeasturias.com\/magazine365\/las-piscinas-termales-de-atarfe-retoman-la-actividad-el-18-de-junio\/#breadcrumblist"},"author":{"@id":"https:\/\/eldigitaldeasturias.com\/magazine365\/author\/admin\/#author"},"creator":{"@id":"https:\/\/eldigitaldeasturias.com\/magazine365\/author\/admin\/#author"},"image":{"@type":"ImageObject","url":"https:\/\/eldigitaldeasturias.com\/magazine365\/wp-content\/uploads\/2016\/06\/m365.jpg","@id":"https:\/\/eldigitaldeasturias.com\/magazine365\/las-piscinas-termales-de-atarfe-retoman-la-actividad-el-18-de-junio\/#mainImage","width":655,"height":360},"primaryImageOfPage":{"@id":"https:\/\/eldigitaldeasturias.com\/magazine365\/las-piscinas-termales-de-atarfe-retoman-la-actividad-el-18-de-junio\/#mainImage"},"datePublished":"2016-06-16T13:25:19+02:00","dateModified":"2016-06-16T13:25:59+02:00"},{"@type":"WebSite","@id":"https:\/\/eldigitaldeasturias.com\/magazine365\/#website","url":"https:\/\/eldigitaldeasturias.com\/magazine365\/","name":"El Digital de Asturias","description":"Revista de ocio, turismo y estilo de vida","inLanguage":"es-ES","publisher":{"@id":"https:\/\/eldigitaldeasturias.com\/magazine365\/#organization"}}]},"og:locale":"es_ES","og:site_name":"El Digital de Asturias \u2013 Revista de ocio, turismo y estilo de vida","og:type":"article","og:title":"Las piscinas termales de Atarfe retoman la actividad el 18 de junio | El Digital de Asturias","og:description":"El complejo termal Ba\u00f1os de Sierra Elvira en Atarfe (Granada) inicia la temporada este s\u00e1bado, 18 de junio, con la apertura de sus instalaciones al p\u00fablico hasta el 4 de septiembre. El uso de estas aguas viene de antiguo, contando con la declaraci\u00f3n de &quot;Utilidad P\u00fablica&quot; desde 1868. Las cuatro piscinas exteriores de este espacio","og:url":"https:\/\/eldigitaldeasturias.com\/magazine365\/las-piscinas-termales-de-atarfe-retoman-la-actividad-el-18-de-junio\/","og:image":"https:\/\/eldigitaldeasturias.com\/magazine365\/wp-content\/uploads\/2016\/06\/m365.jpg","og:image:secure_url":"https:\/\/eldigitaldeasturias.com\/magazine365\/wp-content\/uploads\/2016\/06\/m365.jpg","og:image:width":655,"og:image:height":360,"article:published_time":"2016-06-16T11:25:19+00:00","article:modified_time":"2016-06-16T11:25:59+00:00","twitter:card":"summary_large_image","twitter:title":"Las piscinas termales de Atarfe retoman la actividad el 18 de junio | El Digital de Asturias","twitter:description":"El complejo termal Ba\u00f1os de Sierra Elvira en Atarfe (Granada) inicia la temporada este s\u00e1bado, 18 de junio, con la apertura de sus instalaciones al p\u00fablico hasta el 4 de septiembre. El uso de estas aguas viene de antiguo, contando con la declaraci\u00f3n de &quot;Utilidad P\u00fablica&quot; desde 1868. Las cuatro piscinas exteriores de este espacio","twitter:image":"https:\/\/eldigitaldeasturias.com\/magazine365\/wp-content\/uploads\/2016\/06\/m365.jpg"},"aioseo_meta_data":{"post_id":"79613","title":null,"description":null,"keywords":null,"keyphrases":null,"primary_term":null,"canonical_url":null,"og_title":null,"og_description":null,"og_object_type":"default","og_image_type":"default","og_image_url":null,"og_image_width":null,"og_image_height":null,"og_image_custom_url":null,"og_image_custom_fields":null,"og_video":null,"og_custom_url":null,"og_article_section":null,"og_article_tags":null,"twitter_use_og":false,"twitter_card":"default","twitter_image_type":"default","twitter_image_url":null,"twitter_image_custom_url":null,"twitter_image_custom_fields":null,"twitter_title":null,"twitter_description":null,"schema":{"blockGraphs":[],"customGraphs":[],"default":{"data":{"Article":[],"Course":[],"Dataset":[],"FAQPage":[],"Movie":[],"Person":[],"Product":[],"ProductReview":[],"Car":[],"Recipe":[],"Service":[],"SoftwareApplication":[],"WebPage":[]},"graphName":"","isEnabled":true},"graphs":[],"defaultGraph":"","defaultPostTypeGraph":""},"schema_type":null,"schema_type_options":null,"pillar_content":false,"robots_default":true,"robots_noindex":false,"robots_noarchive":false,"robots_nosnippet":false,"robots_nofollow":false,"robots_noimageindex":false,"robots_noodp":false,"robots_notranslate":false,"robots_max_snippet":null,"robots_max_videopreview":null,"robots_max_imagepreview":"large","priority":null,"frequency":null,"location":null,"local_seo":null,"seo_analyzer_scan_date":"2025-09-27 19:15:12","breadcrumb_settings":null,"limit_modified_date":false,"open_ai":null,"ai":null,"created":"2021-03-08 17:47:25","updated":"2025-09-27 19:15:12"},"aioseo_breadcrumb":"<div class=\"aioseo-breadcrumbs\"><span class=\"aioseo-breadcrumb\">\n\t<a href=\"https:\/\/eldigitaldeasturias.com\/magazine365\" title=\"Home\">Home<\/a>\n<\/span><span class=\"aioseo-breadcrumb-separator\">\u2013<\/span><span class=\"aioseo-breadcrumb\">\n\t<a href=\"https:\/\/eldigitaldeasturias.com\/magazine365\/category\/noticias-actualidad\/\" title=\"Noticias y Actualidad\">Noticias y Actualidad<\/a>\n<\/span><span class=\"aioseo-breadcrumb-separator\">\u2013<\/span><span class=\"aioseo-breadcrumb\">\n\t<a href=\"https:\/\/eldigitaldeasturias.com\/magazine365\/las-piscinas-termales-de-atarfe-retoman-la-actividad-el-18-de-junio\/\" title=\"Las piscinas termales de Atarfe retoman la actividad el 18 de junio\">Las piscinas termales de Atarfe retoman la actividad el 18 de junio<\/a>\n<\/span><\/div>","aioseo_breadcrumb_json":[{"label":"Home","link":"https:\/\/eldigitaldeasturias.com\/magazine365"},{"label":"Noticias y Actualidad","link":"https:\/\/eldigitaldeasturias.com\/magazine365\/category\/noticias-actualidad\/"},{"label":"Las piscinas termales de Atarfe retoman la actividad el 18 de junio","link":"https:\/\/eldigitaldeasturias.com\/magazine365\/las-piscinas-termales-de-atarfe-retoman-la-actividad-el-18-de-junio\/"}],"_links":{"self":[{"href":"https:\/\/eldigitaldeasturias.com\/magazine365\/wp-json\/wp\/v2\/posts\/79613","targetHints":{"allow":["GET"]}}],"collection":[{"href":"https:\/\/eldigitaldeasturias.com\/magazine365\/wp-json\/wp\/v2\/posts"}],"about":[{"href":"https:\/\/eldigitaldeasturias.com\/magazine365\/wp-json\/wp\/v2\/types\/post"}],"author":[{"embeddable":true,"href":"https:\/\/eldigitaldeasturias.com\/magazine365\/wp-json\/wp\/v2\/users\/1"}],"replies":[{"embeddable":true,"href":"https:\/\/eldigitaldeasturias.com\/magazine365\/wp-json\/wp\/v2\/comments?post=79613"}],"version-history":[{"count":0,"href":"https:\/\/eldigitaldeasturias.com\/magazine365\/wp-json\/wp\/v2\/posts\/79613\/revisions"}],"wp:featuredmedia":[{"embeddable":true,"href":"https:\/\/eldigitaldeasturias.com\/magazine365\/wp-json\/wp\/v2\/media\/77926"}],"wp:attachment":[{"href":"https:\/\/eldigitaldeasturias.com\/magazine365\/wp-json\/wp\/v2\/media?parent=79613"}],"wp:term":[{"taxonomy":"category","embeddable":true,"href":"https:\/\/eldigitaldeasturias.com\/magazine365\/wp-json\/wp\/v2\/categories?post=79613"},{"taxonomy":"post_tag","embeddable":true,"href":"https:\/\/eldigitaldeasturias.com\/magazine365\/wp-json\/wp\/v2\/tags?post=79613"}],"curies":[{"name":"wp","href":"https:\/\/api.w.org\/{rel}","templated":true}]}}