{"id":79610,"date":"2016-06-16T13:23:24","date_gmt":"2016-06-16T11:23:24","guid":{"rendered":"http:\/\/eldigitaldeasturias.com\/magazine365\/?p=79610"},"modified":"2016-06-16T13:23:24","modified_gmt":"2016-06-16T11:23:24","slug":"el-cluster-del-turismo-de-extremadura-colabora-en-una-iniciativa-de-transformacion-de-terrenos","status":"publish","type":"post","link":"https:\/\/eldigitaldeasturias.com\/magazine365\/el-cluster-del-turismo-de-extremadura-colabora-en-una-iniciativa-de-transformacion-de-terrenos\/","title":{"rendered":"El Cl\u00faster del Turismo de Extremadura colabora en una iniciativa de transformaci\u00f3n de terrenos"},"content":{"rendered":"<p><img fetchpriority=\"high\" decoding=\"async\" class=\"alignleft size-medium wp-image-79611\" src=\"https:\/\/eldigitaldeasturias.com\/magazine365\/wp-content\/uploads\/2016\/06\/fotonoticia_20160616104245_800-360x203.jpg\" alt=\"fotonoticia_20160616104245_800\" width=\"360\" height=\"203\" srcset=\"https:\/\/eldigitaldeasturias.com\/magazine365\/wp-content\/uploads\/2016\/06\/fotonoticia_20160616104245_800-360x203.jpg 360w, https:\/\/eldigitaldeasturias.com\/magazine365\/wp-content\/uploads\/2016\/06\/fotonoticia_20160616104245_800-650x366.jpg 650w, https:\/\/eldigitaldeasturias.com\/magazine365\/wp-content\/uploads\/2016\/06\/fotonoticia_20160616104245_800-768x432.jpg 768w, https:\/\/eldigitaldeasturias.com\/magazine365\/wp-content\/uploads\/2016\/06\/fotonoticia_20160616104245_800-150x84.jpg 150w, https:\/\/eldigitaldeasturias.com\/magazine365\/wp-content\/uploads\/2016\/06\/fotonoticia_20160616104245_800-450x253.jpg 450w, https:\/\/eldigitaldeasturias.com\/magazine365\/wp-content\/uploads\/2016\/06\/fotonoticia_20160616104245_800-499x280.jpg 499w, https:\/\/eldigitaldeasturias.com\/magazine365\/wp-content\/uploads\/2016\/06\/fotonoticia_20160616104245_800-510x289.jpg 510w, https:\/\/eldigitaldeasturias.com\/magazine365\/wp-content\/uploads\/2016\/06\/fotonoticia_20160616104245_800.jpg 800w\" sizes=\"(max-width: 360px) 100vw, 360px\" \/>El Cl\u00faster del Turismo colabora en una iniciativa de la Fundaci\u00f3n Econ\u00e1nime que hasta el momento se est\u00e1 desarrollando con \u00ab\u00e9xito\u00bb en tres pueblos extreme\u00f1os, en concreto, Trujillo, Saucedilla y Mengabril, y que promueve el desarrollo rural a trav\u00e9s de la transformaci\u00f3n de terrenos bald\u00edos en huertos ecol\u00f3gicos.<\/p>\n<p>El objetivo de Eco\u00e1nime es extender esta pr\u00e1ctica a m\u00e1s municipios extreme\u00f1os en los pr\u00f3ximos a\u00f1os.<\/p>\n<p>Hasta la actualidad el equipo de Fundaci\u00f3n Eco\u00e1nime ha puesto en marcha varias huertas ecol\u00f3gicas promovidas por ayuntamientos encaminadas a la creaci\u00f3n de empleo y fomento del emprendimiento en la producci\u00f3n y comercializaci\u00f3n de productos ecol\u00f3gicos.<\/p>\n<p>La primera con \u00abgran \u00e9xito\u00bb e \u00abimpacto\u00bb fue Huerta Ecortiga Mengabril y el modelo se replica con la marca Huerta Eco\u00e1nime, de momento en las poblaciones extreme\u00f1as de Trujillo y Saucedilla, aunque existen otras poblaciones \u00abinteresadas\u00bb dentro y fuera de Extremadura.<\/p>\n<p>La propuesta de valor es la el asesoramiento t\u00e9cnico profesional en cultivos ecol\u00f3gicos, la integraci\u00f3n de la comunidad de alrededor, con la creaci\u00f3n de huertos apadrinados por empresas, huertos solidarios, as\u00ed como sinergias y oportunidades de negocio con otros operadores, restaurantes, alojamientos tur\u00edsticos, etc\u00e9tera.<\/p>\n<p>Asimismo se presta asesoramiento y herramientas tanto en comunicaci\u00f3n online como en comercializaci\u00f3n de productos, informa en nota de prensa el Cl\u00faster de Turismo de Extremadura.<\/p>\n","protected":false},"excerpt":{"rendered":"<p>El Cl\u00faster del Turismo colabora en una iniciativa de la Fundaci\u00f3n Econ\u00e1nime que hasta el momento se est\u00e1 desarrollando con \u00ab\u00e9xito\u00bb en tres pueblos extreme\u00f1os, en concreto, Trujillo, Saucedilla y Mengabril, y que promueve el desarrollo rural a trav\u00e9s de la transformaci\u00f3n de terrenos bald\u00edos en huertos ecol\u00f3gicos. El objetivo de Eco\u00e1nime es extender esta<\/p>\n","protected":false},"author":1,"featured_media":79611,"comment_status":"open","ping_status":"closed","sticky":false,"template":"","format":"standard","meta":{"footnotes":""},"categories":[224],"tags":[],"class_list":{"0":"post-79610","1":"post","2":"type-post","3":"status-publish","4":"format-standard","5":"has-post-thumbnail","7":"category-noticias-actualidad"},"aioseo_notices":[],"aioseo_head":"\n\t\t<!-- All in One SEO Pro 4.9.6.1 - aioseo.com -->\n\t<meta name=\"description\" content=\"El Cl\u00faster del Turismo colabora en una iniciativa de la Fundaci\u00f3n Econ\u00e1nime que hasta el momento se est\u00e1 desarrollando con &quot;\u00e9xito&quot; en tres pueblos extreme\u00f1os, en concreto, Trujillo, Saucedilla y Mengabril, y que promueve el desarrollo rural a trav\u00e9s de la transformaci\u00f3n de terrenos bald\u00edos en huertos ecol\u00f3gicos. El objetivo de Eco\u00e1nime es extender esta\" \/>\n\t<meta name=\"robots\" content=\"max-image-preview:large\" \/>\n\t<meta name=\"author\" content=\"admin\"\/>\n\t<meta name=\"google-site-verification\" content=\"UA-38556648-1\" \/>\n\t<meta name=\"keywords\" content=\"noticias y actualidad\" \/>\n\t<link rel=\"canonical\" href=\"https:\/\/eldigitaldeasturias.com\/magazine365\/el-cluster-del-turismo-de-extremadura-colabora-en-una-iniciativa-de-transformacion-de-terrenos\/\" \/>\n\t<meta name=\"generator\" content=\"All in One SEO Pro (AIOSEO) 4.9.6.1\" \/>\n\t\t<meta property=\"og:locale\" content=\"es_ES\" \/>\n\t\t<meta property=\"og:site_name\" content=\"El Digital de Asturias \u2013 Revista de ocio, turismo y estilo de vida\" \/>\n\t\t<meta property=\"og:type\" content=\"article\" \/>\n\t\t<meta property=\"og:title\" content=\"El Cl\u00faster del Turismo de Extremadura colabora en una iniciativa de transformaci\u00f3n de terrenos | El Digital de Asturias\" \/>\n\t\t<meta property=\"og:description\" content=\"El Cl\u00faster del Turismo colabora en una iniciativa de la Fundaci\u00f3n Econ\u00e1nime que hasta el momento se est\u00e1 desarrollando con &quot;\u00e9xito&quot; en tres pueblos extreme\u00f1os, en concreto, Trujillo, Saucedilla y Mengabril, y que promueve el desarrollo rural a trav\u00e9s de la transformaci\u00f3n de terrenos bald\u00edos en huertos ecol\u00f3gicos. El objetivo de Eco\u00e1nime es extender esta\" \/>\n\t\t<meta property=\"og:url\" content=\"https:\/\/eldigitaldeasturias.com\/magazine365\/el-cluster-del-turismo-de-extremadura-colabora-en-una-iniciativa-de-transformacion-de-terrenos\/\" \/>\n\t\t<meta property=\"og:image\" content=\"https:\/\/eldigitaldeasturias.com\/magazine365\/wp-content\/uploads\/2016\/06\/fotonoticia_20160616104245_800.jpg\" \/>\n\t\t<meta property=\"og:image:secure_url\" content=\"https:\/\/eldigitaldeasturias.com\/magazine365\/wp-content\/uploads\/2016\/06\/fotonoticia_20160616104245_800.jpg\" \/>\n\t\t<meta property=\"og:image:width\" content=\"800\" \/>\n\t\t<meta property=\"og:image:height\" content=\"450\" \/>\n\t\t<meta property=\"article:published_time\" content=\"2016-06-16T11:23:24+00:00\" \/>\n\t\t<meta property=\"article:modified_time\" content=\"2016-06-16T11:23:24+00:00\" \/>\n\t\t<meta name=\"twitter:card\" content=\"summary_large_image\" \/>\n\t\t<meta name=\"twitter:title\" content=\"El Cl\u00faster del Turismo de Extremadura colabora en una iniciativa de transformaci\u00f3n de terrenos | El Digital de Asturias\" \/>\n\t\t<meta name=\"twitter:description\" content=\"El Cl\u00faster del Turismo colabora en una iniciativa de la Fundaci\u00f3n Econ\u00e1nime que hasta el momento se est\u00e1 desarrollando con &quot;\u00e9xito&quot; en tres pueblos extreme\u00f1os, en concreto, Trujillo, Saucedilla y Mengabril, y que promueve el desarrollo rural a trav\u00e9s de la transformaci\u00f3n de terrenos bald\u00edos en huertos ecol\u00f3gicos. El objetivo de Eco\u00e1nime es extender esta\" \/>\n\t\t<meta name=\"twitter:image\" content=\"https:\/\/eldigitaldeasturias.com\/magazine365\/wp-content\/uploads\/2016\/06\/fotonoticia_20160616104245_800.jpg\" \/>\n\t\t<script type=\"application\/ld+json\" class=\"aioseo-schema\">\n\t\t\t{\"@context\":\"https:\\\/\\\/schema.org\",\"@graph\":[{\"@type\":\"Article\",\"@id\":\"https:\\\/\\\/eldigitaldeasturias.com\\\/magazine365\\\/el-cluster-del-turismo-de-extremadura-colabora-en-una-iniciativa-de-transformacion-de-terrenos\\\/#article\",\"name\":\"El Cl\\u00faster del Turismo de Extremadura colabora en una iniciativa de transformaci\\u00f3n de terrenos | El Digital de Asturias\",\"headline\":\"El Cl\\u00faster del Turismo de Extremadura colabora en una iniciativa de transformaci\\u00f3n de terrenos\",\"author\":{\"@id\":\"https:\\\/\\\/eldigitaldeasturias.com\\\/magazine365\\\/author\\\/admin\\\/#author\"},\"publisher\":{\"@id\":\"https:\\\/\\\/eldigitaldeasturias.com\\\/magazine365\\\/#organization\"},\"image\":{\"@type\":\"ImageObject\",\"url\":\"https:\\\/\\\/eldigitaldeasturias.com\\\/magazine365\\\/wp-content\\\/uploads\\\/2016\\\/06\\\/fotonoticia_20160616104245_800.jpg\",\"width\":800,\"height\":450},\"datePublished\":\"2016-06-16T13:23:24+02:00\",\"dateModified\":\"2016-06-16T13:23:24+02:00\",\"inLanguage\":\"es-ES\",\"mainEntityOfPage\":{\"@id\":\"https:\\\/\\\/eldigitaldeasturias.com\\\/magazine365\\\/el-cluster-del-turismo-de-extremadura-colabora-en-una-iniciativa-de-transformacion-de-terrenos\\\/#webpage\"},\"isPartOf\":{\"@id\":\"https:\\\/\\\/eldigitaldeasturias.com\\\/magazine365\\\/el-cluster-del-turismo-de-extremadura-colabora-en-una-iniciativa-de-transformacion-de-terrenos\\\/#webpage\"},\"articleSection\":\"Noticias y Actualidad\"},{\"@type\":\"BreadcrumbList\",\"@id\":\"https:\\\/\\\/eldigitaldeasturias.com\\\/magazine365\\\/el-cluster-del-turismo-de-extremadura-colabora-en-una-iniciativa-de-transformacion-de-terrenos\\\/#breadcrumblist\",\"itemListElement\":[{\"@type\":\"ListItem\",\"@id\":\"https:\\\/\\\/eldigitaldeasturias.com\\\/magazine365#listItem\",\"position\":1,\"name\":\"Home\",\"item\":\"https:\\\/\\\/eldigitaldeasturias.com\\\/magazine365\",\"nextItem\":{\"@type\":\"ListItem\",\"@id\":\"https:\\\/\\\/eldigitaldeasturias.com\\\/magazine365\\\/category\\\/noticias-actualidad\\\/#listItem\",\"name\":\"Noticias y Actualidad\"}},{\"@type\":\"ListItem\",\"@id\":\"https:\\\/\\\/eldigitaldeasturias.com\\\/magazine365\\\/category\\\/noticias-actualidad\\\/#listItem\",\"position\":2,\"name\":\"Noticias y Actualidad\",\"item\":\"https:\\\/\\\/eldigitaldeasturias.com\\\/magazine365\\\/category\\\/noticias-actualidad\\\/\",\"nextItem\":{\"@type\":\"ListItem\",\"@id\":\"https:\\\/\\\/eldigitaldeasturias.com\\\/magazine365\\\/el-cluster-del-turismo-de-extremadura-colabora-en-una-iniciativa-de-transformacion-de-terrenos\\\/#listItem\",\"name\":\"El Cl\\u00faster del Turismo de Extremadura colabora en una iniciativa de transformaci\\u00f3n de terrenos\"},\"previousItem\":{\"@type\":\"ListItem\",\"@id\":\"https:\\\/\\\/eldigitaldeasturias.com\\\/magazine365#listItem\",\"name\":\"Home\"}},{\"@type\":\"ListItem\",\"@id\":\"https:\\\/\\\/eldigitaldeasturias.com\\\/magazine365\\\/el-cluster-del-turismo-de-extremadura-colabora-en-una-iniciativa-de-transformacion-de-terrenos\\\/#listItem\",\"position\":3,\"name\":\"El Cl\\u00faster del Turismo de Extremadura colabora en una iniciativa de transformaci\\u00f3n de terrenos\",\"previousItem\":{\"@type\":\"ListItem\",\"@id\":\"https:\\\/\\\/eldigitaldeasturias.com\\\/magazine365\\\/category\\\/noticias-actualidad\\\/#listItem\",\"name\":\"Noticias y Actualidad\"}}]},{\"@type\":\"Organization\",\"@id\":\"https:\\\/\\\/eldigitaldeasturias.com\\\/magazine365\\\/#organization\",\"name\":\"El digital de Asturias\",\"description\":\"Revista de ocio, turismo y estilo de vida\",\"url\":\"https:\\\/\\\/eldigitaldeasturias.com\\\/magazine365\\\/\",\"logo\":{\"@type\":\"ImageObject\",\"url\":\"https:\\\/\\\/www.eldigitaldeasturias.com\\\/noticias\\\/wp-content\\\/uploads\\\/2020\\\/12\\\/EDA.jpg\",\"@id\":\"https:\\\/\\\/eldigitaldeasturias.com\\\/magazine365\\\/el-cluster-del-turismo-de-extremadura-colabora-en-una-iniciativa-de-transformacion-de-terrenos\\\/#organizationLogo\"},\"image\":{\"@id\":\"https:\\\/\\\/eldigitaldeasturias.com\\\/magazine365\\\/el-cluster-del-turismo-de-extremadura-colabora-en-una-iniciativa-de-transformacion-de-terrenos\\\/#organizationLogo\"}},{\"@type\":\"Person\",\"@id\":\"https:\\\/\\\/eldigitaldeasturias.com\\\/magazine365\\\/author\\\/admin\\\/#author\",\"url\":\"https:\\\/\\\/eldigitaldeasturias.com\\\/magazine365\\\/author\\\/admin\\\/\",\"name\":\"admin\",\"image\":{\"@type\":\"ImageObject\",\"@id\":\"https:\\\/\\\/eldigitaldeasturias.com\\\/magazine365\\\/el-cluster-del-turismo-de-extremadura-colabora-en-una-iniciativa-de-transformacion-de-terrenos\\\/#authorImage\",\"url\":\"https:\\\/\\\/eldigitaldeasturias.com\\\/magazine365\\\/wp-content\\\/litespeed\\\/avatar\\\/e571bcf59a0edd6fa6838245a470f2fe.jpg?ver=1776969259\",\"width\":96,\"height\":96,\"caption\":\"admin\"}},{\"@type\":\"WebPage\",\"@id\":\"https:\\\/\\\/eldigitaldeasturias.com\\\/magazine365\\\/el-cluster-del-turismo-de-extremadura-colabora-en-una-iniciativa-de-transformacion-de-terrenos\\\/#webpage\",\"url\":\"https:\\\/\\\/eldigitaldeasturias.com\\\/magazine365\\\/el-cluster-del-turismo-de-extremadura-colabora-en-una-iniciativa-de-transformacion-de-terrenos\\\/\",\"name\":\"El Cl\\u00faster del Turismo de Extremadura colabora en una iniciativa de transformaci\\u00f3n de terrenos | El Digital de Asturias\",\"description\":\"El Cl\\u00faster del Turismo colabora en una iniciativa de la Fundaci\\u00f3n Econ\\u00e1nime que hasta el momento se est\\u00e1 desarrollando con \\\"\\u00e9xito\\\" en tres pueblos extreme\\u00f1os, en concreto, Trujillo, Saucedilla y Mengabril, y que promueve el desarrollo rural a trav\\u00e9s de la transformaci\\u00f3n de terrenos bald\\u00edos en huertos ecol\\u00f3gicos. El objetivo de Eco\\u00e1nime es extender esta\",\"inLanguage\":\"es-ES\",\"isPartOf\":{\"@id\":\"https:\\\/\\\/eldigitaldeasturias.com\\\/magazine365\\\/#website\"},\"breadcrumb\":{\"@id\":\"https:\\\/\\\/eldigitaldeasturias.com\\\/magazine365\\\/el-cluster-del-turismo-de-extremadura-colabora-en-una-iniciativa-de-transformacion-de-terrenos\\\/#breadcrumblist\"},\"author\":{\"@id\":\"https:\\\/\\\/eldigitaldeasturias.com\\\/magazine365\\\/author\\\/admin\\\/#author\"},\"creator\":{\"@id\":\"https:\\\/\\\/eldigitaldeasturias.com\\\/magazine365\\\/author\\\/admin\\\/#author\"},\"image\":{\"@type\":\"ImageObject\",\"url\":\"https:\\\/\\\/eldigitaldeasturias.com\\\/magazine365\\\/wp-content\\\/uploads\\\/2016\\\/06\\\/fotonoticia_20160616104245_800.jpg\",\"@id\":\"https:\\\/\\\/eldigitaldeasturias.com\\\/magazine365\\\/el-cluster-del-turismo-de-extremadura-colabora-en-una-iniciativa-de-transformacion-de-terrenos\\\/#mainImage\",\"width\":800,\"height\":450},\"primaryImageOfPage\":{\"@id\":\"https:\\\/\\\/eldigitaldeasturias.com\\\/magazine365\\\/el-cluster-del-turismo-de-extremadura-colabora-en-una-iniciativa-de-transformacion-de-terrenos\\\/#mainImage\"},\"datePublished\":\"2016-06-16T13:23:24+02:00\",\"dateModified\":\"2016-06-16T13:23:24+02:00\"},{\"@type\":\"WebSite\",\"@id\":\"https:\\\/\\\/eldigitaldeasturias.com\\\/magazine365\\\/#website\",\"url\":\"https:\\\/\\\/eldigitaldeasturias.com\\\/magazine365\\\/\",\"name\":\"El Digital de Asturias\",\"description\":\"Revista de ocio, turismo y estilo de vida\",\"inLanguage\":\"es-ES\",\"publisher\":{\"@id\":\"https:\\\/\\\/eldigitaldeasturias.com\\\/magazine365\\\/#organization\"}}]}\n\t\t<\/script>\n\t\t<!-- All in One SEO Pro -->\r\n\t\t<title>El Cl\u00faster del Turismo de Extremadura colabora en una iniciativa de transformaci\u00f3n de terrenos | El Digital de Asturias<\/title>\n\n","aioseo_head_json":{"title":"El Cl\u00faster del Turismo de Extremadura colabora en una iniciativa de transformaci\u00f3n de terrenos | El Digital de Asturias","description":"El Cl\u00faster del Turismo colabora en una iniciativa de la Fundaci\u00f3n Econ\u00e1nime que hasta el momento se est\u00e1 desarrollando con \"\u00e9xito\" en tres pueblos extreme\u00f1os, en concreto, Trujillo, Saucedilla y Mengabril, y que promueve el desarrollo rural a trav\u00e9s de la transformaci\u00f3n de terrenos bald\u00edos en huertos ecol\u00f3gicos. El objetivo de Eco\u00e1nime es extender esta","canonical_url":"https:\/\/eldigitaldeasturias.com\/magazine365\/el-cluster-del-turismo-de-extremadura-colabora-en-una-iniciativa-de-transformacion-de-terrenos\/","robots":"max-image-preview:large","keywords":"noticias y actualidad","webmasterTools":{"google-site-verification":"UA-38556648-1","miscellaneous":""},"schema":{"@context":"https:\/\/schema.org","@graph":[{"@type":"Article","@id":"https:\/\/eldigitaldeasturias.com\/magazine365\/el-cluster-del-turismo-de-extremadura-colabora-en-una-iniciativa-de-transformacion-de-terrenos\/#article","name":"El Cl\u00faster del Turismo de Extremadura colabora en una iniciativa de transformaci\u00f3n de terrenos | El Digital de Asturias","headline":"El Cl\u00faster del Turismo de Extremadura colabora en una iniciativa de transformaci\u00f3n de terrenos","author":{"@id":"https:\/\/eldigitaldeasturias.com\/magazine365\/author\/admin\/#author"},"publisher":{"@id":"https:\/\/eldigitaldeasturias.com\/magazine365\/#organization"},"image":{"@type":"ImageObject","url":"https:\/\/eldigitaldeasturias.com\/magazine365\/wp-content\/uploads\/2016\/06\/fotonoticia_20160616104245_800.jpg","width":800,"height":450},"datePublished":"2016-06-16T13:23:24+02:00","dateModified":"2016-06-16T13:23:24+02:00","inLanguage":"es-ES","mainEntityOfPage":{"@id":"https:\/\/eldigitaldeasturias.com\/magazine365\/el-cluster-del-turismo-de-extremadura-colabora-en-una-iniciativa-de-transformacion-de-terrenos\/#webpage"},"isPartOf":{"@id":"https:\/\/eldigitaldeasturias.com\/magazine365\/el-cluster-del-turismo-de-extremadura-colabora-en-una-iniciativa-de-transformacion-de-terrenos\/#webpage"},"articleSection":"Noticias y Actualidad"},{"@type":"BreadcrumbList","@id":"https:\/\/eldigitaldeasturias.com\/magazine365\/el-cluster-del-turismo-de-extremadura-colabora-en-una-iniciativa-de-transformacion-de-terrenos\/#breadcrumblist","itemListElement":[{"@type":"ListItem","@id":"https:\/\/eldigitaldeasturias.com\/magazine365#listItem","position":1,"name":"Home","item":"https:\/\/eldigitaldeasturias.com\/magazine365","nextItem":{"@type":"ListItem","@id":"https:\/\/eldigitaldeasturias.com\/magazine365\/category\/noticias-actualidad\/#listItem","name":"Noticias y Actualidad"}},{"@type":"ListItem","@id":"https:\/\/eldigitaldeasturias.com\/magazine365\/category\/noticias-actualidad\/#listItem","position":2,"name":"Noticias y Actualidad","item":"https:\/\/eldigitaldeasturias.com\/magazine365\/category\/noticias-actualidad\/","nextItem":{"@type":"ListItem","@id":"https:\/\/eldigitaldeasturias.com\/magazine365\/el-cluster-del-turismo-de-extremadura-colabora-en-una-iniciativa-de-transformacion-de-terrenos\/#listItem","name":"El Cl\u00faster del Turismo de Extremadura colabora en una iniciativa de transformaci\u00f3n de terrenos"},"previousItem":{"@type":"ListItem","@id":"https:\/\/eldigitaldeasturias.com\/magazine365#listItem","name":"Home"}},{"@type":"ListItem","@id":"https:\/\/eldigitaldeasturias.com\/magazine365\/el-cluster-del-turismo-de-extremadura-colabora-en-una-iniciativa-de-transformacion-de-terrenos\/#listItem","position":3,"name":"El Cl\u00faster del Turismo de Extremadura colabora en una iniciativa de transformaci\u00f3n de terrenos","previousItem":{"@type":"ListItem","@id":"https:\/\/eldigitaldeasturias.com\/magazine365\/category\/noticias-actualidad\/#listItem","name":"Noticias y Actualidad"}}]},{"@type":"Organization","@id":"https:\/\/eldigitaldeasturias.com\/magazine365\/#organization","name":"El digital de Asturias","description":"Revista de ocio, turismo y estilo de vida","url":"https:\/\/eldigitaldeasturias.com\/magazine365\/","logo":{"@type":"ImageObject","url":"https:\/\/www.eldigitaldeasturias.com\/noticias\/wp-content\/uploads\/2020\/12\/EDA.jpg","@id":"https:\/\/eldigitaldeasturias.com\/magazine365\/el-cluster-del-turismo-de-extremadura-colabora-en-una-iniciativa-de-transformacion-de-terrenos\/#organizationLogo"},"image":{"@id":"https:\/\/eldigitaldeasturias.com\/magazine365\/el-cluster-del-turismo-de-extremadura-colabora-en-una-iniciativa-de-transformacion-de-terrenos\/#organizationLogo"}},{"@type":"Person","@id":"https:\/\/eldigitaldeasturias.com\/magazine365\/author\/admin\/#author","url":"https:\/\/eldigitaldeasturias.com\/magazine365\/author\/admin\/","name":"admin","image":{"@type":"ImageObject","@id":"https:\/\/eldigitaldeasturias.com\/magazine365\/el-cluster-del-turismo-de-extremadura-colabora-en-una-iniciativa-de-transformacion-de-terrenos\/#authorImage","url":"https:\/\/eldigitaldeasturias.com\/magazine365\/wp-content\/litespeed\/avatar\/e571bcf59a0edd6fa6838245a470f2fe.jpg?ver=1776969259","width":96,"height":96,"caption":"admin"}},{"@type":"WebPage","@id":"https:\/\/eldigitaldeasturias.com\/magazine365\/el-cluster-del-turismo-de-extremadura-colabora-en-una-iniciativa-de-transformacion-de-terrenos\/#webpage","url":"https:\/\/eldigitaldeasturias.com\/magazine365\/el-cluster-del-turismo-de-extremadura-colabora-en-una-iniciativa-de-transformacion-de-terrenos\/","name":"El Cl\u00faster del Turismo de Extremadura colabora en una iniciativa de transformaci\u00f3n de terrenos | El Digital de Asturias","description":"El Cl\u00faster del Turismo colabora en una iniciativa de la Fundaci\u00f3n Econ\u00e1nime que hasta el momento se est\u00e1 desarrollando con \"\u00e9xito\" en tres pueblos extreme\u00f1os, en concreto, Trujillo, Saucedilla y Mengabril, y que promueve el desarrollo rural a trav\u00e9s de la transformaci\u00f3n de terrenos bald\u00edos en huertos ecol\u00f3gicos. El objetivo de Eco\u00e1nime es extender esta","inLanguage":"es-ES","isPartOf":{"@id":"https:\/\/eldigitaldeasturias.com\/magazine365\/#website"},"breadcrumb":{"@id":"https:\/\/eldigitaldeasturias.com\/magazine365\/el-cluster-del-turismo-de-extremadura-colabora-en-una-iniciativa-de-transformacion-de-terrenos\/#breadcrumblist"},"author":{"@id":"https:\/\/eldigitaldeasturias.com\/magazine365\/author\/admin\/#author"},"creator":{"@id":"https:\/\/eldigitaldeasturias.com\/magazine365\/author\/admin\/#author"},"image":{"@type":"ImageObject","url":"https:\/\/eldigitaldeasturias.com\/magazine365\/wp-content\/uploads\/2016\/06\/fotonoticia_20160616104245_800.jpg","@id":"https:\/\/eldigitaldeasturias.com\/magazine365\/el-cluster-del-turismo-de-extremadura-colabora-en-una-iniciativa-de-transformacion-de-terrenos\/#mainImage","width":800,"height":450},"primaryImageOfPage":{"@id":"https:\/\/eldigitaldeasturias.com\/magazine365\/el-cluster-del-turismo-de-extremadura-colabora-en-una-iniciativa-de-transformacion-de-terrenos\/#mainImage"},"datePublished":"2016-06-16T13:23:24+02:00","dateModified":"2016-06-16T13:23:24+02:00"},{"@type":"WebSite","@id":"https:\/\/eldigitaldeasturias.com\/magazine365\/#website","url":"https:\/\/eldigitaldeasturias.com\/magazine365\/","name":"El Digital de Asturias","description":"Revista de ocio, turismo y estilo de vida","inLanguage":"es-ES","publisher":{"@id":"https:\/\/eldigitaldeasturias.com\/magazine365\/#organization"}}]},"og:locale":"es_ES","og:site_name":"El Digital de Asturias \u2013 Revista de ocio, turismo y estilo de vida","og:type":"article","og:title":"El Cl\u00faster del Turismo de Extremadura colabora en una iniciativa de transformaci\u00f3n de terrenos | El Digital de Asturias","og:description":"El Cl\u00faster del Turismo colabora en una iniciativa de la Fundaci\u00f3n Econ\u00e1nime que hasta el momento se est\u00e1 desarrollando con &quot;\u00e9xito&quot; en tres pueblos extreme\u00f1os, en concreto, Trujillo, Saucedilla y Mengabril, y que promueve el desarrollo rural a trav\u00e9s de la transformaci\u00f3n de terrenos bald\u00edos en huertos ecol\u00f3gicos. El objetivo de Eco\u00e1nime es extender esta","og:url":"https:\/\/eldigitaldeasturias.com\/magazine365\/el-cluster-del-turismo-de-extremadura-colabora-en-una-iniciativa-de-transformacion-de-terrenos\/","og:image":"https:\/\/eldigitaldeasturias.com\/magazine365\/wp-content\/uploads\/2016\/06\/fotonoticia_20160616104245_800.jpg","og:image:secure_url":"https:\/\/eldigitaldeasturias.com\/magazine365\/wp-content\/uploads\/2016\/06\/fotonoticia_20160616104245_800.jpg","og:image:width":800,"og:image:height":450,"article:published_time":"2016-06-16T11:23:24+00:00","article:modified_time":"2016-06-16T11:23:24+00:00","twitter:card":"summary_large_image","twitter:title":"El Cl\u00faster del Turismo de Extremadura colabora en una iniciativa de transformaci\u00f3n de terrenos | El Digital de Asturias","twitter:description":"El Cl\u00faster del Turismo colabora en una iniciativa de la Fundaci\u00f3n Econ\u00e1nime que hasta el momento se est\u00e1 desarrollando con &quot;\u00e9xito&quot; en tres pueblos extreme\u00f1os, en concreto, Trujillo, Saucedilla y Mengabril, y que promueve el desarrollo rural a trav\u00e9s de la transformaci\u00f3n de terrenos bald\u00edos en huertos ecol\u00f3gicos. El objetivo de Eco\u00e1nime es extender esta","twitter:image":"https:\/\/eldigitaldeasturias.com\/magazine365\/wp-content\/uploads\/2016\/06\/fotonoticia_20160616104245_800.jpg"},"aioseo_meta_data":{"post_id":"79610","title":null,"description":null,"keywords":null,"keyphrases":null,"primary_term":null,"canonical_url":null,"og_title":null,"og_description":null,"og_object_type":"default","og_image_type":"default","og_image_url":null,"og_image_width":null,"og_image_height":null,"og_image_custom_url":null,"og_image_custom_fields":null,"og_video":null,"og_custom_url":null,"og_article_section":null,"og_article_tags":null,"twitter_use_og":false,"twitter_card":"default","twitter_image_type":"default","twitter_image_url":null,"twitter_image_custom_url":null,"twitter_image_custom_fields":null,"twitter_title":null,"twitter_description":null,"schema":{"blockGraphs":[],"customGraphs":[],"default":{"data":{"Article":[],"Course":[],"Dataset":[],"FAQPage":[],"Movie":[],"Person":[],"Product":[],"ProductReview":[],"Car":[],"Recipe":[],"Service":[],"SoftwareApplication":[],"WebPage":[]},"graphName":"","isEnabled":true},"graphs":[],"defaultGraph":"","defaultPostTypeGraph":""},"schema_type":null,"schema_type_options":null,"pillar_content":false,"robots_default":true,"robots_noindex":false,"robots_noarchive":false,"robots_nosnippet":false,"robots_nofollow":false,"robots_noimageindex":false,"robots_noodp":false,"robots_notranslate":false,"robots_max_snippet":null,"robots_max_videopreview":null,"robots_max_imagepreview":"large","priority":null,"frequency":null,"location":null,"local_seo":null,"seo_analyzer_scan_date":"2025-09-27 19:14:08","breadcrumb_settings":null,"limit_modified_date":false,"open_ai":null,"ai":null,"created":"2021-03-08 17:47:25","updated":"2025-09-27 19:14:08"},"aioseo_breadcrumb":"<div class=\"aioseo-breadcrumbs\"><span class=\"aioseo-breadcrumb\">\n\t<a href=\"https:\/\/eldigitaldeasturias.com\/magazine365\" title=\"Home\">Home<\/a>\n<\/span><span class=\"aioseo-breadcrumb-separator\">\u2013<\/span><span class=\"aioseo-breadcrumb\">\n\t<a href=\"https:\/\/eldigitaldeasturias.com\/magazine365\/category\/noticias-actualidad\/\" title=\"Noticias y Actualidad\">Noticias y Actualidad<\/a>\n<\/span><span class=\"aioseo-breadcrumb-separator\">\u2013<\/span><span class=\"aioseo-breadcrumb\">\n\t<a href=\"https:\/\/eldigitaldeasturias.com\/magazine365\/el-cluster-del-turismo-de-extremadura-colabora-en-una-iniciativa-de-transformacion-de-terrenos\/\" title=\"El Cl\u00faster del Turismo de Extremadura colabora en una iniciativa de transformaci\u00f3n de terrenos\">El Cl\u00faster del Turismo de Extremadura colabora en una iniciativa de transformaci\u00f3n de terrenos<\/a>\n<\/span><\/div>","aioseo_breadcrumb_json":[{"label":"Home","link":"https:\/\/eldigitaldeasturias.com\/magazine365"},{"label":"Noticias y Actualidad","link":"https:\/\/eldigitaldeasturias.com\/magazine365\/category\/noticias-actualidad\/"},{"label":"El Cl\u00faster del Turismo de Extremadura colabora en una iniciativa de transformaci\u00f3n de terrenos","link":"https:\/\/eldigitaldeasturias.com\/magazine365\/el-cluster-del-turismo-de-extremadura-colabora-en-una-iniciativa-de-transformacion-de-terrenos\/"}],"_links":{"self":[{"href":"https:\/\/eldigitaldeasturias.com\/magazine365\/wp-json\/wp\/v2\/posts\/79610","targetHints":{"allow":["GET"]}}],"collection":[{"href":"https:\/\/eldigitaldeasturias.com\/magazine365\/wp-json\/wp\/v2\/posts"}],"about":[{"href":"https:\/\/eldigitaldeasturias.com\/magazine365\/wp-json\/wp\/v2\/types\/post"}],"author":[{"embeddable":true,"href":"https:\/\/eldigitaldeasturias.com\/magazine365\/wp-json\/wp\/v2\/users\/1"}],"replies":[{"embeddable":true,"href":"https:\/\/eldigitaldeasturias.com\/magazine365\/wp-json\/wp\/v2\/comments?post=79610"}],"version-history":[{"count":0,"href":"https:\/\/eldigitaldeasturias.com\/magazine365\/wp-json\/wp\/v2\/posts\/79610\/revisions"}],"wp:featuredmedia":[{"embeddable":true,"href":"https:\/\/eldigitaldeasturias.com\/magazine365\/wp-json\/wp\/v2\/media\/79611"}],"wp:attachment":[{"href":"https:\/\/eldigitaldeasturias.com\/magazine365\/wp-json\/wp\/v2\/media?parent=79610"}],"wp:term":[{"taxonomy":"category","embeddable":true,"href":"https:\/\/eldigitaldeasturias.com\/magazine365\/wp-json\/wp\/v2\/categories?post=79610"},{"taxonomy":"post_tag","embeddable":true,"href":"https:\/\/eldigitaldeasturias.com\/magazine365\/wp-json\/wp\/v2\/tags?post=79610"}],"curies":[{"name":"wp","href":"https:\/\/api.w.org\/{rel}","templated":true}]}}