{"id":79604,"date":"2016-06-16T13:17:31","date_gmt":"2016-06-16T11:17:31","guid":{"rendered":"http:\/\/eldigitaldeasturias.com\/magazine365\/?p=79604"},"modified":"2016-06-16T13:17:31","modified_gmt":"2016-06-16T11:17:31","slug":"los-alquileres-en-las-zonas-de-costa-protagonizan-las-mayores-subidas-de-precio-segun-fotocasa","status":"publish","type":"post","link":"https:\/\/eldigitaldeasturias.com\/magazine365\/los-alquileres-en-las-zonas-de-costa-protagonizan-las-mayores-subidas-de-precio-segun-fotocasa\/","title":{"rendered":"Los alquileres en las zonas de costa protagonizan las mayores subidas de precio, seg\u00fan fotocasa"},"content":{"rendered":"<p><img fetchpriority=\"high\" decoding=\"async\" class=\"alignleft size-medium wp-image-79605\" src=\"https:\/\/eldigitaldeasturias.com\/magazine365\/wp-content\/uploads\/2016\/06\/fotonoticia_20160616102908_800-360x270.jpg\" alt=\"fotonoticia_20160616102908_800\" width=\"360\" height=\"270\" srcset=\"https:\/\/eldigitaldeasturias.com\/magazine365\/wp-content\/uploads\/2016\/06\/fotonoticia_20160616102908_800-360x270.jpg 360w, https:\/\/eldigitaldeasturias.com\/magazine365\/wp-content\/uploads\/2016\/06\/fotonoticia_20160616102908_800-650x488.jpg 650w, https:\/\/eldigitaldeasturias.com\/magazine365\/wp-content\/uploads\/2016\/06\/fotonoticia_20160616102908_800-768x576.jpg 768w, https:\/\/eldigitaldeasturias.com\/magazine365\/wp-content\/uploads\/2016\/06\/fotonoticia_20160616102908_800-150x113.jpg 150w, https:\/\/eldigitaldeasturias.com\/magazine365\/wp-content\/uploads\/2016\/06\/fotonoticia_20160616102908_800-450x338.jpg 450w, https:\/\/eldigitaldeasturias.com\/magazine365\/wp-content\/uploads\/2016\/06\/fotonoticia_20160616102908_800-90x67.jpg 90w, https:\/\/eldigitaldeasturias.com\/magazine365\/wp-content\/uploads\/2016\/06\/fotonoticia_20160616102908_800-164x124.jpg 164w, https:\/\/eldigitaldeasturias.com\/magazine365\/wp-content\/uploads\/2016\/06\/fotonoticia_20160616102908_800-100x75.jpg 100w, https:\/\/eldigitaldeasturias.com\/magazine365\/wp-content\/uploads\/2016\/06\/fotonoticia_20160616102908_800.jpg 800w\" sizes=\"(max-width: 360px) 100vw, 360px\" \/>Las provincias espa\u00f1olas que tienen costa est\u00e1n protagonizando los mayores incrementos interanuales en el precio de la vivienda en alquiler, seg\u00fan los \u00faltimos datos del \u00cdndice Inmobiliario de mayo realizado por el portal inmobiliario fotocasa.<\/p>\n<p>De hecho, en las 15 provincias en las que m\u00e1s sube el precio interanual del alquiler, 13 de ellas cuentan con costa, a excepci\u00f3n de Madrid y Guadalajara. As\u00ed, las cuatro provincias que m\u00e1s incrementan el alquiler interanual lo hacen por encima del 10%.<\/p>\n<p>Se trata de Baleares, que sube un 18,1% el precio interanual, seguido de Huelva (+17,3%), Barcelona (+15,9%) y Alicante (+11,6%), todas ellas zonas costeras. Por debajo de estas provincias se sit\u00faan M\u00e1laga y Murcia, con incrementos del 9,9% y del 9,8%, respectivamente.<\/p>\n<p>En el otro extremo, entre las nueve provincias que m\u00e1s descienden el precio no existe ninguna con costa. De hecho, la provincia que m\u00e1s desciende en mayo es Teruel, en concreto baja a nivel interanual un 7,4%, seguido de Zamora (-4%), C\u00e1ceres (-3,6%), Ja\u00e9n (-2,8%) y Burgos (-2%).<\/p>\n<p>\u00abEl mercado del alquiler est\u00e1 creciendo con fuerza en Espa\u00f1a, tanto desde el punto de vista de la oferta como de la demanda. Por ello, los precios est\u00e1n subiendo de forma generalizada en buena parte del pa\u00eds\u00bb, explica la responsable de Estudios de fotocasa, Beatriz Toribio.<\/p>\n<p>Entre las causas del auge de la vivienda en alquiler, Toribio destaca principalmente la \u00abfuerte demanda\u00bb y la \u00abimposibilidad\u00bb de comprar una vivienda por buena parte de la poblaci\u00f3n. A esto se suma que \u00abse est\u00e1 produciendo un cambio de mentalidad en los espa\u00f1oles a favor de esta forma de vida que puede ser una oportunidad para el sector si se sabe aprovechar\u00bb.<\/p>\n","protected":false},"excerpt":{"rendered":"<p>Las provincias espa\u00f1olas que tienen costa est\u00e1n protagonizando los mayores incrementos interanuales en el precio de la vivienda en alquiler, seg\u00fan los \u00faltimos datos del \u00cdndice Inmobiliario de mayo realizado por el portal inmobiliario fotocasa. De hecho, en las 15 provincias en las que m\u00e1s sube el precio interanual del alquiler, 13 de ellas cuentan<\/p>\n","protected":false},"author":1,"featured_media":79605,"comment_status":"open","ping_status":"closed","sticky":false,"template":"","format":"standard","meta":{"footnotes":""},"categories":[224],"tags":[],"class_list":{"0":"post-79604","1":"post","2":"type-post","3":"status-publish","4":"format-standard","5":"has-post-thumbnail","7":"category-noticias-actualidad"},"aioseo_notices":[],"aioseo_head":"\n\t\t<!-- All in One SEO Pro 4.9.6.1 - aioseo.com -->\n\t<meta name=\"description\" content=\"Las provincias espa\u00f1olas que tienen costa est\u00e1n protagonizando los mayores incrementos interanuales en el precio de la vivienda en alquiler, seg\u00fan los \u00faltimos datos del \u00cdndice Inmobiliario de mayo realizado por el portal inmobiliario fotocasa. De hecho, en las 15 provincias en las que m\u00e1s sube el precio interanual del alquiler, 13 de ellas cuentan\" \/>\n\t<meta name=\"robots\" content=\"max-image-preview:large\" \/>\n\t<meta name=\"author\" content=\"admin\"\/>\n\t<meta name=\"google-site-verification\" content=\"UA-38556648-1\" \/>\n\t<meta name=\"keywords\" content=\"noticias y actualidad\" \/>\n\t<link rel=\"canonical\" href=\"https:\/\/eldigitaldeasturias.com\/magazine365\/los-alquileres-en-las-zonas-de-costa-protagonizan-las-mayores-subidas-de-precio-segun-fotocasa\/\" \/>\n\t<meta name=\"generator\" content=\"All in One SEO Pro (AIOSEO) 4.9.6.1\" \/>\n\t\t<meta property=\"og:locale\" content=\"es_ES\" \/>\n\t\t<meta property=\"og:site_name\" content=\"El Digital de Asturias \u2013 Revista de ocio, turismo y estilo de vida\" \/>\n\t\t<meta property=\"og:type\" content=\"article\" \/>\n\t\t<meta property=\"og:title\" content=\"Los alquileres en las zonas de costa protagonizan las mayores subidas de precio, seg\u00fan fotocasa | El Digital de Asturias\" \/>\n\t\t<meta property=\"og:description\" content=\"Las provincias espa\u00f1olas que tienen costa est\u00e1n protagonizando los mayores incrementos interanuales en el precio de la vivienda en alquiler, seg\u00fan los \u00faltimos datos del \u00cdndice Inmobiliario de mayo realizado por el portal inmobiliario fotocasa. De hecho, en las 15 provincias en las que m\u00e1s sube el precio interanual del alquiler, 13 de ellas cuentan\" \/>\n\t\t<meta property=\"og:url\" content=\"https:\/\/eldigitaldeasturias.com\/magazine365\/los-alquileres-en-las-zonas-de-costa-protagonizan-las-mayores-subidas-de-precio-segun-fotocasa\/\" \/>\n\t\t<meta property=\"og:image\" content=\"https:\/\/eldigitaldeasturias.com\/magazine365\/wp-content\/uploads\/2016\/06\/fotonoticia_20160616102908_800.jpg\" \/>\n\t\t<meta property=\"og:image:secure_url\" content=\"https:\/\/eldigitaldeasturias.com\/magazine365\/wp-content\/uploads\/2016\/06\/fotonoticia_20160616102908_800.jpg\" \/>\n\t\t<meta property=\"og:image:width\" content=\"800\" \/>\n\t\t<meta property=\"og:image:height\" content=\"600\" \/>\n\t\t<meta property=\"article:published_time\" content=\"2016-06-16T11:17:31+00:00\" \/>\n\t\t<meta property=\"article:modified_time\" content=\"2016-06-16T11:17:31+00:00\" \/>\n\t\t<meta name=\"twitter:card\" content=\"summary_large_image\" \/>\n\t\t<meta name=\"twitter:title\" content=\"Los alquileres en las zonas de costa protagonizan las mayores subidas de precio, seg\u00fan fotocasa | El Digital de Asturias\" \/>\n\t\t<meta name=\"twitter:description\" content=\"Las provincias espa\u00f1olas que tienen costa est\u00e1n protagonizando los mayores incrementos interanuales en el precio de la vivienda en alquiler, seg\u00fan los \u00faltimos datos del \u00cdndice Inmobiliario de mayo realizado por el portal inmobiliario fotocasa. De hecho, en las 15 provincias en las que m\u00e1s sube el precio interanual del alquiler, 13 de ellas cuentan\" \/>\n\t\t<meta name=\"twitter:image\" content=\"https:\/\/eldigitaldeasturias.com\/magazine365\/wp-content\/uploads\/2016\/06\/fotonoticia_20160616102908_800.jpg\" \/>\n\t\t<script type=\"application\/ld+json\" class=\"aioseo-schema\">\n\t\t\t{\"@context\":\"https:\\\/\\\/schema.org\",\"@graph\":[{\"@type\":\"Article\",\"@id\":\"https:\\\/\\\/eldigitaldeasturias.com\\\/magazine365\\\/los-alquileres-en-las-zonas-de-costa-protagonizan-las-mayores-subidas-de-precio-segun-fotocasa\\\/#article\",\"name\":\"Los alquileres en las zonas de costa protagonizan las mayores subidas de precio, seg\\u00fan fotocasa | El Digital de Asturias\",\"headline\":\"Los alquileres en las zonas de costa protagonizan las mayores subidas de precio, seg\\u00fan fotocasa\",\"author\":{\"@id\":\"https:\\\/\\\/eldigitaldeasturias.com\\\/magazine365\\\/author\\\/admin\\\/#author\"},\"publisher\":{\"@id\":\"https:\\\/\\\/eldigitaldeasturias.com\\\/magazine365\\\/#organization\"},\"image\":{\"@type\":\"ImageObject\",\"url\":\"https:\\\/\\\/eldigitaldeasturias.com\\\/magazine365\\\/wp-content\\\/uploads\\\/2016\\\/06\\\/fotonoticia_20160616102908_800.jpg\",\"width\":800,\"height\":600},\"datePublished\":\"2016-06-16T13:17:31+02:00\",\"dateModified\":\"2016-06-16T13:17:31+02:00\",\"inLanguage\":\"es-ES\",\"mainEntityOfPage\":{\"@id\":\"https:\\\/\\\/eldigitaldeasturias.com\\\/magazine365\\\/los-alquileres-en-las-zonas-de-costa-protagonizan-las-mayores-subidas-de-precio-segun-fotocasa\\\/#webpage\"},\"isPartOf\":{\"@id\":\"https:\\\/\\\/eldigitaldeasturias.com\\\/magazine365\\\/los-alquileres-en-las-zonas-de-costa-protagonizan-las-mayores-subidas-de-precio-segun-fotocasa\\\/#webpage\"},\"articleSection\":\"Noticias y Actualidad\"},{\"@type\":\"BreadcrumbList\",\"@id\":\"https:\\\/\\\/eldigitaldeasturias.com\\\/magazine365\\\/los-alquileres-en-las-zonas-de-costa-protagonizan-las-mayores-subidas-de-precio-segun-fotocasa\\\/#breadcrumblist\",\"itemListElement\":[{\"@type\":\"ListItem\",\"@id\":\"https:\\\/\\\/eldigitaldeasturias.com\\\/magazine365#listItem\",\"position\":1,\"name\":\"Home\",\"item\":\"https:\\\/\\\/eldigitaldeasturias.com\\\/magazine365\",\"nextItem\":{\"@type\":\"ListItem\",\"@id\":\"https:\\\/\\\/eldigitaldeasturias.com\\\/magazine365\\\/category\\\/noticias-actualidad\\\/#listItem\",\"name\":\"Noticias y Actualidad\"}},{\"@type\":\"ListItem\",\"@id\":\"https:\\\/\\\/eldigitaldeasturias.com\\\/magazine365\\\/category\\\/noticias-actualidad\\\/#listItem\",\"position\":2,\"name\":\"Noticias y Actualidad\",\"item\":\"https:\\\/\\\/eldigitaldeasturias.com\\\/magazine365\\\/category\\\/noticias-actualidad\\\/\",\"nextItem\":{\"@type\":\"ListItem\",\"@id\":\"https:\\\/\\\/eldigitaldeasturias.com\\\/magazine365\\\/los-alquileres-en-las-zonas-de-costa-protagonizan-las-mayores-subidas-de-precio-segun-fotocasa\\\/#listItem\",\"name\":\"Los alquileres en las zonas de costa protagonizan las mayores subidas de precio, seg\\u00fan fotocasa\"},\"previousItem\":{\"@type\":\"ListItem\",\"@id\":\"https:\\\/\\\/eldigitaldeasturias.com\\\/magazine365#listItem\",\"name\":\"Home\"}},{\"@type\":\"ListItem\",\"@id\":\"https:\\\/\\\/eldigitaldeasturias.com\\\/magazine365\\\/los-alquileres-en-las-zonas-de-costa-protagonizan-las-mayores-subidas-de-precio-segun-fotocasa\\\/#listItem\",\"position\":3,\"name\":\"Los alquileres en las zonas de costa protagonizan las mayores subidas de precio, seg\\u00fan fotocasa\",\"previousItem\":{\"@type\":\"ListItem\",\"@id\":\"https:\\\/\\\/eldigitaldeasturias.com\\\/magazine365\\\/category\\\/noticias-actualidad\\\/#listItem\",\"name\":\"Noticias y Actualidad\"}}]},{\"@type\":\"Organization\",\"@id\":\"https:\\\/\\\/eldigitaldeasturias.com\\\/magazine365\\\/#organization\",\"name\":\"El digital de Asturias\",\"description\":\"Revista de ocio, turismo y estilo de vida\",\"url\":\"https:\\\/\\\/eldigitaldeasturias.com\\\/magazine365\\\/\",\"logo\":{\"@type\":\"ImageObject\",\"url\":\"https:\\\/\\\/www.eldigitaldeasturias.com\\\/noticias\\\/wp-content\\\/uploads\\\/2020\\\/12\\\/EDA.jpg\",\"@id\":\"https:\\\/\\\/eldigitaldeasturias.com\\\/magazine365\\\/los-alquileres-en-las-zonas-de-costa-protagonizan-las-mayores-subidas-de-precio-segun-fotocasa\\\/#organizationLogo\"},\"image\":{\"@id\":\"https:\\\/\\\/eldigitaldeasturias.com\\\/magazine365\\\/los-alquileres-en-las-zonas-de-costa-protagonizan-las-mayores-subidas-de-precio-segun-fotocasa\\\/#organizationLogo\"}},{\"@type\":\"Person\",\"@id\":\"https:\\\/\\\/eldigitaldeasturias.com\\\/magazine365\\\/author\\\/admin\\\/#author\",\"url\":\"https:\\\/\\\/eldigitaldeasturias.com\\\/magazine365\\\/author\\\/admin\\\/\",\"name\":\"admin\",\"image\":{\"@type\":\"ImageObject\",\"@id\":\"https:\\\/\\\/eldigitaldeasturias.com\\\/magazine365\\\/los-alquileres-en-las-zonas-de-costa-protagonizan-las-mayores-subidas-de-precio-segun-fotocasa\\\/#authorImage\",\"url\":\"https:\\\/\\\/eldigitaldeasturias.com\\\/magazine365\\\/wp-content\\\/litespeed\\\/avatar\\\/e571bcf59a0edd6fa6838245a470f2fe.jpg?ver=1776969259\",\"width\":96,\"height\":96,\"caption\":\"admin\"}},{\"@type\":\"WebPage\",\"@id\":\"https:\\\/\\\/eldigitaldeasturias.com\\\/magazine365\\\/los-alquileres-en-las-zonas-de-costa-protagonizan-las-mayores-subidas-de-precio-segun-fotocasa\\\/#webpage\",\"url\":\"https:\\\/\\\/eldigitaldeasturias.com\\\/magazine365\\\/los-alquileres-en-las-zonas-de-costa-protagonizan-las-mayores-subidas-de-precio-segun-fotocasa\\\/\",\"name\":\"Los alquileres en las zonas de costa protagonizan las mayores subidas de precio, seg\\u00fan fotocasa | El Digital de Asturias\",\"description\":\"Las provincias espa\\u00f1olas que tienen costa est\\u00e1n protagonizando los mayores incrementos interanuales en el precio de la vivienda en alquiler, seg\\u00fan los \\u00faltimos datos del \\u00cdndice Inmobiliario de mayo realizado por el portal inmobiliario fotocasa. De hecho, en las 15 provincias en las que m\\u00e1s sube el precio interanual del alquiler, 13 de ellas cuentan\",\"inLanguage\":\"es-ES\",\"isPartOf\":{\"@id\":\"https:\\\/\\\/eldigitaldeasturias.com\\\/magazine365\\\/#website\"},\"breadcrumb\":{\"@id\":\"https:\\\/\\\/eldigitaldeasturias.com\\\/magazine365\\\/los-alquileres-en-las-zonas-de-costa-protagonizan-las-mayores-subidas-de-precio-segun-fotocasa\\\/#breadcrumblist\"},\"author\":{\"@id\":\"https:\\\/\\\/eldigitaldeasturias.com\\\/magazine365\\\/author\\\/admin\\\/#author\"},\"creator\":{\"@id\":\"https:\\\/\\\/eldigitaldeasturias.com\\\/magazine365\\\/author\\\/admin\\\/#author\"},\"image\":{\"@type\":\"ImageObject\",\"url\":\"https:\\\/\\\/eldigitaldeasturias.com\\\/magazine365\\\/wp-content\\\/uploads\\\/2016\\\/06\\\/fotonoticia_20160616102908_800.jpg\",\"@id\":\"https:\\\/\\\/eldigitaldeasturias.com\\\/magazine365\\\/los-alquileres-en-las-zonas-de-costa-protagonizan-las-mayores-subidas-de-precio-segun-fotocasa\\\/#mainImage\",\"width\":800,\"height\":600},\"primaryImageOfPage\":{\"@id\":\"https:\\\/\\\/eldigitaldeasturias.com\\\/magazine365\\\/los-alquileres-en-las-zonas-de-costa-protagonizan-las-mayores-subidas-de-precio-segun-fotocasa\\\/#mainImage\"},\"datePublished\":\"2016-06-16T13:17:31+02:00\",\"dateModified\":\"2016-06-16T13:17:31+02:00\"},{\"@type\":\"WebSite\",\"@id\":\"https:\\\/\\\/eldigitaldeasturias.com\\\/magazine365\\\/#website\",\"url\":\"https:\\\/\\\/eldigitaldeasturias.com\\\/magazine365\\\/\",\"name\":\"El Digital de Asturias\",\"description\":\"Revista de ocio, turismo y estilo de vida\",\"inLanguage\":\"es-ES\",\"publisher\":{\"@id\":\"https:\\\/\\\/eldigitaldeasturias.com\\\/magazine365\\\/#organization\"}}]}\n\t\t<\/script>\n\t\t<!-- All in One SEO Pro -->\r\n\t\t<title>Los alquileres en las zonas de costa protagonizan las mayores subidas de precio, seg\u00fan fotocasa | El Digital de Asturias<\/title>\n\n","aioseo_head_json":{"title":"Los alquileres en las zonas de costa protagonizan las mayores subidas de precio, seg\u00fan fotocasa | El Digital de Asturias","description":"Las provincias espa\u00f1olas que tienen costa est\u00e1n protagonizando los mayores incrementos interanuales en el precio de la vivienda en alquiler, seg\u00fan los \u00faltimos datos del \u00cdndice Inmobiliario de mayo realizado por el portal inmobiliario fotocasa. De hecho, en las 15 provincias en las que m\u00e1s sube el precio interanual del alquiler, 13 de ellas cuentan","canonical_url":"https:\/\/eldigitaldeasturias.com\/magazine365\/los-alquileres-en-las-zonas-de-costa-protagonizan-las-mayores-subidas-de-precio-segun-fotocasa\/","robots":"max-image-preview:large","keywords":"noticias y actualidad","webmasterTools":{"google-site-verification":"UA-38556648-1","miscellaneous":""},"schema":{"@context":"https:\/\/schema.org","@graph":[{"@type":"Article","@id":"https:\/\/eldigitaldeasturias.com\/magazine365\/los-alquileres-en-las-zonas-de-costa-protagonizan-las-mayores-subidas-de-precio-segun-fotocasa\/#article","name":"Los alquileres en las zonas de costa protagonizan las mayores subidas de precio, seg\u00fan fotocasa | El Digital de Asturias","headline":"Los alquileres en las zonas de costa protagonizan las mayores subidas de precio, seg\u00fan fotocasa","author":{"@id":"https:\/\/eldigitaldeasturias.com\/magazine365\/author\/admin\/#author"},"publisher":{"@id":"https:\/\/eldigitaldeasturias.com\/magazine365\/#organization"},"image":{"@type":"ImageObject","url":"https:\/\/eldigitaldeasturias.com\/magazine365\/wp-content\/uploads\/2016\/06\/fotonoticia_20160616102908_800.jpg","width":800,"height":600},"datePublished":"2016-06-16T13:17:31+02:00","dateModified":"2016-06-16T13:17:31+02:00","inLanguage":"es-ES","mainEntityOfPage":{"@id":"https:\/\/eldigitaldeasturias.com\/magazine365\/los-alquileres-en-las-zonas-de-costa-protagonizan-las-mayores-subidas-de-precio-segun-fotocasa\/#webpage"},"isPartOf":{"@id":"https:\/\/eldigitaldeasturias.com\/magazine365\/los-alquileres-en-las-zonas-de-costa-protagonizan-las-mayores-subidas-de-precio-segun-fotocasa\/#webpage"},"articleSection":"Noticias y Actualidad"},{"@type":"BreadcrumbList","@id":"https:\/\/eldigitaldeasturias.com\/magazine365\/los-alquileres-en-las-zonas-de-costa-protagonizan-las-mayores-subidas-de-precio-segun-fotocasa\/#breadcrumblist","itemListElement":[{"@type":"ListItem","@id":"https:\/\/eldigitaldeasturias.com\/magazine365#listItem","position":1,"name":"Home","item":"https:\/\/eldigitaldeasturias.com\/magazine365","nextItem":{"@type":"ListItem","@id":"https:\/\/eldigitaldeasturias.com\/magazine365\/category\/noticias-actualidad\/#listItem","name":"Noticias y Actualidad"}},{"@type":"ListItem","@id":"https:\/\/eldigitaldeasturias.com\/magazine365\/category\/noticias-actualidad\/#listItem","position":2,"name":"Noticias y Actualidad","item":"https:\/\/eldigitaldeasturias.com\/magazine365\/category\/noticias-actualidad\/","nextItem":{"@type":"ListItem","@id":"https:\/\/eldigitaldeasturias.com\/magazine365\/los-alquileres-en-las-zonas-de-costa-protagonizan-las-mayores-subidas-de-precio-segun-fotocasa\/#listItem","name":"Los alquileres en las zonas de costa protagonizan las mayores subidas de precio, seg\u00fan fotocasa"},"previousItem":{"@type":"ListItem","@id":"https:\/\/eldigitaldeasturias.com\/magazine365#listItem","name":"Home"}},{"@type":"ListItem","@id":"https:\/\/eldigitaldeasturias.com\/magazine365\/los-alquileres-en-las-zonas-de-costa-protagonizan-las-mayores-subidas-de-precio-segun-fotocasa\/#listItem","position":3,"name":"Los alquileres en las zonas de costa protagonizan las mayores subidas de precio, seg\u00fan fotocasa","previousItem":{"@type":"ListItem","@id":"https:\/\/eldigitaldeasturias.com\/magazine365\/category\/noticias-actualidad\/#listItem","name":"Noticias y Actualidad"}}]},{"@type":"Organization","@id":"https:\/\/eldigitaldeasturias.com\/magazine365\/#organization","name":"El digital de Asturias","description":"Revista de ocio, turismo y estilo de vida","url":"https:\/\/eldigitaldeasturias.com\/magazine365\/","logo":{"@type":"ImageObject","url":"https:\/\/www.eldigitaldeasturias.com\/noticias\/wp-content\/uploads\/2020\/12\/EDA.jpg","@id":"https:\/\/eldigitaldeasturias.com\/magazine365\/los-alquileres-en-las-zonas-de-costa-protagonizan-las-mayores-subidas-de-precio-segun-fotocasa\/#organizationLogo"},"image":{"@id":"https:\/\/eldigitaldeasturias.com\/magazine365\/los-alquileres-en-las-zonas-de-costa-protagonizan-las-mayores-subidas-de-precio-segun-fotocasa\/#organizationLogo"}},{"@type":"Person","@id":"https:\/\/eldigitaldeasturias.com\/magazine365\/author\/admin\/#author","url":"https:\/\/eldigitaldeasturias.com\/magazine365\/author\/admin\/","name":"admin","image":{"@type":"ImageObject","@id":"https:\/\/eldigitaldeasturias.com\/magazine365\/los-alquileres-en-las-zonas-de-costa-protagonizan-las-mayores-subidas-de-precio-segun-fotocasa\/#authorImage","url":"https:\/\/eldigitaldeasturias.com\/magazine365\/wp-content\/litespeed\/avatar\/e571bcf59a0edd6fa6838245a470f2fe.jpg?ver=1776969259","width":96,"height":96,"caption":"admin"}},{"@type":"WebPage","@id":"https:\/\/eldigitaldeasturias.com\/magazine365\/los-alquileres-en-las-zonas-de-costa-protagonizan-las-mayores-subidas-de-precio-segun-fotocasa\/#webpage","url":"https:\/\/eldigitaldeasturias.com\/magazine365\/los-alquileres-en-las-zonas-de-costa-protagonizan-las-mayores-subidas-de-precio-segun-fotocasa\/","name":"Los alquileres en las zonas de costa protagonizan las mayores subidas de precio, seg\u00fan fotocasa | El Digital de Asturias","description":"Las provincias espa\u00f1olas que tienen costa est\u00e1n protagonizando los mayores incrementos interanuales en el precio de la vivienda en alquiler, seg\u00fan los \u00faltimos datos del \u00cdndice Inmobiliario de mayo realizado por el portal inmobiliario fotocasa. De hecho, en las 15 provincias en las que m\u00e1s sube el precio interanual del alquiler, 13 de ellas cuentan","inLanguage":"es-ES","isPartOf":{"@id":"https:\/\/eldigitaldeasturias.com\/magazine365\/#website"},"breadcrumb":{"@id":"https:\/\/eldigitaldeasturias.com\/magazine365\/los-alquileres-en-las-zonas-de-costa-protagonizan-las-mayores-subidas-de-precio-segun-fotocasa\/#breadcrumblist"},"author":{"@id":"https:\/\/eldigitaldeasturias.com\/magazine365\/author\/admin\/#author"},"creator":{"@id":"https:\/\/eldigitaldeasturias.com\/magazine365\/author\/admin\/#author"},"image":{"@type":"ImageObject","url":"https:\/\/eldigitaldeasturias.com\/magazine365\/wp-content\/uploads\/2016\/06\/fotonoticia_20160616102908_800.jpg","@id":"https:\/\/eldigitaldeasturias.com\/magazine365\/los-alquileres-en-las-zonas-de-costa-protagonizan-las-mayores-subidas-de-precio-segun-fotocasa\/#mainImage","width":800,"height":600},"primaryImageOfPage":{"@id":"https:\/\/eldigitaldeasturias.com\/magazine365\/los-alquileres-en-las-zonas-de-costa-protagonizan-las-mayores-subidas-de-precio-segun-fotocasa\/#mainImage"},"datePublished":"2016-06-16T13:17:31+02:00","dateModified":"2016-06-16T13:17:31+02:00"},{"@type":"WebSite","@id":"https:\/\/eldigitaldeasturias.com\/magazine365\/#website","url":"https:\/\/eldigitaldeasturias.com\/magazine365\/","name":"El Digital de Asturias","description":"Revista de ocio, turismo y estilo de vida","inLanguage":"es-ES","publisher":{"@id":"https:\/\/eldigitaldeasturias.com\/magazine365\/#organization"}}]},"og:locale":"es_ES","og:site_name":"El Digital de Asturias \u2013 Revista de ocio, turismo y estilo de vida","og:type":"article","og:title":"Los alquileres en las zonas de costa protagonizan las mayores subidas de precio, seg\u00fan fotocasa | El Digital de Asturias","og:description":"Las provincias espa\u00f1olas que tienen costa est\u00e1n protagonizando los mayores incrementos interanuales en el precio de la vivienda en alquiler, seg\u00fan los \u00faltimos datos del \u00cdndice Inmobiliario de mayo realizado por el portal inmobiliario fotocasa. De hecho, en las 15 provincias en las que m\u00e1s sube el precio interanual del alquiler, 13 de ellas cuentan","og:url":"https:\/\/eldigitaldeasturias.com\/magazine365\/los-alquileres-en-las-zonas-de-costa-protagonizan-las-mayores-subidas-de-precio-segun-fotocasa\/","og:image":"https:\/\/eldigitaldeasturias.com\/magazine365\/wp-content\/uploads\/2016\/06\/fotonoticia_20160616102908_800.jpg","og:image:secure_url":"https:\/\/eldigitaldeasturias.com\/magazine365\/wp-content\/uploads\/2016\/06\/fotonoticia_20160616102908_800.jpg","og:image:width":800,"og:image:height":600,"article:published_time":"2016-06-16T11:17:31+00:00","article:modified_time":"2016-06-16T11:17:31+00:00","twitter:card":"summary_large_image","twitter:title":"Los alquileres en las zonas de costa protagonizan las mayores subidas de precio, seg\u00fan fotocasa | El Digital de Asturias","twitter:description":"Las provincias espa\u00f1olas que tienen costa est\u00e1n protagonizando los mayores incrementos interanuales en el precio de la vivienda en alquiler, seg\u00fan los \u00faltimos datos del \u00cdndice Inmobiliario de mayo realizado por el portal inmobiliario fotocasa. De hecho, en las 15 provincias en las que m\u00e1s sube el precio interanual del alquiler, 13 de ellas cuentan","twitter:image":"https:\/\/eldigitaldeasturias.com\/magazine365\/wp-content\/uploads\/2016\/06\/fotonoticia_20160616102908_800.jpg"},"aioseo_meta_data":{"post_id":"79604","title":null,"description":null,"keywords":null,"keyphrases":null,"primary_term":null,"canonical_url":null,"og_title":null,"og_description":null,"og_object_type":"default","og_image_type":"default","og_image_url":null,"og_image_width":null,"og_image_height":null,"og_image_custom_url":null,"og_image_custom_fields":null,"og_video":null,"og_custom_url":null,"og_article_section":null,"og_article_tags":null,"twitter_use_og":false,"twitter_card":"default","twitter_image_type":"default","twitter_image_url":null,"twitter_image_custom_url":null,"twitter_image_custom_fields":null,"twitter_title":null,"twitter_description":null,"schema":{"blockGraphs":[],"customGraphs":[],"default":{"data":{"Article":[],"Course":[],"Dataset":[],"FAQPage":[],"Movie":[],"Person":[],"Product":[],"ProductReview":[],"Car":[],"Recipe":[],"Service":[],"SoftwareApplication":[],"WebPage":[]},"graphName":"","isEnabled":true},"graphs":[],"defaultGraph":"","defaultPostTypeGraph":""},"schema_type":null,"schema_type_options":null,"pillar_content":false,"robots_default":true,"robots_noindex":false,"robots_noarchive":false,"robots_nosnippet":false,"robots_nofollow":false,"robots_noimageindex":false,"robots_noodp":false,"robots_notranslate":false,"robots_max_snippet":null,"robots_max_videopreview":null,"robots_max_imagepreview":"large","priority":null,"frequency":null,"location":null,"local_seo":null,"seo_analyzer_scan_date":"2025-09-27 19:14:06","breadcrumb_settings":null,"limit_modified_date":false,"open_ai":null,"ai":null,"created":"2021-03-08 17:47:25","updated":"2025-09-27 19:14:06"},"aioseo_breadcrumb":"<div class=\"aioseo-breadcrumbs\"><span class=\"aioseo-breadcrumb\">\n\t<a href=\"https:\/\/eldigitaldeasturias.com\/magazine365\" title=\"Home\">Home<\/a>\n<\/span><span class=\"aioseo-breadcrumb-separator\">\u2013<\/span><span class=\"aioseo-breadcrumb\">\n\t<a href=\"https:\/\/eldigitaldeasturias.com\/magazine365\/category\/noticias-actualidad\/\" title=\"Noticias y Actualidad\">Noticias y Actualidad<\/a>\n<\/span><span class=\"aioseo-breadcrumb-separator\">\u2013<\/span><span class=\"aioseo-breadcrumb\">\n\t<a href=\"https:\/\/eldigitaldeasturias.com\/magazine365\/los-alquileres-en-las-zonas-de-costa-protagonizan-las-mayores-subidas-de-precio-segun-fotocasa\/\" title=\"Los alquileres en las zonas de costa protagonizan las mayores subidas de precio, seg\u00fan fotocasa\">Los alquileres en las zonas de costa protagonizan las mayores subidas de precio, seg\u00fan fotocasa<\/a>\n<\/span><\/div>","aioseo_breadcrumb_json":[{"label":"Home","link":"https:\/\/eldigitaldeasturias.com\/magazine365"},{"label":"Noticias y Actualidad","link":"https:\/\/eldigitaldeasturias.com\/magazine365\/category\/noticias-actualidad\/"},{"label":"Los alquileres en las zonas de costa protagonizan las mayores subidas de precio, seg\u00fan fotocasa","link":"https:\/\/eldigitaldeasturias.com\/magazine365\/los-alquileres-en-las-zonas-de-costa-protagonizan-las-mayores-subidas-de-precio-segun-fotocasa\/"}],"_links":{"self":[{"href":"https:\/\/eldigitaldeasturias.com\/magazine365\/wp-json\/wp\/v2\/posts\/79604","targetHints":{"allow":["GET"]}}],"collection":[{"href":"https:\/\/eldigitaldeasturias.com\/magazine365\/wp-json\/wp\/v2\/posts"}],"about":[{"href":"https:\/\/eldigitaldeasturias.com\/magazine365\/wp-json\/wp\/v2\/types\/post"}],"author":[{"embeddable":true,"href":"https:\/\/eldigitaldeasturias.com\/magazine365\/wp-json\/wp\/v2\/users\/1"}],"replies":[{"embeddable":true,"href":"https:\/\/eldigitaldeasturias.com\/magazine365\/wp-json\/wp\/v2\/comments?post=79604"}],"version-history":[{"count":0,"href":"https:\/\/eldigitaldeasturias.com\/magazine365\/wp-json\/wp\/v2\/posts\/79604\/revisions"}],"wp:featuredmedia":[{"embeddable":true,"href":"https:\/\/eldigitaldeasturias.com\/magazine365\/wp-json\/wp\/v2\/media\/79605"}],"wp:attachment":[{"href":"https:\/\/eldigitaldeasturias.com\/magazine365\/wp-json\/wp\/v2\/media?parent=79604"}],"wp:term":[{"taxonomy":"category","embeddable":true,"href":"https:\/\/eldigitaldeasturias.com\/magazine365\/wp-json\/wp\/v2\/categories?post=79604"},{"taxonomy":"post_tag","embeddable":true,"href":"https:\/\/eldigitaldeasturias.com\/magazine365\/wp-json\/wp\/v2\/tags?post=79604"}],"curies":[{"name":"wp","href":"https:\/\/api.w.org\/{rel}","templated":true}]}}