{"id":79601,"date":"2016-06-16T13:16:33","date_gmt":"2016-06-16T11:16:33","guid":{"rendered":"http:\/\/eldigitaldeasturias.com\/magazine365\/?p=79601"},"modified":"2016-06-16T13:16:33","modified_gmt":"2016-06-16T11:16:33","slug":"el-precio-de-venta-de-la-vivienda-vacacional-sube-un-117-y-el-de-su-alquiler-un-72","status":"publish","type":"post","link":"https:\/\/eldigitaldeasturias.com\/magazine365\/el-precio-de-venta-de-la-vivienda-vacacional-sube-un-117-y-el-de-su-alquiler-un-72\/","title":{"rendered":"El precio de venta de la vivienda vacacional sube un 11,7% y el de su alquiler un 7,2%"},"content":{"rendered":"<p><img fetchpriority=\"high\" decoding=\"async\" class=\"alignleft size-medium wp-image-79602\" src=\"https:\/\/eldigitaldeasturias.com\/magazine365\/wp-content\/uploads\/2016\/06\/fotonoticia_20160616102608_800-360x239.jpg\" alt=\"fotonoticia_20160616102608_800\" width=\"360\" height=\"239\" srcset=\"https:\/\/eldigitaldeasturias.com\/magazine365\/wp-content\/uploads\/2016\/06\/fotonoticia_20160616102608_800-360x239.jpg 360w, https:\/\/eldigitaldeasturias.com\/magazine365\/wp-content\/uploads\/2016\/06\/fotonoticia_20160616102608_800-650x432.jpg 650w, https:\/\/eldigitaldeasturias.com\/magazine365\/wp-content\/uploads\/2016\/06\/fotonoticia_20160616102608_800-768x511.jpg 768w, https:\/\/eldigitaldeasturias.com\/magazine365\/wp-content\/uploads\/2016\/06\/fotonoticia_20160616102608_800-150x100.jpg 150w, https:\/\/eldigitaldeasturias.com\/magazine365\/wp-content\/uploads\/2016\/06\/fotonoticia_20160616102608_800-450x299.jpg 450w, https:\/\/eldigitaldeasturias.com\/magazine365\/wp-content\/uploads\/2016\/06\/fotonoticia_20160616102608_800-121x79.jpg 121w, https:\/\/eldigitaldeasturias.com\/magazine365\/wp-content\/uploads\/2016\/06\/fotonoticia_20160616102608_800-101x66.jpg 101w, https:\/\/eldigitaldeasturias.com\/magazine365\/wp-content\/uploads\/2016\/06\/fotonoticia_20160616102608_800.jpg 800w\" sizes=\"(max-width: 360px) 100vw, 360px\" \/>Una vivienda tipo en venta en las playas espa\u00f1olas cuesta de media en la actualidad 179.886 euros, un 11,64% m\u00e1s que en 2015, cuando el precio medio fue de 161.134 euros, mientras que el precio del alquiler ha pasado de una renta media de 527 euros semanales a 565, registrando un incremento del 7,17% en un a\u00f1o, seg\u00fan pisos.com.<\/p>\n<p>El portal inmobiliario destaca que la vivienda vacacional de costa ha experimentado una \u00abllamativa remontada\u00bb en el \u00faltimo a\u00f1o, ya que los precios de venta \u00abhan recuperado tono\u00bb, al igual que las rentas de alquiler, si bien estas ya despegaron levemente el a\u00f1o pasado.<\/p>\n<p>De hecho, si en 2015 ten\u00edan que pasar 31 a\u00f1os para amortizar la compra, suponiendo que se disfrutara del piso dos semanas al a\u00f1o y se alquilara a un tercero ocho m\u00e1s, en 2016 se tardar\u00edan 32 a\u00f1os en recuperar la inversi\u00f3n, los mismos que en 2014 pero uno menos que en 2013. En cuanto a la rentabilidad por alquilarlo, ha pasado del 2,62% de 2015 al 2,51% de 2016.<\/p>\n<p>Seg\u00fan el director general de pisos.com, Miguel \u00c1ngel Alemany, la explicaci\u00f3n a esta ca\u00edda de la rentabilidad de un a\u00f1o a otro, si bien m\u00ednima, \u00abpone de relieve que los precios han evolucionado de forma m\u00e1s acelerada que las rentas en este \u00faltimo a\u00f1o\u00bb.<\/p>\n<p>Alemany se\u00f1ala que \u00ablas mensualidades de alquiler quedaron al margen del impacto que tuvo en el mercado el remanente construido por encima del nivel de absorci\u00f3n de la demanda\u00bb. Por otro lado, el responsable del portal inmobiliario apunta que \u00abla vivienda vacacional de obra nueva ha estado completamente paralizada en ciertas zonas, lo que ha impulsado los precios de la oferta de segunda mano de calidad hacia arriba en el momento en que han regresado el inter\u00e9s del comprador y la financiaci\u00f3n\u00bb.<\/p>\n<p>De igual forma, indica que \u00ablos incrementos de dos d\u00edgitos deben leerse en el contexto de m\u00ednimos del que venimos\u00bb en los que \u00abla rigidez hipotecaria atac\u00f3 m\u00e1s a la segunda residencia y las posteriores campa\u00f1as comerciales se centraron en el drenaje del stock a base de, incluso, vender a p\u00e9rdidas\u00bb.<\/p>\n<h2 class=\"ladillo\">LA COSTA VASCA, DEL GARRAF Y BRAVA, LAS M\u00c1S CARAS<\/h2>\n<p>Los pisos medios en venta m\u00e1s caros est\u00e1n en Costa Vasca (399.006 euros), Costa del Garraf (307.079 euros) y Costa Brava (270.970 euros), mientras que los m\u00e1s econ\u00f3micos se localizan en Costa de Almer\u00eda (111.445 euros), Costa de Valencia (116.745 euros) y Costa C\u00e1lida (119.398 euros).<\/p>\n<p>Respecto a las variaciones frente al a\u00f1o pasado, todas las costas presentan repuntes. Las que m\u00e1s crecen son Baleares (+16,8%), Costa de Cantabria (+16,7%) y Costa del Maresme (+16,4%), mientras que las que menos son Costa de Almer\u00eda (+2,6%), R\u00edas Altas (+3,8%) y Costa Vasca (+6,2%).<\/p>\n<p>Los litorales de Almer\u00eda (341 euros por semana), R\u00edas Altas (373 euros) y R\u00edas Baixas (389 euros) son los m\u00e1s asequibles, mientras que Baleares (1.250 euros), Costa Brava (932 euros) y Costa del Garraf (780 euros) son los m\u00e1s costosos.<\/p>\n<p>Canarias (+15,5%), Costa Blanca (+14,9%) y Costa de Valencia (+14,8%) son las que m\u00e1s han subido frente al pasado a\u00f1o. Solo tres costas reducen sus rentas: Verde (-11,8%), Azahar (-9,8%) y R\u00edas Altas (-8,1%). Respecto a la rentabilidad, las que m\u00e1s beneficios reportan son Baleares (4,2%), Costa de Valencia (3,6%) y Costa Blanca (3,4%). Costa Vasca (1,2%), Costa de Cantabria (1,9%) y Costa del Garraf (2%) son las zonas donde menos se ganar\u00eda con el alquiler.<\/p>\n","protected":false},"excerpt":{"rendered":"<p>Una vivienda tipo en venta en las playas espa\u00f1olas cuesta de media en la actualidad 179.886 euros, un 11,64% m\u00e1s que en 2015, cuando el precio medio fue de 161.134 euros, mientras que el precio del alquiler ha pasado de una renta media de 527 euros semanales a 565, registrando un incremento del 7,17% en<\/p>\n","protected":false},"author":1,"featured_media":79602,"comment_status":"open","ping_status":"closed","sticky":false,"template":"","format":"standard","meta":{"footnotes":""},"categories":[224],"tags":[],"class_list":{"0":"post-79601","1":"post","2":"type-post","3":"status-publish","4":"format-standard","5":"has-post-thumbnail","7":"category-noticias-actualidad"},"aioseo_notices":[],"aioseo_head":"\n\t\t<!-- All in One SEO Pro 4.9.6.1 - aioseo.com -->\n\t<meta name=\"description\" content=\"Una vivienda tipo en venta en las playas espa\u00f1olas cuesta de media en la actualidad 179.886 euros, un 11,64% m\u00e1s que en 2015, cuando el precio medio fue de 161.134 euros, mientras que el precio del alquiler ha pasado de una renta media de 527 euros semanales a 565, registrando un incremento del 7,17% en\" \/>\n\t<meta name=\"robots\" content=\"max-image-preview:large\" \/>\n\t<meta name=\"author\" content=\"admin\"\/>\n\t<meta name=\"google-site-verification\" content=\"UA-38556648-1\" \/>\n\t<meta name=\"keywords\" content=\"noticias y actualidad\" \/>\n\t<link rel=\"canonical\" href=\"https:\/\/eldigitaldeasturias.com\/magazine365\/el-precio-de-venta-de-la-vivienda-vacacional-sube-un-117-y-el-de-su-alquiler-un-72\/\" \/>\n\t<meta name=\"generator\" content=\"All in One SEO Pro (AIOSEO) 4.9.6.1\" \/>\n\t\t<meta property=\"og:locale\" content=\"es_ES\" \/>\n\t\t<meta property=\"og:site_name\" content=\"El Digital de Asturias \u2013 Revista de ocio, turismo y estilo de vida\" \/>\n\t\t<meta property=\"og:type\" content=\"article\" \/>\n\t\t<meta property=\"og:title\" content=\"El precio de venta de la vivienda vacacional sube un 11,7% y el de su alquiler un 7,2% | El Digital de Asturias\" \/>\n\t\t<meta property=\"og:description\" content=\"Una vivienda tipo en venta en las playas espa\u00f1olas cuesta de media en la actualidad 179.886 euros, un 11,64% m\u00e1s que en 2015, cuando el precio medio fue de 161.134 euros, mientras que el precio del alquiler ha pasado de una renta media de 527 euros semanales a 565, registrando un incremento del 7,17% en\" \/>\n\t\t<meta property=\"og:url\" content=\"https:\/\/eldigitaldeasturias.com\/magazine365\/el-precio-de-venta-de-la-vivienda-vacacional-sube-un-117-y-el-de-su-alquiler-un-72\/\" \/>\n\t\t<meta property=\"og:image\" content=\"https:\/\/eldigitaldeasturias.com\/magazine365\/wp-content\/uploads\/2016\/06\/fotonoticia_20160616102608_800.jpg\" \/>\n\t\t<meta property=\"og:image:secure_url\" content=\"https:\/\/eldigitaldeasturias.com\/magazine365\/wp-content\/uploads\/2016\/06\/fotonoticia_20160616102608_800.jpg\" \/>\n\t\t<meta property=\"og:image:width\" content=\"800\" \/>\n\t\t<meta property=\"og:image:height\" content=\"532\" \/>\n\t\t<meta property=\"article:published_time\" content=\"2016-06-16T11:16:33+00:00\" \/>\n\t\t<meta property=\"article:modified_time\" content=\"2016-06-16T11:16:33+00:00\" \/>\n\t\t<meta name=\"twitter:card\" content=\"summary_large_image\" \/>\n\t\t<meta name=\"twitter:title\" content=\"El precio de venta de la vivienda vacacional sube un 11,7% y el de su alquiler un 7,2% | El Digital de Asturias\" \/>\n\t\t<meta name=\"twitter:description\" content=\"Una vivienda tipo en venta en las playas espa\u00f1olas cuesta de media en la actualidad 179.886 euros, un 11,64% m\u00e1s que en 2015, cuando el precio medio fue de 161.134 euros, mientras que el precio del alquiler ha pasado de una renta media de 527 euros semanales a 565, registrando un incremento del 7,17% en\" \/>\n\t\t<meta name=\"twitter:image\" content=\"https:\/\/eldigitaldeasturias.com\/magazine365\/wp-content\/uploads\/2016\/06\/fotonoticia_20160616102608_800.jpg\" \/>\n\t\t<script type=\"application\/ld+json\" class=\"aioseo-schema\">\n\t\t\t{\"@context\":\"https:\\\/\\\/schema.org\",\"@graph\":[{\"@type\":\"Article\",\"@id\":\"https:\\\/\\\/eldigitaldeasturias.com\\\/magazine365\\\/el-precio-de-venta-de-la-vivienda-vacacional-sube-un-117-y-el-de-su-alquiler-un-72\\\/#article\",\"name\":\"El precio de venta de la vivienda vacacional sube un 11,7% y el de su alquiler un 7,2% | El Digital de Asturias\",\"headline\":\"El precio de venta de la vivienda vacacional sube un 11,7% y el de su alquiler un 7,2%\",\"author\":{\"@id\":\"https:\\\/\\\/eldigitaldeasturias.com\\\/magazine365\\\/author\\\/admin\\\/#author\"},\"publisher\":{\"@id\":\"https:\\\/\\\/eldigitaldeasturias.com\\\/magazine365\\\/#organization\"},\"image\":{\"@type\":\"ImageObject\",\"url\":\"https:\\\/\\\/eldigitaldeasturias.com\\\/magazine365\\\/wp-content\\\/uploads\\\/2016\\\/06\\\/fotonoticia_20160616102608_800.jpg\",\"width\":800,\"height\":532},\"datePublished\":\"2016-06-16T13:16:33+02:00\",\"dateModified\":\"2016-06-16T13:16:33+02:00\",\"inLanguage\":\"es-ES\",\"mainEntityOfPage\":{\"@id\":\"https:\\\/\\\/eldigitaldeasturias.com\\\/magazine365\\\/el-precio-de-venta-de-la-vivienda-vacacional-sube-un-117-y-el-de-su-alquiler-un-72\\\/#webpage\"},\"isPartOf\":{\"@id\":\"https:\\\/\\\/eldigitaldeasturias.com\\\/magazine365\\\/el-precio-de-venta-de-la-vivienda-vacacional-sube-un-117-y-el-de-su-alquiler-un-72\\\/#webpage\"},\"articleSection\":\"Noticias y Actualidad\"},{\"@type\":\"BreadcrumbList\",\"@id\":\"https:\\\/\\\/eldigitaldeasturias.com\\\/magazine365\\\/el-precio-de-venta-de-la-vivienda-vacacional-sube-un-117-y-el-de-su-alquiler-un-72\\\/#breadcrumblist\",\"itemListElement\":[{\"@type\":\"ListItem\",\"@id\":\"https:\\\/\\\/eldigitaldeasturias.com\\\/magazine365#listItem\",\"position\":1,\"name\":\"Home\",\"item\":\"https:\\\/\\\/eldigitaldeasturias.com\\\/magazine365\",\"nextItem\":{\"@type\":\"ListItem\",\"@id\":\"https:\\\/\\\/eldigitaldeasturias.com\\\/magazine365\\\/category\\\/noticias-actualidad\\\/#listItem\",\"name\":\"Noticias y Actualidad\"}},{\"@type\":\"ListItem\",\"@id\":\"https:\\\/\\\/eldigitaldeasturias.com\\\/magazine365\\\/category\\\/noticias-actualidad\\\/#listItem\",\"position\":2,\"name\":\"Noticias y Actualidad\",\"item\":\"https:\\\/\\\/eldigitaldeasturias.com\\\/magazine365\\\/category\\\/noticias-actualidad\\\/\",\"nextItem\":{\"@type\":\"ListItem\",\"@id\":\"https:\\\/\\\/eldigitaldeasturias.com\\\/magazine365\\\/el-precio-de-venta-de-la-vivienda-vacacional-sube-un-117-y-el-de-su-alquiler-un-72\\\/#listItem\",\"name\":\"El precio de venta de la vivienda vacacional sube un 11,7% y el de su alquiler un 7,2%\"},\"previousItem\":{\"@type\":\"ListItem\",\"@id\":\"https:\\\/\\\/eldigitaldeasturias.com\\\/magazine365#listItem\",\"name\":\"Home\"}},{\"@type\":\"ListItem\",\"@id\":\"https:\\\/\\\/eldigitaldeasturias.com\\\/magazine365\\\/el-precio-de-venta-de-la-vivienda-vacacional-sube-un-117-y-el-de-su-alquiler-un-72\\\/#listItem\",\"position\":3,\"name\":\"El precio de venta de la vivienda vacacional sube un 11,7% y el de su alquiler un 7,2%\",\"previousItem\":{\"@type\":\"ListItem\",\"@id\":\"https:\\\/\\\/eldigitaldeasturias.com\\\/magazine365\\\/category\\\/noticias-actualidad\\\/#listItem\",\"name\":\"Noticias y Actualidad\"}}]},{\"@type\":\"Organization\",\"@id\":\"https:\\\/\\\/eldigitaldeasturias.com\\\/magazine365\\\/#organization\",\"name\":\"El digital de Asturias\",\"description\":\"Revista de ocio, turismo y estilo de vida\",\"url\":\"https:\\\/\\\/eldigitaldeasturias.com\\\/magazine365\\\/\",\"logo\":{\"@type\":\"ImageObject\",\"url\":\"https:\\\/\\\/www.eldigitaldeasturias.com\\\/noticias\\\/wp-content\\\/uploads\\\/2020\\\/12\\\/EDA.jpg\",\"@id\":\"https:\\\/\\\/eldigitaldeasturias.com\\\/magazine365\\\/el-precio-de-venta-de-la-vivienda-vacacional-sube-un-117-y-el-de-su-alquiler-un-72\\\/#organizationLogo\"},\"image\":{\"@id\":\"https:\\\/\\\/eldigitaldeasturias.com\\\/magazine365\\\/el-precio-de-venta-de-la-vivienda-vacacional-sube-un-117-y-el-de-su-alquiler-un-72\\\/#organizationLogo\"}},{\"@type\":\"Person\",\"@id\":\"https:\\\/\\\/eldigitaldeasturias.com\\\/magazine365\\\/author\\\/admin\\\/#author\",\"url\":\"https:\\\/\\\/eldigitaldeasturias.com\\\/magazine365\\\/author\\\/admin\\\/\",\"name\":\"admin\",\"image\":{\"@type\":\"ImageObject\",\"@id\":\"https:\\\/\\\/eldigitaldeasturias.com\\\/magazine365\\\/el-precio-de-venta-de-la-vivienda-vacacional-sube-un-117-y-el-de-su-alquiler-un-72\\\/#authorImage\",\"url\":\"https:\\\/\\\/eldigitaldeasturias.com\\\/magazine365\\\/wp-content\\\/litespeed\\\/avatar\\\/e571bcf59a0edd6fa6838245a470f2fe.jpg?ver=1776969259\",\"width\":96,\"height\":96,\"caption\":\"admin\"}},{\"@type\":\"WebPage\",\"@id\":\"https:\\\/\\\/eldigitaldeasturias.com\\\/magazine365\\\/el-precio-de-venta-de-la-vivienda-vacacional-sube-un-117-y-el-de-su-alquiler-un-72\\\/#webpage\",\"url\":\"https:\\\/\\\/eldigitaldeasturias.com\\\/magazine365\\\/el-precio-de-venta-de-la-vivienda-vacacional-sube-un-117-y-el-de-su-alquiler-un-72\\\/\",\"name\":\"El precio de venta de la vivienda vacacional sube un 11,7% y el de su alquiler un 7,2% | El Digital de Asturias\",\"description\":\"Una vivienda tipo en venta en las playas espa\\u00f1olas cuesta de media en la actualidad 179.886 euros, un 11,64% m\\u00e1s que en 2015, cuando el precio medio fue de 161.134 euros, mientras que el precio del alquiler ha pasado de una renta media de 527 euros semanales a 565, registrando un incremento del 7,17% en\",\"inLanguage\":\"es-ES\",\"isPartOf\":{\"@id\":\"https:\\\/\\\/eldigitaldeasturias.com\\\/magazine365\\\/#website\"},\"breadcrumb\":{\"@id\":\"https:\\\/\\\/eldigitaldeasturias.com\\\/magazine365\\\/el-precio-de-venta-de-la-vivienda-vacacional-sube-un-117-y-el-de-su-alquiler-un-72\\\/#breadcrumblist\"},\"author\":{\"@id\":\"https:\\\/\\\/eldigitaldeasturias.com\\\/magazine365\\\/author\\\/admin\\\/#author\"},\"creator\":{\"@id\":\"https:\\\/\\\/eldigitaldeasturias.com\\\/magazine365\\\/author\\\/admin\\\/#author\"},\"image\":{\"@type\":\"ImageObject\",\"url\":\"https:\\\/\\\/eldigitaldeasturias.com\\\/magazine365\\\/wp-content\\\/uploads\\\/2016\\\/06\\\/fotonoticia_20160616102608_800.jpg\",\"@id\":\"https:\\\/\\\/eldigitaldeasturias.com\\\/magazine365\\\/el-precio-de-venta-de-la-vivienda-vacacional-sube-un-117-y-el-de-su-alquiler-un-72\\\/#mainImage\",\"width\":800,\"height\":532},\"primaryImageOfPage\":{\"@id\":\"https:\\\/\\\/eldigitaldeasturias.com\\\/magazine365\\\/el-precio-de-venta-de-la-vivienda-vacacional-sube-un-117-y-el-de-su-alquiler-un-72\\\/#mainImage\"},\"datePublished\":\"2016-06-16T13:16:33+02:00\",\"dateModified\":\"2016-06-16T13:16:33+02:00\"},{\"@type\":\"WebSite\",\"@id\":\"https:\\\/\\\/eldigitaldeasturias.com\\\/magazine365\\\/#website\",\"url\":\"https:\\\/\\\/eldigitaldeasturias.com\\\/magazine365\\\/\",\"name\":\"El Digital de Asturias\",\"description\":\"Revista de ocio, turismo y estilo de vida\",\"inLanguage\":\"es-ES\",\"publisher\":{\"@id\":\"https:\\\/\\\/eldigitaldeasturias.com\\\/magazine365\\\/#organization\"}}]}\n\t\t<\/script>\n\t\t<!-- All in One SEO Pro -->\r\n\t\t<title>El precio de venta de la vivienda vacacional sube un 11,7% y el de su alquiler un 7,2% | El Digital de Asturias<\/title>\n\n","aioseo_head_json":{"title":"El precio de venta de la vivienda vacacional sube un 11,7% y el de su alquiler un 7,2% | El Digital de Asturias","description":"Una vivienda tipo en venta en las playas espa\u00f1olas cuesta de media en la actualidad 179.886 euros, un 11,64% m\u00e1s que en 2015, cuando el precio medio fue de 161.134 euros, mientras que el precio del alquiler ha pasado de una renta media de 527 euros semanales a 565, registrando un incremento del 7,17% en","canonical_url":"https:\/\/eldigitaldeasturias.com\/magazine365\/el-precio-de-venta-de-la-vivienda-vacacional-sube-un-117-y-el-de-su-alquiler-un-72\/","robots":"max-image-preview:large","keywords":"noticias y actualidad","webmasterTools":{"google-site-verification":"UA-38556648-1","miscellaneous":""},"schema":{"@context":"https:\/\/schema.org","@graph":[{"@type":"Article","@id":"https:\/\/eldigitaldeasturias.com\/magazine365\/el-precio-de-venta-de-la-vivienda-vacacional-sube-un-117-y-el-de-su-alquiler-un-72\/#article","name":"El precio de venta de la vivienda vacacional sube un 11,7% y el de su alquiler un 7,2% | El Digital de Asturias","headline":"El precio de venta de la vivienda vacacional sube un 11,7% y el de su alquiler un 7,2%","author":{"@id":"https:\/\/eldigitaldeasturias.com\/magazine365\/author\/admin\/#author"},"publisher":{"@id":"https:\/\/eldigitaldeasturias.com\/magazine365\/#organization"},"image":{"@type":"ImageObject","url":"https:\/\/eldigitaldeasturias.com\/magazine365\/wp-content\/uploads\/2016\/06\/fotonoticia_20160616102608_800.jpg","width":800,"height":532},"datePublished":"2016-06-16T13:16:33+02:00","dateModified":"2016-06-16T13:16:33+02:00","inLanguage":"es-ES","mainEntityOfPage":{"@id":"https:\/\/eldigitaldeasturias.com\/magazine365\/el-precio-de-venta-de-la-vivienda-vacacional-sube-un-117-y-el-de-su-alquiler-un-72\/#webpage"},"isPartOf":{"@id":"https:\/\/eldigitaldeasturias.com\/magazine365\/el-precio-de-venta-de-la-vivienda-vacacional-sube-un-117-y-el-de-su-alquiler-un-72\/#webpage"},"articleSection":"Noticias y Actualidad"},{"@type":"BreadcrumbList","@id":"https:\/\/eldigitaldeasturias.com\/magazine365\/el-precio-de-venta-de-la-vivienda-vacacional-sube-un-117-y-el-de-su-alquiler-un-72\/#breadcrumblist","itemListElement":[{"@type":"ListItem","@id":"https:\/\/eldigitaldeasturias.com\/magazine365#listItem","position":1,"name":"Home","item":"https:\/\/eldigitaldeasturias.com\/magazine365","nextItem":{"@type":"ListItem","@id":"https:\/\/eldigitaldeasturias.com\/magazine365\/category\/noticias-actualidad\/#listItem","name":"Noticias y Actualidad"}},{"@type":"ListItem","@id":"https:\/\/eldigitaldeasturias.com\/magazine365\/category\/noticias-actualidad\/#listItem","position":2,"name":"Noticias y Actualidad","item":"https:\/\/eldigitaldeasturias.com\/magazine365\/category\/noticias-actualidad\/","nextItem":{"@type":"ListItem","@id":"https:\/\/eldigitaldeasturias.com\/magazine365\/el-precio-de-venta-de-la-vivienda-vacacional-sube-un-117-y-el-de-su-alquiler-un-72\/#listItem","name":"El precio de venta de la vivienda vacacional sube un 11,7% y el de su alquiler un 7,2%"},"previousItem":{"@type":"ListItem","@id":"https:\/\/eldigitaldeasturias.com\/magazine365#listItem","name":"Home"}},{"@type":"ListItem","@id":"https:\/\/eldigitaldeasturias.com\/magazine365\/el-precio-de-venta-de-la-vivienda-vacacional-sube-un-117-y-el-de-su-alquiler-un-72\/#listItem","position":3,"name":"El precio de venta de la vivienda vacacional sube un 11,7% y el de su alquiler un 7,2%","previousItem":{"@type":"ListItem","@id":"https:\/\/eldigitaldeasturias.com\/magazine365\/category\/noticias-actualidad\/#listItem","name":"Noticias y Actualidad"}}]},{"@type":"Organization","@id":"https:\/\/eldigitaldeasturias.com\/magazine365\/#organization","name":"El digital de Asturias","description":"Revista de ocio, turismo y estilo de vida","url":"https:\/\/eldigitaldeasturias.com\/magazine365\/","logo":{"@type":"ImageObject","url":"https:\/\/www.eldigitaldeasturias.com\/noticias\/wp-content\/uploads\/2020\/12\/EDA.jpg","@id":"https:\/\/eldigitaldeasturias.com\/magazine365\/el-precio-de-venta-de-la-vivienda-vacacional-sube-un-117-y-el-de-su-alquiler-un-72\/#organizationLogo"},"image":{"@id":"https:\/\/eldigitaldeasturias.com\/magazine365\/el-precio-de-venta-de-la-vivienda-vacacional-sube-un-117-y-el-de-su-alquiler-un-72\/#organizationLogo"}},{"@type":"Person","@id":"https:\/\/eldigitaldeasturias.com\/magazine365\/author\/admin\/#author","url":"https:\/\/eldigitaldeasturias.com\/magazine365\/author\/admin\/","name":"admin","image":{"@type":"ImageObject","@id":"https:\/\/eldigitaldeasturias.com\/magazine365\/el-precio-de-venta-de-la-vivienda-vacacional-sube-un-117-y-el-de-su-alquiler-un-72\/#authorImage","url":"https:\/\/eldigitaldeasturias.com\/magazine365\/wp-content\/litespeed\/avatar\/e571bcf59a0edd6fa6838245a470f2fe.jpg?ver=1776969259","width":96,"height":96,"caption":"admin"}},{"@type":"WebPage","@id":"https:\/\/eldigitaldeasturias.com\/magazine365\/el-precio-de-venta-de-la-vivienda-vacacional-sube-un-117-y-el-de-su-alquiler-un-72\/#webpage","url":"https:\/\/eldigitaldeasturias.com\/magazine365\/el-precio-de-venta-de-la-vivienda-vacacional-sube-un-117-y-el-de-su-alquiler-un-72\/","name":"El precio de venta de la vivienda vacacional sube un 11,7% y el de su alquiler un 7,2% | El Digital de Asturias","description":"Una vivienda tipo en venta en las playas espa\u00f1olas cuesta de media en la actualidad 179.886 euros, un 11,64% m\u00e1s que en 2015, cuando el precio medio fue de 161.134 euros, mientras que el precio del alquiler ha pasado de una renta media de 527 euros semanales a 565, registrando un incremento del 7,17% en","inLanguage":"es-ES","isPartOf":{"@id":"https:\/\/eldigitaldeasturias.com\/magazine365\/#website"},"breadcrumb":{"@id":"https:\/\/eldigitaldeasturias.com\/magazine365\/el-precio-de-venta-de-la-vivienda-vacacional-sube-un-117-y-el-de-su-alquiler-un-72\/#breadcrumblist"},"author":{"@id":"https:\/\/eldigitaldeasturias.com\/magazine365\/author\/admin\/#author"},"creator":{"@id":"https:\/\/eldigitaldeasturias.com\/magazine365\/author\/admin\/#author"},"image":{"@type":"ImageObject","url":"https:\/\/eldigitaldeasturias.com\/magazine365\/wp-content\/uploads\/2016\/06\/fotonoticia_20160616102608_800.jpg","@id":"https:\/\/eldigitaldeasturias.com\/magazine365\/el-precio-de-venta-de-la-vivienda-vacacional-sube-un-117-y-el-de-su-alquiler-un-72\/#mainImage","width":800,"height":532},"primaryImageOfPage":{"@id":"https:\/\/eldigitaldeasturias.com\/magazine365\/el-precio-de-venta-de-la-vivienda-vacacional-sube-un-117-y-el-de-su-alquiler-un-72\/#mainImage"},"datePublished":"2016-06-16T13:16:33+02:00","dateModified":"2016-06-16T13:16:33+02:00"},{"@type":"WebSite","@id":"https:\/\/eldigitaldeasturias.com\/magazine365\/#website","url":"https:\/\/eldigitaldeasturias.com\/magazine365\/","name":"El Digital de Asturias","description":"Revista de ocio, turismo y estilo de vida","inLanguage":"es-ES","publisher":{"@id":"https:\/\/eldigitaldeasturias.com\/magazine365\/#organization"}}]},"og:locale":"es_ES","og:site_name":"El Digital de Asturias \u2013 Revista de ocio, turismo y estilo de vida","og:type":"article","og:title":"El precio de venta de la vivienda vacacional sube un 11,7% y el de su alquiler un 7,2% | El Digital de Asturias","og:description":"Una vivienda tipo en venta en las playas espa\u00f1olas cuesta de media en la actualidad 179.886 euros, un 11,64% m\u00e1s que en 2015, cuando el precio medio fue de 161.134 euros, mientras que el precio del alquiler ha pasado de una renta media de 527 euros semanales a 565, registrando un incremento del 7,17% en","og:url":"https:\/\/eldigitaldeasturias.com\/magazine365\/el-precio-de-venta-de-la-vivienda-vacacional-sube-un-117-y-el-de-su-alquiler-un-72\/","og:image":"https:\/\/eldigitaldeasturias.com\/magazine365\/wp-content\/uploads\/2016\/06\/fotonoticia_20160616102608_800.jpg","og:image:secure_url":"https:\/\/eldigitaldeasturias.com\/magazine365\/wp-content\/uploads\/2016\/06\/fotonoticia_20160616102608_800.jpg","og:image:width":800,"og:image:height":532,"article:published_time":"2016-06-16T11:16:33+00:00","article:modified_time":"2016-06-16T11:16:33+00:00","twitter:card":"summary_large_image","twitter:title":"El precio de venta de la vivienda vacacional sube un 11,7% y el de su alquiler un 7,2% | El Digital de Asturias","twitter:description":"Una vivienda tipo en venta en las playas espa\u00f1olas cuesta de media en la actualidad 179.886 euros, un 11,64% m\u00e1s que en 2015, cuando el precio medio fue de 161.134 euros, mientras que el precio del alquiler ha pasado de una renta media de 527 euros semanales a 565, registrando un incremento del 7,17% en","twitter:image":"https:\/\/eldigitaldeasturias.com\/magazine365\/wp-content\/uploads\/2016\/06\/fotonoticia_20160616102608_800.jpg"},"aioseo_meta_data":{"post_id":"79601","title":null,"description":null,"keywords":null,"keyphrases":null,"primary_term":null,"canonical_url":null,"og_title":null,"og_description":null,"og_object_type":"default","og_image_type":"default","og_image_url":null,"og_image_width":null,"og_image_height":null,"og_image_custom_url":null,"og_image_custom_fields":null,"og_video":null,"og_custom_url":null,"og_article_section":null,"og_article_tags":null,"twitter_use_og":false,"twitter_card":"default","twitter_image_type":"default","twitter_image_url":null,"twitter_image_custom_url":null,"twitter_image_custom_fields":null,"twitter_title":null,"twitter_description":null,"schema":{"blockGraphs":[],"customGraphs":[],"default":{"data":{"Article":[],"Course":[],"Dataset":[],"FAQPage":[],"Movie":[],"Person":[],"Product":[],"ProductReview":[],"Car":[],"Recipe":[],"Service":[],"SoftwareApplication":[],"WebPage":[]},"graphName":"","isEnabled":true},"graphs":[],"defaultGraph":"","defaultPostTypeGraph":""},"schema_type":null,"schema_type_options":null,"pillar_content":false,"robots_default":true,"robots_noindex":false,"robots_noarchive":false,"robots_nosnippet":false,"robots_nofollow":false,"robots_noimageindex":false,"robots_noodp":false,"robots_notranslate":false,"robots_max_snippet":null,"robots_max_videopreview":null,"robots_max_imagepreview":"large","priority":null,"frequency":null,"location":null,"local_seo":null,"seo_analyzer_scan_date":"2025-09-27 19:14:05","breadcrumb_settings":null,"limit_modified_date":false,"open_ai":null,"ai":null,"created":"2021-03-08 17:47:25","updated":"2025-09-27 19:14:05"},"aioseo_breadcrumb":"<div class=\"aioseo-breadcrumbs\"><span class=\"aioseo-breadcrumb\">\n\t<a href=\"https:\/\/eldigitaldeasturias.com\/magazine365\" title=\"Home\">Home<\/a>\n<\/span><span class=\"aioseo-breadcrumb-separator\">\u2013<\/span><span class=\"aioseo-breadcrumb\">\n\t<a href=\"https:\/\/eldigitaldeasturias.com\/magazine365\/category\/noticias-actualidad\/\" title=\"Noticias y Actualidad\">Noticias y Actualidad<\/a>\n<\/span><span class=\"aioseo-breadcrumb-separator\">\u2013<\/span><span class=\"aioseo-breadcrumb\">\n\t<a href=\"https:\/\/eldigitaldeasturias.com\/magazine365\/el-precio-de-venta-de-la-vivienda-vacacional-sube-un-117-y-el-de-su-alquiler-un-72\/\" title=\"El precio de venta de la vivienda vacacional sube un 11,7% y el de su alquiler un 7,2%\">El precio de venta de la vivienda vacacional sube un 11,7% y el de su alquiler un 7,2%<\/a>\n<\/span><\/div>","aioseo_breadcrumb_json":[{"label":"Home","link":"https:\/\/eldigitaldeasturias.com\/magazine365"},{"label":"Noticias y Actualidad","link":"https:\/\/eldigitaldeasturias.com\/magazine365\/category\/noticias-actualidad\/"},{"label":"El precio de venta de la vivienda vacacional sube un 11,7% y el de su alquiler un 7,2%","link":"https:\/\/eldigitaldeasturias.com\/magazine365\/el-precio-de-venta-de-la-vivienda-vacacional-sube-un-117-y-el-de-su-alquiler-un-72\/"}],"_links":{"self":[{"href":"https:\/\/eldigitaldeasturias.com\/magazine365\/wp-json\/wp\/v2\/posts\/79601","targetHints":{"allow":["GET"]}}],"collection":[{"href":"https:\/\/eldigitaldeasturias.com\/magazine365\/wp-json\/wp\/v2\/posts"}],"about":[{"href":"https:\/\/eldigitaldeasturias.com\/magazine365\/wp-json\/wp\/v2\/types\/post"}],"author":[{"embeddable":true,"href":"https:\/\/eldigitaldeasturias.com\/magazine365\/wp-json\/wp\/v2\/users\/1"}],"replies":[{"embeddable":true,"href":"https:\/\/eldigitaldeasturias.com\/magazine365\/wp-json\/wp\/v2\/comments?post=79601"}],"version-history":[{"count":0,"href":"https:\/\/eldigitaldeasturias.com\/magazine365\/wp-json\/wp\/v2\/posts\/79601\/revisions"}],"wp:featuredmedia":[{"embeddable":true,"href":"https:\/\/eldigitaldeasturias.com\/magazine365\/wp-json\/wp\/v2\/media\/79602"}],"wp:attachment":[{"href":"https:\/\/eldigitaldeasturias.com\/magazine365\/wp-json\/wp\/v2\/media?parent=79601"}],"wp:term":[{"taxonomy":"category","embeddable":true,"href":"https:\/\/eldigitaldeasturias.com\/magazine365\/wp-json\/wp\/v2\/categories?post=79601"},{"taxonomy":"post_tag","embeddable":true,"href":"https:\/\/eldigitaldeasturias.com\/magazine365\/wp-json\/wp\/v2\/tags?post=79601"}],"curies":[{"name":"wp","href":"https:\/\/api.w.org\/{rel}","templated":true}]}}