{"id":79591,"date":"2016-06-16T13:09:30","date_gmt":"2016-06-16T11:09:30","guid":{"rendered":"http:\/\/eldigitaldeasturias.com\/magazine365\/?p=79591"},"modified":"2016-06-16T13:09:30","modified_gmt":"2016-06-16T11:09:30","slug":"air-nostrum-homenajea-a-su-primer-presidente-con-el-bautizo-del-avion-emilio-serratosa","status":"publish","type":"post","link":"https:\/\/eldigitaldeasturias.com\/magazine365\/air-nostrum-homenajea-a-su-primer-presidente-con-el-bautizo-del-avion-emilio-serratosa\/","title":{"rendered":"Air Nostrum homenajea a su primer presidente con el bautizo del avi\u00f3n Emilio Serratosa"},"content":{"rendered":"<p><img fetchpriority=\"high\" decoding=\"async\" class=\"alignleft size-medium wp-image-79592\" src=\"https:\/\/eldigitaldeasturias.com\/magazine365\/wp-content\/uploads\/2016\/06\/fotonoticia_20160616095946_800-360x222.jpg\" alt=\"fotonoticia_20160616095946_800\" width=\"360\" height=\"222\" srcset=\"https:\/\/eldigitaldeasturias.com\/magazine365\/wp-content\/uploads\/2016\/06\/fotonoticia_20160616095946_800-360x222.jpg 360w, https:\/\/eldigitaldeasturias.com\/magazine365\/wp-content\/uploads\/2016\/06\/fotonoticia_20160616095946_800-650x401.jpg 650w, https:\/\/eldigitaldeasturias.com\/magazine365\/wp-content\/uploads\/2016\/06\/fotonoticia_20160616095946_800-768x474.jpg 768w, https:\/\/eldigitaldeasturias.com\/magazine365\/wp-content\/uploads\/2016\/06\/fotonoticia_20160616095946_800-150x93.jpg 150w, https:\/\/eldigitaldeasturias.com\/magazine365\/wp-content\/uploads\/2016\/06\/fotonoticia_20160616095946_800-450x278.jpg 450w, https:\/\/eldigitaldeasturias.com\/magazine365\/wp-content\/uploads\/2016\/06\/fotonoticia_20160616095946_800-279x173.jpg 279w, https:\/\/eldigitaldeasturias.com\/magazine365\/wp-content\/uploads\/2016\/06\/fotonoticia_20160616095946_800-160x100.jpg 160w, https:\/\/eldigitaldeasturias.com\/magazine365\/wp-content\/uploads\/2016\/06\/fotonoticia_20160616095946_800.jpg 800w\" sizes=\"(max-width: 360px) 100vw, 360px\" \/>Air Nostrum, la compa\u00f1\u00eda franquiciada de Iberia para vuelos regionales, ha realizado un homenaje a su primer presidente, Emilio Serratosa, bautizando una de las nuevas aeronaves con su nombre.<\/p>\n<p>Al acto, celebrado en el hangar que la aerol\u00ednea tiene en sus instalaciones de Valencia, han asistido miembros de la familia Serratosa y directivos de la compa\u00f1\u00eda, as\u00ed como los presidentes y primeros ejecutivos que ha tenido Iberia en los \u00faltimos 22 a\u00f1os.<\/p>\n<p>El presidente de Air Nostrum, Carlos Bertomeu, ha rendido tributo al fundador, del que ha dicho haber aprendido aspectos importantes de la empresa, las personas y la vida, \u00abprincipios de la vieja escuela que no pasan de moda como el valor de la palabra dada y esa educaci\u00f3n exquisita que siempre demostr\u00f3 en el trato hacia aquellos que trabaj\u00e1bamos para \u00e9l\u00bb.<\/p>\n<p>\u00abQuiero que este avi\u00f3n le recuerde para siempre a nuestros pasajeros que en Valencia nacen empresarios con may\u00fasculas que, adem\u00e1s, son caballeros de ley\u00bb, ha subrayado Bertomeu.<\/p>\n<p>Por su parte, Emilio Serratosa ha rememorado la ilusi\u00f3n que sinti\u00f3 cuando lleg\u00f3 el primer avi\u00f3n, el 9 de diciembre de 1994, y ha se\u00f1alado que hasta la fecha han pasado m\u00e1s de 100 aeronaves por la flota de la compa\u00f1\u00eda.<\/p>\n<p>El homenajeado tambi\u00e9n ha tenido unas palabras para los m\u00e1s de 6.000 empleados que han pasado por Air Nostrum y se ha mostrado orgulloso de su proyecci\u00f3n profesional, que ha llevado a algunos de ellos a puestos de alta responsabilidad en otras aerol\u00edneas.<\/p>\n<p>Precisamente ha querido acompa\u00f1ar a Serratosa en el homenaje Luis Gallego, actual presidente de Iberia, que fue director t\u00e9cnico del taller de mantenimiento de Air Nostrum hasta 2006. Tambi\u00e9n han asistido predecesores de Gallego en Iberia como \u00c1ngel Mullor, Antonio V\u00e1zquez, Enrique Donaire, Fernando Conte y Rafael S\u00e1nchez Lozano, todos ellos vinculados al pasado y presente de la relaci\u00f3n que han mantenido Iberia y Air Nostrum durante estos a\u00f1os.<\/p>\n<p>Asimismo, ha estado presente en el homenaje otro ex Air Nostrum, Fernando Candela, actual presidente de Iberia Express, que fue director de Planificaci\u00f3n y Control de Gesti\u00f3n en la aerol\u00ednea valenciana.<\/p>\n<p>Emilio Serratosa, visiblemente emocionado, ha desvelado que su afici\u00f3n al campo le impuls\u00f3 a poner al primer avi\u00f3n de la compa\u00f1\u00eda el nombre de Aladierno, en una met\u00e1fora de la tenacidad y capacidad de superaci\u00f3n de dificultades de la aerol\u00ednea, similar a la persistencia del aladierno, un arbusto mediterr\u00e1neo que crece robusto y fuerte en cualquier tipo de terreno y que se mantiene verde todo el a\u00f1o aunque haya sequ\u00eda.<\/p>\n","protected":false},"excerpt":{"rendered":"<p>Air Nostrum, la compa\u00f1\u00eda franquiciada de Iberia para vuelos regionales, ha realizado un homenaje a su primer presidente, Emilio Serratosa, bautizando una de las nuevas aeronaves con su nombre. Al acto, celebrado en el hangar que la aerol\u00ednea tiene en sus instalaciones de Valencia, han asistido miembros de la familia Serratosa y directivos de la<\/p>\n","protected":false},"author":1,"featured_media":79592,"comment_status":"open","ping_status":"closed","sticky":false,"template":"","format":"standard","meta":{"footnotes":""},"categories":[224],"tags":[],"class_list":{"0":"post-79591","1":"post","2":"type-post","3":"status-publish","4":"format-standard","5":"has-post-thumbnail","7":"category-noticias-actualidad"},"aioseo_notices":[],"aioseo_head":"\n\t\t<!-- All in One SEO Pro 4.9.6.1 - aioseo.com -->\n\t<meta name=\"description\" content=\"Air Nostrum, la compa\u00f1\u00eda franquiciada de Iberia para vuelos regionales, ha realizado un homenaje a su primer presidente, Emilio Serratosa, bautizando una de las nuevas aeronaves con su nombre. Al acto, celebrado en el hangar que la aerol\u00ednea tiene en sus instalaciones de Valencia, han asistido miembros de la familia Serratosa y directivos de la\" \/>\n\t<meta name=\"robots\" content=\"max-image-preview:large\" \/>\n\t<meta name=\"author\" content=\"admin\"\/>\n\t<meta name=\"google-site-verification\" content=\"UA-38556648-1\" \/>\n\t<meta name=\"keywords\" content=\"noticias y actualidad\" \/>\n\t<link rel=\"canonical\" href=\"https:\/\/eldigitaldeasturias.com\/magazine365\/air-nostrum-homenajea-a-su-primer-presidente-con-el-bautizo-del-avion-emilio-serratosa\/\" \/>\n\t<meta name=\"generator\" content=\"All in One SEO Pro (AIOSEO) 4.9.6.1\" \/>\n\t\t<meta property=\"og:locale\" content=\"es_ES\" \/>\n\t\t<meta property=\"og:site_name\" content=\"El Digital de Asturias \u2013 Revista de ocio, turismo y estilo de vida\" \/>\n\t\t<meta property=\"og:type\" content=\"article\" \/>\n\t\t<meta property=\"og:title\" content=\"Air Nostrum homenajea a su primer presidente con el bautizo del avi\u00f3n Emilio Serratosa | El Digital de Asturias\" \/>\n\t\t<meta property=\"og:description\" content=\"Air Nostrum, la compa\u00f1\u00eda franquiciada de Iberia para vuelos regionales, ha realizado un homenaje a su primer presidente, Emilio Serratosa, bautizando una de las nuevas aeronaves con su nombre. Al acto, celebrado en el hangar que la aerol\u00ednea tiene en sus instalaciones de Valencia, han asistido miembros de la familia Serratosa y directivos de la\" \/>\n\t\t<meta property=\"og:url\" content=\"https:\/\/eldigitaldeasturias.com\/magazine365\/air-nostrum-homenajea-a-su-primer-presidente-con-el-bautizo-del-avion-emilio-serratosa\/\" \/>\n\t\t<meta property=\"og:image\" content=\"https:\/\/eldigitaldeasturias.com\/magazine365\/wp-content\/uploads\/2016\/06\/fotonoticia_20160616095946_800.jpg\" \/>\n\t\t<meta property=\"og:image:secure_url\" content=\"https:\/\/eldigitaldeasturias.com\/magazine365\/wp-content\/uploads\/2016\/06\/fotonoticia_20160616095946_800.jpg\" \/>\n\t\t<meta property=\"og:image:width\" content=\"800\" \/>\n\t\t<meta property=\"og:image:height\" content=\"494\" \/>\n\t\t<meta property=\"article:published_time\" content=\"2016-06-16T11:09:30+00:00\" \/>\n\t\t<meta property=\"article:modified_time\" content=\"2016-06-16T11:09:30+00:00\" \/>\n\t\t<meta name=\"twitter:card\" content=\"summary_large_image\" \/>\n\t\t<meta name=\"twitter:title\" content=\"Air Nostrum homenajea a su primer presidente con el bautizo del avi\u00f3n Emilio Serratosa | El Digital de Asturias\" \/>\n\t\t<meta name=\"twitter:description\" content=\"Air Nostrum, la compa\u00f1\u00eda franquiciada de Iberia para vuelos regionales, ha realizado un homenaje a su primer presidente, Emilio Serratosa, bautizando una de las nuevas aeronaves con su nombre. Al acto, celebrado en el hangar que la aerol\u00ednea tiene en sus instalaciones de Valencia, han asistido miembros de la familia Serratosa y directivos de la\" \/>\n\t\t<meta name=\"twitter:image\" content=\"https:\/\/eldigitaldeasturias.com\/magazine365\/wp-content\/uploads\/2016\/06\/fotonoticia_20160616095946_800.jpg\" \/>\n\t\t<script type=\"application\/ld+json\" class=\"aioseo-schema\">\n\t\t\t{\"@context\":\"https:\\\/\\\/schema.org\",\"@graph\":[{\"@type\":\"Article\",\"@id\":\"https:\\\/\\\/eldigitaldeasturias.com\\\/magazine365\\\/air-nostrum-homenajea-a-su-primer-presidente-con-el-bautizo-del-avion-emilio-serratosa\\\/#article\",\"name\":\"Air Nostrum homenajea a su primer presidente con el bautizo del avi\\u00f3n Emilio Serratosa | El Digital de Asturias\",\"headline\":\"Air Nostrum homenajea a su primer presidente con el bautizo del avi\\u00f3n Emilio Serratosa\",\"author\":{\"@id\":\"https:\\\/\\\/eldigitaldeasturias.com\\\/magazine365\\\/author\\\/admin\\\/#author\"},\"publisher\":{\"@id\":\"https:\\\/\\\/eldigitaldeasturias.com\\\/magazine365\\\/#organization\"},\"image\":{\"@type\":\"ImageObject\",\"url\":\"https:\\\/\\\/eldigitaldeasturias.com\\\/magazine365\\\/wp-content\\\/uploads\\\/2016\\\/06\\\/fotonoticia_20160616095946_800.jpg\",\"width\":800,\"height\":494},\"datePublished\":\"2016-06-16T13:09:30+02:00\",\"dateModified\":\"2016-06-16T13:09:30+02:00\",\"inLanguage\":\"es-ES\",\"mainEntityOfPage\":{\"@id\":\"https:\\\/\\\/eldigitaldeasturias.com\\\/magazine365\\\/air-nostrum-homenajea-a-su-primer-presidente-con-el-bautizo-del-avion-emilio-serratosa\\\/#webpage\"},\"isPartOf\":{\"@id\":\"https:\\\/\\\/eldigitaldeasturias.com\\\/magazine365\\\/air-nostrum-homenajea-a-su-primer-presidente-con-el-bautizo-del-avion-emilio-serratosa\\\/#webpage\"},\"articleSection\":\"Noticias y Actualidad\"},{\"@type\":\"BreadcrumbList\",\"@id\":\"https:\\\/\\\/eldigitaldeasturias.com\\\/magazine365\\\/air-nostrum-homenajea-a-su-primer-presidente-con-el-bautizo-del-avion-emilio-serratosa\\\/#breadcrumblist\",\"itemListElement\":[{\"@type\":\"ListItem\",\"@id\":\"https:\\\/\\\/eldigitaldeasturias.com\\\/magazine365#listItem\",\"position\":1,\"name\":\"Home\",\"item\":\"https:\\\/\\\/eldigitaldeasturias.com\\\/magazine365\",\"nextItem\":{\"@type\":\"ListItem\",\"@id\":\"https:\\\/\\\/eldigitaldeasturias.com\\\/magazine365\\\/category\\\/noticias-actualidad\\\/#listItem\",\"name\":\"Noticias y Actualidad\"}},{\"@type\":\"ListItem\",\"@id\":\"https:\\\/\\\/eldigitaldeasturias.com\\\/magazine365\\\/category\\\/noticias-actualidad\\\/#listItem\",\"position\":2,\"name\":\"Noticias y Actualidad\",\"item\":\"https:\\\/\\\/eldigitaldeasturias.com\\\/magazine365\\\/category\\\/noticias-actualidad\\\/\",\"nextItem\":{\"@type\":\"ListItem\",\"@id\":\"https:\\\/\\\/eldigitaldeasturias.com\\\/magazine365\\\/air-nostrum-homenajea-a-su-primer-presidente-con-el-bautizo-del-avion-emilio-serratosa\\\/#listItem\",\"name\":\"Air Nostrum homenajea a su primer presidente con el bautizo del avi\\u00f3n Emilio Serratosa\"},\"previousItem\":{\"@type\":\"ListItem\",\"@id\":\"https:\\\/\\\/eldigitaldeasturias.com\\\/magazine365#listItem\",\"name\":\"Home\"}},{\"@type\":\"ListItem\",\"@id\":\"https:\\\/\\\/eldigitaldeasturias.com\\\/magazine365\\\/air-nostrum-homenajea-a-su-primer-presidente-con-el-bautizo-del-avion-emilio-serratosa\\\/#listItem\",\"position\":3,\"name\":\"Air Nostrum homenajea a su primer presidente con el bautizo del avi\\u00f3n Emilio Serratosa\",\"previousItem\":{\"@type\":\"ListItem\",\"@id\":\"https:\\\/\\\/eldigitaldeasturias.com\\\/magazine365\\\/category\\\/noticias-actualidad\\\/#listItem\",\"name\":\"Noticias y Actualidad\"}}]},{\"@type\":\"Organization\",\"@id\":\"https:\\\/\\\/eldigitaldeasturias.com\\\/magazine365\\\/#organization\",\"name\":\"El digital de Asturias\",\"description\":\"Revista de ocio, turismo y estilo de vida\",\"url\":\"https:\\\/\\\/eldigitaldeasturias.com\\\/magazine365\\\/\",\"logo\":{\"@type\":\"ImageObject\",\"url\":\"https:\\\/\\\/www.eldigitaldeasturias.com\\\/noticias\\\/wp-content\\\/uploads\\\/2020\\\/12\\\/EDA.jpg\",\"@id\":\"https:\\\/\\\/eldigitaldeasturias.com\\\/magazine365\\\/air-nostrum-homenajea-a-su-primer-presidente-con-el-bautizo-del-avion-emilio-serratosa\\\/#organizationLogo\"},\"image\":{\"@id\":\"https:\\\/\\\/eldigitaldeasturias.com\\\/magazine365\\\/air-nostrum-homenajea-a-su-primer-presidente-con-el-bautizo-del-avion-emilio-serratosa\\\/#organizationLogo\"}},{\"@type\":\"Person\",\"@id\":\"https:\\\/\\\/eldigitaldeasturias.com\\\/magazine365\\\/author\\\/admin\\\/#author\",\"url\":\"https:\\\/\\\/eldigitaldeasturias.com\\\/magazine365\\\/author\\\/admin\\\/\",\"name\":\"admin\",\"image\":{\"@type\":\"ImageObject\",\"@id\":\"https:\\\/\\\/eldigitaldeasturias.com\\\/magazine365\\\/air-nostrum-homenajea-a-su-primer-presidente-con-el-bautizo-del-avion-emilio-serratosa\\\/#authorImage\",\"url\":\"https:\\\/\\\/eldigitaldeasturias.com\\\/magazine365\\\/wp-content\\\/litespeed\\\/avatar\\\/e571bcf59a0edd6fa6838245a470f2fe.jpg?ver=1776969259\",\"width\":96,\"height\":96,\"caption\":\"admin\"}},{\"@type\":\"WebPage\",\"@id\":\"https:\\\/\\\/eldigitaldeasturias.com\\\/magazine365\\\/air-nostrum-homenajea-a-su-primer-presidente-con-el-bautizo-del-avion-emilio-serratosa\\\/#webpage\",\"url\":\"https:\\\/\\\/eldigitaldeasturias.com\\\/magazine365\\\/air-nostrum-homenajea-a-su-primer-presidente-con-el-bautizo-del-avion-emilio-serratosa\\\/\",\"name\":\"Air Nostrum homenajea a su primer presidente con el bautizo del avi\\u00f3n Emilio Serratosa | El Digital de Asturias\",\"description\":\"Air Nostrum, la compa\\u00f1\\u00eda franquiciada de Iberia para vuelos regionales, ha realizado un homenaje a su primer presidente, Emilio Serratosa, bautizando una de las nuevas aeronaves con su nombre. Al acto, celebrado en el hangar que la aerol\\u00ednea tiene en sus instalaciones de Valencia, han asistido miembros de la familia Serratosa y directivos de la\",\"inLanguage\":\"es-ES\",\"isPartOf\":{\"@id\":\"https:\\\/\\\/eldigitaldeasturias.com\\\/magazine365\\\/#website\"},\"breadcrumb\":{\"@id\":\"https:\\\/\\\/eldigitaldeasturias.com\\\/magazine365\\\/air-nostrum-homenajea-a-su-primer-presidente-con-el-bautizo-del-avion-emilio-serratosa\\\/#breadcrumblist\"},\"author\":{\"@id\":\"https:\\\/\\\/eldigitaldeasturias.com\\\/magazine365\\\/author\\\/admin\\\/#author\"},\"creator\":{\"@id\":\"https:\\\/\\\/eldigitaldeasturias.com\\\/magazine365\\\/author\\\/admin\\\/#author\"},\"image\":{\"@type\":\"ImageObject\",\"url\":\"https:\\\/\\\/eldigitaldeasturias.com\\\/magazine365\\\/wp-content\\\/uploads\\\/2016\\\/06\\\/fotonoticia_20160616095946_800.jpg\",\"@id\":\"https:\\\/\\\/eldigitaldeasturias.com\\\/magazine365\\\/air-nostrum-homenajea-a-su-primer-presidente-con-el-bautizo-del-avion-emilio-serratosa\\\/#mainImage\",\"width\":800,\"height\":494},\"primaryImageOfPage\":{\"@id\":\"https:\\\/\\\/eldigitaldeasturias.com\\\/magazine365\\\/air-nostrum-homenajea-a-su-primer-presidente-con-el-bautizo-del-avion-emilio-serratosa\\\/#mainImage\"},\"datePublished\":\"2016-06-16T13:09:30+02:00\",\"dateModified\":\"2016-06-16T13:09:30+02:00\"},{\"@type\":\"WebSite\",\"@id\":\"https:\\\/\\\/eldigitaldeasturias.com\\\/magazine365\\\/#website\",\"url\":\"https:\\\/\\\/eldigitaldeasturias.com\\\/magazine365\\\/\",\"name\":\"El Digital de Asturias\",\"description\":\"Revista de ocio, turismo y estilo de vida\",\"inLanguage\":\"es-ES\",\"publisher\":{\"@id\":\"https:\\\/\\\/eldigitaldeasturias.com\\\/magazine365\\\/#organization\"}}]}\n\t\t<\/script>\n\t\t<!-- All in One SEO Pro -->\r\n\t\t<title>Air Nostrum homenajea a su primer presidente con el bautizo del avi\u00f3n Emilio Serratosa | El Digital de Asturias<\/title>\n\n","aioseo_head_json":{"title":"Air Nostrum homenajea a su primer presidente con el bautizo del avi\u00f3n Emilio Serratosa | El Digital de Asturias","description":"Air Nostrum, la compa\u00f1\u00eda franquiciada de Iberia para vuelos regionales, ha realizado un homenaje a su primer presidente, Emilio Serratosa, bautizando una de las nuevas aeronaves con su nombre. Al acto, celebrado en el hangar que la aerol\u00ednea tiene en sus instalaciones de Valencia, han asistido miembros de la familia Serratosa y directivos de la","canonical_url":"https:\/\/eldigitaldeasturias.com\/magazine365\/air-nostrum-homenajea-a-su-primer-presidente-con-el-bautizo-del-avion-emilio-serratosa\/","robots":"max-image-preview:large","keywords":"noticias y actualidad","webmasterTools":{"google-site-verification":"UA-38556648-1","miscellaneous":""},"schema":{"@context":"https:\/\/schema.org","@graph":[{"@type":"Article","@id":"https:\/\/eldigitaldeasturias.com\/magazine365\/air-nostrum-homenajea-a-su-primer-presidente-con-el-bautizo-del-avion-emilio-serratosa\/#article","name":"Air Nostrum homenajea a su primer presidente con el bautizo del avi\u00f3n Emilio Serratosa | El Digital de Asturias","headline":"Air Nostrum homenajea a su primer presidente con el bautizo del avi\u00f3n Emilio Serratosa","author":{"@id":"https:\/\/eldigitaldeasturias.com\/magazine365\/author\/admin\/#author"},"publisher":{"@id":"https:\/\/eldigitaldeasturias.com\/magazine365\/#organization"},"image":{"@type":"ImageObject","url":"https:\/\/eldigitaldeasturias.com\/magazine365\/wp-content\/uploads\/2016\/06\/fotonoticia_20160616095946_800.jpg","width":800,"height":494},"datePublished":"2016-06-16T13:09:30+02:00","dateModified":"2016-06-16T13:09:30+02:00","inLanguage":"es-ES","mainEntityOfPage":{"@id":"https:\/\/eldigitaldeasturias.com\/magazine365\/air-nostrum-homenajea-a-su-primer-presidente-con-el-bautizo-del-avion-emilio-serratosa\/#webpage"},"isPartOf":{"@id":"https:\/\/eldigitaldeasturias.com\/magazine365\/air-nostrum-homenajea-a-su-primer-presidente-con-el-bautizo-del-avion-emilio-serratosa\/#webpage"},"articleSection":"Noticias y Actualidad"},{"@type":"BreadcrumbList","@id":"https:\/\/eldigitaldeasturias.com\/magazine365\/air-nostrum-homenajea-a-su-primer-presidente-con-el-bautizo-del-avion-emilio-serratosa\/#breadcrumblist","itemListElement":[{"@type":"ListItem","@id":"https:\/\/eldigitaldeasturias.com\/magazine365#listItem","position":1,"name":"Home","item":"https:\/\/eldigitaldeasturias.com\/magazine365","nextItem":{"@type":"ListItem","@id":"https:\/\/eldigitaldeasturias.com\/magazine365\/category\/noticias-actualidad\/#listItem","name":"Noticias y Actualidad"}},{"@type":"ListItem","@id":"https:\/\/eldigitaldeasturias.com\/magazine365\/category\/noticias-actualidad\/#listItem","position":2,"name":"Noticias y Actualidad","item":"https:\/\/eldigitaldeasturias.com\/magazine365\/category\/noticias-actualidad\/","nextItem":{"@type":"ListItem","@id":"https:\/\/eldigitaldeasturias.com\/magazine365\/air-nostrum-homenajea-a-su-primer-presidente-con-el-bautizo-del-avion-emilio-serratosa\/#listItem","name":"Air Nostrum homenajea a su primer presidente con el bautizo del avi\u00f3n Emilio Serratosa"},"previousItem":{"@type":"ListItem","@id":"https:\/\/eldigitaldeasturias.com\/magazine365#listItem","name":"Home"}},{"@type":"ListItem","@id":"https:\/\/eldigitaldeasturias.com\/magazine365\/air-nostrum-homenajea-a-su-primer-presidente-con-el-bautizo-del-avion-emilio-serratosa\/#listItem","position":3,"name":"Air Nostrum homenajea a su primer presidente con el bautizo del avi\u00f3n Emilio Serratosa","previousItem":{"@type":"ListItem","@id":"https:\/\/eldigitaldeasturias.com\/magazine365\/category\/noticias-actualidad\/#listItem","name":"Noticias y Actualidad"}}]},{"@type":"Organization","@id":"https:\/\/eldigitaldeasturias.com\/magazine365\/#organization","name":"El digital de Asturias","description":"Revista de ocio, turismo y estilo de vida","url":"https:\/\/eldigitaldeasturias.com\/magazine365\/","logo":{"@type":"ImageObject","url":"https:\/\/www.eldigitaldeasturias.com\/noticias\/wp-content\/uploads\/2020\/12\/EDA.jpg","@id":"https:\/\/eldigitaldeasturias.com\/magazine365\/air-nostrum-homenajea-a-su-primer-presidente-con-el-bautizo-del-avion-emilio-serratosa\/#organizationLogo"},"image":{"@id":"https:\/\/eldigitaldeasturias.com\/magazine365\/air-nostrum-homenajea-a-su-primer-presidente-con-el-bautizo-del-avion-emilio-serratosa\/#organizationLogo"}},{"@type":"Person","@id":"https:\/\/eldigitaldeasturias.com\/magazine365\/author\/admin\/#author","url":"https:\/\/eldigitaldeasturias.com\/magazine365\/author\/admin\/","name":"admin","image":{"@type":"ImageObject","@id":"https:\/\/eldigitaldeasturias.com\/magazine365\/air-nostrum-homenajea-a-su-primer-presidente-con-el-bautizo-del-avion-emilio-serratosa\/#authorImage","url":"https:\/\/eldigitaldeasturias.com\/magazine365\/wp-content\/litespeed\/avatar\/e571bcf59a0edd6fa6838245a470f2fe.jpg?ver=1776969259","width":96,"height":96,"caption":"admin"}},{"@type":"WebPage","@id":"https:\/\/eldigitaldeasturias.com\/magazine365\/air-nostrum-homenajea-a-su-primer-presidente-con-el-bautizo-del-avion-emilio-serratosa\/#webpage","url":"https:\/\/eldigitaldeasturias.com\/magazine365\/air-nostrum-homenajea-a-su-primer-presidente-con-el-bautizo-del-avion-emilio-serratosa\/","name":"Air Nostrum homenajea a su primer presidente con el bautizo del avi\u00f3n Emilio Serratosa | El Digital de Asturias","description":"Air Nostrum, la compa\u00f1\u00eda franquiciada de Iberia para vuelos regionales, ha realizado un homenaje a su primer presidente, Emilio Serratosa, bautizando una de las nuevas aeronaves con su nombre. Al acto, celebrado en el hangar que la aerol\u00ednea tiene en sus instalaciones de Valencia, han asistido miembros de la familia Serratosa y directivos de la","inLanguage":"es-ES","isPartOf":{"@id":"https:\/\/eldigitaldeasturias.com\/magazine365\/#website"},"breadcrumb":{"@id":"https:\/\/eldigitaldeasturias.com\/magazine365\/air-nostrum-homenajea-a-su-primer-presidente-con-el-bautizo-del-avion-emilio-serratosa\/#breadcrumblist"},"author":{"@id":"https:\/\/eldigitaldeasturias.com\/magazine365\/author\/admin\/#author"},"creator":{"@id":"https:\/\/eldigitaldeasturias.com\/magazine365\/author\/admin\/#author"},"image":{"@type":"ImageObject","url":"https:\/\/eldigitaldeasturias.com\/magazine365\/wp-content\/uploads\/2016\/06\/fotonoticia_20160616095946_800.jpg","@id":"https:\/\/eldigitaldeasturias.com\/magazine365\/air-nostrum-homenajea-a-su-primer-presidente-con-el-bautizo-del-avion-emilio-serratosa\/#mainImage","width":800,"height":494},"primaryImageOfPage":{"@id":"https:\/\/eldigitaldeasturias.com\/magazine365\/air-nostrum-homenajea-a-su-primer-presidente-con-el-bautizo-del-avion-emilio-serratosa\/#mainImage"},"datePublished":"2016-06-16T13:09:30+02:00","dateModified":"2016-06-16T13:09:30+02:00"},{"@type":"WebSite","@id":"https:\/\/eldigitaldeasturias.com\/magazine365\/#website","url":"https:\/\/eldigitaldeasturias.com\/magazine365\/","name":"El Digital de Asturias","description":"Revista de ocio, turismo y estilo de vida","inLanguage":"es-ES","publisher":{"@id":"https:\/\/eldigitaldeasturias.com\/magazine365\/#organization"}}]},"og:locale":"es_ES","og:site_name":"El Digital de Asturias \u2013 Revista de ocio, turismo y estilo de vida","og:type":"article","og:title":"Air Nostrum homenajea a su primer presidente con el bautizo del avi\u00f3n Emilio Serratosa | El Digital de Asturias","og:description":"Air Nostrum, la compa\u00f1\u00eda franquiciada de Iberia para vuelos regionales, ha realizado un homenaje a su primer presidente, Emilio Serratosa, bautizando una de las nuevas aeronaves con su nombre. Al acto, celebrado en el hangar que la aerol\u00ednea tiene en sus instalaciones de Valencia, han asistido miembros de la familia Serratosa y directivos de la","og:url":"https:\/\/eldigitaldeasturias.com\/magazine365\/air-nostrum-homenajea-a-su-primer-presidente-con-el-bautizo-del-avion-emilio-serratosa\/","og:image":"https:\/\/eldigitaldeasturias.com\/magazine365\/wp-content\/uploads\/2016\/06\/fotonoticia_20160616095946_800.jpg","og:image:secure_url":"https:\/\/eldigitaldeasturias.com\/magazine365\/wp-content\/uploads\/2016\/06\/fotonoticia_20160616095946_800.jpg","og:image:width":800,"og:image:height":494,"article:published_time":"2016-06-16T11:09:30+00:00","article:modified_time":"2016-06-16T11:09:30+00:00","twitter:card":"summary_large_image","twitter:title":"Air Nostrum homenajea a su primer presidente con el bautizo del avi\u00f3n Emilio Serratosa | El Digital de Asturias","twitter:description":"Air Nostrum, la compa\u00f1\u00eda franquiciada de Iberia para vuelos regionales, ha realizado un homenaje a su primer presidente, Emilio Serratosa, bautizando una de las nuevas aeronaves con su nombre. Al acto, celebrado en el hangar que la aerol\u00ednea tiene en sus instalaciones de Valencia, han asistido miembros de la familia Serratosa y directivos de la","twitter:image":"https:\/\/eldigitaldeasturias.com\/magazine365\/wp-content\/uploads\/2016\/06\/fotonoticia_20160616095946_800.jpg"},"aioseo_meta_data":{"post_id":"79591","title":null,"description":null,"keywords":null,"keyphrases":null,"primary_term":null,"canonical_url":null,"og_title":null,"og_description":null,"og_object_type":"default","og_image_type":"default","og_image_url":null,"og_image_width":null,"og_image_height":null,"og_image_custom_url":null,"og_image_custom_fields":null,"og_video":null,"og_custom_url":null,"og_article_section":null,"og_article_tags":null,"twitter_use_og":false,"twitter_card":"default","twitter_image_type":"default","twitter_image_url":null,"twitter_image_custom_url":null,"twitter_image_custom_fields":null,"twitter_title":null,"twitter_description":null,"schema":{"blockGraphs":[],"customGraphs":[],"default":{"data":{"Article":[],"Course":[],"Dataset":[],"FAQPage":[],"Movie":[],"Person":[],"Product":[],"ProductReview":[],"Car":[],"Recipe":[],"Service":[],"SoftwareApplication":[],"WebPage":[]},"graphName":"","isEnabled":true},"graphs":[],"defaultGraph":"","defaultPostTypeGraph":""},"schema_type":null,"schema_type_options":null,"pillar_content":false,"robots_default":true,"robots_noindex":false,"robots_noarchive":false,"robots_nosnippet":false,"robots_nofollow":false,"robots_noimageindex":false,"robots_noodp":false,"robots_notranslate":false,"robots_max_snippet":null,"robots_max_videopreview":null,"robots_max_imagepreview":"large","priority":null,"frequency":null,"location":null,"local_seo":null,"seo_analyzer_scan_date":"2025-09-27 19:12:58","breadcrumb_settings":null,"limit_modified_date":false,"open_ai":null,"ai":null,"created":"2021-03-08 17:47:25","updated":"2025-09-27 19:12:58"},"aioseo_breadcrumb":"<div class=\"aioseo-breadcrumbs\"><span class=\"aioseo-breadcrumb\">\n\t<a href=\"https:\/\/eldigitaldeasturias.com\/magazine365\" title=\"Home\">Home<\/a>\n<\/span><span class=\"aioseo-breadcrumb-separator\">\u2013<\/span><span class=\"aioseo-breadcrumb\">\n\t<a href=\"https:\/\/eldigitaldeasturias.com\/magazine365\/category\/noticias-actualidad\/\" title=\"Noticias y Actualidad\">Noticias y Actualidad<\/a>\n<\/span><span class=\"aioseo-breadcrumb-separator\">\u2013<\/span><span class=\"aioseo-breadcrumb\">\n\t<a href=\"https:\/\/eldigitaldeasturias.com\/magazine365\/air-nostrum-homenajea-a-su-primer-presidente-con-el-bautizo-del-avion-emilio-serratosa\/\" title=\"Air Nostrum homenajea a su primer presidente con el bautizo del avi\u00f3n Emilio Serratosa\">Air Nostrum homenajea a su primer presidente con el bautizo del avi\u00f3n Emilio Serratosa<\/a>\n<\/span><\/div>","aioseo_breadcrumb_json":[{"label":"Home","link":"https:\/\/eldigitaldeasturias.com\/magazine365"},{"label":"Noticias y Actualidad","link":"https:\/\/eldigitaldeasturias.com\/magazine365\/category\/noticias-actualidad\/"},{"label":"Air Nostrum homenajea a su primer presidente con el bautizo del avi\u00f3n Emilio Serratosa","link":"https:\/\/eldigitaldeasturias.com\/magazine365\/air-nostrum-homenajea-a-su-primer-presidente-con-el-bautizo-del-avion-emilio-serratosa\/"}],"_links":{"self":[{"href":"https:\/\/eldigitaldeasturias.com\/magazine365\/wp-json\/wp\/v2\/posts\/79591","targetHints":{"allow":["GET"]}}],"collection":[{"href":"https:\/\/eldigitaldeasturias.com\/magazine365\/wp-json\/wp\/v2\/posts"}],"about":[{"href":"https:\/\/eldigitaldeasturias.com\/magazine365\/wp-json\/wp\/v2\/types\/post"}],"author":[{"embeddable":true,"href":"https:\/\/eldigitaldeasturias.com\/magazine365\/wp-json\/wp\/v2\/users\/1"}],"replies":[{"embeddable":true,"href":"https:\/\/eldigitaldeasturias.com\/magazine365\/wp-json\/wp\/v2\/comments?post=79591"}],"version-history":[{"count":0,"href":"https:\/\/eldigitaldeasturias.com\/magazine365\/wp-json\/wp\/v2\/posts\/79591\/revisions"}],"wp:featuredmedia":[{"embeddable":true,"href":"https:\/\/eldigitaldeasturias.com\/magazine365\/wp-json\/wp\/v2\/media\/79592"}],"wp:attachment":[{"href":"https:\/\/eldigitaldeasturias.com\/magazine365\/wp-json\/wp\/v2\/media?parent=79591"}],"wp:term":[{"taxonomy":"category","embeddable":true,"href":"https:\/\/eldigitaldeasturias.com\/magazine365\/wp-json\/wp\/v2\/categories?post=79591"},{"taxonomy":"post_tag","embeddable":true,"href":"https:\/\/eldigitaldeasturias.com\/magazine365\/wp-json\/wp\/v2\/tags?post=79591"}],"curies":[{"name":"wp","href":"https:\/\/api.w.org\/{rel}","templated":true}]}}