{"id":79586,"date":"2016-06-16T13:06:42","date_gmt":"2016-06-16T11:06:42","guid":{"rendered":"http:\/\/eldigitaldeasturias.com\/magazine365\/?p=79586"},"modified":"2016-06-16T13:06:42","modified_gmt":"2016-06-16T11:06:42","slug":"el-ii-foro-gastroemprende-llega-a-ciudad-real-para-mostrar-innovaciones-en-turismo-y-gastronomia","status":"publish","type":"post","link":"https:\/\/eldigitaldeasturias.com\/magazine365\/el-ii-foro-gastroemprende-llega-a-ciudad-real-para-mostrar-innovaciones-en-turismo-y-gastronomia\/","title":{"rendered":"El II Foro GastroEmprende llega a Ciudad Real para mostrar innovaciones en turismo y gastronom\u00eda"},"content":{"rendered":"<p><img fetchpriority=\"high\" decoding=\"async\" class=\"alignleft size-medium wp-image-55856\" src=\"https:\/\/eldigitaldeasturias.com\/magazine365\/wp-content\/uploads\/2015\/11\/jornadagastronomica-360x254.jpg\" alt=\"jornadagastronomica\" width=\"360\" height=\"254\" srcset=\"https:\/\/eldigitaldeasturias.com\/magazine365\/wp-content\/uploads\/2015\/11\/jornadagastronomica-360x254.jpg 360w, https:\/\/eldigitaldeasturias.com\/magazine365\/wp-content\/uploads\/2015\/11\/jornadagastronomica-650x459.jpg 650w, https:\/\/eldigitaldeasturias.com\/magazine365\/wp-content\/uploads\/2015\/11\/jornadagastronomica-150x106.jpg 150w, https:\/\/eldigitaldeasturias.com\/magazine365\/wp-content\/uploads\/2015\/11\/jornadagastronomica-450x318.jpg 450w, https:\/\/eldigitaldeasturias.com\/magazine365\/wp-content\/uploads\/2015\/11\/jornadagastronomica-100x70.jpg 100w, https:\/\/eldigitaldeasturias.com\/magazine365\/wp-content\/uploads\/2015\/11\/jornadagastronomica-595x420.jpg 595w, https:\/\/eldigitaldeasturias.com\/magazine365\/wp-content\/uploads\/2015\/11\/jornadagastronomica.jpg 680w\" sizes=\"(max-width: 360px) 100vw, 360px\" \/>La C\u00e1mara de Comercio, Industria y Servicios de Ciudad Real acoger\u00e1 este jueves, 16 de junio, la II edici\u00f3n del Foro GastroEmprende, que abordar\u00e1, de manera gratuita y para m\u00e1s de 150 personas, aspectos relacionados con la gastronom\u00eda y el turismo pensados desde la innovaci\u00f3n, el emprendimiento y el fomento de la competitividad.<\/p>\n<p>En este sentido, GastroEmprende est\u00e1 abierto a empresarios y emprendedores que deseen seguir mejorando en sus negocios, por lo que podr\u00e1n participar en cinco actividades que reunir\u00e1n a una docena de ponentes. Las inscripciones pueden hacerse en las p\u00e1ginas web de la C\u00e1mara de Comercio (<a href=\"http:\/\/www.camaracr.org\/\" target=\"_blank\">www.camaracr.org<\/a>) y del CEEI (<a href=\"http:\/\/www.ceeicr.es\/\" target=\"_blank\">www.ceeicr.es<\/a>) o en los tel\u00e9fonos 926 27 44 44 y 926 27 30 34, seg\u00fan ha informado la C\u00e1mara en nota de prensa.<\/p>\n<p>De este modo, el periodista gastron\u00f3mico Miguel \u00c1ngel Almod\u00f3var, abordar\u00e1 la ciencia y su aplicaci\u00f3n en la gastronom\u00eda; la I+D ser\u00e1 tratada por el periodista, Miguel \u00c1ngel Mainar, y el presidente de la Asociaci\u00f3n Espa\u00f1ola de Leguminosas, Alfonso Clemente; la tecnolog\u00eda y el origen por el en\u00f3logo Federico Lucendo, el agricultor Jos\u00e9 Mar\u00eda P\u00e9rez y el experto en comunicaci\u00f3n Fernando Jim\u00e9nez.<\/p>\n<p>Asimismo, el chef finalista de Masterchef Fabi\u00e1n Le\u00f3n, el productor de queso Pedro Moreno y el empresario Carlos Javier Garc\u00eda, expondr\u00e1n sus casos, al tiempo que la ponencia sobre turismo y el sector hostelero como motor para el desarrollo correr\u00e1 a cargo del chef Rub\u00e9n S\u00e1nchez, el director de los Paradores de Almagro y Manzanares, Pedro Carre\u00f1o, y la directora de la escuela de hosteler\u00eda EFA de Bola\u00f1os, In\u00e9s Horme\u00f1o.<\/p>\n<p>GastroEmprende est\u00e1 organizado por la C\u00e1mara de Comercio y el CEEI y cuenta con la cofinanciaci\u00f3n de la Diputaci\u00f3n Provincial de Ciudad Real, la Junta de Comunidades de Castilla-La Mancha, el Impefe y el Fondo Europeo de Desarrollo Regional.<\/p>\n","protected":false},"excerpt":{"rendered":"<p>La C\u00e1mara de Comercio, Industria y Servicios de Ciudad Real acoger\u00e1 este jueves, 16 de junio, la II edici\u00f3n del Foro GastroEmprende, que abordar\u00e1, de manera gratuita y para m\u00e1s de 150 personas, aspectos relacionados con la gastronom\u00eda y el turismo pensados desde la innovaci\u00f3n, el emprendimiento y el fomento de la competitividad. En este<\/p>\n","protected":false},"author":1,"featured_media":55856,"comment_status":"open","ping_status":"closed","sticky":false,"template":"","format":"standard","meta":{"footnotes":""},"categories":[224],"tags":[],"class_list":{"0":"post-79586","1":"post","2":"type-post","3":"status-publish","4":"format-standard","5":"has-post-thumbnail","7":"category-noticias-actualidad"},"aioseo_notices":[],"aioseo_head":"\n\t\t<!-- All in One SEO Pro 4.9.6.1 - aioseo.com -->\n\t<meta name=\"description\" content=\"La C\u00e1mara de Comercio, Industria y Servicios de Ciudad Real acoger\u00e1 este jueves, 16 de junio, la II edici\u00f3n del Foro GastroEmprende, que abordar\u00e1, de manera gratuita y para m\u00e1s de 150 personas, aspectos relacionados con la gastronom\u00eda y el turismo pensados desde la innovaci\u00f3n, el emprendimiento y el fomento de la competitividad. En este\" \/>\n\t<meta name=\"robots\" content=\"max-image-preview:large\" \/>\n\t<meta name=\"author\" content=\"admin\"\/>\n\t<meta name=\"google-site-verification\" content=\"UA-38556648-1\" \/>\n\t<meta name=\"keywords\" content=\"noticias y actualidad\" \/>\n\t<link rel=\"canonical\" href=\"https:\/\/eldigitaldeasturias.com\/magazine365\/el-ii-foro-gastroemprende-llega-a-ciudad-real-para-mostrar-innovaciones-en-turismo-y-gastronomia\/\" \/>\n\t<meta name=\"generator\" content=\"All in One SEO Pro (AIOSEO) 4.9.6.1\" \/>\n\t\t<meta property=\"og:locale\" content=\"es_ES\" \/>\n\t\t<meta property=\"og:site_name\" content=\"El Digital de Asturias \u2013 Revista de ocio, turismo y estilo de vida\" \/>\n\t\t<meta property=\"og:type\" content=\"article\" \/>\n\t\t<meta property=\"og:title\" content=\"El II Foro GastroEmprende llega a Ciudad Real para mostrar innovaciones en turismo y gastronom\u00eda | El Digital de Asturias\" \/>\n\t\t<meta property=\"og:description\" content=\"La C\u00e1mara de Comercio, Industria y Servicios de Ciudad Real acoger\u00e1 este jueves, 16 de junio, la II edici\u00f3n del Foro GastroEmprende, que abordar\u00e1, de manera gratuita y para m\u00e1s de 150 personas, aspectos relacionados con la gastronom\u00eda y el turismo pensados desde la innovaci\u00f3n, el emprendimiento y el fomento de la competitividad. En este\" \/>\n\t\t<meta property=\"og:url\" content=\"https:\/\/eldigitaldeasturias.com\/magazine365\/el-ii-foro-gastroemprende-llega-a-ciudad-real-para-mostrar-innovaciones-en-turismo-y-gastronomia\/\" \/>\n\t\t<meta property=\"og:image\" content=\"https:\/\/eldigitaldeasturias.com\/magazine365\/wp-content\/uploads\/2015\/11\/jornadagastronomica.jpg\" \/>\n\t\t<meta property=\"og:image:secure_url\" content=\"https:\/\/eldigitaldeasturias.com\/magazine365\/wp-content\/uploads\/2015\/11\/jornadagastronomica.jpg\" \/>\n\t\t<meta property=\"og:image:width\" content=\"680\" \/>\n\t\t<meta property=\"og:image:height\" content=\"480\" \/>\n\t\t<meta property=\"article:published_time\" content=\"2016-06-16T11:06:42+00:00\" \/>\n\t\t<meta property=\"article:modified_time\" content=\"2016-06-16T11:06:42+00:00\" \/>\n\t\t<meta name=\"twitter:card\" content=\"summary_large_image\" \/>\n\t\t<meta name=\"twitter:title\" content=\"El II Foro GastroEmprende llega a Ciudad Real para mostrar innovaciones en turismo y gastronom\u00eda | El Digital de Asturias\" \/>\n\t\t<meta name=\"twitter:description\" content=\"La C\u00e1mara de Comercio, Industria y Servicios de Ciudad Real acoger\u00e1 este jueves, 16 de junio, la II edici\u00f3n del Foro GastroEmprende, que abordar\u00e1, de manera gratuita y para m\u00e1s de 150 personas, aspectos relacionados con la gastronom\u00eda y el turismo pensados desde la innovaci\u00f3n, el emprendimiento y el fomento de la competitividad. En este\" \/>\n\t\t<meta name=\"twitter:image\" content=\"https:\/\/eldigitaldeasturias.com\/magazine365\/wp-content\/uploads\/2015\/11\/jornadagastronomica.jpg\" \/>\n\t\t<script type=\"application\/ld+json\" class=\"aioseo-schema\">\n\t\t\t{\"@context\":\"https:\\\/\\\/schema.org\",\"@graph\":[{\"@type\":\"Article\",\"@id\":\"https:\\\/\\\/eldigitaldeasturias.com\\\/magazine365\\\/el-ii-foro-gastroemprende-llega-a-ciudad-real-para-mostrar-innovaciones-en-turismo-y-gastronomia\\\/#article\",\"name\":\"El II Foro GastroEmprende llega a Ciudad Real para mostrar innovaciones en turismo y gastronom\\u00eda | El Digital de Asturias\",\"headline\":\"El II Foro GastroEmprende llega a Ciudad Real para mostrar innovaciones en turismo y gastronom\\u00eda\",\"author\":{\"@id\":\"https:\\\/\\\/eldigitaldeasturias.com\\\/magazine365\\\/author\\\/admin\\\/#author\"},\"publisher\":{\"@id\":\"https:\\\/\\\/eldigitaldeasturias.com\\\/magazine365\\\/#organization\"},\"image\":{\"@type\":\"ImageObject\",\"url\":\"https:\\\/\\\/eldigitaldeasturias.com\\\/magazine365\\\/wp-content\\\/uploads\\\/2015\\\/11\\\/jornadagastronomica.jpg\",\"width\":680,\"height\":480},\"datePublished\":\"2016-06-16T13:06:42+02:00\",\"dateModified\":\"2016-06-16T13:06:42+02:00\",\"inLanguage\":\"es-ES\",\"mainEntityOfPage\":{\"@id\":\"https:\\\/\\\/eldigitaldeasturias.com\\\/magazine365\\\/el-ii-foro-gastroemprende-llega-a-ciudad-real-para-mostrar-innovaciones-en-turismo-y-gastronomia\\\/#webpage\"},\"isPartOf\":{\"@id\":\"https:\\\/\\\/eldigitaldeasturias.com\\\/magazine365\\\/el-ii-foro-gastroemprende-llega-a-ciudad-real-para-mostrar-innovaciones-en-turismo-y-gastronomia\\\/#webpage\"},\"articleSection\":\"Noticias y Actualidad\"},{\"@type\":\"BreadcrumbList\",\"@id\":\"https:\\\/\\\/eldigitaldeasturias.com\\\/magazine365\\\/el-ii-foro-gastroemprende-llega-a-ciudad-real-para-mostrar-innovaciones-en-turismo-y-gastronomia\\\/#breadcrumblist\",\"itemListElement\":[{\"@type\":\"ListItem\",\"@id\":\"https:\\\/\\\/eldigitaldeasturias.com\\\/magazine365#listItem\",\"position\":1,\"name\":\"Home\",\"item\":\"https:\\\/\\\/eldigitaldeasturias.com\\\/magazine365\",\"nextItem\":{\"@type\":\"ListItem\",\"@id\":\"https:\\\/\\\/eldigitaldeasturias.com\\\/magazine365\\\/category\\\/noticias-actualidad\\\/#listItem\",\"name\":\"Noticias y Actualidad\"}},{\"@type\":\"ListItem\",\"@id\":\"https:\\\/\\\/eldigitaldeasturias.com\\\/magazine365\\\/category\\\/noticias-actualidad\\\/#listItem\",\"position\":2,\"name\":\"Noticias y Actualidad\",\"item\":\"https:\\\/\\\/eldigitaldeasturias.com\\\/magazine365\\\/category\\\/noticias-actualidad\\\/\",\"nextItem\":{\"@type\":\"ListItem\",\"@id\":\"https:\\\/\\\/eldigitaldeasturias.com\\\/magazine365\\\/el-ii-foro-gastroemprende-llega-a-ciudad-real-para-mostrar-innovaciones-en-turismo-y-gastronomia\\\/#listItem\",\"name\":\"El II Foro GastroEmprende llega a Ciudad Real para mostrar innovaciones en turismo y gastronom\\u00eda\"},\"previousItem\":{\"@type\":\"ListItem\",\"@id\":\"https:\\\/\\\/eldigitaldeasturias.com\\\/magazine365#listItem\",\"name\":\"Home\"}},{\"@type\":\"ListItem\",\"@id\":\"https:\\\/\\\/eldigitaldeasturias.com\\\/magazine365\\\/el-ii-foro-gastroemprende-llega-a-ciudad-real-para-mostrar-innovaciones-en-turismo-y-gastronomia\\\/#listItem\",\"position\":3,\"name\":\"El II Foro GastroEmprende llega a Ciudad Real para mostrar innovaciones en turismo y gastronom\\u00eda\",\"previousItem\":{\"@type\":\"ListItem\",\"@id\":\"https:\\\/\\\/eldigitaldeasturias.com\\\/magazine365\\\/category\\\/noticias-actualidad\\\/#listItem\",\"name\":\"Noticias y Actualidad\"}}]},{\"@type\":\"Organization\",\"@id\":\"https:\\\/\\\/eldigitaldeasturias.com\\\/magazine365\\\/#organization\",\"name\":\"El digital de Asturias\",\"description\":\"Revista de ocio, turismo y estilo de vida\",\"url\":\"https:\\\/\\\/eldigitaldeasturias.com\\\/magazine365\\\/\",\"logo\":{\"@type\":\"ImageObject\",\"url\":\"https:\\\/\\\/www.eldigitaldeasturias.com\\\/noticias\\\/wp-content\\\/uploads\\\/2020\\\/12\\\/EDA.jpg\",\"@id\":\"https:\\\/\\\/eldigitaldeasturias.com\\\/magazine365\\\/el-ii-foro-gastroemprende-llega-a-ciudad-real-para-mostrar-innovaciones-en-turismo-y-gastronomia\\\/#organizationLogo\"},\"image\":{\"@id\":\"https:\\\/\\\/eldigitaldeasturias.com\\\/magazine365\\\/el-ii-foro-gastroemprende-llega-a-ciudad-real-para-mostrar-innovaciones-en-turismo-y-gastronomia\\\/#organizationLogo\"}},{\"@type\":\"Person\",\"@id\":\"https:\\\/\\\/eldigitaldeasturias.com\\\/magazine365\\\/author\\\/admin\\\/#author\",\"url\":\"https:\\\/\\\/eldigitaldeasturias.com\\\/magazine365\\\/author\\\/admin\\\/\",\"name\":\"admin\",\"image\":{\"@type\":\"ImageObject\",\"@id\":\"https:\\\/\\\/eldigitaldeasturias.com\\\/magazine365\\\/el-ii-foro-gastroemprende-llega-a-ciudad-real-para-mostrar-innovaciones-en-turismo-y-gastronomia\\\/#authorImage\",\"url\":\"https:\\\/\\\/eldigitaldeasturias.com\\\/magazine365\\\/wp-content\\\/litespeed\\\/avatar\\\/e571bcf59a0edd6fa6838245a470f2fe.jpg?ver=1776969259\",\"width\":96,\"height\":96,\"caption\":\"admin\"}},{\"@type\":\"WebPage\",\"@id\":\"https:\\\/\\\/eldigitaldeasturias.com\\\/magazine365\\\/el-ii-foro-gastroemprende-llega-a-ciudad-real-para-mostrar-innovaciones-en-turismo-y-gastronomia\\\/#webpage\",\"url\":\"https:\\\/\\\/eldigitaldeasturias.com\\\/magazine365\\\/el-ii-foro-gastroemprende-llega-a-ciudad-real-para-mostrar-innovaciones-en-turismo-y-gastronomia\\\/\",\"name\":\"El II Foro GastroEmprende llega a Ciudad Real para mostrar innovaciones en turismo y gastronom\\u00eda | El Digital de Asturias\",\"description\":\"La C\\u00e1mara de Comercio, Industria y Servicios de Ciudad Real acoger\\u00e1 este jueves, 16 de junio, la II edici\\u00f3n del Foro GastroEmprende, que abordar\\u00e1, de manera gratuita y para m\\u00e1s de 150 personas, aspectos relacionados con la gastronom\\u00eda y el turismo pensados desde la innovaci\\u00f3n, el emprendimiento y el fomento de la competitividad. En este\",\"inLanguage\":\"es-ES\",\"isPartOf\":{\"@id\":\"https:\\\/\\\/eldigitaldeasturias.com\\\/magazine365\\\/#website\"},\"breadcrumb\":{\"@id\":\"https:\\\/\\\/eldigitaldeasturias.com\\\/magazine365\\\/el-ii-foro-gastroemprende-llega-a-ciudad-real-para-mostrar-innovaciones-en-turismo-y-gastronomia\\\/#breadcrumblist\"},\"author\":{\"@id\":\"https:\\\/\\\/eldigitaldeasturias.com\\\/magazine365\\\/author\\\/admin\\\/#author\"},\"creator\":{\"@id\":\"https:\\\/\\\/eldigitaldeasturias.com\\\/magazine365\\\/author\\\/admin\\\/#author\"},\"image\":{\"@type\":\"ImageObject\",\"url\":\"https:\\\/\\\/eldigitaldeasturias.com\\\/magazine365\\\/wp-content\\\/uploads\\\/2015\\\/11\\\/jornadagastronomica.jpg\",\"@id\":\"https:\\\/\\\/eldigitaldeasturias.com\\\/magazine365\\\/el-ii-foro-gastroemprende-llega-a-ciudad-real-para-mostrar-innovaciones-en-turismo-y-gastronomia\\\/#mainImage\",\"width\":680,\"height\":480},\"primaryImageOfPage\":{\"@id\":\"https:\\\/\\\/eldigitaldeasturias.com\\\/magazine365\\\/el-ii-foro-gastroemprende-llega-a-ciudad-real-para-mostrar-innovaciones-en-turismo-y-gastronomia\\\/#mainImage\"},\"datePublished\":\"2016-06-16T13:06:42+02:00\",\"dateModified\":\"2016-06-16T13:06:42+02:00\"},{\"@type\":\"WebSite\",\"@id\":\"https:\\\/\\\/eldigitaldeasturias.com\\\/magazine365\\\/#website\",\"url\":\"https:\\\/\\\/eldigitaldeasturias.com\\\/magazine365\\\/\",\"name\":\"El Digital de Asturias\",\"description\":\"Revista de ocio, turismo y estilo de vida\",\"inLanguage\":\"es-ES\",\"publisher\":{\"@id\":\"https:\\\/\\\/eldigitaldeasturias.com\\\/magazine365\\\/#organization\"}}]}\n\t\t<\/script>\n\t\t<!-- All in One SEO Pro -->\r\n\t\t<title>El II Foro GastroEmprende llega a Ciudad Real para mostrar innovaciones en turismo y gastronom\u00eda | El Digital de Asturias<\/title>\n\n","aioseo_head_json":{"title":"El II Foro GastroEmprende llega a Ciudad Real para mostrar innovaciones en turismo y gastronom\u00eda | El Digital de Asturias","description":"La C\u00e1mara de Comercio, Industria y Servicios de Ciudad Real acoger\u00e1 este jueves, 16 de junio, la II edici\u00f3n del Foro GastroEmprende, que abordar\u00e1, de manera gratuita y para m\u00e1s de 150 personas, aspectos relacionados con la gastronom\u00eda y el turismo pensados desde la innovaci\u00f3n, el emprendimiento y el fomento de la competitividad. En este","canonical_url":"https:\/\/eldigitaldeasturias.com\/magazine365\/el-ii-foro-gastroemprende-llega-a-ciudad-real-para-mostrar-innovaciones-en-turismo-y-gastronomia\/","robots":"max-image-preview:large","keywords":"noticias y actualidad","webmasterTools":{"google-site-verification":"UA-38556648-1","miscellaneous":""},"schema":{"@context":"https:\/\/schema.org","@graph":[{"@type":"Article","@id":"https:\/\/eldigitaldeasturias.com\/magazine365\/el-ii-foro-gastroemprende-llega-a-ciudad-real-para-mostrar-innovaciones-en-turismo-y-gastronomia\/#article","name":"El II Foro GastroEmprende llega a Ciudad Real para mostrar innovaciones en turismo y gastronom\u00eda | El Digital de Asturias","headline":"El II Foro GastroEmprende llega a Ciudad Real para mostrar innovaciones en turismo y gastronom\u00eda","author":{"@id":"https:\/\/eldigitaldeasturias.com\/magazine365\/author\/admin\/#author"},"publisher":{"@id":"https:\/\/eldigitaldeasturias.com\/magazine365\/#organization"},"image":{"@type":"ImageObject","url":"https:\/\/eldigitaldeasturias.com\/magazine365\/wp-content\/uploads\/2015\/11\/jornadagastronomica.jpg","width":680,"height":480},"datePublished":"2016-06-16T13:06:42+02:00","dateModified":"2016-06-16T13:06:42+02:00","inLanguage":"es-ES","mainEntityOfPage":{"@id":"https:\/\/eldigitaldeasturias.com\/magazine365\/el-ii-foro-gastroemprende-llega-a-ciudad-real-para-mostrar-innovaciones-en-turismo-y-gastronomia\/#webpage"},"isPartOf":{"@id":"https:\/\/eldigitaldeasturias.com\/magazine365\/el-ii-foro-gastroemprende-llega-a-ciudad-real-para-mostrar-innovaciones-en-turismo-y-gastronomia\/#webpage"},"articleSection":"Noticias y Actualidad"},{"@type":"BreadcrumbList","@id":"https:\/\/eldigitaldeasturias.com\/magazine365\/el-ii-foro-gastroemprende-llega-a-ciudad-real-para-mostrar-innovaciones-en-turismo-y-gastronomia\/#breadcrumblist","itemListElement":[{"@type":"ListItem","@id":"https:\/\/eldigitaldeasturias.com\/magazine365#listItem","position":1,"name":"Home","item":"https:\/\/eldigitaldeasturias.com\/magazine365","nextItem":{"@type":"ListItem","@id":"https:\/\/eldigitaldeasturias.com\/magazine365\/category\/noticias-actualidad\/#listItem","name":"Noticias y Actualidad"}},{"@type":"ListItem","@id":"https:\/\/eldigitaldeasturias.com\/magazine365\/category\/noticias-actualidad\/#listItem","position":2,"name":"Noticias y Actualidad","item":"https:\/\/eldigitaldeasturias.com\/magazine365\/category\/noticias-actualidad\/","nextItem":{"@type":"ListItem","@id":"https:\/\/eldigitaldeasturias.com\/magazine365\/el-ii-foro-gastroemprende-llega-a-ciudad-real-para-mostrar-innovaciones-en-turismo-y-gastronomia\/#listItem","name":"El II Foro GastroEmprende llega a Ciudad Real para mostrar innovaciones en turismo y gastronom\u00eda"},"previousItem":{"@type":"ListItem","@id":"https:\/\/eldigitaldeasturias.com\/magazine365#listItem","name":"Home"}},{"@type":"ListItem","@id":"https:\/\/eldigitaldeasturias.com\/magazine365\/el-ii-foro-gastroemprende-llega-a-ciudad-real-para-mostrar-innovaciones-en-turismo-y-gastronomia\/#listItem","position":3,"name":"El II Foro GastroEmprende llega a Ciudad Real para mostrar innovaciones en turismo y gastronom\u00eda","previousItem":{"@type":"ListItem","@id":"https:\/\/eldigitaldeasturias.com\/magazine365\/category\/noticias-actualidad\/#listItem","name":"Noticias y Actualidad"}}]},{"@type":"Organization","@id":"https:\/\/eldigitaldeasturias.com\/magazine365\/#organization","name":"El digital de Asturias","description":"Revista de ocio, turismo y estilo de vida","url":"https:\/\/eldigitaldeasturias.com\/magazine365\/","logo":{"@type":"ImageObject","url":"https:\/\/www.eldigitaldeasturias.com\/noticias\/wp-content\/uploads\/2020\/12\/EDA.jpg","@id":"https:\/\/eldigitaldeasturias.com\/magazine365\/el-ii-foro-gastroemprende-llega-a-ciudad-real-para-mostrar-innovaciones-en-turismo-y-gastronomia\/#organizationLogo"},"image":{"@id":"https:\/\/eldigitaldeasturias.com\/magazine365\/el-ii-foro-gastroemprende-llega-a-ciudad-real-para-mostrar-innovaciones-en-turismo-y-gastronomia\/#organizationLogo"}},{"@type":"Person","@id":"https:\/\/eldigitaldeasturias.com\/magazine365\/author\/admin\/#author","url":"https:\/\/eldigitaldeasturias.com\/magazine365\/author\/admin\/","name":"admin","image":{"@type":"ImageObject","@id":"https:\/\/eldigitaldeasturias.com\/magazine365\/el-ii-foro-gastroemprende-llega-a-ciudad-real-para-mostrar-innovaciones-en-turismo-y-gastronomia\/#authorImage","url":"https:\/\/eldigitaldeasturias.com\/magazine365\/wp-content\/litespeed\/avatar\/e571bcf59a0edd6fa6838245a470f2fe.jpg?ver=1776969259","width":96,"height":96,"caption":"admin"}},{"@type":"WebPage","@id":"https:\/\/eldigitaldeasturias.com\/magazine365\/el-ii-foro-gastroemprende-llega-a-ciudad-real-para-mostrar-innovaciones-en-turismo-y-gastronomia\/#webpage","url":"https:\/\/eldigitaldeasturias.com\/magazine365\/el-ii-foro-gastroemprende-llega-a-ciudad-real-para-mostrar-innovaciones-en-turismo-y-gastronomia\/","name":"El II Foro GastroEmprende llega a Ciudad Real para mostrar innovaciones en turismo y gastronom\u00eda | El Digital de Asturias","description":"La C\u00e1mara de Comercio, Industria y Servicios de Ciudad Real acoger\u00e1 este jueves, 16 de junio, la II edici\u00f3n del Foro GastroEmprende, que abordar\u00e1, de manera gratuita y para m\u00e1s de 150 personas, aspectos relacionados con la gastronom\u00eda y el turismo pensados desde la innovaci\u00f3n, el emprendimiento y el fomento de la competitividad. En este","inLanguage":"es-ES","isPartOf":{"@id":"https:\/\/eldigitaldeasturias.com\/magazine365\/#website"},"breadcrumb":{"@id":"https:\/\/eldigitaldeasturias.com\/magazine365\/el-ii-foro-gastroemprende-llega-a-ciudad-real-para-mostrar-innovaciones-en-turismo-y-gastronomia\/#breadcrumblist"},"author":{"@id":"https:\/\/eldigitaldeasturias.com\/magazine365\/author\/admin\/#author"},"creator":{"@id":"https:\/\/eldigitaldeasturias.com\/magazine365\/author\/admin\/#author"},"image":{"@type":"ImageObject","url":"https:\/\/eldigitaldeasturias.com\/magazine365\/wp-content\/uploads\/2015\/11\/jornadagastronomica.jpg","@id":"https:\/\/eldigitaldeasturias.com\/magazine365\/el-ii-foro-gastroemprende-llega-a-ciudad-real-para-mostrar-innovaciones-en-turismo-y-gastronomia\/#mainImage","width":680,"height":480},"primaryImageOfPage":{"@id":"https:\/\/eldigitaldeasturias.com\/magazine365\/el-ii-foro-gastroemprende-llega-a-ciudad-real-para-mostrar-innovaciones-en-turismo-y-gastronomia\/#mainImage"},"datePublished":"2016-06-16T13:06:42+02:00","dateModified":"2016-06-16T13:06:42+02:00"},{"@type":"WebSite","@id":"https:\/\/eldigitaldeasturias.com\/magazine365\/#website","url":"https:\/\/eldigitaldeasturias.com\/magazine365\/","name":"El Digital de Asturias","description":"Revista de ocio, turismo y estilo de vida","inLanguage":"es-ES","publisher":{"@id":"https:\/\/eldigitaldeasturias.com\/magazine365\/#organization"}}]},"og:locale":"es_ES","og:site_name":"El Digital de Asturias \u2013 Revista de ocio, turismo y estilo de vida","og:type":"article","og:title":"El II Foro GastroEmprende llega a Ciudad Real para mostrar innovaciones en turismo y gastronom\u00eda | El Digital de Asturias","og:description":"La C\u00e1mara de Comercio, Industria y Servicios de Ciudad Real acoger\u00e1 este jueves, 16 de junio, la II edici\u00f3n del Foro GastroEmprende, que abordar\u00e1, de manera gratuita y para m\u00e1s de 150 personas, aspectos relacionados con la gastronom\u00eda y el turismo pensados desde la innovaci\u00f3n, el emprendimiento y el fomento de la competitividad. En este","og:url":"https:\/\/eldigitaldeasturias.com\/magazine365\/el-ii-foro-gastroemprende-llega-a-ciudad-real-para-mostrar-innovaciones-en-turismo-y-gastronomia\/","og:image":"https:\/\/eldigitaldeasturias.com\/magazine365\/wp-content\/uploads\/2015\/11\/jornadagastronomica.jpg","og:image:secure_url":"https:\/\/eldigitaldeasturias.com\/magazine365\/wp-content\/uploads\/2015\/11\/jornadagastronomica.jpg","og:image:width":680,"og:image:height":480,"article:published_time":"2016-06-16T11:06:42+00:00","article:modified_time":"2016-06-16T11:06:42+00:00","twitter:card":"summary_large_image","twitter:title":"El II Foro GastroEmprende llega a Ciudad Real para mostrar innovaciones en turismo y gastronom\u00eda | El Digital de Asturias","twitter:description":"La C\u00e1mara de Comercio, Industria y Servicios de Ciudad Real acoger\u00e1 este jueves, 16 de junio, la II edici\u00f3n del Foro GastroEmprende, que abordar\u00e1, de manera gratuita y para m\u00e1s de 150 personas, aspectos relacionados con la gastronom\u00eda y el turismo pensados desde la innovaci\u00f3n, el emprendimiento y el fomento de la competitividad. En este","twitter:image":"https:\/\/eldigitaldeasturias.com\/magazine365\/wp-content\/uploads\/2015\/11\/jornadagastronomica.jpg"},"aioseo_meta_data":{"post_id":"79586","title":null,"description":null,"keywords":null,"keyphrases":null,"primary_term":null,"canonical_url":null,"og_title":null,"og_description":null,"og_object_type":"default","og_image_type":"default","og_image_url":null,"og_image_width":null,"og_image_height":null,"og_image_custom_url":null,"og_image_custom_fields":null,"og_video":null,"og_custom_url":null,"og_article_section":null,"og_article_tags":null,"twitter_use_og":false,"twitter_card":"default","twitter_image_type":"default","twitter_image_url":null,"twitter_image_custom_url":null,"twitter_image_custom_fields":null,"twitter_title":null,"twitter_description":null,"schema":{"blockGraphs":[],"customGraphs":[],"default":{"data":{"Article":[],"Course":[],"Dataset":[],"FAQPage":[],"Movie":[],"Person":[],"Product":[],"ProductReview":[],"Car":[],"Recipe":[],"Service":[],"SoftwareApplication":[],"WebPage":[]},"graphName":"","isEnabled":true},"graphs":[],"defaultGraph":"","defaultPostTypeGraph":""},"schema_type":null,"schema_type_options":null,"pillar_content":false,"robots_default":true,"robots_noindex":false,"robots_noarchive":false,"robots_nosnippet":false,"robots_nofollow":false,"robots_noimageindex":false,"robots_noodp":false,"robots_notranslate":false,"robots_max_snippet":null,"robots_max_videopreview":null,"robots_max_imagepreview":"large","priority":null,"frequency":null,"location":null,"local_seo":null,"seo_analyzer_scan_date":"2025-09-27 19:12:56","breadcrumb_settings":null,"limit_modified_date":false,"open_ai":null,"ai":null,"created":"2021-03-08 17:47:25","updated":"2025-09-27 19:12:56"},"aioseo_breadcrumb":"<div class=\"aioseo-breadcrumbs\"><span class=\"aioseo-breadcrumb\">\n\t<a href=\"https:\/\/eldigitaldeasturias.com\/magazine365\" title=\"Home\">Home<\/a>\n<\/span><span class=\"aioseo-breadcrumb-separator\">\u2013<\/span><span class=\"aioseo-breadcrumb\">\n\t<a href=\"https:\/\/eldigitaldeasturias.com\/magazine365\/category\/noticias-actualidad\/\" title=\"Noticias y Actualidad\">Noticias y Actualidad<\/a>\n<\/span><span class=\"aioseo-breadcrumb-separator\">\u2013<\/span><span class=\"aioseo-breadcrumb\">\n\t<a href=\"https:\/\/eldigitaldeasturias.com\/magazine365\/el-ii-foro-gastroemprende-llega-a-ciudad-real-para-mostrar-innovaciones-en-turismo-y-gastronomia\/\" title=\"El II Foro GastroEmprende llega a Ciudad Real para mostrar innovaciones en turismo y gastronom\u00eda\">El II Foro GastroEmprende llega a Ciudad Real para mostrar innovaciones en turismo y gastronom\u00eda<\/a>\n<\/span><\/div>","aioseo_breadcrumb_json":[{"label":"Home","link":"https:\/\/eldigitaldeasturias.com\/magazine365"},{"label":"Noticias y Actualidad","link":"https:\/\/eldigitaldeasturias.com\/magazine365\/category\/noticias-actualidad\/"},{"label":"El II Foro GastroEmprende llega a Ciudad Real para mostrar innovaciones en turismo y gastronom\u00eda","link":"https:\/\/eldigitaldeasturias.com\/magazine365\/el-ii-foro-gastroemprende-llega-a-ciudad-real-para-mostrar-innovaciones-en-turismo-y-gastronomia\/"}],"_links":{"self":[{"href":"https:\/\/eldigitaldeasturias.com\/magazine365\/wp-json\/wp\/v2\/posts\/79586","targetHints":{"allow":["GET"]}}],"collection":[{"href":"https:\/\/eldigitaldeasturias.com\/magazine365\/wp-json\/wp\/v2\/posts"}],"about":[{"href":"https:\/\/eldigitaldeasturias.com\/magazine365\/wp-json\/wp\/v2\/types\/post"}],"author":[{"embeddable":true,"href":"https:\/\/eldigitaldeasturias.com\/magazine365\/wp-json\/wp\/v2\/users\/1"}],"replies":[{"embeddable":true,"href":"https:\/\/eldigitaldeasturias.com\/magazine365\/wp-json\/wp\/v2\/comments?post=79586"}],"version-history":[{"count":0,"href":"https:\/\/eldigitaldeasturias.com\/magazine365\/wp-json\/wp\/v2\/posts\/79586\/revisions"}],"wp:featuredmedia":[{"embeddable":true,"href":"https:\/\/eldigitaldeasturias.com\/magazine365\/wp-json\/wp\/v2\/media\/55856"}],"wp:attachment":[{"href":"https:\/\/eldigitaldeasturias.com\/magazine365\/wp-json\/wp\/v2\/media?parent=79586"}],"wp:term":[{"taxonomy":"category","embeddable":true,"href":"https:\/\/eldigitaldeasturias.com\/magazine365\/wp-json\/wp\/v2\/categories?post=79586"},{"taxonomy":"post_tag","embeddable":true,"href":"https:\/\/eldigitaldeasturias.com\/magazine365\/wp-json\/wp\/v2\/tags?post=79586"}],"curies":[{"name":"wp","href":"https:\/\/api.w.org\/{rel}","templated":true}]}}