{"id":79579,"date":"2016-06-16T13:01:42","date_gmt":"2016-06-16T11:01:42","guid":{"rendered":"http:\/\/eldigitaldeasturias.com\/magazine365\/?p=79579"},"modified":"2016-06-16T13:01:51","modified_gmt":"2016-06-16T11:01:51","slug":"iag-propondra-hoy-a-la-junta-el-pago-de-un-dividendo-complementario-de-10-centimos-de-euro","status":"publish","type":"post","link":"https:\/\/eldigitaldeasturias.com\/magazine365\/iag-propondra-hoy-a-la-junta-el-pago-de-un-dividendo-complementario-de-10-centimos-de-euro\/","title":{"rendered":"IAG propondr\u00e1 hoy a la junta el pago de un dividendo complementario de 10 c\u00e9ntimos de euro"},"content":{"rendered":"<p><img fetchpriority=\"high\" decoding=\"async\" class=\"alignleft size-medium wp-image-79580\" src=\"https:\/\/eldigitaldeasturias.com\/magazine365\/wp-content\/uploads\/2016\/06\/fotonoticia_20160616080132_800-360x237.jpg\" alt=\"fotonoticia_20160616080132_800\" width=\"360\" height=\"237\" srcset=\"https:\/\/eldigitaldeasturias.com\/magazine365\/wp-content\/uploads\/2016\/06\/fotonoticia_20160616080132_800-360x237.jpg 360w, https:\/\/eldigitaldeasturias.com\/magazine365\/wp-content\/uploads\/2016\/06\/fotonoticia_20160616080132_800-650x427.jpg 650w, https:\/\/eldigitaldeasturias.com\/magazine365\/wp-content\/uploads\/2016\/06\/fotonoticia_20160616080132_800-768x505.jpg 768w, https:\/\/eldigitaldeasturias.com\/magazine365\/wp-content\/uploads\/2016\/06\/fotonoticia_20160616080132_800-150x99.jpg 150w, https:\/\/eldigitaldeasturias.com\/magazine365\/wp-content\/uploads\/2016\/06\/fotonoticia_20160616080132_800-450x296.jpg 450w, https:\/\/eldigitaldeasturias.com\/magazine365\/wp-content\/uploads\/2016\/06\/fotonoticia_20160616080132_800-121x79.jpg 121w, https:\/\/eldigitaldeasturias.com\/magazine365\/wp-content\/uploads\/2016\/06\/fotonoticia_20160616080132_800-101x66.jpg 101w, https:\/\/eldigitaldeasturias.com\/magazine365\/wp-content\/uploads\/2016\/06\/fotonoticia_20160616080132_800.jpg 800w\" sizes=\"(max-width: 360px) 100vw, 360px\" \/>IAG, el &#8216;holding&#8217; que agrupa a Iberia, British Airways (BA), Vueling y Aer Lingus, propondr\u00e1 hoy a la junta general de accionistas, que se celebrar\u00e1 este jueves en Madrid, el pago de un dividendo complementario bruto de 0,10 euros por acci\u00f3n con cargo a las cuentas de 2015, que se abonar\u00e1 a partir del 4 de julio.<\/p>\n<p>Con el pago en diciembre de un primer dividendo bruto de 0,10 euros, la retribuci\u00f3n al accionista correspondiente al ejercicio 2015 ascender\u00e1 a 20 c\u00e9ntimos de euro. Se trata del primer dividendo de su historia, cinco a\u00f1os despu\u00e9s de la fusi\u00f3n entre Iberia y British Airways, y el primer paso para establecer un dividendo sostenible.<\/p>\n<p>El importe neto total del dividendo complementario, sujeto a la aprobaci\u00f3n en la junta, ser\u00e1 de 0,09 euros por t\u00edtulo y se pagar\u00e1 a trav\u00e9s del Banco Santander en calidad de agente de pagos.<\/p>\n<p>En el orden del d\u00eda tambi\u00e9n figura la reelecci\u00f3n de todos sus consejeros &#8211;entre ellos la continuidad de Antonio V\u00e1zquez al frente del grupo a\u00e9reo como presidente no ejecutivo, de Willie Walsh como consejero delegado ejecutivo y de Enrique Dupuy de L\u00f4me como director financiero&#8211; con la excepci\u00f3n de Martin Broughton y C\u00e9sar Alierta Izuel, que dejar\u00e1n el consejo de administraci\u00f3n de IAG por \u00abmotivos personales\u00bb.<\/p>\n<h2 class=\"ladillo\">ALIERTA Y MARTIN BROUGTON DEJAN EL CONSEJO<\/h2>\n<p>C\u00e9sar Alierta abandon\u00f3 la presidencia ejecutiva de Telef\u00f3nica el 8 de abril tras casi 16 a\u00f1os al frente de la compa\u00f1\u00eda, cediendo el testigo al hasta entonces consejero delegado del grupo, Jos\u00e9 Mar\u00eda \u00c1lvarez-Pallete.<\/p>\n<p>Martin Broughton, vicepresidente del &#8216;holding&#8217; desde mayo de 2010 y reelegido en junio de 2015, fue presidente de British Airways desde 2004 a 2013 y consejero desde 2000.<\/p>\n<p>Para cubrir estas dos vacantes, el consejo de administraci\u00f3n de IAG propondr\u00e1 a los accionistas el nombramiento de Marc Bolland y Emilio Saracho Rodr\u00edguez de Torres como nuevos consejeros no ejecutivos independientes de la sociedad.<\/p>\n<p>En abril \u00c1lex Cruz asumi\u00f3 la presidencia de BA y se nombr\u00f3 a Javier S\u00e1nchez-Prieto como nuevo presidente y consejero delegado de Vueling.<\/p>\n<p>IAG cerr\u00f3 2015 con un beneficio neto de 1.516 millones de euros, un 51,1% m\u00e1s, impulsado por los buenos resultados de Iberia que casi quintuplic\u00f3 sus ganancias el ejercicio pasado.<\/p>\n<p>En el primer trimestre de este a\u00f1o obtuvo un beneficio operativo de 168 millones de euros, lo que supone multiplicar por m\u00e1s de seis su resultado del mismo periodo de 2015 (25 millones de euros) y un beneficio despu\u00e9s de impuestos de 104 millones de euros, frente a las p\u00e9rdidas de 26 millones.<\/p>\n","protected":false},"excerpt":{"rendered":"<p>IAG, el &#8216;holding&#8217; que agrupa a Iberia, British Airways (BA), Vueling y Aer Lingus, propondr\u00e1 hoy a la junta general de accionistas, que se celebrar\u00e1 este jueves en Madrid, el pago de un dividendo complementario bruto de 0,10 euros por acci\u00f3n con cargo a las cuentas de 2015, que se abonar\u00e1 a partir del 4<\/p>\n","protected":false},"author":1,"featured_media":79580,"comment_status":"open","ping_status":"closed","sticky":false,"template":"","format":"standard","meta":{"footnotes":""},"categories":[224],"tags":[],"class_list":{"0":"post-79579","1":"post","2":"type-post","3":"status-publish","4":"format-standard","5":"has-post-thumbnail","7":"category-noticias-actualidad"},"aioseo_notices":[],"aioseo_head":"\n\t\t<!-- All in One SEO Pro 4.9.6.1 - aioseo.com -->\n\t<meta name=\"description\" content=\"IAG, el &#039;holding&#039; que agrupa a Iberia, British Airways (BA), Vueling y Aer Lingus, propondr\u00e1 hoy a la junta general de accionistas, que se celebrar\u00e1 este jueves en Madrid, el pago de un dividendo complementario bruto de 0,10 euros por acci\u00f3n con cargo a las cuentas de 2015, que se abonar\u00e1 a partir del 4\" \/>\n\t<meta name=\"robots\" content=\"max-image-preview:large\" \/>\n\t<meta name=\"author\" content=\"admin\"\/>\n\t<meta name=\"google-site-verification\" content=\"UA-38556648-1\" \/>\n\t<meta name=\"keywords\" content=\"noticias y actualidad\" \/>\n\t<link rel=\"canonical\" href=\"https:\/\/eldigitaldeasturias.com\/magazine365\/iag-propondra-hoy-a-la-junta-el-pago-de-un-dividendo-complementario-de-10-centimos-de-euro\/\" \/>\n\t<meta name=\"generator\" content=\"All in One SEO Pro (AIOSEO) 4.9.6.1\" \/>\n\t\t<meta property=\"og:locale\" content=\"es_ES\" \/>\n\t\t<meta property=\"og:site_name\" content=\"El Digital de Asturias \u2013 Revista de ocio, turismo y estilo de vida\" \/>\n\t\t<meta property=\"og:type\" content=\"article\" \/>\n\t\t<meta property=\"og:title\" content=\"IAG propondr\u00e1 hoy a la junta el pago de un dividendo complementario de 10 c\u00e9ntimos de euro | El Digital de Asturias\" \/>\n\t\t<meta property=\"og:description\" content=\"IAG, el &#039;holding&#039; que agrupa a Iberia, British Airways (BA), Vueling y Aer Lingus, propondr\u00e1 hoy a la junta general de accionistas, que se celebrar\u00e1 este jueves en Madrid, el pago de un dividendo complementario bruto de 0,10 euros por acci\u00f3n con cargo a las cuentas de 2015, que se abonar\u00e1 a partir del 4\" \/>\n\t\t<meta property=\"og:url\" content=\"https:\/\/eldigitaldeasturias.com\/magazine365\/iag-propondra-hoy-a-la-junta-el-pago-de-un-dividendo-complementario-de-10-centimos-de-euro\/\" \/>\n\t\t<meta property=\"og:image\" content=\"https:\/\/eldigitaldeasturias.com\/magazine365\/wp-content\/uploads\/2016\/06\/fotonoticia_20160616080132_800.jpg\" \/>\n\t\t<meta property=\"og:image:secure_url\" content=\"https:\/\/eldigitaldeasturias.com\/magazine365\/wp-content\/uploads\/2016\/06\/fotonoticia_20160616080132_800.jpg\" \/>\n\t\t<meta property=\"og:image:width\" content=\"800\" \/>\n\t\t<meta property=\"og:image:height\" content=\"526\" \/>\n\t\t<meta property=\"article:published_time\" content=\"2016-06-16T11:01:42+00:00\" \/>\n\t\t<meta property=\"article:modified_time\" content=\"2016-06-16T11:01:51+00:00\" \/>\n\t\t<meta name=\"twitter:card\" content=\"summary_large_image\" \/>\n\t\t<meta name=\"twitter:title\" content=\"IAG propondr\u00e1 hoy a la junta el pago de un dividendo complementario de 10 c\u00e9ntimos de euro | El Digital de Asturias\" \/>\n\t\t<meta name=\"twitter:description\" content=\"IAG, el &#039;holding&#039; que agrupa a Iberia, British Airways (BA), Vueling y Aer Lingus, propondr\u00e1 hoy a la junta general de accionistas, que se celebrar\u00e1 este jueves en Madrid, el pago de un dividendo complementario bruto de 0,10 euros por acci\u00f3n con cargo a las cuentas de 2015, que se abonar\u00e1 a partir del 4\" \/>\n\t\t<meta name=\"twitter:image\" content=\"https:\/\/eldigitaldeasturias.com\/magazine365\/wp-content\/uploads\/2016\/06\/fotonoticia_20160616080132_800.jpg\" \/>\n\t\t<script type=\"application\/ld+json\" class=\"aioseo-schema\">\n\t\t\t{\"@context\":\"https:\\\/\\\/schema.org\",\"@graph\":[{\"@type\":\"Article\",\"@id\":\"https:\\\/\\\/eldigitaldeasturias.com\\\/magazine365\\\/iag-propondra-hoy-a-la-junta-el-pago-de-un-dividendo-complementario-de-10-centimos-de-euro\\\/#article\",\"name\":\"IAG propondr\\u00e1 hoy a la junta el pago de un dividendo complementario de 10 c\\u00e9ntimos de euro | El Digital de Asturias\",\"headline\":\"IAG propondr\\u00e1 hoy a la junta el pago de un dividendo complementario de 10 c\\u00e9ntimos de euro\",\"author\":{\"@id\":\"https:\\\/\\\/eldigitaldeasturias.com\\\/magazine365\\\/author\\\/admin\\\/#author\"},\"publisher\":{\"@id\":\"https:\\\/\\\/eldigitaldeasturias.com\\\/magazine365\\\/#organization\"},\"image\":{\"@type\":\"ImageObject\",\"url\":\"https:\\\/\\\/eldigitaldeasturias.com\\\/magazine365\\\/wp-content\\\/uploads\\\/2016\\\/06\\\/fotonoticia_20160616080132_800.jpg\",\"width\":800,\"height\":526},\"datePublished\":\"2016-06-16T13:01:42+02:00\",\"dateModified\":\"2016-06-16T13:01:51+02:00\",\"inLanguage\":\"es-ES\",\"mainEntityOfPage\":{\"@id\":\"https:\\\/\\\/eldigitaldeasturias.com\\\/magazine365\\\/iag-propondra-hoy-a-la-junta-el-pago-de-un-dividendo-complementario-de-10-centimos-de-euro\\\/#webpage\"},\"isPartOf\":{\"@id\":\"https:\\\/\\\/eldigitaldeasturias.com\\\/magazine365\\\/iag-propondra-hoy-a-la-junta-el-pago-de-un-dividendo-complementario-de-10-centimos-de-euro\\\/#webpage\"},\"articleSection\":\"Noticias y Actualidad\"},{\"@type\":\"BreadcrumbList\",\"@id\":\"https:\\\/\\\/eldigitaldeasturias.com\\\/magazine365\\\/iag-propondra-hoy-a-la-junta-el-pago-de-un-dividendo-complementario-de-10-centimos-de-euro\\\/#breadcrumblist\",\"itemListElement\":[{\"@type\":\"ListItem\",\"@id\":\"https:\\\/\\\/eldigitaldeasturias.com\\\/magazine365#listItem\",\"position\":1,\"name\":\"Home\",\"item\":\"https:\\\/\\\/eldigitaldeasturias.com\\\/magazine365\",\"nextItem\":{\"@type\":\"ListItem\",\"@id\":\"https:\\\/\\\/eldigitaldeasturias.com\\\/magazine365\\\/category\\\/noticias-actualidad\\\/#listItem\",\"name\":\"Noticias y Actualidad\"}},{\"@type\":\"ListItem\",\"@id\":\"https:\\\/\\\/eldigitaldeasturias.com\\\/magazine365\\\/category\\\/noticias-actualidad\\\/#listItem\",\"position\":2,\"name\":\"Noticias y Actualidad\",\"item\":\"https:\\\/\\\/eldigitaldeasturias.com\\\/magazine365\\\/category\\\/noticias-actualidad\\\/\",\"nextItem\":{\"@type\":\"ListItem\",\"@id\":\"https:\\\/\\\/eldigitaldeasturias.com\\\/magazine365\\\/iag-propondra-hoy-a-la-junta-el-pago-de-un-dividendo-complementario-de-10-centimos-de-euro\\\/#listItem\",\"name\":\"IAG propondr\\u00e1 hoy a la junta el pago de un dividendo complementario de 10 c\\u00e9ntimos de euro\"},\"previousItem\":{\"@type\":\"ListItem\",\"@id\":\"https:\\\/\\\/eldigitaldeasturias.com\\\/magazine365#listItem\",\"name\":\"Home\"}},{\"@type\":\"ListItem\",\"@id\":\"https:\\\/\\\/eldigitaldeasturias.com\\\/magazine365\\\/iag-propondra-hoy-a-la-junta-el-pago-de-un-dividendo-complementario-de-10-centimos-de-euro\\\/#listItem\",\"position\":3,\"name\":\"IAG propondr\\u00e1 hoy a la junta el pago de un dividendo complementario de 10 c\\u00e9ntimos de euro\",\"previousItem\":{\"@type\":\"ListItem\",\"@id\":\"https:\\\/\\\/eldigitaldeasturias.com\\\/magazine365\\\/category\\\/noticias-actualidad\\\/#listItem\",\"name\":\"Noticias y Actualidad\"}}]},{\"@type\":\"Organization\",\"@id\":\"https:\\\/\\\/eldigitaldeasturias.com\\\/magazine365\\\/#organization\",\"name\":\"El digital de Asturias\",\"description\":\"Revista de ocio, turismo y estilo de vida\",\"url\":\"https:\\\/\\\/eldigitaldeasturias.com\\\/magazine365\\\/\",\"logo\":{\"@type\":\"ImageObject\",\"url\":\"https:\\\/\\\/www.eldigitaldeasturias.com\\\/noticias\\\/wp-content\\\/uploads\\\/2020\\\/12\\\/EDA.jpg\",\"@id\":\"https:\\\/\\\/eldigitaldeasturias.com\\\/magazine365\\\/iag-propondra-hoy-a-la-junta-el-pago-de-un-dividendo-complementario-de-10-centimos-de-euro\\\/#organizationLogo\"},\"image\":{\"@id\":\"https:\\\/\\\/eldigitaldeasturias.com\\\/magazine365\\\/iag-propondra-hoy-a-la-junta-el-pago-de-un-dividendo-complementario-de-10-centimos-de-euro\\\/#organizationLogo\"}},{\"@type\":\"Person\",\"@id\":\"https:\\\/\\\/eldigitaldeasturias.com\\\/magazine365\\\/author\\\/admin\\\/#author\",\"url\":\"https:\\\/\\\/eldigitaldeasturias.com\\\/magazine365\\\/author\\\/admin\\\/\",\"name\":\"admin\",\"image\":{\"@type\":\"ImageObject\",\"@id\":\"https:\\\/\\\/eldigitaldeasturias.com\\\/magazine365\\\/iag-propondra-hoy-a-la-junta-el-pago-de-un-dividendo-complementario-de-10-centimos-de-euro\\\/#authorImage\",\"url\":\"https:\\\/\\\/eldigitaldeasturias.com\\\/magazine365\\\/wp-content\\\/litespeed\\\/avatar\\\/e571bcf59a0edd6fa6838245a470f2fe.jpg?ver=1776969259\",\"width\":96,\"height\":96,\"caption\":\"admin\"}},{\"@type\":\"WebPage\",\"@id\":\"https:\\\/\\\/eldigitaldeasturias.com\\\/magazine365\\\/iag-propondra-hoy-a-la-junta-el-pago-de-un-dividendo-complementario-de-10-centimos-de-euro\\\/#webpage\",\"url\":\"https:\\\/\\\/eldigitaldeasturias.com\\\/magazine365\\\/iag-propondra-hoy-a-la-junta-el-pago-de-un-dividendo-complementario-de-10-centimos-de-euro\\\/\",\"name\":\"IAG propondr\\u00e1 hoy a la junta el pago de un dividendo complementario de 10 c\\u00e9ntimos de euro | El Digital de Asturias\",\"description\":\"IAG, el 'holding' que agrupa a Iberia, British Airways (BA), Vueling y Aer Lingus, propondr\\u00e1 hoy a la junta general de accionistas, que se celebrar\\u00e1 este jueves en Madrid, el pago de un dividendo complementario bruto de 0,10 euros por acci\\u00f3n con cargo a las cuentas de 2015, que se abonar\\u00e1 a partir del 4\",\"inLanguage\":\"es-ES\",\"isPartOf\":{\"@id\":\"https:\\\/\\\/eldigitaldeasturias.com\\\/magazine365\\\/#website\"},\"breadcrumb\":{\"@id\":\"https:\\\/\\\/eldigitaldeasturias.com\\\/magazine365\\\/iag-propondra-hoy-a-la-junta-el-pago-de-un-dividendo-complementario-de-10-centimos-de-euro\\\/#breadcrumblist\"},\"author\":{\"@id\":\"https:\\\/\\\/eldigitaldeasturias.com\\\/magazine365\\\/author\\\/admin\\\/#author\"},\"creator\":{\"@id\":\"https:\\\/\\\/eldigitaldeasturias.com\\\/magazine365\\\/author\\\/admin\\\/#author\"},\"image\":{\"@type\":\"ImageObject\",\"url\":\"https:\\\/\\\/eldigitaldeasturias.com\\\/magazine365\\\/wp-content\\\/uploads\\\/2016\\\/06\\\/fotonoticia_20160616080132_800.jpg\",\"@id\":\"https:\\\/\\\/eldigitaldeasturias.com\\\/magazine365\\\/iag-propondra-hoy-a-la-junta-el-pago-de-un-dividendo-complementario-de-10-centimos-de-euro\\\/#mainImage\",\"width\":800,\"height\":526},\"primaryImageOfPage\":{\"@id\":\"https:\\\/\\\/eldigitaldeasturias.com\\\/magazine365\\\/iag-propondra-hoy-a-la-junta-el-pago-de-un-dividendo-complementario-de-10-centimos-de-euro\\\/#mainImage\"},\"datePublished\":\"2016-06-16T13:01:42+02:00\",\"dateModified\":\"2016-06-16T13:01:51+02:00\"},{\"@type\":\"WebSite\",\"@id\":\"https:\\\/\\\/eldigitaldeasturias.com\\\/magazine365\\\/#website\",\"url\":\"https:\\\/\\\/eldigitaldeasturias.com\\\/magazine365\\\/\",\"name\":\"El Digital de Asturias\",\"description\":\"Revista de ocio, turismo y estilo de vida\",\"inLanguage\":\"es-ES\",\"publisher\":{\"@id\":\"https:\\\/\\\/eldigitaldeasturias.com\\\/magazine365\\\/#organization\"}}]}\n\t\t<\/script>\n\t\t<!-- All in One SEO Pro -->\r\n\t\t<title>IAG propondr\u00e1 hoy a la junta el pago de un dividendo complementario de 10 c\u00e9ntimos de euro | El Digital de Asturias<\/title>\n\n","aioseo_head_json":{"title":"IAG propondr\u00e1 hoy a la junta el pago de un dividendo complementario de 10 c\u00e9ntimos de euro | El Digital de Asturias","description":"IAG, el 'holding' que agrupa a Iberia, British Airways (BA), Vueling y Aer Lingus, propondr\u00e1 hoy a la junta general de accionistas, que se celebrar\u00e1 este jueves en Madrid, el pago de un dividendo complementario bruto de 0,10 euros por acci\u00f3n con cargo a las cuentas de 2015, que se abonar\u00e1 a partir del 4","canonical_url":"https:\/\/eldigitaldeasturias.com\/magazine365\/iag-propondra-hoy-a-la-junta-el-pago-de-un-dividendo-complementario-de-10-centimos-de-euro\/","robots":"max-image-preview:large","keywords":"noticias y actualidad","webmasterTools":{"google-site-verification":"UA-38556648-1","miscellaneous":""},"schema":{"@context":"https:\/\/schema.org","@graph":[{"@type":"Article","@id":"https:\/\/eldigitaldeasturias.com\/magazine365\/iag-propondra-hoy-a-la-junta-el-pago-de-un-dividendo-complementario-de-10-centimos-de-euro\/#article","name":"IAG propondr\u00e1 hoy a la junta el pago de un dividendo complementario de 10 c\u00e9ntimos de euro | El Digital de Asturias","headline":"IAG propondr\u00e1 hoy a la junta el pago de un dividendo complementario de 10 c\u00e9ntimos de euro","author":{"@id":"https:\/\/eldigitaldeasturias.com\/magazine365\/author\/admin\/#author"},"publisher":{"@id":"https:\/\/eldigitaldeasturias.com\/magazine365\/#organization"},"image":{"@type":"ImageObject","url":"https:\/\/eldigitaldeasturias.com\/magazine365\/wp-content\/uploads\/2016\/06\/fotonoticia_20160616080132_800.jpg","width":800,"height":526},"datePublished":"2016-06-16T13:01:42+02:00","dateModified":"2016-06-16T13:01:51+02:00","inLanguage":"es-ES","mainEntityOfPage":{"@id":"https:\/\/eldigitaldeasturias.com\/magazine365\/iag-propondra-hoy-a-la-junta-el-pago-de-un-dividendo-complementario-de-10-centimos-de-euro\/#webpage"},"isPartOf":{"@id":"https:\/\/eldigitaldeasturias.com\/magazine365\/iag-propondra-hoy-a-la-junta-el-pago-de-un-dividendo-complementario-de-10-centimos-de-euro\/#webpage"},"articleSection":"Noticias y Actualidad"},{"@type":"BreadcrumbList","@id":"https:\/\/eldigitaldeasturias.com\/magazine365\/iag-propondra-hoy-a-la-junta-el-pago-de-un-dividendo-complementario-de-10-centimos-de-euro\/#breadcrumblist","itemListElement":[{"@type":"ListItem","@id":"https:\/\/eldigitaldeasturias.com\/magazine365#listItem","position":1,"name":"Home","item":"https:\/\/eldigitaldeasturias.com\/magazine365","nextItem":{"@type":"ListItem","@id":"https:\/\/eldigitaldeasturias.com\/magazine365\/category\/noticias-actualidad\/#listItem","name":"Noticias y Actualidad"}},{"@type":"ListItem","@id":"https:\/\/eldigitaldeasturias.com\/magazine365\/category\/noticias-actualidad\/#listItem","position":2,"name":"Noticias y Actualidad","item":"https:\/\/eldigitaldeasturias.com\/magazine365\/category\/noticias-actualidad\/","nextItem":{"@type":"ListItem","@id":"https:\/\/eldigitaldeasturias.com\/magazine365\/iag-propondra-hoy-a-la-junta-el-pago-de-un-dividendo-complementario-de-10-centimos-de-euro\/#listItem","name":"IAG propondr\u00e1 hoy a la junta el pago de un dividendo complementario de 10 c\u00e9ntimos de euro"},"previousItem":{"@type":"ListItem","@id":"https:\/\/eldigitaldeasturias.com\/magazine365#listItem","name":"Home"}},{"@type":"ListItem","@id":"https:\/\/eldigitaldeasturias.com\/magazine365\/iag-propondra-hoy-a-la-junta-el-pago-de-un-dividendo-complementario-de-10-centimos-de-euro\/#listItem","position":3,"name":"IAG propondr\u00e1 hoy a la junta el pago de un dividendo complementario de 10 c\u00e9ntimos de euro","previousItem":{"@type":"ListItem","@id":"https:\/\/eldigitaldeasturias.com\/magazine365\/category\/noticias-actualidad\/#listItem","name":"Noticias y Actualidad"}}]},{"@type":"Organization","@id":"https:\/\/eldigitaldeasturias.com\/magazine365\/#organization","name":"El digital de Asturias","description":"Revista de ocio, turismo y estilo de vida","url":"https:\/\/eldigitaldeasturias.com\/magazine365\/","logo":{"@type":"ImageObject","url":"https:\/\/www.eldigitaldeasturias.com\/noticias\/wp-content\/uploads\/2020\/12\/EDA.jpg","@id":"https:\/\/eldigitaldeasturias.com\/magazine365\/iag-propondra-hoy-a-la-junta-el-pago-de-un-dividendo-complementario-de-10-centimos-de-euro\/#organizationLogo"},"image":{"@id":"https:\/\/eldigitaldeasturias.com\/magazine365\/iag-propondra-hoy-a-la-junta-el-pago-de-un-dividendo-complementario-de-10-centimos-de-euro\/#organizationLogo"}},{"@type":"Person","@id":"https:\/\/eldigitaldeasturias.com\/magazine365\/author\/admin\/#author","url":"https:\/\/eldigitaldeasturias.com\/magazine365\/author\/admin\/","name":"admin","image":{"@type":"ImageObject","@id":"https:\/\/eldigitaldeasturias.com\/magazine365\/iag-propondra-hoy-a-la-junta-el-pago-de-un-dividendo-complementario-de-10-centimos-de-euro\/#authorImage","url":"https:\/\/eldigitaldeasturias.com\/magazine365\/wp-content\/litespeed\/avatar\/e571bcf59a0edd6fa6838245a470f2fe.jpg?ver=1776969259","width":96,"height":96,"caption":"admin"}},{"@type":"WebPage","@id":"https:\/\/eldigitaldeasturias.com\/magazine365\/iag-propondra-hoy-a-la-junta-el-pago-de-un-dividendo-complementario-de-10-centimos-de-euro\/#webpage","url":"https:\/\/eldigitaldeasturias.com\/magazine365\/iag-propondra-hoy-a-la-junta-el-pago-de-un-dividendo-complementario-de-10-centimos-de-euro\/","name":"IAG propondr\u00e1 hoy a la junta el pago de un dividendo complementario de 10 c\u00e9ntimos de euro | El Digital de Asturias","description":"IAG, el 'holding' que agrupa a Iberia, British Airways (BA), Vueling y Aer Lingus, propondr\u00e1 hoy a la junta general de accionistas, que se celebrar\u00e1 este jueves en Madrid, el pago de un dividendo complementario bruto de 0,10 euros por acci\u00f3n con cargo a las cuentas de 2015, que se abonar\u00e1 a partir del 4","inLanguage":"es-ES","isPartOf":{"@id":"https:\/\/eldigitaldeasturias.com\/magazine365\/#website"},"breadcrumb":{"@id":"https:\/\/eldigitaldeasturias.com\/magazine365\/iag-propondra-hoy-a-la-junta-el-pago-de-un-dividendo-complementario-de-10-centimos-de-euro\/#breadcrumblist"},"author":{"@id":"https:\/\/eldigitaldeasturias.com\/magazine365\/author\/admin\/#author"},"creator":{"@id":"https:\/\/eldigitaldeasturias.com\/magazine365\/author\/admin\/#author"},"image":{"@type":"ImageObject","url":"https:\/\/eldigitaldeasturias.com\/magazine365\/wp-content\/uploads\/2016\/06\/fotonoticia_20160616080132_800.jpg","@id":"https:\/\/eldigitaldeasturias.com\/magazine365\/iag-propondra-hoy-a-la-junta-el-pago-de-un-dividendo-complementario-de-10-centimos-de-euro\/#mainImage","width":800,"height":526},"primaryImageOfPage":{"@id":"https:\/\/eldigitaldeasturias.com\/magazine365\/iag-propondra-hoy-a-la-junta-el-pago-de-un-dividendo-complementario-de-10-centimos-de-euro\/#mainImage"},"datePublished":"2016-06-16T13:01:42+02:00","dateModified":"2016-06-16T13:01:51+02:00"},{"@type":"WebSite","@id":"https:\/\/eldigitaldeasturias.com\/magazine365\/#website","url":"https:\/\/eldigitaldeasturias.com\/magazine365\/","name":"El Digital de Asturias","description":"Revista de ocio, turismo y estilo de vida","inLanguage":"es-ES","publisher":{"@id":"https:\/\/eldigitaldeasturias.com\/magazine365\/#organization"}}]},"og:locale":"es_ES","og:site_name":"El Digital de Asturias \u2013 Revista de ocio, turismo y estilo de vida","og:type":"article","og:title":"IAG propondr\u00e1 hoy a la junta el pago de un dividendo complementario de 10 c\u00e9ntimos de euro | El Digital de Asturias","og:description":"IAG, el 'holding' que agrupa a Iberia, British Airways (BA), Vueling y Aer Lingus, propondr\u00e1 hoy a la junta general de accionistas, que se celebrar\u00e1 este jueves en Madrid, el pago de un dividendo complementario bruto de 0,10 euros por acci\u00f3n con cargo a las cuentas de 2015, que se abonar\u00e1 a partir del 4","og:url":"https:\/\/eldigitaldeasturias.com\/magazine365\/iag-propondra-hoy-a-la-junta-el-pago-de-un-dividendo-complementario-de-10-centimos-de-euro\/","og:image":"https:\/\/eldigitaldeasturias.com\/magazine365\/wp-content\/uploads\/2016\/06\/fotonoticia_20160616080132_800.jpg","og:image:secure_url":"https:\/\/eldigitaldeasturias.com\/magazine365\/wp-content\/uploads\/2016\/06\/fotonoticia_20160616080132_800.jpg","og:image:width":800,"og:image:height":526,"article:published_time":"2016-06-16T11:01:42+00:00","article:modified_time":"2016-06-16T11:01:51+00:00","twitter:card":"summary_large_image","twitter:title":"IAG propondr\u00e1 hoy a la junta el pago de un dividendo complementario de 10 c\u00e9ntimos de euro | El Digital de Asturias","twitter:description":"IAG, el 'holding' que agrupa a Iberia, British Airways (BA), Vueling y Aer Lingus, propondr\u00e1 hoy a la junta general de accionistas, que se celebrar\u00e1 este jueves en Madrid, el pago de un dividendo complementario bruto de 0,10 euros por acci\u00f3n con cargo a las cuentas de 2015, que se abonar\u00e1 a partir del 4","twitter:image":"https:\/\/eldigitaldeasturias.com\/magazine365\/wp-content\/uploads\/2016\/06\/fotonoticia_20160616080132_800.jpg"},"aioseo_meta_data":{"post_id":"79579","title":null,"description":null,"keywords":null,"keyphrases":null,"primary_term":null,"canonical_url":null,"og_title":null,"og_description":null,"og_object_type":"default","og_image_type":"default","og_image_url":null,"og_image_width":null,"og_image_height":null,"og_image_custom_url":null,"og_image_custom_fields":null,"og_video":null,"og_custom_url":null,"og_article_section":null,"og_article_tags":null,"twitter_use_og":false,"twitter_card":"default","twitter_image_type":"default","twitter_image_url":null,"twitter_image_custom_url":null,"twitter_image_custom_fields":null,"twitter_title":null,"twitter_description":null,"schema":{"blockGraphs":[],"customGraphs":[],"default":{"data":{"Article":[],"Course":[],"Dataset":[],"FAQPage":[],"Movie":[],"Person":[],"Product":[],"ProductReview":[],"Car":[],"Recipe":[],"Service":[],"SoftwareApplication":[],"WebPage":[]},"graphName":"","isEnabled":true},"graphs":[],"defaultGraph":"","defaultPostTypeGraph":""},"schema_type":null,"schema_type_options":null,"pillar_content":false,"robots_default":true,"robots_noindex":false,"robots_noarchive":false,"robots_nosnippet":false,"robots_nofollow":false,"robots_noimageindex":false,"robots_noodp":false,"robots_notranslate":false,"robots_max_snippet":null,"robots_max_videopreview":null,"robots_max_imagepreview":"large","priority":null,"frequency":null,"location":null,"local_seo":null,"seo_analyzer_scan_date":"2025-09-27 19:11:44","breadcrumb_settings":null,"limit_modified_date":false,"open_ai":null,"ai":null,"created":"2021-03-08 17:47:25","updated":"2025-09-27 19:11:44"},"aioseo_breadcrumb":"<div class=\"aioseo-breadcrumbs\"><span class=\"aioseo-breadcrumb\">\n\t<a href=\"https:\/\/eldigitaldeasturias.com\/magazine365\" title=\"Home\">Home<\/a>\n<\/span><span class=\"aioseo-breadcrumb-separator\">\u2013<\/span><span class=\"aioseo-breadcrumb\">\n\t<a href=\"https:\/\/eldigitaldeasturias.com\/magazine365\/category\/noticias-actualidad\/\" title=\"Noticias y Actualidad\">Noticias y Actualidad<\/a>\n<\/span><span class=\"aioseo-breadcrumb-separator\">\u2013<\/span><span class=\"aioseo-breadcrumb\">\n\t<a href=\"https:\/\/eldigitaldeasturias.com\/magazine365\/iag-propondra-hoy-a-la-junta-el-pago-de-un-dividendo-complementario-de-10-centimos-de-euro\/\" title=\"IAG propondr\u00e1 hoy a la junta el pago de un dividendo complementario de 10 c\u00e9ntimos de euro\">IAG propondr\u00e1 hoy a la junta el pago de un dividendo complementario de 10 c\u00e9ntimos de euro<\/a>\n<\/span><\/div>","aioseo_breadcrumb_json":[{"label":"Home","link":"https:\/\/eldigitaldeasturias.com\/magazine365"},{"label":"Noticias y Actualidad","link":"https:\/\/eldigitaldeasturias.com\/magazine365\/category\/noticias-actualidad\/"},{"label":"IAG propondr\u00e1 hoy a la junta el pago de un dividendo complementario de 10 c\u00e9ntimos de euro","link":"https:\/\/eldigitaldeasturias.com\/magazine365\/iag-propondra-hoy-a-la-junta-el-pago-de-un-dividendo-complementario-de-10-centimos-de-euro\/"}],"_links":{"self":[{"href":"https:\/\/eldigitaldeasturias.com\/magazine365\/wp-json\/wp\/v2\/posts\/79579","targetHints":{"allow":["GET"]}}],"collection":[{"href":"https:\/\/eldigitaldeasturias.com\/magazine365\/wp-json\/wp\/v2\/posts"}],"about":[{"href":"https:\/\/eldigitaldeasturias.com\/magazine365\/wp-json\/wp\/v2\/types\/post"}],"author":[{"embeddable":true,"href":"https:\/\/eldigitaldeasturias.com\/magazine365\/wp-json\/wp\/v2\/users\/1"}],"replies":[{"embeddable":true,"href":"https:\/\/eldigitaldeasturias.com\/magazine365\/wp-json\/wp\/v2\/comments?post=79579"}],"version-history":[{"count":0,"href":"https:\/\/eldigitaldeasturias.com\/magazine365\/wp-json\/wp\/v2\/posts\/79579\/revisions"}],"wp:featuredmedia":[{"embeddable":true,"href":"https:\/\/eldigitaldeasturias.com\/magazine365\/wp-json\/wp\/v2\/media\/79580"}],"wp:attachment":[{"href":"https:\/\/eldigitaldeasturias.com\/magazine365\/wp-json\/wp\/v2\/media?parent=79579"}],"wp:term":[{"taxonomy":"category","embeddable":true,"href":"https:\/\/eldigitaldeasturias.com\/magazine365\/wp-json\/wp\/v2\/categories?post=79579"},{"taxonomy":"post_tag","embeddable":true,"href":"https:\/\/eldigitaldeasturias.com\/magazine365\/wp-json\/wp\/v2\/tags?post=79579"}],"curies":[{"name":"wp","href":"https:\/\/api.w.org\/{rel}","templated":true}]}}