{"id":79574,"date":"2016-06-16T12:57:32","date_gmt":"2016-06-16T10:57:32","guid":{"rendered":"http:\/\/eldigitaldeasturias.com\/magazine365\/?p=79574"},"modified":"2016-06-16T12:57:32","modified_gmt":"2016-06-16T10:57:32","slug":"renfe-arranca-este-jueves-con-los-servicios-minimos-y-recuperara-los-habituales-a-lo-largo-del-dia","status":"publish","type":"post","link":"https:\/\/eldigitaldeasturias.com\/magazine365\/renfe-arranca-este-jueves-con-los-servicios-minimos-y-recuperara-los-habituales-a-lo-largo-del-dia\/","title":{"rendered":"Renfe arranca este jueves con los servicios m\u00ednimos y recuperar\u00e1 los habituales a lo largo del d\u00eda"},"content":{"rendered":"<p><img fetchpriority=\"high\" decoding=\"async\" class=\"alignleft size-medium wp-image-79575\" src=\"https:\/\/eldigitaldeasturias.com\/magazine365\/wp-content\/uploads\/2016\/06\/fotonoticia_20160616000523_800-360x241.jpg\" alt=\"fotonoticia_20160616000523_800\" width=\"360\" height=\"241\" srcset=\"https:\/\/eldigitaldeasturias.com\/magazine365\/wp-content\/uploads\/2016\/06\/fotonoticia_20160616000523_800-360x241.jpg 360w, https:\/\/eldigitaldeasturias.com\/magazine365\/wp-content\/uploads\/2016\/06\/fotonoticia_20160616000523_800-650x436.jpg 650w, https:\/\/eldigitaldeasturias.com\/magazine365\/wp-content\/uploads\/2016\/06\/fotonoticia_20160616000523_800-768x515.jpg 768w, https:\/\/eldigitaldeasturias.com\/magazine365\/wp-content\/uploads\/2016\/06\/fotonoticia_20160616000523_800-150x101.jpg 150w, https:\/\/eldigitaldeasturias.com\/magazine365\/wp-content\/uploads\/2016\/06\/fotonoticia_20160616000523_800-450x302.jpg 450w, https:\/\/eldigitaldeasturias.com\/magazine365\/wp-content\/uploads\/2016\/06\/fotonoticia_20160616000523_800.jpg 800w\" sizes=\"(max-width: 360px) 100vw, 360px\" \/>Renfe comenzar\u00e1 este jueves a prestar servicio con las circulaciones de trenes programadas en los servicios m\u00ednimos que ya ten\u00eda fijados ante la jornada de huelga del sindicato de maquinistas Semaf prevista en la empresa, dado que la desconvocatoria de este paro tuvo lugar a \u00faltima hora de la noche de este mi\u00e9rcoles.<\/p>\n<p>No obstante, la compa\u00f1\u00eda ferroviaria prev\u00e9 ir incrementando su oferta de trenes a lo largo del d\u00eda hasta lograr prestar las habituales circulaciones de sus distintos servicios, seg\u00fan informaron a Europa Press en fuentes de la operadora.<\/p>\n<p>Los servicios m\u00ednimos que Fomento hab\u00eda fijado en previsi\u00f3n de la huelga garantizaban la circulaci\u00f3n de al menos el 72% de los trenes de AVE y Larga Distancia habituales, el 65% de los de Media Distancia y el 50% de los de Cercan\u00edas, si bien en este caso este porcentaje se eleva al 75% en las franjas de &#8216;hora punta&#8217;.<\/p>\n<p>Seg\u00fan la empresa p\u00fablica, durante las tres jornadas de huelga llevadas a cabo por Semaf, los d\u00edas 10, 12 y 14 de junio, varios centenares de miles de viajeros se vieron afectados por cancelaciones y retrasos de trenes, motivados por el incumplimiento de algunos de los servicios m\u00ednimos.<\/p>\n<p>Toda vez que Semaf ha desconvocado el paro previsto para este jueves, d\u00eda 16, tras abrir una v\u00eda de negociaci\u00f3n con la empresa en la reuni\u00f3n mantenida este mi\u00e9rcoles, Renfe arrancar\u00e1 la jornada con la tabla de servicios m\u00ednimos programados que ir\u00e1 \u00abnormalizando\u00bb a lo largo del d\u00eda.<\/p>\n<p>En un comunicado, Renfe \u00abagradeci\u00f3\u00bb a sus viajeros y clientes \u00abla confianza depositada en la compa\u00f1\u00eda\u00bb durante los d\u00edas de huelga y volvi\u00f3 a \u00ablamentar las molestias ocasionadas\u00bb. Asimismo, reiter\u00f3 su \u00abfirme compromiso por la mejora continuada de la calidad de los servicios ferroviarios\u00bb.<\/p>\n","protected":false},"excerpt":{"rendered":"<p>Renfe comenzar\u00e1 este jueves a prestar servicio con las circulaciones de trenes programadas en los servicios m\u00ednimos que ya ten\u00eda fijados ante la jornada de huelga del sindicato de maquinistas Semaf prevista en la empresa, dado que la desconvocatoria de este paro tuvo lugar a \u00faltima hora de la noche de este mi\u00e9rcoles. No obstante,<\/p>\n","protected":false},"author":1,"featured_media":79575,"comment_status":"open","ping_status":"closed","sticky":false,"template":"","format":"standard","meta":{"footnotes":""},"categories":[224],"tags":[],"class_list":{"0":"post-79574","1":"post","2":"type-post","3":"status-publish","4":"format-standard","5":"has-post-thumbnail","7":"category-noticias-actualidad"},"aioseo_notices":[],"aioseo_head":"\n\t\t<!-- All in One SEO Pro 4.9.6.1 - aioseo.com -->\n\t<meta name=\"description\" content=\"Renfe comenzar\u00e1 este jueves a prestar servicio con las circulaciones de trenes programadas en los servicios m\u00ednimos que ya ten\u00eda fijados ante la jornada de huelga del sindicato de maquinistas Semaf prevista en la empresa, dado que la desconvocatoria de este paro tuvo lugar a \u00faltima hora de la noche de este mi\u00e9rcoles. No obstante,\" \/>\n\t<meta name=\"robots\" content=\"max-image-preview:large\" \/>\n\t<meta name=\"author\" content=\"admin\"\/>\n\t<meta name=\"google-site-verification\" content=\"UA-38556648-1\" \/>\n\t<meta name=\"keywords\" content=\"noticias y actualidad\" \/>\n\t<link rel=\"canonical\" href=\"https:\/\/eldigitaldeasturias.com\/magazine365\/renfe-arranca-este-jueves-con-los-servicios-minimos-y-recuperara-los-habituales-a-lo-largo-del-dia\/\" \/>\n\t<meta name=\"generator\" content=\"All in One SEO Pro (AIOSEO) 4.9.6.1\" \/>\n\t\t<meta property=\"og:locale\" content=\"es_ES\" \/>\n\t\t<meta property=\"og:site_name\" content=\"El Digital de Asturias \u2013 Revista de ocio, turismo y estilo de vida\" \/>\n\t\t<meta property=\"og:type\" content=\"article\" \/>\n\t\t<meta property=\"og:title\" content=\"Renfe arranca este jueves con los servicios m\u00ednimos y recuperar\u00e1 los habituales a lo largo del d\u00eda | El Digital de Asturias\" \/>\n\t\t<meta property=\"og:description\" content=\"Renfe comenzar\u00e1 este jueves a prestar servicio con las circulaciones de trenes programadas en los servicios m\u00ednimos que ya ten\u00eda fijados ante la jornada de huelga del sindicato de maquinistas Semaf prevista en la empresa, dado que la desconvocatoria de este paro tuvo lugar a \u00faltima hora de la noche de este mi\u00e9rcoles. No obstante,\" \/>\n\t\t<meta property=\"og:url\" content=\"https:\/\/eldigitaldeasturias.com\/magazine365\/renfe-arranca-este-jueves-con-los-servicios-minimos-y-recuperara-los-habituales-a-lo-largo-del-dia\/\" \/>\n\t\t<meta property=\"og:image\" content=\"https:\/\/eldigitaldeasturias.com\/magazine365\/wp-content\/uploads\/2016\/06\/fotonoticia_20160616000523_800.jpg\" \/>\n\t\t<meta property=\"og:image:secure_url\" content=\"https:\/\/eldigitaldeasturias.com\/magazine365\/wp-content\/uploads\/2016\/06\/fotonoticia_20160616000523_800.jpg\" \/>\n\t\t<meta property=\"og:image:width\" content=\"800\" \/>\n\t\t<meta property=\"og:image:height\" content=\"536\" \/>\n\t\t<meta property=\"article:published_time\" content=\"2016-06-16T10:57:32+00:00\" \/>\n\t\t<meta property=\"article:modified_time\" content=\"2016-06-16T10:57:32+00:00\" \/>\n\t\t<meta name=\"twitter:card\" content=\"summary_large_image\" \/>\n\t\t<meta name=\"twitter:title\" content=\"Renfe arranca este jueves con los servicios m\u00ednimos y recuperar\u00e1 los habituales a lo largo del d\u00eda | El Digital de Asturias\" \/>\n\t\t<meta name=\"twitter:description\" content=\"Renfe comenzar\u00e1 este jueves a prestar servicio con las circulaciones de trenes programadas en los servicios m\u00ednimos que ya ten\u00eda fijados ante la jornada de huelga del sindicato de maquinistas Semaf prevista en la empresa, dado que la desconvocatoria de este paro tuvo lugar a \u00faltima hora de la noche de este mi\u00e9rcoles. No obstante,\" \/>\n\t\t<meta name=\"twitter:image\" content=\"https:\/\/eldigitaldeasturias.com\/magazine365\/wp-content\/uploads\/2016\/06\/fotonoticia_20160616000523_800.jpg\" \/>\n\t\t<script type=\"application\/ld+json\" class=\"aioseo-schema\">\n\t\t\t{\"@context\":\"https:\\\/\\\/schema.org\",\"@graph\":[{\"@type\":\"Article\",\"@id\":\"https:\\\/\\\/eldigitaldeasturias.com\\\/magazine365\\\/renfe-arranca-este-jueves-con-los-servicios-minimos-y-recuperara-los-habituales-a-lo-largo-del-dia\\\/#article\",\"name\":\"Renfe arranca este jueves con los servicios m\\u00ednimos y recuperar\\u00e1 los habituales a lo largo del d\\u00eda | El Digital de Asturias\",\"headline\":\"Renfe arranca este jueves con los servicios m\\u00ednimos y recuperar\\u00e1 los habituales a lo largo del d\\u00eda\",\"author\":{\"@id\":\"https:\\\/\\\/eldigitaldeasturias.com\\\/magazine365\\\/author\\\/admin\\\/#author\"},\"publisher\":{\"@id\":\"https:\\\/\\\/eldigitaldeasturias.com\\\/magazine365\\\/#organization\"},\"image\":{\"@type\":\"ImageObject\",\"url\":\"https:\\\/\\\/eldigitaldeasturias.com\\\/magazine365\\\/wp-content\\\/uploads\\\/2016\\\/06\\\/fotonoticia_20160616000523_800.jpg\",\"width\":800,\"height\":536},\"datePublished\":\"2016-06-16T12:57:32+02:00\",\"dateModified\":\"2016-06-16T12:57:32+02:00\",\"inLanguage\":\"es-ES\",\"mainEntityOfPage\":{\"@id\":\"https:\\\/\\\/eldigitaldeasturias.com\\\/magazine365\\\/renfe-arranca-este-jueves-con-los-servicios-minimos-y-recuperara-los-habituales-a-lo-largo-del-dia\\\/#webpage\"},\"isPartOf\":{\"@id\":\"https:\\\/\\\/eldigitaldeasturias.com\\\/magazine365\\\/renfe-arranca-este-jueves-con-los-servicios-minimos-y-recuperara-los-habituales-a-lo-largo-del-dia\\\/#webpage\"},\"articleSection\":\"Noticias y Actualidad\"},{\"@type\":\"BreadcrumbList\",\"@id\":\"https:\\\/\\\/eldigitaldeasturias.com\\\/magazine365\\\/renfe-arranca-este-jueves-con-los-servicios-minimos-y-recuperara-los-habituales-a-lo-largo-del-dia\\\/#breadcrumblist\",\"itemListElement\":[{\"@type\":\"ListItem\",\"@id\":\"https:\\\/\\\/eldigitaldeasturias.com\\\/magazine365#listItem\",\"position\":1,\"name\":\"Home\",\"item\":\"https:\\\/\\\/eldigitaldeasturias.com\\\/magazine365\",\"nextItem\":{\"@type\":\"ListItem\",\"@id\":\"https:\\\/\\\/eldigitaldeasturias.com\\\/magazine365\\\/category\\\/noticias-actualidad\\\/#listItem\",\"name\":\"Noticias y Actualidad\"}},{\"@type\":\"ListItem\",\"@id\":\"https:\\\/\\\/eldigitaldeasturias.com\\\/magazine365\\\/category\\\/noticias-actualidad\\\/#listItem\",\"position\":2,\"name\":\"Noticias y Actualidad\",\"item\":\"https:\\\/\\\/eldigitaldeasturias.com\\\/magazine365\\\/category\\\/noticias-actualidad\\\/\",\"nextItem\":{\"@type\":\"ListItem\",\"@id\":\"https:\\\/\\\/eldigitaldeasturias.com\\\/magazine365\\\/renfe-arranca-este-jueves-con-los-servicios-minimos-y-recuperara-los-habituales-a-lo-largo-del-dia\\\/#listItem\",\"name\":\"Renfe arranca este jueves con los servicios m\\u00ednimos y recuperar\\u00e1 los habituales a lo largo del d\\u00eda\"},\"previousItem\":{\"@type\":\"ListItem\",\"@id\":\"https:\\\/\\\/eldigitaldeasturias.com\\\/magazine365#listItem\",\"name\":\"Home\"}},{\"@type\":\"ListItem\",\"@id\":\"https:\\\/\\\/eldigitaldeasturias.com\\\/magazine365\\\/renfe-arranca-este-jueves-con-los-servicios-minimos-y-recuperara-los-habituales-a-lo-largo-del-dia\\\/#listItem\",\"position\":3,\"name\":\"Renfe arranca este jueves con los servicios m\\u00ednimos y recuperar\\u00e1 los habituales a lo largo del d\\u00eda\",\"previousItem\":{\"@type\":\"ListItem\",\"@id\":\"https:\\\/\\\/eldigitaldeasturias.com\\\/magazine365\\\/category\\\/noticias-actualidad\\\/#listItem\",\"name\":\"Noticias y Actualidad\"}}]},{\"@type\":\"Organization\",\"@id\":\"https:\\\/\\\/eldigitaldeasturias.com\\\/magazine365\\\/#organization\",\"name\":\"El digital de Asturias\",\"description\":\"Revista de ocio, turismo y estilo de vida\",\"url\":\"https:\\\/\\\/eldigitaldeasturias.com\\\/magazine365\\\/\",\"logo\":{\"@type\":\"ImageObject\",\"url\":\"https:\\\/\\\/www.eldigitaldeasturias.com\\\/noticias\\\/wp-content\\\/uploads\\\/2020\\\/12\\\/EDA.jpg\",\"@id\":\"https:\\\/\\\/eldigitaldeasturias.com\\\/magazine365\\\/renfe-arranca-este-jueves-con-los-servicios-minimos-y-recuperara-los-habituales-a-lo-largo-del-dia\\\/#organizationLogo\"},\"image\":{\"@id\":\"https:\\\/\\\/eldigitaldeasturias.com\\\/magazine365\\\/renfe-arranca-este-jueves-con-los-servicios-minimos-y-recuperara-los-habituales-a-lo-largo-del-dia\\\/#organizationLogo\"}},{\"@type\":\"Person\",\"@id\":\"https:\\\/\\\/eldigitaldeasturias.com\\\/magazine365\\\/author\\\/admin\\\/#author\",\"url\":\"https:\\\/\\\/eldigitaldeasturias.com\\\/magazine365\\\/author\\\/admin\\\/\",\"name\":\"admin\",\"image\":{\"@type\":\"ImageObject\",\"@id\":\"https:\\\/\\\/eldigitaldeasturias.com\\\/magazine365\\\/renfe-arranca-este-jueves-con-los-servicios-minimos-y-recuperara-los-habituales-a-lo-largo-del-dia\\\/#authorImage\",\"url\":\"https:\\\/\\\/eldigitaldeasturias.com\\\/magazine365\\\/wp-content\\\/litespeed\\\/avatar\\\/e571bcf59a0edd6fa6838245a470f2fe.jpg?ver=1776969259\",\"width\":96,\"height\":96,\"caption\":\"admin\"}},{\"@type\":\"WebPage\",\"@id\":\"https:\\\/\\\/eldigitaldeasturias.com\\\/magazine365\\\/renfe-arranca-este-jueves-con-los-servicios-minimos-y-recuperara-los-habituales-a-lo-largo-del-dia\\\/#webpage\",\"url\":\"https:\\\/\\\/eldigitaldeasturias.com\\\/magazine365\\\/renfe-arranca-este-jueves-con-los-servicios-minimos-y-recuperara-los-habituales-a-lo-largo-del-dia\\\/\",\"name\":\"Renfe arranca este jueves con los servicios m\\u00ednimos y recuperar\\u00e1 los habituales a lo largo del d\\u00eda | El Digital de Asturias\",\"description\":\"Renfe comenzar\\u00e1 este jueves a prestar servicio con las circulaciones de trenes programadas en los servicios m\\u00ednimos que ya ten\\u00eda fijados ante la jornada de huelga del sindicato de maquinistas Semaf prevista en la empresa, dado que la desconvocatoria de este paro tuvo lugar a \\u00faltima hora de la noche de este mi\\u00e9rcoles. No obstante,\",\"inLanguage\":\"es-ES\",\"isPartOf\":{\"@id\":\"https:\\\/\\\/eldigitaldeasturias.com\\\/magazine365\\\/#website\"},\"breadcrumb\":{\"@id\":\"https:\\\/\\\/eldigitaldeasturias.com\\\/magazine365\\\/renfe-arranca-este-jueves-con-los-servicios-minimos-y-recuperara-los-habituales-a-lo-largo-del-dia\\\/#breadcrumblist\"},\"author\":{\"@id\":\"https:\\\/\\\/eldigitaldeasturias.com\\\/magazine365\\\/author\\\/admin\\\/#author\"},\"creator\":{\"@id\":\"https:\\\/\\\/eldigitaldeasturias.com\\\/magazine365\\\/author\\\/admin\\\/#author\"},\"image\":{\"@type\":\"ImageObject\",\"url\":\"https:\\\/\\\/eldigitaldeasturias.com\\\/magazine365\\\/wp-content\\\/uploads\\\/2016\\\/06\\\/fotonoticia_20160616000523_800.jpg\",\"@id\":\"https:\\\/\\\/eldigitaldeasturias.com\\\/magazine365\\\/renfe-arranca-este-jueves-con-los-servicios-minimos-y-recuperara-los-habituales-a-lo-largo-del-dia\\\/#mainImage\",\"width\":800,\"height\":536},\"primaryImageOfPage\":{\"@id\":\"https:\\\/\\\/eldigitaldeasturias.com\\\/magazine365\\\/renfe-arranca-este-jueves-con-los-servicios-minimos-y-recuperara-los-habituales-a-lo-largo-del-dia\\\/#mainImage\"},\"datePublished\":\"2016-06-16T12:57:32+02:00\",\"dateModified\":\"2016-06-16T12:57:32+02:00\"},{\"@type\":\"WebSite\",\"@id\":\"https:\\\/\\\/eldigitaldeasturias.com\\\/magazine365\\\/#website\",\"url\":\"https:\\\/\\\/eldigitaldeasturias.com\\\/magazine365\\\/\",\"name\":\"El Digital de Asturias\",\"description\":\"Revista de ocio, turismo y estilo de vida\",\"inLanguage\":\"es-ES\",\"publisher\":{\"@id\":\"https:\\\/\\\/eldigitaldeasturias.com\\\/magazine365\\\/#organization\"}}]}\n\t\t<\/script>\n\t\t<!-- All in One SEO Pro -->\r\n\t\t<title>Renfe arranca este jueves con los servicios m\u00ednimos y recuperar\u00e1 los habituales a lo largo del d\u00eda | El Digital de Asturias<\/title>\n\n","aioseo_head_json":{"title":"Renfe arranca este jueves con los servicios m\u00ednimos y recuperar\u00e1 los habituales a lo largo del d\u00eda | El Digital de Asturias","description":"Renfe comenzar\u00e1 este jueves a prestar servicio con las circulaciones de trenes programadas en los servicios m\u00ednimos que ya ten\u00eda fijados ante la jornada de huelga del sindicato de maquinistas Semaf prevista en la empresa, dado que la desconvocatoria de este paro tuvo lugar a \u00faltima hora de la noche de este mi\u00e9rcoles. No obstante,","canonical_url":"https:\/\/eldigitaldeasturias.com\/magazine365\/renfe-arranca-este-jueves-con-los-servicios-minimos-y-recuperara-los-habituales-a-lo-largo-del-dia\/","robots":"max-image-preview:large","keywords":"noticias y actualidad","webmasterTools":{"google-site-verification":"UA-38556648-1","miscellaneous":""},"schema":{"@context":"https:\/\/schema.org","@graph":[{"@type":"Article","@id":"https:\/\/eldigitaldeasturias.com\/magazine365\/renfe-arranca-este-jueves-con-los-servicios-minimos-y-recuperara-los-habituales-a-lo-largo-del-dia\/#article","name":"Renfe arranca este jueves con los servicios m\u00ednimos y recuperar\u00e1 los habituales a lo largo del d\u00eda | El Digital de Asturias","headline":"Renfe arranca este jueves con los servicios m\u00ednimos y recuperar\u00e1 los habituales a lo largo del d\u00eda","author":{"@id":"https:\/\/eldigitaldeasturias.com\/magazine365\/author\/admin\/#author"},"publisher":{"@id":"https:\/\/eldigitaldeasturias.com\/magazine365\/#organization"},"image":{"@type":"ImageObject","url":"https:\/\/eldigitaldeasturias.com\/magazine365\/wp-content\/uploads\/2016\/06\/fotonoticia_20160616000523_800.jpg","width":800,"height":536},"datePublished":"2016-06-16T12:57:32+02:00","dateModified":"2016-06-16T12:57:32+02:00","inLanguage":"es-ES","mainEntityOfPage":{"@id":"https:\/\/eldigitaldeasturias.com\/magazine365\/renfe-arranca-este-jueves-con-los-servicios-minimos-y-recuperara-los-habituales-a-lo-largo-del-dia\/#webpage"},"isPartOf":{"@id":"https:\/\/eldigitaldeasturias.com\/magazine365\/renfe-arranca-este-jueves-con-los-servicios-minimos-y-recuperara-los-habituales-a-lo-largo-del-dia\/#webpage"},"articleSection":"Noticias y Actualidad"},{"@type":"BreadcrumbList","@id":"https:\/\/eldigitaldeasturias.com\/magazine365\/renfe-arranca-este-jueves-con-los-servicios-minimos-y-recuperara-los-habituales-a-lo-largo-del-dia\/#breadcrumblist","itemListElement":[{"@type":"ListItem","@id":"https:\/\/eldigitaldeasturias.com\/magazine365#listItem","position":1,"name":"Home","item":"https:\/\/eldigitaldeasturias.com\/magazine365","nextItem":{"@type":"ListItem","@id":"https:\/\/eldigitaldeasturias.com\/magazine365\/category\/noticias-actualidad\/#listItem","name":"Noticias y Actualidad"}},{"@type":"ListItem","@id":"https:\/\/eldigitaldeasturias.com\/magazine365\/category\/noticias-actualidad\/#listItem","position":2,"name":"Noticias y Actualidad","item":"https:\/\/eldigitaldeasturias.com\/magazine365\/category\/noticias-actualidad\/","nextItem":{"@type":"ListItem","@id":"https:\/\/eldigitaldeasturias.com\/magazine365\/renfe-arranca-este-jueves-con-los-servicios-minimos-y-recuperara-los-habituales-a-lo-largo-del-dia\/#listItem","name":"Renfe arranca este jueves con los servicios m\u00ednimos y recuperar\u00e1 los habituales a lo largo del d\u00eda"},"previousItem":{"@type":"ListItem","@id":"https:\/\/eldigitaldeasturias.com\/magazine365#listItem","name":"Home"}},{"@type":"ListItem","@id":"https:\/\/eldigitaldeasturias.com\/magazine365\/renfe-arranca-este-jueves-con-los-servicios-minimos-y-recuperara-los-habituales-a-lo-largo-del-dia\/#listItem","position":3,"name":"Renfe arranca este jueves con los servicios m\u00ednimos y recuperar\u00e1 los habituales a lo largo del d\u00eda","previousItem":{"@type":"ListItem","@id":"https:\/\/eldigitaldeasturias.com\/magazine365\/category\/noticias-actualidad\/#listItem","name":"Noticias y Actualidad"}}]},{"@type":"Organization","@id":"https:\/\/eldigitaldeasturias.com\/magazine365\/#organization","name":"El digital de Asturias","description":"Revista de ocio, turismo y estilo de vida","url":"https:\/\/eldigitaldeasturias.com\/magazine365\/","logo":{"@type":"ImageObject","url":"https:\/\/www.eldigitaldeasturias.com\/noticias\/wp-content\/uploads\/2020\/12\/EDA.jpg","@id":"https:\/\/eldigitaldeasturias.com\/magazine365\/renfe-arranca-este-jueves-con-los-servicios-minimos-y-recuperara-los-habituales-a-lo-largo-del-dia\/#organizationLogo"},"image":{"@id":"https:\/\/eldigitaldeasturias.com\/magazine365\/renfe-arranca-este-jueves-con-los-servicios-minimos-y-recuperara-los-habituales-a-lo-largo-del-dia\/#organizationLogo"}},{"@type":"Person","@id":"https:\/\/eldigitaldeasturias.com\/magazine365\/author\/admin\/#author","url":"https:\/\/eldigitaldeasturias.com\/magazine365\/author\/admin\/","name":"admin","image":{"@type":"ImageObject","@id":"https:\/\/eldigitaldeasturias.com\/magazine365\/renfe-arranca-este-jueves-con-los-servicios-minimos-y-recuperara-los-habituales-a-lo-largo-del-dia\/#authorImage","url":"https:\/\/eldigitaldeasturias.com\/magazine365\/wp-content\/litespeed\/avatar\/e571bcf59a0edd6fa6838245a470f2fe.jpg?ver=1776969259","width":96,"height":96,"caption":"admin"}},{"@type":"WebPage","@id":"https:\/\/eldigitaldeasturias.com\/magazine365\/renfe-arranca-este-jueves-con-los-servicios-minimos-y-recuperara-los-habituales-a-lo-largo-del-dia\/#webpage","url":"https:\/\/eldigitaldeasturias.com\/magazine365\/renfe-arranca-este-jueves-con-los-servicios-minimos-y-recuperara-los-habituales-a-lo-largo-del-dia\/","name":"Renfe arranca este jueves con los servicios m\u00ednimos y recuperar\u00e1 los habituales a lo largo del d\u00eda | El Digital de Asturias","description":"Renfe comenzar\u00e1 este jueves a prestar servicio con las circulaciones de trenes programadas en los servicios m\u00ednimos que ya ten\u00eda fijados ante la jornada de huelga del sindicato de maquinistas Semaf prevista en la empresa, dado que la desconvocatoria de este paro tuvo lugar a \u00faltima hora de la noche de este mi\u00e9rcoles. No obstante,","inLanguage":"es-ES","isPartOf":{"@id":"https:\/\/eldigitaldeasturias.com\/magazine365\/#website"},"breadcrumb":{"@id":"https:\/\/eldigitaldeasturias.com\/magazine365\/renfe-arranca-este-jueves-con-los-servicios-minimos-y-recuperara-los-habituales-a-lo-largo-del-dia\/#breadcrumblist"},"author":{"@id":"https:\/\/eldigitaldeasturias.com\/magazine365\/author\/admin\/#author"},"creator":{"@id":"https:\/\/eldigitaldeasturias.com\/magazine365\/author\/admin\/#author"},"image":{"@type":"ImageObject","url":"https:\/\/eldigitaldeasturias.com\/magazine365\/wp-content\/uploads\/2016\/06\/fotonoticia_20160616000523_800.jpg","@id":"https:\/\/eldigitaldeasturias.com\/magazine365\/renfe-arranca-este-jueves-con-los-servicios-minimos-y-recuperara-los-habituales-a-lo-largo-del-dia\/#mainImage","width":800,"height":536},"primaryImageOfPage":{"@id":"https:\/\/eldigitaldeasturias.com\/magazine365\/renfe-arranca-este-jueves-con-los-servicios-minimos-y-recuperara-los-habituales-a-lo-largo-del-dia\/#mainImage"},"datePublished":"2016-06-16T12:57:32+02:00","dateModified":"2016-06-16T12:57:32+02:00"},{"@type":"WebSite","@id":"https:\/\/eldigitaldeasturias.com\/magazine365\/#website","url":"https:\/\/eldigitaldeasturias.com\/magazine365\/","name":"El Digital de Asturias","description":"Revista de ocio, turismo y estilo de vida","inLanguage":"es-ES","publisher":{"@id":"https:\/\/eldigitaldeasturias.com\/magazine365\/#organization"}}]},"og:locale":"es_ES","og:site_name":"El Digital de Asturias \u2013 Revista de ocio, turismo y estilo de vida","og:type":"article","og:title":"Renfe arranca este jueves con los servicios m\u00ednimos y recuperar\u00e1 los habituales a lo largo del d\u00eda | El Digital de Asturias","og:description":"Renfe comenzar\u00e1 este jueves a prestar servicio con las circulaciones de trenes programadas en los servicios m\u00ednimos que ya ten\u00eda fijados ante la jornada de huelga del sindicato de maquinistas Semaf prevista en la empresa, dado que la desconvocatoria de este paro tuvo lugar a \u00faltima hora de la noche de este mi\u00e9rcoles. No obstante,","og:url":"https:\/\/eldigitaldeasturias.com\/magazine365\/renfe-arranca-este-jueves-con-los-servicios-minimos-y-recuperara-los-habituales-a-lo-largo-del-dia\/","og:image":"https:\/\/eldigitaldeasturias.com\/magazine365\/wp-content\/uploads\/2016\/06\/fotonoticia_20160616000523_800.jpg","og:image:secure_url":"https:\/\/eldigitaldeasturias.com\/magazine365\/wp-content\/uploads\/2016\/06\/fotonoticia_20160616000523_800.jpg","og:image:width":800,"og:image:height":536,"article:published_time":"2016-06-16T10:57:32+00:00","article:modified_time":"2016-06-16T10:57:32+00:00","twitter:card":"summary_large_image","twitter:title":"Renfe arranca este jueves con los servicios m\u00ednimos y recuperar\u00e1 los habituales a lo largo del d\u00eda | El Digital de Asturias","twitter:description":"Renfe comenzar\u00e1 este jueves a prestar servicio con las circulaciones de trenes programadas en los servicios m\u00ednimos que ya ten\u00eda fijados ante la jornada de huelga del sindicato de maquinistas Semaf prevista en la empresa, dado que la desconvocatoria de este paro tuvo lugar a \u00faltima hora de la noche de este mi\u00e9rcoles. No obstante,","twitter:image":"https:\/\/eldigitaldeasturias.com\/magazine365\/wp-content\/uploads\/2016\/06\/fotonoticia_20160616000523_800.jpg"},"aioseo_meta_data":{"post_id":"79574","title":null,"description":null,"keywords":null,"keyphrases":null,"primary_term":null,"canonical_url":null,"og_title":null,"og_description":null,"og_object_type":"default","og_image_type":"default","og_image_url":null,"og_image_width":null,"og_image_height":null,"og_image_custom_url":null,"og_image_custom_fields":null,"og_video":null,"og_custom_url":null,"og_article_section":null,"og_article_tags":null,"twitter_use_og":false,"twitter_card":"default","twitter_image_type":"default","twitter_image_url":null,"twitter_image_custom_url":null,"twitter_image_custom_fields":null,"twitter_title":null,"twitter_description":null,"schema":{"blockGraphs":[],"customGraphs":[],"default":{"data":{"Article":[],"Course":[],"Dataset":[],"FAQPage":[],"Movie":[],"Person":[],"Product":[],"ProductReview":[],"Car":[],"Recipe":[],"Service":[],"SoftwareApplication":[],"WebPage":[]},"graphName":"","isEnabled":true},"graphs":[],"defaultGraph":"","defaultPostTypeGraph":""},"schema_type":null,"schema_type_options":null,"pillar_content":false,"robots_default":true,"robots_noindex":false,"robots_noarchive":false,"robots_nosnippet":false,"robots_nofollow":false,"robots_noimageindex":false,"robots_noodp":false,"robots_notranslate":false,"robots_max_snippet":null,"robots_max_videopreview":null,"robots_max_imagepreview":"large","priority":null,"frequency":null,"location":null,"local_seo":null,"seo_analyzer_scan_date":"2025-09-27 19:11:42","breadcrumb_settings":null,"limit_modified_date":false,"open_ai":null,"ai":null,"created":"2021-03-08 17:47:25","updated":"2025-09-27 19:11:42"},"aioseo_breadcrumb":"<div class=\"aioseo-breadcrumbs\"><span class=\"aioseo-breadcrumb\">\n\t<a href=\"https:\/\/eldigitaldeasturias.com\/magazine365\" title=\"Home\">Home<\/a>\n<\/span><span class=\"aioseo-breadcrumb-separator\">\u2013<\/span><span class=\"aioseo-breadcrumb\">\n\t<a href=\"https:\/\/eldigitaldeasturias.com\/magazine365\/category\/noticias-actualidad\/\" title=\"Noticias y Actualidad\">Noticias y Actualidad<\/a>\n<\/span><span class=\"aioseo-breadcrumb-separator\">\u2013<\/span><span class=\"aioseo-breadcrumb\">\n\t<a href=\"https:\/\/eldigitaldeasturias.com\/magazine365\/renfe-arranca-este-jueves-con-los-servicios-minimos-y-recuperara-los-habituales-a-lo-largo-del-dia\/\" title=\"Renfe arranca este jueves con los servicios m\u00ednimos y recuperar\u00e1 los habituales a lo largo del d\u00eda\">Renfe arranca este jueves con los servicios m\u00ednimos y recuperar\u00e1 los habituales a lo largo del d\u00eda<\/a>\n<\/span><\/div>","aioseo_breadcrumb_json":[{"label":"Home","link":"https:\/\/eldigitaldeasturias.com\/magazine365"},{"label":"Noticias y Actualidad","link":"https:\/\/eldigitaldeasturias.com\/magazine365\/category\/noticias-actualidad\/"},{"label":"Renfe arranca este jueves con los servicios m\u00ednimos y recuperar\u00e1 los habituales a lo largo del d\u00eda","link":"https:\/\/eldigitaldeasturias.com\/magazine365\/renfe-arranca-este-jueves-con-los-servicios-minimos-y-recuperara-los-habituales-a-lo-largo-del-dia\/"}],"_links":{"self":[{"href":"https:\/\/eldigitaldeasturias.com\/magazine365\/wp-json\/wp\/v2\/posts\/79574","targetHints":{"allow":["GET"]}}],"collection":[{"href":"https:\/\/eldigitaldeasturias.com\/magazine365\/wp-json\/wp\/v2\/posts"}],"about":[{"href":"https:\/\/eldigitaldeasturias.com\/magazine365\/wp-json\/wp\/v2\/types\/post"}],"author":[{"embeddable":true,"href":"https:\/\/eldigitaldeasturias.com\/magazine365\/wp-json\/wp\/v2\/users\/1"}],"replies":[{"embeddable":true,"href":"https:\/\/eldigitaldeasturias.com\/magazine365\/wp-json\/wp\/v2\/comments?post=79574"}],"version-history":[{"count":0,"href":"https:\/\/eldigitaldeasturias.com\/magazine365\/wp-json\/wp\/v2\/posts\/79574\/revisions"}],"wp:featuredmedia":[{"embeddable":true,"href":"https:\/\/eldigitaldeasturias.com\/magazine365\/wp-json\/wp\/v2\/media\/79575"}],"wp:attachment":[{"href":"https:\/\/eldigitaldeasturias.com\/magazine365\/wp-json\/wp\/v2\/media?parent=79574"}],"wp:term":[{"taxonomy":"category","embeddable":true,"href":"https:\/\/eldigitaldeasturias.com\/magazine365\/wp-json\/wp\/v2\/categories?post=79574"},{"taxonomy":"post_tag","embeddable":true,"href":"https:\/\/eldigitaldeasturias.com\/magazine365\/wp-json\/wp\/v2\/tags?post=79574"}],"curies":[{"name":"wp","href":"https:\/\/api.w.org\/{rel}","templated":true}]}}