{"id":79557,"date":"2016-06-15T23:40:31","date_gmt":"2016-06-15T21:40:31","guid":{"rendered":"http:\/\/eldigitaldeasturias.com\/magazine365\/?p=79557"},"modified":"2016-06-15T23:40:31","modified_gmt":"2016-06-15T21:40:31","slug":"paradores-inaugura-una-exposicion-sobre-arte-geometrico-en-el-parador-de-segovia","status":"publish","type":"post","link":"https:\/\/eldigitaldeasturias.com\/magazine365\/paradores-inaugura-una-exposicion-sobre-arte-geometrico-en-el-parador-de-segovia\/","title":{"rendered":"Paradores inaugura una exposici\u00f3n sobre arte geom\u00e9trico en el parador de Segovia"},"content":{"rendered":"<p><img fetchpriority=\"high\" decoding=\"async\" class=\"alignleft size-medium wp-image-79558\" src=\"https:\/\/eldigitaldeasturias.com\/magazine365\/wp-content\/uploads\/2016\/06\/fotonoticia_20160615192555_800-360x240.jpg\" alt=\"fotonoticia_20160615192555_800\" width=\"360\" height=\"240\" srcset=\"https:\/\/eldigitaldeasturias.com\/magazine365\/wp-content\/uploads\/2016\/06\/fotonoticia_20160615192555_800-360x240.jpg 360w, https:\/\/eldigitaldeasturias.com\/magazine365\/wp-content\/uploads\/2016\/06\/fotonoticia_20160615192555_800-650x433.jpg 650w, https:\/\/eldigitaldeasturias.com\/magazine365\/wp-content\/uploads\/2016\/06\/fotonoticia_20160615192555_800-768x512.jpg 768w, https:\/\/eldigitaldeasturias.com\/magazine365\/wp-content\/uploads\/2016\/06\/fotonoticia_20160615192555_800-150x100.jpg 150w, https:\/\/eldigitaldeasturias.com\/magazine365\/wp-content\/uploads\/2016\/06\/fotonoticia_20160615192555_800-450x300.jpg 450w, https:\/\/eldigitaldeasturias.com\/magazine365\/wp-content\/uploads\/2016\/06\/fotonoticia_20160615192555_800-101x66.jpg 101w, https:\/\/eldigitaldeasturias.com\/magazine365\/wp-content\/uploads\/2016\/06\/fotonoticia_20160615192555_800.jpg 800w\" sizes=\"(max-width: 360px) 100vw, 360px\" \/>La presidenta y consejera delegada de Paradores de Turismo, \u00c1ngeles Alarc\u00f3, ha inaugurado este mi\u00e9rcoles en el parador de la red en Segovia la exposici\u00f3n permanente &#8216;Arte Geom\u00e9trico&#8217;, una apuesta por consolidar la oferta cultural de dicho establecimiento como complemento a la de la ciudad.<\/p>\n<p>Durante el acto, que ha contado con la participaci\u00f3n de la presidenta de las Cortes de Castilla y Le\u00f3n, Silvia Clemente, la presidenta de Paradores ha subrayado que esta acci\u00f3n \u00abampl\u00eda la oferta de la ciudad y promueve el turismo cultural\u00bb.<\/p>\n<p>El objetivo de Paradores, explic\u00f3 Alarc\u00f3, es potenciar el patrimonio cultural espa\u00f1ol, como instrumento de pol\u00edtica tur\u00edstica, que proyecta \u00abla imagen de modernidad y calidad de nuestro turismo en el exterior y que contribuye a la integraci\u00f3n territorial, a la recuperaci\u00f3n y mantenimiento del Patrimonio Hist\u00f3rico-Art\u00edstico de nuestro pa\u00eds\u00bb.<\/p>\n<p>Asimismo, contribuir a la preservaci\u00f3n y disfrute de espacios naturales, siendo a la vez \u00abel motor del conjunto de las acciones dinamizadoras de zonas con reducido movimiento tur\u00edstico o econ\u00f3mico\u00bb.<\/p>\n<p>De su lado, Clemente ha felicitado a Paradores por poner en marcha la iniciativa cultural para dar a conocer la colecci\u00f3n de obras de arte contempor\u00e1neo que posee Paradores en torno al movimiento art\u00edstico del constructivismo o arte geom\u00e9trico y, en especial, por escoger el Parador segoviano.<\/p>\n<p>\u00abHay que destacar el acierto de elegir el Parador de Segovia teniendo en cuenta la singularidad y la influencia del mundo geom\u00e9trico en el dise\u00f1o de este edificio, que permite generar un hilo conductor y crear un espacio de di\u00e1logo con la propuesta art\u00edstica que representan las obras expuestas. En definitiva, una perfecta simbiosis entre continente y contenido\u00bb, ha se\u00f1alado.<\/p>\n<h2 class=\"ladillo\">APROVECHAR LOS RECURSOS DE LOS TERRITORIOS<\/h2>\n<p>La presidenta del Parlamento auton\u00f3mico ha resaltado tambi\u00e9n la apuesta de Paradores por el turismo de calidad y por aprovechar los recursos con los que cuenta el territorio en el que trabaja, como el patrimonio cultural y art\u00edstico.<\/p>\n<p>As\u00ed, ha se\u00f1alado que \u00abel valor de las pol\u00edticas p\u00fablicas es conseguir que las actividades econ\u00f3micas se produzcan en los sitios donde mayores dificultades hay para hacerlo, para conseguir la sostenibilidad de un territorio. Y esa es una pol\u00edtica que ha desarrollado Paradores y que hay que agradecerles\u00bb, ha concluido.<\/p>\n<p>La gesti\u00f3n del Patrimonio Art\u00edstico de Paradores se ha enfocado en revalorizar su colecci\u00f3n art\u00edstica re-organizando la misma en peque\u00f1as series por movimientos art\u00edsticos o tem\u00e1ticas entorno a los Paradores.<\/p>\n<p>Tras la primera acci\u00f3n desarrollada en el Parador de Aiguablava, que acoge una muestra de arte contempor\u00e1neo catal\u00e1n en consonancia con su edificio y ubicaci\u00f3n, se han desarrollado otras propuestas en el Parador de Ronda con la exposici\u00f3n de obras de tem\u00e1tica taurina o el Parador de Sig\u00fcenza con una colecci\u00f3n de ba\u00fales.<\/p>\n<h2 class=\"ladillo\">ARTE GEOM\u00c9TRICO<\/h2>\n<p>La colecci\u00f3n que se inaugura en Segovia con obras constructivistas o de arte geom\u00e9trico, son el resultado de un movimiento que surge en Rusia en 1914. Tanto en el \u00e1mbito internacional como en Espa\u00f1a, las tendencias geom\u00e9tricas tienen \u00e9xito en la d\u00e9cada de los sesenta. En nuestro pa\u00eds coincide con el esplendor de las tendencias informalistas, pero aunque no tan conocida, la abstracci\u00f3n geom\u00e9trica es fundamental en el panorama art\u00edstico de esa \u00e9poca.<\/p>\n<p>En esta muestra comisariada por el artista Juli\u00e1n Gil, se re\u00fanen un importante elenco de artistas representantes de este movimiento: Pablo Palazuelo, Jos\u00e9 Luis G\u00f3mez Perales, Jos\u00e9 Mar\u00eda Yturralde, Jorge Teixidor, Salvador Victoria, Luis Caruncho, Eusebio Sempere, Juli\u00e1n Casado, Jos\u00e9 Mar\u00eda de Labra, Jos\u00e9 Mar\u00eda Iglesias, Joaqu\u00edn Michavila, Gerardo Rueda o Juli\u00e1n Gil.<\/p>\n","protected":false},"excerpt":{"rendered":"<p>La presidenta y consejera delegada de Paradores de Turismo, \u00c1ngeles Alarc\u00f3, ha inaugurado este mi\u00e9rcoles en el parador de la red en Segovia la exposici\u00f3n permanente &#8216;Arte Geom\u00e9trico&#8217;, una apuesta por consolidar la oferta cultural de dicho establecimiento como complemento a la de la ciudad. Durante el acto, que ha contado con la participaci\u00f3n de<\/p>\n","protected":false},"author":1,"featured_media":79558,"comment_status":"open","ping_status":"closed","sticky":false,"template":"","format":"standard","meta":{"footnotes":""},"categories":[224],"tags":[],"class_list":{"0":"post-79557","1":"post","2":"type-post","3":"status-publish","4":"format-standard","5":"has-post-thumbnail","7":"category-noticias-actualidad"},"aioseo_notices":[],"aioseo_head":"\n\t\t<!-- All in One SEO Pro 4.9.6.1 - aioseo.com -->\n\t<meta name=\"description\" content=\"La presidenta y consejera delegada de Paradores de Turismo, \u00c1ngeles Alarc\u00f3, ha inaugurado este mi\u00e9rcoles en el parador de la red en Segovia la exposici\u00f3n permanente &#039;Arte Geom\u00e9trico&#039;, una apuesta por consolidar la oferta cultural de dicho establecimiento como complemento a la de la ciudad. Durante el acto, que ha contado con la participaci\u00f3n de\" \/>\n\t<meta name=\"robots\" content=\"max-image-preview:large\" \/>\n\t<meta name=\"author\" content=\"admin\"\/>\n\t<meta name=\"google-site-verification\" content=\"UA-38556648-1\" \/>\n\t<meta name=\"keywords\" content=\"noticias y actualidad\" \/>\n\t<link rel=\"canonical\" href=\"https:\/\/eldigitaldeasturias.com\/magazine365\/paradores-inaugura-una-exposicion-sobre-arte-geometrico-en-el-parador-de-segovia\/\" \/>\n\t<meta name=\"generator\" content=\"All in One SEO Pro (AIOSEO) 4.9.6.1\" \/>\n\t\t<meta property=\"og:locale\" content=\"es_ES\" \/>\n\t\t<meta property=\"og:site_name\" content=\"El Digital de Asturias \u2013 Revista de ocio, turismo y estilo de vida\" \/>\n\t\t<meta property=\"og:type\" content=\"article\" \/>\n\t\t<meta property=\"og:title\" content=\"Paradores inaugura una exposici\u00f3n sobre arte geom\u00e9trico en el parador de Segovia | El Digital de Asturias\" \/>\n\t\t<meta property=\"og:description\" content=\"La presidenta y consejera delegada de Paradores de Turismo, \u00c1ngeles Alarc\u00f3, ha inaugurado este mi\u00e9rcoles en el parador de la red en Segovia la exposici\u00f3n permanente &#039;Arte Geom\u00e9trico&#039;, una apuesta por consolidar la oferta cultural de dicho establecimiento como complemento a la de la ciudad. Durante el acto, que ha contado con la participaci\u00f3n de\" \/>\n\t\t<meta property=\"og:url\" content=\"https:\/\/eldigitaldeasturias.com\/magazine365\/paradores-inaugura-una-exposicion-sobre-arte-geometrico-en-el-parador-de-segovia\/\" \/>\n\t\t<meta property=\"og:image\" content=\"https:\/\/eldigitaldeasturias.com\/magazine365\/wp-content\/uploads\/2016\/06\/fotonoticia_20160615192555_800.jpg\" \/>\n\t\t<meta property=\"og:image:secure_url\" content=\"https:\/\/eldigitaldeasturias.com\/magazine365\/wp-content\/uploads\/2016\/06\/fotonoticia_20160615192555_800.jpg\" \/>\n\t\t<meta property=\"og:image:width\" content=\"800\" \/>\n\t\t<meta property=\"og:image:height\" content=\"533\" \/>\n\t\t<meta property=\"article:published_time\" content=\"2016-06-15T21:40:31+00:00\" \/>\n\t\t<meta property=\"article:modified_time\" content=\"2016-06-15T21:40:31+00:00\" \/>\n\t\t<meta name=\"twitter:card\" content=\"summary_large_image\" \/>\n\t\t<meta name=\"twitter:title\" content=\"Paradores inaugura una exposici\u00f3n sobre arte geom\u00e9trico en el parador de Segovia | El Digital de Asturias\" \/>\n\t\t<meta name=\"twitter:description\" content=\"La presidenta y consejera delegada de Paradores de Turismo, \u00c1ngeles Alarc\u00f3, ha inaugurado este mi\u00e9rcoles en el parador de la red en Segovia la exposici\u00f3n permanente &#039;Arte Geom\u00e9trico&#039;, una apuesta por consolidar la oferta cultural de dicho establecimiento como complemento a la de la ciudad. Durante el acto, que ha contado con la participaci\u00f3n de\" \/>\n\t\t<meta name=\"twitter:image\" content=\"https:\/\/eldigitaldeasturias.com\/magazine365\/wp-content\/uploads\/2016\/06\/fotonoticia_20160615192555_800.jpg\" \/>\n\t\t<script type=\"application\/ld+json\" class=\"aioseo-schema\">\n\t\t\t{\"@context\":\"https:\\\/\\\/schema.org\",\"@graph\":[{\"@type\":\"Article\",\"@id\":\"https:\\\/\\\/eldigitaldeasturias.com\\\/magazine365\\\/paradores-inaugura-una-exposicion-sobre-arte-geometrico-en-el-parador-de-segovia\\\/#article\",\"name\":\"Paradores inaugura una exposici\\u00f3n sobre arte geom\\u00e9trico en el parador de Segovia | El Digital de Asturias\",\"headline\":\"Paradores inaugura una exposici\\u00f3n sobre arte geom\\u00e9trico en el parador de Segovia\",\"author\":{\"@id\":\"https:\\\/\\\/eldigitaldeasturias.com\\\/magazine365\\\/author\\\/admin\\\/#author\"},\"publisher\":{\"@id\":\"https:\\\/\\\/eldigitaldeasturias.com\\\/magazine365\\\/#organization\"},\"image\":{\"@type\":\"ImageObject\",\"url\":\"https:\\\/\\\/eldigitaldeasturias.com\\\/magazine365\\\/wp-content\\\/uploads\\\/2016\\\/06\\\/fotonoticia_20160615192555_800.jpg\",\"width\":800,\"height\":533},\"datePublished\":\"2016-06-15T23:40:31+02:00\",\"dateModified\":\"2016-06-15T23:40:31+02:00\",\"inLanguage\":\"es-ES\",\"mainEntityOfPage\":{\"@id\":\"https:\\\/\\\/eldigitaldeasturias.com\\\/magazine365\\\/paradores-inaugura-una-exposicion-sobre-arte-geometrico-en-el-parador-de-segovia\\\/#webpage\"},\"isPartOf\":{\"@id\":\"https:\\\/\\\/eldigitaldeasturias.com\\\/magazine365\\\/paradores-inaugura-una-exposicion-sobre-arte-geometrico-en-el-parador-de-segovia\\\/#webpage\"},\"articleSection\":\"Noticias y Actualidad\"},{\"@type\":\"BreadcrumbList\",\"@id\":\"https:\\\/\\\/eldigitaldeasturias.com\\\/magazine365\\\/paradores-inaugura-una-exposicion-sobre-arte-geometrico-en-el-parador-de-segovia\\\/#breadcrumblist\",\"itemListElement\":[{\"@type\":\"ListItem\",\"@id\":\"https:\\\/\\\/eldigitaldeasturias.com\\\/magazine365#listItem\",\"position\":1,\"name\":\"Home\",\"item\":\"https:\\\/\\\/eldigitaldeasturias.com\\\/magazine365\",\"nextItem\":{\"@type\":\"ListItem\",\"@id\":\"https:\\\/\\\/eldigitaldeasturias.com\\\/magazine365\\\/category\\\/noticias-actualidad\\\/#listItem\",\"name\":\"Noticias y Actualidad\"}},{\"@type\":\"ListItem\",\"@id\":\"https:\\\/\\\/eldigitaldeasturias.com\\\/magazine365\\\/category\\\/noticias-actualidad\\\/#listItem\",\"position\":2,\"name\":\"Noticias y Actualidad\",\"item\":\"https:\\\/\\\/eldigitaldeasturias.com\\\/magazine365\\\/category\\\/noticias-actualidad\\\/\",\"nextItem\":{\"@type\":\"ListItem\",\"@id\":\"https:\\\/\\\/eldigitaldeasturias.com\\\/magazine365\\\/paradores-inaugura-una-exposicion-sobre-arte-geometrico-en-el-parador-de-segovia\\\/#listItem\",\"name\":\"Paradores inaugura una exposici\\u00f3n sobre arte geom\\u00e9trico en el parador de Segovia\"},\"previousItem\":{\"@type\":\"ListItem\",\"@id\":\"https:\\\/\\\/eldigitaldeasturias.com\\\/magazine365#listItem\",\"name\":\"Home\"}},{\"@type\":\"ListItem\",\"@id\":\"https:\\\/\\\/eldigitaldeasturias.com\\\/magazine365\\\/paradores-inaugura-una-exposicion-sobre-arte-geometrico-en-el-parador-de-segovia\\\/#listItem\",\"position\":3,\"name\":\"Paradores inaugura una exposici\\u00f3n sobre arte geom\\u00e9trico en el parador de Segovia\",\"previousItem\":{\"@type\":\"ListItem\",\"@id\":\"https:\\\/\\\/eldigitaldeasturias.com\\\/magazine365\\\/category\\\/noticias-actualidad\\\/#listItem\",\"name\":\"Noticias y Actualidad\"}}]},{\"@type\":\"Organization\",\"@id\":\"https:\\\/\\\/eldigitaldeasturias.com\\\/magazine365\\\/#organization\",\"name\":\"El digital de Asturias\",\"description\":\"Revista de ocio, turismo y estilo de vida\",\"url\":\"https:\\\/\\\/eldigitaldeasturias.com\\\/magazine365\\\/\",\"logo\":{\"@type\":\"ImageObject\",\"url\":\"https:\\\/\\\/www.eldigitaldeasturias.com\\\/noticias\\\/wp-content\\\/uploads\\\/2020\\\/12\\\/EDA.jpg\",\"@id\":\"https:\\\/\\\/eldigitaldeasturias.com\\\/magazine365\\\/paradores-inaugura-una-exposicion-sobre-arte-geometrico-en-el-parador-de-segovia\\\/#organizationLogo\"},\"image\":{\"@id\":\"https:\\\/\\\/eldigitaldeasturias.com\\\/magazine365\\\/paradores-inaugura-una-exposicion-sobre-arte-geometrico-en-el-parador-de-segovia\\\/#organizationLogo\"}},{\"@type\":\"Person\",\"@id\":\"https:\\\/\\\/eldigitaldeasturias.com\\\/magazine365\\\/author\\\/admin\\\/#author\",\"url\":\"https:\\\/\\\/eldigitaldeasturias.com\\\/magazine365\\\/author\\\/admin\\\/\",\"name\":\"admin\",\"image\":{\"@type\":\"ImageObject\",\"@id\":\"https:\\\/\\\/eldigitaldeasturias.com\\\/magazine365\\\/paradores-inaugura-una-exposicion-sobre-arte-geometrico-en-el-parador-de-segovia\\\/#authorImage\",\"url\":\"https:\\\/\\\/eldigitaldeasturias.com\\\/magazine365\\\/wp-content\\\/litespeed\\\/avatar\\\/e571bcf59a0edd6fa6838245a470f2fe.jpg?ver=1776969259\",\"width\":96,\"height\":96,\"caption\":\"admin\"}},{\"@type\":\"WebPage\",\"@id\":\"https:\\\/\\\/eldigitaldeasturias.com\\\/magazine365\\\/paradores-inaugura-una-exposicion-sobre-arte-geometrico-en-el-parador-de-segovia\\\/#webpage\",\"url\":\"https:\\\/\\\/eldigitaldeasturias.com\\\/magazine365\\\/paradores-inaugura-una-exposicion-sobre-arte-geometrico-en-el-parador-de-segovia\\\/\",\"name\":\"Paradores inaugura una exposici\\u00f3n sobre arte geom\\u00e9trico en el parador de Segovia | El Digital de Asturias\",\"description\":\"La presidenta y consejera delegada de Paradores de Turismo, \\u00c1ngeles Alarc\\u00f3, ha inaugurado este mi\\u00e9rcoles en el parador de la red en Segovia la exposici\\u00f3n permanente 'Arte Geom\\u00e9trico', una apuesta por consolidar la oferta cultural de dicho establecimiento como complemento a la de la ciudad. Durante el acto, que ha contado con la participaci\\u00f3n de\",\"inLanguage\":\"es-ES\",\"isPartOf\":{\"@id\":\"https:\\\/\\\/eldigitaldeasturias.com\\\/magazine365\\\/#website\"},\"breadcrumb\":{\"@id\":\"https:\\\/\\\/eldigitaldeasturias.com\\\/magazine365\\\/paradores-inaugura-una-exposicion-sobre-arte-geometrico-en-el-parador-de-segovia\\\/#breadcrumblist\"},\"author\":{\"@id\":\"https:\\\/\\\/eldigitaldeasturias.com\\\/magazine365\\\/author\\\/admin\\\/#author\"},\"creator\":{\"@id\":\"https:\\\/\\\/eldigitaldeasturias.com\\\/magazine365\\\/author\\\/admin\\\/#author\"},\"image\":{\"@type\":\"ImageObject\",\"url\":\"https:\\\/\\\/eldigitaldeasturias.com\\\/magazine365\\\/wp-content\\\/uploads\\\/2016\\\/06\\\/fotonoticia_20160615192555_800.jpg\",\"@id\":\"https:\\\/\\\/eldigitaldeasturias.com\\\/magazine365\\\/paradores-inaugura-una-exposicion-sobre-arte-geometrico-en-el-parador-de-segovia\\\/#mainImage\",\"width\":800,\"height\":533},\"primaryImageOfPage\":{\"@id\":\"https:\\\/\\\/eldigitaldeasturias.com\\\/magazine365\\\/paradores-inaugura-una-exposicion-sobre-arte-geometrico-en-el-parador-de-segovia\\\/#mainImage\"},\"datePublished\":\"2016-06-15T23:40:31+02:00\",\"dateModified\":\"2016-06-15T23:40:31+02:00\"},{\"@type\":\"WebSite\",\"@id\":\"https:\\\/\\\/eldigitaldeasturias.com\\\/magazine365\\\/#website\",\"url\":\"https:\\\/\\\/eldigitaldeasturias.com\\\/magazine365\\\/\",\"name\":\"El Digital de Asturias\",\"description\":\"Revista de ocio, turismo y estilo de vida\",\"inLanguage\":\"es-ES\",\"publisher\":{\"@id\":\"https:\\\/\\\/eldigitaldeasturias.com\\\/magazine365\\\/#organization\"}}]}\n\t\t<\/script>\n\t\t<!-- All in One SEO Pro -->\r\n\t\t<title>Paradores inaugura una exposici\u00f3n sobre arte geom\u00e9trico en el parador de Segovia | El Digital de Asturias<\/title>\n\n","aioseo_head_json":{"title":"Paradores inaugura una exposici\u00f3n sobre arte geom\u00e9trico en el parador de Segovia | El Digital de Asturias","description":"La presidenta y consejera delegada de Paradores de Turismo, \u00c1ngeles Alarc\u00f3, ha inaugurado este mi\u00e9rcoles en el parador de la red en Segovia la exposici\u00f3n permanente 'Arte Geom\u00e9trico', una apuesta por consolidar la oferta cultural de dicho establecimiento como complemento a la de la ciudad. Durante el acto, que ha contado con la participaci\u00f3n de","canonical_url":"https:\/\/eldigitaldeasturias.com\/magazine365\/paradores-inaugura-una-exposicion-sobre-arte-geometrico-en-el-parador-de-segovia\/","robots":"max-image-preview:large","keywords":"noticias y actualidad","webmasterTools":{"google-site-verification":"UA-38556648-1","miscellaneous":""},"schema":{"@context":"https:\/\/schema.org","@graph":[{"@type":"Article","@id":"https:\/\/eldigitaldeasturias.com\/magazine365\/paradores-inaugura-una-exposicion-sobre-arte-geometrico-en-el-parador-de-segovia\/#article","name":"Paradores inaugura una exposici\u00f3n sobre arte geom\u00e9trico en el parador de Segovia | El Digital de Asturias","headline":"Paradores inaugura una exposici\u00f3n sobre arte geom\u00e9trico en el parador de Segovia","author":{"@id":"https:\/\/eldigitaldeasturias.com\/magazine365\/author\/admin\/#author"},"publisher":{"@id":"https:\/\/eldigitaldeasturias.com\/magazine365\/#organization"},"image":{"@type":"ImageObject","url":"https:\/\/eldigitaldeasturias.com\/magazine365\/wp-content\/uploads\/2016\/06\/fotonoticia_20160615192555_800.jpg","width":800,"height":533},"datePublished":"2016-06-15T23:40:31+02:00","dateModified":"2016-06-15T23:40:31+02:00","inLanguage":"es-ES","mainEntityOfPage":{"@id":"https:\/\/eldigitaldeasturias.com\/magazine365\/paradores-inaugura-una-exposicion-sobre-arte-geometrico-en-el-parador-de-segovia\/#webpage"},"isPartOf":{"@id":"https:\/\/eldigitaldeasturias.com\/magazine365\/paradores-inaugura-una-exposicion-sobre-arte-geometrico-en-el-parador-de-segovia\/#webpage"},"articleSection":"Noticias y Actualidad"},{"@type":"BreadcrumbList","@id":"https:\/\/eldigitaldeasturias.com\/magazine365\/paradores-inaugura-una-exposicion-sobre-arte-geometrico-en-el-parador-de-segovia\/#breadcrumblist","itemListElement":[{"@type":"ListItem","@id":"https:\/\/eldigitaldeasturias.com\/magazine365#listItem","position":1,"name":"Home","item":"https:\/\/eldigitaldeasturias.com\/magazine365","nextItem":{"@type":"ListItem","@id":"https:\/\/eldigitaldeasturias.com\/magazine365\/category\/noticias-actualidad\/#listItem","name":"Noticias y Actualidad"}},{"@type":"ListItem","@id":"https:\/\/eldigitaldeasturias.com\/magazine365\/category\/noticias-actualidad\/#listItem","position":2,"name":"Noticias y Actualidad","item":"https:\/\/eldigitaldeasturias.com\/magazine365\/category\/noticias-actualidad\/","nextItem":{"@type":"ListItem","@id":"https:\/\/eldigitaldeasturias.com\/magazine365\/paradores-inaugura-una-exposicion-sobre-arte-geometrico-en-el-parador-de-segovia\/#listItem","name":"Paradores inaugura una exposici\u00f3n sobre arte geom\u00e9trico en el parador de Segovia"},"previousItem":{"@type":"ListItem","@id":"https:\/\/eldigitaldeasturias.com\/magazine365#listItem","name":"Home"}},{"@type":"ListItem","@id":"https:\/\/eldigitaldeasturias.com\/magazine365\/paradores-inaugura-una-exposicion-sobre-arte-geometrico-en-el-parador-de-segovia\/#listItem","position":3,"name":"Paradores inaugura una exposici\u00f3n sobre arte geom\u00e9trico en el parador de Segovia","previousItem":{"@type":"ListItem","@id":"https:\/\/eldigitaldeasturias.com\/magazine365\/category\/noticias-actualidad\/#listItem","name":"Noticias y Actualidad"}}]},{"@type":"Organization","@id":"https:\/\/eldigitaldeasturias.com\/magazine365\/#organization","name":"El digital de Asturias","description":"Revista de ocio, turismo y estilo de vida","url":"https:\/\/eldigitaldeasturias.com\/magazine365\/","logo":{"@type":"ImageObject","url":"https:\/\/www.eldigitaldeasturias.com\/noticias\/wp-content\/uploads\/2020\/12\/EDA.jpg","@id":"https:\/\/eldigitaldeasturias.com\/magazine365\/paradores-inaugura-una-exposicion-sobre-arte-geometrico-en-el-parador-de-segovia\/#organizationLogo"},"image":{"@id":"https:\/\/eldigitaldeasturias.com\/magazine365\/paradores-inaugura-una-exposicion-sobre-arte-geometrico-en-el-parador-de-segovia\/#organizationLogo"}},{"@type":"Person","@id":"https:\/\/eldigitaldeasturias.com\/magazine365\/author\/admin\/#author","url":"https:\/\/eldigitaldeasturias.com\/magazine365\/author\/admin\/","name":"admin","image":{"@type":"ImageObject","@id":"https:\/\/eldigitaldeasturias.com\/magazine365\/paradores-inaugura-una-exposicion-sobre-arte-geometrico-en-el-parador-de-segovia\/#authorImage","url":"https:\/\/eldigitaldeasturias.com\/magazine365\/wp-content\/litespeed\/avatar\/e571bcf59a0edd6fa6838245a470f2fe.jpg?ver=1776969259","width":96,"height":96,"caption":"admin"}},{"@type":"WebPage","@id":"https:\/\/eldigitaldeasturias.com\/magazine365\/paradores-inaugura-una-exposicion-sobre-arte-geometrico-en-el-parador-de-segovia\/#webpage","url":"https:\/\/eldigitaldeasturias.com\/magazine365\/paradores-inaugura-una-exposicion-sobre-arte-geometrico-en-el-parador-de-segovia\/","name":"Paradores inaugura una exposici\u00f3n sobre arte geom\u00e9trico en el parador de Segovia | El Digital de Asturias","description":"La presidenta y consejera delegada de Paradores de Turismo, \u00c1ngeles Alarc\u00f3, ha inaugurado este mi\u00e9rcoles en el parador de la red en Segovia la exposici\u00f3n permanente 'Arte Geom\u00e9trico', una apuesta por consolidar la oferta cultural de dicho establecimiento como complemento a la de la ciudad. Durante el acto, que ha contado con la participaci\u00f3n de","inLanguage":"es-ES","isPartOf":{"@id":"https:\/\/eldigitaldeasturias.com\/magazine365\/#website"},"breadcrumb":{"@id":"https:\/\/eldigitaldeasturias.com\/magazine365\/paradores-inaugura-una-exposicion-sobre-arte-geometrico-en-el-parador-de-segovia\/#breadcrumblist"},"author":{"@id":"https:\/\/eldigitaldeasturias.com\/magazine365\/author\/admin\/#author"},"creator":{"@id":"https:\/\/eldigitaldeasturias.com\/magazine365\/author\/admin\/#author"},"image":{"@type":"ImageObject","url":"https:\/\/eldigitaldeasturias.com\/magazine365\/wp-content\/uploads\/2016\/06\/fotonoticia_20160615192555_800.jpg","@id":"https:\/\/eldigitaldeasturias.com\/magazine365\/paradores-inaugura-una-exposicion-sobre-arte-geometrico-en-el-parador-de-segovia\/#mainImage","width":800,"height":533},"primaryImageOfPage":{"@id":"https:\/\/eldigitaldeasturias.com\/magazine365\/paradores-inaugura-una-exposicion-sobre-arte-geometrico-en-el-parador-de-segovia\/#mainImage"},"datePublished":"2016-06-15T23:40:31+02:00","dateModified":"2016-06-15T23:40:31+02:00"},{"@type":"WebSite","@id":"https:\/\/eldigitaldeasturias.com\/magazine365\/#website","url":"https:\/\/eldigitaldeasturias.com\/magazine365\/","name":"El Digital de Asturias","description":"Revista de ocio, turismo y estilo de vida","inLanguage":"es-ES","publisher":{"@id":"https:\/\/eldigitaldeasturias.com\/magazine365\/#organization"}}]},"og:locale":"es_ES","og:site_name":"El Digital de Asturias \u2013 Revista de ocio, turismo y estilo de vida","og:type":"article","og:title":"Paradores inaugura una exposici\u00f3n sobre arte geom\u00e9trico en el parador de Segovia | El Digital de Asturias","og:description":"La presidenta y consejera delegada de Paradores de Turismo, \u00c1ngeles Alarc\u00f3, ha inaugurado este mi\u00e9rcoles en el parador de la red en Segovia la exposici\u00f3n permanente 'Arte Geom\u00e9trico', una apuesta por consolidar la oferta cultural de dicho establecimiento como complemento a la de la ciudad. Durante el acto, que ha contado con la participaci\u00f3n de","og:url":"https:\/\/eldigitaldeasturias.com\/magazine365\/paradores-inaugura-una-exposicion-sobre-arte-geometrico-en-el-parador-de-segovia\/","og:image":"https:\/\/eldigitaldeasturias.com\/magazine365\/wp-content\/uploads\/2016\/06\/fotonoticia_20160615192555_800.jpg","og:image:secure_url":"https:\/\/eldigitaldeasturias.com\/magazine365\/wp-content\/uploads\/2016\/06\/fotonoticia_20160615192555_800.jpg","og:image:width":800,"og:image:height":533,"article:published_time":"2016-06-15T21:40:31+00:00","article:modified_time":"2016-06-15T21:40:31+00:00","twitter:card":"summary_large_image","twitter:title":"Paradores inaugura una exposici\u00f3n sobre arte geom\u00e9trico en el parador de Segovia | El Digital de Asturias","twitter:description":"La presidenta y consejera delegada de Paradores de Turismo, \u00c1ngeles Alarc\u00f3, ha inaugurado este mi\u00e9rcoles en el parador de la red en Segovia la exposici\u00f3n permanente 'Arte Geom\u00e9trico', una apuesta por consolidar la oferta cultural de dicho establecimiento como complemento a la de la ciudad. Durante el acto, que ha contado con la participaci\u00f3n de","twitter:image":"https:\/\/eldigitaldeasturias.com\/magazine365\/wp-content\/uploads\/2016\/06\/fotonoticia_20160615192555_800.jpg"},"aioseo_meta_data":{"post_id":"79557","title":null,"description":null,"keywords":null,"keyphrases":null,"primary_term":null,"canonical_url":null,"og_title":null,"og_description":null,"og_object_type":"default","og_image_type":"default","og_image_url":null,"og_image_width":null,"og_image_height":null,"og_image_custom_url":null,"og_image_custom_fields":null,"og_video":null,"og_custom_url":null,"og_article_section":null,"og_article_tags":null,"twitter_use_og":false,"twitter_card":"default","twitter_image_type":"default","twitter_image_url":null,"twitter_image_custom_url":null,"twitter_image_custom_fields":null,"twitter_title":null,"twitter_description":null,"schema":{"blockGraphs":[],"customGraphs":[],"default":{"data":{"Article":[],"Course":[],"Dataset":[],"FAQPage":[],"Movie":[],"Person":[],"Product":[],"ProductReview":[],"Car":[],"Recipe":[],"Service":[],"SoftwareApplication":[],"WebPage":[]},"graphName":"","isEnabled":true},"graphs":[],"defaultGraph":"","defaultPostTypeGraph":""},"schema_type":null,"schema_type_options":null,"pillar_content":false,"robots_default":true,"robots_noindex":false,"robots_noarchive":false,"robots_nosnippet":false,"robots_nofollow":false,"robots_noimageindex":false,"robots_noodp":false,"robots_notranslate":false,"robots_max_snippet":null,"robots_max_videopreview":null,"robots_max_imagepreview":"large","priority":null,"frequency":null,"location":null,"local_seo":null,"seo_analyzer_scan_date":"2025-09-27 19:10:11","breadcrumb_settings":null,"limit_modified_date":false,"open_ai":null,"ai":null,"created":"2021-03-08 17:47:25","updated":"2025-09-27 19:10:11"},"aioseo_breadcrumb":"<div class=\"aioseo-breadcrumbs\"><span class=\"aioseo-breadcrumb\">\n\t<a href=\"https:\/\/eldigitaldeasturias.com\/magazine365\" title=\"Home\">Home<\/a>\n<\/span><span class=\"aioseo-breadcrumb-separator\">\u2013<\/span><span class=\"aioseo-breadcrumb\">\n\t<a href=\"https:\/\/eldigitaldeasturias.com\/magazine365\/category\/noticias-actualidad\/\" title=\"Noticias y Actualidad\">Noticias y Actualidad<\/a>\n<\/span><span class=\"aioseo-breadcrumb-separator\">\u2013<\/span><span class=\"aioseo-breadcrumb\">\n\t<a href=\"https:\/\/eldigitaldeasturias.com\/magazine365\/paradores-inaugura-una-exposicion-sobre-arte-geometrico-en-el-parador-de-segovia\/\" title=\"Paradores inaugura una exposici\u00f3n sobre arte geom\u00e9trico en el parador de Segovia\">Paradores inaugura una exposici\u00f3n sobre arte geom\u00e9trico en el parador de Segovia<\/a>\n<\/span><\/div>","aioseo_breadcrumb_json":[{"label":"Home","link":"https:\/\/eldigitaldeasturias.com\/magazine365"},{"label":"Noticias y Actualidad","link":"https:\/\/eldigitaldeasturias.com\/magazine365\/category\/noticias-actualidad\/"},{"label":"Paradores inaugura una exposici\u00f3n sobre arte geom\u00e9trico en el parador de Segovia","link":"https:\/\/eldigitaldeasturias.com\/magazine365\/paradores-inaugura-una-exposicion-sobre-arte-geometrico-en-el-parador-de-segovia\/"}],"_links":{"self":[{"href":"https:\/\/eldigitaldeasturias.com\/magazine365\/wp-json\/wp\/v2\/posts\/79557","targetHints":{"allow":["GET"]}}],"collection":[{"href":"https:\/\/eldigitaldeasturias.com\/magazine365\/wp-json\/wp\/v2\/posts"}],"about":[{"href":"https:\/\/eldigitaldeasturias.com\/magazine365\/wp-json\/wp\/v2\/types\/post"}],"author":[{"embeddable":true,"href":"https:\/\/eldigitaldeasturias.com\/magazine365\/wp-json\/wp\/v2\/users\/1"}],"replies":[{"embeddable":true,"href":"https:\/\/eldigitaldeasturias.com\/magazine365\/wp-json\/wp\/v2\/comments?post=79557"}],"version-history":[{"count":0,"href":"https:\/\/eldigitaldeasturias.com\/magazine365\/wp-json\/wp\/v2\/posts\/79557\/revisions"}],"wp:featuredmedia":[{"embeddable":true,"href":"https:\/\/eldigitaldeasturias.com\/magazine365\/wp-json\/wp\/v2\/media\/79558"}],"wp:attachment":[{"href":"https:\/\/eldigitaldeasturias.com\/magazine365\/wp-json\/wp\/v2\/media?parent=79557"}],"wp:term":[{"taxonomy":"category","embeddable":true,"href":"https:\/\/eldigitaldeasturias.com\/magazine365\/wp-json\/wp\/v2\/categories?post=79557"},{"taxonomy":"post_tag","embeddable":true,"href":"https:\/\/eldigitaldeasturias.com\/magazine365\/wp-json\/wp\/v2\/tags?post=79557"}],"curies":[{"name":"wp","href":"https:\/\/api.w.org\/{rel}","templated":true}]}}