{"id":79548,"date":"2016-06-15T23:37:27","date_gmt":"2016-06-15T21:37:27","guid":{"rendered":"http:\/\/eldigitaldeasturias.com\/magazine365\/?p=79548"},"modified":"2016-06-15T23:37:27","modified_gmt":"2016-06-15T21:37:27","slug":"la-alcazaba-de-almeria-inicia-este-jueves-su-horario-de-verano","status":"publish","type":"post","link":"https:\/\/eldigitaldeasturias.com\/magazine365\/la-alcazaba-de-almeria-inicia-este-jueves-su-horario-de-verano\/","title":{"rendered":"La Alcazaba de Almer\u00eda inicia este jueves su horario de verano"},"content":{"rendered":"<p><img fetchpriority=\"high\" decoding=\"async\" class=\"alignleft size-medium wp-image-79549\" src=\"https:\/\/eldigitaldeasturias.com\/magazine365\/wp-content\/uploads\/2016\/06\/fotonoticia_20160615185931_800-360x267.jpg\" alt=\"fotonoticia_20160615185931_800\" width=\"360\" height=\"267\" srcset=\"https:\/\/eldigitaldeasturias.com\/magazine365\/wp-content\/uploads\/2016\/06\/fotonoticia_20160615185931_800-360x267.jpg 360w, https:\/\/eldigitaldeasturias.com\/magazine365\/wp-content\/uploads\/2016\/06\/fotonoticia_20160615185931_800-650x482.jpg 650w, https:\/\/eldigitaldeasturias.com\/magazine365\/wp-content\/uploads\/2016\/06\/fotonoticia_20160615185931_800-768x569.jpg 768w, https:\/\/eldigitaldeasturias.com\/magazine365\/wp-content\/uploads\/2016\/06\/fotonoticia_20160615185931_800-150x111.jpg 150w, https:\/\/eldigitaldeasturias.com\/magazine365\/wp-content\/uploads\/2016\/06\/fotonoticia_20160615185931_800-450x334.jpg 450w, https:\/\/eldigitaldeasturias.com\/magazine365\/wp-content\/uploads\/2016\/06\/fotonoticia_20160615185931_800-338x250.jpg 338w, https:\/\/eldigitaldeasturias.com\/magazine365\/wp-content\/uploads\/2016\/06\/fotonoticia_20160615185931_800-90x67.jpg 90w, https:\/\/eldigitaldeasturias.com\/magazine365\/wp-content\/uploads\/2016\/06\/fotonoticia_20160615185931_800-100x75.jpg 100w, https:\/\/eldigitaldeasturias.com\/magazine365\/wp-content\/uploads\/2016\/06\/fotonoticia_20160615185931_800.jpg 800w\" sizes=\"(max-width: 360px) 100vw, 360px\" \/>El Conjunto Monumental de La Alcazaba de Almer\u00eda comienza este jueves su horario de verano que, al igual que en la anterior temporada estival, pasa a ser de martes a domingo de 9,00 a 15,30 horas y de 19,00 a 22,00 horas, con el fin de evitar las horas de tarde de mayor calor y ofrecer la posibilidad de visitas al atardecer y en horario nocturno.<\/p>\n<p>Dentro del nuevo horario se celebrar\u00e1 la actividad &#8216;Los espacios ocultos de la Alcazaba&#8217; con dos visitas a la Torre de los Espejos y el Saliente el pr\u00f3ximo 25 de junio, con aforo limitado y bajo reserva. El programa se retomar\u00e1 en el mes de septiembre ya que en julio y agosto la programaci\u00f3n del conjunto se centrar\u00e1 en las tardes.<\/p>\n<p>En este sentido, durante este mes tambi\u00e9n se acoger\u00e1n las funciones de las Jornadas de Teatro del Siglo de Oro, que comenzar\u00e1n a las 22,00 horas. Durante los d\u00edas de funci\u00f3n, el monumento permanecer\u00e1 abierto al p\u00fablico de 19,00 a 22,00 horas para la visita libre del primer y segundo recinto, a excepci\u00f3n del festivo 24 y el domingo 26 en los que se mantendr\u00e1 el horario de ma\u00f1ana y se abrir\u00e1 a partir de las 20,00 horas para la recogida de entradas y la asistencia a los espect\u00e1culos.<\/p>\n<p>Durante el mes de mayo en el Conjunto Monumental de la Alcazaba ha registrado 26.231 visitantes, con d\u00edas en los que ha habido d\u00edas de gran afluencia por la celebraci\u00f3n del D\u00eda de los Museos o la llegada al puerto de un gran crucero. En comparaci\u00f3n con el a\u00f1o anterior, han sido casi 14.000 visitantes m\u00e1s, ya que en mayo de 2015 se contabilizaron 12.313.<\/p>\n<p>Desde el mes de enero al mes de mayo de este a\u00f1o, se han contabilizado 26.373 personas m\u00e1s que en el mismo periodo de 2015, lo que supone un aumento de un 32 por ciento con respecto al a\u00f1o pasado. De tal manera, en lo que llevamos de a\u00f1o, ya se han superado los 115.000 visitantes en la Alcazaba.<\/p>\n","protected":false},"excerpt":{"rendered":"<p>El Conjunto Monumental de La Alcazaba de Almer\u00eda comienza este jueves su horario de verano que, al igual que en la anterior temporada estival, pasa a ser de martes a domingo de 9,00 a 15,30 horas y de 19,00 a 22,00 horas, con el fin de evitar las horas de tarde de mayor calor y<\/p>\n","protected":false},"author":1,"featured_media":79549,"comment_status":"open","ping_status":"closed","sticky":false,"template":"","format":"standard","meta":{"footnotes":""},"categories":[224],"tags":[],"class_list":{"0":"post-79548","1":"post","2":"type-post","3":"status-publish","4":"format-standard","5":"has-post-thumbnail","7":"category-noticias-actualidad"},"aioseo_notices":[],"aioseo_head":"\n\t\t<!-- All in One SEO Pro 4.9.6.1 - aioseo.com -->\n\t<meta name=\"description\" content=\"El Conjunto Monumental de La Alcazaba de Almer\u00eda comienza este jueves su horario de verano que, al igual que en la anterior temporada estival, pasa a ser de martes a domingo de 9,00 a 15,30 horas y de 19,00 a 22,00 horas, con el fin de evitar las horas de tarde de mayor calor y\" \/>\n\t<meta name=\"robots\" content=\"max-image-preview:large\" \/>\n\t<meta name=\"author\" content=\"admin\"\/>\n\t<meta name=\"google-site-verification\" content=\"UA-38556648-1\" \/>\n\t<meta name=\"keywords\" content=\"noticias y actualidad\" \/>\n\t<link rel=\"canonical\" href=\"https:\/\/eldigitaldeasturias.com\/magazine365\/la-alcazaba-de-almeria-inicia-este-jueves-su-horario-de-verano\/\" \/>\n\t<meta name=\"generator\" content=\"All in One SEO Pro (AIOSEO) 4.9.6.1\" \/>\n\t\t<meta property=\"og:locale\" content=\"es_ES\" \/>\n\t\t<meta property=\"og:site_name\" content=\"El Digital de Asturias \u2013 Revista de ocio, turismo y estilo de vida\" \/>\n\t\t<meta property=\"og:type\" content=\"article\" \/>\n\t\t<meta property=\"og:title\" content=\"La Alcazaba de Almer\u00eda inicia este jueves su horario de verano | El Digital de Asturias\" \/>\n\t\t<meta property=\"og:description\" content=\"El Conjunto Monumental de La Alcazaba de Almer\u00eda comienza este jueves su horario de verano que, al igual que en la anterior temporada estival, pasa a ser de martes a domingo de 9,00 a 15,30 horas y de 19,00 a 22,00 horas, con el fin de evitar las horas de tarde de mayor calor y\" \/>\n\t\t<meta property=\"og:url\" content=\"https:\/\/eldigitaldeasturias.com\/magazine365\/la-alcazaba-de-almeria-inicia-este-jueves-su-horario-de-verano\/\" \/>\n\t\t<meta property=\"og:image\" content=\"https:\/\/eldigitaldeasturias.com\/magazine365\/wp-content\/uploads\/2016\/06\/fotonoticia_20160615185931_800.jpg\" \/>\n\t\t<meta property=\"og:image:secure_url\" content=\"https:\/\/eldigitaldeasturias.com\/magazine365\/wp-content\/uploads\/2016\/06\/fotonoticia_20160615185931_800.jpg\" \/>\n\t\t<meta property=\"og:image:width\" content=\"800\" \/>\n\t\t<meta property=\"og:image:height\" content=\"593\" \/>\n\t\t<meta property=\"article:published_time\" content=\"2016-06-15T21:37:27+00:00\" \/>\n\t\t<meta property=\"article:modified_time\" content=\"2016-06-15T21:37:27+00:00\" \/>\n\t\t<meta name=\"twitter:card\" content=\"summary_large_image\" \/>\n\t\t<meta name=\"twitter:title\" content=\"La Alcazaba de Almer\u00eda inicia este jueves su horario de verano | El Digital de Asturias\" \/>\n\t\t<meta name=\"twitter:description\" content=\"El Conjunto Monumental de La Alcazaba de Almer\u00eda comienza este jueves su horario de verano que, al igual que en la anterior temporada estival, pasa a ser de martes a domingo de 9,00 a 15,30 horas y de 19,00 a 22,00 horas, con el fin de evitar las horas de tarde de mayor calor y\" \/>\n\t\t<meta name=\"twitter:image\" content=\"https:\/\/eldigitaldeasturias.com\/magazine365\/wp-content\/uploads\/2016\/06\/fotonoticia_20160615185931_800.jpg\" \/>\n\t\t<script type=\"application\/ld+json\" class=\"aioseo-schema\">\n\t\t\t{\"@context\":\"https:\\\/\\\/schema.org\",\"@graph\":[{\"@type\":\"Article\",\"@id\":\"https:\\\/\\\/eldigitaldeasturias.com\\\/magazine365\\\/la-alcazaba-de-almeria-inicia-este-jueves-su-horario-de-verano\\\/#article\",\"name\":\"La Alcazaba de Almer\\u00eda inicia este jueves su horario de verano | El Digital de Asturias\",\"headline\":\"La Alcazaba de Almer\\u00eda inicia este jueves su horario de verano\",\"author\":{\"@id\":\"https:\\\/\\\/eldigitaldeasturias.com\\\/magazine365\\\/author\\\/admin\\\/#author\"},\"publisher\":{\"@id\":\"https:\\\/\\\/eldigitaldeasturias.com\\\/magazine365\\\/#organization\"},\"image\":{\"@type\":\"ImageObject\",\"url\":\"https:\\\/\\\/eldigitaldeasturias.com\\\/magazine365\\\/wp-content\\\/uploads\\\/2016\\\/06\\\/fotonoticia_20160615185931_800.jpg\",\"width\":800,\"height\":593},\"datePublished\":\"2016-06-15T23:37:27+02:00\",\"dateModified\":\"2016-06-15T23:37:27+02:00\",\"inLanguage\":\"es-ES\",\"mainEntityOfPage\":{\"@id\":\"https:\\\/\\\/eldigitaldeasturias.com\\\/magazine365\\\/la-alcazaba-de-almeria-inicia-este-jueves-su-horario-de-verano\\\/#webpage\"},\"isPartOf\":{\"@id\":\"https:\\\/\\\/eldigitaldeasturias.com\\\/magazine365\\\/la-alcazaba-de-almeria-inicia-este-jueves-su-horario-de-verano\\\/#webpage\"},\"articleSection\":\"Noticias y Actualidad\"},{\"@type\":\"BreadcrumbList\",\"@id\":\"https:\\\/\\\/eldigitaldeasturias.com\\\/magazine365\\\/la-alcazaba-de-almeria-inicia-este-jueves-su-horario-de-verano\\\/#breadcrumblist\",\"itemListElement\":[{\"@type\":\"ListItem\",\"@id\":\"https:\\\/\\\/eldigitaldeasturias.com\\\/magazine365#listItem\",\"position\":1,\"name\":\"Home\",\"item\":\"https:\\\/\\\/eldigitaldeasturias.com\\\/magazine365\",\"nextItem\":{\"@type\":\"ListItem\",\"@id\":\"https:\\\/\\\/eldigitaldeasturias.com\\\/magazine365\\\/category\\\/noticias-actualidad\\\/#listItem\",\"name\":\"Noticias y Actualidad\"}},{\"@type\":\"ListItem\",\"@id\":\"https:\\\/\\\/eldigitaldeasturias.com\\\/magazine365\\\/category\\\/noticias-actualidad\\\/#listItem\",\"position\":2,\"name\":\"Noticias y Actualidad\",\"item\":\"https:\\\/\\\/eldigitaldeasturias.com\\\/magazine365\\\/category\\\/noticias-actualidad\\\/\",\"nextItem\":{\"@type\":\"ListItem\",\"@id\":\"https:\\\/\\\/eldigitaldeasturias.com\\\/magazine365\\\/la-alcazaba-de-almeria-inicia-este-jueves-su-horario-de-verano\\\/#listItem\",\"name\":\"La Alcazaba de Almer\\u00eda inicia este jueves su horario de verano\"},\"previousItem\":{\"@type\":\"ListItem\",\"@id\":\"https:\\\/\\\/eldigitaldeasturias.com\\\/magazine365#listItem\",\"name\":\"Home\"}},{\"@type\":\"ListItem\",\"@id\":\"https:\\\/\\\/eldigitaldeasturias.com\\\/magazine365\\\/la-alcazaba-de-almeria-inicia-este-jueves-su-horario-de-verano\\\/#listItem\",\"position\":3,\"name\":\"La Alcazaba de Almer\\u00eda inicia este jueves su horario de verano\",\"previousItem\":{\"@type\":\"ListItem\",\"@id\":\"https:\\\/\\\/eldigitaldeasturias.com\\\/magazine365\\\/category\\\/noticias-actualidad\\\/#listItem\",\"name\":\"Noticias y Actualidad\"}}]},{\"@type\":\"Organization\",\"@id\":\"https:\\\/\\\/eldigitaldeasturias.com\\\/magazine365\\\/#organization\",\"name\":\"El digital de Asturias\",\"description\":\"Revista de ocio, turismo y estilo de vida\",\"url\":\"https:\\\/\\\/eldigitaldeasturias.com\\\/magazine365\\\/\",\"logo\":{\"@type\":\"ImageObject\",\"url\":\"https:\\\/\\\/www.eldigitaldeasturias.com\\\/noticias\\\/wp-content\\\/uploads\\\/2020\\\/12\\\/EDA.jpg\",\"@id\":\"https:\\\/\\\/eldigitaldeasturias.com\\\/magazine365\\\/la-alcazaba-de-almeria-inicia-este-jueves-su-horario-de-verano\\\/#organizationLogo\"},\"image\":{\"@id\":\"https:\\\/\\\/eldigitaldeasturias.com\\\/magazine365\\\/la-alcazaba-de-almeria-inicia-este-jueves-su-horario-de-verano\\\/#organizationLogo\"}},{\"@type\":\"Person\",\"@id\":\"https:\\\/\\\/eldigitaldeasturias.com\\\/magazine365\\\/author\\\/admin\\\/#author\",\"url\":\"https:\\\/\\\/eldigitaldeasturias.com\\\/magazine365\\\/author\\\/admin\\\/\",\"name\":\"admin\",\"image\":{\"@type\":\"ImageObject\",\"@id\":\"https:\\\/\\\/eldigitaldeasturias.com\\\/magazine365\\\/la-alcazaba-de-almeria-inicia-este-jueves-su-horario-de-verano\\\/#authorImage\",\"url\":\"https:\\\/\\\/eldigitaldeasturias.com\\\/magazine365\\\/wp-content\\\/litespeed\\\/avatar\\\/e571bcf59a0edd6fa6838245a470f2fe.jpg?ver=1776969259\",\"width\":96,\"height\":96,\"caption\":\"admin\"}},{\"@type\":\"WebPage\",\"@id\":\"https:\\\/\\\/eldigitaldeasturias.com\\\/magazine365\\\/la-alcazaba-de-almeria-inicia-este-jueves-su-horario-de-verano\\\/#webpage\",\"url\":\"https:\\\/\\\/eldigitaldeasturias.com\\\/magazine365\\\/la-alcazaba-de-almeria-inicia-este-jueves-su-horario-de-verano\\\/\",\"name\":\"La Alcazaba de Almer\\u00eda inicia este jueves su horario de verano | El Digital de Asturias\",\"description\":\"El Conjunto Monumental de La Alcazaba de Almer\\u00eda comienza este jueves su horario de verano que, al igual que en la anterior temporada estival, pasa a ser de martes a domingo de 9,00 a 15,30 horas y de 19,00 a 22,00 horas, con el fin de evitar las horas de tarde de mayor calor y\",\"inLanguage\":\"es-ES\",\"isPartOf\":{\"@id\":\"https:\\\/\\\/eldigitaldeasturias.com\\\/magazine365\\\/#website\"},\"breadcrumb\":{\"@id\":\"https:\\\/\\\/eldigitaldeasturias.com\\\/magazine365\\\/la-alcazaba-de-almeria-inicia-este-jueves-su-horario-de-verano\\\/#breadcrumblist\"},\"author\":{\"@id\":\"https:\\\/\\\/eldigitaldeasturias.com\\\/magazine365\\\/author\\\/admin\\\/#author\"},\"creator\":{\"@id\":\"https:\\\/\\\/eldigitaldeasturias.com\\\/magazine365\\\/author\\\/admin\\\/#author\"},\"image\":{\"@type\":\"ImageObject\",\"url\":\"https:\\\/\\\/eldigitaldeasturias.com\\\/magazine365\\\/wp-content\\\/uploads\\\/2016\\\/06\\\/fotonoticia_20160615185931_800.jpg\",\"@id\":\"https:\\\/\\\/eldigitaldeasturias.com\\\/magazine365\\\/la-alcazaba-de-almeria-inicia-este-jueves-su-horario-de-verano\\\/#mainImage\",\"width\":800,\"height\":593},\"primaryImageOfPage\":{\"@id\":\"https:\\\/\\\/eldigitaldeasturias.com\\\/magazine365\\\/la-alcazaba-de-almeria-inicia-este-jueves-su-horario-de-verano\\\/#mainImage\"},\"datePublished\":\"2016-06-15T23:37:27+02:00\",\"dateModified\":\"2016-06-15T23:37:27+02:00\"},{\"@type\":\"WebSite\",\"@id\":\"https:\\\/\\\/eldigitaldeasturias.com\\\/magazine365\\\/#website\",\"url\":\"https:\\\/\\\/eldigitaldeasturias.com\\\/magazine365\\\/\",\"name\":\"El Digital de Asturias\",\"description\":\"Revista de ocio, turismo y estilo de vida\",\"inLanguage\":\"es-ES\",\"publisher\":{\"@id\":\"https:\\\/\\\/eldigitaldeasturias.com\\\/magazine365\\\/#organization\"}}]}\n\t\t<\/script>\n\t\t<!-- All in One SEO Pro -->\r\n\t\t<title>La Alcazaba de Almer\u00eda inicia este jueves su horario de verano | El Digital de Asturias<\/title>\n\n","aioseo_head_json":{"title":"La Alcazaba de Almer\u00eda inicia este jueves su horario de verano | El Digital de Asturias","description":"El Conjunto Monumental de La Alcazaba de Almer\u00eda comienza este jueves su horario de verano que, al igual que en la anterior temporada estival, pasa a ser de martes a domingo de 9,00 a 15,30 horas y de 19,00 a 22,00 horas, con el fin de evitar las horas de tarde de mayor calor y","canonical_url":"https:\/\/eldigitaldeasturias.com\/magazine365\/la-alcazaba-de-almeria-inicia-este-jueves-su-horario-de-verano\/","robots":"max-image-preview:large","keywords":"noticias y actualidad","webmasterTools":{"google-site-verification":"UA-38556648-1","miscellaneous":""},"schema":{"@context":"https:\/\/schema.org","@graph":[{"@type":"Article","@id":"https:\/\/eldigitaldeasturias.com\/magazine365\/la-alcazaba-de-almeria-inicia-este-jueves-su-horario-de-verano\/#article","name":"La Alcazaba de Almer\u00eda inicia este jueves su horario de verano | El Digital de Asturias","headline":"La Alcazaba de Almer\u00eda inicia este jueves su horario de verano","author":{"@id":"https:\/\/eldigitaldeasturias.com\/magazine365\/author\/admin\/#author"},"publisher":{"@id":"https:\/\/eldigitaldeasturias.com\/magazine365\/#organization"},"image":{"@type":"ImageObject","url":"https:\/\/eldigitaldeasturias.com\/magazine365\/wp-content\/uploads\/2016\/06\/fotonoticia_20160615185931_800.jpg","width":800,"height":593},"datePublished":"2016-06-15T23:37:27+02:00","dateModified":"2016-06-15T23:37:27+02:00","inLanguage":"es-ES","mainEntityOfPage":{"@id":"https:\/\/eldigitaldeasturias.com\/magazine365\/la-alcazaba-de-almeria-inicia-este-jueves-su-horario-de-verano\/#webpage"},"isPartOf":{"@id":"https:\/\/eldigitaldeasturias.com\/magazine365\/la-alcazaba-de-almeria-inicia-este-jueves-su-horario-de-verano\/#webpage"},"articleSection":"Noticias y Actualidad"},{"@type":"BreadcrumbList","@id":"https:\/\/eldigitaldeasturias.com\/magazine365\/la-alcazaba-de-almeria-inicia-este-jueves-su-horario-de-verano\/#breadcrumblist","itemListElement":[{"@type":"ListItem","@id":"https:\/\/eldigitaldeasturias.com\/magazine365#listItem","position":1,"name":"Home","item":"https:\/\/eldigitaldeasturias.com\/magazine365","nextItem":{"@type":"ListItem","@id":"https:\/\/eldigitaldeasturias.com\/magazine365\/category\/noticias-actualidad\/#listItem","name":"Noticias y Actualidad"}},{"@type":"ListItem","@id":"https:\/\/eldigitaldeasturias.com\/magazine365\/category\/noticias-actualidad\/#listItem","position":2,"name":"Noticias y Actualidad","item":"https:\/\/eldigitaldeasturias.com\/magazine365\/category\/noticias-actualidad\/","nextItem":{"@type":"ListItem","@id":"https:\/\/eldigitaldeasturias.com\/magazine365\/la-alcazaba-de-almeria-inicia-este-jueves-su-horario-de-verano\/#listItem","name":"La Alcazaba de Almer\u00eda inicia este jueves su horario de verano"},"previousItem":{"@type":"ListItem","@id":"https:\/\/eldigitaldeasturias.com\/magazine365#listItem","name":"Home"}},{"@type":"ListItem","@id":"https:\/\/eldigitaldeasturias.com\/magazine365\/la-alcazaba-de-almeria-inicia-este-jueves-su-horario-de-verano\/#listItem","position":3,"name":"La Alcazaba de Almer\u00eda inicia este jueves su horario de verano","previousItem":{"@type":"ListItem","@id":"https:\/\/eldigitaldeasturias.com\/magazine365\/category\/noticias-actualidad\/#listItem","name":"Noticias y Actualidad"}}]},{"@type":"Organization","@id":"https:\/\/eldigitaldeasturias.com\/magazine365\/#organization","name":"El digital de Asturias","description":"Revista de ocio, turismo y estilo de vida","url":"https:\/\/eldigitaldeasturias.com\/magazine365\/","logo":{"@type":"ImageObject","url":"https:\/\/www.eldigitaldeasturias.com\/noticias\/wp-content\/uploads\/2020\/12\/EDA.jpg","@id":"https:\/\/eldigitaldeasturias.com\/magazine365\/la-alcazaba-de-almeria-inicia-este-jueves-su-horario-de-verano\/#organizationLogo"},"image":{"@id":"https:\/\/eldigitaldeasturias.com\/magazine365\/la-alcazaba-de-almeria-inicia-este-jueves-su-horario-de-verano\/#organizationLogo"}},{"@type":"Person","@id":"https:\/\/eldigitaldeasturias.com\/magazine365\/author\/admin\/#author","url":"https:\/\/eldigitaldeasturias.com\/magazine365\/author\/admin\/","name":"admin","image":{"@type":"ImageObject","@id":"https:\/\/eldigitaldeasturias.com\/magazine365\/la-alcazaba-de-almeria-inicia-este-jueves-su-horario-de-verano\/#authorImage","url":"https:\/\/eldigitaldeasturias.com\/magazine365\/wp-content\/litespeed\/avatar\/e571bcf59a0edd6fa6838245a470f2fe.jpg?ver=1776969259","width":96,"height":96,"caption":"admin"}},{"@type":"WebPage","@id":"https:\/\/eldigitaldeasturias.com\/magazine365\/la-alcazaba-de-almeria-inicia-este-jueves-su-horario-de-verano\/#webpage","url":"https:\/\/eldigitaldeasturias.com\/magazine365\/la-alcazaba-de-almeria-inicia-este-jueves-su-horario-de-verano\/","name":"La Alcazaba de Almer\u00eda inicia este jueves su horario de verano | El Digital de Asturias","description":"El Conjunto Monumental de La Alcazaba de Almer\u00eda comienza este jueves su horario de verano que, al igual que en la anterior temporada estival, pasa a ser de martes a domingo de 9,00 a 15,30 horas y de 19,00 a 22,00 horas, con el fin de evitar las horas de tarde de mayor calor y","inLanguage":"es-ES","isPartOf":{"@id":"https:\/\/eldigitaldeasturias.com\/magazine365\/#website"},"breadcrumb":{"@id":"https:\/\/eldigitaldeasturias.com\/magazine365\/la-alcazaba-de-almeria-inicia-este-jueves-su-horario-de-verano\/#breadcrumblist"},"author":{"@id":"https:\/\/eldigitaldeasturias.com\/magazine365\/author\/admin\/#author"},"creator":{"@id":"https:\/\/eldigitaldeasturias.com\/magazine365\/author\/admin\/#author"},"image":{"@type":"ImageObject","url":"https:\/\/eldigitaldeasturias.com\/magazine365\/wp-content\/uploads\/2016\/06\/fotonoticia_20160615185931_800.jpg","@id":"https:\/\/eldigitaldeasturias.com\/magazine365\/la-alcazaba-de-almeria-inicia-este-jueves-su-horario-de-verano\/#mainImage","width":800,"height":593},"primaryImageOfPage":{"@id":"https:\/\/eldigitaldeasturias.com\/magazine365\/la-alcazaba-de-almeria-inicia-este-jueves-su-horario-de-verano\/#mainImage"},"datePublished":"2016-06-15T23:37:27+02:00","dateModified":"2016-06-15T23:37:27+02:00"},{"@type":"WebSite","@id":"https:\/\/eldigitaldeasturias.com\/magazine365\/#website","url":"https:\/\/eldigitaldeasturias.com\/magazine365\/","name":"El Digital de Asturias","description":"Revista de ocio, turismo y estilo de vida","inLanguage":"es-ES","publisher":{"@id":"https:\/\/eldigitaldeasturias.com\/magazine365\/#organization"}}]},"og:locale":"es_ES","og:site_name":"El Digital de Asturias \u2013 Revista de ocio, turismo y estilo de vida","og:type":"article","og:title":"La Alcazaba de Almer\u00eda inicia este jueves su horario de verano | El Digital de Asturias","og:description":"El Conjunto Monumental de La Alcazaba de Almer\u00eda comienza este jueves su horario de verano que, al igual que en la anterior temporada estival, pasa a ser de martes a domingo de 9,00 a 15,30 horas y de 19,00 a 22,00 horas, con el fin de evitar las horas de tarde de mayor calor y","og:url":"https:\/\/eldigitaldeasturias.com\/magazine365\/la-alcazaba-de-almeria-inicia-este-jueves-su-horario-de-verano\/","og:image":"https:\/\/eldigitaldeasturias.com\/magazine365\/wp-content\/uploads\/2016\/06\/fotonoticia_20160615185931_800.jpg","og:image:secure_url":"https:\/\/eldigitaldeasturias.com\/magazine365\/wp-content\/uploads\/2016\/06\/fotonoticia_20160615185931_800.jpg","og:image:width":800,"og:image:height":593,"article:published_time":"2016-06-15T21:37:27+00:00","article:modified_time":"2016-06-15T21:37:27+00:00","twitter:card":"summary_large_image","twitter:title":"La Alcazaba de Almer\u00eda inicia este jueves su horario de verano | El Digital de Asturias","twitter:description":"El Conjunto Monumental de La Alcazaba de Almer\u00eda comienza este jueves su horario de verano que, al igual que en la anterior temporada estival, pasa a ser de martes a domingo de 9,00 a 15,30 horas y de 19,00 a 22,00 horas, con el fin de evitar las horas de tarde de mayor calor y","twitter:image":"https:\/\/eldigitaldeasturias.com\/magazine365\/wp-content\/uploads\/2016\/06\/fotonoticia_20160615185931_800.jpg"},"aioseo_meta_data":{"post_id":"79548","title":null,"description":null,"keywords":null,"keyphrases":null,"primary_term":null,"canonical_url":null,"og_title":null,"og_description":null,"og_object_type":"default","og_image_type":"default","og_image_url":null,"og_image_width":null,"og_image_height":null,"og_image_custom_url":null,"og_image_custom_fields":null,"og_video":null,"og_custom_url":null,"og_article_section":null,"og_article_tags":null,"twitter_use_og":false,"twitter_card":"default","twitter_image_type":"default","twitter_image_url":null,"twitter_image_custom_url":null,"twitter_image_custom_fields":null,"twitter_title":null,"twitter_description":null,"schema":{"blockGraphs":[],"customGraphs":[],"default":{"data":{"Article":[],"Course":[],"Dataset":[],"FAQPage":[],"Movie":[],"Person":[],"Product":[],"ProductReview":[],"Car":[],"Recipe":[],"Service":[],"SoftwareApplication":[],"WebPage":[]},"graphName":"","isEnabled":true},"graphs":[],"defaultGraph":"","defaultPostTypeGraph":""},"schema_type":null,"schema_type_options":null,"pillar_content":false,"robots_default":true,"robots_noindex":false,"robots_noarchive":false,"robots_nosnippet":false,"robots_nofollow":false,"robots_noimageindex":false,"robots_noodp":false,"robots_notranslate":false,"robots_max_snippet":null,"robots_max_videopreview":null,"robots_max_imagepreview":"large","priority":null,"frequency":null,"location":null,"local_seo":null,"seo_analyzer_scan_date":"2025-09-27 19:07:43","breadcrumb_settings":null,"limit_modified_date":false,"open_ai":null,"ai":null,"created":"2021-03-08 17:47:25","updated":"2025-09-27 19:07:43"},"aioseo_breadcrumb":"<div class=\"aioseo-breadcrumbs\"><span class=\"aioseo-breadcrumb\">\n\t<a href=\"https:\/\/eldigitaldeasturias.com\/magazine365\" title=\"Home\">Home<\/a>\n<\/span><span class=\"aioseo-breadcrumb-separator\">\u2013<\/span><span class=\"aioseo-breadcrumb\">\n\t<a href=\"https:\/\/eldigitaldeasturias.com\/magazine365\/category\/noticias-actualidad\/\" title=\"Noticias y Actualidad\">Noticias y Actualidad<\/a>\n<\/span><span class=\"aioseo-breadcrumb-separator\">\u2013<\/span><span class=\"aioseo-breadcrumb\">\n\t<a href=\"https:\/\/eldigitaldeasturias.com\/magazine365\/la-alcazaba-de-almeria-inicia-este-jueves-su-horario-de-verano\/\" title=\"La Alcazaba de Almer\u00eda inicia este jueves su horario de verano\">La Alcazaba de Almer\u00eda inicia este jueves su horario de verano<\/a>\n<\/span><\/div>","aioseo_breadcrumb_json":[{"label":"Home","link":"https:\/\/eldigitaldeasturias.com\/magazine365"},{"label":"Noticias y Actualidad","link":"https:\/\/eldigitaldeasturias.com\/magazine365\/category\/noticias-actualidad\/"},{"label":"La Alcazaba de Almer\u00eda inicia este jueves su horario de verano","link":"https:\/\/eldigitaldeasturias.com\/magazine365\/la-alcazaba-de-almeria-inicia-este-jueves-su-horario-de-verano\/"}],"_links":{"self":[{"href":"https:\/\/eldigitaldeasturias.com\/magazine365\/wp-json\/wp\/v2\/posts\/79548","targetHints":{"allow":["GET"]}}],"collection":[{"href":"https:\/\/eldigitaldeasturias.com\/magazine365\/wp-json\/wp\/v2\/posts"}],"about":[{"href":"https:\/\/eldigitaldeasturias.com\/magazine365\/wp-json\/wp\/v2\/types\/post"}],"author":[{"embeddable":true,"href":"https:\/\/eldigitaldeasturias.com\/magazine365\/wp-json\/wp\/v2\/users\/1"}],"replies":[{"embeddable":true,"href":"https:\/\/eldigitaldeasturias.com\/magazine365\/wp-json\/wp\/v2\/comments?post=79548"}],"version-history":[{"count":0,"href":"https:\/\/eldigitaldeasturias.com\/magazine365\/wp-json\/wp\/v2\/posts\/79548\/revisions"}],"wp:featuredmedia":[{"embeddable":true,"href":"https:\/\/eldigitaldeasturias.com\/magazine365\/wp-json\/wp\/v2\/media\/79549"}],"wp:attachment":[{"href":"https:\/\/eldigitaldeasturias.com\/magazine365\/wp-json\/wp\/v2\/media?parent=79548"}],"wp:term":[{"taxonomy":"category","embeddable":true,"href":"https:\/\/eldigitaldeasturias.com\/magazine365\/wp-json\/wp\/v2\/categories?post=79548"},{"taxonomy":"post_tag","embeddable":true,"href":"https:\/\/eldigitaldeasturias.com\/magazine365\/wp-json\/wp\/v2\/tags?post=79548"}],"curies":[{"name":"wp","href":"https:\/\/api.w.org\/{rel}","templated":true}]}}