{"id":79545,"date":"2016-06-15T23:36:40","date_gmt":"2016-06-15T21:36:40","guid":{"rendered":"http:\/\/eldigitaldeasturias.com\/magazine365\/?p=79545"},"modified":"2016-06-15T23:36:40","modified_gmt":"2016-06-15T21:36:40","slug":"aviba-denuncia-la-imposibilidad-de-comprar-vuelos-entre-menorca-y-madrid-a-partir-de-octubre","status":"publish","type":"post","link":"https:\/\/eldigitaldeasturias.com\/magazine365\/aviba-denuncia-la-imposibilidad-de-comprar-vuelos-entre-menorca-y-madrid-a-partir-de-octubre\/","title":{"rendered":"Aviba denuncia la imposibilidad de comprar vuelos entre Menorca y Madrid a partir de octubre"},"content":{"rendered":"<p><img fetchpriority=\"high\" decoding=\"async\" class=\"alignleft size-medium wp-image-79546\" src=\"https:\/\/eldigitaldeasturias.com\/magazine365\/wp-content\/uploads\/2016\/06\/fotonoticia_20160615184935_800-360x217.jpg\" alt=\"fotonoticia_20160615184935_800\" width=\"360\" height=\"217\" srcset=\"https:\/\/eldigitaldeasturias.com\/magazine365\/wp-content\/uploads\/2016\/06\/fotonoticia_20160615184935_800-360x217.jpg 360w, https:\/\/eldigitaldeasturias.com\/magazine365\/wp-content\/uploads\/2016\/06\/fotonoticia_20160615184935_800-650x392.jpg 650w, https:\/\/eldigitaldeasturias.com\/magazine365\/wp-content\/uploads\/2016\/06\/fotonoticia_20160615184935_800-768x464.jpg 768w, https:\/\/eldigitaldeasturias.com\/magazine365\/wp-content\/uploads\/2016\/06\/fotonoticia_20160615184935_800-150x91.jpg 150w, https:\/\/eldigitaldeasturias.com\/magazine365\/wp-content\/uploads\/2016\/06\/fotonoticia_20160615184935_800-450x272.jpg 450w, https:\/\/eldigitaldeasturias.com\/magazine365\/wp-content\/uploads\/2016\/06\/fotonoticia_20160615184935_800.jpg 800w\" sizes=\"(max-width: 360px) 100vw, 360px\" \/>La Asociaci\u00f3n de Agencias de Viajes de Balears (Aviba) ha denunciado este mi\u00e9rcoles la imposibilidad de comprar vuelos en la ruta de Obligaci\u00f3n y Servicio P\u00fablico (OSP) entre Menorca y Madrid, que est\u00e1 previsto que se reanude el 1 de octubre.<\/p>\n<p>Las agencias de viajes culpan de esa situaci\u00f3n a \u00abla previsi\u00f3n del Estado y a la pasividad de nuestras administraciones territoriales\u00bb, que est\u00e1 provocando que desde Menorca no se puedan agendar viajes entre la isla y la capital a partir de octubre y que tampoco puedan reservarse conexiones con vuelos internacionales e intercontinentales implicando \u00abescalas innecesarias e incrementos de precios alarmantes\u00bb.<\/p>\n<p>La ruta entre Menorca y Madrid, han recordado, est\u00e1 subvencionada por la administraci\u00f3n central que saca a concurso como ruta OSP pero \u00aba escasos tres meses de la fecha de caducidad de la actual licitaci\u00f3n sigue sin haber el correspondiente concurso de licitaci\u00f3n del nuevo periodo para las compa\u00f1\u00edas a\u00e9reas\u00bb, han lamentado.<\/p>\n<p>\u00abDesde toda la Pen\u00ednsula esos vuelos ya son accesibles lo que<br \/>\ntambi\u00e9n es causa de que la disponibilidad de plazas empiece a ser ya otro problema\u00bb, han denunciado en un comunicado en el que las agencias de viajes han sugerido a sus clientes \u00abreservar desde Madrid al destino en concreto a pesar de los inconvenientes que pueda tener el cliente en la facturaci\u00f3n de su equipaje porque deber\u00e1 facturar de nuevo en Madrid al no ser vuelos conexionados\u00bb.<\/p>\n<p>Esta \u00abfalta de previsi\u00f3n por parte de la administraci\u00f3n, han asegurado, ya ha sido denunciada por Aviba hace ya varios meses a diferentes organismos oficiales de Baleares y Menorca, \u00abpero parece que caen en saco roto\u00bb.<\/p>\n<p>Desde Aviba se considera \u00abuna discriminaci\u00f3n hacia los habitantes de Menorca inaceptable en pleno siglo XXI y, adem\u00e1s, unas consecuencias nefastas para las agencias de viajes de Menorca por las p\u00e9rdidas econ\u00f3micas que ello conlleva, porque la situaci\u00f3n, tambi\u00e9n afecta a las imposibles programaciones de viajes combinados m\u00e1s all\u00e1 del mes de octubre que se organizan con varios meses de antelaci\u00f3n\u00bb.<\/p>\n","protected":false},"excerpt":{"rendered":"<p>La Asociaci\u00f3n de Agencias de Viajes de Balears (Aviba) ha denunciado este mi\u00e9rcoles la imposibilidad de comprar vuelos en la ruta de Obligaci\u00f3n y Servicio P\u00fablico (OSP) entre Menorca y Madrid, que est\u00e1 previsto que se reanude el 1 de octubre. Las agencias de viajes culpan de esa situaci\u00f3n a \u00abla previsi\u00f3n del Estado y<\/p>\n","protected":false},"author":1,"featured_media":79546,"comment_status":"open","ping_status":"closed","sticky":false,"template":"","format":"standard","meta":{"footnotes":""},"categories":[224],"tags":[],"class_list":{"0":"post-79545","1":"post","2":"type-post","3":"status-publish","4":"format-standard","5":"has-post-thumbnail","7":"category-noticias-actualidad"},"aioseo_notices":[],"aioseo_head":"\n\t\t<!-- All in One SEO Pro 4.9.6.1 - aioseo.com -->\n\t<meta name=\"description\" content=\"La Asociaci\u00f3n de Agencias de Viajes de Balears (Aviba) ha denunciado este mi\u00e9rcoles la imposibilidad de comprar vuelos en la ruta de Obligaci\u00f3n y Servicio P\u00fablico (OSP) entre Menorca y Madrid, que est\u00e1 previsto que se reanude el 1 de octubre. Las agencias de viajes culpan de esa situaci\u00f3n a &quot;la previsi\u00f3n del Estado y\" \/>\n\t<meta name=\"robots\" content=\"max-image-preview:large\" \/>\n\t<meta name=\"author\" content=\"admin\"\/>\n\t<meta name=\"google-site-verification\" content=\"UA-38556648-1\" \/>\n\t<meta name=\"keywords\" content=\"noticias y actualidad\" \/>\n\t<link rel=\"canonical\" href=\"https:\/\/eldigitaldeasturias.com\/magazine365\/aviba-denuncia-la-imposibilidad-de-comprar-vuelos-entre-menorca-y-madrid-a-partir-de-octubre\/\" \/>\n\t<meta name=\"generator\" content=\"All in One SEO Pro (AIOSEO) 4.9.6.1\" \/>\n\t\t<meta property=\"og:locale\" content=\"es_ES\" \/>\n\t\t<meta property=\"og:site_name\" content=\"El Digital de Asturias \u2013 Revista de ocio, turismo y estilo de vida\" \/>\n\t\t<meta property=\"og:type\" content=\"article\" \/>\n\t\t<meta property=\"og:title\" content=\"Aviba denuncia la imposibilidad de comprar vuelos entre Menorca y Madrid a partir de octubre | El Digital de Asturias\" \/>\n\t\t<meta property=\"og:description\" content=\"La Asociaci\u00f3n de Agencias de Viajes de Balears (Aviba) ha denunciado este mi\u00e9rcoles la imposibilidad de comprar vuelos en la ruta de Obligaci\u00f3n y Servicio P\u00fablico (OSP) entre Menorca y Madrid, que est\u00e1 previsto que se reanude el 1 de octubre. Las agencias de viajes culpan de esa situaci\u00f3n a &quot;la previsi\u00f3n del Estado y\" \/>\n\t\t<meta property=\"og:url\" content=\"https:\/\/eldigitaldeasturias.com\/magazine365\/aviba-denuncia-la-imposibilidad-de-comprar-vuelos-entre-menorca-y-madrid-a-partir-de-octubre\/\" \/>\n\t\t<meta property=\"og:image\" content=\"https:\/\/eldigitaldeasturias.com\/magazine365\/wp-content\/uploads\/2016\/06\/fotonoticia_20160615184935_800.jpg\" \/>\n\t\t<meta property=\"og:image:secure_url\" content=\"https:\/\/eldigitaldeasturias.com\/magazine365\/wp-content\/uploads\/2016\/06\/fotonoticia_20160615184935_800.jpg\" \/>\n\t\t<meta property=\"og:image:width\" content=\"800\" \/>\n\t\t<meta property=\"og:image:height\" content=\"483\" \/>\n\t\t<meta property=\"article:published_time\" content=\"2016-06-15T21:36:40+00:00\" \/>\n\t\t<meta property=\"article:modified_time\" content=\"2016-06-15T21:36:40+00:00\" \/>\n\t\t<meta name=\"twitter:card\" content=\"summary_large_image\" \/>\n\t\t<meta name=\"twitter:title\" content=\"Aviba denuncia la imposibilidad de comprar vuelos entre Menorca y Madrid a partir de octubre | El Digital de Asturias\" \/>\n\t\t<meta name=\"twitter:description\" content=\"La Asociaci\u00f3n de Agencias de Viajes de Balears (Aviba) ha denunciado este mi\u00e9rcoles la imposibilidad de comprar vuelos en la ruta de Obligaci\u00f3n y Servicio P\u00fablico (OSP) entre Menorca y Madrid, que est\u00e1 previsto que se reanude el 1 de octubre. Las agencias de viajes culpan de esa situaci\u00f3n a &quot;la previsi\u00f3n del Estado y\" \/>\n\t\t<meta name=\"twitter:image\" content=\"https:\/\/eldigitaldeasturias.com\/magazine365\/wp-content\/uploads\/2016\/06\/fotonoticia_20160615184935_800.jpg\" \/>\n\t\t<script type=\"application\/ld+json\" class=\"aioseo-schema\">\n\t\t\t{\"@context\":\"https:\\\/\\\/schema.org\",\"@graph\":[{\"@type\":\"Article\",\"@id\":\"https:\\\/\\\/eldigitaldeasturias.com\\\/magazine365\\\/aviba-denuncia-la-imposibilidad-de-comprar-vuelos-entre-menorca-y-madrid-a-partir-de-octubre\\\/#article\",\"name\":\"Aviba denuncia la imposibilidad de comprar vuelos entre Menorca y Madrid a partir de octubre | El Digital de Asturias\",\"headline\":\"Aviba denuncia la imposibilidad de comprar vuelos entre Menorca y Madrid a partir de octubre\",\"author\":{\"@id\":\"https:\\\/\\\/eldigitaldeasturias.com\\\/magazine365\\\/author\\\/admin\\\/#author\"},\"publisher\":{\"@id\":\"https:\\\/\\\/eldigitaldeasturias.com\\\/magazine365\\\/#organization\"},\"image\":{\"@type\":\"ImageObject\",\"url\":\"https:\\\/\\\/eldigitaldeasturias.com\\\/magazine365\\\/wp-content\\\/uploads\\\/2016\\\/06\\\/fotonoticia_20160615184935_800.jpg\",\"width\":800,\"height\":483},\"datePublished\":\"2016-06-15T23:36:40+02:00\",\"dateModified\":\"2016-06-15T23:36:40+02:00\",\"inLanguage\":\"es-ES\",\"mainEntityOfPage\":{\"@id\":\"https:\\\/\\\/eldigitaldeasturias.com\\\/magazine365\\\/aviba-denuncia-la-imposibilidad-de-comprar-vuelos-entre-menorca-y-madrid-a-partir-de-octubre\\\/#webpage\"},\"isPartOf\":{\"@id\":\"https:\\\/\\\/eldigitaldeasturias.com\\\/magazine365\\\/aviba-denuncia-la-imposibilidad-de-comprar-vuelos-entre-menorca-y-madrid-a-partir-de-octubre\\\/#webpage\"},\"articleSection\":\"Noticias y Actualidad\"},{\"@type\":\"BreadcrumbList\",\"@id\":\"https:\\\/\\\/eldigitaldeasturias.com\\\/magazine365\\\/aviba-denuncia-la-imposibilidad-de-comprar-vuelos-entre-menorca-y-madrid-a-partir-de-octubre\\\/#breadcrumblist\",\"itemListElement\":[{\"@type\":\"ListItem\",\"@id\":\"https:\\\/\\\/eldigitaldeasturias.com\\\/magazine365#listItem\",\"position\":1,\"name\":\"Home\",\"item\":\"https:\\\/\\\/eldigitaldeasturias.com\\\/magazine365\",\"nextItem\":{\"@type\":\"ListItem\",\"@id\":\"https:\\\/\\\/eldigitaldeasturias.com\\\/magazine365\\\/category\\\/noticias-actualidad\\\/#listItem\",\"name\":\"Noticias y Actualidad\"}},{\"@type\":\"ListItem\",\"@id\":\"https:\\\/\\\/eldigitaldeasturias.com\\\/magazine365\\\/category\\\/noticias-actualidad\\\/#listItem\",\"position\":2,\"name\":\"Noticias y Actualidad\",\"item\":\"https:\\\/\\\/eldigitaldeasturias.com\\\/magazine365\\\/category\\\/noticias-actualidad\\\/\",\"nextItem\":{\"@type\":\"ListItem\",\"@id\":\"https:\\\/\\\/eldigitaldeasturias.com\\\/magazine365\\\/aviba-denuncia-la-imposibilidad-de-comprar-vuelos-entre-menorca-y-madrid-a-partir-de-octubre\\\/#listItem\",\"name\":\"Aviba denuncia la imposibilidad de comprar vuelos entre Menorca y Madrid a partir de octubre\"},\"previousItem\":{\"@type\":\"ListItem\",\"@id\":\"https:\\\/\\\/eldigitaldeasturias.com\\\/magazine365#listItem\",\"name\":\"Home\"}},{\"@type\":\"ListItem\",\"@id\":\"https:\\\/\\\/eldigitaldeasturias.com\\\/magazine365\\\/aviba-denuncia-la-imposibilidad-de-comprar-vuelos-entre-menorca-y-madrid-a-partir-de-octubre\\\/#listItem\",\"position\":3,\"name\":\"Aviba denuncia la imposibilidad de comprar vuelos entre Menorca y Madrid a partir de octubre\",\"previousItem\":{\"@type\":\"ListItem\",\"@id\":\"https:\\\/\\\/eldigitaldeasturias.com\\\/magazine365\\\/category\\\/noticias-actualidad\\\/#listItem\",\"name\":\"Noticias y Actualidad\"}}]},{\"@type\":\"Organization\",\"@id\":\"https:\\\/\\\/eldigitaldeasturias.com\\\/magazine365\\\/#organization\",\"name\":\"El digital de Asturias\",\"description\":\"Revista de ocio, turismo y estilo de vida\",\"url\":\"https:\\\/\\\/eldigitaldeasturias.com\\\/magazine365\\\/\",\"logo\":{\"@type\":\"ImageObject\",\"url\":\"https:\\\/\\\/www.eldigitaldeasturias.com\\\/noticias\\\/wp-content\\\/uploads\\\/2020\\\/12\\\/EDA.jpg\",\"@id\":\"https:\\\/\\\/eldigitaldeasturias.com\\\/magazine365\\\/aviba-denuncia-la-imposibilidad-de-comprar-vuelos-entre-menorca-y-madrid-a-partir-de-octubre\\\/#organizationLogo\"},\"image\":{\"@id\":\"https:\\\/\\\/eldigitaldeasturias.com\\\/magazine365\\\/aviba-denuncia-la-imposibilidad-de-comprar-vuelos-entre-menorca-y-madrid-a-partir-de-octubre\\\/#organizationLogo\"}},{\"@type\":\"Person\",\"@id\":\"https:\\\/\\\/eldigitaldeasturias.com\\\/magazine365\\\/author\\\/admin\\\/#author\",\"url\":\"https:\\\/\\\/eldigitaldeasturias.com\\\/magazine365\\\/author\\\/admin\\\/\",\"name\":\"admin\",\"image\":{\"@type\":\"ImageObject\",\"@id\":\"https:\\\/\\\/eldigitaldeasturias.com\\\/magazine365\\\/aviba-denuncia-la-imposibilidad-de-comprar-vuelos-entre-menorca-y-madrid-a-partir-de-octubre\\\/#authorImage\",\"url\":\"https:\\\/\\\/eldigitaldeasturias.com\\\/magazine365\\\/wp-content\\\/litespeed\\\/avatar\\\/e571bcf59a0edd6fa6838245a470f2fe.jpg?ver=1776969259\",\"width\":96,\"height\":96,\"caption\":\"admin\"}},{\"@type\":\"WebPage\",\"@id\":\"https:\\\/\\\/eldigitaldeasturias.com\\\/magazine365\\\/aviba-denuncia-la-imposibilidad-de-comprar-vuelos-entre-menorca-y-madrid-a-partir-de-octubre\\\/#webpage\",\"url\":\"https:\\\/\\\/eldigitaldeasturias.com\\\/magazine365\\\/aviba-denuncia-la-imposibilidad-de-comprar-vuelos-entre-menorca-y-madrid-a-partir-de-octubre\\\/\",\"name\":\"Aviba denuncia la imposibilidad de comprar vuelos entre Menorca y Madrid a partir de octubre | El Digital de Asturias\",\"description\":\"La Asociaci\\u00f3n de Agencias de Viajes de Balears (Aviba) ha denunciado este mi\\u00e9rcoles la imposibilidad de comprar vuelos en la ruta de Obligaci\\u00f3n y Servicio P\\u00fablico (OSP) entre Menorca y Madrid, que est\\u00e1 previsto que se reanude el 1 de octubre. Las agencias de viajes culpan de esa situaci\\u00f3n a \\\"la previsi\\u00f3n del Estado y\",\"inLanguage\":\"es-ES\",\"isPartOf\":{\"@id\":\"https:\\\/\\\/eldigitaldeasturias.com\\\/magazine365\\\/#website\"},\"breadcrumb\":{\"@id\":\"https:\\\/\\\/eldigitaldeasturias.com\\\/magazine365\\\/aviba-denuncia-la-imposibilidad-de-comprar-vuelos-entre-menorca-y-madrid-a-partir-de-octubre\\\/#breadcrumblist\"},\"author\":{\"@id\":\"https:\\\/\\\/eldigitaldeasturias.com\\\/magazine365\\\/author\\\/admin\\\/#author\"},\"creator\":{\"@id\":\"https:\\\/\\\/eldigitaldeasturias.com\\\/magazine365\\\/author\\\/admin\\\/#author\"},\"image\":{\"@type\":\"ImageObject\",\"url\":\"https:\\\/\\\/eldigitaldeasturias.com\\\/magazine365\\\/wp-content\\\/uploads\\\/2016\\\/06\\\/fotonoticia_20160615184935_800.jpg\",\"@id\":\"https:\\\/\\\/eldigitaldeasturias.com\\\/magazine365\\\/aviba-denuncia-la-imposibilidad-de-comprar-vuelos-entre-menorca-y-madrid-a-partir-de-octubre\\\/#mainImage\",\"width\":800,\"height\":483},\"primaryImageOfPage\":{\"@id\":\"https:\\\/\\\/eldigitaldeasturias.com\\\/magazine365\\\/aviba-denuncia-la-imposibilidad-de-comprar-vuelos-entre-menorca-y-madrid-a-partir-de-octubre\\\/#mainImage\"},\"datePublished\":\"2016-06-15T23:36:40+02:00\",\"dateModified\":\"2016-06-15T23:36:40+02:00\"},{\"@type\":\"WebSite\",\"@id\":\"https:\\\/\\\/eldigitaldeasturias.com\\\/magazine365\\\/#website\",\"url\":\"https:\\\/\\\/eldigitaldeasturias.com\\\/magazine365\\\/\",\"name\":\"El Digital de Asturias\",\"description\":\"Revista de ocio, turismo y estilo de vida\",\"inLanguage\":\"es-ES\",\"publisher\":{\"@id\":\"https:\\\/\\\/eldigitaldeasturias.com\\\/magazine365\\\/#organization\"}}]}\n\t\t<\/script>\n\t\t<!-- All in One SEO Pro -->\r\n\t\t<title>Aviba denuncia la imposibilidad de comprar vuelos entre Menorca y Madrid a partir de octubre | El Digital de Asturias<\/title>\n\n","aioseo_head_json":{"title":"Aviba denuncia la imposibilidad de comprar vuelos entre Menorca y Madrid a partir de octubre | El Digital de Asturias","description":"La Asociaci\u00f3n de Agencias de Viajes de Balears (Aviba) ha denunciado este mi\u00e9rcoles la imposibilidad de comprar vuelos en la ruta de Obligaci\u00f3n y Servicio P\u00fablico (OSP) entre Menorca y Madrid, que est\u00e1 previsto que se reanude el 1 de octubre. Las agencias de viajes culpan de esa situaci\u00f3n a \"la previsi\u00f3n del Estado y","canonical_url":"https:\/\/eldigitaldeasturias.com\/magazine365\/aviba-denuncia-la-imposibilidad-de-comprar-vuelos-entre-menorca-y-madrid-a-partir-de-octubre\/","robots":"max-image-preview:large","keywords":"noticias y actualidad","webmasterTools":{"google-site-verification":"UA-38556648-1","miscellaneous":""},"schema":{"@context":"https:\/\/schema.org","@graph":[{"@type":"Article","@id":"https:\/\/eldigitaldeasturias.com\/magazine365\/aviba-denuncia-la-imposibilidad-de-comprar-vuelos-entre-menorca-y-madrid-a-partir-de-octubre\/#article","name":"Aviba denuncia la imposibilidad de comprar vuelos entre Menorca y Madrid a partir de octubre | El Digital de Asturias","headline":"Aviba denuncia la imposibilidad de comprar vuelos entre Menorca y Madrid a partir de octubre","author":{"@id":"https:\/\/eldigitaldeasturias.com\/magazine365\/author\/admin\/#author"},"publisher":{"@id":"https:\/\/eldigitaldeasturias.com\/magazine365\/#organization"},"image":{"@type":"ImageObject","url":"https:\/\/eldigitaldeasturias.com\/magazine365\/wp-content\/uploads\/2016\/06\/fotonoticia_20160615184935_800.jpg","width":800,"height":483},"datePublished":"2016-06-15T23:36:40+02:00","dateModified":"2016-06-15T23:36:40+02:00","inLanguage":"es-ES","mainEntityOfPage":{"@id":"https:\/\/eldigitaldeasturias.com\/magazine365\/aviba-denuncia-la-imposibilidad-de-comprar-vuelos-entre-menorca-y-madrid-a-partir-de-octubre\/#webpage"},"isPartOf":{"@id":"https:\/\/eldigitaldeasturias.com\/magazine365\/aviba-denuncia-la-imposibilidad-de-comprar-vuelos-entre-menorca-y-madrid-a-partir-de-octubre\/#webpage"},"articleSection":"Noticias y Actualidad"},{"@type":"BreadcrumbList","@id":"https:\/\/eldigitaldeasturias.com\/magazine365\/aviba-denuncia-la-imposibilidad-de-comprar-vuelos-entre-menorca-y-madrid-a-partir-de-octubre\/#breadcrumblist","itemListElement":[{"@type":"ListItem","@id":"https:\/\/eldigitaldeasturias.com\/magazine365#listItem","position":1,"name":"Home","item":"https:\/\/eldigitaldeasturias.com\/magazine365","nextItem":{"@type":"ListItem","@id":"https:\/\/eldigitaldeasturias.com\/magazine365\/category\/noticias-actualidad\/#listItem","name":"Noticias y Actualidad"}},{"@type":"ListItem","@id":"https:\/\/eldigitaldeasturias.com\/magazine365\/category\/noticias-actualidad\/#listItem","position":2,"name":"Noticias y Actualidad","item":"https:\/\/eldigitaldeasturias.com\/magazine365\/category\/noticias-actualidad\/","nextItem":{"@type":"ListItem","@id":"https:\/\/eldigitaldeasturias.com\/magazine365\/aviba-denuncia-la-imposibilidad-de-comprar-vuelos-entre-menorca-y-madrid-a-partir-de-octubre\/#listItem","name":"Aviba denuncia la imposibilidad de comprar vuelos entre Menorca y Madrid a partir de octubre"},"previousItem":{"@type":"ListItem","@id":"https:\/\/eldigitaldeasturias.com\/magazine365#listItem","name":"Home"}},{"@type":"ListItem","@id":"https:\/\/eldigitaldeasturias.com\/magazine365\/aviba-denuncia-la-imposibilidad-de-comprar-vuelos-entre-menorca-y-madrid-a-partir-de-octubre\/#listItem","position":3,"name":"Aviba denuncia la imposibilidad de comprar vuelos entre Menorca y Madrid a partir de octubre","previousItem":{"@type":"ListItem","@id":"https:\/\/eldigitaldeasturias.com\/magazine365\/category\/noticias-actualidad\/#listItem","name":"Noticias y Actualidad"}}]},{"@type":"Organization","@id":"https:\/\/eldigitaldeasturias.com\/magazine365\/#organization","name":"El digital de Asturias","description":"Revista de ocio, turismo y estilo de vida","url":"https:\/\/eldigitaldeasturias.com\/magazine365\/","logo":{"@type":"ImageObject","url":"https:\/\/www.eldigitaldeasturias.com\/noticias\/wp-content\/uploads\/2020\/12\/EDA.jpg","@id":"https:\/\/eldigitaldeasturias.com\/magazine365\/aviba-denuncia-la-imposibilidad-de-comprar-vuelos-entre-menorca-y-madrid-a-partir-de-octubre\/#organizationLogo"},"image":{"@id":"https:\/\/eldigitaldeasturias.com\/magazine365\/aviba-denuncia-la-imposibilidad-de-comprar-vuelos-entre-menorca-y-madrid-a-partir-de-octubre\/#organizationLogo"}},{"@type":"Person","@id":"https:\/\/eldigitaldeasturias.com\/magazine365\/author\/admin\/#author","url":"https:\/\/eldigitaldeasturias.com\/magazine365\/author\/admin\/","name":"admin","image":{"@type":"ImageObject","@id":"https:\/\/eldigitaldeasturias.com\/magazine365\/aviba-denuncia-la-imposibilidad-de-comprar-vuelos-entre-menorca-y-madrid-a-partir-de-octubre\/#authorImage","url":"https:\/\/eldigitaldeasturias.com\/magazine365\/wp-content\/litespeed\/avatar\/e571bcf59a0edd6fa6838245a470f2fe.jpg?ver=1776969259","width":96,"height":96,"caption":"admin"}},{"@type":"WebPage","@id":"https:\/\/eldigitaldeasturias.com\/magazine365\/aviba-denuncia-la-imposibilidad-de-comprar-vuelos-entre-menorca-y-madrid-a-partir-de-octubre\/#webpage","url":"https:\/\/eldigitaldeasturias.com\/magazine365\/aviba-denuncia-la-imposibilidad-de-comprar-vuelos-entre-menorca-y-madrid-a-partir-de-octubre\/","name":"Aviba denuncia la imposibilidad de comprar vuelos entre Menorca y Madrid a partir de octubre | El Digital de Asturias","description":"La Asociaci\u00f3n de Agencias de Viajes de Balears (Aviba) ha denunciado este mi\u00e9rcoles la imposibilidad de comprar vuelos en la ruta de Obligaci\u00f3n y Servicio P\u00fablico (OSP) entre Menorca y Madrid, que est\u00e1 previsto que se reanude el 1 de octubre. Las agencias de viajes culpan de esa situaci\u00f3n a \"la previsi\u00f3n del Estado y","inLanguage":"es-ES","isPartOf":{"@id":"https:\/\/eldigitaldeasturias.com\/magazine365\/#website"},"breadcrumb":{"@id":"https:\/\/eldigitaldeasturias.com\/magazine365\/aviba-denuncia-la-imposibilidad-de-comprar-vuelos-entre-menorca-y-madrid-a-partir-de-octubre\/#breadcrumblist"},"author":{"@id":"https:\/\/eldigitaldeasturias.com\/magazine365\/author\/admin\/#author"},"creator":{"@id":"https:\/\/eldigitaldeasturias.com\/magazine365\/author\/admin\/#author"},"image":{"@type":"ImageObject","url":"https:\/\/eldigitaldeasturias.com\/magazine365\/wp-content\/uploads\/2016\/06\/fotonoticia_20160615184935_800.jpg","@id":"https:\/\/eldigitaldeasturias.com\/magazine365\/aviba-denuncia-la-imposibilidad-de-comprar-vuelos-entre-menorca-y-madrid-a-partir-de-octubre\/#mainImage","width":800,"height":483},"primaryImageOfPage":{"@id":"https:\/\/eldigitaldeasturias.com\/magazine365\/aviba-denuncia-la-imposibilidad-de-comprar-vuelos-entre-menorca-y-madrid-a-partir-de-octubre\/#mainImage"},"datePublished":"2016-06-15T23:36:40+02:00","dateModified":"2016-06-15T23:36:40+02:00"},{"@type":"WebSite","@id":"https:\/\/eldigitaldeasturias.com\/magazine365\/#website","url":"https:\/\/eldigitaldeasturias.com\/magazine365\/","name":"El Digital de Asturias","description":"Revista de ocio, turismo y estilo de vida","inLanguage":"es-ES","publisher":{"@id":"https:\/\/eldigitaldeasturias.com\/magazine365\/#organization"}}]},"og:locale":"es_ES","og:site_name":"El Digital de Asturias \u2013 Revista de ocio, turismo y estilo de vida","og:type":"article","og:title":"Aviba denuncia la imposibilidad de comprar vuelos entre Menorca y Madrid a partir de octubre | El Digital de Asturias","og:description":"La Asociaci\u00f3n de Agencias de Viajes de Balears (Aviba) ha denunciado este mi\u00e9rcoles la imposibilidad de comprar vuelos en la ruta de Obligaci\u00f3n y Servicio P\u00fablico (OSP) entre Menorca y Madrid, que est\u00e1 previsto que se reanude el 1 de octubre. Las agencias de viajes culpan de esa situaci\u00f3n a &quot;la previsi\u00f3n del Estado y","og:url":"https:\/\/eldigitaldeasturias.com\/magazine365\/aviba-denuncia-la-imposibilidad-de-comprar-vuelos-entre-menorca-y-madrid-a-partir-de-octubre\/","og:image":"https:\/\/eldigitaldeasturias.com\/magazine365\/wp-content\/uploads\/2016\/06\/fotonoticia_20160615184935_800.jpg","og:image:secure_url":"https:\/\/eldigitaldeasturias.com\/magazine365\/wp-content\/uploads\/2016\/06\/fotonoticia_20160615184935_800.jpg","og:image:width":800,"og:image:height":483,"article:published_time":"2016-06-15T21:36:40+00:00","article:modified_time":"2016-06-15T21:36:40+00:00","twitter:card":"summary_large_image","twitter:title":"Aviba denuncia la imposibilidad de comprar vuelos entre Menorca y Madrid a partir de octubre | El Digital de Asturias","twitter:description":"La Asociaci\u00f3n de Agencias de Viajes de Balears (Aviba) ha denunciado este mi\u00e9rcoles la imposibilidad de comprar vuelos en la ruta de Obligaci\u00f3n y Servicio P\u00fablico (OSP) entre Menorca y Madrid, que est\u00e1 previsto que se reanude el 1 de octubre. Las agencias de viajes culpan de esa situaci\u00f3n a &quot;la previsi\u00f3n del Estado y","twitter:image":"https:\/\/eldigitaldeasturias.com\/magazine365\/wp-content\/uploads\/2016\/06\/fotonoticia_20160615184935_800.jpg"},"aioseo_meta_data":{"post_id":"79545","title":null,"description":null,"keywords":null,"keyphrases":null,"primary_term":null,"canonical_url":null,"og_title":null,"og_description":null,"og_object_type":"default","og_image_type":"default","og_image_url":null,"og_image_width":null,"og_image_height":null,"og_image_custom_url":null,"og_image_custom_fields":null,"og_video":null,"og_custom_url":null,"og_article_section":null,"og_article_tags":null,"twitter_use_og":false,"twitter_card":"default","twitter_image_type":"default","twitter_image_url":null,"twitter_image_custom_url":null,"twitter_image_custom_fields":null,"twitter_title":null,"twitter_description":null,"schema":{"blockGraphs":[],"customGraphs":[],"default":{"data":{"Article":[],"Course":[],"Dataset":[],"FAQPage":[],"Movie":[],"Person":[],"Product":[],"ProductReview":[],"Car":[],"Recipe":[],"Service":[],"SoftwareApplication":[],"WebPage":[]},"graphName":"","isEnabled":true},"graphs":[],"defaultGraph":"","defaultPostTypeGraph":""},"schema_type":null,"schema_type_options":null,"pillar_content":false,"robots_default":true,"robots_noindex":false,"robots_noarchive":false,"robots_nosnippet":false,"robots_nofollow":false,"robots_noimageindex":false,"robots_noodp":false,"robots_notranslate":false,"robots_max_snippet":null,"robots_max_videopreview":null,"robots_max_imagepreview":"large","priority":null,"frequency":null,"location":null,"local_seo":null,"seo_analyzer_scan_date":"2025-09-27 19:07:42","breadcrumb_settings":null,"limit_modified_date":false,"open_ai":null,"ai":null,"created":"2021-03-08 17:47:25","updated":"2025-09-27 19:07:42"},"aioseo_breadcrumb":"<div class=\"aioseo-breadcrumbs\"><span class=\"aioseo-breadcrumb\">\n\t<a href=\"https:\/\/eldigitaldeasturias.com\/magazine365\" title=\"Home\">Home<\/a>\n<\/span><span class=\"aioseo-breadcrumb-separator\">\u2013<\/span><span class=\"aioseo-breadcrumb\">\n\t<a href=\"https:\/\/eldigitaldeasturias.com\/magazine365\/category\/noticias-actualidad\/\" title=\"Noticias y Actualidad\">Noticias y Actualidad<\/a>\n<\/span><span class=\"aioseo-breadcrumb-separator\">\u2013<\/span><span class=\"aioseo-breadcrumb\">\n\t<a href=\"https:\/\/eldigitaldeasturias.com\/magazine365\/aviba-denuncia-la-imposibilidad-de-comprar-vuelos-entre-menorca-y-madrid-a-partir-de-octubre\/\" title=\"Aviba denuncia la imposibilidad de comprar vuelos entre Menorca y Madrid a partir de octubre\">Aviba denuncia la imposibilidad de comprar vuelos entre Menorca y Madrid a partir de octubre<\/a>\n<\/span><\/div>","aioseo_breadcrumb_json":[{"label":"Home","link":"https:\/\/eldigitaldeasturias.com\/magazine365"},{"label":"Noticias y Actualidad","link":"https:\/\/eldigitaldeasturias.com\/magazine365\/category\/noticias-actualidad\/"},{"label":"Aviba denuncia la imposibilidad de comprar vuelos entre Menorca y Madrid a partir de octubre","link":"https:\/\/eldigitaldeasturias.com\/magazine365\/aviba-denuncia-la-imposibilidad-de-comprar-vuelos-entre-menorca-y-madrid-a-partir-de-octubre\/"}],"_links":{"self":[{"href":"https:\/\/eldigitaldeasturias.com\/magazine365\/wp-json\/wp\/v2\/posts\/79545","targetHints":{"allow":["GET"]}}],"collection":[{"href":"https:\/\/eldigitaldeasturias.com\/magazine365\/wp-json\/wp\/v2\/posts"}],"about":[{"href":"https:\/\/eldigitaldeasturias.com\/magazine365\/wp-json\/wp\/v2\/types\/post"}],"author":[{"embeddable":true,"href":"https:\/\/eldigitaldeasturias.com\/magazine365\/wp-json\/wp\/v2\/users\/1"}],"replies":[{"embeddable":true,"href":"https:\/\/eldigitaldeasturias.com\/magazine365\/wp-json\/wp\/v2\/comments?post=79545"}],"version-history":[{"count":0,"href":"https:\/\/eldigitaldeasturias.com\/magazine365\/wp-json\/wp\/v2\/posts\/79545\/revisions"}],"wp:featuredmedia":[{"embeddable":true,"href":"https:\/\/eldigitaldeasturias.com\/magazine365\/wp-json\/wp\/v2\/media\/79546"}],"wp:attachment":[{"href":"https:\/\/eldigitaldeasturias.com\/magazine365\/wp-json\/wp\/v2\/media?parent=79545"}],"wp:term":[{"taxonomy":"category","embeddable":true,"href":"https:\/\/eldigitaldeasturias.com\/magazine365\/wp-json\/wp\/v2\/categories?post=79545"},{"taxonomy":"post_tag","embeddable":true,"href":"https:\/\/eldigitaldeasturias.com\/magazine365\/wp-json\/wp\/v2\/tags?post=79545"}],"curies":[{"name":"wp","href":"https:\/\/api.w.org\/{rel}","templated":true}]}}