{"id":79542,"date":"2016-06-15T23:35:49","date_gmt":"2016-06-15T21:35:49","guid":{"rendered":"http:\/\/eldigitaldeasturias.com\/magazine365\/?p=79542"},"modified":"2016-06-15T23:35:49","modified_gmt":"2016-06-15T21:35:49","slug":"cs-reclama-una-solucion-a-la-movilidad-entre-rincon-de-la-victoria-y-el-aeropuerto-de-malaga","status":"publish","type":"post","link":"https:\/\/eldigitaldeasturias.com\/magazine365\/cs-reclama-una-solucion-a-la-movilidad-entre-rincon-de-la-victoria-y-el-aeropuerto-de-malaga\/","title":{"rendered":"C&#8217;s reclama una soluci\u00f3n a la movilidad entre Rinc\u00f3n de la Victoria y el aeropuerto de M\u00e1laga"},"content":{"rendered":"<p><img fetchpriority=\"high\" decoding=\"async\" class=\"alignleft size-medium wp-image-79543\" src=\"https:\/\/eldigitaldeasturias.com\/magazine365\/wp-content\/uploads\/2016\/06\/fotonoticia_20160615183935_800-360x270.jpg\" alt=\"fotonoticia_20160615183935_800\" width=\"360\" height=\"270\" srcset=\"https:\/\/eldigitaldeasturias.com\/magazine365\/wp-content\/uploads\/2016\/06\/fotonoticia_20160615183935_800-360x270.jpg 360w, https:\/\/eldigitaldeasturias.com\/magazine365\/wp-content\/uploads\/2016\/06\/fotonoticia_20160615183935_800-650x488.jpg 650w, https:\/\/eldigitaldeasturias.com\/magazine365\/wp-content\/uploads\/2016\/06\/fotonoticia_20160615183935_800-768x576.jpg 768w, https:\/\/eldigitaldeasturias.com\/magazine365\/wp-content\/uploads\/2016\/06\/fotonoticia_20160615183935_800-150x113.jpg 150w, https:\/\/eldigitaldeasturias.com\/magazine365\/wp-content\/uploads\/2016\/06\/fotonoticia_20160615183935_800-450x338.jpg 450w, https:\/\/eldigitaldeasturias.com\/magazine365\/wp-content\/uploads\/2016\/06\/fotonoticia_20160615183935_800-90x67.jpg 90w, https:\/\/eldigitaldeasturias.com\/magazine365\/wp-content\/uploads\/2016\/06\/fotonoticia_20160615183935_800-164x124.jpg 164w, https:\/\/eldigitaldeasturias.com\/magazine365\/wp-content\/uploads\/2016\/06\/fotonoticia_20160615183935_800-100x75.jpg 100w, https:\/\/eldigitaldeasturias.com\/magazine365\/wp-content\/uploads\/2016\/06\/fotonoticia_20160615183935_800.jpg 800w\" sizes=\"(max-width: 360px) 100vw, 360px\" \/>La cabeza de lista de Ciudadanos por M\u00e1laga al Congreso, Irene Rivera, ha reclamado una \u00absoluci\u00f3n al problema de movilidad\u00bb entre el municipio malague\u00f1o de Rinc\u00f3n de la Victoria y el aeropuerto de M\u00e1laga.<\/p>\n<p>Rivera, que ha visitado este mi\u00e9rcoles el mercadillo de Rinc\u00f3n de la Victoria, ha resaltado que all\u00ed, como en el resto de la provincia de M\u00e1laga, \u00abel sector m\u00e1s importante es el turismo\u00bb y ha agregado que \u00abnos llama la atenci\u00f3n el problema de movilidad que nos comunican los vecinos: que no haya un autob\u00fas directo entre el aeropuerto y Rinc\u00f3n de la Victoria\u00bb.<\/p>\n<p>En este sentido, ha lamentado tambi\u00e9n que \u00ablos pocos autobuses que hay conectan con la estaci\u00f3n de AVE y la de autobuses, pero no se coordinan los horarios\u00bb.<\/p>\n<p>Por otro lado, ha citado las cifras del paro y ha agregado que \u00aben Rinc\u00f3n existe un desempleo enorme en el rango de edad entre 35 y 49 a\u00f1os que es superior a la media de la provincia\u00bb, se\u00f1alado, de igual modo, que \u00abes m\u00e1s dif\u00edcil encontrar trabajo para las personas que tienen una carrera universitaria que para las que no tienen formaci\u00f3n\u00bb.<\/p>\n<p>Tambi\u00e9n se ha referido a la actividad que est\u00e1 desarrollando el grupo municipal de Ciudadanos en el Ayuntamiento de Rinc\u00f3n de la Victoria y ha destacado el trabajo que se est\u00e1 realizando con el Gobierno central para impulsar la regeneraci\u00f3n de las playas, \u00abporque, aunque hay di\u00e1logo con Costas, siempre se tiene que anticipar el Ayuntamiento en esta materia\u00bb.<\/p>\n<p>Por \u00faltimo, Rivera, que ha remarcado que \u00abse necesita potenciar la industria en el Rinc\u00f3n de la Victoria\u00bb, ha hecho referencia a otra de las propuestas que ha desarrollado el grupo municipal, como es una sala de lactancia en el propio Ayuntamiento. \u00abDeber\u00edamos implantar medidas como \u00e9sta en toda Espa\u00f1a para que se beneficiaran no s\u00f3lo las trabajadores municipales sino todas las ciudadanas\u00bb, ha concluido.<\/p>\n","protected":false},"excerpt":{"rendered":"<p>La cabeza de lista de Ciudadanos por M\u00e1laga al Congreso, Irene Rivera, ha reclamado una \u00absoluci\u00f3n al problema de movilidad\u00bb entre el municipio malague\u00f1o de Rinc\u00f3n de la Victoria y el aeropuerto de M\u00e1laga. Rivera, que ha visitado este mi\u00e9rcoles el mercadillo de Rinc\u00f3n de la Victoria, ha resaltado que all\u00ed, como en el resto<\/p>\n","protected":false},"author":1,"featured_media":79543,"comment_status":"open","ping_status":"closed","sticky":false,"template":"","format":"standard","meta":{"footnotes":""},"categories":[224],"tags":[],"class_list":{"0":"post-79542","1":"post","2":"type-post","3":"status-publish","4":"format-standard","5":"has-post-thumbnail","7":"category-noticias-actualidad"},"aioseo_notices":[],"aioseo_head":"\n\t\t<!-- All in One SEO Pro 4.9.6.1 - aioseo.com -->\n\t<meta name=\"description\" content=\"La cabeza de lista de Ciudadanos por M\u00e1laga al Congreso, Irene Rivera, ha reclamado una &quot;soluci\u00f3n al problema de movilidad&quot; entre el municipio malague\u00f1o de Rinc\u00f3n de la Victoria y el aeropuerto de M\u00e1laga. Rivera, que ha visitado este mi\u00e9rcoles el mercadillo de Rinc\u00f3n de la Victoria, ha resaltado que all\u00ed, como en el resto\" \/>\n\t<meta name=\"robots\" content=\"max-image-preview:large\" \/>\n\t<meta name=\"author\" content=\"admin\"\/>\n\t<meta name=\"google-site-verification\" content=\"UA-38556648-1\" \/>\n\t<meta name=\"keywords\" content=\"noticias y actualidad\" \/>\n\t<link rel=\"canonical\" href=\"https:\/\/eldigitaldeasturias.com\/magazine365\/cs-reclama-una-solucion-a-la-movilidad-entre-rincon-de-la-victoria-y-el-aeropuerto-de-malaga\/\" \/>\n\t<meta name=\"generator\" content=\"All in One SEO Pro (AIOSEO) 4.9.6.1\" \/>\n\t\t<meta property=\"og:locale\" content=\"es_ES\" \/>\n\t\t<meta property=\"og:site_name\" content=\"El Digital de Asturias \u2013 Revista de ocio, turismo y estilo de vida\" \/>\n\t\t<meta property=\"og:type\" content=\"article\" \/>\n\t\t<meta property=\"og:title\" content=\"C\u2019s reclama una soluci\u00f3n a la movilidad entre Rinc\u00f3n de la Victoria y el aeropuerto de M\u00e1laga | El Digital de Asturias\" \/>\n\t\t<meta property=\"og:description\" content=\"La cabeza de lista de Ciudadanos por M\u00e1laga al Congreso, Irene Rivera, ha reclamado una &quot;soluci\u00f3n al problema de movilidad&quot; entre el municipio malague\u00f1o de Rinc\u00f3n de la Victoria y el aeropuerto de M\u00e1laga. Rivera, que ha visitado este mi\u00e9rcoles el mercadillo de Rinc\u00f3n de la Victoria, ha resaltado que all\u00ed, como en el resto\" \/>\n\t\t<meta property=\"og:url\" content=\"https:\/\/eldigitaldeasturias.com\/magazine365\/cs-reclama-una-solucion-a-la-movilidad-entre-rincon-de-la-victoria-y-el-aeropuerto-de-malaga\/\" \/>\n\t\t<meta property=\"og:image\" content=\"https:\/\/eldigitaldeasturias.com\/magazine365\/wp-content\/uploads\/2016\/06\/fotonoticia_20160615183935_800.jpg\" \/>\n\t\t<meta property=\"og:image:secure_url\" content=\"https:\/\/eldigitaldeasturias.com\/magazine365\/wp-content\/uploads\/2016\/06\/fotonoticia_20160615183935_800.jpg\" \/>\n\t\t<meta property=\"og:image:width\" content=\"800\" \/>\n\t\t<meta property=\"og:image:height\" content=\"600\" \/>\n\t\t<meta property=\"article:published_time\" content=\"2016-06-15T21:35:49+00:00\" \/>\n\t\t<meta property=\"article:modified_time\" content=\"2016-06-15T21:35:49+00:00\" \/>\n\t\t<meta name=\"twitter:card\" content=\"summary_large_image\" \/>\n\t\t<meta name=\"twitter:title\" content=\"C\u2019s reclama una soluci\u00f3n a la movilidad entre Rinc\u00f3n de la Victoria y el aeropuerto de M\u00e1laga | El Digital de Asturias\" \/>\n\t\t<meta name=\"twitter:description\" content=\"La cabeza de lista de Ciudadanos por M\u00e1laga al Congreso, Irene Rivera, ha reclamado una &quot;soluci\u00f3n al problema de movilidad&quot; entre el municipio malague\u00f1o de Rinc\u00f3n de la Victoria y el aeropuerto de M\u00e1laga. Rivera, que ha visitado este mi\u00e9rcoles el mercadillo de Rinc\u00f3n de la Victoria, ha resaltado que all\u00ed, como en el resto\" \/>\n\t\t<meta name=\"twitter:image\" content=\"https:\/\/eldigitaldeasturias.com\/magazine365\/wp-content\/uploads\/2016\/06\/fotonoticia_20160615183935_800.jpg\" \/>\n\t\t<script type=\"application\/ld+json\" class=\"aioseo-schema\">\n\t\t\t{\"@context\":\"https:\\\/\\\/schema.org\",\"@graph\":[{\"@type\":\"Article\",\"@id\":\"https:\\\/\\\/eldigitaldeasturias.com\\\/magazine365\\\/cs-reclama-una-solucion-a-la-movilidad-entre-rincon-de-la-victoria-y-el-aeropuerto-de-malaga\\\/#article\",\"name\":\"C\\u2019s reclama una soluci\\u00f3n a la movilidad entre Rinc\\u00f3n de la Victoria y el aeropuerto de M\\u00e1laga | El Digital de Asturias\",\"headline\":\"C&#8217;s reclama una soluci\\u00f3n a la movilidad entre Rinc\\u00f3n de la Victoria y el aeropuerto de M\\u00e1laga\",\"author\":{\"@id\":\"https:\\\/\\\/eldigitaldeasturias.com\\\/magazine365\\\/author\\\/admin\\\/#author\"},\"publisher\":{\"@id\":\"https:\\\/\\\/eldigitaldeasturias.com\\\/magazine365\\\/#organization\"},\"image\":{\"@type\":\"ImageObject\",\"url\":\"https:\\\/\\\/eldigitaldeasturias.com\\\/magazine365\\\/wp-content\\\/uploads\\\/2016\\\/06\\\/fotonoticia_20160615183935_800.jpg\",\"width\":800,\"height\":600},\"datePublished\":\"2016-06-15T23:35:49+02:00\",\"dateModified\":\"2016-06-15T23:35:49+02:00\",\"inLanguage\":\"es-ES\",\"mainEntityOfPage\":{\"@id\":\"https:\\\/\\\/eldigitaldeasturias.com\\\/magazine365\\\/cs-reclama-una-solucion-a-la-movilidad-entre-rincon-de-la-victoria-y-el-aeropuerto-de-malaga\\\/#webpage\"},\"isPartOf\":{\"@id\":\"https:\\\/\\\/eldigitaldeasturias.com\\\/magazine365\\\/cs-reclama-una-solucion-a-la-movilidad-entre-rincon-de-la-victoria-y-el-aeropuerto-de-malaga\\\/#webpage\"},\"articleSection\":\"Noticias y Actualidad\"},{\"@type\":\"BreadcrumbList\",\"@id\":\"https:\\\/\\\/eldigitaldeasturias.com\\\/magazine365\\\/cs-reclama-una-solucion-a-la-movilidad-entre-rincon-de-la-victoria-y-el-aeropuerto-de-malaga\\\/#breadcrumblist\",\"itemListElement\":[{\"@type\":\"ListItem\",\"@id\":\"https:\\\/\\\/eldigitaldeasturias.com\\\/magazine365#listItem\",\"position\":1,\"name\":\"Home\",\"item\":\"https:\\\/\\\/eldigitaldeasturias.com\\\/magazine365\",\"nextItem\":{\"@type\":\"ListItem\",\"@id\":\"https:\\\/\\\/eldigitaldeasturias.com\\\/magazine365\\\/category\\\/noticias-actualidad\\\/#listItem\",\"name\":\"Noticias y Actualidad\"}},{\"@type\":\"ListItem\",\"@id\":\"https:\\\/\\\/eldigitaldeasturias.com\\\/magazine365\\\/category\\\/noticias-actualidad\\\/#listItem\",\"position\":2,\"name\":\"Noticias y Actualidad\",\"item\":\"https:\\\/\\\/eldigitaldeasturias.com\\\/magazine365\\\/category\\\/noticias-actualidad\\\/\",\"nextItem\":{\"@type\":\"ListItem\",\"@id\":\"https:\\\/\\\/eldigitaldeasturias.com\\\/magazine365\\\/cs-reclama-una-solucion-a-la-movilidad-entre-rincon-de-la-victoria-y-el-aeropuerto-de-malaga\\\/#listItem\",\"name\":\"C&#8217;s reclama una soluci\\u00f3n a la movilidad entre Rinc\\u00f3n de la Victoria y el aeropuerto de M\\u00e1laga\"},\"previousItem\":{\"@type\":\"ListItem\",\"@id\":\"https:\\\/\\\/eldigitaldeasturias.com\\\/magazine365#listItem\",\"name\":\"Home\"}},{\"@type\":\"ListItem\",\"@id\":\"https:\\\/\\\/eldigitaldeasturias.com\\\/magazine365\\\/cs-reclama-una-solucion-a-la-movilidad-entre-rincon-de-la-victoria-y-el-aeropuerto-de-malaga\\\/#listItem\",\"position\":3,\"name\":\"C&#8217;s reclama una soluci\\u00f3n a la movilidad entre Rinc\\u00f3n de la Victoria y el aeropuerto de M\\u00e1laga\",\"previousItem\":{\"@type\":\"ListItem\",\"@id\":\"https:\\\/\\\/eldigitaldeasturias.com\\\/magazine365\\\/category\\\/noticias-actualidad\\\/#listItem\",\"name\":\"Noticias y Actualidad\"}}]},{\"@type\":\"Organization\",\"@id\":\"https:\\\/\\\/eldigitaldeasturias.com\\\/magazine365\\\/#organization\",\"name\":\"El digital de Asturias\",\"description\":\"Revista de ocio, turismo y estilo de vida\",\"url\":\"https:\\\/\\\/eldigitaldeasturias.com\\\/magazine365\\\/\",\"logo\":{\"@type\":\"ImageObject\",\"url\":\"https:\\\/\\\/www.eldigitaldeasturias.com\\\/noticias\\\/wp-content\\\/uploads\\\/2020\\\/12\\\/EDA.jpg\",\"@id\":\"https:\\\/\\\/eldigitaldeasturias.com\\\/magazine365\\\/cs-reclama-una-solucion-a-la-movilidad-entre-rincon-de-la-victoria-y-el-aeropuerto-de-malaga\\\/#organizationLogo\"},\"image\":{\"@id\":\"https:\\\/\\\/eldigitaldeasturias.com\\\/magazine365\\\/cs-reclama-una-solucion-a-la-movilidad-entre-rincon-de-la-victoria-y-el-aeropuerto-de-malaga\\\/#organizationLogo\"}},{\"@type\":\"Person\",\"@id\":\"https:\\\/\\\/eldigitaldeasturias.com\\\/magazine365\\\/author\\\/admin\\\/#author\",\"url\":\"https:\\\/\\\/eldigitaldeasturias.com\\\/magazine365\\\/author\\\/admin\\\/\",\"name\":\"admin\",\"image\":{\"@type\":\"ImageObject\",\"@id\":\"https:\\\/\\\/eldigitaldeasturias.com\\\/magazine365\\\/cs-reclama-una-solucion-a-la-movilidad-entre-rincon-de-la-victoria-y-el-aeropuerto-de-malaga\\\/#authorImage\",\"url\":\"https:\\\/\\\/eldigitaldeasturias.com\\\/magazine365\\\/wp-content\\\/litespeed\\\/avatar\\\/e571bcf59a0edd6fa6838245a470f2fe.jpg?ver=1776969259\",\"width\":96,\"height\":96,\"caption\":\"admin\"}},{\"@type\":\"WebPage\",\"@id\":\"https:\\\/\\\/eldigitaldeasturias.com\\\/magazine365\\\/cs-reclama-una-solucion-a-la-movilidad-entre-rincon-de-la-victoria-y-el-aeropuerto-de-malaga\\\/#webpage\",\"url\":\"https:\\\/\\\/eldigitaldeasturias.com\\\/magazine365\\\/cs-reclama-una-solucion-a-la-movilidad-entre-rincon-de-la-victoria-y-el-aeropuerto-de-malaga\\\/\",\"name\":\"C\\u2019s reclama una soluci\\u00f3n a la movilidad entre Rinc\\u00f3n de la Victoria y el aeropuerto de M\\u00e1laga | El Digital de Asturias\",\"description\":\"La cabeza de lista de Ciudadanos por M\\u00e1laga al Congreso, Irene Rivera, ha reclamado una \\\"soluci\\u00f3n al problema de movilidad\\\" entre el municipio malague\\u00f1o de Rinc\\u00f3n de la Victoria y el aeropuerto de M\\u00e1laga. Rivera, que ha visitado este mi\\u00e9rcoles el mercadillo de Rinc\\u00f3n de la Victoria, ha resaltado que all\\u00ed, como en el resto\",\"inLanguage\":\"es-ES\",\"isPartOf\":{\"@id\":\"https:\\\/\\\/eldigitaldeasturias.com\\\/magazine365\\\/#website\"},\"breadcrumb\":{\"@id\":\"https:\\\/\\\/eldigitaldeasturias.com\\\/magazine365\\\/cs-reclama-una-solucion-a-la-movilidad-entre-rincon-de-la-victoria-y-el-aeropuerto-de-malaga\\\/#breadcrumblist\"},\"author\":{\"@id\":\"https:\\\/\\\/eldigitaldeasturias.com\\\/magazine365\\\/author\\\/admin\\\/#author\"},\"creator\":{\"@id\":\"https:\\\/\\\/eldigitaldeasturias.com\\\/magazine365\\\/author\\\/admin\\\/#author\"},\"image\":{\"@type\":\"ImageObject\",\"url\":\"https:\\\/\\\/eldigitaldeasturias.com\\\/magazine365\\\/wp-content\\\/uploads\\\/2016\\\/06\\\/fotonoticia_20160615183935_800.jpg\",\"@id\":\"https:\\\/\\\/eldigitaldeasturias.com\\\/magazine365\\\/cs-reclama-una-solucion-a-la-movilidad-entre-rincon-de-la-victoria-y-el-aeropuerto-de-malaga\\\/#mainImage\",\"width\":800,\"height\":600},\"primaryImageOfPage\":{\"@id\":\"https:\\\/\\\/eldigitaldeasturias.com\\\/magazine365\\\/cs-reclama-una-solucion-a-la-movilidad-entre-rincon-de-la-victoria-y-el-aeropuerto-de-malaga\\\/#mainImage\"},\"datePublished\":\"2016-06-15T23:35:49+02:00\",\"dateModified\":\"2016-06-15T23:35:49+02:00\"},{\"@type\":\"WebSite\",\"@id\":\"https:\\\/\\\/eldigitaldeasturias.com\\\/magazine365\\\/#website\",\"url\":\"https:\\\/\\\/eldigitaldeasturias.com\\\/magazine365\\\/\",\"name\":\"El Digital de Asturias\",\"description\":\"Revista de ocio, turismo y estilo de vida\",\"inLanguage\":\"es-ES\",\"publisher\":{\"@id\":\"https:\\\/\\\/eldigitaldeasturias.com\\\/magazine365\\\/#organization\"}}]}\n\t\t<\/script>\n\t\t<!-- All in One SEO Pro -->\r\n\t\t<title>C\u2019s reclama una soluci\u00f3n a la movilidad entre Rinc\u00f3n de la Victoria y el aeropuerto de M\u00e1laga | El Digital de Asturias<\/title>\n\n","aioseo_head_json":{"title":"C\u2019s reclama una soluci\u00f3n a la movilidad entre Rinc\u00f3n de la Victoria y el aeropuerto de M\u00e1laga | El Digital de Asturias","description":"La cabeza de lista de Ciudadanos por M\u00e1laga al Congreso, Irene Rivera, ha reclamado una \"soluci\u00f3n al problema de movilidad\" entre el municipio malague\u00f1o de Rinc\u00f3n de la Victoria y el aeropuerto de M\u00e1laga. Rivera, que ha visitado este mi\u00e9rcoles el mercadillo de Rinc\u00f3n de la Victoria, ha resaltado que all\u00ed, como en el resto","canonical_url":"https:\/\/eldigitaldeasturias.com\/magazine365\/cs-reclama-una-solucion-a-la-movilidad-entre-rincon-de-la-victoria-y-el-aeropuerto-de-malaga\/","robots":"max-image-preview:large","keywords":"noticias y actualidad","webmasterTools":{"google-site-verification":"UA-38556648-1","miscellaneous":""},"schema":{"@context":"https:\/\/schema.org","@graph":[{"@type":"Article","@id":"https:\/\/eldigitaldeasturias.com\/magazine365\/cs-reclama-una-solucion-a-la-movilidad-entre-rincon-de-la-victoria-y-el-aeropuerto-de-malaga\/#article","name":"C\u2019s reclama una soluci\u00f3n a la movilidad entre Rinc\u00f3n de la Victoria y el aeropuerto de M\u00e1laga | El Digital de Asturias","headline":"C&#8217;s reclama una soluci\u00f3n a la movilidad entre Rinc\u00f3n de la Victoria y el aeropuerto de M\u00e1laga","author":{"@id":"https:\/\/eldigitaldeasturias.com\/magazine365\/author\/admin\/#author"},"publisher":{"@id":"https:\/\/eldigitaldeasturias.com\/magazine365\/#organization"},"image":{"@type":"ImageObject","url":"https:\/\/eldigitaldeasturias.com\/magazine365\/wp-content\/uploads\/2016\/06\/fotonoticia_20160615183935_800.jpg","width":800,"height":600},"datePublished":"2016-06-15T23:35:49+02:00","dateModified":"2016-06-15T23:35:49+02:00","inLanguage":"es-ES","mainEntityOfPage":{"@id":"https:\/\/eldigitaldeasturias.com\/magazine365\/cs-reclama-una-solucion-a-la-movilidad-entre-rincon-de-la-victoria-y-el-aeropuerto-de-malaga\/#webpage"},"isPartOf":{"@id":"https:\/\/eldigitaldeasturias.com\/magazine365\/cs-reclama-una-solucion-a-la-movilidad-entre-rincon-de-la-victoria-y-el-aeropuerto-de-malaga\/#webpage"},"articleSection":"Noticias y Actualidad"},{"@type":"BreadcrumbList","@id":"https:\/\/eldigitaldeasturias.com\/magazine365\/cs-reclama-una-solucion-a-la-movilidad-entre-rincon-de-la-victoria-y-el-aeropuerto-de-malaga\/#breadcrumblist","itemListElement":[{"@type":"ListItem","@id":"https:\/\/eldigitaldeasturias.com\/magazine365#listItem","position":1,"name":"Home","item":"https:\/\/eldigitaldeasturias.com\/magazine365","nextItem":{"@type":"ListItem","@id":"https:\/\/eldigitaldeasturias.com\/magazine365\/category\/noticias-actualidad\/#listItem","name":"Noticias y Actualidad"}},{"@type":"ListItem","@id":"https:\/\/eldigitaldeasturias.com\/magazine365\/category\/noticias-actualidad\/#listItem","position":2,"name":"Noticias y Actualidad","item":"https:\/\/eldigitaldeasturias.com\/magazine365\/category\/noticias-actualidad\/","nextItem":{"@type":"ListItem","@id":"https:\/\/eldigitaldeasturias.com\/magazine365\/cs-reclama-una-solucion-a-la-movilidad-entre-rincon-de-la-victoria-y-el-aeropuerto-de-malaga\/#listItem","name":"C&#8217;s reclama una soluci\u00f3n a la movilidad entre Rinc\u00f3n de la Victoria y el aeropuerto de M\u00e1laga"},"previousItem":{"@type":"ListItem","@id":"https:\/\/eldigitaldeasturias.com\/magazine365#listItem","name":"Home"}},{"@type":"ListItem","@id":"https:\/\/eldigitaldeasturias.com\/magazine365\/cs-reclama-una-solucion-a-la-movilidad-entre-rincon-de-la-victoria-y-el-aeropuerto-de-malaga\/#listItem","position":3,"name":"C&#8217;s reclama una soluci\u00f3n a la movilidad entre Rinc\u00f3n de la Victoria y el aeropuerto de M\u00e1laga","previousItem":{"@type":"ListItem","@id":"https:\/\/eldigitaldeasturias.com\/magazine365\/category\/noticias-actualidad\/#listItem","name":"Noticias y Actualidad"}}]},{"@type":"Organization","@id":"https:\/\/eldigitaldeasturias.com\/magazine365\/#organization","name":"El digital de Asturias","description":"Revista de ocio, turismo y estilo de vida","url":"https:\/\/eldigitaldeasturias.com\/magazine365\/","logo":{"@type":"ImageObject","url":"https:\/\/www.eldigitaldeasturias.com\/noticias\/wp-content\/uploads\/2020\/12\/EDA.jpg","@id":"https:\/\/eldigitaldeasturias.com\/magazine365\/cs-reclama-una-solucion-a-la-movilidad-entre-rincon-de-la-victoria-y-el-aeropuerto-de-malaga\/#organizationLogo"},"image":{"@id":"https:\/\/eldigitaldeasturias.com\/magazine365\/cs-reclama-una-solucion-a-la-movilidad-entre-rincon-de-la-victoria-y-el-aeropuerto-de-malaga\/#organizationLogo"}},{"@type":"Person","@id":"https:\/\/eldigitaldeasturias.com\/magazine365\/author\/admin\/#author","url":"https:\/\/eldigitaldeasturias.com\/magazine365\/author\/admin\/","name":"admin","image":{"@type":"ImageObject","@id":"https:\/\/eldigitaldeasturias.com\/magazine365\/cs-reclama-una-solucion-a-la-movilidad-entre-rincon-de-la-victoria-y-el-aeropuerto-de-malaga\/#authorImage","url":"https:\/\/eldigitaldeasturias.com\/magazine365\/wp-content\/litespeed\/avatar\/e571bcf59a0edd6fa6838245a470f2fe.jpg?ver=1776969259","width":96,"height":96,"caption":"admin"}},{"@type":"WebPage","@id":"https:\/\/eldigitaldeasturias.com\/magazine365\/cs-reclama-una-solucion-a-la-movilidad-entre-rincon-de-la-victoria-y-el-aeropuerto-de-malaga\/#webpage","url":"https:\/\/eldigitaldeasturias.com\/magazine365\/cs-reclama-una-solucion-a-la-movilidad-entre-rincon-de-la-victoria-y-el-aeropuerto-de-malaga\/","name":"C\u2019s reclama una soluci\u00f3n a la movilidad entre Rinc\u00f3n de la Victoria y el aeropuerto de M\u00e1laga | El Digital de Asturias","description":"La cabeza de lista de Ciudadanos por M\u00e1laga al Congreso, Irene Rivera, ha reclamado una \"soluci\u00f3n al problema de movilidad\" entre el municipio malague\u00f1o de Rinc\u00f3n de la Victoria y el aeropuerto de M\u00e1laga. Rivera, que ha visitado este mi\u00e9rcoles el mercadillo de Rinc\u00f3n de la Victoria, ha resaltado que all\u00ed, como en el resto","inLanguage":"es-ES","isPartOf":{"@id":"https:\/\/eldigitaldeasturias.com\/magazine365\/#website"},"breadcrumb":{"@id":"https:\/\/eldigitaldeasturias.com\/magazine365\/cs-reclama-una-solucion-a-la-movilidad-entre-rincon-de-la-victoria-y-el-aeropuerto-de-malaga\/#breadcrumblist"},"author":{"@id":"https:\/\/eldigitaldeasturias.com\/magazine365\/author\/admin\/#author"},"creator":{"@id":"https:\/\/eldigitaldeasturias.com\/magazine365\/author\/admin\/#author"},"image":{"@type":"ImageObject","url":"https:\/\/eldigitaldeasturias.com\/magazine365\/wp-content\/uploads\/2016\/06\/fotonoticia_20160615183935_800.jpg","@id":"https:\/\/eldigitaldeasturias.com\/magazine365\/cs-reclama-una-solucion-a-la-movilidad-entre-rincon-de-la-victoria-y-el-aeropuerto-de-malaga\/#mainImage","width":800,"height":600},"primaryImageOfPage":{"@id":"https:\/\/eldigitaldeasturias.com\/magazine365\/cs-reclama-una-solucion-a-la-movilidad-entre-rincon-de-la-victoria-y-el-aeropuerto-de-malaga\/#mainImage"},"datePublished":"2016-06-15T23:35:49+02:00","dateModified":"2016-06-15T23:35:49+02:00"},{"@type":"WebSite","@id":"https:\/\/eldigitaldeasturias.com\/magazine365\/#website","url":"https:\/\/eldigitaldeasturias.com\/magazine365\/","name":"El Digital de Asturias","description":"Revista de ocio, turismo y estilo de vida","inLanguage":"es-ES","publisher":{"@id":"https:\/\/eldigitaldeasturias.com\/magazine365\/#organization"}}]},"og:locale":"es_ES","og:site_name":"El Digital de Asturias \u2013 Revista de ocio, turismo y estilo de vida","og:type":"article","og:title":"C\u2019s reclama una soluci\u00f3n a la movilidad entre Rinc\u00f3n de la Victoria y el aeropuerto de M\u00e1laga | El Digital de Asturias","og:description":"La cabeza de lista de Ciudadanos por M\u00e1laga al Congreso, Irene Rivera, ha reclamado una &quot;soluci\u00f3n al problema de movilidad&quot; entre el municipio malague\u00f1o de Rinc\u00f3n de la Victoria y el aeropuerto de M\u00e1laga. Rivera, que ha visitado este mi\u00e9rcoles el mercadillo de Rinc\u00f3n de la Victoria, ha resaltado que all\u00ed, como en el resto","og:url":"https:\/\/eldigitaldeasturias.com\/magazine365\/cs-reclama-una-solucion-a-la-movilidad-entre-rincon-de-la-victoria-y-el-aeropuerto-de-malaga\/","og:image":"https:\/\/eldigitaldeasturias.com\/magazine365\/wp-content\/uploads\/2016\/06\/fotonoticia_20160615183935_800.jpg","og:image:secure_url":"https:\/\/eldigitaldeasturias.com\/magazine365\/wp-content\/uploads\/2016\/06\/fotonoticia_20160615183935_800.jpg","og:image:width":800,"og:image:height":600,"article:published_time":"2016-06-15T21:35:49+00:00","article:modified_time":"2016-06-15T21:35:49+00:00","twitter:card":"summary_large_image","twitter:title":"C\u2019s reclama una soluci\u00f3n a la movilidad entre Rinc\u00f3n de la Victoria y el aeropuerto de M\u00e1laga | El Digital de Asturias","twitter:description":"La cabeza de lista de Ciudadanos por M\u00e1laga al Congreso, Irene Rivera, ha reclamado una &quot;soluci\u00f3n al problema de movilidad&quot; entre el municipio malague\u00f1o de Rinc\u00f3n de la Victoria y el aeropuerto de M\u00e1laga. Rivera, que ha visitado este mi\u00e9rcoles el mercadillo de Rinc\u00f3n de la Victoria, ha resaltado que all\u00ed, como en el resto","twitter:image":"https:\/\/eldigitaldeasturias.com\/magazine365\/wp-content\/uploads\/2016\/06\/fotonoticia_20160615183935_800.jpg"},"aioseo_meta_data":{"post_id":"79542","title":null,"description":null,"keywords":null,"keyphrases":null,"primary_term":null,"canonical_url":null,"og_title":null,"og_description":null,"og_object_type":"default","og_image_type":"default","og_image_url":null,"og_image_width":null,"og_image_height":null,"og_image_custom_url":null,"og_image_custom_fields":null,"og_video":null,"og_custom_url":null,"og_article_section":null,"og_article_tags":null,"twitter_use_og":false,"twitter_card":"default","twitter_image_type":"default","twitter_image_url":null,"twitter_image_custom_url":null,"twitter_image_custom_fields":null,"twitter_title":null,"twitter_description":null,"schema":{"blockGraphs":[],"customGraphs":[],"default":{"data":{"Article":[],"Course":[],"Dataset":[],"FAQPage":[],"Movie":[],"Person":[],"Product":[],"ProductReview":[],"Car":[],"Recipe":[],"Service":[],"SoftwareApplication":[],"WebPage":[]},"graphName":"","isEnabled":true},"graphs":[],"defaultGraph":"","defaultPostTypeGraph":""},"schema_type":null,"schema_type_options":null,"pillar_content":false,"robots_default":true,"robots_noindex":false,"robots_noarchive":false,"robots_nosnippet":false,"robots_nofollow":false,"robots_noimageindex":false,"robots_noodp":false,"robots_notranslate":false,"robots_max_snippet":null,"robots_max_videopreview":null,"robots_max_imagepreview":"large","priority":null,"frequency":null,"location":null,"local_seo":null,"seo_analyzer_scan_date":"2025-09-27 19:07:38","breadcrumb_settings":null,"limit_modified_date":false,"open_ai":null,"ai":null,"created":"2021-03-08 17:47:25","updated":"2025-09-27 19:07:38"},"aioseo_breadcrumb":"<div class=\"aioseo-breadcrumbs\"><span class=\"aioseo-breadcrumb\">\n\t<a href=\"https:\/\/eldigitaldeasturias.com\/magazine365\" title=\"Home\">Home<\/a>\n<\/span><span class=\"aioseo-breadcrumb-separator\">\u2013<\/span><span class=\"aioseo-breadcrumb\">\n\t<a href=\"https:\/\/eldigitaldeasturias.com\/magazine365\/category\/noticias-actualidad\/\" title=\"Noticias y Actualidad\">Noticias y Actualidad<\/a>\n<\/span><span class=\"aioseo-breadcrumb-separator\">\u2013<\/span><span class=\"aioseo-breadcrumb\">\n\t<a href=\"https:\/\/eldigitaldeasturias.com\/magazine365\/cs-reclama-una-solucion-a-la-movilidad-entre-rincon-de-la-victoria-y-el-aeropuerto-de-malaga\/\" title=\"C\u2019s reclama una soluci\u00f3n a la movilidad entre Rinc\u00f3n de la Victoria y el aeropuerto de M\u00e1laga\">C\u2019s reclama una soluci\u00f3n a la movilidad entre Rinc\u00f3n de la Victoria y el aeropuerto de M\u00e1laga<\/a>\n<\/span><\/div>","aioseo_breadcrumb_json":[{"label":"Home","link":"https:\/\/eldigitaldeasturias.com\/magazine365"},{"label":"Noticias y Actualidad","link":"https:\/\/eldigitaldeasturias.com\/magazine365\/category\/noticias-actualidad\/"},{"label":"C&#8217;s reclama una soluci\u00f3n a la movilidad entre Rinc\u00f3n de la Victoria y el aeropuerto de M\u00e1laga","link":"https:\/\/eldigitaldeasturias.com\/magazine365\/cs-reclama-una-solucion-a-la-movilidad-entre-rincon-de-la-victoria-y-el-aeropuerto-de-malaga\/"}],"_links":{"self":[{"href":"https:\/\/eldigitaldeasturias.com\/magazine365\/wp-json\/wp\/v2\/posts\/79542","targetHints":{"allow":["GET"]}}],"collection":[{"href":"https:\/\/eldigitaldeasturias.com\/magazine365\/wp-json\/wp\/v2\/posts"}],"about":[{"href":"https:\/\/eldigitaldeasturias.com\/magazine365\/wp-json\/wp\/v2\/types\/post"}],"author":[{"embeddable":true,"href":"https:\/\/eldigitaldeasturias.com\/magazine365\/wp-json\/wp\/v2\/users\/1"}],"replies":[{"embeddable":true,"href":"https:\/\/eldigitaldeasturias.com\/magazine365\/wp-json\/wp\/v2\/comments?post=79542"}],"version-history":[{"count":0,"href":"https:\/\/eldigitaldeasturias.com\/magazine365\/wp-json\/wp\/v2\/posts\/79542\/revisions"}],"wp:featuredmedia":[{"embeddable":true,"href":"https:\/\/eldigitaldeasturias.com\/magazine365\/wp-json\/wp\/v2\/media\/79543"}],"wp:attachment":[{"href":"https:\/\/eldigitaldeasturias.com\/magazine365\/wp-json\/wp\/v2\/media?parent=79542"}],"wp:term":[{"taxonomy":"category","embeddable":true,"href":"https:\/\/eldigitaldeasturias.com\/magazine365\/wp-json\/wp\/v2\/categories?post=79542"},{"taxonomy":"post_tag","embeddable":true,"href":"https:\/\/eldigitaldeasturias.com\/magazine365\/wp-json\/wp\/v2\/tags?post=79542"}],"curies":[{"name":"wp","href":"https:\/\/api.w.org\/{rel}","templated":true}]}}