{"id":79536,"date":"2016-06-15T23:34:11","date_gmt":"2016-06-15T21:34:11","guid":{"rendered":"http:\/\/eldigitaldeasturias.com\/magazine365\/?p=79536"},"modified":"2016-06-15T23:34:11","modified_gmt":"2016-06-15T21:34:11","slug":"las-obras-para-arreglar-las-playas-onubenses-movilizan-41-850-metros-cubicos-de-arena","status":"publish","type":"post","link":"https:\/\/eldigitaldeasturias.com\/magazine365\/las-obras-para-arreglar-las-playas-onubenses-movilizan-41-850-metros-cubicos-de-arena\/","title":{"rendered":"Las obras para arreglar las playas onubenses movilizan 41.850 metros c\u00fabicos de arena"},"content":{"rendered":"<p><img fetchpriority=\"high\" decoding=\"async\" class=\"alignleft size-medium wp-image-79537\" src=\"https:\/\/eldigitaldeasturias.com\/magazine365\/wp-content\/uploads\/2016\/06\/fotonoticia_20160615181933_800-360x248.jpg\" alt=\"fotonoticia_20160615181933_800\" width=\"360\" height=\"248\" srcset=\"https:\/\/eldigitaldeasturias.com\/magazine365\/wp-content\/uploads\/2016\/06\/fotonoticia_20160615181933_800-360x248.jpg 360w, https:\/\/eldigitaldeasturias.com\/magazine365\/wp-content\/uploads\/2016\/06\/fotonoticia_20160615181933_800-650x448.jpg 650w, https:\/\/eldigitaldeasturias.com\/magazine365\/wp-content\/uploads\/2016\/06\/fotonoticia_20160615181933_800-768x529.jpg 768w, https:\/\/eldigitaldeasturias.com\/magazine365\/wp-content\/uploads\/2016\/06\/fotonoticia_20160615181933_800-150x103.jpg 150w, https:\/\/eldigitaldeasturias.com\/magazine365\/wp-content\/uploads\/2016\/06\/fotonoticia_20160615181933_800-450x310.jpg 450w, https:\/\/eldigitaldeasturias.com\/magazine365\/wp-content\/uploads\/2016\/06\/fotonoticia_20160615181933_800.jpg 800w\" sizes=\"(max-width: 360px) 100vw, 360px\" \/>El subdelegado del Gobierno en Huelva, Enrique P\u00e9rez Viguera, ha destacado este mi\u00e9rcoles que las obras de emergencia que est\u00e1 realizando en las playas el Ministerio de Agricultura, Alimentaci\u00f3n y Medio Ambiente, a trav\u00e9s de la Direcci\u00f3n General de Sostenibilidad de la Costa y del Mar, suponen movilizar 41.850 metros c\u00fabicos de arena, lo que equivale a cerca de 4.200 camiones cargados de arena.<\/p>\n<p>En un comunicado, la Subdelegaci\u00f3n ha explicado que P\u00e9rez Viguera se ha reunido con miembros de la Asociaci\u00f3n Provincial de Hoteles de Huelva, encabezados por su presidente, Jos\u00e9 Manuel D\u00edaz-S\u00e1nchez Matamoros, y ha se\u00f1alado que los trabajos se est\u00e1n desarrollando \u00abseg\u00fan los plazos previstos\u00bb y con el objetivo de finalizar antes del 1 de julio para que las playas est\u00e9n \u00ablistas de cara al inicio\u00bb de la temporada tur\u00edstica de verano.<\/p>\n<p>El subdelegado ha resaltado la \u00abrespuesta inminente y sin escatimar medios\u00bb del Ministerio para la puesta en marcha de los trabajos, que suman una inversi\u00f3n del Gobierno de Espa\u00f1a de 500.000 euros.<\/p>\n<p>Seg\u00fan ha explicado el m\u00e1ximo responsable del Gobierno central en la provincia, el Gobierno ha abordado la problem\u00e1tica de las playas de Huelva \u00abcomo pol\u00edtica de Estado\u00bb, porque entienden que la costa es \u00abuna locomotora de la econom\u00eda\u00bb que genera miles de empleos y es fuente \u00abimprescindible\u00bb de riqueza para los municipios costeros, ha apuntado.<\/p>\n<p>Entre otras actuaciones para el arreglo de las playas, P\u00e9rez Viguera ha subrayado la regeneraci\u00f3n de la playa de La Antilla-Islantilla que ya se est\u00e1 realizando con la aportaci\u00f3n de 3.000 metros c\u00fabicos de arena externa, as\u00ed como los trabajos que se est\u00e1n llevando a cabo en Isla Canela, donde ya est\u00e1n colocados los 600 sacos &#8216;big bags&#8217; para conformar una l\u00ednea de protecci\u00f3n del frente costero de la zona de San Bruno. Adem\u00e1s, en la playa ayamontina se aportar\u00e1n 750 metros c\u00fabicos de arena externa para compensar la utilizada para rellenar los 600 &#8216;big bags&#8217;.<\/p>\n<p>Seg\u00fan se explica en el comunicado, tambi\u00e9n contin\u00faan los trabajos de redistribuci\u00f3n, reperfilado y arreglo de pasarelas de acceso en El Portil e Isla Cristina, las labores de redistribuci\u00f3n de arena en Mazag\u00f3n desde la zona de acopio ubicada junto al puerto deportivo, y en los pr\u00f3ximos d\u00edas arrancar\u00e1n las actuaciones planeadas en Matalasca\u00f1as, una vez se hayan acordado con el Ayuntamiento de Almonte.<\/p>\n<h2 class=\"ladillo\">ESTRATEGIA A LARGO PLAZO<\/h2>\n<p>Por otro lado, el subdelegado ha trasladado al presidente de la Asociaci\u00f3n Provincial de Hoteles de Huelva que el proyecto de estabilizaci\u00f3n de la playa de Isla Canela &#8211;el primero de estas caracter\u00edsticas que se va a ejecutar en toda la costa espa\u00f1ola&#8211; conlleva una inversi\u00f3n de tres millones de euros y est\u00e1 previsto que concluya completamente a finales de 2017.<\/p>\n<p>Esta actuaci\u00f3n se enmarca dentro de los trabajos contemplados en la Estrategia para la Protecci\u00f3n de la Costa de Huelva, presentado en 2014, y que ha supuesto una serie de inversiones dirigidas a afrontar desde una perspectiva integral y a largo plazo un problema hist\u00f3rico, como es la regresi\u00f3n del litoral onubense.<\/p>\n<p>De hecho, la inversi\u00f3n del Gobierno en las playas de Huelva suma, seg\u00fan cifras de la subdelegaci\u00f3n, 2,66 millones de euros en la \u00faltima legislatura (2012-2015). Adem\u00e1s, para este a\u00f1o la inversi\u00f3n presupuestada asciende a 2,1 millones de euros. As\u00ed, el total de inversi\u00f3n desde 2012 a 2016 alcanza la cifra de 4,76 millones de euros en las playas de Huelva.<\/p>\n<p>Entre otros trabajos llevados a cabo por el Gobierno dentro de la Estrategia para la Protecci\u00f3n de la Costa de Huelva, destacan la aportaci\u00f3n de 1.000 camiones cargados de arena en la playa de Matalasca\u00f1as, con una inversi\u00f3n de 282.400 euros, o la elaboraci\u00f3n de los tres proyectos concretos para garantizar el futuro de las playas de Matalasca\u00f1as, Isla Canela y La Antilla-Islantilla.<\/p>\n<p>As\u00ed, la Direcci\u00f3n General de Sostenibilidad de la Costa y del Mar, a trav\u00e9s de su Servicio Provincial de Costas, firm\u00f3 el pasado 23 de mayo el contrato para la redacci\u00f3n del proyecto de regeneraci\u00f3n de la playa de La Antilla-Islantilla con la firma Consultores de Ingenier\u00eda UG21, por un importe de adjudicaci\u00f3n de casi 60.000 euros.<\/p>\n","protected":false},"excerpt":{"rendered":"<p>El subdelegado del Gobierno en Huelva, Enrique P\u00e9rez Viguera, ha destacado este mi\u00e9rcoles que las obras de emergencia que est\u00e1 realizando en las playas el Ministerio de Agricultura, Alimentaci\u00f3n y Medio Ambiente, a trav\u00e9s de la Direcci\u00f3n General de Sostenibilidad de la Costa y del Mar, suponen movilizar 41.850 metros c\u00fabicos de arena, lo que<\/p>\n","protected":false},"author":1,"featured_media":79537,"comment_status":"open","ping_status":"closed","sticky":false,"template":"","format":"standard","meta":{"footnotes":""},"categories":[224],"tags":[],"class_list":{"0":"post-79536","1":"post","2":"type-post","3":"status-publish","4":"format-standard","5":"has-post-thumbnail","7":"category-noticias-actualidad"},"aioseo_notices":[],"aioseo_head":"\n\t\t<!-- All in One SEO Pro 4.9.6.1 - aioseo.com -->\n\t<meta name=\"description\" content=\"El subdelegado del Gobierno en Huelva, Enrique P\u00e9rez Viguera, ha destacado este mi\u00e9rcoles que las obras de emergencia que est\u00e1 realizando en las playas el Ministerio de Agricultura, Alimentaci\u00f3n y Medio Ambiente, a trav\u00e9s de la Direcci\u00f3n General de Sostenibilidad de la Costa y del Mar, suponen movilizar 41.850 metros c\u00fabicos de arena, lo que\" \/>\n\t<meta name=\"robots\" content=\"max-image-preview:large\" \/>\n\t<meta name=\"author\" content=\"admin\"\/>\n\t<meta name=\"google-site-verification\" content=\"UA-38556648-1\" \/>\n\t<meta name=\"keywords\" content=\"noticias y actualidad\" \/>\n\t<link rel=\"canonical\" href=\"https:\/\/eldigitaldeasturias.com\/magazine365\/las-obras-para-arreglar-las-playas-onubenses-movilizan-41-850-metros-cubicos-de-arena\/\" \/>\n\t<meta name=\"generator\" content=\"All in One SEO Pro (AIOSEO) 4.9.6.1\" \/>\n\t\t<meta property=\"og:locale\" content=\"es_ES\" \/>\n\t\t<meta property=\"og:site_name\" content=\"El Digital de Asturias \u2013 Revista de ocio, turismo y estilo de vida\" \/>\n\t\t<meta property=\"og:type\" content=\"article\" \/>\n\t\t<meta property=\"og:title\" content=\"Las obras para arreglar las playas onubenses movilizan 41.850 metros c\u00fabicos de arena | El Digital de Asturias\" \/>\n\t\t<meta property=\"og:description\" content=\"El subdelegado del Gobierno en Huelva, Enrique P\u00e9rez Viguera, ha destacado este mi\u00e9rcoles que las obras de emergencia que est\u00e1 realizando en las playas el Ministerio de Agricultura, Alimentaci\u00f3n y Medio Ambiente, a trav\u00e9s de la Direcci\u00f3n General de Sostenibilidad de la Costa y del Mar, suponen movilizar 41.850 metros c\u00fabicos de arena, lo que\" \/>\n\t\t<meta property=\"og:url\" content=\"https:\/\/eldigitaldeasturias.com\/magazine365\/las-obras-para-arreglar-las-playas-onubenses-movilizan-41-850-metros-cubicos-de-arena\/\" \/>\n\t\t<meta property=\"og:image\" content=\"https:\/\/eldigitaldeasturias.com\/magazine365\/wp-content\/uploads\/2016\/06\/fotonoticia_20160615181933_800.jpg\" \/>\n\t\t<meta property=\"og:image:secure_url\" content=\"https:\/\/eldigitaldeasturias.com\/magazine365\/wp-content\/uploads\/2016\/06\/fotonoticia_20160615181933_800.jpg\" \/>\n\t\t<meta property=\"og:image:width\" content=\"800\" \/>\n\t\t<meta property=\"og:image:height\" content=\"551\" \/>\n\t\t<meta property=\"article:published_time\" content=\"2016-06-15T21:34:11+00:00\" \/>\n\t\t<meta property=\"article:modified_time\" content=\"2016-06-15T21:34:11+00:00\" \/>\n\t\t<meta name=\"twitter:card\" content=\"summary_large_image\" \/>\n\t\t<meta name=\"twitter:title\" content=\"Las obras para arreglar las playas onubenses movilizan 41.850 metros c\u00fabicos de arena | El Digital de Asturias\" \/>\n\t\t<meta name=\"twitter:description\" content=\"El subdelegado del Gobierno en Huelva, Enrique P\u00e9rez Viguera, ha destacado este mi\u00e9rcoles que las obras de emergencia que est\u00e1 realizando en las playas el Ministerio de Agricultura, Alimentaci\u00f3n y Medio Ambiente, a trav\u00e9s de la Direcci\u00f3n General de Sostenibilidad de la Costa y del Mar, suponen movilizar 41.850 metros c\u00fabicos de arena, lo que\" \/>\n\t\t<meta name=\"twitter:image\" content=\"https:\/\/eldigitaldeasturias.com\/magazine365\/wp-content\/uploads\/2016\/06\/fotonoticia_20160615181933_800.jpg\" \/>\n\t\t<script type=\"application\/ld+json\" class=\"aioseo-schema\">\n\t\t\t{\"@context\":\"https:\\\/\\\/schema.org\",\"@graph\":[{\"@type\":\"Article\",\"@id\":\"https:\\\/\\\/eldigitaldeasturias.com\\\/magazine365\\\/las-obras-para-arreglar-las-playas-onubenses-movilizan-41-850-metros-cubicos-de-arena\\\/#article\",\"name\":\"Las obras para arreglar las playas onubenses movilizan 41.850 metros c\\u00fabicos de arena | El Digital de Asturias\",\"headline\":\"Las obras para arreglar las playas onubenses movilizan 41.850 metros c\\u00fabicos de arena\",\"author\":{\"@id\":\"https:\\\/\\\/eldigitaldeasturias.com\\\/magazine365\\\/author\\\/admin\\\/#author\"},\"publisher\":{\"@id\":\"https:\\\/\\\/eldigitaldeasturias.com\\\/magazine365\\\/#organization\"},\"image\":{\"@type\":\"ImageObject\",\"url\":\"https:\\\/\\\/eldigitaldeasturias.com\\\/magazine365\\\/wp-content\\\/uploads\\\/2016\\\/06\\\/fotonoticia_20160615181933_800.jpg\",\"width\":800,\"height\":551},\"datePublished\":\"2016-06-15T23:34:11+02:00\",\"dateModified\":\"2016-06-15T23:34:11+02:00\",\"inLanguage\":\"es-ES\",\"mainEntityOfPage\":{\"@id\":\"https:\\\/\\\/eldigitaldeasturias.com\\\/magazine365\\\/las-obras-para-arreglar-las-playas-onubenses-movilizan-41-850-metros-cubicos-de-arena\\\/#webpage\"},\"isPartOf\":{\"@id\":\"https:\\\/\\\/eldigitaldeasturias.com\\\/magazine365\\\/las-obras-para-arreglar-las-playas-onubenses-movilizan-41-850-metros-cubicos-de-arena\\\/#webpage\"},\"articleSection\":\"Noticias y Actualidad\"},{\"@type\":\"BreadcrumbList\",\"@id\":\"https:\\\/\\\/eldigitaldeasturias.com\\\/magazine365\\\/las-obras-para-arreglar-las-playas-onubenses-movilizan-41-850-metros-cubicos-de-arena\\\/#breadcrumblist\",\"itemListElement\":[{\"@type\":\"ListItem\",\"@id\":\"https:\\\/\\\/eldigitaldeasturias.com\\\/magazine365#listItem\",\"position\":1,\"name\":\"Home\",\"item\":\"https:\\\/\\\/eldigitaldeasturias.com\\\/magazine365\",\"nextItem\":{\"@type\":\"ListItem\",\"@id\":\"https:\\\/\\\/eldigitaldeasturias.com\\\/magazine365\\\/category\\\/noticias-actualidad\\\/#listItem\",\"name\":\"Noticias y Actualidad\"}},{\"@type\":\"ListItem\",\"@id\":\"https:\\\/\\\/eldigitaldeasturias.com\\\/magazine365\\\/category\\\/noticias-actualidad\\\/#listItem\",\"position\":2,\"name\":\"Noticias y Actualidad\",\"item\":\"https:\\\/\\\/eldigitaldeasturias.com\\\/magazine365\\\/category\\\/noticias-actualidad\\\/\",\"nextItem\":{\"@type\":\"ListItem\",\"@id\":\"https:\\\/\\\/eldigitaldeasturias.com\\\/magazine365\\\/las-obras-para-arreglar-las-playas-onubenses-movilizan-41-850-metros-cubicos-de-arena\\\/#listItem\",\"name\":\"Las obras para arreglar las playas onubenses movilizan 41.850 metros c\\u00fabicos de arena\"},\"previousItem\":{\"@type\":\"ListItem\",\"@id\":\"https:\\\/\\\/eldigitaldeasturias.com\\\/magazine365#listItem\",\"name\":\"Home\"}},{\"@type\":\"ListItem\",\"@id\":\"https:\\\/\\\/eldigitaldeasturias.com\\\/magazine365\\\/las-obras-para-arreglar-las-playas-onubenses-movilizan-41-850-metros-cubicos-de-arena\\\/#listItem\",\"position\":3,\"name\":\"Las obras para arreglar las playas onubenses movilizan 41.850 metros c\\u00fabicos de arena\",\"previousItem\":{\"@type\":\"ListItem\",\"@id\":\"https:\\\/\\\/eldigitaldeasturias.com\\\/magazine365\\\/category\\\/noticias-actualidad\\\/#listItem\",\"name\":\"Noticias y Actualidad\"}}]},{\"@type\":\"Organization\",\"@id\":\"https:\\\/\\\/eldigitaldeasturias.com\\\/magazine365\\\/#organization\",\"name\":\"El digital de Asturias\",\"description\":\"Revista de ocio, turismo y estilo de vida\",\"url\":\"https:\\\/\\\/eldigitaldeasturias.com\\\/magazine365\\\/\",\"logo\":{\"@type\":\"ImageObject\",\"url\":\"https:\\\/\\\/www.eldigitaldeasturias.com\\\/noticias\\\/wp-content\\\/uploads\\\/2020\\\/12\\\/EDA.jpg\",\"@id\":\"https:\\\/\\\/eldigitaldeasturias.com\\\/magazine365\\\/las-obras-para-arreglar-las-playas-onubenses-movilizan-41-850-metros-cubicos-de-arena\\\/#organizationLogo\"},\"image\":{\"@id\":\"https:\\\/\\\/eldigitaldeasturias.com\\\/magazine365\\\/las-obras-para-arreglar-las-playas-onubenses-movilizan-41-850-metros-cubicos-de-arena\\\/#organizationLogo\"}},{\"@type\":\"Person\",\"@id\":\"https:\\\/\\\/eldigitaldeasturias.com\\\/magazine365\\\/author\\\/admin\\\/#author\",\"url\":\"https:\\\/\\\/eldigitaldeasturias.com\\\/magazine365\\\/author\\\/admin\\\/\",\"name\":\"admin\",\"image\":{\"@type\":\"ImageObject\",\"@id\":\"https:\\\/\\\/eldigitaldeasturias.com\\\/magazine365\\\/las-obras-para-arreglar-las-playas-onubenses-movilizan-41-850-metros-cubicos-de-arena\\\/#authorImage\",\"url\":\"https:\\\/\\\/eldigitaldeasturias.com\\\/magazine365\\\/wp-content\\\/litespeed\\\/avatar\\\/e571bcf59a0edd6fa6838245a470f2fe.jpg?ver=1776969259\",\"width\":96,\"height\":96,\"caption\":\"admin\"}},{\"@type\":\"WebPage\",\"@id\":\"https:\\\/\\\/eldigitaldeasturias.com\\\/magazine365\\\/las-obras-para-arreglar-las-playas-onubenses-movilizan-41-850-metros-cubicos-de-arena\\\/#webpage\",\"url\":\"https:\\\/\\\/eldigitaldeasturias.com\\\/magazine365\\\/las-obras-para-arreglar-las-playas-onubenses-movilizan-41-850-metros-cubicos-de-arena\\\/\",\"name\":\"Las obras para arreglar las playas onubenses movilizan 41.850 metros c\\u00fabicos de arena | El Digital de Asturias\",\"description\":\"El subdelegado del Gobierno en Huelva, Enrique P\\u00e9rez Viguera, ha destacado este mi\\u00e9rcoles que las obras de emergencia que est\\u00e1 realizando en las playas el Ministerio de Agricultura, Alimentaci\\u00f3n y Medio Ambiente, a trav\\u00e9s de la Direcci\\u00f3n General de Sostenibilidad de la Costa y del Mar, suponen movilizar 41.850 metros c\\u00fabicos de arena, lo que\",\"inLanguage\":\"es-ES\",\"isPartOf\":{\"@id\":\"https:\\\/\\\/eldigitaldeasturias.com\\\/magazine365\\\/#website\"},\"breadcrumb\":{\"@id\":\"https:\\\/\\\/eldigitaldeasturias.com\\\/magazine365\\\/las-obras-para-arreglar-las-playas-onubenses-movilizan-41-850-metros-cubicos-de-arena\\\/#breadcrumblist\"},\"author\":{\"@id\":\"https:\\\/\\\/eldigitaldeasturias.com\\\/magazine365\\\/author\\\/admin\\\/#author\"},\"creator\":{\"@id\":\"https:\\\/\\\/eldigitaldeasturias.com\\\/magazine365\\\/author\\\/admin\\\/#author\"},\"image\":{\"@type\":\"ImageObject\",\"url\":\"https:\\\/\\\/eldigitaldeasturias.com\\\/magazine365\\\/wp-content\\\/uploads\\\/2016\\\/06\\\/fotonoticia_20160615181933_800.jpg\",\"@id\":\"https:\\\/\\\/eldigitaldeasturias.com\\\/magazine365\\\/las-obras-para-arreglar-las-playas-onubenses-movilizan-41-850-metros-cubicos-de-arena\\\/#mainImage\",\"width\":800,\"height\":551},\"primaryImageOfPage\":{\"@id\":\"https:\\\/\\\/eldigitaldeasturias.com\\\/magazine365\\\/las-obras-para-arreglar-las-playas-onubenses-movilizan-41-850-metros-cubicos-de-arena\\\/#mainImage\"},\"datePublished\":\"2016-06-15T23:34:11+02:00\",\"dateModified\":\"2016-06-15T23:34:11+02:00\"},{\"@type\":\"WebSite\",\"@id\":\"https:\\\/\\\/eldigitaldeasturias.com\\\/magazine365\\\/#website\",\"url\":\"https:\\\/\\\/eldigitaldeasturias.com\\\/magazine365\\\/\",\"name\":\"El Digital de Asturias\",\"description\":\"Revista de ocio, turismo y estilo de vida\",\"inLanguage\":\"es-ES\",\"publisher\":{\"@id\":\"https:\\\/\\\/eldigitaldeasturias.com\\\/magazine365\\\/#organization\"}}]}\n\t\t<\/script>\n\t\t<!-- All in One SEO Pro -->\r\n\t\t<title>Las obras para arreglar las playas onubenses movilizan 41.850 metros c\u00fabicos de arena | El Digital de Asturias<\/title>\n\n","aioseo_head_json":{"title":"Las obras para arreglar las playas onubenses movilizan 41.850 metros c\u00fabicos de arena | El Digital de Asturias","description":"El subdelegado del Gobierno en Huelva, Enrique P\u00e9rez Viguera, ha destacado este mi\u00e9rcoles que las obras de emergencia que est\u00e1 realizando en las playas el Ministerio de Agricultura, Alimentaci\u00f3n y Medio Ambiente, a trav\u00e9s de la Direcci\u00f3n General de Sostenibilidad de la Costa y del Mar, suponen movilizar 41.850 metros c\u00fabicos de arena, lo que","canonical_url":"https:\/\/eldigitaldeasturias.com\/magazine365\/las-obras-para-arreglar-las-playas-onubenses-movilizan-41-850-metros-cubicos-de-arena\/","robots":"max-image-preview:large","keywords":"noticias y actualidad","webmasterTools":{"google-site-verification":"UA-38556648-1","miscellaneous":""},"schema":{"@context":"https:\/\/schema.org","@graph":[{"@type":"Article","@id":"https:\/\/eldigitaldeasturias.com\/magazine365\/las-obras-para-arreglar-las-playas-onubenses-movilizan-41-850-metros-cubicos-de-arena\/#article","name":"Las obras para arreglar las playas onubenses movilizan 41.850 metros c\u00fabicos de arena | El Digital de Asturias","headline":"Las obras para arreglar las playas onubenses movilizan 41.850 metros c\u00fabicos de arena","author":{"@id":"https:\/\/eldigitaldeasturias.com\/magazine365\/author\/admin\/#author"},"publisher":{"@id":"https:\/\/eldigitaldeasturias.com\/magazine365\/#organization"},"image":{"@type":"ImageObject","url":"https:\/\/eldigitaldeasturias.com\/magazine365\/wp-content\/uploads\/2016\/06\/fotonoticia_20160615181933_800.jpg","width":800,"height":551},"datePublished":"2016-06-15T23:34:11+02:00","dateModified":"2016-06-15T23:34:11+02:00","inLanguage":"es-ES","mainEntityOfPage":{"@id":"https:\/\/eldigitaldeasturias.com\/magazine365\/las-obras-para-arreglar-las-playas-onubenses-movilizan-41-850-metros-cubicos-de-arena\/#webpage"},"isPartOf":{"@id":"https:\/\/eldigitaldeasturias.com\/magazine365\/las-obras-para-arreglar-las-playas-onubenses-movilizan-41-850-metros-cubicos-de-arena\/#webpage"},"articleSection":"Noticias y Actualidad"},{"@type":"BreadcrumbList","@id":"https:\/\/eldigitaldeasturias.com\/magazine365\/las-obras-para-arreglar-las-playas-onubenses-movilizan-41-850-metros-cubicos-de-arena\/#breadcrumblist","itemListElement":[{"@type":"ListItem","@id":"https:\/\/eldigitaldeasturias.com\/magazine365#listItem","position":1,"name":"Home","item":"https:\/\/eldigitaldeasturias.com\/magazine365","nextItem":{"@type":"ListItem","@id":"https:\/\/eldigitaldeasturias.com\/magazine365\/category\/noticias-actualidad\/#listItem","name":"Noticias y Actualidad"}},{"@type":"ListItem","@id":"https:\/\/eldigitaldeasturias.com\/magazine365\/category\/noticias-actualidad\/#listItem","position":2,"name":"Noticias y Actualidad","item":"https:\/\/eldigitaldeasturias.com\/magazine365\/category\/noticias-actualidad\/","nextItem":{"@type":"ListItem","@id":"https:\/\/eldigitaldeasturias.com\/magazine365\/las-obras-para-arreglar-las-playas-onubenses-movilizan-41-850-metros-cubicos-de-arena\/#listItem","name":"Las obras para arreglar las playas onubenses movilizan 41.850 metros c\u00fabicos de arena"},"previousItem":{"@type":"ListItem","@id":"https:\/\/eldigitaldeasturias.com\/magazine365#listItem","name":"Home"}},{"@type":"ListItem","@id":"https:\/\/eldigitaldeasturias.com\/magazine365\/las-obras-para-arreglar-las-playas-onubenses-movilizan-41-850-metros-cubicos-de-arena\/#listItem","position":3,"name":"Las obras para arreglar las playas onubenses movilizan 41.850 metros c\u00fabicos de arena","previousItem":{"@type":"ListItem","@id":"https:\/\/eldigitaldeasturias.com\/magazine365\/category\/noticias-actualidad\/#listItem","name":"Noticias y Actualidad"}}]},{"@type":"Organization","@id":"https:\/\/eldigitaldeasturias.com\/magazine365\/#organization","name":"El digital de Asturias","description":"Revista de ocio, turismo y estilo de vida","url":"https:\/\/eldigitaldeasturias.com\/magazine365\/","logo":{"@type":"ImageObject","url":"https:\/\/www.eldigitaldeasturias.com\/noticias\/wp-content\/uploads\/2020\/12\/EDA.jpg","@id":"https:\/\/eldigitaldeasturias.com\/magazine365\/las-obras-para-arreglar-las-playas-onubenses-movilizan-41-850-metros-cubicos-de-arena\/#organizationLogo"},"image":{"@id":"https:\/\/eldigitaldeasturias.com\/magazine365\/las-obras-para-arreglar-las-playas-onubenses-movilizan-41-850-metros-cubicos-de-arena\/#organizationLogo"}},{"@type":"Person","@id":"https:\/\/eldigitaldeasturias.com\/magazine365\/author\/admin\/#author","url":"https:\/\/eldigitaldeasturias.com\/magazine365\/author\/admin\/","name":"admin","image":{"@type":"ImageObject","@id":"https:\/\/eldigitaldeasturias.com\/magazine365\/las-obras-para-arreglar-las-playas-onubenses-movilizan-41-850-metros-cubicos-de-arena\/#authorImage","url":"https:\/\/eldigitaldeasturias.com\/magazine365\/wp-content\/litespeed\/avatar\/e571bcf59a0edd6fa6838245a470f2fe.jpg?ver=1776969259","width":96,"height":96,"caption":"admin"}},{"@type":"WebPage","@id":"https:\/\/eldigitaldeasturias.com\/magazine365\/las-obras-para-arreglar-las-playas-onubenses-movilizan-41-850-metros-cubicos-de-arena\/#webpage","url":"https:\/\/eldigitaldeasturias.com\/magazine365\/las-obras-para-arreglar-las-playas-onubenses-movilizan-41-850-metros-cubicos-de-arena\/","name":"Las obras para arreglar las playas onubenses movilizan 41.850 metros c\u00fabicos de arena | El Digital de Asturias","description":"El subdelegado del Gobierno en Huelva, Enrique P\u00e9rez Viguera, ha destacado este mi\u00e9rcoles que las obras de emergencia que est\u00e1 realizando en las playas el Ministerio de Agricultura, Alimentaci\u00f3n y Medio Ambiente, a trav\u00e9s de la Direcci\u00f3n General de Sostenibilidad de la Costa y del Mar, suponen movilizar 41.850 metros c\u00fabicos de arena, lo que","inLanguage":"es-ES","isPartOf":{"@id":"https:\/\/eldigitaldeasturias.com\/magazine365\/#website"},"breadcrumb":{"@id":"https:\/\/eldigitaldeasturias.com\/magazine365\/las-obras-para-arreglar-las-playas-onubenses-movilizan-41-850-metros-cubicos-de-arena\/#breadcrumblist"},"author":{"@id":"https:\/\/eldigitaldeasturias.com\/magazine365\/author\/admin\/#author"},"creator":{"@id":"https:\/\/eldigitaldeasturias.com\/magazine365\/author\/admin\/#author"},"image":{"@type":"ImageObject","url":"https:\/\/eldigitaldeasturias.com\/magazine365\/wp-content\/uploads\/2016\/06\/fotonoticia_20160615181933_800.jpg","@id":"https:\/\/eldigitaldeasturias.com\/magazine365\/las-obras-para-arreglar-las-playas-onubenses-movilizan-41-850-metros-cubicos-de-arena\/#mainImage","width":800,"height":551},"primaryImageOfPage":{"@id":"https:\/\/eldigitaldeasturias.com\/magazine365\/las-obras-para-arreglar-las-playas-onubenses-movilizan-41-850-metros-cubicos-de-arena\/#mainImage"},"datePublished":"2016-06-15T23:34:11+02:00","dateModified":"2016-06-15T23:34:11+02:00"},{"@type":"WebSite","@id":"https:\/\/eldigitaldeasturias.com\/magazine365\/#website","url":"https:\/\/eldigitaldeasturias.com\/magazine365\/","name":"El Digital de Asturias","description":"Revista de ocio, turismo y estilo de vida","inLanguage":"es-ES","publisher":{"@id":"https:\/\/eldigitaldeasturias.com\/magazine365\/#organization"}}]},"og:locale":"es_ES","og:site_name":"El Digital de Asturias \u2013 Revista de ocio, turismo y estilo de vida","og:type":"article","og:title":"Las obras para arreglar las playas onubenses movilizan 41.850 metros c\u00fabicos de arena | El Digital de Asturias","og:description":"El subdelegado del Gobierno en Huelva, Enrique P\u00e9rez Viguera, ha destacado este mi\u00e9rcoles que las obras de emergencia que est\u00e1 realizando en las playas el Ministerio de Agricultura, Alimentaci\u00f3n y Medio Ambiente, a trav\u00e9s de la Direcci\u00f3n General de Sostenibilidad de la Costa y del Mar, suponen movilizar 41.850 metros c\u00fabicos de arena, lo que","og:url":"https:\/\/eldigitaldeasturias.com\/magazine365\/las-obras-para-arreglar-las-playas-onubenses-movilizan-41-850-metros-cubicos-de-arena\/","og:image":"https:\/\/eldigitaldeasturias.com\/magazine365\/wp-content\/uploads\/2016\/06\/fotonoticia_20160615181933_800.jpg","og:image:secure_url":"https:\/\/eldigitaldeasturias.com\/magazine365\/wp-content\/uploads\/2016\/06\/fotonoticia_20160615181933_800.jpg","og:image:width":800,"og:image:height":551,"article:published_time":"2016-06-15T21:34:11+00:00","article:modified_time":"2016-06-15T21:34:11+00:00","twitter:card":"summary_large_image","twitter:title":"Las obras para arreglar las playas onubenses movilizan 41.850 metros c\u00fabicos de arena | El Digital de Asturias","twitter:description":"El subdelegado del Gobierno en Huelva, Enrique P\u00e9rez Viguera, ha destacado este mi\u00e9rcoles que las obras de emergencia que est\u00e1 realizando en las playas el Ministerio de Agricultura, Alimentaci\u00f3n y Medio Ambiente, a trav\u00e9s de la Direcci\u00f3n General de Sostenibilidad de la Costa y del Mar, suponen movilizar 41.850 metros c\u00fabicos de arena, lo que","twitter:image":"https:\/\/eldigitaldeasturias.com\/magazine365\/wp-content\/uploads\/2016\/06\/fotonoticia_20160615181933_800.jpg"},"aioseo_meta_data":{"post_id":"79536","title":null,"description":null,"keywords":null,"keyphrases":null,"primary_term":null,"canonical_url":null,"og_title":null,"og_description":null,"og_object_type":"default","og_image_type":"default","og_image_url":null,"og_image_width":null,"og_image_height":null,"og_image_custom_url":null,"og_image_custom_fields":null,"og_video":null,"og_custom_url":null,"og_article_section":null,"og_article_tags":null,"twitter_use_og":false,"twitter_card":"default","twitter_image_type":"default","twitter_image_url":null,"twitter_image_custom_url":null,"twitter_image_custom_fields":null,"twitter_title":null,"twitter_description":null,"schema":{"blockGraphs":[],"customGraphs":[],"default":{"data":{"Article":[],"Course":[],"Dataset":[],"FAQPage":[],"Movie":[],"Person":[],"Product":[],"ProductReview":[],"Car":[],"Recipe":[],"Service":[],"SoftwareApplication":[],"WebPage":[]},"graphName":"","isEnabled":true},"graphs":[],"defaultGraph":"","defaultPostTypeGraph":""},"schema_type":null,"schema_type_options":null,"pillar_content":false,"robots_default":true,"robots_noindex":false,"robots_noarchive":false,"robots_nosnippet":false,"robots_nofollow":false,"robots_noimageindex":false,"robots_noodp":false,"robots_notranslate":false,"robots_max_snippet":null,"robots_max_videopreview":null,"robots_max_imagepreview":"large","priority":null,"frequency":null,"location":null,"local_seo":null,"seo_analyzer_scan_date":"2025-09-27 19:05:34","breadcrumb_settings":null,"limit_modified_date":false,"open_ai":null,"ai":null,"created":"2021-03-08 17:48:08","updated":"2025-09-27 19:05:34"},"aioseo_breadcrumb":"<div class=\"aioseo-breadcrumbs\"><span class=\"aioseo-breadcrumb\">\n\t<a href=\"https:\/\/eldigitaldeasturias.com\/magazine365\" title=\"Home\">Home<\/a>\n<\/span><span class=\"aioseo-breadcrumb-separator\">\u2013<\/span><span class=\"aioseo-breadcrumb\">\n\t<a href=\"https:\/\/eldigitaldeasturias.com\/magazine365\/category\/noticias-actualidad\/\" title=\"Noticias y Actualidad\">Noticias y Actualidad<\/a>\n<\/span><span class=\"aioseo-breadcrumb-separator\">\u2013<\/span><span class=\"aioseo-breadcrumb\">\n\t<a href=\"https:\/\/eldigitaldeasturias.com\/magazine365\/las-obras-para-arreglar-las-playas-onubenses-movilizan-41-850-metros-cubicos-de-arena\/\" title=\"Las obras para arreglar las playas onubenses movilizan 41.850 metros c\u00fabicos de arena\">Las obras para arreglar las playas onubenses movilizan 41.850 metros c\u00fabicos de arena<\/a>\n<\/span><\/div>","aioseo_breadcrumb_json":[{"label":"Home","link":"https:\/\/eldigitaldeasturias.com\/magazine365"},{"label":"Noticias y Actualidad","link":"https:\/\/eldigitaldeasturias.com\/magazine365\/category\/noticias-actualidad\/"},{"label":"Las obras para arreglar las playas onubenses movilizan 41.850 metros c\u00fabicos de arena","link":"https:\/\/eldigitaldeasturias.com\/magazine365\/las-obras-para-arreglar-las-playas-onubenses-movilizan-41-850-metros-cubicos-de-arena\/"}],"_links":{"self":[{"href":"https:\/\/eldigitaldeasturias.com\/magazine365\/wp-json\/wp\/v2\/posts\/79536","targetHints":{"allow":["GET"]}}],"collection":[{"href":"https:\/\/eldigitaldeasturias.com\/magazine365\/wp-json\/wp\/v2\/posts"}],"about":[{"href":"https:\/\/eldigitaldeasturias.com\/magazine365\/wp-json\/wp\/v2\/types\/post"}],"author":[{"embeddable":true,"href":"https:\/\/eldigitaldeasturias.com\/magazine365\/wp-json\/wp\/v2\/users\/1"}],"replies":[{"embeddable":true,"href":"https:\/\/eldigitaldeasturias.com\/magazine365\/wp-json\/wp\/v2\/comments?post=79536"}],"version-history":[{"count":0,"href":"https:\/\/eldigitaldeasturias.com\/magazine365\/wp-json\/wp\/v2\/posts\/79536\/revisions"}],"wp:featuredmedia":[{"embeddable":true,"href":"https:\/\/eldigitaldeasturias.com\/magazine365\/wp-json\/wp\/v2\/media\/79537"}],"wp:attachment":[{"href":"https:\/\/eldigitaldeasturias.com\/magazine365\/wp-json\/wp\/v2\/media?parent=79536"}],"wp:term":[{"taxonomy":"category","embeddable":true,"href":"https:\/\/eldigitaldeasturias.com\/magazine365\/wp-json\/wp\/v2\/categories?post=79536"},{"taxonomy":"post_tag","embeddable":true,"href":"https:\/\/eldigitaldeasturias.com\/magazine365\/wp-json\/wp\/v2\/tags?post=79536"}],"curies":[{"name":"wp","href":"https:\/\/api.w.org\/{rel}","templated":true}]}}