{"id":79530,"date":"2016-06-15T23:32:40","date_gmt":"2016-06-15T21:32:40","guid":{"rendered":"http:\/\/eldigitaldeasturias.com\/magazine365\/?p=79530"},"modified":"2016-06-15T23:32:40","modified_gmt":"2016-06-15T21:32:40","slug":"el-museo-maritimo-del-cantabrico-celebra-una-nueva-edicion-de-los-talleres-infantiles-de-verano","status":"publish","type":"post","link":"https:\/\/eldigitaldeasturias.com\/magazine365\/el-museo-maritimo-del-cantabrico-celebra-una-nueva-edicion-de-los-talleres-infantiles-de-verano\/","title":{"rendered":"El Museo Mar\u00edtimo del Cant\u00e1brico celebra una nueva edici\u00f3n de los talleres infantiles de verano"},"content":{"rendered":"<p><img fetchpriority=\"high\" decoding=\"async\" class=\"alignleft size-medium wp-image-79531\" src=\"https:\/\/eldigitaldeasturias.com\/magazine365\/wp-content\/uploads\/2016\/06\/fotonoticia_20160615175933_800-360x270.jpg\" alt=\"fotonoticia_20160615175933_800\" width=\"360\" height=\"270\" srcset=\"https:\/\/eldigitaldeasturias.com\/magazine365\/wp-content\/uploads\/2016\/06\/fotonoticia_20160615175933_800-360x270.jpg 360w, https:\/\/eldigitaldeasturias.com\/magazine365\/wp-content\/uploads\/2016\/06\/fotonoticia_20160615175933_800-650x488.jpg 650w, https:\/\/eldigitaldeasturias.com\/magazine365\/wp-content\/uploads\/2016\/06\/fotonoticia_20160615175933_800-768x576.jpg 768w, https:\/\/eldigitaldeasturias.com\/magazine365\/wp-content\/uploads\/2016\/06\/fotonoticia_20160615175933_800-150x113.jpg 150w, https:\/\/eldigitaldeasturias.com\/magazine365\/wp-content\/uploads\/2016\/06\/fotonoticia_20160615175933_800-450x338.jpg 450w, https:\/\/eldigitaldeasturias.com\/magazine365\/wp-content\/uploads\/2016\/06\/fotonoticia_20160615175933_800-90x67.jpg 90w, https:\/\/eldigitaldeasturias.com\/magazine365\/wp-content\/uploads\/2016\/06\/fotonoticia_20160615175933_800-164x124.jpg 164w, https:\/\/eldigitaldeasturias.com\/magazine365\/wp-content\/uploads\/2016\/06\/fotonoticia_20160615175933_800-100x75.jpg 100w, https:\/\/eldigitaldeasturias.com\/magazine365\/wp-content\/uploads\/2016\/06\/fotonoticia_20160615175933_800.jpg 800w\" sizes=\"(max-width: 360px) 100vw, 360px\" \/>El Museo Mar\u00edtimo del Cant\u00e1brico (MMC) pone en marcha, a partir del 27 de junio, una nueva edici\u00f3n de los talleres de verano &#8216;Conoce el Cant\u00e1brico&#8217;, dirigidos a ni\u00f1os y ni\u00f1as de 6 a 10 a\u00f1os, con los que se busca acercar a los m\u00e1s peque\u00f1os a la cultura mar\u00edtima y facilitar la conciliaci\u00f3n familiar durante el periodo de vacaciones estivales.<\/p>\n<p>Los contenidos de los talleres tratan de aproximar el mundo del mar Cant\u00e1brico a los m\u00e1s j\u00f3venes desde m\u00faltiples puntos de vista: la historia, la mitolog\u00eda, las leyendas, la etnograf\u00eda y la biolog\u00eda marina.<\/p>\n<p>Organizados por la empresa p\u00fablica Cantur en colaboraci\u00f3n con el MMC, se celebrar\u00e1n todas las semanas (a excepci\u00f3n de la Semana Grande del 25 al 29 de julio) al hasta el pr\u00f3ximo mes de septiembre. \u00c9stos tienen una duraci\u00f3n de cinco d\u00edas -de lunes a viernes-, en horario de 9.30 a 14.00 horas- y el precio es de 40 euros. El \u00faltimo taller tendr\u00e1 lugar del 5 al 9 de septiembre.<\/p>\n<p>Adem\u00e1s, existe la posibilidad de asistir un solo d\u00eda de la semana (esta actividad tiene un coste de 10 euros).<\/p>\n<p>Los participantes desarrollar\u00e1n, a lo largo de la semana, distintas actividades coordinadas y guiadas por monitores que acercar\u00e1n a los m\u00e1s peque\u00f1os a un conocimiento did\u00e1ctico y ameno del mundo marino a partir de los contenidos del museo.<\/p>\n<p>Cada d\u00eda, los ni\u00f1os visitar\u00e1n una parte del museo y, posteriormente, llevar\u00e1n a cabo manualidades y juegos relacionados con las zonas visitadas.<\/p>\n<p>Los participantes cuentan con un refrigerio a media ma\u00f1ana y la posibilidad de observar c\u00f3mo los buceadores dan de comer a los tiburones, entre otros atractivos de la jornada, en la que tambi\u00e9n aprender\u00e1n a hacer nudos marineros, manejar una br\u00fajula o distinguir las distintas especies de peces, as\u00ed como leyendas e historias de la mar.<\/p>\n<p>Junto a su car\u00e1cter divulgativo y pedag\u00f3gico, el programa de actividades busca familiarizar a los ni\u00f1os y ni\u00f1as con el Museo Mar\u00edtimo del Cant\u00e1brico y dinamizar esta instalaci\u00f3n, concienciando a los m\u00e1s peque\u00f1os y a sus familias sobre la necesidad de preservar el medio mar\u00edtimo y la vinculaci\u00f3n cultural y etnogr\u00e1fica de los c\u00e1ntabros con el mar.<\/p>\n<h2 class=\"ladillo\">DORMIR EN EL MUSEO<\/h2>\n<p>Por otra parte, el MMC tambi\u00e9n celebrar\u00e1 los d\u00edas 1 y 22 de julio y 26 de agosto la iniciativa denominada &#8216;Las Noches en el Museo&#8217;.<\/p>\n<p>Esta actividad permite a los peque\u00f1os vivir una experiencia \u00fanica al dormir cerca del acuario del museo rodeados de tiburones, rayas, cachones, caballitos de mar, pulpos&#8230; hasta un total de cerca de 300 especies que pueden observarse en las diferentes unidades tem\u00e1ticas en las que est\u00e1n divididas los acuarios.<\/p>\n<p>Adem\u00e1s, los ni\u00f1os y ni\u00f1as participantes podr\u00e1n familiarizarse con los distintos entornos naturales submarinos, desde la orilla, el movimiento de las mareas, hasta los fondos de la plataforma a cien metros de profundidad.<\/p>\n<p>Las &#8216;Noches en el Museo&#8217; se desarrollan desde las 20.30 horas del viernes hasta las 10.00 de la ma\u00f1ana del s\u00e1bado. En este tiempo, los participantes cuentan con un programa de actividades y juegos participativos El precio es de 35 euros por ni\u00f1o y las edades, al igual que los talleres matutinos, son de 6 a 10 a\u00f1os.<\/p>\n<p>Se incluye la cena. Los ni\u00f1os deben ir equipados con saco de dormir, linterna y neceser.<\/p>\n<p>Ambas actividades forman parten de la oferta de ocio pedag\u00f3gico y divulgaci\u00f3n que Cantur, empresa dependiente de la Consejer\u00eda de Innovaci\u00f3n, Industria, Turismo y Comercio, viene desarrollando en el Museo Mar\u00edtimo del Cant\u00e1brico en periodos vacacionales con el fin de conciliar la vida laboral con la familiar y ofrecer alternativas de inter\u00e9s durante el verano para los m\u00e1s peque\u00f1os de la casa.<\/p>\n<h2 class=\"ladillo\">EL MMC<\/h2>\n<p>El Museo Mar\u00edtimo del Cant\u00e1brico acoge una de las m\u00e1s ricas y variadas propuestas museogr\u00e1ficas, de cuantas se ofrecen en Espa\u00f1a, entre las dedicadas a la mar y a las formas de relaci\u00f3n del hombre con el medio acu\u00e1tico desde sus or\u00edgenes.<\/p>\n<p>Los fondos est\u00e1n integrados por m\u00e1s de 14.000 objetos, 6.000 libros, 3.000 mapas y 8.000 fotograf\u00edas, as\u00ed como cientos de documentos. Lo que le convierte en uno de los m\u00e1s importantes y completos dedicados a la difusi\u00f3n del patrimonio mar\u00edtimo.<\/p>\n<p>El alto valor y la estimulante diversidad de sus fondos estructuran el programa expositivo en cuatro grandes secciones, donde, desde los m\u00e1s variados puntos de vista, se muestran cuantos asuntos afectan al mar Cant\u00e1brico y su proyecci\u00f3n hacia el resto del mundo: biolog\u00eda marina, etnograf\u00eda pesquera, historia mar\u00edtima y tecnolog\u00eda mar\u00edtimo<\/p>\n","protected":false},"excerpt":{"rendered":"<p>El Museo Mar\u00edtimo del Cant\u00e1brico (MMC) pone en marcha, a partir del 27 de junio, una nueva edici\u00f3n de los talleres de verano &#8216;Conoce el Cant\u00e1brico&#8217;, dirigidos a ni\u00f1os y ni\u00f1as de 6 a 10 a\u00f1os, con los que se busca acercar a los m\u00e1s peque\u00f1os a la cultura mar\u00edtima y facilitar la conciliaci\u00f3n familiar<\/p>\n","protected":false},"author":1,"featured_media":79531,"comment_status":"open","ping_status":"closed","sticky":false,"template":"","format":"standard","meta":{"footnotes":""},"categories":[224],"tags":[],"class_list":{"0":"post-79530","1":"post","2":"type-post","3":"status-publish","4":"format-standard","5":"has-post-thumbnail","7":"category-noticias-actualidad"},"aioseo_notices":[],"aioseo_head":"\n\t\t<!-- All in One SEO Pro 4.9.6.1 - aioseo.com -->\n\t<meta name=\"description\" content=\"El Museo Mar\u00edtimo del Cant\u00e1brico (MMC) pone en marcha, a partir del 27 de junio, una nueva edici\u00f3n de los talleres de verano &#039;Conoce el Cant\u00e1brico&#039;, dirigidos a ni\u00f1os y ni\u00f1as de 6 a 10 a\u00f1os, con los que se busca acercar a los m\u00e1s peque\u00f1os a la cultura mar\u00edtima y facilitar la conciliaci\u00f3n familiar\" \/>\n\t<meta name=\"robots\" content=\"max-image-preview:large\" \/>\n\t<meta name=\"author\" content=\"admin\"\/>\n\t<meta name=\"google-site-verification\" content=\"UA-38556648-1\" \/>\n\t<meta name=\"keywords\" content=\"noticias y actualidad\" \/>\n\t<link rel=\"canonical\" href=\"https:\/\/eldigitaldeasturias.com\/magazine365\/el-museo-maritimo-del-cantabrico-celebra-una-nueva-edicion-de-los-talleres-infantiles-de-verano\/\" \/>\n\t<meta name=\"generator\" content=\"All in One SEO Pro (AIOSEO) 4.9.6.1\" \/>\n\t\t<meta property=\"og:locale\" content=\"es_ES\" \/>\n\t\t<meta property=\"og:site_name\" content=\"El Digital de Asturias \u2013 Revista de ocio, turismo y estilo de vida\" \/>\n\t\t<meta property=\"og:type\" content=\"article\" \/>\n\t\t<meta property=\"og:title\" content=\"El Museo Mar\u00edtimo del Cant\u00e1brico celebra una nueva edici\u00f3n de los talleres infantiles de verano | El Digital de Asturias\" \/>\n\t\t<meta property=\"og:description\" content=\"El Museo Mar\u00edtimo del Cant\u00e1brico (MMC) pone en marcha, a partir del 27 de junio, una nueva edici\u00f3n de los talleres de verano &#039;Conoce el Cant\u00e1brico&#039;, dirigidos a ni\u00f1os y ni\u00f1as de 6 a 10 a\u00f1os, con los que se busca acercar a los m\u00e1s peque\u00f1os a la cultura mar\u00edtima y facilitar la conciliaci\u00f3n familiar\" \/>\n\t\t<meta property=\"og:url\" content=\"https:\/\/eldigitaldeasturias.com\/magazine365\/el-museo-maritimo-del-cantabrico-celebra-una-nueva-edicion-de-los-talleres-infantiles-de-verano\/\" \/>\n\t\t<meta property=\"og:image\" content=\"https:\/\/eldigitaldeasturias.com\/magazine365\/wp-content\/uploads\/2016\/06\/fotonoticia_20160615175933_800.jpg\" \/>\n\t\t<meta property=\"og:image:secure_url\" content=\"https:\/\/eldigitaldeasturias.com\/magazine365\/wp-content\/uploads\/2016\/06\/fotonoticia_20160615175933_800.jpg\" \/>\n\t\t<meta property=\"og:image:width\" content=\"800\" \/>\n\t\t<meta property=\"og:image:height\" content=\"600\" \/>\n\t\t<meta property=\"article:published_time\" content=\"2016-06-15T21:32:40+00:00\" \/>\n\t\t<meta property=\"article:modified_time\" content=\"2016-06-15T21:32:40+00:00\" \/>\n\t\t<meta name=\"twitter:card\" content=\"summary_large_image\" \/>\n\t\t<meta name=\"twitter:title\" content=\"El Museo Mar\u00edtimo del Cant\u00e1brico celebra una nueva edici\u00f3n de los talleres infantiles de verano | El Digital de Asturias\" \/>\n\t\t<meta name=\"twitter:description\" content=\"El Museo Mar\u00edtimo del Cant\u00e1brico (MMC) pone en marcha, a partir del 27 de junio, una nueva edici\u00f3n de los talleres de verano &#039;Conoce el Cant\u00e1brico&#039;, dirigidos a ni\u00f1os y ni\u00f1as de 6 a 10 a\u00f1os, con los que se busca acercar a los m\u00e1s peque\u00f1os a la cultura mar\u00edtima y facilitar la conciliaci\u00f3n familiar\" \/>\n\t\t<meta name=\"twitter:image\" content=\"https:\/\/eldigitaldeasturias.com\/magazine365\/wp-content\/uploads\/2016\/06\/fotonoticia_20160615175933_800.jpg\" \/>\n\t\t<script type=\"application\/ld+json\" class=\"aioseo-schema\">\n\t\t\t{\"@context\":\"https:\\\/\\\/schema.org\",\"@graph\":[{\"@type\":\"Article\",\"@id\":\"https:\\\/\\\/eldigitaldeasturias.com\\\/magazine365\\\/el-museo-maritimo-del-cantabrico-celebra-una-nueva-edicion-de-los-talleres-infantiles-de-verano\\\/#article\",\"name\":\"El Museo Mar\\u00edtimo del Cant\\u00e1brico celebra una nueva edici\\u00f3n de los talleres infantiles de verano | El Digital de Asturias\",\"headline\":\"El Museo Mar\\u00edtimo del Cant\\u00e1brico celebra una nueva edici\\u00f3n de los talleres infantiles de verano\",\"author\":{\"@id\":\"https:\\\/\\\/eldigitaldeasturias.com\\\/magazine365\\\/author\\\/admin\\\/#author\"},\"publisher\":{\"@id\":\"https:\\\/\\\/eldigitaldeasturias.com\\\/magazine365\\\/#organization\"},\"image\":{\"@type\":\"ImageObject\",\"url\":\"https:\\\/\\\/eldigitaldeasturias.com\\\/magazine365\\\/wp-content\\\/uploads\\\/2016\\\/06\\\/fotonoticia_20160615175933_800.jpg\",\"width\":800,\"height\":600},\"datePublished\":\"2016-06-15T23:32:40+02:00\",\"dateModified\":\"2016-06-15T23:32:40+02:00\",\"inLanguage\":\"es-ES\",\"mainEntityOfPage\":{\"@id\":\"https:\\\/\\\/eldigitaldeasturias.com\\\/magazine365\\\/el-museo-maritimo-del-cantabrico-celebra-una-nueva-edicion-de-los-talleres-infantiles-de-verano\\\/#webpage\"},\"isPartOf\":{\"@id\":\"https:\\\/\\\/eldigitaldeasturias.com\\\/magazine365\\\/el-museo-maritimo-del-cantabrico-celebra-una-nueva-edicion-de-los-talleres-infantiles-de-verano\\\/#webpage\"},\"articleSection\":\"Noticias y Actualidad\"},{\"@type\":\"BreadcrumbList\",\"@id\":\"https:\\\/\\\/eldigitaldeasturias.com\\\/magazine365\\\/el-museo-maritimo-del-cantabrico-celebra-una-nueva-edicion-de-los-talleres-infantiles-de-verano\\\/#breadcrumblist\",\"itemListElement\":[{\"@type\":\"ListItem\",\"@id\":\"https:\\\/\\\/eldigitaldeasturias.com\\\/magazine365#listItem\",\"position\":1,\"name\":\"Home\",\"item\":\"https:\\\/\\\/eldigitaldeasturias.com\\\/magazine365\",\"nextItem\":{\"@type\":\"ListItem\",\"@id\":\"https:\\\/\\\/eldigitaldeasturias.com\\\/magazine365\\\/category\\\/noticias-actualidad\\\/#listItem\",\"name\":\"Noticias y Actualidad\"}},{\"@type\":\"ListItem\",\"@id\":\"https:\\\/\\\/eldigitaldeasturias.com\\\/magazine365\\\/category\\\/noticias-actualidad\\\/#listItem\",\"position\":2,\"name\":\"Noticias y Actualidad\",\"item\":\"https:\\\/\\\/eldigitaldeasturias.com\\\/magazine365\\\/category\\\/noticias-actualidad\\\/\",\"nextItem\":{\"@type\":\"ListItem\",\"@id\":\"https:\\\/\\\/eldigitaldeasturias.com\\\/magazine365\\\/el-museo-maritimo-del-cantabrico-celebra-una-nueva-edicion-de-los-talleres-infantiles-de-verano\\\/#listItem\",\"name\":\"El Museo Mar\\u00edtimo del Cant\\u00e1brico celebra una nueva edici\\u00f3n de los talleres infantiles de verano\"},\"previousItem\":{\"@type\":\"ListItem\",\"@id\":\"https:\\\/\\\/eldigitaldeasturias.com\\\/magazine365#listItem\",\"name\":\"Home\"}},{\"@type\":\"ListItem\",\"@id\":\"https:\\\/\\\/eldigitaldeasturias.com\\\/magazine365\\\/el-museo-maritimo-del-cantabrico-celebra-una-nueva-edicion-de-los-talleres-infantiles-de-verano\\\/#listItem\",\"position\":3,\"name\":\"El Museo Mar\\u00edtimo del Cant\\u00e1brico celebra una nueva edici\\u00f3n de los talleres infantiles de verano\",\"previousItem\":{\"@type\":\"ListItem\",\"@id\":\"https:\\\/\\\/eldigitaldeasturias.com\\\/magazine365\\\/category\\\/noticias-actualidad\\\/#listItem\",\"name\":\"Noticias y Actualidad\"}}]},{\"@type\":\"Organization\",\"@id\":\"https:\\\/\\\/eldigitaldeasturias.com\\\/magazine365\\\/#organization\",\"name\":\"El digital de Asturias\",\"description\":\"Revista de ocio, turismo y estilo de vida\",\"url\":\"https:\\\/\\\/eldigitaldeasturias.com\\\/magazine365\\\/\",\"logo\":{\"@type\":\"ImageObject\",\"url\":\"https:\\\/\\\/www.eldigitaldeasturias.com\\\/noticias\\\/wp-content\\\/uploads\\\/2020\\\/12\\\/EDA.jpg\",\"@id\":\"https:\\\/\\\/eldigitaldeasturias.com\\\/magazine365\\\/el-museo-maritimo-del-cantabrico-celebra-una-nueva-edicion-de-los-talleres-infantiles-de-verano\\\/#organizationLogo\"},\"image\":{\"@id\":\"https:\\\/\\\/eldigitaldeasturias.com\\\/magazine365\\\/el-museo-maritimo-del-cantabrico-celebra-una-nueva-edicion-de-los-talleres-infantiles-de-verano\\\/#organizationLogo\"}},{\"@type\":\"Person\",\"@id\":\"https:\\\/\\\/eldigitaldeasturias.com\\\/magazine365\\\/author\\\/admin\\\/#author\",\"url\":\"https:\\\/\\\/eldigitaldeasturias.com\\\/magazine365\\\/author\\\/admin\\\/\",\"name\":\"admin\",\"image\":{\"@type\":\"ImageObject\",\"@id\":\"https:\\\/\\\/eldigitaldeasturias.com\\\/magazine365\\\/el-museo-maritimo-del-cantabrico-celebra-una-nueva-edicion-de-los-talleres-infantiles-de-verano\\\/#authorImage\",\"url\":\"https:\\\/\\\/eldigitaldeasturias.com\\\/magazine365\\\/wp-content\\\/litespeed\\\/avatar\\\/e571bcf59a0edd6fa6838245a470f2fe.jpg?ver=1776969259\",\"width\":96,\"height\":96,\"caption\":\"admin\"}},{\"@type\":\"WebPage\",\"@id\":\"https:\\\/\\\/eldigitaldeasturias.com\\\/magazine365\\\/el-museo-maritimo-del-cantabrico-celebra-una-nueva-edicion-de-los-talleres-infantiles-de-verano\\\/#webpage\",\"url\":\"https:\\\/\\\/eldigitaldeasturias.com\\\/magazine365\\\/el-museo-maritimo-del-cantabrico-celebra-una-nueva-edicion-de-los-talleres-infantiles-de-verano\\\/\",\"name\":\"El Museo Mar\\u00edtimo del Cant\\u00e1brico celebra una nueva edici\\u00f3n de los talleres infantiles de verano | El Digital de Asturias\",\"description\":\"El Museo Mar\\u00edtimo del Cant\\u00e1brico (MMC) pone en marcha, a partir del 27 de junio, una nueva edici\\u00f3n de los talleres de verano 'Conoce el Cant\\u00e1brico', dirigidos a ni\\u00f1os y ni\\u00f1as de 6 a 10 a\\u00f1os, con los que se busca acercar a los m\\u00e1s peque\\u00f1os a la cultura mar\\u00edtima y facilitar la conciliaci\\u00f3n familiar\",\"inLanguage\":\"es-ES\",\"isPartOf\":{\"@id\":\"https:\\\/\\\/eldigitaldeasturias.com\\\/magazine365\\\/#website\"},\"breadcrumb\":{\"@id\":\"https:\\\/\\\/eldigitaldeasturias.com\\\/magazine365\\\/el-museo-maritimo-del-cantabrico-celebra-una-nueva-edicion-de-los-talleres-infantiles-de-verano\\\/#breadcrumblist\"},\"author\":{\"@id\":\"https:\\\/\\\/eldigitaldeasturias.com\\\/magazine365\\\/author\\\/admin\\\/#author\"},\"creator\":{\"@id\":\"https:\\\/\\\/eldigitaldeasturias.com\\\/magazine365\\\/author\\\/admin\\\/#author\"},\"image\":{\"@type\":\"ImageObject\",\"url\":\"https:\\\/\\\/eldigitaldeasturias.com\\\/magazine365\\\/wp-content\\\/uploads\\\/2016\\\/06\\\/fotonoticia_20160615175933_800.jpg\",\"@id\":\"https:\\\/\\\/eldigitaldeasturias.com\\\/magazine365\\\/el-museo-maritimo-del-cantabrico-celebra-una-nueva-edicion-de-los-talleres-infantiles-de-verano\\\/#mainImage\",\"width\":800,\"height\":600},\"primaryImageOfPage\":{\"@id\":\"https:\\\/\\\/eldigitaldeasturias.com\\\/magazine365\\\/el-museo-maritimo-del-cantabrico-celebra-una-nueva-edicion-de-los-talleres-infantiles-de-verano\\\/#mainImage\"},\"datePublished\":\"2016-06-15T23:32:40+02:00\",\"dateModified\":\"2016-06-15T23:32:40+02:00\"},{\"@type\":\"WebSite\",\"@id\":\"https:\\\/\\\/eldigitaldeasturias.com\\\/magazine365\\\/#website\",\"url\":\"https:\\\/\\\/eldigitaldeasturias.com\\\/magazine365\\\/\",\"name\":\"El Digital de Asturias\",\"description\":\"Revista de ocio, turismo y estilo de vida\",\"inLanguage\":\"es-ES\",\"publisher\":{\"@id\":\"https:\\\/\\\/eldigitaldeasturias.com\\\/magazine365\\\/#organization\"}}]}\n\t\t<\/script>\n\t\t<!-- All in One SEO Pro -->\r\n\t\t<title>El Museo Mar\u00edtimo del Cant\u00e1brico celebra una nueva edici\u00f3n de los talleres infantiles de verano | El Digital de Asturias<\/title>\n\n","aioseo_head_json":{"title":"El Museo Mar\u00edtimo del Cant\u00e1brico celebra una nueva edici\u00f3n de los talleres infantiles de verano | El Digital de Asturias","description":"El Museo Mar\u00edtimo del Cant\u00e1brico (MMC) pone en marcha, a partir del 27 de junio, una nueva edici\u00f3n de los talleres de verano 'Conoce el Cant\u00e1brico', dirigidos a ni\u00f1os y ni\u00f1as de 6 a 10 a\u00f1os, con los que se busca acercar a los m\u00e1s peque\u00f1os a la cultura mar\u00edtima y facilitar la conciliaci\u00f3n familiar","canonical_url":"https:\/\/eldigitaldeasturias.com\/magazine365\/el-museo-maritimo-del-cantabrico-celebra-una-nueva-edicion-de-los-talleres-infantiles-de-verano\/","robots":"max-image-preview:large","keywords":"noticias y actualidad","webmasterTools":{"google-site-verification":"UA-38556648-1","miscellaneous":""},"schema":{"@context":"https:\/\/schema.org","@graph":[{"@type":"Article","@id":"https:\/\/eldigitaldeasturias.com\/magazine365\/el-museo-maritimo-del-cantabrico-celebra-una-nueva-edicion-de-los-talleres-infantiles-de-verano\/#article","name":"El Museo Mar\u00edtimo del Cant\u00e1brico celebra una nueva edici\u00f3n de los talleres infantiles de verano | El Digital de Asturias","headline":"El Museo Mar\u00edtimo del Cant\u00e1brico celebra una nueva edici\u00f3n de los talleres infantiles de verano","author":{"@id":"https:\/\/eldigitaldeasturias.com\/magazine365\/author\/admin\/#author"},"publisher":{"@id":"https:\/\/eldigitaldeasturias.com\/magazine365\/#organization"},"image":{"@type":"ImageObject","url":"https:\/\/eldigitaldeasturias.com\/magazine365\/wp-content\/uploads\/2016\/06\/fotonoticia_20160615175933_800.jpg","width":800,"height":600},"datePublished":"2016-06-15T23:32:40+02:00","dateModified":"2016-06-15T23:32:40+02:00","inLanguage":"es-ES","mainEntityOfPage":{"@id":"https:\/\/eldigitaldeasturias.com\/magazine365\/el-museo-maritimo-del-cantabrico-celebra-una-nueva-edicion-de-los-talleres-infantiles-de-verano\/#webpage"},"isPartOf":{"@id":"https:\/\/eldigitaldeasturias.com\/magazine365\/el-museo-maritimo-del-cantabrico-celebra-una-nueva-edicion-de-los-talleres-infantiles-de-verano\/#webpage"},"articleSection":"Noticias y Actualidad"},{"@type":"BreadcrumbList","@id":"https:\/\/eldigitaldeasturias.com\/magazine365\/el-museo-maritimo-del-cantabrico-celebra-una-nueva-edicion-de-los-talleres-infantiles-de-verano\/#breadcrumblist","itemListElement":[{"@type":"ListItem","@id":"https:\/\/eldigitaldeasturias.com\/magazine365#listItem","position":1,"name":"Home","item":"https:\/\/eldigitaldeasturias.com\/magazine365","nextItem":{"@type":"ListItem","@id":"https:\/\/eldigitaldeasturias.com\/magazine365\/category\/noticias-actualidad\/#listItem","name":"Noticias y Actualidad"}},{"@type":"ListItem","@id":"https:\/\/eldigitaldeasturias.com\/magazine365\/category\/noticias-actualidad\/#listItem","position":2,"name":"Noticias y Actualidad","item":"https:\/\/eldigitaldeasturias.com\/magazine365\/category\/noticias-actualidad\/","nextItem":{"@type":"ListItem","@id":"https:\/\/eldigitaldeasturias.com\/magazine365\/el-museo-maritimo-del-cantabrico-celebra-una-nueva-edicion-de-los-talleres-infantiles-de-verano\/#listItem","name":"El Museo Mar\u00edtimo del Cant\u00e1brico celebra una nueva edici\u00f3n de los talleres infantiles de verano"},"previousItem":{"@type":"ListItem","@id":"https:\/\/eldigitaldeasturias.com\/magazine365#listItem","name":"Home"}},{"@type":"ListItem","@id":"https:\/\/eldigitaldeasturias.com\/magazine365\/el-museo-maritimo-del-cantabrico-celebra-una-nueva-edicion-de-los-talleres-infantiles-de-verano\/#listItem","position":3,"name":"El Museo Mar\u00edtimo del Cant\u00e1brico celebra una nueva edici\u00f3n de los talleres infantiles de verano","previousItem":{"@type":"ListItem","@id":"https:\/\/eldigitaldeasturias.com\/magazine365\/category\/noticias-actualidad\/#listItem","name":"Noticias y Actualidad"}}]},{"@type":"Organization","@id":"https:\/\/eldigitaldeasturias.com\/magazine365\/#organization","name":"El digital de Asturias","description":"Revista de ocio, turismo y estilo de vida","url":"https:\/\/eldigitaldeasturias.com\/magazine365\/","logo":{"@type":"ImageObject","url":"https:\/\/www.eldigitaldeasturias.com\/noticias\/wp-content\/uploads\/2020\/12\/EDA.jpg","@id":"https:\/\/eldigitaldeasturias.com\/magazine365\/el-museo-maritimo-del-cantabrico-celebra-una-nueva-edicion-de-los-talleres-infantiles-de-verano\/#organizationLogo"},"image":{"@id":"https:\/\/eldigitaldeasturias.com\/magazine365\/el-museo-maritimo-del-cantabrico-celebra-una-nueva-edicion-de-los-talleres-infantiles-de-verano\/#organizationLogo"}},{"@type":"Person","@id":"https:\/\/eldigitaldeasturias.com\/magazine365\/author\/admin\/#author","url":"https:\/\/eldigitaldeasturias.com\/magazine365\/author\/admin\/","name":"admin","image":{"@type":"ImageObject","@id":"https:\/\/eldigitaldeasturias.com\/magazine365\/el-museo-maritimo-del-cantabrico-celebra-una-nueva-edicion-de-los-talleres-infantiles-de-verano\/#authorImage","url":"https:\/\/eldigitaldeasturias.com\/magazine365\/wp-content\/litespeed\/avatar\/e571bcf59a0edd6fa6838245a470f2fe.jpg?ver=1776969259","width":96,"height":96,"caption":"admin"}},{"@type":"WebPage","@id":"https:\/\/eldigitaldeasturias.com\/magazine365\/el-museo-maritimo-del-cantabrico-celebra-una-nueva-edicion-de-los-talleres-infantiles-de-verano\/#webpage","url":"https:\/\/eldigitaldeasturias.com\/magazine365\/el-museo-maritimo-del-cantabrico-celebra-una-nueva-edicion-de-los-talleres-infantiles-de-verano\/","name":"El Museo Mar\u00edtimo del Cant\u00e1brico celebra una nueva edici\u00f3n de los talleres infantiles de verano | El Digital de Asturias","description":"El Museo Mar\u00edtimo del Cant\u00e1brico (MMC) pone en marcha, a partir del 27 de junio, una nueva edici\u00f3n de los talleres de verano 'Conoce el Cant\u00e1brico', dirigidos a ni\u00f1os y ni\u00f1as de 6 a 10 a\u00f1os, con los que se busca acercar a los m\u00e1s peque\u00f1os a la cultura mar\u00edtima y facilitar la conciliaci\u00f3n familiar","inLanguage":"es-ES","isPartOf":{"@id":"https:\/\/eldigitaldeasturias.com\/magazine365\/#website"},"breadcrumb":{"@id":"https:\/\/eldigitaldeasturias.com\/magazine365\/el-museo-maritimo-del-cantabrico-celebra-una-nueva-edicion-de-los-talleres-infantiles-de-verano\/#breadcrumblist"},"author":{"@id":"https:\/\/eldigitaldeasturias.com\/magazine365\/author\/admin\/#author"},"creator":{"@id":"https:\/\/eldigitaldeasturias.com\/magazine365\/author\/admin\/#author"},"image":{"@type":"ImageObject","url":"https:\/\/eldigitaldeasturias.com\/magazine365\/wp-content\/uploads\/2016\/06\/fotonoticia_20160615175933_800.jpg","@id":"https:\/\/eldigitaldeasturias.com\/magazine365\/el-museo-maritimo-del-cantabrico-celebra-una-nueva-edicion-de-los-talleres-infantiles-de-verano\/#mainImage","width":800,"height":600},"primaryImageOfPage":{"@id":"https:\/\/eldigitaldeasturias.com\/magazine365\/el-museo-maritimo-del-cantabrico-celebra-una-nueva-edicion-de-los-talleres-infantiles-de-verano\/#mainImage"},"datePublished":"2016-06-15T23:32:40+02:00","dateModified":"2016-06-15T23:32:40+02:00"},{"@type":"WebSite","@id":"https:\/\/eldigitaldeasturias.com\/magazine365\/#website","url":"https:\/\/eldigitaldeasturias.com\/magazine365\/","name":"El Digital de Asturias","description":"Revista de ocio, turismo y estilo de vida","inLanguage":"es-ES","publisher":{"@id":"https:\/\/eldigitaldeasturias.com\/magazine365\/#organization"}}]},"og:locale":"es_ES","og:site_name":"El Digital de Asturias \u2013 Revista de ocio, turismo y estilo de vida","og:type":"article","og:title":"El Museo Mar\u00edtimo del Cant\u00e1brico celebra una nueva edici\u00f3n de los talleres infantiles de verano | El Digital de Asturias","og:description":"El Museo Mar\u00edtimo del Cant\u00e1brico (MMC) pone en marcha, a partir del 27 de junio, una nueva edici\u00f3n de los talleres de verano 'Conoce el Cant\u00e1brico', dirigidos a ni\u00f1os y ni\u00f1as de 6 a 10 a\u00f1os, con los que se busca acercar a los m\u00e1s peque\u00f1os a la cultura mar\u00edtima y facilitar la conciliaci\u00f3n familiar","og:url":"https:\/\/eldigitaldeasturias.com\/magazine365\/el-museo-maritimo-del-cantabrico-celebra-una-nueva-edicion-de-los-talleres-infantiles-de-verano\/","og:image":"https:\/\/eldigitaldeasturias.com\/magazine365\/wp-content\/uploads\/2016\/06\/fotonoticia_20160615175933_800.jpg","og:image:secure_url":"https:\/\/eldigitaldeasturias.com\/magazine365\/wp-content\/uploads\/2016\/06\/fotonoticia_20160615175933_800.jpg","og:image:width":800,"og:image:height":600,"article:published_time":"2016-06-15T21:32:40+00:00","article:modified_time":"2016-06-15T21:32:40+00:00","twitter:card":"summary_large_image","twitter:title":"El Museo Mar\u00edtimo del Cant\u00e1brico celebra una nueva edici\u00f3n de los talleres infantiles de verano | El Digital de Asturias","twitter:description":"El Museo Mar\u00edtimo del Cant\u00e1brico (MMC) pone en marcha, a partir del 27 de junio, una nueva edici\u00f3n de los talleres de verano 'Conoce el Cant\u00e1brico', dirigidos a ni\u00f1os y ni\u00f1as de 6 a 10 a\u00f1os, con los que se busca acercar a los m\u00e1s peque\u00f1os a la cultura mar\u00edtima y facilitar la conciliaci\u00f3n familiar","twitter:image":"https:\/\/eldigitaldeasturias.com\/magazine365\/wp-content\/uploads\/2016\/06\/fotonoticia_20160615175933_800.jpg"},"aioseo_meta_data":{"post_id":"79530","title":null,"description":null,"keywords":null,"keyphrases":null,"primary_term":null,"canonical_url":null,"og_title":null,"og_description":null,"og_object_type":"default","og_image_type":"default","og_image_url":null,"og_image_width":null,"og_image_height":null,"og_image_custom_url":null,"og_image_custom_fields":null,"og_video":null,"og_custom_url":null,"og_article_section":null,"og_article_tags":null,"twitter_use_og":false,"twitter_card":"default","twitter_image_type":"default","twitter_image_url":null,"twitter_image_custom_url":null,"twitter_image_custom_fields":null,"twitter_title":null,"twitter_description":null,"schema":{"blockGraphs":[],"customGraphs":[],"default":{"data":{"Article":[],"Course":[],"Dataset":[],"FAQPage":[],"Movie":[],"Person":[],"Product":[],"ProductReview":[],"Car":[],"Recipe":[],"Service":[],"SoftwareApplication":[],"WebPage":[]},"graphName":"","isEnabled":true},"graphs":[],"defaultGraph":"","defaultPostTypeGraph":""},"schema_type":null,"schema_type_options":null,"pillar_content":false,"robots_default":true,"robots_noindex":false,"robots_noarchive":false,"robots_nosnippet":false,"robots_nofollow":false,"robots_noimageindex":false,"robots_noodp":false,"robots_notranslate":false,"robots_max_snippet":null,"robots_max_videopreview":null,"robots_max_imagepreview":"large","priority":null,"frequency":null,"location":null,"local_seo":null,"seo_analyzer_scan_date":"2025-09-27 19:05:31","breadcrumb_settings":null,"limit_modified_date":false,"open_ai":null,"ai":null,"created":"2021-03-08 17:48:08","updated":"2025-09-27 19:05:31"},"aioseo_breadcrumb":"<div class=\"aioseo-breadcrumbs\"><span class=\"aioseo-breadcrumb\">\n\t<a href=\"https:\/\/eldigitaldeasturias.com\/magazine365\" title=\"Home\">Home<\/a>\n<\/span><span class=\"aioseo-breadcrumb-separator\">\u2013<\/span><span class=\"aioseo-breadcrumb\">\n\t<a href=\"https:\/\/eldigitaldeasturias.com\/magazine365\/category\/noticias-actualidad\/\" title=\"Noticias y Actualidad\">Noticias y Actualidad<\/a>\n<\/span><span class=\"aioseo-breadcrumb-separator\">\u2013<\/span><span class=\"aioseo-breadcrumb\">\n\t<a href=\"https:\/\/eldigitaldeasturias.com\/magazine365\/el-museo-maritimo-del-cantabrico-celebra-una-nueva-edicion-de-los-talleres-infantiles-de-verano\/\" title=\"El Museo Mar\u00edtimo del Cant\u00e1brico celebra una nueva edici\u00f3n de los talleres infantiles de verano\">El Museo Mar\u00edtimo del Cant\u00e1brico celebra una nueva edici\u00f3n de los talleres infantiles de verano<\/a>\n<\/span><\/div>","aioseo_breadcrumb_json":[{"label":"Home","link":"https:\/\/eldigitaldeasturias.com\/magazine365"},{"label":"Noticias y Actualidad","link":"https:\/\/eldigitaldeasturias.com\/magazine365\/category\/noticias-actualidad\/"},{"label":"El Museo Mar\u00edtimo del Cant\u00e1brico celebra una nueva edici\u00f3n de los talleres infantiles de verano","link":"https:\/\/eldigitaldeasturias.com\/magazine365\/el-museo-maritimo-del-cantabrico-celebra-una-nueva-edicion-de-los-talleres-infantiles-de-verano\/"}],"_links":{"self":[{"href":"https:\/\/eldigitaldeasturias.com\/magazine365\/wp-json\/wp\/v2\/posts\/79530","targetHints":{"allow":["GET"]}}],"collection":[{"href":"https:\/\/eldigitaldeasturias.com\/magazine365\/wp-json\/wp\/v2\/posts"}],"about":[{"href":"https:\/\/eldigitaldeasturias.com\/magazine365\/wp-json\/wp\/v2\/types\/post"}],"author":[{"embeddable":true,"href":"https:\/\/eldigitaldeasturias.com\/magazine365\/wp-json\/wp\/v2\/users\/1"}],"replies":[{"embeddable":true,"href":"https:\/\/eldigitaldeasturias.com\/magazine365\/wp-json\/wp\/v2\/comments?post=79530"}],"version-history":[{"count":0,"href":"https:\/\/eldigitaldeasturias.com\/magazine365\/wp-json\/wp\/v2\/posts\/79530\/revisions"}],"wp:featuredmedia":[{"embeddable":true,"href":"https:\/\/eldigitaldeasturias.com\/magazine365\/wp-json\/wp\/v2\/media\/79531"}],"wp:attachment":[{"href":"https:\/\/eldigitaldeasturias.com\/magazine365\/wp-json\/wp\/v2\/media?parent=79530"}],"wp:term":[{"taxonomy":"category","embeddable":true,"href":"https:\/\/eldigitaldeasturias.com\/magazine365\/wp-json\/wp\/v2\/categories?post=79530"},{"taxonomy":"post_tag","embeddable":true,"href":"https:\/\/eldigitaldeasturias.com\/magazine365\/wp-json\/wp\/v2\/tags?post=79530"}],"curies":[{"name":"wp","href":"https:\/\/api.w.org\/{rel}","templated":true}]}}