{"id":79514,"date":"2016-06-15T23:28:27","date_gmt":"2016-06-15T21:28:27","guid":{"rendered":"http:\/\/eldigitaldeasturias.com\/magazine365\/?p=79514"},"modified":"2016-06-15T23:28:27","modified_gmt":"2016-06-15T21:28:27","slug":"unidos-podemos-quiere-que-la-estabilizacion-de-las-playas-en-malaga-sea-una-medida-prioritaria","status":"publish","type":"post","link":"https:\/\/eldigitaldeasturias.com\/magazine365\/unidos-podemos-quiere-que-la-estabilizacion-de-las-playas-en-malaga-sea-una-medida-prioritaria\/","title":{"rendered":"Unidos Podemos quiere que la estabilizaci\u00f3n de las playas en M\u00e1laga sea una medida prioritaria"},"content":{"rendered":"<p><img fetchpriority=\"high\" decoding=\"async\" class=\"alignleft size-medium wp-image-79515\" src=\"https:\/\/eldigitaldeasturias.com\/magazine365\/wp-content\/uploads\/2016\/06\/fotonoticia_20160615171936_800-360x216.jpg\" alt=\"fotonoticia_20160615171936_800\" width=\"360\" height=\"216\" srcset=\"https:\/\/eldigitaldeasturias.com\/magazine365\/wp-content\/uploads\/2016\/06\/fotonoticia_20160615171936_800-360x216.jpg 360w, https:\/\/eldigitaldeasturias.com\/magazine365\/wp-content\/uploads\/2016\/06\/fotonoticia_20160615171936_800-650x390.jpg 650w, https:\/\/eldigitaldeasturias.com\/magazine365\/wp-content\/uploads\/2016\/06\/fotonoticia_20160615171936_800-768x461.jpg 768w, https:\/\/eldigitaldeasturias.com\/magazine365\/wp-content\/uploads\/2016\/06\/fotonoticia_20160615171936_800-150x90.jpg 150w, https:\/\/eldigitaldeasturias.com\/magazine365\/wp-content\/uploads\/2016\/06\/fotonoticia_20160615171936_800-450x270.jpg 450w, https:\/\/eldigitaldeasturias.com\/magazine365\/wp-content\/uploads\/2016\/06\/fotonoticia_20160615171936_800.jpg 800w\" sizes=\"(max-width: 360px) 100vw, 360px\" \/>Unidos Podemos ha abogado este mi\u00e9rcoles por que la estabilizaci\u00f3n de las playas de la provincia malague\u00f1a sea una \u00abprioridad\u00bb para el nuevo Gobierno que salga de las elecciones generales del 26 de junio.<\/p>\n<p>As\u00ed, ha alertado de la necesidad de terminar con los aportes de arena para que se desarrollen definitivamente los planes de estabilizaci\u00f3n que garantizar\u00e1n el estado \u00f3ptimo de las playas en Marbella y en el resto de la Costa del Sol.<\/p>\n<p>Precisamente, la playa de La Bajadilla, en Marbella, ha sido el escenario de la rueda de prensa en la que la &#8216;n\u00famero dos&#8217; al Congreso de Unidos Podemos por M\u00e1laga, Eva Garc\u00eda Sempere, y el coordinador local de IU, Miguel D\u00edaz, han apostado por la necesidad de que Costas desbloquee los planes de estabilizaci\u00f3n del litoral.<\/p>\n<p>\u00abNo es posible que la Ley de Costas tal y como se modific\u00f3 en 2013 no d\u00e9 las suficientes garant\u00edas para un sector estrat\u00e9gico como es el tur\u00edstico en la Costa del Sol y Marbella\u00bb, ha expuesto Garc\u00eda Sempere.<\/p>\n<p>As\u00ed, ha resaltado que \u00abm\u00e1s incre\u00edble resulta a\u00fan que el dinero presupuestado no se desbloquee y que sean los propios ayuntamientos, como es el caso de Marbella, los que se vean obligados a buscar soluciones coyunturales, como son las aportaciones de arena para garantizar el estado \u00f3ptimo de las playas\u00bb.<\/p>\n<p>\u00abSabiendo &#8211;ha a\u00f1adido la candidata de Unidos Podemos&#8211; que dichos aportes de arena son un agujero negro que no solucionan el problema de fondo, que pasa siempre por los planes de estabilizaci\u00f3n\u00bb, al tiempo que ha precisado que \u00abel cambio clim\u00e1tico es una realidad que va a incidir a\u00fan m\u00e1s en este problema y, por tanto, se hace m\u00e1s necesario que nunca apostar por medidas sostenibles en el tiempo\u00bb.<\/p>\n<p>Por su parte, D\u00edaz ha se\u00f1alado que \u00abel futuro de nuestras playas es una de las grandes preocupaciones para Marbella con los planes de estabilizaci\u00f3n imprescindibles para mantener tanto el ecosistema litoral del municipio como uno de los principales reclamos de la primera de nuestras industrias, el turismo\u00bb.<\/p>\n<p>\u00abVenimos sufriendo desde hace d\u00e9cadas p\u00e9rdidas de arena en el litoral de la ciudad en todos sus puntos, especialmente en los c\u00e9ntricos y, sin embargo &#8211;ha advertido&#8211;, no ha habido ning\u00fan Gobierno que haya dado con una soluci\u00f3n definitiva, tan s\u00f3lo soluciones coyunturales y a toro pasado como el aporte de arenas a las playas\u00bb.<\/p>\n<p>Por ello, ha hecho hincapi\u00e9 en que \u00abes fundamental que el nuevo Gobierno tenga como prioridad acometer esos planes de estabilizaci\u00f3n, comenzando por las prioridades de Marbella como La Bajadilla, para la que hay planificados una serie de diques sumergidos y un espig\u00f3n circular que permitir\u00eda retener toda la arena y, por tanto, mantener la playa en perfecto estado\u00bb.<\/p>\n<p>Ha remarcado que \u00abse trata de inversiones, para cada uno de los proyectos, de seis millones de euros, que no suponen un obst\u00e1culo insalvable para un Gobierno como el de Espa\u00f1a y para una ciudad referente en el sector tur\u00edstico como es Marbella\u00bb.<\/p>\n<p>\u00abPonemos de manifiesto la dejadez de los gobiernos tanto del PP como del PSOE, que tras d\u00e9cadas no han invertido ni un c\u00e9ntimo en planes de estabilizaci\u00f3n del litoral\u00bb, ha concluido D\u00edaz.<\/p>\n","protected":false},"excerpt":{"rendered":"<p>Unidos Podemos ha abogado este mi\u00e9rcoles por que la estabilizaci\u00f3n de las playas de la provincia malague\u00f1a sea una \u00abprioridad\u00bb para el nuevo Gobierno que salga de las elecciones generales del 26 de junio. As\u00ed, ha alertado de la necesidad de terminar con los aportes de arena para que se desarrollen definitivamente los planes de<\/p>\n","protected":false},"author":1,"featured_media":79515,"comment_status":"open","ping_status":"closed","sticky":false,"template":"","format":"standard","meta":{"footnotes":""},"categories":[224],"tags":[],"class_list":{"0":"post-79514","1":"post","2":"type-post","3":"status-publish","4":"format-standard","5":"has-post-thumbnail","7":"category-noticias-actualidad"},"aioseo_notices":[],"aioseo_head":"\n\t\t<!-- All in One SEO Pro 4.9.6.1 - aioseo.com -->\n\t<meta name=\"description\" content=\"Unidos Podemos ha abogado este mi\u00e9rcoles por que la estabilizaci\u00f3n de las playas de la provincia malague\u00f1a sea una &quot;prioridad&quot; para el nuevo Gobierno que salga de las elecciones generales del 26 de junio. As\u00ed, ha alertado de la necesidad de terminar con los aportes de arena para que se desarrollen definitivamente los planes de\" \/>\n\t<meta name=\"robots\" content=\"max-image-preview:large\" \/>\n\t<meta name=\"author\" content=\"admin\"\/>\n\t<meta name=\"google-site-verification\" content=\"UA-38556648-1\" \/>\n\t<meta name=\"keywords\" content=\"noticias y actualidad\" \/>\n\t<link rel=\"canonical\" href=\"https:\/\/eldigitaldeasturias.com\/magazine365\/unidos-podemos-quiere-que-la-estabilizacion-de-las-playas-en-malaga-sea-una-medida-prioritaria\/\" \/>\n\t<meta name=\"generator\" content=\"All in One SEO Pro (AIOSEO) 4.9.6.1\" \/>\n\t\t<meta property=\"og:locale\" content=\"es_ES\" \/>\n\t\t<meta property=\"og:site_name\" content=\"El Digital de Asturias \u2013 Revista de ocio, turismo y estilo de vida\" \/>\n\t\t<meta property=\"og:type\" content=\"article\" \/>\n\t\t<meta property=\"og:title\" content=\"Unidos Podemos quiere que la estabilizaci\u00f3n de las playas en M\u00e1laga sea una medida prioritaria | El Digital de Asturias\" \/>\n\t\t<meta property=\"og:description\" content=\"Unidos Podemos ha abogado este mi\u00e9rcoles por que la estabilizaci\u00f3n de las playas de la provincia malague\u00f1a sea una &quot;prioridad&quot; para el nuevo Gobierno que salga de las elecciones generales del 26 de junio. As\u00ed, ha alertado de la necesidad de terminar con los aportes de arena para que se desarrollen definitivamente los planes de\" \/>\n\t\t<meta property=\"og:url\" content=\"https:\/\/eldigitaldeasturias.com\/magazine365\/unidos-podemos-quiere-que-la-estabilizacion-de-las-playas-en-malaga-sea-una-medida-prioritaria\/\" \/>\n\t\t<meta property=\"og:image\" content=\"https:\/\/eldigitaldeasturias.com\/magazine365\/wp-content\/uploads\/2016\/06\/fotonoticia_20160615171936_800.jpg\" \/>\n\t\t<meta property=\"og:image:secure_url\" content=\"https:\/\/eldigitaldeasturias.com\/magazine365\/wp-content\/uploads\/2016\/06\/fotonoticia_20160615171936_800.jpg\" \/>\n\t\t<meta property=\"og:image:width\" content=\"800\" \/>\n\t\t<meta property=\"og:image:height\" content=\"480\" \/>\n\t\t<meta property=\"article:published_time\" content=\"2016-06-15T21:28:27+00:00\" \/>\n\t\t<meta property=\"article:modified_time\" content=\"2016-06-15T21:28:27+00:00\" \/>\n\t\t<meta name=\"twitter:card\" content=\"summary_large_image\" \/>\n\t\t<meta name=\"twitter:title\" content=\"Unidos Podemos quiere que la estabilizaci\u00f3n de las playas en M\u00e1laga sea una medida prioritaria | El Digital de Asturias\" \/>\n\t\t<meta name=\"twitter:description\" content=\"Unidos Podemos ha abogado este mi\u00e9rcoles por que la estabilizaci\u00f3n de las playas de la provincia malague\u00f1a sea una &quot;prioridad&quot; para el nuevo Gobierno que salga de las elecciones generales del 26 de junio. As\u00ed, ha alertado de la necesidad de terminar con los aportes de arena para que se desarrollen definitivamente los planes de\" \/>\n\t\t<meta name=\"twitter:image\" content=\"https:\/\/eldigitaldeasturias.com\/magazine365\/wp-content\/uploads\/2016\/06\/fotonoticia_20160615171936_800.jpg\" \/>\n\t\t<script type=\"application\/ld+json\" class=\"aioseo-schema\">\n\t\t\t{\"@context\":\"https:\\\/\\\/schema.org\",\"@graph\":[{\"@type\":\"Article\",\"@id\":\"https:\\\/\\\/eldigitaldeasturias.com\\\/magazine365\\\/unidos-podemos-quiere-que-la-estabilizacion-de-las-playas-en-malaga-sea-una-medida-prioritaria\\\/#article\",\"name\":\"Unidos Podemos quiere que la estabilizaci\\u00f3n de las playas en M\\u00e1laga sea una medida prioritaria | El Digital de Asturias\",\"headline\":\"Unidos Podemos quiere que la estabilizaci\\u00f3n de las playas en M\\u00e1laga sea una medida prioritaria\",\"author\":{\"@id\":\"https:\\\/\\\/eldigitaldeasturias.com\\\/magazine365\\\/author\\\/admin\\\/#author\"},\"publisher\":{\"@id\":\"https:\\\/\\\/eldigitaldeasturias.com\\\/magazine365\\\/#organization\"},\"image\":{\"@type\":\"ImageObject\",\"url\":\"https:\\\/\\\/eldigitaldeasturias.com\\\/magazine365\\\/wp-content\\\/uploads\\\/2016\\\/06\\\/fotonoticia_20160615171936_800.jpg\",\"width\":800,\"height\":480},\"datePublished\":\"2016-06-15T23:28:27+02:00\",\"dateModified\":\"2016-06-15T23:28:27+02:00\",\"inLanguage\":\"es-ES\",\"mainEntityOfPage\":{\"@id\":\"https:\\\/\\\/eldigitaldeasturias.com\\\/magazine365\\\/unidos-podemos-quiere-que-la-estabilizacion-de-las-playas-en-malaga-sea-una-medida-prioritaria\\\/#webpage\"},\"isPartOf\":{\"@id\":\"https:\\\/\\\/eldigitaldeasturias.com\\\/magazine365\\\/unidos-podemos-quiere-que-la-estabilizacion-de-las-playas-en-malaga-sea-una-medida-prioritaria\\\/#webpage\"},\"articleSection\":\"Noticias y Actualidad\"},{\"@type\":\"BreadcrumbList\",\"@id\":\"https:\\\/\\\/eldigitaldeasturias.com\\\/magazine365\\\/unidos-podemos-quiere-que-la-estabilizacion-de-las-playas-en-malaga-sea-una-medida-prioritaria\\\/#breadcrumblist\",\"itemListElement\":[{\"@type\":\"ListItem\",\"@id\":\"https:\\\/\\\/eldigitaldeasturias.com\\\/magazine365#listItem\",\"position\":1,\"name\":\"Home\",\"item\":\"https:\\\/\\\/eldigitaldeasturias.com\\\/magazine365\",\"nextItem\":{\"@type\":\"ListItem\",\"@id\":\"https:\\\/\\\/eldigitaldeasturias.com\\\/magazine365\\\/category\\\/noticias-actualidad\\\/#listItem\",\"name\":\"Noticias y Actualidad\"}},{\"@type\":\"ListItem\",\"@id\":\"https:\\\/\\\/eldigitaldeasturias.com\\\/magazine365\\\/category\\\/noticias-actualidad\\\/#listItem\",\"position\":2,\"name\":\"Noticias y Actualidad\",\"item\":\"https:\\\/\\\/eldigitaldeasturias.com\\\/magazine365\\\/category\\\/noticias-actualidad\\\/\",\"nextItem\":{\"@type\":\"ListItem\",\"@id\":\"https:\\\/\\\/eldigitaldeasturias.com\\\/magazine365\\\/unidos-podemos-quiere-que-la-estabilizacion-de-las-playas-en-malaga-sea-una-medida-prioritaria\\\/#listItem\",\"name\":\"Unidos Podemos quiere que la estabilizaci\\u00f3n de las playas en M\\u00e1laga sea una medida prioritaria\"},\"previousItem\":{\"@type\":\"ListItem\",\"@id\":\"https:\\\/\\\/eldigitaldeasturias.com\\\/magazine365#listItem\",\"name\":\"Home\"}},{\"@type\":\"ListItem\",\"@id\":\"https:\\\/\\\/eldigitaldeasturias.com\\\/magazine365\\\/unidos-podemos-quiere-que-la-estabilizacion-de-las-playas-en-malaga-sea-una-medida-prioritaria\\\/#listItem\",\"position\":3,\"name\":\"Unidos Podemos quiere que la estabilizaci\\u00f3n de las playas en M\\u00e1laga sea una medida prioritaria\",\"previousItem\":{\"@type\":\"ListItem\",\"@id\":\"https:\\\/\\\/eldigitaldeasturias.com\\\/magazine365\\\/category\\\/noticias-actualidad\\\/#listItem\",\"name\":\"Noticias y Actualidad\"}}]},{\"@type\":\"Organization\",\"@id\":\"https:\\\/\\\/eldigitaldeasturias.com\\\/magazine365\\\/#organization\",\"name\":\"El digital de Asturias\",\"description\":\"Revista de ocio, turismo y estilo de vida\",\"url\":\"https:\\\/\\\/eldigitaldeasturias.com\\\/magazine365\\\/\",\"logo\":{\"@type\":\"ImageObject\",\"url\":\"https:\\\/\\\/www.eldigitaldeasturias.com\\\/noticias\\\/wp-content\\\/uploads\\\/2020\\\/12\\\/EDA.jpg\",\"@id\":\"https:\\\/\\\/eldigitaldeasturias.com\\\/magazine365\\\/unidos-podemos-quiere-que-la-estabilizacion-de-las-playas-en-malaga-sea-una-medida-prioritaria\\\/#organizationLogo\"},\"image\":{\"@id\":\"https:\\\/\\\/eldigitaldeasturias.com\\\/magazine365\\\/unidos-podemos-quiere-que-la-estabilizacion-de-las-playas-en-malaga-sea-una-medida-prioritaria\\\/#organizationLogo\"}},{\"@type\":\"Person\",\"@id\":\"https:\\\/\\\/eldigitaldeasturias.com\\\/magazine365\\\/author\\\/admin\\\/#author\",\"url\":\"https:\\\/\\\/eldigitaldeasturias.com\\\/magazine365\\\/author\\\/admin\\\/\",\"name\":\"admin\",\"image\":{\"@type\":\"ImageObject\",\"@id\":\"https:\\\/\\\/eldigitaldeasturias.com\\\/magazine365\\\/unidos-podemos-quiere-que-la-estabilizacion-de-las-playas-en-malaga-sea-una-medida-prioritaria\\\/#authorImage\",\"url\":\"https:\\\/\\\/eldigitaldeasturias.com\\\/magazine365\\\/wp-content\\\/litespeed\\\/avatar\\\/e571bcf59a0edd6fa6838245a470f2fe.jpg?ver=1776969259\",\"width\":96,\"height\":96,\"caption\":\"admin\"}},{\"@type\":\"WebPage\",\"@id\":\"https:\\\/\\\/eldigitaldeasturias.com\\\/magazine365\\\/unidos-podemos-quiere-que-la-estabilizacion-de-las-playas-en-malaga-sea-una-medida-prioritaria\\\/#webpage\",\"url\":\"https:\\\/\\\/eldigitaldeasturias.com\\\/magazine365\\\/unidos-podemos-quiere-que-la-estabilizacion-de-las-playas-en-malaga-sea-una-medida-prioritaria\\\/\",\"name\":\"Unidos Podemos quiere que la estabilizaci\\u00f3n de las playas en M\\u00e1laga sea una medida prioritaria | El Digital de Asturias\",\"description\":\"Unidos Podemos ha abogado este mi\\u00e9rcoles por que la estabilizaci\\u00f3n de las playas de la provincia malague\\u00f1a sea una \\\"prioridad\\\" para el nuevo Gobierno que salga de las elecciones generales del 26 de junio. As\\u00ed, ha alertado de la necesidad de terminar con los aportes de arena para que se desarrollen definitivamente los planes de\",\"inLanguage\":\"es-ES\",\"isPartOf\":{\"@id\":\"https:\\\/\\\/eldigitaldeasturias.com\\\/magazine365\\\/#website\"},\"breadcrumb\":{\"@id\":\"https:\\\/\\\/eldigitaldeasturias.com\\\/magazine365\\\/unidos-podemos-quiere-que-la-estabilizacion-de-las-playas-en-malaga-sea-una-medida-prioritaria\\\/#breadcrumblist\"},\"author\":{\"@id\":\"https:\\\/\\\/eldigitaldeasturias.com\\\/magazine365\\\/author\\\/admin\\\/#author\"},\"creator\":{\"@id\":\"https:\\\/\\\/eldigitaldeasturias.com\\\/magazine365\\\/author\\\/admin\\\/#author\"},\"image\":{\"@type\":\"ImageObject\",\"url\":\"https:\\\/\\\/eldigitaldeasturias.com\\\/magazine365\\\/wp-content\\\/uploads\\\/2016\\\/06\\\/fotonoticia_20160615171936_800.jpg\",\"@id\":\"https:\\\/\\\/eldigitaldeasturias.com\\\/magazine365\\\/unidos-podemos-quiere-que-la-estabilizacion-de-las-playas-en-malaga-sea-una-medida-prioritaria\\\/#mainImage\",\"width\":800,\"height\":480},\"primaryImageOfPage\":{\"@id\":\"https:\\\/\\\/eldigitaldeasturias.com\\\/magazine365\\\/unidos-podemos-quiere-que-la-estabilizacion-de-las-playas-en-malaga-sea-una-medida-prioritaria\\\/#mainImage\"},\"datePublished\":\"2016-06-15T23:28:27+02:00\",\"dateModified\":\"2016-06-15T23:28:27+02:00\"},{\"@type\":\"WebSite\",\"@id\":\"https:\\\/\\\/eldigitaldeasturias.com\\\/magazine365\\\/#website\",\"url\":\"https:\\\/\\\/eldigitaldeasturias.com\\\/magazine365\\\/\",\"name\":\"El Digital de Asturias\",\"description\":\"Revista de ocio, turismo y estilo de vida\",\"inLanguage\":\"es-ES\",\"publisher\":{\"@id\":\"https:\\\/\\\/eldigitaldeasturias.com\\\/magazine365\\\/#organization\"}}]}\n\t\t<\/script>\n\t\t<!-- All in One SEO Pro -->\r\n\t\t<title>Unidos Podemos quiere que la estabilizaci\u00f3n de las playas en M\u00e1laga sea una medida prioritaria | El Digital de Asturias<\/title>\n\n","aioseo_head_json":{"title":"Unidos Podemos quiere que la estabilizaci\u00f3n de las playas en M\u00e1laga sea una medida prioritaria | El Digital de Asturias","description":"Unidos Podemos ha abogado este mi\u00e9rcoles por que la estabilizaci\u00f3n de las playas de la provincia malague\u00f1a sea una \"prioridad\" para el nuevo Gobierno que salga de las elecciones generales del 26 de junio. As\u00ed, ha alertado de la necesidad de terminar con los aportes de arena para que se desarrollen definitivamente los planes de","canonical_url":"https:\/\/eldigitaldeasturias.com\/magazine365\/unidos-podemos-quiere-que-la-estabilizacion-de-las-playas-en-malaga-sea-una-medida-prioritaria\/","robots":"max-image-preview:large","keywords":"noticias y actualidad","webmasterTools":{"google-site-verification":"UA-38556648-1","miscellaneous":""},"schema":{"@context":"https:\/\/schema.org","@graph":[{"@type":"Article","@id":"https:\/\/eldigitaldeasturias.com\/magazine365\/unidos-podemos-quiere-que-la-estabilizacion-de-las-playas-en-malaga-sea-una-medida-prioritaria\/#article","name":"Unidos Podemos quiere que la estabilizaci\u00f3n de las playas en M\u00e1laga sea una medida prioritaria | El Digital de Asturias","headline":"Unidos Podemos quiere que la estabilizaci\u00f3n de las playas en M\u00e1laga sea una medida prioritaria","author":{"@id":"https:\/\/eldigitaldeasturias.com\/magazine365\/author\/admin\/#author"},"publisher":{"@id":"https:\/\/eldigitaldeasturias.com\/magazine365\/#organization"},"image":{"@type":"ImageObject","url":"https:\/\/eldigitaldeasturias.com\/magazine365\/wp-content\/uploads\/2016\/06\/fotonoticia_20160615171936_800.jpg","width":800,"height":480},"datePublished":"2016-06-15T23:28:27+02:00","dateModified":"2016-06-15T23:28:27+02:00","inLanguage":"es-ES","mainEntityOfPage":{"@id":"https:\/\/eldigitaldeasturias.com\/magazine365\/unidos-podemos-quiere-que-la-estabilizacion-de-las-playas-en-malaga-sea-una-medida-prioritaria\/#webpage"},"isPartOf":{"@id":"https:\/\/eldigitaldeasturias.com\/magazine365\/unidos-podemos-quiere-que-la-estabilizacion-de-las-playas-en-malaga-sea-una-medida-prioritaria\/#webpage"},"articleSection":"Noticias y Actualidad"},{"@type":"BreadcrumbList","@id":"https:\/\/eldigitaldeasturias.com\/magazine365\/unidos-podemos-quiere-que-la-estabilizacion-de-las-playas-en-malaga-sea-una-medida-prioritaria\/#breadcrumblist","itemListElement":[{"@type":"ListItem","@id":"https:\/\/eldigitaldeasturias.com\/magazine365#listItem","position":1,"name":"Home","item":"https:\/\/eldigitaldeasturias.com\/magazine365","nextItem":{"@type":"ListItem","@id":"https:\/\/eldigitaldeasturias.com\/magazine365\/category\/noticias-actualidad\/#listItem","name":"Noticias y Actualidad"}},{"@type":"ListItem","@id":"https:\/\/eldigitaldeasturias.com\/magazine365\/category\/noticias-actualidad\/#listItem","position":2,"name":"Noticias y Actualidad","item":"https:\/\/eldigitaldeasturias.com\/magazine365\/category\/noticias-actualidad\/","nextItem":{"@type":"ListItem","@id":"https:\/\/eldigitaldeasturias.com\/magazine365\/unidos-podemos-quiere-que-la-estabilizacion-de-las-playas-en-malaga-sea-una-medida-prioritaria\/#listItem","name":"Unidos Podemos quiere que la estabilizaci\u00f3n de las playas en M\u00e1laga sea una medida prioritaria"},"previousItem":{"@type":"ListItem","@id":"https:\/\/eldigitaldeasturias.com\/magazine365#listItem","name":"Home"}},{"@type":"ListItem","@id":"https:\/\/eldigitaldeasturias.com\/magazine365\/unidos-podemos-quiere-que-la-estabilizacion-de-las-playas-en-malaga-sea-una-medida-prioritaria\/#listItem","position":3,"name":"Unidos Podemos quiere que la estabilizaci\u00f3n de las playas en M\u00e1laga sea una medida prioritaria","previousItem":{"@type":"ListItem","@id":"https:\/\/eldigitaldeasturias.com\/magazine365\/category\/noticias-actualidad\/#listItem","name":"Noticias y Actualidad"}}]},{"@type":"Organization","@id":"https:\/\/eldigitaldeasturias.com\/magazine365\/#organization","name":"El digital de Asturias","description":"Revista de ocio, turismo y estilo de vida","url":"https:\/\/eldigitaldeasturias.com\/magazine365\/","logo":{"@type":"ImageObject","url":"https:\/\/www.eldigitaldeasturias.com\/noticias\/wp-content\/uploads\/2020\/12\/EDA.jpg","@id":"https:\/\/eldigitaldeasturias.com\/magazine365\/unidos-podemos-quiere-que-la-estabilizacion-de-las-playas-en-malaga-sea-una-medida-prioritaria\/#organizationLogo"},"image":{"@id":"https:\/\/eldigitaldeasturias.com\/magazine365\/unidos-podemos-quiere-que-la-estabilizacion-de-las-playas-en-malaga-sea-una-medida-prioritaria\/#organizationLogo"}},{"@type":"Person","@id":"https:\/\/eldigitaldeasturias.com\/magazine365\/author\/admin\/#author","url":"https:\/\/eldigitaldeasturias.com\/magazine365\/author\/admin\/","name":"admin","image":{"@type":"ImageObject","@id":"https:\/\/eldigitaldeasturias.com\/magazine365\/unidos-podemos-quiere-que-la-estabilizacion-de-las-playas-en-malaga-sea-una-medida-prioritaria\/#authorImage","url":"https:\/\/eldigitaldeasturias.com\/magazine365\/wp-content\/litespeed\/avatar\/e571bcf59a0edd6fa6838245a470f2fe.jpg?ver=1776969259","width":96,"height":96,"caption":"admin"}},{"@type":"WebPage","@id":"https:\/\/eldigitaldeasturias.com\/magazine365\/unidos-podemos-quiere-que-la-estabilizacion-de-las-playas-en-malaga-sea-una-medida-prioritaria\/#webpage","url":"https:\/\/eldigitaldeasturias.com\/magazine365\/unidos-podemos-quiere-que-la-estabilizacion-de-las-playas-en-malaga-sea-una-medida-prioritaria\/","name":"Unidos Podemos quiere que la estabilizaci\u00f3n de las playas en M\u00e1laga sea una medida prioritaria | El Digital de Asturias","description":"Unidos Podemos ha abogado este mi\u00e9rcoles por que la estabilizaci\u00f3n de las playas de la provincia malague\u00f1a sea una \"prioridad\" para el nuevo Gobierno que salga de las elecciones generales del 26 de junio. As\u00ed, ha alertado de la necesidad de terminar con los aportes de arena para que se desarrollen definitivamente los planes de","inLanguage":"es-ES","isPartOf":{"@id":"https:\/\/eldigitaldeasturias.com\/magazine365\/#website"},"breadcrumb":{"@id":"https:\/\/eldigitaldeasturias.com\/magazine365\/unidos-podemos-quiere-que-la-estabilizacion-de-las-playas-en-malaga-sea-una-medida-prioritaria\/#breadcrumblist"},"author":{"@id":"https:\/\/eldigitaldeasturias.com\/magazine365\/author\/admin\/#author"},"creator":{"@id":"https:\/\/eldigitaldeasturias.com\/magazine365\/author\/admin\/#author"},"image":{"@type":"ImageObject","url":"https:\/\/eldigitaldeasturias.com\/magazine365\/wp-content\/uploads\/2016\/06\/fotonoticia_20160615171936_800.jpg","@id":"https:\/\/eldigitaldeasturias.com\/magazine365\/unidos-podemos-quiere-que-la-estabilizacion-de-las-playas-en-malaga-sea-una-medida-prioritaria\/#mainImage","width":800,"height":480},"primaryImageOfPage":{"@id":"https:\/\/eldigitaldeasturias.com\/magazine365\/unidos-podemos-quiere-que-la-estabilizacion-de-las-playas-en-malaga-sea-una-medida-prioritaria\/#mainImage"},"datePublished":"2016-06-15T23:28:27+02:00","dateModified":"2016-06-15T23:28:27+02:00"},{"@type":"WebSite","@id":"https:\/\/eldigitaldeasturias.com\/magazine365\/#website","url":"https:\/\/eldigitaldeasturias.com\/magazine365\/","name":"El Digital de Asturias","description":"Revista de ocio, turismo y estilo de vida","inLanguage":"es-ES","publisher":{"@id":"https:\/\/eldigitaldeasturias.com\/magazine365\/#organization"}}]},"og:locale":"es_ES","og:site_name":"El Digital de Asturias \u2013 Revista de ocio, turismo y estilo de vida","og:type":"article","og:title":"Unidos Podemos quiere que la estabilizaci\u00f3n de las playas en M\u00e1laga sea una medida prioritaria | El Digital de Asturias","og:description":"Unidos Podemos ha abogado este mi\u00e9rcoles por que la estabilizaci\u00f3n de las playas de la provincia malague\u00f1a sea una &quot;prioridad&quot; para el nuevo Gobierno que salga de las elecciones generales del 26 de junio. As\u00ed, ha alertado de la necesidad de terminar con los aportes de arena para que se desarrollen definitivamente los planes de","og:url":"https:\/\/eldigitaldeasturias.com\/magazine365\/unidos-podemos-quiere-que-la-estabilizacion-de-las-playas-en-malaga-sea-una-medida-prioritaria\/","og:image":"https:\/\/eldigitaldeasturias.com\/magazine365\/wp-content\/uploads\/2016\/06\/fotonoticia_20160615171936_800.jpg","og:image:secure_url":"https:\/\/eldigitaldeasturias.com\/magazine365\/wp-content\/uploads\/2016\/06\/fotonoticia_20160615171936_800.jpg","og:image:width":800,"og:image:height":480,"article:published_time":"2016-06-15T21:28:27+00:00","article:modified_time":"2016-06-15T21:28:27+00:00","twitter:card":"summary_large_image","twitter:title":"Unidos Podemos quiere que la estabilizaci\u00f3n de las playas en M\u00e1laga sea una medida prioritaria | El Digital de Asturias","twitter:description":"Unidos Podemos ha abogado este mi\u00e9rcoles por que la estabilizaci\u00f3n de las playas de la provincia malague\u00f1a sea una &quot;prioridad&quot; para el nuevo Gobierno que salga de las elecciones generales del 26 de junio. As\u00ed, ha alertado de la necesidad de terminar con los aportes de arena para que se desarrollen definitivamente los planes de","twitter:image":"https:\/\/eldigitaldeasturias.com\/magazine365\/wp-content\/uploads\/2016\/06\/fotonoticia_20160615171936_800.jpg"},"aioseo_meta_data":{"post_id":"79514","title":null,"description":null,"keywords":null,"keyphrases":null,"primary_term":null,"canonical_url":null,"og_title":null,"og_description":null,"og_object_type":"default","og_image_type":"default","og_image_url":null,"og_image_width":null,"og_image_height":null,"og_image_custom_url":null,"og_image_custom_fields":null,"og_video":null,"og_custom_url":null,"og_article_section":null,"og_article_tags":null,"twitter_use_og":false,"twitter_card":"default","twitter_image_type":"default","twitter_image_url":null,"twitter_image_custom_url":null,"twitter_image_custom_fields":null,"twitter_title":null,"twitter_description":null,"schema":{"blockGraphs":[],"customGraphs":[],"default":{"data":{"Article":[],"Course":[],"Dataset":[],"FAQPage":[],"Movie":[],"Person":[],"Product":[],"ProductReview":[],"Car":[],"Recipe":[],"Service":[],"SoftwareApplication":[],"WebPage":[]},"graphName":"","isEnabled":true},"graphs":[],"defaultGraph":"","defaultPostTypeGraph":""},"schema_type":null,"schema_type_options":null,"pillar_content":false,"robots_default":true,"robots_noindex":false,"robots_noarchive":false,"robots_nosnippet":false,"robots_nofollow":false,"robots_noimageindex":false,"robots_noodp":false,"robots_notranslate":false,"robots_max_snippet":null,"robots_max_videopreview":null,"robots_max_imagepreview":"large","priority":null,"frequency":null,"location":null,"local_seo":null,"seo_analyzer_scan_date":"2025-09-27 19:04:11","breadcrumb_settings":null,"limit_modified_date":false,"open_ai":null,"ai":null,"created":"2021-03-08 17:48:08","updated":"2025-09-27 19:04:11"},"aioseo_breadcrumb":"<div class=\"aioseo-breadcrumbs\"><span class=\"aioseo-breadcrumb\">\n\t<a href=\"https:\/\/eldigitaldeasturias.com\/magazine365\" title=\"Home\">Home<\/a>\n<\/span><span class=\"aioseo-breadcrumb-separator\">\u2013<\/span><span class=\"aioseo-breadcrumb\">\n\t<a href=\"https:\/\/eldigitaldeasturias.com\/magazine365\/category\/noticias-actualidad\/\" title=\"Noticias y Actualidad\">Noticias y Actualidad<\/a>\n<\/span><span class=\"aioseo-breadcrumb-separator\">\u2013<\/span><span class=\"aioseo-breadcrumb\">\n\t<a href=\"https:\/\/eldigitaldeasturias.com\/magazine365\/unidos-podemos-quiere-que-la-estabilizacion-de-las-playas-en-malaga-sea-una-medida-prioritaria\/\" title=\"Unidos Podemos quiere que la estabilizaci\u00f3n de las playas en M\u00e1laga sea una medida prioritaria\">Unidos Podemos quiere que la estabilizaci\u00f3n de las playas en M\u00e1laga sea una medida prioritaria<\/a>\n<\/span><\/div>","aioseo_breadcrumb_json":[{"label":"Home","link":"https:\/\/eldigitaldeasturias.com\/magazine365"},{"label":"Noticias y Actualidad","link":"https:\/\/eldigitaldeasturias.com\/magazine365\/category\/noticias-actualidad\/"},{"label":"Unidos Podemos quiere que la estabilizaci\u00f3n de las playas en M\u00e1laga sea una medida prioritaria","link":"https:\/\/eldigitaldeasturias.com\/magazine365\/unidos-podemos-quiere-que-la-estabilizacion-de-las-playas-en-malaga-sea-una-medida-prioritaria\/"}],"_links":{"self":[{"href":"https:\/\/eldigitaldeasturias.com\/magazine365\/wp-json\/wp\/v2\/posts\/79514","targetHints":{"allow":["GET"]}}],"collection":[{"href":"https:\/\/eldigitaldeasturias.com\/magazine365\/wp-json\/wp\/v2\/posts"}],"about":[{"href":"https:\/\/eldigitaldeasturias.com\/magazine365\/wp-json\/wp\/v2\/types\/post"}],"author":[{"embeddable":true,"href":"https:\/\/eldigitaldeasturias.com\/magazine365\/wp-json\/wp\/v2\/users\/1"}],"replies":[{"embeddable":true,"href":"https:\/\/eldigitaldeasturias.com\/magazine365\/wp-json\/wp\/v2\/comments?post=79514"}],"version-history":[{"count":0,"href":"https:\/\/eldigitaldeasturias.com\/magazine365\/wp-json\/wp\/v2\/posts\/79514\/revisions"}],"wp:featuredmedia":[{"embeddable":true,"href":"https:\/\/eldigitaldeasturias.com\/magazine365\/wp-json\/wp\/v2\/media\/79515"}],"wp:attachment":[{"href":"https:\/\/eldigitaldeasturias.com\/magazine365\/wp-json\/wp\/v2\/media?parent=79514"}],"wp:term":[{"taxonomy":"category","embeddable":true,"href":"https:\/\/eldigitaldeasturias.com\/magazine365\/wp-json\/wp\/v2\/categories?post=79514"},{"taxonomy":"post_tag","embeddable":true,"href":"https:\/\/eldigitaldeasturias.com\/magazine365\/wp-json\/wp\/v2\/tags?post=79514"}],"curies":[{"name":"wp","href":"https:\/\/api.w.org\/{rel}","templated":true}]}}