{"id":79497,"date":"2016-06-15T23:22:52","date_gmt":"2016-06-15T21:22:52","guid":{"rendered":"http:\/\/eldigitaldeasturias.com\/magazine365\/?p=79497"},"modified":"2016-06-15T23:22:52","modified_gmt":"2016-06-15T21:22:52","slug":"se-celebra-en-el-casco-antiguo-de-cuenca-el-encuentro-nacional-de-artistas-de-calle","status":"publish","type":"post","link":"https:\/\/eldigitaldeasturias.com\/magazine365\/se-celebra-en-el-casco-antiguo-de-cuenca-el-encuentro-nacional-de-artistas-de-calle\/","title":{"rendered":"Se celebra en el casco antiguo de Cuenca el Encuentro Nacional de Artistas de Calle"},"content":{"rendered":"<p><img fetchpriority=\"high\" decoding=\"async\" class=\"alignleft size-medium wp-image-79498\" src=\"https:\/\/eldigitaldeasturias.com\/magazine365\/wp-content\/uploads\/2016\/06\/fotonoticia_20160615164543_800-225x300.jpg\" alt=\"fotonoticia_20160615164543_800\" width=\"225\" height=\"300\" srcset=\"https:\/\/eldigitaldeasturias.com\/magazine365\/wp-content\/uploads\/2016\/06\/fotonoticia_20160615164543_800-225x300.jpg 225w, https:\/\/eldigitaldeasturias.com\/magazine365\/wp-content\/uploads\/2016\/06\/fotonoticia_20160615164543_800-480x640.jpg 480w, https:\/\/eldigitaldeasturias.com\/magazine365\/wp-content\/uploads\/2016\/06\/fotonoticia_20160615164543_800-768x1023.jpg 768w, https:\/\/eldigitaldeasturias.com\/magazine365\/wp-content\/uploads\/2016\/06\/fotonoticia_20160615164543_800-150x200.jpg 150w, https:\/\/eldigitaldeasturias.com\/magazine365\/wp-content\/uploads\/2016\/06\/fotonoticia_20160615164543_800-450x600.jpg 450w, https:\/\/eldigitaldeasturias.com\/magazine365\/wp-content\/uploads\/2016\/06\/fotonoticia_20160615164543_800.jpg 800w\" sizes=\"(max-width: 225px) 100vw, 225px\" \/>El Casco Antiguo de Cuenca se convertir\u00e1 este fin de semana en un teatro al aire libre para albergar un total de 36 representaciones de 20 espect\u00e1culos diferentes con motivo del Encuentro Nacional de Artistas de Calle del Festival Conka Street.<\/p>\n<p>Cabaret y clown, sin olvidar las acrobacias circenses, la magia, los t\u00edteres infantiles, la m\u00fasica electr\u00f3nica y los mon\u00f3logos, que se distribuir\u00e1n por 14 enclaves diferentes de la zona hist\u00f3rica, desde el viernes, 17 de junio, y hasta el domingo d\u00eda 19, seg\u00fan han informado los organizadores de este evento en nota de prensa.<\/p>\n<p>En vez de tablas, los actores pisar\u00e1n el empedrado medieval y los escenarios no ser\u00e1n de cart\u00f3n piedra, sino un paisaje donde dominan las rocas, los pinares y las monumentales fachadas.<\/p>\n<p>Se trata de una fiesta que se enmarca dentro de la programaci\u00f3n con la que la ciudad castellano-manchega est\u00e1 festejando el XX Aniversario de su Declaraci\u00f3n como Patrimonio de la Humanidad por la UNESCO.<\/p>\n<p>Para este festival de teatro urbano de m\u00e1s de 30 horas, figuran espect\u00e1culos como el &#8216;Circo Jotero&#8217;, que los aragoneses Zangania pondr\u00e1n en escena frente al Palacio Episcopal y en el que fusionan el folklore tradicional de su tierra con disciplinas como el trapecio; tambi\u00e9n destacan propuestas como &#8216;Me and Wheel&#8217;, en la que Mar\u00eda Cavagnero demostrar\u00e1 su dominio de la rueda alemana; y el Cabaret Conka, un espect\u00e1culo de variedades que podr\u00e1 verse en los miradores que se asoman al r\u00edo J\u00facar.<\/p>\n<p>El humor lo pondr\u00e1n creadores como el Capit\u00e1n Maravilla y Tot\u00f3 El Payaso, entre otros, y habr\u00e1 iron\u00eda y colorido tambi\u00e9n con &#8216;Menas a Trua&#8217;, obra del grupo Arritmados que se representar\u00e1 en la Plaza Mayor.<\/p>\n<p>Adem\u00e1s, el Jard\u00edn de Cecilio Albendea, en la zona de los Rascacielos de San Mart\u00edn, ser\u00e1 testigo de las funciones de &#8216;\u00bfY Romero?&#8217;, un espect\u00e1culo de clown sin palabras. M\u00e1s tarde, la zona mutar\u00e1 a un improvisado auditorio urbano y ser\u00e1 el escenario del concierto de &#8216;El Califa Retalero&#8217;.<\/p>\n<p>Dentro de las citas musicales, tambi\u00e9n hay que hacer menci\u00f3n a la apuesta por el eclecticismo, las dulzainas castellanas, las batucadas brasile\u00f1as, los cuencos tibetanos y las sesiones de DJ&#8217;s.<\/p>\n<p>Por su lado, la antigua iglesia de San Miguel ser\u00e1 el aula de un taller de clown para toda la familia. Adem\u00e1s, los m\u00e1s peque\u00f1os tambi\u00e9n podr\u00e1n participar de esta programaci\u00f3n con reclamos como &#8216;Pelos. Misi\u00f3n Saco&#8217; de T\u00edteres Larderos o &#8216;Con ciertos t\u00edteres&#8217; de Juglar Teatro.<\/p>\n<h2 class=\"ladillo\">CONCURSO DE FOTOGRAF\u00cdA<\/h2>\n<p>Para los aficionados a la fotograf\u00eda se ha convocado un concurso de fotograf\u00eda que complementa la oferta esc\u00e9nica y cuya inscripci\u00f3n puede hacerse en la p\u00e1gina web oficial del festival &#8212;<a href=\"http:\/\/www.conkastreet.es--\/\" target=\"_blank\">www.conkastreet.es&#8211;<\/a>, donde tambi\u00e9n est\u00e1 disponible el programa completo con las actividades detalladas.<\/p>\n<p>Los grupos proceden de puntos del pa\u00eds como Barcelona, Huesca, Canarias y Guadalajara y tambi\u00e9n de compa\u00f1\u00edas conquenses, y cuentan con artistas espa\u00f1oles, argentinos y de varios pa\u00edses europeos que no cobran un cach\u00e9 anticipado sino que trabajan &#8216;a la gorra&#8217;, es decir, reciben \u00fanicamente el dinero que recogen al finalizar sus actuaciones.<\/p>\n","protected":false},"excerpt":{"rendered":"<p>El Casco Antiguo de Cuenca se convertir\u00e1 este fin de semana en un teatro al aire libre para albergar un total de 36 representaciones de 20 espect\u00e1culos diferentes con motivo del Encuentro Nacional de Artistas de Calle del Festival Conka Street. Cabaret y clown, sin olvidar las acrobacias circenses, la magia, los t\u00edteres infantiles, la<\/p>\n","protected":false},"author":1,"featured_media":79498,"comment_status":"open","ping_status":"closed","sticky":false,"template":"","format":"standard","meta":{"footnotes":""},"categories":[224],"tags":[],"class_list":{"0":"post-79497","1":"post","2":"type-post","3":"status-publish","4":"format-standard","5":"has-post-thumbnail","7":"category-noticias-actualidad"},"aioseo_notices":[],"aioseo_head":"\n\t\t<!-- All in One SEO Pro 4.9.6.1 - aioseo.com -->\n\t<meta name=\"description\" content=\"El Casco Antiguo de Cuenca se convertir\u00e1 este fin de semana en un teatro al aire libre para albergar un total de 36 representaciones de 20 espect\u00e1culos diferentes con motivo del Encuentro Nacional de Artistas de Calle del Festival Conka Street. Cabaret y clown, sin olvidar las acrobacias circenses, la magia, los t\u00edteres infantiles, la\" \/>\n\t<meta name=\"robots\" content=\"max-image-preview:large\" \/>\n\t<meta name=\"author\" content=\"admin\"\/>\n\t<meta name=\"google-site-verification\" content=\"UA-38556648-1\" \/>\n\t<meta name=\"keywords\" content=\"noticias y actualidad\" \/>\n\t<link rel=\"canonical\" href=\"https:\/\/eldigitaldeasturias.com\/magazine365\/se-celebra-en-el-casco-antiguo-de-cuenca-el-encuentro-nacional-de-artistas-de-calle\/\" \/>\n\t<meta name=\"generator\" content=\"All in One SEO Pro (AIOSEO) 4.9.6.1\" \/>\n\t\t<meta property=\"og:locale\" content=\"es_ES\" \/>\n\t\t<meta property=\"og:site_name\" content=\"El Digital de Asturias \u2013 Revista de ocio, turismo y estilo de vida\" \/>\n\t\t<meta property=\"og:type\" content=\"article\" \/>\n\t\t<meta property=\"og:title\" content=\"Se celebra en el casco antiguo de Cuenca el Encuentro Nacional de Artistas de Calle | El Digital de Asturias\" \/>\n\t\t<meta property=\"og:description\" content=\"El Casco Antiguo de Cuenca se convertir\u00e1 este fin de semana en un teatro al aire libre para albergar un total de 36 representaciones de 20 espect\u00e1culos diferentes con motivo del Encuentro Nacional de Artistas de Calle del Festival Conka Street. Cabaret y clown, sin olvidar las acrobacias circenses, la magia, los t\u00edteres infantiles, la\" \/>\n\t\t<meta property=\"og:url\" content=\"https:\/\/eldigitaldeasturias.com\/magazine365\/se-celebra-en-el-casco-antiguo-de-cuenca-el-encuentro-nacional-de-artistas-de-calle\/\" \/>\n\t\t<meta property=\"og:image\" content=\"https:\/\/eldigitaldeasturias.com\/magazine365\/wp-content\/uploads\/2016\/06\/fotonoticia_20160615164543_800.jpg\" \/>\n\t\t<meta property=\"og:image:secure_url\" content=\"https:\/\/eldigitaldeasturias.com\/magazine365\/wp-content\/uploads\/2016\/06\/fotonoticia_20160615164543_800.jpg\" \/>\n\t\t<meta property=\"og:image:width\" content=\"800\" \/>\n\t\t<meta property=\"og:image:height\" content=\"1066\" \/>\n\t\t<meta property=\"article:published_time\" content=\"2016-06-15T21:22:52+00:00\" \/>\n\t\t<meta property=\"article:modified_time\" content=\"2016-06-15T21:22:52+00:00\" \/>\n\t\t<meta name=\"twitter:card\" content=\"summary_large_image\" \/>\n\t\t<meta name=\"twitter:title\" content=\"Se celebra en el casco antiguo de Cuenca el Encuentro Nacional de Artistas de Calle | El Digital de Asturias\" \/>\n\t\t<meta name=\"twitter:description\" content=\"El Casco Antiguo de Cuenca se convertir\u00e1 este fin de semana en un teatro al aire libre para albergar un total de 36 representaciones de 20 espect\u00e1culos diferentes con motivo del Encuentro Nacional de Artistas de Calle del Festival Conka Street. Cabaret y clown, sin olvidar las acrobacias circenses, la magia, los t\u00edteres infantiles, la\" \/>\n\t\t<meta name=\"twitter:image\" content=\"https:\/\/eldigitaldeasturias.com\/magazine365\/wp-content\/uploads\/2016\/06\/fotonoticia_20160615164543_800.jpg\" \/>\n\t\t<script type=\"application\/ld+json\" class=\"aioseo-schema\">\n\t\t\t{\"@context\":\"https:\\\/\\\/schema.org\",\"@graph\":[{\"@type\":\"Article\",\"@id\":\"https:\\\/\\\/eldigitaldeasturias.com\\\/magazine365\\\/se-celebra-en-el-casco-antiguo-de-cuenca-el-encuentro-nacional-de-artistas-de-calle\\\/#article\",\"name\":\"Se celebra en el casco antiguo de Cuenca el Encuentro Nacional de Artistas de Calle | El Digital de Asturias\",\"headline\":\"Se celebra en el casco antiguo de Cuenca el Encuentro Nacional de Artistas de Calle\",\"author\":{\"@id\":\"https:\\\/\\\/eldigitaldeasturias.com\\\/magazine365\\\/author\\\/admin\\\/#author\"},\"publisher\":{\"@id\":\"https:\\\/\\\/eldigitaldeasturias.com\\\/magazine365\\\/#organization\"},\"image\":{\"@type\":\"ImageObject\",\"url\":\"https:\\\/\\\/eldigitaldeasturias.com\\\/magazine365\\\/wp-content\\\/uploads\\\/2016\\\/06\\\/fotonoticia_20160615164543_800.jpg\",\"width\":800,\"height\":1066},\"datePublished\":\"2016-06-15T23:22:52+02:00\",\"dateModified\":\"2016-06-15T23:22:52+02:00\",\"inLanguage\":\"es-ES\",\"mainEntityOfPage\":{\"@id\":\"https:\\\/\\\/eldigitaldeasturias.com\\\/magazine365\\\/se-celebra-en-el-casco-antiguo-de-cuenca-el-encuentro-nacional-de-artistas-de-calle\\\/#webpage\"},\"isPartOf\":{\"@id\":\"https:\\\/\\\/eldigitaldeasturias.com\\\/magazine365\\\/se-celebra-en-el-casco-antiguo-de-cuenca-el-encuentro-nacional-de-artistas-de-calle\\\/#webpage\"},\"articleSection\":\"Noticias y Actualidad\"},{\"@type\":\"BreadcrumbList\",\"@id\":\"https:\\\/\\\/eldigitaldeasturias.com\\\/magazine365\\\/se-celebra-en-el-casco-antiguo-de-cuenca-el-encuentro-nacional-de-artistas-de-calle\\\/#breadcrumblist\",\"itemListElement\":[{\"@type\":\"ListItem\",\"@id\":\"https:\\\/\\\/eldigitaldeasturias.com\\\/magazine365#listItem\",\"position\":1,\"name\":\"Home\",\"item\":\"https:\\\/\\\/eldigitaldeasturias.com\\\/magazine365\",\"nextItem\":{\"@type\":\"ListItem\",\"@id\":\"https:\\\/\\\/eldigitaldeasturias.com\\\/magazine365\\\/category\\\/noticias-actualidad\\\/#listItem\",\"name\":\"Noticias y Actualidad\"}},{\"@type\":\"ListItem\",\"@id\":\"https:\\\/\\\/eldigitaldeasturias.com\\\/magazine365\\\/category\\\/noticias-actualidad\\\/#listItem\",\"position\":2,\"name\":\"Noticias y Actualidad\",\"item\":\"https:\\\/\\\/eldigitaldeasturias.com\\\/magazine365\\\/category\\\/noticias-actualidad\\\/\",\"nextItem\":{\"@type\":\"ListItem\",\"@id\":\"https:\\\/\\\/eldigitaldeasturias.com\\\/magazine365\\\/se-celebra-en-el-casco-antiguo-de-cuenca-el-encuentro-nacional-de-artistas-de-calle\\\/#listItem\",\"name\":\"Se celebra en el casco antiguo de Cuenca el Encuentro Nacional de Artistas de Calle\"},\"previousItem\":{\"@type\":\"ListItem\",\"@id\":\"https:\\\/\\\/eldigitaldeasturias.com\\\/magazine365#listItem\",\"name\":\"Home\"}},{\"@type\":\"ListItem\",\"@id\":\"https:\\\/\\\/eldigitaldeasturias.com\\\/magazine365\\\/se-celebra-en-el-casco-antiguo-de-cuenca-el-encuentro-nacional-de-artistas-de-calle\\\/#listItem\",\"position\":3,\"name\":\"Se celebra en el casco antiguo de Cuenca el Encuentro Nacional de Artistas de Calle\",\"previousItem\":{\"@type\":\"ListItem\",\"@id\":\"https:\\\/\\\/eldigitaldeasturias.com\\\/magazine365\\\/category\\\/noticias-actualidad\\\/#listItem\",\"name\":\"Noticias y Actualidad\"}}]},{\"@type\":\"Organization\",\"@id\":\"https:\\\/\\\/eldigitaldeasturias.com\\\/magazine365\\\/#organization\",\"name\":\"El digital de Asturias\",\"description\":\"Revista de ocio, turismo y estilo de vida\",\"url\":\"https:\\\/\\\/eldigitaldeasturias.com\\\/magazine365\\\/\",\"logo\":{\"@type\":\"ImageObject\",\"url\":\"https:\\\/\\\/www.eldigitaldeasturias.com\\\/noticias\\\/wp-content\\\/uploads\\\/2020\\\/12\\\/EDA.jpg\",\"@id\":\"https:\\\/\\\/eldigitaldeasturias.com\\\/magazine365\\\/se-celebra-en-el-casco-antiguo-de-cuenca-el-encuentro-nacional-de-artistas-de-calle\\\/#organizationLogo\"},\"image\":{\"@id\":\"https:\\\/\\\/eldigitaldeasturias.com\\\/magazine365\\\/se-celebra-en-el-casco-antiguo-de-cuenca-el-encuentro-nacional-de-artistas-de-calle\\\/#organizationLogo\"}},{\"@type\":\"Person\",\"@id\":\"https:\\\/\\\/eldigitaldeasturias.com\\\/magazine365\\\/author\\\/admin\\\/#author\",\"url\":\"https:\\\/\\\/eldigitaldeasturias.com\\\/magazine365\\\/author\\\/admin\\\/\",\"name\":\"admin\",\"image\":{\"@type\":\"ImageObject\",\"@id\":\"https:\\\/\\\/eldigitaldeasturias.com\\\/magazine365\\\/se-celebra-en-el-casco-antiguo-de-cuenca-el-encuentro-nacional-de-artistas-de-calle\\\/#authorImage\",\"url\":\"https:\\\/\\\/eldigitaldeasturias.com\\\/magazine365\\\/wp-content\\\/litespeed\\\/avatar\\\/e571bcf59a0edd6fa6838245a470f2fe.jpg?ver=1776969259\",\"width\":96,\"height\":96,\"caption\":\"admin\"}},{\"@type\":\"WebPage\",\"@id\":\"https:\\\/\\\/eldigitaldeasturias.com\\\/magazine365\\\/se-celebra-en-el-casco-antiguo-de-cuenca-el-encuentro-nacional-de-artistas-de-calle\\\/#webpage\",\"url\":\"https:\\\/\\\/eldigitaldeasturias.com\\\/magazine365\\\/se-celebra-en-el-casco-antiguo-de-cuenca-el-encuentro-nacional-de-artistas-de-calle\\\/\",\"name\":\"Se celebra en el casco antiguo de Cuenca el Encuentro Nacional de Artistas de Calle | El Digital de Asturias\",\"description\":\"El Casco Antiguo de Cuenca se convertir\\u00e1 este fin de semana en un teatro al aire libre para albergar un total de 36 representaciones de 20 espect\\u00e1culos diferentes con motivo del Encuentro Nacional de Artistas de Calle del Festival Conka Street. Cabaret y clown, sin olvidar las acrobacias circenses, la magia, los t\\u00edteres infantiles, la\",\"inLanguage\":\"es-ES\",\"isPartOf\":{\"@id\":\"https:\\\/\\\/eldigitaldeasturias.com\\\/magazine365\\\/#website\"},\"breadcrumb\":{\"@id\":\"https:\\\/\\\/eldigitaldeasturias.com\\\/magazine365\\\/se-celebra-en-el-casco-antiguo-de-cuenca-el-encuentro-nacional-de-artistas-de-calle\\\/#breadcrumblist\"},\"author\":{\"@id\":\"https:\\\/\\\/eldigitaldeasturias.com\\\/magazine365\\\/author\\\/admin\\\/#author\"},\"creator\":{\"@id\":\"https:\\\/\\\/eldigitaldeasturias.com\\\/magazine365\\\/author\\\/admin\\\/#author\"},\"image\":{\"@type\":\"ImageObject\",\"url\":\"https:\\\/\\\/eldigitaldeasturias.com\\\/magazine365\\\/wp-content\\\/uploads\\\/2016\\\/06\\\/fotonoticia_20160615164543_800.jpg\",\"@id\":\"https:\\\/\\\/eldigitaldeasturias.com\\\/magazine365\\\/se-celebra-en-el-casco-antiguo-de-cuenca-el-encuentro-nacional-de-artistas-de-calle\\\/#mainImage\",\"width\":800,\"height\":1066},\"primaryImageOfPage\":{\"@id\":\"https:\\\/\\\/eldigitaldeasturias.com\\\/magazine365\\\/se-celebra-en-el-casco-antiguo-de-cuenca-el-encuentro-nacional-de-artistas-de-calle\\\/#mainImage\"},\"datePublished\":\"2016-06-15T23:22:52+02:00\",\"dateModified\":\"2016-06-15T23:22:52+02:00\"},{\"@type\":\"WebSite\",\"@id\":\"https:\\\/\\\/eldigitaldeasturias.com\\\/magazine365\\\/#website\",\"url\":\"https:\\\/\\\/eldigitaldeasturias.com\\\/magazine365\\\/\",\"name\":\"El Digital de Asturias\",\"description\":\"Revista de ocio, turismo y estilo de vida\",\"inLanguage\":\"es-ES\",\"publisher\":{\"@id\":\"https:\\\/\\\/eldigitaldeasturias.com\\\/magazine365\\\/#organization\"}}]}\n\t\t<\/script>\n\t\t<!-- All in One SEO Pro -->\r\n\t\t<title>Se celebra en el casco antiguo de Cuenca el Encuentro Nacional de Artistas de Calle | El Digital de Asturias<\/title>\n\n","aioseo_head_json":{"title":"Se celebra en el casco antiguo de Cuenca el Encuentro Nacional de Artistas de Calle | El Digital de Asturias","description":"El Casco Antiguo de Cuenca se convertir\u00e1 este fin de semana en un teatro al aire libre para albergar un total de 36 representaciones de 20 espect\u00e1culos diferentes con motivo del Encuentro Nacional de Artistas de Calle del Festival Conka Street. Cabaret y clown, sin olvidar las acrobacias circenses, la magia, los t\u00edteres infantiles, la","canonical_url":"https:\/\/eldigitaldeasturias.com\/magazine365\/se-celebra-en-el-casco-antiguo-de-cuenca-el-encuentro-nacional-de-artistas-de-calle\/","robots":"max-image-preview:large","keywords":"noticias y actualidad","webmasterTools":{"google-site-verification":"UA-38556648-1","miscellaneous":""},"schema":{"@context":"https:\/\/schema.org","@graph":[{"@type":"Article","@id":"https:\/\/eldigitaldeasturias.com\/magazine365\/se-celebra-en-el-casco-antiguo-de-cuenca-el-encuentro-nacional-de-artistas-de-calle\/#article","name":"Se celebra en el casco antiguo de Cuenca el Encuentro Nacional de Artistas de Calle | El Digital de Asturias","headline":"Se celebra en el casco antiguo de Cuenca el Encuentro Nacional de Artistas de Calle","author":{"@id":"https:\/\/eldigitaldeasturias.com\/magazine365\/author\/admin\/#author"},"publisher":{"@id":"https:\/\/eldigitaldeasturias.com\/magazine365\/#organization"},"image":{"@type":"ImageObject","url":"https:\/\/eldigitaldeasturias.com\/magazine365\/wp-content\/uploads\/2016\/06\/fotonoticia_20160615164543_800.jpg","width":800,"height":1066},"datePublished":"2016-06-15T23:22:52+02:00","dateModified":"2016-06-15T23:22:52+02:00","inLanguage":"es-ES","mainEntityOfPage":{"@id":"https:\/\/eldigitaldeasturias.com\/magazine365\/se-celebra-en-el-casco-antiguo-de-cuenca-el-encuentro-nacional-de-artistas-de-calle\/#webpage"},"isPartOf":{"@id":"https:\/\/eldigitaldeasturias.com\/magazine365\/se-celebra-en-el-casco-antiguo-de-cuenca-el-encuentro-nacional-de-artistas-de-calle\/#webpage"},"articleSection":"Noticias y Actualidad"},{"@type":"BreadcrumbList","@id":"https:\/\/eldigitaldeasturias.com\/magazine365\/se-celebra-en-el-casco-antiguo-de-cuenca-el-encuentro-nacional-de-artistas-de-calle\/#breadcrumblist","itemListElement":[{"@type":"ListItem","@id":"https:\/\/eldigitaldeasturias.com\/magazine365#listItem","position":1,"name":"Home","item":"https:\/\/eldigitaldeasturias.com\/magazine365","nextItem":{"@type":"ListItem","@id":"https:\/\/eldigitaldeasturias.com\/magazine365\/category\/noticias-actualidad\/#listItem","name":"Noticias y Actualidad"}},{"@type":"ListItem","@id":"https:\/\/eldigitaldeasturias.com\/magazine365\/category\/noticias-actualidad\/#listItem","position":2,"name":"Noticias y Actualidad","item":"https:\/\/eldigitaldeasturias.com\/magazine365\/category\/noticias-actualidad\/","nextItem":{"@type":"ListItem","@id":"https:\/\/eldigitaldeasturias.com\/magazine365\/se-celebra-en-el-casco-antiguo-de-cuenca-el-encuentro-nacional-de-artistas-de-calle\/#listItem","name":"Se celebra en el casco antiguo de Cuenca el Encuentro Nacional de Artistas de Calle"},"previousItem":{"@type":"ListItem","@id":"https:\/\/eldigitaldeasturias.com\/magazine365#listItem","name":"Home"}},{"@type":"ListItem","@id":"https:\/\/eldigitaldeasturias.com\/magazine365\/se-celebra-en-el-casco-antiguo-de-cuenca-el-encuentro-nacional-de-artistas-de-calle\/#listItem","position":3,"name":"Se celebra en el casco antiguo de Cuenca el Encuentro Nacional de Artistas de Calle","previousItem":{"@type":"ListItem","@id":"https:\/\/eldigitaldeasturias.com\/magazine365\/category\/noticias-actualidad\/#listItem","name":"Noticias y Actualidad"}}]},{"@type":"Organization","@id":"https:\/\/eldigitaldeasturias.com\/magazine365\/#organization","name":"El digital de Asturias","description":"Revista de ocio, turismo y estilo de vida","url":"https:\/\/eldigitaldeasturias.com\/magazine365\/","logo":{"@type":"ImageObject","url":"https:\/\/www.eldigitaldeasturias.com\/noticias\/wp-content\/uploads\/2020\/12\/EDA.jpg","@id":"https:\/\/eldigitaldeasturias.com\/magazine365\/se-celebra-en-el-casco-antiguo-de-cuenca-el-encuentro-nacional-de-artistas-de-calle\/#organizationLogo"},"image":{"@id":"https:\/\/eldigitaldeasturias.com\/magazine365\/se-celebra-en-el-casco-antiguo-de-cuenca-el-encuentro-nacional-de-artistas-de-calle\/#organizationLogo"}},{"@type":"Person","@id":"https:\/\/eldigitaldeasturias.com\/magazine365\/author\/admin\/#author","url":"https:\/\/eldigitaldeasturias.com\/magazine365\/author\/admin\/","name":"admin","image":{"@type":"ImageObject","@id":"https:\/\/eldigitaldeasturias.com\/magazine365\/se-celebra-en-el-casco-antiguo-de-cuenca-el-encuentro-nacional-de-artistas-de-calle\/#authorImage","url":"https:\/\/eldigitaldeasturias.com\/magazine365\/wp-content\/litespeed\/avatar\/e571bcf59a0edd6fa6838245a470f2fe.jpg?ver=1776969259","width":96,"height":96,"caption":"admin"}},{"@type":"WebPage","@id":"https:\/\/eldigitaldeasturias.com\/magazine365\/se-celebra-en-el-casco-antiguo-de-cuenca-el-encuentro-nacional-de-artistas-de-calle\/#webpage","url":"https:\/\/eldigitaldeasturias.com\/magazine365\/se-celebra-en-el-casco-antiguo-de-cuenca-el-encuentro-nacional-de-artistas-de-calle\/","name":"Se celebra en el casco antiguo de Cuenca el Encuentro Nacional de Artistas de Calle | El Digital de Asturias","description":"El Casco Antiguo de Cuenca se convertir\u00e1 este fin de semana en un teatro al aire libre para albergar un total de 36 representaciones de 20 espect\u00e1culos diferentes con motivo del Encuentro Nacional de Artistas de Calle del Festival Conka Street. Cabaret y clown, sin olvidar las acrobacias circenses, la magia, los t\u00edteres infantiles, la","inLanguage":"es-ES","isPartOf":{"@id":"https:\/\/eldigitaldeasturias.com\/magazine365\/#website"},"breadcrumb":{"@id":"https:\/\/eldigitaldeasturias.com\/magazine365\/se-celebra-en-el-casco-antiguo-de-cuenca-el-encuentro-nacional-de-artistas-de-calle\/#breadcrumblist"},"author":{"@id":"https:\/\/eldigitaldeasturias.com\/magazine365\/author\/admin\/#author"},"creator":{"@id":"https:\/\/eldigitaldeasturias.com\/magazine365\/author\/admin\/#author"},"image":{"@type":"ImageObject","url":"https:\/\/eldigitaldeasturias.com\/magazine365\/wp-content\/uploads\/2016\/06\/fotonoticia_20160615164543_800.jpg","@id":"https:\/\/eldigitaldeasturias.com\/magazine365\/se-celebra-en-el-casco-antiguo-de-cuenca-el-encuentro-nacional-de-artistas-de-calle\/#mainImage","width":800,"height":1066},"primaryImageOfPage":{"@id":"https:\/\/eldigitaldeasturias.com\/magazine365\/se-celebra-en-el-casco-antiguo-de-cuenca-el-encuentro-nacional-de-artistas-de-calle\/#mainImage"},"datePublished":"2016-06-15T23:22:52+02:00","dateModified":"2016-06-15T23:22:52+02:00"},{"@type":"WebSite","@id":"https:\/\/eldigitaldeasturias.com\/magazine365\/#website","url":"https:\/\/eldigitaldeasturias.com\/magazine365\/","name":"El Digital de Asturias","description":"Revista de ocio, turismo y estilo de vida","inLanguage":"es-ES","publisher":{"@id":"https:\/\/eldigitaldeasturias.com\/magazine365\/#organization"}}]},"og:locale":"es_ES","og:site_name":"El Digital de Asturias \u2013 Revista de ocio, turismo y estilo de vida","og:type":"article","og:title":"Se celebra en el casco antiguo de Cuenca el Encuentro Nacional de Artistas de Calle | El Digital de Asturias","og:description":"El Casco Antiguo de Cuenca se convertir\u00e1 este fin de semana en un teatro al aire libre para albergar un total de 36 representaciones de 20 espect\u00e1culos diferentes con motivo del Encuentro Nacional de Artistas de Calle del Festival Conka Street. Cabaret y clown, sin olvidar las acrobacias circenses, la magia, los t\u00edteres infantiles, la","og:url":"https:\/\/eldigitaldeasturias.com\/magazine365\/se-celebra-en-el-casco-antiguo-de-cuenca-el-encuentro-nacional-de-artistas-de-calle\/","og:image":"https:\/\/eldigitaldeasturias.com\/magazine365\/wp-content\/uploads\/2016\/06\/fotonoticia_20160615164543_800.jpg","og:image:secure_url":"https:\/\/eldigitaldeasturias.com\/magazine365\/wp-content\/uploads\/2016\/06\/fotonoticia_20160615164543_800.jpg","og:image:width":800,"og:image:height":1066,"article:published_time":"2016-06-15T21:22:52+00:00","article:modified_time":"2016-06-15T21:22:52+00:00","twitter:card":"summary_large_image","twitter:title":"Se celebra en el casco antiguo de Cuenca el Encuentro Nacional de Artistas de Calle | El Digital de Asturias","twitter:description":"El Casco Antiguo de Cuenca se convertir\u00e1 este fin de semana en un teatro al aire libre para albergar un total de 36 representaciones de 20 espect\u00e1culos diferentes con motivo del Encuentro Nacional de Artistas de Calle del Festival Conka Street. Cabaret y clown, sin olvidar las acrobacias circenses, la magia, los t\u00edteres infantiles, la","twitter:image":"https:\/\/eldigitaldeasturias.com\/magazine365\/wp-content\/uploads\/2016\/06\/fotonoticia_20160615164543_800.jpg"},"aioseo_meta_data":{"post_id":"79497","title":null,"description":null,"keywords":null,"keyphrases":null,"primary_term":null,"canonical_url":null,"og_title":null,"og_description":null,"og_object_type":"default","og_image_type":"default","og_image_url":null,"og_image_width":null,"og_image_height":null,"og_image_custom_url":null,"og_image_custom_fields":null,"og_video":null,"og_custom_url":null,"og_article_section":null,"og_article_tags":null,"twitter_use_og":false,"twitter_card":"default","twitter_image_type":"default","twitter_image_url":null,"twitter_image_custom_url":null,"twitter_image_custom_fields":null,"twitter_title":null,"twitter_description":null,"schema":{"blockGraphs":[],"customGraphs":[],"default":{"data":{"Article":[],"Course":[],"Dataset":[],"FAQPage":[],"Movie":[],"Person":[],"Product":[],"ProductReview":[],"Car":[],"Recipe":[],"Service":[],"SoftwareApplication":[],"WebPage":[]},"graphName":"","isEnabled":true},"graphs":[],"defaultGraph":"","defaultPostTypeGraph":""},"schema_type":null,"schema_type_options":null,"pillar_content":false,"robots_default":true,"robots_noindex":false,"robots_noarchive":false,"robots_nosnippet":false,"robots_nofollow":false,"robots_noimageindex":false,"robots_noodp":false,"robots_notranslate":false,"robots_max_snippet":null,"robots_max_videopreview":null,"robots_max_imagepreview":"large","priority":null,"frequency":null,"location":null,"local_seo":null,"seo_analyzer_scan_date":"2025-09-27 19:02:01","breadcrumb_settings":null,"limit_modified_date":false,"open_ai":null,"ai":null,"created":"2021-03-08 17:48:08","updated":"2025-09-27 19:02:01"},"aioseo_breadcrumb":"<div class=\"aioseo-breadcrumbs\"><span class=\"aioseo-breadcrumb\">\n\t<a href=\"https:\/\/eldigitaldeasturias.com\/magazine365\" title=\"Home\">Home<\/a>\n<\/span><span class=\"aioseo-breadcrumb-separator\">\u2013<\/span><span class=\"aioseo-breadcrumb\">\n\t<a href=\"https:\/\/eldigitaldeasturias.com\/magazine365\/category\/noticias-actualidad\/\" title=\"Noticias y Actualidad\">Noticias y Actualidad<\/a>\n<\/span><span class=\"aioseo-breadcrumb-separator\">\u2013<\/span><span class=\"aioseo-breadcrumb\">\n\t<a href=\"https:\/\/eldigitaldeasturias.com\/magazine365\/se-celebra-en-el-casco-antiguo-de-cuenca-el-encuentro-nacional-de-artistas-de-calle\/\" title=\"Se celebra en el casco antiguo de Cuenca el Encuentro Nacional de Artistas de Calle\">Se celebra en el casco antiguo de Cuenca el Encuentro Nacional de Artistas de Calle<\/a>\n<\/span><\/div>","aioseo_breadcrumb_json":[{"label":"Home","link":"https:\/\/eldigitaldeasturias.com\/magazine365"},{"label":"Noticias y Actualidad","link":"https:\/\/eldigitaldeasturias.com\/magazine365\/category\/noticias-actualidad\/"},{"label":"Se celebra en el casco antiguo de Cuenca el Encuentro Nacional de Artistas de Calle","link":"https:\/\/eldigitaldeasturias.com\/magazine365\/se-celebra-en-el-casco-antiguo-de-cuenca-el-encuentro-nacional-de-artistas-de-calle\/"}],"_links":{"self":[{"href":"https:\/\/eldigitaldeasturias.com\/magazine365\/wp-json\/wp\/v2\/posts\/79497","targetHints":{"allow":["GET"]}}],"collection":[{"href":"https:\/\/eldigitaldeasturias.com\/magazine365\/wp-json\/wp\/v2\/posts"}],"about":[{"href":"https:\/\/eldigitaldeasturias.com\/magazine365\/wp-json\/wp\/v2\/types\/post"}],"author":[{"embeddable":true,"href":"https:\/\/eldigitaldeasturias.com\/magazine365\/wp-json\/wp\/v2\/users\/1"}],"replies":[{"embeddable":true,"href":"https:\/\/eldigitaldeasturias.com\/magazine365\/wp-json\/wp\/v2\/comments?post=79497"}],"version-history":[{"count":0,"href":"https:\/\/eldigitaldeasturias.com\/magazine365\/wp-json\/wp\/v2\/posts\/79497\/revisions"}],"wp:featuredmedia":[{"embeddable":true,"href":"https:\/\/eldigitaldeasturias.com\/magazine365\/wp-json\/wp\/v2\/media\/79498"}],"wp:attachment":[{"href":"https:\/\/eldigitaldeasturias.com\/magazine365\/wp-json\/wp\/v2\/media?parent=79497"}],"wp:term":[{"taxonomy":"category","embeddable":true,"href":"https:\/\/eldigitaldeasturias.com\/magazine365\/wp-json\/wp\/v2\/categories?post=79497"},{"taxonomy":"post_tag","embeddable":true,"href":"https:\/\/eldigitaldeasturias.com\/magazine365\/wp-json\/wp\/v2\/tags?post=79497"}],"curies":[{"name":"wp","href":"https:\/\/api.w.org\/{rel}","templated":true}]}}