{"id":79493,"date":"2016-06-15T23:20:35","date_gmt":"2016-06-15T21:20:35","guid":{"rendered":"http:\/\/eldigitaldeasturias.com\/magazine365\/?p=79493"},"modified":"2016-06-15T23:20:49","modified_gmt":"2016-06-15T21:20:49","slug":"marbella-club-hotel-golf-resort-spa-colabora-por-segundo-ano-consecutivo-con-el-festival-starlite","status":"publish","type":"post","link":"https:\/\/eldigitaldeasturias.com\/magazine365\/marbella-club-hotel-golf-resort-spa-colabora-por-segundo-ano-consecutivo-con-el-festival-starlite\/","title":{"rendered":"Marbella Club Hotel, Golf Resort &#038; Spa colabora por 2\u00ba a\u00f1o consecutivo con el festival Starlite"},"content":{"rendered":"<p><img fetchpriority=\"high\" decoding=\"async\" class=\"alignleft size-medium wp-image-79494\" src=\"https:\/\/eldigitaldeasturias.com\/magazine365\/wp-content\/uploads\/2016\/06\/fotonoticia_20160615164434_800-213x300.jpg\" alt=\"fotonoticia_20160615164434_800\" width=\"213\" height=\"300\" srcset=\"https:\/\/eldigitaldeasturias.com\/magazine365\/wp-content\/uploads\/2016\/06\/fotonoticia_20160615164434_800-213x300.jpg 213w, https:\/\/eldigitaldeasturias.com\/magazine365\/wp-content\/uploads\/2016\/06\/fotonoticia_20160615164434_800-454x640.jpg 454w, https:\/\/eldigitaldeasturias.com\/magazine365\/wp-content\/uploads\/2016\/06\/fotonoticia_20160615164434_800-768x1083.jpg 768w, https:\/\/eldigitaldeasturias.com\/magazine365\/wp-content\/uploads\/2016\/06\/fotonoticia_20160615164434_800-150x212.jpg 150w, https:\/\/eldigitaldeasturias.com\/magazine365\/wp-content\/uploads\/2016\/06\/fotonoticia_20160615164434_800-450x635.jpg 450w, https:\/\/eldigitaldeasturias.com\/magazine365\/wp-content\/uploads\/2016\/06\/fotonoticia_20160615164434_800.jpg 800w\" sizes=\"(max-width: 213px) 100vw, 213px\" \/>Marbella Club Hotel, Golf Resort &amp; Spa colabora por segundo a\u00f1o consecutivo con el festival Starlite, que se celebrar\u00e1 en la ciudad malague\u00f1a del 14 de julio al 20 de agosto, seg\u00fan ha informado el complejo hotelero a trav\u00e9s de un comunicado.<\/p>\n<p>Este a\u00f1o el cartel del festival est\u00e1 plagado de artistas como Carlos Santana, Robert Plant, Tom Jones, Charles Aznavour, Juan Mag\u00e1n, Gente de Zona, The Corrs, God Save the Queen, Alejandro Sanz, Mal\u00fa, Siempre As\u00ed, Il Divo y Bert\u00edn Osborne, entre otros muchos.<\/p>\n<p>Starlite tiene una vinculaci\u00f3n cultural e hist\u00f3rica con Marbella Club. El fundador del hotel, el Pr\u00edncipe Alfonso von Hohenlohe fue, junto con Julio Iglesias y Pl\u00e1cido Domingo, uno de los visionarios que presentaron su proyecto con un concierto del tenor en 1983, esperando que se convirtiera en un auditorio internacional por su extraordinaria ac\u00fastica y localizaci\u00f3n, plantando la semilla para que tres d\u00e9cadas despu\u00e9s floreciera Starlite, convirti\u00e9ndose en el encuentro social y cultural de referencia en Europa.<\/p>\n<p>El festival pone a disposici\u00f3n de la audiencia un abanico de experiencias \u00fanicas. No s\u00f3lo ofrece un programa musical, sino que tambi\u00e9n noches de cine al aire libre, pases de modelos, exposiciones de arte &#8211;incluyendo trabajos del Pr\u00edncipe Hubertus von Hohenlohe&#8211;, un espacio para la gastronom\u00eda internacional y la \u00fanica discoteca del mundo en una cantera.<\/p>\n<p>Los clientes que reserven entradas para cualquier concierto de Starlite a trav\u00e9s de Marbella Club tendr\u00e1n acceso a traslados gratuitos de ida y vuelta desde el hotel hasta el recinto del festival, acceso a la zona VIP exclusiva para personalidades, artistas y los titulares de palcos, asistente personal de Starlite.<\/p>\n<h2 class=\"ladillo\">MARBELLA CLUB HOTEL, GOLF RESORT &amp; SPA<\/h2>\n<p>Situado en la Costa del Sol, en el coraz\u00f3n de la &#8216;milla de oro&#8217;, a tan s\u00f3lo cinco minutos del casco hist\u00f3rico de Marbella y Puerto Ban\u00fas, el Marbella Club Hotel, Golf Resort &amp; Spa cuenta con sol una media de 325 d\u00edas al a\u00f1o.<\/p>\n<p>Abierto todo el a\u00f1o, el reconocido Marbella Club Hotel, que pertenece a &#8216;The Leading Hotels of the World&#8217;, fue en su d\u00eda la residencia privada del pr\u00edncipe Alfonso von Hohenlohe.<\/p>\n<p>Cuenta con 37 habitaciones de lujo, 78 suites y 14 villas de estilo andaluz y la majestuosa Villa del Mar, localizadas en los 42.000 metros cuadrados de exuberante jard\u00edn subtropical.<\/p>\n<p>Adem\u00e1s de estas instalaciones, el Marbella Club ofrece una gran variedad de comodidades y actividades, que incluyen dos piscinas exteriores climatizadas, deportes acu\u00e1ticos de temporada, centro de fitness, diez pistas de tenis y cuatro de p\u00e1del a cinco minutos del hotel, Kid&#8217;s Club dise\u00f1ado por Minimec, una galer\u00eda comercial, un centro ecuestre y un campo de golf de 18 hoyos creado por Dave-Thomas en las colinas de Benahav\u00eds.<\/p>\n<p>El hotel adem\u00e1s cuenta con seis bares y restaurantes incluyendo el conocido Beach Club Buffet, el legendario restaurante El Grill y el vanguardista MC Caf\u00e9.<\/p>\n<p>Inspirado en los profundos beneficios el mar Mediterr\u00e1neo, el Marbella Club Health &amp; Wellness Centre combina el ejercicio f\u00edsico con las terapias fisiol\u00f3gicas, una gu\u00eda nutricional y tratamientos de belleza reparadora.<\/p>\n<p>Gestionado por un equipo m\u00e9dico y de expertos terapeutas, los programas est\u00e1n reforzados por el Thalasso Spa del hotel. Con unas instalaciones de 800 metros cuadrados, el Thalasso Spa cuenta con una piscina interior din\u00e1mica de agua de mar, hammam y saunas finlandesas, un sol\u00e1rium y 12 cabinas de tratamiento totalmente equipadas.<\/p>\n<h2 class=\"ladillo\">STARLITE<\/h2>\n<p>Starlite se ha convertido en el evento social y cultural de referencia en Europa, un acontecimiento de proyecci\u00f3n internacional en el que se esperan a m\u00e1s de 100.000 personas cada a\u00f1o procedentes de 43 pa\u00edses y que en su pr\u00f3xima edici\u00f3n &#8211;del 14 de julio al 20 de agosto de 2016&#8211; contar\u00e1 con artistas como Carlos Santana, Robert Plant, Charles Aznavour, Juan Mag\u00e1n, God Save the Queen, Gente de Zona, El Fantasma de la Opera, Siempre As\u00ed, Il Divo, Bertin Osborne, Alejandro Sanz, Mal\u00fa, Aihua Cirque de Sens, Estrella Morente y Antonio Canales, Jose Luis Perales, Ana Belen Miguel Rios, Victor Manuel, Joan Manuel Serrat, Leiva (Pereza), Carlos Tarque (M-Clan), Alejo Stivel (Tequila).<\/p>\n<p>Noche Movida, una actuaci\u00f3n especial creada por Starlite con artistas como Alejo Stivel (Tequila), Nacho Campillo (Tam Tam Go!), Nacho Vega (Nacha Pop), Jaime Urrutia (Gabinete Caligari), Javier Gurruchaga, Pablo Carbonell (Toreros Muertos) y Coti.<\/p>\n<p>Starlite se ha convertido en la F1 del ocio, internacionaliz\u00e1ndose con su primera edici\u00f3n en M\u00e9xico en marzo de 2016, a la que seguir\u00e1n otras citas en varios pa\u00edses del planeta. Adem\u00e1s, le ha sido otorgado el sello Marca Espa\u00f1a por representar los valores del pa\u00eds y considerarlo un gran embajador de Espa\u00f1a en el mundo.<\/p>\n","protected":false},"excerpt":{"rendered":"<p>Marbella Club Hotel, Golf Resort &amp; Spa colabora por segundo a\u00f1o consecutivo con el festival Starlite, que se celebrar\u00e1 en la ciudad malague\u00f1a del 14 de julio al 20 de agosto, seg\u00fan ha informado el complejo hotelero a trav\u00e9s de un comunicado. Este a\u00f1o el cartel del festival est\u00e1 plagado de artistas como Carlos Santana,<\/p>\n","protected":false},"author":1,"featured_media":79494,"comment_status":"open","ping_status":"closed","sticky":false,"template":"","format":"standard","meta":{"footnotes":""},"categories":[224],"tags":[],"class_list":{"0":"post-79493","1":"post","2":"type-post","3":"status-publish","4":"format-standard","5":"has-post-thumbnail","7":"category-noticias-actualidad"},"aioseo_notices":[],"aioseo_head":"\n\t\t<!-- All in One SEO Pro 4.9.6.1 - aioseo.com -->\n\t<meta name=\"description\" content=\"Marbella Club Hotel, Golf Resort &amp; Spa colabora por segundo a\u00f1o consecutivo con el festival Starlite, que se celebrar\u00e1 en la ciudad malague\u00f1a del 14 de julio al 20 de agosto, seg\u00fan ha informado el complejo hotelero a trav\u00e9s de un comunicado. Este a\u00f1o el cartel del festival est\u00e1 plagado de artistas como Carlos Santana,\" \/>\n\t<meta name=\"robots\" content=\"max-image-preview:large\" \/>\n\t<meta name=\"author\" content=\"admin\"\/>\n\t<meta name=\"google-site-verification\" content=\"UA-38556648-1\" \/>\n\t<meta name=\"keywords\" content=\"noticias y actualidad\" \/>\n\t<link rel=\"canonical\" href=\"https:\/\/eldigitaldeasturias.com\/magazine365\/marbella-club-hotel-golf-resort-spa-colabora-por-segundo-ano-consecutivo-con-el-festival-starlite\/\" \/>\n\t<meta name=\"generator\" content=\"All in One SEO Pro (AIOSEO) 4.9.6.1\" \/>\n\t\t<meta property=\"og:locale\" content=\"es_ES\" \/>\n\t\t<meta property=\"og:site_name\" content=\"El Digital de Asturias \u2013 Revista de ocio, turismo y estilo de vida\" \/>\n\t\t<meta property=\"og:type\" content=\"article\" \/>\n\t\t<meta property=\"og:title\" content=\"Marbella Club Hotel, Golf Resort &amp; Spa colabora por 2\u00ba a\u00f1o consecutivo con el festival Starlite | El Digital de Asturias\" \/>\n\t\t<meta property=\"og:description\" content=\"Marbella Club Hotel, Golf Resort &amp; Spa colabora por segundo a\u00f1o consecutivo con el festival Starlite, que se celebrar\u00e1 en la ciudad malague\u00f1a del 14 de julio al 20 de agosto, seg\u00fan ha informado el complejo hotelero a trav\u00e9s de un comunicado. Este a\u00f1o el cartel del festival est\u00e1 plagado de artistas como Carlos Santana,\" \/>\n\t\t<meta property=\"og:url\" content=\"https:\/\/eldigitaldeasturias.com\/magazine365\/marbella-club-hotel-golf-resort-spa-colabora-por-segundo-ano-consecutivo-con-el-festival-starlite\/\" \/>\n\t\t<meta property=\"og:image\" content=\"https:\/\/eldigitaldeasturias.com\/magazine365\/wp-content\/uploads\/2016\/06\/fotonoticia_20160615164434_800.jpg\" \/>\n\t\t<meta property=\"og:image:secure_url\" content=\"https:\/\/eldigitaldeasturias.com\/magazine365\/wp-content\/uploads\/2016\/06\/fotonoticia_20160615164434_800.jpg\" \/>\n\t\t<meta property=\"og:image:width\" content=\"800\" \/>\n\t\t<meta property=\"og:image:height\" content=\"1128\" \/>\n\t\t<meta property=\"article:published_time\" content=\"2016-06-15T21:20:35+00:00\" \/>\n\t\t<meta property=\"article:modified_time\" content=\"2016-06-15T21:20:49+00:00\" \/>\n\t\t<meta name=\"twitter:card\" content=\"summary_large_image\" \/>\n\t\t<meta name=\"twitter:title\" content=\"Marbella Club Hotel, Golf Resort &amp; Spa colabora por 2\u00ba a\u00f1o consecutivo con el festival Starlite | El Digital de Asturias\" \/>\n\t\t<meta name=\"twitter:description\" content=\"Marbella Club Hotel, Golf Resort &amp; Spa colabora por segundo a\u00f1o consecutivo con el festival Starlite, que se celebrar\u00e1 en la ciudad malague\u00f1a del 14 de julio al 20 de agosto, seg\u00fan ha informado el complejo hotelero a trav\u00e9s de un comunicado. Este a\u00f1o el cartel del festival est\u00e1 plagado de artistas como Carlos Santana,\" \/>\n\t\t<meta name=\"twitter:image\" content=\"https:\/\/eldigitaldeasturias.com\/magazine365\/wp-content\/uploads\/2016\/06\/fotonoticia_20160615164434_800.jpg\" \/>\n\t\t<script type=\"application\/ld+json\" class=\"aioseo-schema\">\n\t\t\t{\"@context\":\"https:\\\/\\\/schema.org\",\"@graph\":[{\"@type\":\"Article\",\"@id\":\"https:\\\/\\\/eldigitaldeasturias.com\\\/magazine365\\\/marbella-club-hotel-golf-resort-spa-colabora-por-segundo-ano-consecutivo-con-el-festival-starlite\\\/#article\",\"name\":\"Marbella Club Hotel, Golf Resort & Spa colabora por 2\\u00ba a\\u00f1o consecutivo con el festival Starlite | El Digital de Asturias\",\"headline\":\"Marbella Club Hotel, Golf Resort &#038; Spa colabora por 2\\u00ba a\\u00f1o consecutivo con el festival Starlite\",\"author\":{\"@id\":\"https:\\\/\\\/eldigitaldeasturias.com\\\/magazine365\\\/author\\\/admin\\\/#author\"},\"publisher\":{\"@id\":\"https:\\\/\\\/eldigitaldeasturias.com\\\/magazine365\\\/#organization\"},\"image\":{\"@type\":\"ImageObject\",\"url\":\"https:\\\/\\\/eldigitaldeasturias.com\\\/magazine365\\\/wp-content\\\/uploads\\\/2016\\\/06\\\/fotonoticia_20160615164434_800.jpg\",\"width\":800,\"height\":1128},\"datePublished\":\"2016-06-15T23:20:35+02:00\",\"dateModified\":\"2016-06-15T23:20:49+02:00\",\"inLanguage\":\"es-ES\",\"mainEntityOfPage\":{\"@id\":\"https:\\\/\\\/eldigitaldeasturias.com\\\/magazine365\\\/marbella-club-hotel-golf-resort-spa-colabora-por-segundo-ano-consecutivo-con-el-festival-starlite\\\/#webpage\"},\"isPartOf\":{\"@id\":\"https:\\\/\\\/eldigitaldeasturias.com\\\/magazine365\\\/marbella-club-hotel-golf-resort-spa-colabora-por-segundo-ano-consecutivo-con-el-festival-starlite\\\/#webpage\"},\"articleSection\":\"Noticias y Actualidad\"},{\"@type\":\"BreadcrumbList\",\"@id\":\"https:\\\/\\\/eldigitaldeasturias.com\\\/magazine365\\\/marbella-club-hotel-golf-resort-spa-colabora-por-segundo-ano-consecutivo-con-el-festival-starlite\\\/#breadcrumblist\",\"itemListElement\":[{\"@type\":\"ListItem\",\"@id\":\"https:\\\/\\\/eldigitaldeasturias.com\\\/magazine365#listItem\",\"position\":1,\"name\":\"Home\",\"item\":\"https:\\\/\\\/eldigitaldeasturias.com\\\/magazine365\",\"nextItem\":{\"@type\":\"ListItem\",\"@id\":\"https:\\\/\\\/eldigitaldeasturias.com\\\/magazine365\\\/category\\\/noticias-actualidad\\\/#listItem\",\"name\":\"Noticias y Actualidad\"}},{\"@type\":\"ListItem\",\"@id\":\"https:\\\/\\\/eldigitaldeasturias.com\\\/magazine365\\\/category\\\/noticias-actualidad\\\/#listItem\",\"position\":2,\"name\":\"Noticias y Actualidad\",\"item\":\"https:\\\/\\\/eldigitaldeasturias.com\\\/magazine365\\\/category\\\/noticias-actualidad\\\/\",\"nextItem\":{\"@type\":\"ListItem\",\"@id\":\"https:\\\/\\\/eldigitaldeasturias.com\\\/magazine365\\\/marbella-club-hotel-golf-resort-spa-colabora-por-segundo-ano-consecutivo-con-el-festival-starlite\\\/#listItem\",\"name\":\"Marbella Club Hotel, Golf Resort &#038; Spa colabora por 2\\u00ba a\\u00f1o consecutivo con el festival Starlite\"},\"previousItem\":{\"@type\":\"ListItem\",\"@id\":\"https:\\\/\\\/eldigitaldeasturias.com\\\/magazine365#listItem\",\"name\":\"Home\"}},{\"@type\":\"ListItem\",\"@id\":\"https:\\\/\\\/eldigitaldeasturias.com\\\/magazine365\\\/marbella-club-hotel-golf-resort-spa-colabora-por-segundo-ano-consecutivo-con-el-festival-starlite\\\/#listItem\",\"position\":3,\"name\":\"Marbella Club Hotel, Golf Resort &#038; Spa colabora por 2\\u00ba a\\u00f1o consecutivo con el festival Starlite\",\"previousItem\":{\"@type\":\"ListItem\",\"@id\":\"https:\\\/\\\/eldigitaldeasturias.com\\\/magazine365\\\/category\\\/noticias-actualidad\\\/#listItem\",\"name\":\"Noticias y Actualidad\"}}]},{\"@type\":\"Organization\",\"@id\":\"https:\\\/\\\/eldigitaldeasturias.com\\\/magazine365\\\/#organization\",\"name\":\"El digital de Asturias\",\"description\":\"Revista de ocio, turismo y estilo de vida\",\"url\":\"https:\\\/\\\/eldigitaldeasturias.com\\\/magazine365\\\/\",\"logo\":{\"@type\":\"ImageObject\",\"url\":\"https:\\\/\\\/www.eldigitaldeasturias.com\\\/noticias\\\/wp-content\\\/uploads\\\/2020\\\/12\\\/EDA.jpg\",\"@id\":\"https:\\\/\\\/eldigitaldeasturias.com\\\/magazine365\\\/marbella-club-hotel-golf-resort-spa-colabora-por-segundo-ano-consecutivo-con-el-festival-starlite\\\/#organizationLogo\"},\"image\":{\"@id\":\"https:\\\/\\\/eldigitaldeasturias.com\\\/magazine365\\\/marbella-club-hotel-golf-resort-spa-colabora-por-segundo-ano-consecutivo-con-el-festival-starlite\\\/#organizationLogo\"}},{\"@type\":\"Person\",\"@id\":\"https:\\\/\\\/eldigitaldeasturias.com\\\/magazine365\\\/author\\\/admin\\\/#author\",\"url\":\"https:\\\/\\\/eldigitaldeasturias.com\\\/magazine365\\\/author\\\/admin\\\/\",\"name\":\"admin\",\"image\":{\"@type\":\"ImageObject\",\"@id\":\"https:\\\/\\\/eldigitaldeasturias.com\\\/magazine365\\\/marbella-club-hotel-golf-resort-spa-colabora-por-segundo-ano-consecutivo-con-el-festival-starlite\\\/#authorImage\",\"url\":\"https:\\\/\\\/eldigitaldeasturias.com\\\/magazine365\\\/wp-content\\\/litespeed\\\/avatar\\\/e571bcf59a0edd6fa6838245a470f2fe.jpg?ver=1776969259\",\"width\":96,\"height\":96,\"caption\":\"admin\"}},{\"@type\":\"WebPage\",\"@id\":\"https:\\\/\\\/eldigitaldeasturias.com\\\/magazine365\\\/marbella-club-hotel-golf-resort-spa-colabora-por-segundo-ano-consecutivo-con-el-festival-starlite\\\/#webpage\",\"url\":\"https:\\\/\\\/eldigitaldeasturias.com\\\/magazine365\\\/marbella-club-hotel-golf-resort-spa-colabora-por-segundo-ano-consecutivo-con-el-festival-starlite\\\/\",\"name\":\"Marbella Club Hotel, Golf Resort & Spa colabora por 2\\u00ba a\\u00f1o consecutivo con el festival Starlite | El Digital de Asturias\",\"description\":\"Marbella Club Hotel, Golf Resort & Spa colabora por segundo a\\u00f1o consecutivo con el festival Starlite, que se celebrar\\u00e1 en la ciudad malague\\u00f1a del 14 de julio al 20 de agosto, seg\\u00fan ha informado el complejo hotelero a trav\\u00e9s de un comunicado. Este a\\u00f1o el cartel del festival est\\u00e1 plagado de artistas como Carlos Santana,\",\"inLanguage\":\"es-ES\",\"isPartOf\":{\"@id\":\"https:\\\/\\\/eldigitaldeasturias.com\\\/magazine365\\\/#website\"},\"breadcrumb\":{\"@id\":\"https:\\\/\\\/eldigitaldeasturias.com\\\/magazine365\\\/marbella-club-hotel-golf-resort-spa-colabora-por-segundo-ano-consecutivo-con-el-festival-starlite\\\/#breadcrumblist\"},\"author\":{\"@id\":\"https:\\\/\\\/eldigitaldeasturias.com\\\/magazine365\\\/author\\\/admin\\\/#author\"},\"creator\":{\"@id\":\"https:\\\/\\\/eldigitaldeasturias.com\\\/magazine365\\\/author\\\/admin\\\/#author\"},\"image\":{\"@type\":\"ImageObject\",\"url\":\"https:\\\/\\\/eldigitaldeasturias.com\\\/magazine365\\\/wp-content\\\/uploads\\\/2016\\\/06\\\/fotonoticia_20160615164434_800.jpg\",\"@id\":\"https:\\\/\\\/eldigitaldeasturias.com\\\/magazine365\\\/marbella-club-hotel-golf-resort-spa-colabora-por-segundo-ano-consecutivo-con-el-festival-starlite\\\/#mainImage\",\"width\":800,\"height\":1128},\"primaryImageOfPage\":{\"@id\":\"https:\\\/\\\/eldigitaldeasturias.com\\\/magazine365\\\/marbella-club-hotel-golf-resort-spa-colabora-por-segundo-ano-consecutivo-con-el-festival-starlite\\\/#mainImage\"},\"datePublished\":\"2016-06-15T23:20:35+02:00\",\"dateModified\":\"2016-06-15T23:20:49+02:00\"},{\"@type\":\"WebSite\",\"@id\":\"https:\\\/\\\/eldigitaldeasturias.com\\\/magazine365\\\/#website\",\"url\":\"https:\\\/\\\/eldigitaldeasturias.com\\\/magazine365\\\/\",\"name\":\"El Digital de Asturias\",\"description\":\"Revista de ocio, turismo y estilo de vida\",\"inLanguage\":\"es-ES\",\"publisher\":{\"@id\":\"https:\\\/\\\/eldigitaldeasturias.com\\\/magazine365\\\/#organization\"}}]}\n\t\t<\/script>\n\t\t<!-- All in One SEO Pro -->\r\n\t\t<title>Marbella Club Hotel, Golf Resort &amp; Spa colabora por 2\u00ba a\u00f1o consecutivo con el festival Starlite | El Digital de Asturias<\/title>\n\n","aioseo_head_json":{"title":"Marbella Club Hotel, Golf Resort & Spa colabora por 2\u00ba a\u00f1o consecutivo con el festival Starlite | El Digital de Asturias","description":"Marbella Club Hotel, Golf Resort & Spa colabora por segundo a\u00f1o consecutivo con el festival Starlite, que se celebrar\u00e1 en la ciudad malague\u00f1a del 14 de julio al 20 de agosto, seg\u00fan ha informado el complejo hotelero a trav\u00e9s de un comunicado. Este a\u00f1o el cartel del festival est\u00e1 plagado de artistas como Carlos Santana,","canonical_url":"https:\/\/eldigitaldeasturias.com\/magazine365\/marbella-club-hotel-golf-resort-spa-colabora-por-segundo-ano-consecutivo-con-el-festival-starlite\/","robots":"max-image-preview:large","keywords":"noticias y actualidad","webmasterTools":{"google-site-verification":"UA-38556648-1","miscellaneous":""},"schema":{"@context":"https:\/\/schema.org","@graph":[{"@type":"Article","@id":"https:\/\/eldigitaldeasturias.com\/magazine365\/marbella-club-hotel-golf-resort-spa-colabora-por-segundo-ano-consecutivo-con-el-festival-starlite\/#article","name":"Marbella Club Hotel, Golf Resort & Spa colabora por 2\u00ba a\u00f1o consecutivo con el festival Starlite | El Digital de Asturias","headline":"Marbella Club Hotel, Golf Resort &#038; Spa colabora por 2\u00ba a\u00f1o consecutivo con el festival Starlite","author":{"@id":"https:\/\/eldigitaldeasturias.com\/magazine365\/author\/admin\/#author"},"publisher":{"@id":"https:\/\/eldigitaldeasturias.com\/magazine365\/#organization"},"image":{"@type":"ImageObject","url":"https:\/\/eldigitaldeasturias.com\/magazine365\/wp-content\/uploads\/2016\/06\/fotonoticia_20160615164434_800.jpg","width":800,"height":1128},"datePublished":"2016-06-15T23:20:35+02:00","dateModified":"2016-06-15T23:20:49+02:00","inLanguage":"es-ES","mainEntityOfPage":{"@id":"https:\/\/eldigitaldeasturias.com\/magazine365\/marbella-club-hotel-golf-resort-spa-colabora-por-segundo-ano-consecutivo-con-el-festival-starlite\/#webpage"},"isPartOf":{"@id":"https:\/\/eldigitaldeasturias.com\/magazine365\/marbella-club-hotel-golf-resort-spa-colabora-por-segundo-ano-consecutivo-con-el-festival-starlite\/#webpage"},"articleSection":"Noticias y Actualidad"},{"@type":"BreadcrumbList","@id":"https:\/\/eldigitaldeasturias.com\/magazine365\/marbella-club-hotel-golf-resort-spa-colabora-por-segundo-ano-consecutivo-con-el-festival-starlite\/#breadcrumblist","itemListElement":[{"@type":"ListItem","@id":"https:\/\/eldigitaldeasturias.com\/magazine365#listItem","position":1,"name":"Home","item":"https:\/\/eldigitaldeasturias.com\/magazine365","nextItem":{"@type":"ListItem","@id":"https:\/\/eldigitaldeasturias.com\/magazine365\/category\/noticias-actualidad\/#listItem","name":"Noticias y Actualidad"}},{"@type":"ListItem","@id":"https:\/\/eldigitaldeasturias.com\/magazine365\/category\/noticias-actualidad\/#listItem","position":2,"name":"Noticias y Actualidad","item":"https:\/\/eldigitaldeasturias.com\/magazine365\/category\/noticias-actualidad\/","nextItem":{"@type":"ListItem","@id":"https:\/\/eldigitaldeasturias.com\/magazine365\/marbella-club-hotel-golf-resort-spa-colabora-por-segundo-ano-consecutivo-con-el-festival-starlite\/#listItem","name":"Marbella Club Hotel, Golf Resort &#038; Spa colabora por 2\u00ba a\u00f1o consecutivo con el festival Starlite"},"previousItem":{"@type":"ListItem","@id":"https:\/\/eldigitaldeasturias.com\/magazine365#listItem","name":"Home"}},{"@type":"ListItem","@id":"https:\/\/eldigitaldeasturias.com\/magazine365\/marbella-club-hotel-golf-resort-spa-colabora-por-segundo-ano-consecutivo-con-el-festival-starlite\/#listItem","position":3,"name":"Marbella Club Hotel, Golf Resort &#038; Spa colabora por 2\u00ba a\u00f1o consecutivo con el festival Starlite","previousItem":{"@type":"ListItem","@id":"https:\/\/eldigitaldeasturias.com\/magazine365\/category\/noticias-actualidad\/#listItem","name":"Noticias y Actualidad"}}]},{"@type":"Organization","@id":"https:\/\/eldigitaldeasturias.com\/magazine365\/#organization","name":"El digital de Asturias","description":"Revista de ocio, turismo y estilo de vida","url":"https:\/\/eldigitaldeasturias.com\/magazine365\/","logo":{"@type":"ImageObject","url":"https:\/\/www.eldigitaldeasturias.com\/noticias\/wp-content\/uploads\/2020\/12\/EDA.jpg","@id":"https:\/\/eldigitaldeasturias.com\/magazine365\/marbella-club-hotel-golf-resort-spa-colabora-por-segundo-ano-consecutivo-con-el-festival-starlite\/#organizationLogo"},"image":{"@id":"https:\/\/eldigitaldeasturias.com\/magazine365\/marbella-club-hotel-golf-resort-spa-colabora-por-segundo-ano-consecutivo-con-el-festival-starlite\/#organizationLogo"}},{"@type":"Person","@id":"https:\/\/eldigitaldeasturias.com\/magazine365\/author\/admin\/#author","url":"https:\/\/eldigitaldeasturias.com\/magazine365\/author\/admin\/","name":"admin","image":{"@type":"ImageObject","@id":"https:\/\/eldigitaldeasturias.com\/magazine365\/marbella-club-hotel-golf-resort-spa-colabora-por-segundo-ano-consecutivo-con-el-festival-starlite\/#authorImage","url":"https:\/\/eldigitaldeasturias.com\/magazine365\/wp-content\/litespeed\/avatar\/e571bcf59a0edd6fa6838245a470f2fe.jpg?ver=1776969259","width":96,"height":96,"caption":"admin"}},{"@type":"WebPage","@id":"https:\/\/eldigitaldeasturias.com\/magazine365\/marbella-club-hotel-golf-resort-spa-colabora-por-segundo-ano-consecutivo-con-el-festival-starlite\/#webpage","url":"https:\/\/eldigitaldeasturias.com\/magazine365\/marbella-club-hotel-golf-resort-spa-colabora-por-segundo-ano-consecutivo-con-el-festival-starlite\/","name":"Marbella Club Hotel, Golf Resort & Spa colabora por 2\u00ba a\u00f1o consecutivo con el festival Starlite | El Digital de Asturias","description":"Marbella Club Hotel, Golf Resort & Spa colabora por segundo a\u00f1o consecutivo con el festival Starlite, que se celebrar\u00e1 en la ciudad malague\u00f1a del 14 de julio al 20 de agosto, seg\u00fan ha informado el complejo hotelero a trav\u00e9s de un comunicado. Este a\u00f1o el cartel del festival est\u00e1 plagado de artistas como Carlos Santana,","inLanguage":"es-ES","isPartOf":{"@id":"https:\/\/eldigitaldeasturias.com\/magazine365\/#website"},"breadcrumb":{"@id":"https:\/\/eldigitaldeasturias.com\/magazine365\/marbella-club-hotel-golf-resort-spa-colabora-por-segundo-ano-consecutivo-con-el-festival-starlite\/#breadcrumblist"},"author":{"@id":"https:\/\/eldigitaldeasturias.com\/magazine365\/author\/admin\/#author"},"creator":{"@id":"https:\/\/eldigitaldeasturias.com\/magazine365\/author\/admin\/#author"},"image":{"@type":"ImageObject","url":"https:\/\/eldigitaldeasturias.com\/magazine365\/wp-content\/uploads\/2016\/06\/fotonoticia_20160615164434_800.jpg","@id":"https:\/\/eldigitaldeasturias.com\/magazine365\/marbella-club-hotel-golf-resort-spa-colabora-por-segundo-ano-consecutivo-con-el-festival-starlite\/#mainImage","width":800,"height":1128},"primaryImageOfPage":{"@id":"https:\/\/eldigitaldeasturias.com\/magazine365\/marbella-club-hotel-golf-resort-spa-colabora-por-segundo-ano-consecutivo-con-el-festival-starlite\/#mainImage"},"datePublished":"2016-06-15T23:20:35+02:00","dateModified":"2016-06-15T23:20:49+02:00"},{"@type":"WebSite","@id":"https:\/\/eldigitaldeasturias.com\/magazine365\/#website","url":"https:\/\/eldigitaldeasturias.com\/magazine365\/","name":"El Digital de Asturias","description":"Revista de ocio, turismo y estilo de vida","inLanguage":"es-ES","publisher":{"@id":"https:\/\/eldigitaldeasturias.com\/magazine365\/#organization"}}]},"og:locale":"es_ES","og:site_name":"El Digital de Asturias \u2013 Revista de ocio, turismo y estilo de vida","og:type":"article","og:title":"Marbella Club Hotel, Golf Resort &amp; Spa colabora por 2\u00ba a\u00f1o consecutivo con el festival Starlite | El Digital de Asturias","og:description":"Marbella Club Hotel, Golf Resort &amp; Spa colabora por segundo a\u00f1o consecutivo con el festival Starlite, que se celebrar\u00e1 en la ciudad malague\u00f1a del 14 de julio al 20 de agosto, seg\u00fan ha informado el complejo hotelero a trav\u00e9s de un comunicado. Este a\u00f1o el cartel del festival est\u00e1 plagado de artistas como Carlos Santana,","og:url":"https:\/\/eldigitaldeasturias.com\/magazine365\/marbella-club-hotel-golf-resort-spa-colabora-por-segundo-ano-consecutivo-con-el-festival-starlite\/","og:image":"https:\/\/eldigitaldeasturias.com\/magazine365\/wp-content\/uploads\/2016\/06\/fotonoticia_20160615164434_800.jpg","og:image:secure_url":"https:\/\/eldigitaldeasturias.com\/magazine365\/wp-content\/uploads\/2016\/06\/fotonoticia_20160615164434_800.jpg","og:image:width":800,"og:image:height":1128,"article:published_time":"2016-06-15T21:20:35+00:00","article:modified_time":"2016-06-15T21:20:49+00:00","twitter:card":"summary_large_image","twitter:title":"Marbella Club Hotel, Golf Resort &amp; Spa colabora por 2\u00ba a\u00f1o consecutivo con el festival Starlite | El Digital de Asturias","twitter:description":"Marbella Club Hotel, Golf Resort &amp; Spa colabora por segundo a\u00f1o consecutivo con el festival Starlite, que se celebrar\u00e1 en la ciudad malague\u00f1a del 14 de julio al 20 de agosto, seg\u00fan ha informado el complejo hotelero a trav\u00e9s de un comunicado. Este a\u00f1o el cartel del festival est\u00e1 plagado de artistas como Carlos Santana,","twitter:image":"https:\/\/eldigitaldeasturias.com\/magazine365\/wp-content\/uploads\/2016\/06\/fotonoticia_20160615164434_800.jpg"},"aioseo_meta_data":{"post_id":"79493","title":null,"description":null,"keywords":null,"keyphrases":null,"primary_term":null,"canonical_url":null,"og_title":null,"og_description":null,"og_object_type":"default","og_image_type":"default","og_image_url":null,"og_image_width":null,"og_image_height":null,"og_image_custom_url":null,"og_image_custom_fields":null,"og_video":null,"og_custom_url":null,"og_article_section":null,"og_article_tags":null,"twitter_use_og":false,"twitter_card":"default","twitter_image_type":"default","twitter_image_url":null,"twitter_image_custom_url":null,"twitter_image_custom_fields":null,"twitter_title":null,"twitter_description":null,"schema":{"blockGraphs":[],"customGraphs":[],"default":{"data":{"Article":[],"Course":[],"Dataset":[],"FAQPage":[],"Movie":[],"Person":[],"Product":[],"ProductReview":[],"Car":[],"Recipe":[],"Service":[],"SoftwareApplication":[],"WebPage":[]},"graphName":"","isEnabled":true},"graphs":[],"defaultGraph":"","defaultPostTypeGraph":""},"schema_type":null,"schema_type_options":null,"pillar_content":false,"robots_default":true,"robots_noindex":false,"robots_noarchive":false,"robots_nosnippet":false,"robots_nofollow":false,"robots_noimageindex":false,"robots_noodp":false,"robots_notranslate":false,"robots_max_snippet":null,"robots_max_videopreview":null,"robots_max_imagepreview":"large","priority":null,"frequency":null,"location":null,"local_seo":null,"seo_analyzer_scan_date":"2025-09-27 19:02:00","breadcrumb_settings":null,"limit_modified_date":false,"open_ai":null,"ai":null,"created":"2021-03-08 17:48:08","updated":"2025-09-27 19:02:00"},"aioseo_breadcrumb":"<div class=\"aioseo-breadcrumbs\"><span class=\"aioseo-breadcrumb\">\n\t<a href=\"https:\/\/eldigitaldeasturias.com\/magazine365\" title=\"Home\">Home<\/a>\n<\/span><span class=\"aioseo-breadcrumb-separator\">\u2013<\/span><span class=\"aioseo-breadcrumb\">\n\t<a href=\"https:\/\/eldigitaldeasturias.com\/magazine365\/category\/noticias-actualidad\/\" title=\"Noticias y Actualidad\">Noticias y Actualidad<\/a>\n<\/span><span class=\"aioseo-breadcrumb-separator\">\u2013<\/span><span class=\"aioseo-breadcrumb\">\n\t<a href=\"https:\/\/eldigitaldeasturias.com\/magazine365\/marbella-club-hotel-golf-resort-spa-colabora-por-segundo-ano-consecutivo-con-el-festival-starlite\/\" title=\"Marbella Club Hotel, Golf Resort &amp; Spa colabora por 2\u00ba a\u00f1o consecutivo con el festival Starlite\">Marbella Club Hotel, Golf Resort &amp; Spa colabora por 2\u00ba a\u00f1o consecutivo con el festival Starlite<\/a>\n<\/span><\/div>","aioseo_breadcrumb_json":[{"label":"Home","link":"https:\/\/eldigitaldeasturias.com\/magazine365"},{"label":"Noticias y Actualidad","link":"https:\/\/eldigitaldeasturias.com\/magazine365\/category\/noticias-actualidad\/"},{"label":"Marbella Club Hotel, Golf Resort &#038; Spa colabora por 2\u00ba a\u00f1o consecutivo con el festival Starlite","link":"https:\/\/eldigitaldeasturias.com\/magazine365\/marbella-club-hotel-golf-resort-spa-colabora-por-segundo-ano-consecutivo-con-el-festival-starlite\/"}],"_links":{"self":[{"href":"https:\/\/eldigitaldeasturias.com\/magazine365\/wp-json\/wp\/v2\/posts\/79493","targetHints":{"allow":["GET"]}}],"collection":[{"href":"https:\/\/eldigitaldeasturias.com\/magazine365\/wp-json\/wp\/v2\/posts"}],"about":[{"href":"https:\/\/eldigitaldeasturias.com\/magazine365\/wp-json\/wp\/v2\/types\/post"}],"author":[{"embeddable":true,"href":"https:\/\/eldigitaldeasturias.com\/magazine365\/wp-json\/wp\/v2\/users\/1"}],"replies":[{"embeddable":true,"href":"https:\/\/eldigitaldeasturias.com\/magazine365\/wp-json\/wp\/v2\/comments?post=79493"}],"version-history":[{"count":0,"href":"https:\/\/eldigitaldeasturias.com\/magazine365\/wp-json\/wp\/v2\/posts\/79493\/revisions"}],"wp:featuredmedia":[{"embeddable":true,"href":"https:\/\/eldigitaldeasturias.com\/magazine365\/wp-json\/wp\/v2\/media\/79494"}],"wp:attachment":[{"href":"https:\/\/eldigitaldeasturias.com\/magazine365\/wp-json\/wp\/v2\/media?parent=79493"}],"wp:term":[{"taxonomy":"category","embeddable":true,"href":"https:\/\/eldigitaldeasturias.com\/magazine365\/wp-json\/wp\/v2\/categories?post=79493"},{"taxonomy":"post_tag","embeddable":true,"href":"https:\/\/eldigitaldeasturias.com\/magazine365\/wp-json\/wp\/v2\/tags?post=79493"}],"curies":[{"name":"wp","href":"https:\/\/api.w.org\/{rel}","templated":true}]}}