{"id":79481,"date":"2016-06-15T19:20:41","date_gmt":"2016-06-15T17:20:41","guid":{"rendered":"http:\/\/eldigitaldeasturias.com\/magazine365\/?p=79481"},"modified":"2016-06-15T19:20:41","modified_gmt":"2016-06-15T17:20:41","slug":"coec-exige-medidas-urgentes-en-el-mar-menor-para-salvar-la-temporada-turistica","status":"publish","type":"post","link":"https:\/\/eldigitaldeasturias.com\/magazine365\/coec-exige-medidas-urgentes-en-el-mar-menor-para-salvar-la-temporada-turistica\/","title":{"rendered":"COEC exige medidas urgentes en el Mar Menor para salvar la temporada tur\u00edstica"},"content":{"rendered":"<p><img fetchpriority=\"high\" decoding=\"async\" class=\"alignleft size-medium wp-image-79482\" src=\"https:\/\/eldigitaldeasturias.com\/magazine365\/wp-content\/uploads\/2016\/06\/fotonoticia_20160615161934_800-360x250.jpg\" alt=\"fotonoticia_20160615161934_800\" width=\"360\" height=\"250\" srcset=\"https:\/\/eldigitaldeasturias.com\/magazine365\/wp-content\/uploads\/2016\/06\/fotonoticia_20160615161934_800-360x250.jpg 360w, https:\/\/eldigitaldeasturias.com\/magazine365\/wp-content\/uploads\/2016\/06\/fotonoticia_20160615161934_800-650x452.jpg 650w, https:\/\/eldigitaldeasturias.com\/magazine365\/wp-content\/uploads\/2016\/06\/fotonoticia_20160615161934_800-768x534.jpg 768w, https:\/\/eldigitaldeasturias.com\/magazine365\/wp-content\/uploads\/2016\/06\/fotonoticia_20160615161934_800-150x104.jpg 150w, https:\/\/eldigitaldeasturias.com\/magazine365\/wp-content\/uploads\/2016\/06\/fotonoticia_20160615161934_800-450x313.jpg 450w, https:\/\/eldigitaldeasturias.com\/magazine365\/wp-content\/uploads\/2016\/06\/fotonoticia_20160615161934_800.jpg 800w\" sizes=\"(max-width: 360px) 100vw, 360px\" \/>La Confederaci\u00f3n Comarcal de Organizaciones Empresariales de Cartagena (COEC) ha exigido medidas urgentes en el Mar Menor para \u00abevitar que esta situaci\u00f3n incida negativamente en la actividad tur\u00edstica de esta temporada, as\u00ed como en las explotaciones agrarias\u00bb.<\/p>\n<p>Para la Comarca de Cartagena, la agricultura y el turismo \u00abson dos de los principales motores econ\u00f3micos de nuestra zona. Ambas actividades generan una gran cantidad de puestos de trabajo y riqueza para la Regi\u00f3n de Murcia\u00bb.<\/p>\n<p>Pedro Pablo Hern\u00e1ndez, presidente de COEC, se\u00f1ala que \u00abel Mar Menor es el mayor y m\u00e1s diferencial recurso natural y tur\u00edstico de la Regi\u00f3n de Murcia, donde se concentran m\u00e1s del 70% de las plazas hoteleras\u00bb.<\/p>\n<p>Asimismo, afirma que \u00abes perfectamente compatible la agricultura en el Campo de Cartagena con el turismo y, para ello, es necesario realizar una serie de acciones urgentes para que se consiga el objetivo de &#8216;vertidos 0&#8217; a la laguna de forma inmediata, sin generar ning\u00fan perjuicio a los sectores implicados\u00bb.<\/p>\n<p>De esta manera, la Confederaci\u00f3n Comarcal de Organizaciones Empresariales de Cartagena defiende \u00abuna agricultura sostenible que garantice la preservaci\u00f3n medioambiental del Mar Menor, junto a una actividad tur\u00edstica que ponga en valor nuestros recursos naturales\u00bb.<\/p>\n<p>Desde COEC, dice, \u00abse est\u00e1 trabajando de forma conjunta con todas las administraciones implicadas, tales como la Confederaci\u00f3n Hidrogr\u00e1fica del Segura, la Comunidad y los ayuntamientos ribere\u00f1os, para llegar a una soluci\u00f3n al problema y as\u00ed lograr que los ciudadanos puedan disfrutar de todas las posibilidades que ofrece este recurso natural\u00bb.<\/p>\n","protected":false},"excerpt":{"rendered":"<p>La Confederaci\u00f3n Comarcal de Organizaciones Empresariales de Cartagena (COEC) ha exigido medidas urgentes en el Mar Menor para \u00abevitar que esta situaci\u00f3n incida negativamente en la actividad tur\u00edstica de esta temporada, as\u00ed como en las explotaciones agrarias\u00bb. Para la Comarca de Cartagena, la agricultura y el turismo \u00abson dos de los principales motores econ\u00f3micos de<\/p>\n","protected":false},"author":1,"featured_media":79482,"comment_status":"open","ping_status":"closed","sticky":false,"template":"","format":"standard","meta":{"footnotes":""},"categories":[224],"tags":[],"class_list":{"0":"post-79481","1":"post","2":"type-post","3":"status-publish","4":"format-standard","5":"has-post-thumbnail","7":"category-noticias-actualidad"},"aioseo_notices":[],"aioseo_head":"\n\t\t<!-- All in One SEO Pro 4.9.6.1 - aioseo.com -->\n\t<meta name=\"description\" content=\"La Confederaci\u00f3n Comarcal de Organizaciones Empresariales de Cartagena (COEC) ha exigido medidas urgentes en el Mar Menor para &quot;evitar que esta situaci\u00f3n incida negativamente en la actividad tur\u00edstica de esta temporada, as\u00ed como en las explotaciones agrarias&quot;. Para la Comarca de Cartagena, la agricultura y el turismo &quot;son dos de los principales motores econ\u00f3micos de\" \/>\n\t<meta name=\"robots\" content=\"max-image-preview:large\" \/>\n\t<meta name=\"author\" content=\"admin\"\/>\n\t<meta name=\"google-site-verification\" content=\"UA-38556648-1\" \/>\n\t<meta name=\"keywords\" content=\"noticias y actualidad\" \/>\n\t<link rel=\"canonical\" href=\"https:\/\/eldigitaldeasturias.com\/magazine365\/coec-exige-medidas-urgentes-en-el-mar-menor-para-salvar-la-temporada-turistica\/\" \/>\n\t<meta name=\"generator\" content=\"All in One SEO Pro (AIOSEO) 4.9.6.1\" \/>\n\t\t<meta property=\"og:locale\" content=\"es_ES\" \/>\n\t\t<meta property=\"og:site_name\" content=\"El Digital de Asturias \u2013 Revista de ocio, turismo y estilo de vida\" \/>\n\t\t<meta property=\"og:type\" content=\"article\" \/>\n\t\t<meta property=\"og:title\" content=\"COEC exige medidas urgentes en el Mar Menor para salvar la temporada tur\u00edstica | El Digital de Asturias\" \/>\n\t\t<meta property=\"og:description\" content=\"La Confederaci\u00f3n Comarcal de Organizaciones Empresariales de Cartagena (COEC) ha exigido medidas urgentes en el Mar Menor para &quot;evitar que esta situaci\u00f3n incida negativamente en la actividad tur\u00edstica de esta temporada, as\u00ed como en las explotaciones agrarias&quot;. Para la Comarca de Cartagena, la agricultura y el turismo &quot;son dos de los principales motores econ\u00f3micos de\" \/>\n\t\t<meta property=\"og:url\" content=\"https:\/\/eldigitaldeasturias.com\/magazine365\/coec-exige-medidas-urgentes-en-el-mar-menor-para-salvar-la-temporada-turistica\/\" \/>\n\t\t<meta property=\"og:image\" content=\"https:\/\/eldigitaldeasturias.com\/magazine365\/wp-content\/uploads\/2016\/06\/fotonoticia_20160615161934_800.jpg\" \/>\n\t\t<meta property=\"og:image:secure_url\" content=\"https:\/\/eldigitaldeasturias.com\/magazine365\/wp-content\/uploads\/2016\/06\/fotonoticia_20160615161934_800.jpg\" \/>\n\t\t<meta property=\"og:image:width\" content=\"800\" \/>\n\t\t<meta property=\"og:image:height\" content=\"556\" \/>\n\t\t<meta property=\"article:published_time\" content=\"2016-06-15T17:20:41+00:00\" \/>\n\t\t<meta property=\"article:modified_time\" content=\"2016-06-15T17:20:41+00:00\" \/>\n\t\t<meta name=\"twitter:card\" content=\"summary_large_image\" \/>\n\t\t<meta name=\"twitter:title\" content=\"COEC exige medidas urgentes en el Mar Menor para salvar la temporada tur\u00edstica | El Digital de Asturias\" \/>\n\t\t<meta name=\"twitter:description\" content=\"La Confederaci\u00f3n Comarcal de Organizaciones Empresariales de Cartagena (COEC) ha exigido medidas urgentes en el Mar Menor para &quot;evitar que esta situaci\u00f3n incida negativamente en la actividad tur\u00edstica de esta temporada, as\u00ed como en las explotaciones agrarias&quot;. Para la Comarca de Cartagena, la agricultura y el turismo &quot;son dos de los principales motores econ\u00f3micos de\" \/>\n\t\t<meta name=\"twitter:image\" content=\"https:\/\/eldigitaldeasturias.com\/magazine365\/wp-content\/uploads\/2016\/06\/fotonoticia_20160615161934_800.jpg\" \/>\n\t\t<script type=\"application\/ld+json\" class=\"aioseo-schema\">\n\t\t\t{\"@context\":\"https:\\\/\\\/schema.org\",\"@graph\":[{\"@type\":\"Article\",\"@id\":\"https:\\\/\\\/eldigitaldeasturias.com\\\/magazine365\\\/coec-exige-medidas-urgentes-en-el-mar-menor-para-salvar-la-temporada-turistica\\\/#article\",\"name\":\"COEC exige medidas urgentes en el Mar Menor para salvar la temporada tur\\u00edstica | El Digital de Asturias\",\"headline\":\"COEC exige medidas urgentes en el Mar Menor para salvar la temporada tur\\u00edstica\",\"author\":{\"@id\":\"https:\\\/\\\/eldigitaldeasturias.com\\\/magazine365\\\/author\\\/admin\\\/#author\"},\"publisher\":{\"@id\":\"https:\\\/\\\/eldigitaldeasturias.com\\\/magazine365\\\/#organization\"},\"image\":{\"@type\":\"ImageObject\",\"url\":\"https:\\\/\\\/eldigitaldeasturias.com\\\/magazine365\\\/wp-content\\\/uploads\\\/2016\\\/06\\\/fotonoticia_20160615161934_800.jpg\",\"width\":800,\"height\":556},\"datePublished\":\"2016-06-15T19:20:41+02:00\",\"dateModified\":\"2016-06-15T19:20:41+02:00\",\"inLanguage\":\"es-ES\",\"mainEntityOfPage\":{\"@id\":\"https:\\\/\\\/eldigitaldeasturias.com\\\/magazine365\\\/coec-exige-medidas-urgentes-en-el-mar-menor-para-salvar-la-temporada-turistica\\\/#webpage\"},\"isPartOf\":{\"@id\":\"https:\\\/\\\/eldigitaldeasturias.com\\\/magazine365\\\/coec-exige-medidas-urgentes-en-el-mar-menor-para-salvar-la-temporada-turistica\\\/#webpage\"},\"articleSection\":\"Noticias y Actualidad\"},{\"@type\":\"BreadcrumbList\",\"@id\":\"https:\\\/\\\/eldigitaldeasturias.com\\\/magazine365\\\/coec-exige-medidas-urgentes-en-el-mar-menor-para-salvar-la-temporada-turistica\\\/#breadcrumblist\",\"itemListElement\":[{\"@type\":\"ListItem\",\"@id\":\"https:\\\/\\\/eldigitaldeasturias.com\\\/magazine365#listItem\",\"position\":1,\"name\":\"Home\",\"item\":\"https:\\\/\\\/eldigitaldeasturias.com\\\/magazine365\",\"nextItem\":{\"@type\":\"ListItem\",\"@id\":\"https:\\\/\\\/eldigitaldeasturias.com\\\/magazine365\\\/category\\\/noticias-actualidad\\\/#listItem\",\"name\":\"Noticias y Actualidad\"}},{\"@type\":\"ListItem\",\"@id\":\"https:\\\/\\\/eldigitaldeasturias.com\\\/magazine365\\\/category\\\/noticias-actualidad\\\/#listItem\",\"position\":2,\"name\":\"Noticias y Actualidad\",\"item\":\"https:\\\/\\\/eldigitaldeasturias.com\\\/magazine365\\\/category\\\/noticias-actualidad\\\/\",\"nextItem\":{\"@type\":\"ListItem\",\"@id\":\"https:\\\/\\\/eldigitaldeasturias.com\\\/magazine365\\\/coec-exige-medidas-urgentes-en-el-mar-menor-para-salvar-la-temporada-turistica\\\/#listItem\",\"name\":\"COEC exige medidas urgentes en el Mar Menor para salvar la temporada tur\\u00edstica\"},\"previousItem\":{\"@type\":\"ListItem\",\"@id\":\"https:\\\/\\\/eldigitaldeasturias.com\\\/magazine365#listItem\",\"name\":\"Home\"}},{\"@type\":\"ListItem\",\"@id\":\"https:\\\/\\\/eldigitaldeasturias.com\\\/magazine365\\\/coec-exige-medidas-urgentes-en-el-mar-menor-para-salvar-la-temporada-turistica\\\/#listItem\",\"position\":3,\"name\":\"COEC exige medidas urgentes en el Mar Menor para salvar la temporada tur\\u00edstica\",\"previousItem\":{\"@type\":\"ListItem\",\"@id\":\"https:\\\/\\\/eldigitaldeasturias.com\\\/magazine365\\\/category\\\/noticias-actualidad\\\/#listItem\",\"name\":\"Noticias y Actualidad\"}}]},{\"@type\":\"Organization\",\"@id\":\"https:\\\/\\\/eldigitaldeasturias.com\\\/magazine365\\\/#organization\",\"name\":\"El digital de Asturias\",\"description\":\"Revista de ocio, turismo y estilo de vida\",\"url\":\"https:\\\/\\\/eldigitaldeasturias.com\\\/magazine365\\\/\",\"logo\":{\"@type\":\"ImageObject\",\"url\":\"https:\\\/\\\/www.eldigitaldeasturias.com\\\/noticias\\\/wp-content\\\/uploads\\\/2020\\\/12\\\/EDA.jpg\",\"@id\":\"https:\\\/\\\/eldigitaldeasturias.com\\\/magazine365\\\/coec-exige-medidas-urgentes-en-el-mar-menor-para-salvar-la-temporada-turistica\\\/#organizationLogo\"},\"image\":{\"@id\":\"https:\\\/\\\/eldigitaldeasturias.com\\\/magazine365\\\/coec-exige-medidas-urgentes-en-el-mar-menor-para-salvar-la-temporada-turistica\\\/#organizationLogo\"}},{\"@type\":\"Person\",\"@id\":\"https:\\\/\\\/eldigitaldeasturias.com\\\/magazine365\\\/author\\\/admin\\\/#author\",\"url\":\"https:\\\/\\\/eldigitaldeasturias.com\\\/magazine365\\\/author\\\/admin\\\/\",\"name\":\"admin\",\"image\":{\"@type\":\"ImageObject\",\"@id\":\"https:\\\/\\\/eldigitaldeasturias.com\\\/magazine365\\\/coec-exige-medidas-urgentes-en-el-mar-menor-para-salvar-la-temporada-turistica\\\/#authorImage\",\"url\":\"https:\\\/\\\/eldigitaldeasturias.com\\\/magazine365\\\/wp-content\\\/litespeed\\\/avatar\\\/e571bcf59a0edd6fa6838245a470f2fe.jpg?ver=1776969259\",\"width\":96,\"height\":96,\"caption\":\"admin\"}},{\"@type\":\"WebPage\",\"@id\":\"https:\\\/\\\/eldigitaldeasturias.com\\\/magazine365\\\/coec-exige-medidas-urgentes-en-el-mar-menor-para-salvar-la-temporada-turistica\\\/#webpage\",\"url\":\"https:\\\/\\\/eldigitaldeasturias.com\\\/magazine365\\\/coec-exige-medidas-urgentes-en-el-mar-menor-para-salvar-la-temporada-turistica\\\/\",\"name\":\"COEC exige medidas urgentes en el Mar Menor para salvar la temporada tur\\u00edstica | El Digital de Asturias\",\"description\":\"La Confederaci\\u00f3n Comarcal de Organizaciones Empresariales de Cartagena (COEC) ha exigido medidas urgentes en el Mar Menor para \\\"evitar que esta situaci\\u00f3n incida negativamente en la actividad tur\\u00edstica de esta temporada, as\\u00ed como en las explotaciones agrarias\\\". Para la Comarca de Cartagena, la agricultura y el turismo \\\"son dos de los principales motores econ\\u00f3micos de\",\"inLanguage\":\"es-ES\",\"isPartOf\":{\"@id\":\"https:\\\/\\\/eldigitaldeasturias.com\\\/magazine365\\\/#website\"},\"breadcrumb\":{\"@id\":\"https:\\\/\\\/eldigitaldeasturias.com\\\/magazine365\\\/coec-exige-medidas-urgentes-en-el-mar-menor-para-salvar-la-temporada-turistica\\\/#breadcrumblist\"},\"author\":{\"@id\":\"https:\\\/\\\/eldigitaldeasturias.com\\\/magazine365\\\/author\\\/admin\\\/#author\"},\"creator\":{\"@id\":\"https:\\\/\\\/eldigitaldeasturias.com\\\/magazine365\\\/author\\\/admin\\\/#author\"},\"image\":{\"@type\":\"ImageObject\",\"url\":\"https:\\\/\\\/eldigitaldeasturias.com\\\/magazine365\\\/wp-content\\\/uploads\\\/2016\\\/06\\\/fotonoticia_20160615161934_800.jpg\",\"@id\":\"https:\\\/\\\/eldigitaldeasturias.com\\\/magazine365\\\/coec-exige-medidas-urgentes-en-el-mar-menor-para-salvar-la-temporada-turistica\\\/#mainImage\",\"width\":800,\"height\":556},\"primaryImageOfPage\":{\"@id\":\"https:\\\/\\\/eldigitaldeasturias.com\\\/magazine365\\\/coec-exige-medidas-urgentes-en-el-mar-menor-para-salvar-la-temporada-turistica\\\/#mainImage\"},\"datePublished\":\"2016-06-15T19:20:41+02:00\",\"dateModified\":\"2016-06-15T19:20:41+02:00\"},{\"@type\":\"WebSite\",\"@id\":\"https:\\\/\\\/eldigitaldeasturias.com\\\/magazine365\\\/#website\",\"url\":\"https:\\\/\\\/eldigitaldeasturias.com\\\/magazine365\\\/\",\"name\":\"El Digital de Asturias\",\"description\":\"Revista de ocio, turismo y estilo de vida\",\"inLanguage\":\"es-ES\",\"publisher\":{\"@id\":\"https:\\\/\\\/eldigitaldeasturias.com\\\/magazine365\\\/#organization\"}}]}\n\t\t<\/script>\n\t\t<!-- All in One SEO Pro -->\r\n\t\t<title>COEC exige medidas urgentes en el Mar Menor para salvar la temporada tur\u00edstica | El Digital de Asturias<\/title>\n\n","aioseo_head_json":{"title":"COEC exige medidas urgentes en el Mar Menor para salvar la temporada tur\u00edstica | El Digital de Asturias","description":"La Confederaci\u00f3n Comarcal de Organizaciones Empresariales de Cartagena (COEC) ha exigido medidas urgentes en el Mar Menor para \"evitar que esta situaci\u00f3n incida negativamente en la actividad tur\u00edstica de esta temporada, as\u00ed como en las explotaciones agrarias\". Para la Comarca de Cartagena, la agricultura y el turismo \"son dos de los principales motores econ\u00f3micos de","canonical_url":"https:\/\/eldigitaldeasturias.com\/magazine365\/coec-exige-medidas-urgentes-en-el-mar-menor-para-salvar-la-temporada-turistica\/","robots":"max-image-preview:large","keywords":"noticias y actualidad","webmasterTools":{"google-site-verification":"UA-38556648-1","miscellaneous":""},"schema":{"@context":"https:\/\/schema.org","@graph":[{"@type":"Article","@id":"https:\/\/eldigitaldeasturias.com\/magazine365\/coec-exige-medidas-urgentes-en-el-mar-menor-para-salvar-la-temporada-turistica\/#article","name":"COEC exige medidas urgentes en el Mar Menor para salvar la temporada tur\u00edstica | El Digital de Asturias","headline":"COEC exige medidas urgentes en el Mar Menor para salvar la temporada tur\u00edstica","author":{"@id":"https:\/\/eldigitaldeasturias.com\/magazine365\/author\/admin\/#author"},"publisher":{"@id":"https:\/\/eldigitaldeasturias.com\/magazine365\/#organization"},"image":{"@type":"ImageObject","url":"https:\/\/eldigitaldeasturias.com\/magazine365\/wp-content\/uploads\/2016\/06\/fotonoticia_20160615161934_800.jpg","width":800,"height":556},"datePublished":"2016-06-15T19:20:41+02:00","dateModified":"2016-06-15T19:20:41+02:00","inLanguage":"es-ES","mainEntityOfPage":{"@id":"https:\/\/eldigitaldeasturias.com\/magazine365\/coec-exige-medidas-urgentes-en-el-mar-menor-para-salvar-la-temporada-turistica\/#webpage"},"isPartOf":{"@id":"https:\/\/eldigitaldeasturias.com\/magazine365\/coec-exige-medidas-urgentes-en-el-mar-menor-para-salvar-la-temporada-turistica\/#webpage"},"articleSection":"Noticias y Actualidad"},{"@type":"BreadcrumbList","@id":"https:\/\/eldigitaldeasturias.com\/magazine365\/coec-exige-medidas-urgentes-en-el-mar-menor-para-salvar-la-temporada-turistica\/#breadcrumblist","itemListElement":[{"@type":"ListItem","@id":"https:\/\/eldigitaldeasturias.com\/magazine365#listItem","position":1,"name":"Home","item":"https:\/\/eldigitaldeasturias.com\/magazine365","nextItem":{"@type":"ListItem","@id":"https:\/\/eldigitaldeasturias.com\/magazine365\/category\/noticias-actualidad\/#listItem","name":"Noticias y Actualidad"}},{"@type":"ListItem","@id":"https:\/\/eldigitaldeasturias.com\/magazine365\/category\/noticias-actualidad\/#listItem","position":2,"name":"Noticias y Actualidad","item":"https:\/\/eldigitaldeasturias.com\/magazine365\/category\/noticias-actualidad\/","nextItem":{"@type":"ListItem","@id":"https:\/\/eldigitaldeasturias.com\/magazine365\/coec-exige-medidas-urgentes-en-el-mar-menor-para-salvar-la-temporada-turistica\/#listItem","name":"COEC exige medidas urgentes en el Mar Menor para salvar la temporada tur\u00edstica"},"previousItem":{"@type":"ListItem","@id":"https:\/\/eldigitaldeasturias.com\/magazine365#listItem","name":"Home"}},{"@type":"ListItem","@id":"https:\/\/eldigitaldeasturias.com\/magazine365\/coec-exige-medidas-urgentes-en-el-mar-menor-para-salvar-la-temporada-turistica\/#listItem","position":3,"name":"COEC exige medidas urgentes en el Mar Menor para salvar la temporada tur\u00edstica","previousItem":{"@type":"ListItem","@id":"https:\/\/eldigitaldeasturias.com\/magazine365\/category\/noticias-actualidad\/#listItem","name":"Noticias y Actualidad"}}]},{"@type":"Organization","@id":"https:\/\/eldigitaldeasturias.com\/magazine365\/#organization","name":"El digital de Asturias","description":"Revista de ocio, turismo y estilo de vida","url":"https:\/\/eldigitaldeasturias.com\/magazine365\/","logo":{"@type":"ImageObject","url":"https:\/\/www.eldigitaldeasturias.com\/noticias\/wp-content\/uploads\/2020\/12\/EDA.jpg","@id":"https:\/\/eldigitaldeasturias.com\/magazine365\/coec-exige-medidas-urgentes-en-el-mar-menor-para-salvar-la-temporada-turistica\/#organizationLogo"},"image":{"@id":"https:\/\/eldigitaldeasturias.com\/magazine365\/coec-exige-medidas-urgentes-en-el-mar-menor-para-salvar-la-temporada-turistica\/#organizationLogo"}},{"@type":"Person","@id":"https:\/\/eldigitaldeasturias.com\/magazine365\/author\/admin\/#author","url":"https:\/\/eldigitaldeasturias.com\/magazine365\/author\/admin\/","name":"admin","image":{"@type":"ImageObject","@id":"https:\/\/eldigitaldeasturias.com\/magazine365\/coec-exige-medidas-urgentes-en-el-mar-menor-para-salvar-la-temporada-turistica\/#authorImage","url":"https:\/\/eldigitaldeasturias.com\/magazine365\/wp-content\/litespeed\/avatar\/e571bcf59a0edd6fa6838245a470f2fe.jpg?ver=1776969259","width":96,"height":96,"caption":"admin"}},{"@type":"WebPage","@id":"https:\/\/eldigitaldeasturias.com\/magazine365\/coec-exige-medidas-urgentes-en-el-mar-menor-para-salvar-la-temporada-turistica\/#webpage","url":"https:\/\/eldigitaldeasturias.com\/magazine365\/coec-exige-medidas-urgentes-en-el-mar-menor-para-salvar-la-temporada-turistica\/","name":"COEC exige medidas urgentes en el Mar Menor para salvar la temporada tur\u00edstica | El Digital de Asturias","description":"La Confederaci\u00f3n Comarcal de Organizaciones Empresariales de Cartagena (COEC) ha exigido medidas urgentes en el Mar Menor para \"evitar que esta situaci\u00f3n incida negativamente en la actividad tur\u00edstica de esta temporada, as\u00ed como en las explotaciones agrarias\". Para la Comarca de Cartagena, la agricultura y el turismo \"son dos de los principales motores econ\u00f3micos de","inLanguage":"es-ES","isPartOf":{"@id":"https:\/\/eldigitaldeasturias.com\/magazine365\/#website"},"breadcrumb":{"@id":"https:\/\/eldigitaldeasturias.com\/magazine365\/coec-exige-medidas-urgentes-en-el-mar-menor-para-salvar-la-temporada-turistica\/#breadcrumblist"},"author":{"@id":"https:\/\/eldigitaldeasturias.com\/magazine365\/author\/admin\/#author"},"creator":{"@id":"https:\/\/eldigitaldeasturias.com\/magazine365\/author\/admin\/#author"},"image":{"@type":"ImageObject","url":"https:\/\/eldigitaldeasturias.com\/magazine365\/wp-content\/uploads\/2016\/06\/fotonoticia_20160615161934_800.jpg","@id":"https:\/\/eldigitaldeasturias.com\/magazine365\/coec-exige-medidas-urgentes-en-el-mar-menor-para-salvar-la-temporada-turistica\/#mainImage","width":800,"height":556},"primaryImageOfPage":{"@id":"https:\/\/eldigitaldeasturias.com\/magazine365\/coec-exige-medidas-urgentes-en-el-mar-menor-para-salvar-la-temporada-turistica\/#mainImage"},"datePublished":"2016-06-15T19:20:41+02:00","dateModified":"2016-06-15T19:20:41+02:00"},{"@type":"WebSite","@id":"https:\/\/eldigitaldeasturias.com\/magazine365\/#website","url":"https:\/\/eldigitaldeasturias.com\/magazine365\/","name":"El Digital de Asturias","description":"Revista de ocio, turismo y estilo de vida","inLanguage":"es-ES","publisher":{"@id":"https:\/\/eldigitaldeasturias.com\/magazine365\/#organization"}}]},"og:locale":"es_ES","og:site_name":"El Digital de Asturias \u2013 Revista de ocio, turismo y estilo de vida","og:type":"article","og:title":"COEC exige medidas urgentes en el Mar Menor para salvar la temporada tur\u00edstica | El Digital de Asturias","og:description":"La Confederaci\u00f3n Comarcal de Organizaciones Empresariales de Cartagena (COEC) ha exigido medidas urgentes en el Mar Menor para &quot;evitar que esta situaci\u00f3n incida negativamente en la actividad tur\u00edstica de esta temporada, as\u00ed como en las explotaciones agrarias&quot;. Para la Comarca de Cartagena, la agricultura y el turismo &quot;son dos de los principales motores econ\u00f3micos de","og:url":"https:\/\/eldigitaldeasturias.com\/magazine365\/coec-exige-medidas-urgentes-en-el-mar-menor-para-salvar-la-temporada-turistica\/","og:image":"https:\/\/eldigitaldeasturias.com\/magazine365\/wp-content\/uploads\/2016\/06\/fotonoticia_20160615161934_800.jpg","og:image:secure_url":"https:\/\/eldigitaldeasturias.com\/magazine365\/wp-content\/uploads\/2016\/06\/fotonoticia_20160615161934_800.jpg","og:image:width":800,"og:image:height":556,"article:published_time":"2016-06-15T17:20:41+00:00","article:modified_time":"2016-06-15T17:20:41+00:00","twitter:card":"summary_large_image","twitter:title":"COEC exige medidas urgentes en el Mar Menor para salvar la temporada tur\u00edstica | El Digital de Asturias","twitter:description":"La Confederaci\u00f3n Comarcal de Organizaciones Empresariales de Cartagena (COEC) ha exigido medidas urgentes en el Mar Menor para &quot;evitar que esta situaci\u00f3n incida negativamente en la actividad tur\u00edstica de esta temporada, as\u00ed como en las explotaciones agrarias&quot;. Para la Comarca de Cartagena, la agricultura y el turismo &quot;son dos de los principales motores econ\u00f3micos de","twitter:image":"https:\/\/eldigitaldeasturias.com\/magazine365\/wp-content\/uploads\/2016\/06\/fotonoticia_20160615161934_800.jpg"},"aioseo_meta_data":{"post_id":"79481","title":null,"description":null,"keywords":null,"keyphrases":null,"primary_term":null,"canonical_url":null,"og_title":null,"og_description":null,"og_object_type":"default","og_image_type":"default","og_image_url":null,"og_image_width":null,"og_image_height":null,"og_image_custom_url":null,"og_image_custom_fields":null,"og_video":null,"og_custom_url":null,"og_article_section":null,"og_article_tags":null,"twitter_use_og":false,"twitter_card":"default","twitter_image_type":"default","twitter_image_url":null,"twitter_image_custom_url":null,"twitter_image_custom_fields":null,"twitter_title":null,"twitter_description":null,"schema":{"blockGraphs":[],"customGraphs":[],"default":{"data":{"Article":[],"Course":[],"Dataset":[],"FAQPage":[],"Movie":[],"Person":[],"Product":[],"ProductReview":[],"Car":[],"Recipe":[],"Service":[],"SoftwareApplication":[],"WebPage":[]},"graphName":"","isEnabled":true},"graphs":[],"defaultGraph":"","defaultPostTypeGraph":""},"schema_type":null,"schema_type_options":null,"pillar_content":false,"robots_default":true,"robots_noindex":false,"robots_noarchive":false,"robots_nosnippet":false,"robots_nofollow":false,"robots_noimageindex":false,"robots_noodp":false,"robots_notranslate":false,"robots_max_snippet":null,"robots_max_videopreview":null,"robots_max_imagepreview":"large","priority":null,"frequency":null,"location":null,"local_seo":null,"seo_analyzer_scan_date":"2025-09-27 19:00:29","breadcrumb_settings":null,"limit_modified_date":false,"open_ai":null,"ai":null,"created":"2021-03-08 17:48:08","updated":"2025-09-27 19:00:29"},"aioseo_breadcrumb":"<div class=\"aioseo-breadcrumbs\"><span class=\"aioseo-breadcrumb\">\n\t<a href=\"https:\/\/eldigitaldeasturias.com\/magazine365\" title=\"Home\">Home<\/a>\n<\/span><span class=\"aioseo-breadcrumb-separator\">\u2013<\/span><span class=\"aioseo-breadcrumb\">\n\t<a href=\"https:\/\/eldigitaldeasturias.com\/magazine365\/category\/noticias-actualidad\/\" title=\"Noticias y Actualidad\">Noticias y Actualidad<\/a>\n<\/span><span class=\"aioseo-breadcrumb-separator\">\u2013<\/span><span class=\"aioseo-breadcrumb\">\n\t<a href=\"https:\/\/eldigitaldeasturias.com\/magazine365\/coec-exige-medidas-urgentes-en-el-mar-menor-para-salvar-la-temporada-turistica\/\" title=\"COEC exige medidas urgentes en el Mar Menor para salvar la temporada tur\u00edstica\">COEC exige medidas urgentes en el Mar Menor para salvar la temporada tur\u00edstica<\/a>\n<\/span><\/div>","aioseo_breadcrumb_json":[{"label":"Home","link":"https:\/\/eldigitaldeasturias.com\/magazine365"},{"label":"Noticias y Actualidad","link":"https:\/\/eldigitaldeasturias.com\/magazine365\/category\/noticias-actualidad\/"},{"label":"COEC exige medidas urgentes en el Mar Menor para salvar la temporada tur\u00edstica","link":"https:\/\/eldigitaldeasturias.com\/magazine365\/coec-exige-medidas-urgentes-en-el-mar-menor-para-salvar-la-temporada-turistica\/"}],"_links":{"self":[{"href":"https:\/\/eldigitaldeasturias.com\/magazine365\/wp-json\/wp\/v2\/posts\/79481","targetHints":{"allow":["GET"]}}],"collection":[{"href":"https:\/\/eldigitaldeasturias.com\/magazine365\/wp-json\/wp\/v2\/posts"}],"about":[{"href":"https:\/\/eldigitaldeasturias.com\/magazine365\/wp-json\/wp\/v2\/types\/post"}],"author":[{"embeddable":true,"href":"https:\/\/eldigitaldeasturias.com\/magazine365\/wp-json\/wp\/v2\/users\/1"}],"replies":[{"embeddable":true,"href":"https:\/\/eldigitaldeasturias.com\/magazine365\/wp-json\/wp\/v2\/comments?post=79481"}],"version-history":[{"count":0,"href":"https:\/\/eldigitaldeasturias.com\/magazine365\/wp-json\/wp\/v2\/posts\/79481\/revisions"}],"wp:featuredmedia":[{"embeddable":true,"href":"https:\/\/eldigitaldeasturias.com\/magazine365\/wp-json\/wp\/v2\/media\/79482"}],"wp:attachment":[{"href":"https:\/\/eldigitaldeasturias.com\/magazine365\/wp-json\/wp\/v2\/media?parent=79481"}],"wp:term":[{"taxonomy":"category","embeddable":true,"href":"https:\/\/eldigitaldeasturias.com\/magazine365\/wp-json\/wp\/v2\/categories?post=79481"},{"taxonomy":"post_tag","embeddable":true,"href":"https:\/\/eldigitaldeasturias.com\/magazine365\/wp-json\/wp\/v2\/tags?post=79481"}],"curies":[{"name":"wp","href":"https:\/\/api.w.org\/{rel}","templated":true}]}}