{"id":79469,"date":"2016-06-15T19:15:38","date_gmt":"2016-06-15T17:15:38","guid":{"rendered":"http:\/\/eldigitaldeasturias.com\/magazine365\/?p=79469"},"modified":"2016-06-15T19:15:38","modified_gmt":"2016-06-15T17:15:38","slug":"cultura-inicia-los-tramites-para-declarar-a-las-tapas-como-patrimonio-cultural-inmaterial","status":"publish","type":"post","link":"https:\/\/eldigitaldeasturias.com\/magazine365\/cultura-inicia-los-tramites-para-declarar-a-las-tapas-como-patrimonio-cultural-inmaterial\/","title":{"rendered":"Cultura inicia los tr\u00e1mites para declarar a las tapas como Patrimonio Cultural Inmaterial"},"content":{"rendered":"<p><img fetchpriority=\"high\" decoding=\"async\" class=\"alignleft size-medium wp-image-79470\" src=\"https:\/\/eldigitaldeasturias.com\/magazine365\/wp-content\/uploads\/2016\/06\/fotonoticia_20160615154226_800-360x240.jpg\" alt=\"fotonoticia_20160615154226_800\" width=\"360\" height=\"240\" srcset=\"https:\/\/eldigitaldeasturias.com\/magazine365\/wp-content\/uploads\/2016\/06\/fotonoticia_20160615154226_800-360x240.jpg 360w, https:\/\/eldigitaldeasturias.com\/magazine365\/wp-content\/uploads\/2016\/06\/fotonoticia_20160615154226_800-650x433.jpg 650w, https:\/\/eldigitaldeasturias.com\/magazine365\/wp-content\/uploads\/2016\/06\/fotonoticia_20160615154226_800-768x512.jpg 768w, https:\/\/eldigitaldeasturias.com\/magazine365\/wp-content\/uploads\/2016\/06\/fotonoticia_20160615154226_800-150x100.jpg 150w, https:\/\/eldigitaldeasturias.com\/magazine365\/wp-content\/uploads\/2016\/06\/fotonoticia_20160615154226_800-450x300.jpg 450w, https:\/\/eldigitaldeasturias.com\/magazine365\/wp-content\/uploads\/2016\/06\/fotonoticia_20160615154226_800-101x66.jpg 101w, https:\/\/eldigitaldeasturias.com\/magazine365\/wp-content\/uploads\/2016\/06\/fotonoticia_20160615154226_800.jpg 800w\" sizes=\"(max-width: 360px) 100vw, 360px\" \/>El Ministerio de Educaci\u00f3n, Cultura y Deporte ha iniciado los tr\u00e1mites para declarar las Tapas Patrimonio Cultural Inmaterial, coincidiendo con la celebraci\u00f3n del D\u00eda Mundial de la Tapa, que tendr\u00e1 lugar este jueves 16 de junio, seg\u00fan ha informado este mi\u00e9rcoles en un comunicado.<\/p>\n<p>Esta declaraci\u00f3n se fundamenta en la Ley 10\/2015, de 26 de mayo, para la salvaguardia del Patrimonio Cultural Inmaterial, por la cual la Administraci\u00f3n General del Estado tiene competencias para declarar un bien Manifestaci\u00f3n Representativa del Patrimonio Cultural Inmaterial, la m\u00e1xima categor\u00eda de protecci\u00f3n que le puede otorgar el Estado a este tipo de patrimonio.<\/p>\n<p>En primer lugar, el Ministerio de Educaci\u00f3n, Cultura y Deporte elaborar\u00e1 un informe que dirigir\u00e1 al Consejo del Patrimonio Hist\u00f3rico y, a partir de ah\u00ed, se abrir\u00e1 un periodo de informaci\u00f3n p\u00fablica, al que seguir\u00e1 un tr\u00e1mite de audiencia a las comunidades portadoras del bien, a los titulares de derechos reales sobre los bienes muebles e inmuebles asociados a la manifestaci\u00f3n representativa del Patrimonio Cultural Inmaterial, y a las administraciones auton\u00f3micas y locales del territorio en el que la manifestaci\u00f3n tiene lugar.<\/p>\n<p>El procedimiento culmina con la aprobaci\u00f3n de la declaraci\u00f3n por Real Decreto del Consejo de Ministros y el plazo m\u00e1ximo para resolver y notificar la resoluci\u00f3n ser\u00e1 de un a\u00f1o.<\/p>\n<p>La declaraci\u00f3n de las manifestaciones representativas del Patrimonio Cultural Inmaterial generar\u00e1 la obligaci\u00f3n de su inscripci\u00f3n en el Inventario General de Patrimonio Cultural Inmaterial.<\/p>\n<h2 class=\"ladillo\">TRES EXPEDIENTES EN CURSO<\/h2>\n<p>Actualmente se encuentran en curso tres expedientes de declaraci\u00f3n como manifestaciones representativas del Patrimonio Cultural Inmaterial: la Trashumancia, la Semana Santa y el Carnaval.<\/p>\n<p>Esta propuesta parte de la iniciativa que la Real Academia de la Gastronom\u00eda traslad\u00f3 hace unos meses al ministro \u00cd\u00f1igo M\u00e9ndez de Vigo, al considerar la tapa \u00abuna se\u00f1a de identidad de Espa\u00f1a\u00bb que \u00abha trascendido las fronteras\u00bb espa\u00f1olas, y que se ha convertido en una \u00abembajadora destacada\u00bb de la Gastronom\u00eda espa\u00f1ola y de la Marca Espa\u00f1a.<\/p>\n<p>M\u00e9ndez de Vigo avanz\u00f3 esta idea el pasado 31 de mayo a la directora general de la Unesco, Irina Bokova, durante la celebraci\u00f3n de un desayuno informativo. Seg\u00fan explic\u00f3 en aquel momento, las tapas vienen de \u00abuna esfera localista\u00bb, pero actualmente \u00abse han convertido en algo que pertenece al idioma universal\u00bb. \u00abUno va a cualquier parte del mundo, pide tapas e inmediatamente sabe lo que recibe\u00bb, indic\u00f3 el ministro.<\/p>\n","protected":false},"excerpt":{"rendered":"<p>El Ministerio de Educaci\u00f3n, Cultura y Deporte ha iniciado los tr\u00e1mites para declarar las Tapas Patrimonio Cultural Inmaterial, coincidiendo con la celebraci\u00f3n del D\u00eda Mundial de la Tapa, que tendr\u00e1 lugar este jueves 16 de junio, seg\u00fan ha informado este mi\u00e9rcoles en un comunicado. Esta declaraci\u00f3n se fundamenta en la Ley 10\/2015, de 26 de<\/p>\n","protected":false},"author":1,"featured_media":79470,"comment_status":"open","ping_status":"closed","sticky":false,"template":"","format":"standard","meta":{"footnotes":""},"categories":[224],"tags":[],"class_list":{"0":"post-79469","1":"post","2":"type-post","3":"status-publish","4":"format-standard","5":"has-post-thumbnail","7":"category-noticias-actualidad"},"aioseo_notices":[],"aioseo_head":"\n\t\t<!-- All in One SEO Pro 4.9.6.1 - aioseo.com -->\n\t<meta name=\"description\" content=\"El Ministerio de Educaci\u00f3n, Cultura y Deporte ha iniciado los tr\u00e1mites para declarar las Tapas Patrimonio Cultural Inmaterial, coincidiendo con la celebraci\u00f3n del D\u00eda Mundial de la Tapa, que tendr\u00e1 lugar este jueves 16 de junio, seg\u00fan ha informado este mi\u00e9rcoles en un comunicado. Esta declaraci\u00f3n se fundamenta en la Ley 10\/2015, de 26 de\" \/>\n\t<meta name=\"robots\" content=\"max-image-preview:large\" \/>\n\t<meta name=\"author\" content=\"admin\"\/>\n\t<meta name=\"google-site-verification\" content=\"UA-38556648-1\" \/>\n\t<meta name=\"keywords\" content=\"noticias y actualidad\" \/>\n\t<link rel=\"canonical\" href=\"https:\/\/eldigitaldeasturias.com\/magazine365\/cultura-inicia-los-tramites-para-declarar-a-las-tapas-como-patrimonio-cultural-inmaterial\/\" \/>\n\t<meta name=\"generator\" content=\"All in One SEO Pro (AIOSEO) 4.9.6.1\" \/>\n\t\t<meta property=\"og:locale\" content=\"es_ES\" \/>\n\t\t<meta property=\"og:site_name\" content=\"El Digital de Asturias \u2013 Revista de ocio, turismo y estilo de vida\" \/>\n\t\t<meta property=\"og:type\" content=\"article\" \/>\n\t\t<meta property=\"og:title\" content=\"Cultura inicia los tr\u00e1mites para declarar a las tapas como Patrimonio Cultural Inmaterial | El Digital de Asturias\" \/>\n\t\t<meta property=\"og:description\" content=\"El Ministerio de Educaci\u00f3n, Cultura y Deporte ha iniciado los tr\u00e1mites para declarar las Tapas Patrimonio Cultural Inmaterial, coincidiendo con la celebraci\u00f3n del D\u00eda Mundial de la Tapa, que tendr\u00e1 lugar este jueves 16 de junio, seg\u00fan ha informado este mi\u00e9rcoles en un comunicado. Esta declaraci\u00f3n se fundamenta en la Ley 10\/2015, de 26 de\" \/>\n\t\t<meta property=\"og:url\" content=\"https:\/\/eldigitaldeasturias.com\/magazine365\/cultura-inicia-los-tramites-para-declarar-a-las-tapas-como-patrimonio-cultural-inmaterial\/\" \/>\n\t\t<meta property=\"og:image\" content=\"https:\/\/eldigitaldeasturias.com\/magazine365\/wp-content\/uploads\/2016\/06\/fotonoticia_20160615154226_800.jpg\" \/>\n\t\t<meta property=\"og:image:secure_url\" content=\"https:\/\/eldigitaldeasturias.com\/magazine365\/wp-content\/uploads\/2016\/06\/fotonoticia_20160615154226_800.jpg\" \/>\n\t\t<meta property=\"og:image:width\" content=\"800\" \/>\n\t\t<meta property=\"og:image:height\" content=\"533\" \/>\n\t\t<meta property=\"article:published_time\" content=\"2016-06-15T17:15:38+00:00\" \/>\n\t\t<meta property=\"article:modified_time\" content=\"2016-06-15T17:15:38+00:00\" \/>\n\t\t<meta name=\"twitter:card\" content=\"summary_large_image\" \/>\n\t\t<meta name=\"twitter:title\" content=\"Cultura inicia los tr\u00e1mites para declarar a las tapas como Patrimonio Cultural Inmaterial | El Digital de Asturias\" \/>\n\t\t<meta name=\"twitter:description\" content=\"El Ministerio de Educaci\u00f3n, Cultura y Deporte ha iniciado los tr\u00e1mites para declarar las Tapas Patrimonio Cultural Inmaterial, coincidiendo con la celebraci\u00f3n del D\u00eda Mundial de la Tapa, que tendr\u00e1 lugar este jueves 16 de junio, seg\u00fan ha informado este mi\u00e9rcoles en un comunicado. Esta declaraci\u00f3n se fundamenta en la Ley 10\/2015, de 26 de\" \/>\n\t\t<meta name=\"twitter:image\" content=\"https:\/\/eldigitaldeasturias.com\/magazine365\/wp-content\/uploads\/2016\/06\/fotonoticia_20160615154226_800.jpg\" \/>\n\t\t<script type=\"application\/ld+json\" class=\"aioseo-schema\">\n\t\t\t{\"@context\":\"https:\\\/\\\/schema.org\",\"@graph\":[{\"@type\":\"Article\",\"@id\":\"https:\\\/\\\/eldigitaldeasturias.com\\\/magazine365\\\/cultura-inicia-los-tramites-para-declarar-a-las-tapas-como-patrimonio-cultural-inmaterial\\\/#article\",\"name\":\"Cultura inicia los tr\\u00e1mites para declarar a las tapas como Patrimonio Cultural Inmaterial | El Digital de Asturias\",\"headline\":\"Cultura inicia los tr\\u00e1mites para declarar a las tapas como Patrimonio Cultural Inmaterial\",\"author\":{\"@id\":\"https:\\\/\\\/eldigitaldeasturias.com\\\/magazine365\\\/author\\\/admin\\\/#author\"},\"publisher\":{\"@id\":\"https:\\\/\\\/eldigitaldeasturias.com\\\/magazine365\\\/#organization\"},\"image\":{\"@type\":\"ImageObject\",\"url\":\"https:\\\/\\\/eldigitaldeasturias.com\\\/magazine365\\\/wp-content\\\/uploads\\\/2016\\\/06\\\/fotonoticia_20160615154226_800.jpg\",\"width\":800,\"height\":533},\"datePublished\":\"2016-06-15T19:15:38+02:00\",\"dateModified\":\"2016-06-15T19:15:38+02:00\",\"inLanguage\":\"es-ES\",\"mainEntityOfPage\":{\"@id\":\"https:\\\/\\\/eldigitaldeasturias.com\\\/magazine365\\\/cultura-inicia-los-tramites-para-declarar-a-las-tapas-como-patrimonio-cultural-inmaterial\\\/#webpage\"},\"isPartOf\":{\"@id\":\"https:\\\/\\\/eldigitaldeasturias.com\\\/magazine365\\\/cultura-inicia-los-tramites-para-declarar-a-las-tapas-como-patrimonio-cultural-inmaterial\\\/#webpage\"},\"articleSection\":\"Noticias y Actualidad\"},{\"@type\":\"BreadcrumbList\",\"@id\":\"https:\\\/\\\/eldigitaldeasturias.com\\\/magazine365\\\/cultura-inicia-los-tramites-para-declarar-a-las-tapas-como-patrimonio-cultural-inmaterial\\\/#breadcrumblist\",\"itemListElement\":[{\"@type\":\"ListItem\",\"@id\":\"https:\\\/\\\/eldigitaldeasturias.com\\\/magazine365#listItem\",\"position\":1,\"name\":\"Home\",\"item\":\"https:\\\/\\\/eldigitaldeasturias.com\\\/magazine365\",\"nextItem\":{\"@type\":\"ListItem\",\"@id\":\"https:\\\/\\\/eldigitaldeasturias.com\\\/magazine365\\\/category\\\/noticias-actualidad\\\/#listItem\",\"name\":\"Noticias y Actualidad\"}},{\"@type\":\"ListItem\",\"@id\":\"https:\\\/\\\/eldigitaldeasturias.com\\\/magazine365\\\/category\\\/noticias-actualidad\\\/#listItem\",\"position\":2,\"name\":\"Noticias y Actualidad\",\"item\":\"https:\\\/\\\/eldigitaldeasturias.com\\\/magazine365\\\/category\\\/noticias-actualidad\\\/\",\"nextItem\":{\"@type\":\"ListItem\",\"@id\":\"https:\\\/\\\/eldigitaldeasturias.com\\\/magazine365\\\/cultura-inicia-los-tramites-para-declarar-a-las-tapas-como-patrimonio-cultural-inmaterial\\\/#listItem\",\"name\":\"Cultura inicia los tr\\u00e1mites para declarar a las tapas como Patrimonio Cultural Inmaterial\"},\"previousItem\":{\"@type\":\"ListItem\",\"@id\":\"https:\\\/\\\/eldigitaldeasturias.com\\\/magazine365#listItem\",\"name\":\"Home\"}},{\"@type\":\"ListItem\",\"@id\":\"https:\\\/\\\/eldigitaldeasturias.com\\\/magazine365\\\/cultura-inicia-los-tramites-para-declarar-a-las-tapas-como-patrimonio-cultural-inmaterial\\\/#listItem\",\"position\":3,\"name\":\"Cultura inicia los tr\\u00e1mites para declarar a las tapas como Patrimonio Cultural Inmaterial\",\"previousItem\":{\"@type\":\"ListItem\",\"@id\":\"https:\\\/\\\/eldigitaldeasturias.com\\\/magazine365\\\/category\\\/noticias-actualidad\\\/#listItem\",\"name\":\"Noticias y Actualidad\"}}]},{\"@type\":\"Organization\",\"@id\":\"https:\\\/\\\/eldigitaldeasturias.com\\\/magazine365\\\/#organization\",\"name\":\"El digital de Asturias\",\"description\":\"Revista de ocio, turismo y estilo de vida\",\"url\":\"https:\\\/\\\/eldigitaldeasturias.com\\\/magazine365\\\/\",\"logo\":{\"@type\":\"ImageObject\",\"url\":\"https:\\\/\\\/www.eldigitaldeasturias.com\\\/noticias\\\/wp-content\\\/uploads\\\/2020\\\/12\\\/EDA.jpg\",\"@id\":\"https:\\\/\\\/eldigitaldeasturias.com\\\/magazine365\\\/cultura-inicia-los-tramites-para-declarar-a-las-tapas-como-patrimonio-cultural-inmaterial\\\/#organizationLogo\"},\"image\":{\"@id\":\"https:\\\/\\\/eldigitaldeasturias.com\\\/magazine365\\\/cultura-inicia-los-tramites-para-declarar-a-las-tapas-como-patrimonio-cultural-inmaterial\\\/#organizationLogo\"}},{\"@type\":\"Person\",\"@id\":\"https:\\\/\\\/eldigitaldeasturias.com\\\/magazine365\\\/author\\\/admin\\\/#author\",\"url\":\"https:\\\/\\\/eldigitaldeasturias.com\\\/magazine365\\\/author\\\/admin\\\/\",\"name\":\"admin\",\"image\":{\"@type\":\"ImageObject\",\"@id\":\"https:\\\/\\\/eldigitaldeasturias.com\\\/magazine365\\\/cultura-inicia-los-tramites-para-declarar-a-las-tapas-como-patrimonio-cultural-inmaterial\\\/#authorImage\",\"url\":\"https:\\\/\\\/eldigitaldeasturias.com\\\/magazine365\\\/wp-content\\\/litespeed\\\/avatar\\\/e571bcf59a0edd6fa6838245a470f2fe.jpg?ver=1776969259\",\"width\":96,\"height\":96,\"caption\":\"admin\"}},{\"@type\":\"WebPage\",\"@id\":\"https:\\\/\\\/eldigitaldeasturias.com\\\/magazine365\\\/cultura-inicia-los-tramites-para-declarar-a-las-tapas-como-patrimonio-cultural-inmaterial\\\/#webpage\",\"url\":\"https:\\\/\\\/eldigitaldeasturias.com\\\/magazine365\\\/cultura-inicia-los-tramites-para-declarar-a-las-tapas-como-patrimonio-cultural-inmaterial\\\/\",\"name\":\"Cultura inicia los tr\\u00e1mites para declarar a las tapas como Patrimonio Cultural Inmaterial | El Digital de Asturias\",\"description\":\"El Ministerio de Educaci\\u00f3n, Cultura y Deporte ha iniciado los tr\\u00e1mites para declarar las Tapas Patrimonio Cultural Inmaterial, coincidiendo con la celebraci\\u00f3n del D\\u00eda Mundial de la Tapa, que tendr\\u00e1 lugar este jueves 16 de junio, seg\\u00fan ha informado este mi\\u00e9rcoles en un comunicado. Esta declaraci\\u00f3n se fundamenta en la Ley 10\\\/2015, de 26 de\",\"inLanguage\":\"es-ES\",\"isPartOf\":{\"@id\":\"https:\\\/\\\/eldigitaldeasturias.com\\\/magazine365\\\/#website\"},\"breadcrumb\":{\"@id\":\"https:\\\/\\\/eldigitaldeasturias.com\\\/magazine365\\\/cultura-inicia-los-tramites-para-declarar-a-las-tapas-como-patrimonio-cultural-inmaterial\\\/#breadcrumblist\"},\"author\":{\"@id\":\"https:\\\/\\\/eldigitaldeasturias.com\\\/magazine365\\\/author\\\/admin\\\/#author\"},\"creator\":{\"@id\":\"https:\\\/\\\/eldigitaldeasturias.com\\\/magazine365\\\/author\\\/admin\\\/#author\"},\"image\":{\"@type\":\"ImageObject\",\"url\":\"https:\\\/\\\/eldigitaldeasturias.com\\\/magazine365\\\/wp-content\\\/uploads\\\/2016\\\/06\\\/fotonoticia_20160615154226_800.jpg\",\"@id\":\"https:\\\/\\\/eldigitaldeasturias.com\\\/magazine365\\\/cultura-inicia-los-tramites-para-declarar-a-las-tapas-como-patrimonio-cultural-inmaterial\\\/#mainImage\",\"width\":800,\"height\":533},\"primaryImageOfPage\":{\"@id\":\"https:\\\/\\\/eldigitaldeasturias.com\\\/magazine365\\\/cultura-inicia-los-tramites-para-declarar-a-las-tapas-como-patrimonio-cultural-inmaterial\\\/#mainImage\"},\"datePublished\":\"2016-06-15T19:15:38+02:00\",\"dateModified\":\"2016-06-15T19:15:38+02:00\"},{\"@type\":\"WebSite\",\"@id\":\"https:\\\/\\\/eldigitaldeasturias.com\\\/magazine365\\\/#website\",\"url\":\"https:\\\/\\\/eldigitaldeasturias.com\\\/magazine365\\\/\",\"name\":\"El Digital de Asturias\",\"description\":\"Revista de ocio, turismo y estilo de vida\",\"inLanguage\":\"es-ES\",\"publisher\":{\"@id\":\"https:\\\/\\\/eldigitaldeasturias.com\\\/magazine365\\\/#organization\"}}]}\n\t\t<\/script>\n\t\t<!-- All in One SEO Pro -->\r\n\t\t<title>Cultura inicia los tr\u00e1mites para declarar a las tapas como Patrimonio Cultural Inmaterial | El Digital de Asturias<\/title>\n\n","aioseo_head_json":{"title":"Cultura inicia los tr\u00e1mites para declarar a las tapas como Patrimonio Cultural Inmaterial | El Digital de Asturias","description":"El Ministerio de Educaci\u00f3n, Cultura y Deporte ha iniciado los tr\u00e1mites para declarar las Tapas Patrimonio Cultural Inmaterial, coincidiendo con la celebraci\u00f3n del D\u00eda Mundial de la Tapa, que tendr\u00e1 lugar este jueves 16 de junio, seg\u00fan ha informado este mi\u00e9rcoles en un comunicado. Esta declaraci\u00f3n se fundamenta en la Ley 10\/2015, de 26 de","canonical_url":"https:\/\/eldigitaldeasturias.com\/magazine365\/cultura-inicia-los-tramites-para-declarar-a-las-tapas-como-patrimonio-cultural-inmaterial\/","robots":"max-image-preview:large","keywords":"noticias y actualidad","webmasterTools":{"google-site-verification":"UA-38556648-1","miscellaneous":""},"schema":{"@context":"https:\/\/schema.org","@graph":[{"@type":"Article","@id":"https:\/\/eldigitaldeasturias.com\/magazine365\/cultura-inicia-los-tramites-para-declarar-a-las-tapas-como-patrimonio-cultural-inmaterial\/#article","name":"Cultura inicia los tr\u00e1mites para declarar a las tapas como Patrimonio Cultural Inmaterial | El Digital de Asturias","headline":"Cultura inicia los tr\u00e1mites para declarar a las tapas como Patrimonio Cultural Inmaterial","author":{"@id":"https:\/\/eldigitaldeasturias.com\/magazine365\/author\/admin\/#author"},"publisher":{"@id":"https:\/\/eldigitaldeasturias.com\/magazine365\/#organization"},"image":{"@type":"ImageObject","url":"https:\/\/eldigitaldeasturias.com\/magazine365\/wp-content\/uploads\/2016\/06\/fotonoticia_20160615154226_800.jpg","width":800,"height":533},"datePublished":"2016-06-15T19:15:38+02:00","dateModified":"2016-06-15T19:15:38+02:00","inLanguage":"es-ES","mainEntityOfPage":{"@id":"https:\/\/eldigitaldeasturias.com\/magazine365\/cultura-inicia-los-tramites-para-declarar-a-las-tapas-como-patrimonio-cultural-inmaterial\/#webpage"},"isPartOf":{"@id":"https:\/\/eldigitaldeasturias.com\/magazine365\/cultura-inicia-los-tramites-para-declarar-a-las-tapas-como-patrimonio-cultural-inmaterial\/#webpage"},"articleSection":"Noticias y Actualidad"},{"@type":"BreadcrumbList","@id":"https:\/\/eldigitaldeasturias.com\/magazine365\/cultura-inicia-los-tramites-para-declarar-a-las-tapas-como-patrimonio-cultural-inmaterial\/#breadcrumblist","itemListElement":[{"@type":"ListItem","@id":"https:\/\/eldigitaldeasturias.com\/magazine365#listItem","position":1,"name":"Home","item":"https:\/\/eldigitaldeasturias.com\/magazine365","nextItem":{"@type":"ListItem","@id":"https:\/\/eldigitaldeasturias.com\/magazine365\/category\/noticias-actualidad\/#listItem","name":"Noticias y Actualidad"}},{"@type":"ListItem","@id":"https:\/\/eldigitaldeasturias.com\/magazine365\/category\/noticias-actualidad\/#listItem","position":2,"name":"Noticias y Actualidad","item":"https:\/\/eldigitaldeasturias.com\/magazine365\/category\/noticias-actualidad\/","nextItem":{"@type":"ListItem","@id":"https:\/\/eldigitaldeasturias.com\/magazine365\/cultura-inicia-los-tramites-para-declarar-a-las-tapas-como-patrimonio-cultural-inmaterial\/#listItem","name":"Cultura inicia los tr\u00e1mites para declarar a las tapas como Patrimonio Cultural Inmaterial"},"previousItem":{"@type":"ListItem","@id":"https:\/\/eldigitaldeasturias.com\/magazine365#listItem","name":"Home"}},{"@type":"ListItem","@id":"https:\/\/eldigitaldeasturias.com\/magazine365\/cultura-inicia-los-tramites-para-declarar-a-las-tapas-como-patrimonio-cultural-inmaterial\/#listItem","position":3,"name":"Cultura inicia los tr\u00e1mites para declarar a las tapas como Patrimonio Cultural Inmaterial","previousItem":{"@type":"ListItem","@id":"https:\/\/eldigitaldeasturias.com\/magazine365\/category\/noticias-actualidad\/#listItem","name":"Noticias y Actualidad"}}]},{"@type":"Organization","@id":"https:\/\/eldigitaldeasturias.com\/magazine365\/#organization","name":"El digital de Asturias","description":"Revista de ocio, turismo y estilo de vida","url":"https:\/\/eldigitaldeasturias.com\/magazine365\/","logo":{"@type":"ImageObject","url":"https:\/\/www.eldigitaldeasturias.com\/noticias\/wp-content\/uploads\/2020\/12\/EDA.jpg","@id":"https:\/\/eldigitaldeasturias.com\/magazine365\/cultura-inicia-los-tramites-para-declarar-a-las-tapas-como-patrimonio-cultural-inmaterial\/#organizationLogo"},"image":{"@id":"https:\/\/eldigitaldeasturias.com\/magazine365\/cultura-inicia-los-tramites-para-declarar-a-las-tapas-como-patrimonio-cultural-inmaterial\/#organizationLogo"}},{"@type":"Person","@id":"https:\/\/eldigitaldeasturias.com\/magazine365\/author\/admin\/#author","url":"https:\/\/eldigitaldeasturias.com\/magazine365\/author\/admin\/","name":"admin","image":{"@type":"ImageObject","@id":"https:\/\/eldigitaldeasturias.com\/magazine365\/cultura-inicia-los-tramites-para-declarar-a-las-tapas-como-patrimonio-cultural-inmaterial\/#authorImage","url":"https:\/\/eldigitaldeasturias.com\/magazine365\/wp-content\/litespeed\/avatar\/e571bcf59a0edd6fa6838245a470f2fe.jpg?ver=1776969259","width":96,"height":96,"caption":"admin"}},{"@type":"WebPage","@id":"https:\/\/eldigitaldeasturias.com\/magazine365\/cultura-inicia-los-tramites-para-declarar-a-las-tapas-como-patrimonio-cultural-inmaterial\/#webpage","url":"https:\/\/eldigitaldeasturias.com\/magazine365\/cultura-inicia-los-tramites-para-declarar-a-las-tapas-como-patrimonio-cultural-inmaterial\/","name":"Cultura inicia los tr\u00e1mites para declarar a las tapas como Patrimonio Cultural Inmaterial | El Digital de Asturias","description":"El Ministerio de Educaci\u00f3n, Cultura y Deporte ha iniciado los tr\u00e1mites para declarar las Tapas Patrimonio Cultural Inmaterial, coincidiendo con la celebraci\u00f3n del D\u00eda Mundial de la Tapa, que tendr\u00e1 lugar este jueves 16 de junio, seg\u00fan ha informado este mi\u00e9rcoles en un comunicado. Esta declaraci\u00f3n se fundamenta en la Ley 10\/2015, de 26 de","inLanguage":"es-ES","isPartOf":{"@id":"https:\/\/eldigitaldeasturias.com\/magazine365\/#website"},"breadcrumb":{"@id":"https:\/\/eldigitaldeasturias.com\/magazine365\/cultura-inicia-los-tramites-para-declarar-a-las-tapas-como-patrimonio-cultural-inmaterial\/#breadcrumblist"},"author":{"@id":"https:\/\/eldigitaldeasturias.com\/magazine365\/author\/admin\/#author"},"creator":{"@id":"https:\/\/eldigitaldeasturias.com\/magazine365\/author\/admin\/#author"},"image":{"@type":"ImageObject","url":"https:\/\/eldigitaldeasturias.com\/magazine365\/wp-content\/uploads\/2016\/06\/fotonoticia_20160615154226_800.jpg","@id":"https:\/\/eldigitaldeasturias.com\/magazine365\/cultura-inicia-los-tramites-para-declarar-a-las-tapas-como-patrimonio-cultural-inmaterial\/#mainImage","width":800,"height":533},"primaryImageOfPage":{"@id":"https:\/\/eldigitaldeasturias.com\/magazine365\/cultura-inicia-los-tramites-para-declarar-a-las-tapas-como-patrimonio-cultural-inmaterial\/#mainImage"},"datePublished":"2016-06-15T19:15:38+02:00","dateModified":"2016-06-15T19:15:38+02:00"},{"@type":"WebSite","@id":"https:\/\/eldigitaldeasturias.com\/magazine365\/#website","url":"https:\/\/eldigitaldeasturias.com\/magazine365\/","name":"El Digital de Asturias","description":"Revista de ocio, turismo y estilo de vida","inLanguage":"es-ES","publisher":{"@id":"https:\/\/eldigitaldeasturias.com\/magazine365\/#organization"}}]},"og:locale":"es_ES","og:site_name":"El Digital de Asturias \u2013 Revista de ocio, turismo y estilo de vida","og:type":"article","og:title":"Cultura inicia los tr\u00e1mites para declarar a las tapas como Patrimonio Cultural Inmaterial | El Digital de Asturias","og:description":"El Ministerio de Educaci\u00f3n, Cultura y Deporte ha iniciado los tr\u00e1mites para declarar las Tapas Patrimonio Cultural Inmaterial, coincidiendo con la celebraci\u00f3n del D\u00eda Mundial de la Tapa, que tendr\u00e1 lugar este jueves 16 de junio, seg\u00fan ha informado este mi\u00e9rcoles en un comunicado. Esta declaraci\u00f3n se fundamenta en la Ley 10\/2015, de 26 de","og:url":"https:\/\/eldigitaldeasturias.com\/magazine365\/cultura-inicia-los-tramites-para-declarar-a-las-tapas-como-patrimonio-cultural-inmaterial\/","og:image":"https:\/\/eldigitaldeasturias.com\/magazine365\/wp-content\/uploads\/2016\/06\/fotonoticia_20160615154226_800.jpg","og:image:secure_url":"https:\/\/eldigitaldeasturias.com\/magazine365\/wp-content\/uploads\/2016\/06\/fotonoticia_20160615154226_800.jpg","og:image:width":800,"og:image:height":533,"article:published_time":"2016-06-15T17:15:38+00:00","article:modified_time":"2016-06-15T17:15:38+00:00","twitter:card":"summary_large_image","twitter:title":"Cultura inicia los tr\u00e1mites para declarar a las tapas como Patrimonio Cultural Inmaterial | El Digital de Asturias","twitter:description":"El Ministerio de Educaci\u00f3n, Cultura y Deporte ha iniciado los tr\u00e1mites para declarar las Tapas Patrimonio Cultural Inmaterial, coincidiendo con la celebraci\u00f3n del D\u00eda Mundial de la Tapa, que tendr\u00e1 lugar este jueves 16 de junio, seg\u00fan ha informado este mi\u00e9rcoles en un comunicado. Esta declaraci\u00f3n se fundamenta en la Ley 10\/2015, de 26 de","twitter:image":"https:\/\/eldigitaldeasturias.com\/magazine365\/wp-content\/uploads\/2016\/06\/fotonoticia_20160615154226_800.jpg"},"aioseo_meta_data":{"post_id":"79469","title":null,"description":null,"keywords":null,"keyphrases":null,"primary_term":null,"canonical_url":null,"og_title":null,"og_description":null,"og_object_type":"default","og_image_type":"default","og_image_url":null,"og_image_width":null,"og_image_height":null,"og_image_custom_url":null,"og_image_custom_fields":null,"og_video":null,"og_custom_url":null,"og_article_section":null,"og_article_tags":null,"twitter_use_og":false,"twitter_card":"default","twitter_image_type":"default","twitter_image_url":null,"twitter_image_custom_url":null,"twitter_image_custom_fields":null,"twitter_title":null,"twitter_description":null,"schema":{"blockGraphs":[],"customGraphs":[],"default":{"data":{"Article":[],"Course":[],"Dataset":[],"FAQPage":[],"Movie":[],"Person":[],"Product":[],"ProductReview":[],"Car":[],"Recipe":[],"Service":[],"SoftwareApplication":[],"WebPage":[]},"graphName":"","isEnabled":true},"graphs":[],"defaultGraph":"","defaultPostTypeGraph":""},"schema_type":null,"schema_type_options":null,"pillar_content":false,"robots_default":true,"robots_noindex":false,"robots_noarchive":false,"robots_nosnippet":false,"robots_nofollow":false,"robots_noimageindex":false,"robots_noodp":false,"robots_notranslate":false,"robots_max_snippet":null,"robots_max_videopreview":null,"robots_max_imagepreview":"large","priority":null,"frequency":null,"location":null,"local_seo":null,"seo_analyzer_scan_date":"2025-09-27 18:58:50","breadcrumb_settings":null,"limit_modified_date":false,"open_ai":null,"ai":null,"created":"2021-03-08 17:48:08","updated":"2025-09-27 18:58:50"},"aioseo_breadcrumb":"<div class=\"aioseo-breadcrumbs\"><span class=\"aioseo-breadcrumb\">\n\t<a href=\"https:\/\/eldigitaldeasturias.com\/magazine365\" title=\"Home\">Home<\/a>\n<\/span><span class=\"aioseo-breadcrumb-separator\">\u2013<\/span><span class=\"aioseo-breadcrumb\">\n\t<a href=\"https:\/\/eldigitaldeasturias.com\/magazine365\/category\/noticias-actualidad\/\" title=\"Noticias y Actualidad\">Noticias y Actualidad<\/a>\n<\/span><span class=\"aioseo-breadcrumb-separator\">\u2013<\/span><span class=\"aioseo-breadcrumb\">\n\t<a href=\"https:\/\/eldigitaldeasturias.com\/magazine365\/cultura-inicia-los-tramites-para-declarar-a-las-tapas-como-patrimonio-cultural-inmaterial\/\" title=\"Cultura inicia los tr\u00e1mites para declarar a las tapas como Patrimonio Cultural Inmaterial\">Cultura inicia los tr\u00e1mites para declarar a las tapas como Patrimonio Cultural Inmaterial<\/a>\n<\/span><\/div>","aioseo_breadcrumb_json":[{"label":"Home","link":"https:\/\/eldigitaldeasturias.com\/magazine365"},{"label":"Noticias y Actualidad","link":"https:\/\/eldigitaldeasturias.com\/magazine365\/category\/noticias-actualidad\/"},{"label":"Cultura inicia los tr\u00e1mites para declarar a las tapas como Patrimonio Cultural Inmaterial","link":"https:\/\/eldigitaldeasturias.com\/magazine365\/cultura-inicia-los-tramites-para-declarar-a-las-tapas-como-patrimonio-cultural-inmaterial\/"}],"_links":{"self":[{"href":"https:\/\/eldigitaldeasturias.com\/magazine365\/wp-json\/wp\/v2\/posts\/79469","targetHints":{"allow":["GET"]}}],"collection":[{"href":"https:\/\/eldigitaldeasturias.com\/magazine365\/wp-json\/wp\/v2\/posts"}],"about":[{"href":"https:\/\/eldigitaldeasturias.com\/magazine365\/wp-json\/wp\/v2\/types\/post"}],"author":[{"embeddable":true,"href":"https:\/\/eldigitaldeasturias.com\/magazine365\/wp-json\/wp\/v2\/users\/1"}],"replies":[{"embeddable":true,"href":"https:\/\/eldigitaldeasturias.com\/magazine365\/wp-json\/wp\/v2\/comments?post=79469"}],"version-history":[{"count":0,"href":"https:\/\/eldigitaldeasturias.com\/magazine365\/wp-json\/wp\/v2\/posts\/79469\/revisions"}],"wp:featuredmedia":[{"embeddable":true,"href":"https:\/\/eldigitaldeasturias.com\/magazine365\/wp-json\/wp\/v2\/media\/79470"}],"wp:attachment":[{"href":"https:\/\/eldigitaldeasturias.com\/magazine365\/wp-json\/wp\/v2\/media?parent=79469"}],"wp:term":[{"taxonomy":"category","embeddable":true,"href":"https:\/\/eldigitaldeasturias.com\/magazine365\/wp-json\/wp\/v2\/categories?post=79469"},{"taxonomy":"post_tag","embeddable":true,"href":"https:\/\/eldigitaldeasturias.com\/magazine365\/wp-json\/wp\/v2\/tags?post=79469"}],"curies":[{"name":"wp","href":"https:\/\/api.w.org\/{rel}","templated":true}]}}