{"id":79462,"date":"2016-06-15T16:37:23","date_gmt":"2016-06-15T14:37:23","guid":{"rendered":"http:\/\/eldigitaldeasturias.com\/magazine365\/?p=79462"},"modified":"2016-06-15T16:37:23","modified_gmt":"2016-06-15T14:37:23","slug":"bruselas-propone-topes-a-la-tarifa-mayorista-para-asegurar-el-fin-del-roaming-en-junio-de-2017","status":"publish","type":"post","link":"https:\/\/eldigitaldeasturias.com\/magazine365\/bruselas-propone-topes-a-la-tarifa-mayorista-para-asegurar-el-fin-del-roaming-en-junio-de-2017\/","title":{"rendered":"Bruselas propone topes a la tarifa mayorista para asegurar el fin del &#8216;roaming&#8217; en junio de 2017"},"content":{"rendered":"<p><img fetchpriority=\"high\" decoding=\"async\" class=\"alignleft size-medium wp-image-79463\" src=\"https:\/\/eldigitaldeasturias.com\/magazine365\/wp-content\/uploads\/2016\/06\/fotonoticia_20160615150338_800-360x240.jpg\" alt=\"fotonoticia_20160615150338_800\" width=\"360\" height=\"240\" srcset=\"https:\/\/eldigitaldeasturias.com\/magazine365\/wp-content\/uploads\/2016\/06\/fotonoticia_20160615150338_800-360x240.jpg 360w, https:\/\/eldigitaldeasturias.com\/magazine365\/wp-content\/uploads\/2016\/06\/fotonoticia_20160615150338_800-650x434.jpg 650w, https:\/\/eldigitaldeasturias.com\/magazine365\/wp-content\/uploads\/2016\/06\/fotonoticia_20160615150338_800-768x513.jpg 768w, https:\/\/eldigitaldeasturias.com\/magazine365\/wp-content\/uploads\/2016\/06\/fotonoticia_20160615150338_800-150x100.jpg 150w, https:\/\/eldigitaldeasturias.com\/magazine365\/wp-content\/uploads\/2016\/06\/fotonoticia_20160615150338_800-450x300.jpg 450w, https:\/\/eldigitaldeasturias.com\/magazine365\/wp-content\/uploads\/2016\/06\/fotonoticia_20160615150338_800-101x66.jpg 101w, https:\/\/eldigitaldeasturias.com\/magazine365\/wp-content\/uploads\/2016\/06\/fotonoticia_20160615150338_800.jpg 800w\" sizes=\"(max-width: 360px) 100vw, 360px\" \/>La Comisi\u00f3n Europea ha propuesto este mi\u00e9rcoles fijar un tope a la tarifa mayorista m\u00e1xima que pagan los operadores por utilizar las redes de otros pa\u00edses de la Uni\u00f3n Europea, con el objetivo de garantizar que se ofrece una transici\u00f3n \u00absuave\u00bb al consumidor hasta el fin del &#8216;roaming&#8217; comprometido para junio de 2017.<\/p>\n<p>Los Veintiocho y el Parlamento Europeo han encargado a Bruselas que establezca un \u00abl\u00edmite\u00bb para reducir las tarifas mayoristas actuales, de modo que se asegure que el fin de los cargos por itinerancia es \u00absostenible\u00bb.<\/p>\n<p>El vicepresidente del Ejecutivo comunitario responsable del Mercado Digital \u00danico, Andrus Ansip, ha explicado que la revisi\u00f3n de los mercados mayoristas pretende aprovechar el acuerdo que acaba con el &#8216;roaming&#8217; para, al mismo tiempo, \u00abacabar con los bloqueos geogr\u00e1ficos injustificados\u00bb.<\/p>\n<p>\u00abQueremos tambi\u00e9n que la portabilidad transfronteriza de contenidos sea una realidad en 2017, para que los europeos puedan desplazarse con sus pel\u00edculas, m\u00fasica, retransmisiones deportivas y libros electr\u00f3nicos por toda la UE\u00bb, ha a\u00f1adido.<\/p>\n<p>El pasado mes de abril entr\u00f3 en vigor un nuevo l\u00edmite a las tarifas en itinerancia, como paso previo a su fin definitivo a mediados de junio del a\u00f1o que viene.<\/p>\n<p>As\u00ed, un operador no puede cobrar m\u00e1s de cinco c\u00e9ntimos de euro el minuto de llamada realizada desde un Estado miembro distinto al del cliente, ni m\u00e1s de dos c\u00e9ntimos de euro por mensaje de texto o cinco c\u00e9ntimos por MB de datos (precios sin IVA).<\/p>\n","protected":false},"excerpt":{"rendered":"<p>La Comisi\u00f3n Europea ha propuesto este mi\u00e9rcoles fijar un tope a la tarifa mayorista m\u00e1xima que pagan los operadores por utilizar las redes de otros pa\u00edses de la Uni\u00f3n Europea, con el objetivo de garantizar que se ofrece una transici\u00f3n \u00absuave\u00bb al consumidor hasta el fin del &#8216;roaming&#8217; comprometido para junio de 2017. Los Veintiocho<\/p>\n","protected":false},"author":1,"featured_media":79463,"comment_status":"open","ping_status":"closed","sticky":false,"template":"","format":"standard","meta":{"footnotes":""},"categories":[224],"tags":[],"class_list":{"0":"post-79462","1":"post","2":"type-post","3":"status-publish","4":"format-standard","5":"has-post-thumbnail","7":"category-noticias-actualidad"},"aioseo_notices":[],"aioseo_head":"\n\t\t<!-- All in One SEO Pro 4.9.6.1 - aioseo.com -->\n\t<meta name=\"description\" content=\"La Comisi\u00f3n Europea ha propuesto este mi\u00e9rcoles fijar un tope a la tarifa mayorista m\u00e1xima que pagan los operadores por utilizar las redes de otros pa\u00edses de la Uni\u00f3n Europea, con el objetivo de garantizar que se ofrece una transici\u00f3n &quot;suave&quot; al consumidor hasta el fin del &#039;roaming&#039; comprometido para junio de 2017. Los Veintiocho\" \/>\n\t<meta name=\"robots\" content=\"max-image-preview:large\" \/>\n\t<meta name=\"author\" content=\"admin\"\/>\n\t<meta name=\"google-site-verification\" content=\"UA-38556648-1\" \/>\n\t<meta name=\"keywords\" content=\"noticias y actualidad\" \/>\n\t<link rel=\"canonical\" href=\"https:\/\/eldigitaldeasturias.com\/magazine365\/bruselas-propone-topes-a-la-tarifa-mayorista-para-asegurar-el-fin-del-roaming-en-junio-de-2017\/\" \/>\n\t<meta name=\"generator\" content=\"All in One SEO Pro (AIOSEO) 4.9.6.1\" \/>\n\t\t<meta property=\"og:locale\" content=\"es_ES\" \/>\n\t\t<meta property=\"og:site_name\" content=\"El Digital de Asturias \u2013 Revista de ocio, turismo y estilo de vida\" \/>\n\t\t<meta property=\"og:type\" content=\"article\" \/>\n\t\t<meta property=\"og:title\" content=\"Bruselas propone topes a la tarifa mayorista para asegurar el fin del \u2018roaming\u2019 en junio de 2017 | El Digital de Asturias\" \/>\n\t\t<meta property=\"og:description\" content=\"La Comisi\u00f3n Europea ha propuesto este mi\u00e9rcoles fijar un tope a la tarifa mayorista m\u00e1xima que pagan los operadores por utilizar las redes de otros pa\u00edses de la Uni\u00f3n Europea, con el objetivo de garantizar que se ofrece una transici\u00f3n &quot;suave&quot; al consumidor hasta el fin del &#039;roaming&#039; comprometido para junio de 2017. Los Veintiocho\" \/>\n\t\t<meta property=\"og:url\" content=\"https:\/\/eldigitaldeasturias.com\/magazine365\/bruselas-propone-topes-a-la-tarifa-mayorista-para-asegurar-el-fin-del-roaming-en-junio-de-2017\/\" \/>\n\t\t<meta property=\"og:image\" content=\"https:\/\/eldigitaldeasturias.com\/magazine365\/wp-content\/uploads\/2016\/06\/fotonoticia_20160615150338_800.jpg\" \/>\n\t\t<meta property=\"og:image:secure_url\" content=\"https:\/\/eldigitaldeasturias.com\/magazine365\/wp-content\/uploads\/2016\/06\/fotonoticia_20160615150338_800.jpg\" \/>\n\t\t<meta property=\"og:image:width\" content=\"800\" \/>\n\t\t<meta property=\"og:image:height\" content=\"534\" \/>\n\t\t<meta property=\"article:published_time\" content=\"2016-06-15T14:37:23+00:00\" \/>\n\t\t<meta property=\"article:modified_time\" content=\"2016-06-15T14:37:23+00:00\" \/>\n\t\t<meta name=\"twitter:card\" content=\"summary_large_image\" \/>\n\t\t<meta name=\"twitter:title\" content=\"Bruselas propone topes a la tarifa mayorista para asegurar el fin del \u2018roaming\u2019 en junio de 2017 | El Digital de Asturias\" \/>\n\t\t<meta name=\"twitter:description\" content=\"La Comisi\u00f3n Europea ha propuesto este mi\u00e9rcoles fijar un tope a la tarifa mayorista m\u00e1xima que pagan los operadores por utilizar las redes de otros pa\u00edses de la Uni\u00f3n Europea, con el objetivo de garantizar que se ofrece una transici\u00f3n &quot;suave&quot; al consumidor hasta el fin del &#039;roaming&#039; comprometido para junio de 2017. Los Veintiocho\" \/>\n\t\t<meta name=\"twitter:image\" content=\"https:\/\/eldigitaldeasturias.com\/magazine365\/wp-content\/uploads\/2016\/06\/fotonoticia_20160615150338_800.jpg\" \/>\n\t\t<script type=\"application\/ld+json\" class=\"aioseo-schema\">\n\t\t\t{\"@context\":\"https:\\\/\\\/schema.org\",\"@graph\":[{\"@type\":\"Article\",\"@id\":\"https:\\\/\\\/eldigitaldeasturias.com\\\/magazine365\\\/bruselas-propone-topes-a-la-tarifa-mayorista-para-asegurar-el-fin-del-roaming-en-junio-de-2017\\\/#article\",\"name\":\"Bruselas propone topes a la tarifa mayorista para asegurar el fin del \\u2018roaming\\u2019 en junio de 2017 | El Digital de Asturias\",\"headline\":\"Bruselas propone topes a la tarifa mayorista para asegurar el fin del &#8216;roaming&#8217; en junio de 2017\",\"author\":{\"@id\":\"https:\\\/\\\/eldigitaldeasturias.com\\\/magazine365\\\/author\\\/admin\\\/#author\"},\"publisher\":{\"@id\":\"https:\\\/\\\/eldigitaldeasturias.com\\\/magazine365\\\/#organization\"},\"image\":{\"@type\":\"ImageObject\",\"url\":\"https:\\\/\\\/eldigitaldeasturias.com\\\/magazine365\\\/wp-content\\\/uploads\\\/2016\\\/06\\\/fotonoticia_20160615150338_800.jpg\",\"width\":800,\"height\":534},\"datePublished\":\"2016-06-15T16:37:23+02:00\",\"dateModified\":\"2016-06-15T16:37:23+02:00\",\"inLanguage\":\"es-ES\",\"mainEntityOfPage\":{\"@id\":\"https:\\\/\\\/eldigitaldeasturias.com\\\/magazine365\\\/bruselas-propone-topes-a-la-tarifa-mayorista-para-asegurar-el-fin-del-roaming-en-junio-de-2017\\\/#webpage\"},\"isPartOf\":{\"@id\":\"https:\\\/\\\/eldigitaldeasturias.com\\\/magazine365\\\/bruselas-propone-topes-a-la-tarifa-mayorista-para-asegurar-el-fin-del-roaming-en-junio-de-2017\\\/#webpage\"},\"articleSection\":\"Noticias y Actualidad\"},{\"@type\":\"BreadcrumbList\",\"@id\":\"https:\\\/\\\/eldigitaldeasturias.com\\\/magazine365\\\/bruselas-propone-topes-a-la-tarifa-mayorista-para-asegurar-el-fin-del-roaming-en-junio-de-2017\\\/#breadcrumblist\",\"itemListElement\":[{\"@type\":\"ListItem\",\"@id\":\"https:\\\/\\\/eldigitaldeasturias.com\\\/magazine365#listItem\",\"position\":1,\"name\":\"Home\",\"item\":\"https:\\\/\\\/eldigitaldeasturias.com\\\/magazine365\",\"nextItem\":{\"@type\":\"ListItem\",\"@id\":\"https:\\\/\\\/eldigitaldeasturias.com\\\/magazine365\\\/category\\\/noticias-actualidad\\\/#listItem\",\"name\":\"Noticias y Actualidad\"}},{\"@type\":\"ListItem\",\"@id\":\"https:\\\/\\\/eldigitaldeasturias.com\\\/magazine365\\\/category\\\/noticias-actualidad\\\/#listItem\",\"position\":2,\"name\":\"Noticias y Actualidad\",\"item\":\"https:\\\/\\\/eldigitaldeasturias.com\\\/magazine365\\\/category\\\/noticias-actualidad\\\/\",\"nextItem\":{\"@type\":\"ListItem\",\"@id\":\"https:\\\/\\\/eldigitaldeasturias.com\\\/magazine365\\\/bruselas-propone-topes-a-la-tarifa-mayorista-para-asegurar-el-fin-del-roaming-en-junio-de-2017\\\/#listItem\",\"name\":\"Bruselas propone topes a la tarifa mayorista para asegurar el fin del &#8216;roaming&#8217; en junio de 2017\"},\"previousItem\":{\"@type\":\"ListItem\",\"@id\":\"https:\\\/\\\/eldigitaldeasturias.com\\\/magazine365#listItem\",\"name\":\"Home\"}},{\"@type\":\"ListItem\",\"@id\":\"https:\\\/\\\/eldigitaldeasturias.com\\\/magazine365\\\/bruselas-propone-topes-a-la-tarifa-mayorista-para-asegurar-el-fin-del-roaming-en-junio-de-2017\\\/#listItem\",\"position\":3,\"name\":\"Bruselas propone topes a la tarifa mayorista para asegurar el fin del &#8216;roaming&#8217; en junio de 2017\",\"previousItem\":{\"@type\":\"ListItem\",\"@id\":\"https:\\\/\\\/eldigitaldeasturias.com\\\/magazine365\\\/category\\\/noticias-actualidad\\\/#listItem\",\"name\":\"Noticias y Actualidad\"}}]},{\"@type\":\"Organization\",\"@id\":\"https:\\\/\\\/eldigitaldeasturias.com\\\/magazine365\\\/#organization\",\"name\":\"El digital de Asturias\",\"description\":\"Revista de ocio, turismo y estilo de vida\",\"url\":\"https:\\\/\\\/eldigitaldeasturias.com\\\/magazine365\\\/\",\"logo\":{\"@type\":\"ImageObject\",\"url\":\"https:\\\/\\\/www.eldigitaldeasturias.com\\\/noticias\\\/wp-content\\\/uploads\\\/2020\\\/12\\\/EDA.jpg\",\"@id\":\"https:\\\/\\\/eldigitaldeasturias.com\\\/magazine365\\\/bruselas-propone-topes-a-la-tarifa-mayorista-para-asegurar-el-fin-del-roaming-en-junio-de-2017\\\/#organizationLogo\"},\"image\":{\"@id\":\"https:\\\/\\\/eldigitaldeasturias.com\\\/magazine365\\\/bruselas-propone-topes-a-la-tarifa-mayorista-para-asegurar-el-fin-del-roaming-en-junio-de-2017\\\/#organizationLogo\"}},{\"@type\":\"Person\",\"@id\":\"https:\\\/\\\/eldigitaldeasturias.com\\\/magazine365\\\/author\\\/admin\\\/#author\",\"url\":\"https:\\\/\\\/eldigitaldeasturias.com\\\/magazine365\\\/author\\\/admin\\\/\",\"name\":\"admin\",\"image\":{\"@type\":\"ImageObject\",\"@id\":\"https:\\\/\\\/eldigitaldeasturias.com\\\/magazine365\\\/bruselas-propone-topes-a-la-tarifa-mayorista-para-asegurar-el-fin-del-roaming-en-junio-de-2017\\\/#authorImage\",\"url\":\"https:\\\/\\\/eldigitaldeasturias.com\\\/magazine365\\\/wp-content\\\/litespeed\\\/avatar\\\/e571bcf59a0edd6fa6838245a470f2fe.jpg?ver=1776969259\",\"width\":96,\"height\":96,\"caption\":\"admin\"}},{\"@type\":\"WebPage\",\"@id\":\"https:\\\/\\\/eldigitaldeasturias.com\\\/magazine365\\\/bruselas-propone-topes-a-la-tarifa-mayorista-para-asegurar-el-fin-del-roaming-en-junio-de-2017\\\/#webpage\",\"url\":\"https:\\\/\\\/eldigitaldeasturias.com\\\/magazine365\\\/bruselas-propone-topes-a-la-tarifa-mayorista-para-asegurar-el-fin-del-roaming-en-junio-de-2017\\\/\",\"name\":\"Bruselas propone topes a la tarifa mayorista para asegurar el fin del \\u2018roaming\\u2019 en junio de 2017 | El Digital de Asturias\",\"description\":\"La Comisi\\u00f3n Europea ha propuesto este mi\\u00e9rcoles fijar un tope a la tarifa mayorista m\\u00e1xima que pagan los operadores por utilizar las redes de otros pa\\u00edses de la Uni\\u00f3n Europea, con el objetivo de garantizar que se ofrece una transici\\u00f3n \\\"suave\\\" al consumidor hasta el fin del 'roaming' comprometido para junio de 2017. Los Veintiocho\",\"inLanguage\":\"es-ES\",\"isPartOf\":{\"@id\":\"https:\\\/\\\/eldigitaldeasturias.com\\\/magazine365\\\/#website\"},\"breadcrumb\":{\"@id\":\"https:\\\/\\\/eldigitaldeasturias.com\\\/magazine365\\\/bruselas-propone-topes-a-la-tarifa-mayorista-para-asegurar-el-fin-del-roaming-en-junio-de-2017\\\/#breadcrumblist\"},\"author\":{\"@id\":\"https:\\\/\\\/eldigitaldeasturias.com\\\/magazine365\\\/author\\\/admin\\\/#author\"},\"creator\":{\"@id\":\"https:\\\/\\\/eldigitaldeasturias.com\\\/magazine365\\\/author\\\/admin\\\/#author\"},\"image\":{\"@type\":\"ImageObject\",\"url\":\"https:\\\/\\\/eldigitaldeasturias.com\\\/magazine365\\\/wp-content\\\/uploads\\\/2016\\\/06\\\/fotonoticia_20160615150338_800.jpg\",\"@id\":\"https:\\\/\\\/eldigitaldeasturias.com\\\/magazine365\\\/bruselas-propone-topes-a-la-tarifa-mayorista-para-asegurar-el-fin-del-roaming-en-junio-de-2017\\\/#mainImage\",\"width\":800,\"height\":534},\"primaryImageOfPage\":{\"@id\":\"https:\\\/\\\/eldigitaldeasturias.com\\\/magazine365\\\/bruselas-propone-topes-a-la-tarifa-mayorista-para-asegurar-el-fin-del-roaming-en-junio-de-2017\\\/#mainImage\"},\"datePublished\":\"2016-06-15T16:37:23+02:00\",\"dateModified\":\"2016-06-15T16:37:23+02:00\"},{\"@type\":\"WebSite\",\"@id\":\"https:\\\/\\\/eldigitaldeasturias.com\\\/magazine365\\\/#website\",\"url\":\"https:\\\/\\\/eldigitaldeasturias.com\\\/magazine365\\\/\",\"name\":\"El Digital de Asturias\",\"description\":\"Revista de ocio, turismo y estilo de vida\",\"inLanguage\":\"es-ES\",\"publisher\":{\"@id\":\"https:\\\/\\\/eldigitaldeasturias.com\\\/magazine365\\\/#organization\"}}]}\n\t\t<\/script>\n\t\t<!-- All in One SEO Pro -->\r\n\t\t<title>Bruselas propone topes a la tarifa mayorista para asegurar el fin del \u2018roaming\u2019 en junio de 2017 | El Digital de Asturias<\/title>\n\n","aioseo_head_json":{"title":"Bruselas propone topes a la tarifa mayorista para asegurar el fin del \u2018roaming\u2019 en junio de 2017 | El Digital de Asturias","description":"La Comisi\u00f3n Europea ha propuesto este mi\u00e9rcoles fijar un tope a la tarifa mayorista m\u00e1xima que pagan los operadores por utilizar las redes de otros pa\u00edses de la Uni\u00f3n Europea, con el objetivo de garantizar que se ofrece una transici\u00f3n \"suave\" al consumidor hasta el fin del 'roaming' comprometido para junio de 2017. Los Veintiocho","canonical_url":"https:\/\/eldigitaldeasturias.com\/magazine365\/bruselas-propone-topes-a-la-tarifa-mayorista-para-asegurar-el-fin-del-roaming-en-junio-de-2017\/","robots":"max-image-preview:large","keywords":"noticias y actualidad","webmasterTools":{"google-site-verification":"UA-38556648-1","miscellaneous":""},"schema":{"@context":"https:\/\/schema.org","@graph":[{"@type":"Article","@id":"https:\/\/eldigitaldeasturias.com\/magazine365\/bruselas-propone-topes-a-la-tarifa-mayorista-para-asegurar-el-fin-del-roaming-en-junio-de-2017\/#article","name":"Bruselas propone topes a la tarifa mayorista para asegurar el fin del \u2018roaming\u2019 en junio de 2017 | El Digital de Asturias","headline":"Bruselas propone topes a la tarifa mayorista para asegurar el fin del &#8216;roaming&#8217; en junio de 2017","author":{"@id":"https:\/\/eldigitaldeasturias.com\/magazine365\/author\/admin\/#author"},"publisher":{"@id":"https:\/\/eldigitaldeasturias.com\/magazine365\/#organization"},"image":{"@type":"ImageObject","url":"https:\/\/eldigitaldeasturias.com\/magazine365\/wp-content\/uploads\/2016\/06\/fotonoticia_20160615150338_800.jpg","width":800,"height":534},"datePublished":"2016-06-15T16:37:23+02:00","dateModified":"2016-06-15T16:37:23+02:00","inLanguage":"es-ES","mainEntityOfPage":{"@id":"https:\/\/eldigitaldeasturias.com\/magazine365\/bruselas-propone-topes-a-la-tarifa-mayorista-para-asegurar-el-fin-del-roaming-en-junio-de-2017\/#webpage"},"isPartOf":{"@id":"https:\/\/eldigitaldeasturias.com\/magazine365\/bruselas-propone-topes-a-la-tarifa-mayorista-para-asegurar-el-fin-del-roaming-en-junio-de-2017\/#webpage"},"articleSection":"Noticias y Actualidad"},{"@type":"BreadcrumbList","@id":"https:\/\/eldigitaldeasturias.com\/magazine365\/bruselas-propone-topes-a-la-tarifa-mayorista-para-asegurar-el-fin-del-roaming-en-junio-de-2017\/#breadcrumblist","itemListElement":[{"@type":"ListItem","@id":"https:\/\/eldigitaldeasturias.com\/magazine365#listItem","position":1,"name":"Home","item":"https:\/\/eldigitaldeasturias.com\/magazine365","nextItem":{"@type":"ListItem","@id":"https:\/\/eldigitaldeasturias.com\/magazine365\/category\/noticias-actualidad\/#listItem","name":"Noticias y Actualidad"}},{"@type":"ListItem","@id":"https:\/\/eldigitaldeasturias.com\/magazine365\/category\/noticias-actualidad\/#listItem","position":2,"name":"Noticias y Actualidad","item":"https:\/\/eldigitaldeasturias.com\/magazine365\/category\/noticias-actualidad\/","nextItem":{"@type":"ListItem","@id":"https:\/\/eldigitaldeasturias.com\/magazine365\/bruselas-propone-topes-a-la-tarifa-mayorista-para-asegurar-el-fin-del-roaming-en-junio-de-2017\/#listItem","name":"Bruselas propone topes a la tarifa mayorista para asegurar el fin del &#8216;roaming&#8217; en junio de 2017"},"previousItem":{"@type":"ListItem","@id":"https:\/\/eldigitaldeasturias.com\/magazine365#listItem","name":"Home"}},{"@type":"ListItem","@id":"https:\/\/eldigitaldeasturias.com\/magazine365\/bruselas-propone-topes-a-la-tarifa-mayorista-para-asegurar-el-fin-del-roaming-en-junio-de-2017\/#listItem","position":3,"name":"Bruselas propone topes a la tarifa mayorista para asegurar el fin del &#8216;roaming&#8217; en junio de 2017","previousItem":{"@type":"ListItem","@id":"https:\/\/eldigitaldeasturias.com\/magazine365\/category\/noticias-actualidad\/#listItem","name":"Noticias y Actualidad"}}]},{"@type":"Organization","@id":"https:\/\/eldigitaldeasturias.com\/magazine365\/#organization","name":"El digital de Asturias","description":"Revista de ocio, turismo y estilo de vida","url":"https:\/\/eldigitaldeasturias.com\/magazine365\/","logo":{"@type":"ImageObject","url":"https:\/\/www.eldigitaldeasturias.com\/noticias\/wp-content\/uploads\/2020\/12\/EDA.jpg","@id":"https:\/\/eldigitaldeasturias.com\/magazine365\/bruselas-propone-topes-a-la-tarifa-mayorista-para-asegurar-el-fin-del-roaming-en-junio-de-2017\/#organizationLogo"},"image":{"@id":"https:\/\/eldigitaldeasturias.com\/magazine365\/bruselas-propone-topes-a-la-tarifa-mayorista-para-asegurar-el-fin-del-roaming-en-junio-de-2017\/#organizationLogo"}},{"@type":"Person","@id":"https:\/\/eldigitaldeasturias.com\/magazine365\/author\/admin\/#author","url":"https:\/\/eldigitaldeasturias.com\/magazine365\/author\/admin\/","name":"admin","image":{"@type":"ImageObject","@id":"https:\/\/eldigitaldeasturias.com\/magazine365\/bruselas-propone-topes-a-la-tarifa-mayorista-para-asegurar-el-fin-del-roaming-en-junio-de-2017\/#authorImage","url":"https:\/\/eldigitaldeasturias.com\/magazine365\/wp-content\/litespeed\/avatar\/e571bcf59a0edd6fa6838245a470f2fe.jpg?ver=1776969259","width":96,"height":96,"caption":"admin"}},{"@type":"WebPage","@id":"https:\/\/eldigitaldeasturias.com\/magazine365\/bruselas-propone-topes-a-la-tarifa-mayorista-para-asegurar-el-fin-del-roaming-en-junio-de-2017\/#webpage","url":"https:\/\/eldigitaldeasturias.com\/magazine365\/bruselas-propone-topes-a-la-tarifa-mayorista-para-asegurar-el-fin-del-roaming-en-junio-de-2017\/","name":"Bruselas propone topes a la tarifa mayorista para asegurar el fin del \u2018roaming\u2019 en junio de 2017 | El Digital de Asturias","description":"La Comisi\u00f3n Europea ha propuesto este mi\u00e9rcoles fijar un tope a la tarifa mayorista m\u00e1xima que pagan los operadores por utilizar las redes de otros pa\u00edses de la Uni\u00f3n Europea, con el objetivo de garantizar que se ofrece una transici\u00f3n \"suave\" al consumidor hasta el fin del 'roaming' comprometido para junio de 2017. Los Veintiocho","inLanguage":"es-ES","isPartOf":{"@id":"https:\/\/eldigitaldeasturias.com\/magazine365\/#website"},"breadcrumb":{"@id":"https:\/\/eldigitaldeasturias.com\/magazine365\/bruselas-propone-topes-a-la-tarifa-mayorista-para-asegurar-el-fin-del-roaming-en-junio-de-2017\/#breadcrumblist"},"author":{"@id":"https:\/\/eldigitaldeasturias.com\/magazine365\/author\/admin\/#author"},"creator":{"@id":"https:\/\/eldigitaldeasturias.com\/magazine365\/author\/admin\/#author"},"image":{"@type":"ImageObject","url":"https:\/\/eldigitaldeasturias.com\/magazine365\/wp-content\/uploads\/2016\/06\/fotonoticia_20160615150338_800.jpg","@id":"https:\/\/eldigitaldeasturias.com\/magazine365\/bruselas-propone-topes-a-la-tarifa-mayorista-para-asegurar-el-fin-del-roaming-en-junio-de-2017\/#mainImage","width":800,"height":534},"primaryImageOfPage":{"@id":"https:\/\/eldigitaldeasturias.com\/magazine365\/bruselas-propone-topes-a-la-tarifa-mayorista-para-asegurar-el-fin-del-roaming-en-junio-de-2017\/#mainImage"},"datePublished":"2016-06-15T16:37:23+02:00","dateModified":"2016-06-15T16:37:23+02:00"},{"@type":"WebSite","@id":"https:\/\/eldigitaldeasturias.com\/magazine365\/#website","url":"https:\/\/eldigitaldeasturias.com\/magazine365\/","name":"El Digital de Asturias","description":"Revista de ocio, turismo y estilo de vida","inLanguage":"es-ES","publisher":{"@id":"https:\/\/eldigitaldeasturias.com\/magazine365\/#organization"}}]},"og:locale":"es_ES","og:site_name":"El Digital de Asturias \u2013 Revista de ocio, turismo y estilo de vida","og:type":"article","og:title":"Bruselas propone topes a la tarifa mayorista para asegurar el fin del \u2018roaming\u2019 en junio de 2017 | El Digital de Asturias","og:description":"La Comisi\u00f3n Europea ha propuesto este mi\u00e9rcoles fijar un tope a la tarifa mayorista m\u00e1xima que pagan los operadores por utilizar las redes de otros pa\u00edses de la Uni\u00f3n Europea, con el objetivo de garantizar que se ofrece una transici\u00f3n &quot;suave&quot; al consumidor hasta el fin del 'roaming' comprometido para junio de 2017. Los Veintiocho","og:url":"https:\/\/eldigitaldeasturias.com\/magazine365\/bruselas-propone-topes-a-la-tarifa-mayorista-para-asegurar-el-fin-del-roaming-en-junio-de-2017\/","og:image":"https:\/\/eldigitaldeasturias.com\/magazine365\/wp-content\/uploads\/2016\/06\/fotonoticia_20160615150338_800.jpg","og:image:secure_url":"https:\/\/eldigitaldeasturias.com\/magazine365\/wp-content\/uploads\/2016\/06\/fotonoticia_20160615150338_800.jpg","og:image:width":800,"og:image:height":534,"article:published_time":"2016-06-15T14:37:23+00:00","article:modified_time":"2016-06-15T14:37:23+00:00","twitter:card":"summary_large_image","twitter:title":"Bruselas propone topes a la tarifa mayorista para asegurar el fin del \u2018roaming\u2019 en junio de 2017 | El Digital de Asturias","twitter:description":"La Comisi\u00f3n Europea ha propuesto este mi\u00e9rcoles fijar un tope a la tarifa mayorista m\u00e1xima que pagan los operadores por utilizar las redes de otros pa\u00edses de la Uni\u00f3n Europea, con el objetivo de garantizar que se ofrece una transici\u00f3n &quot;suave&quot; al consumidor hasta el fin del 'roaming' comprometido para junio de 2017. Los Veintiocho","twitter:image":"https:\/\/eldigitaldeasturias.com\/magazine365\/wp-content\/uploads\/2016\/06\/fotonoticia_20160615150338_800.jpg"},"aioseo_meta_data":{"post_id":"79462","title":null,"description":null,"keywords":null,"keyphrases":null,"primary_term":null,"canonical_url":null,"og_title":null,"og_description":null,"og_object_type":"default","og_image_type":"default","og_image_url":null,"og_image_width":null,"og_image_height":null,"og_image_custom_url":null,"og_image_custom_fields":null,"og_video":null,"og_custom_url":null,"og_article_section":null,"og_article_tags":null,"twitter_use_og":false,"twitter_card":"default","twitter_image_type":"default","twitter_image_url":null,"twitter_image_custom_url":null,"twitter_image_custom_fields":null,"twitter_title":null,"twitter_description":null,"schema":{"blockGraphs":[],"customGraphs":[],"default":{"data":{"Article":[],"Course":[],"Dataset":[],"FAQPage":[],"Movie":[],"Person":[],"Product":[],"ProductReview":[],"Car":[],"Recipe":[],"Service":[],"SoftwareApplication":[],"WebPage":[]},"graphName":"","isEnabled":true},"graphs":[],"defaultGraph":"","defaultPostTypeGraph":""},"schema_type":null,"schema_type_options":null,"pillar_content":false,"robots_default":true,"robots_noindex":false,"robots_noarchive":false,"robots_nosnippet":false,"robots_nofollow":false,"robots_noimageindex":false,"robots_noodp":false,"robots_notranslate":false,"robots_max_snippet":null,"robots_max_videopreview":null,"robots_max_imagepreview":"large","priority":null,"frequency":null,"location":null,"local_seo":null,"seo_analyzer_scan_date":"2025-09-27 18:58:48","breadcrumb_settings":null,"limit_modified_date":false,"open_ai":null,"ai":null,"created":"2021-03-08 17:48:08","updated":"2025-09-27 18:58:48"},"aioseo_breadcrumb":"<div class=\"aioseo-breadcrumbs\"><span class=\"aioseo-breadcrumb\">\n\t<a href=\"https:\/\/eldigitaldeasturias.com\/magazine365\" title=\"Home\">Home<\/a>\n<\/span><span class=\"aioseo-breadcrumb-separator\">\u2013<\/span><span class=\"aioseo-breadcrumb\">\n\t<a href=\"https:\/\/eldigitaldeasturias.com\/magazine365\/category\/noticias-actualidad\/\" title=\"Noticias y Actualidad\">Noticias y Actualidad<\/a>\n<\/span><span class=\"aioseo-breadcrumb-separator\">\u2013<\/span><span class=\"aioseo-breadcrumb\">\n\t<a href=\"https:\/\/eldigitaldeasturias.com\/magazine365\/bruselas-propone-topes-a-la-tarifa-mayorista-para-asegurar-el-fin-del-roaming-en-junio-de-2017\/\" title=\"Bruselas propone topes a la tarifa mayorista para asegurar el fin del \u2018roaming\u2019 en junio de 2017\">Bruselas propone topes a la tarifa mayorista para asegurar el fin del \u2018roaming\u2019 en junio de 2017<\/a>\n<\/span><\/div>","aioseo_breadcrumb_json":[{"label":"Home","link":"https:\/\/eldigitaldeasturias.com\/magazine365"},{"label":"Noticias y Actualidad","link":"https:\/\/eldigitaldeasturias.com\/magazine365\/category\/noticias-actualidad\/"},{"label":"Bruselas propone topes a la tarifa mayorista para asegurar el fin del &#8216;roaming&#8217; en junio de 2017","link":"https:\/\/eldigitaldeasturias.com\/magazine365\/bruselas-propone-topes-a-la-tarifa-mayorista-para-asegurar-el-fin-del-roaming-en-junio-de-2017\/"}],"_links":{"self":[{"href":"https:\/\/eldigitaldeasturias.com\/magazine365\/wp-json\/wp\/v2\/posts\/79462","targetHints":{"allow":["GET"]}}],"collection":[{"href":"https:\/\/eldigitaldeasturias.com\/magazine365\/wp-json\/wp\/v2\/posts"}],"about":[{"href":"https:\/\/eldigitaldeasturias.com\/magazine365\/wp-json\/wp\/v2\/types\/post"}],"author":[{"embeddable":true,"href":"https:\/\/eldigitaldeasturias.com\/magazine365\/wp-json\/wp\/v2\/users\/1"}],"replies":[{"embeddable":true,"href":"https:\/\/eldigitaldeasturias.com\/magazine365\/wp-json\/wp\/v2\/comments?post=79462"}],"version-history":[{"count":0,"href":"https:\/\/eldigitaldeasturias.com\/magazine365\/wp-json\/wp\/v2\/posts\/79462\/revisions"}],"wp:featuredmedia":[{"embeddable":true,"href":"https:\/\/eldigitaldeasturias.com\/magazine365\/wp-json\/wp\/v2\/media\/79463"}],"wp:attachment":[{"href":"https:\/\/eldigitaldeasturias.com\/magazine365\/wp-json\/wp\/v2\/media?parent=79462"}],"wp:term":[{"taxonomy":"category","embeddable":true,"href":"https:\/\/eldigitaldeasturias.com\/magazine365\/wp-json\/wp\/v2\/categories?post=79462"},{"taxonomy":"post_tag","embeddable":true,"href":"https:\/\/eldigitaldeasturias.com\/magazine365\/wp-json\/wp\/v2\/tags?post=79462"}],"curies":[{"name":"wp","href":"https:\/\/api.w.org\/{rel}","templated":true}]}}