{"id":79453,"date":"2016-06-15T16:31:43","date_gmt":"2016-06-15T14:31:43","guid":{"rendered":"http:\/\/eldigitaldeasturias.com\/magazine365\/?p=79453"},"modified":"2016-06-15T16:31:43","modified_gmt":"2016-06-15T14:31:43","slug":"cadiz-comienza-este-jueves-la-temporada-media-de-playas","status":"publish","type":"post","link":"https:\/\/eldigitaldeasturias.com\/magazine365\/cadiz-comienza-este-jueves-la-temporada-media-de-playas\/","title":{"rendered":"C\u00e1diz comienza este jueves la temporada media de playas"},"content":{"rendered":"<p><img fetchpriority=\"high\" decoding=\"async\" class=\"alignleft size-medium wp-image-79454\" src=\"https:\/\/eldigitaldeasturias.com\/magazine365\/wp-content\/uploads\/2016\/06\/fotonoticia_20160615143954_800-360x270.jpg\" alt=\"fotonoticia_20160615143954_800\" width=\"360\" height=\"270\" srcset=\"https:\/\/eldigitaldeasturias.com\/magazine365\/wp-content\/uploads\/2016\/06\/fotonoticia_20160615143954_800-360x270.jpg 360w, https:\/\/eldigitaldeasturias.com\/magazine365\/wp-content\/uploads\/2016\/06\/fotonoticia_20160615143954_800-650x488.jpg 650w, https:\/\/eldigitaldeasturias.com\/magazine365\/wp-content\/uploads\/2016\/06\/fotonoticia_20160615143954_800-768x576.jpg 768w, https:\/\/eldigitaldeasturias.com\/magazine365\/wp-content\/uploads\/2016\/06\/fotonoticia_20160615143954_800-150x113.jpg 150w, https:\/\/eldigitaldeasturias.com\/magazine365\/wp-content\/uploads\/2016\/06\/fotonoticia_20160615143954_800-450x338.jpg 450w, https:\/\/eldigitaldeasturias.com\/magazine365\/wp-content\/uploads\/2016\/06\/fotonoticia_20160615143954_800-90x67.jpg 90w, https:\/\/eldigitaldeasturias.com\/magazine365\/wp-content\/uploads\/2016\/06\/fotonoticia_20160615143954_800-164x124.jpg 164w, https:\/\/eldigitaldeasturias.com\/magazine365\/wp-content\/uploads\/2016\/06\/fotonoticia_20160615143954_800-100x75.jpg 100w, https:\/\/eldigitaldeasturias.com\/magazine365\/wp-content\/uploads\/2016\/06\/fotonoticia_20160615143954_800.jpg 800w\" sizes=\"(max-width: 360px) 100vw, 360px\" \/>El Ayuntamiento de C\u00e1diz ha anunciado que este jueves se pondr\u00e1 en marcha la temporada media de playas, con el correspondiente incremento de equipamientos y servicios en la costa gaditana.<\/p>\n<p>As\u00ed, seg\u00fan ha detallado el Ayuntamiento en una nota, desde este jueves estar\u00e1n operativos los m\u00f3dulos del uno al seis y el de Marianista Cubillo de la playa Victoria, el m\u00f3dulo fijo y los dos desmontables de La Caleta, as\u00ed como el fijo y el desmontable de Santa Mar\u00eda del Mar y el de El Chato de la playa de Cortadura. Estar\u00e1n abiertos de lunes a domingo, en horario de 10,00 a 19,00 horas.<\/p>\n<p>Asimismo, durante este per\u00edodo estar\u00e1n operativos los botiquines del m\u00f3dulo central y Delfines de la playa Victoria, el de La Caleta, Santa Mar\u00eda del Mar y Cortadura. A partir de este jueves, los botiquines abrir\u00e1n una hora antes, por lo que su horario ser\u00e1 de 11,00 a 19,00 horas, de lunes a domingo. A los botiquines nombrados se sumar\u00e1n los de Isecotel y El Chato los s\u00e1bados y domingos.<\/p>\n<p>Tambi\u00e9n estar\u00e1n en funcionamiento las zonas de playa integrada de La Caleta (acceso principal), del m\u00f3dulo Marianista Cubillo y de los m\u00f3dulos tres y cinco de la playa Victoria. El horario ser\u00e1 de 11,00 a 19,00 horas, de lunes a domingo.<\/p>\n<p>Esta temporada media de playas concluir\u00e1 el pr\u00f3ximo 30 de junio. Al d\u00eda siguiente, 1 de julio, comenzar\u00e1 la temporada alta y finalizar\u00e1 el 31 de agosto, inici\u00e1ndose el 1 de septiembre una nueva temporada media, que se prolongar\u00e1 hasta el 15 de septiembre.<\/p>\n","protected":false},"excerpt":{"rendered":"<p>El Ayuntamiento de C\u00e1diz ha anunciado que este jueves se pondr\u00e1 en marcha la temporada media de playas, con el correspondiente incremento de equipamientos y servicios en la costa gaditana. As\u00ed, seg\u00fan ha detallado el Ayuntamiento en una nota, desde este jueves estar\u00e1n operativos los m\u00f3dulos del uno al seis y el de Marianista Cubillo<\/p>\n","protected":false},"author":1,"featured_media":79454,"comment_status":"open","ping_status":"closed","sticky":false,"template":"","format":"standard","meta":{"footnotes":""},"categories":[224],"tags":[],"class_list":{"0":"post-79453","1":"post","2":"type-post","3":"status-publish","4":"format-standard","5":"has-post-thumbnail","7":"category-noticias-actualidad"},"aioseo_notices":[],"aioseo_head":"\n\t\t<!-- All in One SEO Pro 4.9.6.1 - aioseo.com -->\n\t<meta name=\"description\" content=\"El Ayuntamiento de C\u00e1diz ha anunciado que este jueves se pondr\u00e1 en marcha la temporada media de playas, con el correspondiente incremento de equipamientos y servicios en la costa gaditana. As\u00ed, seg\u00fan ha detallado el Ayuntamiento en una nota, desde este jueves estar\u00e1n operativos los m\u00f3dulos del uno al seis y el de Marianista Cubillo\" \/>\n\t<meta name=\"robots\" content=\"max-image-preview:large\" \/>\n\t<meta name=\"author\" content=\"admin\"\/>\n\t<meta name=\"google-site-verification\" content=\"UA-38556648-1\" \/>\n\t<meta name=\"keywords\" content=\"noticias y actualidad\" \/>\n\t<link rel=\"canonical\" href=\"https:\/\/eldigitaldeasturias.com\/magazine365\/cadiz-comienza-este-jueves-la-temporada-media-de-playas\/\" \/>\n\t<meta name=\"generator\" content=\"All in One SEO Pro (AIOSEO) 4.9.6.1\" \/>\n\t\t<meta property=\"og:locale\" content=\"es_ES\" \/>\n\t\t<meta property=\"og:site_name\" content=\"El Digital de Asturias \u2013 Revista de ocio, turismo y estilo de vida\" \/>\n\t\t<meta property=\"og:type\" content=\"article\" \/>\n\t\t<meta property=\"og:title\" content=\"C\u00e1diz comienza este jueves la temporada media de playas | El Digital de Asturias\" \/>\n\t\t<meta property=\"og:description\" content=\"El Ayuntamiento de C\u00e1diz ha anunciado que este jueves se pondr\u00e1 en marcha la temporada media de playas, con el correspondiente incremento de equipamientos y servicios en la costa gaditana. As\u00ed, seg\u00fan ha detallado el Ayuntamiento en una nota, desde este jueves estar\u00e1n operativos los m\u00f3dulos del uno al seis y el de Marianista Cubillo\" \/>\n\t\t<meta property=\"og:url\" content=\"https:\/\/eldigitaldeasturias.com\/magazine365\/cadiz-comienza-este-jueves-la-temporada-media-de-playas\/\" \/>\n\t\t<meta property=\"og:image\" content=\"https:\/\/eldigitaldeasturias.com\/magazine365\/wp-content\/uploads\/2016\/06\/fotonoticia_20160615143954_800.jpg\" \/>\n\t\t<meta property=\"og:image:secure_url\" content=\"https:\/\/eldigitaldeasturias.com\/magazine365\/wp-content\/uploads\/2016\/06\/fotonoticia_20160615143954_800.jpg\" \/>\n\t\t<meta property=\"og:image:width\" content=\"800\" \/>\n\t\t<meta property=\"og:image:height\" content=\"600\" \/>\n\t\t<meta property=\"article:published_time\" content=\"2016-06-15T14:31:43+00:00\" \/>\n\t\t<meta property=\"article:modified_time\" content=\"2016-06-15T14:31:43+00:00\" \/>\n\t\t<meta name=\"twitter:card\" content=\"summary_large_image\" \/>\n\t\t<meta name=\"twitter:title\" content=\"C\u00e1diz comienza este jueves la temporada media de playas | El Digital de Asturias\" \/>\n\t\t<meta name=\"twitter:description\" content=\"El Ayuntamiento de C\u00e1diz ha anunciado que este jueves se pondr\u00e1 en marcha la temporada media de playas, con el correspondiente incremento de equipamientos y servicios en la costa gaditana. As\u00ed, seg\u00fan ha detallado el Ayuntamiento en una nota, desde este jueves estar\u00e1n operativos los m\u00f3dulos del uno al seis y el de Marianista Cubillo\" \/>\n\t\t<meta name=\"twitter:image\" content=\"https:\/\/eldigitaldeasturias.com\/magazine365\/wp-content\/uploads\/2016\/06\/fotonoticia_20160615143954_800.jpg\" \/>\n\t\t<script type=\"application\/ld+json\" class=\"aioseo-schema\">\n\t\t\t{\"@context\":\"https:\\\/\\\/schema.org\",\"@graph\":[{\"@type\":\"Article\",\"@id\":\"https:\\\/\\\/eldigitaldeasturias.com\\\/magazine365\\\/cadiz-comienza-este-jueves-la-temporada-media-de-playas\\\/#article\",\"name\":\"C\\u00e1diz comienza este jueves la temporada media de playas | El Digital de Asturias\",\"headline\":\"C\\u00e1diz comienza este jueves la temporada media de playas\",\"author\":{\"@id\":\"https:\\\/\\\/eldigitaldeasturias.com\\\/magazine365\\\/author\\\/admin\\\/#author\"},\"publisher\":{\"@id\":\"https:\\\/\\\/eldigitaldeasturias.com\\\/magazine365\\\/#organization\"},\"image\":{\"@type\":\"ImageObject\",\"url\":\"https:\\\/\\\/eldigitaldeasturias.com\\\/magazine365\\\/wp-content\\\/uploads\\\/2016\\\/06\\\/fotonoticia_20160615143954_800.jpg\",\"width\":800,\"height\":600},\"datePublished\":\"2016-06-15T16:31:43+02:00\",\"dateModified\":\"2016-06-15T16:31:43+02:00\",\"inLanguage\":\"es-ES\",\"mainEntityOfPage\":{\"@id\":\"https:\\\/\\\/eldigitaldeasturias.com\\\/magazine365\\\/cadiz-comienza-este-jueves-la-temporada-media-de-playas\\\/#webpage\"},\"isPartOf\":{\"@id\":\"https:\\\/\\\/eldigitaldeasturias.com\\\/magazine365\\\/cadiz-comienza-este-jueves-la-temporada-media-de-playas\\\/#webpage\"},\"articleSection\":\"Noticias y Actualidad\"},{\"@type\":\"BreadcrumbList\",\"@id\":\"https:\\\/\\\/eldigitaldeasturias.com\\\/magazine365\\\/cadiz-comienza-este-jueves-la-temporada-media-de-playas\\\/#breadcrumblist\",\"itemListElement\":[{\"@type\":\"ListItem\",\"@id\":\"https:\\\/\\\/eldigitaldeasturias.com\\\/magazine365#listItem\",\"position\":1,\"name\":\"Home\",\"item\":\"https:\\\/\\\/eldigitaldeasturias.com\\\/magazine365\",\"nextItem\":{\"@type\":\"ListItem\",\"@id\":\"https:\\\/\\\/eldigitaldeasturias.com\\\/magazine365\\\/category\\\/noticias-actualidad\\\/#listItem\",\"name\":\"Noticias y Actualidad\"}},{\"@type\":\"ListItem\",\"@id\":\"https:\\\/\\\/eldigitaldeasturias.com\\\/magazine365\\\/category\\\/noticias-actualidad\\\/#listItem\",\"position\":2,\"name\":\"Noticias y Actualidad\",\"item\":\"https:\\\/\\\/eldigitaldeasturias.com\\\/magazine365\\\/category\\\/noticias-actualidad\\\/\",\"nextItem\":{\"@type\":\"ListItem\",\"@id\":\"https:\\\/\\\/eldigitaldeasturias.com\\\/magazine365\\\/cadiz-comienza-este-jueves-la-temporada-media-de-playas\\\/#listItem\",\"name\":\"C\\u00e1diz comienza este jueves la temporada media de playas\"},\"previousItem\":{\"@type\":\"ListItem\",\"@id\":\"https:\\\/\\\/eldigitaldeasturias.com\\\/magazine365#listItem\",\"name\":\"Home\"}},{\"@type\":\"ListItem\",\"@id\":\"https:\\\/\\\/eldigitaldeasturias.com\\\/magazine365\\\/cadiz-comienza-este-jueves-la-temporada-media-de-playas\\\/#listItem\",\"position\":3,\"name\":\"C\\u00e1diz comienza este jueves la temporada media de playas\",\"previousItem\":{\"@type\":\"ListItem\",\"@id\":\"https:\\\/\\\/eldigitaldeasturias.com\\\/magazine365\\\/category\\\/noticias-actualidad\\\/#listItem\",\"name\":\"Noticias y Actualidad\"}}]},{\"@type\":\"Organization\",\"@id\":\"https:\\\/\\\/eldigitaldeasturias.com\\\/magazine365\\\/#organization\",\"name\":\"El digital de Asturias\",\"description\":\"Revista de ocio, turismo y estilo de vida\",\"url\":\"https:\\\/\\\/eldigitaldeasturias.com\\\/magazine365\\\/\",\"logo\":{\"@type\":\"ImageObject\",\"url\":\"https:\\\/\\\/www.eldigitaldeasturias.com\\\/noticias\\\/wp-content\\\/uploads\\\/2020\\\/12\\\/EDA.jpg\",\"@id\":\"https:\\\/\\\/eldigitaldeasturias.com\\\/magazine365\\\/cadiz-comienza-este-jueves-la-temporada-media-de-playas\\\/#organizationLogo\"},\"image\":{\"@id\":\"https:\\\/\\\/eldigitaldeasturias.com\\\/magazine365\\\/cadiz-comienza-este-jueves-la-temporada-media-de-playas\\\/#organizationLogo\"}},{\"@type\":\"Person\",\"@id\":\"https:\\\/\\\/eldigitaldeasturias.com\\\/magazine365\\\/author\\\/admin\\\/#author\",\"url\":\"https:\\\/\\\/eldigitaldeasturias.com\\\/magazine365\\\/author\\\/admin\\\/\",\"name\":\"admin\",\"image\":{\"@type\":\"ImageObject\",\"@id\":\"https:\\\/\\\/eldigitaldeasturias.com\\\/magazine365\\\/cadiz-comienza-este-jueves-la-temporada-media-de-playas\\\/#authorImage\",\"url\":\"https:\\\/\\\/eldigitaldeasturias.com\\\/magazine365\\\/wp-content\\\/litespeed\\\/avatar\\\/e571bcf59a0edd6fa6838245a470f2fe.jpg?ver=1776969259\",\"width\":96,\"height\":96,\"caption\":\"admin\"}},{\"@type\":\"WebPage\",\"@id\":\"https:\\\/\\\/eldigitaldeasturias.com\\\/magazine365\\\/cadiz-comienza-este-jueves-la-temporada-media-de-playas\\\/#webpage\",\"url\":\"https:\\\/\\\/eldigitaldeasturias.com\\\/magazine365\\\/cadiz-comienza-este-jueves-la-temporada-media-de-playas\\\/\",\"name\":\"C\\u00e1diz comienza este jueves la temporada media de playas | El Digital de Asturias\",\"description\":\"El Ayuntamiento de C\\u00e1diz ha anunciado que este jueves se pondr\\u00e1 en marcha la temporada media de playas, con el correspondiente incremento de equipamientos y servicios en la costa gaditana. As\\u00ed, seg\\u00fan ha detallado el Ayuntamiento en una nota, desde este jueves estar\\u00e1n operativos los m\\u00f3dulos del uno al seis y el de Marianista Cubillo\",\"inLanguage\":\"es-ES\",\"isPartOf\":{\"@id\":\"https:\\\/\\\/eldigitaldeasturias.com\\\/magazine365\\\/#website\"},\"breadcrumb\":{\"@id\":\"https:\\\/\\\/eldigitaldeasturias.com\\\/magazine365\\\/cadiz-comienza-este-jueves-la-temporada-media-de-playas\\\/#breadcrumblist\"},\"author\":{\"@id\":\"https:\\\/\\\/eldigitaldeasturias.com\\\/magazine365\\\/author\\\/admin\\\/#author\"},\"creator\":{\"@id\":\"https:\\\/\\\/eldigitaldeasturias.com\\\/magazine365\\\/author\\\/admin\\\/#author\"},\"image\":{\"@type\":\"ImageObject\",\"url\":\"https:\\\/\\\/eldigitaldeasturias.com\\\/magazine365\\\/wp-content\\\/uploads\\\/2016\\\/06\\\/fotonoticia_20160615143954_800.jpg\",\"@id\":\"https:\\\/\\\/eldigitaldeasturias.com\\\/magazine365\\\/cadiz-comienza-este-jueves-la-temporada-media-de-playas\\\/#mainImage\",\"width\":800,\"height\":600},\"primaryImageOfPage\":{\"@id\":\"https:\\\/\\\/eldigitaldeasturias.com\\\/magazine365\\\/cadiz-comienza-este-jueves-la-temporada-media-de-playas\\\/#mainImage\"},\"datePublished\":\"2016-06-15T16:31:43+02:00\",\"dateModified\":\"2016-06-15T16:31:43+02:00\"},{\"@type\":\"WebSite\",\"@id\":\"https:\\\/\\\/eldigitaldeasturias.com\\\/magazine365\\\/#website\",\"url\":\"https:\\\/\\\/eldigitaldeasturias.com\\\/magazine365\\\/\",\"name\":\"El Digital de Asturias\",\"description\":\"Revista de ocio, turismo y estilo de vida\",\"inLanguage\":\"es-ES\",\"publisher\":{\"@id\":\"https:\\\/\\\/eldigitaldeasturias.com\\\/magazine365\\\/#organization\"}}]}\n\t\t<\/script>\n\t\t<!-- All in One SEO Pro -->\r\n\t\t<title>C\u00e1diz comienza este jueves la temporada media de playas | El Digital de Asturias<\/title>\n\n","aioseo_head_json":{"title":"C\u00e1diz comienza este jueves la temporada media de playas | El Digital de Asturias","description":"El Ayuntamiento de C\u00e1diz ha anunciado que este jueves se pondr\u00e1 en marcha la temporada media de playas, con el correspondiente incremento de equipamientos y servicios en la costa gaditana. As\u00ed, seg\u00fan ha detallado el Ayuntamiento en una nota, desde este jueves estar\u00e1n operativos los m\u00f3dulos del uno al seis y el de Marianista Cubillo","canonical_url":"https:\/\/eldigitaldeasturias.com\/magazine365\/cadiz-comienza-este-jueves-la-temporada-media-de-playas\/","robots":"max-image-preview:large","keywords":"noticias y actualidad","webmasterTools":{"google-site-verification":"UA-38556648-1","miscellaneous":""},"schema":{"@context":"https:\/\/schema.org","@graph":[{"@type":"Article","@id":"https:\/\/eldigitaldeasturias.com\/magazine365\/cadiz-comienza-este-jueves-la-temporada-media-de-playas\/#article","name":"C\u00e1diz comienza este jueves la temporada media de playas | El Digital de Asturias","headline":"C\u00e1diz comienza este jueves la temporada media de playas","author":{"@id":"https:\/\/eldigitaldeasturias.com\/magazine365\/author\/admin\/#author"},"publisher":{"@id":"https:\/\/eldigitaldeasturias.com\/magazine365\/#organization"},"image":{"@type":"ImageObject","url":"https:\/\/eldigitaldeasturias.com\/magazine365\/wp-content\/uploads\/2016\/06\/fotonoticia_20160615143954_800.jpg","width":800,"height":600},"datePublished":"2016-06-15T16:31:43+02:00","dateModified":"2016-06-15T16:31:43+02:00","inLanguage":"es-ES","mainEntityOfPage":{"@id":"https:\/\/eldigitaldeasturias.com\/magazine365\/cadiz-comienza-este-jueves-la-temporada-media-de-playas\/#webpage"},"isPartOf":{"@id":"https:\/\/eldigitaldeasturias.com\/magazine365\/cadiz-comienza-este-jueves-la-temporada-media-de-playas\/#webpage"},"articleSection":"Noticias y Actualidad"},{"@type":"BreadcrumbList","@id":"https:\/\/eldigitaldeasturias.com\/magazine365\/cadiz-comienza-este-jueves-la-temporada-media-de-playas\/#breadcrumblist","itemListElement":[{"@type":"ListItem","@id":"https:\/\/eldigitaldeasturias.com\/magazine365#listItem","position":1,"name":"Home","item":"https:\/\/eldigitaldeasturias.com\/magazine365","nextItem":{"@type":"ListItem","@id":"https:\/\/eldigitaldeasturias.com\/magazine365\/category\/noticias-actualidad\/#listItem","name":"Noticias y Actualidad"}},{"@type":"ListItem","@id":"https:\/\/eldigitaldeasturias.com\/magazine365\/category\/noticias-actualidad\/#listItem","position":2,"name":"Noticias y Actualidad","item":"https:\/\/eldigitaldeasturias.com\/magazine365\/category\/noticias-actualidad\/","nextItem":{"@type":"ListItem","@id":"https:\/\/eldigitaldeasturias.com\/magazine365\/cadiz-comienza-este-jueves-la-temporada-media-de-playas\/#listItem","name":"C\u00e1diz comienza este jueves la temporada media de playas"},"previousItem":{"@type":"ListItem","@id":"https:\/\/eldigitaldeasturias.com\/magazine365#listItem","name":"Home"}},{"@type":"ListItem","@id":"https:\/\/eldigitaldeasturias.com\/magazine365\/cadiz-comienza-este-jueves-la-temporada-media-de-playas\/#listItem","position":3,"name":"C\u00e1diz comienza este jueves la temporada media de playas","previousItem":{"@type":"ListItem","@id":"https:\/\/eldigitaldeasturias.com\/magazine365\/category\/noticias-actualidad\/#listItem","name":"Noticias y Actualidad"}}]},{"@type":"Organization","@id":"https:\/\/eldigitaldeasturias.com\/magazine365\/#organization","name":"El digital de Asturias","description":"Revista de ocio, turismo y estilo de vida","url":"https:\/\/eldigitaldeasturias.com\/magazine365\/","logo":{"@type":"ImageObject","url":"https:\/\/www.eldigitaldeasturias.com\/noticias\/wp-content\/uploads\/2020\/12\/EDA.jpg","@id":"https:\/\/eldigitaldeasturias.com\/magazine365\/cadiz-comienza-este-jueves-la-temporada-media-de-playas\/#organizationLogo"},"image":{"@id":"https:\/\/eldigitaldeasturias.com\/magazine365\/cadiz-comienza-este-jueves-la-temporada-media-de-playas\/#organizationLogo"}},{"@type":"Person","@id":"https:\/\/eldigitaldeasturias.com\/magazine365\/author\/admin\/#author","url":"https:\/\/eldigitaldeasturias.com\/magazine365\/author\/admin\/","name":"admin","image":{"@type":"ImageObject","@id":"https:\/\/eldigitaldeasturias.com\/magazine365\/cadiz-comienza-este-jueves-la-temporada-media-de-playas\/#authorImage","url":"https:\/\/eldigitaldeasturias.com\/magazine365\/wp-content\/litespeed\/avatar\/e571bcf59a0edd6fa6838245a470f2fe.jpg?ver=1776969259","width":96,"height":96,"caption":"admin"}},{"@type":"WebPage","@id":"https:\/\/eldigitaldeasturias.com\/magazine365\/cadiz-comienza-este-jueves-la-temporada-media-de-playas\/#webpage","url":"https:\/\/eldigitaldeasturias.com\/magazine365\/cadiz-comienza-este-jueves-la-temporada-media-de-playas\/","name":"C\u00e1diz comienza este jueves la temporada media de playas | El Digital de Asturias","description":"El Ayuntamiento de C\u00e1diz ha anunciado que este jueves se pondr\u00e1 en marcha la temporada media de playas, con el correspondiente incremento de equipamientos y servicios en la costa gaditana. As\u00ed, seg\u00fan ha detallado el Ayuntamiento en una nota, desde este jueves estar\u00e1n operativos los m\u00f3dulos del uno al seis y el de Marianista Cubillo","inLanguage":"es-ES","isPartOf":{"@id":"https:\/\/eldigitaldeasturias.com\/magazine365\/#website"},"breadcrumb":{"@id":"https:\/\/eldigitaldeasturias.com\/magazine365\/cadiz-comienza-este-jueves-la-temporada-media-de-playas\/#breadcrumblist"},"author":{"@id":"https:\/\/eldigitaldeasturias.com\/magazine365\/author\/admin\/#author"},"creator":{"@id":"https:\/\/eldigitaldeasturias.com\/magazine365\/author\/admin\/#author"},"image":{"@type":"ImageObject","url":"https:\/\/eldigitaldeasturias.com\/magazine365\/wp-content\/uploads\/2016\/06\/fotonoticia_20160615143954_800.jpg","@id":"https:\/\/eldigitaldeasturias.com\/magazine365\/cadiz-comienza-este-jueves-la-temporada-media-de-playas\/#mainImage","width":800,"height":600},"primaryImageOfPage":{"@id":"https:\/\/eldigitaldeasturias.com\/magazine365\/cadiz-comienza-este-jueves-la-temporada-media-de-playas\/#mainImage"},"datePublished":"2016-06-15T16:31:43+02:00","dateModified":"2016-06-15T16:31:43+02:00"},{"@type":"WebSite","@id":"https:\/\/eldigitaldeasturias.com\/magazine365\/#website","url":"https:\/\/eldigitaldeasturias.com\/magazine365\/","name":"El Digital de Asturias","description":"Revista de ocio, turismo y estilo de vida","inLanguage":"es-ES","publisher":{"@id":"https:\/\/eldigitaldeasturias.com\/magazine365\/#organization"}}]},"og:locale":"es_ES","og:site_name":"El Digital de Asturias \u2013 Revista de ocio, turismo y estilo de vida","og:type":"article","og:title":"C\u00e1diz comienza este jueves la temporada media de playas | El Digital de Asturias","og:description":"El Ayuntamiento de C\u00e1diz ha anunciado que este jueves se pondr\u00e1 en marcha la temporada media de playas, con el correspondiente incremento de equipamientos y servicios en la costa gaditana. As\u00ed, seg\u00fan ha detallado el Ayuntamiento en una nota, desde este jueves estar\u00e1n operativos los m\u00f3dulos del uno al seis y el de Marianista Cubillo","og:url":"https:\/\/eldigitaldeasturias.com\/magazine365\/cadiz-comienza-este-jueves-la-temporada-media-de-playas\/","og:image":"https:\/\/eldigitaldeasturias.com\/magazine365\/wp-content\/uploads\/2016\/06\/fotonoticia_20160615143954_800.jpg","og:image:secure_url":"https:\/\/eldigitaldeasturias.com\/magazine365\/wp-content\/uploads\/2016\/06\/fotonoticia_20160615143954_800.jpg","og:image:width":800,"og:image:height":600,"article:published_time":"2016-06-15T14:31:43+00:00","article:modified_time":"2016-06-15T14:31:43+00:00","twitter:card":"summary_large_image","twitter:title":"C\u00e1diz comienza este jueves la temporada media de playas | El Digital de Asturias","twitter:description":"El Ayuntamiento de C\u00e1diz ha anunciado que este jueves se pondr\u00e1 en marcha la temporada media de playas, con el correspondiente incremento de equipamientos y servicios en la costa gaditana. As\u00ed, seg\u00fan ha detallado el Ayuntamiento en una nota, desde este jueves estar\u00e1n operativos los m\u00f3dulos del uno al seis y el de Marianista Cubillo","twitter:image":"https:\/\/eldigitaldeasturias.com\/magazine365\/wp-content\/uploads\/2016\/06\/fotonoticia_20160615143954_800.jpg"},"aioseo_meta_data":{"post_id":"79453","title":null,"description":null,"keywords":null,"keyphrases":null,"primary_term":null,"canonical_url":null,"og_title":null,"og_description":null,"og_object_type":"default","og_image_type":"default","og_image_url":null,"og_image_width":null,"og_image_height":null,"og_image_custom_url":null,"og_image_custom_fields":null,"og_video":null,"og_custom_url":null,"og_article_section":null,"og_article_tags":null,"twitter_use_og":false,"twitter_card":"default","twitter_image_type":"default","twitter_image_url":null,"twitter_image_custom_url":null,"twitter_image_custom_fields":null,"twitter_title":null,"twitter_description":null,"schema":{"blockGraphs":[],"customGraphs":[],"default":{"data":{"Article":[],"Course":[],"Dataset":[],"FAQPage":[],"Movie":[],"Person":[],"Product":[],"ProductReview":[],"Car":[],"Recipe":[],"Service":[],"SoftwareApplication":[],"WebPage":[]},"graphName":"","isEnabled":true},"graphs":[],"defaultGraph":"","defaultPostTypeGraph":""},"schema_type":null,"schema_type_options":null,"pillar_content":false,"robots_default":true,"robots_noindex":false,"robots_noarchive":false,"robots_nosnippet":false,"robots_nofollow":false,"robots_noimageindex":false,"robots_noodp":false,"robots_notranslate":false,"robots_max_snippet":null,"robots_max_videopreview":null,"robots_max_imagepreview":"large","priority":null,"frequency":null,"location":null,"local_seo":null,"seo_analyzer_scan_date":"2025-09-27 18:55:10","breadcrumb_settings":null,"limit_modified_date":false,"open_ai":null,"ai":null,"created":"2021-03-08 17:48:08","updated":"2025-09-27 18:55:10"},"aioseo_breadcrumb":"<div class=\"aioseo-breadcrumbs\"><span class=\"aioseo-breadcrumb\">\n\t<a href=\"https:\/\/eldigitaldeasturias.com\/magazine365\" title=\"Home\">Home<\/a>\n<\/span><span class=\"aioseo-breadcrumb-separator\">\u2013<\/span><span class=\"aioseo-breadcrumb\">\n\t<a href=\"https:\/\/eldigitaldeasturias.com\/magazine365\/category\/noticias-actualidad\/\" title=\"Noticias y Actualidad\">Noticias y Actualidad<\/a>\n<\/span><span class=\"aioseo-breadcrumb-separator\">\u2013<\/span><span class=\"aioseo-breadcrumb\">\n\t<a href=\"https:\/\/eldigitaldeasturias.com\/magazine365\/cadiz-comienza-este-jueves-la-temporada-media-de-playas\/\" title=\"C\u00e1diz comienza este jueves la temporada media de playas\">C\u00e1diz comienza este jueves la temporada media de playas<\/a>\n<\/span><\/div>","aioseo_breadcrumb_json":[{"label":"Home","link":"https:\/\/eldigitaldeasturias.com\/magazine365"},{"label":"Noticias y Actualidad","link":"https:\/\/eldigitaldeasturias.com\/magazine365\/category\/noticias-actualidad\/"},{"label":"C\u00e1diz comienza este jueves la temporada media de playas","link":"https:\/\/eldigitaldeasturias.com\/magazine365\/cadiz-comienza-este-jueves-la-temporada-media-de-playas\/"}],"_links":{"self":[{"href":"https:\/\/eldigitaldeasturias.com\/magazine365\/wp-json\/wp\/v2\/posts\/79453","targetHints":{"allow":["GET"]}}],"collection":[{"href":"https:\/\/eldigitaldeasturias.com\/magazine365\/wp-json\/wp\/v2\/posts"}],"about":[{"href":"https:\/\/eldigitaldeasturias.com\/magazine365\/wp-json\/wp\/v2\/types\/post"}],"author":[{"embeddable":true,"href":"https:\/\/eldigitaldeasturias.com\/magazine365\/wp-json\/wp\/v2\/users\/1"}],"replies":[{"embeddable":true,"href":"https:\/\/eldigitaldeasturias.com\/magazine365\/wp-json\/wp\/v2\/comments?post=79453"}],"version-history":[{"count":0,"href":"https:\/\/eldigitaldeasturias.com\/magazine365\/wp-json\/wp\/v2\/posts\/79453\/revisions"}],"wp:featuredmedia":[{"embeddable":true,"href":"https:\/\/eldigitaldeasturias.com\/magazine365\/wp-json\/wp\/v2\/media\/79454"}],"wp:attachment":[{"href":"https:\/\/eldigitaldeasturias.com\/magazine365\/wp-json\/wp\/v2\/media?parent=79453"}],"wp:term":[{"taxonomy":"category","embeddable":true,"href":"https:\/\/eldigitaldeasturias.com\/magazine365\/wp-json\/wp\/v2\/categories?post=79453"},{"taxonomy":"post_tag","embeddable":true,"href":"https:\/\/eldigitaldeasturias.com\/magazine365\/wp-json\/wp\/v2\/tags?post=79453"}],"curies":[{"name":"wp","href":"https:\/\/api.w.org\/{rel}","templated":true}]}}