{"id":79444,"date":"2016-06-15T16:28:51","date_gmt":"2016-06-15T14:28:51","guid":{"rendered":"http:\/\/eldigitaldeasturias.com\/magazine365\/?p=79444"},"modified":"2016-06-15T16:28:51","modified_gmt":"2016-06-15T14:28:51","slug":"junta-y-ayuntamiento-de-alcala-de-guadaira-colaboran-para-impulsar-el-turismo","status":"publish","type":"post","link":"https:\/\/eldigitaldeasturias.com\/magazine365\/junta-y-ayuntamiento-de-alcala-de-guadaira-colaboran-para-impulsar-el-turismo\/","title":{"rendered":"Junta y Ayuntamiento de Alcal\u00e1 de Guada\u00edra colaboran para impulsar el turismo"},"content":{"rendered":"<p><img fetchpriority=\"high\" decoding=\"async\" class=\"alignleft size-medium wp-image-79445\" src=\"https:\/\/eldigitaldeasturias.com\/magazine365\/wp-content\/uploads\/2016\/06\/fotonoticia_20160615143732_800-300x300.jpg\" alt=\"fotonoticia_20160615143732_800\" width=\"300\" height=\"300\" srcset=\"https:\/\/eldigitaldeasturias.com\/magazine365\/wp-content\/uploads\/2016\/06\/fotonoticia_20160615143732_800-300x300.jpg 300w, https:\/\/eldigitaldeasturias.com\/magazine365\/wp-content\/uploads\/2016\/06\/fotonoticia_20160615143732_800-640x640.jpg 640w, https:\/\/eldigitaldeasturias.com\/magazine365\/wp-content\/uploads\/2016\/06\/fotonoticia_20160615143732_800-768x768.jpg 768w, https:\/\/eldigitaldeasturias.com\/magazine365\/wp-content\/uploads\/2016\/06\/fotonoticia_20160615143732_800-150x150.jpg 150w, https:\/\/eldigitaldeasturias.com\/magazine365\/wp-content\/uploads\/2016\/06\/fotonoticia_20160615143732_800-450x450.jpg 450w, https:\/\/eldigitaldeasturias.com\/magazine365\/wp-content\/uploads\/2016\/06\/fotonoticia_20160615143732_800-50x50.jpg 50w, https:\/\/eldigitaldeasturias.com\/magazine365\/wp-content\/uploads\/2016\/06\/fotonoticia_20160615143732_800-301x300.jpg 301w, https:\/\/eldigitaldeasturias.com\/magazine365\/wp-content\/uploads\/2016\/06\/fotonoticia_20160615143732_800-135x135.jpg 135w, https:\/\/eldigitaldeasturias.com\/magazine365\/wp-content\/uploads\/2016\/06\/fotonoticia_20160615143732_800-100x100.jpg 100w, https:\/\/eldigitaldeasturias.com\/magazine365\/wp-content\/uploads\/2016\/06\/fotonoticia_20160615143732_800.jpg 800w\" sizes=\"(max-width: 300px) 100vw, 300px\" \/>El consejero de Turismo y Deporte, Francisco Javier Fern\u00e1ndez, ha avanzado este mi\u00e9rcoles, tras reunirse con la alcaldesa de Alcal\u00e1 de Guada\u00edra (Sevilla), Ana Isabel Jim\u00e9nez, que ambas administraciones colaborar\u00e1n para impulsar el aprovechamiento tur\u00edstico de varios recursos de la localidad y ha apostado por el desarrollo de una oferta de productos ligada a los segmentos patrimonial-cultural, de flamenco o gastron\u00f3mico.<\/p>\n<p>El consejero ha visitado los principales enclaves de la ciudad, como el Barrio del Castillo, la zona monumental, el Parque de Ribera del Guada\u00edra, el Molino del Algarrobo y la Harinera, y ha afirmado que estos recursos tienen un \u00abenorme potencial de desarrollo tur\u00edstico\u00bb y pueden dar \u00abmuchas oportunidades\u00bb, a trav\u00e9s de una oferta basada \u00aben el patrimonio hist\u00f3rico-arquitect\u00f3nico, pero tambi\u00e9n en la gastronom\u00eda y el flamenco\u00bb.<\/p>\n<p>Por ello, Fern\u00e1ndez ha ofrecido el respaldo de la Junta en el desarrollo de actuaciones que permitan poner en valor estos recursos, para lo que, en breve, se comenzar\u00e1 el dise\u00f1o de medidas concretas en colaboraci\u00f3n con el Ayuntamiento, con el sector empresarial local y con la sociedad civil. \u00abTenemos claro que las propuestas para hacer esa promoci\u00f3n tienen que ser de todos los vecinos de Alcal\u00e1\u00bb, ha asegurado.<\/p>\n<p>Por su parte, la alcaldesa alcalare\u00f1a ha agradecido el apoyo de la Consejer\u00eda y ha destacado el potencial de la localidad en cuanto a proyecci\u00f3n tur\u00edstica y las oportunidades de desarrollo econ\u00f3mico a trav\u00e9s de la cultura, el deporte y el patrimonio. Adem\u00e1s, ha subrayado la singularidad de este municipio sevillano, que pese a ser una \u00abgran ciudad\u00bb, \u00abtiene esa esencia de pueblo que nos hace ser diferentes\u00bb.<\/p>\n<p>En este sentido, Jim\u00e9nez puso de relieve que la localidad \u00abtiene un patrimonio natural, hist\u00f3rico, art\u00edstico, cultural e inmaterial del que nos sentimos profundamente orgullosos y eso conforma la identidad de la marca Alcal\u00e1 que hoy queremos potenciar\u00bb, al tiempo que ha confiado en que las actuaciones que se van a desarrollar permitan \u00abmultiplicar por mucho\u00bb los 27.000 visitantes que contabiliz\u00f3 el municipio en 2015.<\/p>\n","protected":false},"excerpt":{"rendered":"<p>El consejero de Turismo y Deporte, Francisco Javier Fern\u00e1ndez, ha avanzado este mi\u00e9rcoles, tras reunirse con la alcaldesa de Alcal\u00e1 de Guada\u00edra (Sevilla), Ana Isabel Jim\u00e9nez, que ambas administraciones colaborar\u00e1n para impulsar el aprovechamiento tur\u00edstico de varios recursos de la localidad y ha apostado por el desarrollo de una oferta de productos ligada a los<\/p>\n","protected":false},"author":1,"featured_media":79445,"comment_status":"open","ping_status":"closed","sticky":false,"template":"","format":"standard","meta":{"footnotes":""},"categories":[224],"tags":[],"class_list":{"0":"post-79444","1":"post","2":"type-post","3":"status-publish","4":"format-standard","5":"has-post-thumbnail","7":"category-noticias-actualidad"},"aioseo_notices":[],"aioseo_head":"\n\t\t<!-- All in One SEO Pro 4.9.6.1 - aioseo.com -->\n\t<meta name=\"description\" content=\"El consejero de Turismo y Deporte, Francisco Javier Fern\u00e1ndez, ha avanzado este mi\u00e9rcoles, tras reunirse con la alcaldesa de Alcal\u00e1 de Guada\u00edra (Sevilla), Ana Isabel Jim\u00e9nez, que ambas administraciones colaborar\u00e1n para impulsar el aprovechamiento tur\u00edstico de varios recursos de la localidad y ha apostado por el desarrollo de una oferta de productos ligada a los\" \/>\n\t<meta name=\"robots\" content=\"max-image-preview:large\" \/>\n\t<meta name=\"author\" content=\"admin\"\/>\n\t<meta name=\"google-site-verification\" content=\"UA-38556648-1\" \/>\n\t<meta name=\"keywords\" content=\"noticias y actualidad\" \/>\n\t<link rel=\"canonical\" href=\"https:\/\/eldigitaldeasturias.com\/magazine365\/junta-y-ayuntamiento-de-alcala-de-guadaira-colaboran-para-impulsar-el-turismo\/\" \/>\n\t<meta name=\"generator\" content=\"All in One SEO Pro (AIOSEO) 4.9.6.1\" \/>\n\t\t<meta property=\"og:locale\" content=\"es_ES\" \/>\n\t\t<meta property=\"og:site_name\" content=\"El Digital de Asturias \u2013 Revista de ocio, turismo y estilo de vida\" \/>\n\t\t<meta property=\"og:type\" content=\"article\" \/>\n\t\t<meta property=\"og:title\" content=\"Junta y Ayuntamiento de Alcal\u00e1 de Guada\u00edra colaboran para impulsar el turismo | El Digital de Asturias\" \/>\n\t\t<meta property=\"og:description\" content=\"El consejero de Turismo y Deporte, Francisco Javier Fern\u00e1ndez, ha avanzado este mi\u00e9rcoles, tras reunirse con la alcaldesa de Alcal\u00e1 de Guada\u00edra (Sevilla), Ana Isabel Jim\u00e9nez, que ambas administraciones colaborar\u00e1n para impulsar el aprovechamiento tur\u00edstico de varios recursos de la localidad y ha apostado por el desarrollo de una oferta de productos ligada a los\" \/>\n\t\t<meta property=\"og:url\" content=\"https:\/\/eldigitaldeasturias.com\/magazine365\/junta-y-ayuntamiento-de-alcala-de-guadaira-colaboran-para-impulsar-el-turismo\/\" \/>\n\t\t<meta property=\"og:image\" content=\"https:\/\/eldigitaldeasturias.com\/magazine365\/wp-content\/uploads\/2016\/06\/fotonoticia_20160615143732_800.jpg\" \/>\n\t\t<meta property=\"og:image:secure_url\" content=\"https:\/\/eldigitaldeasturias.com\/magazine365\/wp-content\/uploads\/2016\/06\/fotonoticia_20160615143732_800.jpg\" \/>\n\t\t<meta property=\"og:image:width\" content=\"800\" \/>\n\t\t<meta property=\"og:image:height\" content=\"800\" \/>\n\t\t<meta property=\"article:published_time\" content=\"2016-06-15T14:28:51+00:00\" \/>\n\t\t<meta property=\"article:modified_time\" content=\"2016-06-15T14:28:51+00:00\" \/>\n\t\t<meta name=\"twitter:card\" content=\"summary_large_image\" \/>\n\t\t<meta name=\"twitter:title\" content=\"Junta y Ayuntamiento de Alcal\u00e1 de Guada\u00edra colaboran para impulsar el turismo | El Digital de Asturias\" \/>\n\t\t<meta name=\"twitter:description\" content=\"El consejero de Turismo y Deporte, Francisco Javier Fern\u00e1ndez, ha avanzado este mi\u00e9rcoles, tras reunirse con la alcaldesa de Alcal\u00e1 de Guada\u00edra (Sevilla), Ana Isabel Jim\u00e9nez, que ambas administraciones colaborar\u00e1n para impulsar el aprovechamiento tur\u00edstico de varios recursos de la localidad y ha apostado por el desarrollo de una oferta de productos ligada a los\" \/>\n\t\t<meta name=\"twitter:image\" content=\"https:\/\/eldigitaldeasturias.com\/magazine365\/wp-content\/uploads\/2016\/06\/fotonoticia_20160615143732_800.jpg\" \/>\n\t\t<script type=\"application\/ld+json\" class=\"aioseo-schema\">\n\t\t\t{\"@context\":\"https:\\\/\\\/schema.org\",\"@graph\":[{\"@type\":\"Article\",\"@id\":\"https:\\\/\\\/eldigitaldeasturias.com\\\/magazine365\\\/junta-y-ayuntamiento-de-alcala-de-guadaira-colaboran-para-impulsar-el-turismo\\\/#article\",\"name\":\"Junta y Ayuntamiento de Alcal\\u00e1 de Guada\\u00edra colaboran para impulsar el turismo | El Digital de Asturias\",\"headline\":\"Junta y Ayuntamiento de Alcal\\u00e1 de Guada\\u00edra colaboran para impulsar el turismo\",\"author\":{\"@id\":\"https:\\\/\\\/eldigitaldeasturias.com\\\/magazine365\\\/author\\\/admin\\\/#author\"},\"publisher\":{\"@id\":\"https:\\\/\\\/eldigitaldeasturias.com\\\/magazine365\\\/#organization\"},\"image\":{\"@type\":\"ImageObject\",\"url\":\"https:\\\/\\\/eldigitaldeasturias.com\\\/magazine365\\\/wp-content\\\/uploads\\\/2016\\\/06\\\/fotonoticia_20160615143732_800.jpg\",\"width\":800,\"height\":800},\"datePublished\":\"2016-06-15T16:28:51+02:00\",\"dateModified\":\"2016-06-15T16:28:51+02:00\",\"inLanguage\":\"es-ES\",\"mainEntityOfPage\":{\"@id\":\"https:\\\/\\\/eldigitaldeasturias.com\\\/magazine365\\\/junta-y-ayuntamiento-de-alcala-de-guadaira-colaboran-para-impulsar-el-turismo\\\/#webpage\"},\"isPartOf\":{\"@id\":\"https:\\\/\\\/eldigitaldeasturias.com\\\/magazine365\\\/junta-y-ayuntamiento-de-alcala-de-guadaira-colaboran-para-impulsar-el-turismo\\\/#webpage\"},\"articleSection\":\"Noticias y Actualidad\"},{\"@type\":\"BreadcrumbList\",\"@id\":\"https:\\\/\\\/eldigitaldeasturias.com\\\/magazine365\\\/junta-y-ayuntamiento-de-alcala-de-guadaira-colaboran-para-impulsar-el-turismo\\\/#breadcrumblist\",\"itemListElement\":[{\"@type\":\"ListItem\",\"@id\":\"https:\\\/\\\/eldigitaldeasturias.com\\\/magazine365#listItem\",\"position\":1,\"name\":\"Home\",\"item\":\"https:\\\/\\\/eldigitaldeasturias.com\\\/magazine365\",\"nextItem\":{\"@type\":\"ListItem\",\"@id\":\"https:\\\/\\\/eldigitaldeasturias.com\\\/magazine365\\\/category\\\/noticias-actualidad\\\/#listItem\",\"name\":\"Noticias y Actualidad\"}},{\"@type\":\"ListItem\",\"@id\":\"https:\\\/\\\/eldigitaldeasturias.com\\\/magazine365\\\/category\\\/noticias-actualidad\\\/#listItem\",\"position\":2,\"name\":\"Noticias y Actualidad\",\"item\":\"https:\\\/\\\/eldigitaldeasturias.com\\\/magazine365\\\/category\\\/noticias-actualidad\\\/\",\"nextItem\":{\"@type\":\"ListItem\",\"@id\":\"https:\\\/\\\/eldigitaldeasturias.com\\\/magazine365\\\/junta-y-ayuntamiento-de-alcala-de-guadaira-colaboran-para-impulsar-el-turismo\\\/#listItem\",\"name\":\"Junta y Ayuntamiento de Alcal\\u00e1 de Guada\\u00edra colaboran para impulsar el turismo\"},\"previousItem\":{\"@type\":\"ListItem\",\"@id\":\"https:\\\/\\\/eldigitaldeasturias.com\\\/magazine365#listItem\",\"name\":\"Home\"}},{\"@type\":\"ListItem\",\"@id\":\"https:\\\/\\\/eldigitaldeasturias.com\\\/magazine365\\\/junta-y-ayuntamiento-de-alcala-de-guadaira-colaboran-para-impulsar-el-turismo\\\/#listItem\",\"position\":3,\"name\":\"Junta y Ayuntamiento de Alcal\\u00e1 de Guada\\u00edra colaboran para impulsar el turismo\",\"previousItem\":{\"@type\":\"ListItem\",\"@id\":\"https:\\\/\\\/eldigitaldeasturias.com\\\/magazine365\\\/category\\\/noticias-actualidad\\\/#listItem\",\"name\":\"Noticias y Actualidad\"}}]},{\"@type\":\"Organization\",\"@id\":\"https:\\\/\\\/eldigitaldeasturias.com\\\/magazine365\\\/#organization\",\"name\":\"El digital de Asturias\",\"description\":\"Revista de ocio, turismo y estilo de vida\",\"url\":\"https:\\\/\\\/eldigitaldeasturias.com\\\/magazine365\\\/\",\"logo\":{\"@type\":\"ImageObject\",\"url\":\"https:\\\/\\\/www.eldigitaldeasturias.com\\\/noticias\\\/wp-content\\\/uploads\\\/2020\\\/12\\\/EDA.jpg\",\"@id\":\"https:\\\/\\\/eldigitaldeasturias.com\\\/magazine365\\\/junta-y-ayuntamiento-de-alcala-de-guadaira-colaboran-para-impulsar-el-turismo\\\/#organizationLogo\"},\"image\":{\"@id\":\"https:\\\/\\\/eldigitaldeasturias.com\\\/magazine365\\\/junta-y-ayuntamiento-de-alcala-de-guadaira-colaboran-para-impulsar-el-turismo\\\/#organizationLogo\"}},{\"@type\":\"Person\",\"@id\":\"https:\\\/\\\/eldigitaldeasturias.com\\\/magazine365\\\/author\\\/admin\\\/#author\",\"url\":\"https:\\\/\\\/eldigitaldeasturias.com\\\/magazine365\\\/author\\\/admin\\\/\",\"name\":\"admin\",\"image\":{\"@type\":\"ImageObject\",\"@id\":\"https:\\\/\\\/eldigitaldeasturias.com\\\/magazine365\\\/junta-y-ayuntamiento-de-alcala-de-guadaira-colaboran-para-impulsar-el-turismo\\\/#authorImage\",\"url\":\"https:\\\/\\\/eldigitaldeasturias.com\\\/magazine365\\\/wp-content\\\/litespeed\\\/avatar\\\/e571bcf59a0edd6fa6838245a470f2fe.jpg?ver=1776969259\",\"width\":96,\"height\":96,\"caption\":\"admin\"}},{\"@type\":\"WebPage\",\"@id\":\"https:\\\/\\\/eldigitaldeasturias.com\\\/magazine365\\\/junta-y-ayuntamiento-de-alcala-de-guadaira-colaboran-para-impulsar-el-turismo\\\/#webpage\",\"url\":\"https:\\\/\\\/eldigitaldeasturias.com\\\/magazine365\\\/junta-y-ayuntamiento-de-alcala-de-guadaira-colaboran-para-impulsar-el-turismo\\\/\",\"name\":\"Junta y Ayuntamiento de Alcal\\u00e1 de Guada\\u00edra colaboran para impulsar el turismo | El Digital de Asturias\",\"description\":\"El consejero de Turismo y Deporte, Francisco Javier Fern\\u00e1ndez, ha avanzado este mi\\u00e9rcoles, tras reunirse con la alcaldesa de Alcal\\u00e1 de Guada\\u00edra (Sevilla), Ana Isabel Jim\\u00e9nez, que ambas administraciones colaborar\\u00e1n para impulsar el aprovechamiento tur\\u00edstico de varios recursos de la localidad y ha apostado por el desarrollo de una oferta de productos ligada a los\",\"inLanguage\":\"es-ES\",\"isPartOf\":{\"@id\":\"https:\\\/\\\/eldigitaldeasturias.com\\\/magazine365\\\/#website\"},\"breadcrumb\":{\"@id\":\"https:\\\/\\\/eldigitaldeasturias.com\\\/magazine365\\\/junta-y-ayuntamiento-de-alcala-de-guadaira-colaboran-para-impulsar-el-turismo\\\/#breadcrumblist\"},\"author\":{\"@id\":\"https:\\\/\\\/eldigitaldeasturias.com\\\/magazine365\\\/author\\\/admin\\\/#author\"},\"creator\":{\"@id\":\"https:\\\/\\\/eldigitaldeasturias.com\\\/magazine365\\\/author\\\/admin\\\/#author\"},\"image\":{\"@type\":\"ImageObject\",\"url\":\"https:\\\/\\\/eldigitaldeasturias.com\\\/magazine365\\\/wp-content\\\/uploads\\\/2016\\\/06\\\/fotonoticia_20160615143732_800.jpg\",\"@id\":\"https:\\\/\\\/eldigitaldeasturias.com\\\/magazine365\\\/junta-y-ayuntamiento-de-alcala-de-guadaira-colaboran-para-impulsar-el-turismo\\\/#mainImage\",\"width\":800,\"height\":800},\"primaryImageOfPage\":{\"@id\":\"https:\\\/\\\/eldigitaldeasturias.com\\\/magazine365\\\/junta-y-ayuntamiento-de-alcala-de-guadaira-colaboran-para-impulsar-el-turismo\\\/#mainImage\"},\"datePublished\":\"2016-06-15T16:28:51+02:00\",\"dateModified\":\"2016-06-15T16:28:51+02:00\"},{\"@type\":\"WebSite\",\"@id\":\"https:\\\/\\\/eldigitaldeasturias.com\\\/magazine365\\\/#website\",\"url\":\"https:\\\/\\\/eldigitaldeasturias.com\\\/magazine365\\\/\",\"name\":\"El Digital de Asturias\",\"description\":\"Revista de ocio, turismo y estilo de vida\",\"inLanguage\":\"es-ES\",\"publisher\":{\"@id\":\"https:\\\/\\\/eldigitaldeasturias.com\\\/magazine365\\\/#organization\"}}]}\n\t\t<\/script>\n\t\t<!-- All in One SEO Pro -->\r\n\t\t<title>Junta y Ayuntamiento de Alcal\u00e1 de Guada\u00edra colaboran para impulsar el turismo | El Digital de Asturias<\/title>\n\n","aioseo_head_json":{"title":"Junta y Ayuntamiento de Alcal\u00e1 de Guada\u00edra colaboran para impulsar el turismo | El Digital de Asturias","description":"El consejero de Turismo y Deporte, Francisco Javier Fern\u00e1ndez, ha avanzado este mi\u00e9rcoles, tras reunirse con la alcaldesa de Alcal\u00e1 de Guada\u00edra (Sevilla), Ana Isabel Jim\u00e9nez, que ambas administraciones colaborar\u00e1n para impulsar el aprovechamiento tur\u00edstico de varios recursos de la localidad y ha apostado por el desarrollo de una oferta de productos ligada a los","canonical_url":"https:\/\/eldigitaldeasturias.com\/magazine365\/junta-y-ayuntamiento-de-alcala-de-guadaira-colaboran-para-impulsar-el-turismo\/","robots":"max-image-preview:large","keywords":"noticias y actualidad","webmasterTools":{"google-site-verification":"UA-38556648-1","miscellaneous":""},"schema":{"@context":"https:\/\/schema.org","@graph":[{"@type":"Article","@id":"https:\/\/eldigitaldeasturias.com\/magazine365\/junta-y-ayuntamiento-de-alcala-de-guadaira-colaboran-para-impulsar-el-turismo\/#article","name":"Junta y Ayuntamiento de Alcal\u00e1 de Guada\u00edra colaboran para impulsar el turismo | El Digital de Asturias","headline":"Junta y Ayuntamiento de Alcal\u00e1 de Guada\u00edra colaboran para impulsar el turismo","author":{"@id":"https:\/\/eldigitaldeasturias.com\/magazine365\/author\/admin\/#author"},"publisher":{"@id":"https:\/\/eldigitaldeasturias.com\/magazine365\/#organization"},"image":{"@type":"ImageObject","url":"https:\/\/eldigitaldeasturias.com\/magazine365\/wp-content\/uploads\/2016\/06\/fotonoticia_20160615143732_800.jpg","width":800,"height":800},"datePublished":"2016-06-15T16:28:51+02:00","dateModified":"2016-06-15T16:28:51+02:00","inLanguage":"es-ES","mainEntityOfPage":{"@id":"https:\/\/eldigitaldeasturias.com\/magazine365\/junta-y-ayuntamiento-de-alcala-de-guadaira-colaboran-para-impulsar-el-turismo\/#webpage"},"isPartOf":{"@id":"https:\/\/eldigitaldeasturias.com\/magazine365\/junta-y-ayuntamiento-de-alcala-de-guadaira-colaboran-para-impulsar-el-turismo\/#webpage"},"articleSection":"Noticias y Actualidad"},{"@type":"BreadcrumbList","@id":"https:\/\/eldigitaldeasturias.com\/magazine365\/junta-y-ayuntamiento-de-alcala-de-guadaira-colaboran-para-impulsar-el-turismo\/#breadcrumblist","itemListElement":[{"@type":"ListItem","@id":"https:\/\/eldigitaldeasturias.com\/magazine365#listItem","position":1,"name":"Home","item":"https:\/\/eldigitaldeasturias.com\/magazine365","nextItem":{"@type":"ListItem","@id":"https:\/\/eldigitaldeasturias.com\/magazine365\/category\/noticias-actualidad\/#listItem","name":"Noticias y Actualidad"}},{"@type":"ListItem","@id":"https:\/\/eldigitaldeasturias.com\/magazine365\/category\/noticias-actualidad\/#listItem","position":2,"name":"Noticias y Actualidad","item":"https:\/\/eldigitaldeasturias.com\/magazine365\/category\/noticias-actualidad\/","nextItem":{"@type":"ListItem","@id":"https:\/\/eldigitaldeasturias.com\/magazine365\/junta-y-ayuntamiento-de-alcala-de-guadaira-colaboran-para-impulsar-el-turismo\/#listItem","name":"Junta y Ayuntamiento de Alcal\u00e1 de Guada\u00edra colaboran para impulsar el turismo"},"previousItem":{"@type":"ListItem","@id":"https:\/\/eldigitaldeasturias.com\/magazine365#listItem","name":"Home"}},{"@type":"ListItem","@id":"https:\/\/eldigitaldeasturias.com\/magazine365\/junta-y-ayuntamiento-de-alcala-de-guadaira-colaboran-para-impulsar-el-turismo\/#listItem","position":3,"name":"Junta y Ayuntamiento de Alcal\u00e1 de Guada\u00edra colaboran para impulsar el turismo","previousItem":{"@type":"ListItem","@id":"https:\/\/eldigitaldeasturias.com\/magazine365\/category\/noticias-actualidad\/#listItem","name":"Noticias y Actualidad"}}]},{"@type":"Organization","@id":"https:\/\/eldigitaldeasturias.com\/magazine365\/#organization","name":"El digital de Asturias","description":"Revista de ocio, turismo y estilo de vida","url":"https:\/\/eldigitaldeasturias.com\/magazine365\/","logo":{"@type":"ImageObject","url":"https:\/\/www.eldigitaldeasturias.com\/noticias\/wp-content\/uploads\/2020\/12\/EDA.jpg","@id":"https:\/\/eldigitaldeasturias.com\/magazine365\/junta-y-ayuntamiento-de-alcala-de-guadaira-colaboran-para-impulsar-el-turismo\/#organizationLogo"},"image":{"@id":"https:\/\/eldigitaldeasturias.com\/magazine365\/junta-y-ayuntamiento-de-alcala-de-guadaira-colaboran-para-impulsar-el-turismo\/#organizationLogo"}},{"@type":"Person","@id":"https:\/\/eldigitaldeasturias.com\/magazine365\/author\/admin\/#author","url":"https:\/\/eldigitaldeasturias.com\/magazine365\/author\/admin\/","name":"admin","image":{"@type":"ImageObject","@id":"https:\/\/eldigitaldeasturias.com\/magazine365\/junta-y-ayuntamiento-de-alcala-de-guadaira-colaboran-para-impulsar-el-turismo\/#authorImage","url":"https:\/\/eldigitaldeasturias.com\/magazine365\/wp-content\/litespeed\/avatar\/e571bcf59a0edd6fa6838245a470f2fe.jpg?ver=1776969259","width":96,"height":96,"caption":"admin"}},{"@type":"WebPage","@id":"https:\/\/eldigitaldeasturias.com\/magazine365\/junta-y-ayuntamiento-de-alcala-de-guadaira-colaboran-para-impulsar-el-turismo\/#webpage","url":"https:\/\/eldigitaldeasturias.com\/magazine365\/junta-y-ayuntamiento-de-alcala-de-guadaira-colaboran-para-impulsar-el-turismo\/","name":"Junta y Ayuntamiento de Alcal\u00e1 de Guada\u00edra colaboran para impulsar el turismo | El Digital de Asturias","description":"El consejero de Turismo y Deporte, Francisco Javier Fern\u00e1ndez, ha avanzado este mi\u00e9rcoles, tras reunirse con la alcaldesa de Alcal\u00e1 de Guada\u00edra (Sevilla), Ana Isabel Jim\u00e9nez, que ambas administraciones colaborar\u00e1n para impulsar el aprovechamiento tur\u00edstico de varios recursos de la localidad y ha apostado por el desarrollo de una oferta de productos ligada a los","inLanguage":"es-ES","isPartOf":{"@id":"https:\/\/eldigitaldeasturias.com\/magazine365\/#website"},"breadcrumb":{"@id":"https:\/\/eldigitaldeasturias.com\/magazine365\/junta-y-ayuntamiento-de-alcala-de-guadaira-colaboran-para-impulsar-el-turismo\/#breadcrumblist"},"author":{"@id":"https:\/\/eldigitaldeasturias.com\/magazine365\/author\/admin\/#author"},"creator":{"@id":"https:\/\/eldigitaldeasturias.com\/magazine365\/author\/admin\/#author"},"image":{"@type":"ImageObject","url":"https:\/\/eldigitaldeasturias.com\/magazine365\/wp-content\/uploads\/2016\/06\/fotonoticia_20160615143732_800.jpg","@id":"https:\/\/eldigitaldeasturias.com\/magazine365\/junta-y-ayuntamiento-de-alcala-de-guadaira-colaboran-para-impulsar-el-turismo\/#mainImage","width":800,"height":800},"primaryImageOfPage":{"@id":"https:\/\/eldigitaldeasturias.com\/magazine365\/junta-y-ayuntamiento-de-alcala-de-guadaira-colaboran-para-impulsar-el-turismo\/#mainImage"},"datePublished":"2016-06-15T16:28:51+02:00","dateModified":"2016-06-15T16:28:51+02:00"},{"@type":"WebSite","@id":"https:\/\/eldigitaldeasturias.com\/magazine365\/#website","url":"https:\/\/eldigitaldeasturias.com\/magazine365\/","name":"El Digital de Asturias","description":"Revista de ocio, turismo y estilo de vida","inLanguage":"es-ES","publisher":{"@id":"https:\/\/eldigitaldeasturias.com\/magazine365\/#organization"}}]},"og:locale":"es_ES","og:site_name":"El Digital de Asturias \u2013 Revista de ocio, turismo y estilo de vida","og:type":"article","og:title":"Junta y Ayuntamiento de Alcal\u00e1 de Guada\u00edra colaboran para impulsar el turismo | El Digital de Asturias","og:description":"El consejero de Turismo y Deporte, Francisco Javier Fern\u00e1ndez, ha avanzado este mi\u00e9rcoles, tras reunirse con la alcaldesa de Alcal\u00e1 de Guada\u00edra (Sevilla), Ana Isabel Jim\u00e9nez, que ambas administraciones colaborar\u00e1n para impulsar el aprovechamiento tur\u00edstico de varios recursos de la localidad y ha apostado por el desarrollo de una oferta de productos ligada a los","og:url":"https:\/\/eldigitaldeasturias.com\/magazine365\/junta-y-ayuntamiento-de-alcala-de-guadaira-colaboran-para-impulsar-el-turismo\/","og:image":"https:\/\/eldigitaldeasturias.com\/magazine365\/wp-content\/uploads\/2016\/06\/fotonoticia_20160615143732_800.jpg","og:image:secure_url":"https:\/\/eldigitaldeasturias.com\/magazine365\/wp-content\/uploads\/2016\/06\/fotonoticia_20160615143732_800.jpg","og:image:width":800,"og:image:height":800,"article:published_time":"2016-06-15T14:28:51+00:00","article:modified_time":"2016-06-15T14:28:51+00:00","twitter:card":"summary_large_image","twitter:title":"Junta y Ayuntamiento de Alcal\u00e1 de Guada\u00edra colaboran para impulsar el turismo | El Digital de Asturias","twitter:description":"El consejero de Turismo y Deporte, Francisco Javier Fern\u00e1ndez, ha avanzado este mi\u00e9rcoles, tras reunirse con la alcaldesa de Alcal\u00e1 de Guada\u00edra (Sevilla), Ana Isabel Jim\u00e9nez, que ambas administraciones colaborar\u00e1n para impulsar el aprovechamiento tur\u00edstico de varios recursos de la localidad y ha apostado por el desarrollo de una oferta de productos ligada a los","twitter:image":"https:\/\/eldigitaldeasturias.com\/magazine365\/wp-content\/uploads\/2016\/06\/fotonoticia_20160615143732_800.jpg"},"aioseo_meta_data":{"post_id":"79444","title":null,"description":null,"keywords":null,"keyphrases":null,"primary_term":null,"canonical_url":null,"og_title":null,"og_description":null,"og_object_type":"default","og_image_type":"default","og_image_url":null,"og_image_width":null,"og_image_height":null,"og_image_custom_url":null,"og_image_custom_fields":null,"og_video":null,"og_custom_url":null,"og_article_section":null,"og_article_tags":null,"twitter_use_og":false,"twitter_card":"default","twitter_image_type":"default","twitter_image_url":null,"twitter_image_custom_url":null,"twitter_image_custom_fields":null,"twitter_title":null,"twitter_description":null,"schema":{"blockGraphs":[],"customGraphs":[],"default":{"data":{"Article":[],"Course":[],"Dataset":[],"FAQPage":[],"Movie":[],"Person":[],"Product":[],"ProductReview":[],"Car":[],"Recipe":[],"Service":[],"SoftwareApplication":[],"WebPage":[]},"graphName":"","isEnabled":true},"graphs":[],"defaultGraph":"","defaultPostTypeGraph":""},"schema_type":null,"schema_type_options":null,"pillar_content":false,"robots_default":true,"robots_noindex":false,"robots_noarchive":false,"robots_nosnippet":false,"robots_nofollow":false,"robots_noimageindex":false,"robots_noodp":false,"robots_notranslate":false,"robots_max_snippet":null,"robots_max_videopreview":null,"robots_max_imagepreview":"large","priority":null,"frequency":null,"location":null,"local_seo":null,"seo_analyzer_scan_date":"2025-09-27 18:55:07","breadcrumb_settings":null,"limit_modified_date":false,"open_ai":null,"ai":null,"created":"2021-03-08 17:49:06","updated":"2025-09-27 18:55:07"},"aioseo_breadcrumb":"<div class=\"aioseo-breadcrumbs\"><span class=\"aioseo-breadcrumb\">\n\t<a href=\"https:\/\/eldigitaldeasturias.com\/magazine365\" title=\"Home\">Home<\/a>\n<\/span><span class=\"aioseo-breadcrumb-separator\">\u2013<\/span><span class=\"aioseo-breadcrumb\">\n\t<a href=\"https:\/\/eldigitaldeasturias.com\/magazine365\/category\/noticias-actualidad\/\" title=\"Noticias y Actualidad\">Noticias y Actualidad<\/a>\n<\/span><span class=\"aioseo-breadcrumb-separator\">\u2013<\/span><span class=\"aioseo-breadcrumb\">\n\t<a href=\"https:\/\/eldigitaldeasturias.com\/magazine365\/junta-y-ayuntamiento-de-alcala-de-guadaira-colaboran-para-impulsar-el-turismo\/\" title=\"Junta y Ayuntamiento de Alcal\u00e1 de Guada\u00edra colaboran para impulsar el turismo\">Junta y Ayuntamiento de Alcal\u00e1 de Guada\u00edra colaboran para impulsar el turismo<\/a>\n<\/span><\/div>","aioseo_breadcrumb_json":[{"label":"Home","link":"https:\/\/eldigitaldeasturias.com\/magazine365"},{"label":"Noticias y Actualidad","link":"https:\/\/eldigitaldeasturias.com\/magazine365\/category\/noticias-actualidad\/"},{"label":"Junta y Ayuntamiento de Alcal\u00e1 de Guada\u00edra colaboran para impulsar el turismo","link":"https:\/\/eldigitaldeasturias.com\/magazine365\/junta-y-ayuntamiento-de-alcala-de-guadaira-colaboran-para-impulsar-el-turismo\/"}],"_links":{"self":[{"href":"https:\/\/eldigitaldeasturias.com\/magazine365\/wp-json\/wp\/v2\/posts\/79444","targetHints":{"allow":["GET"]}}],"collection":[{"href":"https:\/\/eldigitaldeasturias.com\/magazine365\/wp-json\/wp\/v2\/posts"}],"about":[{"href":"https:\/\/eldigitaldeasturias.com\/magazine365\/wp-json\/wp\/v2\/types\/post"}],"author":[{"embeddable":true,"href":"https:\/\/eldigitaldeasturias.com\/magazine365\/wp-json\/wp\/v2\/users\/1"}],"replies":[{"embeddable":true,"href":"https:\/\/eldigitaldeasturias.com\/magazine365\/wp-json\/wp\/v2\/comments?post=79444"}],"version-history":[{"count":0,"href":"https:\/\/eldigitaldeasturias.com\/magazine365\/wp-json\/wp\/v2\/posts\/79444\/revisions"}],"wp:featuredmedia":[{"embeddable":true,"href":"https:\/\/eldigitaldeasturias.com\/magazine365\/wp-json\/wp\/v2\/media\/79445"}],"wp:attachment":[{"href":"https:\/\/eldigitaldeasturias.com\/magazine365\/wp-json\/wp\/v2\/media?parent=79444"}],"wp:term":[{"taxonomy":"category","embeddable":true,"href":"https:\/\/eldigitaldeasturias.com\/magazine365\/wp-json\/wp\/v2\/categories?post=79444"},{"taxonomy":"post_tag","embeddable":true,"href":"https:\/\/eldigitaldeasturias.com\/magazine365\/wp-json\/wp\/v2\/tags?post=79444"}],"curies":[{"name":"wp","href":"https:\/\/api.w.org\/{rel}","templated":true}]}}