{"id":79440,"date":"2016-06-15T16:26:23","date_gmt":"2016-06-15T14:26:23","guid":{"rendered":"http:\/\/eldigitaldeasturias.com\/magazine365\/?p=79440"},"modified":"2016-06-15T16:27:16","modified_gmt":"2016-06-15T14:27:16","slug":"ccoo-defiende-la-implantacion-de-una-tasa-turistica-en-la-comunidad-valenciana-y-ugt-podria-apoyarla","status":"publish","type":"post","link":"https:\/\/eldigitaldeasturias.com\/magazine365\/ccoo-defiende-la-implantacion-de-una-tasa-turistica-en-la-comunidad-valenciana-y-ugt-podria-apoyarla\/","title":{"rendered":"Los sindicatos CCOO y UGT creen importante la implantaci\u00f3n de una tasa tur\u00edstica en la Comunidad Valenciana"},"content":{"rendered":"<p><img fetchpriority=\"high\" decoding=\"async\" class=\"alignleft size-medium wp-image-79441\" src=\"https:\/\/eldigitaldeasturias.com\/magazine365\/wp-content\/uploads\/2016\/06\/fotonoticia_20160615143622_800-360x265.jpg\" alt=\"fotonoticia_20160615143622_800\" width=\"360\" height=\"265\" srcset=\"https:\/\/eldigitaldeasturias.com\/magazine365\/wp-content\/uploads\/2016\/06\/fotonoticia_20160615143622_800-360x265.jpg 360w, https:\/\/eldigitaldeasturias.com\/magazine365\/wp-content\/uploads\/2016\/06\/fotonoticia_20160615143622_800-650x478.jpg 650w, https:\/\/eldigitaldeasturias.com\/magazine365\/wp-content\/uploads\/2016\/06\/fotonoticia_20160615143622_800-768x564.jpg 768w, https:\/\/eldigitaldeasturias.com\/magazine365\/wp-content\/uploads\/2016\/06\/fotonoticia_20160615143622_800-150x110.jpg 150w, https:\/\/eldigitaldeasturias.com\/magazine365\/wp-content\/uploads\/2016\/06\/fotonoticia_20160615143622_800-450x331.jpg 450w, https:\/\/eldigitaldeasturias.com\/magazine365\/wp-content\/uploads\/2016\/06\/fotonoticia_20160615143622_800-338x250.jpg 338w, https:\/\/eldigitaldeasturias.com\/magazine365\/wp-content\/uploads\/2016\/06\/fotonoticia_20160615143622_800-90x67.jpg 90w, https:\/\/eldigitaldeasturias.com\/magazine365\/wp-content\/uploads\/2016\/06\/fotonoticia_20160615143622_800-100x75.jpg 100w, https:\/\/eldigitaldeasturias.com\/magazine365\/wp-content\/uploads\/2016\/06\/fotonoticia_20160615143622_800.jpg 800w\" sizes=\"(max-width: 360px) 100vw, 360px\" \/>El secretario general de CCOO-PV, Paco Molina, ha defendido este mi\u00e9rcoles la implantaci\u00f3n de una tasa tur\u00edstica en la Comunitat Valenciana ya que ha asegurado que estos impuestos \u00abfuncionan en todos los grandes centros tur\u00edsticos y aportan importantes ingresos al territorio\u00bb, mientras que su hom\u00f3logo en UGT-PV, Ismael S\u00e1ez, no ha descartado hacerlo pero siempre que haya un estudio \u00abserio\u00bb y un di\u00e1logo previo con gobierno y empresas del sector.<\/p>\n<p>As\u00ed lo han indicado Molina y S\u00e1ez en un desayuno informativo de Forum Europa-Tribuna Mediterr\u00e1nea, al que ha asistido el presidente de la Generalitat, Ximo Puig; el de les Corts, Enric Morera, as\u00ed como diferentes autoridades del ejecutivo valenciano.<\/p>\n<p>Durante su intervenci\u00f3n, Molina ha recalcado que si se quiere conseguir un modelo tur\u00edstico y de servicios que sea \u00abun referente en Europa y el mundo\u00bb cree que hay que establecer unas condiciones de trabajo \u00abdignas\u00bb porque \u00ablas empresas se han acostumbrado a competir muchas veces a trav\u00e9s de la devaluaci\u00f3n salarial y laboral\u00bb.<\/p>\n<p>Para el secretario general de CCOO -PV, si se quiere consolidar al sector tur\u00edstico como motor econ\u00f3mico y de calidad \u00abvaldr\u00eda la pena huir de los debates\u00bb. En este sentido, ha defendido que \u00ablas tasas en casi todos los grandes centros tur\u00edsticos funcionan y aportan importantes ingresos al territorio\u00bb porque \u00abson necesarias siempre que haya una buena oferta que plantear\u00bb.<\/p>\n<p>Sobre esta cuesti\u00f3n y en declaraciones a los medios de comunicaci\u00f3n al t\u00e9rmino del desayuno, el secretario general de UGT-PV ha indicado que \u00abhabr\u00e1 que estudiarlo\u00bb. \u00abLa tasa tur\u00edstica tienen como finalidad destinar esos recursos a pol\u00edticas publicas y obtener mejor financiaci\u00f3n, pero si eso produce un impacto negativo en el sector probablemente no sea buena idea. Habr\u00eda que estudiarlo con seriedad y rigor para no cometer errores\u00bb, ha subrayado.<\/p>\n<p>No obstante, no ha descartado la implantaci\u00f3n de un impuesto de este tipo, pero tras un estudio \u00abserio\u00bb y despu\u00e9s de pactar con el gobierno y los empresarios del sector.<\/p>\n<h2 class=\"ladillo\">DI\u00c1LOGO PERMANENTE Y FLEXIBLE<\/h2>\n<p>En otra parte de su discurso, Molina ha se\u00f1alado que para elaborar estrategias que hagan posible \u00abun nuevo patr\u00f3n de crecimiento\u00bb es \u00abnecesario e imprescindible\u00bb un di\u00e1logo social \u00abpermanente y flexible\u00bb. \u00abSe ha acabado la \u00e9poca de grandes pactos con el gobierno y las patronales\u00bb, ha asegurado el secretario general de CCOO-PV par agregar que hay que pasar de \u00abla voluntad a las propuestas\u00bb.<\/p>\n<p>A su juicio, hay que combatir la \u00abprecariedad y degradaci\u00f3n\u00bb de los trabajadores e impulsar una pol\u00edtica de competencias productivas y sectoriales que sea \u00abresponsable\u00bb y que, junto a la Agencia Valenciana de Innovaci\u00f3n del Consell, \u00abpermita transferir el conocimiento a las empresas y \u00e9stas se comprometan con su gente de forma mucho m\u00e1s responsable\u00bb.<\/p>\n<p>Adem\u00e1s, ha emplazado al Consell a elaborar una ley valenciana de cl\u00e1usulas sociales en la contrataci\u00f3n p\u00fablica que tenga como objetivos: la integraci\u00f3n social de los colectivos con mayor dificultad para la ocupaci\u00f3n, la igualdad efectiva entre hombres y mujeres y la estabilidad en la ocupaci\u00f3n.<\/p>\n<p>Asimismo, ha se\u00f1alado que el texto tienen que incorporar cl\u00e1usulas de subrogaci\u00f3n en todos los contratos p\u00fablicos, as\u00ed como el respeto a las condiciones de trabajo reguladas en los convenios sectoriales de aplicaci\u00f3n que posibilite en caso de incumplimiento la cancelaci\u00f3n del contrato y la penalizaci\u00f3n a la empresa incumplidora.<\/p>\n<p>Ha abogado por consolidar el sistema de servicios sociales, una financiaci\u00f3n \u00abjusta\u00bb con la Comunitat Valenciana, acabar con la brecha salarial entre hombres y mujeres, al tiempo que ha manifestado que espera que el gobierno que salga de las urnas el pr\u00f3ximo 26 de junio sea \u00absensible\u00bb a la realidad social de Espa\u00f1a y \u00abarticule las propuestas necesarias\u00bb.<\/p>\n<h2 class=\"ladillo\">\u00abSALVAR A LAS PERSONAS\u00bb<\/h2>\n<p>Por otro lado, el secretario general de UGT-PV, Ismael S\u00e1ez, ha defendido, durante su discurso, las pol\u00edticas socialdem\u00f3cratas porque son las que, a su juicio, han creado el Estado de Bienestar. As\u00ed, ha criticado que las pol\u00edticas \u00abde la derecha\u00bb puestas en pr\u00e1ctica en Espa\u00f1a y Europa \u00ablejos de resolver los problemas, los han agravado\u00bb porque han primado la reducci\u00f3n del d\u00e9ficit publico o la contenci\u00f3n de la prima de riesgo. \u00abSe ha perdido la visi\u00f3n de conjunto\u00bb, ha lamentado.<\/p>\n<p>Por tanto, ha reivindicado la necesidad de \u00absalvar a las personas\u00bb con una fiscalidad \u00abprogresiva y justa\u00bb y volcar todos los esfuerzos en hacer que la econom\u00eda sea \u00abm\u00e1s competitiva con inversi\u00f3n, formaci\u00f3n, grandes acuerdos sociales, negociaci\u00f3n colectiva y equilibrada que evite la tentaci\u00f3n de competir abaratando y degradando el factor trabajo\u00bb.<\/p>\n<p>\u00abNo necesitamos reformas laborales regresivas. El futuro no puede ser la renuncia al empleo indefinido como un vestigio del pasado ni trabajar m\u00e1s y cobrar menos, sino que el futuro pasa por fomentar y ayudar a los que apuestan por el I+D+I\u00bb, ha sostenido.<\/p>\n<p>S\u00e1ez ha criticado el \u00abmaltrato\u00bb del Gobierno central a la Comunitat Valenciana en inversiones y financiaci\u00f3n y ha exigido que sea \u00abjusta\u00bb porque sin ella ve \u00abmuy dif\u00edcil\u00bb conseguir empleo de calidad y estable, generar riqueza y mejorar la Comunitat Valenciana.<\/p>\n","protected":false},"excerpt":{"rendered":"<p>El secretario general de CCOO-PV, Paco Molina, ha defendido este mi\u00e9rcoles la implantaci\u00f3n de una tasa tur\u00edstica en la Comunitat Valenciana ya que ha asegurado que estos impuestos \u00abfuncionan en todos los grandes centros tur\u00edsticos y aportan importantes ingresos al territorio\u00bb, mientras que su hom\u00f3logo en UGT-PV, Ismael S\u00e1ez, no ha descartado hacerlo pero siempre<\/p>\n","protected":false},"author":1,"featured_media":79441,"comment_status":"open","ping_status":"closed","sticky":false,"template":"","format":"standard","meta":{"footnotes":""},"categories":[224],"tags":[],"class_list":{"0":"post-79440","1":"post","2":"type-post","3":"status-publish","4":"format-standard","5":"has-post-thumbnail","7":"category-noticias-actualidad"},"aioseo_notices":[],"aioseo_head":"\n\t\t<!-- All in One SEO Pro 4.9.6.1 - aioseo.com -->\n\t<meta name=\"description\" content=\"El secretario general de CCOO-PV, Paco Molina, ha defendido este mi\u00e9rcoles la implantaci\u00f3n de una tasa tur\u00edstica en la Comunitat Valenciana ya que ha asegurado que estos impuestos &quot;funcionan en todos los grandes centros tur\u00edsticos y aportan importantes ingresos al territorio&quot;, mientras que su hom\u00f3logo en UGT-PV, Ismael S\u00e1ez, no ha descartado hacerlo pero siempre\" \/>\n\t<meta name=\"robots\" content=\"max-image-preview:large\" \/>\n\t<meta name=\"author\" content=\"admin\"\/>\n\t<meta name=\"google-site-verification\" content=\"UA-38556648-1\" \/>\n\t<meta name=\"keywords\" content=\"noticias y actualidad\" \/>\n\t<link rel=\"canonical\" href=\"https:\/\/eldigitaldeasturias.com\/magazine365\/ccoo-defiende-la-implantacion-de-una-tasa-turistica-en-la-comunidad-valenciana-y-ugt-podria-apoyarla\/\" \/>\n\t<meta name=\"generator\" content=\"All in One SEO Pro (AIOSEO) 4.9.6.1\" \/>\n\t\t<meta property=\"og:locale\" content=\"es_ES\" \/>\n\t\t<meta property=\"og:site_name\" content=\"El Digital de Asturias \u2013 Revista de ocio, turismo y estilo de vida\" \/>\n\t\t<meta property=\"og:type\" content=\"article\" \/>\n\t\t<meta property=\"og:title\" content=\"Los sindicatos CCOO y UGT creen importante la implantaci\u00f3n de una tasa tur\u00edstica en la Comunidad Valenciana | El Digital de Asturias\" \/>\n\t\t<meta property=\"og:description\" content=\"El secretario general de CCOO-PV, Paco Molina, ha defendido este mi\u00e9rcoles la implantaci\u00f3n de una tasa tur\u00edstica en la Comunitat Valenciana ya que ha asegurado que estos impuestos &quot;funcionan en todos los grandes centros tur\u00edsticos y aportan importantes ingresos al territorio&quot;, mientras que su hom\u00f3logo en UGT-PV, Ismael S\u00e1ez, no ha descartado hacerlo pero siempre\" \/>\n\t\t<meta property=\"og:url\" content=\"https:\/\/eldigitaldeasturias.com\/magazine365\/ccoo-defiende-la-implantacion-de-una-tasa-turistica-en-la-comunidad-valenciana-y-ugt-podria-apoyarla\/\" \/>\n\t\t<meta property=\"og:image\" content=\"https:\/\/eldigitaldeasturias.com\/magazine365\/wp-content\/uploads\/2016\/06\/fotonoticia_20160615143622_800.jpg\" \/>\n\t\t<meta property=\"og:image:secure_url\" content=\"https:\/\/eldigitaldeasturias.com\/magazine365\/wp-content\/uploads\/2016\/06\/fotonoticia_20160615143622_800.jpg\" \/>\n\t\t<meta property=\"og:image:width\" content=\"800\" \/>\n\t\t<meta property=\"og:image:height\" content=\"588\" \/>\n\t\t<meta property=\"article:published_time\" content=\"2016-06-15T14:26:23+00:00\" \/>\n\t\t<meta property=\"article:modified_time\" content=\"2016-06-15T14:27:16+00:00\" \/>\n\t\t<meta name=\"twitter:card\" content=\"summary_large_image\" \/>\n\t\t<meta name=\"twitter:title\" content=\"Los sindicatos CCOO y UGT creen importante la implantaci\u00f3n de una tasa tur\u00edstica en la Comunidad Valenciana | El Digital de Asturias\" \/>\n\t\t<meta name=\"twitter:description\" content=\"El secretario general de CCOO-PV, Paco Molina, ha defendido este mi\u00e9rcoles la implantaci\u00f3n de una tasa tur\u00edstica en la Comunitat Valenciana ya que ha asegurado que estos impuestos &quot;funcionan en todos los grandes centros tur\u00edsticos y aportan importantes ingresos al territorio&quot;, mientras que su hom\u00f3logo en UGT-PV, Ismael S\u00e1ez, no ha descartado hacerlo pero siempre\" \/>\n\t\t<meta name=\"twitter:image\" content=\"https:\/\/eldigitaldeasturias.com\/magazine365\/wp-content\/uploads\/2016\/06\/fotonoticia_20160615143622_800.jpg\" \/>\n\t\t<script type=\"application\/ld+json\" class=\"aioseo-schema\">\n\t\t\t{\"@context\":\"https:\\\/\\\/schema.org\",\"@graph\":[{\"@type\":\"Article\",\"@id\":\"https:\\\/\\\/eldigitaldeasturias.com\\\/magazine365\\\/ccoo-defiende-la-implantacion-de-una-tasa-turistica-en-la-comunidad-valenciana-y-ugt-podria-apoyarla\\\/#article\",\"name\":\"Los sindicatos CCOO y UGT creen importante la implantaci\\u00f3n de una tasa tur\\u00edstica en la Comunidad Valenciana | El Digital de Asturias\",\"headline\":\"Los sindicatos CCOO y UGT creen importante la implantaci\\u00f3n de una tasa tur\\u00edstica en la Comunidad Valenciana\",\"author\":{\"@id\":\"https:\\\/\\\/eldigitaldeasturias.com\\\/magazine365\\\/author\\\/admin\\\/#author\"},\"publisher\":{\"@id\":\"https:\\\/\\\/eldigitaldeasturias.com\\\/magazine365\\\/#organization\"},\"image\":{\"@type\":\"ImageObject\",\"url\":\"https:\\\/\\\/eldigitaldeasturias.com\\\/magazine365\\\/wp-content\\\/uploads\\\/2016\\\/06\\\/fotonoticia_20160615143622_800.jpg\",\"width\":800,\"height\":588},\"datePublished\":\"2016-06-15T16:26:23+02:00\",\"dateModified\":\"2016-06-15T16:27:16+02:00\",\"inLanguage\":\"es-ES\",\"mainEntityOfPage\":{\"@id\":\"https:\\\/\\\/eldigitaldeasturias.com\\\/magazine365\\\/ccoo-defiende-la-implantacion-de-una-tasa-turistica-en-la-comunidad-valenciana-y-ugt-podria-apoyarla\\\/#webpage\"},\"isPartOf\":{\"@id\":\"https:\\\/\\\/eldigitaldeasturias.com\\\/magazine365\\\/ccoo-defiende-la-implantacion-de-una-tasa-turistica-en-la-comunidad-valenciana-y-ugt-podria-apoyarla\\\/#webpage\"},\"articleSection\":\"Noticias y Actualidad\"},{\"@type\":\"BreadcrumbList\",\"@id\":\"https:\\\/\\\/eldigitaldeasturias.com\\\/magazine365\\\/ccoo-defiende-la-implantacion-de-una-tasa-turistica-en-la-comunidad-valenciana-y-ugt-podria-apoyarla\\\/#breadcrumblist\",\"itemListElement\":[{\"@type\":\"ListItem\",\"@id\":\"https:\\\/\\\/eldigitaldeasturias.com\\\/magazine365#listItem\",\"position\":1,\"name\":\"Home\",\"item\":\"https:\\\/\\\/eldigitaldeasturias.com\\\/magazine365\",\"nextItem\":{\"@type\":\"ListItem\",\"@id\":\"https:\\\/\\\/eldigitaldeasturias.com\\\/magazine365\\\/category\\\/noticias-actualidad\\\/#listItem\",\"name\":\"Noticias y Actualidad\"}},{\"@type\":\"ListItem\",\"@id\":\"https:\\\/\\\/eldigitaldeasturias.com\\\/magazine365\\\/category\\\/noticias-actualidad\\\/#listItem\",\"position\":2,\"name\":\"Noticias y Actualidad\",\"item\":\"https:\\\/\\\/eldigitaldeasturias.com\\\/magazine365\\\/category\\\/noticias-actualidad\\\/\",\"nextItem\":{\"@type\":\"ListItem\",\"@id\":\"https:\\\/\\\/eldigitaldeasturias.com\\\/magazine365\\\/ccoo-defiende-la-implantacion-de-una-tasa-turistica-en-la-comunidad-valenciana-y-ugt-podria-apoyarla\\\/#listItem\",\"name\":\"Los sindicatos CCOO y UGT creen importante la implantaci\\u00f3n de una tasa tur\\u00edstica en la Comunidad Valenciana\"},\"previousItem\":{\"@type\":\"ListItem\",\"@id\":\"https:\\\/\\\/eldigitaldeasturias.com\\\/magazine365#listItem\",\"name\":\"Home\"}},{\"@type\":\"ListItem\",\"@id\":\"https:\\\/\\\/eldigitaldeasturias.com\\\/magazine365\\\/ccoo-defiende-la-implantacion-de-una-tasa-turistica-en-la-comunidad-valenciana-y-ugt-podria-apoyarla\\\/#listItem\",\"position\":3,\"name\":\"Los sindicatos CCOO y UGT creen importante la implantaci\\u00f3n de una tasa tur\\u00edstica en la Comunidad Valenciana\",\"previousItem\":{\"@type\":\"ListItem\",\"@id\":\"https:\\\/\\\/eldigitaldeasturias.com\\\/magazine365\\\/category\\\/noticias-actualidad\\\/#listItem\",\"name\":\"Noticias y Actualidad\"}}]},{\"@type\":\"Organization\",\"@id\":\"https:\\\/\\\/eldigitaldeasturias.com\\\/magazine365\\\/#organization\",\"name\":\"El digital de Asturias\",\"description\":\"Revista de ocio, turismo y estilo de vida\",\"url\":\"https:\\\/\\\/eldigitaldeasturias.com\\\/magazine365\\\/\",\"logo\":{\"@type\":\"ImageObject\",\"url\":\"https:\\\/\\\/www.eldigitaldeasturias.com\\\/noticias\\\/wp-content\\\/uploads\\\/2020\\\/12\\\/EDA.jpg\",\"@id\":\"https:\\\/\\\/eldigitaldeasturias.com\\\/magazine365\\\/ccoo-defiende-la-implantacion-de-una-tasa-turistica-en-la-comunidad-valenciana-y-ugt-podria-apoyarla\\\/#organizationLogo\"},\"image\":{\"@id\":\"https:\\\/\\\/eldigitaldeasturias.com\\\/magazine365\\\/ccoo-defiende-la-implantacion-de-una-tasa-turistica-en-la-comunidad-valenciana-y-ugt-podria-apoyarla\\\/#organizationLogo\"}},{\"@type\":\"Person\",\"@id\":\"https:\\\/\\\/eldigitaldeasturias.com\\\/magazine365\\\/author\\\/admin\\\/#author\",\"url\":\"https:\\\/\\\/eldigitaldeasturias.com\\\/magazine365\\\/author\\\/admin\\\/\",\"name\":\"admin\",\"image\":{\"@type\":\"ImageObject\",\"@id\":\"https:\\\/\\\/eldigitaldeasturias.com\\\/magazine365\\\/ccoo-defiende-la-implantacion-de-una-tasa-turistica-en-la-comunidad-valenciana-y-ugt-podria-apoyarla\\\/#authorImage\",\"url\":\"https:\\\/\\\/eldigitaldeasturias.com\\\/magazine365\\\/wp-content\\\/litespeed\\\/avatar\\\/e571bcf59a0edd6fa6838245a470f2fe.jpg?ver=1776969259\",\"width\":96,\"height\":96,\"caption\":\"admin\"}},{\"@type\":\"WebPage\",\"@id\":\"https:\\\/\\\/eldigitaldeasturias.com\\\/magazine365\\\/ccoo-defiende-la-implantacion-de-una-tasa-turistica-en-la-comunidad-valenciana-y-ugt-podria-apoyarla\\\/#webpage\",\"url\":\"https:\\\/\\\/eldigitaldeasturias.com\\\/magazine365\\\/ccoo-defiende-la-implantacion-de-una-tasa-turistica-en-la-comunidad-valenciana-y-ugt-podria-apoyarla\\\/\",\"name\":\"Los sindicatos CCOO y UGT creen importante la implantaci\\u00f3n de una tasa tur\\u00edstica en la Comunidad Valenciana | El Digital de Asturias\",\"description\":\"El secretario general de CCOO-PV, Paco Molina, ha defendido este mi\\u00e9rcoles la implantaci\\u00f3n de una tasa tur\\u00edstica en la Comunitat Valenciana ya que ha asegurado que estos impuestos \\\"funcionan en todos los grandes centros tur\\u00edsticos y aportan importantes ingresos al territorio\\\", mientras que su hom\\u00f3logo en UGT-PV, Ismael S\\u00e1ez, no ha descartado hacerlo pero siempre\",\"inLanguage\":\"es-ES\",\"isPartOf\":{\"@id\":\"https:\\\/\\\/eldigitaldeasturias.com\\\/magazine365\\\/#website\"},\"breadcrumb\":{\"@id\":\"https:\\\/\\\/eldigitaldeasturias.com\\\/magazine365\\\/ccoo-defiende-la-implantacion-de-una-tasa-turistica-en-la-comunidad-valenciana-y-ugt-podria-apoyarla\\\/#breadcrumblist\"},\"author\":{\"@id\":\"https:\\\/\\\/eldigitaldeasturias.com\\\/magazine365\\\/author\\\/admin\\\/#author\"},\"creator\":{\"@id\":\"https:\\\/\\\/eldigitaldeasturias.com\\\/magazine365\\\/author\\\/admin\\\/#author\"},\"image\":{\"@type\":\"ImageObject\",\"url\":\"https:\\\/\\\/eldigitaldeasturias.com\\\/magazine365\\\/wp-content\\\/uploads\\\/2016\\\/06\\\/fotonoticia_20160615143622_800.jpg\",\"@id\":\"https:\\\/\\\/eldigitaldeasturias.com\\\/magazine365\\\/ccoo-defiende-la-implantacion-de-una-tasa-turistica-en-la-comunidad-valenciana-y-ugt-podria-apoyarla\\\/#mainImage\",\"width\":800,\"height\":588},\"primaryImageOfPage\":{\"@id\":\"https:\\\/\\\/eldigitaldeasturias.com\\\/magazine365\\\/ccoo-defiende-la-implantacion-de-una-tasa-turistica-en-la-comunidad-valenciana-y-ugt-podria-apoyarla\\\/#mainImage\"},\"datePublished\":\"2016-06-15T16:26:23+02:00\",\"dateModified\":\"2016-06-15T16:27:16+02:00\"},{\"@type\":\"WebSite\",\"@id\":\"https:\\\/\\\/eldigitaldeasturias.com\\\/magazine365\\\/#website\",\"url\":\"https:\\\/\\\/eldigitaldeasturias.com\\\/magazine365\\\/\",\"name\":\"El Digital de Asturias\",\"description\":\"Revista de ocio, turismo y estilo de vida\",\"inLanguage\":\"es-ES\",\"publisher\":{\"@id\":\"https:\\\/\\\/eldigitaldeasturias.com\\\/magazine365\\\/#organization\"}}]}\n\t\t<\/script>\n\t\t<!-- All in One SEO Pro -->\r\n\t\t<title>Los sindicatos CCOO y UGT creen importante la implantaci\u00f3n de una tasa tur\u00edstica en la Comunidad Valenciana | El Digital de Asturias<\/title>\n\n","aioseo_head_json":{"title":"Los sindicatos CCOO y UGT creen importante la implantaci\u00f3n de una tasa tur\u00edstica en la Comunidad Valenciana | El Digital de Asturias","description":"El secretario general de CCOO-PV, Paco Molina, ha defendido este mi\u00e9rcoles la implantaci\u00f3n de una tasa tur\u00edstica en la Comunitat Valenciana ya que ha asegurado que estos impuestos \"funcionan en todos los grandes centros tur\u00edsticos y aportan importantes ingresos al territorio\", mientras que su hom\u00f3logo en UGT-PV, Ismael S\u00e1ez, no ha descartado hacerlo pero siempre","canonical_url":"https:\/\/eldigitaldeasturias.com\/magazine365\/ccoo-defiende-la-implantacion-de-una-tasa-turistica-en-la-comunidad-valenciana-y-ugt-podria-apoyarla\/","robots":"max-image-preview:large","keywords":"noticias y actualidad","webmasterTools":{"google-site-verification":"UA-38556648-1","miscellaneous":""},"schema":{"@context":"https:\/\/schema.org","@graph":[{"@type":"Article","@id":"https:\/\/eldigitaldeasturias.com\/magazine365\/ccoo-defiende-la-implantacion-de-una-tasa-turistica-en-la-comunidad-valenciana-y-ugt-podria-apoyarla\/#article","name":"Los sindicatos CCOO y UGT creen importante la implantaci\u00f3n de una tasa tur\u00edstica en la Comunidad Valenciana | El Digital de Asturias","headline":"Los sindicatos CCOO y UGT creen importante la implantaci\u00f3n de una tasa tur\u00edstica en la Comunidad Valenciana","author":{"@id":"https:\/\/eldigitaldeasturias.com\/magazine365\/author\/admin\/#author"},"publisher":{"@id":"https:\/\/eldigitaldeasturias.com\/magazine365\/#organization"},"image":{"@type":"ImageObject","url":"https:\/\/eldigitaldeasturias.com\/magazine365\/wp-content\/uploads\/2016\/06\/fotonoticia_20160615143622_800.jpg","width":800,"height":588},"datePublished":"2016-06-15T16:26:23+02:00","dateModified":"2016-06-15T16:27:16+02:00","inLanguage":"es-ES","mainEntityOfPage":{"@id":"https:\/\/eldigitaldeasturias.com\/magazine365\/ccoo-defiende-la-implantacion-de-una-tasa-turistica-en-la-comunidad-valenciana-y-ugt-podria-apoyarla\/#webpage"},"isPartOf":{"@id":"https:\/\/eldigitaldeasturias.com\/magazine365\/ccoo-defiende-la-implantacion-de-una-tasa-turistica-en-la-comunidad-valenciana-y-ugt-podria-apoyarla\/#webpage"},"articleSection":"Noticias y Actualidad"},{"@type":"BreadcrumbList","@id":"https:\/\/eldigitaldeasturias.com\/magazine365\/ccoo-defiende-la-implantacion-de-una-tasa-turistica-en-la-comunidad-valenciana-y-ugt-podria-apoyarla\/#breadcrumblist","itemListElement":[{"@type":"ListItem","@id":"https:\/\/eldigitaldeasturias.com\/magazine365#listItem","position":1,"name":"Home","item":"https:\/\/eldigitaldeasturias.com\/magazine365","nextItem":{"@type":"ListItem","@id":"https:\/\/eldigitaldeasturias.com\/magazine365\/category\/noticias-actualidad\/#listItem","name":"Noticias y Actualidad"}},{"@type":"ListItem","@id":"https:\/\/eldigitaldeasturias.com\/magazine365\/category\/noticias-actualidad\/#listItem","position":2,"name":"Noticias y Actualidad","item":"https:\/\/eldigitaldeasturias.com\/magazine365\/category\/noticias-actualidad\/","nextItem":{"@type":"ListItem","@id":"https:\/\/eldigitaldeasturias.com\/magazine365\/ccoo-defiende-la-implantacion-de-una-tasa-turistica-en-la-comunidad-valenciana-y-ugt-podria-apoyarla\/#listItem","name":"Los sindicatos CCOO y UGT creen importante la implantaci\u00f3n de una tasa tur\u00edstica en la Comunidad Valenciana"},"previousItem":{"@type":"ListItem","@id":"https:\/\/eldigitaldeasturias.com\/magazine365#listItem","name":"Home"}},{"@type":"ListItem","@id":"https:\/\/eldigitaldeasturias.com\/magazine365\/ccoo-defiende-la-implantacion-de-una-tasa-turistica-en-la-comunidad-valenciana-y-ugt-podria-apoyarla\/#listItem","position":3,"name":"Los sindicatos CCOO y UGT creen importante la implantaci\u00f3n de una tasa tur\u00edstica en la Comunidad Valenciana","previousItem":{"@type":"ListItem","@id":"https:\/\/eldigitaldeasturias.com\/magazine365\/category\/noticias-actualidad\/#listItem","name":"Noticias y Actualidad"}}]},{"@type":"Organization","@id":"https:\/\/eldigitaldeasturias.com\/magazine365\/#organization","name":"El digital de Asturias","description":"Revista de ocio, turismo y estilo de vida","url":"https:\/\/eldigitaldeasturias.com\/magazine365\/","logo":{"@type":"ImageObject","url":"https:\/\/www.eldigitaldeasturias.com\/noticias\/wp-content\/uploads\/2020\/12\/EDA.jpg","@id":"https:\/\/eldigitaldeasturias.com\/magazine365\/ccoo-defiende-la-implantacion-de-una-tasa-turistica-en-la-comunidad-valenciana-y-ugt-podria-apoyarla\/#organizationLogo"},"image":{"@id":"https:\/\/eldigitaldeasturias.com\/magazine365\/ccoo-defiende-la-implantacion-de-una-tasa-turistica-en-la-comunidad-valenciana-y-ugt-podria-apoyarla\/#organizationLogo"}},{"@type":"Person","@id":"https:\/\/eldigitaldeasturias.com\/magazine365\/author\/admin\/#author","url":"https:\/\/eldigitaldeasturias.com\/magazine365\/author\/admin\/","name":"admin","image":{"@type":"ImageObject","@id":"https:\/\/eldigitaldeasturias.com\/magazine365\/ccoo-defiende-la-implantacion-de-una-tasa-turistica-en-la-comunidad-valenciana-y-ugt-podria-apoyarla\/#authorImage","url":"https:\/\/eldigitaldeasturias.com\/magazine365\/wp-content\/litespeed\/avatar\/e571bcf59a0edd6fa6838245a470f2fe.jpg?ver=1776969259","width":96,"height":96,"caption":"admin"}},{"@type":"WebPage","@id":"https:\/\/eldigitaldeasturias.com\/magazine365\/ccoo-defiende-la-implantacion-de-una-tasa-turistica-en-la-comunidad-valenciana-y-ugt-podria-apoyarla\/#webpage","url":"https:\/\/eldigitaldeasturias.com\/magazine365\/ccoo-defiende-la-implantacion-de-una-tasa-turistica-en-la-comunidad-valenciana-y-ugt-podria-apoyarla\/","name":"Los sindicatos CCOO y UGT creen importante la implantaci\u00f3n de una tasa tur\u00edstica en la Comunidad Valenciana | El Digital de Asturias","description":"El secretario general de CCOO-PV, Paco Molina, ha defendido este mi\u00e9rcoles la implantaci\u00f3n de una tasa tur\u00edstica en la Comunitat Valenciana ya que ha asegurado que estos impuestos \"funcionan en todos los grandes centros tur\u00edsticos y aportan importantes ingresos al territorio\", mientras que su hom\u00f3logo en UGT-PV, Ismael S\u00e1ez, no ha descartado hacerlo pero siempre","inLanguage":"es-ES","isPartOf":{"@id":"https:\/\/eldigitaldeasturias.com\/magazine365\/#website"},"breadcrumb":{"@id":"https:\/\/eldigitaldeasturias.com\/magazine365\/ccoo-defiende-la-implantacion-de-una-tasa-turistica-en-la-comunidad-valenciana-y-ugt-podria-apoyarla\/#breadcrumblist"},"author":{"@id":"https:\/\/eldigitaldeasturias.com\/magazine365\/author\/admin\/#author"},"creator":{"@id":"https:\/\/eldigitaldeasturias.com\/magazine365\/author\/admin\/#author"},"image":{"@type":"ImageObject","url":"https:\/\/eldigitaldeasturias.com\/magazine365\/wp-content\/uploads\/2016\/06\/fotonoticia_20160615143622_800.jpg","@id":"https:\/\/eldigitaldeasturias.com\/magazine365\/ccoo-defiende-la-implantacion-de-una-tasa-turistica-en-la-comunidad-valenciana-y-ugt-podria-apoyarla\/#mainImage","width":800,"height":588},"primaryImageOfPage":{"@id":"https:\/\/eldigitaldeasturias.com\/magazine365\/ccoo-defiende-la-implantacion-de-una-tasa-turistica-en-la-comunidad-valenciana-y-ugt-podria-apoyarla\/#mainImage"},"datePublished":"2016-06-15T16:26:23+02:00","dateModified":"2016-06-15T16:27:16+02:00"},{"@type":"WebSite","@id":"https:\/\/eldigitaldeasturias.com\/magazine365\/#website","url":"https:\/\/eldigitaldeasturias.com\/magazine365\/","name":"El Digital de Asturias","description":"Revista de ocio, turismo y estilo de vida","inLanguage":"es-ES","publisher":{"@id":"https:\/\/eldigitaldeasturias.com\/magazine365\/#organization"}}]},"og:locale":"es_ES","og:site_name":"El Digital de Asturias \u2013 Revista de ocio, turismo y estilo de vida","og:type":"article","og:title":"Los sindicatos CCOO y UGT creen importante la implantaci\u00f3n de una tasa tur\u00edstica en la Comunidad Valenciana | El Digital de Asturias","og:description":"El secretario general de CCOO-PV, Paco Molina, ha defendido este mi\u00e9rcoles la implantaci\u00f3n de una tasa tur\u00edstica en la Comunitat Valenciana ya que ha asegurado que estos impuestos &quot;funcionan en todos los grandes centros tur\u00edsticos y aportan importantes ingresos al territorio&quot;, mientras que su hom\u00f3logo en UGT-PV, Ismael S\u00e1ez, no ha descartado hacerlo pero siempre","og:url":"https:\/\/eldigitaldeasturias.com\/magazine365\/ccoo-defiende-la-implantacion-de-una-tasa-turistica-en-la-comunidad-valenciana-y-ugt-podria-apoyarla\/","og:image":"https:\/\/eldigitaldeasturias.com\/magazine365\/wp-content\/uploads\/2016\/06\/fotonoticia_20160615143622_800.jpg","og:image:secure_url":"https:\/\/eldigitaldeasturias.com\/magazine365\/wp-content\/uploads\/2016\/06\/fotonoticia_20160615143622_800.jpg","og:image:width":800,"og:image:height":588,"article:published_time":"2016-06-15T14:26:23+00:00","article:modified_time":"2016-06-15T14:27:16+00:00","twitter:card":"summary_large_image","twitter:title":"Los sindicatos CCOO y UGT creen importante la implantaci\u00f3n de una tasa tur\u00edstica en la Comunidad Valenciana | El Digital de Asturias","twitter:description":"El secretario general de CCOO-PV, Paco Molina, ha defendido este mi\u00e9rcoles la implantaci\u00f3n de una tasa tur\u00edstica en la Comunitat Valenciana ya que ha asegurado que estos impuestos &quot;funcionan en todos los grandes centros tur\u00edsticos y aportan importantes ingresos al territorio&quot;, mientras que su hom\u00f3logo en UGT-PV, Ismael S\u00e1ez, no ha descartado hacerlo pero siempre","twitter:image":"https:\/\/eldigitaldeasturias.com\/magazine365\/wp-content\/uploads\/2016\/06\/fotonoticia_20160615143622_800.jpg"},"aioseo_meta_data":{"post_id":"79440","title":null,"description":null,"keywords":null,"keyphrases":null,"primary_term":null,"canonical_url":null,"og_title":null,"og_description":null,"og_object_type":"default","og_image_type":"default","og_image_url":null,"og_image_width":null,"og_image_height":null,"og_image_custom_url":null,"og_image_custom_fields":null,"og_video":null,"og_custom_url":null,"og_article_section":null,"og_article_tags":null,"twitter_use_og":false,"twitter_card":"default","twitter_image_type":"default","twitter_image_url":null,"twitter_image_custom_url":null,"twitter_image_custom_fields":null,"twitter_title":null,"twitter_description":null,"schema":{"blockGraphs":[],"customGraphs":[],"default":{"data":{"Article":[],"Course":[],"Dataset":[],"FAQPage":[],"Movie":[],"Person":[],"Product":[],"ProductReview":[],"Car":[],"Recipe":[],"Service":[],"SoftwareApplication":[],"WebPage":[]},"graphName":"","isEnabled":true},"graphs":[],"defaultGraph":"","defaultPostTypeGraph":""},"schema_type":null,"schema_type_options":null,"pillar_content":false,"robots_default":true,"robots_noindex":false,"robots_noarchive":false,"robots_nosnippet":false,"robots_nofollow":false,"robots_noimageindex":false,"robots_noodp":false,"robots_notranslate":false,"robots_max_snippet":null,"robots_max_videopreview":null,"robots_max_imagepreview":"large","priority":null,"frequency":null,"location":null,"local_seo":null,"seo_analyzer_scan_date":"2025-09-27 18:55:05","breadcrumb_settings":null,"limit_modified_date":false,"open_ai":null,"ai":null,"created":"2021-03-08 17:49:06","updated":"2025-09-27 18:55:05"},"aioseo_breadcrumb":"<div class=\"aioseo-breadcrumbs\"><span class=\"aioseo-breadcrumb\">\n\t<a href=\"https:\/\/eldigitaldeasturias.com\/magazine365\" title=\"Home\">Home<\/a>\n<\/span><span class=\"aioseo-breadcrumb-separator\">\u2013<\/span><span class=\"aioseo-breadcrumb\">\n\t<a href=\"https:\/\/eldigitaldeasturias.com\/magazine365\/category\/noticias-actualidad\/\" title=\"Noticias y Actualidad\">Noticias y Actualidad<\/a>\n<\/span><span class=\"aioseo-breadcrumb-separator\">\u2013<\/span><span class=\"aioseo-breadcrumb\">\n\t<a href=\"https:\/\/eldigitaldeasturias.com\/magazine365\/ccoo-defiende-la-implantacion-de-una-tasa-turistica-en-la-comunidad-valenciana-y-ugt-podria-apoyarla\/\" title=\"Los sindicatos CCOO y UGT creen importante la implantaci\u00f3n de una tasa tur\u00edstica en la Comunidad Valenciana\">Los sindicatos CCOO y UGT creen importante la implantaci\u00f3n de una tasa tur\u00edstica en la Comunidad Valenciana<\/a>\n<\/span><\/div>","aioseo_breadcrumb_json":[{"label":"Home","link":"https:\/\/eldigitaldeasturias.com\/magazine365"},{"label":"Noticias y Actualidad","link":"https:\/\/eldigitaldeasturias.com\/magazine365\/category\/noticias-actualidad\/"},{"label":"Los sindicatos CCOO y UGT creen importante la implantaci\u00f3n de una tasa tur\u00edstica en la Comunidad Valenciana","link":"https:\/\/eldigitaldeasturias.com\/magazine365\/ccoo-defiende-la-implantacion-de-una-tasa-turistica-en-la-comunidad-valenciana-y-ugt-podria-apoyarla\/"}],"_links":{"self":[{"href":"https:\/\/eldigitaldeasturias.com\/magazine365\/wp-json\/wp\/v2\/posts\/79440","targetHints":{"allow":["GET"]}}],"collection":[{"href":"https:\/\/eldigitaldeasturias.com\/magazine365\/wp-json\/wp\/v2\/posts"}],"about":[{"href":"https:\/\/eldigitaldeasturias.com\/magazine365\/wp-json\/wp\/v2\/types\/post"}],"author":[{"embeddable":true,"href":"https:\/\/eldigitaldeasturias.com\/magazine365\/wp-json\/wp\/v2\/users\/1"}],"replies":[{"embeddable":true,"href":"https:\/\/eldigitaldeasturias.com\/magazine365\/wp-json\/wp\/v2\/comments?post=79440"}],"version-history":[{"count":0,"href":"https:\/\/eldigitaldeasturias.com\/magazine365\/wp-json\/wp\/v2\/posts\/79440\/revisions"}],"wp:featuredmedia":[{"embeddable":true,"href":"https:\/\/eldigitaldeasturias.com\/magazine365\/wp-json\/wp\/v2\/media\/79441"}],"wp:attachment":[{"href":"https:\/\/eldigitaldeasturias.com\/magazine365\/wp-json\/wp\/v2\/media?parent=79440"}],"wp:term":[{"taxonomy":"category","embeddable":true,"href":"https:\/\/eldigitaldeasturias.com\/magazine365\/wp-json\/wp\/v2\/categories?post=79440"},{"taxonomy":"post_tag","embeddable":true,"href":"https:\/\/eldigitaldeasturias.com\/magazine365\/wp-json\/wp\/v2\/tags?post=79440"}],"curies":[{"name":"wp","href":"https:\/\/api.w.org\/{rel}","templated":true}]}}