{"id":79424,"date":"2016-06-15T14:54:43","date_gmt":"2016-06-15T12:54:43","guid":{"rendered":"http:\/\/eldigitaldeasturias.com\/magazine365\/?p=79424"},"modified":"2016-06-15T14:54:43","modified_gmt":"2016-06-15T12:54:43","slug":"angrois-cxg-pregunta-en-europa-por-que-no-se-hace-publico-el-informe-sobre-el-accidente","status":"publish","type":"post","link":"https:\/\/eldigitaldeasturias.com\/magazine365\/angrois-cxg-pregunta-en-europa-por-que-no-se-hace-publico-el-informe-sobre-el-accidente\/","title":{"rendered":"Angrois &#8211; CxG pregunta en Europa por que no se hace p\u00fablico el informe sobre el accidente"},"content":{"rendered":"<p><img fetchpriority=\"high\" decoding=\"async\" class=\"alignleft size-medium wp-image-79425\" src=\"https:\/\/eldigitaldeasturias.com\/magazine365\/wp-content\/uploads\/2016\/06\/fotonoticia_20160615130112_800-360x239.jpg\" alt=\"fotonoticia_20160615130112_800\" width=\"360\" height=\"239\" srcset=\"https:\/\/eldigitaldeasturias.com\/magazine365\/wp-content\/uploads\/2016\/06\/fotonoticia_20160615130112_800-360x239.jpg 360w, https:\/\/eldigitaldeasturias.com\/magazine365\/wp-content\/uploads\/2016\/06\/fotonoticia_20160615130112_800-650x431.jpg 650w, https:\/\/eldigitaldeasturias.com\/magazine365\/wp-content\/uploads\/2016\/06\/fotonoticia_20160615130112_800-768x510.jpg 768w, https:\/\/eldigitaldeasturias.com\/magazine365\/wp-content\/uploads\/2016\/06\/fotonoticia_20160615130112_800-150x100.jpg 150w, https:\/\/eldigitaldeasturias.com\/magazine365\/wp-content\/uploads\/2016\/06\/fotonoticia_20160615130112_800-450x299.jpg 450w, https:\/\/eldigitaldeasturias.com\/magazine365\/wp-content\/uploads\/2016\/06\/fotonoticia_20160615130112_800-121x79.jpg 121w, https:\/\/eldigitaldeasturias.com\/magazine365\/wp-content\/uploads\/2016\/06\/fotonoticia_20160615130112_800-101x66.jpg 101w, https:\/\/eldigitaldeasturias.com\/magazine365\/wp-content\/uploads\/2016\/06\/fotonoticia_20160615130112_800.jpg 800w\" sizes=\"(max-width: 360px) 100vw, 360px\" \/>Compromiso por Galicia (CxG), a trav\u00e9s eurodiputada de la Coalici\u00f3n por Europa Izaskun Bilbao, ha preguntado en la Comisi\u00f3n Europea por las razones que impiden al Gobierno comunitario hacer p\u00fablico un informe sobre el accidente de Angrois elaborado por la Agencia Europea del Ferrocarril (ERA).<\/p>\n<p>De ello ha informado la organizaci\u00f3n en un comunicado, en el que ha considerado que este domingo, concluido el pasado mes de abril, \u00abpodr\u00eda ser determinante para esclarecer las responsabilidades del tr\u00e1gico siniestro en el que perdieron la vida 80 personas\u00bb.<\/p>\n<p>La eurodiputada perteneciente a la coalici\u00f3n con la que concurri\u00f3 CxG a las elecciones europeas es miembro de la Comisi\u00f3n de Transporte del Parlamento Europeo y relatora de uno de los informes que forman, junto al de seguridad ferroviaria, el llamado \u00abcuarto paquete ferroriario\u00bb.<\/p>\n<p>De este modo, en su pregunta recuerda que la Agencia Europea del Ferrocarril concluy\u00f3 en abril un informe encargado por la Comisi\u00f3n Europea sobre el accidente ocurrido en Santiago en junio de 2013.<\/p>\n<p>\u00abSus conclusiones no son p\u00fablicas a pesar de que pudiesen ser de gran inter\u00e9s para acercar la causa judicial que se abri\u00f3 para determinar las responsabilidades y establecer, en funci\u00f3n de las mismas, las indemnizaciones a las que tendr\u00e1n derecho los perjudicados\u00bb, ha apuntado.<\/p>\n","protected":false},"excerpt":{"rendered":"<p>Compromiso por Galicia (CxG), a trav\u00e9s eurodiputada de la Coalici\u00f3n por Europa Izaskun Bilbao, ha preguntado en la Comisi\u00f3n Europea por las razones que impiden al Gobierno comunitario hacer p\u00fablico un informe sobre el accidente de Angrois elaborado por la Agencia Europea del Ferrocarril (ERA). De ello ha informado la organizaci\u00f3n en un comunicado, en<\/p>\n","protected":false},"author":1,"featured_media":79425,"comment_status":"open","ping_status":"closed","sticky":false,"template":"","format":"standard","meta":{"footnotes":""},"categories":[224],"tags":[],"class_list":{"0":"post-79424","1":"post","2":"type-post","3":"status-publish","4":"format-standard","5":"has-post-thumbnail","7":"category-noticias-actualidad"},"aioseo_notices":[],"aioseo_head":"\n\t\t<!-- All in One SEO Pro 4.9.6.1 - aioseo.com -->\n\t<meta name=\"description\" content=\"Compromiso por Galicia (CxG), a trav\u00e9s eurodiputada de la Coalici\u00f3n por Europa Izaskun Bilbao, ha preguntado en la Comisi\u00f3n Europea por las razones que impiden al Gobierno comunitario hacer p\u00fablico un informe sobre el accidente de Angrois elaborado por la Agencia Europea del Ferrocarril (ERA). De ello ha informado la organizaci\u00f3n en un comunicado, en\" \/>\n\t<meta name=\"robots\" content=\"max-image-preview:large\" \/>\n\t<meta name=\"author\" content=\"admin\"\/>\n\t<meta name=\"google-site-verification\" content=\"UA-38556648-1\" \/>\n\t<meta name=\"keywords\" content=\"noticias y actualidad\" \/>\n\t<link rel=\"canonical\" href=\"https:\/\/eldigitaldeasturias.com\/magazine365\/angrois-cxg-pregunta-en-europa-por-que-no-se-hace-publico-el-informe-sobre-el-accidente\/\" \/>\n\t<meta name=\"generator\" content=\"All in One SEO Pro (AIOSEO) 4.9.6.1\" \/>\n\t\t<meta property=\"og:locale\" content=\"es_ES\" \/>\n\t\t<meta property=\"og:site_name\" content=\"El Digital de Asturias \u2013 Revista de ocio, turismo y estilo de vida\" \/>\n\t\t<meta property=\"og:type\" content=\"article\" \/>\n\t\t<meta property=\"og:title\" content=\"Angrois \u2013 CxG pregunta en Europa por que no se hace p\u00fablico el informe sobre el accidente | El Digital de Asturias\" \/>\n\t\t<meta property=\"og:description\" content=\"Compromiso por Galicia (CxG), a trav\u00e9s eurodiputada de la Coalici\u00f3n por Europa Izaskun Bilbao, ha preguntado en la Comisi\u00f3n Europea por las razones que impiden al Gobierno comunitario hacer p\u00fablico un informe sobre el accidente de Angrois elaborado por la Agencia Europea del Ferrocarril (ERA). De ello ha informado la organizaci\u00f3n en un comunicado, en\" \/>\n\t\t<meta property=\"og:url\" content=\"https:\/\/eldigitaldeasturias.com\/magazine365\/angrois-cxg-pregunta-en-europa-por-que-no-se-hace-publico-el-informe-sobre-el-accidente\/\" \/>\n\t\t<meta property=\"og:image\" content=\"https:\/\/eldigitaldeasturias.com\/magazine365\/wp-content\/uploads\/2016\/06\/fotonoticia_20160615130112_800.jpg\" \/>\n\t\t<meta property=\"og:image:secure_url\" content=\"https:\/\/eldigitaldeasturias.com\/magazine365\/wp-content\/uploads\/2016\/06\/fotonoticia_20160615130112_800.jpg\" \/>\n\t\t<meta property=\"og:image:width\" content=\"800\" \/>\n\t\t<meta property=\"og:image:height\" content=\"531\" \/>\n\t\t<meta property=\"article:published_time\" content=\"2016-06-15T12:54:43+00:00\" \/>\n\t\t<meta property=\"article:modified_time\" content=\"2016-06-15T12:54:43+00:00\" \/>\n\t\t<meta name=\"twitter:card\" content=\"summary_large_image\" \/>\n\t\t<meta name=\"twitter:title\" content=\"Angrois \u2013 CxG pregunta en Europa por que no se hace p\u00fablico el informe sobre el accidente | El Digital de Asturias\" \/>\n\t\t<meta name=\"twitter:description\" content=\"Compromiso por Galicia (CxG), a trav\u00e9s eurodiputada de la Coalici\u00f3n por Europa Izaskun Bilbao, ha preguntado en la Comisi\u00f3n Europea por las razones que impiden al Gobierno comunitario hacer p\u00fablico un informe sobre el accidente de Angrois elaborado por la Agencia Europea del Ferrocarril (ERA). De ello ha informado la organizaci\u00f3n en un comunicado, en\" \/>\n\t\t<meta name=\"twitter:image\" content=\"https:\/\/eldigitaldeasturias.com\/magazine365\/wp-content\/uploads\/2016\/06\/fotonoticia_20160615130112_800.jpg\" \/>\n\t\t<script type=\"application\/ld+json\" class=\"aioseo-schema\">\n\t\t\t{\"@context\":\"https:\\\/\\\/schema.org\",\"@graph\":[{\"@type\":\"Article\",\"@id\":\"https:\\\/\\\/eldigitaldeasturias.com\\\/magazine365\\\/angrois-cxg-pregunta-en-europa-por-que-no-se-hace-publico-el-informe-sobre-el-accidente\\\/#article\",\"name\":\"Angrois \\u2013 CxG pregunta en Europa por que no se hace p\\u00fablico el informe sobre el accidente | El Digital de Asturias\",\"headline\":\"Angrois &#8211; CxG pregunta en Europa por que no se hace p\\u00fablico el informe sobre el accidente\",\"author\":{\"@id\":\"https:\\\/\\\/eldigitaldeasturias.com\\\/magazine365\\\/author\\\/admin\\\/#author\"},\"publisher\":{\"@id\":\"https:\\\/\\\/eldigitaldeasturias.com\\\/magazine365\\\/#organization\"},\"image\":{\"@type\":\"ImageObject\",\"url\":\"https:\\\/\\\/eldigitaldeasturias.com\\\/magazine365\\\/wp-content\\\/uploads\\\/2016\\\/06\\\/fotonoticia_20160615130112_800.jpg\",\"width\":800,\"height\":531},\"datePublished\":\"2016-06-15T14:54:43+02:00\",\"dateModified\":\"2016-06-15T14:54:43+02:00\",\"inLanguage\":\"es-ES\",\"mainEntityOfPage\":{\"@id\":\"https:\\\/\\\/eldigitaldeasturias.com\\\/magazine365\\\/angrois-cxg-pregunta-en-europa-por-que-no-se-hace-publico-el-informe-sobre-el-accidente\\\/#webpage\"},\"isPartOf\":{\"@id\":\"https:\\\/\\\/eldigitaldeasturias.com\\\/magazine365\\\/angrois-cxg-pregunta-en-europa-por-que-no-se-hace-publico-el-informe-sobre-el-accidente\\\/#webpage\"},\"articleSection\":\"Noticias y Actualidad\"},{\"@type\":\"BreadcrumbList\",\"@id\":\"https:\\\/\\\/eldigitaldeasturias.com\\\/magazine365\\\/angrois-cxg-pregunta-en-europa-por-que-no-se-hace-publico-el-informe-sobre-el-accidente\\\/#breadcrumblist\",\"itemListElement\":[{\"@type\":\"ListItem\",\"@id\":\"https:\\\/\\\/eldigitaldeasturias.com\\\/magazine365#listItem\",\"position\":1,\"name\":\"Home\",\"item\":\"https:\\\/\\\/eldigitaldeasturias.com\\\/magazine365\",\"nextItem\":{\"@type\":\"ListItem\",\"@id\":\"https:\\\/\\\/eldigitaldeasturias.com\\\/magazine365\\\/category\\\/noticias-actualidad\\\/#listItem\",\"name\":\"Noticias y Actualidad\"}},{\"@type\":\"ListItem\",\"@id\":\"https:\\\/\\\/eldigitaldeasturias.com\\\/magazine365\\\/category\\\/noticias-actualidad\\\/#listItem\",\"position\":2,\"name\":\"Noticias y Actualidad\",\"item\":\"https:\\\/\\\/eldigitaldeasturias.com\\\/magazine365\\\/category\\\/noticias-actualidad\\\/\",\"nextItem\":{\"@type\":\"ListItem\",\"@id\":\"https:\\\/\\\/eldigitaldeasturias.com\\\/magazine365\\\/angrois-cxg-pregunta-en-europa-por-que-no-se-hace-publico-el-informe-sobre-el-accidente\\\/#listItem\",\"name\":\"Angrois &#8211; CxG pregunta en Europa por que no se hace p\\u00fablico el informe sobre el accidente\"},\"previousItem\":{\"@type\":\"ListItem\",\"@id\":\"https:\\\/\\\/eldigitaldeasturias.com\\\/magazine365#listItem\",\"name\":\"Home\"}},{\"@type\":\"ListItem\",\"@id\":\"https:\\\/\\\/eldigitaldeasturias.com\\\/magazine365\\\/angrois-cxg-pregunta-en-europa-por-que-no-se-hace-publico-el-informe-sobre-el-accidente\\\/#listItem\",\"position\":3,\"name\":\"Angrois &#8211; CxG pregunta en Europa por que no se hace p\\u00fablico el informe sobre el accidente\",\"previousItem\":{\"@type\":\"ListItem\",\"@id\":\"https:\\\/\\\/eldigitaldeasturias.com\\\/magazine365\\\/category\\\/noticias-actualidad\\\/#listItem\",\"name\":\"Noticias y Actualidad\"}}]},{\"@type\":\"Organization\",\"@id\":\"https:\\\/\\\/eldigitaldeasturias.com\\\/magazine365\\\/#organization\",\"name\":\"El digital de Asturias\",\"description\":\"Revista de ocio, turismo y estilo de vida\",\"url\":\"https:\\\/\\\/eldigitaldeasturias.com\\\/magazine365\\\/\",\"logo\":{\"@type\":\"ImageObject\",\"url\":\"https:\\\/\\\/www.eldigitaldeasturias.com\\\/noticias\\\/wp-content\\\/uploads\\\/2020\\\/12\\\/EDA.jpg\",\"@id\":\"https:\\\/\\\/eldigitaldeasturias.com\\\/magazine365\\\/angrois-cxg-pregunta-en-europa-por-que-no-se-hace-publico-el-informe-sobre-el-accidente\\\/#organizationLogo\"},\"image\":{\"@id\":\"https:\\\/\\\/eldigitaldeasturias.com\\\/magazine365\\\/angrois-cxg-pregunta-en-europa-por-que-no-se-hace-publico-el-informe-sobre-el-accidente\\\/#organizationLogo\"}},{\"@type\":\"Person\",\"@id\":\"https:\\\/\\\/eldigitaldeasturias.com\\\/magazine365\\\/author\\\/admin\\\/#author\",\"url\":\"https:\\\/\\\/eldigitaldeasturias.com\\\/magazine365\\\/author\\\/admin\\\/\",\"name\":\"admin\",\"image\":{\"@type\":\"ImageObject\",\"@id\":\"https:\\\/\\\/eldigitaldeasturias.com\\\/magazine365\\\/angrois-cxg-pregunta-en-europa-por-que-no-se-hace-publico-el-informe-sobre-el-accidente\\\/#authorImage\",\"url\":\"https:\\\/\\\/eldigitaldeasturias.com\\\/magazine365\\\/wp-content\\\/litespeed\\\/avatar\\\/e571bcf59a0edd6fa6838245a470f2fe.jpg?ver=1776969259\",\"width\":96,\"height\":96,\"caption\":\"admin\"}},{\"@type\":\"WebPage\",\"@id\":\"https:\\\/\\\/eldigitaldeasturias.com\\\/magazine365\\\/angrois-cxg-pregunta-en-europa-por-que-no-se-hace-publico-el-informe-sobre-el-accidente\\\/#webpage\",\"url\":\"https:\\\/\\\/eldigitaldeasturias.com\\\/magazine365\\\/angrois-cxg-pregunta-en-europa-por-que-no-se-hace-publico-el-informe-sobre-el-accidente\\\/\",\"name\":\"Angrois \\u2013 CxG pregunta en Europa por que no se hace p\\u00fablico el informe sobre el accidente | El Digital de Asturias\",\"description\":\"Compromiso por Galicia (CxG), a trav\\u00e9s eurodiputada de la Coalici\\u00f3n por Europa Izaskun Bilbao, ha preguntado en la Comisi\\u00f3n Europea por las razones que impiden al Gobierno comunitario hacer p\\u00fablico un informe sobre el accidente de Angrois elaborado por la Agencia Europea del Ferrocarril (ERA). De ello ha informado la organizaci\\u00f3n en un comunicado, en\",\"inLanguage\":\"es-ES\",\"isPartOf\":{\"@id\":\"https:\\\/\\\/eldigitaldeasturias.com\\\/magazine365\\\/#website\"},\"breadcrumb\":{\"@id\":\"https:\\\/\\\/eldigitaldeasturias.com\\\/magazine365\\\/angrois-cxg-pregunta-en-europa-por-que-no-se-hace-publico-el-informe-sobre-el-accidente\\\/#breadcrumblist\"},\"author\":{\"@id\":\"https:\\\/\\\/eldigitaldeasturias.com\\\/magazine365\\\/author\\\/admin\\\/#author\"},\"creator\":{\"@id\":\"https:\\\/\\\/eldigitaldeasturias.com\\\/magazine365\\\/author\\\/admin\\\/#author\"},\"image\":{\"@type\":\"ImageObject\",\"url\":\"https:\\\/\\\/eldigitaldeasturias.com\\\/magazine365\\\/wp-content\\\/uploads\\\/2016\\\/06\\\/fotonoticia_20160615130112_800.jpg\",\"@id\":\"https:\\\/\\\/eldigitaldeasturias.com\\\/magazine365\\\/angrois-cxg-pregunta-en-europa-por-que-no-se-hace-publico-el-informe-sobre-el-accidente\\\/#mainImage\",\"width\":800,\"height\":531},\"primaryImageOfPage\":{\"@id\":\"https:\\\/\\\/eldigitaldeasturias.com\\\/magazine365\\\/angrois-cxg-pregunta-en-europa-por-que-no-se-hace-publico-el-informe-sobre-el-accidente\\\/#mainImage\"},\"datePublished\":\"2016-06-15T14:54:43+02:00\",\"dateModified\":\"2016-06-15T14:54:43+02:00\"},{\"@type\":\"WebSite\",\"@id\":\"https:\\\/\\\/eldigitaldeasturias.com\\\/magazine365\\\/#website\",\"url\":\"https:\\\/\\\/eldigitaldeasturias.com\\\/magazine365\\\/\",\"name\":\"El Digital de Asturias\",\"description\":\"Revista de ocio, turismo y estilo de vida\",\"inLanguage\":\"es-ES\",\"publisher\":{\"@id\":\"https:\\\/\\\/eldigitaldeasturias.com\\\/magazine365\\\/#organization\"}}]}\n\t\t<\/script>\n\t\t<!-- All in One SEO Pro -->\r\n\t\t<title>Angrois \u2013 CxG pregunta en Europa por que no se hace p\u00fablico el informe sobre el accidente | El Digital de Asturias<\/title>\n\n","aioseo_head_json":{"title":"Angrois \u2013 CxG pregunta en Europa por que no se hace p\u00fablico el informe sobre el accidente | El Digital de Asturias","description":"Compromiso por Galicia (CxG), a trav\u00e9s eurodiputada de la Coalici\u00f3n por Europa Izaskun Bilbao, ha preguntado en la Comisi\u00f3n Europea por las razones que impiden al Gobierno comunitario hacer p\u00fablico un informe sobre el accidente de Angrois elaborado por la Agencia Europea del Ferrocarril (ERA). De ello ha informado la organizaci\u00f3n en un comunicado, en","canonical_url":"https:\/\/eldigitaldeasturias.com\/magazine365\/angrois-cxg-pregunta-en-europa-por-que-no-se-hace-publico-el-informe-sobre-el-accidente\/","robots":"max-image-preview:large","keywords":"noticias y actualidad","webmasterTools":{"google-site-verification":"UA-38556648-1","miscellaneous":""},"schema":{"@context":"https:\/\/schema.org","@graph":[{"@type":"Article","@id":"https:\/\/eldigitaldeasturias.com\/magazine365\/angrois-cxg-pregunta-en-europa-por-que-no-se-hace-publico-el-informe-sobre-el-accidente\/#article","name":"Angrois \u2013 CxG pregunta en Europa por que no se hace p\u00fablico el informe sobre el accidente | El Digital de Asturias","headline":"Angrois &#8211; CxG pregunta en Europa por que no se hace p\u00fablico el informe sobre el accidente","author":{"@id":"https:\/\/eldigitaldeasturias.com\/magazine365\/author\/admin\/#author"},"publisher":{"@id":"https:\/\/eldigitaldeasturias.com\/magazine365\/#organization"},"image":{"@type":"ImageObject","url":"https:\/\/eldigitaldeasturias.com\/magazine365\/wp-content\/uploads\/2016\/06\/fotonoticia_20160615130112_800.jpg","width":800,"height":531},"datePublished":"2016-06-15T14:54:43+02:00","dateModified":"2016-06-15T14:54:43+02:00","inLanguage":"es-ES","mainEntityOfPage":{"@id":"https:\/\/eldigitaldeasturias.com\/magazine365\/angrois-cxg-pregunta-en-europa-por-que-no-se-hace-publico-el-informe-sobre-el-accidente\/#webpage"},"isPartOf":{"@id":"https:\/\/eldigitaldeasturias.com\/magazine365\/angrois-cxg-pregunta-en-europa-por-que-no-se-hace-publico-el-informe-sobre-el-accidente\/#webpage"},"articleSection":"Noticias y Actualidad"},{"@type":"BreadcrumbList","@id":"https:\/\/eldigitaldeasturias.com\/magazine365\/angrois-cxg-pregunta-en-europa-por-que-no-se-hace-publico-el-informe-sobre-el-accidente\/#breadcrumblist","itemListElement":[{"@type":"ListItem","@id":"https:\/\/eldigitaldeasturias.com\/magazine365#listItem","position":1,"name":"Home","item":"https:\/\/eldigitaldeasturias.com\/magazine365","nextItem":{"@type":"ListItem","@id":"https:\/\/eldigitaldeasturias.com\/magazine365\/category\/noticias-actualidad\/#listItem","name":"Noticias y Actualidad"}},{"@type":"ListItem","@id":"https:\/\/eldigitaldeasturias.com\/magazine365\/category\/noticias-actualidad\/#listItem","position":2,"name":"Noticias y Actualidad","item":"https:\/\/eldigitaldeasturias.com\/magazine365\/category\/noticias-actualidad\/","nextItem":{"@type":"ListItem","@id":"https:\/\/eldigitaldeasturias.com\/magazine365\/angrois-cxg-pregunta-en-europa-por-que-no-se-hace-publico-el-informe-sobre-el-accidente\/#listItem","name":"Angrois &#8211; CxG pregunta en Europa por que no se hace p\u00fablico el informe sobre el accidente"},"previousItem":{"@type":"ListItem","@id":"https:\/\/eldigitaldeasturias.com\/magazine365#listItem","name":"Home"}},{"@type":"ListItem","@id":"https:\/\/eldigitaldeasturias.com\/magazine365\/angrois-cxg-pregunta-en-europa-por-que-no-se-hace-publico-el-informe-sobre-el-accidente\/#listItem","position":3,"name":"Angrois &#8211; CxG pregunta en Europa por que no se hace p\u00fablico el informe sobre el accidente","previousItem":{"@type":"ListItem","@id":"https:\/\/eldigitaldeasturias.com\/magazine365\/category\/noticias-actualidad\/#listItem","name":"Noticias y Actualidad"}}]},{"@type":"Organization","@id":"https:\/\/eldigitaldeasturias.com\/magazine365\/#organization","name":"El digital de Asturias","description":"Revista de ocio, turismo y estilo de vida","url":"https:\/\/eldigitaldeasturias.com\/magazine365\/","logo":{"@type":"ImageObject","url":"https:\/\/www.eldigitaldeasturias.com\/noticias\/wp-content\/uploads\/2020\/12\/EDA.jpg","@id":"https:\/\/eldigitaldeasturias.com\/magazine365\/angrois-cxg-pregunta-en-europa-por-que-no-se-hace-publico-el-informe-sobre-el-accidente\/#organizationLogo"},"image":{"@id":"https:\/\/eldigitaldeasturias.com\/magazine365\/angrois-cxg-pregunta-en-europa-por-que-no-se-hace-publico-el-informe-sobre-el-accidente\/#organizationLogo"}},{"@type":"Person","@id":"https:\/\/eldigitaldeasturias.com\/magazine365\/author\/admin\/#author","url":"https:\/\/eldigitaldeasturias.com\/magazine365\/author\/admin\/","name":"admin","image":{"@type":"ImageObject","@id":"https:\/\/eldigitaldeasturias.com\/magazine365\/angrois-cxg-pregunta-en-europa-por-que-no-se-hace-publico-el-informe-sobre-el-accidente\/#authorImage","url":"https:\/\/eldigitaldeasturias.com\/magazine365\/wp-content\/litespeed\/avatar\/e571bcf59a0edd6fa6838245a470f2fe.jpg?ver=1776969259","width":96,"height":96,"caption":"admin"}},{"@type":"WebPage","@id":"https:\/\/eldigitaldeasturias.com\/magazine365\/angrois-cxg-pregunta-en-europa-por-que-no-se-hace-publico-el-informe-sobre-el-accidente\/#webpage","url":"https:\/\/eldigitaldeasturias.com\/magazine365\/angrois-cxg-pregunta-en-europa-por-que-no-se-hace-publico-el-informe-sobre-el-accidente\/","name":"Angrois \u2013 CxG pregunta en Europa por que no se hace p\u00fablico el informe sobre el accidente | El Digital de Asturias","description":"Compromiso por Galicia (CxG), a trav\u00e9s eurodiputada de la Coalici\u00f3n por Europa Izaskun Bilbao, ha preguntado en la Comisi\u00f3n Europea por las razones que impiden al Gobierno comunitario hacer p\u00fablico un informe sobre el accidente de Angrois elaborado por la Agencia Europea del Ferrocarril (ERA). De ello ha informado la organizaci\u00f3n en un comunicado, en","inLanguage":"es-ES","isPartOf":{"@id":"https:\/\/eldigitaldeasturias.com\/magazine365\/#website"},"breadcrumb":{"@id":"https:\/\/eldigitaldeasturias.com\/magazine365\/angrois-cxg-pregunta-en-europa-por-que-no-se-hace-publico-el-informe-sobre-el-accidente\/#breadcrumblist"},"author":{"@id":"https:\/\/eldigitaldeasturias.com\/magazine365\/author\/admin\/#author"},"creator":{"@id":"https:\/\/eldigitaldeasturias.com\/magazine365\/author\/admin\/#author"},"image":{"@type":"ImageObject","url":"https:\/\/eldigitaldeasturias.com\/magazine365\/wp-content\/uploads\/2016\/06\/fotonoticia_20160615130112_800.jpg","@id":"https:\/\/eldigitaldeasturias.com\/magazine365\/angrois-cxg-pregunta-en-europa-por-que-no-se-hace-publico-el-informe-sobre-el-accidente\/#mainImage","width":800,"height":531},"primaryImageOfPage":{"@id":"https:\/\/eldigitaldeasturias.com\/magazine365\/angrois-cxg-pregunta-en-europa-por-que-no-se-hace-publico-el-informe-sobre-el-accidente\/#mainImage"},"datePublished":"2016-06-15T14:54:43+02:00","dateModified":"2016-06-15T14:54:43+02:00"},{"@type":"WebSite","@id":"https:\/\/eldigitaldeasturias.com\/magazine365\/#website","url":"https:\/\/eldigitaldeasturias.com\/magazine365\/","name":"El Digital de Asturias","description":"Revista de ocio, turismo y estilo de vida","inLanguage":"es-ES","publisher":{"@id":"https:\/\/eldigitaldeasturias.com\/magazine365\/#organization"}}]},"og:locale":"es_ES","og:site_name":"El Digital de Asturias \u2013 Revista de ocio, turismo y estilo de vida","og:type":"article","og:title":"Angrois \u2013 CxG pregunta en Europa por que no se hace p\u00fablico el informe sobre el accidente | El Digital de Asturias","og:description":"Compromiso por Galicia (CxG), a trav\u00e9s eurodiputada de la Coalici\u00f3n por Europa Izaskun Bilbao, ha preguntado en la Comisi\u00f3n Europea por las razones que impiden al Gobierno comunitario hacer p\u00fablico un informe sobre el accidente de Angrois elaborado por la Agencia Europea del Ferrocarril (ERA). De ello ha informado la organizaci\u00f3n en un comunicado, en","og:url":"https:\/\/eldigitaldeasturias.com\/magazine365\/angrois-cxg-pregunta-en-europa-por-que-no-se-hace-publico-el-informe-sobre-el-accidente\/","og:image":"https:\/\/eldigitaldeasturias.com\/magazine365\/wp-content\/uploads\/2016\/06\/fotonoticia_20160615130112_800.jpg","og:image:secure_url":"https:\/\/eldigitaldeasturias.com\/magazine365\/wp-content\/uploads\/2016\/06\/fotonoticia_20160615130112_800.jpg","og:image:width":800,"og:image:height":531,"article:published_time":"2016-06-15T12:54:43+00:00","article:modified_time":"2016-06-15T12:54:43+00:00","twitter:card":"summary_large_image","twitter:title":"Angrois \u2013 CxG pregunta en Europa por que no se hace p\u00fablico el informe sobre el accidente | El Digital de Asturias","twitter:description":"Compromiso por Galicia (CxG), a trav\u00e9s eurodiputada de la Coalici\u00f3n por Europa Izaskun Bilbao, ha preguntado en la Comisi\u00f3n Europea por las razones que impiden al Gobierno comunitario hacer p\u00fablico un informe sobre el accidente de Angrois elaborado por la Agencia Europea del Ferrocarril (ERA). De ello ha informado la organizaci\u00f3n en un comunicado, en","twitter:image":"https:\/\/eldigitaldeasturias.com\/magazine365\/wp-content\/uploads\/2016\/06\/fotonoticia_20160615130112_800.jpg"},"aioseo_meta_data":{"post_id":"79424","title":null,"description":null,"keywords":null,"keyphrases":null,"primary_term":null,"canonical_url":null,"og_title":null,"og_description":null,"og_object_type":"default","og_image_type":"default","og_image_url":null,"og_image_width":null,"og_image_height":null,"og_image_custom_url":null,"og_image_custom_fields":null,"og_video":null,"og_custom_url":null,"og_article_section":null,"og_article_tags":null,"twitter_use_og":false,"twitter_card":"default","twitter_image_type":"default","twitter_image_url":null,"twitter_image_custom_url":null,"twitter_image_custom_fields":null,"twitter_title":null,"twitter_description":null,"schema":{"blockGraphs":[],"customGraphs":[],"default":{"data":{"Article":[],"Course":[],"Dataset":[],"FAQPage":[],"Movie":[],"Person":[],"Product":[],"ProductReview":[],"Car":[],"Recipe":[],"Service":[],"SoftwareApplication":[],"WebPage":[]},"graphName":"","isEnabled":true},"graphs":[],"defaultGraph":"","defaultPostTypeGraph":""},"schema_type":null,"schema_type_options":null,"pillar_content":false,"robots_default":true,"robots_noindex":false,"robots_noarchive":false,"robots_nosnippet":false,"robots_nofollow":false,"robots_noimageindex":false,"robots_noodp":false,"robots_notranslate":false,"robots_max_snippet":null,"robots_max_videopreview":null,"robots_max_imagepreview":"large","priority":null,"frequency":null,"location":null,"local_seo":null,"seo_analyzer_scan_date":"2025-09-27 18:52:51","breadcrumb_settings":null,"limit_modified_date":false,"open_ai":null,"ai":null,"created":"2021-03-08 17:49:06","updated":"2025-09-27 18:52:51"},"aioseo_breadcrumb":"<div class=\"aioseo-breadcrumbs\"><span class=\"aioseo-breadcrumb\">\n\t<a href=\"https:\/\/eldigitaldeasturias.com\/magazine365\" title=\"Home\">Home<\/a>\n<\/span><span class=\"aioseo-breadcrumb-separator\">\u2013<\/span><span class=\"aioseo-breadcrumb\">\n\t<a href=\"https:\/\/eldigitaldeasturias.com\/magazine365\/category\/noticias-actualidad\/\" title=\"Noticias y Actualidad\">Noticias y Actualidad<\/a>\n<\/span><span class=\"aioseo-breadcrumb-separator\">\u2013<\/span><span class=\"aioseo-breadcrumb\">\n\t<a href=\"https:\/\/eldigitaldeasturias.com\/magazine365\/angrois-cxg-pregunta-en-europa-por-que-no-se-hace-publico-el-informe-sobre-el-accidente\/\" title=\"Angrois \u2013 CxG pregunta en Europa por que no se hace p\u00fablico el informe sobre el accidente\">Angrois \u2013 CxG pregunta en Europa por que no se hace p\u00fablico el informe sobre el accidente<\/a>\n<\/span><\/div>","aioseo_breadcrumb_json":[{"label":"Home","link":"https:\/\/eldigitaldeasturias.com\/magazine365"},{"label":"Noticias y Actualidad","link":"https:\/\/eldigitaldeasturias.com\/magazine365\/category\/noticias-actualidad\/"},{"label":"Angrois &#8211; CxG pregunta en Europa por que no se hace p\u00fablico el informe sobre el accidente","link":"https:\/\/eldigitaldeasturias.com\/magazine365\/angrois-cxg-pregunta-en-europa-por-que-no-se-hace-publico-el-informe-sobre-el-accidente\/"}],"_links":{"self":[{"href":"https:\/\/eldigitaldeasturias.com\/magazine365\/wp-json\/wp\/v2\/posts\/79424","targetHints":{"allow":["GET"]}}],"collection":[{"href":"https:\/\/eldigitaldeasturias.com\/magazine365\/wp-json\/wp\/v2\/posts"}],"about":[{"href":"https:\/\/eldigitaldeasturias.com\/magazine365\/wp-json\/wp\/v2\/types\/post"}],"author":[{"embeddable":true,"href":"https:\/\/eldigitaldeasturias.com\/magazine365\/wp-json\/wp\/v2\/users\/1"}],"replies":[{"embeddable":true,"href":"https:\/\/eldigitaldeasturias.com\/magazine365\/wp-json\/wp\/v2\/comments?post=79424"}],"version-history":[{"count":0,"href":"https:\/\/eldigitaldeasturias.com\/magazine365\/wp-json\/wp\/v2\/posts\/79424\/revisions"}],"wp:featuredmedia":[{"embeddable":true,"href":"https:\/\/eldigitaldeasturias.com\/magazine365\/wp-json\/wp\/v2\/media\/79425"}],"wp:attachment":[{"href":"https:\/\/eldigitaldeasturias.com\/magazine365\/wp-json\/wp\/v2\/media?parent=79424"}],"wp:term":[{"taxonomy":"category","embeddable":true,"href":"https:\/\/eldigitaldeasturias.com\/magazine365\/wp-json\/wp\/v2\/categories?post=79424"},{"taxonomy":"post_tag","embeddable":true,"href":"https:\/\/eldigitaldeasturias.com\/magazine365\/wp-json\/wp\/v2\/tags?post=79424"}],"curies":[{"name":"wp","href":"https:\/\/api.w.org\/{rel}","templated":true}]}}