{"id":79419,"date":"2016-06-15T14:52:26","date_gmt":"2016-06-15T12:52:26","guid":{"rendered":"http:\/\/eldigitaldeasturias.com\/magazine365\/?p=79419"},"modified":"2016-06-15T14:54:59","modified_gmt":"2016-06-15T12:54:59","slug":"pastor-evita-pronunciarse-sobre-la-actuacion-de-la-fiscalia-y-reitera-respeto-y-colaboracion","status":"publish","type":"post","link":"https:\/\/eldigitaldeasturias.com\/magazine365\/pastor-evita-pronunciarse-sobre-la-actuacion-de-la-fiscalia-y-reitera-respeto-y-colaboracion\/","title":{"rendered":"Angrois &#8211; Pastor evita pronunciarse sobre la actuaci\u00f3n de la fiscal\u00eda y reitera: \u00abRespeto y colaboraci\u00f3n\u00bb"},"content":{"rendered":"<p><img fetchpriority=\"high\" decoding=\"async\" class=\"alignleft size-medium wp-image-79420\" src=\"https:\/\/eldigitaldeasturias.com\/magazine365\/wp-content\/uploads\/2016\/06\/fotonoticia_20160615130104_800-360x270.jpg\" alt=\"fotonoticia_20160615130104_800\" width=\"360\" height=\"270\" srcset=\"https:\/\/eldigitaldeasturias.com\/magazine365\/wp-content\/uploads\/2016\/06\/fotonoticia_20160615130104_800-360x270.jpg 360w, https:\/\/eldigitaldeasturias.com\/magazine365\/wp-content\/uploads\/2016\/06\/fotonoticia_20160615130104_800-650x488.jpg 650w, https:\/\/eldigitaldeasturias.com\/magazine365\/wp-content\/uploads\/2016\/06\/fotonoticia_20160615130104_800-768x576.jpg 768w, https:\/\/eldigitaldeasturias.com\/magazine365\/wp-content\/uploads\/2016\/06\/fotonoticia_20160615130104_800-150x113.jpg 150w, https:\/\/eldigitaldeasturias.com\/magazine365\/wp-content\/uploads\/2016\/06\/fotonoticia_20160615130104_800-450x338.jpg 450w, https:\/\/eldigitaldeasturias.com\/magazine365\/wp-content\/uploads\/2016\/06\/fotonoticia_20160615130104_800-90x67.jpg 90w, https:\/\/eldigitaldeasturias.com\/magazine365\/wp-content\/uploads\/2016\/06\/fotonoticia_20160615130104_800-164x124.jpg 164w, https:\/\/eldigitaldeasturias.com\/magazine365\/wp-content\/uploads\/2016\/06\/fotonoticia_20160615130104_800-100x75.jpg 100w, https:\/\/eldigitaldeasturias.com\/magazine365\/wp-content\/uploads\/2016\/06\/fotonoticia_20160615130104_800.jpg 800w\" sizes=\"(max-width: 360px) 100vw, 360px\" \/>La ministra de Fomento en funciones, Ana Pastor, ha evitado pronunciarse sobre que el fiscal Antonio Roma no descarte nuevas imputaciones en el caso, reabierto por la Audiencia Provincial, que investiga las causas por las que un tren Alvia descarril\u00f3 en julio de 2013 en el barrio compostelano de Angrois, lo que ocasion\u00f3 80 muertos y m\u00e1s de un centenar de heridos.<\/p>\n<p>Preguntada en un acto en Santiago por los periodistas, toda vez que los magistrados de la Audiencia apuntan a Adif al ver indicios de que no realiz\u00f3 la obligatoria evaluaci\u00f3n de riesgos en la curva de A Grandeira, la ministra en funciones ha reiterado su mensaje cada vez que se le cuestiona sobre este asunto: \u00abYa me lo ha preguntado usted en m\u00e1s ocasiones; solamente decirle que yo respeto siempre las decisiones de los jueces, como no puede ser de otra manera\u00bb, ha dicho.<\/p>\n<p>\u00abDesde luego, el apoyo que siempre he dado a toda la colaboraci\u00f3n y desde luego el apoyo a las v\u00edctimas\u00bb, ha apuntado Pastor, que, en la firma del convenio para la estaci\u00f3n intermodal de la capital gallega, ha estado acompa\u00f1ada por el presidente de Adif, Gonzalo Ferre.<\/p>\n<p>En este sentido, interrogada por la nueva situaci\u00f3n procesal, y la posibilidad de que no se haya investigado correctamente durante la instrucci\u00f3n &#8211;que el juez cerr\u00f3 a finales del pasado a\u00f1o, y ahora la Audiencia Provincial ha ordenado reabrir&#8211;, ha apostado por \u00abvolver a repetir lo mismo\u00bb que acababa de contestar. \u00abTengo todo mi respeto a las v\u00edctimas, y apoyarlas; y tengo, desde luego, una responsabilidad que es la colaboraci\u00f3n, y adem\u00e1s lo voy a seguir haciendo siempre\u00bb, ha expresado.<\/p>\n<p>Por \u00faltimo, acerca de la reclamaci\u00f3n de las v\u00edctimas, que exigen que se depuren responsabilidades pol\u00edticas, ha insistido en trasladar su \u00abrespeto\u00bb a \u00ablo que siempre transmiten las v\u00edctimas\u00bb. \u00abCreo que todos se lo debemos\u00bb, ha finalizado.<\/p>\n","protected":false},"excerpt":{"rendered":"<p>La ministra de Fomento en funciones, Ana Pastor, ha evitado pronunciarse sobre que el fiscal Antonio Roma no descarte nuevas imputaciones en el caso, reabierto por la Audiencia Provincial, que investiga las causas por las que un tren Alvia descarril\u00f3 en julio de 2013 en el barrio compostelano de Angrois, lo que ocasion\u00f3 80 muertos<\/p>\n","protected":false},"author":1,"featured_media":79420,"comment_status":"open","ping_status":"closed","sticky":false,"template":"","format":"standard","meta":{"footnotes":""},"categories":[224],"tags":[],"class_list":{"0":"post-79419","1":"post","2":"type-post","3":"status-publish","4":"format-standard","5":"has-post-thumbnail","7":"category-noticias-actualidad"},"aioseo_notices":[],"aioseo_head":"\n\t\t<!-- All in One SEO Pro 4.9.6.1 - aioseo.com -->\n\t<meta name=\"description\" content=\"La ministra de Fomento en funciones, Ana Pastor, ha evitado pronunciarse sobre que el fiscal Antonio Roma no descarte nuevas imputaciones en el caso, reabierto por la Audiencia Provincial, que investiga las causas por las que un tren Alvia descarril\u00f3 en julio de 2013 en el barrio compostelano de Angrois, lo que ocasion\u00f3 80 muertos\" \/>\n\t<meta name=\"robots\" content=\"max-image-preview:large\" \/>\n\t<meta name=\"author\" content=\"admin\"\/>\n\t<meta name=\"google-site-verification\" content=\"UA-38556648-1\" \/>\n\t<meta name=\"keywords\" content=\"noticias y actualidad\" \/>\n\t<link rel=\"canonical\" href=\"https:\/\/eldigitaldeasturias.com\/magazine365\/pastor-evita-pronunciarse-sobre-la-actuacion-de-la-fiscalia-y-reitera-respeto-y-colaboracion\/\" \/>\n\t<meta name=\"generator\" content=\"All in One SEO Pro (AIOSEO) 4.9.6.1\" \/>\n\t\t<meta property=\"og:locale\" content=\"es_ES\" \/>\n\t\t<meta property=\"og:site_name\" content=\"El Digital de Asturias \u2013 Revista de ocio, turismo y estilo de vida\" \/>\n\t\t<meta property=\"og:type\" content=\"article\" \/>\n\t\t<meta property=\"og:title\" content=\"Angrois \u2013 Pastor evita pronunciarse sobre la actuaci\u00f3n de la fiscal\u00eda y reitera: \u00abRespeto y colaboraci\u00f3n\u00bb | El Digital de Asturias\" \/>\n\t\t<meta property=\"og:description\" content=\"La ministra de Fomento en funciones, Ana Pastor, ha evitado pronunciarse sobre que el fiscal Antonio Roma no descarte nuevas imputaciones en el caso, reabierto por la Audiencia Provincial, que investiga las causas por las que un tren Alvia descarril\u00f3 en julio de 2013 en el barrio compostelano de Angrois, lo que ocasion\u00f3 80 muertos\" \/>\n\t\t<meta property=\"og:url\" content=\"https:\/\/eldigitaldeasturias.com\/magazine365\/pastor-evita-pronunciarse-sobre-la-actuacion-de-la-fiscalia-y-reitera-respeto-y-colaboracion\/\" \/>\n\t\t<meta property=\"og:image\" content=\"https:\/\/eldigitaldeasturias.com\/magazine365\/wp-content\/uploads\/2016\/06\/fotonoticia_20160615130104_800.jpg\" \/>\n\t\t<meta property=\"og:image:secure_url\" content=\"https:\/\/eldigitaldeasturias.com\/magazine365\/wp-content\/uploads\/2016\/06\/fotonoticia_20160615130104_800.jpg\" \/>\n\t\t<meta property=\"og:image:width\" content=\"800\" \/>\n\t\t<meta property=\"og:image:height\" content=\"600\" \/>\n\t\t<meta property=\"article:published_time\" content=\"2016-06-15T12:52:26+00:00\" \/>\n\t\t<meta property=\"article:modified_time\" content=\"2016-06-15T12:54:59+00:00\" \/>\n\t\t<meta name=\"twitter:card\" content=\"summary_large_image\" \/>\n\t\t<meta name=\"twitter:title\" content=\"Angrois \u2013 Pastor evita pronunciarse sobre la actuaci\u00f3n de la fiscal\u00eda y reitera: \u00abRespeto y colaboraci\u00f3n\u00bb | El Digital de Asturias\" \/>\n\t\t<meta name=\"twitter:description\" content=\"La ministra de Fomento en funciones, Ana Pastor, ha evitado pronunciarse sobre que el fiscal Antonio Roma no descarte nuevas imputaciones en el caso, reabierto por la Audiencia Provincial, que investiga las causas por las que un tren Alvia descarril\u00f3 en julio de 2013 en el barrio compostelano de Angrois, lo que ocasion\u00f3 80 muertos\" \/>\n\t\t<meta name=\"twitter:image\" content=\"https:\/\/eldigitaldeasturias.com\/magazine365\/wp-content\/uploads\/2016\/06\/fotonoticia_20160615130104_800.jpg\" \/>\n\t\t<script type=\"application\/ld+json\" class=\"aioseo-schema\">\n\t\t\t{\"@context\":\"https:\\\/\\\/schema.org\",\"@graph\":[{\"@type\":\"Article\",\"@id\":\"https:\\\/\\\/eldigitaldeasturias.com\\\/magazine365\\\/pastor-evita-pronunciarse-sobre-la-actuacion-de-la-fiscalia-y-reitera-respeto-y-colaboracion\\\/#article\",\"name\":\"Angrois \\u2013 Pastor evita pronunciarse sobre la actuaci\\u00f3n de la fiscal\\u00eda y reitera: \\u00abRespeto y colaboraci\\u00f3n\\u00bb | El Digital de Asturias\",\"headline\":\"Angrois &#8211; Pastor evita pronunciarse sobre la actuaci\\u00f3n de la fiscal\\u00eda y reitera: \\u00abRespeto y colaboraci\\u00f3n\\u00bb\",\"author\":{\"@id\":\"https:\\\/\\\/eldigitaldeasturias.com\\\/magazine365\\\/author\\\/admin\\\/#author\"},\"publisher\":{\"@id\":\"https:\\\/\\\/eldigitaldeasturias.com\\\/magazine365\\\/#organization\"},\"image\":{\"@type\":\"ImageObject\",\"url\":\"https:\\\/\\\/eldigitaldeasturias.com\\\/magazine365\\\/wp-content\\\/uploads\\\/2016\\\/06\\\/fotonoticia_20160615130104_800.jpg\",\"width\":800,\"height\":600},\"datePublished\":\"2016-06-15T14:52:26+02:00\",\"dateModified\":\"2016-06-15T14:54:59+02:00\",\"inLanguage\":\"es-ES\",\"mainEntityOfPage\":{\"@id\":\"https:\\\/\\\/eldigitaldeasturias.com\\\/magazine365\\\/pastor-evita-pronunciarse-sobre-la-actuacion-de-la-fiscalia-y-reitera-respeto-y-colaboracion\\\/#webpage\"},\"isPartOf\":{\"@id\":\"https:\\\/\\\/eldigitaldeasturias.com\\\/magazine365\\\/pastor-evita-pronunciarse-sobre-la-actuacion-de-la-fiscalia-y-reitera-respeto-y-colaboracion\\\/#webpage\"},\"articleSection\":\"Noticias y Actualidad\"},{\"@type\":\"BreadcrumbList\",\"@id\":\"https:\\\/\\\/eldigitaldeasturias.com\\\/magazine365\\\/pastor-evita-pronunciarse-sobre-la-actuacion-de-la-fiscalia-y-reitera-respeto-y-colaboracion\\\/#breadcrumblist\",\"itemListElement\":[{\"@type\":\"ListItem\",\"@id\":\"https:\\\/\\\/eldigitaldeasturias.com\\\/magazine365#listItem\",\"position\":1,\"name\":\"Home\",\"item\":\"https:\\\/\\\/eldigitaldeasturias.com\\\/magazine365\",\"nextItem\":{\"@type\":\"ListItem\",\"@id\":\"https:\\\/\\\/eldigitaldeasturias.com\\\/magazine365\\\/category\\\/noticias-actualidad\\\/#listItem\",\"name\":\"Noticias y Actualidad\"}},{\"@type\":\"ListItem\",\"@id\":\"https:\\\/\\\/eldigitaldeasturias.com\\\/magazine365\\\/category\\\/noticias-actualidad\\\/#listItem\",\"position\":2,\"name\":\"Noticias y Actualidad\",\"item\":\"https:\\\/\\\/eldigitaldeasturias.com\\\/magazine365\\\/category\\\/noticias-actualidad\\\/\",\"nextItem\":{\"@type\":\"ListItem\",\"@id\":\"https:\\\/\\\/eldigitaldeasturias.com\\\/magazine365\\\/pastor-evita-pronunciarse-sobre-la-actuacion-de-la-fiscalia-y-reitera-respeto-y-colaboracion\\\/#listItem\",\"name\":\"Angrois &#8211; Pastor evita pronunciarse sobre la actuaci\\u00f3n de la fiscal\\u00eda y reitera: \\u00abRespeto y colaboraci\\u00f3n\\u00bb\"},\"previousItem\":{\"@type\":\"ListItem\",\"@id\":\"https:\\\/\\\/eldigitaldeasturias.com\\\/magazine365#listItem\",\"name\":\"Home\"}},{\"@type\":\"ListItem\",\"@id\":\"https:\\\/\\\/eldigitaldeasturias.com\\\/magazine365\\\/pastor-evita-pronunciarse-sobre-la-actuacion-de-la-fiscalia-y-reitera-respeto-y-colaboracion\\\/#listItem\",\"position\":3,\"name\":\"Angrois &#8211; Pastor evita pronunciarse sobre la actuaci\\u00f3n de la fiscal\\u00eda y reitera: \\u00abRespeto y colaboraci\\u00f3n\\u00bb\",\"previousItem\":{\"@type\":\"ListItem\",\"@id\":\"https:\\\/\\\/eldigitaldeasturias.com\\\/magazine365\\\/category\\\/noticias-actualidad\\\/#listItem\",\"name\":\"Noticias y Actualidad\"}}]},{\"@type\":\"Organization\",\"@id\":\"https:\\\/\\\/eldigitaldeasturias.com\\\/magazine365\\\/#organization\",\"name\":\"El digital de Asturias\",\"description\":\"Revista de ocio, turismo y estilo de vida\",\"url\":\"https:\\\/\\\/eldigitaldeasturias.com\\\/magazine365\\\/\",\"logo\":{\"@type\":\"ImageObject\",\"url\":\"https:\\\/\\\/www.eldigitaldeasturias.com\\\/noticias\\\/wp-content\\\/uploads\\\/2020\\\/12\\\/EDA.jpg\",\"@id\":\"https:\\\/\\\/eldigitaldeasturias.com\\\/magazine365\\\/pastor-evita-pronunciarse-sobre-la-actuacion-de-la-fiscalia-y-reitera-respeto-y-colaboracion\\\/#organizationLogo\"},\"image\":{\"@id\":\"https:\\\/\\\/eldigitaldeasturias.com\\\/magazine365\\\/pastor-evita-pronunciarse-sobre-la-actuacion-de-la-fiscalia-y-reitera-respeto-y-colaboracion\\\/#organizationLogo\"}},{\"@type\":\"Person\",\"@id\":\"https:\\\/\\\/eldigitaldeasturias.com\\\/magazine365\\\/author\\\/admin\\\/#author\",\"url\":\"https:\\\/\\\/eldigitaldeasturias.com\\\/magazine365\\\/author\\\/admin\\\/\",\"name\":\"admin\",\"image\":{\"@type\":\"ImageObject\",\"@id\":\"https:\\\/\\\/eldigitaldeasturias.com\\\/magazine365\\\/pastor-evita-pronunciarse-sobre-la-actuacion-de-la-fiscalia-y-reitera-respeto-y-colaboracion\\\/#authorImage\",\"url\":\"https:\\\/\\\/eldigitaldeasturias.com\\\/magazine365\\\/wp-content\\\/litespeed\\\/avatar\\\/e571bcf59a0edd6fa6838245a470f2fe.jpg?ver=1776969259\",\"width\":96,\"height\":96,\"caption\":\"admin\"}},{\"@type\":\"WebPage\",\"@id\":\"https:\\\/\\\/eldigitaldeasturias.com\\\/magazine365\\\/pastor-evita-pronunciarse-sobre-la-actuacion-de-la-fiscalia-y-reitera-respeto-y-colaboracion\\\/#webpage\",\"url\":\"https:\\\/\\\/eldigitaldeasturias.com\\\/magazine365\\\/pastor-evita-pronunciarse-sobre-la-actuacion-de-la-fiscalia-y-reitera-respeto-y-colaboracion\\\/\",\"name\":\"Angrois \\u2013 Pastor evita pronunciarse sobre la actuaci\\u00f3n de la fiscal\\u00eda y reitera: \\u00abRespeto y colaboraci\\u00f3n\\u00bb | El Digital de Asturias\",\"description\":\"La ministra de Fomento en funciones, Ana Pastor, ha evitado pronunciarse sobre que el fiscal Antonio Roma no descarte nuevas imputaciones en el caso, reabierto por la Audiencia Provincial, que investiga las causas por las que un tren Alvia descarril\\u00f3 en julio de 2013 en el barrio compostelano de Angrois, lo que ocasion\\u00f3 80 muertos\",\"inLanguage\":\"es-ES\",\"isPartOf\":{\"@id\":\"https:\\\/\\\/eldigitaldeasturias.com\\\/magazine365\\\/#website\"},\"breadcrumb\":{\"@id\":\"https:\\\/\\\/eldigitaldeasturias.com\\\/magazine365\\\/pastor-evita-pronunciarse-sobre-la-actuacion-de-la-fiscalia-y-reitera-respeto-y-colaboracion\\\/#breadcrumblist\"},\"author\":{\"@id\":\"https:\\\/\\\/eldigitaldeasturias.com\\\/magazine365\\\/author\\\/admin\\\/#author\"},\"creator\":{\"@id\":\"https:\\\/\\\/eldigitaldeasturias.com\\\/magazine365\\\/author\\\/admin\\\/#author\"},\"image\":{\"@type\":\"ImageObject\",\"url\":\"https:\\\/\\\/eldigitaldeasturias.com\\\/magazine365\\\/wp-content\\\/uploads\\\/2016\\\/06\\\/fotonoticia_20160615130104_800.jpg\",\"@id\":\"https:\\\/\\\/eldigitaldeasturias.com\\\/magazine365\\\/pastor-evita-pronunciarse-sobre-la-actuacion-de-la-fiscalia-y-reitera-respeto-y-colaboracion\\\/#mainImage\",\"width\":800,\"height\":600},\"primaryImageOfPage\":{\"@id\":\"https:\\\/\\\/eldigitaldeasturias.com\\\/magazine365\\\/pastor-evita-pronunciarse-sobre-la-actuacion-de-la-fiscalia-y-reitera-respeto-y-colaboracion\\\/#mainImage\"},\"datePublished\":\"2016-06-15T14:52:26+02:00\",\"dateModified\":\"2016-06-15T14:54:59+02:00\"},{\"@type\":\"WebSite\",\"@id\":\"https:\\\/\\\/eldigitaldeasturias.com\\\/magazine365\\\/#website\",\"url\":\"https:\\\/\\\/eldigitaldeasturias.com\\\/magazine365\\\/\",\"name\":\"El Digital de Asturias\",\"description\":\"Revista de ocio, turismo y estilo de vida\",\"inLanguage\":\"es-ES\",\"publisher\":{\"@id\":\"https:\\\/\\\/eldigitaldeasturias.com\\\/magazine365\\\/#organization\"}}]}\n\t\t<\/script>\n\t\t<!-- All in One SEO Pro -->\r\n\t\t<title>Angrois \u2013 Pastor evita pronunciarse sobre la actuaci\u00f3n de la fiscal\u00eda y reitera: \u00abRespeto y colaboraci\u00f3n\u00bb | El Digital de Asturias<\/title>\n\n","aioseo_head_json":{"title":"Angrois \u2013 Pastor evita pronunciarse sobre la actuaci\u00f3n de la fiscal\u00eda y reitera: \u00abRespeto y colaboraci\u00f3n\u00bb | El Digital de Asturias","description":"La ministra de Fomento en funciones, Ana Pastor, ha evitado pronunciarse sobre que el fiscal Antonio Roma no descarte nuevas imputaciones en el caso, reabierto por la Audiencia Provincial, que investiga las causas por las que un tren Alvia descarril\u00f3 en julio de 2013 en el barrio compostelano de Angrois, lo que ocasion\u00f3 80 muertos","canonical_url":"https:\/\/eldigitaldeasturias.com\/magazine365\/pastor-evita-pronunciarse-sobre-la-actuacion-de-la-fiscalia-y-reitera-respeto-y-colaboracion\/","robots":"max-image-preview:large","keywords":"noticias y actualidad","webmasterTools":{"google-site-verification":"UA-38556648-1","miscellaneous":""},"schema":{"@context":"https:\/\/schema.org","@graph":[{"@type":"Article","@id":"https:\/\/eldigitaldeasturias.com\/magazine365\/pastor-evita-pronunciarse-sobre-la-actuacion-de-la-fiscalia-y-reitera-respeto-y-colaboracion\/#article","name":"Angrois \u2013 Pastor evita pronunciarse sobre la actuaci\u00f3n de la fiscal\u00eda y reitera: \u00abRespeto y colaboraci\u00f3n\u00bb | El Digital de Asturias","headline":"Angrois &#8211; Pastor evita pronunciarse sobre la actuaci\u00f3n de la fiscal\u00eda y reitera: \u00abRespeto y colaboraci\u00f3n\u00bb","author":{"@id":"https:\/\/eldigitaldeasturias.com\/magazine365\/author\/admin\/#author"},"publisher":{"@id":"https:\/\/eldigitaldeasturias.com\/magazine365\/#organization"},"image":{"@type":"ImageObject","url":"https:\/\/eldigitaldeasturias.com\/magazine365\/wp-content\/uploads\/2016\/06\/fotonoticia_20160615130104_800.jpg","width":800,"height":600},"datePublished":"2016-06-15T14:52:26+02:00","dateModified":"2016-06-15T14:54:59+02:00","inLanguage":"es-ES","mainEntityOfPage":{"@id":"https:\/\/eldigitaldeasturias.com\/magazine365\/pastor-evita-pronunciarse-sobre-la-actuacion-de-la-fiscalia-y-reitera-respeto-y-colaboracion\/#webpage"},"isPartOf":{"@id":"https:\/\/eldigitaldeasturias.com\/magazine365\/pastor-evita-pronunciarse-sobre-la-actuacion-de-la-fiscalia-y-reitera-respeto-y-colaboracion\/#webpage"},"articleSection":"Noticias y Actualidad"},{"@type":"BreadcrumbList","@id":"https:\/\/eldigitaldeasturias.com\/magazine365\/pastor-evita-pronunciarse-sobre-la-actuacion-de-la-fiscalia-y-reitera-respeto-y-colaboracion\/#breadcrumblist","itemListElement":[{"@type":"ListItem","@id":"https:\/\/eldigitaldeasturias.com\/magazine365#listItem","position":1,"name":"Home","item":"https:\/\/eldigitaldeasturias.com\/magazine365","nextItem":{"@type":"ListItem","@id":"https:\/\/eldigitaldeasturias.com\/magazine365\/category\/noticias-actualidad\/#listItem","name":"Noticias y Actualidad"}},{"@type":"ListItem","@id":"https:\/\/eldigitaldeasturias.com\/magazine365\/category\/noticias-actualidad\/#listItem","position":2,"name":"Noticias y Actualidad","item":"https:\/\/eldigitaldeasturias.com\/magazine365\/category\/noticias-actualidad\/","nextItem":{"@type":"ListItem","@id":"https:\/\/eldigitaldeasturias.com\/magazine365\/pastor-evita-pronunciarse-sobre-la-actuacion-de-la-fiscalia-y-reitera-respeto-y-colaboracion\/#listItem","name":"Angrois &#8211; Pastor evita pronunciarse sobre la actuaci\u00f3n de la fiscal\u00eda y reitera: \u00abRespeto y colaboraci\u00f3n\u00bb"},"previousItem":{"@type":"ListItem","@id":"https:\/\/eldigitaldeasturias.com\/magazine365#listItem","name":"Home"}},{"@type":"ListItem","@id":"https:\/\/eldigitaldeasturias.com\/magazine365\/pastor-evita-pronunciarse-sobre-la-actuacion-de-la-fiscalia-y-reitera-respeto-y-colaboracion\/#listItem","position":3,"name":"Angrois &#8211; Pastor evita pronunciarse sobre la actuaci\u00f3n de la fiscal\u00eda y reitera: \u00abRespeto y colaboraci\u00f3n\u00bb","previousItem":{"@type":"ListItem","@id":"https:\/\/eldigitaldeasturias.com\/magazine365\/category\/noticias-actualidad\/#listItem","name":"Noticias y Actualidad"}}]},{"@type":"Organization","@id":"https:\/\/eldigitaldeasturias.com\/magazine365\/#organization","name":"El digital de Asturias","description":"Revista de ocio, turismo y estilo de vida","url":"https:\/\/eldigitaldeasturias.com\/magazine365\/","logo":{"@type":"ImageObject","url":"https:\/\/www.eldigitaldeasturias.com\/noticias\/wp-content\/uploads\/2020\/12\/EDA.jpg","@id":"https:\/\/eldigitaldeasturias.com\/magazine365\/pastor-evita-pronunciarse-sobre-la-actuacion-de-la-fiscalia-y-reitera-respeto-y-colaboracion\/#organizationLogo"},"image":{"@id":"https:\/\/eldigitaldeasturias.com\/magazine365\/pastor-evita-pronunciarse-sobre-la-actuacion-de-la-fiscalia-y-reitera-respeto-y-colaboracion\/#organizationLogo"}},{"@type":"Person","@id":"https:\/\/eldigitaldeasturias.com\/magazine365\/author\/admin\/#author","url":"https:\/\/eldigitaldeasturias.com\/magazine365\/author\/admin\/","name":"admin","image":{"@type":"ImageObject","@id":"https:\/\/eldigitaldeasturias.com\/magazine365\/pastor-evita-pronunciarse-sobre-la-actuacion-de-la-fiscalia-y-reitera-respeto-y-colaboracion\/#authorImage","url":"https:\/\/eldigitaldeasturias.com\/magazine365\/wp-content\/litespeed\/avatar\/e571bcf59a0edd6fa6838245a470f2fe.jpg?ver=1776969259","width":96,"height":96,"caption":"admin"}},{"@type":"WebPage","@id":"https:\/\/eldigitaldeasturias.com\/magazine365\/pastor-evita-pronunciarse-sobre-la-actuacion-de-la-fiscalia-y-reitera-respeto-y-colaboracion\/#webpage","url":"https:\/\/eldigitaldeasturias.com\/magazine365\/pastor-evita-pronunciarse-sobre-la-actuacion-de-la-fiscalia-y-reitera-respeto-y-colaboracion\/","name":"Angrois \u2013 Pastor evita pronunciarse sobre la actuaci\u00f3n de la fiscal\u00eda y reitera: \u00abRespeto y colaboraci\u00f3n\u00bb | El Digital de Asturias","description":"La ministra de Fomento en funciones, Ana Pastor, ha evitado pronunciarse sobre que el fiscal Antonio Roma no descarte nuevas imputaciones en el caso, reabierto por la Audiencia Provincial, que investiga las causas por las que un tren Alvia descarril\u00f3 en julio de 2013 en el barrio compostelano de Angrois, lo que ocasion\u00f3 80 muertos","inLanguage":"es-ES","isPartOf":{"@id":"https:\/\/eldigitaldeasturias.com\/magazine365\/#website"},"breadcrumb":{"@id":"https:\/\/eldigitaldeasturias.com\/magazine365\/pastor-evita-pronunciarse-sobre-la-actuacion-de-la-fiscalia-y-reitera-respeto-y-colaboracion\/#breadcrumblist"},"author":{"@id":"https:\/\/eldigitaldeasturias.com\/magazine365\/author\/admin\/#author"},"creator":{"@id":"https:\/\/eldigitaldeasturias.com\/magazine365\/author\/admin\/#author"},"image":{"@type":"ImageObject","url":"https:\/\/eldigitaldeasturias.com\/magazine365\/wp-content\/uploads\/2016\/06\/fotonoticia_20160615130104_800.jpg","@id":"https:\/\/eldigitaldeasturias.com\/magazine365\/pastor-evita-pronunciarse-sobre-la-actuacion-de-la-fiscalia-y-reitera-respeto-y-colaboracion\/#mainImage","width":800,"height":600},"primaryImageOfPage":{"@id":"https:\/\/eldigitaldeasturias.com\/magazine365\/pastor-evita-pronunciarse-sobre-la-actuacion-de-la-fiscalia-y-reitera-respeto-y-colaboracion\/#mainImage"},"datePublished":"2016-06-15T14:52:26+02:00","dateModified":"2016-06-15T14:54:59+02:00"},{"@type":"WebSite","@id":"https:\/\/eldigitaldeasturias.com\/magazine365\/#website","url":"https:\/\/eldigitaldeasturias.com\/magazine365\/","name":"El Digital de Asturias","description":"Revista de ocio, turismo y estilo de vida","inLanguage":"es-ES","publisher":{"@id":"https:\/\/eldigitaldeasturias.com\/magazine365\/#organization"}}]},"og:locale":"es_ES","og:site_name":"El Digital de Asturias \u2013 Revista de ocio, turismo y estilo de vida","og:type":"article","og:title":"Angrois \u2013 Pastor evita pronunciarse sobre la actuaci\u00f3n de la fiscal\u00eda y reitera: \u00abRespeto y colaboraci\u00f3n\u00bb | El Digital de Asturias","og:description":"La ministra de Fomento en funciones, Ana Pastor, ha evitado pronunciarse sobre que el fiscal Antonio Roma no descarte nuevas imputaciones en el caso, reabierto por la Audiencia Provincial, que investiga las causas por las que un tren Alvia descarril\u00f3 en julio de 2013 en el barrio compostelano de Angrois, lo que ocasion\u00f3 80 muertos","og:url":"https:\/\/eldigitaldeasturias.com\/magazine365\/pastor-evita-pronunciarse-sobre-la-actuacion-de-la-fiscalia-y-reitera-respeto-y-colaboracion\/","og:image":"https:\/\/eldigitaldeasturias.com\/magazine365\/wp-content\/uploads\/2016\/06\/fotonoticia_20160615130104_800.jpg","og:image:secure_url":"https:\/\/eldigitaldeasturias.com\/magazine365\/wp-content\/uploads\/2016\/06\/fotonoticia_20160615130104_800.jpg","og:image:width":800,"og:image:height":600,"article:published_time":"2016-06-15T12:52:26+00:00","article:modified_time":"2016-06-15T12:54:59+00:00","twitter:card":"summary_large_image","twitter:title":"Angrois \u2013 Pastor evita pronunciarse sobre la actuaci\u00f3n de la fiscal\u00eda y reitera: \u00abRespeto y colaboraci\u00f3n\u00bb | El Digital de Asturias","twitter:description":"La ministra de Fomento en funciones, Ana Pastor, ha evitado pronunciarse sobre que el fiscal Antonio Roma no descarte nuevas imputaciones en el caso, reabierto por la Audiencia Provincial, que investiga las causas por las que un tren Alvia descarril\u00f3 en julio de 2013 en el barrio compostelano de Angrois, lo que ocasion\u00f3 80 muertos","twitter:image":"https:\/\/eldigitaldeasturias.com\/magazine365\/wp-content\/uploads\/2016\/06\/fotonoticia_20160615130104_800.jpg"},"aioseo_meta_data":{"post_id":"79419","title":null,"description":null,"keywords":null,"keyphrases":null,"primary_term":null,"canonical_url":null,"og_title":null,"og_description":null,"og_object_type":"default","og_image_type":"default","og_image_url":null,"og_image_width":null,"og_image_height":null,"og_image_custom_url":null,"og_image_custom_fields":null,"og_video":null,"og_custom_url":null,"og_article_section":null,"og_article_tags":null,"twitter_use_og":false,"twitter_card":"default","twitter_image_type":"default","twitter_image_url":null,"twitter_image_custom_url":null,"twitter_image_custom_fields":null,"twitter_title":null,"twitter_description":null,"schema":{"blockGraphs":[],"customGraphs":[],"default":{"data":{"Article":[],"Course":[],"Dataset":[],"FAQPage":[],"Movie":[],"Person":[],"Product":[],"ProductReview":[],"Car":[],"Recipe":[],"Service":[],"SoftwareApplication":[],"WebPage":[]},"graphName":"","isEnabled":true},"graphs":[],"defaultGraph":"","defaultPostTypeGraph":""},"schema_type":null,"schema_type_options":null,"pillar_content":false,"robots_default":true,"robots_noindex":false,"robots_noarchive":false,"robots_nosnippet":false,"robots_nofollow":false,"robots_noimageindex":false,"robots_noodp":false,"robots_notranslate":false,"robots_max_snippet":null,"robots_max_videopreview":null,"robots_max_imagepreview":"large","priority":null,"frequency":null,"location":null,"local_seo":null,"seo_analyzer_scan_date":"2025-09-27 18:52:50","breadcrumb_settings":null,"limit_modified_date":false,"open_ai":null,"ai":null,"created":"2021-03-08 17:49:06","updated":"2025-09-27 18:52:50"},"aioseo_breadcrumb":"<div class=\"aioseo-breadcrumbs\"><span class=\"aioseo-breadcrumb\">\n\t<a href=\"https:\/\/eldigitaldeasturias.com\/magazine365\" title=\"Home\">Home<\/a>\n<\/span><span class=\"aioseo-breadcrumb-separator\">\u2013<\/span><span class=\"aioseo-breadcrumb\">\n\t<a href=\"https:\/\/eldigitaldeasturias.com\/magazine365\/category\/noticias-actualidad\/\" title=\"Noticias y Actualidad\">Noticias y Actualidad<\/a>\n<\/span><span class=\"aioseo-breadcrumb-separator\">\u2013<\/span><span class=\"aioseo-breadcrumb\">\n\t<a href=\"https:\/\/eldigitaldeasturias.com\/magazine365\/pastor-evita-pronunciarse-sobre-la-actuacion-de-la-fiscalia-y-reitera-respeto-y-colaboracion\/\" title=\"Angrois \u2013 Pastor evita pronunciarse sobre la actuaci\u00f3n de la fiscal\u00eda y reitera: \u00abRespeto y colaboraci\u00f3n\u00bb\">Angrois \u2013 Pastor evita pronunciarse sobre la actuaci\u00f3n de la fiscal\u00eda y reitera: \u00abRespeto y colaboraci\u00f3n\u00bb<\/a>\n<\/span><\/div>","aioseo_breadcrumb_json":[{"label":"Home","link":"https:\/\/eldigitaldeasturias.com\/magazine365"},{"label":"Noticias y Actualidad","link":"https:\/\/eldigitaldeasturias.com\/magazine365\/category\/noticias-actualidad\/"},{"label":"Angrois &#8211; Pastor evita pronunciarse sobre la actuaci\u00f3n de la fiscal\u00eda y reitera: \u00abRespeto y colaboraci\u00f3n\u00bb","link":"https:\/\/eldigitaldeasturias.com\/magazine365\/pastor-evita-pronunciarse-sobre-la-actuacion-de-la-fiscalia-y-reitera-respeto-y-colaboracion\/"}],"_links":{"self":[{"href":"https:\/\/eldigitaldeasturias.com\/magazine365\/wp-json\/wp\/v2\/posts\/79419","targetHints":{"allow":["GET"]}}],"collection":[{"href":"https:\/\/eldigitaldeasturias.com\/magazine365\/wp-json\/wp\/v2\/posts"}],"about":[{"href":"https:\/\/eldigitaldeasturias.com\/magazine365\/wp-json\/wp\/v2\/types\/post"}],"author":[{"embeddable":true,"href":"https:\/\/eldigitaldeasturias.com\/magazine365\/wp-json\/wp\/v2\/users\/1"}],"replies":[{"embeddable":true,"href":"https:\/\/eldigitaldeasturias.com\/magazine365\/wp-json\/wp\/v2\/comments?post=79419"}],"version-history":[{"count":0,"href":"https:\/\/eldigitaldeasturias.com\/magazine365\/wp-json\/wp\/v2\/posts\/79419\/revisions"}],"wp:featuredmedia":[{"embeddable":true,"href":"https:\/\/eldigitaldeasturias.com\/magazine365\/wp-json\/wp\/v2\/media\/79420"}],"wp:attachment":[{"href":"https:\/\/eldigitaldeasturias.com\/magazine365\/wp-json\/wp\/v2\/media?parent=79419"}],"wp:term":[{"taxonomy":"category","embeddable":true,"href":"https:\/\/eldigitaldeasturias.com\/magazine365\/wp-json\/wp\/v2\/categories?post=79419"},{"taxonomy":"post_tag","embeddable":true,"href":"https:\/\/eldigitaldeasturias.com\/magazine365\/wp-json\/wp\/v2\/tags?post=79419"}],"curies":[{"name":"wp","href":"https:\/\/api.w.org\/{rel}","templated":true}]}}