{"id":79407,"date":"2016-06-15T13:55:33","date_gmt":"2016-06-15T11:55:33","guid":{"rendered":"http:\/\/eldigitaldeasturias.com\/magazine365\/?p=79407"},"modified":"2016-06-15T13:55:33","modified_gmt":"2016-06-15T11:55:33","slug":"transavia-alcanza-el-millon-de-fans-en-facebook","status":"publish","type":"post","link":"https:\/\/eldigitaldeasturias.com\/magazine365\/transavia-alcanza-el-millon-de-fans-en-facebook\/","title":{"rendered":"Transavia alcanza el mill\u00f3n de fans en Facebook"},"content":{"rendered":"<p><img fetchpriority=\"high\" decoding=\"async\" class=\"alignleft size-medium wp-image-79408\" src=\"https:\/\/eldigitaldeasturias.com\/magazine365\/wp-content\/uploads\/2016\/06\/fotonoticia_20160615122345_800-360x197.jpg\" alt=\"fotonoticia_20160615122345_800\" width=\"360\" height=\"197\" srcset=\"https:\/\/eldigitaldeasturias.com\/magazine365\/wp-content\/uploads\/2016\/06\/fotonoticia_20160615122345_800-360x197.jpg 360w, https:\/\/eldigitaldeasturias.com\/magazine365\/wp-content\/uploads\/2016\/06\/fotonoticia_20160615122345_800-650x356.jpg 650w, https:\/\/eldigitaldeasturias.com\/magazine365\/wp-content\/uploads\/2016\/06\/fotonoticia_20160615122345_800-768x420.jpg 768w, https:\/\/eldigitaldeasturias.com\/magazine365\/wp-content\/uploads\/2016\/06\/fotonoticia_20160615122345_800-150x82.jpg 150w, https:\/\/eldigitaldeasturias.com\/magazine365\/wp-content\/uploads\/2016\/06\/fotonoticia_20160615122345_800-450x246.jpg 450w, https:\/\/eldigitaldeasturias.com\/magazine365\/wp-content\/uploads\/2016\/06\/fotonoticia_20160615122345_800.jpg 800w\" sizes=\"(max-width: 360px) 100vw, 360px\" \/>Transavia suma ya un mill\u00f3n de fans en Facebook, un nuevo r\u00e9cord en las redes sociales que se suma a los m\u00e1s de cuatro millones de personas que siguen a la compa\u00f1\u00eda a trav\u00e9s de todas sus publicaciones y que hoy ha celebrado la aerol\u00ednea de bajo coste del grupo Air France-KLM.<\/p>\n<p>Adem\u00e1s de Facebook, la compa\u00f1\u00eda est\u00e1 activa en Twitter con 36.000 seguidores; en Instagram con 20.000 seguidores y y WhatsApp, ha recordado el director comercial de Transavia, Herv\u00e9 Kozar.<\/p>\n<p>\u00abEste hito que alcanzamos hoy premia el esfuerzo del equipo de Transavia que ha hecho posible alcanzar esa cifra\u00bb, afirm\u00f3 Kozar, quien asegur\u00f3 que la compa\u00f1\u00eda invierte en todas las v\u00edas de comunicaci\u00f3n posibles con el fin de estar m\u00e1s cerca de sus pasajeros.<\/p>\n","protected":false},"excerpt":{"rendered":"<p>Transavia suma ya un mill\u00f3n de fans en Facebook, un nuevo r\u00e9cord en las redes sociales que se suma a los m\u00e1s de cuatro millones de personas que siguen a la compa\u00f1\u00eda a trav\u00e9s de todas sus publicaciones y que hoy ha celebrado la aerol\u00ednea de bajo coste del grupo Air France-KLM. Adem\u00e1s de Facebook,<\/p>\n","protected":false},"author":1,"featured_media":79408,"comment_status":"open","ping_status":"closed","sticky":false,"template":"","format":"standard","meta":{"footnotes":""},"categories":[224],"tags":[],"class_list":{"0":"post-79407","1":"post","2":"type-post","3":"status-publish","4":"format-standard","5":"has-post-thumbnail","7":"category-noticias-actualidad"},"aioseo_notices":[],"aioseo_head":"\n\t\t<!-- All in One SEO Pro 4.9.6.1 - aioseo.com -->\n\t<meta name=\"description\" content=\"Transavia suma ya un mill\u00f3n de fans en Facebook, un nuevo r\u00e9cord en las redes sociales que se suma a los m\u00e1s de cuatro millones de personas que siguen a la compa\u00f1\u00eda a trav\u00e9s de todas sus publicaciones y que hoy ha celebrado la aerol\u00ednea de bajo coste del grupo Air France-KLM. Adem\u00e1s de Facebook,\" \/>\n\t<meta name=\"robots\" content=\"max-image-preview:large\" \/>\n\t<meta name=\"author\" content=\"admin\"\/>\n\t<meta name=\"google-site-verification\" content=\"UA-38556648-1\" \/>\n\t<meta name=\"keywords\" content=\"noticias y actualidad\" \/>\n\t<link rel=\"canonical\" href=\"https:\/\/eldigitaldeasturias.com\/magazine365\/transavia-alcanza-el-millon-de-fans-en-facebook\/\" \/>\n\t<meta name=\"generator\" content=\"All in One SEO Pro (AIOSEO) 4.9.6.1\" \/>\n\t\t<meta property=\"og:locale\" content=\"es_ES\" \/>\n\t\t<meta property=\"og:site_name\" content=\"El Digital de Asturias \u2013 Revista de ocio, turismo y estilo de vida\" \/>\n\t\t<meta property=\"og:type\" content=\"article\" \/>\n\t\t<meta property=\"og:title\" content=\"Transavia alcanza el mill\u00f3n de fans en Facebook | El Digital de Asturias\" \/>\n\t\t<meta property=\"og:description\" content=\"Transavia suma ya un mill\u00f3n de fans en Facebook, un nuevo r\u00e9cord en las redes sociales que se suma a los m\u00e1s de cuatro millones de personas que siguen a la compa\u00f1\u00eda a trav\u00e9s de todas sus publicaciones y que hoy ha celebrado la aerol\u00ednea de bajo coste del grupo Air France-KLM. Adem\u00e1s de Facebook,\" \/>\n\t\t<meta property=\"og:url\" content=\"https:\/\/eldigitaldeasturias.com\/magazine365\/transavia-alcanza-el-millon-de-fans-en-facebook\/\" \/>\n\t\t<meta property=\"og:image\" content=\"https:\/\/eldigitaldeasturias.com\/magazine365\/wp-content\/uploads\/2016\/06\/fotonoticia_20160615122345_800.jpg\" \/>\n\t\t<meta property=\"og:image:secure_url\" content=\"https:\/\/eldigitaldeasturias.com\/magazine365\/wp-content\/uploads\/2016\/06\/fotonoticia_20160615122345_800.jpg\" \/>\n\t\t<meta property=\"og:image:width\" content=\"800\" \/>\n\t\t<meta property=\"og:image:height\" content=\"438\" \/>\n\t\t<meta property=\"article:published_time\" content=\"2016-06-15T11:55:33+00:00\" \/>\n\t\t<meta property=\"article:modified_time\" content=\"2016-06-15T11:55:33+00:00\" \/>\n\t\t<meta name=\"twitter:card\" content=\"summary_large_image\" \/>\n\t\t<meta name=\"twitter:title\" content=\"Transavia alcanza el mill\u00f3n de fans en Facebook | El Digital de Asturias\" \/>\n\t\t<meta name=\"twitter:description\" content=\"Transavia suma ya un mill\u00f3n de fans en Facebook, un nuevo r\u00e9cord en las redes sociales que se suma a los m\u00e1s de cuatro millones de personas que siguen a la compa\u00f1\u00eda a trav\u00e9s de todas sus publicaciones y que hoy ha celebrado la aerol\u00ednea de bajo coste del grupo Air France-KLM. Adem\u00e1s de Facebook,\" \/>\n\t\t<meta name=\"twitter:image\" content=\"https:\/\/eldigitaldeasturias.com\/magazine365\/wp-content\/uploads\/2016\/06\/fotonoticia_20160615122345_800.jpg\" \/>\n\t\t<script type=\"application\/ld+json\" class=\"aioseo-schema\">\n\t\t\t{\"@context\":\"https:\\\/\\\/schema.org\",\"@graph\":[{\"@type\":\"Article\",\"@id\":\"https:\\\/\\\/eldigitaldeasturias.com\\\/magazine365\\\/transavia-alcanza-el-millon-de-fans-en-facebook\\\/#article\",\"name\":\"Transavia alcanza el mill\\u00f3n de fans en Facebook | El Digital de Asturias\",\"headline\":\"Transavia alcanza el mill\\u00f3n de fans en Facebook\",\"author\":{\"@id\":\"https:\\\/\\\/eldigitaldeasturias.com\\\/magazine365\\\/author\\\/admin\\\/#author\"},\"publisher\":{\"@id\":\"https:\\\/\\\/eldigitaldeasturias.com\\\/magazine365\\\/#organization\"},\"image\":{\"@type\":\"ImageObject\",\"url\":\"https:\\\/\\\/eldigitaldeasturias.com\\\/magazine365\\\/wp-content\\\/uploads\\\/2016\\\/06\\\/fotonoticia_20160615122345_800.jpg\",\"width\":800,\"height\":438},\"datePublished\":\"2016-06-15T13:55:33+02:00\",\"dateModified\":\"2016-06-15T13:55:33+02:00\",\"inLanguage\":\"es-ES\",\"mainEntityOfPage\":{\"@id\":\"https:\\\/\\\/eldigitaldeasturias.com\\\/magazine365\\\/transavia-alcanza-el-millon-de-fans-en-facebook\\\/#webpage\"},\"isPartOf\":{\"@id\":\"https:\\\/\\\/eldigitaldeasturias.com\\\/magazine365\\\/transavia-alcanza-el-millon-de-fans-en-facebook\\\/#webpage\"},\"articleSection\":\"Noticias y Actualidad\"},{\"@type\":\"BreadcrumbList\",\"@id\":\"https:\\\/\\\/eldigitaldeasturias.com\\\/magazine365\\\/transavia-alcanza-el-millon-de-fans-en-facebook\\\/#breadcrumblist\",\"itemListElement\":[{\"@type\":\"ListItem\",\"@id\":\"https:\\\/\\\/eldigitaldeasturias.com\\\/magazine365#listItem\",\"position\":1,\"name\":\"Home\",\"item\":\"https:\\\/\\\/eldigitaldeasturias.com\\\/magazine365\",\"nextItem\":{\"@type\":\"ListItem\",\"@id\":\"https:\\\/\\\/eldigitaldeasturias.com\\\/magazine365\\\/category\\\/noticias-actualidad\\\/#listItem\",\"name\":\"Noticias y Actualidad\"}},{\"@type\":\"ListItem\",\"@id\":\"https:\\\/\\\/eldigitaldeasturias.com\\\/magazine365\\\/category\\\/noticias-actualidad\\\/#listItem\",\"position\":2,\"name\":\"Noticias y Actualidad\",\"item\":\"https:\\\/\\\/eldigitaldeasturias.com\\\/magazine365\\\/category\\\/noticias-actualidad\\\/\",\"nextItem\":{\"@type\":\"ListItem\",\"@id\":\"https:\\\/\\\/eldigitaldeasturias.com\\\/magazine365\\\/transavia-alcanza-el-millon-de-fans-en-facebook\\\/#listItem\",\"name\":\"Transavia alcanza el mill\\u00f3n de fans en Facebook\"},\"previousItem\":{\"@type\":\"ListItem\",\"@id\":\"https:\\\/\\\/eldigitaldeasturias.com\\\/magazine365#listItem\",\"name\":\"Home\"}},{\"@type\":\"ListItem\",\"@id\":\"https:\\\/\\\/eldigitaldeasturias.com\\\/magazine365\\\/transavia-alcanza-el-millon-de-fans-en-facebook\\\/#listItem\",\"position\":3,\"name\":\"Transavia alcanza el mill\\u00f3n de fans en Facebook\",\"previousItem\":{\"@type\":\"ListItem\",\"@id\":\"https:\\\/\\\/eldigitaldeasturias.com\\\/magazine365\\\/category\\\/noticias-actualidad\\\/#listItem\",\"name\":\"Noticias y Actualidad\"}}]},{\"@type\":\"Organization\",\"@id\":\"https:\\\/\\\/eldigitaldeasturias.com\\\/magazine365\\\/#organization\",\"name\":\"El digital de Asturias\",\"description\":\"Revista de ocio, turismo y estilo de vida\",\"url\":\"https:\\\/\\\/eldigitaldeasturias.com\\\/magazine365\\\/\",\"logo\":{\"@type\":\"ImageObject\",\"url\":\"https:\\\/\\\/www.eldigitaldeasturias.com\\\/noticias\\\/wp-content\\\/uploads\\\/2020\\\/12\\\/EDA.jpg\",\"@id\":\"https:\\\/\\\/eldigitaldeasturias.com\\\/magazine365\\\/transavia-alcanza-el-millon-de-fans-en-facebook\\\/#organizationLogo\"},\"image\":{\"@id\":\"https:\\\/\\\/eldigitaldeasturias.com\\\/magazine365\\\/transavia-alcanza-el-millon-de-fans-en-facebook\\\/#organizationLogo\"}},{\"@type\":\"Person\",\"@id\":\"https:\\\/\\\/eldigitaldeasturias.com\\\/magazine365\\\/author\\\/admin\\\/#author\",\"url\":\"https:\\\/\\\/eldigitaldeasturias.com\\\/magazine365\\\/author\\\/admin\\\/\",\"name\":\"admin\",\"image\":{\"@type\":\"ImageObject\",\"@id\":\"https:\\\/\\\/eldigitaldeasturias.com\\\/magazine365\\\/transavia-alcanza-el-millon-de-fans-en-facebook\\\/#authorImage\",\"url\":\"https:\\\/\\\/eldigitaldeasturias.com\\\/magazine365\\\/wp-content\\\/litespeed\\\/avatar\\\/e571bcf59a0edd6fa6838245a470f2fe.jpg?ver=1776969259\",\"width\":96,\"height\":96,\"caption\":\"admin\"}},{\"@type\":\"WebPage\",\"@id\":\"https:\\\/\\\/eldigitaldeasturias.com\\\/magazine365\\\/transavia-alcanza-el-millon-de-fans-en-facebook\\\/#webpage\",\"url\":\"https:\\\/\\\/eldigitaldeasturias.com\\\/magazine365\\\/transavia-alcanza-el-millon-de-fans-en-facebook\\\/\",\"name\":\"Transavia alcanza el mill\\u00f3n de fans en Facebook | El Digital de Asturias\",\"description\":\"Transavia suma ya un mill\\u00f3n de fans en Facebook, un nuevo r\\u00e9cord en las redes sociales que se suma a los m\\u00e1s de cuatro millones de personas que siguen a la compa\\u00f1\\u00eda a trav\\u00e9s de todas sus publicaciones y que hoy ha celebrado la aerol\\u00ednea de bajo coste del grupo Air France-KLM. Adem\\u00e1s de Facebook,\",\"inLanguage\":\"es-ES\",\"isPartOf\":{\"@id\":\"https:\\\/\\\/eldigitaldeasturias.com\\\/magazine365\\\/#website\"},\"breadcrumb\":{\"@id\":\"https:\\\/\\\/eldigitaldeasturias.com\\\/magazine365\\\/transavia-alcanza-el-millon-de-fans-en-facebook\\\/#breadcrumblist\"},\"author\":{\"@id\":\"https:\\\/\\\/eldigitaldeasturias.com\\\/magazine365\\\/author\\\/admin\\\/#author\"},\"creator\":{\"@id\":\"https:\\\/\\\/eldigitaldeasturias.com\\\/magazine365\\\/author\\\/admin\\\/#author\"},\"image\":{\"@type\":\"ImageObject\",\"url\":\"https:\\\/\\\/eldigitaldeasturias.com\\\/magazine365\\\/wp-content\\\/uploads\\\/2016\\\/06\\\/fotonoticia_20160615122345_800.jpg\",\"@id\":\"https:\\\/\\\/eldigitaldeasturias.com\\\/magazine365\\\/transavia-alcanza-el-millon-de-fans-en-facebook\\\/#mainImage\",\"width\":800,\"height\":438},\"primaryImageOfPage\":{\"@id\":\"https:\\\/\\\/eldigitaldeasturias.com\\\/magazine365\\\/transavia-alcanza-el-millon-de-fans-en-facebook\\\/#mainImage\"},\"datePublished\":\"2016-06-15T13:55:33+02:00\",\"dateModified\":\"2016-06-15T13:55:33+02:00\"},{\"@type\":\"WebSite\",\"@id\":\"https:\\\/\\\/eldigitaldeasturias.com\\\/magazine365\\\/#website\",\"url\":\"https:\\\/\\\/eldigitaldeasturias.com\\\/magazine365\\\/\",\"name\":\"El Digital de Asturias\",\"description\":\"Revista de ocio, turismo y estilo de vida\",\"inLanguage\":\"es-ES\",\"publisher\":{\"@id\":\"https:\\\/\\\/eldigitaldeasturias.com\\\/magazine365\\\/#organization\"}}]}\n\t\t<\/script>\n\t\t<!-- All in One SEO Pro -->\r\n\t\t<title>Transavia alcanza el mill\u00f3n de fans en Facebook | El Digital de Asturias<\/title>\n\n","aioseo_head_json":{"title":"Transavia alcanza el mill\u00f3n de fans en Facebook | El Digital de Asturias","description":"Transavia suma ya un mill\u00f3n de fans en Facebook, un nuevo r\u00e9cord en las redes sociales que se suma a los m\u00e1s de cuatro millones de personas que siguen a la compa\u00f1\u00eda a trav\u00e9s de todas sus publicaciones y que hoy ha celebrado la aerol\u00ednea de bajo coste del grupo Air France-KLM. Adem\u00e1s de Facebook,","canonical_url":"https:\/\/eldigitaldeasturias.com\/magazine365\/transavia-alcanza-el-millon-de-fans-en-facebook\/","robots":"max-image-preview:large","keywords":"noticias y actualidad","webmasterTools":{"google-site-verification":"UA-38556648-1","miscellaneous":""},"schema":{"@context":"https:\/\/schema.org","@graph":[{"@type":"Article","@id":"https:\/\/eldigitaldeasturias.com\/magazine365\/transavia-alcanza-el-millon-de-fans-en-facebook\/#article","name":"Transavia alcanza el mill\u00f3n de fans en Facebook | El Digital de Asturias","headline":"Transavia alcanza el mill\u00f3n de fans en Facebook","author":{"@id":"https:\/\/eldigitaldeasturias.com\/magazine365\/author\/admin\/#author"},"publisher":{"@id":"https:\/\/eldigitaldeasturias.com\/magazine365\/#organization"},"image":{"@type":"ImageObject","url":"https:\/\/eldigitaldeasturias.com\/magazine365\/wp-content\/uploads\/2016\/06\/fotonoticia_20160615122345_800.jpg","width":800,"height":438},"datePublished":"2016-06-15T13:55:33+02:00","dateModified":"2016-06-15T13:55:33+02:00","inLanguage":"es-ES","mainEntityOfPage":{"@id":"https:\/\/eldigitaldeasturias.com\/magazine365\/transavia-alcanza-el-millon-de-fans-en-facebook\/#webpage"},"isPartOf":{"@id":"https:\/\/eldigitaldeasturias.com\/magazine365\/transavia-alcanza-el-millon-de-fans-en-facebook\/#webpage"},"articleSection":"Noticias y Actualidad"},{"@type":"BreadcrumbList","@id":"https:\/\/eldigitaldeasturias.com\/magazine365\/transavia-alcanza-el-millon-de-fans-en-facebook\/#breadcrumblist","itemListElement":[{"@type":"ListItem","@id":"https:\/\/eldigitaldeasturias.com\/magazine365#listItem","position":1,"name":"Home","item":"https:\/\/eldigitaldeasturias.com\/magazine365","nextItem":{"@type":"ListItem","@id":"https:\/\/eldigitaldeasturias.com\/magazine365\/category\/noticias-actualidad\/#listItem","name":"Noticias y Actualidad"}},{"@type":"ListItem","@id":"https:\/\/eldigitaldeasturias.com\/magazine365\/category\/noticias-actualidad\/#listItem","position":2,"name":"Noticias y Actualidad","item":"https:\/\/eldigitaldeasturias.com\/magazine365\/category\/noticias-actualidad\/","nextItem":{"@type":"ListItem","@id":"https:\/\/eldigitaldeasturias.com\/magazine365\/transavia-alcanza-el-millon-de-fans-en-facebook\/#listItem","name":"Transavia alcanza el mill\u00f3n de fans en Facebook"},"previousItem":{"@type":"ListItem","@id":"https:\/\/eldigitaldeasturias.com\/magazine365#listItem","name":"Home"}},{"@type":"ListItem","@id":"https:\/\/eldigitaldeasturias.com\/magazine365\/transavia-alcanza-el-millon-de-fans-en-facebook\/#listItem","position":3,"name":"Transavia alcanza el mill\u00f3n de fans en Facebook","previousItem":{"@type":"ListItem","@id":"https:\/\/eldigitaldeasturias.com\/magazine365\/category\/noticias-actualidad\/#listItem","name":"Noticias y Actualidad"}}]},{"@type":"Organization","@id":"https:\/\/eldigitaldeasturias.com\/magazine365\/#organization","name":"El digital de Asturias","description":"Revista de ocio, turismo y estilo de vida","url":"https:\/\/eldigitaldeasturias.com\/magazine365\/","logo":{"@type":"ImageObject","url":"https:\/\/www.eldigitaldeasturias.com\/noticias\/wp-content\/uploads\/2020\/12\/EDA.jpg","@id":"https:\/\/eldigitaldeasturias.com\/magazine365\/transavia-alcanza-el-millon-de-fans-en-facebook\/#organizationLogo"},"image":{"@id":"https:\/\/eldigitaldeasturias.com\/magazine365\/transavia-alcanza-el-millon-de-fans-en-facebook\/#organizationLogo"}},{"@type":"Person","@id":"https:\/\/eldigitaldeasturias.com\/magazine365\/author\/admin\/#author","url":"https:\/\/eldigitaldeasturias.com\/magazine365\/author\/admin\/","name":"admin","image":{"@type":"ImageObject","@id":"https:\/\/eldigitaldeasturias.com\/magazine365\/transavia-alcanza-el-millon-de-fans-en-facebook\/#authorImage","url":"https:\/\/eldigitaldeasturias.com\/magazine365\/wp-content\/litespeed\/avatar\/e571bcf59a0edd6fa6838245a470f2fe.jpg?ver=1776969259","width":96,"height":96,"caption":"admin"}},{"@type":"WebPage","@id":"https:\/\/eldigitaldeasturias.com\/magazine365\/transavia-alcanza-el-millon-de-fans-en-facebook\/#webpage","url":"https:\/\/eldigitaldeasturias.com\/magazine365\/transavia-alcanza-el-millon-de-fans-en-facebook\/","name":"Transavia alcanza el mill\u00f3n de fans en Facebook | El Digital de Asturias","description":"Transavia suma ya un mill\u00f3n de fans en Facebook, un nuevo r\u00e9cord en las redes sociales que se suma a los m\u00e1s de cuatro millones de personas que siguen a la compa\u00f1\u00eda a trav\u00e9s de todas sus publicaciones y que hoy ha celebrado la aerol\u00ednea de bajo coste del grupo Air France-KLM. Adem\u00e1s de Facebook,","inLanguage":"es-ES","isPartOf":{"@id":"https:\/\/eldigitaldeasturias.com\/magazine365\/#website"},"breadcrumb":{"@id":"https:\/\/eldigitaldeasturias.com\/magazine365\/transavia-alcanza-el-millon-de-fans-en-facebook\/#breadcrumblist"},"author":{"@id":"https:\/\/eldigitaldeasturias.com\/magazine365\/author\/admin\/#author"},"creator":{"@id":"https:\/\/eldigitaldeasturias.com\/magazine365\/author\/admin\/#author"},"image":{"@type":"ImageObject","url":"https:\/\/eldigitaldeasturias.com\/magazine365\/wp-content\/uploads\/2016\/06\/fotonoticia_20160615122345_800.jpg","@id":"https:\/\/eldigitaldeasturias.com\/magazine365\/transavia-alcanza-el-millon-de-fans-en-facebook\/#mainImage","width":800,"height":438},"primaryImageOfPage":{"@id":"https:\/\/eldigitaldeasturias.com\/magazine365\/transavia-alcanza-el-millon-de-fans-en-facebook\/#mainImage"},"datePublished":"2016-06-15T13:55:33+02:00","dateModified":"2016-06-15T13:55:33+02:00"},{"@type":"WebSite","@id":"https:\/\/eldigitaldeasturias.com\/magazine365\/#website","url":"https:\/\/eldigitaldeasturias.com\/magazine365\/","name":"El Digital de Asturias","description":"Revista de ocio, turismo y estilo de vida","inLanguage":"es-ES","publisher":{"@id":"https:\/\/eldigitaldeasturias.com\/magazine365\/#organization"}}]},"og:locale":"es_ES","og:site_name":"El Digital de Asturias \u2013 Revista de ocio, turismo y estilo de vida","og:type":"article","og:title":"Transavia alcanza el mill\u00f3n de fans en Facebook | El Digital de Asturias","og:description":"Transavia suma ya un mill\u00f3n de fans en Facebook, un nuevo r\u00e9cord en las redes sociales que se suma a los m\u00e1s de cuatro millones de personas que siguen a la compa\u00f1\u00eda a trav\u00e9s de todas sus publicaciones y que hoy ha celebrado la aerol\u00ednea de bajo coste del grupo Air France-KLM. Adem\u00e1s de Facebook,","og:url":"https:\/\/eldigitaldeasturias.com\/magazine365\/transavia-alcanza-el-millon-de-fans-en-facebook\/","og:image":"https:\/\/eldigitaldeasturias.com\/magazine365\/wp-content\/uploads\/2016\/06\/fotonoticia_20160615122345_800.jpg","og:image:secure_url":"https:\/\/eldigitaldeasturias.com\/magazine365\/wp-content\/uploads\/2016\/06\/fotonoticia_20160615122345_800.jpg","og:image:width":800,"og:image:height":438,"article:published_time":"2016-06-15T11:55:33+00:00","article:modified_time":"2016-06-15T11:55:33+00:00","twitter:card":"summary_large_image","twitter:title":"Transavia alcanza el mill\u00f3n de fans en Facebook | El Digital de Asturias","twitter:description":"Transavia suma ya un mill\u00f3n de fans en Facebook, un nuevo r\u00e9cord en las redes sociales que se suma a los m\u00e1s de cuatro millones de personas que siguen a la compa\u00f1\u00eda a trav\u00e9s de todas sus publicaciones y que hoy ha celebrado la aerol\u00ednea de bajo coste del grupo Air France-KLM. Adem\u00e1s de Facebook,","twitter:image":"https:\/\/eldigitaldeasturias.com\/magazine365\/wp-content\/uploads\/2016\/06\/fotonoticia_20160615122345_800.jpg"},"aioseo_meta_data":{"post_id":"79407","title":null,"description":null,"keywords":null,"keyphrases":null,"primary_term":null,"canonical_url":null,"og_title":null,"og_description":null,"og_object_type":"default","og_image_type":"default","og_image_url":null,"og_image_width":null,"og_image_height":null,"og_image_custom_url":null,"og_image_custom_fields":null,"og_video":null,"og_custom_url":null,"og_article_section":null,"og_article_tags":null,"twitter_use_og":false,"twitter_card":"default","twitter_image_type":"default","twitter_image_url":null,"twitter_image_custom_url":null,"twitter_image_custom_fields":null,"twitter_title":null,"twitter_description":null,"schema":{"blockGraphs":[],"customGraphs":[],"default":{"data":{"Article":[],"Course":[],"Dataset":[],"FAQPage":[],"Movie":[],"Person":[],"Product":[],"ProductReview":[],"Car":[],"Recipe":[],"Service":[],"SoftwareApplication":[],"WebPage":[]},"graphName":"","isEnabled":true},"graphs":[]},"schema_type":null,"schema_type_options":null,"pillar_content":false,"robots_default":true,"robots_noindex":false,"robots_noarchive":false,"robots_nosnippet":false,"robots_nofollow":false,"robots_noimageindex":false,"robots_noodp":false,"robots_notranslate":false,"robots_max_snippet":null,"robots_max_videopreview":null,"robots_max_imagepreview":"large","priority":null,"frequency":null,"location":null,"local_seo":null,"seo_analyzer_scan_date":"2025-09-27 18:50:55","breadcrumb_settings":null,"limit_modified_date":false,"open_ai":null,"ai":null,"created":"2021-03-08 17:49:06","updated":"2025-09-27 18:50:55"},"aioseo_breadcrumb":"<div class=\"aioseo-breadcrumbs\"><span class=\"aioseo-breadcrumb\">\n\t<a href=\"https:\/\/eldigitaldeasturias.com\/magazine365\" title=\"Home\">Home<\/a>\n<\/span><span class=\"aioseo-breadcrumb-separator\">\u2013<\/span><span class=\"aioseo-breadcrumb\">\n\t<a href=\"https:\/\/eldigitaldeasturias.com\/magazine365\/category\/noticias-actualidad\/\" title=\"Noticias y Actualidad\">Noticias y Actualidad<\/a>\n<\/span><span class=\"aioseo-breadcrumb-separator\">\u2013<\/span><span class=\"aioseo-breadcrumb\">\n\t<a href=\"https:\/\/eldigitaldeasturias.com\/magazine365\/transavia-alcanza-el-millon-de-fans-en-facebook\/\" title=\"Transavia alcanza el mill\u00f3n de fans en Facebook\">Transavia alcanza el mill\u00f3n de fans en Facebook<\/a>\n<\/span><\/div>","aioseo_breadcrumb_json":[{"label":"Home","link":"https:\/\/eldigitaldeasturias.com\/magazine365"},{"label":"Noticias y Actualidad","link":"https:\/\/eldigitaldeasturias.com\/magazine365\/category\/noticias-actualidad\/"},{"label":"Transavia alcanza el mill\u00f3n de fans en Facebook","link":"https:\/\/eldigitaldeasturias.com\/magazine365\/transavia-alcanza-el-millon-de-fans-en-facebook\/"}],"_links":{"self":[{"href":"https:\/\/eldigitaldeasturias.com\/magazine365\/wp-json\/wp\/v2\/posts\/79407","targetHints":{"allow":["GET"]}}],"collection":[{"href":"https:\/\/eldigitaldeasturias.com\/magazine365\/wp-json\/wp\/v2\/posts"}],"about":[{"href":"https:\/\/eldigitaldeasturias.com\/magazine365\/wp-json\/wp\/v2\/types\/post"}],"author":[{"embeddable":true,"href":"https:\/\/eldigitaldeasturias.com\/magazine365\/wp-json\/wp\/v2\/users\/1"}],"replies":[{"embeddable":true,"href":"https:\/\/eldigitaldeasturias.com\/magazine365\/wp-json\/wp\/v2\/comments?post=79407"}],"version-history":[{"count":0,"href":"https:\/\/eldigitaldeasturias.com\/magazine365\/wp-json\/wp\/v2\/posts\/79407\/revisions"}],"wp:featuredmedia":[{"embeddable":true,"href":"https:\/\/eldigitaldeasturias.com\/magazine365\/wp-json\/wp\/v2\/media\/79408"}],"wp:attachment":[{"href":"https:\/\/eldigitaldeasturias.com\/magazine365\/wp-json\/wp\/v2\/media?parent=79407"}],"wp:term":[{"taxonomy":"category","embeddable":true,"href":"https:\/\/eldigitaldeasturias.com\/magazine365\/wp-json\/wp\/v2\/categories?post=79407"},{"taxonomy":"post_tag","embeddable":true,"href":"https:\/\/eldigitaldeasturias.com\/magazine365\/wp-json\/wp\/v2\/tags?post=79407"}],"curies":[{"name":"wp","href":"https:\/\/api.w.org\/{rel}","templated":true}]}}