{"id":79394,"date":"2016-06-15T12:39:15","date_gmt":"2016-06-15T10:39:15","guid":{"rendered":"http:\/\/eldigitaldeasturias.com\/magazine365\/?p=79394"},"modified":"2016-06-15T12:39:15","modified_gmt":"2016-06-15T10:39:15","slug":"balearia-confia-en-obtener-pronto-la-autorizacion-para-un-fast-ferry-entre-florida-y-la-habana","status":"publish","type":"post","link":"https:\/\/eldigitaldeasturias.com\/magazine365\/balearia-confia-en-obtener-pronto-la-autorizacion-para-un-fast-ferry-entre-florida-y-la-habana\/","title":{"rendered":"Bale\u00e0ria conf\u00eda en obtener pronto la autorizaci\u00f3n para un &#8216;fast ferry&#8217; entre Florida y La Habana"},"content":{"rendered":"<p><img decoding=\"async\" class=\"alignleft size-medium wp-image-79395\" src=\"https:\/\/eldigitaldeasturias.com\/magazine365\/wp-content\/uploads\/2016\/06\/fotonoticia_20160615110415_800-360x120.jpg\" alt=\"fotonoticia_20160615110415_800\" width=\"360\" height=\"120\" srcset=\"https:\/\/eldigitaldeasturias.com\/magazine365\/wp-content\/uploads\/2016\/06\/fotonoticia_20160615110415_800-360x120.jpg 360w, https:\/\/eldigitaldeasturias.com\/magazine365\/wp-content\/uploads\/2016\/06\/fotonoticia_20160615110415_800-650x217.jpg 650w, https:\/\/eldigitaldeasturias.com\/magazine365\/wp-content\/uploads\/2016\/06\/fotonoticia_20160615110415_800-768x256.jpg 768w, https:\/\/eldigitaldeasturias.com\/magazine365\/wp-content\/uploads\/2016\/06\/fotonoticia_20160615110415_800-150x50.jpg 150w, https:\/\/eldigitaldeasturias.com\/magazine365\/wp-content\/uploads\/2016\/06\/fotonoticia_20160615110415_800-450x150.jpg 450w, https:\/\/eldigitaldeasturias.com\/magazine365\/wp-content\/uploads\/2016\/06\/fotonoticia_20160615110415_800.jpg 800w\" sizes=\"(max-width: 360px) 100vw, 360px\" \/>Bale\u00e0ria ha destacado su apuesta por la internacionalizaci\u00f3n como uno de los ejes principales de crecimiento empresarial y de ampliaci\u00f3n de su mercado y conf\u00eda dentro de estos planes en su expansi\u00f3n en el Caribe, en pa\u00edses como las Bahamas, Puerto Rico, Rep\u00fablica Dominicana o Cuba, as\u00ed como el norte de \u00c1frica.<\/p>\n<p>As\u00ed lo ha avanzado el presidente de la compa\u00f1\u00eda naviera, Adolfo Utor, en Valencia este martes tras presentar la Memoria de Responsabilidad Social Corporativa y Sostenibilidad 2015.<\/p>\n<p>Utor se ha referido a la obtenci\u00f3n en 2015 de las licencias necesarias por parte del Gobierno de EE.UU para operar los tr\u00e1ficos mar\u00edtimos entre este pa\u00eds y Cuba. Sin embargo, ha lamentado que para poder iniciar las conexiones queda pendiente la autorizaci\u00f3n por parte del Gobierno cubano.<\/p>\n<p>No obstante, ha manifestado que espera que \u00abpronto\u00bb le den el permiso para comenzar la puesta en marcha de un &#8216;fast ferry&#8217; entre Key West (Florida) y La Habana porque ya tiene \u00abel barco preparado\u00bb. \u00abTengo suficientes esperanzas de que se resuelva por los \u00faltimos imputs recibidos\u00bb, ha asegurado Utor.<\/p>\n<p>Asimismo, ha avanzado que la naviera tiene intenci\u00f3n de poner en marcha \u00abpronto\u00bb otro &#8216;fast ferry&#8217; que har\u00eda en invierno la traves\u00eda Gran Bahama-Bimini y otro Free Port- Nasau.<\/p>\n<h2 class=\"ladillo\">NUEVA CONEXI\u00d3N MAR\u00cdTIMA CON ARGELIA<\/h2>\n<p>Bale\u00e0ria ha iniciado este martes la nueva conexi\u00f3n mar\u00edtima entre el Puerto de Valencia y el de Mostaganem (Argelia) con un total de 150 pasajeros y una carga de alrededor de 60 veh\u00edculos. La intenci\u00f3n es que la l\u00ednea mar\u00edtima est\u00e9 operativa durante todo el a\u00f1o.<\/p>\n<p>La nueva ruta Valencia-Argelia, con el ferry Nissos Chios, realizar\u00e1 la traves\u00eda en 12 horas los lunes, mi\u00e9rcoles, viernes y domingos desde Mostaganem y los lunes, martes, jueves y s\u00e1bado desde el puerto valenciano.<\/p>\n<p>Utor ha admitido, en este sentido, que tanto el n\u00famero de pasajeros como de mercanc\u00eda de esta nueva conexi\u00f3n es \u00abbajo\u00bb, pero ha recalcado que est\u00e1 \u00abdentro del gui\u00f3n\u00bb que la compa\u00f1\u00eda hab\u00eda previsto ya que ha explicado que la puesta en marcha de una nueva l\u00ednea implica \u00abperder dinero\u00bb.<\/p>\n<p>Ha puntualizado que la intenci\u00f3n es que en la pr\u00f3xima temporada de invierno y verano este ferry a Argelia mantenga sus servicios de transporte de carga, aunque posiblemente la compa\u00f1\u00eda cambie de barco a otro que tenga \u00abbuenas instalaciones\u00bb pero con un mayor porcentaje de mercanc\u00eda rodada que de viajeros.<\/p>\n<p>Respecto al perfil de los pasajeros, ha explicado que se trata de europeos de origen argelino que prefieren la ruta con Valencia, en lugar de la de Alicante-Oman que ha sido la que durante a\u00f1os ha prestado la conexi\u00f3n con Argelia, por los servicios que Bale\u00e0ria ofrece y no tanto por la distancia ni el precio.<\/p>\n<p>El ferry Nissos Chios es un buque sostenible y r\u00e1pido de 141 metros de eslora y 21 metros de manga, con capacidad para 1.400 pasajeros, 300 veh\u00edculos o 530 ml de carga rodada. El buque, que puede navegar a 27 nudos, una velocidad superior a los ferries convencionales, cuenta tambi\u00e9n con una amplia variedad de servicios a bordo, con 73 camarotes, salones de butacas, restaurante a la carta, self-service, tienda, servicios para familias y jaulas para mascotas entre otros.<\/p>\n","protected":false},"excerpt":{"rendered":"<p>Bale\u00e0ria ha destacado su apuesta por la internacionalizaci\u00f3n como uno de los ejes principales de crecimiento empresarial y de ampliaci\u00f3n de su mercado y conf\u00eda dentro de estos planes en su expansi\u00f3n en el Caribe, en pa\u00edses como las Bahamas, Puerto Rico, Rep\u00fablica Dominicana o Cuba, as\u00ed como el norte de \u00c1frica. As\u00ed lo ha<\/p>\n","protected":false},"author":1,"featured_media":79395,"comment_status":"open","ping_status":"closed","sticky":false,"template":"","format":"standard","meta":{"footnotes":""},"categories":[224],"tags":[],"class_list":{"0":"post-79394","1":"post","2":"type-post","3":"status-publish","4":"format-standard","5":"has-post-thumbnail","7":"category-noticias-actualidad"},"aioseo_notices":[],"aioseo_head":"\n\t\t<!-- All in One SEO Pro 4.9.6.1 - aioseo.com -->\n\t<meta name=\"description\" content=\"Bale\u00e0ria ha destacado su apuesta por la internacionalizaci\u00f3n como uno de los ejes principales de crecimiento empresarial y de ampliaci\u00f3n de su mercado y conf\u00eda dentro de estos planes en su expansi\u00f3n en el Caribe, en pa\u00edses como las Bahamas, Puerto Rico, Rep\u00fablica Dominicana o Cuba, as\u00ed como el norte de \u00c1frica. As\u00ed lo ha\" \/>\n\t<meta name=\"robots\" content=\"max-image-preview:large\" \/>\n\t<meta name=\"author\" content=\"admin\"\/>\n\t<meta name=\"google-site-verification\" content=\"UA-38556648-1\" \/>\n\t<meta name=\"keywords\" content=\"noticias y actualidad\" \/>\n\t<link rel=\"canonical\" href=\"https:\/\/eldigitaldeasturias.com\/magazine365\/balearia-confia-en-obtener-pronto-la-autorizacion-para-un-fast-ferry-entre-florida-y-la-habana\/\" \/>\n\t<meta name=\"generator\" content=\"All in One SEO Pro (AIOSEO) 4.9.6.1\" \/>\n\t\t<meta property=\"og:locale\" content=\"es_ES\" \/>\n\t\t<meta property=\"og:site_name\" content=\"El Digital de Asturias \u2013 Revista de ocio, turismo y estilo de vida\" \/>\n\t\t<meta property=\"og:type\" content=\"article\" \/>\n\t\t<meta property=\"og:title\" content=\"Bale\u00e0ria conf\u00eda en obtener pronto la autorizaci\u00f3n para un \u2018fast ferry\u2019 entre Florida y La Habana | El Digital de Asturias\" \/>\n\t\t<meta property=\"og:description\" content=\"Bale\u00e0ria ha destacado su apuesta por la internacionalizaci\u00f3n como uno de los ejes principales de crecimiento empresarial y de ampliaci\u00f3n de su mercado y conf\u00eda dentro de estos planes en su expansi\u00f3n en el Caribe, en pa\u00edses como las Bahamas, Puerto Rico, Rep\u00fablica Dominicana o Cuba, as\u00ed como el norte de \u00c1frica. As\u00ed lo ha\" \/>\n\t\t<meta property=\"og:url\" content=\"https:\/\/eldigitaldeasturias.com\/magazine365\/balearia-confia-en-obtener-pronto-la-autorizacion-para-un-fast-ferry-entre-florida-y-la-habana\/\" \/>\n\t\t<meta property=\"og:image\" content=\"https:\/\/eldigitaldeasturias.com\/magazine365\/wp-content\/uploads\/2016\/06\/fotonoticia_20160615110415_800.jpg\" \/>\n\t\t<meta property=\"og:image:secure_url\" content=\"https:\/\/eldigitaldeasturias.com\/magazine365\/wp-content\/uploads\/2016\/06\/fotonoticia_20160615110415_800.jpg\" \/>\n\t\t<meta property=\"og:image:width\" content=\"800\" \/>\n\t\t<meta property=\"og:image:height\" content=\"267\" \/>\n\t\t<meta property=\"article:published_time\" content=\"2016-06-15T10:39:15+00:00\" \/>\n\t\t<meta property=\"article:modified_time\" content=\"2016-06-15T10:39:15+00:00\" \/>\n\t\t<meta name=\"twitter:card\" content=\"summary_large_image\" \/>\n\t\t<meta name=\"twitter:title\" content=\"Bale\u00e0ria conf\u00eda en obtener pronto la autorizaci\u00f3n para un \u2018fast ferry\u2019 entre Florida y La Habana | El Digital de Asturias\" \/>\n\t\t<meta name=\"twitter:description\" content=\"Bale\u00e0ria ha destacado su apuesta por la internacionalizaci\u00f3n como uno de los ejes principales de crecimiento empresarial y de ampliaci\u00f3n de su mercado y conf\u00eda dentro de estos planes en su expansi\u00f3n en el Caribe, en pa\u00edses como las Bahamas, Puerto Rico, Rep\u00fablica Dominicana o Cuba, as\u00ed como el norte de \u00c1frica. As\u00ed lo ha\" \/>\n\t\t<meta name=\"twitter:image\" content=\"https:\/\/eldigitaldeasturias.com\/magazine365\/wp-content\/uploads\/2016\/06\/fotonoticia_20160615110415_800.jpg\" \/>\n\t\t<script type=\"application\/ld+json\" class=\"aioseo-schema\">\n\t\t\t{\"@context\":\"https:\\\/\\\/schema.org\",\"@graph\":[{\"@type\":\"Article\",\"@id\":\"https:\\\/\\\/eldigitaldeasturias.com\\\/magazine365\\\/balearia-confia-en-obtener-pronto-la-autorizacion-para-un-fast-ferry-entre-florida-y-la-habana\\\/#article\",\"name\":\"Bale\\u00e0ria conf\\u00eda en obtener pronto la autorizaci\\u00f3n para un \\u2018fast ferry\\u2019 entre Florida y La Habana | El Digital de Asturias\",\"headline\":\"Bale\\u00e0ria conf\\u00eda en obtener pronto la autorizaci\\u00f3n para un &#8216;fast ferry&#8217; entre Florida y La Habana\",\"author\":{\"@id\":\"https:\\\/\\\/eldigitaldeasturias.com\\\/magazine365\\\/author\\\/admin\\\/#author\"},\"publisher\":{\"@id\":\"https:\\\/\\\/eldigitaldeasturias.com\\\/magazine365\\\/#organization\"},\"image\":{\"@type\":\"ImageObject\",\"url\":\"https:\\\/\\\/eldigitaldeasturias.com\\\/magazine365\\\/wp-content\\\/uploads\\\/2016\\\/06\\\/fotonoticia_20160615110415_800.jpg\",\"width\":800,\"height\":267},\"datePublished\":\"2016-06-15T12:39:15+02:00\",\"dateModified\":\"2016-06-15T12:39:15+02:00\",\"inLanguage\":\"es-ES\",\"mainEntityOfPage\":{\"@id\":\"https:\\\/\\\/eldigitaldeasturias.com\\\/magazine365\\\/balearia-confia-en-obtener-pronto-la-autorizacion-para-un-fast-ferry-entre-florida-y-la-habana\\\/#webpage\"},\"isPartOf\":{\"@id\":\"https:\\\/\\\/eldigitaldeasturias.com\\\/magazine365\\\/balearia-confia-en-obtener-pronto-la-autorizacion-para-un-fast-ferry-entre-florida-y-la-habana\\\/#webpage\"},\"articleSection\":\"Noticias y Actualidad\"},{\"@type\":\"BreadcrumbList\",\"@id\":\"https:\\\/\\\/eldigitaldeasturias.com\\\/magazine365\\\/balearia-confia-en-obtener-pronto-la-autorizacion-para-un-fast-ferry-entre-florida-y-la-habana\\\/#breadcrumblist\",\"itemListElement\":[{\"@type\":\"ListItem\",\"@id\":\"https:\\\/\\\/eldigitaldeasturias.com\\\/magazine365#listItem\",\"position\":1,\"name\":\"Home\",\"item\":\"https:\\\/\\\/eldigitaldeasturias.com\\\/magazine365\",\"nextItem\":{\"@type\":\"ListItem\",\"@id\":\"https:\\\/\\\/eldigitaldeasturias.com\\\/magazine365\\\/category\\\/noticias-actualidad\\\/#listItem\",\"name\":\"Noticias y Actualidad\"}},{\"@type\":\"ListItem\",\"@id\":\"https:\\\/\\\/eldigitaldeasturias.com\\\/magazine365\\\/category\\\/noticias-actualidad\\\/#listItem\",\"position\":2,\"name\":\"Noticias y Actualidad\",\"item\":\"https:\\\/\\\/eldigitaldeasturias.com\\\/magazine365\\\/category\\\/noticias-actualidad\\\/\",\"nextItem\":{\"@type\":\"ListItem\",\"@id\":\"https:\\\/\\\/eldigitaldeasturias.com\\\/magazine365\\\/balearia-confia-en-obtener-pronto-la-autorizacion-para-un-fast-ferry-entre-florida-y-la-habana\\\/#listItem\",\"name\":\"Bale\\u00e0ria conf\\u00eda en obtener pronto la autorizaci\\u00f3n para un &#8216;fast ferry&#8217; entre Florida y La Habana\"},\"previousItem\":{\"@type\":\"ListItem\",\"@id\":\"https:\\\/\\\/eldigitaldeasturias.com\\\/magazine365#listItem\",\"name\":\"Home\"}},{\"@type\":\"ListItem\",\"@id\":\"https:\\\/\\\/eldigitaldeasturias.com\\\/magazine365\\\/balearia-confia-en-obtener-pronto-la-autorizacion-para-un-fast-ferry-entre-florida-y-la-habana\\\/#listItem\",\"position\":3,\"name\":\"Bale\\u00e0ria conf\\u00eda en obtener pronto la autorizaci\\u00f3n para un &#8216;fast ferry&#8217; entre Florida y La Habana\",\"previousItem\":{\"@type\":\"ListItem\",\"@id\":\"https:\\\/\\\/eldigitaldeasturias.com\\\/magazine365\\\/category\\\/noticias-actualidad\\\/#listItem\",\"name\":\"Noticias y Actualidad\"}}]},{\"@type\":\"Organization\",\"@id\":\"https:\\\/\\\/eldigitaldeasturias.com\\\/magazine365\\\/#organization\",\"name\":\"El digital de Asturias\",\"description\":\"Revista de ocio, turismo y estilo de vida\",\"url\":\"https:\\\/\\\/eldigitaldeasturias.com\\\/magazine365\\\/\",\"logo\":{\"@type\":\"ImageObject\",\"url\":\"https:\\\/\\\/www.eldigitaldeasturias.com\\\/noticias\\\/wp-content\\\/uploads\\\/2020\\\/12\\\/EDA.jpg\",\"@id\":\"https:\\\/\\\/eldigitaldeasturias.com\\\/magazine365\\\/balearia-confia-en-obtener-pronto-la-autorizacion-para-un-fast-ferry-entre-florida-y-la-habana\\\/#organizationLogo\"},\"image\":{\"@id\":\"https:\\\/\\\/eldigitaldeasturias.com\\\/magazine365\\\/balearia-confia-en-obtener-pronto-la-autorizacion-para-un-fast-ferry-entre-florida-y-la-habana\\\/#organizationLogo\"}},{\"@type\":\"Person\",\"@id\":\"https:\\\/\\\/eldigitaldeasturias.com\\\/magazine365\\\/author\\\/admin\\\/#author\",\"url\":\"https:\\\/\\\/eldigitaldeasturias.com\\\/magazine365\\\/author\\\/admin\\\/\",\"name\":\"admin\",\"image\":{\"@type\":\"ImageObject\",\"@id\":\"https:\\\/\\\/eldigitaldeasturias.com\\\/magazine365\\\/balearia-confia-en-obtener-pronto-la-autorizacion-para-un-fast-ferry-entre-florida-y-la-habana\\\/#authorImage\",\"url\":\"https:\\\/\\\/eldigitaldeasturias.com\\\/magazine365\\\/wp-content\\\/litespeed\\\/avatar\\\/e571bcf59a0edd6fa6838245a470f2fe.jpg?ver=1776969259\",\"width\":96,\"height\":96,\"caption\":\"admin\"}},{\"@type\":\"WebPage\",\"@id\":\"https:\\\/\\\/eldigitaldeasturias.com\\\/magazine365\\\/balearia-confia-en-obtener-pronto-la-autorizacion-para-un-fast-ferry-entre-florida-y-la-habana\\\/#webpage\",\"url\":\"https:\\\/\\\/eldigitaldeasturias.com\\\/magazine365\\\/balearia-confia-en-obtener-pronto-la-autorizacion-para-un-fast-ferry-entre-florida-y-la-habana\\\/\",\"name\":\"Bale\\u00e0ria conf\\u00eda en obtener pronto la autorizaci\\u00f3n para un \\u2018fast ferry\\u2019 entre Florida y La Habana | El Digital de Asturias\",\"description\":\"Bale\\u00e0ria ha destacado su apuesta por la internacionalizaci\\u00f3n como uno de los ejes principales de crecimiento empresarial y de ampliaci\\u00f3n de su mercado y conf\\u00eda dentro de estos planes en su expansi\\u00f3n en el Caribe, en pa\\u00edses como las Bahamas, Puerto Rico, Rep\\u00fablica Dominicana o Cuba, as\\u00ed como el norte de \\u00c1frica. As\\u00ed lo ha\",\"inLanguage\":\"es-ES\",\"isPartOf\":{\"@id\":\"https:\\\/\\\/eldigitaldeasturias.com\\\/magazine365\\\/#website\"},\"breadcrumb\":{\"@id\":\"https:\\\/\\\/eldigitaldeasturias.com\\\/magazine365\\\/balearia-confia-en-obtener-pronto-la-autorizacion-para-un-fast-ferry-entre-florida-y-la-habana\\\/#breadcrumblist\"},\"author\":{\"@id\":\"https:\\\/\\\/eldigitaldeasturias.com\\\/magazine365\\\/author\\\/admin\\\/#author\"},\"creator\":{\"@id\":\"https:\\\/\\\/eldigitaldeasturias.com\\\/magazine365\\\/author\\\/admin\\\/#author\"},\"image\":{\"@type\":\"ImageObject\",\"url\":\"https:\\\/\\\/eldigitaldeasturias.com\\\/magazine365\\\/wp-content\\\/uploads\\\/2016\\\/06\\\/fotonoticia_20160615110415_800.jpg\",\"@id\":\"https:\\\/\\\/eldigitaldeasturias.com\\\/magazine365\\\/balearia-confia-en-obtener-pronto-la-autorizacion-para-un-fast-ferry-entre-florida-y-la-habana\\\/#mainImage\",\"width\":800,\"height\":267},\"primaryImageOfPage\":{\"@id\":\"https:\\\/\\\/eldigitaldeasturias.com\\\/magazine365\\\/balearia-confia-en-obtener-pronto-la-autorizacion-para-un-fast-ferry-entre-florida-y-la-habana\\\/#mainImage\"},\"datePublished\":\"2016-06-15T12:39:15+02:00\",\"dateModified\":\"2016-06-15T12:39:15+02:00\"},{\"@type\":\"WebSite\",\"@id\":\"https:\\\/\\\/eldigitaldeasturias.com\\\/magazine365\\\/#website\",\"url\":\"https:\\\/\\\/eldigitaldeasturias.com\\\/magazine365\\\/\",\"name\":\"El Digital de Asturias\",\"description\":\"Revista de ocio, turismo y estilo de vida\",\"inLanguage\":\"es-ES\",\"publisher\":{\"@id\":\"https:\\\/\\\/eldigitaldeasturias.com\\\/magazine365\\\/#organization\"}}]}\n\t\t<\/script>\n\t\t<!-- All in One SEO Pro -->\r\n\t\t<title>Bale\u00e0ria conf\u00eda en obtener pronto la autorizaci\u00f3n para un \u2018fast ferry\u2019 entre Florida y La Habana | El Digital de Asturias<\/title>\n\n","aioseo_head_json":{"title":"Bale\u00e0ria conf\u00eda en obtener pronto la autorizaci\u00f3n para un \u2018fast ferry\u2019 entre Florida y La Habana | El Digital de Asturias","description":"Bale\u00e0ria ha destacado su apuesta por la internacionalizaci\u00f3n como uno de los ejes principales de crecimiento empresarial y de ampliaci\u00f3n de su mercado y conf\u00eda dentro de estos planes en su expansi\u00f3n en el Caribe, en pa\u00edses como las Bahamas, Puerto Rico, Rep\u00fablica Dominicana o Cuba, as\u00ed como el norte de \u00c1frica. As\u00ed lo ha","canonical_url":"https:\/\/eldigitaldeasturias.com\/magazine365\/balearia-confia-en-obtener-pronto-la-autorizacion-para-un-fast-ferry-entre-florida-y-la-habana\/","robots":"max-image-preview:large","keywords":"noticias y actualidad","webmasterTools":{"google-site-verification":"UA-38556648-1","miscellaneous":""},"schema":{"@context":"https:\/\/schema.org","@graph":[{"@type":"Article","@id":"https:\/\/eldigitaldeasturias.com\/magazine365\/balearia-confia-en-obtener-pronto-la-autorizacion-para-un-fast-ferry-entre-florida-y-la-habana\/#article","name":"Bale\u00e0ria conf\u00eda en obtener pronto la autorizaci\u00f3n para un \u2018fast ferry\u2019 entre Florida y La Habana | El Digital de Asturias","headline":"Bale\u00e0ria conf\u00eda en obtener pronto la autorizaci\u00f3n para un &#8216;fast ferry&#8217; entre Florida y La Habana","author":{"@id":"https:\/\/eldigitaldeasturias.com\/magazine365\/author\/admin\/#author"},"publisher":{"@id":"https:\/\/eldigitaldeasturias.com\/magazine365\/#organization"},"image":{"@type":"ImageObject","url":"https:\/\/eldigitaldeasturias.com\/magazine365\/wp-content\/uploads\/2016\/06\/fotonoticia_20160615110415_800.jpg","width":800,"height":267},"datePublished":"2016-06-15T12:39:15+02:00","dateModified":"2016-06-15T12:39:15+02:00","inLanguage":"es-ES","mainEntityOfPage":{"@id":"https:\/\/eldigitaldeasturias.com\/magazine365\/balearia-confia-en-obtener-pronto-la-autorizacion-para-un-fast-ferry-entre-florida-y-la-habana\/#webpage"},"isPartOf":{"@id":"https:\/\/eldigitaldeasturias.com\/magazine365\/balearia-confia-en-obtener-pronto-la-autorizacion-para-un-fast-ferry-entre-florida-y-la-habana\/#webpage"},"articleSection":"Noticias y Actualidad"},{"@type":"BreadcrumbList","@id":"https:\/\/eldigitaldeasturias.com\/magazine365\/balearia-confia-en-obtener-pronto-la-autorizacion-para-un-fast-ferry-entre-florida-y-la-habana\/#breadcrumblist","itemListElement":[{"@type":"ListItem","@id":"https:\/\/eldigitaldeasturias.com\/magazine365#listItem","position":1,"name":"Home","item":"https:\/\/eldigitaldeasturias.com\/magazine365","nextItem":{"@type":"ListItem","@id":"https:\/\/eldigitaldeasturias.com\/magazine365\/category\/noticias-actualidad\/#listItem","name":"Noticias y Actualidad"}},{"@type":"ListItem","@id":"https:\/\/eldigitaldeasturias.com\/magazine365\/category\/noticias-actualidad\/#listItem","position":2,"name":"Noticias y Actualidad","item":"https:\/\/eldigitaldeasturias.com\/magazine365\/category\/noticias-actualidad\/","nextItem":{"@type":"ListItem","@id":"https:\/\/eldigitaldeasturias.com\/magazine365\/balearia-confia-en-obtener-pronto-la-autorizacion-para-un-fast-ferry-entre-florida-y-la-habana\/#listItem","name":"Bale\u00e0ria conf\u00eda en obtener pronto la autorizaci\u00f3n para un &#8216;fast ferry&#8217; entre Florida y La Habana"},"previousItem":{"@type":"ListItem","@id":"https:\/\/eldigitaldeasturias.com\/magazine365#listItem","name":"Home"}},{"@type":"ListItem","@id":"https:\/\/eldigitaldeasturias.com\/magazine365\/balearia-confia-en-obtener-pronto-la-autorizacion-para-un-fast-ferry-entre-florida-y-la-habana\/#listItem","position":3,"name":"Bale\u00e0ria conf\u00eda en obtener pronto la autorizaci\u00f3n para un &#8216;fast ferry&#8217; entre Florida y La Habana","previousItem":{"@type":"ListItem","@id":"https:\/\/eldigitaldeasturias.com\/magazine365\/category\/noticias-actualidad\/#listItem","name":"Noticias y Actualidad"}}]},{"@type":"Organization","@id":"https:\/\/eldigitaldeasturias.com\/magazine365\/#organization","name":"El digital de Asturias","description":"Revista de ocio, turismo y estilo de vida","url":"https:\/\/eldigitaldeasturias.com\/magazine365\/","logo":{"@type":"ImageObject","url":"https:\/\/www.eldigitaldeasturias.com\/noticias\/wp-content\/uploads\/2020\/12\/EDA.jpg","@id":"https:\/\/eldigitaldeasturias.com\/magazine365\/balearia-confia-en-obtener-pronto-la-autorizacion-para-un-fast-ferry-entre-florida-y-la-habana\/#organizationLogo"},"image":{"@id":"https:\/\/eldigitaldeasturias.com\/magazine365\/balearia-confia-en-obtener-pronto-la-autorizacion-para-un-fast-ferry-entre-florida-y-la-habana\/#organizationLogo"}},{"@type":"Person","@id":"https:\/\/eldigitaldeasturias.com\/magazine365\/author\/admin\/#author","url":"https:\/\/eldigitaldeasturias.com\/magazine365\/author\/admin\/","name":"admin","image":{"@type":"ImageObject","@id":"https:\/\/eldigitaldeasturias.com\/magazine365\/balearia-confia-en-obtener-pronto-la-autorizacion-para-un-fast-ferry-entre-florida-y-la-habana\/#authorImage","url":"https:\/\/eldigitaldeasturias.com\/magazine365\/wp-content\/litespeed\/avatar\/e571bcf59a0edd6fa6838245a470f2fe.jpg?ver=1776969259","width":96,"height":96,"caption":"admin"}},{"@type":"WebPage","@id":"https:\/\/eldigitaldeasturias.com\/magazine365\/balearia-confia-en-obtener-pronto-la-autorizacion-para-un-fast-ferry-entre-florida-y-la-habana\/#webpage","url":"https:\/\/eldigitaldeasturias.com\/magazine365\/balearia-confia-en-obtener-pronto-la-autorizacion-para-un-fast-ferry-entre-florida-y-la-habana\/","name":"Bale\u00e0ria conf\u00eda en obtener pronto la autorizaci\u00f3n para un \u2018fast ferry\u2019 entre Florida y La Habana | El Digital de Asturias","description":"Bale\u00e0ria ha destacado su apuesta por la internacionalizaci\u00f3n como uno de los ejes principales de crecimiento empresarial y de ampliaci\u00f3n de su mercado y conf\u00eda dentro de estos planes en su expansi\u00f3n en el Caribe, en pa\u00edses como las Bahamas, Puerto Rico, Rep\u00fablica Dominicana o Cuba, as\u00ed como el norte de \u00c1frica. As\u00ed lo ha","inLanguage":"es-ES","isPartOf":{"@id":"https:\/\/eldigitaldeasturias.com\/magazine365\/#website"},"breadcrumb":{"@id":"https:\/\/eldigitaldeasturias.com\/magazine365\/balearia-confia-en-obtener-pronto-la-autorizacion-para-un-fast-ferry-entre-florida-y-la-habana\/#breadcrumblist"},"author":{"@id":"https:\/\/eldigitaldeasturias.com\/magazine365\/author\/admin\/#author"},"creator":{"@id":"https:\/\/eldigitaldeasturias.com\/magazine365\/author\/admin\/#author"},"image":{"@type":"ImageObject","url":"https:\/\/eldigitaldeasturias.com\/magazine365\/wp-content\/uploads\/2016\/06\/fotonoticia_20160615110415_800.jpg","@id":"https:\/\/eldigitaldeasturias.com\/magazine365\/balearia-confia-en-obtener-pronto-la-autorizacion-para-un-fast-ferry-entre-florida-y-la-habana\/#mainImage","width":800,"height":267},"primaryImageOfPage":{"@id":"https:\/\/eldigitaldeasturias.com\/magazine365\/balearia-confia-en-obtener-pronto-la-autorizacion-para-un-fast-ferry-entre-florida-y-la-habana\/#mainImage"},"datePublished":"2016-06-15T12:39:15+02:00","dateModified":"2016-06-15T12:39:15+02:00"},{"@type":"WebSite","@id":"https:\/\/eldigitaldeasturias.com\/magazine365\/#website","url":"https:\/\/eldigitaldeasturias.com\/magazine365\/","name":"El Digital de Asturias","description":"Revista de ocio, turismo y estilo de vida","inLanguage":"es-ES","publisher":{"@id":"https:\/\/eldigitaldeasturias.com\/magazine365\/#organization"}}]},"og:locale":"es_ES","og:site_name":"El Digital de Asturias \u2013 Revista de ocio, turismo y estilo de vida","og:type":"article","og:title":"Bale\u00e0ria conf\u00eda en obtener pronto la autorizaci\u00f3n para un \u2018fast ferry\u2019 entre Florida y La Habana | El Digital de Asturias","og:description":"Bale\u00e0ria ha destacado su apuesta por la internacionalizaci\u00f3n como uno de los ejes principales de crecimiento empresarial y de ampliaci\u00f3n de su mercado y conf\u00eda dentro de estos planes en su expansi\u00f3n en el Caribe, en pa\u00edses como las Bahamas, Puerto Rico, Rep\u00fablica Dominicana o Cuba, as\u00ed como el norte de \u00c1frica. As\u00ed lo ha","og:url":"https:\/\/eldigitaldeasturias.com\/magazine365\/balearia-confia-en-obtener-pronto-la-autorizacion-para-un-fast-ferry-entre-florida-y-la-habana\/","og:image":"https:\/\/eldigitaldeasturias.com\/magazine365\/wp-content\/uploads\/2016\/06\/fotonoticia_20160615110415_800.jpg","og:image:secure_url":"https:\/\/eldigitaldeasturias.com\/magazine365\/wp-content\/uploads\/2016\/06\/fotonoticia_20160615110415_800.jpg","og:image:width":800,"og:image:height":267,"article:published_time":"2016-06-15T10:39:15+00:00","article:modified_time":"2016-06-15T10:39:15+00:00","twitter:card":"summary_large_image","twitter:title":"Bale\u00e0ria conf\u00eda en obtener pronto la autorizaci\u00f3n para un \u2018fast ferry\u2019 entre Florida y La Habana | El Digital de Asturias","twitter:description":"Bale\u00e0ria ha destacado su apuesta por la internacionalizaci\u00f3n como uno de los ejes principales de crecimiento empresarial y de ampliaci\u00f3n de su mercado y conf\u00eda dentro de estos planes en su expansi\u00f3n en el Caribe, en pa\u00edses como las Bahamas, Puerto Rico, Rep\u00fablica Dominicana o Cuba, as\u00ed como el norte de \u00c1frica. As\u00ed lo ha","twitter:image":"https:\/\/eldigitaldeasturias.com\/magazine365\/wp-content\/uploads\/2016\/06\/fotonoticia_20160615110415_800.jpg"},"aioseo_meta_data":{"post_id":"79394","title":null,"description":null,"keywords":null,"keyphrases":null,"primary_term":null,"canonical_url":null,"og_title":null,"og_description":null,"og_object_type":"default","og_image_type":"default","og_image_url":null,"og_image_width":null,"og_image_height":null,"og_image_custom_url":null,"og_image_custom_fields":null,"og_video":null,"og_custom_url":null,"og_article_section":null,"og_article_tags":null,"twitter_use_og":false,"twitter_card":"default","twitter_image_type":"default","twitter_image_url":null,"twitter_image_custom_url":null,"twitter_image_custom_fields":null,"twitter_title":null,"twitter_description":null,"schema":{"blockGraphs":[],"customGraphs":[],"default":{"data":{"Article":[],"Course":[],"Dataset":[],"FAQPage":[],"Movie":[],"Person":[],"Product":[],"ProductReview":[],"Car":[],"Recipe":[],"Service":[],"SoftwareApplication":[],"WebPage":[]},"graphName":"","isEnabled":true},"graphs":[],"defaultGraph":"","defaultPostTypeGraph":""},"schema_type":null,"schema_type_options":null,"pillar_content":false,"robots_default":true,"robots_noindex":false,"robots_noarchive":false,"robots_nosnippet":false,"robots_nofollow":false,"robots_noimageindex":false,"robots_noodp":false,"robots_notranslate":false,"robots_max_snippet":null,"robots_max_videopreview":null,"robots_max_imagepreview":"large","priority":null,"frequency":null,"location":null,"local_seo":null,"seo_analyzer_scan_date":"2025-09-27 18:49:22","breadcrumb_settings":null,"limit_modified_date":false,"open_ai":null,"ai":null,"created":"2021-03-08 17:49:06","updated":"2025-09-27 18:49:22"},"aioseo_breadcrumb":"<div class=\"aioseo-breadcrumbs\"><span class=\"aioseo-breadcrumb\">\n\t<a href=\"https:\/\/eldigitaldeasturias.com\/magazine365\" title=\"Home\">Home<\/a>\n<\/span><span class=\"aioseo-breadcrumb-separator\">\u2013<\/span><span class=\"aioseo-breadcrumb\">\n\t<a href=\"https:\/\/eldigitaldeasturias.com\/magazine365\/category\/noticias-actualidad\/\" title=\"Noticias y Actualidad\">Noticias y Actualidad<\/a>\n<\/span><span class=\"aioseo-breadcrumb-separator\">\u2013<\/span><span class=\"aioseo-breadcrumb\">\n\t<a href=\"https:\/\/eldigitaldeasturias.com\/magazine365\/balearia-confia-en-obtener-pronto-la-autorizacion-para-un-fast-ferry-entre-florida-y-la-habana\/\" title=\"Bale\u00e0ria conf\u00eda en obtener pronto la autorizaci\u00f3n para un \u2018fast ferry\u2019 entre Florida y La Habana\">Bale\u00e0ria conf\u00eda en obtener pronto la autorizaci\u00f3n para un \u2018fast ferry\u2019 entre Florida y La Habana<\/a>\n<\/span><\/div>","aioseo_breadcrumb_json":[{"label":"Home","link":"https:\/\/eldigitaldeasturias.com\/magazine365"},{"label":"Noticias y Actualidad","link":"https:\/\/eldigitaldeasturias.com\/magazine365\/category\/noticias-actualidad\/"},{"label":"Bale\u00e0ria conf\u00eda en obtener pronto la autorizaci\u00f3n para un &#8216;fast ferry&#8217; entre Florida y La Habana","link":"https:\/\/eldigitaldeasturias.com\/magazine365\/balearia-confia-en-obtener-pronto-la-autorizacion-para-un-fast-ferry-entre-florida-y-la-habana\/"}],"_links":{"self":[{"href":"https:\/\/eldigitaldeasturias.com\/magazine365\/wp-json\/wp\/v2\/posts\/79394","targetHints":{"allow":["GET"]}}],"collection":[{"href":"https:\/\/eldigitaldeasturias.com\/magazine365\/wp-json\/wp\/v2\/posts"}],"about":[{"href":"https:\/\/eldigitaldeasturias.com\/magazine365\/wp-json\/wp\/v2\/types\/post"}],"author":[{"embeddable":true,"href":"https:\/\/eldigitaldeasturias.com\/magazine365\/wp-json\/wp\/v2\/users\/1"}],"replies":[{"embeddable":true,"href":"https:\/\/eldigitaldeasturias.com\/magazine365\/wp-json\/wp\/v2\/comments?post=79394"}],"version-history":[{"count":0,"href":"https:\/\/eldigitaldeasturias.com\/magazine365\/wp-json\/wp\/v2\/posts\/79394\/revisions"}],"wp:featuredmedia":[{"embeddable":true,"href":"https:\/\/eldigitaldeasturias.com\/magazine365\/wp-json\/wp\/v2\/media\/79395"}],"wp:attachment":[{"href":"https:\/\/eldigitaldeasturias.com\/magazine365\/wp-json\/wp\/v2\/media?parent=79394"}],"wp:term":[{"taxonomy":"category","embeddable":true,"href":"https:\/\/eldigitaldeasturias.com\/magazine365\/wp-json\/wp\/v2\/categories?post=79394"},{"taxonomy":"post_tag","embeddable":true,"href":"https:\/\/eldigitaldeasturias.com\/magazine365\/wp-json\/wp\/v2\/tags?post=79394"}],"curies":[{"name":"wp","href":"https:\/\/api.w.org\/{rel}","templated":true}]}}