{"id":79388,"date":"2016-06-15T12:37:22","date_gmt":"2016-06-15T10:37:22","guid":{"rendered":"http:\/\/eldigitaldeasturias.com\/magazine365\/?p=79388"},"modified":"2016-06-15T12:37:22","modified_gmt":"2016-06-15T10:37:22","slug":"el-95-de-los-maquinistas-de-metro-de-madrid-secundan-los-paros-parciales","status":"publish","type":"post","link":"https:\/\/eldigitaldeasturias.com\/magazine365\/el-95-de-los-maquinistas-de-metro-de-madrid-secundan-los-paros-parciales\/","title":{"rendered":"El 95 % de los maquinistas de Metro de Madrid secundan los paros parciales"},"content":{"rendered":"<p><img fetchpriority=\"high\" decoding=\"async\" class=\"alignleft size-medium wp-image-79389\" src=\"https:\/\/eldigitaldeasturias.com\/magazine365\/wp-content\/uploads\/2016\/06\/fotonoticia_20160615105325_800-360x267.jpg\" alt=\"fotonoticia_20160615105325_800\" width=\"360\" height=\"267\" srcset=\"https:\/\/eldigitaldeasturias.com\/magazine365\/wp-content\/uploads\/2016\/06\/fotonoticia_20160615105325_800-360x267.jpg 360w, https:\/\/eldigitaldeasturias.com\/magazine365\/wp-content\/uploads\/2016\/06\/fotonoticia_20160615105325_800-650x483.jpg 650w, https:\/\/eldigitaldeasturias.com\/magazine365\/wp-content\/uploads\/2016\/06\/fotonoticia_20160615105325_800-768x570.jpg 768w, https:\/\/eldigitaldeasturias.com\/magazine365\/wp-content\/uploads\/2016\/06\/fotonoticia_20160615105325_800-150x111.jpg 150w, https:\/\/eldigitaldeasturias.com\/magazine365\/wp-content\/uploads\/2016\/06\/fotonoticia_20160615105325_800-450x334.jpg 450w, https:\/\/eldigitaldeasturias.com\/magazine365\/wp-content\/uploads\/2016\/06\/fotonoticia_20160615105325_800-338x250.jpg 338w, https:\/\/eldigitaldeasturias.com\/magazine365\/wp-content\/uploads\/2016\/06\/fotonoticia_20160615105325_800-90x67.jpg 90w, https:\/\/eldigitaldeasturias.com\/magazine365\/wp-content\/uploads\/2016\/06\/fotonoticia_20160615105325_800-100x75.jpg 100w, https:\/\/eldigitaldeasturias.com\/magazine365\/wp-content\/uploads\/2016\/06\/fotonoticia_20160615105325_800.jpg 800w\" sizes=\"(max-width: 360px) 100vw, 360px\" \/>El seguimiento del colectivo de conductores de los paros parciales convocados este mi\u00e9rcoles por la ma\u00f1ana ha sido aproximadamente del 95 por ciento seg\u00fan el Sindicato de Maquinistas mientras que Metro estima la participaci\u00f3n en un 93,3 por ciento.<\/p>\n<p>Este mi\u00e9rcoles ha tenido lugar de 6.05 horas a 9 horas la tercera jornada consecutiva de paros parciales, con unos servicios m\u00ednimos fijados del 64 por ciento.<\/p>\n<p>Desde Metro recalcan que se han cumplido los servicios m\u00ednimos establecidos y sin incidentes. Destacan la normalidad de la jornada, algo que ha favorecido tambi\u00e9n el que no se hayan celebrado hoy paros del colectivo de maquinistas en Renfe.<\/p>\n<p>Por otro lado, el Sindicato del Colectivo de Maquinistas explican a Europa Press que los conductores de nuevo ingreso no ten\u00edan m\u00ednimos y est\u00e1n en periodo de prueba no han secundado los paros.<\/p>\n","protected":false},"excerpt":{"rendered":"<p>El seguimiento del colectivo de conductores de los paros parciales convocados este mi\u00e9rcoles por la ma\u00f1ana ha sido aproximadamente del 95 por ciento seg\u00fan el Sindicato de Maquinistas mientras que Metro estima la participaci\u00f3n en un 93,3 por ciento. Este mi\u00e9rcoles ha tenido lugar de 6.05 horas a 9 horas la tercera jornada consecutiva de<\/p>\n","protected":false},"author":1,"featured_media":79389,"comment_status":"open","ping_status":"closed","sticky":false,"template":"","format":"standard","meta":{"footnotes":""},"categories":[224],"tags":[],"class_list":{"0":"post-79388","1":"post","2":"type-post","3":"status-publish","4":"format-standard","5":"has-post-thumbnail","7":"category-noticias-actualidad"},"aioseo_notices":[],"aioseo_head":"\n\t\t<!-- All in One SEO Pro 4.9.6.1 - aioseo.com -->\n\t<meta name=\"description\" content=\"El seguimiento del colectivo de conductores de los paros parciales convocados este mi\u00e9rcoles por la ma\u00f1ana ha sido aproximadamente del 95 por ciento seg\u00fan el Sindicato de Maquinistas mientras que Metro estima la participaci\u00f3n en un 93,3 por ciento. Este mi\u00e9rcoles ha tenido lugar de 6.05 horas a 9 horas la tercera jornada consecutiva de\" \/>\n\t<meta name=\"robots\" content=\"max-image-preview:large\" \/>\n\t<meta name=\"author\" content=\"admin\"\/>\n\t<meta name=\"google-site-verification\" content=\"UA-38556648-1\" \/>\n\t<meta name=\"keywords\" content=\"noticias y actualidad\" \/>\n\t<link rel=\"canonical\" href=\"https:\/\/eldigitaldeasturias.com\/magazine365\/el-95-de-los-maquinistas-de-metro-de-madrid-secundan-los-paros-parciales\/\" \/>\n\t<meta name=\"generator\" content=\"All in One SEO Pro (AIOSEO) 4.9.6.1\" \/>\n\t\t<meta property=\"og:locale\" content=\"es_ES\" \/>\n\t\t<meta property=\"og:site_name\" content=\"El Digital de Asturias \u2013 Revista de ocio, turismo y estilo de vida\" \/>\n\t\t<meta property=\"og:type\" content=\"article\" \/>\n\t\t<meta property=\"og:title\" content=\"El 95 % de los maquinistas de Metro de Madrid secundan los paros parciales | El Digital de Asturias\" \/>\n\t\t<meta property=\"og:description\" content=\"El seguimiento del colectivo de conductores de los paros parciales convocados este mi\u00e9rcoles por la ma\u00f1ana ha sido aproximadamente del 95 por ciento seg\u00fan el Sindicato de Maquinistas mientras que Metro estima la participaci\u00f3n en un 93,3 por ciento. Este mi\u00e9rcoles ha tenido lugar de 6.05 horas a 9 horas la tercera jornada consecutiva de\" \/>\n\t\t<meta property=\"og:url\" content=\"https:\/\/eldigitaldeasturias.com\/magazine365\/el-95-de-los-maquinistas-de-metro-de-madrid-secundan-los-paros-parciales\/\" \/>\n\t\t<meta property=\"og:image\" content=\"https:\/\/eldigitaldeasturias.com\/magazine365\/wp-content\/uploads\/2016\/06\/fotonoticia_20160615105325_800.jpg\" \/>\n\t\t<meta property=\"og:image:secure_url\" content=\"https:\/\/eldigitaldeasturias.com\/magazine365\/wp-content\/uploads\/2016\/06\/fotonoticia_20160615105325_800.jpg\" \/>\n\t\t<meta property=\"og:image:width\" content=\"800\" \/>\n\t\t<meta property=\"og:image:height\" content=\"594\" \/>\n\t\t<meta property=\"article:published_time\" content=\"2016-06-15T10:37:22+00:00\" \/>\n\t\t<meta property=\"article:modified_time\" content=\"2016-06-15T10:37:22+00:00\" \/>\n\t\t<meta name=\"twitter:card\" content=\"summary_large_image\" \/>\n\t\t<meta name=\"twitter:title\" content=\"El 95 % de los maquinistas de Metro de Madrid secundan los paros parciales | El Digital de Asturias\" \/>\n\t\t<meta name=\"twitter:description\" content=\"El seguimiento del colectivo de conductores de los paros parciales convocados este mi\u00e9rcoles por la ma\u00f1ana ha sido aproximadamente del 95 por ciento seg\u00fan el Sindicato de Maquinistas mientras que Metro estima la participaci\u00f3n en un 93,3 por ciento. Este mi\u00e9rcoles ha tenido lugar de 6.05 horas a 9 horas la tercera jornada consecutiva de\" \/>\n\t\t<meta name=\"twitter:image\" content=\"https:\/\/eldigitaldeasturias.com\/magazine365\/wp-content\/uploads\/2016\/06\/fotonoticia_20160615105325_800.jpg\" \/>\n\t\t<script type=\"application\/ld+json\" class=\"aioseo-schema\">\n\t\t\t{\"@context\":\"https:\\\/\\\/schema.org\",\"@graph\":[{\"@type\":\"Article\",\"@id\":\"https:\\\/\\\/eldigitaldeasturias.com\\\/magazine365\\\/el-95-de-los-maquinistas-de-metro-de-madrid-secundan-los-paros-parciales\\\/#article\",\"name\":\"El 95 % de los maquinistas de Metro de Madrid secundan los paros parciales | El Digital de Asturias\",\"headline\":\"El 95 % de los maquinistas de Metro de Madrid secundan los paros parciales\",\"author\":{\"@id\":\"https:\\\/\\\/eldigitaldeasturias.com\\\/magazine365\\\/author\\\/admin\\\/#author\"},\"publisher\":{\"@id\":\"https:\\\/\\\/eldigitaldeasturias.com\\\/magazine365\\\/#organization\"},\"image\":{\"@type\":\"ImageObject\",\"url\":\"https:\\\/\\\/eldigitaldeasturias.com\\\/magazine365\\\/wp-content\\\/uploads\\\/2016\\\/06\\\/fotonoticia_20160615105325_800.jpg\",\"width\":800,\"height\":594},\"datePublished\":\"2016-06-15T12:37:22+02:00\",\"dateModified\":\"2016-06-15T12:37:22+02:00\",\"inLanguage\":\"es-ES\",\"mainEntityOfPage\":{\"@id\":\"https:\\\/\\\/eldigitaldeasturias.com\\\/magazine365\\\/el-95-de-los-maquinistas-de-metro-de-madrid-secundan-los-paros-parciales\\\/#webpage\"},\"isPartOf\":{\"@id\":\"https:\\\/\\\/eldigitaldeasturias.com\\\/magazine365\\\/el-95-de-los-maquinistas-de-metro-de-madrid-secundan-los-paros-parciales\\\/#webpage\"},\"articleSection\":\"Noticias y Actualidad\"},{\"@type\":\"BreadcrumbList\",\"@id\":\"https:\\\/\\\/eldigitaldeasturias.com\\\/magazine365\\\/el-95-de-los-maquinistas-de-metro-de-madrid-secundan-los-paros-parciales\\\/#breadcrumblist\",\"itemListElement\":[{\"@type\":\"ListItem\",\"@id\":\"https:\\\/\\\/eldigitaldeasturias.com\\\/magazine365#listItem\",\"position\":1,\"name\":\"Home\",\"item\":\"https:\\\/\\\/eldigitaldeasturias.com\\\/magazine365\",\"nextItem\":{\"@type\":\"ListItem\",\"@id\":\"https:\\\/\\\/eldigitaldeasturias.com\\\/magazine365\\\/category\\\/noticias-actualidad\\\/#listItem\",\"name\":\"Noticias y Actualidad\"}},{\"@type\":\"ListItem\",\"@id\":\"https:\\\/\\\/eldigitaldeasturias.com\\\/magazine365\\\/category\\\/noticias-actualidad\\\/#listItem\",\"position\":2,\"name\":\"Noticias y Actualidad\",\"item\":\"https:\\\/\\\/eldigitaldeasturias.com\\\/magazine365\\\/category\\\/noticias-actualidad\\\/\",\"nextItem\":{\"@type\":\"ListItem\",\"@id\":\"https:\\\/\\\/eldigitaldeasturias.com\\\/magazine365\\\/el-95-de-los-maquinistas-de-metro-de-madrid-secundan-los-paros-parciales\\\/#listItem\",\"name\":\"El 95 % de los maquinistas de Metro de Madrid secundan los paros parciales\"},\"previousItem\":{\"@type\":\"ListItem\",\"@id\":\"https:\\\/\\\/eldigitaldeasturias.com\\\/magazine365#listItem\",\"name\":\"Home\"}},{\"@type\":\"ListItem\",\"@id\":\"https:\\\/\\\/eldigitaldeasturias.com\\\/magazine365\\\/el-95-de-los-maquinistas-de-metro-de-madrid-secundan-los-paros-parciales\\\/#listItem\",\"position\":3,\"name\":\"El 95 % de los maquinistas de Metro de Madrid secundan los paros parciales\",\"previousItem\":{\"@type\":\"ListItem\",\"@id\":\"https:\\\/\\\/eldigitaldeasturias.com\\\/magazine365\\\/category\\\/noticias-actualidad\\\/#listItem\",\"name\":\"Noticias y Actualidad\"}}]},{\"@type\":\"Organization\",\"@id\":\"https:\\\/\\\/eldigitaldeasturias.com\\\/magazine365\\\/#organization\",\"name\":\"El digital de Asturias\",\"description\":\"Revista de ocio, turismo y estilo de vida\",\"url\":\"https:\\\/\\\/eldigitaldeasturias.com\\\/magazine365\\\/\",\"logo\":{\"@type\":\"ImageObject\",\"url\":\"https:\\\/\\\/www.eldigitaldeasturias.com\\\/noticias\\\/wp-content\\\/uploads\\\/2020\\\/12\\\/EDA.jpg\",\"@id\":\"https:\\\/\\\/eldigitaldeasturias.com\\\/magazine365\\\/el-95-de-los-maquinistas-de-metro-de-madrid-secundan-los-paros-parciales\\\/#organizationLogo\"},\"image\":{\"@id\":\"https:\\\/\\\/eldigitaldeasturias.com\\\/magazine365\\\/el-95-de-los-maquinistas-de-metro-de-madrid-secundan-los-paros-parciales\\\/#organizationLogo\"}},{\"@type\":\"Person\",\"@id\":\"https:\\\/\\\/eldigitaldeasturias.com\\\/magazine365\\\/author\\\/admin\\\/#author\",\"url\":\"https:\\\/\\\/eldigitaldeasturias.com\\\/magazine365\\\/author\\\/admin\\\/\",\"name\":\"admin\",\"image\":{\"@type\":\"ImageObject\",\"@id\":\"https:\\\/\\\/eldigitaldeasturias.com\\\/magazine365\\\/el-95-de-los-maquinistas-de-metro-de-madrid-secundan-los-paros-parciales\\\/#authorImage\",\"url\":\"https:\\\/\\\/eldigitaldeasturias.com\\\/magazine365\\\/wp-content\\\/litespeed\\\/avatar\\\/e571bcf59a0edd6fa6838245a470f2fe.jpg?ver=1776969259\",\"width\":96,\"height\":96,\"caption\":\"admin\"}},{\"@type\":\"WebPage\",\"@id\":\"https:\\\/\\\/eldigitaldeasturias.com\\\/magazine365\\\/el-95-de-los-maquinistas-de-metro-de-madrid-secundan-los-paros-parciales\\\/#webpage\",\"url\":\"https:\\\/\\\/eldigitaldeasturias.com\\\/magazine365\\\/el-95-de-los-maquinistas-de-metro-de-madrid-secundan-los-paros-parciales\\\/\",\"name\":\"El 95 % de los maquinistas de Metro de Madrid secundan los paros parciales | El Digital de Asturias\",\"description\":\"El seguimiento del colectivo de conductores de los paros parciales convocados este mi\\u00e9rcoles por la ma\\u00f1ana ha sido aproximadamente del 95 por ciento seg\\u00fan el Sindicato de Maquinistas mientras que Metro estima la participaci\\u00f3n en un 93,3 por ciento. Este mi\\u00e9rcoles ha tenido lugar de 6.05 horas a 9 horas la tercera jornada consecutiva de\",\"inLanguage\":\"es-ES\",\"isPartOf\":{\"@id\":\"https:\\\/\\\/eldigitaldeasturias.com\\\/magazine365\\\/#website\"},\"breadcrumb\":{\"@id\":\"https:\\\/\\\/eldigitaldeasturias.com\\\/magazine365\\\/el-95-de-los-maquinistas-de-metro-de-madrid-secundan-los-paros-parciales\\\/#breadcrumblist\"},\"author\":{\"@id\":\"https:\\\/\\\/eldigitaldeasturias.com\\\/magazine365\\\/author\\\/admin\\\/#author\"},\"creator\":{\"@id\":\"https:\\\/\\\/eldigitaldeasturias.com\\\/magazine365\\\/author\\\/admin\\\/#author\"},\"image\":{\"@type\":\"ImageObject\",\"url\":\"https:\\\/\\\/eldigitaldeasturias.com\\\/magazine365\\\/wp-content\\\/uploads\\\/2016\\\/06\\\/fotonoticia_20160615105325_800.jpg\",\"@id\":\"https:\\\/\\\/eldigitaldeasturias.com\\\/magazine365\\\/el-95-de-los-maquinistas-de-metro-de-madrid-secundan-los-paros-parciales\\\/#mainImage\",\"width\":800,\"height\":594},\"primaryImageOfPage\":{\"@id\":\"https:\\\/\\\/eldigitaldeasturias.com\\\/magazine365\\\/el-95-de-los-maquinistas-de-metro-de-madrid-secundan-los-paros-parciales\\\/#mainImage\"},\"datePublished\":\"2016-06-15T12:37:22+02:00\",\"dateModified\":\"2016-06-15T12:37:22+02:00\"},{\"@type\":\"WebSite\",\"@id\":\"https:\\\/\\\/eldigitaldeasturias.com\\\/magazine365\\\/#website\",\"url\":\"https:\\\/\\\/eldigitaldeasturias.com\\\/magazine365\\\/\",\"name\":\"El Digital de Asturias\",\"description\":\"Revista de ocio, turismo y estilo de vida\",\"inLanguage\":\"es-ES\",\"publisher\":{\"@id\":\"https:\\\/\\\/eldigitaldeasturias.com\\\/magazine365\\\/#organization\"}}]}\n\t\t<\/script>\n\t\t<!-- All in One SEO Pro -->\r\n\t\t<title>El 95 % de los maquinistas de Metro de Madrid secundan los paros parciales | El Digital de Asturias<\/title>\n\n","aioseo_head_json":{"title":"El 95 % de los maquinistas de Metro de Madrid secundan los paros parciales | El Digital de Asturias","description":"El seguimiento del colectivo de conductores de los paros parciales convocados este mi\u00e9rcoles por la ma\u00f1ana ha sido aproximadamente del 95 por ciento seg\u00fan el Sindicato de Maquinistas mientras que Metro estima la participaci\u00f3n en un 93,3 por ciento. Este mi\u00e9rcoles ha tenido lugar de 6.05 horas a 9 horas la tercera jornada consecutiva de","canonical_url":"https:\/\/eldigitaldeasturias.com\/magazine365\/el-95-de-los-maquinistas-de-metro-de-madrid-secundan-los-paros-parciales\/","robots":"max-image-preview:large","keywords":"noticias y actualidad","webmasterTools":{"google-site-verification":"UA-38556648-1","miscellaneous":""},"schema":{"@context":"https:\/\/schema.org","@graph":[{"@type":"Article","@id":"https:\/\/eldigitaldeasturias.com\/magazine365\/el-95-de-los-maquinistas-de-metro-de-madrid-secundan-los-paros-parciales\/#article","name":"El 95 % de los maquinistas de Metro de Madrid secundan los paros parciales | El Digital de Asturias","headline":"El 95 % de los maquinistas de Metro de Madrid secundan los paros parciales","author":{"@id":"https:\/\/eldigitaldeasturias.com\/magazine365\/author\/admin\/#author"},"publisher":{"@id":"https:\/\/eldigitaldeasturias.com\/magazine365\/#organization"},"image":{"@type":"ImageObject","url":"https:\/\/eldigitaldeasturias.com\/magazine365\/wp-content\/uploads\/2016\/06\/fotonoticia_20160615105325_800.jpg","width":800,"height":594},"datePublished":"2016-06-15T12:37:22+02:00","dateModified":"2016-06-15T12:37:22+02:00","inLanguage":"es-ES","mainEntityOfPage":{"@id":"https:\/\/eldigitaldeasturias.com\/magazine365\/el-95-de-los-maquinistas-de-metro-de-madrid-secundan-los-paros-parciales\/#webpage"},"isPartOf":{"@id":"https:\/\/eldigitaldeasturias.com\/magazine365\/el-95-de-los-maquinistas-de-metro-de-madrid-secundan-los-paros-parciales\/#webpage"},"articleSection":"Noticias y Actualidad"},{"@type":"BreadcrumbList","@id":"https:\/\/eldigitaldeasturias.com\/magazine365\/el-95-de-los-maquinistas-de-metro-de-madrid-secundan-los-paros-parciales\/#breadcrumblist","itemListElement":[{"@type":"ListItem","@id":"https:\/\/eldigitaldeasturias.com\/magazine365#listItem","position":1,"name":"Home","item":"https:\/\/eldigitaldeasturias.com\/magazine365","nextItem":{"@type":"ListItem","@id":"https:\/\/eldigitaldeasturias.com\/magazine365\/category\/noticias-actualidad\/#listItem","name":"Noticias y Actualidad"}},{"@type":"ListItem","@id":"https:\/\/eldigitaldeasturias.com\/magazine365\/category\/noticias-actualidad\/#listItem","position":2,"name":"Noticias y Actualidad","item":"https:\/\/eldigitaldeasturias.com\/magazine365\/category\/noticias-actualidad\/","nextItem":{"@type":"ListItem","@id":"https:\/\/eldigitaldeasturias.com\/magazine365\/el-95-de-los-maquinistas-de-metro-de-madrid-secundan-los-paros-parciales\/#listItem","name":"El 95 % de los maquinistas de Metro de Madrid secundan los paros parciales"},"previousItem":{"@type":"ListItem","@id":"https:\/\/eldigitaldeasturias.com\/magazine365#listItem","name":"Home"}},{"@type":"ListItem","@id":"https:\/\/eldigitaldeasturias.com\/magazine365\/el-95-de-los-maquinistas-de-metro-de-madrid-secundan-los-paros-parciales\/#listItem","position":3,"name":"El 95 % de los maquinistas de Metro de Madrid secundan los paros parciales","previousItem":{"@type":"ListItem","@id":"https:\/\/eldigitaldeasturias.com\/magazine365\/category\/noticias-actualidad\/#listItem","name":"Noticias y Actualidad"}}]},{"@type":"Organization","@id":"https:\/\/eldigitaldeasturias.com\/magazine365\/#organization","name":"El digital de Asturias","description":"Revista de ocio, turismo y estilo de vida","url":"https:\/\/eldigitaldeasturias.com\/magazine365\/","logo":{"@type":"ImageObject","url":"https:\/\/www.eldigitaldeasturias.com\/noticias\/wp-content\/uploads\/2020\/12\/EDA.jpg","@id":"https:\/\/eldigitaldeasturias.com\/magazine365\/el-95-de-los-maquinistas-de-metro-de-madrid-secundan-los-paros-parciales\/#organizationLogo"},"image":{"@id":"https:\/\/eldigitaldeasturias.com\/magazine365\/el-95-de-los-maquinistas-de-metro-de-madrid-secundan-los-paros-parciales\/#organizationLogo"}},{"@type":"Person","@id":"https:\/\/eldigitaldeasturias.com\/magazine365\/author\/admin\/#author","url":"https:\/\/eldigitaldeasturias.com\/magazine365\/author\/admin\/","name":"admin","image":{"@type":"ImageObject","@id":"https:\/\/eldigitaldeasturias.com\/magazine365\/el-95-de-los-maquinistas-de-metro-de-madrid-secundan-los-paros-parciales\/#authorImage","url":"https:\/\/eldigitaldeasturias.com\/magazine365\/wp-content\/litespeed\/avatar\/e571bcf59a0edd6fa6838245a470f2fe.jpg?ver=1776969259","width":96,"height":96,"caption":"admin"}},{"@type":"WebPage","@id":"https:\/\/eldigitaldeasturias.com\/magazine365\/el-95-de-los-maquinistas-de-metro-de-madrid-secundan-los-paros-parciales\/#webpage","url":"https:\/\/eldigitaldeasturias.com\/magazine365\/el-95-de-los-maquinistas-de-metro-de-madrid-secundan-los-paros-parciales\/","name":"El 95 % de los maquinistas de Metro de Madrid secundan los paros parciales | El Digital de Asturias","description":"El seguimiento del colectivo de conductores de los paros parciales convocados este mi\u00e9rcoles por la ma\u00f1ana ha sido aproximadamente del 95 por ciento seg\u00fan el Sindicato de Maquinistas mientras que Metro estima la participaci\u00f3n en un 93,3 por ciento. Este mi\u00e9rcoles ha tenido lugar de 6.05 horas a 9 horas la tercera jornada consecutiva de","inLanguage":"es-ES","isPartOf":{"@id":"https:\/\/eldigitaldeasturias.com\/magazine365\/#website"},"breadcrumb":{"@id":"https:\/\/eldigitaldeasturias.com\/magazine365\/el-95-de-los-maquinistas-de-metro-de-madrid-secundan-los-paros-parciales\/#breadcrumblist"},"author":{"@id":"https:\/\/eldigitaldeasturias.com\/magazine365\/author\/admin\/#author"},"creator":{"@id":"https:\/\/eldigitaldeasturias.com\/magazine365\/author\/admin\/#author"},"image":{"@type":"ImageObject","url":"https:\/\/eldigitaldeasturias.com\/magazine365\/wp-content\/uploads\/2016\/06\/fotonoticia_20160615105325_800.jpg","@id":"https:\/\/eldigitaldeasturias.com\/magazine365\/el-95-de-los-maquinistas-de-metro-de-madrid-secundan-los-paros-parciales\/#mainImage","width":800,"height":594},"primaryImageOfPage":{"@id":"https:\/\/eldigitaldeasturias.com\/magazine365\/el-95-de-los-maquinistas-de-metro-de-madrid-secundan-los-paros-parciales\/#mainImage"},"datePublished":"2016-06-15T12:37:22+02:00","dateModified":"2016-06-15T12:37:22+02:00"},{"@type":"WebSite","@id":"https:\/\/eldigitaldeasturias.com\/magazine365\/#website","url":"https:\/\/eldigitaldeasturias.com\/magazine365\/","name":"El Digital de Asturias","description":"Revista de ocio, turismo y estilo de vida","inLanguage":"es-ES","publisher":{"@id":"https:\/\/eldigitaldeasturias.com\/magazine365\/#organization"}}]},"og:locale":"es_ES","og:site_name":"El Digital de Asturias \u2013 Revista de ocio, turismo y estilo de vida","og:type":"article","og:title":"El 95 % de los maquinistas de Metro de Madrid secundan los paros parciales | El Digital de Asturias","og:description":"El seguimiento del colectivo de conductores de los paros parciales convocados este mi\u00e9rcoles por la ma\u00f1ana ha sido aproximadamente del 95 por ciento seg\u00fan el Sindicato de Maquinistas mientras que Metro estima la participaci\u00f3n en un 93,3 por ciento. Este mi\u00e9rcoles ha tenido lugar de 6.05 horas a 9 horas la tercera jornada consecutiva de","og:url":"https:\/\/eldigitaldeasturias.com\/magazine365\/el-95-de-los-maquinistas-de-metro-de-madrid-secundan-los-paros-parciales\/","og:image":"https:\/\/eldigitaldeasturias.com\/magazine365\/wp-content\/uploads\/2016\/06\/fotonoticia_20160615105325_800.jpg","og:image:secure_url":"https:\/\/eldigitaldeasturias.com\/magazine365\/wp-content\/uploads\/2016\/06\/fotonoticia_20160615105325_800.jpg","og:image:width":800,"og:image:height":594,"article:published_time":"2016-06-15T10:37:22+00:00","article:modified_time":"2016-06-15T10:37:22+00:00","twitter:card":"summary_large_image","twitter:title":"El 95 % de los maquinistas de Metro de Madrid secundan los paros parciales | El Digital de Asturias","twitter:description":"El seguimiento del colectivo de conductores de los paros parciales convocados este mi\u00e9rcoles por la ma\u00f1ana ha sido aproximadamente del 95 por ciento seg\u00fan el Sindicato de Maquinistas mientras que Metro estima la participaci\u00f3n en un 93,3 por ciento. Este mi\u00e9rcoles ha tenido lugar de 6.05 horas a 9 horas la tercera jornada consecutiva de","twitter:image":"https:\/\/eldigitaldeasturias.com\/magazine365\/wp-content\/uploads\/2016\/06\/fotonoticia_20160615105325_800.jpg"},"aioseo_meta_data":{"post_id":"79388","title":null,"description":null,"keywords":null,"keyphrases":null,"primary_term":null,"canonical_url":null,"og_title":null,"og_description":null,"og_object_type":"default","og_image_type":"default","og_image_url":null,"og_image_width":null,"og_image_height":null,"og_image_custom_url":null,"og_image_custom_fields":null,"og_video":null,"og_custom_url":null,"og_article_section":null,"og_article_tags":null,"twitter_use_og":false,"twitter_card":"default","twitter_image_type":"default","twitter_image_url":null,"twitter_image_custom_url":null,"twitter_image_custom_fields":null,"twitter_title":null,"twitter_description":null,"schema":{"blockGraphs":[],"customGraphs":[],"default":{"data":{"Article":[],"Course":[],"Dataset":[],"FAQPage":[],"Movie":[],"Person":[],"Product":[],"ProductReview":[],"Car":[],"Recipe":[],"Service":[],"SoftwareApplication":[],"WebPage":[]},"graphName":"","isEnabled":true},"graphs":[],"defaultGraph":"","defaultPostTypeGraph":""},"schema_type":null,"schema_type_options":null,"pillar_content":false,"robots_default":true,"robots_noindex":false,"robots_noarchive":false,"robots_nosnippet":false,"robots_nofollow":false,"robots_noimageindex":false,"robots_noodp":false,"robots_notranslate":false,"robots_max_snippet":null,"robots_max_videopreview":null,"robots_max_imagepreview":"large","priority":null,"frequency":null,"location":null,"local_seo":null,"seo_analyzer_scan_date":"2025-09-27 18:49:19","breadcrumb_settings":null,"limit_modified_date":false,"open_ai":null,"ai":null,"created":"2021-03-08 17:49:06","updated":"2025-09-27 18:49:19"},"aioseo_breadcrumb":"<div class=\"aioseo-breadcrumbs\"><span class=\"aioseo-breadcrumb\">\n\t<a href=\"https:\/\/eldigitaldeasturias.com\/magazine365\" title=\"Home\">Home<\/a>\n<\/span><span class=\"aioseo-breadcrumb-separator\">\u2013<\/span><span class=\"aioseo-breadcrumb\">\n\t<a href=\"https:\/\/eldigitaldeasturias.com\/magazine365\/category\/noticias-actualidad\/\" title=\"Noticias y Actualidad\">Noticias y Actualidad<\/a>\n<\/span><span class=\"aioseo-breadcrumb-separator\">\u2013<\/span><span class=\"aioseo-breadcrumb\">\n\t<a href=\"https:\/\/eldigitaldeasturias.com\/magazine365\/el-95-de-los-maquinistas-de-metro-de-madrid-secundan-los-paros-parciales\/\" title=\"El 95 % de los maquinistas de Metro de Madrid secundan los paros parciales\">El 95 % de los maquinistas de Metro de Madrid secundan los paros parciales<\/a>\n<\/span><\/div>","aioseo_breadcrumb_json":[{"label":"Home","link":"https:\/\/eldigitaldeasturias.com\/magazine365"},{"label":"Noticias y Actualidad","link":"https:\/\/eldigitaldeasturias.com\/magazine365\/category\/noticias-actualidad\/"},{"label":"El 95 % de los maquinistas de Metro de Madrid secundan los paros parciales","link":"https:\/\/eldigitaldeasturias.com\/magazine365\/el-95-de-los-maquinistas-de-metro-de-madrid-secundan-los-paros-parciales\/"}],"_links":{"self":[{"href":"https:\/\/eldigitaldeasturias.com\/magazine365\/wp-json\/wp\/v2\/posts\/79388","targetHints":{"allow":["GET"]}}],"collection":[{"href":"https:\/\/eldigitaldeasturias.com\/magazine365\/wp-json\/wp\/v2\/posts"}],"about":[{"href":"https:\/\/eldigitaldeasturias.com\/magazine365\/wp-json\/wp\/v2\/types\/post"}],"author":[{"embeddable":true,"href":"https:\/\/eldigitaldeasturias.com\/magazine365\/wp-json\/wp\/v2\/users\/1"}],"replies":[{"embeddable":true,"href":"https:\/\/eldigitaldeasturias.com\/magazine365\/wp-json\/wp\/v2\/comments?post=79388"}],"version-history":[{"count":0,"href":"https:\/\/eldigitaldeasturias.com\/magazine365\/wp-json\/wp\/v2\/posts\/79388\/revisions"}],"wp:featuredmedia":[{"embeddable":true,"href":"https:\/\/eldigitaldeasturias.com\/magazine365\/wp-json\/wp\/v2\/media\/79389"}],"wp:attachment":[{"href":"https:\/\/eldigitaldeasturias.com\/magazine365\/wp-json\/wp\/v2\/media?parent=79388"}],"wp:term":[{"taxonomy":"category","embeddable":true,"href":"https:\/\/eldigitaldeasturias.com\/magazine365\/wp-json\/wp\/v2\/categories?post=79388"},{"taxonomy":"post_tag","embeddable":true,"href":"https:\/\/eldigitaldeasturias.com\/magazine365\/wp-json\/wp\/v2\/tags?post=79388"}],"curies":[{"name":"wp","href":"https:\/\/api.w.org\/{rel}","templated":true}]}}